{"id":2595128,"date":"2025-04-05T11:35:06","date_gmt":"2025-04-05T10:35:06","guid":{"rendered":"https:\/\/www.pressenza.com\/?p=2595128"},"modified":"2025-04-05T18:19:42","modified_gmt":"2025-04-05T17:19:42","slug":"les-armes-rendent-le-monde-plus-dangereux","status":"publish","type":"post","link":"https:\/\/www.pressenza.com\/fr\/2025\/04\/les-armes-rendent-le-monde-plus-dangereux\/","title":{"rendered":"Les armes rendent le monde plus dangereux"},"content":{"rendered":"<h3><strong>Stop \u00e0 l\u2019augmentation des d\u00e9penses militaires et \u00e0 la militarisation de nos soci\u00e9t\u00e9s<\/strong><\/h3>\n<p>Le g\u00e9nocide \u00e0 Gaza, la guerre en Ukraine, au Congo, au Soudan et tous les nombreux autres conflits arm\u00e9s mettent le syst\u00e8me international sous tr\u00e8s forte pression. La guerre est une horreur et la recherche de solutions est essentielle. Le gouvernement belge n\u2019envisage qu&rsquo;une seule option : plus d&rsquo;armes et plus de d\u00e9penses militaires (voir l\u2019analyse du mouvement de la paix qui accompagne ce manifeste). Mais l&rsquo;histoire montre que cela ne m\u00e8ne pas \u00e0 la paix, ni ne permet de garantir la \u00ab s\u00e9curit\u00e9 \u00bb.<\/p>\n<p>Les probl\u00e8mes de s\u00e9curit\u00e9 internationale sont enracin\u00e9s dans les bouleversements socio-\u00e9conomiques et environnementaux, le pillage et l&rsquo;exploitation ou sont les cons\u00e9quences d&rsquo;un manque de diplomatie et de m\u00e9canismes multilat\u00e9raux de s\u00e9curit\u00e9 collective.<\/p>\n<p>R\u00e9duire la s\u00e9curit\u00e9 \u00e0 une question d&rsquo;armement et de confrontation militaire pr\u00e9sente d\u2019\u00e9normes dangers. La militarisation toujours plus soutenue de la sc\u00e8ne internationale emp\u00eache la coop\u00e9ration multilat\u00e9rale, pourtant indispensable si l\u2019on veut s\u2019attaquer aux probl\u00e9matiques mondiales urgentes, dont la pauvret\u00e9, la faim, le logement, le d\u00e9r\u00e8glement climatique, le g\u00e9nocide, les conflits arm\u00e9s ou la menace nucl\u00e9aire. L\u2019augmentation continue des d\u00e9penses militaires s\u2019organise au d\u00e9triment des ressources n\u00e9cessaires aux m\u00e9canismes qui assurent r\u00e9ellement la s\u00e9curit\u00e9 des individus et de la plan\u00e8te.<\/p>\n<p>Une architecture de s\u00e9curit\u00e9 inclusive, qui accorde une place centrale \u00e0 la diplomatie, au d\u00e9sarmement, \u00e0 la justice sociale et \u00e0 la durabilit\u00e9 environnementale doit \u00eatre au c\u0153ur de notre approche visant \u00e0 assurer la paix et la s\u00e9curit\u00e9. Nous appelons le gouvernement \u00e0 r\u00e9viser en profondeur l&rsquo;accord de coalition dans ce sens.<\/p>\n<p style=\"padding-left: 40px;\"><strong>1. Pour une soci\u00e9t\u00e9 en s\u00e9curit\u00e9, pas d&rsquo;augmentation des d\u00e9penses militaires<\/strong><\/p>\n<p><img loading=\"lazy\" decoding=\"async\" class=\" wp-image-2595142 alignleft\" src=\"https:\/\/www.pressenza.com\/wp-content\/uploads\/2025\/04\/Manif_Bruxelles_02_800x600.jpg\" alt=\"\" width=\"428\" height=\"321\" srcset=\"https:\/\/www.pressenza.com\/wp-content\/uploads\/2025\/04\/Manif_Bruxelles_02_800x600.jpg 800w, https:\/\/www.pressenza.com\/wp-content\/uploads\/2025\/04\/Manif_Bruxelles_02_800x600-300x225.jpg 300w\" sizes=\"auto, (max-width: 428px) 100vw, 428px\" \/>Le budget militaire belge a doubl\u00e9 entre 2017 et 2024, passant de 3,9 milliards d&rsquo;euros \u00e0 7,9 milliards d&rsquo;euros. Il a b\u00e9n\u00e9fici\u00e9 de deux cycles de \u00ab recapitalisation \u00bb avec des injections financi\u00e8res de 9,2 milliards (gouvernement Michel, 2019) et 10,2 milliards (gouvernement De Croo, 2022). Pourtant, et malgr\u00e9 la p\u00e9riode d\u2019aust\u00e9rit\u00e9 budg\u00e9taire annonc\u00e9e pour cette l\u00e9gislature, le gouvernement Arizona souhaite encore augmenter les d\u00e9penses militaires de la Belgique \u00e0 2 % du PIB d&rsquo;ici 2029 et 2,5 % d&rsquo;ici 2034. Entre-temps, le gouvernement semble m\u00eame vouloir acc\u00e9l\u00e9rer ses ambitions pour atteindre l&rsquo;objectif de 2 % d\u00e9j\u00e0 en 2025. Cela correspond \u00e0 une augmentation de 4,5 milliards d&rsquo;euros du budget annuel de l\u2019arm\u00e9e belge. L\u2019\u00e9quivalent de ce qu\u2019on annonce comme \u00e9conomie sur les d\u00e9penses sociales et les services publics durant cette l\u00e9gislature.<\/p>\n<p>Toutefois, selon le secr\u00e9taire g\u00e9n\u00e9ral de l&rsquo;OTAN, cela reste insuffisant. Il appelle \u00e0 ce que les d\u00e9penses en mati\u00e8re d&rsquo;\u00e9ducation, de sant\u00e9 et de pensions soient encore r\u00e9duites au profit des budgets militaires. Dans la perspective de son sommet en juin 2025, l\u2019OTAN envisage ainsi d\u2019augmenter la \u00ab norme budg\u00e9taire \u00bb \u00e0 au moins 3 %. <img loading=\"lazy\" decoding=\"async\" class=\"wp-image-2595162 alignleft\" src=\"https:\/\/www.pressenza.com\/wp-content\/uploads\/2025\/04\/Manif_Bruxelles_04_800x600.jpg\" alt=\"\" width=\"407\" height=\"305\" srcset=\"https:\/\/www.pressenza.com\/wp-content\/uploads\/2025\/04\/Manif_Bruxelles_04_800x600.jpg 800w, https:\/\/www.pressenza.com\/wp-content\/uploads\/2025\/04\/Manif_Bruxelles_04_800x600-300x225.jpg 300w\" sizes=\"auto, (max-width: 407px) 100vw, 407px\" \/><img loading=\"lazy\" decoding=\"async\" class=\"wp-image-2595161 alignright\" src=\"https:\/\/www.pressenza.com\/wp-content\/uploads\/2025\/04\/Manif_Bruxelles_03_800x600.jpg\" alt=\"\" width=\"234\" height=\"305\" srcset=\"https:\/\/www.pressenza.com\/wp-content\/uploads\/2025\/04\/Manif_Bruxelles_03_800x600.jpg 615w, https:\/\/www.pressenza.com\/wp-content\/uploads\/2025\/04\/Manif_Bruxelles_03_800x600-231x300.jpg 231w\" sizes=\"auto, (max-width: 234px) 100vw, 234px\" \/>Officiellement, cette nouvelle \u00ab n\u00e9cessit\u00e9 \u00bb se fait sentir \u00e0 cause de la \u00ab menace russe \u00bb. Or, aujourd&rsquo;hui d\u00e9j\u00e0, les d\u00e9penses militaires de la Russie repr\u00e9sentent \u00e0 peine 10 % de celles des \u00c9tats membres de l&rsquo;OTAN, et \u00e0 peine \u2153 de ce que les pays europ\u00e9ens d\u00e9pensent pour leurs arm\u00e9es, alors que la Russie est emp\u00eatr\u00e9e dans le bourbier de la guerre en Ukraine. La possibilit\u00e9 que la Russie s&rsquo;engage dans une confrontation militaire avec un \u00c9tat membre de l&rsquo;OTAN est tr\u00e8s largement contestable et ne permet pas de l\u00e9gitimer cette militarisation continue.<br \/>\nNous demandons instamment de r\u00e9allouer les investissements envisag\u00e9s vers la s\u00e9curit\u00e9 sociale, les services publics, la solidarit\u00e9 internationale, la lutte contre le d\u00e9r\u00e8glement du climat ou l&rsquo;accueil des r\u00e9fugi\u00e9s. Vers tous les m\u00e9canismes qui participent effectivement et r\u00e9ellement \u00e0 la s\u00e9curit\u00e9 humaine.<\/p>\n<p style=\"padding-left: 40px;\"><strong>2. Pas de vente d&rsquo;actifs publics au profit de l&rsquo;industrie militaire<\/strong><\/p>\n<p>Le gouvernement pr\u00e9voit de puiser une part significative des ressources destin\u00e9es \u00e0 l&rsquo;augmentation du budget de l\u2019arm\u00e9e dans un nouveau \u00ab fonds pour la d\u00e9fense \u00bb \u00e0 cr\u00e9er. Celui-ci serait aliment\u00e9 par la vente d\u2019actifs publics. En pratique, cela signifie que les fonds issus de biens publics seraient inject\u00e9s dans l&rsquo;industrie de l&rsquo;armement et dans l&rsquo;achat de mat\u00e9riel de guerre, y compris des avions de chasse suppl\u00e9mentaires et une troisi\u00e8me fr\u00e9gate.<\/p>\n<p>Nous nous opposons \u00e0 la privatisation des ressources collectives au profit du complexe militaro-industriel et rappelons qu\u2019il est illusoire de croire que plus d&rsquo;armes garantira plus de s\u00e9curit\u00e9.<\/p>\n<p style=\"padding-left: 40px;\"><strong>3. Diplomatie, d\u00e9sescalade et garanties mutuelles de s\u00e9curit\u00e9<\/strong><\/p>\n<p>Nous rejetons un ordre mondial fond\u00e9 sur les rivalit\u00e9s entre blocs de puissance visant la domination g\u00e9ostrat\u00e9gique.<\/p>\n<p>La fin de la guerre en Ukraine peut ouvrir la voie \u00e0 une nouvelle prise de conscience de la n\u00e9cessit\u00e9 d&rsquo;investir dans un syst\u00e8me de s\u00e9curit\u00e9 inclusif, bas\u00e9 sur le principe que la s\u00e9curit\u00e9 ne peut \u00eatre recherch\u00e9e au d\u00e9triment des autres. La Belgique peut jouer un r\u00f4le proactif dans l\u2019\u00e9tablissement d\u2019un accord de paix avec la Russie bas\u00e9 sur le respect du droit international, les int\u00e9r\u00eats de s\u00e9curit\u00e9 mutuels et le d\u00e9sarmement. La diplomatie et la d\u00e9sescalade constituent les matrices d\u2019une paix durable.<\/p>\n<p>Il est imp\u00e9ratif de poursuivre une politique volontariste qui vise \u00e0 pr\u00e9server et \u00e0 renforcer le syst\u00e8me multilat\u00e9ral, le droit international et les droits humains.<\/p>\n<p style=\"padding-left: 40px;\"><strong>4. Les armes nucl\u00e9aires hors de Belgique<\/strong><\/p>\n<p>La guerre en Ukraine a \u00e0 nouveau rendu perceptible le danger d&rsquo;une confrontation nucl\u00e9aire. Il est inacceptable que le gouvernement refuse de confirmer officiellement la pr\u00e9sence d&rsquo;armes nucl\u00e9aires \u00e9tatsuniennes sur le territoire belge et refuse de communiquer sur le d\u00e9ploiement r\u00e9cent de nouvelles bombes nucl\u00e9aires B61-12 dans notre pays. Ces armes nucl\u00e9aires font de notre pays une cible et augmentent l&rsquo;ins\u00e9curit\u00e9. Pour les d\u00e9ployer, notre pays a en outre command\u00e9 34 avions de combat F-35 \u00e0 un co\u00fbt exorbitant. Le gouvernement doit mettre fin au secret et permettre un d\u00e9bat transparent. Nous voulons que ces armes de destruction massive quittent notre territoire. Le gouvernement peut prendre l&rsquo;initiative pour une Europe et un monde d\u00e9nucl\u00e9aris\u00e9. La Belgique devrait adh\u00e9rer au Trait\u00e9 d&rsquo;interdiction des armes nucl\u00e9aires.<\/p>\n<p style=\"padding-left: 40px;\"><strong>5. Une culture militariste n&rsquo;est pas une culture de la s\u00e9curit\u00e9<\/strong><\/p>\n<p>Pour convaincre la population d\u2019accepter l&rsquo;augmentation des d\u00e9penses militaires et la militarisation, le gouvernement entend d\u00e9velopper \u00ab une approche pansoci\u00e9tale \u00bb, pour sensibiliser \u00ab l\u2019ensemble de la soci\u00e9t\u00e9 \u00e0 une nouvelle culture de la s\u00e9curit\u00e9 \u00bb. En d&rsquo;autres termes, il tente d&rsquo;effrayer la communaut\u00e9. Or, la culture militaris\u00e9e de la s\u00e9curit\u00e9 ne permet pas \u00e0 une soci\u00e9t\u00e9 de comprendre ou de relever les d\u00e9fis majeurs auxquels l&rsquo;humanit\u00e9 est confront\u00e9e. Nous appelons \u00e0 la promotion active des droits humains, de la d\u00e9mocratie et de la justice &#8211; en bref, \u00e0 la promotion d&rsquo;une culture de la paix, dans laquelle l&rsquo;\u00e9ducation occupe un r\u00f4le central.<\/p>\n<p>&nbsp;<\/p>\n<h3><strong>Annexes<\/strong><\/h3>\n<p><b>Note d\u2019analyse sur les d\u00e9penses militaires de l\u2019Arizona<\/b><\/p>\n<p>Le nouveau gouvernement <i>Arizona <\/i>nous promet une l\u00e9gislature d\u2019aust\u00e9rit\u00e9 budg\u00e9taire. Il rappelle les \u00e9conomies \u00e0 engager pour respecter le cadre budg\u00e9taire europ\u00e9en qui se situent, d\u2019apr\u00e8s la Commission europ\u00e9enne, entre 22 et 30 milliards pour les 5 prochaines ann\u00e9es. Entre 4,5 et 6 milliards par an, donc. Selon les tableaux budg\u00e9taires accompagnant l&rsquo;accord de coalition, 23,3 milliards d&rsquo;euros seront \u00e9conomis\u00e9s durant cette l\u00e9gislature. Une grande partie de cette somme sera trouv\u00e9e en r\u00e9duisant les d\u00e9penses sociales (7,9 milliards) et le budget des services publics (5,2 milliards). Des nouvelles recettes sont envisag\u00e9es pour 2,3 milliards, tandis que le gouvernement table sur des \u00ab\u00a0effets retour\u00a0\u00bb d\u2019investissements \u00e0 hauteur de 7,9 milliards.<\/p>\n<p>Un poste budg\u00e9taire, quasiment le seul, va pourtant continuer \u00e0 augmenter en fl\u00e8che\u00a0: celui des d\u00e9penses militaires. Une augmentation qui se fera donc au d\u00e9triment d\u2019autres services publics, pourtant essentiels \u00e0 la s\u00e9curit\u00e9 quotidienne des citoyennes et des citoyens belges et \u00e0 celle de la plan\u00e8te. Des d\u00e9penses qui vont augmenter l\u2019instabilit\u00e9 et l\u2019ins\u00e9curit\u00e9 internationales.<\/p>\n<p>Ainsi, l\u2019\u00e9tat des d\u00e9penses publiques et le d\u00e9ficit jug\u00e9 excessif de la Belgique justifient la d\u00e9gressivit\u00e9 des allocations de ch\u00f4mage, le plafonnement des aides sociales, la non-indexation du budget des soins de sant\u00e9, la \u00ab\u00a0flexibilisation\u00a0\u00bb accrue du march\u00e9 du travail, les am\u00e9nagements des fins de carri\u00e8re et des niveaux de pension, les \u00e9conomies drastiques dans la politique d\u2019accueil des demandeurs et demandeuses d\u2019asile, le rabotement d\u2019un quart du budget de la coop\u00e9ration au d\u00e9veloppement, l\u2019inexistence d\u2019une politique d\u2019adaptation et d\u2019att\u00e9nuation au d\u00e9r\u00e8glement climatique, etc.<\/p>\n<p>Mais malgr\u00e9 l\u2019\u00e9tat d\u00e9nonc\u00e9 des d\u00e9penses publiques, et malgr\u00e9 la violence des r\u00e9ponses envisag\u00e9es par l\u2019Arizona pour y rem\u00e9dier, le gouvernement pr\u00e9voit d\u2019augmenter le budget militaire de 4,5 milliards d&rsquo;euros (calcul\u00e9 sur la base du PIB 2024 de la Belgique, soit 2% de 622 milliards d&rsquo;euros).<\/p>\n<p>La \u00ab\u00a0d\u00e9fense\u00a0\u00bb n\u2019est pas une \u00ab\u00a0variable d\u2019ajustement budg\u00e9taire\u00a0\u00bb<\/p>\n<p>Les chiffres de l\u2019OTAN nous rappellent que les d\u00e9penses militaires de la Belgique grimpent en fl\u00e8che sans discontinuer depuis 2015. La crise sanitaire li\u00e9e \u00e0 la Covid-19 et la crise \u00e9nerg\u00e9tique qui a suivi n\u2019ont absolument pas frein\u00e9 les ardeurs militaristes de nos repr\u00e9sentant.e.s politiques.<\/p>\n<p>En 2014, alors qu\u2019il \u00e9tait le Premier ministre d\u2019un gouvernement en affaires courantes, Elio Di Rupo s\u2019est engag\u00e9 aupr\u00e8s de l\u2019OTAN \u00e0 ce que la Belgique consacre 2% de son PIB aux d\u00e9penses militaires. 20% de ces d\u00e9penses devant obligatoirement \u00eatre allou\u00e9s \u00e0 l\u2019achat de mat\u00e9riel de guerre. \u00c0 ce moment, la Belgique consacrait un peu plus d\u20191% de son PIB \u00e0 la \u00ab\u00a0d\u00e9fense\u00a0\u00bb.<\/p>\n<p>Sous le gouvernement de Charles Michel, le budget militaire de la Belgique a \u00e9t\u00e9 largement augment\u00e9. Un ensemble d\u2019achats militaires a \u00e9t\u00e9 d\u00e9cid\u00e9 et coul\u00e9 dans une \u00ab\u00a0loi de programmation militaire\u00a0\u00bb. Le gouvernement contracte alors pour 9,2 milliards d\u2019euros d\u2019achat de mat\u00e9riels. Parmi ceux-ci, 34 avions chasseurs-bombardiers F35 \u00e0 capacit\u00e9 d\u2019emport nucl\u00e9aire, pour un montant de plus de 4 milliards d\u2019euros.<\/p>\n<p>Le gouvernement d\u2019Alexander De Croo n\u2019est pas en reste puisqu\u2019il d\u00e9cide, en juin 2022, de baliser l&rsquo;accroissement du budget de l\u2019arm\u00e9e belge \u00e0 1,54% du PIB \u00e0 l&rsquo;horizon 2030. Cela signifie une augmentation d\u2019environ 2,5 milliards d\u2019euros suppl\u00e9mentaires. Dans cette augmentation du budget militaire d\u00e9cid\u00e9e par le gouvernement De Croo, de nouveaux investissements sont ent\u00e9rin\u00e9s comme \u00ab\u00a0actualisation de la loi de programmation militaire\u00a0\u00bb, pour 10,2 milliards d\u2019euros\u00a0! Toutes ces d\u00e9cisions p\u00e8seront sur les d\u00e9penses publiques du prochain gouvernement, comme le montre le tableau suivant.<\/p>\n<p><img loading=\"lazy\" decoding=\"async\" class=\"alignnone wp-image-2595165\" src=\"https:\/\/www.pressenza.com\/wp-content\/uploads\/2025\/04\/depenses_gouv_BE-820x42.png\" alt=\"\" width=\"820\" height=\"42\" srcset=\"https:\/\/www.pressenza.com\/wp-content\/uploads\/2025\/04\/depenses_gouv_BE-820x42.png 820w, https:\/\/www.pressenza.com\/wp-content\/uploads\/2025\/04\/depenses_gouv_BE-300x15.png 300w, https:\/\/www.pressenza.com\/wp-content\/uploads\/2025\/04\/depenses_gouv_BE.png 951w\" sizes=\"auto, (max-width: 820px) 100vw, 820px\" \/><\/p>\n<p>Le gouvernement Arizona entend prolonger et accentuer l\u2019escalade. Il veut atteindre les 2% du PIB consacr\u00e9s aux d\u00e9penses militaires d\u2019ici la fin de la l\u00e9gislature. Si l\u2019on consid\u00e8re modestement une croissance \u00e9conomique d\u20191,2%, cela correspond \u00e0 une nouvelle augmentation de 5,5 \u00e0 6 milliards d\u2019euros (pour atteindre 13,7 milliards)\u00a0en 2029 ! Le gouvernement annonce \u00e9galement vouloir p\u00e9renniser cette trajectoire apr\u00e8s cette l\u00e9gislature en engageant la Belgique \u00e0 consacrer 2,5% du PIB national dans les d\u00e9penses militaires en 2034. Le budget de l\u2019arm\u00e9e atteindrait alors plus de 18 milliards d\u2019euros.<\/p>\n<p>Entre-temps, le ministre de la D\u00e9fense Theo Francken plaide (manifestement soutenu par les autres membres du gouvernement) pour que le budget militaire atteigne 2 % d\u00e8s cette ann\u00e9e\u00a0! Ce projet ferait donc grimper le plan d&rsquo;investissement militaire \u00e0 17,2 milliards durant cette l\u00e9gislature. Comme l\u2019a d\u00e9clar\u00e9 le ministre du Budget Van Peteghem, cela n\u00e9cessitera des \u00ab efforts suppl\u00e9mentaires \u00bb. Ceci \u00e9tant, le plan \u00ab ReArm Europe \u00bb annonc\u00e9 par la pr\u00e9sidente de la Commission europ\u00e9enne Ursula Von der Leyen en mars 2025 pr\u00e9voit une \u00ab clause de sauvegarde nationale \u00bb budg\u00e9taire qui exclurait les d\u00e9penses militaires suppl\u00e9mentaires des r\u00e8gles budg\u00e9taires europ\u00e9ennes. Selon ce plan, 650 milliards d&rsquo;euros pourraient \u00eatre lib\u00e9r\u00e9s dans les ann\u00e9es \u00e0 venir si chaque pays augmentait ses d\u00e9penses militaires d\u20191,5 % du PIB. Ce plan pr\u00e9voit \u00e9galement 150 milliards d&rsquo;euros de pr\u00eats pour les achats de mat\u00e9riel militaire.<\/p>\n<p><img loading=\"lazy\" decoding=\"async\" class=\"wp-image-2595167 alignleft\" src=\"https:\/\/www.pressenza.com\/wp-content\/uploads\/2025\/04\/Manif_Bruxelles_06_800x600-820x415.jpg\" alt=\"\" width=\"607\" height=\"307\" srcset=\"https:\/\/www.pressenza.com\/wp-content\/uploads\/2025\/04\/Manif_Bruxelles_06_800x600-820x415.jpg 820w, https:\/\/www.pressenza.com\/wp-content\/uploads\/2025\/04\/Manif_Bruxelles_06_800x600-300x152.jpg 300w, https:\/\/www.pressenza.com\/wp-content\/uploads\/2025\/04\/Manif_Bruxelles_06_800x600.jpg 875w\" sizes=\"auto, (max-width: 607px) 100vw, 607px\" \/><\/p>\n<p><u>La \u00ab\u00a0norme OTAN\u00a0\u00bb\u00a0: <em>Attrape-moi si tu peux<\/em><\/u><\/p>\n<p>Dix ans nous s\u00e9parent de l\u2019engagement pris par le gouvernement Di Rupo de consacrer 2% aux d\u00e9penses militaires. P\u00e9riode durant laquelle cet \u00ab objectif \u00bb des 2% a \u00e9t\u00e9 maintes fois sermonn\u00e9, en\u00a0Belgique et au niveau de l\u2019OTAN. Sans aucune pr\u00e9cision sur les raisons qui ont pouss\u00e9 \u00e0 fixer un tel niveau, sinon la \u00ab\u00a0menace russe\u00a0\u00bb.<\/p>\n<p>La guerre en Ukraine a acc\u00e9l\u00e9r\u00e9 le processus. Alors que 7 pays membres de l\u2019OTAN atteignaient effectivement la \u00ab\u00a0norme OTAN\u00a0\u00bb des 2% en 2022, ils sont 23 en 2024.<\/p>\n<p>Notons que le fait de pr\u00e9senter les enjeux sous forme de pourcentage du PIB est trompeur. S\u2019il permet de dire aux d\u00e9fenseurs d\u2019une militarisation plus pouss\u00e9e que \u00ab\u00a0<em>seuls 3 pays de l\u2019OTAN font pire que la Belgique<\/em>\u00a0\u00bb, le niveau du budget militaire de notre pays (7,9 milliards d\u2019euros actuellement) le situe exactement au milieu de l\u2019ensemble des membres (15<sup>e<\/sup> sur 31). Si l\u2019on prend les d\u00e9penses militaires par habitant (585$\/hab en 2024, chiffres OTAN), la Belgique se classe m\u00eame \u00e0 la 14<sup>e <\/sup>place.<\/p>\n<p>Maintenant que l\u2019objectif des 2% est atteint par la grande majorit\u00e9 des pays membres de l\u2019OTAN (et en passe de l\u2019\u00eatre pour la presque totalit\u00e9 des autres), le \u00ab\u00a0norme\u00a0\u00bb des 2% devient explicitement toute relative. Ainsi, les r\u00e9centes d\u00e9clarations du secr\u00e9taire g\u00e9n\u00e9ral de l\u2019OTAN, Mark Rutte, soulignent la volont\u00e9 de proposer de relever cette \u00ab\u00a0norme\u00a0\u00bb lors du prochain sommet de l\u2019OTAN, en juin 2025 \u00e0 La Haye. Le nouvel objectif propos\u00e9 laisse sans voix\u00a0: 3,6%. De son c\u00f4t\u00e9, Donald Trump a d\u00e9clar\u00e9 le 07 janvier 2025, que les pays membres de l&rsquo;OTAN devaient accro\u00eetre leurs budgets de d\u00e9fense \u00e0 5% de leur PIB\u00a0!<\/p>\n<p>On le voit, cette \u00ab\u00a0norme OTAN\u00a0\u00bb est une chim\u00e8re qui continuera inexorablement de nous \u00e9chapper d\u00e8s qu\u2019on s\u2019en approchera. C\u2019est un trou noir duquel il est urgent de sortir.<\/p>\n<p><u>Les d\u00e9penses militaires plus importantes qu\u2019une s\u00e9curit\u00e9 sociale optimale\u00a0? Pour acheter quoi ?<\/u><\/p>\n<p>Comme signal\u00e9 plus haut, la Belgique s\u2019est engag\u00e9e \u00e0 allouer 20% de son budget militaire aux achats de mat\u00e9riel de guerre. Le gouvernement Arizona pr\u00e9sente sa liste de course. Et elle fait froid dans le dos\u00a0: F35 suppl\u00e9mentaires, syst\u00e8me de d\u00e9fense anti-a\u00e9rienne, avions de transport suppl\u00e9mentaires, armement et extension de la flotte de drones, flotte d\u2019h\u00e9licopt\u00e8res op\u00e9rationnelle, troisi\u00e8me fr\u00e9gate ou encore renforcement de la brigade motoris\u00e9e (et la cr\u00e9ation, \u00e0 terme, d\u2019une deuxi\u00e8me brigade compl\u00e8te).<\/p>\n<p><u>Le cercle vicieux de la militarisation<\/u><\/p>\n<p>Lorsqu\u2019un pays ou une alliance militaire accumule les moyens militaires pour augmenter son sentiment subjectif de s\u00e9curit\u00e9 et projeter sa puissance sur la sc\u00e8ne internationale, elle diminue m\u00e9caniquement la s\u00e9curit\u00e9 de tous ses voisins\u00a0: c\u2019est ce que l\u2019on appelle le <em>dilemme de s\u00e9curit\u00e9<\/em>.<\/p>\n<p>En accumulant de la puissance pour (officiellement, voir plus loin) dissuader toute agression potentielle, le risque est grand que\u00a0les mesures prises par les uns provoquent des contre-mesures chez les autres, avec pour r\u00e9sultat qu\u2019un suppl\u00e9ment de puissance s\u2019av\u00e8re finalement contre-productif, diminue notre sentiment subjectif de s\u00e9curit\u00e9 et justifie de nouvelles d\u00e9penses militaires. Le serpent qui se mord la queue. Un cercle sans fin.<\/p>\n<p>Il faut pourtant prendre conscience que l\u2019Europe est d\u00e9j\u00e0 surarm\u00e9e. Ainsi, d\u2019apr\u00e8s le SIPRI, les importations d&rsquo;armes par les \u00c9tats europ\u00e9ens membres de l&rsquo;OTAN ont plus que doubl\u00e9 au cours de la p\u00e9riode 2020-2024 par rapport \u00e0 la p\u00e9riode 2015-2019 (+105%). L&rsquo;OTAN rappelle de son c\u00f4t\u00e9 que les achats d&rsquo;\u00e9quipements militaires ont augment\u00e9 de 36,9 % en 2024.<\/p>\n<p><img loading=\"lazy\" decoding=\"async\" class=\"alignnone size-large wp-image-2595168\" src=\"https:\/\/www.pressenza.com\/wp-content\/uploads\/2025\/04\/Manif_Bruxelles_10_800x600-820x426.jpg\" alt=\"\" width=\"820\" height=\"426\" srcset=\"https:\/\/www.pressenza.com\/wp-content\/uploads\/2025\/04\/Manif_Bruxelles_10_800x600-820x426.jpg 820w, https:\/\/www.pressenza.com\/wp-content\/uploads\/2025\/04\/Manif_Bruxelles_10_800x600-300x156.jpg 300w, https:\/\/www.pressenza.com\/wp-content\/uploads\/2025\/04\/Manif_Bruxelles_10_800x600.jpg 1386w\" sizes=\"auto, (max-width: 820px) 100vw, 820px\" \/><\/p>\n<p>Les \u00c9tats europ\u00e9ens membres de l\u2019OTAN disposent d\u00e9j\u00e0, depuis longtemps, de capacit\u00e9s militaires tr\u00e8s importantes comparativement \u00e0 celles de la Russie, pourtant pr\u00e9sent\u00e9e comme la cause principale de la \u00ab\u00a0n\u00e9cessit\u00e9\u00a0\u00bb de prolonger l\u2019augmentation des d\u00e9penses militaires. La valeur des d\u00e9penses militaires des \u00c9tats membres europ\u00e9ens de l\u2019OTAN s\u2019\u00e9l\u00e8vent \u00e0 476 milliards USD en 2024. Si l\u2019on y ajoute les montants allou\u00e9s par les Etats-Unis et le Canada, cette valeur atteint 1474 milliards USD.<\/p>\n<p>De son c\u00f4t\u00e9, le budget militaire russe pour 2024 est de 123 milliards USD. Un budget, par contre, qui augmente en fl\u00e8che ces derni\u00e8res ann\u00e9es. Raison suppl\u00e9mentaire pour nous pousser vers une politique de d\u00e9tente, bas\u00e9e sur le principe manifestement observable que la s\u00e9curit\u00e9 ne peut \u00eatre recherch\u00e9e aux d\u00e9pens des autres.<\/p>\n<p>S\u2019opposer \u00e0 cette augmentation perp\u00e9tuelle et exponentielle des d\u00e9penses militaires ne rel\u00e8ve pas de la na\u00efvet\u00e9. La na\u00efvet\u00e9, justement, est peut-\u00eatre \u00e0 chercher dans la conviction partag\u00e9e par beaucoup que ces d\u00e9penses militaires sont un moyen de rem\u00e9dier \u00e0 la brutalit\u00e9 du monde sur les court, moyen et long termes. Que du contraire. Si c\u2019est effectivement la s\u00e9curit\u00e9 qui est recherch\u00e9e, il serait beaucoup plus efficace, d\u00e9mesur\u00e9ment moins couteux et climatiquement extr\u00eamement plus positif, de s\u2019engager progressivement mais d\u00e8s maintenant pour un monde o\u00f9 le niveau d\u2019armement soit maintenu le plus bas possible. Ce qui ne peut \u00eatre fait qu\u2019en r\u00e9investissant sans arri\u00e8re-pens\u00e9e les enceintes multilat\u00e9rales.<\/p>\n<p>Or, tous les m\u00e9canismes de r\u00e9solution non-violente des conflits sont pass\u00e9s sous silence, raill\u00e9s ou torpill\u00e9s. \u00ab\u00a0<em>La diplomatie, \u00e7a ne marche pas<\/em>\u00a0\u00bb, \u00ab\u00a0<em>on ne peut pas parler avec ce tortionnaire<\/em>\u00a0\u00bb, etc. Il est \u00e9vident, pourtant, que le sous-investissement chronique, politique et \u00e9conomique, des structures de r\u00e9solution non-violente des conflits ne permet pas de rendre justice \u00e0 toutes ses potentialit\u00e9s pour la r\u00e9solution p\u00e9renne des situations de tensions et de conflits. Une n\u00e9cessit\u00e9, pourtant, si l\u2019on veut prendre \u00e0 bras le corps, les probl\u00e9matiques mondiales urgentes, au premier rang desquelles le d\u00e9r\u00e8glement climatique ou la menace nucl\u00e9aire.<\/p>\n<p>En attendant, il n\u2019y aura pas de miracle\u00a0: l\u2019augmentation des d\u00e9penses militaires, intrins\u00e8quement ins\u00e9curisante, se fera n\u00e9cessairement au d\u00e9triment des m\u00e9canismes qui assurent r\u00e9ellement la s\u00e9curit\u00e9 des individus et de la plan\u00e8te, et continuera d\u2019\u00e9loigner les diff\u00e9rents Etats de la plan\u00e8te que les crises multiples que nous vivons ces derni\u00e8res ann\u00e9es commandent pourtant de rapprocher.<\/p>\n<p><u>Les moyens militaires pour la \u00ab\u00a0d\u00e9fense de la prosp\u00e9rit\u00e9\u00a0\u00bb<\/u><\/p>\n<p>Il y a d&rsquo;abord eu la \u00ab menace sovi\u00e9tique \u00bb, puis l&rsquo;instabilit\u00e9 dans les anciens \u00c9tats communistes, avant le terrorisme transnational (et une \u00ab\u00a0guerre contre la terreur\u00a0\u00bb qui a augment\u00e9 l\u2019ins\u00e9curit\u00e9 partout o\u00f9 elle s\u2019est d\u00e9ploy\u00e9e) et, aujourd\u2019hui, les \u00ab\u00a0rivaux syst\u00e9miques\u00a0\u00bb russe et chinois. Les cibles principales des discours accompagnant les augmentations des d\u00e9penses militaires varient avec le temps. Les objectifs strat\u00e9giques et la politique militaires de la Belgique ou de l\u2019OTAN s\u2019inscrivent, elles, dans une continuit\u00e9 qui doit \u00eatre d\u00e9nonc\u00e9e. Leur analyse souligne en effet une tout autre r\u00e9alit\u00e9 que celle d\u00e9peinte dans le discours\u00a0: \u00e0 la lecture de ces documents, le premier objectif de l\u2019arm\u00e9e est de d\u00e9fendre \u00ab\u00a0notre prosp\u00e9rit\u00e9 et notre mode de vie\u00a0\u00bb.<\/p>\n<p>Le plan \u00ab\u00a0STAR\u00a0\u00bb (2022), adopt\u00e9 par le gouvernement De Croo, pr\u00e9sente la vision strat\u00e9gique de l\u2019arm\u00e9e belge jusqu\u2019en 2030. Le premier titre du premier chapitre de ce plan est intitul\u00e9 \u00ab\u00a0<em>La stabilit\u00e9 et la prosp\u00e9rit\u00e9 \u00e9conomiques<\/em>\u00a0\u00bb et souligne que \u00ab\u00a0<em>notre d\u00e9veloppement \u00e9conomique et notre prosp\u00e9rit\u00e9 d\u00e9pendent de notre environnement direct et de notre capacit\u00e9 \u00e0 op\u00e9rer dans un contexte pr\u00e9visible.<\/em>\u00a0\u00bb<em> Or, \u00ab\u00a0Il est probable que les prochaines ann\u00e9es se caract\u00e9risent par un d\u00e9placement du pouvoir \u00e9conomique vers l&rsquo;Asie, avec des cons\u00e9quences majeures pour l&rsquo;\u00e9quilibre du pouvoir politique et militaire, ainsi que pour les investissements directs \u00e9trangers de la Belgique. <\/em>[\u2026] <em>L&rsquo;architecture \u00e9conomique et commerciale ouverte et mondialis\u00e9e de la Belgique rend le pays vuln\u00e9rable \u00e0 ces politiques.<\/em>\u00a0\u00bb<\/p>\n<p>Le concept strat\u00e9gique de l\u2019OTAN (Madrid \u2013 2022) ne dit pas autre chose\u00a0quand il rappelle que \u00ab\u00a0L\u2019OTAN est [\u2026] garante de la paix, de la libert\u00e9 et de la prosp\u00e9rit\u00e9 de nos pays\u00a0\u00bb et que les alli\u00e9s continueront \u00ab\u00a0<em>de s\u2019inscrire dans une perspective globale<\/em>\u00a0\u00bb alors que \u00ab\u00a0<em>des comp\u00e9titeurs strat\u00e9giques<a href=\"#_ftn1\" name=\"_ftnref1\"><strong>[1]<\/strong><\/a> testent notre r\u00e9silience et tentent d\u2019abuser de l\u2019ouverture et de l\u2019interconnexion de nos pays<\/em>\u00a0\u00bb.<\/p>\n<p>La place centrale et de plus en plus grande de cette \u00ab\u00a0d\u00e9fense de la prosp\u00e9rit\u00e9\u00a0\u00bb dans les documents strat\u00e9giques de nos pays doit rappeler la conflictualit\u00e9 grandissante de la comp\u00e9tition internationale, ne f\u00fbt-ce qu\u2019au regard de la rar\u00e9faction des ressources strat\u00e9giques vitales pour le fonctionnement de nos \u00e9conomies et pour le soutien de la croissance. Elle doit nous inqui\u00e9ter sur l\u2019ins\u00e9curit\u00e9 et l\u2019instabilit\u00e9 qu\u2019elle pr\u00e9pare. Elle doit \u00eatre d\u00e9battue publiquement et d\u00e9mocratiquement, pour que chacune et chacun puisse avoir l\u2019occasion de s\u2019opposer \u00e0 la r\u00e9alit\u00e9 de l\u2019utilisation de nos forces arm\u00e9es dans le monde.<\/p>\n<p><u>\u00ab\u00a0Une nouvelle culture de la s\u00e9curit\u00e9\u00a0\u00bb <\/u><\/p>\n<p>La militarisation pr\u00e9vue par l&rsquo;accord de coalition ne se limite pas au financement de l&rsquo;arm\u00e9e ou au renforcement de la base industrielle de \u00ab\u00a0d\u00e9fense\u00a0\u00bb. Sans doute pour convaincre la population belge que des milliards vont \u00e0 nouveau \u00eatre inject\u00e9s dans l&rsquo;arm\u00e9e belge alors qu&rsquo;un minimum de 16 milliards d&rsquo;euros seront pr\u00e9lev\u00e9s sur l\u2019ensemble des postes essentiels \u00e0 la r\u00e9elle s\u00e9curit\u00e9, le nouveau gouvernement entend d\u00e9velopper <em>\u00ab\u00a0une approche pansoci\u00e9tale<\/em>\u00a0\u00bb, pour sensibiliser \u00ab <em>l\u2019ensemble de la soci\u00e9t\u00e9 \u00e0 une nouvelle culture de la s\u00e9curit\u00e9\u00a0\u00bb<\/em> et ceci<em>\u00a0\u00ab\u00a0afin d\u2019am\u00e9liorer la perception qu\u2019a le public de la s\u00e9curit\u00e9 et de la d\u00e9fense<\/em>\u00a0\u00bb. Pour ce faire, le gouvernement Arizona entend renforcer \u00ab\u00a0<em>la formation S\u00e9curit\u00e9 et D\u00e9fense pr\u00e9vue dans l\u2019enseignement<\/em>\u00a0\u00bb et l\u2019\u00e9largir \u00ab\u00a0<em>en pr\u00e9voyant notamment un nombre suffisant de formateurs<\/em>\u00a0\u00bb et en nommant \u00ab\u00a0<em>un r\u00e9f\u00e9rent militaire charg\u00e9 d\u2019expliquer dans les \u00e9coles ce que fait la D\u00e9fense et comment elle contribue \u00e0 la paix internationale et \u00e0 notre s\u00e9curit\u00e9<\/em>\u00a0\u00bb. Un projet d\u2019endoctrinement qui touche directement notre syst\u00e8me \u00e9ducatif, qui vise pourtant un projet d\u2019\u00e9mancipation, fond\u00e9 sur la d\u00e9mocratie et les droits humains.<\/p>\n<p>Pour renforcer encore davantage l&rsquo;ancrage soci\u00e9tal de l&rsquo;arm\u00e9e, le gouvernement Arizona pr\u00e9voit \u00e9galement la possibilit\u00e9 d&rsquo;effectuer un service militaire volontaire de 12 mois en vue du d\u00e9veloppement d&rsquo;une \u00ab <em>r\u00e9serve op\u00e9rationnelle, bien entra\u00een\u00e9e et disponible<\/em> [\u2026] <em>\u00e9voluant vers un syst\u00e8me de personnel militaire \u00e0 temps plein et \u00e0 temps partiel<\/em> \u00bb. Cela devrait se faire en concertation avec les secteurs priv\u00e9, public et universitaire, en termes de <em>\u00ab\u00a0formation, de stage et de recherche\u00a0<\/em>\u00bb afin <em>d\u2019aider <\/em>tous ces secteurs \u00ab\u00a0<em>\u00e0 assumer la charge de la mise en place d\u2019un cadre de r\u00e9serve performant<\/em>\u00a0\u00bb.<\/p>\n<p><a href=\"#_ftnref1\" name=\"_ftn1\"><\/a><\/p>\n<p><strong>Notes<\/strong><\/p>\n<p>[1] Celui-ci est extrait du \u00ab\u00a0Plan STAR\u00a0\u00bb de l\u2019arm\u00e9e belge. Il montre que les investissements contract\u00e9s par le gouvernement Michel (mauve fonc\u00e9) et les investissements contract\u00e9s par le gouvernement De Croo (mauve clair) continueront tous deux a \u00eatre rembours\u00e9s tout au long de cette l\u00e9gislature et au-del\u00e0.<\/p>\n<p>[2] La notion de \u00ab comp\u00e9titeur strat\u00e9gique \u00bb est introduite dans le discours de l\u2019OTAN par le concept strat\u00e9gique de 2022. Il y est r\u00e9p\u00e9t\u00e9 \u00e0 4 reprises. La \u00ab comp\u00e9tition strat\u00e9gique \u00bb ou la \u00ab comp\u00e9tition g\u00e9opolitique \u00bb est mentionn\u00e9e \u00e0 5 reprises (sur un document de seulement 14 pages)<\/p>\n","protected":false},"excerpt":{"rendered":"<p>Stop \u00e0 l\u2019augmentation des d\u00e9penses militaires et \u00e0 la militarisation de nos soci\u00e9t\u00e9s Le g\u00e9nocide \u00e0 Gaza, la guerre en Ukraine, au Congo, au Soudan et tous les nombreux autres conflits arm\u00e9s mettent le syst\u00e8me international sous tr\u00e8s forte pression.&hellip;<\/p>\n","protected":false},"author":1443,"featured_media":2595221,"comment_status":"closed","ping_status":"closed","sticky":false,"template":"","format":"standard","meta":{"footnotes":""},"categories":[40,1250,93],"tags":[135126,3405,4583,4794,111713],"class_list":["post-2595128","post","type-post","status-publish","format-standard","has-post-thumbnail","hentry","category-international-fr","category-paix-desarmement","category-politique","tag-armamentisme","tag-armes-nucleaires","tag-depenses-militaires","tag-militarisation","tag-otan-fr-2"],"yoast_head":"<!-- This site is optimized with the Yoast SEO plugin v27.1.1 - https:\/\/yoast.com\/product\/yoast-seo-wordpress\/ -->\n<title>Les armes rendent le monde plus dangereux<\/title>\n<meta name=\"description\" content=\"Stop \u00e0 l\u2019augmentation des d\u00e9penses militaires et \u00e0 la militarisation de nos soci\u00e9t\u00e9s Le g\u00e9nocide \u00e0 Gaza, la guerre en Ukraine, au Congo, au Soudan et tous\" \/>\n<meta name=\"robots\" content=\"index, follow, max-snippet:-1, max-image-preview:large, max-video-preview:-1\" \/>\n<link rel=\"canonical\" href=\"https:\/\/www.pressenza.com\/fr\/2025\/04\/les-armes-rendent-le-monde-plus-dangereux\/\" \/>\n<meta property=\"og:locale\" content=\"fr_FR\" \/>\n<meta property=\"og:type\" content=\"article\" \/>\n<meta property=\"og:title\" content=\"Les armes rendent le monde plus dangereux\" \/>\n<meta property=\"og:description\" content=\"Stop \u00e0 l\u2019augmentation des d\u00e9penses militaires et \u00e0 la militarisation de nos soci\u00e9t\u00e9s Le g\u00e9nocide \u00e0 Gaza, la guerre en Ukraine, au Congo, au Soudan et tous\" \/>\n<meta property=\"og:url\" content=\"https:\/\/www.pressenza.com\/fr\/2025\/04\/les-armes-rendent-le-monde-plus-dangereux\/\" \/>\n<meta property=\"og:site_name\" content=\"Pressenza\" \/>\n<meta property=\"article:publisher\" content=\"https:\/\/www.facebook.com\/PressenzaItalia\" \/>\n<meta property=\"article:author\" content=\"https:\/\/www.facebook.com\/PartiHumanisteBelgique\/\" \/>\n<meta property=\"article:published_time\" content=\"2025-04-05T10:35:06+00:00\" \/>\n<meta property=\"article:modified_time\" content=\"2025-04-05T17:19:42+00:00\" \/>\n<meta property=\"og:image\" content=\"https:\/\/www.pressenza.com\/wp-content\/uploads\/2025\/04\/Manif_gare_centrale_a_Bruxelles_800x600-1.jpg\" \/>\n\t<meta property=\"og:image:width\" content=\"820\" \/>\n\t<meta property=\"og:image:height\" content=\"546\" \/>\n\t<meta property=\"og:image:type\" content=\"image\/jpeg\" \/>\n<meta name=\"author\" content=\"Parti Humaniste Belgique\" \/>\n<meta name=\"twitter:card\" content=\"summary_large_image\" \/>\n<meta name=\"twitter:creator\" content=\"@PressenzaIPA\" \/>\n<meta name=\"twitter:site\" content=\"@PressenzaIPA\" \/>\n<meta name=\"twitter:label1\" content=\"\u00c9crit par\" \/>\n\t<meta name=\"twitter:data1\" content=\"Parti Humaniste Belgique\" \/>\n\t<meta name=\"twitter:label2\" content=\"Dur\u00e9e de lecture estim\u00e9e\" \/>\n\t<meta name=\"twitter:data2\" content=\"20 minutes\" \/>\n<script type=\"application\/ld+json\" class=\"yoast-schema-graph\">{\"@context\":\"https:\/\/schema.org\",\"@graph\":[{\"@type\":\"Article\",\"@id\":\"https:\/\/www.pressenza.com\/fr\/2025\/04\/les-armes-rendent-le-monde-plus-dangereux\/#article\",\"isPartOf\":{\"@id\":\"https:\/\/www.pressenza.com\/fr\/2025\/04\/les-armes-rendent-le-monde-plus-dangereux\/\"},\"author\":{\"name\":\"Parti Humaniste Belgique\",\"@id\":\"https:\/\/www.pressenza.com\/fr\/#\/schema\/person\/5d31711dbf09eff9be24cc1833a9a85b\"},\"headline\":\"Les armes rendent le monde plus dangereux\",\"datePublished\":\"2025-04-05T10:35:06+00:00\",\"dateModified\":\"2025-04-05T17:19:42+00:00\",\"mainEntityOfPage\":{\"@id\":\"https:\/\/www.pressenza.com\/fr\/2025\/04\/les-armes-rendent-le-monde-plus-dangereux\/\"},\"wordCount\":4081,\"publisher\":{\"@id\":\"https:\/\/www.pressenza.com\/fr\/#organization\"},\"image\":{\"@id\":\"https:\/\/www.pressenza.com\/fr\/2025\/04\/les-armes-rendent-le-monde-plus-dangereux\/#primaryimage\"},\"thumbnailUrl\":\"https:\/\/www.pressenza.com\/wp-content\/uploads\/2025\/04\/Manif_gare_centrale_a_Bruxelles_800x600-1.jpg\",\"keywords\":[\"armamentisme\",\"Armes Nucl\u00e9aires\",\"d\u00e9penses militaires\",\"militarisation\",\"OTAN\"],\"articleSection\":[\"International\",\"Paix et D\u00e9sarmement\",\"Politique\"],\"inLanguage\":\"fr-FR\"},{\"@type\":\"WebPage\",\"@id\":\"https:\/\/www.pressenza.com\/fr\/2025\/04\/les-armes-rendent-le-monde-plus-dangereux\/\",\"url\":\"https:\/\/www.pressenza.com\/fr\/2025\/04\/les-armes-rendent-le-monde-plus-dangereux\/\",\"name\":\"Les armes rendent le monde plus dangereux\",\"isPartOf\":{\"@id\":\"https:\/\/www.pressenza.com\/fr\/#website\"},\"primaryImageOfPage\":{\"@id\":\"https:\/\/www.pressenza.com\/fr\/2025\/04\/les-armes-rendent-le-monde-plus-dangereux\/#primaryimage\"},\"image\":{\"@id\":\"https:\/\/www.pressenza.com\/fr\/2025\/04\/les-armes-rendent-le-monde-plus-dangereux\/#primaryimage\"},\"thumbnailUrl\":\"https:\/\/www.pressenza.com\/wp-content\/uploads\/2025\/04\/Manif_gare_centrale_a_Bruxelles_800x600-1.jpg\",\"datePublished\":\"2025-04-05T10:35:06+00:00\",\"dateModified\":\"2025-04-05T17:19:42+00:00\",\"description\":\"Stop \u00e0 l\u2019augmentation des d\u00e9penses militaires et \u00e0 la militarisation de nos soci\u00e9t\u00e9s Le g\u00e9nocide \u00e0 Gaza, la guerre en Ukraine, au Congo, au Soudan et tous\",\"breadcrumb\":{\"@id\":\"https:\/\/www.pressenza.com\/fr\/2025\/04\/les-armes-rendent-le-monde-plus-dangereux\/#breadcrumb\"},\"inLanguage\":\"fr-FR\",\"potentialAction\":[{\"@type\":\"ReadAction\",\"target\":[\"https:\/\/www.pressenza.com\/fr\/2025\/04\/les-armes-rendent-le-monde-plus-dangereux\/\"]}]},{\"@type\":\"ImageObject\",\"inLanguage\":\"fr-FR\",\"@id\":\"https:\/\/www.pressenza.com\/fr\/2025\/04\/les-armes-rendent-le-monde-plus-dangereux\/#primaryimage\",\"url\":\"https:\/\/www.pressenza.com\/wp-content\/uploads\/2025\/04\/Manif_gare_centrale_a_Bruxelles_800x600-1.jpg\",\"contentUrl\":\"https:\/\/www.pressenza.com\/wp-content\/uploads\/2025\/04\/Manif_gare_centrale_a_Bruxelles_800x600-1.jpg\",\"width\":820,\"height\":546},{\"@type\":\"BreadcrumbList\",\"@id\":\"https:\/\/www.pressenza.com\/fr\/2025\/04\/les-armes-rendent-le-monde-plus-dangereux\/#breadcrumb\",\"itemListElement\":[{\"@type\":\"ListItem\",\"position\":1,\"name\":\"Accueil\",\"item\":\"https:\/\/www.pressenza.com\/fr\/\"},{\"@type\":\"ListItem\",\"position\":2,\"name\":\"Les armes rendent le monde plus dangereux\"}]},{\"@type\":\"WebSite\",\"@id\":\"https:\/\/www.pressenza.com\/fr\/#website\",\"url\":\"https:\/\/www.pressenza.com\/fr\/\",\"name\":\"Pressenza\",\"description\":\"International Press Agency\",\"publisher\":{\"@id\":\"https:\/\/www.pressenza.com\/fr\/#organization\"},\"potentialAction\":[{\"@type\":\"SearchAction\",\"target\":{\"@type\":\"EntryPoint\",\"urlTemplate\":\"https:\/\/www.pressenza.com\/fr\/?s={search_term_string}\"},\"query-input\":{\"@type\":\"PropertyValueSpecification\",\"valueRequired\":true,\"valueName\":\"search_term_string\"}}],\"inLanguage\":\"fr-FR\"},{\"@type\":\"Organization\",\"@id\":\"https:\/\/www.pressenza.com\/fr\/#organization\",\"name\":\"Pressenza\",\"url\":\"https:\/\/www.pressenza.com\/fr\/\",\"logo\":{\"@type\":\"ImageObject\",\"inLanguage\":\"fr-FR\",\"@id\":\"https:\/\/www.pressenza.com\/fr\/#\/schema\/logo\/image\/\",\"url\":\"https:\/\/www.pressenza.com\/wp-content\/uploads\/2022\/10\/pressenza_logo_200x200.jpg\",\"contentUrl\":\"https:\/\/www.pressenza.com\/wp-content\/uploads\/2022\/10\/pressenza_logo_200x200.jpg\",\"width\":200,\"height\":200,\"caption\":\"Pressenza\"},\"image\":{\"@id\":\"https:\/\/www.pressenza.com\/fr\/#\/schema\/logo\/image\/\"},\"sameAs\":[\"https:\/\/www.facebook.com\/PressenzaItalia\",\"https:\/\/x.com\/PressenzaIPA\"]},{\"@type\":\"Person\",\"@id\":\"https:\/\/www.pressenza.com\/fr\/#\/schema\/person\/5d31711dbf09eff9be24cc1833a9a85b\",\"name\":\"Parti Humaniste Belgique\",\"description\":\"Expression politique du Nouvel humanisme ou Humanisme universaliste. Avec l'\u00eatre humain comme valeur centrale, la non-violence active comme m\u00e9thode d'action, et la r\u00e8gle d'or \\\"traite les autres comme tu veux \u00eatre trait\u00e9\\\" comme principe moral.\",\"sameAs\":[\"http:\/\/www.partihumaniste.be\/\",\"https:\/\/www.facebook.com\/PartiHumanisteBelgique\/\"],\"url\":\"https:\/\/www.pressenza.com\/fr\/author\/parti-humaniste-belgique\/\"}]}<\/script>\n<!-- \/ Yoast SEO plugin. -->","yoast_head_json":{"title":"Les armes rendent le monde plus dangereux","description":"Stop \u00e0 l\u2019augmentation des d\u00e9penses militaires et \u00e0 la militarisation de nos soci\u00e9t\u00e9s Le g\u00e9nocide \u00e0 Gaza, la guerre en Ukraine, au Congo, au Soudan et tous","robots":{"index":"index","follow":"follow","max-snippet":"max-snippet:-1","max-image-preview":"max-image-preview:large","max-video-preview":"max-video-preview:-1"},"canonical":"https:\/\/www.pressenza.com\/fr\/2025\/04\/les-armes-rendent-le-monde-plus-dangereux\/","og_locale":"fr_FR","og_type":"article","og_title":"Les armes rendent le monde plus dangereux","og_description":"Stop \u00e0 l\u2019augmentation des d\u00e9penses militaires et \u00e0 la militarisation de nos soci\u00e9t\u00e9s Le g\u00e9nocide \u00e0 Gaza, la guerre en Ukraine, au Congo, au Soudan et tous","og_url":"https:\/\/www.pressenza.com\/fr\/2025\/04\/les-armes-rendent-le-monde-plus-dangereux\/","og_site_name":"Pressenza","article_publisher":"https:\/\/www.facebook.com\/PressenzaItalia","article_author":"https:\/\/www.facebook.com\/PartiHumanisteBelgique\/","article_published_time":"2025-04-05T10:35:06+00:00","article_modified_time":"2025-04-05T17:19:42+00:00","og_image":[{"width":820,"height":546,"url":"https:\/\/www.pressenza.com\/wp-content\/uploads\/2025\/04\/Manif_gare_centrale_a_Bruxelles_800x600-1.jpg","type":"image\/jpeg"}],"author":"Parti Humaniste Belgique","twitter_card":"summary_large_image","twitter_creator":"@PressenzaIPA","twitter_site":"@PressenzaIPA","twitter_misc":{"\u00c9crit par":"Parti Humaniste Belgique","Dur\u00e9e de lecture estim\u00e9e":"20 minutes"},"schema":{"@context":"https:\/\/schema.org","@graph":[{"@type":"Article","@id":"https:\/\/www.pressenza.com\/fr\/2025\/04\/les-armes-rendent-le-monde-plus-dangereux\/#article","isPartOf":{"@id":"https:\/\/www.pressenza.com\/fr\/2025\/04\/les-armes-rendent-le-monde-plus-dangereux\/"},"author":{"name":"Parti Humaniste Belgique","@id":"https:\/\/www.pressenza.com\/fr\/#\/schema\/person\/5d31711dbf09eff9be24cc1833a9a85b"},"headline":"Les armes rendent le monde plus dangereux","datePublished":"2025-04-05T10:35:06+00:00","dateModified":"2025-04-05T17:19:42+00:00","mainEntityOfPage":{"@id":"https:\/\/www.pressenza.com\/fr\/2025\/04\/les-armes-rendent-le-monde-plus-dangereux\/"},"wordCount":4081,"publisher":{"@id":"https:\/\/www.pressenza.com\/fr\/#organization"},"image":{"@id":"https:\/\/www.pressenza.com\/fr\/2025\/04\/les-armes-rendent-le-monde-plus-dangereux\/#primaryimage"},"thumbnailUrl":"https:\/\/www.pressenza.com\/wp-content\/uploads\/2025\/04\/Manif_gare_centrale_a_Bruxelles_800x600-1.jpg","keywords":["armamentisme","Armes Nucl\u00e9aires","d\u00e9penses militaires","militarisation","OTAN"],"articleSection":["International","Paix et D\u00e9sarmement","Politique"],"inLanguage":"fr-FR"},{"@type":"WebPage","@id":"https:\/\/www.pressenza.com\/fr\/2025\/04\/les-armes-rendent-le-monde-plus-dangereux\/","url":"https:\/\/www.pressenza.com\/fr\/2025\/04\/les-armes-rendent-le-monde-plus-dangereux\/","name":"Les armes rendent le monde plus dangereux","isPartOf":{"@id":"https:\/\/www.pressenza.com\/fr\/#website"},"primaryImageOfPage":{"@id":"https:\/\/www.pressenza.com\/fr\/2025\/04\/les-armes-rendent-le-monde-plus-dangereux\/#primaryimage"},"image":{"@id":"https:\/\/www.pressenza.com\/fr\/2025\/04\/les-armes-rendent-le-monde-plus-dangereux\/#primaryimage"},"thumbnailUrl":"https:\/\/www.pressenza.com\/wp-content\/uploads\/2025\/04\/Manif_gare_centrale_a_Bruxelles_800x600-1.jpg","datePublished":"2025-04-05T10:35:06+00:00","dateModified":"2025-04-05T17:19:42+00:00","description":"Stop \u00e0 l\u2019augmentation des d\u00e9penses militaires et \u00e0 la militarisation de nos soci\u00e9t\u00e9s Le g\u00e9nocide \u00e0 Gaza, la guerre en Ukraine, au Congo, au Soudan et tous","breadcrumb":{"@id":"https:\/\/www.pressenza.com\/fr\/2025\/04\/les-armes-rendent-le-monde-plus-dangereux\/#breadcrumb"},"inLanguage":"fr-FR","potentialAction":[{"@type":"ReadAction","target":["https:\/\/www.pressenza.com\/fr\/2025\/04\/les-armes-rendent-le-monde-plus-dangereux\/"]}]},{"@type":"ImageObject","inLanguage":"fr-FR","@id":"https:\/\/www.pressenza.com\/fr\/2025\/04\/les-armes-rendent-le-monde-plus-dangereux\/#primaryimage","url":"https:\/\/www.pressenza.com\/wp-content\/uploads\/2025\/04\/Manif_gare_centrale_a_Bruxelles_800x600-1.jpg","contentUrl":"https:\/\/www.pressenza.com\/wp-content\/uploads\/2025\/04\/Manif_gare_centrale_a_Bruxelles_800x600-1.jpg","width":820,"height":546},{"@type":"BreadcrumbList","@id":"https:\/\/www.pressenza.com\/fr\/2025\/04\/les-armes-rendent-le-monde-plus-dangereux\/#breadcrumb","itemListElement":[{"@type":"ListItem","position":1,"name":"Accueil","item":"https:\/\/www.pressenza.com\/fr\/"},{"@type":"ListItem","position":2,"name":"Les armes rendent le monde plus dangereux"}]},{"@type":"WebSite","@id":"https:\/\/www.pressenza.com\/fr\/#website","url":"https:\/\/www.pressenza.com\/fr\/","name":"Pressenza","description":"International Press Agency","publisher":{"@id":"https:\/\/www.pressenza.com\/fr\/#organization"},"potentialAction":[{"@type":"SearchAction","target":{"@type":"EntryPoint","urlTemplate":"https:\/\/www.pressenza.com\/fr\/?s={search_term_string}"},"query-input":{"@type":"PropertyValueSpecification","valueRequired":true,"valueName":"search_term_string"}}],"inLanguage":"fr-FR"},{"@type":"Organization","@id":"https:\/\/www.pressenza.com\/fr\/#organization","name":"Pressenza","url":"https:\/\/www.pressenza.com\/fr\/","logo":{"@type":"ImageObject","inLanguage":"fr-FR","@id":"https:\/\/www.pressenza.com\/fr\/#\/schema\/logo\/image\/","url":"https:\/\/www.pressenza.com\/wp-content\/uploads\/2022\/10\/pressenza_logo_200x200.jpg","contentUrl":"https:\/\/www.pressenza.com\/wp-content\/uploads\/2022\/10\/pressenza_logo_200x200.jpg","width":200,"height":200,"caption":"Pressenza"},"image":{"@id":"https:\/\/www.pressenza.com\/fr\/#\/schema\/logo\/image\/"},"sameAs":["https:\/\/www.facebook.com\/PressenzaItalia","https:\/\/x.com\/PressenzaIPA"]},{"@type":"Person","@id":"https:\/\/www.pressenza.com\/fr\/#\/schema\/person\/5d31711dbf09eff9be24cc1833a9a85b","name":"Parti Humaniste Belgique","description":"Expression politique du Nouvel humanisme ou Humanisme universaliste. Avec l'\u00eatre humain comme valeur centrale, la non-violence active comme m\u00e9thode d'action, et la r\u00e8gle d'or \"traite les autres comme tu veux \u00eatre trait\u00e9\" comme principe moral.","sameAs":["http:\/\/www.partihumaniste.be\/","https:\/\/www.facebook.com\/PartiHumanisteBelgique\/"],"url":"https:\/\/www.pressenza.com\/fr\/author\/parti-humaniste-belgique\/"}]}},"place":"Bruxelles","original_article_url":"","_links":{"self":[{"href":"https:\/\/www.pressenza.com\/fr\/wp-json\/wp\/v2\/posts\/2595128","targetHints":{"allow":["GET"]}}],"collection":[{"href":"https:\/\/www.pressenza.com\/fr\/wp-json\/wp\/v2\/posts"}],"about":[{"href":"https:\/\/www.pressenza.com\/fr\/wp-json\/wp\/v2\/types\/post"}],"author":[{"embeddable":true,"href":"https:\/\/www.pressenza.com\/fr\/wp-json\/wp\/v2\/users\/1443"}],"replies":[{"embeddable":true,"href":"https:\/\/www.pressenza.com\/fr\/wp-json\/wp\/v2\/comments?post=2595128"}],"version-history":[{"count":0,"href":"https:\/\/www.pressenza.com\/fr\/wp-json\/wp\/v2\/posts\/2595128\/revisions"}],"wp:featuredmedia":[{"embeddable":true,"href":"https:\/\/www.pressenza.com\/fr\/wp-json\/wp\/v2\/media\/2595221"}],"wp:attachment":[{"href":"https:\/\/www.pressenza.com\/fr\/wp-json\/wp\/v2\/media?parent=2595128"}],"wp:term":[{"taxonomy":"category","embeddable":true,"href":"https:\/\/www.pressenza.com\/fr\/wp-json\/wp\/v2\/categories?post=2595128"},{"taxonomy":"post_tag","embeddable":true,"href":"https:\/\/www.pressenza.com\/fr\/wp-json\/wp\/v2\/tags?post=2595128"}],"curies":[{"name":"wp","href":"https:\/\/api.w.org\/{rel}","templated":true}]}}