{"id":2594857,"date":"2025-04-03T22:42:05","date_gmt":"2025-04-03T21:42:05","guid":{"rendered":"https:\/\/www.pressenza.com\/?p=2594857"},"modified":"2025-04-04T10:17:08","modified_gmt":"2025-04-04T09:17:08","slug":"ann-wright-la-voix-de-la-resistance-contre-la-guerre-et-la-militarisation","status":"publish","type":"post","link":"https:\/\/www.pressenza.com\/fr\/2025\/04\/ann-wright-la-voix-de-la-resistance-contre-la-guerre-et-la-militarisation\/","title":{"rendered":"Ann Wright : La voix de la r\u00e9sistance contre la guerre et la militarisation"},"content":{"rendered":"<p><b>Ann Wright est une militante pacifiste, une ancienne diplomate \u00e9tasunienne et une colonelle de l&rsquo;arm\u00e9e US \u00e0 la retraite. En 2003, elle a d\u00e9missionn\u00e9 du service diplomatique pour protester contre la guerre en Irak et s&rsquo;est depuis engag\u00e9e sans rel\u00e2che en faveur de la paix, du d\u00e9sarmement et de la justice mondiale. Chaque fois qu&rsquo;elle se trouve en Allemagne, elle pr\u00eate sa voix et son c\u0153ur pour soutenir le mouvement pacifiste local, comme elle l&rsquo;a encore fait hier lors de la manifestation nationale \u00e0 Wiesbaden. Nous sommes tr\u00e8s heureux de nous entretenir avec elle aujourd&rsquo;hui.<\/b><\/p>\n<p><b><i>Reto Thumiger<\/i><\/b> :<b><i> Ch\u00e8re Ann, merci beaucoup d&rsquo;avoir pris le temps de nous accorder cet entretien. Nous sommes toujours heureux de vous accueillir en Allemagne &#8211; et reconnaissants de pouvoir compter sur votre solidarit\u00e9 et votre soutien.<\/i><\/b><\/p>\n<p><b>Ann Wright<\/b> : C&rsquo;est un plaisir d&rsquo;\u00eatre ici. Cela fait quelques ann\u00e9es que je ne suis pas venue en Allemagne, alors je suis contente d&rsquo;\u00eatre de retour.<\/p>\n<p><b><i>Qu&rsquo;est-ce qui vous a amen\u00e9e en Allemagne cette fois-ci ?<\/i><\/b><\/p>\n<p>J&rsquo;ai \u00e9t\u00e9 invit\u00e9e \u00e0 prendre la parole lors de la manifestation organis\u00e9e \u00e0 Wiesbaden au sujet des missiles US qu&rsquo;il est pr\u00e9vu de d\u00e9ployer en Allemagne en 2026. La manifestation \u00e9tait dirig\u00e9e contre cette d\u00e9cision, \u00e0 laquelle je suis \u00e9galement tr\u00e8s oppos\u00e9e. Je suis donc venu ajouter ma voix \u00e0 celle des citoyens allemands qui disent : il s&rsquo;agit d&rsquo;une provocation de la part des \u00c9tats-Unis, et il faut y mettre un terme.<\/p>\n<p><b><i>Comment avez-vous v\u00e9cu l&rsquo;ambiance et la participation \u00e0 la manifestation pour la paix \u00e0 Wiesbaden ce 1 avril ?<\/i><\/b><\/p>\n<p>Oh, la manifestation \u00e9tait vraiment, vraiment bonne. Environ 4 000 \u00e0 5 000 personnes se sont rassembl\u00e9es sur la place principale o\u00f9 les discours ont \u00e9t\u00e9 prononc\u00e9s. La manifestation a commenc\u00e9 \u00e0 la gare de Wiesbaden &#8211; une foule enthousiaste malgr\u00e9 le froid. Plus tard, Reiner, Katrin et moi-m\u00eame sommes all\u00e9s \u00e0 la rencontre d&rsquo;un groupe de 50 cyclistes qui roulaient pour la paix. Nous les avons rencontr\u00e9s, nous les avons remerci\u00e9s pour leur effort, puis ils ont continu\u00e9 \u00e0 rouler jusqu&rsquo;\u00e0 Wiesbaden.<\/p>\n<p>Dans l&rsquo;ensemble, l&rsquo;\u00e9nergie \u00e9tait excellente. Les gens \u00e9taient attentifs, ils appr\u00e9ciaient tous les orateurs, et je me suis sentie vraiment honor\u00e9e de participer \u00e0 cet \u00e9v\u00e9nement.<\/p>\n<p><b><i>\u00c7a a d\u00fb \u00eatre une grande source d&rsquo;inspiration. La derni\u00e8re fois que j&rsquo;ai parl\u00e9 avec vous, c&rsquo;\u00e9tait \u00e0 l&rsquo;\u00e9t\u00e9 2018, lors de la campagne Stop Ramstein. Beaucoup de choses ont chang\u00e9 au cours des presque sept ann\u00e9es qui se sont \u00e9coul\u00e9es depuis. Comment r\u00e9sumeriez-vous ces \u00e9volutions ?<\/i><\/b><\/p>\n<p>Eh bien, la situation actuelle est tellement diff\u00e9rente de ce qu&rsquo;elle \u00e9tait en 2018. \u00c0 l&rsquo;\u00e9poque, Trump \u00e9tait pr\u00e9sident &#8211; et en 2019, il a retir\u00e9 les \u00c9tats-Unis du <em>Trait\u00e9 sur les forces nucl\u00e9aires \u00e0 port\u00e9e interm\u00e9diaire<\/em> <em>FNI<\/em>, l&rsquo;accord sur les forces nucl\u00e9aires \u00e0 port\u00e9e interm\u00e9diaire.<\/p>\n<p>Apr\u00e8s cela, la Russie a dit : \u00ab Si vous n&rsquo;en faites pas partie, nous n&rsquo;en ferons pas partie non plus \u00bb.<\/p>\n<p>Au cours des sept derni\u00e8res ann\u00e9es, nous n&rsquo;avons donc eu aucun accord de contr\u00f4le des armements sur les missiles nucl\u00e9aires \u00e0 port\u00e9e interm\u00e9diaire. Rien.<\/p>\n<p>Puis l&rsquo;administration Biden est arriv\u00e9e &#8211; et entre-temps, nous avons assist\u00e9 \u00e0 la guerre en Ukraine et en Russie, qui, selon moi, a \u00e9t\u00e9 largement provoqu\u00e9e par les \u00c9tats-Unis et l&rsquo;OTAN.<\/p>\n<p>Et puis il y a le g\u00e9nocide isra\u00e9lien \u00e0 Gaza, commenc\u00e9 avec la complicit\u00e9 de l&rsquo;administration Biden. Biden, au lieu d&rsquo;inverser cette voie, a profit\u00e9 de la situation &#8211; y compris la sortie de Trump des FNI &#8211; et dans ce qui semble avoir \u00e9t\u00e9 une surprise pour le gouvernement allemand, a annonc\u00e9 en juillet 2024 que les \u00c9tats-Unis d\u00e9ploieraient de nouveaux missiles en Allemagne. Et d&rsquo;apr\u00e8s ce que j&rsquo;ai entendu, cela s&rsquo;est fait sans consultation, vraiment, du gouvernement allemand. Cela change donc toute la dynamique des relations am\u00e9ricano-europ\u00e9ennes.<\/p>\n<p>Et maintenant que Trump est revenu au pouvoir &#8211; m\u00eame si cela ne fait que deux mois &#8211; le genre de d\u00e9clarations que nous avons entendues de sa part et de celle de son secr\u00e9taire d&rsquo;\u00c9tat, de ses envoy\u00e9s sp\u00e9ciaux, de son secr\u00e9taire \u00e0 la d\u00e9fense&#8230; elles sapent essentiellement la d\u00e9pendance de l&rsquo;Europe \u00e0 l&rsquo;\u00e9gard des \u00c9tats-Unis et de l&rsquo;OTAN en mati\u00e8re de d\u00e9fense.<\/p>\n<p>J&rsquo;ai toujours \u00e9t\u00e9 critique \u00e0 l&rsquo;\u00e9gard de l&rsquo;OTAN &#8211; je pense qu&rsquo;il y en a beaucoup trop. D&rsquo;un certain point de vue, je pourrais donc dire que r\u00e9duire la d\u00e9pendance \u00e0 l&rsquo;\u00e9gard de l&rsquo;OTAN n&rsquo;est peut-\u00eatre pas une mauvaise chose.<\/p>\n<p>Mais en m\u00eame temps, en tant qu&rsquo;ancien diplomate am\u00e9ricain, je dirais : on ne coupe pas les liens avec ses principaux alli\u00e9s comme \u00e7a. On ne sait jamais quand on peut avoir besoin de ces relations.<\/p>\n<p>L&rsquo;approche de l&rsquo;administration Trump &#8211; l&rsquo;intimidation, l&rsquo;arrogance, l&rsquo;impolitesse pure et simple &#8211; est vraiment pr\u00e9occupante pour beaucoup d&rsquo;entre nous aux \u00c9tats-Unis. Et ce n\u2019est pas seulement en Europe. Partout dans le monde &#8211; au Groenland, au Canada, au Panama &#8211; Trump ou des membres de son administration ont fait des d\u00e9clarations insens\u00e9es.<\/p>\n<p>Dire des choses comme \u00ab Nous allons prendre le contr\u00f4le du canal de Panama \u00bb, ou qualifier le Canada de 51e \u00c9tat&#8230; ce sont des remarques absurdes et dangereuses. Aucun dirigeant s\u00e9rieux, aucun secr\u00e9taire d&rsquo;\u00c9tat ou ministre des affaires \u00e9trang\u00e8res ne devrait s&rsquo;exprimer de la sorte.<\/p>\n<p><b><i>La rh\u00e9torique de Trump est toujours pleine de contradictions. En 2018, vous avez sugg\u00e9r\u00e9 que la population allemande devrait expulser l&rsquo;arm\u00e9e US &#8211; parce qu&rsquo;elle tue des gens et utilise les bases militaires ici pour le faire. Aujourd&rsquo;hui, de nombreux politiciens allemands craignent que Trump n&rsquo;envisage en fait de se retirer de l&rsquo;OTAN et de l&rsquo;Europe &#8211; et en r\u00e9ponse, ils appellent \u00e0 un r\u00e9armement massif. Et n\u00e9anmoins, les \u00c9tats-Unis veulent d\u00e9placer les missiles en Allemagne, etc. Ce n&rsquo;est probablement pas ce que vous aviez \u00e0 l&rsquo;esprit, n&rsquo;est-ce pas ?<\/i><\/b><\/p>\n<p>Tout \u00e0 fait. Cette \u00e9volution est tr\u00e8s pr\u00e9occupante, mais elle n&rsquo;est pas obligatoire. Le fait est que nous devrions donner la priorit\u00e9 \u00e0 la diplomatie, et non \u00e0 l&rsquo;ajout d&rsquo;armes ou \u00e0 la confrontation militaire. Et c&rsquo;est ce qui a vraiment manqu\u00e9 dans toute cette affaire.<\/p>\n<p>Les accords de Minsk I et de Minsk II &#8211; et maintenant que nous en savons plus sur la mani\u00e8re dont ils ont \u00e9t\u00e9 trait\u00e9s &#8211; \u00e9taient cens\u00e9s \u00eatre des efforts diplomatiques s\u00e9rieux. Ils auraient d\u00fb servir \u00e0 pr\u00e9venir toute escalade militaire entre la Russie et l&rsquo;Ukraine.<\/p>\n<p>Ensuite, avec les Ukrainiens, les \u00c9tats-Unis et les pays europ\u00e9ens impliqu\u00e9s, la situation n&rsquo;aurait jamais d\u00fb en arriver au point o\u00f9 la Russie a estim\u00e9 qu&rsquo;elle devait envahir l&rsquo;Ukraine. Pour \u00eatre clair, je ne suis pas du tout d&rsquo;accord avec la d\u00e9cision de la Russie de le faire. Mais en m\u00eame temps, on peut voir comment les choses se sont d\u00e9t\u00e9rior\u00e9es, surtout quand il n&rsquo;y a pas eu d&rsquo;effort r\u00e9el pour arr\u00eater l&rsquo;escalade. C&rsquo;est presque comme si les \u00c9tats-Unis avaient pouss\u00e9 \u00e0 la confrontation.<\/p>\n<p>En fait, de hauts fonctionnaires \u00e9tasuniens ont ouvertement d\u00e9clar\u00e9 que l&rsquo;objectif \u00e9tait en partie d&rsquo;affaiblir la Russie par une longue guerre, de la forcer \u00e0 \u00e9puiser ses ressources militaires et \u00e9conomiques, d&rsquo;imposer davantage de sanctions et, en fin de compte, de provoquer un changement de r\u00e9gime, ce qui est souvent l&rsquo;objectif des \u00c9tats-Unis.<\/p>\n<p>Tout d&rsquo;abord, c&rsquo;est une erreur. Deuxi\u00e8mement, les \u00c9tats-Unis ne semblent jamais tirer les le\u00e7ons de leurs \u00e9checs pass\u00e9s lorsqu&rsquo;il s&rsquo;agit de renverser des gouvernements et d&rsquo;essayer d&rsquo;installer des r\u00e9gimes qui servent leurs int\u00e9r\u00eats. Cela ne marche jamais. Et pourtant, nos hommes politiques semblent se dire : peut-\u00eatre que cette fois-ci, \u00e7a marchera. Alors essayons encore.<\/p>\n<p>Et que se passe-t-il alors ? Des dizaines de milliers, voire des centaines de milliers &#8211; m\u00eame des millions de personnes &#8211; sont tu\u00e9es ou bless\u00e9es. Il est tout simplement incroyable qu&rsquo;\u00e0 notre \u00e9poque, les gouvernements &#8211; en particulier le mien &#8211; continuent de choisir la voie militaire au lieu d&rsquo;une v\u00e9ritable diplomatie.<\/p>\n<p><b><i>Nombreux sont ceux qui se demandent ce qui ne va pas avec le r\u00f4le de l&rsquo;Europe dans tout cela. M\u00eame aujourd&rsquo;hui, alors que Trump pousse \u00e0 la n\u00e9gociation avec la Russie &#8211; ce qui, personnellement, me laisse sceptique en termes d&rsquo;intentions sinc\u00e8res pour la paix dans le monde &#8211; l&rsquo;Europe semble toujours r\u00e9ticente \u00e0 s&rsquo;engager dans un dialogue ou \u00e0 prendre des mesures en faveur de la paix en Ukraine. De votre point de vue, quelles mesures concr\u00e8tes devraient \u00eatre prises en vue d&rsquo;une d\u00e9sescalade ?<\/i><\/b><\/p>\n<p>Eh bien, une mesure concr\u00e8te &#8211; et une mesure importante &#8211; serait que les \u00c9tats-Unis cessent d&rsquo;envoyer de nouvelles armes. Je pense qu&rsquo;ils ont indiqu\u00e9 \u00e0 Zelensky qu&rsquo;il fallait une sorte de n\u00e9gociation, un cessez-le-feu et une voie vers un accord de paix. Il faut donc vraiment que les \u00c9tats-Unis cessent d&rsquo;alimenter cette guerre avec davantage d&rsquo;armes et de soutien militaire.<\/p>\n<p>Comme vous l&rsquo;avez mentionn\u00e9, les gouvernements europ\u00e9ens ne sont pas tellement\u00a0 press\u00e9s de le faire, et il semble bien qu&rsquo;ils veuillent poursuivre cette confrontation. Nous assistons aujourd&rsquo;hui \u00e0 une augmentation consid\u00e9rable des d\u00e9penses militaires dans presque tous les pays europ\u00e9ens, en raison de la menace que la Russie est consid\u00e9r\u00e9e poser.<\/p>\n<p>Si vous ne voulez pas d&rsquo;une menace de la part de la Russie, vous feriez mieux de commencer \u00e0 lui parler. Il faut engager le dialogue &#8211; demander : quels sont exactement les probl\u00e8mes que la Russie voit dans ce qui se passe en Europe ? Ensuite, vous pouvez exprimer ce que l&rsquo;Europe consid\u00e8re comme un probl\u00e8me.<\/p>\n<p>Oui, la d\u00e9cision du gouvernement russe d&rsquo;envahir certaines parties de l&rsquo;Ukraine est terrible. Cela n&rsquo;aurait jamais d\u00fb se produire. Mais cela aurait \u00e9galement pu \u00eatre \u00e9vit\u00e9 si une diplomatie active et r\u00e9elle avait \u00e9t\u00e9 mise en place pour r\u00e9pondre aux pr\u00e9occupations de la F\u00e9d\u00e9ration de Russie et \u00e0 celles de l&rsquo;Ukraine. Ce dont nous avons besoin, c&rsquo;est de rouvrir les canaux diplomatiques et de cr\u00e9er des espaces o\u00f9 ce type de conversation peut avoir lieu.<\/p>\n<p><b><i>Voyez-vous \u00e9galement des d\u00e9veloppements positifs ? Voyez-vous quelque chose d&rsquo;encourageant ?<\/i><\/b><\/p>\n<p>Eh bien&#8230; il est difficile, honn\u00eatement, de voir des d\u00e9veloppements positifs en ce moment. Du point de vue des \u00c9tats-Unis, nous assistons \u00e0 une r\u00e9pression majeure de la libert\u00e9 d&rsquo;expression. Des \u00e9tudiants sont expuls\u00e9s et des organisations comme celles dont je fais partie &#8211; Veterans for Peace, Code Pink, Women for Peace &#8211; sont vilipend\u00e9es par le Congr\u00e8s am\u00e9ricain simplement parce qu&rsquo;elles osent remettre en question les politiques am\u00e9ricaines.<\/p>\n<p>La semaine derni\u00e8re, au S\u00e9nat, lors d&rsquo;auditions t\u00e9l\u00e9vis\u00e9es nationales, deux s\u00e9nateurs ont accus\u00e9 Code Pink d&rsquo;\u00eatre financ\u00e9 par le parti communiste chinois, pour l&rsquo;amour du ciel.<\/p>\n<p>On se serait cru \u00e0 l&rsquo;\u00e9poque de McCarthy. Je me suis fait arr\u00eater parce que j&rsquo;ai tenu t\u00eate au s\u00e9nateur Tom Cotton et j&rsquo;ai dit : \u00ab Nous ne sommes pay\u00e9s par personne &#8211; nous comptons sur de petits dons de particuliers ici aux \u00c9tats-Unis \u00bb.<\/p>\n<p><img loading=\"lazy\" decoding=\"async\" class=\"aligncenter size-full wp-image-2591983\" src=\"https:\/\/www.pressenza.com\/wp-content\/uploads\/2025\/03\/Ann-Wright-arrest-820x647-1.png\" alt=\"\" width=\"820\" height=\"647\" srcset=\"https:\/\/www.pressenza.com\/wp-content\/uploads\/2025\/03\/Ann-Wright-arrest-820x647-1.png 820w, https:\/\/www.pressenza.com\/wp-content\/uploads\/2025\/03\/Ann-Wright-arrest-820x647-1-300x237.png 300w\" sizes=\"auto, (max-width: 820px) 100vw, 820px\" \/><\/p>\n<p>Mais c&rsquo;est le genre de repr\u00e9sailles que nous voyons maintenant. Si l&rsquo;administration Trump n&rsquo;aime pas ce que vous dites, elle s&rsquo;en prend \u00e0 vous. Elle s&rsquo;en prend aux institutions et aux personnes qui ont contest\u00e9 l&rsquo;affirmation de Trump selon laquelle il a gagn\u00e9 les derni\u00e8res \u00e9lections. Les gens ont vraiment peur &#8211; et les tribunaux n&rsquo;agissent pas assez vite pour s&rsquo;opposer \u00e0 tout cela.<\/p>\n<p>Donc&#8230; s&rsquo;il y a un c\u00f4t\u00e9 positif, c&rsquo;est que toute cette r\u00e9pression est en fait en train de revigorer l&rsquo;activisme citoyen. Les gens descendent \u00e0 nouveau dans la rue. Ils font pression sur le Congr\u00e8s. Ils sont tr\u00e8s attentifs aux prochaines \u00e9lections. La semaine derni\u00e8re, nous avons vu des candidats r\u00e9publicains perdre dans des r\u00e9gions o\u00f9 ils \u00e9taient presque s\u00fbrs de gagner &#8211; parce que les citoyens se r\u00e9veillent.<\/p>\n<p>Alors oui, je pense que c&rsquo;est ce qui est encourageant : les gens sont attentifs. Ils s&rsquo;impliquent. Et c&rsquo;est exactement ce qu&rsquo;il faut faire si nous voulons nous opposer \u00e0 des politiques dangereuses pour nos pays et pour le monde.<\/p>\n<p>Et je pense que l&rsquo;on retrouve un peu de cela ici, en Allemagne. M\u00eame si les voix pro-palestiniennes font l&rsquo;objet d&rsquo;une forte r\u00e9pression, il y a riposte.<\/p>\n<p>C&rsquo;est ce qui est encourageant : en tant que citoyens, nous continuons \u00e0 demander des comptes \u00e0 nos gouvernements sur les politiques qu&rsquo;ils m\u00e8nent.<\/p>\n<p><b><i>C&rsquo;est donc l&rsquo;aspect positif de la situation, m\u00eame en ces temps tr\u00e8s difficiles &#8211;\u00a0 la r\u00e9sistance non violente. Les gens descendent dans la rue. Diriez-vous que c&rsquo;est ce que les gens peuvent faire ?<\/i><\/b><\/p>\n<p>Tout \u00e0 fait. Je pense qu&rsquo;il est tr\u00e8s important &#8211; et en particulier le fait de pousser les m\u00e9dias \u00e0 montrer qu&rsquo;il y a un m\u00e9contentement aux \u00c9tats-Unis. En ce moment, nous voyons de plus en plus de r\u00e9unions publiques avec des hommes politiques, et c&rsquo;est tr\u00e8s fort. Les citoyens se l\u00e8vent &#8211; m\u00eame ceux qui soutenaient Trump &#8211; et ils disent : <i>Que faites-vous ? Pourquoi mettez-vous en pi\u00e8ces l&rsquo;ensemble du gouvernement f\u00e9d\u00e9ral ? Vous me faites du mal en tant que v\u00e9t\u00e9ran. Vous me faites du mal en tant que personne \u00e2g\u00e9e d\u00e9pendant de la s\u00e9curit\u00e9 sociale<\/i>.<\/p>\n<p>Alors oui, nous avons besoin de ce genre de<i> visibilit\u00e9.<\/i> Les lettres et les courriels, c&rsquo;est bien. Mais personne ne les voit, sauf celui qui les re\u00e7oit. Il faut \u00eatre dans la rue pour montrer que des centaines de milliers de personnes se pr\u00e9occupent de ces questions.<\/p>\n<p><b><i>Quel regard portez-vous sur la jeune g\u00e9n\u00e9ration dans ce contexte ? Est-ce que cela vous donne de l&rsquo;espoir, ou plut\u00f4t de l&rsquo;inqui\u00e9tude ?<\/i><\/b><\/p>\n<p>Eh bien, cela d\u00e9pend vraiment du sujet. Hier, \u00e0 la manifestation de Wiesbaden, il y avait surtout un public plus \u00e2g\u00e9, ce qui est assez similaire \u00e0 ce que l&rsquo;on voit lors des manifestations pour la paix aux \u00c9tats-Unis. Mais en ce qui concerne la Palestine, et le g\u00e9nocide isra\u00e9lien \u00e0 Gaza, ce mouvement est men\u00e9 par les jeunes. Ce sont eux qui sont en premi\u00e8re ligne, qui s&rsquo;organisent, qui s&rsquo;expriment, qui prennent des risques. Et ils sont soutenus par les g\u00e9n\u00e9rations plus \u00e2g\u00e9es, certes, mais ce sont les jeunes qui montrent la voie. M\u00eame chose pour les questions environnementales aux \u00c9tats-Unis : c\u2019est la jeune g\u00e9n\u00e9ration qui se mobilise, qui se pr\u00e9occupe de son avenir et qui exige des mesures concr\u00e8tes.<\/p>\n<p>Ce qui me donne de l\u2019espoir, c\u2019est leur<i> indignation<\/i>. Ils ne sont pas insensibles. Ils ne sont pas indiff\u00e9rents. Ils observent ce qui se passe \u2013 le monde du XXIe si\u00e8cle<i> laisse se produire un nouveau g\u00e9nocide<\/i> \u2013 et ils en sont<i> furieux.<\/i><\/p>\n<p><b><i>Pourquoi pensez-vous qu&rsquo;il est si difficile pour les gens de voir les liens entre la militarisation, le d\u00e9mant\u00e8lement des services sociaux, le d\u00e9clin de l&rsquo;\u00e9ducation et des soins de sant\u00e9, l&rsquo;effondrement des infrastructures, la pauvret\u00e9 croissante et la destruction de l&rsquo;environnement ? Cela semble \u00e9vident, mais apparemment, ce n&rsquo;est pas le cas.<\/i><\/b><\/p>\n<p>Vous avez raison. Et je pense que nous sommes tous confront\u00e9s \u00e0 ce probl\u00e8me. Peut-\u00eatre est-ce d\u00fb au fait que les gens s&rsquo;int\u00e9ressent particuli\u00e8rement \u00e0 des choses qui les touchent directement au quotidien. Et comme il n&rsquo;y a plus de conscription pour l&rsquo;arm\u00e9e US, l&rsquo;arm\u00e9e n&rsquo;affecte pas directement la plupart de ceux de la jeune g\u00e9n\u00e9ration, car ils sont si peu nombreux \u00e0 s&rsquo;engager. Ce sont surtout ceux qui ont besoin d&rsquo;un emploi et qui n&rsquo;en trouvent pas ailleurs qui finissent par s&rsquo;engager.<\/p>\n<p>Mais je pense que nous continuerons d&rsquo;essayer de lier ces questions, de les pr\u00e9senter comme un tout coh\u00e9rent. De montrer toutes les tentacules de la pieuvre : comment la militarisation affecte notre soci\u00e9t\u00e9 tout enti\u00e8re : l&rsquo;environnement, par exemple, ou l&rsquo;expulsion des migrants.<\/p>\n<p>En ce moment, l&rsquo;arm\u00e9e US \u2013 des militaires en service actif \u2013 est d\u00e9ploy\u00e9e \u00e0 la fronti\u00e8re pour aider \u00e0 refouler les gens. Des vols militaires emm\u00e8nent des personnes hors du pays dans le cadre d&rsquo;op\u00e9rations d&rsquo;expulsion, sans aucune forme d&rsquo;audience judiciaire.<\/p>\n<p>Et cet aspect \u2013 les expulsions forc\u00e9es \u2013 est un sujet auquel les jeunes s&rsquo;accrochent vraiment, d&rsquo;autant plus que de nombreux jeunes immigrants vivent aux \u00c9tats-Unis depuis longtemps. Ils se consid\u00e8rent comme faisant partie du pays \u2013 r\u00e9sidents, voire citoyens. Et m\u00eame s&rsquo;ils n&rsquo;ont pas de statut l\u00e9gal, ils font partie de notre soci\u00e9t\u00e9 depuis si longtemps qu&rsquo;ils veulent simplement \u00eatre trait\u00e9s comme s&rsquo;ils y appartenaient \u2013 \u200b\u200bcar <i>ils y appartiennent bel et bien<\/i>.<\/p>\n<p>Je pense donc que cette question contribue \u00e0 rassembler les diff\u00e9rentes composantes de notre communaut\u00e9 pour la justice sociale.<\/p>\n<p><b><i>Malheureusement, le temps commence \u00e0 manquer. Face \u00e0 tous les revers et \u00e0 la situation d\u00e9sastreuse du monde, o\u00f9 puisez-vous votre force ? Comment parvenez-vous \u00e0 garder courage et espoir ? Beaucoup de militants ont du mal avec cela.<\/i><\/b><\/p>\n<p>Eh bien, vous savez, je m&rsquo;inspire de ceux qui sont opprim\u00e9s \u2013 et qui r\u00e9sistent encore. Il suffit de regarder les Palestiniens \u2013 \u00e0 Gaza et en Cisjordanie \u2013 et tout ce qu&rsquo;ils traversent. Et pourtant, l&rsquo;esprit dont ils font preuve\u2026 Peu importe le nombre de centaines de milliers de morts, ils disent : \u00ab<i> Nous n&rsquo;abandonnerons pas. Nous ne renoncerons pas \u00e0 \u00eatre Palestiniens. Nous ne renoncerons pas \u00e0 vivre sur les terres o\u00f9 nous vivons depuis des milliers d&rsquo;ann\u00e9es. \u00bb<\/i><\/p>\n<p>Je m&rsquo;inspire aussi des Ukrainiens : ceux qui disent : \u00ab<i> Notre territoire a \u00e9t\u00e9 envahi<\/i> \u00bb, et des citoyens ordinaires qui disent : \u00ab<i> Cela ne peut pas continue<\/i>r. \u00bb Ils sont pr\u00eats \u00e0 contester ce qui se passe, mais ils affirment : \u00ab<i> Il faut la paix. \u00bb<\/i> Ils ne veulent pas que d&rsquo;autres personnes meurent.<\/p>\n<p>Je puise aussi du courage aupr\u00e8s des immigrants vivant aux \u00c9tats-Unis : des gens qui ont travaill\u00e9 si dur, qui sont devenus partie int\u00e9grante de notre soci\u00e9t\u00e9, et qui pourtant sont maintenant expuls\u00e9s. Et m\u00eame l\u00e0, quand on les entend parler, ils expriment toujours leur gratitude pour le temps pass\u00e9 aux \u00c9tats-Unis. Ils repartent avec des valeurs diff\u00e9rentes, m\u00eame si cette derni\u00e8re le\u00e7on, celle de l&rsquo;expulsion, est une le\u00e7on qu&rsquo;ils n&rsquo;appr\u00e9cieront certainement pas.<\/p>\n<p>Mais dans l&rsquo;ensemble\u2026 il y a tellement d&rsquo;espoir chez ceux qui continuent \u00e0 \u0153uvrer pour un monde meilleur. Et tous ces gens qui travaillent dur pour l&rsquo;humanit\u00e9 me donnent de la force. Ils me donnent de l&rsquo;espoir.<\/p>\n<p><b>Ch\u00e8re Ann, merci du fond du c\u0153ur pour votre temps, vos paroles claires et votre voix infatigable en faveur de la paix. C&rsquo;est toujours une source d&rsquo;inspiration de vous parler. <\/b><b><i>Nous vous souhaitons beaucoup de force et de bonne sant\u00e9 \u2013 et esp\u00e9rons vous accueillir bient\u00f4t de nouveau en Allemagne, aux c\u00f4t\u00e9s du mouvement pacifiste.<\/i><\/b><\/p>\n","protected":false},"excerpt":{"rendered":"<p>Ann Wright est une militante pacifiste, une ancienne diplomate \u00e9tasunienne et une colonelle de l&rsquo;arm\u00e9e US \u00e0 la retraite. En 2003, elle a d\u00e9missionn\u00e9 du service diplomatique pour protester contre la guerre en Irak et s&rsquo;est depuis engag\u00e9e sans rel\u00e2che&hellip;<\/p>\n","protected":false},"author":1089,"featured_media":2594865,"comment_status":"closed","ping_status":"closed","sticky":false,"template":"","format":"standard","meta":{"footnotes":""},"categories":[11386,40,156,1250,93],"tags":[2638,135023,135022,3784,54933,1002,1508,4794,30720,28903,265,111713,298],"class_list":["post-2594857","post","type-post","status-publish","format-standard","has-post-thumbnail","hentry","category-contenu-original","category-international-fr","category-interview-fr","category-paix-desarmement","category-politique","tag-allemagne","tag-ann-wright-fr","tag-armee-us","tag-desarmement","tag-diplomatie-fr","tag-droits-humains","tag-gaza-fr","tag-militarisation","tag-mouvement-pour-la-paix","tag-non-violence","tag-nonviolence","tag-otan-fr-2","tag-paix"],"yoast_head":"<!-- This site is optimized with the Yoast SEO plugin v27.1.1 - https:\/\/yoast.com\/product\/yoast-seo-wordpress\/ -->\n<title>Ann Wright : La voix de la r\u00e9sistance contre la guerre et la militarisation<\/title>\n<meta name=\"description\" content=\"Ann Wright est une militante pacifiste, une ancienne diplomate \u00e9tasunienne et une colonelle de l&#039;arm\u00e9e US \u00e0 la retraite. En 2003, elle a d\u00e9missionn\u00e9 du\" \/>\n<meta name=\"robots\" content=\"index, follow, max-snippet:-1, max-image-preview:large, max-video-preview:-1\" \/>\n<link rel=\"canonical\" href=\"https:\/\/www.pressenza.com\/fr\/2025\/04\/ann-wright-la-voix-de-la-resistance-contre-la-guerre-et-la-militarisation\/\" \/>\n<meta property=\"og:locale\" content=\"fr_FR\" \/>\n<meta property=\"og:type\" content=\"article\" \/>\n<meta property=\"og:title\" content=\"Ann Wright : La voix de la r\u00e9sistance contre la guerre et la militarisation\" \/>\n<meta property=\"og:description\" content=\"Ann Wright est une militante pacifiste, une ancienne diplomate \u00e9tasunienne et une colonelle de l&#039;arm\u00e9e US \u00e0 la retraite. En 2003, elle a d\u00e9missionn\u00e9 du\" \/>\n<meta property=\"og:url\" content=\"https:\/\/www.pressenza.com\/fr\/2025\/04\/ann-wright-la-voix-de-la-resistance-contre-la-guerre-et-la-militarisation\/\" \/>\n<meta property=\"og:site_name\" content=\"Pressenza\" \/>\n<meta property=\"article:publisher\" content=\"https:\/\/www.facebook.com\/PressenzaItalia\" \/>\n<meta property=\"article:author\" content=\"https:\/\/www.facebook.com\/rthumiger\" \/>\n<meta property=\"article:published_time\" content=\"2025-04-03T21:42:05+00:00\" \/>\n<meta property=\"article:modified_time\" content=\"2025-04-04T09:17:08+00:00\" \/>\n<meta property=\"og:image\" content=\"https:\/\/www.pressenza.com\/wp-content\/uploads\/2025\/04\/Ann_Wright_Security_Council.png\" \/>\n\t<meta property=\"og:image:width\" content=\"1280\" \/>\n\t<meta property=\"og:image:height\" content=\"720\" \/>\n\t<meta property=\"og:image:type\" content=\"image\/png\" \/>\n<meta name=\"author\" content=\"Reto Thumiger\" \/>\n<meta name=\"twitter:card\" content=\"summary_large_image\" \/>\n<meta name=\"twitter:creator\" content=\"@pressenza_ger\" \/>\n<meta name=\"twitter:site\" content=\"@PressenzaIPA\" \/>\n<meta name=\"twitter:label1\" content=\"\u00c9crit par\" \/>\n\t<meta name=\"twitter:data1\" content=\"Reto Thumiger\" \/>\n\t<meta name=\"twitter:label2\" content=\"Dur\u00e9e de lecture estim\u00e9e\" \/>\n\t<meta name=\"twitter:data2\" content=\"17 minutes\" \/>\n<script type=\"application\/ld+json\" class=\"yoast-schema-graph\">{\"@context\":\"https:\/\/schema.org\",\"@graph\":[{\"@type\":\"Article\",\"@id\":\"https:\/\/www.pressenza.com\/fr\/2025\/04\/ann-wright-la-voix-de-la-resistance-contre-la-guerre-et-la-militarisation\/#article\",\"isPartOf\":{\"@id\":\"https:\/\/www.pressenza.com\/fr\/2025\/04\/ann-wright-la-voix-de-la-resistance-contre-la-guerre-et-la-militarisation\/\"},\"author\":{\"name\":\"Reto Thumiger\",\"@id\":\"https:\/\/www.pressenza.com\/fr\/#\/schema\/person\/e233667f8b5764bd84b766de5286a5fa\"},\"headline\":\"Ann Wright : La voix de la r\u00e9sistance contre la guerre et la militarisation\",\"datePublished\":\"2025-04-03T21:42:05+00:00\",\"dateModified\":\"2025-04-04T09:17:08+00:00\",\"mainEntityOfPage\":{\"@id\":\"https:\/\/www.pressenza.com\/fr\/2025\/04\/ann-wright-la-voix-de-la-resistance-contre-la-guerre-et-la-militarisation\/\"},\"wordCount\":3360,\"publisher\":{\"@id\":\"https:\/\/www.pressenza.com\/fr\/#organization\"},\"image\":{\"@id\":\"https:\/\/www.pressenza.com\/fr\/2025\/04\/ann-wright-la-voix-de-la-resistance-contre-la-guerre-et-la-militarisation\/#primaryimage\"},\"thumbnailUrl\":\"https:\/\/www.pressenza.com\/wp-content\/uploads\/2025\/04\/Ann_Wright_Security_Council.png\",\"keywords\":[\"Allemagne\",\"Ann Wright\",\"arm\u00e9e US\",\"d\u00e9sarmement\",\"Diplomatie\",\"Droits humains\",\"Gaza\",\"militarisation\",\"Mouvement pour la Paix\",\"non-violence\",\"nonviolence\",\"OTAN\",\"Paix\"],\"articleSection\":[\"Contenu Original\",\"International\",\"Interviews\",\"Paix et D\u00e9sarmement\",\"Politique\"],\"inLanguage\":\"fr-FR\"},{\"@type\":\"WebPage\",\"@id\":\"https:\/\/www.pressenza.com\/fr\/2025\/04\/ann-wright-la-voix-de-la-resistance-contre-la-guerre-et-la-militarisation\/\",\"url\":\"https:\/\/www.pressenza.com\/fr\/2025\/04\/ann-wright-la-voix-de-la-resistance-contre-la-guerre-et-la-militarisation\/\",\"name\":\"Ann Wright : La voix de la r\u00e9sistance contre la guerre et la militarisation\",\"isPartOf\":{\"@id\":\"https:\/\/www.pressenza.com\/fr\/#website\"},\"primaryImageOfPage\":{\"@id\":\"https:\/\/www.pressenza.com\/fr\/2025\/04\/ann-wright-la-voix-de-la-resistance-contre-la-guerre-et-la-militarisation\/#primaryimage\"},\"image\":{\"@id\":\"https:\/\/www.pressenza.com\/fr\/2025\/04\/ann-wright-la-voix-de-la-resistance-contre-la-guerre-et-la-militarisation\/#primaryimage\"},\"thumbnailUrl\":\"https:\/\/www.pressenza.com\/wp-content\/uploads\/2025\/04\/Ann_Wright_Security_Council.png\",\"datePublished\":\"2025-04-03T21:42:05+00:00\",\"dateModified\":\"2025-04-04T09:17:08+00:00\",\"description\":\"Ann Wright est une militante pacifiste, une ancienne diplomate \u00e9tasunienne et une colonelle de l'arm\u00e9e US \u00e0 la retraite. En 2003, elle a d\u00e9missionn\u00e9 du\",\"breadcrumb\":{\"@id\":\"https:\/\/www.pressenza.com\/fr\/2025\/04\/ann-wright-la-voix-de-la-resistance-contre-la-guerre-et-la-militarisation\/#breadcrumb\"},\"inLanguage\":\"fr-FR\",\"potentialAction\":[{\"@type\":\"ReadAction\",\"target\":[\"https:\/\/www.pressenza.com\/fr\/2025\/04\/ann-wright-la-voix-de-la-resistance-contre-la-guerre-et-la-militarisation\/\"]}]},{\"@type\":\"ImageObject\",\"inLanguage\":\"fr-FR\",\"@id\":\"https:\/\/www.pressenza.com\/fr\/2025\/04\/ann-wright-la-voix-de-la-resistance-contre-la-guerre-et-la-militarisation\/#primaryimage\",\"url\":\"https:\/\/www.pressenza.com\/wp-content\/uploads\/2025\/04\/Ann_Wright_Security_Council.png\",\"contentUrl\":\"https:\/\/www.pressenza.com\/wp-content\/uploads\/2025\/04\/Ann_Wright_Security_Council.png\",\"width\":1280,\"height\":720},{\"@type\":\"BreadcrumbList\",\"@id\":\"https:\/\/www.pressenza.com\/fr\/2025\/04\/ann-wright-la-voix-de-la-resistance-contre-la-guerre-et-la-militarisation\/#breadcrumb\",\"itemListElement\":[{\"@type\":\"ListItem\",\"position\":1,\"name\":\"Accueil\",\"item\":\"https:\/\/www.pressenza.com\/fr\/\"},{\"@type\":\"ListItem\",\"position\":2,\"name\":\"Ann Wright : La voix de la r\u00e9sistance contre la guerre et la militarisation\"}]},{\"@type\":\"WebSite\",\"@id\":\"https:\/\/www.pressenza.com\/fr\/#website\",\"url\":\"https:\/\/www.pressenza.com\/fr\/\",\"name\":\"Pressenza\",\"description\":\"International Press Agency\",\"publisher\":{\"@id\":\"https:\/\/www.pressenza.com\/fr\/#organization\"},\"potentialAction\":[{\"@type\":\"SearchAction\",\"target\":{\"@type\":\"EntryPoint\",\"urlTemplate\":\"https:\/\/www.pressenza.com\/fr\/?s={search_term_string}\"},\"query-input\":{\"@type\":\"PropertyValueSpecification\",\"valueRequired\":true,\"valueName\":\"search_term_string\"}}],\"inLanguage\":\"fr-FR\"},{\"@type\":\"Organization\",\"@id\":\"https:\/\/www.pressenza.com\/fr\/#organization\",\"name\":\"Pressenza\",\"url\":\"https:\/\/www.pressenza.com\/fr\/\",\"logo\":{\"@type\":\"ImageObject\",\"inLanguage\":\"fr-FR\",\"@id\":\"https:\/\/www.pressenza.com\/fr\/#\/schema\/logo\/image\/\",\"url\":\"https:\/\/www.pressenza.com\/wp-content\/uploads\/2022\/10\/pressenza_logo_200x200.jpg\",\"contentUrl\":\"https:\/\/www.pressenza.com\/wp-content\/uploads\/2022\/10\/pressenza_logo_200x200.jpg\",\"width\":200,\"height\":200,\"caption\":\"Pressenza\"},\"image\":{\"@id\":\"https:\/\/www.pressenza.com\/fr\/#\/schema\/logo\/image\/\"},\"sameAs\":[\"https:\/\/www.facebook.com\/PressenzaItalia\",\"https:\/\/x.com\/PressenzaIPA\"]},{\"@type\":\"Person\",\"@id\":\"https:\/\/www.pressenza.com\/fr\/#\/schema\/person\/e233667f8b5764bd84b766de5286a5fa\",\"name\":\"Reto Thumiger\",\"description\":\"The Swiss-born business administrator has been an activist for the New Humanism for over 25 years. He is committed to the promotion of cultural diversity, equal rights and the creation of equal opportunities for all people. He is committed to an internal and external revolution based on active non-violence. Through his voluntary work at Pressenza, he endeavours to contribute to overcoming violence through journalism that focuses on peace and non-violence.\",\"sameAs\":[\"http:\/\/www.pressenza.com\/de\",\"https:\/\/www.facebook.com\/rthumiger\",\"https:\/\/x.com\/pressenza_ger\"],\"url\":\"https:\/\/www.pressenza.com\/fr\/author\/reto-thumiger\/\"}]}<\/script>\n<!-- \/ Yoast SEO plugin. -->","yoast_head_json":{"title":"Ann Wright : La voix de la r\u00e9sistance contre la guerre et la militarisation","description":"Ann Wright est une militante pacifiste, une ancienne diplomate \u00e9tasunienne et une colonelle de l'arm\u00e9e US \u00e0 la retraite. En 2003, elle a d\u00e9missionn\u00e9 du","robots":{"index":"index","follow":"follow","max-snippet":"max-snippet:-1","max-image-preview":"max-image-preview:large","max-video-preview":"max-video-preview:-1"},"canonical":"https:\/\/www.pressenza.com\/fr\/2025\/04\/ann-wright-la-voix-de-la-resistance-contre-la-guerre-et-la-militarisation\/","og_locale":"fr_FR","og_type":"article","og_title":"Ann Wright : La voix de la r\u00e9sistance contre la guerre et la militarisation","og_description":"Ann Wright est une militante pacifiste, une ancienne diplomate \u00e9tasunienne et une colonelle de l'arm\u00e9e US \u00e0 la retraite. En 2003, elle a d\u00e9missionn\u00e9 du","og_url":"https:\/\/www.pressenza.com\/fr\/2025\/04\/ann-wright-la-voix-de-la-resistance-contre-la-guerre-et-la-militarisation\/","og_site_name":"Pressenza","article_publisher":"https:\/\/www.facebook.com\/PressenzaItalia","article_author":"https:\/\/www.facebook.com\/rthumiger","article_published_time":"2025-04-03T21:42:05+00:00","article_modified_time":"2025-04-04T09:17:08+00:00","og_image":[{"width":1280,"height":720,"url":"https:\/\/www.pressenza.com\/wp-content\/uploads\/2025\/04\/Ann_Wright_Security_Council.png","type":"image\/png"}],"author":"Reto Thumiger","twitter_card":"summary_large_image","twitter_creator":"@pressenza_ger","twitter_site":"@PressenzaIPA","twitter_misc":{"\u00c9crit par":"Reto Thumiger","Dur\u00e9e de lecture estim\u00e9e":"17 minutes"},"schema":{"@context":"https:\/\/schema.org","@graph":[{"@type":"Article","@id":"https:\/\/www.pressenza.com\/fr\/2025\/04\/ann-wright-la-voix-de-la-resistance-contre-la-guerre-et-la-militarisation\/#article","isPartOf":{"@id":"https:\/\/www.pressenza.com\/fr\/2025\/04\/ann-wright-la-voix-de-la-resistance-contre-la-guerre-et-la-militarisation\/"},"author":{"name":"Reto Thumiger","@id":"https:\/\/www.pressenza.com\/fr\/#\/schema\/person\/e233667f8b5764bd84b766de5286a5fa"},"headline":"Ann Wright : La voix de la r\u00e9sistance contre la guerre et la militarisation","datePublished":"2025-04-03T21:42:05+00:00","dateModified":"2025-04-04T09:17:08+00:00","mainEntityOfPage":{"@id":"https:\/\/www.pressenza.com\/fr\/2025\/04\/ann-wright-la-voix-de-la-resistance-contre-la-guerre-et-la-militarisation\/"},"wordCount":3360,"publisher":{"@id":"https:\/\/www.pressenza.com\/fr\/#organization"},"image":{"@id":"https:\/\/www.pressenza.com\/fr\/2025\/04\/ann-wright-la-voix-de-la-resistance-contre-la-guerre-et-la-militarisation\/#primaryimage"},"thumbnailUrl":"https:\/\/www.pressenza.com\/wp-content\/uploads\/2025\/04\/Ann_Wright_Security_Council.png","keywords":["Allemagne","Ann Wright","arm\u00e9e US","d\u00e9sarmement","Diplomatie","Droits humains","Gaza","militarisation","Mouvement pour la Paix","non-violence","nonviolence","OTAN","Paix"],"articleSection":["Contenu Original","International","Interviews","Paix et D\u00e9sarmement","Politique"],"inLanguage":"fr-FR"},{"@type":"WebPage","@id":"https:\/\/www.pressenza.com\/fr\/2025\/04\/ann-wright-la-voix-de-la-resistance-contre-la-guerre-et-la-militarisation\/","url":"https:\/\/www.pressenza.com\/fr\/2025\/04\/ann-wright-la-voix-de-la-resistance-contre-la-guerre-et-la-militarisation\/","name":"Ann Wright : La voix de la r\u00e9sistance contre la guerre et la militarisation","isPartOf":{"@id":"https:\/\/www.pressenza.com\/fr\/#website"},"primaryImageOfPage":{"@id":"https:\/\/www.pressenza.com\/fr\/2025\/04\/ann-wright-la-voix-de-la-resistance-contre-la-guerre-et-la-militarisation\/#primaryimage"},"image":{"@id":"https:\/\/www.pressenza.com\/fr\/2025\/04\/ann-wright-la-voix-de-la-resistance-contre-la-guerre-et-la-militarisation\/#primaryimage"},"thumbnailUrl":"https:\/\/www.pressenza.com\/wp-content\/uploads\/2025\/04\/Ann_Wright_Security_Council.png","datePublished":"2025-04-03T21:42:05+00:00","dateModified":"2025-04-04T09:17:08+00:00","description":"Ann Wright est une militante pacifiste, une ancienne diplomate \u00e9tasunienne et une colonelle de l'arm\u00e9e US \u00e0 la retraite. En 2003, elle a d\u00e9missionn\u00e9 du","breadcrumb":{"@id":"https:\/\/www.pressenza.com\/fr\/2025\/04\/ann-wright-la-voix-de-la-resistance-contre-la-guerre-et-la-militarisation\/#breadcrumb"},"inLanguage":"fr-FR","potentialAction":[{"@type":"ReadAction","target":["https:\/\/www.pressenza.com\/fr\/2025\/04\/ann-wright-la-voix-de-la-resistance-contre-la-guerre-et-la-militarisation\/"]}]},{"@type":"ImageObject","inLanguage":"fr-FR","@id":"https:\/\/www.pressenza.com\/fr\/2025\/04\/ann-wright-la-voix-de-la-resistance-contre-la-guerre-et-la-militarisation\/#primaryimage","url":"https:\/\/www.pressenza.com\/wp-content\/uploads\/2025\/04\/Ann_Wright_Security_Council.png","contentUrl":"https:\/\/www.pressenza.com\/wp-content\/uploads\/2025\/04\/Ann_Wright_Security_Council.png","width":1280,"height":720},{"@type":"BreadcrumbList","@id":"https:\/\/www.pressenza.com\/fr\/2025\/04\/ann-wright-la-voix-de-la-resistance-contre-la-guerre-et-la-militarisation\/#breadcrumb","itemListElement":[{"@type":"ListItem","position":1,"name":"Accueil","item":"https:\/\/www.pressenza.com\/fr\/"},{"@type":"ListItem","position":2,"name":"Ann Wright : La voix de la r\u00e9sistance contre la guerre et la militarisation"}]},{"@type":"WebSite","@id":"https:\/\/www.pressenza.com\/fr\/#website","url":"https:\/\/www.pressenza.com\/fr\/","name":"Pressenza","description":"International Press Agency","publisher":{"@id":"https:\/\/www.pressenza.com\/fr\/#organization"},"potentialAction":[{"@type":"SearchAction","target":{"@type":"EntryPoint","urlTemplate":"https:\/\/www.pressenza.com\/fr\/?s={search_term_string}"},"query-input":{"@type":"PropertyValueSpecification","valueRequired":true,"valueName":"search_term_string"}}],"inLanguage":"fr-FR"},{"@type":"Organization","@id":"https:\/\/www.pressenza.com\/fr\/#organization","name":"Pressenza","url":"https:\/\/www.pressenza.com\/fr\/","logo":{"@type":"ImageObject","inLanguage":"fr-FR","@id":"https:\/\/www.pressenza.com\/fr\/#\/schema\/logo\/image\/","url":"https:\/\/www.pressenza.com\/wp-content\/uploads\/2022\/10\/pressenza_logo_200x200.jpg","contentUrl":"https:\/\/www.pressenza.com\/wp-content\/uploads\/2022\/10\/pressenza_logo_200x200.jpg","width":200,"height":200,"caption":"Pressenza"},"image":{"@id":"https:\/\/www.pressenza.com\/fr\/#\/schema\/logo\/image\/"},"sameAs":["https:\/\/www.facebook.com\/PressenzaItalia","https:\/\/x.com\/PressenzaIPA"]},{"@type":"Person","@id":"https:\/\/www.pressenza.com\/fr\/#\/schema\/person\/e233667f8b5764bd84b766de5286a5fa","name":"Reto Thumiger","description":"The Swiss-born business administrator has been an activist for the New Humanism for over 25 years. He is committed to the promotion of cultural diversity, equal rights and the creation of equal opportunities for all people. He is committed to an internal and external revolution based on active non-violence. Through his voluntary work at Pressenza, he endeavours to contribute to overcoming violence through journalism that focuses on peace and non-violence.","sameAs":["http:\/\/www.pressenza.com\/de","https:\/\/www.facebook.com\/rthumiger","https:\/\/x.com\/pressenza_ger"],"url":"https:\/\/www.pressenza.com\/fr\/author\/reto-thumiger\/"}]}},"place":"Berlin, Allemagne","original_article_url":"","_links":{"self":[{"href":"https:\/\/www.pressenza.com\/fr\/wp-json\/wp\/v2\/posts\/2594857","targetHints":{"allow":["GET"]}}],"collection":[{"href":"https:\/\/www.pressenza.com\/fr\/wp-json\/wp\/v2\/posts"}],"about":[{"href":"https:\/\/www.pressenza.com\/fr\/wp-json\/wp\/v2\/types\/post"}],"author":[{"embeddable":true,"href":"https:\/\/www.pressenza.com\/fr\/wp-json\/wp\/v2\/users\/1089"}],"replies":[{"embeddable":true,"href":"https:\/\/www.pressenza.com\/fr\/wp-json\/wp\/v2\/comments?post=2594857"}],"version-history":[{"count":0,"href":"https:\/\/www.pressenza.com\/fr\/wp-json\/wp\/v2\/posts\/2594857\/revisions"}],"wp:featuredmedia":[{"embeddable":true,"href":"https:\/\/www.pressenza.com\/fr\/wp-json\/wp\/v2\/media\/2594865"}],"wp:attachment":[{"href":"https:\/\/www.pressenza.com\/fr\/wp-json\/wp\/v2\/media?parent=2594857"}],"wp:term":[{"taxonomy":"category","embeddable":true,"href":"https:\/\/www.pressenza.com\/fr\/wp-json\/wp\/v2\/categories?post=2594857"},{"taxonomy":"post_tag","embeddable":true,"href":"https:\/\/www.pressenza.com\/fr\/wp-json\/wp\/v2\/tags?post=2594857"}],"curies":[{"name":"wp","href":"https:\/\/api.w.org\/{rel}","templated":true}]}}