{"id":2592435,"date":"2025-03-24T23:14:07","date_gmt":"2025-03-24T23:14:07","guid":{"rendered":"https:\/\/www.pressenza.com\/?p=2592435"},"modified":"2025-03-24T23:31:11","modified_gmt":"2025-03-24T23:31:11","slug":"il-y-a-22-ans-jai-demissionne-du-gouvernement-des-etats-unis-a-cause-de-la-guerre-de-bush-contre-lirak-et-que-ne-donnerais-je-pas-pour-avoir-plus-de-demissions-a-offrir","status":"publish","type":"post","link":"https:\/\/www.pressenza.com\/fr\/2025\/03\/il-y-a-22-ans-jai-demissionne-du-gouvernement-des-etats-unis-a-cause-de-la-guerre-de-bush-contre-lirak-et-que-ne-donnerais-je-pas-pour-avoir-plus-de-demissions-a-offrir\/","title":{"rendered":"Il y a 22 ans, j&rsquo;ai d\u00e9missionn\u00e9 du gouvernement des \u00c9tats-Unis \u00e0 cause de la guerre de Bush contre l&rsquo;Irak&#8230; et que ne donnerais-je pas pour avoir plus de d\u00e9missions \u00e0 offrir ! !"},"content":{"rendered":"<p style=\"padding-left: 40px;\">Il y a 22 ans, le 19 mars 2003, j&rsquo;ai d\u00e9missionn\u00e9 du D\u00e9partement d&rsquo;\u00c9tat des Etats-Unis. J&rsquo;\u00e9tais cheffe de mission adjointe \u00e0 l&rsquo;ambassade des \u00c9tats-Unis \u00e0 Oulan-Bator, en Mongolie, et le troisi\u00e8me employ\u00e9 du gouvernement \u00e0 d\u00e9missionner pour s&rsquo;opposer \u00e0 la guerre des \u00c9tats-Unis contre l&rsquo;Irak. J&rsquo;ai d\u00e9missionn\u00e9 le jour o\u00f9 l&rsquo;administration Bush a commenc\u00e9 la guerre de dix ans contre l&rsquo;Irak, le 19 mars 2003.<\/p>\n<p>Par Ann Wright, ancienne diplomate USA et colonelle de l&rsquo;arm\u00e9e \u00e0 la retraite<\/p>\n<p>22 ans plus tard, je ne regrette pas du tout ma d\u00e9cision.<\/p>\n<p>Le pr\u00e9sident Bush, comme les pr\u00e9sidents qui l&rsquo;ont pr\u00e9c\u00e9d\u00e9 et suivi, a menti. Il a notamment menti sur la raison pour laquelle les \u00c9tats-Unis ont attaqu\u00e9 et tu\u00e9 des centaines de milliers d&rsquo;Irakiens.<\/p>\n<p>En 2003, Bush, Cheney, Rumsfeld et Powell ont menti en affirmant que l&rsquo;Irak poss\u00e9dait des armes de destruction massive, alors que les inspecteurs internationaux en d\u00e9sarmement avaient clairement d\u00e9clar\u00e9 qu&rsquo;apr\u00e8s leur enqu\u00eate exhaustive, il n&rsquo;y avait pas d&rsquo;armes de destruction massive.<\/p>\n<p>Au lieu de croire cela, Bush a suivi les conseillers qui ont r\u00e9dig\u00e9 le guide\u00a0<i><a href=\"https:\/\/archive.org\/details\/ProjectForANewAmericanCenturyRebuildingAmericasDefenses\/page\/n53\/mode\/2up\">Project for the New American Century<\/a> <\/i><i>(<\/i>Projet pour le nouveau si\u00e8cle USA), qui appelait au renversement de sept pays au Moyen-Orient, et l&rsquo;Irak a \u00e9t\u00e9 le premier \u00e0 \u00eatre renvers\u00e9.<\/p>\n<p>Les noms des auteurs de cette guerre contre le monde, la \u00ab guerre contre la terreur \u00bb, sont encore dans l&rsquo;infamie : Donald Rumsfeld, Richard Pearlman, Douglas Feith et, bien s\u00fbr, le vice-pr\u00e9sident Dick Cheney.<\/p>\n<p>Bush avait d\u00e9j\u00e0 menti sur la raison de l&rsquo;envoi de l&rsquo;arm\u00e9e USA en Afghanistan. Au lieu de mettre en place une police internationale pour retrouver les dirigeants d&rsquo;Al-Qa\u00efda qui avaient planifi\u00e9 et ex\u00e9cut\u00e9 les \u00e9v\u00e9nements du 11 septembre, l&rsquo;administration Bush voulait disposer d&rsquo;une plate-forme \u00e0 c\u00f4t\u00e9 de l&rsquo;Iran pour mener une guerre contre ce pays. Mais les Talibans, peu nombreux, sous-financ\u00e9s et mal entra\u00een\u00e9s, ont tenu en \u00e9chec l&rsquo;arm\u00e9e USA et l&rsquo;arm\u00e9e afghane, tr\u00e8s bien entra\u00een\u00e9e et peu motiv\u00e9e, pendant les 20 ann\u00e9es o\u00f9 les \u00c9tats-Unis ont \u00e9t\u00e9 pr\u00e9sents en Afghanistan.<\/p>\n<p>J&rsquo;ai fait partie de l&rsquo;\u00e9quipe qui a rouvert l&rsquo;ambassade USA \u00e0 Kaboul, en Afghanistan, en d\u00e9cembre 2001. Notre petit groupe de diplomates s&rsquo;est tr\u00e8s vite rendu compte que la poursuite d&rsquo;Al-Qa\u00efda n&rsquo;\u00e9tait pas l&rsquo;objectif principal de l&rsquo;intervention en Afghanistan. Les politiques et les financements USA en 2002 \u00e9taient ax\u00e9s sur d&rsquo;autres objectifs&#8230; et il s&rsquo;est av\u00e9r\u00e9 qu&rsquo;il s&rsquo;agissait de renverser Sadam Hussein en Irak.<\/p>\n<p>Si j&rsquo;avais une d\u00e9mission de plus&#8230; non, deux d\u00e9missions de plus.<\/p>\n<p>Une d\u00e9mission sur la complicit\u00e9 de Biden dans le g\u00e9nocide de Gaza<\/p>\n<p>Au cours des vingt-deux ann\u00e9es qui ont suivi, j&rsquo;ai eu \u00e0 maintes reprises le sentiment que si j&rsquo;avais encore fait partie du gouvernement USA, j&rsquo;aurais d\u00e9missionn\u00e9.<\/p>\n<p>La complicit\u00e9 du pr\u00e9sident Joe Biden dans le g\u00e9nocide isra\u00e9lien de Gaza, qui a commenc\u00e9 en octobre 2023, m\u00e9ritait une d\u00e9mission&#8230; et 14 employ\u00e9s du gouvernement USA ont d\u00e9missionn\u00e9 \u00e0 cause des armes et des encouragements que l&rsquo;administration Biden a donn\u00e9s au gouvernement isra\u00e9lien dans le g\u00e9nocide de Gaza, avec plus de 60 000 Palestiniens tu\u00e9s et des dizaines de milliers encore sous les d\u00e9combres au moment o\u00f9 Biden a quitt\u00e9 ses fonctions, sans aucune tentative d&rsquo;obtenir du gouvernement isra\u00e9lien qu&rsquo;il arr\u00eate les tueries.<\/p>\n<p>Et n&rsquo;oublions pas la complicit\u00e9 Obama-Biden dans les \u00e9v\u00e9nements orchestr\u00e9s par les \u00c9tats-Unis en Ukraine, notamment le renversement du gouvernement par la droite nationaliste en 2014 et les promesses non tenues faites \u00e0 la Russie que l&rsquo;Ukraine ne ferait pas partie de l&rsquo;OTAN, qui ont conduit \u00e0 la terrible guerre entre l&rsquo;Ukraine et la Russie et \u00e0 l&rsquo;alimentation de cette guerre par l&rsquo;administration Biden avec des armes et l&rsquo;absence totale de tentative de mettre fin \u00e0 ce dangereux conflit.<\/p>\n<p>Une autre d\u00e9mission sur les actions de Trump au niveau national et international &#8211; Projet 2025<\/p>\n<p>Et en ce moment m\u00eame, une autre d\u00e9mission viendrait de moi si j&rsquo;\u00e9tais encore dans le gouvernement USA.<\/p>\n<p>Quatre administrations pr\u00e9sidentielles apr\u00e8s ma d\u00e9mission &#8211; Obama, Trump, Biden, Trump &#8211; une autre feuille de route pour la violation des lois nationales et internationales et le chaos guide un pr\u00e9sident : Le <a href=\"https:\/\/www.project2025.org\/\">Project 2025<\/a>.<\/p>\n<p>Alors que Trump, comme Bush avant lui, a ni\u00e9 avoir connaissance d&rsquo;un quelconque plan concoct\u00e9 par des conseillers, Trump fait le jeu de ceux qui ont un programme qui le hantera, un programme bien plus vaste que celui que Bush a laiss\u00e9 se mettre en place.<\/p>\n<p>Les rails sont pos\u00e9s pour la destruction du gouvernement am\u00e9ricain avec des licenciements massifs de fonctionnaires. La r\u00e9forme raisonnable du gouvernement et la r\u00e9duction de ses effectifs se sont transform\u00e9es en destruction du gouvernement, sous la direction d&rsquo;Elon Musk, la personne la plus riche du monde, non \u00e9lue, qui a conclu certains des plus gros contrats avec le gouvernement (dont beaucoup ont fait l&rsquo;objet d&rsquo;une enqu\u00eate), \u00e0 la t\u00eate d&rsquo;une <a href=\"https:\/\/popularresistance.org\/whos-running-the-doge-wrecking-machine\/\">\u00e9quipe de tr\u00e8s jeunes francs-tireurs de la technologie<\/a> qui n&rsquo;ont aucune connaissance du gouvernement et qui s&#8217;emparent des informations informatiques de l&rsquo;ensemble du gouvernement am\u00e9ricain en licenciant des dizaines de milliers d&#8217;employ\u00e9s d&rsquo;une simple pression sur un bouton.<\/p>\n<p>Trump est enhardi par l&rsquo;absence d&rsquo;indignation du Congr\u00e8s et menace maintenant d&rsquo;envahir le Panama et le Groenland; il intimide le Canada pour qu&rsquo;il devienne un \u00c9tat des \u00c9tats-Unis, ce \u00e0 quoi le public et les responsables canadiens ont r\u00e9pondu \u00e0 juste titre par un avertissement de hockey \u00e0 Trump : \u00ab Coudes en l&rsquo;air ! \u00bb<\/p>\n<p>Honteusement, le candidat \u00ab pacifiste \u00bb Trump a humili\u00e9 et malmen\u00e9 le pr\u00e9sident ukrainien Zelensky \u00e0 la Maison Blanche lors d&rsquo;une r\u00e9union sur la vente de minerais ukrainiens pour payer les armes des \u00c9tats-Unis dans leur guerre contre la Russie.<\/p>\n<p>Alors que l\u2019envoy\u00e9 sp\u00e9cial du \u00ab candidat pacifiste \u00bb Trump, l&rsquo;investisseur immobilier milliardaire Steve Witkoff, a obtenu un cessez-le-feu bien n\u00e9cessaire dans le g\u00e9nocide isra\u00e9lien \u00e0 Gaza, le cessez-le-feu s&rsquo;est maintenant termin\u00e9 par un blocus isra\u00e9lien de deux semaines de Gaza en nourriture, eau, abris et \u00e9lectricit\u00e9 et par la poursuite des bombardements massifs sur Gaza et des 12 milliards de dollars suppl\u00e9mentaires venant des \u00c9tats-Unis en armes meurtri\u00e8res. Alors que le cessez-le-feu entrait en vigueur, Trump, fid\u00e8le \u00e0 son style, a d\u00e9clar\u00e9 au monde entier que les Palestiniens devaient quitter Gaza afin qu&rsquo;elle puisse \u00eatre reconstruite en quelque chose de \u00ab merveilleux \u00bb&#8230;, mais sans eux.<\/p>\n<p>Et ne me parlez pas des capitulations des agences gouvernementales, des universit\u00e9s et des entreprises devant Trump sur l&rsquo;\u00e9limination de la Diversit\u00e9, \u00e9quit\u00e9 et inclusion (DEI) : ses sbires effacent les femmes, les minorit\u00e9s, les handicap\u00e9s et le genre dans son programme nationaliste blanc et masculin apparemment dirig\u00e9 par le tr\u00e8s peu qualifi\u00e9 (\u00e0 tous les niveaux) secr\u00e9taire de l&rsquo;offensive Pete Hegseth.<\/p>\n<p>De la d\u00e9mission \u00e0 la r\u00e9sistance<\/p>\n<p>J&rsquo;ai d\u00e9missionn\u00e9 il y a deux d\u00e9cennies des politiques criminelles des \u00c9tats-Unis et j&rsquo;en suis maintenant \u00e0 ma 22e ann\u00e9e de r\u00e9sistance aux politiques criminelles des administrations successives.<\/p>\n<p>Je travaille avec de tr\u00e8s nombreuses organisations au niveau local (<a href=\"https:\/\/hawaiipeaceandjustice.org\/\">Hawaii Peace and Justice<\/a>, <a href=\"https:\/\/worldcantwait.org\/\">World Can\u2019t Wait<\/a>, Students and Faculty for Palestine, \u00a0<a href=\"https:\/\/www.instagram.com\/hawaiiforpalestine\/p\/C8gl9XPOmqm\/\">Hawaii For Palestine: Under the Olive Tree<\/a>), nationales (<a href=\"https:\/\/www.codepink.org\/\">CODEPINK: Women For Peace<\/a>, <a href=\"https:\/\/www.veteransforpeace.org\/\">Veterans For Peace<\/a>,\u00a0 <a href=\"https:\/\/www.shutdowndronewarfare.org\/\">Shut Down Drone Warfare<\/a>) et internationales (<a href=\"https:\/\/ipb.org\/\">International Peace Bureau<\/a>, <a href=\"https:\/\/ipb.org\/\">NO to NATO, No to War<\/a>, <a href=\"https:\/\/worldbeyondwar.org\/\">World Beyond War<\/a>, <a href=\"https:\/\/www.womencrossdmz.org\/\">Women Cross DMZ<\/a>, <a href=\"https:\/\/ipan.org.au\/category\/campaign\/working-group\/pacific-peace-network\/\">Pacific Peace Network<\/a>, <a href=\"https:\/\/bankillerdrones.org\/\">Ban Killer Drones<\/a>) et cela m&rsquo;a permis de protester et, surtout, d&rsquo;\u00eatre avec d&rsquo;autres personnes profond\u00e9ment pr\u00e9occup\u00e9es par les actions de l&rsquo;administration USA dans notre propre pays et dans le monde entier.<\/p>\n<p>Vous devez r\u00e9sister<\/p>\n<p>Si vous ne r\u00e9sistez pas encore, rejoignez les millions de personnes qui sont dans la rue, au Congr\u00e8s, dans les assembl\u00e9es g\u00e9n\u00e9rales, qui \u00e9crivent des courriels et qui appellent \u00e0 mettre fin \u00e0 l&rsquo;assaut contre notre pays et le monde. J&rsquo;ai mis des liens vers de nombreuses organisations avec lesquelles je travaille. Rejoignez-nous !<\/p>\n<hr \/>\n<p><span style=\"color: #008000;\"><em>Ann Wright a servi pendant 29 ans dans l&rsquo;arm\u00e9e USA et dans comme r\u00e9serviste de l&rsquo;arm\u00e9e et a pris sa retraite avec le grade de colonelle. Elle a \u00e9t\u00e9 diplomate pendant 16 ans et a servi dans les ambassades des \u00c9tats-Unis au Nicaragua, \u00e0 la Grenade, en Somalie, en Ouzb\u00e9kistan, au Kirghizistan, en Sierra Leone, en Micron\u00e9sie, en Afghanistan et en Mongolie. Elle a d\u00e9missionn\u00e9 du D\u00e9partement d&rsquo;\u00c9tat USA en mars 2003 pour s&rsquo;opposer \u00e0 la guerre des \u00c9tats-Unis contre l&rsquo;Irak. Elle est co-auteur de \u00ab\u00a0Dissent : Voices of Conscience\u00a0\u00bb.<\/em><\/span><\/p>\n<p>&nbsp;<\/p>\n<p><em>Traduction de l&rsquo;anglais, Evelyn Tischer<\/em><\/p>\n","protected":false},"excerpt":{"rendered":"<p>Il y a 22 ans, le 19 mars 2003, j&rsquo;ai d\u00e9missionn\u00e9 du D\u00e9partement d&rsquo;\u00c9tat des Etats-Unis. J&rsquo;\u00e9tais cheffe de mission adjointe \u00e0 l&rsquo;ambassade des \u00c9tats-Unis \u00e0 Oulan-Bator, en Mongolie, et le troisi\u00e8me employ\u00e9 du gouvernement \u00e0 d\u00e9missionner pour s&rsquo;opposer \u00e0&hellip;<\/p>\n","protected":false},"author":1361,"featured_media":2592442,"comment_status":"closed","ping_status":"closed","sticky":false,"template":"","format":"standard","meta":{"footnotes":""},"categories":[87,163,1250],"tags":[134520,134521,8005],"class_list":["post-2592435","post","type-post","status-publish","format-standard","has-post-thumbnail","hentry","category-amerique-du-nord","category-opinion-fr","category-paix-desarmement","tag-armee-usa","tag-dei-fr","tag-ukraine-fr"],"yoast_head":"<!-- This site is optimized with the Yoast SEO plugin v27.1.1 - https:\/\/yoast.com\/product\/yoast-seo-wordpress\/ -->\n<title>Il y a 22 ans, j&#039;ai d\u00e9missionn\u00e9 du gouvernement des \u00c9tats-Unis \u00e0 cause de la guerre de Bush contre l&#039;Irak... et que ne donnerais-je pas pour avoir plus de d\u00e9missions \u00e0 offrir ! !<\/title>\n<meta name=\"description\" content=\"Il y a 22 ans, le 19 mars 2003, j&#039;ai d\u00e9missionn\u00e9 du D\u00e9partement d&#039;\u00c9tat des Etats-Unis. J&#039;\u00e9tais cheffe de mission adjointe \u00e0 l&#039;ambassade des \u00c9tats-Unis \u00e0\" \/>\n<meta name=\"robots\" content=\"index, follow, max-snippet:-1, max-image-preview:large, max-video-preview:-1\" \/>\n<link rel=\"canonical\" href=\"https:\/\/www.pressenza.com\/fr\/2025\/03\/il-y-a-22-ans-jai-demissionne-du-gouvernement-des-etats-unis-a-cause-de-la-guerre-de-bush-contre-lirak-et-que-ne-donnerais-je-pas-pour-avoir-plus-de-demissions-a-offrir\/\" \/>\n<meta property=\"og:locale\" content=\"fr_FR\" \/>\n<meta property=\"og:type\" content=\"article\" \/>\n<meta property=\"og:title\" content=\"Il y a 22 ans, j&#039;ai d\u00e9missionn\u00e9 du gouvernement des \u00c9tats-Unis \u00e0 cause de la guerre de Bush contre l&#039;Irak... et que ne donnerais-je pas pour avoir plus de d\u00e9missions \u00e0 offrir ! !\" \/>\n<meta property=\"og:description\" content=\"Il y a 22 ans, le 19 mars 2003, j&#039;ai d\u00e9missionn\u00e9 du D\u00e9partement d&#039;\u00c9tat des Etats-Unis. J&#039;\u00e9tais cheffe de mission adjointe \u00e0 l&#039;ambassade des \u00c9tats-Unis \u00e0\" \/>\n<meta property=\"og:url\" content=\"https:\/\/www.pressenza.com\/fr\/2025\/03\/il-y-a-22-ans-jai-demissionne-du-gouvernement-des-etats-unis-a-cause-de-la-guerre-de-bush-contre-lirak-et-que-ne-donnerais-je-pas-pour-avoir-plus-de-demissions-a-offrir\/\" \/>\n<meta property=\"og:site_name\" content=\"Pressenza\" \/>\n<meta property=\"article:publisher\" content=\"https:\/\/www.facebook.com\/PressenzaItalia\" \/>\n<meta property=\"article:published_time\" content=\"2025-03-24T23:14:07+00:00\" \/>\n<meta property=\"article:modified_time\" content=\"2025-03-24T23:31:11+00:00\" \/>\n<meta property=\"og:image\" content=\"https:\/\/www.pressenza.com\/wp-content\/uploads\/2025\/03\/Bio_AnnW.jpg\" \/>\n\t<meta property=\"og:image:width\" content=\"400\" \/>\n\t<meta property=\"og:image:height\" content=\"400\" \/>\n\t<meta property=\"og:image:type\" content=\"image\/jpeg\" \/>\n<meta name=\"author\" content=\"Codepink\" \/>\n<meta name=\"twitter:card\" content=\"summary_large_image\" \/>\n<meta name=\"twitter:creator\" content=\"@PressenzaIPA\" \/>\n<meta name=\"twitter:site\" content=\"@PressenzaIPA\" \/>\n<meta name=\"twitter:label1\" content=\"\u00c9crit par\" \/>\n\t<meta name=\"twitter:data1\" content=\"Codepink\" \/>\n\t<meta name=\"twitter:label2\" content=\"Dur\u00e9e de lecture estim\u00e9e\" \/>\n\t<meta name=\"twitter:data2\" content=\"7 minutes\" \/>\n<script type=\"application\/ld+json\" class=\"yoast-schema-graph\">{\"@context\":\"https:\/\/schema.org\",\"@graph\":[{\"@type\":\"Article\",\"@id\":\"https:\/\/www.pressenza.com\/fr\/2025\/03\/il-y-a-22-ans-jai-demissionne-du-gouvernement-des-etats-unis-a-cause-de-la-guerre-de-bush-contre-lirak-et-que-ne-donnerais-je-pas-pour-avoir-plus-de-demissions-a-offrir\/#article\",\"isPartOf\":{\"@id\":\"https:\/\/www.pressenza.com\/fr\/2025\/03\/il-y-a-22-ans-jai-demissionne-du-gouvernement-des-etats-unis-a-cause-de-la-guerre-de-bush-contre-lirak-et-que-ne-donnerais-je-pas-pour-avoir-plus-de-demissions-a-offrir\/\"},\"author\":{\"name\":\"Codepink\",\"@id\":\"https:\/\/www.pressenza.com\/fr\/#\/schema\/person\/2d49c9a9acd07c5ff531c2ae12afaeda\"},\"headline\":\"Il y a 22 ans, j&rsquo;ai d\u00e9missionn\u00e9 du gouvernement des \u00c9tats-Unis \u00e0 cause de la guerre de Bush contre l&rsquo;Irak&#8230; et que ne donnerais-je pas pour avoir plus de d\u00e9missions \u00e0 offrir ! !\",\"datePublished\":\"2025-03-24T23:14:07+00:00\",\"dateModified\":\"2025-03-24T23:31:11+00:00\",\"mainEntityOfPage\":{\"@id\":\"https:\/\/www.pressenza.com\/fr\/2025\/03\/il-y-a-22-ans-jai-demissionne-du-gouvernement-des-etats-unis-a-cause-de-la-guerre-de-bush-contre-lirak-et-que-ne-donnerais-je-pas-pour-avoir-plus-de-demissions-a-offrir\/\"},\"wordCount\":1558,\"publisher\":{\"@id\":\"https:\/\/www.pressenza.com\/fr\/#organization\"},\"image\":{\"@id\":\"https:\/\/www.pressenza.com\/fr\/2025\/03\/il-y-a-22-ans-jai-demissionne-du-gouvernement-des-etats-unis-a-cause-de-la-guerre-de-bush-contre-lirak-et-que-ne-donnerais-je-pas-pour-avoir-plus-de-demissions-a-offrir\/#primaryimage\"},\"thumbnailUrl\":\"https:\/\/www.pressenza.com\/wp-content\/uploads\/2025\/03\/Bio_AnnW.jpg\",\"keywords\":[\"Arm\u00e9e USA\",\"DEI\",\"Ukraine\"],\"articleSection\":[\"Am\u00e9rique du Nord\",\"Opinion\",\"Paix et D\u00e9sarmement\"],\"inLanguage\":\"fr-FR\"},{\"@type\":\"WebPage\",\"@id\":\"https:\/\/www.pressenza.com\/fr\/2025\/03\/il-y-a-22-ans-jai-demissionne-du-gouvernement-des-etats-unis-a-cause-de-la-guerre-de-bush-contre-lirak-et-que-ne-donnerais-je-pas-pour-avoir-plus-de-demissions-a-offrir\/\",\"url\":\"https:\/\/www.pressenza.com\/fr\/2025\/03\/il-y-a-22-ans-jai-demissionne-du-gouvernement-des-etats-unis-a-cause-de-la-guerre-de-bush-contre-lirak-et-que-ne-donnerais-je-pas-pour-avoir-plus-de-demissions-a-offrir\/\",\"name\":\"Il y a 22 ans, j'ai d\u00e9missionn\u00e9 du gouvernement des \u00c9tats-Unis \u00e0 cause de la guerre de Bush contre l'Irak... et que ne donnerais-je pas pour avoir plus de d\u00e9missions \u00e0 offrir ! !\",\"isPartOf\":{\"@id\":\"https:\/\/www.pressenza.com\/fr\/#website\"},\"primaryImageOfPage\":{\"@id\":\"https:\/\/www.pressenza.com\/fr\/2025\/03\/il-y-a-22-ans-jai-demissionne-du-gouvernement-des-etats-unis-a-cause-de-la-guerre-de-bush-contre-lirak-et-que-ne-donnerais-je-pas-pour-avoir-plus-de-demissions-a-offrir\/#primaryimage\"},\"image\":{\"@id\":\"https:\/\/www.pressenza.com\/fr\/2025\/03\/il-y-a-22-ans-jai-demissionne-du-gouvernement-des-etats-unis-a-cause-de-la-guerre-de-bush-contre-lirak-et-que-ne-donnerais-je-pas-pour-avoir-plus-de-demissions-a-offrir\/#primaryimage\"},\"thumbnailUrl\":\"https:\/\/www.pressenza.com\/wp-content\/uploads\/2025\/03\/Bio_AnnW.jpg\",\"datePublished\":\"2025-03-24T23:14:07+00:00\",\"dateModified\":\"2025-03-24T23:31:11+00:00\",\"description\":\"Il y a 22 ans, le 19 mars 2003, j'ai d\u00e9missionn\u00e9 du D\u00e9partement d'\u00c9tat des Etats-Unis. J'\u00e9tais cheffe de mission adjointe \u00e0 l'ambassade des \u00c9tats-Unis \u00e0\",\"breadcrumb\":{\"@id\":\"https:\/\/www.pressenza.com\/fr\/2025\/03\/il-y-a-22-ans-jai-demissionne-du-gouvernement-des-etats-unis-a-cause-de-la-guerre-de-bush-contre-lirak-et-que-ne-donnerais-je-pas-pour-avoir-plus-de-demissions-a-offrir\/#breadcrumb\"},\"inLanguage\":\"fr-FR\",\"potentialAction\":[{\"@type\":\"ReadAction\",\"target\":[\"https:\/\/www.pressenza.com\/fr\/2025\/03\/il-y-a-22-ans-jai-demissionne-du-gouvernement-des-etats-unis-a-cause-de-la-guerre-de-bush-contre-lirak-et-que-ne-donnerais-je-pas-pour-avoir-plus-de-demissions-a-offrir\/\"]}]},{\"@type\":\"ImageObject\",\"inLanguage\":\"fr-FR\",\"@id\":\"https:\/\/www.pressenza.com\/fr\/2025\/03\/il-y-a-22-ans-jai-demissionne-du-gouvernement-des-etats-unis-a-cause-de-la-guerre-de-bush-contre-lirak-et-que-ne-donnerais-je-pas-pour-avoir-plus-de-demissions-a-offrir\/#primaryimage\",\"url\":\"https:\/\/www.pressenza.com\/wp-content\/uploads\/2025\/03\/Bio_AnnW.jpg\",\"contentUrl\":\"https:\/\/www.pressenza.com\/wp-content\/uploads\/2025\/03\/Bio_AnnW.jpg\",\"width\":400,\"height\":400},{\"@type\":\"BreadcrumbList\",\"@id\":\"https:\/\/www.pressenza.com\/fr\/2025\/03\/il-y-a-22-ans-jai-demissionne-du-gouvernement-des-etats-unis-a-cause-de-la-guerre-de-bush-contre-lirak-et-que-ne-donnerais-je-pas-pour-avoir-plus-de-demissions-a-offrir\/#breadcrumb\",\"itemListElement\":[{\"@type\":\"ListItem\",\"position\":1,\"name\":\"Accueil\",\"item\":\"https:\/\/www.pressenza.com\/fr\/\"},{\"@type\":\"ListItem\",\"position\":2,\"name\":\"Il y a 22 ans, j&rsquo;ai d\u00e9missionn\u00e9 du gouvernement des \u00c9tats-Unis \u00e0 cause de la guerre de Bush contre l&rsquo;Irak&#8230; et que ne donnerais-je pas pour avoir plus de d\u00e9missions \u00e0 offrir ! !\"}]},{\"@type\":\"WebSite\",\"@id\":\"https:\/\/www.pressenza.com\/fr\/#website\",\"url\":\"https:\/\/www.pressenza.com\/fr\/\",\"name\":\"Pressenza\",\"description\":\"International Press Agency\",\"publisher\":{\"@id\":\"https:\/\/www.pressenza.com\/fr\/#organization\"},\"potentialAction\":[{\"@type\":\"SearchAction\",\"target\":{\"@type\":\"EntryPoint\",\"urlTemplate\":\"https:\/\/www.pressenza.com\/fr\/?s={search_term_string}\"},\"query-input\":{\"@type\":\"PropertyValueSpecification\",\"valueRequired\":true,\"valueName\":\"search_term_string\"}}],\"inLanguage\":\"fr-FR\"},{\"@type\":\"Organization\",\"@id\":\"https:\/\/www.pressenza.com\/fr\/#organization\",\"name\":\"Pressenza\",\"url\":\"https:\/\/www.pressenza.com\/fr\/\",\"logo\":{\"@type\":\"ImageObject\",\"inLanguage\":\"fr-FR\",\"@id\":\"https:\/\/www.pressenza.com\/fr\/#\/schema\/logo\/image\/\",\"url\":\"https:\/\/www.pressenza.com\/wp-content\/uploads\/2022\/10\/pressenza_logo_200x200.jpg\",\"contentUrl\":\"https:\/\/www.pressenza.com\/wp-content\/uploads\/2022\/10\/pressenza_logo_200x200.jpg\",\"width\":200,\"height\":200,\"caption\":\"Pressenza\"},\"image\":{\"@id\":\"https:\/\/www.pressenza.com\/fr\/#\/schema\/logo\/image\/\"},\"sameAs\":[\"https:\/\/www.facebook.com\/PressenzaItalia\",\"https:\/\/x.com\/PressenzaIPA\"]},{\"@type\":\"Person\",\"@id\":\"https:\/\/www.pressenza.com\/fr\/#\/schema\/person\/2d49c9a9acd07c5ff531c2ae12afaeda\",\"name\":\"Codepink\",\"description\":\"CODEPINK is a women-led grassroots organization working to end U.S. wars and militarism, support peace and human rights initiatives, and redirect our tax dollars into healthcare, education, green jobs and other life-affirming programs. Founded in autumn 2002 as a grassroots effort to prevent the US war on Iraq, we continue to organize for justice for Iraqis and to hold war criminals accountable. We actively oppose the continuing U.S. war in Afghanistan, torture, the detention center at Guantanamo, weaponized and spy drones, the prosecution of whistleblowers, U.S. support for the Israeli occupation of Palestine and for repressive regimes such as Saudi Arabia.\",\"sameAs\":[\"http:\/\/www.codepink.org\/\"],\"url\":\"https:\/\/www.pressenza.com\/fr\/author\/codepink\/\"}]}<\/script>\n<!-- \/ Yoast SEO plugin. -->","yoast_head_json":{"title":"Il y a 22 ans, j'ai d\u00e9missionn\u00e9 du gouvernement des \u00c9tats-Unis \u00e0 cause de la guerre de Bush contre l'Irak... et que ne donnerais-je pas pour avoir plus de d\u00e9missions \u00e0 offrir ! !","description":"Il y a 22 ans, le 19 mars 2003, j'ai d\u00e9missionn\u00e9 du D\u00e9partement d'\u00c9tat des Etats-Unis. J'\u00e9tais cheffe de mission adjointe \u00e0 l'ambassade des \u00c9tats-Unis \u00e0","robots":{"index":"index","follow":"follow","max-snippet":"max-snippet:-1","max-image-preview":"max-image-preview:large","max-video-preview":"max-video-preview:-1"},"canonical":"https:\/\/www.pressenza.com\/fr\/2025\/03\/il-y-a-22-ans-jai-demissionne-du-gouvernement-des-etats-unis-a-cause-de-la-guerre-de-bush-contre-lirak-et-que-ne-donnerais-je-pas-pour-avoir-plus-de-demissions-a-offrir\/","og_locale":"fr_FR","og_type":"article","og_title":"Il y a 22 ans, j'ai d\u00e9missionn\u00e9 du gouvernement des \u00c9tats-Unis \u00e0 cause de la guerre de Bush contre l'Irak... et que ne donnerais-je pas pour avoir plus de d\u00e9missions \u00e0 offrir ! !","og_description":"Il y a 22 ans, le 19 mars 2003, j'ai d\u00e9missionn\u00e9 du D\u00e9partement d'\u00c9tat des Etats-Unis. J'\u00e9tais cheffe de mission adjointe \u00e0 l'ambassade des \u00c9tats-Unis \u00e0","og_url":"https:\/\/www.pressenza.com\/fr\/2025\/03\/il-y-a-22-ans-jai-demissionne-du-gouvernement-des-etats-unis-a-cause-de-la-guerre-de-bush-contre-lirak-et-que-ne-donnerais-je-pas-pour-avoir-plus-de-demissions-a-offrir\/","og_site_name":"Pressenza","article_publisher":"https:\/\/www.facebook.com\/PressenzaItalia","article_published_time":"2025-03-24T23:14:07+00:00","article_modified_time":"2025-03-24T23:31:11+00:00","og_image":[{"width":400,"height":400,"url":"https:\/\/www.pressenza.com\/wp-content\/uploads\/2025\/03\/Bio_AnnW.jpg","type":"image\/jpeg"}],"author":"Codepink","twitter_card":"summary_large_image","twitter_creator":"@PressenzaIPA","twitter_site":"@PressenzaIPA","twitter_misc":{"\u00c9crit par":"Codepink","Dur\u00e9e de lecture estim\u00e9e":"7 minutes"},"schema":{"@context":"https:\/\/schema.org","@graph":[{"@type":"Article","@id":"https:\/\/www.pressenza.com\/fr\/2025\/03\/il-y-a-22-ans-jai-demissionne-du-gouvernement-des-etats-unis-a-cause-de-la-guerre-de-bush-contre-lirak-et-que-ne-donnerais-je-pas-pour-avoir-plus-de-demissions-a-offrir\/#article","isPartOf":{"@id":"https:\/\/www.pressenza.com\/fr\/2025\/03\/il-y-a-22-ans-jai-demissionne-du-gouvernement-des-etats-unis-a-cause-de-la-guerre-de-bush-contre-lirak-et-que-ne-donnerais-je-pas-pour-avoir-plus-de-demissions-a-offrir\/"},"author":{"name":"Codepink","@id":"https:\/\/www.pressenza.com\/fr\/#\/schema\/person\/2d49c9a9acd07c5ff531c2ae12afaeda"},"headline":"Il y a 22 ans, j&rsquo;ai d\u00e9missionn\u00e9 du gouvernement des \u00c9tats-Unis \u00e0 cause de la guerre de Bush contre l&rsquo;Irak&#8230; et que ne donnerais-je pas pour avoir plus de d\u00e9missions \u00e0 offrir ! !","datePublished":"2025-03-24T23:14:07+00:00","dateModified":"2025-03-24T23:31:11+00:00","mainEntityOfPage":{"@id":"https:\/\/www.pressenza.com\/fr\/2025\/03\/il-y-a-22-ans-jai-demissionne-du-gouvernement-des-etats-unis-a-cause-de-la-guerre-de-bush-contre-lirak-et-que-ne-donnerais-je-pas-pour-avoir-plus-de-demissions-a-offrir\/"},"wordCount":1558,"publisher":{"@id":"https:\/\/www.pressenza.com\/fr\/#organization"},"image":{"@id":"https:\/\/www.pressenza.com\/fr\/2025\/03\/il-y-a-22-ans-jai-demissionne-du-gouvernement-des-etats-unis-a-cause-de-la-guerre-de-bush-contre-lirak-et-que-ne-donnerais-je-pas-pour-avoir-plus-de-demissions-a-offrir\/#primaryimage"},"thumbnailUrl":"https:\/\/www.pressenza.com\/wp-content\/uploads\/2025\/03\/Bio_AnnW.jpg","keywords":["Arm\u00e9e USA","DEI","Ukraine"],"articleSection":["Am\u00e9rique du Nord","Opinion","Paix et D\u00e9sarmement"],"inLanguage":"fr-FR"},{"@type":"WebPage","@id":"https:\/\/www.pressenza.com\/fr\/2025\/03\/il-y-a-22-ans-jai-demissionne-du-gouvernement-des-etats-unis-a-cause-de-la-guerre-de-bush-contre-lirak-et-que-ne-donnerais-je-pas-pour-avoir-plus-de-demissions-a-offrir\/","url":"https:\/\/www.pressenza.com\/fr\/2025\/03\/il-y-a-22-ans-jai-demissionne-du-gouvernement-des-etats-unis-a-cause-de-la-guerre-de-bush-contre-lirak-et-que-ne-donnerais-je-pas-pour-avoir-plus-de-demissions-a-offrir\/","name":"Il y a 22 ans, j'ai d\u00e9missionn\u00e9 du gouvernement des \u00c9tats-Unis \u00e0 cause de la guerre de Bush contre l'Irak... et que ne donnerais-je pas pour avoir plus de d\u00e9missions \u00e0 offrir ! !","isPartOf":{"@id":"https:\/\/www.pressenza.com\/fr\/#website"},"primaryImageOfPage":{"@id":"https:\/\/www.pressenza.com\/fr\/2025\/03\/il-y-a-22-ans-jai-demissionne-du-gouvernement-des-etats-unis-a-cause-de-la-guerre-de-bush-contre-lirak-et-que-ne-donnerais-je-pas-pour-avoir-plus-de-demissions-a-offrir\/#primaryimage"},"image":{"@id":"https:\/\/www.pressenza.com\/fr\/2025\/03\/il-y-a-22-ans-jai-demissionne-du-gouvernement-des-etats-unis-a-cause-de-la-guerre-de-bush-contre-lirak-et-que-ne-donnerais-je-pas-pour-avoir-plus-de-demissions-a-offrir\/#primaryimage"},"thumbnailUrl":"https:\/\/www.pressenza.com\/wp-content\/uploads\/2025\/03\/Bio_AnnW.jpg","datePublished":"2025-03-24T23:14:07+00:00","dateModified":"2025-03-24T23:31:11+00:00","description":"Il y a 22 ans, le 19 mars 2003, j'ai d\u00e9missionn\u00e9 du D\u00e9partement d'\u00c9tat des Etats-Unis. J'\u00e9tais cheffe de mission adjointe \u00e0 l'ambassade des \u00c9tats-Unis \u00e0","breadcrumb":{"@id":"https:\/\/www.pressenza.com\/fr\/2025\/03\/il-y-a-22-ans-jai-demissionne-du-gouvernement-des-etats-unis-a-cause-de-la-guerre-de-bush-contre-lirak-et-que-ne-donnerais-je-pas-pour-avoir-plus-de-demissions-a-offrir\/#breadcrumb"},"inLanguage":"fr-FR","potentialAction":[{"@type":"ReadAction","target":["https:\/\/www.pressenza.com\/fr\/2025\/03\/il-y-a-22-ans-jai-demissionne-du-gouvernement-des-etats-unis-a-cause-de-la-guerre-de-bush-contre-lirak-et-que-ne-donnerais-je-pas-pour-avoir-plus-de-demissions-a-offrir\/"]}]},{"@type":"ImageObject","inLanguage":"fr-FR","@id":"https:\/\/www.pressenza.com\/fr\/2025\/03\/il-y-a-22-ans-jai-demissionne-du-gouvernement-des-etats-unis-a-cause-de-la-guerre-de-bush-contre-lirak-et-que-ne-donnerais-je-pas-pour-avoir-plus-de-demissions-a-offrir\/#primaryimage","url":"https:\/\/www.pressenza.com\/wp-content\/uploads\/2025\/03\/Bio_AnnW.jpg","contentUrl":"https:\/\/www.pressenza.com\/wp-content\/uploads\/2025\/03\/Bio_AnnW.jpg","width":400,"height":400},{"@type":"BreadcrumbList","@id":"https:\/\/www.pressenza.com\/fr\/2025\/03\/il-y-a-22-ans-jai-demissionne-du-gouvernement-des-etats-unis-a-cause-de-la-guerre-de-bush-contre-lirak-et-que-ne-donnerais-je-pas-pour-avoir-plus-de-demissions-a-offrir\/#breadcrumb","itemListElement":[{"@type":"ListItem","position":1,"name":"Accueil","item":"https:\/\/www.pressenza.com\/fr\/"},{"@type":"ListItem","position":2,"name":"Il y a 22 ans, j&rsquo;ai d\u00e9missionn\u00e9 du gouvernement des \u00c9tats-Unis \u00e0 cause de la guerre de Bush contre l&rsquo;Irak&#8230; et que ne donnerais-je pas pour avoir plus de d\u00e9missions \u00e0 offrir ! !"}]},{"@type":"WebSite","@id":"https:\/\/www.pressenza.com\/fr\/#website","url":"https:\/\/www.pressenza.com\/fr\/","name":"Pressenza","description":"International Press Agency","publisher":{"@id":"https:\/\/www.pressenza.com\/fr\/#organization"},"potentialAction":[{"@type":"SearchAction","target":{"@type":"EntryPoint","urlTemplate":"https:\/\/www.pressenza.com\/fr\/?s={search_term_string}"},"query-input":{"@type":"PropertyValueSpecification","valueRequired":true,"valueName":"search_term_string"}}],"inLanguage":"fr-FR"},{"@type":"Organization","@id":"https:\/\/www.pressenza.com\/fr\/#organization","name":"Pressenza","url":"https:\/\/www.pressenza.com\/fr\/","logo":{"@type":"ImageObject","inLanguage":"fr-FR","@id":"https:\/\/www.pressenza.com\/fr\/#\/schema\/logo\/image\/","url":"https:\/\/www.pressenza.com\/wp-content\/uploads\/2022\/10\/pressenza_logo_200x200.jpg","contentUrl":"https:\/\/www.pressenza.com\/wp-content\/uploads\/2022\/10\/pressenza_logo_200x200.jpg","width":200,"height":200,"caption":"Pressenza"},"image":{"@id":"https:\/\/www.pressenza.com\/fr\/#\/schema\/logo\/image\/"},"sameAs":["https:\/\/www.facebook.com\/PressenzaItalia","https:\/\/x.com\/PressenzaIPA"]},{"@type":"Person","@id":"https:\/\/www.pressenza.com\/fr\/#\/schema\/person\/2d49c9a9acd07c5ff531c2ae12afaeda","name":"Codepink","description":"CODEPINK is a women-led grassroots organization working to end U.S. wars and militarism, support peace and human rights initiatives, and redirect our tax dollars into healthcare, education, green jobs and other life-affirming programs. Founded in autumn 2002 as a grassroots effort to prevent the US war on Iraq, we continue to organize for justice for Iraqis and to hold war criminals accountable. We actively oppose the continuing U.S. war in Afghanistan, torture, the detention center at Guantanamo, weaponized and spy drones, the prosecution of whistleblowers, U.S. support for the Israeli occupation of Palestine and for repressive regimes such as Saudi Arabia.","sameAs":["http:\/\/www.codepink.org\/"],"url":"https:\/\/www.pressenza.com\/fr\/author\/codepink\/"}]}},"place":"Etats-Unis","original_article_url":"","_links":{"self":[{"href":"https:\/\/www.pressenza.com\/fr\/wp-json\/wp\/v2\/posts\/2592435","targetHints":{"allow":["GET"]}}],"collection":[{"href":"https:\/\/www.pressenza.com\/fr\/wp-json\/wp\/v2\/posts"}],"about":[{"href":"https:\/\/www.pressenza.com\/fr\/wp-json\/wp\/v2\/types\/post"}],"author":[{"embeddable":true,"href":"https:\/\/www.pressenza.com\/fr\/wp-json\/wp\/v2\/users\/1361"}],"replies":[{"embeddable":true,"href":"https:\/\/www.pressenza.com\/fr\/wp-json\/wp\/v2\/comments?post=2592435"}],"version-history":[{"count":0,"href":"https:\/\/www.pressenza.com\/fr\/wp-json\/wp\/v2\/posts\/2592435\/revisions"}],"wp:featuredmedia":[{"embeddable":true,"href":"https:\/\/www.pressenza.com\/fr\/wp-json\/wp\/v2\/media\/2592442"}],"wp:attachment":[{"href":"https:\/\/www.pressenza.com\/fr\/wp-json\/wp\/v2\/media?parent=2592435"}],"wp:term":[{"taxonomy":"category","embeddable":true,"href":"https:\/\/www.pressenza.com\/fr\/wp-json\/wp\/v2\/categories?post=2592435"},{"taxonomy":"post_tag","embeddable":true,"href":"https:\/\/www.pressenza.com\/fr\/wp-json\/wp\/v2\/tags?post=2592435"}],"curies":[{"name":"wp","href":"https:\/\/api.w.org\/{rel}","templated":true}]}}