{"id":2589058,"date":"2025-03-16T23:10:24","date_gmt":"2025-03-16T23:10:24","guid":{"rendered":"https:\/\/www.pressenza.com\/?p=2589058"},"modified":"2025-03-16T23:10:04","modified_gmt":"2025-03-16T23:10:04","slug":"podcast-catherine-dumonteil-kremer","status":"publish","type":"post","link":"https:\/\/www.pressenza.com\/fr\/2025\/03\/podcast-catherine-dumonteil-kremer\/","title":{"rendered":"Podcast  Catherine Dumonteil-Kremer"},"content":{"rendered":"<div dir=\"ltr\" data-setdir=\"false\">\n<p>La Force de la Non-Violence est une s\u00e9rie de podcast soigneusement pr\u00e9par\u00e9s afin de pr\u00e9senter les acteurs de la non-violence, dans leur diversit\u00e9. Pressenza.com a le plaisir de participer \u00e0 leur diffusion.<\/p>\n<h2><em>\u00ab\u00a0Nous, les \u00eatres humains, avons les moyens de restaurer notre \u00e9quilibre int\u00e9rieur. Ces moyens sont : pleurer, trembler, transpirer, rire\u2026\u00a0\u00bb<\/em><\/h2>\n<p><strong>Catherine Dumonteil-Kremer<\/strong> est l\u2019invit\u00e9e du 8\u00e8me \u00e9pisode de La Force de la Non-violence. Pionni\u00e8re dans la parentalit\u00e9 positive, ancienne travailleuse sociale, elle devient ensuite consultante parentale, \u00e9ducatrice Montessori et cr\u00e9e le R\u00e9seau Parents Conscients. Autrice \u00e0 succ\u00e8s avec notamment \u00ab\u00a0\u00c9lever son enfant autrement\u00a0\u00bb, elle invente le concept de \u00ab\u00a0<strong>parentalit\u00e9 cr\u00e9ative\u00a0\u00bb<\/strong> qui regroupe ce qu\u2019elle consid\u00e8re comme des \u00e9l\u00e9ments fondamentaux au bon d\u00e9veloppement des enfants comme<strong> le maternage proximal, l\u2019\u00e9coute, le jeu, l\u2019acceptation et l\u2019affirmation de soi<\/strong> tout en donnant une grande libert\u00e9 aux parents d\u2019innover dans leur relation avec leurs enfants.<\/p>\n<p>Membre fondateur de l\u2019<a href=\"https:\/\/www.oveo.org\/\">OVEO (Observatoire de la Violence Educative)<\/a>, Catherine Dumonteil-Kremer est \u00e0 l\u2019origine de l\u2019institution en France de la Journ\u00e9e de la Non-violence Educative, et de PEPS, le 1er magazine\u00a0 d\u00e9di\u00e9 \u00e0 la parentalit\u00e9 positive.<\/p>\n<p>&nbsp;<\/p>\n<p>Podcast la Force de la Non-violence : <a href=\"https:\/\/force-nonviolence.fr\">https:\/\/force-nonviolence.fr<\/a><\/p>\n<\/div>\n","protected":false},"excerpt":{"rendered":"<p>La Force de la Non-Violence est une s\u00e9rie de podcast soigneusement pr\u00e9par\u00e9s afin de pr\u00e9senter les acteurs de la non-violence, dans leur diversit\u00e9. Pressenza.com a le plaisir de participer \u00e0 leur diffusion. \u00ab\u00a0Nous, les \u00eatres humains, avons les moyens de&hellip;<\/p>\n","protected":false},"author":2339,"featured_media":2589059,"comment_status":"closed","ping_status":"closed","sticky":false,"template":"","format":"standard","meta":{"footnotes":""},"categories":[11386,98,1249,85,1248],"tags":[133812,133814,133813],"class_list":["post-2589058","post","type-post","status-publish","format-standard","has-post-thumbnail","hentry","category-contenu-original","category-droits-de-lhomme","category-education-sujet","category-europe-fr","category-nonviolence-sujet","tag-education-positive","tag-observatoire-de-la-violence-educative","tag-parentalite-creative"],"yoast_head":"<!-- This site is optimized with the Yoast SEO plugin v27.1.1 - https:\/\/yoast.com\/product\/yoast-seo-wordpress\/ -->\n<title>Podcast Catherine Dumonteil-Kremer<\/title>\n<meta name=\"description\" content=\"La Force de la Non-Violence est une s\u00e9rie de podcast soigneusement pr\u00e9par\u00e9s afin de pr\u00e9senter les acteurs de la non-violence, dans leur diversit\u00e9.\" \/>\n<meta name=\"robots\" content=\"index, follow, max-snippet:-1, max-image-preview:large, max-video-preview:-1\" \/>\n<link rel=\"canonical\" href=\"https:\/\/www.pressenza.com\/fr\/2025\/03\/podcast-catherine-dumonteil-kremer\/\" \/>\n<meta property=\"og:locale\" content=\"fr_FR\" \/>\n<meta property=\"og:type\" content=\"article\" \/>\n<meta property=\"og:title\" content=\"Podcast Catherine Dumonteil-Kremer\" \/>\n<meta property=\"og:description\" content=\"La Force de la Non-Violence est une s\u00e9rie de podcast soigneusement pr\u00e9par\u00e9s afin de pr\u00e9senter les acteurs de la non-violence, dans leur diversit\u00e9.\" \/>\n<meta property=\"og:url\" content=\"https:\/\/www.pressenza.com\/fr\/2025\/03\/podcast-catherine-dumonteil-kremer\/\" \/>\n<meta property=\"og:site_name\" content=\"Pressenza\" \/>\n<meta property=\"article:publisher\" content=\"https:\/\/www.facebook.com\/PressenzaItalia\" \/>\n<meta property=\"article:published_time\" content=\"2025-03-16T23:10:24+00:00\" \/>\n<meta property=\"og:image\" content=\"https:\/\/www.pressenza.com\/wp-content\/uploads\/2025\/03\/Catherine-Dumonteil-Kremer.jpg\" \/>\n\t<meta property=\"og:image:width\" content=\"1400\" \/>\n\t<meta property=\"og:image:height\" content=\"1400\" \/>\n\t<meta property=\"og:image:type\" content=\"image\/jpeg\" \/>\n<meta name=\"author\" content=\"C\u00e9lia Grincourt\" \/>\n<meta name=\"twitter:card\" content=\"summary_large_image\" \/>\n<meta name=\"twitter:creator\" content=\"@PressenzaIPA\" \/>\n<meta name=\"twitter:site\" content=\"@PressenzaIPA\" \/>\n<meta name=\"twitter:label1\" content=\"\u00c9crit par\" \/>\n\t<meta name=\"twitter:data1\" content=\"C\u00e9lia Grincourt\" \/>\n\t<meta name=\"twitter:label2\" content=\"Dur\u00e9e de lecture estim\u00e9e\" \/>\n\t<meta name=\"twitter:data2\" content=\"1 minute\" \/>\n<script type=\"application\/ld+json\" class=\"yoast-schema-graph\">{\"@context\":\"https:\/\/schema.org\",\"@graph\":[{\"@type\":\"Article\",\"@id\":\"https:\/\/www.pressenza.com\/fr\/2025\/03\/podcast-catherine-dumonteil-kremer\/#article\",\"isPartOf\":{\"@id\":\"https:\/\/www.pressenza.com\/fr\/2025\/03\/podcast-catherine-dumonteil-kremer\/\"},\"author\":{\"name\":\"C\u00e9lia Grincourt\",\"@id\":\"https:\/\/www.pressenza.com\/fr\/#\/schema\/person\/715a31a03c153d20aaeabb924bccc753\"},\"headline\":\"Podcast Catherine Dumonteil-Kremer\",\"datePublished\":\"2025-03-16T23:10:24+00:00\",\"mainEntityOfPage\":{\"@id\":\"https:\/\/www.pressenza.com\/fr\/2025\/03\/podcast-catherine-dumonteil-kremer\/\"},\"wordCount\":213,\"publisher\":{\"@id\":\"https:\/\/www.pressenza.com\/fr\/#organization\"},\"image\":{\"@id\":\"https:\/\/www.pressenza.com\/fr\/2025\/03\/podcast-catherine-dumonteil-kremer\/#primaryimage\"},\"thumbnailUrl\":\"https:\/\/www.pressenza.com\/wp-content\/uploads\/2025\/03\/Catherine-Dumonteil-Kremer.jpg\",\"keywords\":[\"Education positive\",\"observatoire de la violence \u00e9ducative\",\"parentalit\u00e9 cr\u00e9ative\"],\"articleSection\":[\"Contenu Original\",\"Droits humains\",\"Education\",\"Europe\",\"Non-violence\"],\"inLanguage\":\"fr-FR\"},{\"@type\":\"WebPage\",\"@id\":\"https:\/\/www.pressenza.com\/fr\/2025\/03\/podcast-catherine-dumonteil-kremer\/\",\"url\":\"https:\/\/www.pressenza.com\/fr\/2025\/03\/podcast-catherine-dumonteil-kremer\/\",\"name\":\"Podcast Catherine Dumonteil-Kremer\",\"isPartOf\":{\"@id\":\"https:\/\/www.pressenza.com\/fr\/#website\"},\"primaryImageOfPage\":{\"@id\":\"https:\/\/www.pressenza.com\/fr\/2025\/03\/podcast-catherine-dumonteil-kremer\/#primaryimage\"},\"image\":{\"@id\":\"https:\/\/www.pressenza.com\/fr\/2025\/03\/podcast-catherine-dumonteil-kremer\/#primaryimage\"},\"thumbnailUrl\":\"https:\/\/www.pressenza.com\/wp-content\/uploads\/2025\/03\/Catherine-Dumonteil-Kremer.jpg\",\"datePublished\":\"2025-03-16T23:10:24+00:00\",\"description\":\"La Force de la Non-Violence est une s\u00e9rie de podcast soigneusement pr\u00e9par\u00e9s afin de pr\u00e9senter les acteurs de la non-violence, dans leur diversit\u00e9.\",\"breadcrumb\":{\"@id\":\"https:\/\/www.pressenza.com\/fr\/2025\/03\/podcast-catherine-dumonteil-kremer\/#breadcrumb\"},\"inLanguage\":\"fr-FR\",\"potentialAction\":[{\"@type\":\"ReadAction\",\"target\":[\"https:\/\/www.pressenza.com\/fr\/2025\/03\/podcast-catherine-dumonteil-kremer\/\"]}]},{\"@type\":\"ImageObject\",\"inLanguage\":\"fr-FR\",\"@id\":\"https:\/\/www.pressenza.com\/fr\/2025\/03\/podcast-catherine-dumonteil-kremer\/#primaryimage\",\"url\":\"https:\/\/www.pressenza.com\/wp-content\/uploads\/2025\/03\/Catherine-Dumonteil-Kremer.jpg\",\"contentUrl\":\"https:\/\/www.pressenza.com\/wp-content\/uploads\/2025\/03\/Catherine-Dumonteil-Kremer.jpg\",\"width\":1400,\"height\":1400},{\"@type\":\"BreadcrumbList\",\"@id\":\"https:\/\/www.pressenza.com\/fr\/2025\/03\/podcast-catherine-dumonteil-kremer\/#breadcrumb\",\"itemListElement\":[{\"@type\":\"ListItem\",\"position\":1,\"name\":\"Accueil\",\"item\":\"https:\/\/www.pressenza.com\/fr\/\"},{\"@type\":\"ListItem\",\"position\":2,\"name\":\"Podcast Catherine Dumonteil-Kremer\"}]},{\"@type\":\"WebSite\",\"@id\":\"https:\/\/www.pressenza.com\/fr\/#website\",\"url\":\"https:\/\/www.pressenza.com\/fr\/\",\"name\":\"Pressenza\",\"description\":\"International Press Agency\",\"publisher\":{\"@id\":\"https:\/\/www.pressenza.com\/fr\/#organization\"},\"potentialAction\":[{\"@type\":\"SearchAction\",\"target\":{\"@type\":\"EntryPoint\",\"urlTemplate\":\"https:\/\/www.pressenza.com\/fr\/?s={search_term_string}\"},\"query-input\":{\"@type\":\"PropertyValueSpecification\",\"valueRequired\":true,\"valueName\":\"search_term_string\"}}],\"inLanguage\":\"fr-FR\"},{\"@type\":\"Organization\",\"@id\":\"https:\/\/www.pressenza.com\/fr\/#organization\",\"name\":\"Pressenza\",\"url\":\"https:\/\/www.pressenza.com\/fr\/\",\"logo\":{\"@type\":\"ImageObject\",\"inLanguage\":\"fr-FR\",\"@id\":\"https:\/\/www.pressenza.com\/fr\/#\/schema\/logo\/image\/\",\"url\":\"https:\/\/www.pressenza.com\/wp-content\/uploads\/2022\/10\/pressenza_logo_200x200.jpg\",\"contentUrl\":\"https:\/\/www.pressenza.com\/wp-content\/uploads\/2022\/10\/pressenza_logo_200x200.jpg\",\"width\":200,\"height\":200,\"caption\":\"Pressenza\"},\"image\":{\"@id\":\"https:\/\/www.pressenza.com\/fr\/#\/schema\/logo\/image\/\"},\"sameAs\":[\"https:\/\/www.facebook.com\/PressenzaItalia\",\"https:\/\/x.com\/PressenzaIPA\"]},{\"@type\":\"Person\",\"@id\":\"https:\/\/www.pressenza.com\/fr\/#\/schema\/person\/715a31a03c153d20aaeabb924bccc753\",\"name\":\"C\u00e9lia Grincourt\",\"url\":\"https:\/\/www.pressenza.com\/fr\/author\/celia-grincourt\/\"}]}<\/script>\n<!-- \/ Yoast SEO plugin. -->","yoast_head_json":{"title":"Podcast Catherine Dumonteil-Kremer","description":"La Force de la Non-Violence est une s\u00e9rie de podcast soigneusement pr\u00e9par\u00e9s afin de pr\u00e9senter les acteurs de la non-violence, dans leur diversit\u00e9.","robots":{"index":"index","follow":"follow","max-snippet":"max-snippet:-1","max-image-preview":"max-image-preview:large","max-video-preview":"max-video-preview:-1"},"canonical":"https:\/\/www.pressenza.com\/fr\/2025\/03\/podcast-catherine-dumonteil-kremer\/","og_locale":"fr_FR","og_type":"article","og_title":"Podcast Catherine Dumonteil-Kremer","og_description":"La Force de la Non-Violence est une s\u00e9rie de podcast soigneusement pr\u00e9par\u00e9s afin de pr\u00e9senter les acteurs de la non-violence, dans leur diversit\u00e9.","og_url":"https:\/\/www.pressenza.com\/fr\/2025\/03\/podcast-catherine-dumonteil-kremer\/","og_site_name":"Pressenza","article_publisher":"https:\/\/www.facebook.com\/PressenzaItalia","article_published_time":"2025-03-16T23:10:24+00:00","og_image":[{"width":1400,"height":1400,"url":"https:\/\/www.pressenza.com\/wp-content\/uploads\/2025\/03\/Catherine-Dumonteil-Kremer.jpg","type":"image\/jpeg"}],"author":"C\u00e9lia Grincourt","twitter_card":"summary_large_image","twitter_creator":"@PressenzaIPA","twitter_site":"@PressenzaIPA","twitter_misc":{"\u00c9crit par":"C\u00e9lia Grincourt","Dur\u00e9e de lecture estim\u00e9e":"1 minute"},"schema":{"@context":"https:\/\/schema.org","@graph":[{"@type":"Article","@id":"https:\/\/www.pressenza.com\/fr\/2025\/03\/podcast-catherine-dumonteil-kremer\/#article","isPartOf":{"@id":"https:\/\/www.pressenza.com\/fr\/2025\/03\/podcast-catherine-dumonteil-kremer\/"},"author":{"name":"C\u00e9lia Grincourt","@id":"https:\/\/www.pressenza.com\/fr\/#\/schema\/person\/715a31a03c153d20aaeabb924bccc753"},"headline":"Podcast Catherine Dumonteil-Kremer","datePublished":"2025-03-16T23:10:24+00:00","mainEntityOfPage":{"@id":"https:\/\/www.pressenza.com\/fr\/2025\/03\/podcast-catherine-dumonteil-kremer\/"},"wordCount":213,"publisher":{"@id":"https:\/\/www.pressenza.com\/fr\/#organization"},"image":{"@id":"https:\/\/www.pressenza.com\/fr\/2025\/03\/podcast-catherine-dumonteil-kremer\/#primaryimage"},"thumbnailUrl":"https:\/\/www.pressenza.com\/wp-content\/uploads\/2025\/03\/Catherine-Dumonteil-Kremer.jpg","keywords":["Education positive","observatoire de la violence \u00e9ducative","parentalit\u00e9 cr\u00e9ative"],"articleSection":["Contenu Original","Droits humains","Education","Europe","Non-violence"],"inLanguage":"fr-FR"},{"@type":"WebPage","@id":"https:\/\/www.pressenza.com\/fr\/2025\/03\/podcast-catherine-dumonteil-kremer\/","url":"https:\/\/www.pressenza.com\/fr\/2025\/03\/podcast-catherine-dumonteil-kremer\/","name":"Podcast Catherine Dumonteil-Kremer","isPartOf":{"@id":"https:\/\/www.pressenza.com\/fr\/#website"},"primaryImageOfPage":{"@id":"https:\/\/www.pressenza.com\/fr\/2025\/03\/podcast-catherine-dumonteil-kremer\/#primaryimage"},"image":{"@id":"https:\/\/www.pressenza.com\/fr\/2025\/03\/podcast-catherine-dumonteil-kremer\/#primaryimage"},"thumbnailUrl":"https:\/\/www.pressenza.com\/wp-content\/uploads\/2025\/03\/Catherine-Dumonteil-Kremer.jpg","datePublished":"2025-03-16T23:10:24+00:00","description":"La Force de la Non-Violence est une s\u00e9rie de podcast soigneusement pr\u00e9par\u00e9s afin de pr\u00e9senter les acteurs de la non-violence, dans leur diversit\u00e9.","breadcrumb":{"@id":"https:\/\/www.pressenza.com\/fr\/2025\/03\/podcast-catherine-dumonteil-kremer\/#breadcrumb"},"inLanguage":"fr-FR","potentialAction":[{"@type":"ReadAction","target":["https:\/\/www.pressenza.com\/fr\/2025\/03\/podcast-catherine-dumonteil-kremer\/"]}]},{"@type":"ImageObject","inLanguage":"fr-FR","@id":"https:\/\/www.pressenza.com\/fr\/2025\/03\/podcast-catherine-dumonteil-kremer\/#primaryimage","url":"https:\/\/www.pressenza.com\/wp-content\/uploads\/2025\/03\/Catherine-Dumonteil-Kremer.jpg","contentUrl":"https:\/\/www.pressenza.com\/wp-content\/uploads\/2025\/03\/Catherine-Dumonteil-Kremer.jpg","width":1400,"height":1400},{"@type":"BreadcrumbList","@id":"https:\/\/www.pressenza.com\/fr\/2025\/03\/podcast-catherine-dumonteil-kremer\/#breadcrumb","itemListElement":[{"@type":"ListItem","position":1,"name":"Accueil","item":"https:\/\/www.pressenza.com\/fr\/"},{"@type":"ListItem","position":2,"name":"Podcast Catherine Dumonteil-Kremer"}]},{"@type":"WebSite","@id":"https:\/\/www.pressenza.com\/fr\/#website","url":"https:\/\/www.pressenza.com\/fr\/","name":"Pressenza","description":"International Press Agency","publisher":{"@id":"https:\/\/www.pressenza.com\/fr\/#organization"},"potentialAction":[{"@type":"SearchAction","target":{"@type":"EntryPoint","urlTemplate":"https:\/\/www.pressenza.com\/fr\/?s={search_term_string}"},"query-input":{"@type":"PropertyValueSpecification","valueRequired":true,"valueName":"search_term_string"}}],"inLanguage":"fr-FR"},{"@type":"Organization","@id":"https:\/\/www.pressenza.com\/fr\/#organization","name":"Pressenza","url":"https:\/\/www.pressenza.com\/fr\/","logo":{"@type":"ImageObject","inLanguage":"fr-FR","@id":"https:\/\/www.pressenza.com\/fr\/#\/schema\/logo\/image\/","url":"https:\/\/www.pressenza.com\/wp-content\/uploads\/2022\/10\/pressenza_logo_200x200.jpg","contentUrl":"https:\/\/www.pressenza.com\/wp-content\/uploads\/2022\/10\/pressenza_logo_200x200.jpg","width":200,"height":200,"caption":"Pressenza"},"image":{"@id":"https:\/\/www.pressenza.com\/fr\/#\/schema\/logo\/image\/"},"sameAs":["https:\/\/www.facebook.com\/PressenzaItalia","https:\/\/x.com\/PressenzaIPA"]},{"@type":"Person","@id":"https:\/\/www.pressenza.com\/fr\/#\/schema\/person\/715a31a03c153d20aaeabb924bccc753","name":"C\u00e9lia Grincourt","url":"https:\/\/www.pressenza.com\/fr\/author\/celia-grincourt\/"}]}},"place":"France","original_article_url":"","_links":{"self":[{"href":"https:\/\/www.pressenza.com\/fr\/wp-json\/wp\/v2\/posts\/2589058","targetHints":{"allow":["GET"]}}],"collection":[{"href":"https:\/\/www.pressenza.com\/fr\/wp-json\/wp\/v2\/posts"}],"about":[{"href":"https:\/\/www.pressenza.com\/fr\/wp-json\/wp\/v2\/types\/post"}],"author":[{"embeddable":true,"href":"https:\/\/www.pressenza.com\/fr\/wp-json\/wp\/v2\/users\/2339"}],"replies":[{"embeddable":true,"href":"https:\/\/www.pressenza.com\/fr\/wp-json\/wp\/v2\/comments?post=2589058"}],"version-history":[{"count":0,"href":"https:\/\/www.pressenza.com\/fr\/wp-json\/wp\/v2\/posts\/2589058\/revisions"}],"wp:featuredmedia":[{"embeddable":true,"href":"https:\/\/www.pressenza.com\/fr\/wp-json\/wp\/v2\/media\/2589059"}],"wp:attachment":[{"href":"https:\/\/www.pressenza.com\/fr\/wp-json\/wp\/v2\/media?parent=2589058"}],"wp:term":[{"taxonomy":"category","embeddable":true,"href":"https:\/\/www.pressenza.com\/fr\/wp-json\/wp\/v2\/categories?post=2589058"},{"taxonomy":"post_tag","embeddable":true,"href":"https:\/\/www.pressenza.com\/fr\/wp-json\/wp\/v2\/tags?post=2589058"}],"curies":[{"name":"wp","href":"https:\/\/api.w.org\/{rel}","templated":true}]}}