{"id":2588785,"date":"2025-03-10T17:55:17","date_gmt":"2025-03-10T17:55:17","guid":{"rendered":"https:\/\/www.pressenza.com\/?p=2588785"},"modified":"2025-03-10T18:36:10","modified_gmt":"2025-03-10T18:36:10","slug":"troisieme-reunion-des-etats-partenaires-du-tnp-considerations-finales","status":"publish","type":"post","link":"https:\/\/www.pressenza.com\/fr\/2025\/03\/troisieme-reunion-des-etats-partenaires-du-tnp-considerations-finales\/","title":{"rendered":"Troisi\u00e8me r\u00e9union des \u00c9tats partenaires du TIAN. Consid\u00e9rations finales"},"content":{"rendered":"<p>La troisi\u00e8me r\u00e9union des \u00c9tats partenaires (3MSP) du trait\u00e9 sur l&rsquo;interdiction des armes nucl\u00e9aires (TIAN) s&rsquo;est achev\u00e9e avec succ\u00e8s ce 7 mars 2025 au si\u00e8ge des Nations unies \u00e0 New York par une d\u00e9claration politique forte rejetant les armes nucl\u00e9aires, mettant comme enjeu la dissuasion et l&rsquo;adoption d&rsquo;un certain nombre de d\u00e9cisions qui renforcent le processus du trait\u00e9.<\/p>\n<p>Voici quelques points forts de la r\u00e9union qui s&rsquo;est tenue \u00e0 New York du 3 au 7 mars 2025, sur la base de notes quotidiennes \u00e9chang\u00e9es :<\/p>\n<ul>\n<li>86 pays ont contribu\u00e9 \u00e0 ce travail, y compris les \u00c9tats partenaires, les signataires et les observateurs. La r\u00e9union a \u00e9galement vu la participation active de 1 000 repr\u00e9sentants de 163 organisations de la soci\u00e9t\u00e9 civile, dont de nombreuses voix des communaut\u00e9s touch\u00e9es, et de neuf organisations internationales.<br \/>\nDans le cadre de la \u00a03MSP, plus de 70 \u00e9v\u00e9nements ont \u00e9t\u00e9 organis\u00e9s aux Nations unies et dans toute la ville de New York.<\/li>\n<li>Une d\u00e9claration politique et plusieurs d\u00e9cisions ont \u00e9t\u00e9 adopt\u00e9es, liant le d\u00e9sarmement nucl\u00e9aire aux pr\u00e9occupations de s\u00e9curit\u00e9 mondiale et pr\u00e9sentant la feuille de route pour le d\u00e9mant\u00e8lement de la dissuasion nucl\u00e9aire.<br \/>\nQuatre-vingts ans apr\u00e8s la premi\u00e8re utilisation des armes, et dans un contexte d&rsquo;instabilit\u00e9 croissante et d&rsquo;appels \u00e0 la prolif\u00e9ration nucl\u00e9aire en Asie et en Europe, les \u00c9tats partenaires et les signataires du trait\u00e9 font preuve de leadership pour mettre fin aux menaces que les armes nucl\u00e9aires et la dissuasion nucl\u00e9aire font peser sur leur propre s\u00e9curit\u00e9 et sur celle de tous les autres.<br \/>\nDans la d\u00e9claration adopt\u00e9e \u00e0 l&rsquo;issue de la r\u00e9union, les \u00c9tats partenaires du TIAN ont convenu que le meilleur moyen de faire progresser la s\u00e9curit\u00e9 mondiale en mati\u00e8re d&rsquo;armes nucl\u00e9aires \u00e9tait d&rsquo;associer davantage de pays au trait\u00e9, qui compte aujourd&rsquo;hui 94 signataires et 73 \u00c9tats.Les \u00c9tats partenaires ont convenu que \u00ab les armes nucl\u00e9aires constituent une menace pour la s\u00e9curit\u00e9 et, en fin de compte, pour l&rsquo;existence de tous les \u00c9tats, pour ceux qui poss\u00e8dent des armes nucl\u00e9aires, ceux qui souscrivent \u00e0 la dissuasion nucl\u00e9aire ou encore ceux qui s&rsquo;y opposent fermement \u00bb.<\/li>\n<\/ul>\n<p>Un rapport pr\u00e9sent\u00e9 lors de la conf\u00e9rence contient des recommandations d\u00e9taill\u00e9es sur la mani\u00e8re dont les \u00c9tats membres du TIAN peuvent remettre en question les doctrines actuelles en mati\u00e8re d&rsquo;armes nucl\u00e9aires et la mani\u00e8re dont elles menacent leur s\u00e9curit\u00e9, par exemple au sein du Conseil de s\u00e9curit\u00e9 des Nations unies, dans les m\u00e9dias et de mani\u00e8re bilat\u00e9rale avec les \u00c9tats dot\u00e9s d&rsquo;armes nucl\u00e9aires.<\/p>\n<p>La d\u00e9claration rejette \u00e9galement la dissuasion nucl\u00e9aire comme une menace pour les \u00c9tats membres du TIAN, remettant en cause la d\u00e9pendance croissante \u00e0 la dissuasion des \u00c9tats dot\u00e9s d\u2019armes nucl\u00e9aires et d\u2019autres \u00c9tats pro-nucl\u00e9aires que nous observons en Europe et en Asie, affirmant :<\/p>\n<p>\u00ab La dissuasion nucl\u00e9aire est fond\u00e9e sur l&rsquo;existence m\u00eame du risque nucl\u00e9aire, qui menace la survie de tous \u00bb.<\/p>\n<p>Les communaut\u00e9s affect\u00e9es par les armes nucl\u00e9aires, y compris les peuples indig\u00e8nes, ont fait partie int\u00e9grante de la r\u00e9union avec leur demande de justice.<\/p>\n<p>La 3MSP a entendu les demandes du laur\u00e9at du prix Nobel de la paix Nihon Hidankyo et des peuples touch\u00e9s par les effets des d\u00e9tonations atomiques, tels que le peuple Yankunytjatjara du Kazakhstan, la R\u00e9publique de Cor\u00e9e, les Maohi Nui de Polyn\u00e9sie fran\u00e7aise, les Maohi Nui de Kiribati et de Fidji, et les Navajo.<\/p>\n<p>Lors d&rsquo;une s\u00e9rie d&rsquo;\u00e9v\u00e9nements, dont le quatri\u00e8me forum des survivants nucl\u00e9aires, les repr\u00e9sentants des communaut\u00e9s touch\u00e9es ont plaid\u00e9 en faveur de la n\u00e9cessit\u00e9 urgente de traiter les dommages caus\u00e9s par les essais d&rsquo;armes nucl\u00e9aires d&rsquo;une mani\u00e8re inclusive. Dans la d\u00e9claration issue de la r\u00e9union, les participants se sont engag\u00e9s \u00e0 \u00ab continuer \u00e0 dialoguer, dans le cadre d&rsquo;une approche inclusive, avec tous les \u00c9tats, les organisations internationales, les parlementaires, la soci\u00e9t\u00e9 civile, les scientifiques, les institutions financi\u00e8res, les jeunes, les communaut\u00e9s et les personnes touch\u00e9es par les armes nucl\u00e9aires, y compris les populations autochtones \u00bb.<\/p>\n<p>Les \u00c9tats sont convenus de poursuivre les travaux relatifs au plan d&rsquo;action de Vienne sur les 50 points adopt\u00e9s lors de la premi\u00e8re Assembl\u00e9e des \u00c9tats parties en 2022, de faire le point sur les progr\u00e8s accomplis et de pr\u00e9parer la prochaine s\u00e9rie de mesures \u00e0 prendre lors de la conf\u00e9rence d&rsquo;examen, afin de tracer une voie inclusive et d\u00e9termin\u00e9e.<\/p>\n<p>Compte tenu des tensions g\u00e9opolitiques actuelles en Asie et en Europe, le th\u00e8me principal retenu est la \u00ab dissuasion nucl\u00e9aire \u00bb en tant que question de s\u00e9curit\u00e9 importante pour le monde entier. Compte tenu des tensions g\u00e9opolitiques actuelles en Asie et en Europe, le th\u00e8me principal convenu est la \u00ab dissuasion nucl\u00e9aire \u00bb en tant que question de s\u00e9curit\u00e9 importante pour le monde entier.<\/p>\n<p>La quatri\u00e8me r\u00e9union des \u00c9tats parties au Trait\u00e9 (4MSP) se tiendra du 30 novembre au 4 d\u00e9cembre 2026 \u00e0 New York et sera pr\u00e9sid\u00e9e par l&rsquo;Afrique du Sud.<\/p>\n<p>Pour tous ceux qui souhaitent approfondir ces courtes notes quotidiennes, voici le lien avec tous les discours\u00a0 :<\/p>\n<p><a href=\"https:\/\/meetings.unoda.org\/meeting\/73413\/statements\">https:\/\/meetings.unoda.org\/meeting\/73413\/statements<\/a><\/p>\n","protected":false},"excerpt":{"rendered":"<p>La troisi\u00e8me r\u00e9union des \u00c9tats partenaires (3MSP) du trait\u00e9 sur l&rsquo;interdiction des armes nucl\u00e9aires (TIAN) s&rsquo;est achev\u00e9e avec succ\u00e8s ce 7 mars 2025 au si\u00e8ge des Nations unies \u00e0 New York par une d\u00e9claration politique forte rejetant les armes nucl\u00e9aires,&hellip;<\/p>\n","protected":false},"author":2460,"featured_media":2588787,"comment_status":"closed","ping_status":"closed","sticky":false,"template":"","format":"standard","meta":{"footnotes":""},"categories":[11386,40,1250],"tags":[133486,3785,40136,46791],"class_list":["post-2588785","post","type-post","status-publish","format-standard","has-post-thumbnail","hentry","category-contenu-original","category-international-fr","category-paix-desarmement","tag-3msp-fr","tag-ican-fr","tag-tian","tag-traite-sur-linterdiction-des-armes-nucleaires"],"yoast_head":"<!-- This site is optimized with the Yoast SEO plugin v27.1.1 - https:\/\/yoast.com\/product\/yoast-seo-wordpress\/ -->\n<title>Troisi\u00e8me r\u00e9union des \u00c9tats partenaires du TIAN. Consid\u00e9rations finales<\/title>\n<meta name=\"description\" content=\"La troisi\u00e8me r\u00e9union des \u00c9tats partenaires (3MSP) du trait\u00e9 sur l&#039;interdiction des armes nucl\u00e9aires (TIAN) s&#039;est achev\u00e9e avec succ\u00e8s ce 7 mars 2025 au\" \/>\n<meta name=\"robots\" content=\"index, follow, max-snippet:-1, max-image-preview:large, max-video-preview:-1\" \/>\n<link rel=\"canonical\" href=\"https:\/\/www.pressenza.com\/fr\/2025\/03\/troisieme-reunion-des-etats-partenaires-du-tnp-considerations-finales\/\" \/>\n<meta property=\"og:locale\" content=\"fr_FR\" \/>\n<meta property=\"og:type\" content=\"article\" \/>\n<meta property=\"og:title\" content=\"Troisi\u00e8me r\u00e9union des \u00c9tats partenaires du TIAN. Consid\u00e9rations finales\" \/>\n<meta property=\"og:description\" content=\"La troisi\u00e8me r\u00e9union des \u00c9tats partenaires (3MSP) du trait\u00e9 sur l&#039;interdiction des armes nucl\u00e9aires (TIAN) s&#039;est achev\u00e9e avec succ\u00e8s ce 7 mars 2025 au\" \/>\n<meta property=\"og:url\" content=\"https:\/\/www.pressenza.com\/fr\/2025\/03\/troisieme-reunion-des-etats-partenaires-du-tnp-considerations-finales\/\" \/>\n<meta property=\"og:site_name\" content=\"Pressenza\" \/>\n<meta property=\"article:publisher\" content=\"https:\/\/www.facebook.com\/PressenzaItalia\" \/>\n<meta property=\"article:published_time\" content=\"2025-03-10T17:55:17+00:00\" \/>\n<meta property=\"article:modified_time\" content=\"2025-03-10T18:36:10+00:00\" \/>\n<meta property=\"og:image\" content=\"https:\/\/www.pressenza.com\/wp-content\/uploads\/2025\/03\/delegata-Sudafrica.jpg\" \/>\n\t<meta property=\"og:image:width\" content=\"1440\" \/>\n\t<meta property=\"og:image:height\" content=\"1440\" \/>\n\t<meta property=\"og:image:type\" content=\"image\/jpeg\" \/>\n<meta name=\"author\" content=\"Sandro Ciani\" \/>\n<meta name=\"twitter:card\" content=\"summary_large_image\" \/>\n<meta name=\"twitter:creator\" content=\"@PressenzaIPA\" \/>\n<meta name=\"twitter:site\" content=\"@PressenzaIPA\" \/>\n<meta name=\"twitter:label1\" content=\"\u00c9crit par\" \/>\n\t<meta name=\"twitter:data1\" content=\"Sandro Ciani\" \/>\n\t<meta name=\"twitter:label2\" content=\"Dur\u00e9e de lecture estim\u00e9e\" \/>\n\t<meta name=\"twitter:data2\" content=\"5 minutes\" \/>\n<script type=\"application\/ld+json\" class=\"yoast-schema-graph\">{\"@context\":\"https:\/\/schema.org\",\"@graph\":[{\"@type\":\"Article\",\"@id\":\"https:\/\/www.pressenza.com\/fr\/2025\/03\/troisieme-reunion-des-etats-partenaires-du-tnp-considerations-finales\/#article\",\"isPartOf\":{\"@id\":\"https:\/\/www.pressenza.com\/fr\/2025\/03\/troisieme-reunion-des-etats-partenaires-du-tnp-considerations-finales\/\"},\"author\":{\"name\":\"Sandro Ciani\",\"@id\":\"https:\/\/www.pressenza.com\/fr\/#\/schema\/person\/af78346d3d156a28fc6e259ee9b4b2e0\"},\"headline\":\"Troisi\u00e8me r\u00e9union des \u00c9tats partenaires du TIAN. Consid\u00e9rations finales\",\"datePublished\":\"2025-03-10T17:55:17+00:00\",\"dateModified\":\"2025-03-10T18:36:10+00:00\",\"mainEntityOfPage\":{\"@id\":\"https:\/\/www.pressenza.com\/fr\/2025\/03\/troisieme-reunion-des-etats-partenaires-du-tnp-considerations-finales\/\"},\"wordCount\":943,\"publisher\":{\"@id\":\"https:\/\/www.pressenza.com\/fr\/#organization\"},\"image\":{\"@id\":\"https:\/\/www.pressenza.com\/fr\/2025\/03\/troisieme-reunion-des-etats-partenaires-du-tnp-considerations-finales\/#primaryimage\"},\"thumbnailUrl\":\"https:\/\/www.pressenza.com\/wp-content\/uploads\/2025\/03\/delegata-Sudafrica.jpg\",\"keywords\":[\"3MSP\",\"ICAN\",\"TIAN\",\"trait\u00e9 sur l'interdiction des armes nucl\u00e9aires\"],\"articleSection\":[\"Contenu Original\",\"International\",\"Paix et D\u00e9sarmement\"],\"inLanguage\":\"fr-FR\"},{\"@type\":\"WebPage\",\"@id\":\"https:\/\/www.pressenza.com\/fr\/2025\/03\/troisieme-reunion-des-etats-partenaires-du-tnp-considerations-finales\/\",\"url\":\"https:\/\/www.pressenza.com\/fr\/2025\/03\/troisieme-reunion-des-etats-partenaires-du-tnp-considerations-finales\/\",\"name\":\"Troisi\u00e8me r\u00e9union des \u00c9tats partenaires du TIAN. Consid\u00e9rations finales\",\"isPartOf\":{\"@id\":\"https:\/\/www.pressenza.com\/fr\/#website\"},\"primaryImageOfPage\":{\"@id\":\"https:\/\/www.pressenza.com\/fr\/2025\/03\/troisieme-reunion-des-etats-partenaires-du-tnp-considerations-finales\/#primaryimage\"},\"image\":{\"@id\":\"https:\/\/www.pressenza.com\/fr\/2025\/03\/troisieme-reunion-des-etats-partenaires-du-tnp-considerations-finales\/#primaryimage\"},\"thumbnailUrl\":\"https:\/\/www.pressenza.com\/wp-content\/uploads\/2025\/03\/delegata-Sudafrica.jpg\",\"datePublished\":\"2025-03-10T17:55:17+00:00\",\"dateModified\":\"2025-03-10T18:36:10+00:00\",\"description\":\"La troisi\u00e8me r\u00e9union des \u00c9tats partenaires (3MSP) du trait\u00e9 sur l'interdiction des armes nucl\u00e9aires (TIAN) s'est achev\u00e9e avec succ\u00e8s ce 7 mars 2025 au\",\"breadcrumb\":{\"@id\":\"https:\/\/www.pressenza.com\/fr\/2025\/03\/troisieme-reunion-des-etats-partenaires-du-tnp-considerations-finales\/#breadcrumb\"},\"inLanguage\":\"fr-FR\",\"potentialAction\":[{\"@type\":\"ReadAction\",\"target\":[\"https:\/\/www.pressenza.com\/fr\/2025\/03\/troisieme-reunion-des-etats-partenaires-du-tnp-considerations-finales\/\"]}]},{\"@type\":\"ImageObject\",\"inLanguage\":\"fr-FR\",\"@id\":\"https:\/\/www.pressenza.com\/fr\/2025\/03\/troisieme-reunion-des-etats-partenaires-du-tnp-considerations-finales\/#primaryimage\",\"url\":\"https:\/\/www.pressenza.com\/wp-content\/uploads\/2025\/03\/delegata-Sudafrica.jpg\",\"contentUrl\":\"https:\/\/www.pressenza.com\/wp-content\/uploads\/2025\/03\/delegata-Sudafrica.jpg\",\"width\":1440,\"height\":1440},{\"@type\":\"BreadcrumbList\",\"@id\":\"https:\/\/www.pressenza.com\/fr\/2025\/03\/troisieme-reunion-des-etats-partenaires-du-tnp-considerations-finales\/#breadcrumb\",\"itemListElement\":[{\"@type\":\"ListItem\",\"position\":1,\"name\":\"Accueil\",\"item\":\"https:\/\/www.pressenza.com\/fr\/\"},{\"@type\":\"ListItem\",\"position\":2,\"name\":\"Troisi\u00e8me r\u00e9union des \u00c9tats partenaires du TIAN. Consid\u00e9rations finales\"}]},{\"@type\":\"WebSite\",\"@id\":\"https:\/\/www.pressenza.com\/fr\/#website\",\"url\":\"https:\/\/www.pressenza.com\/fr\/\",\"name\":\"Pressenza\",\"description\":\"International Press Agency\",\"publisher\":{\"@id\":\"https:\/\/www.pressenza.com\/fr\/#organization\"},\"potentialAction\":[{\"@type\":\"SearchAction\",\"target\":{\"@type\":\"EntryPoint\",\"urlTemplate\":\"https:\/\/www.pressenza.com\/fr\/?s={search_term_string}\"},\"query-input\":{\"@type\":\"PropertyValueSpecification\",\"valueRequired\":true,\"valueName\":\"search_term_string\"}}],\"inLanguage\":\"fr-FR\"},{\"@type\":\"Organization\",\"@id\":\"https:\/\/www.pressenza.com\/fr\/#organization\",\"name\":\"Pressenza\",\"url\":\"https:\/\/www.pressenza.com\/fr\/\",\"logo\":{\"@type\":\"ImageObject\",\"inLanguage\":\"fr-FR\",\"@id\":\"https:\/\/www.pressenza.com\/fr\/#\/schema\/logo\/image\/\",\"url\":\"https:\/\/www.pressenza.com\/wp-content\/uploads\/2022\/10\/pressenza_logo_200x200.jpg\",\"contentUrl\":\"https:\/\/www.pressenza.com\/wp-content\/uploads\/2022\/10\/pressenza_logo_200x200.jpg\",\"width\":200,\"height\":200,\"caption\":\"Pressenza\"},\"image\":{\"@id\":\"https:\/\/www.pressenza.com\/fr\/#\/schema\/logo\/image\/\"},\"sameAs\":[\"https:\/\/www.facebook.com\/PressenzaItalia\",\"https:\/\/x.com\/PressenzaIPA\"]},{\"@type\":\"Person\",\"@id\":\"https:\/\/www.pressenza.com\/fr\/#\/schema\/person\/af78346d3d156a28fc6e259ee9b4b2e0\",\"name\":\"Sandro Ciani\",\"description\":\"Sandro was born in Rome (January 6, 1966); he has a degree in Electronic Engineering and a personal aptitude for management, relations and event organization. He has worked in information technology and in the area of autonomous driving projects. He is currently an activist for non-violence, disarmament and pacifism in particular against the atom weapons and the climate changes that might cause further conflicts in the world as well as discrimination. Sandro took part in the Equipe Base (EB) in the 1st world march in 2009\/2010, along the American path (from NYC to Punta de Vacas, passing through the eastern part of South America - Brazil, Uruguay, Argentina, Chile) and in the 2nd world march in 2019\/2020 from NYC to Berlin, including Hiroshima, also passing through Moscow and central Europe. Last but not least, Sandro participated as an ICAN member trough MSGySV also to 1\u00b0 and 2\u00b0 meetings of the States Parties of the TPNW at the United Nations (Vienna June 2022 and NYC December 2023). Sandro endorsed the 3\u00b0 World March for Peace and Nonviolence.\",\"url\":\"https:\/\/www.pressenza.com\/fr\/author\/sandro-ciani\/\"}]}<\/script>\n<!-- \/ Yoast SEO plugin. -->","yoast_head_json":{"title":"Troisi\u00e8me r\u00e9union des \u00c9tats partenaires du TIAN. Consid\u00e9rations finales","description":"La troisi\u00e8me r\u00e9union des \u00c9tats partenaires (3MSP) du trait\u00e9 sur l'interdiction des armes nucl\u00e9aires (TIAN) s'est achev\u00e9e avec succ\u00e8s ce 7 mars 2025 au","robots":{"index":"index","follow":"follow","max-snippet":"max-snippet:-1","max-image-preview":"max-image-preview:large","max-video-preview":"max-video-preview:-1"},"canonical":"https:\/\/www.pressenza.com\/fr\/2025\/03\/troisieme-reunion-des-etats-partenaires-du-tnp-considerations-finales\/","og_locale":"fr_FR","og_type":"article","og_title":"Troisi\u00e8me r\u00e9union des \u00c9tats partenaires du TIAN. Consid\u00e9rations finales","og_description":"La troisi\u00e8me r\u00e9union des \u00c9tats partenaires (3MSP) du trait\u00e9 sur l'interdiction des armes nucl\u00e9aires (TIAN) s'est achev\u00e9e avec succ\u00e8s ce 7 mars 2025 au","og_url":"https:\/\/www.pressenza.com\/fr\/2025\/03\/troisieme-reunion-des-etats-partenaires-du-tnp-considerations-finales\/","og_site_name":"Pressenza","article_publisher":"https:\/\/www.facebook.com\/PressenzaItalia","article_published_time":"2025-03-10T17:55:17+00:00","article_modified_time":"2025-03-10T18:36:10+00:00","og_image":[{"width":1440,"height":1440,"url":"https:\/\/www.pressenza.com\/wp-content\/uploads\/2025\/03\/delegata-Sudafrica.jpg","type":"image\/jpeg"}],"author":"Sandro Ciani","twitter_card":"summary_large_image","twitter_creator":"@PressenzaIPA","twitter_site":"@PressenzaIPA","twitter_misc":{"\u00c9crit par":"Sandro Ciani","Dur\u00e9e de lecture estim\u00e9e":"5 minutes"},"schema":{"@context":"https:\/\/schema.org","@graph":[{"@type":"Article","@id":"https:\/\/www.pressenza.com\/fr\/2025\/03\/troisieme-reunion-des-etats-partenaires-du-tnp-considerations-finales\/#article","isPartOf":{"@id":"https:\/\/www.pressenza.com\/fr\/2025\/03\/troisieme-reunion-des-etats-partenaires-du-tnp-considerations-finales\/"},"author":{"name":"Sandro Ciani","@id":"https:\/\/www.pressenza.com\/fr\/#\/schema\/person\/af78346d3d156a28fc6e259ee9b4b2e0"},"headline":"Troisi\u00e8me r\u00e9union des \u00c9tats partenaires du TIAN. Consid\u00e9rations finales","datePublished":"2025-03-10T17:55:17+00:00","dateModified":"2025-03-10T18:36:10+00:00","mainEntityOfPage":{"@id":"https:\/\/www.pressenza.com\/fr\/2025\/03\/troisieme-reunion-des-etats-partenaires-du-tnp-considerations-finales\/"},"wordCount":943,"publisher":{"@id":"https:\/\/www.pressenza.com\/fr\/#organization"},"image":{"@id":"https:\/\/www.pressenza.com\/fr\/2025\/03\/troisieme-reunion-des-etats-partenaires-du-tnp-considerations-finales\/#primaryimage"},"thumbnailUrl":"https:\/\/www.pressenza.com\/wp-content\/uploads\/2025\/03\/delegata-Sudafrica.jpg","keywords":["3MSP","ICAN","TIAN","trait\u00e9 sur l'interdiction des armes nucl\u00e9aires"],"articleSection":["Contenu Original","International","Paix et D\u00e9sarmement"],"inLanguage":"fr-FR"},{"@type":"WebPage","@id":"https:\/\/www.pressenza.com\/fr\/2025\/03\/troisieme-reunion-des-etats-partenaires-du-tnp-considerations-finales\/","url":"https:\/\/www.pressenza.com\/fr\/2025\/03\/troisieme-reunion-des-etats-partenaires-du-tnp-considerations-finales\/","name":"Troisi\u00e8me r\u00e9union des \u00c9tats partenaires du TIAN. Consid\u00e9rations finales","isPartOf":{"@id":"https:\/\/www.pressenza.com\/fr\/#website"},"primaryImageOfPage":{"@id":"https:\/\/www.pressenza.com\/fr\/2025\/03\/troisieme-reunion-des-etats-partenaires-du-tnp-considerations-finales\/#primaryimage"},"image":{"@id":"https:\/\/www.pressenza.com\/fr\/2025\/03\/troisieme-reunion-des-etats-partenaires-du-tnp-considerations-finales\/#primaryimage"},"thumbnailUrl":"https:\/\/www.pressenza.com\/wp-content\/uploads\/2025\/03\/delegata-Sudafrica.jpg","datePublished":"2025-03-10T17:55:17+00:00","dateModified":"2025-03-10T18:36:10+00:00","description":"La troisi\u00e8me r\u00e9union des \u00c9tats partenaires (3MSP) du trait\u00e9 sur l'interdiction des armes nucl\u00e9aires (TIAN) s'est achev\u00e9e avec succ\u00e8s ce 7 mars 2025 au","breadcrumb":{"@id":"https:\/\/www.pressenza.com\/fr\/2025\/03\/troisieme-reunion-des-etats-partenaires-du-tnp-considerations-finales\/#breadcrumb"},"inLanguage":"fr-FR","potentialAction":[{"@type":"ReadAction","target":["https:\/\/www.pressenza.com\/fr\/2025\/03\/troisieme-reunion-des-etats-partenaires-du-tnp-considerations-finales\/"]}]},{"@type":"ImageObject","inLanguage":"fr-FR","@id":"https:\/\/www.pressenza.com\/fr\/2025\/03\/troisieme-reunion-des-etats-partenaires-du-tnp-considerations-finales\/#primaryimage","url":"https:\/\/www.pressenza.com\/wp-content\/uploads\/2025\/03\/delegata-Sudafrica.jpg","contentUrl":"https:\/\/www.pressenza.com\/wp-content\/uploads\/2025\/03\/delegata-Sudafrica.jpg","width":1440,"height":1440},{"@type":"BreadcrumbList","@id":"https:\/\/www.pressenza.com\/fr\/2025\/03\/troisieme-reunion-des-etats-partenaires-du-tnp-considerations-finales\/#breadcrumb","itemListElement":[{"@type":"ListItem","position":1,"name":"Accueil","item":"https:\/\/www.pressenza.com\/fr\/"},{"@type":"ListItem","position":2,"name":"Troisi\u00e8me r\u00e9union des \u00c9tats partenaires du TIAN. Consid\u00e9rations finales"}]},{"@type":"WebSite","@id":"https:\/\/www.pressenza.com\/fr\/#website","url":"https:\/\/www.pressenza.com\/fr\/","name":"Pressenza","description":"International Press Agency","publisher":{"@id":"https:\/\/www.pressenza.com\/fr\/#organization"},"potentialAction":[{"@type":"SearchAction","target":{"@type":"EntryPoint","urlTemplate":"https:\/\/www.pressenza.com\/fr\/?s={search_term_string}"},"query-input":{"@type":"PropertyValueSpecification","valueRequired":true,"valueName":"search_term_string"}}],"inLanguage":"fr-FR"},{"@type":"Organization","@id":"https:\/\/www.pressenza.com\/fr\/#organization","name":"Pressenza","url":"https:\/\/www.pressenza.com\/fr\/","logo":{"@type":"ImageObject","inLanguage":"fr-FR","@id":"https:\/\/www.pressenza.com\/fr\/#\/schema\/logo\/image\/","url":"https:\/\/www.pressenza.com\/wp-content\/uploads\/2022\/10\/pressenza_logo_200x200.jpg","contentUrl":"https:\/\/www.pressenza.com\/wp-content\/uploads\/2022\/10\/pressenza_logo_200x200.jpg","width":200,"height":200,"caption":"Pressenza"},"image":{"@id":"https:\/\/www.pressenza.com\/fr\/#\/schema\/logo\/image\/"},"sameAs":["https:\/\/www.facebook.com\/PressenzaItalia","https:\/\/x.com\/PressenzaIPA"]},{"@type":"Person","@id":"https:\/\/www.pressenza.com\/fr\/#\/schema\/person\/af78346d3d156a28fc6e259ee9b4b2e0","name":"Sandro Ciani","description":"Sandro was born in Rome (January 6, 1966); he has a degree in Electronic Engineering and a personal aptitude for management, relations and event organization. He has worked in information technology and in the area of autonomous driving projects. He is currently an activist for non-violence, disarmament and pacifism in particular against the atom weapons and the climate changes that might cause further conflicts in the world as well as discrimination. Sandro took part in the Equipe Base (EB) in the 1st world march in 2009\/2010, along the American path (from NYC to Punta de Vacas, passing through the eastern part of South America - Brazil, Uruguay, Argentina, Chile) and in the 2nd world march in 2019\/2020 from NYC to Berlin, including Hiroshima, also passing through Moscow and central Europe. Last but not least, Sandro participated as an ICAN member trough MSGySV also to 1\u00b0 and 2\u00b0 meetings of the States Parties of the TPNW at the United Nations (Vienna June 2022 and NYC December 2023). Sandro endorsed the 3\u00b0 World March for Peace and Nonviolence.","url":"https:\/\/www.pressenza.com\/fr\/author\/sandro-ciani\/"}]}},"place":"New York, Etats-Unis","original_article_url":"","_links":{"self":[{"href":"https:\/\/www.pressenza.com\/fr\/wp-json\/wp\/v2\/posts\/2588785","targetHints":{"allow":["GET"]}}],"collection":[{"href":"https:\/\/www.pressenza.com\/fr\/wp-json\/wp\/v2\/posts"}],"about":[{"href":"https:\/\/www.pressenza.com\/fr\/wp-json\/wp\/v2\/types\/post"}],"author":[{"embeddable":true,"href":"https:\/\/www.pressenza.com\/fr\/wp-json\/wp\/v2\/users\/2460"}],"replies":[{"embeddable":true,"href":"https:\/\/www.pressenza.com\/fr\/wp-json\/wp\/v2\/comments?post=2588785"}],"version-history":[{"count":0,"href":"https:\/\/www.pressenza.com\/fr\/wp-json\/wp\/v2\/posts\/2588785\/revisions"}],"wp:featuredmedia":[{"embeddable":true,"href":"https:\/\/www.pressenza.com\/fr\/wp-json\/wp\/v2\/media\/2588787"}],"wp:attachment":[{"href":"https:\/\/www.pressenza.com\/fr\/wp-json\/wp\/v2\/media?parent=2588785"}],"wp:term":[{"taxonomy":"category","embeddable":true,"href":"https:\/\/www.pressenza.com\/fr\/wp-json\/wp\/v2\/categories?post=2588785"},{"taxonomy":"post_tag","embeddable":true,"href":"https:\/\/www.pressenza.com\/fr\/wp-json\/wp\/v2\/tags?post=2588785"}],"curies":[{"name":"wp","href":"https:\/\/api.w.org\/{rel}","templated":true}]}}