{"id":2584979,"date":"2025-02-24T01:24:59","date_gmt":"2025-02-24T01:24:59","guid":{"rendered":"https:\/\/www.pressenza.com\/?p=2584979"},"modified":"2025-03-04T14:47:12","modified_gmt":"2025-03-04T14:47:12","slug":"ateliers-velo-le-chat-perche-les-chemins-des-communs","status":"publish","type":"post","link":"https:\/\/www.pressenza.com\/fr\/2025\/02\/ateliers-velo-le-chat-perche-les-chemins-des-communs\/","title":{"rendered":"Ateliers v\u00e9lo le Chat Perch\u00e9, les chemins des communs"},"content":{"rendered":"<p><strong>Bienvenues \u00e0 la Guilloti\u00e8re<\/strong><\/p>\n<p>Les associations sont souvent des \u00e9l\u00e9ments centraux pour ce que l\u2019on appelle \u201cla vie de quartier\u201d. C&rsquo;est-\u00e0-dire pour l\u2019ensemble des relations et activit\u00e9s qui f\u00e9d\u00e8rent et font vivre ensemble les habitant\u00b7es d\u2019une partie de la ville. Des habitudes communes, des connaissances, et des valeurs se partagent ainsi au sein du voisinage, qui se met alors \u00e0 r\u00e9ellement habiter ensemble cet espace et \u00e0 se le r\u00e9approprier. En bref c\u2019est la cr\u00e9ation d\u2019une vie commune, qui repose souvent sur la solidarit\u00e9 entre habitant\u00b7es et sur le partage des ressources et connaissances.<\/p>\n<p>Les associations sont pour cela centrales: elles participent au partage des connaissances et des usages, \u00e0 la cr\u00e9ation d\u2019habitudes communes, de lien social\u2026 et surtout permettent que tout cela soit accessible \u00e0 plus de monde. Les probl\u00e9matiques touchant les associations de quartier seront visibles \u00e0 l\u2019\u00e9chelle locale, mais leurs cons\u00e9quences sont souvent plus globales. L\u2019impact d\u2019une association est \u00e9galement important \u00e0 une plus grande \u00e9chelle, dans le sens o\u00f9 il existe des r\u00e9seaux associatifs, et que les \u00e9v\u00e9nements touchant la vie de certain\u00b7es habitant-es se r\u00e9percutent \u00e0 l\u2019ext\u00e9rieur du quartier, si ce n\u2019est de la ville. De plus, les notions telles que le vivre ensemble sont d\u2019actualit\u00e9 \u00e0 l\u2019\u00e9chelle nationale, voire internationale, compte tenu des crises et conflits actuels, qui divisent et discriminent en masse.<\/p>\n<p>Le quartier qui nous int\u00e9resse aujourd\u2019hui se situe \u00e0 Lyon, dans le d\u00e9partement du Rh\u00f4ne, en France. La Guilloti\u00e8re est ce quartier situ\u00e9 dans le 7\u00e8me arrondissement lyonnais, au centre de la ville, entre la rive gauche du Rh\u00f4ne, le quartier de la pr\u00e9fecture, le grand parc Blandan et le chemin de fer de la gare Jean Mac\u00e9. Le conseil de quartier de la Guilloti\u00e8re est officiellement d\u00e9limit\u00e9 \u00e0 l&rsquo;ouest par le Rh\u00f4ne, au nord par le cours Gambetta, \u00e0 l&rsquo;est par le boulevard des Tch\u00e9coslovaques et au sud par la rue de l&rsquo;Universit\u00e9, la rue Marc-Bloch, la rue Domer, la rue du Repos et la rue de l\u2019\u00c9pargne (voir l\u2019image ci-dessous).<\/p>\n<p><img loading=\"lazy\" decoding=\"async\" class=\"aligncenter size-medium\" src=\"https:\/\/www.pressenza.com\/fr\/?attachment_id=2585032\" width=\"676\" height=\"670\" \/><\/p>\n<h5 style=\"text-align: center;\">Situation du quartier la Guilloti\u00e8re au centre de la ville de Lyon, d\u00e9partement du Rh\u00f4ne, en France.<\/h5>\n<p>Ce quartier populaire est historiquement caract\u00e9ris\u00e9 par sa mixit\u00e9 sociale et culturelle. Il est aujourd\u2019hui le th\u00e9\u00e2tre d\u2019un impressionnant processus de gentrification. Une population au statut social plus favoris\u00e9 tend \u00e0 remplacer la population dite \u201chistorique\u201d, et le bien immobilier a une valeur croissante et les prix augmentent. La vie est plus ch\u00e8re \u00e0 <i>la Guill\u2019<\/i> qu&rsquo; il y a quelques ann\u00e9es, ce qui n\u2019a de cesse de compliquer la vie des habitant\u00b7es. Un important r\u00e9seau de lieux associatifs, collectifs et militants permet encore aujourd\u2019hui d\u2019acc\u00e9der \u00e0 des alternatives bon march\u00e9 et solidaires. Ainsi nous nous penchons sur l\u2019Atelier du Chat perch\u00e9, au 29 rue Salomon Reinach. Situ\u00e9 sur le m\u00eame p\u00e2t\u00e9 de maison que l\u2019Espace Communal de la Guilloti\u00e8re (ECG) et que l\u2019Annexe, ancien centre militant et culturel d\u2019une grande importance expuls\u00e9 octobre 2024, le <i>Chat<\/i> fait partie de cet \u00eelot Mazagran, encore symbole de la lutte contre la gentrification.<\/p>\n<p><strong>Une courte histoire du Chat Perch\u00e9<\/strong><\/p>\n<p>En 2007 on assistait \u00e0 la cr\u00e9ation de l\u2019Atelier du Singe de l\u2019Au-del\u00e0, le grand parent du chat, au squat du Boulon, rue Paul Verlaine \u00e0 Villeurbanne en banlieue lyonnaise. En 2008 l\u2019atelier s\u2019installe \u00e0 la friche RVI dans le 3\u00e8me arrondissement de Lyon. L\u2019atelier est tr\u00e8s vite renomm\u00e9 \u201cle chat perch\u00e9\u201d en r\u00e9f\u00e9rence au jeu, mais aussi au chat de l\u2019atelier. Deux ans plus tard, en d\u00e9cembre 2010, un incendie se d\u00e9clenche dans la Friche RVI, et l\u2019atelier stocke ses affaires dans une cave, avant de s\u2019installer en mars 2011 le squat du 31BB \u00e0 Villeurbanne.<\/p>\n<p>La m\u00eame ann\u00e9e en octobre l\u2019association l\u2019Atelier du Chat perch\u00e9 est cr\u00e9\u00e9e et adh\u00e8re au r\u00e9seau national l\u2019Heureux Cyclage (<a href=\"https:\/\/www.heureux-cyclage.org\/\">L&rsquo;Heureux Cyclage<\/a>). En novembre l\u2019atelier d\u00e9m\u00e9nage dans le 7\u00e8me, rue Montesquieu. Il participe \u00e0 la Cr\u00e9ation de la CLAVette lyonnaise, la Coordination Locale des Ateliers V\u00e9lo (<a href=\"https:\/\/clavette-lyon.heureux-cyclage.org\/\">CLAVette lyonnaise \u2013 Coordination Locale des Ateliers V\u00e9lo participatifs et solidaires<\/a>) avec 4 autres ateliers d\u2019auto-r\u00e9paration. La coordination compte aujourd\u2019hui dix ateliers situ\u00e9s dans Lyon et les environs.<\/p>\n<p>En janvier 2014 il emploie son premier salari\u00e9 et propose une premi\u00e8re formation en mixit\u00e9 choisie, ce qui lance les Heures F\u00e9lines (<a href=\"https:\/\/www.chatperche.org\/reparer\/heures-felines\/\">https:\/\/www.chatperche.org\/reparer\/heures-felines\/<\/a>) . Cette permanence en mixit\u00e9 choisie est ouverte deux jeudis par mois. Elle permet aux personnes le souhaitant, de r\u00e9parer leurs v\u00e9los sans pr\u00e9sence d\u2019homme cis-genre (homme assign\u00e9 homme \u00e0 la naissance) dans l\u2019atelier. Cette permanence est consid\u00e9r\u00e9e comme un espace s\u00fbr, car les ateliers de m\u00e9canique v\u00e9lo sont souvent des lieux tr\u00e8s masculins, ce qui peut cr\u00e9er des comportements oppressants pour les femmes, personnes trans et minorit\u00e9s de genre.<\/p>\n<p>En Juillet 2016 l\u2019atelier d\u00e9m\u00e9nage dans le local du 29 rue Salomon Reinach, o\u00f9 il est depuis et salarie une seconde personne. En 2017 l\u2019atelier lance des d\u00e9marches pour l\u2019utilisation d\u2019outils informatiques libres et participe en juin \u00e0 la 1\u00e8re V\u00e9lorution \u201cA l\u2019Assaut du Gier\u201d avec un itin\u00e9raire cyclable entre Lyon et Saint-\u00c9tienne. En septembre iels accueillent un atelier de r\u00e9parations \u00e9lectroniques participatifs \u201cL\u2019Atelier Soud\u00e9\u201d dans leurs locaux.<\/p>\n<p>En mars 2020 une troisi\u00e8me salari\u00e9e est embauch\u00e9e, l\u2019atelier est ensuite contraint \u00e0 fermer pendant deux mois \u00e0 cause de la pand\u00e9mie. En octobre, le Chat Perch\u00e9 milite pour le V\u00e9lo \u00e0 Assistance \u00c9lectrique <i>sur ordonnance (cf <\/i><a href=\"https:\/\/www.chatperche.org\/2020\/10\/nous-militons-pour-le-velo-a-assistance-electrique-sur-ordonnance\/\"><i>https:\/\/www.chatperche.org\/2020\/10\/nous-militons-pour-le-velo-a-assistance-electrique-sur-ordonnance\/<\/i><\/a><i>) . <\/i>Trois ans plus tard, en janvier 2021 La CLAVette embauche son 1er salari\u00e9 pour favoriser l\u2019essaimage des ateliers v\u00e9lo dans la r\u00e9gion lyonnaise. En ao\u00fbt le Chat voit le d\u00e9part de 2 salari\u00e9es et embauche \u00e0 nouveau. En octobre on f\u00eate les 10 ans de l\u2019atelier. L\u2019atelier est toujours ouvert, plus que jamais, mais son bail pr\u00e9caire rue Salomon Reinach s\u2019est fini en d\u00e9cembre 2024.<\/p>\n<p><strong>M\u00e9canique v\u00e9lo, autor\u00e9paration et autogestion<\/strong><\/p>\n<p>Mais alors qu\u2019est-ce qu\u2019on y fait ? Le fonctionnement de l\u2019atelier repose sur l\u2019autor\u00e9paration: les personnes venant r\u00e9parer leurs v\u00e9los sont consid\u00e9r\u00e9es comme autonomes et utilisent les outils ou pi\u00e8ces de rechanges \u00e0 leur disposition. Les b\u00e9n\u00e9voles de l\u2019atelier ne font pas \u00e0 leur place et sont l\u00e0 pour accompagner et aider. Ici on apprend donc \u00e0 r\u00e9parer ensemble pendant les permanences. Elles sont ouvertes pour tous et toutes et sont organis\u00e9es par les b\u00e9n\u00e9voles, toujours l\u00e0 pour orienter, conseiller ou montrer des manip\u2019 inconnues.<\/p>\n<p>Dans la charte il est mis en avant que l\u2019autonomie des personnes est un but important de l\u2019atelier. Et je cite \u201cCet \u00e9panouissement dans la m\u00e9canique se veut coop\u00e9ratif et solidaire : chacun\u00b7e est invit\u00e9\u00b7e \u00e0 apprendre \u00e0 d\u2019autres comment entretenir ou r\u00e9parer sa bicyclette dans une ambiance conviviale.\u201d Coop\u00e9ratif car tout le monde y est de bon conseil, et solidaire par les prix que propose l\u2019atelier. En effet, les r\u00e9parations se font \u00e0 prix libre et l\u2019adh\u00e9sion \u00e0 l\u2019association est bon march\u00e9.<\/p>\n<p>Un adh\u00e9rent r\u00e9cent nous raconte :<\/p>\n<p>X : \u201c<i>Je suis non-binaire, mon pronom c\u2019est iel. Donc moi, \u00e7a fait un mois que je suis venu pour la premi\u00e8re fois. L\u00e0, c\u2019est ma deuxi\u00e8me aujourd\u2019hui. Je trouve personnellement que c\u2019est vraiment cool qu\u2019il y ait ce genre d\u2019atelier qui existe. Ca fait qu\u2019on n\u2019est pas oblig\u00e9 d\u2019aller dans des esp\u00e8ces de grandes boutiques officielles ou je ne sais pas quoi pour aller r\u00e9parer son v\u00e9lo. En plus, ici, il y a une bonne ambiance. C\u2019est convivial et tout. \u00c7a fait aussi des lieux de sociabilisation vraiment sympas. Personnellement, j\u2019avais d\u00e9j\u00e0 un peu d\u2019exp\u00e9rience l\u00e0-dedans parce que derri\u00e8re moi, j\u2019ai 9 ans d\u2019aller-retours au lyc\u00e9e ou au taf \u00e0 v\u00e9lo tous les jours. On apprend quand m\u00eame pas mal de trucs. Mais par exemple, le fait de pouvoir compter sur des gens qui ont plus d\u2019exp\u00e9rience que moi, c\u2019est quand m\u00eame cool. Notamment, l\u00e0 aujourd\u2019hui, j\u2019ai chang\u00e9 mon d\u00e9railleur. Je n\u2019aurais pas \u00e9t\u00e9 capable d\u2019y faire tout seul. Je trouve que c\u2019est vraiment cool. Et puis, mine de rien, j\u2019apprends des trucs. Et puis maintenant, je sais changer un d\u00e9railleur, d\u00e9monter une cha\u00eene, etc.\u201d<\/i> (Propos recueillis le 19 f\u00e9vrier 2025).<\/p>\n<p>Mais le fonctionnement de l\u2019association est avant tout non-lucratif : les recettes de l\u2019atelier servent \u00e0 l\u2019entretien du lieu, \u00e0 l\u2019achat de mat\u00e9riel, et aux salaires. On peut lire sur le site de l\u2019atelier (<a href=\"https:\/\/www.chatperche.org\/presentation\/les-valeurs-du-chat-perche\/\">Les valeurs du Chat Perch\u00e9 \u2013 Atelier du Chat Perch\u00e9<\/a>) de la part des participant\u00b7es \u201c<i>nous n\u2019attendons pas de retour sur investissement et nos pratiques n\u2019ont pas de valeur marchande.<\/i>\u201d L\u2019id\u00e9e est d\u2019\u00eatre utiles \u00e0 celles et ceux qui en ont besoin. Ainsi l\u2019association fonctionne majoritairement en autofinancement , m\u00eame s&rsquo;il arrive de demander des subventions, il lui est important de ne pas \u00eatre d\u00e9pendantes d\u2019institutions, afin de rester libres dans ses projets.<\/p>\n<p>Car l\u2019atelier se finance en partie par les adh\u00e9sions annuelles. Les personnes souhaitant revenir \u00e0 l\u2019atelier adh\u00e8rent pour vingt euros et peuvent \u00e0 chaque permanence r\u00e9parer leurs v\u00e9los en utilisant les outils et pi\u00e8ces de rechange mises \u00e0 leurs dispositions. Le reste se fait \u00e0 prix libre: chacun\u00b7e donne ce qu\u2019il ou elle veut en \u00e9change de ce qui a \u00e9t\u00e9 utilis\u00e9 dans l\u2019atelier. Le prix libre et conscient se veut l\u2019opposition du prix fixe in\u00e9galitaire qui impose le m\u00eame prix \u00e0 toustes. Ce n\u2019est pas un prix fixe, ni un don, ni un prix conseill\u00e9, c\u2019est un peu les trois ! Et pour le reste de ses financements, le chat compte sur des ventes de v\u00e9lo de seconde main, enti\u00e8rement r\u00e9vis\u00e9es par les b\u00e9n\u00e9voles et salari\u00e9\u00b7es. L\u2019id\u00e9e \u00e9tant de promouvoir le r\u00e9emploi, la r\u00e9paration, plut\u00f4t que l\u2019achat de neuf. Ce recyclage vaut pour le v\u00e9lo comme pour les pi\u00e8ces. Rien ne se perd, rien ne se cr\u00e9e, tout se (r\u00e9)utilise.<\/p>\n<p>Un\u00b7e adh\u00e9rent\u00b7e nous affirme qu\u2019iel se sent plus autonome et se fait plus confiance. Iel ajoute \u201c<i>ce que je me dis surtout, c\u2019est qu\u2019\u00e0 l\u2019avenir, je pourrais plus facilement aider d\u2019autres qui auraient besoin de \u00e7a aussi. [&#8230;] Je pense que globalement le partage de connaissances, c\u2019est vraiment important.<\/i>\u201d (Propos de X, adh\u00e9rent\u00b7e depuis un mois, recueillis le 19 f\u00e9vrier 2025).<\/p>\n<p>Ce lieu ne vivrait pas sans celles et ceux qui y viennent. Deux adh\u00e9rentes, E et L nous parlent de leurs exp\u00e9riences \u00e0 l\u2019atelier.<\/p>\n<p>L : <i>\u201cJe venais surtout au Chat l\u2019an dernier parce que j\u2019avais un v\u00e9lo qu\u2019on m\u2019avait pr\u00eat\u00e9 qui n\u00e9cessitait souvent des r\u00e9parations. Et je venais \u00e0 cette \u00e9poque, je pense, deux fois par mois pendant un certain temps. Et cette ann\u00e9e, je suis moins venue, mais c\u2019est toujours un plaisir de venir. Donc, j\u2019aurais aim\u00e9 plus souvent venir, mais c\u2019est vrai que j\u2019avais moins souvent le d\u00e9clic qui me faisait y aller.<\/i><\/p>\n<p>E : <i>Et moi, j\u2019ai un rythme tr\u00e8s irr\u00e9gulier. En fait, j\u2019avais un v\u00e9lo qui n\u2019\u00e9tait pas \u00e0 moi l\u2019an dernier. Et au d\u00e9but de l\u2019\u00e9t\u00e9 dernier, j\u2019ai eu mon v\u00e9lo o\u00f9 il y avait absolument tout \u00e0 refaire. Et du coup, je suis venue \u00e0 partir de juin, je pense. Vraiment de mani\u00e8re intensive, genre en juin-juillet. Et apr\u00e8s, je ne suis plus revenue parce que du coup, j\u2019avais fait les choses n\u00e9cessaires. Et maintenant, je viens pour des r\u00e9parations ponctuelles. Je trouve qu\u2019il y a vraiment une super ambiance et j\u2019ai tout appris, parce que je n\u2019avais aucune base en m\u00e9canique v\u00e9lo, vraiment aucune et j\u2019ai quand m\u00eame appris des choses. Enfin disons que maintenant je me sens bien pour venir si jamais j\u2019ai besoin, et je sais que je vais \u00eatre accompagn\u00e9e et tout et que \u00e7a va \u00eatre cool. Donc, m\u00eame si \u00e9videmment il y a plein de trucs que je ne sais pas faire, je sais que je peux venir, que je serai accompagn\u00e9e, que je vais pouvoir me d\u00e9brouiller pour \u00e0 peu pr\u00e8s n\u2019importe quoi. Donc c\u2019est cool.<\/i><\/p>\n<p>L : <i>Moi, un des points importants, c\u2019est que la premi\u00e8re fois que je suis venue, c\u2019\u00e9tait pour les Heures F\u00e9lines*, en fait. Et du coup, c\u2019\u00e9tait pour \u00e7a que j\u2019y allais. Et pareil, je ne savais rien faire du tout. Et je me suis retrouv\u00e9e avec un v\u00e9lo \u00e0 refaire. Et du coup, je suis revenue\u2026 En fait, j\u2019ai vu qu\u2019il y avait des heures en non-mixit\u00e9. Et apr\u00e8s, c\u2019\u00e9tait trop cool parce que je me sentais vraiment bien. Enfin, aux Heures F\u00e9lines, il y avait un encadrement o\u00f9 c\u2019\u00e9tait plus tranquille. En fait, c\u2019\u00e9tait trop cool parce que \u00e7a se faisait hyper lentement. La b\u00e9n\u00e9vole, je crois que c\u2019est elle, ou iel, peut-\u00eatre. Et bien, iel m\u2019a grave dit quoi faire. Mais apr\u00e8s, iel m\u2019a laiss\u00e9 patauger avec l\u2019outil. Et en fait, c\u2019\u00e9tait trop bien parce que j\u2019ai pass\u00e9, je ne sais pas, deux heures \u00e0 juste refaire le moyeu d\u2019une roue. <\/i><\/p>\n<p><i>Et en fait, c\u2019\u00e9tait hyper bien de faire grave des erreurs et de prendre le temps. Je pense que dans d\u2019autres endroits, je n\u2019aurais pas eu \u00e7a. Enfin, on m\u2019aurait un peu peut-\u00eatre pris l\u2019outil des mains ou quoi. Du coup j\u2019ai bien aim\u00e9 cette ambiance o\u00f9 si t\u2019as besoin d\u2019aide tu sollicites et sinon c\u2019est bien aussi de faire soi-m\u00eame et de gal\u00e9rer. Au niveau du lieu, je trouve \u00e7a trop cool : tous les outils en commun, tu parles aux autres si t\u2019as besoin d\u2019un outil enfin c\u2019est trop con mais \u00e7a met une ambiance o\u00f9 tout le monde se parle et tout le monde se pose des questions. Et puis le fait qu\u2019il y ait des trucs \u00e0 prix libre ou sinon des pi\u00e8ces d\u2019usure genre les chambres \u00e0 air que tu puisses acheter neuves c\u2019est trop cool. Ou aussi les cadenas. Enfin il y a tout qui va et du coup \u00e7a fait grave s\u2019attacher au lieu, d\u2019utiliser tous les outils du lieu. Enfin, je pense que c\u2019est l\u2019envie de prendre soin des choses, quoi.[&#8230;]<\/i><\/p>\n<p>L : <i>Un truc tr\u00e8s cool aussi, c\u2019est que moi je suis all\u00e9e tr\u00e8s peu finalement aux heures en non-mixit\u00e9, c\u2019\u00e9tait vraiment la premi\u00e8re fois pour commencer, \u00e7a m\u2019a aid\u00e9. Et apr\u00e8s j\u2019ai trop aim\u00e9 parce qu\u2019aux autres heures de perm, il y avait souvent d\u2019autres b\u00e9n\u00e9voles, des gars plus vieux et tout \u00e7a, et j\u2019ai trop aim\u00e9 r\u00e9parer mon v\u00e9lo avec eux, parce qu\u2019ils \u00e9taient hyper bien brief\u00e9s je pense. Et du coup j\u2019ai jamais eu de mansplaning* dans les autres heures, enfin c\u2019\u00e9tait trop cool. Et sinon quoi d\u2019autre ? Ah si, on \u00e9tait all\u00e9 \u00e0 la f\u00eate du Chat cet \u00e9t\u00e9** et c\u2019\u00e9tait trop cool, moi j\u2019avais vu la conf\u00e9rence gesticul\u00e9e\u201d. <\/i>(Propos recueillis le 18 f\u00e9vrier 2025).<\/p>\n<blockquote><p>*le <i>mansplaning<\/i> est la situation dans laquelle un homme explique \u00e0 une personne en minorit\u00e9 de genre (femme, personne trans, non-binaire, et autres) quelque chose qu&rsquo;elle sait d\u00e9j\u00e0, voire dont elle est experte, potentiellement sur un ton paternaliste ou condescendant<\/p>\n<p>** La f\u00eate de la CLAvette a eu lieu le 21 Juin 2024 au local du Chat Perch\u00e9 rue Salomon Reinach. Toute la journ\u00e9e des activit\u00e9s, spectacles et jeux se sont d\u00e9roul\u00e9s dans l\u2019atelier et dans la rue, alors enti\u00e8rement r\u00e9serv\u00e9e \u00e0 cet usage. Des b\u00e9n\u00e9voles, adh\u00e9rent\u00b7es et habitant\u00b7es du quartier \u00e9taient pr\u00e9sent\u00b7es, et ont pu d\u00e9guster des cr\u00eapes, boissons et smoothies fait gr\u00e2ce \u00e0 un v\u00e9lo smoothie : le mixeur \u00e0 smoothie \u00e9tant reli\u00e9 \u00e0 la transmission d\u2019un v\u00e9lo \u00e0 roue unique, la personne s\u2019assoit et p\u00e9dale pour activer m\u00e9caniquement l\u2019h\u00e9lice du mixeur. On peut ainsi r\u00e9aliser des jus, p\u00e2tes \u00e0 cr\u00eapes, soupes etc. sans utiliser d&rsquo;\u00e9lectricit\u00e9, en plus d\u2019amuser les enfants. Cette anecdote est parlante pour d\u00e9crire l\u2019importance de cette association dans la vie du quartier.<\/p><\/blockquote>\n<p><strong>Habitons Mazagran en lutte contre la gentrification<\/strong><\/p>\n<p>En effet l\u2019atelier du Chat Perch\u00e9 est membre depuis juin 2018 du collectif de quartier \u201cHabitons Mazagran\u201d. Depuis 2018 ce collectif fait d\u2019habitant\u00b7es et des personnes participant \u00e0 la vie de quartier situ\u00e9 au c\u0153ur de la Guilloti\u00e8re (Lyon 7\u00e8me) milite contre la destruction du patrimoine industriel et des lieux associatifs ou de vie collective de quartier. On peut lire sur leur site \u201c<i>C\u2019est l\u2019architecture qui d\u00e9finit la ville\u2026 pour cr\u00e9er du lien, cr\u00e9ons un espace humain !<\/i>\u201d. C\u2019est d\u00e9fendre un concept de l\u2019habiter collectif, pour mieux vivre ensemble, pour que les activit\u00e9s d\u2019un quartier soient accessibles \u00e0 tous et toutes et f\u00e9d\u00e8rent les habitant\u00b7es. En effet l\u2019\u00eelot Mazagran (situ\u00e9 entre les rues Jangot, B\u00e9chevelin, Salomon Reinach et Capitaine Robert Cluzan) va \u00eatre d\u00e9truit et les b\u00e2timents actuels remplac\u00e9s par une cr\u00e8che, un garage automobile et des immeubles de logements. Ce qui signifie en r\u00e9alit\u00e9 une privatisation de l\u2019il\u00f4t. Ces travaux sont vus par le collectif comme en rupture avec les r\u00e9els besoins du quartier. Le conseil de quartier de la Guilloti\u00e8re avait \u00e9galement fait des demandes r\u00e9it\u00e9r\u00e9es concernant l\u2019am\u00e9nagement de cet \u00eelot, pour en valoriser le r\u00f4le central dans le bien-vivre du quartier. Les attentes des habitant\u00b7es du quartier en termes de lieux de compostage,\u00a0 stationnement v\u00e9los,espaces et habitats collectifs ne sont pas non plus \u00e9cout\u00e9es, explique le collectif en 2018.<\/p>\n<p>Le besoin r\u00e9el en locaux d\u2019activit\u00e9s ne semble pas non plus pris en compte. En effet la destruction de plusieurs lieux d\u2019activit\u00e9s sans solution de relocalisation imm\u00e9diate est vue comme un frein fort aux activit\u00e9s associatives du quartier. Comme vu plus haut, l\u2019Atelier du Chat Perch\u00e9, avec environ 1 100 adh\u00e9rent\u00b7es, a un fort r\u00f4le social et \u00e9cologique dans le quartier. Comme l\u2019explique la lettre ouverte du collectif \u201cHabitons Mazagran\u201d en date du 7 novembre 2018 (<a href=\"https:\/\/habitonsmazagran.wordpress.com\/lettre-ouverte\/\">Lettre ouverte \u2013 Habitons Mazagran<\/a>) : \u201c<i>Il est indispensable au quartier et, plus largement, \u00e0 une ville qui entend construire un futur durable.[&#8230;] Am\u00e9nager le quartier de la Guilloti\u00e8re signifie-t-il commencer par faire table rase des activit\u00e9s qui en font la sp\u00e9cificit\u00e9 et l\u2019attractivit\u00e9 pour ne cr\u00e9er ensuite que des locaux aux loyers inaccessibles sauf aux enseignes commerciales franchis\u00e9es ?<\/i>\u201d<\/p>\n<p>Les participant\u00b7es \u00e0 l\u2019association, tout comme au collectif soulignent les probl\u00e8mes pos\u00e9s par cet am\u00e9nagement, alors que la ville de Lyon a depuis quelques ann\u00e9es une mairie \u201c\u00e9colo\u201d. Depuis que le projet a \u00e9t\u00e9 pr\u00e9sent\u00e9 en 2015 par le Grand Lyon au Conseil de quartier de la Guilloti\u00e8re, une v\u00e9ritable concertation avec la population a \u00e9t\u00e9 plusieurs fois demand\u00e9e. Les membres du collectif, du Chat Perch\u00e9 et les habitant\u00b7es n\u2019ont pas l\u2019impression que leurs besoins sont \u00e9cout\u00e9s. Le Conseil de quartier a exprim\u00e9 \u00e0 plusieurs reprises des r\u00e9serves quant au projet propos\u00e9. Au final, une enqu\u00eate publique relative \u00e0 la r\u00e9vision du projet d\u2019am\u00e9nagement de l\u2019\u00eelot a \u00e9t\u00e9 men\u00e9e du 18 avril au 7 juin 2018. Le collectif et le conseil de quartier ont pu adresser leurs contributions aux commissaires-enqu\u00eateurs :<\/p>\n<p>X (adh\u00e9rent.e de l\u2019association) : <i>Ce lieu ( le Chat Perch\u00e9), il va bient\u00f4t \u00eatre d\u00e9m\u00e9nag\u00e9 de la Guilloti\u00e8re \u00e0 Gerland. Et personnellement, je trouve \u00e7a vraiment dommage parce que je pense que les lieux comme \u00e7a, c\u2019est ce qui donne vraiment la vie au quartier. D\u00e9j\u00e0 qu\u2019\u00e0 c\u00f4t\u00e9, il y a l\u2019ECG qui s\u2019est fait expulser il y a quelques mois. Disons que si \u00e7a continue comme \u00e7a, la guilloti\u00e8re va vraiment\u2026 Disons que \u00e7a va perdre un peu de la vie de quartier, malheureusement. [&#8230;] Je sais que \u00e7a sera Gerland apr\u00e8s,\u00a0 mais que les travaux \u00e7a n\u2019avance pas \u00e0 la vitesse que \u00e7a devrait, ou que c\u2019est un peu gal\u00e8re. Et puis qu\u2019apr\u00e8s, il va falloir organiser tout le d\u00e9m\u00e9nagement aussi dans les mois qui viennent. Donc voil\u00e0, mais je n\u2019en sais pas plus.<\/i> (Propos recueillis le 19 f\u00e9vrier 2025).<\/p>\n<p><img loading=\"lazy\" decoding=\"async\" class=\"aligncenter size-medium\" src=\"https:\/\/www.pressenza.com\/wp-content\/uploads\/2025\/02\/chantier-demontage-1.jpeg\" width=\"700\" height=\"315\" \/><\/p>\n<h5 style=\"text-align: center;\">Chantier participatif du d\u00e9montage d&rsquo;une mezzanine par les b\u00e9n\u00e9voles de l&rsquo;association pour le prochain local.<\/h5>\n<p>Cela devait \u00eatre une \u00e9tape importante pour \u00e9valuer l\u2019acceptabilit\u00e9 du projet, mais le Grand Lyon a c\u00e9d\u00e9 entre avril et septembre 2018 des parcelles de l&rsquo;\u00eelot \u00e0 un promoteur priv\u00e9 (UTEI) et un bailleur social (Grand Lyon Habitat), avant les r\u00e9sultats de l\u2019enqu\u00eate publique, le rapport des commissaires-enqu\u00eateurs et l\u2019approbation du PLU-H. Un concours d\u2019architecture a \u00e9galement \u00e9t\u00e9 organis\u00e9 et m\u00eame remport\u00e9 avant que le projet soit act\u00e9 et approuv\u00e9 par le quartier. Un promoteur \u00e9tait \u00e9galement pr\u00e9sent aux c\u00f4t\u00e9s des \u00e9lu\u00b7es lors de la r\u00e9union d\u2019information \u00e0 la mairie du 7\u00e8me en janvier 2018, puis en juin de la m\u00eame ann\u00e9e lors d\u2019une r\u00e9union d\u2019information publique organis\u00e9e par le collectif \u201cHabitons Mazagran\u201d. Les membres du collectif ont exprim\u00e9 leurs doutes dans cette m\u00eame lettre ouverte: \u201c<i>Les r\u00e8glements d\u2019urbanisme sont-ils co-produits avec des acteurs priv\u00e9s qui n\u00e9gocient les possibilit\u00e9s constructives des terrains dont ils s\u2019appr\u00eatent \u00e0 devenir propri\u00e9taires ?<\/i>\u201d<\/p>\n<p><b>Le Chat d\u00e9m\u00e9nage\u2026 avec vous !<\/b><\/p>\n<p>Depuis, le bail pr\u00e9caire accord\u00e9 \u00e0 l\u2019atelier du chat perch\u00e9 a expir\u00e9 en 2024 et le d\u00e9m\u00e9nagement de l\u2019atelier est pr\u00e9vu pour avril. L\u2019atelier, grand de 400m2 et contenant beaucoup d\u2019outils, de pi\u00e8ces, et de stocks n\u00e9cessite donc un grand travail de d\u00e9m\u00e9nagement. Tout a \u00e9t\u00e9 pens\u00e9 par les participant\u00b7es : des besoins concernant le nouveau local, aux am\u00e9nagements qu\u2019ils y feraient, en passant par le mode d\u2019organisation choisi pour pr\u00e9parer ce d\u00e9m\u00e9nagement. Depuis le d\u00e9but, des communiqu\u00e9s sont visibles sur le site de l\u2019atelier, envoy\u00e9s par mail aux adh\u00e9rent\u00b7es, et placard\u00e9s \u00e0 plusieurs endroits. La communication autour du d\u00e9m\u00e9nagement est claire, accessible \u00e0 tous et la plupart des personnes fr\u00e9quentant le lieu sont au courant :<\/p>\n<p>L &#8211;<i> Du coup, j\u2019ai vu qu\u2019il y avait un formulaire. Et j\u2019ai aussi une pote qui est devenue b\u00e9n\u00e9vole, c\u2019est ma nouvelle colocataire, en fait. Et je pense que, m\u00eame si je suis \u00e0 Grenoble, je vais essayer de revenir pour aider au d\u00e9m\u00e9nagement, parce que je trouve \u00e7a important que le lieu reste. [&#8230;] <\/i><\/p>\n<p>E : <i>J\u2019ai vu sur la newsletter que le chat va \u00eatre d\u00e9m\u00e9nag\u00e9 rue M\u00e9rieux. Je sais que c\u2019est en avril et qu\u2019il n\u2019y a qu\u2019un mois de battement pour tout d\u00e9m\u00e9nager. Et que c\u2019est pour faire un garage automobile. J\u2019ai pas plus d\u2019infos sur concr\u00e8tement comment va \u00eatre le nouveau local. Est-ce qu\u2019il va y avoir des diff\u00e9rences avec ici, par exemple. <\/i>(Propos recueillis le 18 f\u00e9vrier 2025).<\/p>\n<p>La gestion se fait donc collectivement et le Chat encore une fois r\u00e9ussit \u00e0 appliquer des principes d\u2019autogestion, d\u2019horizontalit\u00e9 et de transparence dans ses projets et prises de d\u00e9cisions. Plusieurs groupes de travail concernant les nouveaux locaux ont \u00e9t\u00e9 cr\u00e9\u00e9s, compos\u00e9s de b\u00e9n\u00e9voles et des deux salari\u00e9\u00b7es de l\u2019association. L\u2019un concerne par exemple l\u2019am\u00e9nagement du local, un autre l\u2019accessibilit\u00e9 au lieu, l\u2019installation d\u2019une mezzanine\u2026 La communication se fait par liste de mail et les d\u00e9cisions sont prises \u00e0 plusieurs. R\u00e9cemment, l&rsquo;am\u00e9nagement du nouveau local rue Marcel M\u00e9rieux commence avec un chantier participatif pour une mezzanine. Participatif car chacun\u00b7e participe selon sa bonne volont\u00e9, son temps disponible, en apprenant sur le tas ou sachant d\u00e9j\u00e0 faire et est libre de prendre des initiatives. C\u2019est un travail collectif soud\u00e9, qui a permis d&rsquo;avancer plus vite que pr\u00e9vu le d\u00e9montage et d\u00e9placement de la dite mezzanine.<\/p>\n<p><img loading=\"lazy\" decoding=\"async\" class=\"aligncenter size-medium\" src=\"https:\/\/www.pressenza.com\/fr\/?attachment_id=2585056\" width=\"400\" height=\"533\" \/><\/p>\n<h5 style=\"text-align: center;\">Photo du portail du futur local au 207 rue Marcel M\u00e9rieux, Lyon 7\u00e8me.<\/h5>\n<p>En parall\u00e8le, des coupes budg\u00e9taires sont pr\u00e9vues (-15% de subventions aux ateliers v\u00e9lo lyonnais) pour l\u2019ann\u00e9e 2025, et la ville de Lyon pourrait bien changer de Maire lors des prochaines \u00e9lections, ce qui ne sera peut-\u00eatre pas pour servir les associations.<\/p>\n<p>En d\u2019autre termes, m\u00eame si les temps semblent durs, que des projets d\u2019am\u00e9nagement urbain semblent aller \u00e0 l\u2019encontre des besoins d\u2019un quartier et que la situation g\u00e9n\u00e9rale peut faire peur pour la vie associative, l\u2019atelier du Chat Perch\u00e9 a su rebondir et s\u2019organiser. Les valeurs d\u2019autogestion, de solidarit\u00e9 et le travail collectif en sont d\u2019autant plus importants. Ce n\u2019est donc pas la fin de cet atelier, son histoire continue et il d\u00e9m\u00e9nage\u2026 <i>avec vous !<\/i> comme on peut le lire dans le communiqu\u00e9 du 4 f\u00e9vrier 2025.<\/p>\n<p>Les aventures du Chat Perch\u00e9 et les projets solidaires et autog\u00e9r\u00e9s qui y sont men\u00e9s sont parlants pour l\u2019ensemble des lieux o\u00f9 il y a une envie de <i>faire collectif<\/i>. Cr\u00e9er du commun, du lien et prendre ensemble des initiatives est toujours possible, m\u00eame si les temps sont durs.<\/p>\n<p>&nbsp;<\/p>\n<p><em>Cr\u00e9dits photos : Natacha BIDGOLI RAD&#8211;LUTAUD<\/em><\/p>\n","protected":false},"excerpt":{"rendered":"<p>Bienvenues \u00e0 la Guilloti\u00e8re Les associations sont souvent des \u00e9l\u00e9ments centraux pour ce que l\u2019on appelle \u201cla vie de quartier\u201d. C&rsquo;est-\u00e0-dire pour l\u2019ensemble des relations et activit\u00e9s qui f\u00e9d\u00e8rent et font vivre ensemble les habitant\u00b7es d\u2019une partie de la ville.&hellip;<\/p>\n","protected":false},"author":2453,"featured_media":2584987,"comment_status":"closed","ping_status":"closed","sticky":false,"template":"","format":"standard","meta":{"footnotes":""},"categories":[11386,94,98,85],"tags":[133040,133039,10035,13566],"class_list":["post-2584979","post","type-post","status-publish","format-standard","has-post-thumbnail","hentry","category-contenu-original","category-culture-fr","category-droits-de-lhomme","category-europe-fr","tag-ateliers-velo","tag-chat-perche","tag-communs","tag-lyon"],"yoast_head":"<!-- This site is optimized with the Yoast SEO plugin v27.1.1 - https:\/\/yoast.com\/product\/yoast-seo-wordpress\/ -->\n<title>Ateliers v\u00e9lo le Chat Perch\u00e9, les chemins des communs<\/title>\n<meta name=\"description\" content=\"Bienvenues \u00e0 la Guilloti\u00e8re Les associations sont souvent des \u00e9l\u00e9ments centraux pour ce que l\u2019on appelle \u201cla vie de quartier\u201d. C&#039;est-\u00e0-dire pour\" \/>\n<meta name=\"robots\" content=\"index, follow, max-snippet:-1, max-image-preview:large, max-video-preview:-1\" \/>\n<link rel=\"canonical\" href=\"https:\/\/www.pressenza.com\/fr\/2025\/02\/ateliers-velo-le-chat-perche-les-chemins-des-communs\/\" \/>\n<meta property=\"og:locale\" content=\"fr_FR\" \/>\n<meta property=\"og:type\" content=\"article\" \/>\n<meta property=\"og:title\" content=\"Ateliers v\u00e9lo le Chat Perch\u00e9, les chemins des communs\" \/>\n<meta property=\"og:description\" content=\"Bienvenues \u00e0 la Guilloti\u00e8re Les associations sont souvent des \u00e9l\u00e9ments centraux pour ce que l\u2019on appelle \u201cla vie de quartier\u201d. C&#039;est-\u00e0-dire pour\" \/>\n<meta property=\"og:url\" content=\"https:\/\/www.pressenza.com\/fr\/2025\/02\/ateliers-velo-le-chat-perche-les-chemins-des-communs\/\" \/>\n<meta property=\"og:site_name\" content=\"Pressenza\" \/>\n<meta property=\"article:publisher\" content=\"https:\/\/www.facebook.com\/PressenzaItalia\" \/>\n<meta property=\"article:published_time\" content=\"2025-02-24T01:24:59+00:00\" \/>\n<meta property=\"article:modified_time\" content=\"2025-03-04T14:47:12+00:00\" \/>\n<meta property=\"og:image\" content=\"https:\/\/www.pressenza.com\/wp-content\/uploads\/2025\/02\/local-actuel.jpg\" \/>\n\t<meta property=\"og:image:width\" content=\"820\" \/>\n\t<meta property=\"og:image:height\" content=\"546\" \/>\n\t<meta property=\"og:image:type\" content=\"image\/jpeg\" \/>\n<meta name=\"author\" content=\"Natacha BIDGOLI RAD--LUTAUD\" \/>\n<meta name=\"twitter:card\" content=\"summary_large_image\" \/>\n<meta name=\"twitter:creator\" content=\"@PressenzaIPA\" \/>\n<meta name=\"twitter:site\" content=\"@PressenzaIPA\" \/>\n<meta name=\"twitter:label1\" content=\"\u00c9crit par\" \/>\n\t<meta name=\"twitter:data1\" content=\"Natacha BIDGOLI RAD--LUTAUD\" \/>\n\t<meta name=\"twitter:label2\" content=\"Dur\u00e9e de lecture estim\u00e9e\" \/>\n\t<meta name=\"twitter:data2\" content=\"21 minutes\" \/>\n<script type=\"application\/ld+json\" class=\"yoast-schema-graph\">{\"@context\":\"https:\/\/schema.org\",\"@graph\":[{\"@type\":\"Article\",\"@id\":\"https:\/\/www.pressenza.com\/fr\/2025\/02\/ateliers-velo-le-chat-perche-les-chemins-des-communs\/#article\",\"isPartOf\":{\"@id\":\"https:\/\/www.pressenza.com\/fr\/2025\/02\/ateliers-velo-le-chat-perche-les-chemins-des-communs\/\"},\"author\":{\"name\":\"Natacha BIDGOLI RAD--LUTAUD\",\"@id\":\"https:\/\/www.pressenza.com\/fr\/#\/schema\/person\/0bb68e879d826cb0a79f0ee1cf17bdf6\"},\"headline\":\"Ateliers v\u00e9lo le Chat Perch\u00e9, les chemins des communs\",\"datePublished\":\"2025-02-24T01:24:59+00:00\",\"dateModified\":\"2025-03-04T14:47:12+00:00\",\"mainEntityOfPage\":{\"@id\":\"https:\/\/www.pressenza.com\/fr\/2025\/02\/ateliers-velo-le-chat-perche-les-chemins-des-communs\/\"},\"wordCount\":4492,\"publisher\":{\"@id\":\"https:\/\/www.pressenza.com\/fr\/#organization\"},\"image\":{\"@id\":\"https:\/\/www.pressenza.com\/fr\/2025\/02\/ateliers-velo-le-chat-perche-les-chemins-des-communs\/#primaryimage\"},\"thumbnailUrl\":\"https:\/\/www.pressenza.com\/wp-content\/uploads\/2025\/02\/local-actuel.jpg\",\"keywords\":[\"ateliers v\u00e9lo\",\"Chat Perch\u00e9\",\"communs\",\"Lyon\"],\"articleSection\":[\"Contenu Original\",\"Culture et M\u00e9dias\",\"Droits humains\",\"Europe\"],\"inLanguage\":\"fr-FR\"},{\"@type\":\"WebPage\",\"@id\":\"https:\/\/www.pressenza.com\/fr\/2025\/02\/ateliers-velo-le-chat-perche-les-chemins-des-communs\/\",\"url\":\"https:\/\/www.pressenza.com\/fr\/2025\/02\/ateliers-velo-le-chat-perche-les-chemins-des-communs\/\",\"name\":\"Ateliers v\u00e9lo le Chat Perch\u00e9, les chemins des communs\",\"isPartOf\":{\"@id\":\"https:\/\/www.pressenza.com\/fr\/#website\"},\"primaryImageOfPage\":{\"@id\":\"https:\/\/www.pressenza.com\/fr\/2025\/02\/ateliers-velo-le-chat-perche-les-chemins-des-communs\/#primaryimage\"},\"image\":{\"@id\":\"https:\/\/www.pressenza.com\/fr\/2025\/02\/ateliers-velo-le-chat-perche-les-chemins-des-communs\/#primaryimage\"},\"thumbnailUrl\":\"https:\/\/www.pressenza.com\/wp-content\/uploads\/2025\/02\/local-actuel.jpg\",\"datePublished\":\"2025-02-24T01:24:59+00:00\",\"dateModified\":\"2025-03-04T14:47:12+00:00\",\"description\":\"Bienvenues \u00e0 la Guilloti\u00e8re Les associations sont souvent des \u00e9l\u00e9ments centraux pour ce que l\u2019on appelle \u201cla vie de quartier\u201d. C'est-\u00e0-dire pour\",\"breadcrumb\":{\"@id\":\"https:\/\/www.pressenza.com\/fr\/2025\/02\/ateliers-velo-le-chat-perche-les-chemins-des-communs\/#breadcrumb\"},\"inLanguage\":\"fr-FR\",\"potentialAction\":[{\"@type\":\"ReadAction\",\"target\":[\"https:\/\/www.pressenza.com\/fr\/2025\/02\/ateliers-velo-le-chat-perche-les-chemins-des-communs\/\"]}]},{\"@type\":\"ImageObject\",\"inLanguage\":\"fr-FR\",\"@id\":\"https:\/\/www.pressenza.com\/fr\/2025\/02\/ateliers-velo-le-chat-perche-les-chemins-des-communs\/#primaryimage\",\"url\":\"https:\/\/www.pressenza.com\/wp-content\/uploads\/2025\/02\/local-actuel.jpg\",\"contentUrl\":\"https:\/\/www.pressenza.com\/wp-content\/uploads\/2025\/02\/local-actuel.jpg\",\"width\":820,\"height\":546},{\"@type\":\"BreadcrumbList\",\"@id\":\"https:\/\/www.pressenza.com\/fr\/2025\/02\/ateliers-velo-le-chat-perche-les-chemins-des-communs\/#breadcrumb\",\"itemListElement\":[{\"@type\":\"ListItem\",\"position\":1,\"name\":\"Accueil\",\"item\":\"https:\/\/www.pressenza.com\/fr\/\"},{\"@type\":\"ListItem\",\"position\":2,\"name\":\"Ateliers v\u00e9lo le Chat Perch\u00e9, les chemins des communs\"}]},{\"@type\":\"WebSite\",\"@id\":\"https:\/\/www.pressenza.com\/fr\/#website\",\"url\":\"https:\/\/www.pressenza.com\/fr\/\",\"name\":\"Pressenza\",\"description\":\"International Press Agency\",\"publisher\":{\"@id\":\"https:\/\/www.pressenza.com\/fr\/#organization\"},\"potentialAction\":[{\"@type\":\"SearchAction\",\"target\":{\"@type\":\"EntryPoint\",\"urlTemplate\":\"https:\/\/www.pressenza.com\/fr\/?s={search_term_string}\"},\"query-input\":{\"@type\":\"PropertyValueSpecification\",\"valueRequired\":true,\"valueName\":\"search_term_string\"}}],\"inLanguage\":\"fr-FR\"},{\"@type\":\"Organization\",\"@id\":\"https:\/\/www.pressenza.com\/fr\/#organization\",\"name\":\"Pressenza\",\"url\":\"https:\/\/www.pressenza.com\/fr\/\",\"logo\":{\"@type\":\"ImageObject\",\"inLanguage\":\"fr-FR\",\"@id\":\"https:\/\/www.pressenza.com\/fr\/#\/schema\/logo\/image\/\",\"url\":\"https:\/\/www.pressenza.com\/wp-content\/uploads\/2022\/10\/pressenza_logo_200x200.jpg\",\"contentUrl\":\"https:\/\/www.pressenza.com\/wp-content\/uploads\/2022\/10\/pressenza_logo_200x200.jpg\",\"width\":200,\"height\":200,\"caption\":\"Pressenza\"},\"image\":{\"@id\":\"https:\/\/www.pressenza.com\/fr\/#\/schema\/logo\/image\/\"},\"sameAs\":[\"https:\/\/www.facebook.com\/PressenzaItalia\",\"https:\/\/x.com\/PressenzaIPA\"]},{\"@type\":\"Person\",\"@id\":\"https:\/\/www.pressenza.com\/fr\/#\/schema\/person\/0bb68e879d826cb0a79f0ee1cf17bdf6\",\"name\":\"Natacha BIDGOLI RAD--LUTAUD\",\"description\":\"Master de recherche en \u00e9tudes germaniques \u00e0 l'ENS Lyon, coursi\u00e8re au collectif berlinois \\\"Crow\\\". B\u00e9n\u00e9vole depuis quelque temps dans des ateliers d'auto-r\u00e9paration v\u00e9lo, \u00e0 Paris, puis Lyon et Berlin.\",\"url\":\"https:\/\/www.pressenza.com\/fr\/author\/natacha-bidgoli-rad-lutaud\/\"}]}<\/script>\n<!-- \/ Yoast SEO plugin. -->","yoast_head_json":{"title":"Ateliers v\u00e9lo le Chat Perch\u00e9, les chemins des communs","description":"Bienvenues \u00e0 la Guilloti\u00e8re Les associations sont souvent des \u00e9l\u00e9ments centraux pour ce que l\u2019on appelle \u201cla vie de quartier\u201d. C'est-\u00e0-dire pour","robots":{"index":"index","follow":"follow","max-snippet":"max-snippet:-1","max-image-preview":"max-image-preview:large","max-video-preview":"max-video-preview:-1"},"canonical":"https:\/\/www.pressenza.com\/fr\/2025\/02\/ateliers-velo-le-chat-perche-les-chemins-des-communs\/","og_locale":"fr_FR","og_type":"article","og_title":"Ateliers v\u00e9lo le Chat Perch\u00e9, les chemins des communs","og_description":"Bienvenues \u00e0 la Guilloti\u00e8re Les associations sont souvent des \u00e9l\u00e9ments centraux pour ce que l\u2019on appelle \u201cla vie de quartier\u201d. C'est-\u00e0-dire pour","og_url":"https:\/\/www.pressenza.com\/fr\/2025\/02\/ateliers-velo-le-chat-perche-les-chemins-des-communs\/","og_site_name":"Pressenza","article_publisher":"https:\/\/www.facebook.com\/PressenzaItalia","article_published_time":"2025-02-24T01:24:59+00:00","article_modified_time":"2025-03-04T14:47:12+00:00","og_image":[{"width":820,"height":546,"url":"https:\/\/www.pressenza.com\/wp-content\/uploads\/2025\/02\/local-actuel.jpg","type":"image\/jpeg"}],"author":"Natacha BIDGOLI RAD--LUTAUD","twitter_card":"summary_large_image","twitter_creator":"@PressenzaIPA","twitter_site":"@PressenzaIPA","twitter_misc":{"\u00c9crit par":"Natacha BIDGOLI RAD--LUTAUD","Dur\u00e9e de lecture estim\u00e9e":"21 minutes"},"schema":{"@context":"https:\/\/schema.org","@graph":[{"@type":"Article","@id":"https:\/\/www.pressenza.com\/fr\/2025\/02\/ateliers-velo-le-chat-perche-les-chemins-des-communs\/#article","isPartOf":{"@id":"https:\/\/www.pressenza.com\/fr\/2025\/02\/ateliers-velo-le-chat-perche-les-chemins-des-communs\/"},"author":{"name":"Natacha BIDGOLI RAD--LUTAUD","@id":"https:\/\/www.pressenza.com\/fr\/#\/schema\/person\/0bb68e879d826cb0a79f0ee1cf17bdf6"},"headline":"Ateliers v\u00e9lo le Chat Perch\u00e9, les chemins des communs","datePublished":"2025-02-24T01:24:59+00:00","dateModified":"2025-03-04T14:47:12+00:00","mainEntityOfPage":{"@id":"https:\/\/www.pressenza.com\/fr\/2025\/02\/ateliers-velo-le-chat-perche-les-chemins-des-communs\/"},"wordCount":4492,"publisher":{"@id":"https:\/\/www.pressenza.com\/fr\/#organization"},"image":{"@id":"https:\/\/www.pressenza.com\/fr\/2025\/02\/ateliers-velo-le-chat-perche-les-chemins-des-communs\/#primaryimage"},"thumbnailUrl":"https:\/\/www.pressenza.com\/wp-content\/uploads\/2025\/02\/local-actuel.jpg","keywords":["ateliers v\u00e9lo","Chat Perch\u00e9","communs","Lyon"],"articleSection":["Contenu Original","Culture et M\u00e9dias","Droits humains","Europe"],"inLanguage":"fr-FR"},{"@type":"WebPage","@id":"https:\/\/www.pressenza.com\/fr\/2025\/02\/ateliers-velo-le-chat-perche-les-chemins-des-communs\/","url":"https:\/\/www.pressenza.com\/fr\/2025\/02\/ateliers-velo-le-chat-perche-les-chemins-des-communs\/","name":"Ateliers v\u00e9lo le Chat Perch\u00e9, les chemins des communs","isPartOf":{"@id":"https:\/\/www.pressenza.com\/fr\/#website"},"primaryImageOfPage":{"@id":"https:\/\/www.pressenza.com\/fr\/2025\/02\/ateliers-velo-le-chat-perche-les-chemins-des-communs\/#primaryimage"},"image":{"@id":"https:\/\/www.pressenza.com\/fr\/2025\/02\/ateliers-velo-le-chat-perche-les-chemins-des-communs\/#primaryimage"},"thumbnailUrl":"https:\/\/www.pressenza.com\/wp-content\/uploads\/2025\/02\/local-actuel.jpg","datePublished":"2025-02-24T01:24:59+00:00","dateModified":"2025-03-04T14:47:12+00:00","description":"Bienvenues \u00e0 la Guilloti\u00e8re Les associations sont souvent des \u00e9l\u00e9ments centraux pour ce que l\u2019on appelle \u201cla vie de quartier\u201d. C'est-\u00e0-dire pour","breadcrumb":{"@id":"https:\/\/www.pressenza.com\/fr\/2025\/02\/ateliers-velo-le-chat-perche-les-chemins-des-communs\/#breadcrumb"},"inLanguage":"fr-FR","potentialAction":[{"@type":"ReadAction","target":["https:\/\/www.pressenza.com\/fr\/2025\/02\/ateliers-velo-le-chat-perche-les-chemins-des-communs\/"]}]},{"@type":"ImageObject","inLanguage":"fr-FR","@id":"https:\/\/www.pressenza.com\/fr\/2025\/02\/ateliers-velo-le-chat-perche-les-chemins-des-communs\/#primaryimage","url":"https:\/\/www.pressenza.com\/wp-content\/uploads\/2025\/02\/local-actuel.jpg","contentUrl":"https:\/\/www.pressenza.com\/wp-content\/uploads\/2025\/02\/local-actuel.jpg","width":820,"height":546},{"@type":"BreadcrumbList","@id":"https:\/\/www.pressenza.com\/fr\/2025\/02\/ateliers-velo-le-chat-perche-les-chemins-des-communs\/#breadcrumb","itemListElement":[{"@type":"ListItem","position":1,"name":"Accueil","item":"https:\/\/www.pressenza.com\/fr\/"},{"@type":"ListItem","position":2,"name":"Ateliers v\u00e9lo le Chat Perch\u00e9, les chemins des communs"}]},{"@type":"WebSite","@id":"https:\/\/www.pressenza.com\/fr\/#website","url":"https:\/\/www.pressenza.com\/fr\/","name":"Pressenza","description":"International Press Agency","publisher":{"@id":"https:\/\/www.pressenza.com\/fr\/#organization"},"potentialAction":[{"@type":"SearchAction","target":{"@type":"EntryPoint","urlTemplate":"https:\/\/www.pressenza.com\/fr\/?s={search_term_string}"},"query-input":{"@type":"PropertyValueSpecification","valueRequired":true,"valueName":"search_term_string"}}],"inLanguage":"fr-FR"},{"@type":"Organization","@id":"https:\/\/www.pressenza.com\/fr\/#organization","name":"Pressenza","url":"https:\/\/www.pressenza.com\/fr\/","logo":{"@type":"ImageObject","inLanguage":"fr-FR","@id":"https:\/\/www.pressenza.com\/fr\/#\/schema\/logo\/image\/","url":"https:\/\/www.pressenza.com\/wp-content\/uploads\/2022\/10\/pressenza_logo_200x200.jpg","contentUrl":"https:\/\/www.pressenza.com\/wp-content\/uploads\/2022\/10\/pressenza_logo_200x200.jpg","width":200,"height":200,"caption":"Pressenza"},"image":{"@id":"https:\/\/www.pressenza.com\/fr\/#\/schema\/logo\/image\/"},"sameAs":["https:\/\/www.facebook.com\/PressenzaItalia","https:\/\/x.com\/PressenzaIPA"]},{"@type":"Person","@id":"https:\/\/www.pressenza.com\/fr\/#\/schema\/person\/0bb68e879d826cb0a79f0ee1cf17bdf6","name":"Natacha BIDGOLI RAD--LUTAUD","description":"Master de recherche en \u00e9tudes germaniques \u00e0 l'ENS Lyon, coursi\u00e8re au collectif berlinois \"Crow\". B\u00e9n\u00e9vole depuis quelque temps dans des ateliers d'auto-r\u00e9paration v\u00e9lo, \u00e0 Paris, puis Lyon et Berlin.","url":"https:\/\/www.pressenza.com\/fr\/author\/natacha-bidgoli-rad-lutaud\/"}]}},"place":"Lyon, France","original_article_url":"","_links":{"self":[{"href":"https:\/\/www.pressenza.com\/fr\/wp-json\/wp\/v2\/posts\/2584979","targetHints":{"allow":["GET"]}}],"collection":[{"href":"https:\/\/www.pressenza.com\/fr\/wp-json\/wp\/v2\/posts"}],"about":[{"href":"https:\/\/www.pressenza.com\/fr\/wp-json\/wp\/v2\/types\/post"}],"author":[{"embeddable":true,"href":"https:\/\/www.pressenza.com\/fr\/wp-json\/wp\/v2\/users\/2453"}],"replies":[{"embeddable":true,"href":"https:\/\/www.pressenza.com\/fr\/wp-json\/wp\/v2\/comments?post=2584979"}],"version-history":[{"count":0,"href":"https:\/\/www.pressenza.com\/fr\/wp-json\/wp\/v2\/posts\/2584979\/revisions"}],"wp:featuredmedia":[{"embeddable":true,"href":"https:\/\/www.pressenza.com\/fr\/wp-json\/wp\/v2\/media\/2584987"}],"wp:attachment":[{"href":"https:\/\/www.pressenza.com\/fr\/wp-json\/wp\/v2\/media?parent=2584979"}],"wp:term":[{"taxonomy":"category","embeddable":true,"href":"https:\/\/www.pressenza.com\/fr\/wp-json\/wp\/v2\/categories?post=2584979"},{"taxonomy":"post_tag","embeddable":true,"href":"https:\/\/www.pressenza.com\/fr\/wp-json\/wp\/v2\/tags?post=2584979"}],"curies":[{"name":"wp","href":"https:\/\/api.w.org\/{rel}","templated":true}]}}