{"id":2581672,"date":"2025-02-06T19:53:47","date_gmt":"2025-02-06T19:53:47","guid":{"rendered":"https:\/\/www.pressenza.com\/?p=2581672"},"modified":"2025-02-06T19:53:47","modified_gmt":"2025-02-06T19:53:47","slug":"belgique-le-comite-des-femmes-sans-papiers-denonce-laccord-arizona","status":"publish","type":"post","link":"https:\/\/www.pressenza.com\/fr\/2025\/02\/belgique-le-comite-des-femmes-sans-papiers-denonce-laccord-arizona\/","title":{"rendered":"Belgique : Le Comit\u00e9 des Femmes sans Papiers d\u00e9nonce l&rsquo;Accord \u00ab\u00a0Arizona\u00a0\u00bb"},"content":{"rendered":"<p data-pm-slice=\"1 1 []\"><strong>Une nouvelle coalition gouvernementale voit le jour en Belgique, men\u00e9e par l&rsquo;exptr\u00e8me-droite.\u00a0 Comme il fallait s&rsquo;y attendre, de nouvelles mesures prennent place, restrictives face au ch\u00f4mage et limitant de mani\u00e8re drastique la politique migratoire.\u00a0 Un s\u00e9rieux recul face aux droits humains d\u00e9nonc\u00e9 par l&rsquo;association.\u00a0 \u00a0Nous reprenons ici le contenu du communiqu\u00e9 de presse diffus\u00e9 par le Comit\u00e9 des Femmes Sans Papiers.\u00a0<\/strong><\/p>\n<h2><strong>Contre l\u2019Accord du gouvernement dit \u00ab\u00a0Arizona\u00a0\u00bb : Une politique migratoire indigne et inacceptable<\/strong><\/h2>\n<h3>Une coalition politique d\u00e9connect\u00e9e de la r\u00e9alit\u00e9 humaine<\/h3>\n<p>En Belgique, l&rsquo;\u00e9lite politique est scl\u00e9ros\u00e9e, l&rsquo;\u00e9lite intellectuelle a d\u00e9missionn\u00e9, et le monde associatif a \u00e9chou\u00e9 \u00e0 d\u00e9fendre une politique migratoire juste. Tous les indicateurs du rejet de l&rsquo;autre sont au rouge. Cet \u00e9tat de fait s&rsquo;est concr\u00e9tis\u00e9 par la formation de la coalition dite \u00ab\u00a0Arizona\u00a0\u00bb entre la Nieuw-Vlaamse Alliantie (N-VA), le Mouvement r\u00e9formateur (MR), Les Engag\u00e9s, Vooruit et les Christen-Democratisch en Vlaams (CD&amp;V). Le fruit de cette alliance est un accord de gouvernement grotesque, marqu\u00e9 par l&rsquo;absence totale de consid\u00e9ration pour l&rsquo;humain.<\/p>\n<h3>Un accord r\u00e9gressif et d\u00e9shumanisant<\/h3>\n<p>Le gouvernement \u00ab\u00a0Arizona\u00a0\u00bb fonctionne avec des id\u00e9es d\u00e9pass\u00e9es et un discours discriminatoire. Il refuse d&rsquo;admettre que la migration et la demande d&rsquo;asile sont des droits fondamentaux, et non des crimes. Au lieu de mettre en place des politiques migratoires respectueuses des droits humains, il persiste \u00e0 nier l&rsquo;apport \u00e9conomique et social des sans-papiers, notamment dans les secteurs en p\u00e9nurie de main-d&rsquo;\u0153uvre.<\/p>\n<p>Ce gouvernement du d\u00e9sespoir et de l&rsquo;abandon a accouch\u00e9 d&rsquo;un accord qui ne fait que stigmatiser et criminaliser les migrants. Cet accord est une HONTE pour tous ceux et celles qui l&rsquo;ont valid\u00e9. Il projette une politique de maltraitance et d&rsquo;exclusion, loin des principes fondamentaux de justice et de solidarit\u00e9.<\/p>\n<h3>Une d\u00e9tresse profonde et des cons\u00e9quences d\u00e9sastreuses<\/h3>\n<p>Nous ne nourrissions gu\u00e8re d&rsquo;illusions quant \u00e0 ces partis, qui placent l&rsquo;humain bien loin de leurs pr\u00e9occupations. L&rsquo;accord migratoire qu&rsquo;ils ont adopt\u00e9 est une preuve irr\u00e9futable de leur volont\u00e9 d&rsquo;\u00e9crire l&rsquo;histoire avec le rejet des \u00e9trangers.<\/p>\n<p>Les femmes sans-papiers, d\u00e9j\u00e0 vuln\u00e9rables, sont aujourd&rsquo;hui accabl\u00e9es par une angoisse collective. Cet accord brutal et irresponsable aura des r\u00e9percussions dramatiques sur la vie de nombreuses migrantes ayant fui la violence, la pauvret\u00e9 ou la pers\u00e9cution. Il compromettra leur sant\u00e9, leur bien-\u00eatre et celui de leurs enfants.<\/p>\n<h3>Les revendicationsdu<\/h3>\n<p>Face \u00e0 cette situation alarmante, le Comit\u00e9 des femmes sans-papiers :<\/p>\n<ol start=\"1\" data-spread=\"false\">\n<li><strong>D\u00e9nonce avec v\u00e9h\u00e9mence<\/strong> l&rsquo;accord du gouvernement \u00ab\u00a0Arizona\u00a0\u00bb, qui traite les \u00e9trangers comme des \u00eatres de seconde zone, et le rejette fermement.<\/li>\n<li><strong>Appelle \u00e0 une prise de conscience citoyenne, nationale et humaine<\/strong> afin que la migration ne soit plus per\u00e7ue comme une menace, mais comme une opportunit\u00e9 et un espoir.<\/li>\n<li><strong>Invite chacun et chacune \u00e0 prendre ses responsabilit\u00e9s<\/strong> pour \u00e9viter que la haine et l&rsquo;injustice ne s&rsquo;installent durablement dans notre soci\u00e9t\u00e9.<\/li>\n<\/ol>\n<p>Il ne s&rsquo;agit pas de sauver un parti, une r\u00e9gion ou quelques hommes politiques : <strong>il s&rsquo;agit de sauver la Belgique, un pays qui ne peut se construire que dans la dignit\u00e9 et l&rsquo;inclusion de toutes celles et ceux qui y vivent.<\/strong><\/p>\n<p>Bruxelles le 06.02.2025<br \/>\nLe Comit\u00e9 des femmes sans-papiers<\/p>\n","protected":false},"excerpt":{"rendered":"<p>Une nouvelle coalition gouvernementale voit le jour en Belgique, men\u00e9e par l&rsquo;exptr\u00e8me-droite.\u00a0 Comme il fallait s&rsquo;y attendre, de nouvelles mesures prennent place, restrictives face au ch\u00f4mage et limitant de mani\u00e8re drastique la politique migratoire.\u00a0 Un s\u00e9rieux recul face aux droits&hellip;<\/p>\n","protected":false},"author":807,"featured_media":2581685,"comment_status":"closed","ping_status":"closed","sticky":false,"template":"","format":"standard","meta":{"footnotes":""},"categories":[151,11386,98,54568,20604,95],"tags":[132355,132353,39300],"class_list":["post-2581672","post","type-post","status-publish","format-standard","has-post-thumbnail","hentry","category-communique-de-presse","category-contenu-original","category-droits-de-lhomme","category-migrants-fr","category-non-classifiee","category-affaires-etrangeres","tag-accord-arizona","tag-comite-femmes-sans-papiers","tag-politique-migratoire"],"yoast_head":"<!-- This site is optimized with the Yoast SEO plugin v27.1.1 - https:\/\/yoast.com\/product\/yoast-seo-wordpress\/ -->\n<title>Belgique : Le Comit\u00e9 des Femmes sans Papiers d\u00e9nonce l&#039;Accord &quot;Arizona&quot;<\/title>\n<meta name=\"description\" content=\"Une nouvelle coalition gouvernementale voit le jour en Belgique, men\u00e9e par l&#039;exptr\u00e8me-droite.\u00a0 Comme il fallait s&#039;y attendre, de nouvelles mesures\" \/>\n<meta name=\"robots\" content=\"index, follow, max-snippet:-1, max-image-preview:large, max-video-preview:-1\" \/>\n<link rel=\"canonical\" href=\"https:\/\/www.pressenza.com\/fr\/2025\/02\/belgique-le-comite-des-femmes-sans-papiers-denonce-laccord-arizona\/\" \/>\n<meta property=\"og:locale\" content=\"fr_FR\" \/>\n<meta property=\"og:type\" content=\"article\" \/>\n<meta property=\"og:title\" content=\"Belgique : Le Comit\u00e9 des Femmes sans Papiers d\u00e9nonce l&#039;Accord &quot;Arizona&quot;\" \/>\n<meta property=\"og:description\" content=\"Une nouvelle coalition gouvernementale voit le jour en Belgique, men\u00e9e par l&#039;exptr\u00e8me-droite.\u00a0 Comme il fallait s&#039;y attendre, de nouvelles mesures\" \/>\n<meta property=\"og:url\" content=\"https:\/\/www.pressenza.com\/fr\/2025\/02\/belgique-le-comite-des-femmes-sans-papiers-denonce-laccord-arizona\/\" \/>\n<meta property=\"og:site_name\" content=\"Pressenza\" \/>\n<meta property=\"article:publisher\" content=\"https:\/\/www.facebook.com\/PressenzaItalia\" \/>\n<meta property=\"article:published_time\" content=\"2025-02-06T19:53:47+00:00\" \/>\n<meta property=\"og:image\" content=\"https:\/\/www.pressenza.com\/wp-content\/uploads\/2025\/02\/Femmes-sans-papiers.jpg\" \/>\n\t<meta property=\"og:image:width\" content=\"1100\" \/>\n\t<meta property=\"og:image:height\" content=\"862\" \/>\n\t<meta property=\"og:image:type\" content=\"image\/jpeg\" \/>\n<meta name=\"author\" content=\"R\u00e9daction Belgique\" \/>\n<meta name=\"twitter:card\" content=\"summary_large_image\" \/>\n<meta name=\"twitter:creator\" content=\"@PressenzaIPA\" \/>\n<meta name=\"twitter:site\" content=\"@PressenzaIPA\" \/>\n<meta name=\"twitter:label1\" content=\"\u00c9crit par\" \/>\n\t<meta name=\"twitter:data1\" content=\"R\u00e9daction Belgique\" \/>\n\t<meta name=\"twitter:label2\" content=\"Dur\u00e9e de lecture estim\u00e9e\" \/>\n\t<meta name=\"twitter:data2\" content=\"3 minutes\" \/>\n<script type=\"application\/ld+json\" class=\"yoast-schema-graph\">{\"@context\":\"https:\/\/schema.org\",\"@graph\":[{\"@type\":\"Article\",\"@id\":\"https:\/\/www.pressenza.com\/fr\/2025\/02\/belgique-le-comite-des-femmes-sans-papiers-denonce-laccord-arizona\/#article\",\"isPartOf\":{\"@id\":\"https:\/\/www.pressenza.com\/fr\/2025\/02\/belgique-le-comite-des-femmes-sans-papiers-denonce-laccord-arizona\/\"},\"author\":{\"name\":\"R\u00e9daction Belgique\",\"@id\":\"https:\/\/www.pressenza.com\/fr\/#\/schema\/person\/86412bf1f68934d02d03035e031f781f\"},\"headline\":\"Belgique : Le Comit\u00e9 des Femmes sans Papiers d\u00e9nonce l&rsquo;Accord \u00ab\u00a0Arizona\u00a0\u00bb\",\"datePublished\":\"2025-02-06T19:53:47+00:00\",\"mainEntityOfPage\":{\"@id\":\"https:\/\/www.pressenza.com\/fr\/2025\/02\/belgique-le-comite-des-femmes-sans-papiers-denonce-laccord-arizona\/\"},\"wordCount\":582,\"publisher\":{\"@id\":\"https:\/\/www.pressenza.com\/fr\/#organization\"},\"image\":{\"@id\":\"https:\/\/www.pressenza.com\/fr\/2025\/02\/belgique-le-comite-des-femmes-sans-papiers-denonce-laccord-arizona\/#primaryimage\"},\"thumbnailUrl\":\"https:\/\/www.pressenza.com\/wp-content\/uploads\/2025\/02\/Femmes-sans-papiers.jpg\",\"keywords\":[\"Accord Arizona\",\"Comit\u00e9 Femmes Sans Papiers\",\"politique migratoire\"],\"articleSection\":[\"Communiqu\u00e9s de Presse\",\"Contenu Original\",\"Droits humains\",\"Migrants\",\"Non classifi\u00e9(e)\",\"Relations internationales\"],\"inLanguage\":\"fr-FR\"},{\"@type\":\"WebPage\",\"@id\":\"https:\/\/www.pressenza.com\/fr\/2025\/02\/belgique-le-comite-des-femmes-sans-papiers-denonce-laccord-arizona\/\",\"url\":\"https:\/\/www.pressenza.com\/fr\/2025\/02\/belgique-le-comite-des-femmes-sans-papiers-denonce-laccord-arizona\/\",\"name\":\"Belgique : Le Comit\u00e9 des Femmes sans Papiers d\u00e9nonce l'Accord \\\"Arizona\\\"\",\"isPartOf\":{\"@id\":\"https:\/\/www.pressenza.com\/fr\/#website\"},\"primaryImageOfPage\":{\"@id\":\"https:\/\/www.pressenza.com\/fr\/2025\/02\/belgique-le-comite-des-femmes-sans-papiers-denonce-laccord-arizona\/#primaryimage\"},\"image\":{\"@id\":\"https:\/\/www.pressenza.com\/fr\/2025\/02\/belgique-le-comite-des-femmes-sans-papiers-denonce-laccord-arizona\/#primaryimage\"},\"thumbnailUrl\":\"https:\/\/www.pressenza.com\/wp-content\/uploads\/2025\/02\/Femmes-sans-papiers.jpg\",\"datePublished\":\"2025-02-06T19:53:47+00:00\",\"description\":\"Une nouvelle coalition gouvernementale voit le jour en Belgique, men\u00e9e par l'exptr\u00e8me-droite.\u00a0 Comme il fallait s'y attendre, de nouvelles mesures\",\"breadcrumb\":{\"@id\":\"https:\/\/www.pressenza.com\/fr\/2025\/02\/belgique-le-comite-des-femmes-sans-papiers-denonce-laccord-arizona\/#breadcrumb\"},\"inLanguage\":\"fr-FR\",\"potentialAction\":[{\"@type\":\"ReadAction\",\"target\":[\"https:\/\/www.pressenza.com\/fr\/2025\/02\/belgique-le-comite-des-femmes-sans-papiers-denonce-laccord-arizona\/\"]}]},{\"@type\":\"ImageObject\",\"inLanguage\":\"fr-FR\",\"@id\":\"https:\/\/www.pressenza.com\/fr\/2025\/02\/belgique-le-comite-des-femmes-sans-papiers-denonce-laccord-arizona\/#primaryimage\",\"url\":\"https:\/\/www.pressenza.com\/wp-content\/uploads\/2025\/02\/Femmes-sans-papiers.jpg\",\"contentUrl\":\"https:\/\/www.pressenza.com\/wp-content\/uploads\/2025\/02\/Femmes-sans-papiers.jpg\",\"width\":1100,\"height\":862},{\"@type\":\"BreadcrumbList\",\"@id\":\"https:\/\/www.pressenza.com\/fr\/2025\/02\/belgique-le-comite-des-femmes-sans-papiers-denonce-laccord-arizona\/#breadcrumb\",\"itemListElement\":[{\"@type\":\"ListItem\",\"position\":1,\"name\":\"Accueil\",\"item\":\"https:\/\/www.pressenza.com\/fr\/\"},{\"@type\":\"ListItem\",\"position\":2,\"name\":\"Belgique : Le Comit\u00e9 des Femmes sans Papiers d\u00e9nonce l&rsquo;Accord \u00ab\u00a0Arizona\u00a0\u00bb\"}]},{\"@type\":\"WebSite\",\"@id\":\"https:\/\/www.pressenza.com\/fr\/#website\",\"url\":\"https:\/\/www.pressenza.com\/fr\/\",\"name\":\"Pressenza\",\"description\":\"International Press Agency\",\"publisher\":{\"@id\":\"https:\/\/www.pressenza.com\/fr\/#organization\"},\"potentialAction\":[{\"@type\":\"SearchAction\",\"target\":{\"@type\":\"EntryPoint\",\"urlTemplate\":\"https:\/\/www.pressenza.com\/fr\/?s={search_term_string}\"},\"query-input\":{\"@type\":\"PropertyValueSpecification\",\"valueRequired\":true,\"valueName\":\"search_term_string\"}}],\"inLanguage\":\"fr-FR\"},{\"@type\":\"Organization\",\"@id\":\"https:\/\/www.pressenza.com\/fr\/#organization\",\"name\":\"Pressenza\",\"url\":\"https:\/\/www.pressenza.com\/fr\/\",\"logo\":{\"@type\":\"ImageObject\",\"inLanguage\":\"fr-FR\",\"@id\":\"https:\/\/www.pressenza.com\/fr\/#\/schema\/logo\/image\/\",\"url\":\"https:\/\/www.pressenza.com\/wp-content\/uploads\/2022\/10\/pressenza_logo_200x200.jpg\",\"contentUrl\":\"https:\/\/www.pressenza.com\/wp-content\/uploads\/2022\/10\/pressenza_logo_200x200.jpg\",\"width\":200,\"height\":200,\"caption\":\"Pressenza\"},\"image\":{\"@id\":\"https:\/\/www.pressenza.com\/fr\/#\/schema\/logo\/image\/\"},\"sameAs\":[\"https:\/\/www.facebook.com\/PressenzaItalia\",\"https:\/\/x.com\/PressenzaIPA\"]},{\"@type\":\"Person\",\"@id\":\"https:\/\/www.pressenza.com\/fr\/#\/schema\/person\/86412bf1f68934d02d03035e031f781f\",\"name\":\"R\u00e9daction Belgique\",\"description\":\"News published by the Pressenza bureau in Belgium\",\"url\":\"https:\/\/www.pressenza.com\/fr\/author\/redaction-belgique\/\"}]}<\/script>\n<!-- \/ Yoast SEO plugin. -->","yoast_head_json":{"title":"Belgique : Le Comit\u00e9 des Femmes sans Papiers d\u00e9nonce l'Accord \"Arizona\"","description":"Une nouvelle coalition gouvernementale voit le jour en Belgique, men\u00e9e par l'exptr\u00e8me-droite.\u00a0 Comme il fallait s'y attendre, de nouvelles mesures","robots":{"index":"index","follow":"follow","max-snippet":"max-snippet:-1","max-image-preview":"max-image-preview:large","max-video-preview":"max-video-preview:-1"},"canonical":"https:\/\/www.pressenza.com\/fr\/2025\/02\/belgique-le-comite-des-femmes-sans-papiers-denonce-laccord-arizona\/","og_locale":"fr_FR","og_type":"article","og_title":"Belgique : Le Comit\u00e9 des Femmes sans Papiers d\u00e9nonce l'Accord \"Arizona\"","og_description":"Une nouvelle coalition gouvernementale voit le jour en Belgique, men\u00e9e par l'exptr\u00e8me-droite.\u00a0 Comme il fallait s'y attendre, de nouvelles mesures","og_url":"https:\/\/www.pressenza.com\/fr\/2025\/02\/belgique-le-comite-des-femmes-sans-papiers-denonce-laccord-arizona\/","og_site_name":"Pressenza","article_publisher":"https:\/\/www.facebook.com\/PressenzaItalia","article_published_time":"2025-02-06T19:53:47+00:00","og_image":[{"width":1100,"height":862,"url":"https:\/\/www.pressenza.com\/wp-content\/uploads\/2025\/02\/Femmes-sans-papiers.jpg","type":"image\/jpeg"}],"author":"R\u00e9daction Belgique","twitter_card":"summary_large_image","twitter_creator":"@PressenzaIPA","twitter_site":"@PressenzaIPA","twitter_misc":{"\u00c9crit par":"R\u00e9daction Belgique","Dur\u00e9e de lecture estim\u00e9e":"3 minutes"},"schema":{"@context":"https:\/\/schema.org","@graph":[{"@type":"Article","@id":"https:\/\/www.pressenza.com\/fr\/2025\/02\/belgique-le-comite-des-femmes-sans-papiers-denonce-laccord-arizona\/#article","isPartOf":{"@id":"https:\/\/www.pressenza.com\/fr\/2025\/02\/belgique-le-comite-des-femmes-sans-papiers-denonce-laccord-arizona\/"},"author":{"name":"R\u00e9daction Belgique","@id":"https:\/\/www.pressenza.com\/fr\/#\/schema\/person\/86412bf1f68934d02d03035e031f781f"},"headline":"Belgique : Le Comit\u00e9 des Femmes sans Papiers d\u00e9nonce l&rsquo;Accord \u00ab\u00a0Arizona\u00a0\u00bb","datePublished":"2025-02-06T19:53:47+00:00","mainEntityOfPage":{"@id":"https:\/\/www.pressenza.com\/fr\/2025\/02\/belgique-le-comite-des-femmes-sans-papiers-denonce-laccord-arizona\/"},"wordCount":582,"publisher":{"@id":"https:\/\/www.pressenza.com\/fr\/#organization"},"image":{"@id":"https:\/\/www.pressenza.com\/fr\/2025\/02\/belgique-le-comite-des-femmes-sans-papiers-denonce-laccord-arizona\/#primaryimage"},"thumbnailUrl":"https:\/\/www.pressenza.com\/wp-content\/uploads\/2025\/02\/Femmes-sans-papiers.jpg","keywords":["Accord Arizona","Comit\u00e9 Femmes Sans Papiers","politique migratoire"],"articleSection":["Communiqu\u00e9s de Presse","Contenu Original","Droits humains","Migrants","Non classifi\u00e9(e)","Relations internationales"],"inLanguage":"fr-FR"},{"@type":"WebPage","@id":"https:\/\/www.pressenza.com\/fr\/2025\/02\/belgique-le-comite-des-femmes-sans-papiers-denonce-laccord-arizona\/","url":"https:\/\/www.pressenza.com\/fr\/2025\/02\/belgique-le-comite-des-femmes-sans-papiers-denonce-laccord-arizona\/","name":"Belgique : Le Comit\u00e9 des Femmes sans Papiers d\u00e9nonce l'Accord \"Arizona\"","isPartOf":{"@id":"https:\/\/www.pressenza.com\/fr\/#website"},"primaryImageOfPage":{"@id":"https:\/\/www.pressenza.com\/fr\/2025\/02\/belgique-le-comite-des-femmes-sans-papiers-denonce-laccord-arizona\/#primaryimage"},"image":{"@id":"https:\/\/www.pressenza.com\/fr\/2025\/02\/belgique-le-comite-des-femmes-sans-papiers-denonce-laccord-arizona\/#primaryimage"},"thumbnailUrl":"https:\/\/www.pressenza.com\/wp-content\/uploads\/2025\/02\/Femmes-sans-papiers.jpg","datePublished":"2025-02-06T19:53:47+00:00","description":"Une nouvelle coalition gouvernementale voit le jour en Belgique, men\u00e9e par l'exptr\u00e8me-droite.\u00a0 Comme il fallait s'y attendre, de nouvelles mesures","breadcrumb":{"@id":"https:\/\/www.pressenza.com\/fr\/2025\/02\/belgique-le-comite-des-femmes-sans-papiers-denonce-laccord-arizona\/#breadcrumb"},"inLanguage":"fr-FR","potentialAction":[{"@type":"ReadAction","target":["https:\/\/www.pressenza.com\/fr\/2025\/02\/belgique-le-comite-des-femmes-sans-papiers-denonce-laccord-arizona\/"]}]},{"@type":"ImageObject","inLanguage":"fr-FR","@id":"https:\/\/www.pressenza.com\/fr\/2025\/02\/belgique-le-comite-des-femmes-sans-papiers-denonce-laccord-arizona\/#primaryimage","url":"https:\/\/www.pressenza.com\/wp-content\/uploads\/2025\/02\/Femmes-sans-papiers.jpg","contentUrl":"https:\/\/www.pressenza.com\/wp-content\/uploads\/2025\/02\/Femmes-sans-papiers.jpg","width":1100,"height":862},{"@type":"BreadcrumbList","@id":"https:\/\/www.pressenza.com\/fr\/2025\/02\/belgique-le-comite-des-femmes-sans-papiers-denonce-laccord-arizona\/#breadcrumb","itemListElement":[{"@type":"ListItem","position":1,"name":"Accueil","item":"https:\/\/www.pressenza.com\/fr\/"},{"@type":"ListItem","position":2,"name":"Belgique : Le Comit\u00e9 des Femmes sans Papiers d\u00e9nonce l&rsquo;Accord \u00ab\u00a0Arizona\u00a0\u00bb"}]},{"@type":"WebSite","@id":"https:\/\/www.pressenza.com\/fr\/#website","url":"https:\/\/www.pressenza.com\/fr\/","name":"Pressenza","description":"International Press Agency","publisher":{"@id":"https:\/\/www.pressenza.com\/fr\/#organization"},"potentialAction":[{"@type":"SearchAction","target":{"@type":"EntryPoint","urlTemplate":"https:\/\/www.pressenza.com\/fr\/?s={search_term_string}"},"query-input":{"@type":"PropertyValueSpecification","valueRequired":true,"valueName":"search_term_string"}}],"inLanguage":"fr-FR"},{"@type":"Organization","@id":"https:\/\/www.pressenza.com\/fr\/#organization","name":"Pressenza","url":"https:\/\/www.pressenza.com\/fr\/","logo":{"@type":"ImageObject","inLanguage":"fr-FR","@id":"https:\/\/www.pressenza.com\/fr\/#\/schema\/logo\/image\/","url":"https:\/\/www.pressenza.com\/wp-content\/uploads\/2022\/10\/pressenza_logo_200x200.jpg","contentUrl":"https:\/\/www.pressenza.com\/wp-content\/uploads\/2022\/10\/pressenza_logo_200x200.jpg","width":200,"height":200,"caption":"Pressenza"},"image":{"@id":"https:\/\/www.pressenza.com\/fr\/#\/schema\/logo\/image\/"},"sameAs":["https:\/\/www.facebook.com\/PressenzaItalia","https:\/\/x.com\/PressenzaIPA"]},{"@type":"Person","@id":"https:\/\/www.pressenza.com\/fr\/#\/schema\/person\/86412bf1f68934d02d03035e031f781f","name":"R\u00e9daction Belgique","description":"News published by the Pressenza bureau in Belgium","url":"https:\/\/www.pressenza.com\/fr\/author\/redaction-belgique\/"}]}},"place":"Belgique, Bruxelles","original_article_url":"","_links":{"self":[{"href":"https:\/\/www.pressenza.com\/fr\/wp-json\/wp\/v2\/posts\/2581672","targetHints":{"allow":["GET"]}}],"collection":[{"href":"https:\/\/www.pressenza.com\/fr\/wp-json\/wp\/v2\/posts"}],"about":[{"href":"https:\/\/www.pressenza.com\/fr\/wp-json\/wp\/v2\/types\/post"}],"author":[{"embeddable":true,"href":"https:\/\/www.pressenza.com\/fr\/wp-json\/wp\/v2\/users\/807"}],"replies":[{"embeddable":true,"href":"https:\/\/www.pressenza.com\/fr\/wp-json\/wp\/v2\/comments?post=2581672"}],"version-history":[{"count":0,"href":"https:\/\/www.pressenza.com\/fr\/wp-json\/wp\/v2\/posts\/2581672\/revisions"}],"wp:featuredmedia":[{"embeddable":true,"href":"https:\/\/www.pressenza.com\/fr\/wp-json\/wp\/v2\/media\/2581685"}],"wp:attachment":[{"href":"https:\/\/www.pressenza.com\/fr\/wp-json\/wp\/v2\/media?parent=2581672"}],"wp:term":[{"taxonomy":"category","embeddable":true,"href":"https:\/\/www.pressenza.com\/fr\/wp-json\/wp\/v2\/categories?post=2581672"},{"taxonomy":"post_tag","embeddable":true,"href":"https:\/\/www.pressenza.com\/fr\/wp-json\/wp\/v2\/tags?post=2581672"}],"curies":[{"name":"wp","href":"https:\/\/api.w.org\/{rel}","templated":true}]}}