{"id":2579957,"date":"2025-01-29T21:51:34","date_gmt":"2025-01-29T21:51:34","guid":{"rendered":"https:\/\/www.pressenza.com\/?p=2579957"},"modified":"2025-01-29T21:51:34","modified_gmt":"2025-01-29T21:51:34","slug":"forum-humaniste-mondial-a-caractere-permanent-paroles-dantonio-carvallo","status":"publish","type":"post","link":"https:\/\/www.pressenza.com\/fr\/2025\/01\/forum-humaniste-mondial-a-caractere-permanent-paroles-dantonio-carvallo\/","title":{"rendered":"Forum Humaniste Mondial, \u00e0 caract\u00e8re permanent. Paroles d&rsquo;Antonio Carvallo"},"content":{"rendered":"<p>Nous publions ici les mots par lesquels Antonio Carvallo a introduit l&rsquo;assembl\u00e9e virtuelle du Forum Humaniste Mondial ce 25 janvier :<\/p>\n<p>\u00ab Le Forum est un espace d&rsquo;\u00e9change et de discussion entre les humanistes et les personnes du monde entier partageant les m\u00eames id\u00e9es, afin d&rsquo;\u00e9tudier et d&rsquo;\u00e9laborer des positions sur les probl\u00e8mes mondiaux qui nous affectent tous aujourd&rsquo;hui. Il aborde les relations structurelles entre les ph\u00e9nom\u00e8nes scientifiques, politiques, artistiques et religieux.<\/p>\n<p>Ce travail exige la libert\u00e9 de conscience et l&rsquo;absence de pr\u00e9jug\u00e9s id\u00e9ologiques. Parvenir \u00e0 un ensemble de connaissances et de compr\u00e9hension de la culture mondiale et des principaux probl\u00e8mes de notre temps, ainsi que de leurs approches et solutions possibles, et diffuser progressivement cette compr\u00e9hension dans la culture de la Nation Humaine Universelle.<\/p>\n<p>Lorsque nous parlons de culture, nous entendons les valeurs fondamentales communes, les besoins et les aspirations que tous les \u00eatres humains partagent n\u00e9cessairement par le simple fait d&rsquo;\u00eatre en vie et de vivre ensemble dans un monde profond\u00e9ment interconnect\u00e9 et interd\u00e9pendant.<\/p>\n<p>Aujourd&rsquo;hui, nous sommes en route vers une Culture Humaine Universelle.<\/p>\n<p>Les ph\u00e9nom\u00e8nes et les probl\u00e8mes complexes du monde actuel ne sont \u00e9trangers \u00e0 aucun d&rsquo;entre nous. L&rsquo;objectif du Forum est de permettre un \u00e9change permanent d&rsquo;id\u00e9es et de discussions entre des individus et des institutions issus du spectre le plus large possible des cultures du monde. Jeter les bases d&rsquo;un dialogue global, en int\u00e9grant, bien s\u00fbr, les contributions apport\u00e9es dans le pass\u00e9 par de nombreux courants de pens\u00e9e et d&rsquo;action.<\/p>\n<p>Ici, nous sommes repr\u00e9sent\u00e9s virtuellement par des participants venant de pr\u00e8s de 50 pays et de tous les continents, Afrique, Asie-Pacifique, Am\u00e9rique du Sud, Am\u00e9rique centrale, Am\u00e9rique du Nord et Europe.<\/p>\n<p>Le Forum con\u00e7oit la diversit\u00e9 comme une valeur. Tous conscients et inspir\u00e9s par le projet. Comme Silo l&rsquo;a formul\u00e9 il y a plus de trente ans, avec la convergence de tous les courants de cultures, de races, de croyances, de langues, d&rsquo;exp\u00e9riences et de traditions. Tout cela est indispensable \u00e0 une nation humaine universelle dont le d\u00e9nominateur commun est \u00ab ce qui est humain \u00bb.<\/p>\n<p>La science et la technologie sont universelles ; la sant\u00e9 et la maladie sont universelles ; les droits humains sont universels ; la libert\u00e9 est un besoin universel, la libert\u00e9 de pens\u00e9e, d&rsquo;action&#8230; les conditions de base de la vie humaine : la nourriture, le logement, le transport, la s\u00e9curit\u00e9, les services ; la connaissance et l&rsquo;information sont un besoin universel ; une vie sociale paisible, s\u00fbre et heureuse ; l&rsquo;amour, le d\u00e9veloppement spirituel, l&rsquo;amiti\u00e9, l&rsquo;attention mutuelle et la jouissance de la vie&#8230; sont tous des besoins universels.<\/p>\n<p>Tous les besoins humains sont universels et doivent \u00eatre satisfaits par tous. Le bien-\u00eatre de tous est la meilleure garantie de s\u00e9curit\u00e9 \u00e0 laquelle l&rsquo;humanit\u00e9 peut aspirer.<\/p>\n<p>Dans notre vision et nos aspirations communes, nous ne voulons pas d&rsquo;h\u00e9g\u00e9monies mais une multipolarit\u00e9. Nous ne voulons pas qu&rsquo;un pays ou un groupe de pays s&rsquo;approprie les ressources de la nature au d\u00e9triment des autres.<\/p>\n<p>La concurrence permanente, l&rsquo;avidit\u00e9, le pouvoir sur les autres, l&rsquo;agressivit\u00e9 et la violence&#8230; Ce ne sont ni des universalit\u00e9s ni des n\u00e9cessit\u00e9s, mais des distorsions, des d\u00e9formations de l&rsquo;humanit\u00e9. Certaines cultures, aujourd&rsquo;hui et dans le pass\u00e9, ont favoris\u00e9 ces d\u00e9formations dans la population, en propageant l&rsquo;agressivit\u00e9 comp\u00e9titive, la d\u00e9loyaut\u00e9, les divisions et les conflits entre les personnes afin de les manipuler, de les contr\u00f4ler, de les monter les unes contre les autres en recherchant l&rsquo;instabilit\u00e9, la subordination, l&rsquo;ob\u00e9issance et, en fin de compte, l&rsquo;exploitation.<\/p>\n<p>Nous ne voulons pas du colonialisme, ni de l&rsquo;imposition d&rsquo;une croyance ou d&rsquo;une id\u00e9ologie \u00e0 tous.<\/p>\n<p>Nous voulons un monde de tol\u00e9rance et de compassion o\u00f9 pr\u00e9vaut la r\u00e8gle d&rsquo;or : Traite les autres comme tu voudrais qu&rsquo;ils te traitent.<\/p>\n<p>Nous avons en commun notre humanit\u00e9 et la n\u00e9cessit\u00e9 d&rsquo;\u00e9voluer vers des stades de civilisation plus avanc\u00e9s. Nous devons vaincre la violence en nous-m\u00eames et dans la soci\u00e9t\u00e9.<\/p>\n<p>Nous devons \u00e9liminer les guerres et parvenir au d\u00e9sarmement. L&rsquo;\u00e9thique de la non-violence doit faire partie de la nouvelle culture universelle.<\/p>\n<p>Pour aider \u00e0 jeter les bases de cette nouvelle culture qui place l&rsquo;\u00eatre humain au centre, comme valeur principale, au-dessus du pouvoir, de l&rsquo;argent, de l&rsquo;id\u00e9ologie, de la religion, de la race ou de toute autre valeur, et o\u00f9 aucun \u00eatre humain n&rsquo;est au-dessus d&rsquo;un autre.<\/p>\n<p>Ce forum est un pas r\u00e9solu dans cette direction.<\/p>\n<p>Merci beaucoup ! \u00bb<\/p>\n<p>&nbsp;<\/p>\n","protected":false},"excerpt":{"rendered":"<p>Nous publions ici les mots par lesquels Antonio Carvallo a introduit l&rsquo;assembl\u00e9e virtuelle du Forum Humaniste Mondial ce 25 janvier : \u00ab Le Forum est un espace d&rsquo;\u00e9change et de discussion entre les humanistes et les personnes du monde entier&hellip;<\/p>\n","protected":false},"author":43,"featured_media":2579964,"comment_status":"closed","ping_status":"closed","sticky":false,"template":"","format":"standard","meta":{"footnotes":""},"categories":[11386,1246,40,124282],"tags":[121214],"class_list":["post-2579957","post","type-post","status-publish","format-standard","has-post-thumbnail","hentry","category-contenu-original","category-humanisme-spiritualite","category-international-fr","category-news-fr","tag-forum-humaniste-mondial"],"yoast_head":"<!-- This site is optimized with the Yoast SEO plugin v27.1.1 - https:\/\/yoast.com\/product\/yoast-seo-wordpress\/ -->\n<title>Forum Humaniste Mondial, \u00e0 caract\u00e8re permanent. Paroles d&#039;Antonio Carvallo<\/title>\n<meta name=\"description\" content=\"Nous publions ici les mots par lesquels Antonio Carvallo a introduit l&#039;assembl\u00e9e virtuelle du Forum Humaniste Mondial ce 25 janvier : \u00ab Le Forum est un\" \/>\n<meta name=\"robots\" content=\"index, follow, max-snippet:-1, max-image-preview:large, max-video-preview:-1\" \/>\n<link rel=\"canonical\" href=\"https:\/\/www.pressenza.com\/fr\/2025\/01\/forum-humaniste-mondial-a-caractere-permanent-paroles-dantonio-carvallo\/\" \/>\n<meta property=\"og:locale\" content=\"fr_FR\" \/>\n<meta property=\"og:type\" content=\"article\" \/>\n<meta property=\"og:title\" content=\"Forum Humaniste Mondial, \u00e0 caract\u00e8re permanent. Paroles d&#039;Antonio Carvallo\" \/>\n<meta property=\"og:description\" content=\"Nous publions ici les mots par lesquels Antonio Carvallo a introduit l&#039;assembl\u00e9e virtuelle du Forum Humaniste Mondial ce 25 janvier : \u00ab Le Forum est un\" \/>\n<meta property=\"og:url\" content=\"https:\/\/www.pressenza.com\/fr\/2025\/01\/forum-humaniste-mondial-a-caractere-permanent-paroles-dantonio-carvallo\/\" \/>\n<meta property=\"og:site_name\" content=\"Pressenza\" \/>\n<meta property=\"article:publisher\" content=\"https:\/\/www.facebook.com\/PressenzaItalia\" \/>\n<meta property=\"article:author\" content=\"https:\/\/www.facebook.com\/pressenza\" \/>\n<meta property=\"article:published_time\" content=\"2025-01-29T21:51:34+00:00\" \/>\n<meta property=\"og:image\" content=\"https:\/\/www.pressenza.com\/wp-content\/uploads\/2025\/01\/forum-humaniste-mondial.jpg\" \/>\n\t<meta property=\"og:image:width\" content=\"820\" \/>\n\t<meta property=\"og:image:height\" content=\"546\" \/>\n\t<meta property=\"og:image:type\" content=\"image\/jpeg\" \/>\n<meta name=\"author\" content=\"Redacci\u00f3n Chile\" \/>\n<meta name=\"twitter:card\" content=\"summary_large_image\" \/>\n<meta name=\"twitter:creator\" content=\"@pressenza\" \/>\n<meta name=\"twitter:site\" content=\"@PressenzaIPA\" \/>\n<meta name=\"twitter:label1\" content=\"\u00c9crit par\" \/>\n\t<meta name=\"twitter:data1\" content=\"Redacci\u00f3n Chile\" \/>\n\t<meta name=\"twitter:label2\" content=\"Dur\u00e9e de lecture estim\u00e9e\" \/>\n\t<meta name=\"twitter:data2\" content=\"4 minutes\" \/>\n<script type=\"application\/ld+json\" class=\"yoast-schema-graph\">{\"@context\":\"https:\/\/schema.org\",\"@graph\":[{\"@type\":\"Article\",\"@id\":\"https:\/\/www.pressenza.com\/fr\/2025\/01\/forum-humaniste-mondial-a-caractere-permanent-paroles-dantonio-carvallo\/#article\",\"isPartOf\":{\"@id\":\"https:\/\/www.pressenza.com\/fr\/2025\/01\/forum-humaniste-mondial-a-caractere-permanent-paroles-dantonio-carvallo\/\"},\"author\":{\"name\":\"Redacci\u00f3n Chile\",\"@id\":\"https:\/\/www.pressenza.com\/fr\/#\/schema\/person\/d7db40df35d6698ba69ba9ee260944ed\"},\"headline\":\"Forum Humaniste Mondial, \u00e0 caract\u00e8re permanent. Paroles d&rsquo;Antonio Carvallo\",\"datePublished\":\"2025-01-29T21:51:34+00:00\",\"mainEntityOfPage\":{\"@id\":\"https:\/\/www.pressenza.com\/fr\/2025\/01\/forum-humaniste-mondial-a-caractere-permanent-paroles-dantonio-carvallo\/\"},\"wordCount\":820,\"publisher\":{\"@id\":\"https:\/\/www.pressenza.com\/fr\/#organization\"},\"image\":{\"@id\":\"https:\/\/www.pressenza.com\/fr\/2025\/01\/forum-humaniste-mondial-a-caractere-permanent-paroles-dantonio-carvallo\/#primaryimage\"},\"thumbnailUrl\":\"https:\/\/www.pressenza.com\/wp-content\/uploads\/2025\/01\/forum-humaniste-mondial.jpg\",\"keywords\":[\"Forum Humaniste Mondial\"],\"articleSection\":[\"Contenu Original\",\"Humanisme et Spiritualit\u00e9\",\"International\",\"News\"],\"inLanguage\":\"fr-FR\"},{\"@type\":\"WebPage\",\"@id\":\"https:\/\/www.pressenza.com\/fr\/2025\/01\/forum-humaniste-mondial-a-caractere-permanent-paroles-dantonio-carvallo\/\",\"url\":\"https:\/\/www.pressenza.com\/fr\/2025\/01\/forum-humaniste-mondial-a-caractere-permanent-paroles-dantonio-carvallo\/\",\"name\":\"Forum Humaniste Mondial, \u00e0 caract\u00e8re permanent. Paroles d'Antonio Carvallo\",\"isPartOf\":{\"@id\":\"https:\/\/www.pressenza.com\/fr\/#website\"},\"primaryImageOfPage\":{\"@id\":\"https:\/\/www.pressenza.com\/fr\/2025\/01\/forum-humaniste-mondial-a-caractere-permanent-paroles-dantonio-carvallo\/#primaryimage\"},\"image\":{\"@id\":\"https:\/\/www.pressenza.com\/fr\/2025\/01\/forum-humaniste-mondial-a-caractere-permanent-paroles-dantonio-carvallo\/#primaryimage\"},\"thumbnailUrl\":\"https:\/\/www.pressenza.com\/wp-content\/uploads\/2025\/01\/forum-humaniste-mondial.jpg\",\"datePublished\":\"2025-01-29T21:51:34+00:00\",\"description\":\"Nous publions ici les mots par lesquels Antonio Carvallo a introduit l'assembl\u00e9e virtuelle du Forum Humaniste Mondial ce 25 janvier : \u00ab Le Forum est un\",\"breadcrumb\":{\"@id\":\"https:\/\/www.pressenza.com\/fr\/2025\/01\/forum-humaniste-mondial-a-caractere-permanent-paroles-dantonio-carvallo\/#breadcrumb\"},\"inLanguage\":\"fr-FR\",\"potentialAction\":[{\"@type\":\"ReadAction\",\"target\":[\"https:\/\/www.pressenza.com\/fr\/2025\/01\/forum-humaniste-mondial-a-caractere-permanent-paroles-dantonio-carvallo\/\"]}]},{\"@type\":\"ImageObject\",\"inLanguage\":\"fr-FR\",\"@id\":\"https:\/\/www.pressenza.com\/fr\/2025\/01\/forum-humaniste-mondial-a-caractere-permanent-paroles-dantonio-carvallo\/#primaryimage\",\"url\":\"https:\/\/www.pressenza.com\/wp-content\/uploads\/2025\/01\/forum-humaniste-mondial.jpg\",\"contentUrl\":\"https:\/\/www.pressenza.com\/wp-content\/uploads\/2025\/01\/forum-humaniste-mondial.jpg\",\"width\":820,\"height\":546},{\"@type\":\"BreadcrumbList\",\"@id\":\"https:\/\/www.pressenza.com\/fr\/2025\/01\/forum-humaniste-mondial-a-caractere-permanent-paroles-dantonio-carvallo\/#breadcrumb\",\"itemListElement\":[{\"@type\":\"ListItem\",\"position\":1,\"name\":\"Accueil\",\"item\":\"https:\/\/www.pressenza.com\/fr\/\"},{\"@type\":\"ListItem\",\"position\":2,\"name\":\"Forum Humaniste Mondial, \u00e0 caract\u00e8re permanent. Paroles d&rsquo;Antonio Carvallo\"}]},{\"@type\":\"WebSite\",\"@id\":\"https:\/\/www.pressenza.com\/fr\/#website\",\"url\":\"https:\/\/www.pressenza.com\/fr\/\",\"name\":\"Pressenza\",\"description\":\"International Press Agency\",\"publisher\":{\"@id\":\"https:\/\/www.pressenza.com\/fr\/#organization\"},\"potentialAction\":[{\"@type\":\"SearchAction\",\"target\":{\"@type\":\"EntryPoint\",\"urlTemplate\":\"https:\/\/www.pressenza.com\/fr\/?s={search_term_string}\"},\"query-input\":{\"@type\":\"PropertyValueSpecification\",\"valueRequired\":true,\"valueName\":\"search_term_string\"}}],\"inLanguage\":\"fr-FR\"},{\"@type\":\"Organization\",\"@id\":\"https:\/\/www.pressenza.com\/fr\/#organization\",\"name\":\"Pressenza\",\"url\":\"https:\/\/www.pressenza.com\/fr\/\",\"logo\":{\"@type\":\"ImageObject\",\"inLanguage\":\"fr-FR\",\"@id\":\"https:\/\/www.pressenza.com\/fr\/#\/schema\/logo\/image\/\",\"url\":\"https:\/\/www.pressenza.com\/wp-content\/uploads\/2022\/10\/pressenza_logo_200x200.jpg\",\"contentUrl\":\"https:\/\/www.pressenza.com\/wp-content\/uploads\/2022\/10\/pressenza_logo_200x200.jpg\",\"width\":200,\"height\":200,\"caption\":\"Pressenza\"},\"image\":{\"@id\":\"https:\/\/www.pressenza.com\/fr\/#\/schema\/logo\/image\/\"},\"sameAs\":[\"https:\/\/www.facebook.com\/PressenzaItalia\",\"https:\/\/x.com\/PressenzaIPA\"]},{\"@type\":\"Person\",\"@id\":\"https:\/\/www.pressenza.com\/fr\/#\/schema\/person\/d7db40df35d6698ba69ba9ee260944ed\",\"name\":\"Redacci\u00f3n Chile\",\"description\":\"News from the Pressenza Bureau in Chile\",\"sameAs\":[\"https:\/\/www.facebook.com\/pressenza\",\"https:\/\/x.com\/pressenza\"],\"url\":\"https:\/\/www.pressenza.com\/fr\/author\/redaccion-chile\/\"}]}<\/script>\n<!-- \/ Yoast SEO plugin. -->","yoast_head_json":{"title":"Forum Humaniste Mondial, \u00e0 caract\u00e8re permanent. Paroles d'Antonio Carvallo","description":"Nous publions ici les mots par lesquels Antonio Carvallo a introduit l'assembl\u00e9e virtuelle du Forum Humaniste Mondial ce 25 janvier : \u00ab Le Forum est un","robots":{"index":"index","follow":"follow","max-snippet":"max-snippet:-1","max-image-preview":"max-image-preview:large","max-video-preview":"max-video-preview:-1"},"canonical":"https:\/\/www.pressenza.com\/fr\/2025\/01\/forum-humaniste-mondial-a-caractere-permanent-paroles-dantonio-carvallo\/","og_locale":"fr_FR","og_type":"article","og_title":"Forum Humaniste Mondial, \u00e0 caract\u00e8re permanent. Paroles d'Antonio Carvallo","og_description":"Nous publions ici les mots par lesquels Antonio Carvallo a introduit l'assembl\u00e9e virtuelle du Forum Humaniste Mondial ce 25 janvier : \u00ab Le Forum est un","og_url":"https:\/\/www.pressenza.com\/fr\/2025\/01\/forum-humaniste-mondial-a-caractere-permanent-paroles-dantonio-carvallo\/","og_site_name":"Pressenza","article_publisher":"https:\/\/www.facebook.com\/PressenzaItalia","article_author":"https:\/\/www.facebook.com\/pressenza","article_published_time":"2025-01-29T21:51:34+00:00","og_image":[{"width":820,"height":546,"url":"https:\/\/www.pressenza.com\/wp-content\/uploads\/2025\/01\/forum-humaniste-mondial.jpg","type":"image\/jpeg"}],"author":"Redacci\u00f3n Chile","twitter_card":"summary_large_image","twitter_creator":"@pressenza","twitter_site":"@PressenzaIPA","twitter_misc":{"\u00c9crit par":"Redacci\u00f3n Chile","Dur\u00e9e de lecture estim\u00e9e":"4 minutes"},"schema":{"@context":"https:\/\/schema.org","@graph":[{"@type":"Article","@id":"https:\/\/www.pressenza.com\/fr\/2025\/01\/forum-humaniste-mondial-a-caractere-permanent-paroles-dantonio-carvallo\/#article","isPartOf":{"@id":"https:\/\/www.pressenza.com\/fr\/2025\/01\/forum-humaniste-mondial-a-caractere-permanent-paroles-dantonio-carvallo\/"},"author":{"name":"Redacci\u00f3n Chile","@id":"https:\/\/www.pressenza.com\/fr\/#\/schema\/person\/d7db40df35d6698ba69ba9ee260944ed"},"headline":"Forum Humaniste Mondial, \u00e0 caract\u00e8re permanent. Paroles d&rsquo;Antonio Carvallo","datePublished":"2025-01-29T21:51:34+00:00","mainEntityOfPage":{"@id":"https:\/\/www.pressenza.com\/fr\/2025\/01\/forum-humaniste-mondial-a-caractere-permanent-paroles-dantonio-carvallo\/"},"wordCount":820,"publisher":{"@id":"https:\/\/www.pressenza.com\/fr\/#organization"},"image":{"@id":"https:\/\/www.pressenza.com\/fr\/2025\/01\/forum-humaniste-mondial-a-caractere-permanent-paroles-dantonio-carvallo\/#primaryimage"},"thumbnailUrl":"https:\/\/www.pressenza.com\/wp-content\/uploads\/2025\/01\/forum-humaniste-mondial.jpg","keywords":["Forum Humaniste Mondial"],"articleSection":["Contenu Original","Humanisme et Spiritualit\u00e9","International","News"],"inLanguage":"fr-FR"},{"@type":"WebPage","@id":"https:\/\/www.pressenza.com\/fr\/2025\/01\/forum-humaniste-mondial-a-caractere-permanent-paroles-dantonio-carvallo\/","url":"https:\/\/www.pressenza.com\/fr\/2025\/01\/forum-humaniste-mondial-a-caractere-permanent-paroles-dantonio-carvallo\/","name":"Forum Humaniste Mondial, \u00e0 caract\u00e8re permanent. Paroles d'Antonio Carvallo","isPartOf":{"@id":"https:\/\/www.pressenza.com\/fr\/#website"},"primaryImageOfPage":{"@id":"https:\/\/www.pressenza.com\/fr\/2025\/01\/forum-humaniste-mondial-a-caractere-permanent-paroles-dantonio-carvallo\/#primaryimage"},"image":{"@id":"https:\/\/www.pressenza.com\/fr\/2025\/01\/forum-humaniste-mondial-a-caractere-permanent-paroles-dantonio-carvallo\/#primaryimage"},"thumbnailUrl":"https:\/\/www.pressenza.com\/wp-content\/uploads\/2025\/01\/forum-humaniste-mondial.jpg","datePublished":"2025-01-29T21:51:34+00:00","description":"Nous publions ici les mots par lesquels Antonio Carvallo a introduit l'assembl\u00e9e virtuelle du Forum Humaniste Mondial ce 25 janvier : \u00ab Le Forum est un","breadcrumb":{"@id":"https:\/\/www.pressenza.com\/fr\/2025\/01\/forum-humaniste-mondial-a-caractere-permanent-paroles-dantonio-carvallo\/#breadcrumb"},"inLanguage":"fr-FR","potentialAction":[{"@type":"ReadAction","target":["https:\/\/www.pressenza.com\/fr\/2025\/01\/forum-humaniste-mondial-a-caractere-permanent-paroles-dantonio-carvallo\/"]}]},{"@type":"ImageObject","inLanguage":"fr-FR","@id":"https:\/\/www.pressenza.com\/fr\/2025\/01\/forum-humaniste-mondial-a-caractere-permanent-paroles-dantonio-carvallo\/#primaryimage","url":"https:\/\/www.pressenza.com\/wp-content\/uploads\/2025\/01\/forum-humaniste-mondial.jpg","contentUrl":"https:\/\/www.pressenza.com\/wp-content\/uploads\/2025\/01\/forum-humaniste-mondial.jpg","width":820,"height":546},{"@type":"BreadcrumbList","@id":"https:\/\/www.pressenza.com\/fr\/2025\/01\/forum-humaniste-mondial-a-caractere-permanent-paroles-dantonio-carvallo\/#breadcrumb","itemListElement":[{"@type":"ListItem","position":1,"name":"Accueil","item":"https:\/\/www.pressenza.com\/fr\/"},{"@type":"ListItem","position":2,"name":"Forum Humaniste Mondial, \u00e0 caract\u00e8re permanent. Paroles d&rsquo;Antonio Carvallo"}]},{"@type":"WebSite","@id":"https:\/\/www.pressenza.com\/fr\/#website","url":"https:\/\/www.pressenza.com\/fr\/","name":"Pressenza","description":"International Press Agency","publisher":{"@id":"https:\/\/www.pressenza.com\/fr\/#organization"},"potentialAction":[{"@type":"SearchAction","target":{"@type":"EntryPoint","urlTemplate":"https:\/\/www.pressenza.com\/fr\/?s={search_term_string}"},"query-input":{"@type":"PropertyValueSpecification","valueRequired":true,"valueName":"search_term_string"}}],"inLanguage":"fr-FR"},{"@type":"Organization","@id":"https:\/\/www.pressenza.com\/fr\/#organization","name":"Pressenza","url":"https:\/\/www.pressenza.com\/fr\/","logo":{"@type":"ImageObject","inLanguage":"fr-FR","@id":"https:\/\/www.pressenza.com\/fr\/#\/schema\/logo\/image\/","url":"https:\/\/www.pressenza.com\/wp-content\/uploads\/2022\/10\/pressenza_logo_200x200.jpg","contentUrl":"https:\/\/www.pressenza.com\/wp-content\/uploads\/2022\/10\/pressenza_logo_200x200.jpg","width":200,"height":200,"caption":"Pressenza"},"image":{"@id":"https:\/\/www.pressenza.com\/fr\/#\/schema\/logo\/image\/"},"sameAs":["https:\/\/www.facebook.com\/PressenzaItalia","https:\/\/x.com\/PressenzaIPA"]},{"@type":"Person","@id":"https:\/\/www.pressenza.com\/fr\/#\/schema\/person\/d7db40df35d6698ba69ba9ee260944ed","name":"Redacci\u00f3n Chile","description":"News from the Pressenza Bureau in Chile","sameAs":["https:\/\/www.facebook.com\/pressenza","https:\/\/x.com\/pressenza"],"url":"https:\/\/www.pressenza.com\/fr\/author\/redaccion-chile\/"}]}},"place":"","original_article_url":"","_links":{"self":[{"href":"https:\/\/www.pressenza.com\/fr\/wp-json\/wp\/v2\/posts\/2579957","targetHints":{"allow":["GET"]}}],"collection":[{"href":"https:\/\/www.pressenza.com\/fr\/wp-json\/wp\/v2\/posts"}],"about":[{"href":"https:\/\/www.pressenza.com\/fr\/wp-json\/wp\/v2\/types\/post"}],"author":[{"embeddable":true,"href":"https:\/\/www.pressenza.com\/fr\/wp-json\/wp\/v2\/users\/43"}],"replies":[{"embeddable":true,"href":"https:\/\/www.pressenza.com\/fr\/wp-json\/wp\/v2\/comments?post=2579957"}],"version-history":[{"count":0,"href":"https:\/\/www.pressenza.com\/fr\/wp-json\/wp\/v2\/posts\/2579957\/revisions"}],"wp:featuredmedia":[{"embeddable":true,"href":"https:\/\/www.pressenza.com\/fr\/wp-json\/wp\/v2\/media\/2579964"}],"wp:attachment":[{"href":"https:\/\/www.pressenza.com\/fr\/wp-json\/wp\/v2\/media?parent=2579957"}],"wp:term":[{"taxonomy":"category","embeddable":true,"href":"https:\/\/www.pressenza.com\/fr\/wp-json\/wp\/v2\/categories?post=2579957"},{"taxonomy":"post_tag","embeddable":true,"href":"https:\/\/www.pressenza.com\/fr\/wp-json\/wp\/v2\/tags?post=2579957"}],"curies":[{"name":"wp","href":"https:\/\/api.w.org\/{rel}","templated":true}]}}