{"id":257918,"date":"2015-12-14T22:45:17","date_gmt":"2015-12-14T22:45:17","guid":{"rendered":"http:\/\/www.pressenza.com\/fr\/?p=257918"},"modified":"2015-12-15T00:15:56","modified_gmt":"2015-12-15T00:15:56","slug":"les-elections-regionales-les-guignols-font-leur-show","status":"publish","type":"post","link":"https:\/\/www.pressenza.com\/fr\/2015\/12\/les-elections-regionales-les-guignols-font-leur-show\/","title":{"rendered":"Les \u00e9lections r\u00e9gionales : les guignols font leur show"},"content":{"rendered":"<p>Ces \u00e9lections r\u00e9gionales mettent en \u00e9vidence ce qu\u2019est devenu le paysage politique de la France\u00a0: d\u2019un c\u00f4t\u00e9, le front \u00ab\u00a0r\u00e9publicain\u00a0\u00bb gangr\u00e9n\u00e9 par le n\u00e9o-lib\u00e9ralisme\u00a0; de l\u2019autre, la monstruosit\u00e9 repr\u00e9sent\u00e9e par le front national qui \u2013 avec ses discours \u00e9l\u00e9mentaires &#8211; devient une r\u00e9f\u00e9rence pour des gens que ce syst\u00e8me a mis en situation limite.<\/p>\n<p>Comme apr\u00e8s chaque \u00e9lection, nos politiques r\u00e9p\u00e8tent qu\u2019ils nous ont compris. Et certains le font avec une telle force marketing qu\u2019ils pourraient nous redonner l\u2019envie d\u2019y croire.<\/p>\n<p>Mais rapidement, nous nous apercevons que ces discours de fa\u00e7ade cachent une fois de plus les ambitions personnelles de chacun, \u00a0au-del\u00e0 m\u00eame des ambitions de parti : se pr\u00e9parer \u00e0 l\u2019\u00e9lection pr\u00e9sidentielle.<\/p>\n<p>C\u2019est bien la preuve qu\u2019ils n\u2019ont d\u00e9cid\u00e9ment rien compris ou qu\u2019ils ne veulent rien comprendre. Sont-ils cons ou salauds\u00a0?<\/p>\n<p>Quand tous disent qu\u2019ils doivent trouver un projet pour la France, donner une vision de l\u2019avenir aux Fran\u00e7ais, que cherchent-ils finalement sinon le \u00ab\u00a0nouveau produit\u00a0\u00bb qu\u2019ils vont pouvoir nous vendre\u00a0!<\/p>\n<p>Avec un tel m\u00e9pris et un tel cynisme aux relents de manipulation, qu\u2019ils ne s\u2019attendent pas \u00e0 ce que la majorit\u00e9 des \u00e9lecteurs, \u00e0 savoir les abstentionnistes, se ruent aux urnes.<\/p>\n<p>Ce comportement discr\u00e9dite toute tentative de faire de la politique. Et d\u2019ailleurs, tous les mouvements porteurs de solutions voire d\u2019une vision du futur, tous ceux qui font de la \u00ab\u00a0politique v\u00e9ritablement autrement\u00a0\u00bb refusent de collaborer \u00e0 leur jeu\u00a0: entrer en politique.<\/p>\n","protected":false},"excerpt":{"rendered":"<p>Ces \u00e9lections r\u00e9gionales mettent en \u00e9vidence ce qu\u2019est devenu le paysage politique de la France\u00a0: d\u2019un c\u00f4t\u00e9, le front \u00ab\u00a0r\u00e9publicain\u00a0\u00bb gangr\u00e9n\u00e9 par le n\u00e9o-lib\u00e9ralisme\u00a0; de l\u2019autre, la monstruosit\u00e9 repr\u00e9sent\u00e9e par le front national qui \u2013 avec ses discours \u00e9l\u00e9mentaires &#8211;&hellip;<\/p>\n","protected":false},"author":1131,"featured_media":257919,"comment_status":"closed","ping_status":"open","sticky":false,"template":"","format":"standard","meta":{"footnotes":""},"categories":[151,85,93],"tags":[22536],"class_list":["post-257918","post","type-post","status-publish","format-standard","has-post-thumbnail","hentry","category-communique-de-presse","category-europe-fr","category-politique","tag-elections-france-2015"],"yoast_head":"<!-- This site is optimized with the Yoast SEO plugin v27.1.1 - https:\/\/yoast.com\/product\/yoast-seo-wordpress\/ -->\n<title>Les \u00e9lections r\u00e9gionales : les guignols font leur show<\/title>\n<meta name=\"description\" content=\"Ces \u00e9lections r\u00e9gionales mettent en \u00e9vidence ce qu\u2019est devenu le paysage politique de la France\u00a0: d\u2019un c\u00f4t\u00e9, le front \u00ab\u00a0r\u00e9publicain\u00a0\u00bb gangr\u00e9n\u00e9 par le\" \/>\n<meta name=\"robots\" content=\"index, follow, max-snippet:-1, max-image-preview:large, max-video-preview:-1\" \/>\n<link rel=\"canonical\" href=\"https:\/\/www.pressenza.com\/fr\/2015\/12\/les-elections-regionales-les-guignols-font-leur-show\/\" \/>\n<meta property=\"og:locale\" content=\"fr_FR\" \/>\n<meta property=\"og:type\" content=\"article\" \/>\n<meta property=\"og:title\" content=\"Les \u00e9lections r\u00e9gionales : les guignols font leur show\" \/>\n<meta property=\"og:description\" content=\"Ces \u00e9lections r\u00e9gionales mettent en \u00e9vidence ce qu\u2019est devenu le paysage politique de la France\u00a0: d\u2019un c\u00f4t\u00e9, le front \u00ab\u00a0r\u00e9publicain\u00a0\u00bb gangr\u00e9n\u00e9 par le\" \/>\n<meta property=\"og:url\" content=\"https:\/\/www.pressenza.com\/fr\/2015\/12\/les-elections-regionales-les-guignols-font-leur-show\/\" \/>\n<meta property=\"og:site_name\" content=\"Pressenza\" \/>\n<meta property=\"article:publisher\" content=\"https:\/\/www.facebook.com\/PressenzaItalia\" \/>\n<meta property=\"article:published_time\" content=\"2015-12-14T22:45:17+00:00\" \/>\n<meta property=\"article:modified_time\" content=\"2015-12-15T00:15:56+00:00\" \/>\n<meta property=\"og:image\" content=\"https:\/\/www.pressenza.com\/wp-content\/uploads\/2015\/12\/France.-Elections-regionales-France-2015-720x480.jpg\" \/>\n\t<meta property=\"og:image:width\" content=\"720\" \/>\n\t<meta property=\"og:image:height\" content=\"480\" \/>\n\t<meta property=\"og:image:type\" content=\"image\/jpeg\" \/>\n<meta name=\"author\" content=\"Parti Humaniste France\" \/>\n<meta name=\"twitter:card\" content=\"summary_large_image\" \/>\n<meta name=\"twitter:creator\" content=\"@PressenzaIPA\" \/>\n<meta name=\"twitter:site\" content=\"@PressenzaIPA\" \/>\n<meta name=\"twitter:label1\" content=\"\u00c9crit par\" \/>\n\t<meta name=\"twitter:data1\" content=\"Parti Humaniste France\" \/>\n\t<meta name=\"twitter:label2\" content=\"Dur\u00e9e de lecture estim\u00e9e\" \/>\n\t<meta name=\"twitter:data2\" content=\"1 minute\" \/>\n<script type=\"application\/ld+json\" class=\"yoast-schema-graph\">{\"@context\":\"https:\/\/schema.org\",\"@graph\":[{\"@type\":\"Article\",\"@id\":\"https:\/\/www.pressenza.com\/fr\/2015\/12\/les-elections-regionales-les-guignols-font-leur-show\/#article\",\"isPartOf\":{\"@id\":\"https:\/\/www.pressenza.com\/fr\/2015\/12\/les-elections-regionales-les-guignols-font-leur-show\/\"},\"author\":{\"name\":\"Parti Humaniste France\",\"@id\":\"https:\/\/www.pressenza.com\/fr\/#\/schema\/person\/43ae398d7a70c84b65a3b895830bde1b\"},\"headline\":\"Les \u00e9lections r\u00e9gionales : les guignols font leur show\",\"datePublished\":\"2015-12-14T22:45:17+00:00\",\"dateModified\":\"2015-12-15T00:15:56+00:00\",\"mainEntityOfPage\":{\"@id\":\"https:\/\/www.pressenza.com\/fr\/2015\/12\/les-elections-regionales-les-guignols-font-leur-show\/\"},\"wordCount\":281,\"publisher\":{\"@id\":\"https:\/\/www.pressenza.com\/fr\/#organization\"},\"image\":{\"@id\":\"https:\/\/www.pressenza.com\/fr\/2015\/12\/les-elections-regionales-les-guignols-font-leur-show\/#primaryimage\"},\"thumbnailUrl\":\"https:\/\/www.pressenza.com\/wp-content\/uploads\/2015\/12\/France.-Elections-regionales-France-2015-720x480.jpg\",\"keywords\":[\"\u00e9lections France 2015\"],\"articleSection\":[\"Communiqu\u00e9s de Presse\",\"Europe\",\"Politique\"],\"inLanguage\":\"fr-FR\"},{\"@type\":\"WebPage\",\"@id\":\"https:\/\/www.pressenza.com\/fr\/2015\/12\/les-elections-regionales-les-guignols-font-leur-show\/\",\"url\":\"https:\/\/www.pressenza.com\/fr\/2015\/12\/les-elections-regionales-les-guignols-font-leur-show\/\",\"name\":\"Les \u00e9lections r\u00e9gionales : les guignols font leur show\",\"isPartOf\":{\"@id\":\"https:\/\/www.pressenza.com\/fr\/#website\"},\"primaryImageOfPage\":{\"@id\":\"https:\/\/www.pressenza.com\/fr\/2015\/12\/les-elections-regionales-les-guignols-font-leur-show\/#primaryimage\"},\"image\":{\"@id\":\"https:\/\/www.pressenza.com\/fr\/2015\/12\/les-elections-regionales-les-guignols-font-leur-show\/#primaryimage\"},\"thumbnailUrl\":\"https:\/\/www.pressenza.com\/wp-content\/uploads\/2015\/12\/France.-Elections-regionales-France-2015-720x480.jpg\",\"datePublished\":\"2015-12-14T22:45:17+00:00\",\"dateModified\":\"2015-12-15T00:15:56+00:00\",\"description\":\"Ces \u00e9lections r\u00e9gionales mettent en \u00e9vidence ce qu\u2019est devenu le paysage politique de la France\u00a0: d\u2019un c\u00f4t\u00e9, le front \u00ab\u00a0r\u00e9publicain\u00a0\u00bb gangr\u00e9n\u00e9 par le\",\"breadcrumb\":{\"@id\":\"https:\/\/www.pressenza.com\/fr\/2015\/12\/les-elections-regionales-les-guignols-font-leur-show\/#breadcrumb\"},\"inLanguage\":\"fr-FR\",\"potentialAction\":[{\"@type\":\"ReadAction\",\"target\":[\"https:\/\/www.pressenza.com\/fr\/2015\/12\/les-elections-regionales-les-guignols-font-leur-show\/\"]}]},{\"@type\":\"ImageObject\",\"inLanguage\":\"fr-FR\",\"@id\":\"https:\/\/www.pressenza.com\/fr\/2015\/12\/les-elections-regionales-les-guignols-font-leur-show\/#primaryimage\",\"url\":\"https:\/\/www.pressenza.com\/wp-content\/uploads\/2015\/12\/France.-Elections-regionales-France-2015-720x480.jpg\",\"contentUrl\":\"https:\/\/www.pressenza.com\/wp-content\/uploads\/2015\/12\/France.-Elections-regionales-France-2015-720x480.jpg\",\"width\":720,\"height\":480},{\"@type\":\"BreadcrumbList\",\"@id\":\"https:\/\/www.pressenza.com\/fr\/2015\/12\/les-elections-regionales-les-guignols-font-leur-show\/#breadcrumb\",\"itemListElement\":[{\"@type\":\"ListItem\",\"position\":1,\"name\":\"Accueil\",\"item\":\"https:\/\/www.pressenza.com\/fr\/\"},{\"@type\":\"ListItem\",\"position\":2,\"name\":\"Les \u00e9lections r\u00e9gionales : les guignols font leur show\"}]},{\"@type\":\"WebSite\",\"@id\":\"https:\/\/www.pressenza.com\/fr\/#website\",\"url\":\"https:\/\/www.pressenza.com\/fr\/\",\"name\":\"Pressenza\",\"description\":\"International Press Agency\",\"publisher\":{\"@id\":\"https:\/\/www.pressenza.com\/fr\/#organization\"},\"potentialAction\":[{\"@type\":\"SearchAction\",\"target\":{\"@type\":\"EntryPoint\",\"urlTemplate\":\"https:\/\/www.pressenza.com\/fr\/?s={search_term_string}\"},\"query-input\":{\"@type\":\"PropertyValueSpecification\",\"valueRequired\":true,\"valueName\":\"search_term_string\"}}],\"inLanguage\":\"fr-FR\"},{\"@type\":\"Organization\",\"@id\":\"https:\/\/www.pressenza.com\/fr\/#organization\",\"name\":\"Pressenza\",\"url\":\"https:\/\/www.pressenza.com\/fr\/\",\"logo\":{\"@type\":\"ImageObject\",\"inLanguage\":\"fr-FR\",\"@id\":\"https:\/\/www.pressenza.com\/fr\/#\/schema\/logo\/image\/\",\"url\":\"https:\/\/www.pressenza.com\/wp-content\/uploads\/2022\/10\/pressenza_logo_200x200.jpg\",\"contentUrl\":\"https:\/\/www.pressenza.com\/wp-content\/uploads\/2022\/10\/pressenza_logo_200x200.jpg\",\"width\":200,\"height\":200,\"caption\":\"Pressenza\"},\"image\":{\"@id\":\"https:\/\/www.pressenza.com\/fr\/#\/schema\/logo\/image\/\"},\"sameAs\":[\"https:\/\/www.facebook.com\/PressenzaItalia\",\"https:\/\/x.com\/PressenzaIPA\"]},{\"@type\":\"Person\",\"@id\":\"https:\/\/www.pressenza.com\/fr\/#\/schema\/person\/43ae398d7a70c84b65a3b895830bde1b\",\"name\":\"Parti Humaniste France\",\"description\":\"Cr\u00e9\u00e9 en 1984 simultan\u00e9ment dans de nombreux de pays, le Parti Humaniste est l'expression politique d'un nouveau courant de pens\u00e9e : le nouvel humanisme ou humanisme universaliste\",\"sameAs\":[\"https:\/\/www.parti-humaniste-france.org\/presentation\/index.html\"],\"url\":\"https:\/\/www.pressenza.com\/fr\/author\/parti-humaniste-france\/\"}]}<\/script>\n<!-- \/ Yoast SEO plugin. -->","yoast_head_json":{"title":"Les \u00e9lections r\u00e9gionales : les guignols font leur show","description":"Ces \u00e9lections r\u00e9gionales mettent en \u00e9vidence ce qu\u2019est devenu le paysage politique de la France\u00a0: d\u2019un c\u00f4t\u00e9, le front \u00ab\u00a0r\u00e9publicain\u00a0\u00bb gangr\u00e9n\u00e9 par le","robots":{"index":"index","follow":"follow","max-snippet":"max-snippet:-1","max-image-preview":"max-image-preview:large","max-video-preview":"max-video-preview:-1"},"canonical":"https:\/\/www.pressenza.com\/fr\/2015\/12\/les-elections-regionales-les-guignols-font-leur-show\/","og_locale":"fr_FR","og_type":"article","og_title":"Les \u00e9lections r\u00e9gionales : les guignols font leur show","og_description":"Ces \u00e9lections r\u00e9gionales mettent en \u00e9vidence ce qu\u2019est devenu le paysage politique de la France\u00a0: d\u2019un c\u00f4t\u00e9, le front \u00ab\u00a0r\u00e9publicain\u00a0\u00bb gangr\u00e9n\u00e9 par le","og_url":"https:\/\/www.pressenza.com\/fr\/2015\/12\/les-elections-regionales-les-guignols-font-leur-show\/","og_site_name":"Pressenza","article_publisher":"https:\/\/www.facebook.com\/PressenzaItalia","article_published_time":"2015-12-14T22:45:17+00:00","article_modified_time":"2015-12-15T00:15:56+00:00","og_image":[{"width":720,"height":480,"url":"https:\/\/www.pressenza.com\/wp-content\/uploads\/2015\/12\/France.-Elections-regionales-France-2015-720x480.jpg","type":"image\/jpeg"}],"author":"Parti Humaniste France","twitter_card":"summary_large_image","twitter_creator":"@PressenzaIPA","twitter_site":"@PressenzaIPA","twitter_misc":{"\u00c9crit par":"Parti Humaniste France","Dur\u00e9e de lecture estim\u00e9e":"1 minute"},"schema":{"@context":"https:\/\/schema.org","@graph":[{"@type":"Article","@id":"https:\/\/www.pressenza.com\/fr\/2015\/12\/les-elections-regionales-les-guignols-font-leur-show\/#article","isPartOf":{"@id":"https:\/\/www.pressenza.com\/fr\/2015\/12\/les-elections-regionales-les-guignols-font-leur-show\/"},"author":{"name":"Parti Humaniste France","@id":"https:\/\/www.pressenza.com\/fr\/#\/schema\/person\/43ae398d7a70c84b65a3b895830bde1b"},"headline":"Les \u00e9lections r\u00e9gionales : les guignols font leur show","datePublished":"2015-12-14T22:45:17+00:00","dateModified":"2015-12-15T00:15:56+00:00","mainEntityOfPage":{"@id":"https:\/\/www.pressenza.com\/fr\/2015\/12\/les-elections-regionales-les-guignols-font-leur-show\/"},"wordCount":281,"publisher":{"@id":"https:\/\/www.pressenza.com\/fr\/#organization"},"image":{"@id":"https:\/\/www.pressenza.com\/fr\/2015\/12\/les-elections-regionales-les-guignols-font-leur-show\/#primaryimage"},"thumbnailUrl":"https:\/\/www.pressenza.com\/wp-content\/uploads\/2015\/12\/France.-Elections-regionales-France-2015-720x480.jpg","keywords":["\u00e9lections France 2015"],"articleSection":["Communiqu\u00e9s de Presse","Europe","Politique"],"inLanguage":"fr-FR"},{"@type":"WebPage","@id":"https:\/\/www.pressenza.com\/fr\/2015\/12\/les-elections-regionales-les-guignols-font-leur-show\/","url":"https:\/\/www.pressenza.com\/fr\/2015\/12\/les-elections-regionales-les-guignols-font-leur-show\/","name":"Les \u00e9lections r\u00e9gionales : les guignols font leur show","isPartOf":{"@id":"https:\/\/www.pressenza.com\/fr\/#website"},"primaryImageOfPage":{"@id":"https:\/\/www.pressenza.com\/fr\/2015\/12\/les-elections-regionales-les-guignols-font-leur-show\/#primaryimage"},"image":{"@id":"https:\/\/www.pressenza.com\/fr\/2015\/12\/les-elections-regionales-les-guignols-font-leur-show\/#primaryimage"},"thumbnailUrl":"https:\/\/www.pressenza.com\/wp-content\/uploads\/2015\/12\/France.-Elections-regionales-France-2015-720x480.jpg","datePublished":"2015-12-14T22:45:17+00:00","dateModified":"2015-12-15T00:15:56+00:00","description":"Ces \u00e9lections r\u00e9gionales mettent en \u00e9vidence ce qu\u2019est devenu le paysage politique de la France\u00a0: d\u2019un c\u00f4t\u00e9, le front \u00ab\u00a0r\u00e9publicain\u00a0\u00bb gangr\u00e9n\u00e9 par le","breadcrumb":{"@id":"https:\/\/www.pressenza.com\/fr\/2015\/12\/les-elections-regionales-les-guignols-font-leur-show\/#breadcrumb"},"inLanguage":"fr-FR","potentialAction":[{"@type":"ReadAction","target":["https:\/\/www.pressenza.com\/fr\/2015\/12\/les-elections-regionales-les-guignols-font-leur-show\/"]}]},{"@type":"ImageObject","inLanguage":"fr-FR","@id":"https:\/\/www.pressenza.com\/fr\/2015\/12\/les-elections-regionales-les-guignols-font-leur-show\/#primaryimage","url":"https:\/\/www.pressenza.com\/wp-content\/uploads\/2015\/12\/France.-Elections-regionales-France-2015-720x480.jpg","contentUrl":"https:\/\/www.pressenza.com\/wp-content\/uploads\/2015\/12\/France.-Elections-regionales-France-2015-720x480.jpg","width":720,"height":480},{"@type":"BreadcrumbList","@id":"https:\/\/www.pressenza.com\/fr\/2015\/12\/les-elections-regionales-les-guignols-font-leur-show\/#breadcrumb","itemListElement":[{"@type":"ListItem","position":1,"name":"Accueil","item":"https:\/\/www.pressenza.com\/fr\/"},{"@type":"ListItem","position":2,"name":"Les \u00e9lections r\u00e9gionales : les guignols font leur show"}]},{"@type":"WebSite","@id":"https:\/\/www.pressenza.com\/fr\/#website","url":"https:\/\/www.pressenza.com\/fr\/","name":"Pressenza","description":"International Press Agency","publisher":{"@id":"https:\/\/www.pressenza.com\/fr\/#organization"},"potentialAction":[{"@type":"SearchAction","target":{"@type":"EntryPoint","urlTemplate":"https:\/\/www.pressenza.com\/fr\/?s={search_term_string}"},"query-input":{"@type":"PropertyValueSpecification","valueRequired":true,"valueName":"search_term_string"}}],"inLanguage":"fr-FR"},{"@type":"Organization","@id":"https:\/\/www.pressenza.com\/fr\/#organization","name":"Pressenza","url":"https:\/\/www.pressenza.com\/fr\/","logo":{"@type":"ImageObject","inLanguage":"fr-FR","@id":"https:\/\/www.pressenza.com\/fr\/#\/schema\/logo\/image\/","url":"https:\/\/www.pressenza.com\/wp-content\/uploads\/2022\/10\/pressenza_logo_200x200.jpg","contentUrl":"https:\/\/www.pressenza.com\/wp-content\/uploads\/2022\/10\/pressenza_logo_200x200.jpg","width":200,"height":200,"caption":"Pressenza"},"image":{"@id":"https:\/\/www.pressenza.com\/fr\/#\/schema\/logo\/image\/"},"sameAs":["https:\/\/www.facebook.com\/PressenzaItalia","https:\/\/x.com\/PressenzaIPA"]},{"@type":"Person","@id":"https:\/\/www.pressenza.com\/fr\/#\/schema\/person\/43ae398d7a70c84b65a3b895830bde1b","name":"Parti Humaniste France","description":"Cr\u00e9\u00e9 en 1984 simultan\u00e9ment dans de nombreux de pays, le Parti Humaniste est l'expression politique d'un nouveau courant de pens\u00e9e : le nouvel humanisme ou humanisme universaliste","sameAs":["https:\/\/www.parti-humaniste-france.org\/presentation\/index.html"],"url":"https:\/\/www.pressenza.com\/fr\/author\/parti-humaniste-france\/"}]}},"place":"","original_article_url":"","_links":{"self":[{"href":"https:\/\/www.pressenza.com\/fr\/wp-json\/wp\/v2\/posts\/257918","targetHints":{"allow":["GET"]}}],"collection":[{"href":"https:\/\/www.pressenza.com\/fr\/wp-json\/wp\/v2\/posts"}],"about":[{"href":"https:\/\/www.pressenza.com\/fr\/wp-json\/wp\/v2\/types\/post"}],"author":[{"embeddable":true,"href":"https:\/\/www.pressenza.com\/fr\/wp-json\/wp\/v2\/users\/1131"}],"replies":[{"embeddable":true,"href":"https:\/\/www.pressenza.com\/fr\/wp-json\/wp\/v2\/comments?post=257918"}],"version-history":[{"count":0,"href":"https:\/\/www.pressenza.com\/fr\/wp-json\/wp\/v2\/posts\/257918\/revisions"}],"wp:featuredmedia":[{"embeddable":true,"href":"https:\/\/www.pressenza.com\/fr\/wp-json\/wp\/v2\/media\/257919"}],"wp:attachment":[{"href":"https:\/\/www.pressenza.com\/fr\/wp-json\/wp\/v2\/media?parent=257918"}],"wp:term":[{"taxonomy":"category","embeddable":true,"href":"https:\/\/www.pressenza.com\/fr\/wp-json\/wp\/v2\/categories?post=257918"},{"taxonomy":"post_tag","embeddable":true,"href":"https:\/\/www.pressenza.com\/fr\/wp-json\/wp\/v2\/tags?post=257918"}],"curies":[{"name":"wp","href":"https:\/\/api.w.org\/{rel}","templated":true}]}}