{"id":2575957,"date":"2025-01-13T01:43:22","date_gmt":"2025-01-13T01:43:22","guid":{"rendered":"https:\/\/www.pressenza.com\/?p=2575957"},"modified":"2025-01-13T01:43:22","modified_gmt":"2025-01-13T01:43:22","slug":"9-ans-apres-son-emprisonnement-la-demande-de-liberation-de-milagro-sala-se-poursuit-en-argentine","status":"publish","type":"post","link":"https:\/\/www.pressenza.com\/fr\/2025\/01\/9-ans-apres-son-emprisonnement-la-demande-de-liberation-de-milagro-sala-se-poursuit-en-argentine\/","title":{"rendered":"9 ans apr\u00e8s son emprisonnement, la demande de lib\u00e9ration de Milagro Sala se poursuit en Argentine"},"content":{"rendered":"<p><strong>Neuf ans d&#8217;emprisonnement<\/strong><\/p>\n<p><strong>Libert\u00e9 pour Milagro Sala<\/strong><\/p>\n<p>Le 16 janvier 2016, la dirigeante sociale Milagro Sala a \u00e9t\u00e9 d\u00e9tenue arbitrairement. La d\u00e9tention de Milagro a \u00e9t\u00e9 orchestr\u00e9e par le gouverneur de l&rsquo;\u00e9poque, Gerardo Morales, et son partenaire, l&rsquo;ancien pr\u00e9sident Mauricio Macri. Malgr\u00e9 le nombre de dossiers ouverts contre elle et les condamnations truqu\u00e9es, un seul crime peut \u00eatre attribu\u00e9 \u00e0 Milagro : avoir d\u00e9montr\u00e9 qu&rsquo;en travaillant en communaut\u00e9, en solidarit\u00e9 et en d\u00e9mocratie, dans le but d&rsquo;am\u00e9liorer la vie des plus vuln\u00e9rables, il est possible de changer la soci\u00e9t\u00e9 injuste dans laquelle nous vivons.<\/p>\n<p>L&rsquo;organisation de quartier Tupac Amar\u00fa, fond\u00e9e et dirig\u00e9e par Milagro Sala, agissant dans la province de Jujuy, en Argentine, a d\u00e9velopp\u00e9 : 600 soupes populaires, 16 \u00e9coles, 23 institutions sportives, 13 centres de sant\u00e9, 2 centres de r\u00e9habilitation, 8500 mille maisons, 26 usines, donnant du travail \u00e0 4500 personnes, principalement des m\u00e8res chefs de famille.<\/p>\n<p>Sans but lucratif et avec l&rsquo;amour des autres pour \u00e9tendard, Milagro Sala et l&rsquo;organisation Tupac Amar\u00fa ont trac\u00e9 un chemin \u00e0 suivre dans la province de Jujuy et dans la R\u00e9publique d&rsquo;Argentine.<\/p>\n<p>Au moment de son arrestation, nous avons d\u00e9nonc\u00e9 qu&rsquo;avec son emprisonnement, sa pers\u00e9cution et la destruction de son organisation, les puissants d&rsquo;Argentine initiaient un laboratoire \u00e0 appliquer \u00e0 tous ceux qui osent r\u00e9sister et s&rsquo;organiser pour construire une soci\u00e9t\u00e9 juste et solidaire.<\/p>\n<p>Le gouvernement actuel de Javier Milei doit faire face \u00e0 la r\u00e9sistance et \u00e0 la r\u00e9pudiation populaire pour l&rsquo;ajustement \u00e9conomique brutal sur les retrait\u00e9s, les travailleurs formels et informels, les \u00e9tudiants et les organisations sociales, le d\u00e9mant\u00e8lement des institutions de protection des droits humains et l&rsquo;abolition des politiques visant \u00e0 montrer et \u00e0 condamner le g\u00e9nocide de la dictature militaire qui a commenc\u00e9 en 1976, avec une r\u00e9pression qui bat, emprisonne et assassine.<\/p>\n<p>Le laboratoire qui a commenc\u00e9 avec Milagro et Tupac Amar\u00fa \u00e0 Jujuy a \u00e9t\u00e9 d\u00e9velopp\u00e9 et \u00e9tendu \u00e0 tout le pays.<\/p>\n<p>Une fois de plus, le R\u00e9seau international pour la libert\u00e9 de Milagro Sala, compos\u00e9 de citoyens d&rsquo;Argentine, du Br\u00e9sil, du Canada, d&rsquo;Espagne, des \u00c9tats-Unis, de Finlande, de France, d&rsquo;Italie, du Royaume-Uni, de Su\u00e8de et de Suisse, lance un appel en faveur de la libert\u00e9 de Milagro Sala et de tous les prisonniers politiques de la R\u00e9publique argentine.<\/p>\n","protected":false},"excerpt":{"rendered":"<p>Neuf ans d&#8217;emprisonnement Libert\u00e9 pour Milagro Sala Le 16 janvier 2016, la dirigeante sociale Milagro Sala a \u00e9t\u00e9 d\u00e9tenue arbitrairement. La d\u00e9tention de Milagro a \u00e9t\u00e9 orchestr\u00e9e par le gouverneur de l&rsquo;\u00e9poque, Gerardo Morales, et son partenaire, l&rsquo;ancien pr\u00e9sident Mauricio&hellip;<\/p>\n","protected":false},"author":87,"featured_media":2575964,"comment_status":"closed","ping_status":"closed","sticky":false,"template":"","format":"standard","meta":{"footnotes":""},"categories":[86,151,98,99,93],"tags":[1180,56699,131187,27500,28948,131188,35625],"class_list":["post-2575957","post","type-post","status-publish","format-standard","has-post-thumbnail","hentry","category-amerique-du-sud","category-communique-de-presse","category-droits-de-lhomme","category-peuples-autochtones","category-politique","tag-argentine","tag-jujuy-fr","tag-liberte-pour-milagro-sala","tag-milagro-sala-fr","tag-prisonniers-politiques","tag-reseau-international-pour-la-liberte-de-milagro-sala","tag-tupac-amaru-fr"],"yoast_head":"<!-- This site is optimized with the Yoast SEO plugin v27.1.1 - https:\/\/yoast.com\/product\/yoast-seo-wordpress\/ -->\n<title>9 ans apr\u00e8s son emprisonnement, la demande de lib\u00e9ration de Milagro Sala se poursuit en Argentine<\/title>\n<meta name=\"description\" content=\"Neuf ans d&#039;emprisonnement Libert\u00e9 pour Milagro Sala Le 16 janvier 2016, la dirigeante sociale Milagro Sala a \u00e9t\u00e9 d\u00e9tenue arbitrairement. La d\u00e9tention de\" \/>\n<meta name=\"robots\" content=\"index, follow, max-snippet:-1, max-image-preview:large, max-video-preview:-1\" \/>\n<link rel=\"canonical\" href=\"https:\/\/www.pressenza.com\/fr\/2025\/01\/9-ans-apres-son-emprisonnement-la-demande-de-liberation-de-milagro-sala-se-poursuit-en-argentine\/\" \/>\n<meta property=\"og:locale\" content=\"fr_FR\" \/>\n<meta property=\"og:type\" content=\"article\" \/>\n<meta property=\"og:title\" content=\"9 ans apr\u00e8s son emprisonnement, la demande de lib\u00e9ration de Milagro Sala se poursuit en Argentine\" \/>\n<meta property=\"og:description\" content=\"Neuf ans d&#039;emprisonnement Libert\u00e9 pour Milagro Sala Le 16 janvier 2016, la dirigeante sociale Milagro Sala a \u00e9t\u00e9 d\u00e9tenue arbitrairement. La d\u00e9tention de\" \/>\n<meta property=\"og:url\" content=\"https:\/\/www.pressenza.com\/fr\/2025\/01\/9-ans-apres-son-emprisonnement-la-demande-de-liberation-de-milagro-sala-se-poursuit-en-argentine\/\" \/>\n<meta property=\"og:site_name\" content=\"Pressenza\" \/>\n<meta property=\"article:publisher\" content=\"https:\/\/www.facebook.com\/PressenzaItalia\" \/>\n<meta property=\"article:published_time\" content=\"2025-01-13T01:43:22+00:00\" \/>\n<meta property=\"og:image\" content=\"https:\/\/www.pressenza.com\/wp-content\/uploads\/2025\/01\/milagro-presa.jpg\" \/>\n\t<meta property=\"og:image:width\" content=\"480\" \/>\n\t<meta property=\"og:image:height\" content=\"491\" \/>\n\t<meta property=\"og:image:type\" content=\"image\/jpeg\" \/>\n<meta name=\"author\" content=\"Redacci\u00f3n Argentina\" \/>\n<meta name=\"twitter:card\" content=\"summary_large_image\" \/>\n<meta name=\"twitter:creator\" content=\"@pressenza\" \/>\n<meta name=\"twitter:site\" content=\"@PressenzaIPA\" \/>\n<meta name=\"twitter:label1\" content=\"\u00c9crit par\" \/>\n\t<meta name=\"twitter:data1\" content=\"Redacci\u00f3n Argentina\" \/>\n\t<meta name=\"twitter:label2\" content=\"Dur\u00e9e de lecture estim\u00e9e\" \/>\n\t<meta name=\"twitter:data2\" content=\"2 minutes\" \/>\n<script type=\"application\/ld+json\" class=\"yoast-schema-graph\">{\"@context\":\"https:\/\/schema.org\",\"@graph\":[{\"@type\":\"Article\",\"@id\":\"https:\/\/www.pressenza.com\/fr\/2025\/01\/9-ans-apres-son-emprisonnement-la-demande-de-liberation-de-milagro-sala-se-poursuit-en-argentine\/#article\",\"isPartOf\":{\"@id\":\"https:\/\/www.pressenza.com\/fr\/2025\/01\/9-ans-apres-son-emprisonnement-la-demande-de-liberation-de-milagro-sala-se-poursuit-en-argentine\/\"},\"author\":{\"name\":\"Redacci\u00f3n Argentina\",\"@id\":\"https:\/\/www.pressenza.com\/fr\/#\/schema\/person\/0dda7d1b68267ad95b1e1d83abc98c89\"},\"headline\":\"9 ans apr\u00e8s son emprisonnement, la demande de lib\u00e9ration de Milagro Sala se poursuit en Argentine\",\"datePublished\":\"2025-01-13T01:43:22+00:00\",\"mainEntityOfPage\":{\"@id\":\"https:\/\/www.pressenza.com\/fr\/2025\/01\/9-ans-apres-son-emprisonnement-la-demande-de-liberation-de-milagro-sala-se-poursuit-en-argentine\/\"},\"wordCount\":416,\"publisher\":{\"@id\":\"https:\/\/www.pressenza.com\/fr\/#organization\"},\"image\":{\"@id\":\"https:\/\/www.pressenza.com\/fr\/2025\/01\/9-ans-apres-son-emprisonnement-la-demande-de-liberation-de-milagro-sala-se-poursuit-en-argentine\/#primaryimage\"},\"thumbnailUrl\":\"https:\/\/www.pressenza.com\/wp-content\/uploads\/2025\/01\/milagro-presa.jpg\",\"keywords\":[\"Argentine\",\"Jujuy\",\"Libert\u00e9 pour Milagro Sala\",\"Milagro Sala\",\"prisonniers politiques\",\"R\u00e9seau international pour la libert\u00e9 de Milagro Sala\",\"Tupac Amaru\"],\"articleSection\":[\"Am\u00e9rique du Sud\",\"Communiqu\u00e9s de Presse\",\"Droits humains\",\"Peuples originaires\",\"Politique\"],\"inLanguage\":\"fr-FR\"},{\"@type\":\"WebPage\",\"@id\":\"https:\/\/www.pressenza.com\/fr\/2025\/01\/9-ans-apres-son-emprisonnement-la-demande-de-liberation-de-milagro-sala-se-poursuit-en-argentine\/\",\"url\":\"https:\/\/www.pressenza.com\/fr\/2025\/01\/9-ans-apres-son-emprisonnement-la-demande-de-liberation-de-milagro-sala-se-poursuit-en-argentine\/\",\"name\":\"9 ans apr\u00e8s son emprisonnement, la demande de lib\u00e9ration de Milagro Sala se poursuit en Argentine\",\"isPartOf\":{\"@id\":\"https:\/\/www.pressenza.com\/fr\/#website\"},\"primaryImageOfPage\":{\"@id\":\"https:\/\/www.pressenza.com\/fr\/2025\/01\/9-ans-apres-son-emprisonnement-la-demande-de-liberation-de-milagro-sala-se-poursuit-en-argentine\/#primaryimage\"},\"image\":{\"@id\":\"https:\/\/www.pressenza.com\/fr\/2025\/01\/9-ans-apres-son-emprisonnement-la-demande-de-liberation-de-milagro-sala-se-poursuit-en-argentine\/#primaryimage\"},\"thumbnailUrl\":\"https:\/\/www.pressenza.com\/wp-content\/uploads\/2025\/01\/milagro-presa.jpg\",\"datePublished\":\"2025-01-13T01:43:22+00:00\",\"description\":\"Neuf ans d'emprisonnement Libert\u00e9 pour Milagro Sala Le 16 janvier 2016, la dirigeante sociale Milagro Sala a \u00e9t\u00e9 d\u00e9tenue arbitrairement. La d\u00e9tention de\",\"breadcrumb\":{\"@id\":\"https:\/\/www.pressenza.com\/fr\/2025\/01\/9-ans-apres-son-emprisonnement-la-demande-de-liberation-de-milagro-sala-se-poursuit-en-argentine\/#breadcrumb\"},\"inLanguage\":\"fr-FR\",\"potentialAction\":[{\"@type\":\"ReadAction\",\"target\":[\"https:\/\/www.pressenza.com\/fr\/2025\/01\/9-ans-apres-son-emprisonnement-la-demande-de-liberation-de-milagro-sala-se-poursuit-en-argentine\/\"]}]},{\"@type\":\"ImageObject\",\"inLanguage\":\"fr-FR\",\"@id\":\"https:\/\/www.pressenza.com\/fr\/2025\/01\/9-ans-apres-son-emprisonnement-la-demande-de-liberation-de-milagro-sala-se-poursuit-en-argentine\/#primaryimage\",\"url\":\"https:\/\/www.pressenza.com\/wp-content\/uploads\/2025\/01\/milagro-presa.jpg\",\"contentUrl\":\"https:\/\/www.pressenza.com\/wp-content\/uploads\/2025\/01\/milagro-presa.jpg\",\"width\":480,\"height\":491},{\"@type\":\"BreadcrumbList\",\"@id\":\"https:\/\/www.pressenza.com\/fr\/2025\/01\/9-ans-apres-son-emprisonnement-la-demande-de-liberation-de-milagro-sala-se-poursuit-en-argentine\/#breadcrumb\",\"itemListElement\":[{\"@type\":\"ListItem\",\"position\":1,\"name\":\"Accueil\",\"item\":\"https:\/\/www.pressenza.com\/fr\/\"},{\"@type\":\"ListItem\",\"position\":2,\"name\":\"9 ans apr\u00e8s son emprisonnement, la demande de lib\u00e9ration de Milagro Sala se poursuit en Argentine\"}]},{\"@type\":\"WebSite\",\"@id\":\"https:\/\/www.pressenza.com\/fr\/#website\",\"url\":\"https:\/\/www.pressenza.com\/fr\/\",\"name\":\"Pressenza\",\"description\":\"International Press Agency\",\"publisher\":{\"@id\":\"https:\/\/www.pressenza.com\/fr\/#organization\"},\"potentialAction\":[{\"@type\":\"SearchAction\",\"target\":{\"@type\":\"EntryPoint\",\"urlTemplate\":\"https:\/\/www.pressenza.com\/fr\/?s={search_term_string}\"},\"query-input\":{\"@type\":\"PropertyValueSpecification\",\"valueRequired\":true,\"valueName\":\"search_term_string\"}}],\"inLanguage\":\"fr-FR\"},{\"@type\":\"Organization\",\"@id\":\"https:\/\/www.pressenza.com\/fr\/#organization\",\"name\":\"Pressenza\",\"url\":\"https:\/\/www.pressenza.com\/fr\/\",\"logo\":{\"@type\":\"ImageObject\",\"inLanguage\":\"fr-FR\",\"@id\":\"https:\/\/www.pressenza.com\/fr\/#\/schema\/logo\/image\/\",\"url\":\"https:\/\/www.pressenza.com\/wp-content\/uploads\/2022\/10\/pressenza_logo_200x200.jpg\",\"contentUrl\":\"https:\/\/www.pressenza.com\/wp-content\/uploads\/2022\/10\/pressenza_logo_200x200.jpg\",\"width\":200,\"height\":200,\"caption\":\"Pressenza\"},\"image\":{\"@id\":\"https:\/\/www.pressenza.com\/fr\/#\/schema\/logo\/image\/\"},\"sameAs\":[\"https:\/\/www.facebook.com\/PressenzaItalia\",\"https:\/\/x.com\/PressenzaIPA\"]},{\"@type\":\"Person\",\"@id\":\"https:\/\/www.pressenza.com\/fr\/#\/schema\/person\/0dda7d1b68267ad95b1e1d83abc98c89\",\"name\":\"Redacci\u00f3n Argentina\",\"description\":\"News from the Pressenza Bureau in Argentina.\",\"sameAs\":[\"https:\/\/x.com\/pressenza\"],\"url\":\"https:\/\/www.pressenza.com\/fr\/author\/redaccion-argentina\/\"}]}<\/script>\n<!-- \/ Yoast SEO plugin. -->","yoast_head_json":{"title":"9 ans apr\u00e8s son emprisonnement, la demande de lib\u00e9ration de Milagro Sala se poursuit en Argentine","description":"Neuf ans d'emprisonnement Libert\u00e9 pour Milagro Sala Le 16 janvier 2016, la dirigeante sociale Milagro Sala a \u00e9t\u00e9 d\u00e9tenue arbitrairement. La d\u00e9tention de","robots":{"index":"index","follow":"follow","max-snippet":"max-snippet:-1","max-image-preview":"max-image-preview:large","max-video-preview":"max-video-preview:-1"},"canonical":"https:\/\/www.pressenza.com\/fr\/2025\/01\/9-ans-apres-son-emprisonnement-la-demande-de-liberation-de-milagro-sala-se-poursuit-en-argentine\/","og_locale":"fr_FR","og_type":"article","og_title":"9 ans apr\u00e8s son emprisonnement, la demande de lib\u00e9ration de Milagro Sala se poursuit en Argentine","og_description":"Neuf ans d'emprisonnement Libert\u00e9 pour Milagro Sala Le 16 janvier 2016, la dirigeante sociale Milagro Sala a \u00e9t\u00e9 d\u00e9tenue arbitrairement. La d\u00e9tention de","og_url":"https:\/\/www.pressenza.com\/fr\/2025\/01\/9-ans-apres-son-emprisonnement-la-demande-de-liberation-de-milagro-sala-se-poursuit-en-argentine\/","og_site_name":"Pressenza","article_publisher":"https:\/\/www.facebook.com\/PressenzaItalia","article_published_time":"2025-01-13T01:43:22+00:00","og_image":[{"width":480,"height":491,"url":"https:\/\/www.pressenza.com\/wp-content\/uploads\/2025\/01\/milagro-presa.jpg","type":"image\/jpeg"}],"author":"Redacci\u00f3n Argentina","twitter_card":"summary_large_image","twitter_creator":"@pressenza","twitter_site":"@PressenzaIPA","twitter_misc":{"\u00c9crit par":"Redacci\u00f3n Argentina","Dur\u00e9e de lecture estim\u00e9e":"2 minutes"},"schema":{"@context":"https:\/\/schema.org","@graph":[{"@type":"Article","@id":"https:\/\/www.pressenza.com\/fr\/2025\/01\/9-ans-apres-son-emprisonnement-la-demande-de-liberation-de-milagro-sala-se-poursuit-en-argentine\/#article","isPartOf":{"@id":"https:\/\/www.pressenza.com\/fr\/2025\/01\/9-ans-apres-son-emprisonnement-la-demande-de-liberation-de-milagro-sala-se-poursuit-en-argentine\/"},"author":{"name":"Redacci\u00f3n Argentina","@id":"https:\/\/www.pressenza.com\/fr\/#\/schema\/person\/0dda7d1b68267ad95b1e1d83abc98c89"},"headline":"9 ans apr\u00e8s son emprisonnement, la demande de lib\u00e9ration de Milagro Sala se poursuit en Argentine","datePublished":"2025-01-13T01:43:22+00:00","mainEntityOfPage":{"@id":"https:\/\/www.pressenza.com\/fr\/2025\/01\/9-ans-apres-son-emprisonnement-la-demande-de-liberation-de-milagro-sala-se-poursuit-en-argentine\/"},"wordCount":416,"publisher":{"@id":"https:\/\/www.pressenza.com\/fr\/#organization"},"image":{"@id":"https:\/\/www.pressenza.com\/fr\/2025\/01\/9-ans-apres-son-emprisonnement-la-demande-de-liberation-de-milagro-sala-se-poursuit-en-argentine\/#primaryimage"},"thumbnailUrl":"https:\/\/www.pressenza.com\/wp-content\/uploads\/2025\/01\/milagro-presa.jpg","keywords":["Argentine","Jujuy","Libert\u00e9 pour Milagro Sala","Milagro Sala","prisonniers politiques","R\u00e9seau international pour la libert\u00e9 de Milagro Sala","Tupac Amaru"],"articleSection":["Am\u00e9rique du Sud","Communiqu\u00e9s de Presse","Droits humains","Peuples originaires","Politique"],"inLanguage":"fr-FR"},{"@type":"WebPage","@id":"https:\/\/www.pressenza.com\/fr\/2025\/01\/9-ans-apres-son-emprisonnement-la-demande-de-liberation-de-milagro-sala-se-poursuit-en-argentine\/","url":"https:\/\/www.pressenza.com\/fr\/2025\/01\/9-ans-apres-son-emprisonnement-la-demande-de-liberation-de-milagro-sala-se-poursuit-en-argentine\/","name":"9 ans apr\u00e8s son emprisonnement, la demande de lib\u00e9ration de Milagro Sala se poursuit en Argentine","isPartOf":{"@id":"https:\/\/www.pressenza.com\/fr\/#website"},"primaryImageOfPage":{"@id":"https:\/\/www.pressenza.com\/fr\/2025\/01\/9-ans-apres-son-emprisonnement-la-demande-de-liberation-de-milagro-sala-se-poursuit-en-argentine\/#primaryimage"},"image":{"@id":"https:\/\/www.pressenza.com\/fr\/2025\/01\/9-ans-apres-son-emprisonnement-la-demande-de-liberation-de-milagro-sala-se-poursuit-en-argentine\/#primaryimage"},"thumbnailUrl":"https:\/\/www.pressenza.com\/wp-content\/uploads\/2025\/01\/milagro-presa.jpg","datePublished":"2025-01-13T01:43:22+00:00","description":"Neuf ans d'emprisonnement Libert\u00e9 pour Milagro Sala Le 16 janvier 2016, la dirigeante sociale Milagro Sala a \u00e9t\u00e9 d\u00e9tenue arbitrairement. La d\u00e9tention de","breadcrumb":{"@id":"https:\/\/www.pressenza.com\/fr\/2025\/01\/9-ans-apres-son-emprisonnement-la-demande-de-liberation-de-milagro-sala-se-poursuit-en-argentine\/#breadcrumb"},"inLanguage":"fr-FR","potentialAction":[{"@type":"ReadAction","target":["https:\/\/www.pressenza.com\/fr\/2025\/01\/9-ans-apres-son-emprisonnement-la-demande-de-liberation-de-milagro-sala-se-poursuit-en-argentine\/"]}]},{"@type":"ImageObject","inLanguage":"fr-FR","@id":"https:\/\/www.pressenza.com\/fr\/2025\/01\/9-ans-apres-son-emprisonnement-la-demande-de-liberation-de-milagro-sala-se-poursuit-en-argentine\/#primaryimage","url":"https:\/\/www.pressenza.com\/wp-content\/uploads\/2025\/01\/milagro-presa.jpg","contentUrl":"https:\/\/www.pressenza.com\/wp-content\/uploads\/2025\/01\/milagro-presa.jpg","width":480,"height":491},{"@type":"BreadcrumbList","@id":"https:\/\/www.pressenza.com\/fr\/2025\/01\/9-ans-apres-son-emprisonnement-la-demande-de-liberation-de-milagro-sala-se-poursuit-en-argentine\/#breadcrumb","itemListElement":[{"@type":"ListItem","position":1,"name":"Accueil","item":"https:\/\/www.pressenza.com\/fr\/"},{"@type":"ListItem","position":2,"name":"9 ans apr\u00e8s son emprisonnement, la demande de lib\u00e9ration de Milagro Sala se poursuit en Argentine"}]},{"@type":"WebSite","@id":"https:\/\/www.pressenza.com\/fr\/#website","url":"https:\/\/www.pressenza.com\/fr\/","name":"Pressenza","description":"International Press Agency","publisher":{"@id":"https:\/\/www.pressenza.com\/fr\/#organization"},"potentialAction":[{"@type":"SearchAction","target":{"@type":"EntryPoint","urlTemplate":"https:\/\/www.pressenza.com\/fr\/?s={search_term_string}"},"query-input":{"@type":"PropertyValueSpecification","valueRequired":true,"valueName":"search_term_string"}}],"inLanguage":"fr-FR"},{"@type":"Organization","@id":"https:\/\/www.pressenza.com\/fr\/#organization","name":"Pressenza","url":"https:\/\/www.pressenza.com\/fr\/","logo":{"@type":"ImageObject","inLanguage":"fr-FR","@id":"https:\/\/www.pressenza.com\/fr\/#\/schema\/logo\/image\/","url":"https:\/\/www.pressenza.com\/wp-content\/uploads\/2022\/10\/pressenza_logo_200x200.jpg","contentUrl":"https:\/\/www.pressenza.com\/wp-content\/uploads\/2022\/10\/pressenza_logo_200x200.jpg","width":200,"height":200,"caption":"Pressenza"},"image":{"@id":"https:\/\/www.pressenza.com\/fr\/#\/schema\/logo\/image\/"},"sameAs":["https:\/\/www.facebook.com\/PressenzaItalia","https:\/\/x.com\/PressenzaIPA"]},{"@type":"Person","@id":"https:\/\/www.pressenza.com\/fr\/#\/schema\/person\/0dda7d1b68267ad95b1e1d83abc98c89","name":"Redacci\u00f3n Argentina","description":"News from the Pressenza Bureau in Argentina.","sameAs":["https:\/\/x.com\/pressenza"],"url":"https:\/\/www.pressenza.com\/fr\/author\/redaccion-argentina\/"}]}},"place":"San Salvador de Jujuy, Argentine","original_article_url":"","_links":{"self":[{"href":"https:\/\/www.pressenza.com\/fr\/wp-json\/wp\/v2\/posts\/2575957","targetHints":{"allow":["GET"]}}],"collection":[{"href":"https:\/\/www.pressenza.com\/fr\/wp-json\/wp\/v2\/posts"}],"about":[{"href":"https:\/\/www.pressenza.com\/fr\/wp-json\/wp\/v2\/types\/post"}],"author":[{"embeddable":true,"href":"https:\/\/www.pressenza.com\/fr\/wp-json\/wp\/v2\/users\/87"}],"replies":[{"embeddable":true,"href":"https:\/\/www.pressenza.com\/fr\/wp-json\/wp\/v2\/comments?post=2575957"}],"version-history":[{"count":0,"href":"https:\/\/www.pressenza.com\/fr\/wp-json\/wp\/v2\/posts\/2575957\/revisions"}],"wp:featuredmedia":[{"embeddable":true,"href":"https:\/\/www.pressenza.com\/fr\/wp-json\/wp\/v2\/media\/2575964"}],"wp:attachment":[{"href":"https:\/\/www.pressenza.com\/fr\/wp-json\/wp\/v2\/media?parent=2575957"}],"wp:term":[{"taxonomy":"category","embeddable":true,"href":"https:\/\/www.pressenza.com\/fr\/wp-json\/wp\/v2\/categories?post=2575957"},{"taxonomy":"post_tag","embeddable":true,"href":"https:\/\/www.pressenza.com\/fr\/wp-json\/wp\/v2\/tags?post=2575957"}],"curies":[{"name":"wp","href":"https:\/\/api.w.org\/{rel}","templated":true}]}}