{"id":2574426,"date":"2025-01-05T19:42:14","date_gmt":"2025-01-05T19:42:14","guid":{"rendered":"https:\/\/www.pressenza.com\/?p=2574426"},"modified":"2025-01-05T19:45:31","modified_gmt":"2025-01-05T19:45:31","slug":"la-marche-mondiale-se-termine-a-san-jose-au-costa-rica","status":"publish","type":"post","link":"https:\/\/www.pressenza.com\/fr\/2025\/01\/la-marche-mondiale-se-termine-a-san-jose-au-costa-rica\/","title":{"rendered":"La Marche mondiale se termine \u00e0 San Jos\u00e9, au Costa Rica"},"content":{"rendered":"<p>Une journ\u00e9e intense d&rsquo;activit\u00e9s a marqu\u00e9 le retour de la troisi\u00e8me Marche Mondiale pour la Paix et la Non-violence \u00e0 San Jos\u00e9, au Costa Rica, d&rsquo;o\u00f9 elle \u00e9tait partie le 2 octobre de l&rsquo;ann\u00e9e derni\u00e8re.<\/p>\n<p>La journ\u00e9e a \u00e9t\u00e9 con\u00e7ue comme un parcours dans la ville de San Jos\u00e9 avec des promenades, des discours, des inaugurations, des ateliers, des expositions, des chants et des danses, des performances artistiques dans une ambiance joyeuse et festive, avec de nombreux enfants, \u00e9coles, familles, activistes sociaux, enseignants et musiciens accompagnant les membres de l&rsquo;\u00e9quipe centrale de la Marche.<\/p>\n<p>Cette c\u00e9r\u00e9monie de cl\u00f4ture a pu \u00eatre suivie dans le monde entier gr\u00e2ce \u00e0 la diffusion en direct organis\u00e9e par la cha\u00eene <a href=\"https:\/\/www.pressenza.com\/fr\/2025\/01\/en-direct-cloture-de-la-troisieme-marche-mondiale-pour-la-paix-et-la-non-violence-a-san-jose-costa-rica\/\">YouTube de l&rsquo;UNED<\/a>, l&rsquo;Universit\u00e9 nationale \u00e0 distance du Costa Rica, qui s&rsquo;est jointe \u00e0 la Marche et l&rsquo;a id\u00e9alement accompagn\u00e9e tout au long de son parcours.<\/p>\n<p>La Marche mondiale a une fois de plus parcourue tous les continents, traversant quelque 70 pays, malgr\u00e9 de nombreuses difficult\u00e9s, nous rappelant l&rsquo;urgence de la cessation des conflits, du d\u00e9sarmement nucl\u00e9aire, de l&rsquo;\u00e9ducation \u00e0 la non-violence, de la non-discrimination, de la protection de la plan\u00e8te et de la r\u00e9forme de l&rsquo;ONU.<\/p>\n<p>Comme l&rsquo;a rappel\u00e9 Rafael de la Rubia dans son discours, les activit\u00e9s de la Marche se poursuivront apr\u00e8s la date d&rsquo;aujourd&rsquo;hui, 5 janvier 2025, avec un plan d&rsquo;activit\u00e9s intense entre les personnes pr\u00eates \u00e0 d\u00e9velopper la non-violence.<\/p>\n<p>Photos de Federica Fratini<\/p>\n<div class=\"post-gallery\">\n\t\t\t<figure class=\"post-gallery-item\">\n\t\t\t\t<img decoding=\"async\" src=\"https:\/\/www.pressenza.com\/wp-content\/uploads\/2025\/01\/3MM-Costarica-cierre18-820x615.jpg\" loading=\"lazy\">\n\t\t\t\t<figcaption>\n\t\t\t\t\t\n\t\t\t\t<\/figcaption>\n\t\t\t<\/figure>\n\t\t\t<figure class=\"post-gallery-item\">\n\t\t\t\t<img decoding=\"async\" src=\"https:\/\/www.pressenza.com\/wp-content\/uploads\/2025\/01\/3MM-Costarica-cierre17-820x575.jpg\" loading=\"lazy\">\n\t\t\t\t<figcaption>\n\t\t\t\t\t\n\t\t\t\t<\/figcaption>\n\t\t\t<\/figure>\n\t\t\t<figure class=\"post-gallery-item\">\n\t\t\t\t<img decoding=\"async\" src=\"https:\/\/www.pressenza.com\/wp-content\/uploads\/2025\/01\/3MM-Costarica-cierre16-820x615.jpg\" loading=\"lazy\">\n\t\t\t\t<figcaption>\n\t\t\t\t\t\n\t\t\t\t<\/figcaption>\n\t\t\t<\/figure>\n\t\t\t<figure class=\"post-gallery-item\">\n\t\t\t\t<img decoding=\"async\" src=\"https:\/\/www.pressenza.com\/wp-content\/uploads\/2025\/01\/3MM-Costarica-cierre15-820x615.jpg\" loading=\"lazy\">\n\t\t\t\t<figcaption>\n\t\t\t\t\t\n\t\t\t\t<\/figcaption>\n\t\t\t<\/figure>\n\t\t\t<figure class=\"post-gallery-item\">\n\t\t\t\t<img decoding=\"async\" src=\"https:\/\/www.pressenza.com\/wp-content\/uploads\/2025\/01\/3MM-Costarica-cierre14-820x615.jpg\" loading=\"lazy\">\n\t\t\t\t<figcaption>\n\t\t\t\t\t\n\t\t\t\t<\/figcaption>\n\t\t\t<\/figure>\n\t\t\t<figure class=\"post-gallery-item\">\n\t\t\t\t<img decoding=\"async\" src=\"https:\/\/www.pressenza.com\/wp-content\/uploads\/2025\/01\/3MM-Costarica-cierre13-820x615.jpg\" loading=\"lazy\">\n\t\t\t\t<figcaption>\n\t\t\t\t\t\n\t\t\t\t<\/figcaption>\n\t\t\t<\/figure>\n\t\t\t<figure class=\"post-gallery-item\">\n\t\t\t\t<img decoding=\"async\" src=\"https:\/\/www.pressenza.com\/wp-content\/uploads\/2025\/01\/3MM-Costarica-cierre12-820x523.jpg\" loading=\"lazy\">\n\t\t\t\t<figcaption>\n\t\t\t\t\t\n\t\t\t\t<\/figcaption>\n\t\t\t<\/figure>\n\t\t\t<figure class=\"post-gallery-item\">\n\t\t\t\t<img decoding=\"async\" src=\"https:\/\/www.pressenza.com\/wp-content\/uploads\/2025\/01\/3MM-Costarica-cierre11-820x538.jpg\" loading=\"lazy\">\n\t\t\t\t<figcaption>\n\t\t\t\t\t\n\t\t\t\t<\/figcaption>\n\t\t\t<\/figure>\n\t\t\t<figure class=\"post-gallery-item\">\n\t\t\t\t<img decoding=\"async\" src=\"https:\/\/www.pressenza.com\/wp-content\/uploads\/2025\/01\/3MM-Costarica-cierre10-820x615.jpg\" loading=\"lazy\">\n\t\t\t\t<figcaption>\n\t\t\t\t\t\n\t\t\t\t<\/figcaption>\n\t\t\t<\/figure>\n\t\t\t<figure class=\"post-gallery-item\">\n\t\t\t\t<img decoding=\"async\" src=\"https:\/\/www.pressenza.com\/wp-content\/uploads\/2025\/01\/3MM-Costarica-cierre09-820x421.jpg\" loading=\"lazy\">\n\t\t\t\t<figcaption>\n\t\t\t\t\t\n\t\t\t\t<\/figcaption>\n\t\t\t<\/figure>\n\t\t\t<figure class=\"post-gallery-item\">\n\t\t\t\t<img decoding=\"async\" src=\"https:\/\/www.pressenza.com\/wp-content\/uploads\/2025\/01\/3MM-Costarica-cierre08-820x517.jpg\" loading=\"lazy\">\n\t\t\t\t<figcaption>\n\t\t\t\t\t\n\t\t\t\t<\/figcaption>\n\t\t\t<\/figure>\n\t\t\t<figure class=\"post-gallery-item\">\n\t\t\t\t<img decoding=\"async\" src=\"https:\/\/www.pressenza.com\/wp-content\/uploads\/2025\/01\/3MM-Costarica-cierre07-820x492.jpg\" loading=\"lazy\">\n\t\t\t\t<figcaption>\n\t\t\t\t\t\n\t\t\t\t<\/figcaption>\n\t\t\t<\/figure>\n\t\t\t<figure class=\"post-gallery-item\">\n\t\t\t\t<img decoding=\"async\" src=\"https:\/\/www.pressenza.com\/wp-content\/uploads\/2025\/01\/3MM-Costarica-cierre06-820x522.jpg\" loading=\"lazy\">\n\t\t\t\t<figcaption>\n\t\t\t\t\t\n\t\t\t\t<\/figcaption>\n\t\t\t<\/figure>\n\t\t\t<figure class=\"post-gallery-item\">\n\t\t\t\t<img decoding=\"async\" src=\"https:\/\/www.pressenza.com\/wp-content\/uploads\/2025\/01\/3MM-Costarica-cierre05-820x506.jpg\" loading=\"lazy\">\n\t\t\t\t<figcaption>\n\t\t\t\t\t\n\t\t\t\t<\/figcaption>\n\t\t\t<\/figure>\n\t\t\t<figure class=\"post-gallery-item\">\n\t\t\t\t<img decoding=\"async\" src=\"https:\/\/www.pressenza.com\/wp-content\/uploads\/2025\/01\/3MM-Costarica-cierre04-820x661.jpg\" loading=\"lazy\">\n\t\t\t\t<figcaption>\n\t\t\t\t\t\n\t\t\t\t<\/figcaption>\n\t\t\t<\/figure>\n\t\t\t<figure class=\"post-gallery-item\">\n\t\t\t\t<img decoding=\"async\" src=\"https:\/\/www.pressenza.com\/wp-content\/uploads\/2025\/01\/3MM-Costarica-cierre03-820x615.jpg\" loading=\"lazy\">\n\t\t\t\t<figcaption>\n\t\t\t\t\t\n\t\t\t\t<\/figcaption>\n\t\t\t<\/figure>\n\t\t\t<figure class=\"post-gallery-item\">\n\t\t\t\t<img decoding=\"async\" src=\"https:\/\/www.pressenza.com\/wp-content\/uploads\/2025\/01\/3MM-Costarica-cierre02-820x491.jpg\" loading=\"lazy\">\n\t\t\t\t<figcaption>\n\t\t\t\t\t\n\t\t\t\t<\/figcaption>\n\t\t\t<\/figure>\n\t\t\t<figure class=\"post-gallery-item\">\n\t\t\t\t<img decoding=\"async\" src=\"https:\/\/www.pressenza.com\/wp-content\/uploads\/2025\/01\/3MM-Costarica-cierre01-1-820x454.jpg\" loading=\"lazy\">\n\t\t\t\t<figcaption>\n\t\t\t\t\t\n\t\t\t\t<\/figcaption>\n\t\t\t<\/figure><\/div>\n","protected":false},"excerpt":{"rendered":"<p>Une journ\u00e9e intense d&rsquo;activit\u00e9s a marqu\u00e9 le retour de la troisi\u00e8me Marche Mondiale pour la Paix et la Non-violence \u00e0 San Jos\u00e9, au Costa Rica, d&rsquo;o\u00f9 elle \u00e9tait partie le 2 octobre de l&rsquo;ann\u00e9e derni\u00e8re. La journ\u00e9e a \u00e9t\u00e9 con\u00e7ue&hellip;<\/p>\n","protected":false},"author":2405,"featured_media":2574427,"comment_status":"closed","ping_status":"closed","sticky":false,"template":"","format":"standard","meta":{"footnotes":""},"categories":[88,11386,40,1248,1250,93,5700],"tags":[118864,2842,18466,27816,28871,28903,298],"class_list":["post-2574426","post","type-post","status-publish","format-standard","has-post-thumbnail","hentry","category-amerique-centrale","category-contenu-original","category-international-fr","category-nonviolence-sujet","category-paix-desarmement","category-politique","category-reportages-photo","tag-3mm","tag-costa-rica","tag-marche-mondiale","tag-marche-mondiale-pour-la-paix-et-la-non-violence","tag-no-violencia-fr","tag-non-violence","tag-paix"],"yoast_head":"<!-- This site is optimized with the Yoast SEO plugin v27.1.1 - https:\/\/yoast.com\/product\/yoast-seo-wordpress\/ -->\n<title>La Marche mondiale se termine \u00e0 San Jos\u00e9, au Costa Rica<\/title>\n<meta name=\"description\" content=\"Une journ\u00e9e intense d&#039;activit\u00e9s a marqu\u00e9 le retour de la troisi\u00e8me Marche Mondiale pour la Paix et la Non-violence \u00e0 San Jos\u00e9, au Costa Rica, d&#039;o\u00f9 elle\" \/>\n<meta name=\"robots\" content=\"index, follow, max-snippet:-1, max-image-preview:large, max-video-preview:-1\" \/>\n<link rel=\"canonical\" href=\"https:\/\/www.pressenza.com\/fr\/2025\/01\/la-marche-mondiale-se-termine-a-san-jose-au-costa-rica\/\" \/>\n<meta property=\"og:locale\" content=\"fr_FR\" \/>\n<meta property=\"og:type\" content=\"article\" \/>\n<meta property=\"og:title\" content=\"La Marche mondiale se termine \u00e0 San Jos\u00e9, au Costa Rica\" \/>\n<meta property=\"og:description\" content=\"Une journ\u00e9e intense d&#039;activit\u00e9s a marqu\u00e9 le retour de la troisi\u00e8me Marche Mondiale pour la Paix et la Non-violence \u00e0 San Jos\u00e9, au Costa Rica, d&#039;o\u00f9 elle\" \/>\n<meta property=\"og:url\" content=\"https:\/\/www.pressenza.com\/fr\/2025\/01\/la-marche-mondiale-se-termine-a-san-jose-au-costa-rica\/\" \/>\n<meta property=\"og:site_name\" content=\"Pressenza\" \/>\n<meta property=\"article:publisher\" content=\"https:\/\/www.facebook.com\/PressenzaItalia\" \/>\n<meta property=\"article:published_time\" content=\"2025-01-05T19:42:14+00:00\" \/>\n<meta property=\"article:modified_time\" content=\"2025-01-05T19:45:31+00:00\" \/>\n<meta property=\"og:image\" content=\"https:\/\/www.pressenza.com\/wp-content\/uploads\/2025\/01\/3MM-Costarica-cierre01.jpg\" \/>\n\t<meta property=\"og:image:width\" content=\"850\" \/>\n\t<meta property=\"og:image:height\" content=\"471\" \/>\n\t<meta property=\"og:image:type\" content=\"image\/jpeg\" \/>\n<meta name=\"author\" content=\"Marche mondiale pour la Paix et la Non-Violence\" \/>\n<meta name=\"twitter:card\" content=\"summary_large_image\" \/>\n<meta name=\"twitter:creator\" content=\"@PressenzaIPA\" \/>\n<meta name=\"twitter:site\" content=\"@PressenzaIPA\" \/>\n<meta name=\"twitter:label1\" content=\"\u00c9crit par\" \/>\n\t<meta name=\"twitter:data1\" content=\"Marche mondiale pour la Paix et la Non-Violence\" \/>\n\t<meta name=\"twitter:label2\" content=\"Dur\u00e9e de lecture estim\u00e9e\" \/>\n\t<meta name=\"twitter:data2\" content=\"2 minutes\" \/>\n<script type=\"application\/ld+json\" class=\"yoast-schema-graph\">{\"@context\":\"https:\/\/schema.org\",\"@graph\":[{\"@type\":\"Article\",\"@id\":\"https:\/\/www.pressenza.com\/fr\/2025\/01\/la-marche-mondiale-se-termine-a-san-jose-au-costa-rica\/#article\",\"isPartOf\":{\"@id\":\"https:\/\/www.pressenza.com\/fr\/2025\/01\/la-marche-mondiale-se-termine-a-san-jose-au-costa-rica\/\"},\"author\":{\"name\":\"Marche mondiale pour la Paix et la Non-Violence\",\"@id\":\"https:\/\/www.pressenza.com\/fr\/#\/schema\/person\/66d7e7625e129aebc0a6eee053c474b6\"},\"headline\":\"La Marche mondiale se termine \u00e0 San Jos\u00e9, au Costa Rica\",\"datePublished\":\"2025-01-05T19:42:14+00:00\",\"dateModified\":\"2025-01-05T19:45:31+00:00\",\"mainEntityOfPage\":{\"@id\":\"https:\/\/www.pressenza.com\/fr\/2025\/01\/la-marche-mondiale-se-termine-a-san-jose-au-costa-rica\/\"},\"wordCount\":276,\"publisher\":{\"@id\":\"https:\/\/www.pressenza.com\/fr\/#organization\"},\"image\":{\"@id\":\"https:\/\/www.pressenza.com\/fr\/2025\/01\/la-marche-mondiale-se-termine-a-san-jose-au-costa-rica\/#primaryimage\"},\"thumbnailUrl\":\"https:\/\/www.pressenza.com\/wp-content\/uploads\/2025\/01\/3MM-Costarica-cierre01.jpg\",\"keywords\":[\"3MM\",\"Costa Rica\",\"marche mondiale\",\"marche mondiale pour la paix et la non violence\",\"No violencia\",\"non-violence\",\"Paix\"],\"articleSection\":[\"Am\u00e9rique centrale\",\"Contenu Original\",\"International\",\"Non-violence\",\"Paix et D\u00e9sarmement\",\"Politique\",\"Reportages photo\"],\"inLanguage\":\"fr-FR\"},{\"@type\":\"WebPage\",\"@id\":\"https:\/\/www.pressenza.com\/fr\/2025\/01\/la-marche-mondiale-se-termine-a-san-jose-au-costa-rica\/\",\"url\":\"https:\/\/www.pressenza.com\/fr\/2025\/01\/la-marche-mondiale-se-termine-a-san-jose-au-costa-rica\/\",\"name\":\"La Marche mondiale se termine \u00e0 San Jos\u00e9, au Costa Rica\",\"isPartOf\":{\"@id\":\"https:\/\/www.pressenza.com\/fr\/#website\"},\"primaryImageOfPage\":{\"@id\":\"https:\/\/www.pressenza.com\/fr\/2025\/01\/la-marche-mondiale-se-termine-a-san-jose-au-costa-rica\/#primaryimage\"},\"image\":{\"@id\":\"https:\/\/www.pressenza.com\/fr\/2025\/01\/la-marche-mondiale-se-termine-a-san-jose-au-costa-rica\/#primaryimage\"},\"thumbnailUrl\":\"https:\/\/www.pressenza.com\/wp-content\/uploads\/2025\/01\/3MM-Costarica-cierre01.jpg\",\"datePublished\":\"2025-01-05T19:42:14+00:00\",\"dateModified\":\"2025-01-05T19:45:31+00:00\",\"description\":\"Une journ\u00e9e intense d'activit\u00e9s a marqu\u00e9 le retour de la troisi\u00e8me Marche Mondiale pour la Paix et la Non-violence \u00e0 San Jos\u00e9, au Costa Rica, d'o\u00f9 elle\",\"breadcrumb\":{\"@id\":\"https:\/\/www.pressenza.com\/fr\/2025\/01\/la-marche-mondiale-se-termine-a-san-jose-au-costa-rica\/#breadcrumb\"},\"inLanguage\":\"fr-FR\",\"potentialAction\":[{\"@type\":\"ReadAction\",\"target\":[\"https:\/\/www.pressenza.com\/fr\/2025\/01\/la-marche-mondiale-se-termine-a-san-jose-au-costa-rica\/\"]}]},{\"@type\":\"ImageObject\",\"inLanguage\":\"fr-FR\",\"@id\":\"https:\/\/www.pressenza.com\/fr\/2025\/01\/la-marche-mondiale-se-termine-a-san-jose-au-costa-rica\/#primaryimage\",\"url\":\"https:\/\/www.pressenza.com\/wp-content\/uploads\/2025\/01\/3MM-Costarica-cierre01.jpg\",\"contentUrl\":\"https:\/\/www.pressenza.com\/wp-content\/uploads\/2025\/01\/3MM-Costarica-cierre01.jpg\",\"width\":850,\"height\":471,\"caption\":\"La trasmissione in diretta della UNED\"},{\"@type\":\"BreadcrumbList\",\"@id\":\"https:\/\/www.pressenza.com\/fr\/2025\/01\/la-marche-mondiale-se-termine-a-san-jose-au-costa-rica\/#breadcrumb\",\"itemListElement\":[{\"@type\":\"ListItem\",\"position\":1,\"name\":\"Accueil\",\"item\":\"https:\/\/www.pressenza.com\/fr\/\"},{\"@type\":\"ListItem\",\"position\":2,\"name\":\"La Marche mondiale se termine \u00e0 San Jos\u00e9, au Costa Rica\"}]},{\"@type\":\"WebSite\",\"@id\":\"https:\/\/www.pressenza.com\/fr\/#website\",\"url\":\"https:\/\/www.pressenza.com\/fr\/\",\"name\":\"Pressenza\",\"description\":\"International Press Agency\",\"publisher\":{\"@id\":\"https:\/\/www.pressenza.com\/fr\/#organization\"},\"potentialAction\":[{\"@type\":\"SearchAction\",\"target\":{\"@type\":\"EntryPoint\",\"urlTemplate\":\"https:\/\/www.pressenza.com\/fr\/?s={search_term_string}\"},\"query-input\":{\"@type\":\"PropertyValueSpecification\",\"valueRequired\":true,\"valueName\":\"search_term_string\"}}],\"inLanguage\":\"fr-FR\"},{\"@type\":\"Organization\",\"@id\":\"https:\/\/www.pressenza.com\/fr\/#organization\",\"name\":\"Pressenza\",\"url\":\"https:\/\/www.pressenza.com\/fr\/\",\"logo\":{\"@type\":\"ImageObject\",\"inLanguage\":\"fr-FR\",\"@id\":\"https:\/\/www.pressenza.com\/fr\/#\/schema\/logo\/image\/\",\"url\":\"https:\/\/www.pressenza.com\/wp-content\/uploads\/2022\/10\/pressenza_logo_200x200.jpg\",\"contentUrl\":\"https:\/\/www.pressenza.com\/wp-content\/uploads\/2022\/10\/pressenza_logo_200x200.jpg\",\"width\":200,\"height\":200,\"caption\":\"Pressenza\"},\"image\":{\"@id\":\"https:\/\/www.pressenza.com\/fr\/#\/schema\/logo\/image\/\"},\"sameAs\":[\"https:\/\/www.facebook.com\/PressenzaItalia\",\"https:\/\/x.com\/PressenzaIPA\"]},{\"@type\":\"Person\",\"@id\":\"https:\/\/www.pressenza.com\/fr\/#\/schema\/person\/66d7e7625e129aebc0a6eee053c474b6\",\"name\":\"Marche mondiale pour la Paix et la Non-Violence\",\"description\":\"Marche mondiale pour la Paix et la Non-violence Comit\u00e9 de promotion de la Troisi\u00e8me Marche mondiale pour la Paix et la Non-violence. D\u00e9part : 2 octobre 2024 de San Jos\u00e9, Costa Rica: Arriv\u00e9e : 5 janvier 2025 \u00e0 San Jos\u00e9, Costa Rica. La Marche appelle : au d\u00e9sarmement nucl\u00e9aire ; au d\u00e9sarmement proportionnel et la renonciation par les \u00c9tats \u00e0 l'utilisation de la guerre comme instrument de r\u00e9solution des conflits ; \u00e0 l'application sans contraintes du droit fondamental d'objection de conscience \u00e0 la guerre ; \u00e0 la r\u00e9forme de l'ONU dans une direction d\u00e9mocratique avec l'abolition du droit de veto ; \u00e0 une plan\u00e8te pleinement durable ; \u00e0 l'\u00e9limination de la faim en dix ans ; aucune discrimination des \u00eatres humains pour quelque raison que ce soit ; et \u00e0 l'\u00e9ducation \u00e0 la non-violence \u00e0 tous les niveaux de scolarit\u00e9. press@theworldmarch.org https:\/\/theworldmarch.org\",\"sameAs\":[\"https:\/\/theworldmarch.org\"],\"url\":\"https:\/\/www.pressenza.com\/fr\/author\/marche-mondiale-pour-la-paix-et-la-non-violence\/\"}]}<\/script>\n<!-- \/ Yoast SEO plugin. -->","yoast_head_json":{"title":"La Marche mondiale se termine \u00e0 San Jos\u00e9, au Costa Rica","description":"Une journ\u00e9e intense d'activit\u00e9s a marqu\u00e9 le retour de la troisi\u00e8me Marche Mondiale pour la Paix et la Non-violence \u00e0 San Jos\u00e9, au Costa Rica, d'o\u00f9 elle","robots":{"index":"index","follow":"follow","max-snippet":"max-snippet:-1","max-image-preview":"max-image-preview:large","max-video-preview":"max-video-preview:-1"},"canonical":"https:\/\/www.pressenza.com\/fr\/2025\/01\/la-marche-mondiale-se-termine-a-san-jose-au-costa-rica\/","og_locale":"fr_FR","og_type":"article","og_title":"La Marche mondiale se termine \u00e0 San Jos\u00e9, au Costa Rica","og_description":"Une journ\u00e9e intense d'activit\u00e9s a marqu\u00e9 le retour de la troisi\u00e8me Marche Mondiale pour la Paix et la Non-violence \u00e0 San Jos\u00e9, au Costa Rica, d'o\u00f9 elle","og_url":"https:\/\/www.pressenza.com\/fr\/2025\/01\/la-marche-mondiale-se-termine-a-san-jose-au-costa-rica\/","og_site_name":"Pressenza","article_publisher":"https:\/\/www.facebook.com\/PressenzaItalia","article_published_time":"2025-01-05T19:42:14+00:00","article_modified_time":"2025-01-05T19:45:31+00:00","og_image":[{"width":850,"height":471,"url":"https:\/\/www.pressenza.com\/wp-content\/uploads\/2025\/01\/3MM-Costarica-cierre01.jpg","type":"image\/jpeg"}],"author":"Marche mondiale pour la Paix et la Non-Violence","twitter_card":"summary_large_image","twitter_creator":"@PressenzaIPA","twitter_site":"@PressenzaIPA","twitter_misc":{"\u00c9crit par":"Marche mondiale pour la Paix et la Non-Violence","Dur\u00e9e de lecture estim\u00e9e":"2 minutes"},"schema":{"@context":"https:\/\/schema.org","@graph":[{"@type":"Article","@id":"https:\/\/www.pressenza.com\/fr\/2025\/01\/la-marche-mondiale-se-termine-a-san-jose-au-costa-rica\/#article","isPartOf":{"@id":"https:\/\/www.pressenza.com\/fr\/2025\/01\/la-marche-mondiale-se-termine-a-san-jose-au-costa-rica\/"},"author":{"name":"Marche mondiale pour la Paix et la Non-Violence","@id":"https:\/\/www.pressenza.com\/fr\/#\/schema\/person\/66d7e7625e129aebc0a6eee053c474b6"},"headline":"La Marche mondiale se termine \u00e0 San Jos\u00e9, au Costa Rica","datePublished":"2025-01-05T19:42:14+00:00","dateModified":"2025-01-05T19:45:31+00:00","mainEntityOfPage":{"@id":"https:\/\/www.pressenza.com\/fr\/2025\/01\/la-marche-mondiale-se-termine-a-san-jose-au-costa-rica\/"},"wordCount":276,"publisher":{"@id":"https:\/\/www.pressenza.com\/fr\/#organization"},"image":{"@id":"https:\/\/www.pressenza.com\/fr\/2025\/01\/la-marche-mondiale-se-termine-a-san-jose-au-costa-rica\/#primaryimage"},"thumbnailUrl":"https:\/\/www.pressenza.com\/wp-content\/uploads\/2025\/01\/3MM-Costarica-cierre01.jpg","keywords":["3MM","Costa Rica","marche mondiale","marche mondiale pour la paix et la non violence","No violencia","non-violence","Paix"],"articleSection":["Am\u00e9rique centrale","Contenu Original","International","Non-violence","Paix et D\u00e9sarmement","Politique","Reportages photo"],"inLanguage":"fr-FR"},{"@type":"WebPage","@id":"https:\/\/www.pressenza.com\/fr\/2025\/01\/la-marche-mondiale-se-termine-a-san-jose-au-costa-rica\/","url":"https:\/\/www.pressenza.com\/fr\/2025\/01\/la-marche-mondiale-se-termine-a-san-jose-au-costa-rica\/","name":"La Marche mondiale se termine \u00e0 San Jos\u00e9, au Costa Rica","isPartOf":{"@id":"https:\/\/www.pressenza.com\/fr\/#website"},"primaryImageOfPage":{"@id":"https:\/\/www.pressenza.com\/fr\/2025\/01\/la-marche-mondiale-se-termine-a-san-jose-au-costa-rica\/#primaryimage"},"image":{"@id":"https:\/\/www.pressenza.com\/fr\/2025\/01\/la-marche-mondiale-se-termine-a-san-jose-au-costa-rica\/#primaryimage"},"thumbnailUrl":"https:\/\/www.pressenza.com\/wp-content\/uploads\/2025\/01\/3MM-Costarica-cierre01.jpg","datePublished":"2025-01-05T19:42:14+00:00","dateModified":"2025-01-05T19:45:31+00:00","description":"Une journ\u00e9e intense d'activit\u00e9s a marqu\u00e9 le retour de la troisi\u00e8me Marche Mondiale pour la Paix et la Non-violence \u00e0 San Jos\u00e9, au Costa Rica, d'o\u00f9 elle","breadcrumb":{"@id":"https:\/\/www.pressenza.com\/fr\/2025\/01\/la-marche-mondiale-se-termine-a-san-jose-au-costa-rica\/#breadcrumb"},"inLanguage":"fr-FR","potentialAction":[{"@type":"ReadAction","target":["https:\/\/www.pressenza.com\/fr\/2025\/01\/la-marche-mondiale-se-termine-a-san-jose-au-costa-rica\/"]}]},{"@type":"ImageObject","inLanguage":"fr-FR","@id":"https:\/\/www.pressenza.com\/fr\/2025\/01\/la-marche-mondiale-se-termine-a-san-jose-au-costa-rica\/#primaryimage","url":"https:\/\/www.pressenza.com\/wp-content\/uploads\/2025\/01\/3MM-Costarica-cierre01.jpg","contentUrl":"https:\/\/www.pressenza.com\/wp-content\/uploads\/2025\/01\/3MM-Costarica-cierre01.jpg","width":850,"height":471,"caption":"La trasmissione in diretta della UNED"},{"@type":"BreadcrumbList","@id":"https:\/\/www.pressenza.com\/fr\/2025\/01\/la-marche-mondiale-se-termine-a-san-jose-au-costa-rica\/#breadcrumb","itemListElement":[{"@type":"ListItem","position":1,"name":"Accueil","item":"https:\/\/www.pressenza.com\/fr\/"},{"@type":"ListItem","position":2,"name":"La Marche mondiale se termine \u00e0 San Jos\u00e9, au Costa Rica"}]},{"@type":"WebSite","@id":"https:\/\/www.pressenza.com\/fr\/#website","url":"https:\/\/www.pressenza.com\/fr\/","name":"Pressenza","description":"International Press Agency","publisher":{"@id":"https:\/\/www.pressenza.com\/fr\/#organization"},"potentialAction":[{"@type":"SearchAction","target":{"@type":"EntryPoint","urlTemplate":"https:\/\/www.pressenza.com\/fr\/?s={search_term_string}"},"query-input":{"@type":"PropertyValueSpecification","valueRequired":true,"valueName":"search_term_string"}}],"inLanguage":"fr-FR"},{"@type":"Organization","@id":"https:\/\/www.pressenza.com\/fr\/#organization","name":"Pressenza","url":"https:\/\/www.pressenza.com\/fr\/","logo":{"@type":"ImageObject","inLanguage":"fr-FR","@id":"https:\/\/www.pressenza.com\/fr\/#\/schema\/logo\/image\/","url":"https:\/\/www.pressenza.com\/wp-content\/uploads\/2022\/10\/pressenza_logo_200x200.jpg","contentUrl":"https:\/\/www.pressenza.com\/wp-content\/uploads\/2022\/10\/pressenza_logo_200x200.jpg","width":200,"height":200,"caption":"Pressenza"},"image":{"@id":"https:\/\/www.pressenza.com\/fr\/#\/schema\/logo\/image\/"},"sameAs":["https:\/\/www.facebook.com\/PressenzaItalia","https:\/\/x.com\/PressenzaIPA"]},{"@type":"Person","@id":"https:\/\/www.pressenza.com\/fr\/#\/schema\/person\/66d7e7625e129aebc0a6eee053c474b6","name":"Marche mondiale pour la Paix et la Non-Violence","description":"Marche mondiale pour la Paix et la Non-violence Comit\u00e9 de promotion de la Troisi\u00e8me Marche mondiale pour la Paix et la Non-violence. D\u00e9part : 2 octobre 2024 de San Jos\u00e9, Costa Rica: Arriv\u00e9e : 5 janvier 2025 \u00e0 San Jos\u00e9, Costa Rica. La Marche appelle : au d\u00e9sarmement nucl\u00e9aire ; au d\u00e9sarmement proportionnel et la renonciation par les \u00c9tats \u00e0 l'utilisation de la guerre comme instrument de r\u00e9solution des conflits ; \u00e0 l'application sans contraintes du droit fondamental d'objection de conscience \u00e0 la guerre ; \u00e0 la r\u00e9forme de l'ONU dans une direction d\u00e9mocratique avec l'abolition du droit de veto ; \u00e0 une plan\u00e8te pleinement durable ; \u00e0 l'\u00e9limination de la faim en dix ans ; aucune discrimination des \u00eatres humains pour quelque raison que ce soit ; et \u00e0 l'\u00e9ducation \u00e0 la non-violence \u00e0 tous les niveaux de scolarit\u00e9. press@theworldmarch.org https:\/\/theworldmarch.org","sameAs":["https:\/\/theworldmarch.org"],"url":"https:\/\/www.pressenza.com\/fr\/author\/marche-mondiale-pour-la-paix-et-la-non-violence\/"}]}},"place":"San Jos\u00e9, Costa Rica","original_article_url":"","_links":{"self":[{"href":"https:\/\/www.pressenza.com\/fr\/wp-json\/wp\/v2\/posts\/2574426","targetHints":{"allow":["GET"]}}],"collection":[{"href":"https:\/\/www.pressenza.com\/fr\/wp-json\/wp\/v2\/posts"}],"about":[{"href":"https:\/\/www.pressenza.com\/fr\/wp-json\/wp\/v2\/types\/post"}],"author":[{"embeddable":true,"href":"https:\/\/www.pressenza.com\/fr\/wp-json\/wp\/v2\/users\/2405"}],"replies":[{"embeddable":true,"href":"https:\/\/www.pressenza.com\/fr\/wp-json\/wp\/v2\/comments?post=2574426"}],"version-history":[{"count":0,"href":"https:\/\/www.pressenza.com\/fr\/wp-json\/wp\/v2\/posts\/2574426\/revisions"}],"wp:featuredmedia":[{"embeddable":true,"href":"https:\/\/www.pressenza.com\/fr\/wp-json\/wp\/v2\/media\/2574427"}],"wp:attachment":[{"href":"https:\/\/www.pressenza.com\/fr\/wp-json\/wp\/v2\/media?parent=2574426"}],"wp:term":[{"taxonomy":"category","embeddable":true,"href":"https:\/\/www.pressenza.com\/fr\/wp-json\/wp\/v2\/categories?post=2574426"},{"taxonomy":"post_tag","embeddable":true,"href":"https:\/\/www.pressenza.com\/fr\/wp-json\/wp\/v2\/tags?post=2574426"}],"curies":[{"name":"wp","href":"https:\/\/api.w.org\/{rel}","templated":true}]}}