{"id":2569794,"date":"2024-12-12T19:32:40","date_gmt":"2024-12-12T19:32:40","guid":{"rendered":"https:\/\/www.pressenza.com\/?p=2569794"},"modified":"2024-12-12T19:32:40","modified_gmt":"2024-12-12T19:32:40","slug":"la-3e-marche-mondiale-pour-la-paix-et-la-non-violence-traverse-le-senegal-un-voyage-despoir-et-dengagement-journal-de-bord","status":"publish","type":"post","link":"https:\/\/www.pressenza.com\/fr\/2024\/12\/la-3e-marche-mondiale-pour-la-paix-et-la-non-violence-traverse-le-senegal-un-voyage-despoir-et-dengagement-journal-de-bord\/","title":{"rendered":"La 3e Marche Mondiale pour la Paix et la Non-violence traverse le S\u00e9n\u00e9gal : un voyage d&rsquo;espoir et d&rsquo;engagement. Journal de bord"},"content":{"rendered":"<p><span lang=\"it-IT\">La troisi\u00e8me \u00e9dition de la Marche Mondiale pour la Paix et la Non-violence a choisi le S\u00e9n\u00e9gal comme sc\u00e8ne d\u2019un voyage symbolique et riche de sens, organis\u00e9 autour de deux itin\u00e9raires principaux : Nord et Sud.<\/span><\/p>\n<p><span lang=\"it-IT\"><b>Itin\u00e9raire Nord : Saint-Louis, Tattaguine, Malika, Yeumbeul<\/b><\/span><\/p>\n<p><span lang=\"it-IT\">Le 3 d\u00e9cembre 2024, l\u2019\u00e9quipe de base de la Marche a \u00e9t\u00e9 accueillie \u00e0 Saint-Louis apr\u00e8s son passage en Mauritanie. Sur la place Baya, un rassemblement d\u2019artistes a accompagn\u00e9 une s\u00e9rie d\u2019interventions marquantes : Amandine a transmis les salutations de l\u2019\u00e9quipe locale, Ndiaga Diallo a pr\u00e9sent\u00e9 le sens de la Marche, et Rafael de la Rubia a soulign\u00e9 l\u2019urgence de se mobiliser contre la menace d\u2019une troisi\u00e8me guerre mondiale, cette fois nucl\u00e9aire, tout en promouvant la paix et la non-violence.<\/span><\/p>\n<p><span lang=\"it-IT\">Le 4 d\u00e9cembre, la Marche a fait \u00e9tape \u00e0 Tattaguine, dans le d\u00e9partement de Mbour. <\/span><span lang=\"es-ES\">Des \u00e9l\u00e8ves de l\u2019\u00e9cole maternelle humaniste et des jeunes filles ont offert des performances artistiques, accompagn\u00e9es des discours du corps enseignant, du chef du village et des repr\u00e9sentants des associations locales. Les \u00e9changes ont tourn\u00e9 autour de la paix et de la non-violence.<\/span><\/p>\n<p><span lang=\"es-ES\">Le 5 d\u00e9cembre, \u00e0 Yeumbeul (Dakar), une marche de m\u00e8res et d\u2019\u00e9l\u00e8ves de l\u2019\u00e9cole maternelle humaniste <\/span><span lang=\"es-ES\"><i>Le Petit Polyglot<\/i><\/span><span lang=\"es-ES\"> a inaugur\u00e9 un \u00e9v\u00e9nement \u00e9mouvant marqu\u00e9 par des chants poignants. Des personnalit\u00e9s locales, dont l\u2019imam, le chef de quartier et une responsable sanitaire, ont partag\u00e9 leurs r\u00e9flexions sur les valeurs de la Marche Mondiale, tandis que Martine Sicard, membre de l\u2019\u00e9quipe de base, a mis l\u2019accent sur l\u2019importance de b\u00e2tir une culture de paix.<\/span><\/p>\n<p><span lang=\"it-IT\">Le 6 d\u00e9cembre, la Marche a atteint Malika, toujours \u00e0 Dakar. Un cort\u00e8ge d\u2019\u00e9l\u00e8ves a travers\u00e9 la ville jusqu\u2019\u00e0 la mairie, o\u00f9 le maire a adress\u00e9 un discours inspirant aux jeunes. <\/span><span lang=\"es-ES\">La journ\u00e9e s\u2019est conclue au stade municipal avec des interventions sur la construction d\u2019un avenir sans violence.<\/span><\/p>\n<p><span lang=\"es-ES\"><b>Itin\u00e9raire Sud : Bandoulou Touculeur, Tanda Bar, Ziguinchor, Serrekunda<\/b><\/span><\/p>\n<p><span lang=\"es-ES\">Le 3 d\u00e9cembre 2024, un deuxi\u00e8me groupe de l\u2019\u00e9quipe de base, compos\u00e9 de 19 personnes, est arriv\u00e9 au village de Bandoulou (d\u00e9partement de Kaolack). Enseignants, \u00e9l\u00e8ves et enfants des \u00e9coles humanistes ont r\u00e9serv\u00e9 un accueil chaleureux. Dans le grand jardin du village, un symbole de la non-violence a \u00e9t\u00e9 form\u00e9 collectivement, suivi d\u2019un cri vibrant de \u00ab\u00a0PAIX ! FORCE ! JOIE !\u00a0\u00bb en fran\u00e7ais, italien et wolof. Ce moment a uni les participants dans un \u00e9lan de solidarit\u00e9.<\/span><\/p>\n<p><span lang=\"es-ES\">Des interventions sur les multiples formes de violence (domestique, psychologique, physique, de genre et \u00e9conomique) ont enrichi l\u2019\u00e9v\u00e9nement, avec des t\u00e9moignages touchants des marcheurs de la 3e Marche Mondiale. Les volontaires du service civil d\u2019\u00c9nergie pour les Droits de l\u2019Homme Italie ont pr\u00e9sent\u00e9 les projets de l\u2019association en lien avec la paix et la non-violence. Un d\u00e9bat a mis en lumi\u00e8re les conflits familiaux, souvent \u00e0 l\u2019origine de comportements violents, et a propos\u00e9 l\u2019am\u00e9lioration de la communication comme solution.<\/span><\/p>\n<p><span lang=\"es-ES\">Apr\u00e8s Bandoulou, la Marche s\u2019est rendue \u00e0 Tanda Bar, o\u00f9 un cort\u00e8ge a travers\u00e9 le village avant de s\u2019arr\u00eater devant l\u2019\u00e9cole construite par \u00c9nergie pour les Droits de l\u2019Homme APS. Le chef du village, Mamadou Diouf, a soulign\u00e9 l\u2019importance de ces rencontres pour alimenter une r\u00e9flexion collective sur la paix. L\u2019\u00e9v\u00e9nement s\u2019est enrichi de danses traditionnelles et d\u2019une pi\u00e8ce de th\u00e9\u00e2tre sur les conflits familiaux, invitant \u00e0 r\u00e9fl\u00e9chir aux solutions.<\/span><\/p>\n<p><span lang=\"es-ES\">Le 5 d\u00e9cembre, l\u2019\u00e9quipe est arriv\u00e9e en Casamance, \u00e0 Ziguinchor, o\u00f9 se sont d\u00e9roul\u00e9es une marche pour la paix et une conf\u00e9rence anim\u00e9e par le professeur Ciss\u00e9 Makalou, ainsi que des spectacles culturels : th\u00e9\u00e2tre-forum par la troupe Lii de Kolda, danses traditionnelles par la troupe Silabacoto de S\u00e9dhiou et slam par un collectif local.<\/span><\/p>\n<p><span lang=\"es-ES\"><b>Les itin\u00e9raires se rejoignent : Pikine et Thiaroye<\/b><\/span><\/p>\n<p><span lang=\"es-ES\">Le 7 d\u00e9cembre, les deux \u00e9quipes se sont retrouv\u00e9es \u00e0 Pikine. Un panel anim\u00e9 par l\u2019historien Bass\u00e8ne sur l\u2019origine du conflit en Casamance a offert des pistes de compr\u00e9hension et de solutions. La journ\u00e9e a continu\u00e9 avec des ateliers pour enfants, des performances artistiques et une intervention de la juriste Mbaye sur les droits des femmes.<\/span><\/p>\n<p><span lang=\"es-ES\">Le 8 d\u00e9cembre, \u00e0 Thiaroye-sur-Mer, le th\u00e8me de l\u2019\u00e9migration clandestine a domin\u00e9 les discussions. L\u2019association locale <\/span><span lang=\"es-ES\"><i>Takku Ligueye<\/i><\/span><span lang=\"es-ES\">, compos\u00e9e de femmes et de m\u00e8res de disparus en mer, a pr\u00e9sent\u00e9 ses initiatives, notamment la production de jus de fruits pour soutenir les familles. Un message d\u2019espoir a \u00e9t\u00e9 lanc\u00e9, invitant \u00e0 construire un avenir plus \u00e9quitable.<\/span><\/p>\n<p><span lang=\"es-ES\"><b>Un message de gratitude et d\u2019espoir<\/b><\/span><\/p>\n<p><span lang=\"es-ES\">Insa Tamba, pr\u00e9sident d\u2019\u00c9nergie pour les Droits de l\u2019Homme, a remerci\u00e9 chaleureusement tous ceux qui ont contribu\u00e9 \u00e0 ce voyage extraordinaire. Ce parcours d\u2019inspiration a ouvert de nouvelles voies pour un monde de paix et de non-violence.<\/span><\/p>\n<p>&nbsp;<\/p>\n<div class=\"post-gallery\">\n\t\t\t<figure class=\"post-gallery-item\">\n\t\t\t\t<img decoding=\"async\" src=\"https:\/\/www.pressenza.com\/wp-content\/uploads\/2024\/12\/MM3-senegal-13-820x461.jpg\" loading=\"lazy\">\n\t\t\t\t<figcaption>\n\t\t\t\t\t\n\t\t\t\t<\/figcaption>\n\t\t\t<\/figure>\n\t\t\t<figure class=\"post-gallery-item\">\n\t\t\t\t<img decoding=\"async\" src=\"https:\/\/www.pressenza.com\/wp-content\/uploads\/2024\/12\/MM3-senegal-12-820x614.jpg\" loading=\"lazy\">\n\t\t\t\t<figcaption>\n\t\t\t\t\t\n\t\t\t\t<\/figcaption>\n\t\t\t<\/figure>\n\t\t\t<figure class=\"post-gallery-item\">\n\t\t\t\t<img decoding=\"async\" src=\"https:\/\/www.pressenza.com\/wp-content\/uploads\/2024\/12\/MM3-senegal-11-820x615.jpg\" loading=\"lazy\">\n\t\t\t\t<figcaption>\n\t\t\t\t\t\n\t\t\t\t<\/figcaption>\n\t\t\t<\/figure>\n\t\t\t<figure class=\"post-gallery-item\">\n\t\t\t\t<img decoding=\"async\" src=\"https:\/\/www.pressenza.com\/wp-content\/uploads\/2024\/12\/MM3-senegal-10-820x546.jpg\" loading=\"lazy\">\n\t\t\t\t<figcaption>\n\t\t\t\t\t\n\t\t\t\t<\/figcaption>\n\t\t\t<\/figure>\n\t\t\t<figure class=\"post-gallery-item\">\n\t\t\t\t<img decoding=\"async\" src=\"https:\/\/www.pressenza.com\/wp-content\/uploads\/2024\/12\/MM3-senegal-09-820x430.jpg\" loading=\"lazy\">\n\t\t\t\t<figcaption>\n\t\t\t\t\t\n\t\t\t\t<\/figcaption>\n\t\t\t<\/figure>\n\t\t\t<figure class=\"post-gallery-item\">\n\t\t\t\t<img decoding=\"async\" src=\"https:\/\/www.pressenza.com\/wp-content\/uploads\/2024\/12\/MM3-senegal-08.jpg\" loading=\"lazy\">\n\t\t\t\t<figcaption>\n\t\t\t\t\t\n\t\t\t\t<\/figcaption>\n\t\t\t<\/figure>\n\t\t\t<figure class=\"post-gallery-item\">\n\t\t\t\t<img decoding=\"async\" src=\"https:\/\/www.pressenza.com\/wp-content\/uploads\/2024\/12\/MM3-senegal-07-820x493.jpg\" loading=\"lazy\">\n\t\t\t\t<figcaption>\n\t\t\t\t\t\n\t\t\t\t<\/figcaption>\n\t\t\t<\/figure>\n\t\t\t<figure class=\"post-gallery-item\">\n\t\t\t\t<img decoding=\"async\" src=\"https:\/\/www.pressenza.com\/wp-content\/uploads\/2024\/12\/MM3-senegal-06-820x492.jpg\" loading=\"lazy\">\n\t\t\t\t<figcaption>\n\t\t\t\t\t\n\t\t\t\t<\/figcaption>\n\t\t\t<\/figure>\n\t\t\t<figure class=\"post-gallery-item\">\n\t\t\t\t<img decoding=\"async\" src=\"https:\/\/www.pressenza.com\/wp-content\/uploads\/2024\/12\/MM3-senegal-05-820x820.jpg\" loading=\"lazy\">\n\t\t\t\t<figcaption>\n\t\t\t\t\t\n\t\t\t\t<\/figcaption>\n\t\t\t<\/figure>\n\t\t\t<figure class=\"post-gallery-item\">\n\t\t\t\t<img decoding=\"async\" src=\"https:\/\/www.pressenza.com\/wp-content\/uploads\/2024\/12\/MM3-senegal-04-820x580.jpg\" loading=\"lazy\">\n\t\t\t\t<figcaption>\n\t\t\t\t\t\n\t\t\t\t<\/figcaption>\n\t\t\t<\/figure>\n\t\t\t<figure class=\"post-gallery-item\">\n\t\t\t\t<img decoding=\"async\" src=\"https:\/\/www.pressenza.com\/wp-content\/uploads\/2024\/12\/MM3-senegal-03-820x614.jpg\" loading=\"lazy\">\n\t\t\t\t<figcaption>\n\t\t\t\t\t\n\t\t\t\t<\/figcaption>\n\t\t\t<\/figure>\n\t\t\t<figure class=\"post-gallery-item\">\n\t\t\t\t<img decoding=\"async\" src=\"https:\/\/www.pressenza.com\/wp-content\/uploads\/2024\/12\/MM3-senegal-02-820x599.jpg\" loading=\"lazy\">\n\t\t\t\t<figcaption>\n\t\t\t\t\t\n\t\t\t\t<\/figcaption>\n\t\t\t<\/figure>\n\t\t\t<figure class=\"post-gallery-item\">\n\t\t\t\t<img decoding=\"async\" src=\"https:\/\/www.pressenza.com\/wp-content\/uploads\/2024\/12\/MM3-senegal-01-820x614.jpg\" loading=\"lazy\">\n\t\t\t\t<figcaption>\n\t\t\t\t\t\n\t\t\t\t<\/figcaption>\n\t\t\t<\/figure>\n\t\t\t<figure class=\"post-gallery-item\">\n\t\t\t\t<img decoding=\"async\" src=\"https:\/\/www.pressenza.com\/wp-content\/uploads\/2024\/12\/MM3-senegal-820x547.jpg\" loading=\"lazy\">\n\t\t\t\t<figcaption>\n\t\t\t\t\t\n\t\t\t\t<\/figcaption>\n\t\t\t<\/figure><\/div>\n","protected":false},"excerpt":{"rendered":"<p>La troisi\u00e8me \u00e9dition de la Marche Mondiale pour la Paix et la Non-violence a choisi le S\u00e9n\u00e9gal comme sc\u00e8ne d\u2019un voyage symbolique et riche de sens, organis\u00e9 autour de deux itin\u00e9raires principaux : Nord et Sud. Itin\u00e9raire Nord : Saint-Louis,&hellip;<\/p>\n","protected":false},"author":2405,"featured_media":2569795,"comment_status":"closed","ping_status":"closed","sticky":false,"template":"","format":"standard","meta":{"footnotes":""},"categories":[11386,124282,1248,1250,5700],"tags":[18466,27816,28903,298,1074],"class_list":["post-2569794","post","type-post","status-publish","format-standard","has-post-thumbnail","hentry","category-contenu-original","category-news-fr","category-nonviolence-sujet","category-paix-desarmement","category-reportages-photo","tag-marche-mondiale","tag-marche-mondiale-pour-la-paix-et-la-non-violence","tag-non-violence","tag-paix","tag-senegal"],"yoast_head":"<!-- This site is optimized with the Yoast SEO plugin v27.1.1 - https:\/\/yoast.com\/product\/yoast-seo-wordpress\/ -->\n<title>La 3e Marche Mondiale pour la Paix et la Non-violence traverse le S\u00e9n\u00e9gal : un voyage d&#039;espoir et d&#039;engagement. Journal de bord<\/title>\n<meta name=\"description\" content=\"La troisi\u00e8me \u00e9dition de la Marche Mondiale pour la Paix et la Non-violence a choisi le S\u00e9n\u00e9gal comme sc\u00e8ne d\u2019un voyage symbolique et riche de sens,\" \/>\n<meta name=\"robots\" content=\"index, follow, max-snippet:-1, max-image-preview:large, max-video-preview:-1\" \/>\n<link rel=\"canonical\" href=\"https:\/\/www.pressenza.com\/fr\/2024\/12\/la-3e-marche-mondiale-pour-la-paix-et-la-non-violence-traverse-le-senegal-un-voyage-despoir-et-dengagement-journal-de-bord\/\" \/>\n<meta property=\"og:locale\" content=\"fr_FR\" \/>\n<meta property=\"og:type\" content=\"article\" \/>\n<meta property=\"og:title\" content=\"La 3e Marche Mondiale pour la Paix et la Non-violence traverse le S\u00e9n\u00e9gal : un voyage d&#039;espoir et d&#039;engagement. Journal de bord\" \/>\n<meta property=\"og:description\" content=\"La troisi\u00e8me \u00e9dition de la Marche Mondiale pour la Paix et la Non-violence a choisi le S\u00e9n\u00e9gal comme sc\u00e8ne d\u2019un voyage symbolique et riche de sens,\" \/>\n<meta property=\"og:url\" content=\"https:\/\/www.pressenza.com\/fr\/2024\/12\/la-3e-marche-mondiale-pour-la-paix-et-la-non-violence-traverse-le-senegal-un-voyage-despoir-et-dengagement-journal-de-bord\/\" \/>\n<meta property=\"og:site_name\" content=\"Pressenza\" \/>\n<meta property=\"article:publisher\" content=\"https:\/\/www.facebook.com\/PressenzaItalia\" \/>\n<meta property=\"article:published_time\" content=\"2024-12-12T19:32:40+00:00\" \/>\n<meta property=\"og:image\" content=\"https:\/\/www.pressenza.com\/wp-content\/uploads\/2024\/12\/MM3-senegal-13.jpg\" \/>\n\t<meta property=\"og:image:width\" content=\"850\" \/>\n\t<meta property=\"og:image:height\" content=\"478\" \/>\n\t<meta property=\"og:image:type\" content=\"image\/jpeg\" \/>\n<meta name=\"author\" content=\"Marche mondiale pour la Paix et la Non-Violence\" \/>\n<meta name=\"twitter:card\" content=\"summary_large_image\" \/>\n<meta name=\"twitter:creator\" content=\"@PressenzaIPA\" \/>\n<meta name=\"twitter:site\" content=\"@PressenzaIPA\" \/>\n<meta name=\"twitter:label1\" content=\"\u00c9crit par\" \/>\n\t<meta name=\"twitter:data1\" content=\"Marche mondiale pour la Paix et la Non-Violence\" \/>\n\t<meta name=\"twitter:label2\" content=\"Dur\u00e9e de lecture estim\u00e9e\" \/>\n\t<meta name=\"twitter:data2\" content=\"4 minutes\" \/>\n<script type=\"application\/ld+json\" class=\"yoast-schema-graph\">{\"@context\":\"https:\/\/schema.org\",\"@graph\":[{\"@type\":\"Article\",\"@id\":\"https:\/\/www.pressenza.com\/fr\/2024\/12\/la-3e-marche-mondiale-pour-la-paix-et-la-non-violence-traverse-le-senegal-un-voyage-despoir-et-dengagement-journal-de-bord\/#article\",\"isPartOf\":{\"@id\":\"https:\/\/www.pressenza.com\/fr\/2024\/12\/la-3e-marche-mondiale-pour-la-paix-et-la-non-violence-traverse-le-senegal-un-voyage-despoir-et-dengagement-journal-de-bord\/\"},\"author\":{\"name\":\"Marche mondiale pour la Paix et la Non-Violence\",\"@id\":\"https:\/\/www.pressenza.com\/fr\/#\/schema\/person\/66d7e7625e129aebc0a6eee053c474b6\"},\"headline\":\"La 3e Marche Mondiale pour la Paix et la Non-violence traverse le S\u00e9n\u00e9gal : un voyage d&rsquo;espoir et d&rsquo;engagement. Journal de bord\",\"datePublished\":\"2024-12-12T19:32:40+00:00\",\"mainEntityOfPage\":{\"@id\":\"https:\/\/www.pressenza.com\/fr\/2024\/12\/la-3e-marche-mondiale-pour-la-paix-et-la-non-violence-traverse-le-senegal-un-voyage-despoir-et-dengagement-journal-de-bord\/\"},\"wordCount\":865,\"publisher\":{\"@id\":\"https:\/\/www.pressenza.com\/fr\/#organization\"},\"image\":{\"@id\":\"https:\/\/www.pressenza.com\/fr\/2024\/12\/la-3e-marche-mondiale-pour-la-paix-et-la-non-violence-traverse-le-senegal-un-voyage-despoir-et-dengagement-journal-de-bord\/#primaryimage\"},\"thumbnailUrl\":\"https:\/\/www.pressenza.com\/wp-content\/uploads\/2024\/12\/MM3-senegal-13.jpg\",\"keywords\":[\"marche mondiale\",\"marche mondiale pour la paix et la non violence\",\"non-violence\",\"Paix\",\"S\u00e9n\u00e9gal\"],\"articleSection\":[\"Contenu Original\",\"News\",\"Non-violence\",\"Paix et D\u00e9sarmement\",\"Reportages photo\"],\"inLanguage\":\"fr-FR\"},{\"@type\":\"WebPage\",\"@id\":\"https:\/\/www.pressenza.com\/fr\/2024\/12\/la-3e-marche-mondiale-pour-la-paix-et-la-non-violence-traverse-le-senegal-un-voyage-despoir-et-dengagement-journal-de-bord\/\",\"url\":\"https:\/\/www.pressenza.com\/fr\/2024\/12\/la-3e-marche-mondiale-pour-la-paix-et-la-non-violence-traverse-le-senegal-un-voyage-despoir-et-dengagement-journal-de-bord\/\",\"name\":\"La 3e Marche Mondiale pour la Paix et la Non-violence traverse le S\u00e9n\u00e9gal : un voyage d'espoir et d'engagement. Journal de bord\",\"isPartOf\":{\"@id\":\"https:\/\/www.pressenza.com\/fr\/#website\"},\"primaryImageOfPage\":{\"@id\":\"https:\/\/www.pressenza.com\/fr\/2024\/12\/la-3e-marche-mondiale-pour-la-paix-et-la-non-violence-traverse-le-senegal-un-voyage-despoir-et-dengagement-journal-de-bord\/#primaryimage\"},\"image\":{\"@id\":\"https:\/\/www.pressenza.com\/fr\/2024\/12\/la-3e-marche-mondiale-pour-la-paix-et-la-non-violence-traverse-le-senegal-un-voyage-despoir-et-dengagement-journal-de-bord\/#primaryimage\"},\"thumbnailUrl\":\"https:\/\/www.pressenza.com\/wp-content\/uploads\/2024\/12\/MM3-senegal-13.jpg\",\"datePublished\":\"2024-12-12T19:32:40+00:00\",\"description\":\"La troisi\u00e8me \u00e9dition de la Marche Mondiale pour la Paix et la Non-violence a choisi le S\u00e9n\u00e9gal comme sc\u00e8ne d\u2019un voyage symbolique et riche de sens,\",\"breadcrumb\":{\"@id\":\"https:\/\/www.pressenza.com\/fr\/2024\/12\/la-3e-marche-mondiale-pour-la-paix-et-la-non-violence-traverse-le-senegal-un-voyage-despoir-et-dengagement-journal-de-bord\/#breadcrumb\"},\"inLanguage\":\"fr-FR\",\"potentialAction\":[{\"@type\":\"ReadAction\",\"target\":[\"https:\/\/www.pressenza.com\/fr\/2024\/12\/la-3e-marche-mondiale-pour-la-paix-et-la-non-violence-traverse-le-senegal-un-voyage-despoir-et-dengagement-journal-de-bord\/\"]}]},{\"@type\":\"ImageObject\",\"inLanguage\":\"fr-FR\",\"@id\":\"https:\/\/www.pressenza.com\/fr\/2024\/12\/la-3e-marche-mondiale-pour-la-paix-et-la-non-violence-traverse-le-senegal-un-voyage-despoir-et-dengagement-journal-de-bord\/#primaryimage\",\"url\":\"https:\/\/www.pressenza.com\/wp-content\/uploads\/2024\/12\/MM3-senegal-13.jpg\",\"contentUrl\":\"https:\/\/www.pressenza.com\/wp-content\/uploads\/2024\/12\/MM3-senegal-13.jpg\",\"width\":850,\"height\":478,\"caption\":\"Der 3. Weltmarsch f\u00fcr Frieden und Gewaltfreiheit im Senegal: Eine Reise der Hoffnung und des Engagements\"},{\"@type\":\"BreadcrumbList\",\"@id\":\"https:\/\/www.pressenza.com\/fr\/2024\/12\/la-3e-marche-mondiale-pour-la-paix-et-la-non-violence-traverse-le-senegal-un-voyage-despoir-et-dengagement-journal-de-bord\/#breadcrumb\",\"itemListElement\":[{\"@type\":\"ListItem\",\"position\":1,\"name\":\"Accueil\",\"item\":\"https:\/\/www.pressenza.com\/fr\/\"},{\"@type\":\"ListItem\",\"position\":2,\"name\":\"La 3e Marche Mondiale pour la Paix et la Non-violence traverse le S\u00e9n\u00e9gal : un voyage d&rsquo;espoir et d&rsquo;engagement. Journal de bord\"}]},{\"@type\":\"WebSite\",\"@id\":\"https:\/\/www.pressenza.com\/fr\/#website\",\"url\":\"https:\/\/www.pressenza.com\/fr\/\",\"name\":\"Pressenza\",\"description\":\"International Press Agency\",\"publisher\":{\"@id\":\"https:\/\/www.pressenza.com\/fr\/#organization\"},\"potentialAction\":[{\"@type\":\"SearchAction\",\"target\":{\"@type\":\"EntryPoint\",\"urlTemplate\":\"https:\/\/www.pressenza.com\/fr\/?s={search_term_string}\"},\"query-input\":{\"@type\":\"PropertyValueSpecification\",\"valueRequired\":true,\"valueName\":\"search_term_string\"}}],\"inLanguage\":\"fr-FR\"},{\"@type\":\"Organization\",\"@id\":\"https:\/\/www.pressenza.com\/fr\/#organization\",\"name\":\"Pressenza\",\"url\":\"https:\/\/www.pressenza.com\/fr\/\",\"logo\":{\"@type\":\"ImageObject\",\"inLanguage\":\"fr-FR\",\"@id\":\"https:\/\/www.pressenza.com\/fr\/#\/schema\/logo\/image\/\",\"url\":\"https:\/\/www.pressenza.com\/wp-content\/uploads\/2022\/10\/pressenza_logo_200x200.jpg\",\"contentUrl\":\"https:\/\/www.pressenza.com\/wp-content\/uploads\/2022\/10\/pressenza_logo_200x200.jpg\",\"width\":200,\"height\":200,\"caption\":\"Pressenza\"},\"image\":{\"@id\":\"https:\/\/www.pressenza.com\/fr\/#\/schema\/logo\/image\/\"},\"sameAs\":[\"https:\/\/www.facebook.com\/PressenzaItalia\",\"https:\/\/x.com\/PressenzaIPA\"]},{\"@type\":\"Person\",\"@id\":\"https:\/\/www.pressenza.com\/fr\/#\/schema\/person\/66d7e7625e129aebc0a6eee053c474b6\",\"name\":\"Marche mondiale pour la Paix et la Non-Violence\",\"description\":\"Marche mondiale pour la Paix et la Non-violence Comit\u00e9 de promotion de la Troisi\u00e8me Marche mondiale pour la Paix et la Non-violence. D\u00e9part : 2 octobre 2024 de San Jos\u00e9, Costa Rica: Arriv\u00e9e : 5 janvier 2025 \u00e0 San Jos\u00e9, Costa Rica. La Marche appelle : au d\u00e9sarmement nucl\u00e9aire ; au d\u00e9sarmement proportionnel et la renonciation par les \u00c9tats \u00e0 l'utilisation de la guerre comme instrument de r\u00e9solution des conflits ; \u00e0 l'application sans contraintes du droit fondamental d'objection de conscience \u00e0 la guerre ; \u00e0 la r\u00e9forme de l'ONU dans une direction d\u00e9mocratique avec l'abolition du droit de veto ; \u00e0 une plan\u00e8te pleinement durable ; \u00e0 l'\u00e9limination de la faim en dix ans ; aucune discrimination des \u00eatres humains pour quelque raison que ce soit ; et \u00e0 l'\u00e9ducation \u00e0 la non-violence \u00e0 tous les niveaux de scolarit\u00e9. press@theworldmarch.org https:\/\/theworldmarch.org\",\"sameAs\":[\"https:\/\/theworldmarch.org\"],\"url\":\"https:\/\/www.pressenza.com\/fr\/author\/marche-mondiale-pour-la-paix-et-la-non-violence\/\"}]}<\/script>\n<!-- \/ Yoast SEO plugin. -->","yoast_head_json":{"title":"La 3e Marche Mondiale pour la Paix et la Non-violence traverse le S\u00e9n\u00e9gal : un voyage d'espoir et d'engagement. Journal de bord","description":"La troisi\u00e8me \u00e9dition de la Marche Mondiale pour la Paix et la Non-violence a choisi le S\u00e9n\u00e9gal comme sc\u00e8ne d\u2019un voyage symbolique et riche de sens,","robots":{"index":"index","follow":"follow","max-snippet":"max-snippet:-1","max-image-preview":"max-image-preview:large","max-video-preview":"max-video-preview:-1"},"canonical":"https:\/\/www.pressenza.com\/fr\/2024\/12\/la-3e-marche-mondiale-pour-la-paix-et-la-non-violence-traverse-le-senegal-un-voyage-despoir-et-dengagement-journal-de-bord\/","og_locale":"fr_FR","og_type":"article","og_title":"La 3e Marche Mondiale pour la Paix et la Non-violence traverse le S\u00e9n\u00e9gal : un voyage d'espoir et d'engagement. Journal de bord","og_description":"La troisi\u00e8me \u00e9dition de la Marche Mondiale pour la Paix et la Non-violence a choisi le S\u00e9n\u00e9gal comme sc\u00e8ne d\u2019un voyage symbolique et riche de sens,","og_url":"https:\/\/www.pressenza.com\/fr\/2024\/12\/la-3e-marche-mondiale-pour-la-paix-et-la-non-violence-traverse-le-senegal-un-voyage-despoir-et-dengagement-journal-de-bord\/","og_site_name":"Pressenza","article_publisher":"https:\/\/www.facebook.com\/PressenzaItalia","article_published_time":"2024-12-12T19:32:40+00:00","og_image":[{"width":850,"height":478,"url":"https:\/\/www.pressenza.com\/wp-content\/uploads\/2024\/12\/MM3-senegal-13.jpg","type":"image\/jpeg"}],"author":"Marche mondiale pour la Paix et la Non-Violence","twitter_card":"summary_large_image","twitter_creator":"@PressenzaIPA","twitter_site":"@PressenzaIPA","twitter_misc":{"\u00c9crit par":"Marche mondiale pour la Paix et la Non-Violence","Dur\u00e9e de lecture estim\u00e9e":"4 minutes"},"schema":{"@context":"https:\/\/schema.org","@graph":[{"@type":"Article","@id":"https:\/\/www.pressenza.com\/fr\/2024\/12\/la-3e-marche-mondiale-pour-la-paix-et-la-non-violence-traverse-le-senegal-un-voyage-despoir-et-dengagement-journal-de-bord\/#article","isPartOf":{"@id":"https:\/\/www.pressenza.com\/fr\/2024\/12\/la-3e-marche-mondiale-pour-la-paix-et-la-non-violence-traverse-le-senegal-un-voyage-despoir-et-dengagement-journal-de-bord\/"},"author":{"name":"Marche mondiale pour la Paix et la Non-Violence","@id":"https:\/\/www.pressenza.com\/fr\/#\/schema\/person\/66d7e7625e129aebc0a6eee053c474b6"},"headline":"La 3e Marche Mondiale pour la Paix et la Non-violence traverse le S\u00e9n\u00e9gal : un voyage d&rsquo;espoir et d&rsquo;engagement. Journal de bord","datePublished":"2024-12-12T19:32:40+00:00","mainEntityOfPage":{"@id":"https:\/\/www.pressenza.com\/fr\/2024\/12\/la-3e-marche-mondiale-pour-la-paix-et-la-non-violence-traverse-le-senegal-un-voyage-despoir-et-dengagement-journal-de-bord\/"},"wordCount":865,"publisher":{"@id":"https:\/\/www.pressenza.com\/fr\/#organization"},"image":{"@id":"https:\/\/www.pressenza.com\/fr\/2024\/12\/la-3e-marche-mondiale-pour-la-paix-et-la-non-violence-traverse-le-senegal-un-voyage-despoir-et-dengagement-journal-de-bord\/#primaryimage"},"thumbnailUrl":"https:\/\/www.pressenza.com\/wp-content\/uploads\/2024\/12\/MM3-senegal-13.jpg","keywords":["marche mondiale","marche mondiale pour la paix et la non violence","non-violence","Paix","S\u00e9n\u00e9gal"],"articleSection":["Contenu Original","News","Non-violence","Paix et D\u00e9sarmement","Reportages photo"],"inLanguage":"fr-FR"},{"@type":"WebPage","@id":"https:\/\/www.pressenza.com\/fr\/2024\/12\/la-3e-marche-mondiale-pour-la-paix-et-la-non-violence-traverse-le-senegal-un-voyage-despoir-et-dengagement-journal-de-bord\/","url":"https:\/\/www.pressenza.com\/fr\/2024\/12\/la-3e-marche-mondiale-pour-la-paix-et-la-non-violence-traverse-le-senegal-un-voyage-despoir-et-dengagement-journal-de-bord\/","name":"La 3e Marche Mondiale pour la Paix et la Non-violence traverse le S\u00e9n\u00e9gal : un voyage d'espoir et d'engagement. Journal de bord","isPartOf":{"@id":"https:\/\/www.pressenza.com\/fr\/#website"},"primaryImageOfPage":{"@id":"https:\/\/www.pressenza.com\/fr\/2024\/12\/la-3e-marche-mondiale-pour-la-paix-et-la-non-violence-traverse-le-senegal-un-voyage-despoir-et-dengagement-journal-de-bord\/#primaryimage"},"image":{"@id":"https:\/\/www.pressenza.com\/fr\/2024\/12\/la-3e-marche-mondiale-pour-la-paix-et-la-non-violence-traverse-le-senegal-un-voyage-despoir-et-dengagement-journal-de-bord\/#primaryimage"},"thumbnailUrl":"https:\/\/www.pressenza.com\/wp-content\/uploads\/2024\/12\/MM3-senegal-13.jpg","datePublished":"2024-12-12T19:32:40+00:00","description":"La troisi\u00e8me \u00e9dition de la Marche Mondiale pour la Paix et la Non-violence a choisi le S\u00e9n\u00e9gal comme sc\u00e8ne d\u2019un voyage symbolique et riche de sens,","breadcrumb":{"@id":"https:\/\/www.pressenza.com\/fr\/2024\/12\/la-3e-marche-mondiale-pour-la-paix-et-la-non-violence-traverse-le-senegal-un-voyage-despoir-et-dengagement-journal-de-bord\/#breadcrumb"},"inLanguage":"fr-FR","potentialAction":[{"@type":"ReadAction","target":["https:\/\/www.pressenza.com\/fr\/2024\/12\/la-3e-marche-mondiale-pour-la-paix-et-la-non-violence-traverse-le-senegal-un-voyage-despoir-et-dengagement-journal-de-bord\/"]}]},{"@type":"ImageObject","inLanguage":"fr-FR","@id":"https:\/\/www.pressenza.com\/fr\/2024\/12\/la-3e-marche-mondiale-pour-la-paix-et-la-non-violence-traverse-le-senegal-un-voyage-despoir-et-dengagement-journal-de-bord\/#primaryimage","url":"https:\/\/www.pressenza.com\/wp-content\/uploads\/2024\/12\/MM3-senegal-13.jpg","contentUrl":"https:\/\/www.pressenza.com\/wp-content\/uploads\/2024\/12\/MM3-senegal-13.jpg","width":850,"height":478,"caption":"Der 3. Weltmarsch f\u00fcr Frieden und Gewaltfreiheit im Senegal: Eine Reise der Hoffnung und des Engagements"},{"@type":"BreadcrumbList","@id":"https:\/\/www.pressenza.com\/fr\/2024\/12\/la-3e-marche-mondiale-pour-la-paix-et-la-non-violence-traverse-le-senegal-un-voyage-despoir-et-dengagement-journal-de-bord\/#breadcrumb","itemListElement":[{"@type":"ListItem","position":1,"name":"Accueil","item":"https:\/\/www.pressenza.com\/fr\/"},{"@type":"ListItem","position":2,"name":"La 3e Marche Mondiale pour la Paix et la Non-violence traverse le S\u00e9n\u00e9gal : un voyage d&rsquo;espoir et d&rsquo;engagement. Journal de bord"}]},{"@type":"WebSite","@id":"https:\/\/www.pressenza.com\/fr\/#website","url":"https:\/\/www.pressenza.com\/fr\/","name":"Pressenza","description":"International Press Agency","publisher":{"@id":"https:\/\/www.pressenza.com\/fr\/#organization"},"potentialAction":[{"@type":"SearchAction","target":{"@type":"EntryPoint","urlTemplate":"https:\/\/www.pressenza.com\/fr\/?s={search_term_string}"},"query-input":{"@type":"PropertyValueSpecification","valueRequired":true,"valueName":"search_term_string"}}],"inLanguage":"fr-FR"},{"@type":"Organization","@id":"https:\/\/www.pressenza.com\/fr\/#organization","name":"Pressenza","url":"https:\/\/www.pressenza.com\/fr\/","logo":{"@type":"ImageObject","inLanguage":"fr-FR","@id":"https:\/\/www.pressenza.com\/fr\/#\/schema\/logo\/image\/","url":"https:\/\/www.pressenza.com\/wp-content\/uploads\/2022\/10\/pressenza_logo_200x200.jpg","contentUrl":"https:\/\/www.pressenza.com\/wp-content\/uploads\/2022\/10\/pressenza_logo_200x200.jpg","width":200,"height":200,"caption":"Pressenza"},"image":{"@id":"https:\/\/www.pressenza.com\/fr\/#\/schema\/logo\/image\/"},"sameAs":["https:\/\/www.facebook.com\/PressenzaItalia","https:\/\/x.com\/PressenzaIPA"]},{"@type":"Person","@id":"https:\/\/www.pressenza.com\/fr\/#\/schema\/person\/66d7e7625e129aebc0a6eee053c474b6","name":"Marche mondiale pour la Paix et la Non-Violence","description":"Marche mondiale pour la Paix et la Non-violence Comit\u00e9 de promotion de la Troisi\u00e8me Marche mondiale pour la Paix et la Non-violence. D\u00e9part : 2 octobre 2024 de San Jos\u00e9, Costa Rica: Arriv\u00e9e : 5 janvier 2025 \u00e0 San Jos\u00e9, Costa Rica. La Marche appelle : au d\u00e9sarmement nucl\u00e9aire ; au d\u00e9sarmement proportionnel et la renonciation par les \u00c9tats \u00e0 l'utilisation de la guerre comme instrument de r\u00e9solution des conflits ; \u00e0 l'application sans contraintes du droit fondamental d'objection de conscience \u00e0 la guerre ; \u00e0 la r\u00e9forme de l'ONU dans une direction d\u00e9mocratique avec l'abolition du droit de veto ; \u00e0 une plan\u00e8te pleinement durable ; \u00e0 l'\u00e9limination de la faim en dix ans ; aucune discrimination des \u00eatres humains pour quelque raison que ce soit ; et \u00e0 l'\u00e9ducation \u00e0 la non-violence \u00e0 tous les niveaux de scolarit\u00e9. press@theworldmarch.org https:\/\/theworldmarch.org","sameAs":["https:\/\/theworldmarch.org"],"url":"https:\/\/www.pressenza.com\/fr\/author\/marche-mondiale-pour-la-paix-et-la-non-violence\/"}]}},"place":"S\u00e9n\u00e9gal","original_article_url":"","_links":{"self":[{"href":"https:\/\/www.pressenza.com\/fr\/wp-json\/wp\/v2\/posts\/2569794","targetHints":{"allow":["GET"]}}],"collection":[{"href":"https:\/\/www.pressenza.com\/fr\/wp-json\/wp\/v2\/posts"}],"about":[{"href":"https:\/\/www.pressenza.com\/fr\/wp-json\/wp\/v2\/types\/post"}],"author":[{"embeddable":true,"href":"https:\/\/www.pressenza.com\/fr\/wp-json\/wp\/v2\/users\/2405"}],"replies":[{"embeddable":true,"href":"https:\/\/www.pressenza.com\/fr\/wp-json\/wp\/v2\/comments?post=2569794"}],"version-history":[{"count":0,"href":"https:\/\/www.pressenza.com\/fr\/wp-json\/wp\/v2\/posts\/2569794\/revisions"}],"wp:featuredmedia":[{"embeddable":true,"href":"https:\/\/www.pressenza.com\/fr\/wp-json\/wp\/v2\/media\/2569795"}],"wp:attachment":[{"href":"https:\/\/www.pressenza.com\/fr\/wp-json\/wp\/v2\/media?parent=2569794"}],"wp:term":[{"taxonomy":"category","embeddable":true,"href":"https:\/\/www.pressenza.com\/fr\/wp-json\/wp\/v2\/categories?post=2569794"},{"taxonomy":"post_tag","embeddable":true,"href":"https:\/\/www.pressenza.com\/fr\/wp-json\/wp\/v2\/tags?post=2569794"}],"curies":[{"name":"wp","href":"https:\/\/api.w.org\/{rel}","templated":true}]}}