{"id":2568321,"date":"2024-12-07T01:16:44","date_gmt":"2024-12-07T01:16:44","guid":{"rendered":"https:\/\/www.pressenza.com\/?p=2568321"},"modified":"2024-12-07T01:16:44","modified_gmt":"2024-12-07T01:16:44","slug":"lequipe-base-de-la-marche-de-passage-a-marseille","status":"publish","type":"post","link":"https:\/\/www.pressenza.com\/fr\/2024\/12\/lequipe-base-de-la-marche-de-passage-a-marseille\/","title":{"rendered":"L&rsquo;\u00e9quipe base de la Marche de passage \u00e0 Marseille"},"content":{"rendered":"<p>Les 20 et 21 novembre ont \u00e9t\u00e9 l&rsquo;occasion de renforcer des questions de fond de la Marche avec le passage de l&rsquo;\u00e9quipe internationale \u00e0 Marseille.<\/p>\n<p>La soir\u00e9e du mardi 29 novembre, membres de divers collectifs et amis de l&rsquo;\u00e9quipe promotrice de Marseille se sont retrouv\u00e9s \u00e0 la Base pour \u00e9changer avec <strong>Martine Sicard<\/strong> et <strong>Rafael de la Rubia<\/strong> autour des th\u00e8mes importants de la Marche. Martine S. mit en perspective l&rsquo;origine de la Marche, son contexte et son fonctionnement et Rafael donna son t\u00e9moignage de la premi\u00e8re partie du circuit d\u00e9j\u00e0 effectu\u00e9 d&rsquo;Am\u00e9rique centrale et d&rsquo;Asie, o\u00f9 il a pu observer que la frange d&rsquo;\u00e2ge la plus impliqu\u00e9e \u00e9tait celle des jeunes \u00e0 la diff\u00e9rence de l&rsquo;Europe; il invitait ainsi \u00e0 r\u00e9viser nos formes de communication, d&rsquo;expression ainsi que le type de discours. Plut\u00f4t que faire des d\u00e9clarations th\u00e9oriques ou de suivre le discours dominant dramatique, il s&rsquo;agit interpeller chacun sur sa propre responsabilit\u00e9, s&rsquo;interroger \u00ab et moi qu&rsquo;est-ce que je peux faire ? <span class=\"BxUVEf ILfuVd\" lang=\"fr\"><span class=\"hgKElc\">\u00bb<\/span><\/span><\/p>\n<p>Apr\u00e8s une br\u00e8ve pause, eut lieu la projection du film <em><strong>Le d\u00e9but de la fin des armes nucl\u00e9aires<\/strong><\/em>, ce qui a permis \u00e0 la plupart des participants de mieux comprendre les enjeux du d\u00e9sarmement nucl\u00e9aire et l&rsquo;importance de se mobiliser aussi depuis la base sociale afin de faire pression sur les gouvernements pour la signature du <strong>TIAN (Trait\u00e9 d&rsquo;interdiction des armes nucl\u00e9aires)<\/strong>.<\/p>\n<p>Le lendemain, apr\u00e8s un d\u00e9jeuner-\u00e9change dans le lieu embl\u00e9matique de la Friche avec <strong>Richard Macotta<\/strong> de <strong>Culture Provence Verdon<\/strong> et Catherine Lecog com\u00e9dienne membre du <strong>Mouvement de la Paix<\/strong>, l&rsquo;\u00e9quipe visita l&rsquo;espace d\u00e9di\u00e9 \u00e0 <em><strong>Sub de sub<\/strong><\/em> \u00c9cole sup\u00e9rieure d&rsquo;auto-formation par l&rsquo;art (<a href=\"https:\/\/supdesub.com\/\">https:\/\/supdesub.com\/<\/a>).<\/p>\n<p>L&rsquo;apr\u00e8s-midi, \u00e9tait pr\u00e9vue une rencontre avec le Maire autour de la question de la signature du TIAN: pour des questions d&rsquo;agenda, c&rsquo;est <strong>Jean-Marc Coppola<\/strong>, adjoint \u00e0 la culture qui avait d\u00e9j\u00e0 pris la parole et encourag\u00e9 l&rsquo;initiative de la Marche lors du <strong>2 Octobre<\/strong>, qui re\u00e7ut l&rsquo;\u00e9quipe base.<br \/>\nDans une atmosph\u00e8re conviviale et sans protocole, i fit passer finalement tout un groupe, en plus de membres de <strong>Monde Sans Guerres et Sans Violence<\/strong> MSGetSV dont certains avaient effectu\u00e9 une br\u00e8ve marche sous la pluie, d&rsquo;autres du <strong>Mouvement de la Paix<\/strong> ainsi que des acteurs culturels.<br \/>\nChacune put exprimer le pourquoi ils soutenaient cette initiative de la Marche.<\/p>\n<p><img loading=\"lazy\" decoding=\"async\" class=\"alignnone size-medium\" src=\"https:\/\/www.pressenza.com\/fr\/?attachment_id=2568329\" width=\"480\" height=\"640\" \/><\/p>\n<p>Martine S. pr\u00e9senta l&rsquo;association Monde sans Guerres et Sans Violence, ses ant\u00e9c\u00e9dents et Michel B. du Mouvement de la Paix \u00e9galement partenaire de l&rsquo;<strong>ICAN<\/strong> fit de m\u00eame et renfor\u00e7a l&rsquo;importance de la signature de l&rsquo;<strong>Appel des villes<\/strong> en soutien au Trait\u00e9. Rafael DLR mit une fois de plus l&rsquo;accent sur les th\u00e8mes abord\u00e9s la veille: dans la premi\u00e8re partie du parcours de la Marche, il avait pu observer une plus grande mobilisation de jeunes en Am\u00e9rique centrale et en Asie qu&rsquo;en Europe. Il insista sur la situation actuelle, laquelle avec une telle pr\u00e9sence d&rsquo;armes nucl\u00e9aires mettait l&rsquo;humanit\u00e9 face \u00e0 un dilemme : <em>soit elle se dirigeait vers son autodestruction soit elle <\/em><em>choisissait de sortir de la pr\u00e9histoire. De fait la plupart des gens souhaitent vivre en paix. Alors \u00e0 <\/em><em>chacun donc de faire sa part\u2026<\/em><\/p>\n<p><strong>J M Coppola<\/strong> expliqua comment au niveau local, la ville de Marseille s&rsquo;impliquait d\u00e9j\u00e0 dans la promotion d&rsquo;une culture de paix avec diverses initiatives telles que r\u00e9cemment les <em>Rencontres <\/em><em>d&rsquo;Averro\u00e8s<\/em>, des actions d&rsquo;\u00e9ducation artistique et culturelle, l&rsquo;accueil de r\u00e9fugi\u00e9s de pays en guerre, favorisant l&rsquo;enrichissement de l&rsquo;alt\u00e9rit\u00e9; dans cette dynamique il recevait donc la Marche avec grand plaisir. Il confirma par ailleurs que l&rsquo;<em>Appel des villes<\/em> allait \u00eatre sign\u00e9 d\u00e9but 2025 et que le maire, indisponible ces jours ci pour le Congr\u00e8s des Maires, souhaitait que cela se fasse de mani\u00e8re formelle et publique pour un plus grand impact, car Marseille est la troisi\u00e8me ville de France. Il ajouta qu&rsquo;il comptait bien \u00e9videmment sur la pr\u00e9sence de repr\u00e9sentants de MSGetSV et de la Marche.<\/p>\n<div class=\"post-gallery\">\n\t\t\t<figure class=\"post-gallery-item\">\n\t\t\t\t<img decoding=\"async\" src=\"https:\/\/www.pressenza.com\/wp-content\/uploads\/2024\/12\/Pancarta3.jpg\" loading=\"lazy\">\n\t\t\t\t<figcaption>\n\t\t\t\t\t\n\t\t\t\t<\/figcaption>\n\t\t\t<\/figure>\n\t\t\t<figure class=\"post-gallery-item\">\n\t\t\t\t<img decoding=\"async\" src=\"https:\/\/www.pressenza.com\/wp-content\/uploads\/2024\/12\/Repas.jpg\" loading=\"lazy\">\n\t\t\t\t<figcaption>\n\t\t\t\t\t\n\t\t\t\t<\/figcaption>\n\t\t\t<\/figure>\n\t\t\t<figure class=\"post-gallery-item\">\n\t\t\t\t<img decoding=\"async\" src=\"https:\/\/www.pressenza.com\/wp-content\/uploads\/2024\/12\/WhatsApp-Image-2024-12-05-a-14.32.32_fbbc7e32-820x615.jpg\" loading=\"lazy\">\n\t\t\t\t<figcaption>\n\t\t\t\t\t\n\t\t\t\t<\/figcaption>\n\t\t\t<\/figure>\n\t\t\t<figure class=\"post-gallery-item\">\n\t\t\t\t<img decoding=\"async\" src=\"https:\/\/www.pressenza.com\/wp-content\/uploads\/2024\/12\/WhatsApp-Image-2024-12-05-a-14.33.09_fc1ddd11-820x615.jpg\" loading=\"lazy\">\n\t\t\t\t<figcaption>\n\t\t\t\t\t\n\t\t\t\t<\/figcaption>\n\t\t\t<\/figure>\n\t\t\t<figure class=\"post-gallery-item\">\n\t\t\t\t<img decoding=\"async\" src=\"https:\/\/www.pressenza.com\/wp-content\/uploads\/2024\/12\/WhatsApp-Image-2024-12-05-a-14.33.10_fd4ec388-820x615.jpg\" loading=\"lazy\">\n\t\t\t\t<figcaption>\n\t\t\t\t\t\n\t\t\t\t<\/figcaption>\n\t\t\t<\/figure><\/div>\n","protected":false},"excerpt":{"rendered":"<p>Les 20 et 21 novembre ont \u00e9t\u00e9 l&rsquo;occasion de renforcer des questions de fond de la Marche avec le passage de l&rsquo;\u00e9quipe internationale \u00e0 Marseille. La soir\u00e9e du mardi 29 novembre, membres de divers collectifs et amis de l&rsquo;\u00e9quipe promotrice&hellip;<\/p>\n","protected":false},"author":2405,"featured_media":2568327,"comment_status":"closed","ping_status":"closed","sticky":false,"template":"","format":"standard","meta":{"footnotes":""},"categories":[11386,85,1248,1250],"tags":[18466,3109,28903,265,298,118563],"class_list":["post-2568321","post","type-post","status-publish","format-standard","has-post-thumbnail","hentry","category-contenu-original","category-europe-fr","category-nonviolence-sujet","category-paix-desarmement","tag-marche-mondiale","tag-marseille","tag-non-violence","tag-nonviolence","tag-paix","tag-troisieme-marche-mondiale-pour-la-paix-et-la-non-violence"],"yoast_head":"<!-- This site is optimized with the Yoast SEO plugin v27.1.1 - https:\/\/yoast.com\/product\/yoast-seo-wordpress\/ -->\n<title>L&#039;\u00e9quipe base de la Marche de passage \u00e0 Marseille<\/title>\n<meta name=\"description\" content=\"Les 20 et 21 novembre ont \u00e9t\u00e9 l&#039;occasion de renforcer des questions de fond de la Marche avec le passage de l&#039;\u00e9quipe internationale \u00e0 Marseille. La soir\u00e9e\" \/>\n<meta name=\"robots\" content=\"index, follow, max-snippet:-1, max-image-preview:large, max-video-preview:-1\" \/>\n<link rel=\"canonical\" href=\"https:\/\/www.pressenza.com\/fr\/2024\/12\/lequipe-base-de-la-marche-de-passage-a-marseille\/\" \/>\n<meta property=\"og:locale\" content=\"fr_FR\" \/>\n<meta property=\"og:type\" content=\"article\" \/>\n<meta property=\"og:title\" content=\"L&#039;\u00e9quipe base de la Marche de passage \u00e0 Marseille\" \/>\n<meta property=\"og:description\" content=\"Les 20 et 21 novembre ont \u00e9t\u00e9 l&#039;occasion de renforcer des questions de fond de la Marche avec le passage de l&#039;\u00e9quipe internationale \u00e0 Marseille. La soir\u00e9e\" \/>\n<meta property=\"og:url\" content=\"https:\/\/www.pressenza.com\/fr\/2024\/12\/lequipe-base-de-la-marche-de-passage-a-marseille\/\" \/>\n<meta property=\"og:site_name\" content=\"Pressenza\" \/>\n<meta property=\"article:publisher\" content=\"https:\/\/www.facebook.com\/PressenzaItalia\" \/>\n<meta property=\"article:published_time\" content=\"2024-12-07T01:16:44+00:00\" \/>\n<meta property=\"og:image\" content=\"https:\/\/www.pressenza.com\/wp-content\/uploads\/2024\/12\/Mairie00.jpg\" \/>\n\t<meta property=\"og:image:width\" content=\"820\" \/>\n\t<meta property=\"og:image:height\" content=\"460\" \/>\n\t<meta property=\"og:image:type\" content=\"image\/jpeg\" \/>\n<meta name=\"author\" content=\"Marche mondiale pour la Paix et la Non-Violence\" \/>\n<meta name=\"twitter:card\" content=\"summary_large_image\" \/>\n<meta name=\"twitter:creator\" content=\"@PressenzaIPA\" \/>\n<meta name=\"twitter:site\" content=\"@PressenzaIPA\" \/>\n<meta name=\"twitter:label1\" content=\"\u00c9crit par\" \/>\n\t<meta name=\"twitter:data1\" content=\"Marche mondiale pour la Paix et la Non-Violence\" \/>\n\t<meta name=\"twitter:label2\" content=\"Dur\u00e9e de lecture estim\u00e9e\" \/>\n\t<meta name=\"twitter:data2\" content=\"4 minutes\" \/>\n<script type=\"application\/ld+json\" class=\"yoast-schema-graph\">{\"@context\":\"https:\/\/schema.org\",\"@graph\":[{\"@type\":\"Article\",\"@id\":\"https:\/\/www.pressenza.com\/fr\/2024\/12\/lequipe-base-de-la-marche-de-passage-a-marseille\/#article\",\"isPartOf\":{\"@id\":\"https:\/\/www.pressenza.com\/fr\/2024\/12\/lequipe-base-de-la-marche-de-passage-a-marseille\/\"},\"author\":{\"name\":\"Marche mondiale pour la Paix et la Non-Violence\",\"@id\":\"https:\/\/www.pressenza.com\/fr\/#\/schema\/person\/66d7e7625e129aebc0a6eee053c474b6\"},\"headline\":\"L&rsquo;\u00e9quipe base de la Marche de passage \u00e0 Marseille\",\"datePublished\":\"2024-12-07T01:16:44+00:00\",\"mainEntityOfPage\":{\"@id\":\"https:\/\/www.pressenza.com\/fr\/2024\/12\/lequipe-base-de-la-marche-de-passage-a-marseille\/\"},\"wordCount\":729,\"publisher\":{\"@id\":\"https:\/\/www.pressenza.com\/fr\/#organization\"},\"image\":{\"@id\":\"https:\/\/www.pressenza.com\/fr\/2024\/12\/lequipe-base-de-la-marche-de-passage-a-marseille\/#primaryimage\"},\"thumbnailUrl\":\"https:\/\/www.pressenza.com\/wp-content\/uploads\/2024\/12\/Mairie00.jpg\",\"keywords\":[\"marche mondiale\",\"marseille\",\"non-violence\",\"nonviolence\",\"Paix\",\"troisi\u00e8me marche mondiale pour la paix et la non-violence\"],\"articleSection\":[\"Contenu Original\",\"Europe\",\"Non-violence\",\"Paix et D\u00e9sarmement\"],\"inLanguage\":\"fr-FR\"},{\"@type\":\"WebPage\",\"@id\":\"https:\/\/www.pressenza.com\/fr\/2024\/12\/lequipe-base-de-la-marche-de-passage-a-marseille\/\",\"url\":\"https:\/\/www.pressenza.com\/fr\/2024\/12\/lequipe-base-de-la-marche-de-passage-a-marseille\/\",\"name\":\"L'\u00e9quipe base de la Marche de passage \u00e0 Marseille\",\"isPartOf\":{\"@id\":\"https:\/\/www.pressenza.com\/fr\/#website\"},\"primaryImageOfPage\":{\"@id\":\"https:\/\/www.pressenza.com\/fr\/2024\/12\/lequipe-base-de-la-marche-de-passage-a-marseille\/#primaryimage\"},\"image\":{\"@id\":\"https:\/\/www.pressenza.com\/fr\/2024\/12\/lequipe-base-de-la-marche-de-passage-a-marseille\/#primaryimage\"},\"thumbnailUrl\":\"https:\/\/www.pressenza.com\/wp-content\/uploads\/2024\/12\/Mairie00.jpg\",\"datePublished\":\"2024-12-07T01:16:44+00:00\",\"description\":\"Les 20 et 21 novembre ont \u00e9t\u00e9 l'occasion de renforcer des questions de fond de la Marche avec le passage de l'\u00e9quipe internationale \u00e0 Marseille. La soir\u00e9e\",\"breadcrumb\":{\"@id\":\"https:\/\/www.pressenza.com\/fr\/2024\/12\/lequipe-base-de-la-marche-de-passage-a-marseille\/#breadcrumb\"},\"inLanguage\":\"fr-FR\",\"potentialAction\":[{\"@type\":\"ReadAction\",\"target\":[\"https:\/\/www.pressenza.com\/fr\/2024\/12\/lequipe-base-de-la-marche-de-passage-a-marseille\/\"]}]},{\"@type\":\"ImageObject\",\"inLanguage\":\"fr-FR\",\"@id\":\"https:\/\/www.pressenza.com\/fr\/2024\/12\/lequipe-base-de-la-marche-de-passage-a-marseille\/#primaryimage\",\"url\":\"https:\/\/www.pressenza.com\/wp-content\/uploads\/2024\/12\/Mairie00.jpg\",\"contentUrl\":\"https:\/\/www.pressenza.com\/wp-content\/uploads\/2024\/12\/Mairie00.jpg\",\"width\":820,\"height\":460},{\"@type\":\"BreadcrumbList\",\"@id\":\"https:\/\/www.pressenza.com\/fr\/2024\/12\/lequipe-base-de-la-marche-de-passage-a-marseille\/#breadcrumb\",\"itemListElement\":[{\"@type\":\"ListItem\",\"position\":1,\"name\":\"Accueil\",\"item\":\"https:\/\/www.pressenza.com\/fr\/\"},{\"@type\":\"ListItem\",\"position\":2,\"name\":\"L&rsquo;\u00e9quipe base de la Marche de passage \u00e0 Marseille\"}]},{\"@type\":\"WebSite\",\"@id\":\"https:\/\/www.pressenza.com\/fr\/#website\",\"url\":\"https:\/\/www.pressenza.com\/fr\/\",\"name\":\"Pressenza\",\"description\":\"International Press Agency\",\"publisher\":{\"@id\":\"https:\/\/www.pressenza.com\/fr\/#organization\"},\"potentialAction\":[{\"@type\":\"SearchAction\",\"target\":{\"@type\":\"EntryPoint\",\"urlTemplate\":\"https:\/\/www.pressenza.com\/fr\/?s={search_term_string}\"},\"query-input\":{\"@type\":\"PropertyValueSpecification\",\"valueRequired\":true,\"valueName\":\"search_term_string\"}}],\"inLanguage\":\"fr-FR\"},{\"@type\":\"Organization\",\"@id\":\"https:\/\/www.pressenza.com\/fr\/#organization\",\"name\":\"Pressenza\",\"url\":\"https:\/\/www.pressenza.com\/fr\/\",\"logo\":{\"@type\":\"ImageObject\",\"inLanguage\":\"fr-FR\",\"@id\":\"https:\/\/www.pressenza.com\/fr\/#\/schema\/logo\/image\/\",\"url\":\"https:\/\/www.pressenza.com\/wp-content\/uploads\/2022\/10\/pressenza_logo_200x200.jpg\",\"contentUrl\":\"https:\/\/www.pressenza.com\/wp-content\/uploads\/2022\/10\/pressenza_logo_200x200.jpg\",\"width\":200,\"height\":200,\"caption\":\"Pressenza\"},\"image\":{\"@id\":\"https:\/\/www.pressenza.com\/fr\/#\/schema\/logo\/image\/\"},\"sameAs\":[\"https:\/\/www.facebook.com\/PressenzaItalia\",\"https:\/\/x.com\/PressenzaIPA\"]},{\"@type\":\"Person\",\"@id\":\"https:\/\/www.pressenza.com\/fr\/#\/schema\/person\/66d7e7625e129aebc0a6eee053c474b6\",\"name\":\"Marche mondiale pour la Paix et la Non-Violence\",\"description\":\"Marche mondiale pour la Paix et la Non-violence Comit\u00e9 de promotion de la Troisi\u00e8me Marche mondiale pour la Paix et la Non-violence. D\u00e9part : 2 octobre 2024 de San Jos\u00e9, Costa Rica: Arriv\u00e9e : 5 janvier 2025 \u00e0 San Jos\u00e9, Costa Rica. La Marche appelle : au d\u00e9sarmement nucl\u00e9aire ; au d\u00e9sarmement proportionnel et la renonciation par les \u00c9tats \u00e0 l'utilisation de la guerre comme instrument de r\u00e9solution des conflits ; \u00e0 l'application sans contraintes du droit fondamental d'objection de conscience \u00e0 la guerre ; \u00e0 la r\u00e9forme de l'ONU dans une direction d\u00e9mocratique avec l'abolition du droit de veto ; \u00e0 une plan\u00e8te pleinement durable ; \u00e0 l'\u00e9limination de la faim en dix ans ; aucune discrimination des \u00eatres humains pour quelque raison que ce soit ; et \u00e0 l'\u00e9ducation \u00e0 la non-violence \u00e0 tous les niveaux de scolarit\u00e9. press@theworldmarch.org https:\/\/theworldmarch.org\",\"sameAs\":[\"https:\/\/theworldmarch.org\"],\"url\":\"https:\/\/www.pressenza.com\/fr\/author\/marche-mondiale-pour-la-paix-et-la-non-violence\/\"}]}<\/script>\n<!-- \/ Yoast SEO plugin. -->","yoast_head_json":{"title":"L'\u00e9quipe base de la Marche de passage \u00e0 Marseille","description":"Les 20 et 21 novembre ont \u00e9t\u00e9 l'occasion de renforcer des questions de fond de la Marche avec le passage de l'\u00e9quipe internationale \u00e0 Marseille. La soir\u00e9e","robots":{"index":"index","follow":"follow","max-snippet":"max-snippet:-1","max-image-preview":"max-image-preview:large","max-video-preview":"max-video-preview:-1"},"canonical":"https:\/\/www.pressenza.com\/fr\/2024\/12\/lequipe-base-de-la-marche-de-passage-a-marseille\/","og_locale":"fr_FR","og_type":"article","og_title":"L'\u00e9quipe base de la Marche de passage \u00e0 Marseille","og_description":"Les 20 et 21 novembre ont \u00e9t\u00e9 l'occasion de renforcer des questions de fond de la Marche avec le passage de l'\u00e9quipe internationale \u00e0 Marseille. La soir\u00e9e","og_url":"https:\/\/www.pressenza.com\/fr\/2024\/12\/lequipe-base-de-la-marche-de-passage-a-marseille\/","og_site_name":"Pressenza","article_publisher":"https:\/\/www.facebook.com\/PressenzaItalia","article_published_time":"2024-12-07T01:16:44+00:00","og_image":[{"width":820,"height":460,"url":"https:\/\/www.pressenza.com\/wp-content\/uploads\/2024\/12\/Mairie00.jpg","type":"image\/jpeg"}],"author":"Marche mondiale pour la Paix et la Non-Violence","twitter_card":"summary_large_image","twitter_creator":"@PressenzaIPA","twitter_site":"@PressenzaIPA","twitter_misc":{"\u00c9crit par":"Marche mondiale pour la Paix et la Non-Violence","Dur\u00e9e de lecture estim\u00e9e":"4 minutes"},"schema":{"@context":"https:\/\/schema.org","@graph":[{"@type":"Article","@id":"https:\/\/www.pressenza.com\/fr\/2024\/12\/lequipe-base-de-la-marche-de-passage-a-marseille\/#article","isPartOf":{"@id":"https:\/\/www.pressenza.com\/fr\/2024\/12\/lequipe-base-de-la-marche-de-passage-a-marseille\/"},"author":{"name":"Marche mondiale pour la Paix et la Non-Violence","@id":"https:\/\/www.pressenza.com\/fr\/#\/schema\/person\/66d7e7625e129aebc0a6eee053c474b6"},"headline":"L&rsquo;\u00e9quipe base de la Marche de passage \u00e0 Marseille","datePublished":"2024-12-07T01:16:44+00:00","mainEntityOfPage":{"@id":"https:\/\/www.pressenza.com\/fr\/2024\/12\/lequipe-base-de-la-marche-de-passage-a-marseille\/"},"wordCount":729,"publisher":{"@id":"https:\/\/www.pressenza.com\/fr\/#organization"},"image":{"@id":"https:\/\/www.pressenza.com\/fr\/2024\/12\/lequipe-base-de-la-marche-de-passage-a-marseille\/#primaryimage"},"thumbnailUrl":"https:\/\/www.pressenza.com\/wp-content\/uploads\/2024\/12\/Mairie00.jpg","keywords":["marche mondiale","marseille","non-violence","nonviolence","Paix","troisi\u00e8me marche mondiale pour la paix et la non-violence"],"articleSection":["Contenu Original","Europe","Non-violence","Paix et D\u00e9sarmement"],"inLanguage":"fr-FR"},{"@type":"WebPage","@id":"https:\/\/www.pressenza.com\/fr\/2024\/12\/lequipe-base-de-la-marche-de-passage-a-marseille\/","url":"https:\/\/www.pressenza.com\/fr\/2024\/12\/lequipe-base-de-la-marche-de-passage-a-marseille\/","name":"L'\u00e9quipe base de la Marche de passage \u00e0 Marseille","isPartOf":{"@id":"https:\/\/www.pressenza.com\/fr\/#website"},"primaryImageOfPage":{"@id":"https:\/\/www.pressenza.com\/fr\/2024\/12\/lequipe-base-de-la-marche-de-passage-a-marseille\/#primaryimage"},"image":{"@id":"https:\/\/www.pressenza.com\/fr\/2024\/12\/lequipe-base-de-la-marche-de-passage-a-marseille\/#primaryimage"},"thumbnailUrl":"https:\/\/www.pressenza.com\/wp-content\/uploads\/2024\/12\/Mairie00.jpg","datePublished":"2024-12-07T01:16:44+00:00","description":"Les 20 et 21 novembre ont \u00e9t\u00e9 l'occasion de renforcer des questions de fond de la Marche avec le passage de l'\u00e9quipe internationale \u00e0 Marseille. La soir\u00e9e","breadcrumb":{"@id":"https:\/\/www.pressenza.com\/fr\/2024\/12\/lequipe-base-de-la-marche-de-passage-a-marseille\/#breadcrumb"},"inLanguage":"fr-FR","potentialAction":[{"@type":"ReadAction","target":["https:\/\/www.pressenza.com\/fr\/2024\/12\/lequipe-base-de-la-marche-de-passage-a-marseille\/"]}]},{"@type":"ImageObject","inLanguage":"fr-FR","@id":"https:\/\/www.pressenza.com\/fr\/2024\/12\/lequipe-base-de-la-marche-de-passage-a-marseille\/#primaryimage","url":"https:\/\/www.pressenza.com\/wp-content\/uploads\/2024\/12\/Mairie00.jpg","contentUrl":"https:\/\/www.pressenza.com\/wp-content\/uploads\/2024\/12\/Mairie00.jpg","width":820,"height":460},{"@type":"BreadcrumbList","@id":"https:\/\/www.pressenza.com\/fr\/2024\/12\/lequipe-base-de-la-marche-de-passage-a-marseille\/#breadcrumb","itemListElement":[{"@type":"ListItem","position":1,"name":"Accueil","item":"https:\/\/www.pressenza.com\/fr\/"},{"@type":"ListItem","position":2,"name":"L&rsquo;\u00e9quipe base de la Marche de passage \u00e0 Marseille"}]},{"@type":"WebSite","@id":"https:\/\/www.pressenza.com\/fr\/#website","url":"https:\/\/www.pressenza.com\/fr\/","name":"Pressenza","description":"International Press Agency","publisher":{"@id":"https:\/\/www.pressenza.com\/fr\/#organization"},"potentialAction":[{"@type":"SearchAction","target":{"@type":"EntryPoint","urlTemplate":"https:\/\/www.pressenza.com\/fr\/?s={search_term_string}"},"query-input":{"@type":"PropertyValueSpecification","valueRequired":true,"valueName":"search_term_string"}}],"inLanguage":"fr-FR"},{"@type":"Organization","@id":"https:\/\/www.pressenza.com\/fr\/#organization","name":"Pressenza","url":"https:\/\/www.pressenza.com\/fr\/","logo":{"@type":"ImageObject","inLanguage":"fr-FR","@id":"https:\/\/www.pressenza.com\/fr\/#\/schema\/logo\/image\/","url":"https:\/\/www.pressenza.com\/wp-content\/uploads\/2022\/10\/pressenza_logo_200x200.jpg","contentUrl":"https:\/\/www.pressenza.com\/wp-content\/uploads\/2022\/10\/pressenza_logo_200x200.jpg","width":200,"height":200,"caption":"Pressenza"},"image":{"@id":"https:\/\/www.pressenza.com\/fr\/#\/schema\/logo\/image\/"},"sameAs":["https:\/\/www.facebook.com\/PressenzaItalia","https:\/\/x.com\/PressenzaIPA"]},{"@type":"Person","@id":"https:\/\/www.pressenza.com\/fr\/#\/schema\/person\/66d7e7625e129aebc0a6eee053c474b6","name":"Marche mondiale pour la Paix et la Non-Violence","description":"Marche mondiale pour la Paix et la Non-violence Comit\u00e9 de promotion de la Troisi\u00e8me Marche mondiale pour la Paix et la Non-violence. D\u00e9part : 2 octobre 2024 de San Jos\u00e9, Costa Rica: Arriv\u00e9e : 5 janvier 2025 \u00e0 San Jos\u00e9, Costa Rica. La Marche appelle : au d\u00e9sarmement nucl\u00e9aire ; au d\u00e9sarmement proportionnel et la renonciation par les \u00c9tats \u00e0 l'utilisation de la guerre comme instrument de r\u00e9solution des conflits ; \u00e0 l'application sans contraintes du droit fondamental d'objection de conscience \u00e0 la guerre ; \u00e0 la r\u00e9forme de l'ONU dans une direction d\u00e9mocratique avec l'abolition du droit de veto ; \u00e0 une plan\u00e8te pleinement durable ; \u00e0 l'\u00e9limination de la faim en dix ans ; aucune discrimination des \u00eatres humains pour quelque raison que ce soit ; et \u00e0 l'\u00e9ducation \u00e0 la non-violence \u00e0 tous les niveaux de scolarit\u00e9. press@theworldmarch.org https:\/\/theworldmarch.org","sameAs":["https:\/\/theworldmarch.org"],"url":"https:\/\/www.pressenza.com\/fr\/author\/marche-mondiale-pour-la-paix-et-la-non-violence\/"}]}},"place":"France","original_article_url":"","_links":{"self":[{"href":"https:\/\/www.pressenza.com\/fr\/wp-json\/wp\/v2\/posts\/2568321","targetHints":{"allow":["GET"]}}],"collection":[{"href":"https:\/\/www.pressenza.com\/fr\/wp-json\/wp\/v2\/posts"}],"about":[{"href":"https:\/\/www.pressenza.com\/fr\/wp-json\/wp\/v2\/types\/post"}],"author":[{"embeddable":true,"href":"https:\/\/www.pressenza.com\/fr\/wp-json\/wp\/v2\/users\/2405"}],"replies":[{"embeddable":true,"href":"https:\/\/www.pressenza.com\/fr\/wp-json\/wp\/v2\/comments?post=2568321"}],"version-history":[{"count":0,"href":"https:\/\/www.pressenza.com\/fr\/wp-json\/wp\/v2\/posts\/2568321\/revisions"}],"wp:featuredmedia":[{"embeddable":true,"href":"https:\/\/www.pressenza.com\/fr\/wp-json\/wp\/v2\/media\/2568327"}],"wp:attachment":[{"href":"https:\/\/www.pressenza.com\/fr\/wp-json\/wp\/v2\/media?parent=2568321"}],"wp:term":[{"taxonomy":"category","embeddable":true,"href":"https:\/\/www.pressenza.com\/fr\/wp-json\/wp\/v2\/categories?post=2568321"},{"taxonomy":"post_tag","embeddable":true,"href":"https:\/\/www.pressenza.com\/fr\/wp-json\/wp\/v2\/tags?post=2568321"}],"curies":[{"name":"wp","href":"https:\/\/api.w.org\/{rel}","templated":true}]}}