{"id":2566884,"date":"2024-11-30T17:33:04","date_gmt":"2024-11-30T17:33:04","guid":{"rendered":"https:\/\/www.pressenza.com\/?p=2566884"},"modified":"2024-11-30T17:33:04","modified_gmt":"2024-11-30T17:33:04","slug":"mettre-fin-aux-guerres-sauver-la-democratie-la-vision-de-david-swanson-apres-lobtention-du-veritable-prix-nobel-de-la-paix","status":"publish","type":"post","link":"https:\/\/www.pressenza.com\/fr\/2024\/11\/mettre-fin-aux-guerres-sauver-la-democratie-la-vision-de-david-swanson-apres-lobtention-du-veritable-prix-nobel-de-la-paix\/","title":{"rendered":"Mettre fin aux guerres, sauver la d\u00e9mocratie : La vision de David Swanson apr\u00e8s l&rsquo;obtention du V\u00e9ritable Prix Nobel de la Paix"},"content":{"rendered":"<blockquote><p><i>David Swanson, directeur ex\u00e9cutif de World Beyond War [Un monde au-del\u00e0 des guerres] et coordinateur de la campagne RootsAction.org [Action depuis les racines], a re\u00e7u le v\u00e9ritable Prix Nobel de la Paix pour 2024 lors d&rsquo;une c\u00e9r\u00e9monie \u00e9mouvante qui s&rsquo;est tenue le 10 novembre 2024 \u00e0 Oslo.<\/i> <i>J&rsquo;ai eu le plaisir de m&rsquo;asseoir avec lui \u00e0 une petite table \u00e0 l&rsquo;avant du grand auditorium imm\u00e9diatement apr\u00e8s la c\u00e9r\u00e9monie pour lui poser quelques questions importantes.<\/i><\/p><\/blockquote>\n<p><b>Tout d&rsquo;abord, je voudrais vous f\u00e9liciter d&rsquo;avoir re\u00e7u le V\u00e9ritable Prix Nobel de la Paix de la part de la \u201c<\/b><b><i>Lay Down Your Arms Foundation \u201c<\/i><\/b><b> [ Fondation d\u00e9posez vos armes ].<\/b> <b>Comment vous sentez-vous maintenant ?<\/b><\/p>\n<p>Je vous remercie. Je suis tr\u00e8s heureux, tr\u00e8s honor\u00e9, et c&rsquo;est merveilleux d&rsquo;\u00eatre ici avec toutes ces personnes qui font un travail incroyable. Recevoir ce prix, cr\u00e9\u00e9 par le regrett\u00e9 Fredrik Heffermehl, qui \u00e9tait une personne merveilleuse et un militant de la paix, est vraiment passionnant !<\/p>\n<p><b>De nombreux changements ont lieu dans le monde aujourd&rsquo;hui, notamment dans le paysage politique am\u00e9ricain.<\/b> <b>Quels changements attendez-vous dans la politique \u00e9trang\u00e8re des \u00c9tats-Unis au cours des prochains mois ?<\/b><\/p>\n<p>Je pense que cela d\u00e9pendra en grande partie de ce que les gens font &#8211; ce qui est la r\u00e9ponse que je donnerais \u00e0 n&rsquo;importe quel moment de l&rsquo;histoire. Il est tr\u00e8s dangereux de confier le pouvoir \u00e0 quelqu&rsquo;un qui cherche \u00e0 exercer une autorit\u00e9 dictatoriale. Il s&rsquo;agit d&rsquo;une personne qui a fait des d\u00e9clarations imprudentes, dont certaines sont tr\u00e8s inqui\u00e9tantes.<\/p>\n<p>Cependant, il y a aussi des raisons d&rsquo;esp\u00e9rer. Pas autant que certains pourraient le penser, car nombreux sont ceux qui ont mal plac\u00e9 leurs espoirs . Mais nous pourrions \u00eatre en mesure de faire pression pour mettre fin \u00e0 la guerre en Ukraine, et il y a une petite chance de parvenir \u00e0 une paix juste et durable. Mais cela demandera du travail, et il faudra que des esprits plus sages que Donald Trump ou Vladimir Poutine s&rsquo;assoient \u00e0 la table des n\u00e9gociations.<\/p>\n<p>Nous devons \u00eatre r\u00e9alistes. Il ne s&rsquo;agit pas d&rsquo;une figure de sauveur qui vient tout arranger. C&rsquo;est la m\u00eame personne qui a promis de mettre fin \u00e0 la guerre en Afghanistan et qui n&rsquo;a pas donn\u00e9 suite, qui a soutenu la guerre saoudienne au Y\u00e9men, qui a soutenu un coup d&rsquo;\u00c9tat au Venezuela et qui a c\u00e9l\u00e9br\u00e9 des ventes d&rsquo;armes \u00e0 des r\u00e9gimes oppressifs. Ce n&rsquo;est pas un militant de la paix.<\/p>\n<p>Mais si nous nous accrochons aux quelques promesses positives, comme le soutien \u00e0 la libert\u00e9 d&rsquo;expression et la possibilit\u00e9 de mettre fin \u00e0 la guerre en Ukraine, et si nous faisons pression pour que ces promesses soient r\u00e9alis\u00e9es de mani\u00e8re responsable, c&rsquo;est d\u00e9j\u00e0 quelque chose. C&rsquo;est possible ! Nous devons essayer.<\/p>\n<p>En m\u00eame temps, nous ne devrions pas nous tromper en pensant que nous avons perdu la d\u00e9mocratie \u00e0 cause de cet individu. En r\u00e9alit\u00e9, nous n&rsquo;avons jamais eu de v\u00e9ritable d\u00e9mocratie ; nous avons eu une oligarchie avec des politiques symboliques et identitaires. Nous devons viser une v\u00e9ritable d\u00e9mocratie.<\/p>\n<p><b>Comment pensez-vous que ces changements pourraient affecter les relations entre les \u00c9tats-Unis et l&rsquo;Europe ?<\/b><\/p>\n<p>Pas aussi radicalement que certains le craignent. Je ne pense pas que Trump retirera les \u00c9tats-Unis de l&rsquo;OTAN ou mettra fin aux contrats d&rsquo;armement avec l&rsquo;Europe. Et il est peu probable que l&rsquo;Europe puisse soutenir la guerre sans les armes am\u00e9ricaines. L&rsquo;id\u00e9e que l&rsquo;Europe puisse fournir suffisamment d&rsquo;armes de mani\u00e8re ind\u00e9pendante semble farfelue. En fait, je f\u00e9licite l&rsquo;Europe de ne pas \u00eatre le type d&rsquo;endroit qui le ferait.<\/p>\n<p>Si les \u00c9tats-Unis cessent d&rsquo;envoyer des armes \u00e0 l&rsquo;Ukraine, la paix devra venir et l&rsquo;Europe devra favoriser une r\u00e9solution juste et durable. Cela signifie qu&rsquo;il faut se concentrer sur les souhaits de la population ukrainienne, plut\u00f4t que de consid\u00e9rer la situation comme une division entre les int\u00e9r\u00eats russes et occidentaux.<\/p>\n<p>L&rsquo;Europe, comme les \u00c9tats-Unis, tend vers l&rsquo;autoritarisme. Cette tendance se poursuivra jusqu&rsquo;\u00e0 ce qu&rsquo;une alternative viable apparaisse. En raison des pressions exerc\u00e9es par l&rsquo;OTAN, les nations europ\u00e9ennes d\u00e9tournent les fonds destin\u00e9s aux services essentiels au profit de l&rsquo;armement. Mais il y a une plus grande tradition de r\u00e9sistance publique en Europe, donc je pense que c&rsquo;est plus probable que cette alternative apparaisse l\u00e0-bas.<\/p>\n<p>Les \u00c9tats-Unis sont en train de perdre une d\u00e9mocratie in\u00e9gale et imparfaite. L&rsquo;Europe, en revanche, risque de perdre certaines des soci\u00e9t\u00e9s les meilleures et les plus \u00e9galitaires. Les enjeux sont plus importants et la lutte pour la pr\u00e9servation de ces valeurs devrait \u00eatre plus intense.<\/p>\n<p><b>Comment pouvons-nous profiter de ce moment de changement pour favoriser le dialogue et r\u00e9duire les hostilit\u00e9s dans le conflit ukrainien ?<\/b><\/p>\n<p>Il y a d\u00e9j\u00e0 un certain dialogue, comme le fait que M. Trump et un ami milliardaire se sont entretenus avec M. Poutine. Contrairement au pr\u00e9sident Biden, qui ne voulait pas s&rsquo;engager avec la Russie, il y a au moins une communication maintenant.<\/p>\n<p>La question est de savoir ce qui sera dit et qui participera au dialogue. Nous avons besoin de voix exp\u00e9riment\u00e9es et r\u00e9fl\u00e9chies de tous les c\u00f4t\u00e9s, et pas seulement de milliardaires. La diplomatie devrait impliquer des personnes form\u00e9es \u00e0 l&rsquo;\u00e9tablissement de relations et \u00e0 la promotion d&rsquo;un dialogue calme et strat\u00e9gique, et non des personnes choisies pour leur richesse.<\/p>\n<p>Nous devons exhorter Trump \u00e0 mettre fin \u00e0 la guerre de mani\u00e8re durable, en pr\u00e9sence de toutes les parties prenantes. Et nous avons besoin que les personnes qui s&rsquo;opposent \u00e0 Trump protestent maintenant contre la guerre. C&rsquo;est la guerre de Trump pour eux maintenant, alors ils devraient prendre position.<\/p>\n<p>&nbsp;<\/p>\n<p><em>Traduit de l&rsquo;anglais par Evelyn Tischer<\/em><\/p>\n","protected":false},"excerpt":{"rendered":"<p>David Swanson, directeur ex\u00e9cutif de World Beyond War [Un monde au-del\u00e0 des guerres] et coordinateur de la campagne RootsAction.org [Action depuis les racines], a re\u00e7u le v\u00e9ritable Prix Nobel de la Paix pour 2024 lors d&rsquo;une c\u00e9r\u00e9monie \u00e9mouvante qui s&rsquo;est&hellip;<\/p>\n","protected":false},"author":2296,"featured_media":2566886,"comment_status":"closed","ping_status":"closed","sticky":false,"template":"","format":"standard","meta":{"footnotes":""},"categories":[11386,85,156,1250,95],"tags":[115795,262,18460,111423,111713,55606,129770],"class_list":["post-2566884","post","type-post","status-publish","format-standard","has-post-thumbnail","hentry","category-contenu-original","category-europe-fr","category-interview-fr","category-paix-desarmement","category-affaires-etrangeres","tag-david-swanson-fr","tag-democratie","tag-guerres","tag-nato-fr","tag-otan-fr-2","tag-trump-fr","tag-veritable-prix-nobel-de-la-paix"],"yoast_head":"<!-- This site is optimized with the Yoast SEO plugin v27.1.1 - https:\/\/yoast.com\/product\/yoast-seo-wordpress\/ -->\n<title>Mettre fin aux guerres, sauver la d\u00e9mocratie : La vision de David Swanson apr\u00e8s l&#039;obtention du V\u00e9ritable Prix Nobel de la Paix<\/title>\n<meta name=\"description\" content=\"David Swanson, directeur ex\u00e9cutif de World Beyond War et coordinateur de la campagne RootsAction.org , a re\u00e7u le v\u00e9ritable Prix Nobel de la Paix pour 2024\" \/>\n<meta name=\"robots\" content=\"index, follow, max-snippet:-1, max-image-preview:large, max-video-preview:-1\" \/>\n<link rel=\"canonical\" href=\"https:\/\/www.pressenza.com\/fr\/2024\/11\/mettre-fin-aux-guerres-sauver-la-democratie-la-vision-de-david-swanson-apres-lobtention-du-veritable-prix-nobel-de-la-paix\/\" \/>\n<meta property=\"og:locale\" content=\"fr_FR\" \/>\n<meta property=\"og:type\" content=\"article\" \/>\n<meta property=\"og:title\" content=\"Mettre fin aux guerres, sauver la d\u00e9mocratie : La vision de David Swanson apr\u00e8s l&#039;obtention du V\u00e9ritable Prix Nobel de la Paix\" \/>\n<meta property=\"og:description\" content=\"David Swanson, directeur ex\u00e9cutif de World Beyond War et coordinateur de la campagne RootsAction.org , a re\u00e7u le v\u00e9ritable Prix Nobel de la Paix pour 2024\" \/>\n<meta property=\"og:url\" content=\"https:\/\/www.pressenza.com\/fr\/2024\/11\/mettre-fin-aux-guerres-sauver-la-democratie-la-vision-de-david-swanson-apres-lobtention-du-veritable-prix-nobel-de-la-paix\/\" \/>\n<meta property=\"og:site_name\" content=\"Pressenza\" \/>\n<meta property=\"article:publisher\" content=\"https:\/\/www.facebook.com\/PressenzaItalia\" \/>\n<meta property=\"article:published_time\" content=\"2024-11-30T17:33:04+00:00\" \/>\n<meta property=\"og:image\" content=\"https:\/\/www.pressenza.com\/wp-content\/uploads\/2024\/11\/Real-Nobel-Peace-Prize-for-2024-1.jpg\" \/>\n\t<meta property=\"og:image:width\" content=\"1920\" \/>\n\t<meta property=\"og:image:height\" content=\"1164\" \/>\n\t<meta property=\"og:image:type\" content=\"image\/jpeg\" \/>\n<meta name=\"author\" content=\"Timo Nissil\u00e4\" \/>\n<meta name=\"twitter:card\" content=\"summary_large_image\" \/>\n<meta name=\"twitter:creator\" content=\"@PressenzaIPA\" \/>\n<meta name=\"twitter:site\" content=\"@PressenzaIPA\" \/>\n<meta name=\"twitter:label1\" content=\"\u00c9crit par\" \/>\n\t<meta name=\"twitter:data1\" content=\"Timo Nissil\u00e4\" \/>\n\t<meta name=\"twitter:label2\" content=\"Dur\u00e9e de lecture estim\u00e9e\" \/>\n\t<meta name=\"twitter:data2\" content=\"5 minutes\" \/>\n<script type=\"application\/ld+json\" class=\"yoast-schema-graph\">{\"@context\":\"https:\/\/schema.org\",\"@graph\":[{\"@type\":\"Article\",\"@id\":\"https:\/\/www.pressenza.com\/fr\/2024\/11\/mettre-fin-aux-guerres-sauver-la-democratie-la-vision-de-david-swanson-apres-lobtention-du-veritable-prix-nobel-de-la-paix\/#article\",\"isPartOf\":{\"@id\":\"https:\/\/www.pressenza.com\/fr\/2024\/11\/mettre-fin-aux-guerres-sauver-la-democratie-la-vision-de-david-swanson-apres-lobtention-du-veritable-prix-nobel-de-la-paix\/\"},\"author\":{\"name\":\"Timo Nissil\u00e4\",\"@id\":\"https:\/\/www.pressenza.com\/fr\/#\/schema\/person\/262478636762b72ca20b4d0c059667e6\"},\"headline\":\"Mettre fin aux guerres, sauver la d\u00e9mocratie : La vision de David Swanson apr\u00e8s l&rsquo;obtention du V\u00e9ritable Prix Nobel de la Paix\",\"datePublished\":\"2024-11-30T17:33:04+00:00\",\"mainEntityOfPage\":{\"@id\":\"https:\/\/www.pressenza.com\/fr\/2024\/11\/mettre-fin-aux-guerres-sauver-la-democratie-la-vision-de-david-swanson-apres-lobtention-du-veritable-prix-nobel-de-la-paix\/\"},\"wordCount\":1048,\"publisher\":{\"@id\":\"https:\/\/www.pressenza.com\/fr\/#organization\"},\"image\":{\"@id\":\"https:\/\/www.pressenza.com\/fr\/2024\/11\/mettre-fin-aux-guerres-sauver-la-democratie-la-vision-de-david-swanson-apres-lobtention-du-veritable-prix-nobel-de-la-paix\/#primaryimage\"},\"thumbnailUrl\":\"https:\/\/www.pressenza.com\/wp-content\/uploads\/2024\/11\/Real-Nobel-Peace-Prize-for-2024-1.jpg\",\"keywords\":[\"David Swanson\",\"D\u00e9mocratie\",\"Guerres\",\"NATO\",\"OTAN\",\"Trump\",\"V\u00e9ritable prix Nobel de la paix\"],\"articleSection\":[\"Contenu Original\",\"Europe\",\"Interviews\",\"Paix et D\u00e9sarmement\",\"Relations internationales\"],\"inLanguage\":\"fr-FR\"},{\"@type\":\"WebPage\",\"@id\":\"https:\/\/www.pressenza.com\/fr\/2024\/11\/mettre-fin-aux-guerres-sauver-la-democratie-la-vision-de-david-swanson-apres-lobtention-du-veritable-prix-nobel-de-la-paix\/\",\"url\":\"https:\/\/www.pressenza.com\/fr\/2024\/11\/mettre-fin-aux-guerres-sauver-la-democratie-la-vision-de-david-swanson-apres-lobtention-du-veritable-prix-nobel-de-la-paix\/\",\"name\":\"Mettre fin aux guerres, sauver la d\u00e9mocratie : La vision de David Swanson apr\u00e8s l'obtention du V\u00e9ritable Prix Nobel de la Paix\",\"isPartOf\":{\"@id\":\"https:\/\/www.pressenza.com\/fr\/#website\"},\"primaryImageOfPage\":{\"@id\":\"https:\/\/www.pressenza.com\/fr\/2024\/11\/mettre-fin-aux-guerres-sauver-la-democratie-la-vision-de-david-swanson-apres-lobtention-du-veritable-prix-nobel-de-la-paix\/#primaryimage\"},\"image\":{\"@id\":\"https:\/\/www.pressenza.com\/fr\/2024\/11\/mettre-fin-aux-guerres-sauver-la-democratie-la-vision-de-david-swanson-apres-lobtention-du-veritable-prix-nobel-de-la-paix\/#primaryimage\"},\"thumbnailUrl\":\"https:\/\/www.pressenza.com\/wp-content\/uploads\/2024\/11\/Real-Nobel-Peace-Prize-for-2024-1.jpg\",\"datePublished\":\"2024-11-30T17:33:04+00:00\",\"description\":\"David Swanson, directeur ex\u00e9cutif de World Beyond War et coordinateur de la campagne RootsAction.org , a re\u00e7u le v\u00e9ritable Prix Nobel de la Paix pour 2024\",\"breadcrumb\":{\"@id\":\"https:\/\/www.pressenza.com\/fr\/2024\/11\/mettre-fin-aux-guerres-sauver-la-democratie-la-vision-de-david-swanson-apres-lobtention-du-veritable-prix-nobel-de-la-paix\/#breadcrumb\"},\"inLanguage\":\"fr-FR\",\"potentialAction\":[{\"@type\":\"ReadAction\",\"target\":[\"https:\/\/www.pressenza.com\/fr\/2024\/11\/mettre-fin-aux-guerres-sauver-la-democratie-la-vision-de-david-swanson-apres-lobtention-du-veritable-prix-nobel-de-la-paix\/\"]}]},{\"@type\":\"ImageObject\",\"inLanguage\":\"fr-FR\",\"@id\":\"https:\/\/www.pressenza.com\/fr\/2024\/11\/mettre-fin-aux-guerres-sauver-la-democratie-la-vision-de-david-swanson-apres-lobtention-du-veritable-prix-nobel-de-la-paix\/#primaryimage\",\"url\":\"https:\/\/www.pressenza.com\/wp-content\/uploads\/2024\/11\/Real-Nobel-Peace-Prize-for-2024-1.jpg\",\"contentUrl\":\"https:\/\/www.pressenza.com\/wp-content\/uploads\/2024\/11\/Real-Nobel-Peace-Prize-for-2024-1.jpg\",\"width\":1920,\"height\":1164},{\"@type\":\"BreadcrumbList\",\"@id\":\"https:\/\/www.pressenza.com\/fr\/2024\/11\/mettre-fin-aux-guerres-sauver-la-democratie-la-vision-de-david-swanson-apres-lobtention-du-veritable-prix-nobel-de-la-paix\/#breadcrumb\",\"itemListElement\":[{\"@type\":\"ListItem\",\"position\":1,\"name\":\"Accueil\",\"item\":\"https:\/\/www.pressenza.com\/fr\/\"},{\"@type\":\"ListItem\",\"position\":2,\"name\":\"Mettre fin aux guerres, sauver la d\u00e9mocratie : La vision de David Swanson apr\u00e8s l&rsquo;obtention du V\u00e9ritable Prix Nobel de la Paix\"}]},{\"@type\":\"WebSite\",\"@id\":\"https:\/\/www.pressenza.com\/fr\/#website\",\"url\":\"https:\/\/www.pressenza.com\/fr\/\",\"name\":\"Pressenza\",\"description\":\"International Press Agency\",\"publisher\":{\"@id\":\"https:\/\/www.pressenza.com\/fr\/#organization\"},\"potentialAction\":[{\"@type\":\"SearchAction\",\"target\":{\"@type\":\"EntryPoint\",\"urlTemplate\":\"https:\/\/www.pressenza.com\/fr\/?s={search_term_string}\"},\"query-input\":{\"@type\":\"PropertyValueSpecification\",\"valueRequired\":true,\"valueName\":\"search_term_string\"}}],\"inLanguage\":\"fr-FR\"},{\"@type\":\"Organization\",\"@id\":\"https:\/\/www.pressenza.com\/fr\/#organization\",\"name\":\"Pressenza\",\"url\":\"https:\/\/www.pressenza.com\/fr\/\",\"logo\":{\"@type\":\"ImageObject\",\"inLanguage\":\"fr-FR\",\"@id\":\"https:\/\/www.pressenza.com\/fr\/#\/schema\/logo\/image\/\",\"url\":\"https:\/\/www.pressenza.com\/wp-content\/uploads\/2022\/10\/pressenza_logo_200x200.jpg\",\"contentUrl\":\"https:\/\/www.pressenza.com\/wp-content\/uploads\/2022\/10\/pressenza_logo_200x200.jpg\",\"width\":200,\"height\":200,\"caption\":\"Pressenza\"},\"image\":{\"@id\":\"https:\/\/www.pressenza.com\/fr\/#\/schema\/logo\/image\/\"},\"sameAs\":[\"https:\/\/www.facebook.com\/PressenzaItalia\",\"https:\/\/x.com\/PressenzaIPA\"]},{\"@type\":\"Person\",\"@id\":\"https:\/\/www.pressenza.com\/fr\/#\/schema\/person\/262478636762b72ca20b4d0c059667e6\",\"name\":\"Timo Nissil\u00e4\",\"description\":\"Timo Nissil\u00e4 has bachelor\u2019s degrees in both social sciences (political theory) and engineering. He has worked for 20 years in the pharmaceutical industry and is a passionate follower of debate and opinions on international relations. He is particularly interested in how prejudices and beliefs that enable violence are constructed and how they can be acted upon to reduce violence. He lives in Espoo, Finland.\",\"url\":\"https:\/\/www.pressenza.com\/fr\/author\/timo-nissila\/\"}]}<\/script>\n<!-- \/ Yoast SEO plugin. -->","yoast_head_json":{"title":"Mettre fin aux guerres, sauver la d\u00e9mocratie : La vision de David Swanson apr\u00e8s l'obtention du V\u00e9ritable Prix Nobel de la Paix","description":"David Swanson, directeur ex\u00e9cutif de World Beyond War et coordinateur de la campagne RootsAction.org , a re\u00e7u le v\u00e9ritable Prix Nobel de la Paix pour 2024","robots":{"index":"index","follow":"follow","max-snippet":"max-snippet:-1","max-image-preview":"max-image-preview:large","max-video-preview":"max-video-preview:-1"},"canonical":"https:\/\/www.pressenza.com\/fr\/2024\/11\/mettre-fin-aux-guerres-sauver-la-democratie-la-vision-de-david-swanson-apres-lobtention-du-veritable-prix-nobel-de-la-paix\/","og_locale":"fr_FR","og_type":"article","og_title":"Mettre fin aux guerres, sauver la d\u00e9mocratie : La vision de David Swanson apr\u00e8s l'obtention du V\u00e9ritable Prix Nobel de la Paix","og_description":"David Swanson, directeur ex\u00e9cutif de World Beyond War et coordinateur de la campagne RootsAction.org , a re\u00e7u le v\u00e9ritable Prix Nobel de la Paix pour 2024","og_url":"https:\/\/www.pressenza.com\/fr\/2024\/11\/mettre-fin-aux-guerres-sauver-la-democratie-la-vision-de-david-swanson-apres-lobtention-du-veritable-prix-nobel-de-la-paix\/","og_site_name":"Pressenza","article_publisher":"https:\/\/www.facebook.com\/PressenzaItalia","article_published_time":"2024-11-30T17:33:04+00:00","og_image":[{"width":1920,"height":1164,"url":"https:\/\/www.pressenza.com\/wp-content\/uploads\/2024\/11\/Real-Nobel-Peace-Prize-for-2024-1.jpg","type":"image\/jpeg"}],"author":"Timo Nissil\u00e4","twitter_card":"summary_large_image","twitter_creator":"@PressenzaIPA","twitter_site":"@PressenzaIPA","twitter_misc":{"\u00c9crit par":"Timo Nissil\u00e4","Dur\u00e9e de lecture estim\u00e9e":"5 minutes"},"schema":{"@context":"https:\/\/schema.org","@graph":[{"@type":"Article","@id":"https:\/\/www.pressenza.com\/fr\/2024\/11\/mettre-fin-aux-guerres-sauver-la-democratie-la-vision-de-david-swanson-apres-lobtention-du-veritable-prix-nobel-de-la-paix\/#article","isPartOf":{"@id":"https:\/\/www.pressenza.com\/fr\/2024\/11\/mettre-fin-aux-guerres-sauver-la-democratie-la-vision-de-david-swanson-apres-lobtention-du-veritable-prix-nobel-de-la-paix\/"},"author":{"name":"Timo Nissil\u00e4","@id":"https:\/\/www.pressenza.com\/fr\/#\/schema\/person\/262478636762b72ca20b4d0c059667e6"},"headline":"Mettre fin aux guerres, sauver la d\u00e9mocratie : La vision de David Swanson apr\u00e8s l&rsquo;obtention du V\u00e9ritable Prix Nobel de la Paix","datePublished":"2024-11-30T17:33:04+00:00","mainEntityOfPage":{"@id":"https:\/\/www.pressenza.com\/fr\/2024\/11\/mettre-fin-aux-guerres-sauver-la-democratie-la-vision-de-david-swanson-apres-lobtention-du-veritable-prix-nobel-de-la-paix\/"},"wordCount":1048,"publisher":{"@id":"https:\/\/www.pressenza.com\/fr\/#organization"},"image":{"@id":"https:\/\/www.pressenza.com\/fr\/2024\/11\/mettre-fin-aux-guerres-sauver-la-democratie-la-vision-de-david-swanson-apres-lobtention-du-veritable-prix-nobel-de-la-paix\/#primaryimage"},"thumbnailUrl":"https:\/\/www.pressenza.com\/wp-content\/uploads\/2024\/11\/Real-Nobel-Peace-Prize-for-2024-1.jpg","keywords":["David Swanson","D\u00e9mocratie","Guerres","NATO","OTAN","Trump","V\u00e9ritable prix Nobel de la paix"],"articleSection":["Contenu Original","Europe","Interviews","Paix et D\u00e9sarmement","Relations internationales"],"inLanguage":"fr-FR"},{"@type":"WebPage","@id":"https:\/\/www.pressenza.com\/fr\/2024\/11\/mettre-fin-aux-guerres-sauver-la-democratie-la-vision-de-david-swanson-apres-lobtention-du-veritable-prix-nobel-de-la-paix\/","url":"https:\/\/www.pressenza.com\/fr\/2024\/11\/mettre-fin-aux-guerres-sauver-la-democratie-la-vision-de-david-swanson-apres-lobtention-du-veritable-prix-nobel-de-la-paix\/","name":"Mettre fin aux guerres, sauver la d\u00e9mocratie : La vision de David Swanson apr\u00e8s l'obtention du V\u00e9ritable Prix Nobel de la Paix","isPartOf":{"@id":"https:\/\/www.pressenza.com\/fr\/#website"},"primaryImageOfPage":{"@id":"https:\/\/www.pressenza.com\/fr\/2024\/11\/mettre-fin-aux-guerres-sauver-la-democratie-la-vision-de-david-swanson-apres-lobtention-du-veritable-prix-nobel-de-la-paix\/#primaryimage"},"image":{"@id":"https:\/\/www.pressenza.com\/fr\/2024\/11\/mettre-fin-aux-guerres-sauver-la-democratie-la-vision-de-david-swanson-apres-lobtention-du-veritable-prix-nobel-de-la-paix\/#primaryimage"},"thumbnailUrl":"https:\/\/www.pressenza.com\/wp-content\/uploads\/2024\/11\/Real-Nobel-Peace-Prize-for-2024-1.jpg","datePublished":"2024-11-30T17:33:04+00:00","description":"David Swanson, directeur ex\u00e9cutif de World Beyond War et coordinateur de la campagne RootsAction.org , a re\u00e7u le v\u00e9ritable Prix Nobel de la Paix pour 2024","breadcrumb":{"@id":"https:\/\/www.pressenza.com\/fr\/2024\/11\/mettre-fin-aux-guerres-sauver-la-democratie-la-vision-de-david-swanson-apres-lobtention-du-veritable-prix-nobel-de-la-paix\/#breadcrumb"},"inLanguage":"fr-FR","potentialAction":[{"@type":"ReadAction","target":["https:\/\/www.pressenza.com\/fr\/2024\/11\/mettre-fin-aux-guerres-sauver-la-democratie-la-vision-de-david-swanson-apres-lobtention-du-veritable-prix-nobel-de-la-paix\/"]}]},{"@type":"ImageObject","inLanguage":"fr-FR","@id":"https:\/\/www.pressenza.com\/fr\/2024\/11\/mettre-fin-aux-guerres-sauver-la-democratie-la-vision-de-david-swanson-apres-lobtention-du-veritable-prix-nobel-de-la-paix\/#primaryimage","url":"https:\/\/www.pressenza.com\/wp-content\/uploads\/2024\/11\/Real-Nobel-Peace-Prize-for-2024-1.jpg","contentUrl":"https:\/\/www.pressenza.com\/wp-content\/uploads\/2024\/11\/Real-Nobel-Peace-Prize-for-2024-1.jpg","width":1920,"height":1164},{"@type":"BreadcrumbList","@id":"https:\/\/www.pressenza.com\/fr\/2024\/11\/mettre-fin-aux-guerres-sauver-la-democratie-la-vision-de-david-swanson-apres-lobtention-du-veritable-prix-nobel-de-la-paix\/#breadcrumb","itemListElement":[{"@type":"ListItem","position":1,"name":"Accueil","item":"https:\/\/www.pressenza.com\/fr\/"},{"@type":"ListItem","position":2,"name":"Mettre fin aux guerres, sauver la d\u00e9mocratie : La vision de David Swanson apr\u00e8s l&rsquo;obtention du V\u00e9ritable Prix Nobel de la Paix"}]},{"@type":"WebSite","@id":"https:\/\/www.pressenza.com\/fr\/#website","url":"https:\/\/www.pressenza.com\/fr\/","name":"Pressenza","description":"International Press Agency","publisher":{"@id":"https:\/\/www.pressenza.com\/fr\/#organization"},"potentialAction":[{"@type":"SearchAction","target":{"@type":"EntryPoint","urlTemplate":"https:\/\/www.pressenza.com\/fr\/?s={search_term_string}"},"query-input":{"@type":"PropertyValueSpecification","valueRequired":true,"valueName":"search_term_string"}}],"inLanguage":"fr-FR"},{"@type":"Organization","@id":"https:\/\/www.pressenza.com\/fr\/#organization","name":"Pressenza","url":"https:\/\/www.pressenza.com\/fr\/","logo":{"@type":"ImageObject","inLanguage":"fr-FR","@id":"https:\/\/www.pressenza.com\/fr\/#\/schema\/logo\/image\/","url":"https:\/\/www.pressenza.com\/wp-content\/uploads\/2022\/10\/pressenza_logo_200x200.jpg","contentUrl":"https:\/\/www.pressenza.com\/wp-content\/uploads\/2022\/10\/pressenza_logo_200x200.jpg","width":200,"height":200,"caption":"Pressenza"},"image":{"@id":"https:\/\/www.pressenza.com\/fr\/#\/schema\/logo\/image\/"},"sameAs":["https:\/\/www.facebook.com\/PressenzaItalia","https:\/\/x.com\/PressenzaIPA"]},{"@type":"Person","@id":"https:\/\/www.pressenza.com\/fr\/#\/schema\/person\/262478636762b72ca20b4d0c059667e6","name":"Timo Nissil\u00e4","description":"Timo Nissil\u00e4 has bachelor\u2019s degrees in both social sciences (political theory) and engineering. He has worked for 20 years in the pharmaceutical industry and is a passionate follower of debate and opinions on international relations. He is particularly interested in how prejudices and beliefs that enable violence are constructed and how they can be acted upon to reduce violence. He lives in Espoo, Finland.","url":"https:\/\/www.pressenza.com\/fr\/author\/timo-nissila\/"}]}},"place":"Oslo, Norv\u00e8ge","original_article_url":"","_links":{"self":[{"href":"https:\/\/www.pressenza.com\/fr\/wp-json\/wp\/v2\/posts\/2566884","targetHints":{"allow":["GET"]}}],"collection":[{"href":"https:\/\/www.pressenza.com\/fr\/wp-json\/wp\/v2\/posts"}],"about":[{"href":"https:\/\/www.pressenza.com\/fr\/wp-json\/wp\/v2\/types\/post"}],"author":[{"embeddable":true,"href":"https:\/\/www.pressenza.com\/fr\/wp-json\/wp\/v2\/users\/2296"}],"replies":[{"embeddable":true,"href":"https:\/\/www.pressenza.com\/fr\/wp-json\/wp\/v2\/comments?post=2566884"}],"version-history":[{"count":0,"href":"https:\/\/www.pressenza.com\/fr\/wp-json\/wp\/v2\/posts\/2566884\/revisions"}],"wp:featuredmedia":[{"embeddable":true,"href":"https:\/\/www.pressenza.com\/fr\/wp-json\/wp\/v2\/media\/2566886"}],"wp:attachment":[{"href":"https:\/\/www.pressenza.com\/fr\/wp-json\/wp\/v2\/media?parent=2566884"}],"wp:term":[{"taxonomy":"category","embeddable":true,"href":"https:\/\/www.pressenza.com\/fr\/wp-json\/wp\/v2\/categories?post=2566884"},{"taxonomy":"post_tag","embeddable":true,"href":"https:\/\/www.pressenza.com\/fr\/wp-json\/wp\/v2\/tags?post=2566884"}],"curies":[{"name":"wp","href":"https:\/\/api.w.org\/{rel}","templated":true}]}}