{"id":2564299,"date":"2024-11-21T14:59:03","date_gmt":"2024-11-21T14:59:03","guid":{"rendered":"https:\/\/www.pressenza.com\/?p=2564299"},"modified":"2024-11-22T13:49:26","modified_gmt":"2024-11-22T13:49:26","slug":"r-a-c-reseau-artistique-et-culturel-du-senegal-un-portail-interactif-pour-decouvrir-les-festivals-et-les-espaces-de-production-culturel-du-pays","status":"publish","type":"post","link":"https:\/\/www.pressenza.com\/fr\/2024\/11\/r-a-c-reseau-artistique-et-culturel-du-senegal-un-portail-interactif-pour-decouvrir-les-festivals-et-les-espaces-de-production-culturel-du-pays\/","title":{"rendered":"R.A.C. \u2013 R\u00e9seau Artistique et Culturel du S\u00e9n\u00e9gal. Un portail interactif pour d\u00e9couvrir les festivals et les espaces de production culturelle du Pays"},"content":{"rendered":"<p class=\"western\" style=\"text-align: left;\" align=\"right\">Le 12 novembre, \u00ab R.A.C. &#8211; R\u00e9seau Artistique et Culturel du S\u00e9n\u00e9gal \u00bb, un portail interactif permettant de d\u00e9couvrir les festivals et les espaces de production artistique et culturelle du pays, a \u00e9t\u00e9 officiellement pr\u00e9sent\u00e9 \u00e0 la Maison des Cultures Urbaines de Dakar.<\/p>\n<p class=\"western\" style=\"text-align: left;\" align=\"right\">L&rsquo;\u00e9v\u00e9nement a d\u00e9but\u00e9 par une introduction d&rsquo;Ismaila Ba, coordinateur de la MCU et h\u00f4te de l&rsquo;initiative. Sont ensuite intervenus Alessandro Calizza, pr\u00e9sident de San Lorenzo Art District, qui a expliqu\u00e9 comment le projet est n\u00e9 et quels en sont ses objectifs ; Insa Tamba, pr\u00e9sident de \u00c9nergie pour les Droits de l&rsquo;Homme S\u00e9n\u00e9gal, a, pour sa part, racont\u00e9 les \u00e9tapes parcourues et les difficult\u00e9s rencontr\u00e9es ; Carlotta Monteverde, de Energia per i Diritti Umani Italia, a pr\u00e9sent\u00e9 le calendrier des travaux qui se d\u00e9rouleront tout au long de l&rsquo;ann\u00e9e 2025.<\/p>\n<div class=\"post-gallery\">\n\t\t\t<figure class=\"post-gallery-item\">\n\t\t\t\t<img decoding=\"async\" src=\"https:\/\/www.pressenza.com\/wp-content\/uploads\/2024\/11\/Dakar-RAC06-820x506.jpg\" loading=\"lazy\">\n\t\t\t\t<figcaption>\n\t\t\t\t\t\n\t\t\t\t<\/figcaption>\n\t\t\t<\/figure>\n\t\t\t<figure class=\"post-gallery-item\">\n\t\t\t\t<img decoding=\"async\" src=\"https:\/\/www.pressenza.com\/wp-content\/uploads\/2024\/11\/Dakar-RAC05-820x431.jpg\" loading=\"lazy\">\n\t\t\t\t<figcaption>\n\t\t\t\t\t\n\t\t\t\t<\/figcaption>\n\t\t\t<\/figure>\n\t\t\t<figure class=\"post-gallery-item\">\n\t\t\t\t<img decoding=\"async\" src=\"https:\/\/www.pressenza.com\/wp-content\/uploads\/2024\/11\/Dakar-RAC04-820x562.jpg\" loading=\"lazy\">\n\t\t\t\t<figcaption>\n\t\t\t\t\t\n\t\t\t\t<\/figcaption>\n\t\t\t<\/figure>\n\t\t\t<figure class=\"post-gallery-item\">\n\t\t\t\t<img decoding=\"async\" src=\"https:\/\/www.pressenza.com\/wp-content\/uploads\/2024\/11\/Dakar-RAC03-820x528.jpg\" loading=\"lazy\">\n\t\t\t\t<figcaption>\n\t\t\t\t\t\n\t\t\t\t<\/figcaption>\n\t\t\t<\/figure>\n\t\t\t<figure class=\"post-gallery-item\">\n\t\t\t\t<img decoding=\"async\" src=\"https:\/\/www.pressenza.com\/wp-content\/uploads\/2024\/11\/Dakar-RAC02-820x655.jpg\" loading=\"lazy\">\n\t\t\t\t<figcaption>\n\t\t\t\t\t\n\t\t\t\t<\/figcaption>\n\t\t\t<\/figure>\n\t\t\t<figure class=\"post-gallery-item\">\n\t\t\t\t<img decoding=\"async\" src=\"https:\/\/www.pressenza.com\/wp-content\/uploads\/2024\/11\/Dakar-RAC01-820x466.jpg\" loading=\"lazy\">\n\t\t\t\t<figcaption>\n\t\t\t\t\t\n\t\t\t\t<\/figcaption>\n\t\t\t<\/figure><\/div>\n<p class=\"western\">\u00ab R.A.C. &#8211; R\u00e9seau Artistique et Culturel du S\u00e9n\u00e9gal \u00bb a pour objectif de mettre en valeur le dynamisme de la sc\u00e8ne cr\u00e9ative nationale en cartographiant l&rsquo;ensemble des r\u00e9alit\u00e9s de la cr\u00e9ation contemporaine pr\u00e9sentes sur le territoire.<\/p>\n<p class=\"western\">La plateforme,\u00a0\u00a0 www.racsenegal.org, est compos\u00e9e de deux parties : les formulaires pour recueillir les adh\u00e9sions et les souscriptions des acteurs individuels et des institutions, et la carte proprement dite, qui, une fois achev\u00e9e, permettra de naviguer quartier par quartier, ville par ville, \u00e0 la recherche de tous ces lieux, cach\u00e9s ou non, o\u00f9 les arts contemporains naissent, grandissent, \u00e9voluent. Pour chaque espace, centre, festival et\/ou compagnie, il est d\u00e9j\u00e0 possible d&rsquo;obtenir une multitude d&rsquo;informations. En acc\u00e9dant \u00e0 la page qui leur est consacr\u00e9e sur le site, on parcourt les descriptions d\u00e9taill\u00e9es, les coordonn\u00e9es et les liens vers les m\u00e9dias sociaux pour d\u00e9couvrir le calendrier de chaque \u00e9v\u00e9nement.<\/p>\n<p class=\"western\">L&rsquo;initiative s&rsquo;adresse \u00e0 une pluralit\u00e9 de personnes, du public local \u00e0 la recherche de propositions culturelles aux touristes \u00e9trangers d\u00e9sireux d&rsquo;explorer le riche patrimoine du pays.\u00a0 Les objectifs sont multiples : il s&rsquo;agit non seulement de mettre en relation les acteurs de la sc\u00e8ne s\u00e9n\u00e9galaise, mais aussi de devenir un pont international entre les op\u00e9rateurs culturels, ainsi qu&rsquo;un outil de recherche pour les passionn\u00e9s et les intellectuels. Une ressource unique, la premi\u00e8re du genre, o\u00f9 l&rsquo;\u00e9norme quantit\u00e9 et la qualit\u00e9 des projets existants, en cours et \u00e0 venir, peuvent \u00eatre archiv\u00e9s dans un seul conteneur.<\/p>\n<p class=\"western\">L&rsquo;objectif est de cr\u00e9er une communaut\u00e9 florissante, en ligne et hors ligne, qui encourage la collaboration, favorise les \u00e9changes et soutient la croissance des industries cr\u00e9atives du S\u00e9n\u00e9gal. En fournissant un centre d&rsquo;information et de documentation centralis\u00e9, il vise \u00e0 renforcer les capacit\u00e9s des artistes et des organisations culturelles et \u00e0 inspirer une nouvelle g\u00e9n\u00e9ration de cr\u00e9ateurs.<\/p>\n<p class=\"western\">Le portail est gratuit pour les cr\u00e9ateurs et les visiteurs et, dans les mois \u00e0 venir, il fera le tour des 14 r\u00e9gions pour recueillir des donn\u00e9es sur les initiatives existantes dans tout le pays.<\/p>\n<p class=\"western\"><b>R.A.C S\u00e9n\u00e9gal<br \/>\n<\/b><span style=\"color: #0563c1;\"><u><a href=\"http:\/\/www.racsenegal.org\/\">www.racsenegal.org<\/a><\/u><\/span> | <span style=\"color: #0563c1;\"><u><a href=\"mailto:info@racsenegal.org\">info@racsenegal.org<\/a><\/u><\/span><\/p>\n<p class=\"western\">Pour en savoir plus sur le projet : <span style=\"color: #0563c1;\"><u><a href=\"https:\/\/www.racsenegal.org\/projet\/\">https:\/\/www.racsenegal.org\/projet\/<\/a><\/u><\/span><\/p>\n<p class=\"western\"><b>R.A.C. S\u00e9n\u00e9gal<\/b> est n\u00e9 de la synergie entre plusieurs r\u00e9alit\u00e9s italiennes et s\u00e9n\u00e9galaises. Plus pr\u00e9cis\u00e9ment, il est le fruit de la volont\u00e9 de certains membres des associations <b>\u00c9nergie pour les Droits de l\u2019Homme S\u00e9n\u00e9gal<\/b>, <b>Energia per i Diritti Umani Italia<\/b> et <b>SA.L.A.D. San Lorenzo Art District<\/b> (le district artistique de Rome).<\/p>\n","protected":false},"excerpt":{"rendered":"<p>Le 12 novembre, \u00ab R.A.C. &#8211; R\u00e9seau Artistique et Culturel du S\u00e9n\u00e9gal \u00bb, un portail interactif permettant de d\u00e9couvrir les festivals et les espaces de production artistique et culturelle du pays, a \u00e9t\u00e9 officiellement pr\u00e9sent\u00e9 \u00e0 la Maison des Cultures&hellip;<\/p>\n","protected":false},"author":1398,"featured_media":2564305,"comment_status":"closed","ping_status":"closed","sticky":false,"template":"","format":"standard","meta":{"footnotes":""},"categories":[11386,94,5700],"tags":[129421,129420,1074],"class_list":["post-2564299","post","type-post","status-publish","format-standard","has-post-thumbnail","hentry","category-contenu-original","category-culture-fr","category-reportages-photo","tag-festivals-fr","tag-r-a-c","tag-senegal"],"yoast_head":"<!-- This site is optimized with the Yoast SEO plugin v27.1.1 - https:\/\/yoast.com\/product\/yoast-seo-wordpress\/ -->\n<title>R.A.C. \u2013 R\u00e9seau Artistique et Culturel du S\u00e9n\u00e9gal. Un portail interactif pour d\u00e9couvrir les festivals et les espaces de production culturelle du Pays<\/title>\n<meta name=\"description\" content=\"Le 12 novembre, \u00ab R.A.C. - R\u00e9seau Artistique et Culturel du S\u00e9n\u00e9gal \u00bb, un portail interactif permettant de d\u00e9couvrir les festivals et les espaces de\" \/>\n<meta name=\"robots\" content=\"index, follow, max-snippet:-1, max-image-preview:large, max-video-preview:-1\" \/>\n<link rel=\"canonical\" href=\"https:\/\/www.pressenza.com\/fr\/2024\/11\/r-a-c-reseau-artistique-et-culturel-du-senegal-un-portail-interactif-pour-decouvrir-les-festivals-et-les-espaces-de-production-culturel-du-pays\/\" \/>\n<meta property=\"og:locale\" content=\"fr_FR\" \/>\n<meta property=\"og:type\" content=\"article\" \/>\n<meta property=\"og:title\" content=\"R.A.C. \u2013 R\u00e9seau Artistique et Culturel du S\u00e9n\u00e9gal. Un portail interactif pour d\u00e9couvrir les festivals et les espaces de production culturelle du Pays\" \/>\n<meta property=\"og:description\" content=\"Le 12 novembre, \u00ab R.A.C. - R\u00e9seau Artistique et Culturel du S\u00e9n\u00e9gal \u00bb, un portail interactif permettant de d\u00e9couvrir les festivals et les espaces de\" \/>\n<meta property=\"og:url\" content=\"https:\/\/www.pressenza.com\/fr\/2024\/11\/r-a-c-reseau-artistique-et-culturel-du-senegal-un-portail-interactif-pour-decouvrir-les-festivals-et-les-espaces-de-production-culturel-du-pays\/\" \/>\n<meta property=\"og:site_name\" content=\"Pressenza\" \/>\n<meta property=\"article:publisher\" content=\"https:\/\/www.facebook.com\/PressenzaItalia\" \/>\n<meta property=\"article:published_time\" content=\"2024-11-21T14:59:03+00:00\" \/>\n<meta property=\"article:modified_time\" content=\"2024-11-22T13:49:26+00:00\" \/>\n<meta property=\"og:image\" content=\"https:\/\/www.pressenza.com\/wp-content\/uploads\/2024\/11\/Dakar-RAC01.jpg\" \/>\n\t<meta property=\"og:image:width\" content=\"850\" \/>\n\t<meta property=\"og:image:height\" content=\"483\" \/>\n\t<meta property=\"og:image:type\" content=\"image\/jpeg\" \/>\n<meta name=\"author\" content=\"Energia per i Diritti Umani\" \/>\n<meta name=\"twitter:card\" content=\"summary_large_image\" \/>\n<meta name=\"twitter:creator\" content=\"@PressenzaIPA\" \/>\n<meta name=\"twitter:site\" content=\"@PressenzaIPA\" \/>\n<meta name=\"twitter:label1\" content=\"\u00c9crit par\" \/>\n\t<meta name=\"twitter:data1\" content=\"Energia per i Diritti Umani\" \/>\n\t<meta name=\"twitter:label2\" content=\"Dur\u00e9e de lecture estim\u00e9e\" \/>\n\t<meta name=\"twitter:data2\" content=\"3 minutes\" \/>\n<script type=\"application\/ld+json\" class=\"yoast-schema-graph\">{\"@context\":\"https:\/\/schema.org\",\"@graph\":[{\"@type\":\"Article\",\"@id\":\"https:\/\/www.pressenza.com\/fr\/2024\/11\/r-a-c-reseau-artistique-et-culturel-du-senegal-un-portail-interactif-pour-decouvrir-les-festivals-et-les-espaces-de-production-culturel-du-pays\/#article\",\"isPartOf\":{\"@id\":\"https:\/\/www.pressenza.com\/fr\/2024\/11\/r-a-c-reseau-artistique-et-culturel-du-senegal-un-portail-interactif-pour-decouvrir-les-festivals-et-les-espaces-de-production-culturel-du-pays\/\"},\"author\":{\"name\":\"Energia per i Diritti Umani\",\"@id\":\"https:\/\/www.pressenza.com\/fr\/#\/schema\/person\/dd1fcddd8e85d3d407a3e898e88bb1df\"},\"headline\":\"R.A.C. \u2013 R\u00e9seau Artistique et Culturel du S\u00e9n\u00e9gal. Un portail interactif pour d\u00e9couvrir les festivals et les espaces de production culturelle du Pays\",\"datePublished\":\"2024-11-21T14:59:03+00:00\",\"dateModified\":\"2024-11-22T13:49:26+00:00\",\"mainEntityOfPage\":{\"@id\":\"https:\/\/www.pressenza.com\/fr\/2024\/11\/r-a-c-reseau-artistique-et-culturel-du-senegal-un-portail-interactif-pour-decouvrir-les-festivals-et-les-espaces-de-production-culturel-du-pays\/\"},\"wordCount\":646,\"publisher\":{\"@id\":\"https:\/\/www.pressenza.com\/fr\/#organization\"},\"image\":{\"@id\":\"https:\/\/www.pressenza.com\/fr\/2024\/11\/r-a-c-reseau-artistique-et-culturel-du-senegal-un-portail-interactif-pour-decouvrir-les-festivals-et-les-espaces-de-production-culturel-du-pays\/#primaryimage\"},\"thumbnailUrl\":\"https:\/\/www.pressenza.com\/wp-content\/uploads\/2024\/11\/Dakar-RAC01.jpg\",\"keywords\":[\"Festivals\",\"R.A.C\",\"S\u00e9n\u00e9gal\"],\"articleSection\":[\"Contenu Original\",\"Culture et M\u00e9dias\",\"Reportages photo\"],\"inLanguage\":\"fr-FR\"},{\"@type\":\"WebPage\",\"@id\":\"https:\/\/www.pressenza.com\/fr\/2024\/11\/r-a-c-reseau-artistique-et-culturel-du-senegal-un-portail-interactif-pour-decouvrir-les-festivals-et-les-espaces-de-production-culturel-du-pays\/\",\"url\":\"https:\/\/www.pressenza.com\/fr\/2024\/11\/r-a-c-reseau-artistique-et-culturel-du-senegal-un-portail-interactif-pour-decouvrir-les-festivals-et-les-espaces-de-production-culturel-du-pays\/\",\"name\":\"R.A.C. \u2013 R\u00e9seau Artistique et Culturel du S\u00e9n\u00e9gal. Un portail interactif pour d\u00e9couvrir les festivals et les espaces de production culturelle du Pays\",\"isPartOf\":{\"@id\":\"https:\/\/www.pressenza.com\/fr\/#website\"},\"primaryImageOfPage\":{\"@id\":\"https:\/\/www.pressenza.com\/fr\/2024\/11\/r-a-c-reseau-artistique-et-culturel-du-senegal-un-portail-interactif-pour-decouvrir-les-festivals-et-les-espaces-de-production-culturel-du-pays\/#primaryimage\"},\"image\":{\"@id\":\"https:\/\/www.pressenza.com\/fr\/2024\/11\/r-a-c-reseau-artistique-et-culturel-du-senegal-un-portail-interactif-pour-decouvrir-les-festivals-et-les-espaces-de-production-culturel-du-pays\/#primaryimage\"},\"thumbnailUrl\":\"https:\/\/www.pressenza.com\/wp-content\/uploads\/2024\/11\/Dakar-RAC01.jpg\",\"datePublished\":\"2024-11-21T14:59:03+00:00\",\"dateModified\":\"2024-11-22T13:49:26+00:00\",\"description\":\"Le 12 novembre, \u00ab R.A.C. - R\u00e9seau Artistique et Culturel du S\u00e9n\u00e9gal \u00bb, un portail interactif permettant de d\u00e9couvrir les festivals et les espaces de\",\"breadcrumb\":{\"@id\":\"https:\/\/www.pressenza.com\/fr\/2024\/11\/r-a-c-reseau-artistique-et-culturel-du-senegal-un-portail-interactif-pour-decouvrir-les-festivals-et-les-espaces-de-production-culturel-du-pays\/#breadcrumb\"},\"inLanguage\":\"fr-FR\",\"potentialAction\":[{\"@type\":\"ReadAction\",\"target\":[\"https:\/\/www.pressenza.com\/fr\/2024\/11\/r-a-c-reseau-artistique-et-culturel-du-senegal-un-portail-interactif-pour-decouvrir-les-festivals-et-les-espaces-de-production-culturel-du-pays\/\"]}]},{\"@type\":\"ImageObject\",\"inLanguage\":\"fr-FR\",\"@id\":\"https:\/\/www.pressenza.com\/fr\/2024\/11\/r-a-c-reseau-artistique-et-culturel-du-senegal-un-portail-interactif-pour-decouvrir-les-festivals-et-les-espaces-de-production-culturel-du-pays\/#primaryimage\",\"url\":\"https:\/\/www.pressenza.com\/wp-content\/uploads\/2024\/11\/Dakar-RAC01.jpg\",\"contentUrl\":\"https:\/\/www.pressenza.com\/wp-content\/uploads\/2024\/11\/Dakar-RAC01.jpg\",\"width\":850,\"height\":483},{\"@type\":\"BreadcrumbList\",\"@id\":\"https:\/\/www.pressenza.com\/fr\/2024\/11\/r-a-c-reseau-artistique-et-culturel-du-senegal-un-portail-interactif-pour-decouvrir-les-festivals-et-les-espaces-de-production-culturel-du-pays\/#breadcrumb\",\"itemListElement\":[{\"@type\":\"ListItem\",\"position\":1,\"name\":\"Accueil\",\"item\":\"https:\/\/www.pressenza.com\/fr\/\"},{\"@type\":\"ListItem\",\"position\":2,\"name\":\"R.A.C. \u2013 R\u00e9seau Artistique et Culturel du S\u00e9n\u00e9gal. Un portail interactif pour d\u00e9couvrir les festivals et les espaces de production culturelle du Pays\"}]},{\"@type\":\"WebSite\",\"@id\":\"https:\/\/www.pressenza.com\/fr\/#website\",\"url\":\"https:\/\/www.pressenza.com\/fr\/\",\"name\":\"Pressenza\",\"description\":\"International Press Agency\",\"publisher\":{\"@id\":\"https:\/\/www.pressenza.com\/fr\/#organization\"},\"potentialAction\":[{\"@type\":\"SearchAction\",\"target\":{\"@type\":\"EntryPoint\",\"urlTemplate\":\"https:\/\/www.pressenza.com\/fr\/?s={search_term_string}\"},\"query-input\":{\"@type\":\"PropertyValueSpecification\",\"valueRequired\":true,\"valueName\":\"search_term_string\"}}],\"inLanguage\":\"fr-FR\"},{\"@type\":\"Organization\",\"@id\":\"https:\/\/www.pressenza.com\/fr\/#organization\",\"name\":\"Pressenza\",\"url\":\"https:\/\/www.pressenza.com\/fr\/\",\"logo\":{\"@type\":\"ImageObject\",\"inLanguage\":\"fr-FR\",\"@id\":\"https:\/\/www.pressenza.com\/fr\/#\/schema\/logo\/image\/\",\"url\":\"https:\/\/www.pressenza.com\/wp-content\/uploads\/2022\/10\/pressenza_logo_200x200.jpg\",\"contentUrl\":\"https:\/\/www.pressenza.com\/wp-content\/uploads\/2022\/10\/pressenza_logo_200x200.jpg\",\"width\":200,\"height\":200,\"caption\":\"Pressenza\"},\"image\":{\"@id\":\"https:\/\/www.pressenza.com\/fr\/#\/schema\/logo\/image\/\"},\"sameAs\":[\"https:\/\/www.facebook.com\/PressenzaItalia\",\"https:\/\/x.com\/PressenzaIPA\"]},{\"@type\":\"Person\",\"@id\":\"https:\/\/www.pressenza.com\/fr\/#\/schema\/person\/dd1fcddd8e85d3d407a3e898e88bb1df\",\"name\":\"Energia per i Diritti Umani\",\"description\":\"Energia per i diritti umani ONLUS is a non-religious, self-financed organization. It has ongoing activities in Italy from 1998, in Senegal from 2000, in Gambia from 2002 and in India from 2003. It was founded in 1998 in Rome with the aim of protecting human rights in the world. The organization inspires its mission and adhere to the principles and proposals of the Universal Humanism since its foundation. www.energiaperidirittiumani.it\",\"sameAs\":[\"http:\/\/energiaperidirittiumani.it\/\"],\"url\":\"https:\/\/www.pressenza.com\/fr\/author\/energia-per-i-diritti-umani\/\"}]}<\/script>\n<!-- \/ Yoast SEO plugin. -->","yoast_head_json":{"title":"R.A.C. \u2013 R\u00e9seau Artistique et Culturel du S\u00e9n\u00e9gal. Un portail interactif pour d\u00e9couvrir les festivals et les espaces de production culturelle du Pays","description":"Le 12 novembre, \u00ab R.A.C. - R\u00e9seau Artistique et Culturel du S\u00e9n\u00e9gal \u00bb, un portail interactif permettant de d\u00e9couvrir les festivals et les espaces de","robots":{"index":"index","follow":"follow","max-snippet":"max-snippet:-1","max-image-preview":"max-image-preview:large","max-video-preview":"max-video-preview:-1"},"canonical":"https:\/\/www.pressenza.com\/fr\/2024\/11\/r-a-c-reseau-artistique-et-culturel-du-senegal-un-portail-interactif-pour-decouvrir-les-festivals-et-les-espaces-de-production-culturel-du-pays\/","og_locale":"fr_FR","og_type":"article","og_title":"R.A.C. \u2013 R\u00e9seau Artistique et Culturel du S\u00e9n\u00e9gal. Un portail interactif pour d\u00e9couvrir les festivals et les espaces de production culturelle du Pays","og_description":"Le 12 novembre, \u00ab R.A.C. - R\u00e9seau Artistique et Culturel du S\u00e9n\u00e9gal \u00bb, un portail interactif permettant de d\u00e9couvrir les festivals et les espaces de","og_url":"https:\/\/www.pressenza.com\/fr\/2024\/11\/r-a-c-reseau-artistique-et-culturel-du-senegal-un-portail-interactif-pour-decouvrir-les-festivals-et-les-espaces-de-production-culturel-du-pays\/","og_site_name":"Pressenza","article_publisher":"https:\/\/www.facebook.com\/PressenzaItalia","article_published_time":"2024-11-21T14:59:03+00:00","article_modified_time":"2024-11-22T13:49:26+00:00","og_image":[{"width":850,"height":483,"url":"https:\/\/www.pressenza.com\/wp-content\/uploads\/2024\/11\/Dakar-RAC01.jpg","type":"image\/jpeg"}],"author":"Energia per i Diritti Umani","twitter_card":"summary_large_image","twitter_creator":"@PressenzaIPA","twitter_site":"@PressenzaIPA","twitter_misc":{"\u00c9crit par":"Energia per i Diritti Umani","Dur\u00e9e de lecture estim\u00e9e":"3 minutes"},"schema":{"@context":"https:\/\/schema.org","@graph":[{"@type":"Article","@id":"https:\/\/www.pressenza.com\/fr\/2024\/11\/r-a-c-reseau-artistique-et-culturel-du-senegal-un-portail-interactif-pour-decouvrir-les-festivals-et-les-espaces-de-production-culturel-du-pays\/#article","isPartOf":{"@id":"https:\/\/www.pressenza.com\/fr\/2024\/11\/r-a-c-reseau-artistique-et-culturel-du-senegal-un-portail-interactif-pour-decouvrir-les-festivals-et-les-espaces-de-production-culturel-du-pays\/"},"author":{"name":"Energia per i Diritti Umani","@id":"https:\/\/www.pressenza.com\/fr\/#\/schema\/person\/dd1fcddd8e85d3d407a3e898e88bb1df"},"headline":"R.A.C. \u2013 R\u00e9seau Artistique et Culturel du S\u00e9n\u00e9gal. Un portail interactif pour d\u00e9couvrir les festivals et les espaces de production culturelle du Pays","datePublished":"2024-11-21T14:59:03+00:00","dateModified":"2024-11-22T13:49:26+00:00","mainEntityOfPage":{"@id":"https:\/\/www.pressenza.com\/fr\/2024\/11\/r-a-c-reseau-artistique-et-culturel-du-senegal-un-portail-interactif-pour-decouvrir-les-festivals-et-les-espaces-de-production-culturel-du-pays\/"},"wordCount":646,"publisher":{"@id":"https:\/\/www.pressenza.com\/fr\/#organization"},"image":{"@id":"https:\/\/www.pressenza.com\/fr\/2024\/11\/r-a-c-reseau-artistique-et-culturel-du-senegal-un-portail-interactif-pour-decouvrir-les-festivals-et-les-espaces-de-production-culturel-du-pays\/#primaryimage"},"thumbnailUrl":"https:\/\/www.pressenza.com\/wp-content\/uploads\/2024\/11\/Dakar-RAC01.jpg","keywords":["Festivals","R.A.C","S\u00e9n\u00e9gal"],"articleSection":["Contenu Original","Culture et M\u00e9dias","Reportages photo"],"inLanguage":"fr-FR"},{"@type":"WebPage","@id":"https:\/\/www.pressenza.com\/fr\/2024\/11\/r-a-c-reseau-artistique-et-culturel-du-senegal-un-portail-interactif-pour-decouvrir-les-festivals-et-les-espaces-de-production-culturel-du-pays\/","url":"https:\/\/www.pressenza.com\/fr\/2024\/11\/r-a-c-reseau-artistique-et-culturel-du-senegal-un-portail-interactif-pour-decouvrir-les-festivals-et-les-espaces-de-production-culturel-du-pays\/","name":"R.A.C. \u2013 R\u00e9seau Artistique et Culturel du S\u00e9n\u00e9gal. Un portail interactif pour d\u00e9couvrir les festivals et les espaces de production culturelle du Pays","isPartOf":{"@id":"https:\/\/www.pressenza.com\/fr\/#website"},"primaryImageOfPage":{"@id":"https:\/\/www.pressenza.com\/fr\/2024\/11\/r-a-c-reseau-artistique-et-culturel-du-senegal-un-portail-interactif-pour-decouvrir-les-festivals-et-les-espaces-de-production-culturel-du-pays\/#primaryimage"},"image":{"@id":"https:\/\/www.pressenza.com\/fr\/2024\/11\/r-a-c-reseau-artistique-et-culturel-du-senegal-un-portail-interactif-pour-decouvrir-les-festivals-et-les-espaces-de-production-culturel-du-pays\/#primaryimage"},"thumbnailUrl":"https:\/\/www.pressenza.com\/wp-content\/uploads\/2024\/11\/Dakar-RAC01.jpg","datePublished":"2024-11-21T14:59:03+00:00","dateModified":"2024-11-22T13:49:26+00:00","description":"Le 12 novembre, \u00ab R.A.C. - R\u00e9seau Artistique et Culturel du S\u00e9n\u00e9gal \u00bb, un portail interactif permettant de d\u00e9couvrir les festivals et les espaces de","breadcrumb":{"@id":"https:\/\/www.pressenza.com\/fr\/2024\/11\/r-a-c-reseau-artistique-et-culturel-du-senegal-un-portail-interactif-pour-decouvrir-les-festivals-et-les-espaces-de-production-culturel-du-pays\/#breadcrumb"},"inLanguage":"fr-FR","potentialAction":[{"@type":"ReadAction","target":["https:\/\/www.pressenza.com\/fr\/2024\/11\/r-a-c-reseau-artistique-et-culturel-du-senegal-un-portail-interactif-pour-decouvrir-les-festivals-et-les-espaces-de-production-culturel-du-pays\/"]}]},{"@type":"ImageObject","inLanguage":"fr-FR","@id":"https:\/\/www.pressenza.com\/fr\/2024\/11\/r-a-c-reseau-artistique-et-culturel-du-senegal-un-portail-interactif-pour-decouvrir-les-festivals-et-les-espaces-de-production-culturel-du-pays\/#primaryimage","url":"https:\/\/www.pressenza.com\/wp-content\/uploads\/2024\/11\/Dakar-RAC01.jpg","contentUrl":"https:\/\/www.pressenza.com\/wp-content\/uploads\/2024\/11\/Dakar-RAC01.jpg","width":850,"height":483},{"@type":"BreadcrumbList","@id":"https:\/\/www.pressenza.com\/fr\/2024\/11\/r-a-c-reseau-artistique-et-culturel-du-senegal-un-portail-interactif-pour-decouvrir-les-festivals-et-les-espaces-de-production-culturel-du-pays\/#breadcrumb","itemListElement":[{"@type":"ListItem","position":1,"name":"Accueil","item":"https:\/\/www.pressenza.com\/fr\/"},{"@type":"ListItem","position":2,"name":"R.A.C. \u2013 R\u00e9seau Artistique et Culturel du S\u00e9n\u00e9gal. Un portail interactif pour d\u00e9couvrir les festivals et les espaces de production culturelle du Pays"}]},{"@type":"WebSite","@id":"https:\/\/www.pressenza.com\/fr\/#website","url":"https:\/\/www.pressenza.com\/fr\/","name":"Pressenza","description":"International Press Agency","publisher":{"@id":"https:\/\/www.pressenza.com\/fr\/#organization"},"potentialAction":[{"@type":"SearchAction","target":{"@type":"EntryPoint","urlTemplate":"https:\/\/www.pressenza.com\/fr\/?s={search_term_string}"},"query-input":{"@type":"PropertyValueSpecification","valueRequired":true,"valueName":"search_term_string"}}],"inLanguage":"fr-FR"},{"@type":"Organization","@id":"https:\/\/www.pressenza.com\/fr\/#organization","name":"Pressenza","url":"https:\/\/www.pressenza.com\/fr\/","logo":{"@type":"ImageObject","inLanguage":"fr-FR","@id":"https:\/\/www.pressenza.com\/fr\/#\/schema\/logo\/image\/","url":"https:\/\/www.pressenza.com\/wp-content\/uploads\/2022\/10\/pressenza_logo_200x200.jpg","contentUrl":"https:\/\/www.pressenza.com\/wp-content\/uploads\/2022\/10\/pressenza_logo_200x200.jpg","width":200,"height":200,"caption":"Pressenza"},"image":{"@id":"https:\/\/www.pressenza.com\/fr\/#\/schema\/logo\/image\/"},"sameAs":["https:\/\/www.facebook.com\/PressenzaItalia","https:\/\/x.com\/PressenzaIPA"]},{"@type":"Person","@id":"https:\/\/www.pressenza.com\/fr\/#\/schema\/person\/dd1fcddd8e85d3d407a3e898e88bb1df","name":"Energia per i Diritti Umani","description":"Energia per i diritti umani ONLUS is a non-religious, self-financed organization. It has ongoing activities in Italy from 1998, in Senegal from 2000, in Gambia from 2002 and in India from 2003. It was founded in 1998 in Rome with the aim of protecting human rights in the world. The organization inspires its mission and adhere to the principles and proposals of the Universal Humanism since its foundation. www.energiaperidirittiumani.it","sameAs":["http:\/\/energiaperidirittiumani.it\/"],"url":"https:\/\/www.pressenza.com\/fr\/author\/energia-per-i-diritti-umani\/"}]}},"place":"Dakar","original_article_url":"","_links":{"self":[{"href":"https:\/\/www.pressenza.com\/fr\/wp-json\/wp\/v2\/posts\/2564299","targetHints":{"allow":["GET"]}}],"collection":[{"href":"https:\/\/www.pressenza.com\/fr\/wp-json\/wp\/v2\/posts"}],"about":[{"href":"https:\/\/www.pressenza.com\/fr\/wp-json\/wp\/v2\/types\/post"}],"author":[{"embeddable":true,"href":"https:\/\/www.pressenza.com\/fr\/wp-json\/wp\/v2\/users\/1398"}],"replies":[{"embeddable":true,"href":"https:\/\/www.pressenza.com\/fr\/wp-json\/wp\/v2\/comments?post=2564299"}],"version-history":[{"count":0,"href":"https:\/\/www.pressenza.com\/fr\/wp-json\/wp\/v2\/posts\/2564299\/revisions"}],"wp:featuredmedia":[{"embeddable":true,"href":"https:\/\/www.pressenza.com\/fr\/wp-json\/wp\/v2\/media\/2564305"}],"wp:attachment":[{"href":"https:\/\/www.pressenza.com\/fr\/wp-json\/wp\/v2\/media?parent=2564299"}],"wp:term":[{"taxonomy":"category","embeddable":true,"href":"https:\/\/www.pressenza.com\/fr\/wp-json\/wp\/v2\/categories?post=2564299"},{"taxonomy":"post_tag","embeddable":true,"href":"https:\/\/www.pressenza.com\/fr\/wp-json\/wp\/v2\/tags?post=2564299"}],"curies":[{"name":"wp","href":"https:\/\/api.w.org\/{rel}","templated":true}]}}