{"id":2562303,"date":"2024-11-13T07:51:36","date_gmt":"2024-11-13T07:51:36","guid":{"rendered":"https:\/\/www.pressenza.com\/?p=2562303"},"modified":"2024-11-13T07:51:36","modified_gmt":"2024-11-13T07:51:36","slug":"les-femmes-autochtones-et-leur-role-vital-dans-la-conservation-de-la-biodiversite-lopportunite-de-la-cop16","status":"publish","type":"post","link":"https:\/\/www.pressenza.com\/fr\/2024\/11\/les-femmes-autochtones-et-leur-role-vital-dans-la-conservation-de-la-biodiversite-lopportunite-de-la-cop16\/","title":{"rendered":"Les femmes autochtones et leur r\u00f4le vital dans la conservation de la biodiversit\u00e9 : l\u2019opportunit\u00e9 de la COP16"},"content":{"rendered":"<p><strong>Objectifs \u00e0 atteindre<\/strong><\/p>\n<p>Le Cadre mondial pour la biodiversit\u00e9 compte 23\u00a0objectifs mondiaux pour une action urgente. Ils doivent \u00eatre atteints cette d\u00e9cennie, d\u2019ici 2030. Les actions pr\u00e9vues dans chaque objectif doivent \u00eatre mises en \u0153uvre de mani\u00e8re coh\u00e9rente, en conformit\u00e9 avec la Convention sur la diversit\u00e9 biologique (CDB) et les protocoles correspondants.<\/p>\n<p>\u00ab\u00a0Le contexte de la biodiversit\u00e9 biologique nous m\u00e8ne actuellement \u00e0 r\u00e9fl\u00e9chir pr\u00e9cis\u00e9ment sur ce qui se passe aujourd\u2019hui durant la COP16. L\u2019agenda des \u00c9tats est en marche, et les positions des peuples autochtones sont \u00e9galement en marche, en n\u00e9gociation, avec, comme toujours, de grands d\u00e9fis et menaces\u00a0\u00bb, a d\u00e9clar\u00e9 Florina\u00a0L\u00f3pez, du R\u00e9seau latino-am\u00e9ricain des Femmes Autochtones pour la Biodiversit\u00e9.<\/p>\n<p>Les \u00c9tats membres s\u2019engagent \u00e0 affronter la destruction de la nature, au profit de la biodiversit\u00e9. Ils s\u2019engagent \u00e9galement \u00e0 assurer aux peuples autochtones et aux communaut\u00e9s locales une repr\u00e9sentation et une participation compl\u00e8te, juste, inclusive, effective et prenant en compte le genre, dans la prise de d\u00e9cisions ainsi que dans l\u2019acc\u00e8s \u00e0 la justice et \u00e0 l\u2019information li\u00e9e \u00e0 la biodiversit\u00e9.<\/p>\n<p>Ces m\u00e9canismes doivent respecter leurs cultures et leurs droits sur les terres, territoires, ressources et connaissances ancestrales, et \u00eatre accessibles aux femmes, aux filles, aux gar\u00e7ons, aux jeunes et aux personnes en situation de handicap. Aussi, une protection compl\u00e8te des d\u00e9fenseurs et d\u00e9fenseuses des droits humains dans les affaires li\u00e9es \u00e0 l\u2019environnement doit \u00eatre assur\u00e9e.<\/p>\n<p><strong>Garantir l\u2019\u00e9galit\u00e9 de genre dans les accords sur la diversit\u00e9 biologique<\/strong><\/p>\n<p>Les parties prenantes du Cadre ont le devoir d\u2019assurer l\u2019\u00e9galit\u00e9 de genre dans son application, avec une approche qui prenne en compte la question du genre. Il est essentiel que toutes les femmes et les filles aient une \u00e9gale opportunit\u00e9 et capacit\u00e9 \u00e0 contribuer aux trois objectifs de la Convention, et que soient reconnus leurs droits et un acc\u00e8s \u00e9quitable \u00e0 la terre, aux ressources naturelles et \u00e0 un r\u00e9el d\u00e9veloppement professionnel.<\/p>\n<p>Pour les femmes autochtones, il est indispensable d\u2019obtenir une participation et un leadership \u00e9quitables, significatifs et inform\u00e9s \u00e0 tous les niveaux d\u2019action, d\u2019engagement, de formulation des politiques et de prise de d\u00e9cision li\u00e9e \u00e0 la diversit\u00e9 biologique.<\/p>\n<p>Elles consid\u00e8rent que la COP16 doit mettre en \u0153uvre un m\u00e9canisme multilat\u00e9ral, pour garantir une participation juste et \u00e9quitable concernant les b\u00e9n\u00e9fices issus de l\u2019usage num\u00e9rique de l\u2019information g\u00e9n\u00e9tique.<\/p>\n<p>La rencontre de femmes autochtones est un appel \u00e0 l\u2019action et une opportunit\u00e9 pour construire un futur durable pour toutes les g\u00e9n\u00e9rations, et en particulier pour que les \u00c9tats prennent des engagements pour inclure les revendications des femmes autochtones dans les accords adopt\u00e9s lors de la COP16.<\/p>\n<p>Selon la Commission \u00e9conomique pour l\u2019Am\u00e9rique\u00a0latine et les Cara\u00efbes (CEPAL), l\u2019Abya\u00a0Yala compte une population de 660\u00a0269\u00a0100\u00a0habitants, dont 58\u00a0180\u00a0000 appartiennent \u00e0 un peuple autochtone, ce qui repr\u00e9sente 9,8\u00a0% de la population totale de la r\u00e9gion.<\/p>\n<p>Les peuples autochtones, qui ne repr\u00e9sentent que 5\u00a0% de la population mondiale, jouent un r\u00f4le fondamental de gardiens d\u2019une riche diversit\u00e9 culturelle, et de protecteurs de 80\u00a0% de la biodiversit\u00e9 qui reste encore sur la plan\u00e8te. Leurs savoirs traditionnels et leur profonde compr\u00e9hension de la biodiversit\u00e9 sont fondamentaux pour la conservation et l\u2019usage durable de la nature.<\/p>\n<p>Dans ce contexte, le r\u00f4le des femmes autochtones est d\u2019une importance vitale, car elles transmettent des savoirs sur les \u00e9cosyst\u00e8mes de g\u00e9n\u00e9ration en g\u00e9n\u00e9ration, et d\u00e9veloppent des initiatives de conservation qui int\u00e8grent les valeurs culturelles et les syst\u00e8mes de gouvernance traditionnels.<\/p>\n<p>\u00ab Nous faisons partie de la nature, nous lui appartenons, nous sommes un de ses \u00e9l\u00e9ments. Nous avons l\u2019obligation de la pr\u00e9server et de la respecter, car nous sommes celles qui p\u00e2tissent des cons\u00e9quences de sa destruction, et si nous n\u2019apprenons pas \u00e0 la prot\u00e9ger, tout le monde souffrira. Nous, les femmes autochtones, sommes les v\u00e9ritables gardiennes de la biodiversit\u00e9, nous veillons sur les semences et sur les savoirs concernant le soin aux territoires et aux communaut\u00e9s \u00bb, selon Cei\u00e7a Pitaguary, secr\u00e9taire nationale de gestion environnementale et territoriale autochtone du Br\u00e9sil.<\/p>\n<p>Les terres des peuples autochtones abritent divers \u00e9cosyst\u00e8mes, allant de for\u00eats et zones humides \u00e0 des montagnes et zones c\u00f4ti\u00e8res. Souvent, ces peuples promeuvent des pratiques durables, comme l\u2019agroforesterie et la rotation des cultures. \u00c9tant gardiennes de savoirs sur la gestion des ressources naturelles, les femmes autochtones sont porteuses de savoirs d\u00e9terminants pour la conservation de la biodiversit\u00e9 et pour s\u2019adapter au changement climatique ou l\u2019att\u00e9nuer.<\/p>\n<p>\u00ab\u00a0Nous avons besoin d\u2019unit\u00e9, de solidarit\u00e9 et d\u2019agir collectivement pour \u00eatre \u00e9cout\u00e9es et pour obtenir un espace qui permette d\u2019apporter des solutions qui r\u00e9pondent effectivement aux crises\u00a0\u00bb, a affirm\u00e9 Joan\u00a0Carling, directrice de Indigenous Peoples Rights International (IPRI).<\/p>\n<p><strong>Des d\u00e9fis pour la COP16<\/strong><\/p>\n<p>L&rsquo;article\u00a08J \u00e9tablit que \u00ab\u00a0sous r\u00e9serve des dispositions de sa l\u00e9gislation nationale, [chaque partie] respecte, pr\u00e9serve et maintient les connaissances, innovations et pratiques des communaut\u00e9s autochtones et locales qui incarnent des modes de vie traditionnels pr\u00e9sentant un int\u00e9r\u00eat pour la conservation et l\u2019utilisation durable de la diversit\u00e9 biologique et en favorise l\u2019application sur une plus grande \u00e9chelle, avec l\u2019accord et la participation des d\u00e9positaires de ces connaissances, innovations et pratiques, et encourage le partage \u00e9quitable des avantages d\u00e9coulant de l\u2019utilisation de ces connaissances, innovations et pratiques\u00a0\u00bb.<\/p>\n<p>\u00ab\u00a0Si l\u2019organe subsidiaire permanent n\u2019est pas adopt\u00e9 par cette COP, que perdure le groupe 8J tel qu\u2019il est. Car nous voulons que le groupe 8J se maintienne, parce que c\u2019est un espace dans lequel nous avons le droit de participer. C\u2019est le seul groupe qui nous reconna\u00eet comme parties prenantes de ces n\u00e9gociations officielles\u00a0\u00bb, selon Florina\u00a0L\u00f3pez, coordinatrice du R\u00e9seau latino-am\u00e9ricain des Femmes Autochtones pour la Biodiversit\u00e9.<\/p>\n<p>&nbsp;<\/p>\n<p><em>Traduction de l&rsquo;espagnol au francais, <a href=\"mailto:deydier-traduction@pm.me\">H\u00e9lo\u00efse Deydier<\/a><\/em><\/p>\n","protected":false},"excerpt":{"rendered":"<p>Objectifs \u00e0 atteindre Le Cadre mondial pour la biodiversit\u00e9 compte 23\u00a0objectifs mondiaux pour une action urgente. Ils doivent \u00eatre atteints cette d\u00e9cennie, d\u2019ici 2030. Les actions pr\u00e9vues dans chaque objectif doivent \u00eatre mises en \u0153uvre de mani\u00e8re coh\u00e9rente, en conformit\u00e9&hellip;<\/p>\n","protected":false},"author":43,"featured_media":2562308,"comment_status":"closed","ping_status":"closed","sticky":false,"template":"","format":"standard","meta":{"footnotes":""},"categories":[151,98,54509,40,99],"tags":[95965,129068,8162,129069,129072,1002,129070,6815,129071],"class_list":["post-2562303","post","type-post","status-publish","format-standard","has-post-thumbnail","hentry","category-communique-de-presse","category-droits-de-lhomme","category-genre-et-feminismes","category-international-fr","category-peuples-autochtones","tag-abya-yala-fr","tag-amerique","tag-bogota-fr","tag-convention-sur-la-diversite-biologique-cdb","tag-cop16-fr","tag-droits-humains","tag-gardiens-de-la-biodiversite","tag-peuples-autochtones-2","tag-reseau-de-femmes-autochtones"],"yoast_head":"<!-- This site is optimized with the Yoast SEO plugin v27.1.1 - https:\/\/yoast.com\/product\/yoast-seo-wordpress\/ -->\n<title>Les femmes autochtones et leur r\u00f4le vital dans la conservation de la biodiversit\u00e9 : l\u2019opportunit\u00e9 de la COP16<\/title>\n<meta name=\"description\" content=\"Objectifs \u00e0 atteindre Le Cadre mondial pour la biodiversit\u00e9 compte 23\u00a0objectifs mondiaux pour une action urgente. Ils doivent \u00eatre atteints cette\" \/>\n<meta name=\"robots\" content=\"index, follow, max-snippet:-1, max-image-preview:large, max-video-preview:-1\" \/>\n<link rel=\"canonical\" href=\"https:\/\/www.pressenza.com\/fr\/2024\/11\/les-femmes-autochtones-et-leur-role-vital-dans-la-conservation-de-la-biodiversite-lopportunite-de-la-cop16\/\" \/>\n<meta property=\"og:locale\" content=\"fr_FR\" \/>\n<meta property=\"og:type\" content=\"article\" \/>\n<meta property=\"og:title\" content=\"Les femmes autochtones et leur r\u00f4le vital dans la conservation de la biodiversit\u00e9 : l\u2019opportunit\u00e9 de la COP16\" \/>\n<meta property=\"og:description\" content=\"Objectifs \u00e0 atteindre Le Cadre mondial pour la biodiversit\u00e9 compte 23\u00a0objectifs mondiaux pour une action urgente. Ils doivent \u00eatre atteints cette\" \/>\n<meta property=\"og:url\" content=\"https:\/\/www.pressenza.com\/fr\/2024\/11\/les-femmes-autochtones-et-leur-role-vital-dans-la-conservation-de-la-biodiversite-lopportunite-de-la-cop16\/\" \/>\n<meta property=\"og:site_name\" content=\"Pressenza\" \/>\n<meta property=\"article:publisher\" content=\"https:\/\/www.facebook.com\/PressenzaItalia\" \/>\n<meta property=\"article:author\" content=\"https:\/\/www.facebook.com\/pressenza\" \/>\n<meta property=\"article:published_time\" content=\"2024-11-13T07:51:36+00:00\" \/>\n<meta property=\"og:image\" content=\"https:\/\/www.pressenza.com\/wp-content\/uploads\/2024\/10\/IMG1.jpeg\" \/>\n\t<meta property=\"og:image:width\" content=\"1003\" \/>\n\t<meta property=\"og:image:height\" content=\"653\" \/>\n\t<meta property=\"og:image:type\" content=\"image\/jpeg\" \/>\n<meta name=\"author\" content=\"Redacci\u00f3n Chile\" \/>\n<meta name=\"twitter:card\" content=\"summary_large_image\" \/>\n<meta name=\"twitter:creator\" content=\"@pressenza\" \/>\n<meta name=\"twitter:site\" content=\"@PressenzaIPA\" \/>\n<meta name=\"twitter:label1\" content=\"\u00c9crit par\" \/>\n\t<meta name=\"twitter:data1\" content=\"Redacci\u00f3n Chile\" \/>\n\t<meta name=\"twitter:label2\" content=\"Dur\u00e9e de lecture estim\u00e9e\" \/>\n\t<meta name=\"twitter:data2\" content=\"5 minutes\" \/>\n<script type=\"application\/ld+json\" class=\"yoast-schema-graph\">{\"@context\":\"https:\/\/schema.org\",\"@graph\":[{\"@type\":\"Article\",\"@id\":\"https:\/\/www.pressenza.com\/fr\/2024\/11\/les-femmes-autochtones-et-leur-role-vital-dans-la-conservation-de-la-biodiversite-lopportunite-de-la-cop16\/#article\",\"isPartOf\":{\"@id\":\"https:\/\/www.pressenza.com\/fr\/2024\/11\/les-femmes-autochtones-et-leur-role-vital-dans-la-conservation-de-la-biodiversite-lopportunite-de-la-cop16\/\"},\"author\":{\"name\":\"Redacci\u00f3n Chile\",\"@id\":\"https:\/\/www.pressenza.com\/fr\/#\/schema\/person\/d7db40df35d6698ba69ba9ee260944ed\"},\"headline\":\"Les femmes autochtones et leur r\u00f4le vital dans la conservation de la biodiversit\u00e9 : l\u2019opportunit\u00e9 de la COP16\",\"datePublished\":\"2024-11-13T07:51:36+00:00\",\"mainEntityOfPage\":{\"@id\":\"https:\/\/www.pressenza.com\/fr\/2024\/11\/les-femmes-autochtones-et-leur-role-vital-dans-la-conservation-de-la-biodiversite-lopportunite-de-la-cop16\/\"},\"wordCount\":1053,\"publisher\":{\"@id\":\"https:\/\/www.pressenza.com\/fr\/#organization\"},\"image\":{\"@id\":\"https:\/\/www.pressenza.com\/fr\/2024\/11\/les-femmes-autochtones-et-leur-role-vital-dans-la-conservation-de-la-biodiversite-lopportunite-de-la-cop16\/#primaryimage\"},\"thumbnailUrl\":\"https:\/\/www.pressenza.com\/wp-content\/uploads\/2024\/10\/IMG1.jpeg\",\"keywords\":[\"Abya Yala\",\"Am\u00e9rique\",\"Bogota\",\"Convention sur la Diversit\u00e9 Biologique (CDB)\",\"COP16\",\"Droits humains\",\"gardiens de la biodiversit\u00e9\",\"peuples autochtones\",\"r\u00e9seau de femmes autochtones\"],\"articleSection\":[\"Communiqu\u00e9s de Presse\",\"Droits humains\",\"Genre et f\u00e9minismes\",\"International\",\"Peuples originaires\"],\"inLanguage\":\"fr-FR\"},{\"@type\":\"WebPage\",\"@id\":\"https:\/\/www.pressenza.com\/fr\/2024\/11\/les-femmes-autochtones-et-leur-role-vital-dans-la-conservation-de-la-biodiversite-lopportunite-de-la-cop16\/\",\"url\":\"https:\/\/www.pressenza.com\/fr\/2024\/11\/les-femmes-autochtones-et-leur-role-vital-dans-la-conservation-de-la-biodiversite-lopportunite-de-la-cop16\/\",\"name\":\"Les femmes autochtones et leur r\u00f4le vital dans la conservation de la biodiversit\u00e9 : l\u2019opportunit\u00e9 de la COP16\",\"isPartOf\":{\"@id\":\"https:\/\/www.pressenza.com\/fr\/#website\"},\"primaryImageOfPage\":{\"@id\":\"https:\/\/www.pressenza.com\/fr\/2024\/11\/les-femmes-autochtones-et-leur-role-vital-dans-la-conservation-de-la-biodiversite-lopportunite-de-la-cop16\/#primaryimage\"},\"image\":{\"@id\":\"https:\/\/www.pressenza.com\/fr\/2024\/11\/les-femmes-autochtones-et-leur-role-vital-dans-la-conservation-de-la-biodiversite-lopportunite-de-la-cop16\/#primaryimage\"},\"thumbnailUrl\":\"https:\/\/www.pressenza.com\/wp-content\/uploads\/2024\/10\/IMG1.jpeg\",\"datePublished\":\"2024-11-13T07:51:36+00:00\",\"description\":\"Objectifs \u00e0 atteindre Le Cadre mondial pour la biodiversit\u00e9 compte 23\u00a0objectifs mondiaux pour une action urgente. Ils doivent \u00eatre atteints cette\",\"breadcrumb\":{\"@id\":\"https:\/\/www.pressenza.com\/fr\/2024\/11\/les-femmes-autochtones-et-leur-role-vital-dans-la-conservation-de-la-biodiversite-lopportunite-de-la-cop16\/#breadcrumb\"},\"inLanguage\":\"fr-FR\",\"potentialAction\":[{\"@type\":\"ReadAction\",\"target\":[\"https:\/\/www.pressenza.com\/fr\/2024\/11\/les-femmes-autochtones-et-leur-role-vital-dans-la-conservation-de-la-biodiversite-lopportunite-de-la-cop16\/\"]}]},{\"@type\":\"ImageObject\",\"inLanguage\":\"fr-FR\",\"@id\":\"https:\/\/www.pressenza.com\/fr\/2024\/11\/les-femmes-autochtones-et-leur-role-vital-dans-la-conservation-de-la-biodiversite-lopportunite-de-la-cop16\/#primaryimage\",\"url\":\"https:\/\/www.pressenza.com\/wp-content\/uploads\/2024\/10\/IMG1.jpeg\",\"contentUrl\":\"https:\/\/www.pressenza.com\/wp-content\/uploads\/2024\/10\/IMG1.jpeg\",\"width\":1003,\"height\":653},{\"@type\":\"BreadcrumbList\",\"@id\":\"https:\/\/www.pressenza.com\/fr\/2024\/11\/les-femmes-autochtones-et-leur-role-vital-dans-la-conservation-de-la-biodiversite-lopportunite-de-la-cop16\/#breadcrumb\",\"itemListElement\":[{\"@type\":\"ListItem\",\"position\":1,\"name\":\"Accueil\",\"item\":\"https:\/\/www.pressenza.com\/fr\/\"},{\"@type\":\"ListItem\",\"position\":2,\"name\":\"Les femmes autochtones et leur r\u00f4le vital dans la conservation de la biodiversit\u00e9 : l\u2019opportunit\u00e9 de la COP16\"}]},{\"@type\":\"WebSite\",\"@id\":\"https:\/\/www.pressenza.com\/fr\/#website\",\"url\":\"https:\/\/www.pressenza.com\/fr\/\",\"name\":\"Pressenza\",\"description\":\"International Press Agency\",\"publisher\":{\"@id\":\"https:\/\/www.pressenza.com\/fr\/#organization\"},\"potentialAction\":[{\"@type\":\"SearchAction\",\"target\":{\"@type\":\"EntryPoint\",\"urlTemplate\":\"https:\/\/www.pressenza.com\/fr\/?s={search_term_string}\"},\"query-input\":{\"@type\":\"PropertyValueSpecification\",\"valueRequired\":true,\"valueName\":\"search_term_string\"}}],\"inLanguage\":\"fr-FR\"},{\"@type\":\"Organization\",\"@id\":\"https:\/\/www.pressenza.com\/fr\/#organization\",\"name\":\"Pressenza\",\"url\":\"https:\/\/www.pressenza.com\/fr\/\",\"logo\":{\"@type\":\"ImageObject\",\"inLanguage\":\"fr-FR\",\"@id\":\"https:\/\/www.pressenza.com\/fr\/#\/schema\/logo\/image\/\",\"url\":\"https:\/\/www.pressenza.com\/wp-content\/uploads\/2022\/10\/pressenza_logo_200x200.jpg\",\"contentUrl\":\"https:\/\/www.pressenza.com\/wp-content\/uploads\/2022\/10\/pressenza_logo_200x200.jpg\",\"width\":200,\"height\":200,\"caption\":\"Pressenza\"},\"image\":{\"@id\":\"https:\/\/www.pressenza.com\/fr\/#\/schema\/logo\/image\/\"},\"sameAs\":[\"https:\/\/www.facebook.com\/PressenzaItalia\",\"https:\/\/x.com\/PressenzaIPA\"]},{\"@type\":\"Person\",\"@id\":\"https:\/\/www.pressenza.com\/fr\/#\/schema\/person\/d7db40df35d6698ba69ba9ee260944ed\",\"name\":\"Redacci\u00f3n Chile\",\"description\":\"News from the Pressenza Bureau in Chile\",\"sameAs\":[\"https:\/\/www.facebook.com\/pressenza\",\"https:\/\/x.com\/pressenza\"],\"url\":\"https:\/\/www.pressenza.com\/fr\/author\/redaccion-chile\/\"}]}<\/script>\n<!-- \/ Yoast SEO plugin. -->","yoast_head_json":{"title":"Les femmes autochtones et leur r\u00f4le vital dans la conservation de la biodiversit\u00e9 : l\u2019opportunit\u00e9 de la COP16","description":"Objectifs \u00e0 atteindre Le Cadre mondial pour la biodiversit\u00e9 compte 23\u00a0objectifs mondiaux pour une action urgente. Ils doivent \u00eatre atteints cette","robots":{"index":"index","follow":"follow","max-snippet":"max-snippet:-1","max-image-preview":"max-image-preview:large","max-video-preview":"max-video-preview:-1"},"canonical":"https:\/\/www.pressenza.com\/fr\/2024\/11\/les-femmes-autochtones-et-leur-role-vital-dans-la-conservation-de-la-biodiversite-lopportunite-de-la-cop16\/","og_locale":"fr_FR","og_type":"article","og_title":"Les femmes autochtones et leur r\u00f4le vital dans la conservation de la biodiversit\u00e9 : l\u2019opportunit\u00e9 de la COP16","og_description":"Objectifs \u00e0 atteindre Le Cadre mondial pour la biodiversit\u00e9 compte 23\u00a0objectifs mondiaux pour une action urgente. Ils doivent \u00eatre atteints cette","og_url":"https:\/\/www.pressenza.com\/fr\/2024\/11\/les-femmes-autochtones-et-leur-role-vital-dans-la-conservation-de-la-biodiversite-lopportunite-de-la-cop16\/","og_site_name":"Pressenza","article_publisher":"https:\/\/www.facebook.com\/PressenzaItalia","article_author":"https:\/\/www.facebook.com\/pressenza","article_published_time":"2024-11-13T07:51:36+00:00","og_image":[{"width":1003,"height":653,"url":"https:\/\/www.pressenza.com\/wp-content\/uploads\/2024\/10\/IMG1.jpeg","type":"image\/jpeg"}],"author":"Redacci\u00f3n Chile","twitter_card":"summary_large_image","twitter_creator":"@pressenza","twitter_site":"@PressenzaIPA","twitter_misc":{"\u00c9crit par":"Redacci\u00f3n Chile","Dur\u00e9e de lecture estim\u00e9e":"5 minutes"},"schema":{"@context":"https:\/\/schema.org","@graph":[{"@type":"Article","@id":"https:\/\/www.pressenza.com\/fr\/2024\/11\/les-femmes-autochtones-et-leur-role-vital-dans-la-conservation-de-la-biodiversite-lopportunite-de-la-cop16\/#article","isPartOf":{"@id":"https:\/\/www.pressenza.com\/fr\/2024\/11\/les-femmes-autochtones-et-leur-role-vital-dans-la-conservation-de-la-biodiversite-lopportunite-de-la-cop16\/"},"author":{"name":"Redacci\u00f3n Chile","@id":"https:\/\/www.pressenza.com\/fr\/#\/schema\/person\/d7db40df35d6698ba69ba9ee260944ed"},"headline":"Les femmes autochtones et leur r\u00f4le vital dans la conservation de la biodiversit\u00e9 : l\u2019opportunit\u00e9 de la COP16","datePublished":"2024-11-13T07:51:36+00:00","mainEntityOfPage":{"@id":"https:\/\/www.pressenza.com\/fr\/2024\/11\/les-femmes-autochtones-et-leur-role-vital-dans-la-conservation-de-la-biodiversite-lopportunite-de-la-cop16\/"},"wordCount":1053,"publisher":{"@id":"https:\/\/www.pressenza.com\/fr\/#organization"},"image":{"@id":"https:\/\/www.pressenza.com\/fr\/2024\/11\/les-femmes-autochtones-et-leur-role-vital-dans-la-conservation-de-la-biodiversite-lopportunite-de-la-cop16\/#primaryimage"},"thumbnailUrl":"https:\/\/www.pressenza.com\/wp-content\/uploads\/2024\/10\/IMG1.jpeg","keywords":["Abya Yala","Am\u00e9rique","Bogota","Convention sur la Diversit\u00e9 Biologique (CDB)","COP16","Droits humains","gardiens de la biodiversit\u00e9","peuples autochtones","r\u00e9seau de femmes autochtones"],"articleSection":["Communiqu\u00e9s de Presse","Droits humains","Genre et f\u00e9minismes","International","Peuples originaires"],"inLanguage":"fr-FR"},{"@type":"WebPage","@id":"https:\/\/www.pressenza.com\/fr\/2024\/11\/les-femmes-autochtones-et-leur-role-vital-dans-la-conservation-de-la-biodiversite-lopportunite-de-la-cop16\/","url":"https:\/\/www.pressenza.com\/fr\/2024\/11\/les-femmes-autochtones-et-leur-role-vital-dans-la-conservation-de-la-biodiversite-lopportunite-de-la-cop16\/","name":"Les femmes autochtones et leur r\u00f4le vital dans la conservation de la biodiversit\u00e9 : l\u2019opportunit\u00e9 de la COP16","isPartOf":{"@id":"https:\/\/www.pressenza.com\/fr\/#website"},"primaryImageOfPage":{"@id":"https:\/\/www.pressenza.com\/fr\/2024\/11\/les-femmes-autochtones-et-leur-role-vital-dans-la-conservation-de-la-biodiversite-lopportunite-de-la-cop16\/#primaryimage"},"image":{"@id":"https:\/\/www.pressenza.com\/fr\/2024\/11\/les-femmes-autochtones-et-leur-role-vital-dans-la-conservation-de-la-biodiversite-lopportunite-de-la-cop16\/#primaryimage"},"thumbnailUrl":"https:\/\/www.pressenza.com\/wp-content\/uploads\/2024\/10\/IMG1.jpeg","datePublished":"2024-11-13T07:51:36+00:00","description":"Objectifs \u00e0 atteindre Le Cadre mondial pour la biodiversit\u00e9 compte 23\u00a0objectifs mondiaux pour une action urgente. Ils doivent \u00eatre atteints cette","breadcrumb":{"@id":"https:\/\/www.pressenza.com\/fr\/2024\/11\/les-femmes-autochtones-et-leur-role-vital-dans-la-conservation-de-la-biodiversite-lopportunite-de-la-cop16\/#breadcrumb"},"inLanguage":"fr-FR","potentialAction":[{"@type":"ReadAction","target":["https:\/\/www.pressenza.com\/fr\/2024\/11\/les-femmes-autochtones-et-leur-role-vital-dans-la-conservation-de-la-biodiversite-lopportunite-de-la-cop16\/"]}]},{"@type":"ImageObject","inLanguage":"fr-FR","@id":"https:\/\/www.pressenza.com\/fr\/2024\/11\/les-femmes-autochtones-et-leur-role-vital-dans-la-conservation-de-la-biodiversite-lopportunite-de-la-cop16\/#primaryimage","url":"https:\/\/www.pressenza.com\/wp-content\/uploads\/2024\/10\/IMG1.jpeg","contentUrl":"https:\/\/www.pressenza.com\/wp-content\/uploads\/2024\/10\/IMG1.jpeg","width":1003,"height":653},{"@type":"BreadcrumbList","@id":"https:\/\/www.pressenza.com\/fr\/2024\/11\/les-femmes-autochtones-et-leur-role-vital-dans-la-conservation-de-la-biodiversite-lopportunite-de-la-cop16\/#breadcrumb","itemListElement":[{"@type":"ListItem","position":1,"name":"Accueil","item":"https:\/\/www.pressenza.com\/fr\/"},{"@type":"ListItem","position":2,"name":"Les femmes autochtones et leur r\u00f4le vital dans la conservation de la biodiversit\u00e9 : l\u2019opportunit\u00e9 de la COP16"}]},{"@type":"WebSite","@id":"https:\/\/www.pressenza.com\/fr\/#website","url":"https:\/\/www.pressenza.com\/fr\/","name":"Pressenza","description":"International Press Agency","publisher":{"@id":"https:\/\/www.pressenza.com\/fr\/#organization"},"potentialAction":[{"@type":"SearchAction","target":{"@type":"EntryPoint","urlTemplate":"https:\/\/www.pressenza.com\/fr\/?s={search_term_string}"},"query-input":{"@type":"PropertyValueSpecification","valueRequired":true,"valueName":"search_term_string"}}],"inLanguage":"fr-FR"},{"@type":"Organization","@id":"https:\/\/www.pressenza.com\/fr\/#organization","name":"Pressenza","url":"https:\/\/www.pressenza.com\/fr\/","logo":{"@type":"ImageObject","inLanguage":"fr-FR","@id":"https:\/\/www.pressenza.com\/fr\/#\/schema\/logo\/image\/","url":"https:\/\/www.pressenza.com\/wp-content\/uploads\/2022\/10\/pressenza_logo_200x200.jpg","contentUrl":"https:\/\/www.pressenza.com\/wp-content\/uploads\/2022\/10\/pressenza_logo_200x200.jpg","width":200,"height":200,"caption":"Pressenza"},"image":{"@id":"https:\/\/www.pressenza.com\/fr\/#\/schema\/logo\/image\/"},"sameAs":["https:\/\/www.facebook.com\/PressenzaItalia","https:\/\/x.com\/PressenzaIPA"]},{"@type":"Person","@id":"https:\/\/www.pressenza.com\/fr\/#\/schema\/person\/d7db40df35d6698ba69ba9ee260944ed","name":"Redacci\u00f3n Chile","description":"News from the Pressenza Bureau in Chile","sameAs":["https:\/\/www.facebook.com\/pressenza","https:\/\/x.com\/pressenza"],"url":"https:\/\/www.pressenza.com\/fr\/author\/redaccion-chile\/"}]}},"place":"Bogot\u00e1, Colombia","original_article_url":"","_links":{"self":[{"href":"https:\/\/www.pressenza.com\/fr\/wp-json\/wp\/v2\/posts\/2562303","targetHints":{"allow":["GET"]}}],"collection":[{"href":"https:\/\/www.pressenza.com\/fr\/wp-json\/wp\/v2\/posts"}],"about":[{"href":"https:\/\/www.pressenza.com\/fr\/wp-json\/wp\/v2\/types\/post"}],"author":[{"embeddable":true,"href":"https:\/\/www.pressenza.com\/fr\/wp-json\/wp\/v2\/users\/43"}],"replies":[{"embeddable":true,"href":"https:\/\/www.pressenza.com\/fr\/wp-json\/wp\/v2\/comments?post=2562303"}],"version-history":[{"count":0,"href":"https:\/\/www.pressenza.com\/fr\/wp-json\/wp\/v2\/posts\/2562303\/revisions"}],"wp:featuredmedia":[{"embeddable":true,"href":"https:\/\/www.pressenza.com\/fr\/wp-json\/wp\/v2\/media\/2562308"}],"wp:attachment":[{"href":"https:\/\/www.pressenza.com\/fr\/wp-json\/wp\/v2\/media?parent=2562303"}],"wp:term":[{"taxonomy":"category","embeddable":true,"href":"https:\/\/www.pressenza.com\/fr\/wp-json\/wp\/v2\/categories?post=2562303"},{"taxonomy":"post_tag","embeddable":true,"href":"https:\/\/www.pressenza.com\/fr\/wp-json\/wp\/v2\/tags?post=2562303"}],"curies":[{"name":"wp","href":"https:\/\/api.w.org\/{rel}","templated":true}]}}