{"id":2562019,"date":"2024-11-12T08:00:47","date_gmt":"2024-11-12T08:00:47","guid":{"rendered":"https:\/\/www.pressenza.com\/?p=2562019"},"modified":"2025-02-08T16:58:43","modified_gmt":"2025-02-08T16:58:43","slug":"le-coordinateur-de-la-marche-mondiale-insiste-sur-le-fait-quil-doit-y-avoir-une-forte-demande-de-paix-mondiale-emanant-de-la-population","status":"publish","type":"post","link":"https:\/\/www.pressenza.com\/fr\/2024\/11\/le-coordinateur-de-la-marche-mondiale-insiste-sur-le-fait-quil-doit-y-avoir-une-forte-demande-de-paix-mondiale-emanant-de-la-population\/","title":{"rendered":"Le coordinateur de la Marche mondiale insiste sur le fait qu&rsquo;il doit y avoir une forte demande de paix mondiale \u00e9manant de la population"},"content":{"rendered":"<p>Le coordinateur de la Marche mondiale, Rafael de la Rubia, a d\u00e9clar\u00e9 qu&rsquo;une forte demande en faveur d&rsquo;une culture de la non-violence et de la paix mondiale doit \u00e9maner de la population et que chaque individu doit devenir un promoteur et un praticien de la paix. Il s&rsquo;exprimait lors de la r\u00e9ception organis\u00e9e \u00e0 Kannur pour accueillir l&rsquo;\u00e9quipe de la troisi\u00e8me Marche Mondiale pour la Paix et la Non-violence.<\/p>\n<p><img loading=\"lazy\" decoding=\"async\" class=\"alignnone wp-image-2560553 size-full\" src=\"https:\/\/www.pressenza.com\/wp-content\/uploads\/2024\/11\/rafa-addressing-e1730832849830.jpeg\" alt=\"\" width=\"825\" height=\"768\" srcset=\"https:\/\/www.pressenza.com\/wp-content\/uploads\/2024\/11\/rafa-addressing-e1730832849830.jpeg 825w, https:\/\/www.pressenza.com\/wp-content\/uploads\/2024\/11\/rafa-addressing-e1730832849830-300x279.jpeg 300w, https:\/\/www.pressenza.com\/wp-content\/uploads\/2024\/11\/rafa-addressing-e1730832849830-820x763.jpeg 820w, https:\/\/www.pressenza.com\/wp-content\/uploads\/2024\/11\/rafa-addressing-e1730832849830-768x715.jpeg 768w\" sizes=\"auto, (max-width: 825px) 100vw, 825px\" \/><\/p>\n<div class=\"flex max-w-full flex-col flex-grow\">\n<div class=\"min-h-8 text-message flex w-full flex-col items-end gap-2 whitespace-normal break-words [.text-message+&amp;]:mt-5\" dir=\"auto\" data-message-author-role=\"assistant\" data-message-id=\"8efa9302-0966-4df4-be5a-2204bfec3fc1\" data-message-model-slug=\"gpt-4o\">\n<div class=\"flex w-full flex-col gap-1 empty:hidden first:pt-[3px]\">\n<div class=\"markdown prose w-full break-words dark:prose-invert light\">\n<p>\u00ab\u00a0An organization like the United Nations, established for peace, is now under the influence of powerful nations. In this context, it is essential for a strong demand for peace to emerge from the people,\u00a0\u00bb he emphasized.<\/p>\n<p>Expressing concern over the rising instances of physical, economic, religious, and moral violence, along with violence against women, he noted that violence is spreading in society like an epidemic. To confront this challenge, he called upon universities and students to become advocates of peace.<\/p>\n<\/div>\n<\/div>\n<\/div>\n<\/div>\n<p><img loading=\"lazy\" decoding=\"async\" class=\"alignnone size-full wp-image-2560554\" src=\"https:\/\/www.pressenza.com\/wp-content\/uploads\/2024\/11\/painting-compitation.jpeg\" alt=\"\" width=\"1600\" height=\"1066\" \/><\/p>\n<p>Lors de l&rsquo;\u00e9v\u00e9nement, les prix des concours de peinture et d&rsquo;art num\u00e9rique, couvrant les premi\u00e8res, deuxi\u00e8mes et troisi\u00e8mes places pour les sections LP, UP, High School et Higher Secondary, ont \u00e9t\u00e9 distribu\u00e9s par l&rsquo;\u00e9quipe de la Marche Mondiale et l&rsquo;\u00e9v\u00eaque Dr. Alex Vadakumthala. En plus de ces r\u00e9compenses, des certificats ont \u00e9t\u00e9 remis \u00e0 tous les participants, les encourageant \u00e0 diffuser le message de paix au sein de la soci\u00e9t\u00e9.<\/p>\n<p>Diverses organisations et coll\u00e8ges qui \u0153uvrent en faveur de la paix dans le monde ont activement collabor\u00e9 \u00e0 ce programme.<\/p>\n<p><strong>Parmi les principales organisations qui ont apport\u00e9 leur soutien, on peut citer :<\/strong> Monde sans guerre et sans violence, la Communaut\u00e9 pour le d\u00e9veloppement humain, Ekta Parishad, Mahatma Mandiram &#8211; Kannur, Kerala Sarvodaya Mandalam, Bahai Center &#8211; Kannur, People&rsquo;s Movement for Peace, APJ Abdul Kalam Memorial Public Library, Jai Hind Sports Club, Convergence des cultures, Parti humaniste international et Centre mondial d&rsquo;\u00e9tudes humanistes.<\/p>\n<p><strong>Les \u00e9tablissements d&rsquo;enseignement sup\u00e9rieur qui ont apport\u00e9 leur soutien sont les suivants :<\/strong> Nirmalagiri College &#8211; Koothuparamba, Madayi Co-operative Arts and Science College, Naher Arts and Science College &#8211; Kanhirode, Sir Syed College &#8211; Taliparamba, College of Commerce &#8211; Kannur, Sir Syed Institute of Technical Studies &#8211; Taliparamba, Jamia Hamdard University &#8211; Kannur Campus, S.N. College &#8211; Kannur, Sree Narayana College of Advanced Studies &#8211; Thottada, KNM Govt. Women&rsquo;s College, et Nalanda College &#8211; Eachur.<\/p>\n<p>L&rsquo;\u00e9v\u00e9nement a \u00e9t\u00e9 inaugur\u00e9 par l&rsquo;\u00e9v\u00eaque de Kannur, l&rsquo;\u00e9v\u00eaque Dr. Alex Vadakumthala, sous la pr\u00e9sidence de KP Ravindran. Des discours ont \u00e9t\u00e9 prononc\u00e9s par PK Premarajan, TP R Nath, Adv. Meyyappan et Tulasi. Le discours de bienvenue a \u00e9t\u00e9 prononc\u00e9 par Mathathil Pradeepan et le vote de remerciement par P. Satheesh.<\/p>\n<div class=\"post-gallery\">\n\t\t\t<figure class=\"post-gallery-item\">\n\t\t\t\t<img decoding=\"async\" src=\"https:\/\/www.pressenza.com\/wp-content\/uploads\/2024\/11\/chamber-program2-e1730839848918-820x433.jpeg\" loading=\"lazy\">\n\t\t\t\t<figcaption>\n\t\t\t\t\t\n\t\t\t\t<\/figcaption>\n\t\t\t<\/figure>\n\t\t\t<figure class=\"post-gallery-item\">\n\t\t\t\t<img decoding=\"async\" src=\"https:\/\/www.pressenza.com\/wp-content\/uploads\/2024\/11\/chamber-program3-e1730839863185-820x451.jpeg\" loading=\"lazy\">\n\t\t\t\t<figcaption>\n\t\t\t\t\t\n\t\t\t\t<\/figcaption>\n\t\t\t<\/figure>\n\t\t\t<figure class=\"post-gallery-item\">\n\t\t\t\t<img decoding=\"async\" src=\"https:\/\/www.pressenza.com\/wp-content\/uploads\/2024\/11\/audiance-1-e1730839880213-820x437.jpeg\" loading=\"lazy\">\n\t\t\t\t<figcaption>\n\t\t\t\t\t\n\t\t\t\t<\/figcaption>\n\t\t\t<\/figure>\n\t\t\t<figure class=\"post-gallery-item\">\n\t\t\t\t<img decoding=\"async\" src=\"https:\/\/www.pressenza.com\/wp-content\/uploads\/2024\/11\/bishop-talking-e1730839899795-820x385.jpeg\" loading=\"lazy\">\n\t\t\t\t<figcaption>\n\t\t\t\t\t\n\t\t\t\t<\/figcaption>\n\t\t\t<\/figure>\n\t\t\t<figure class=\"post-gallery-item\">\n\t\t\t\t<img decoding=\"async\" src=\"https:\/\/www.pressenza.com\/wp-content\/uploads\/2024\/11\/group-photo-e1730839915131-820x400.jpeg\" loading=\"lazy\">\n\t\t\t\t<figcaption>\n\t\t\t\t\t\n\t\t\t\t<\/figcaption>\n\t\t\t<\/figure><\/div>\n","protected":false},"excerpt":{"rendered":"<p>Le coordinateur de la Marche mondiale, Rafael de la Rubia, a d\u00e9clar\u00e9 qu&rsquo;une forte demande en faveur d&rsquo;une culture de la non-violence et de la paix mondiale doit \u00e9maner de la population et que chaque individu doit devenir un promoteur&hellip;<\/p>\n","protected":false},"author":910,"featured_media":2562028,"comment_status":"closed","ping_status":"closed","sticky":false,"template":"","format":"standard","meta":{"footnotes":""},"categories":[84,11386,40,124282,1250],"tags":[118864,813,129026,129025,18466,28903,298],"class_list":["post-2562019","post","type-post","status-publish","format-standard","has-post-thumbnail","hentry","category-asia-fr","category-contenu-original","category-international-fr","category-news-fr","category-paix-desarmement","tag-3mm","tag-inde","tag-kannur-fr","tag-marche-mondial-pour-la-paix-et-la-non-violence","tag-marche-mondiale","tag-non-violence","tag-paix"],"yoast_head":"<!-- This site is optimized with the Yoast SEO plugin v27.1.1 - https:\/\/yoast.com\/product\/yoast-seo-wordpress\/ -->\n<title>Le coordinateur de la Marche mondiale insiste sur le fait qu&#039;il doit y avoir une forte demande de paix mondiale \u00e9manant de la population<\/title>\n<meta name=\"description\" content=\"Le coordinateur de la Marche mondiale, Rafael de la Rubia, a d\u00e9clar\u00e9 qu&#039;une forte demande en faveur d&#039;une culture de la non-violence et de la paix\" \/>\n<meta name=\"robots\" content=\"index, follow, max-snippet:-1, max-image-preview:large, max-video-preview:-1\" \/>\n<link rel=\"canonical\" href=\"https:\/\/www.pressenza.com\/fr\/2024\/11\/le-coordinateur-de-la-marche-mondiale-insiste-sur-le-fait-quil-doit-y-avoir-une-forte-demande-de-paix-mondiale-emanant-de-la-population\/\" \/>\n<meta property=\"og:locale\" content=\"fr_FR\" \/>\n<meta property=\"og:type\" content=\"article\" \/>\n<meta property=\"og:title\" content=\"Le coordinateur de la Marche mondiale insiste sur le fait qu&#039;il doit y avoir une forte demande de paix mondiale \u00e9manant de la population\" \/>\n<meta property=\"og:description\" content=\"Le coordinateur de la Marche mondiale, Rafael de la Rubia, a d\u00e9clar\u00e9 qu&#039;une forte demande en faveur d&#039;une culture de la non-violence et de la paix\" \/>\n<meta property=\"og:url\" content=\"https:\/\/www.pressenza.com\/fr\/2024\/11\/le-coordinateur-de-la-marche-mondiale-insiste-sur-le-fait-quil-doit-y-avoir-une-forte-demande-de-paix-mondiale-emanant-de-la-population\/\" \/>\n<meta property=\"og:site_name\" content=\"Pressenza\" \/>\n<meta property=\"article:publisher\" content=\"https:\/\/www.facebook.com\/PressenzaItalia\" \/>\n<meta property=\"article:published_time\" content=\"2024-11-12T08:00:47+00:00\" \/>\n<meta property=\"article:modified_time\" content=\"2025-02-08T16:58:43+00:00\" \/>\n<meta property=\"og:image\" content=\"https:\/\/www.pressenza.com\/wp-content\/uploads\/2024\/11\/world-march-chamber-dias-e1730839977854.jpeg\" \/>\n\t<meta property=\"og:image:width\" content=\"1600\" \/>\n\t<meta property=\"og:image:height\" content=\"760\" \/>\n\t<meta property=\"og:image:type\" content=\"image\/jpeg\" \/>\n<meta name=\"author\" content=\"Byju Chalad\" \/>\n<meta name=\"twitter:card\" content=\"summary_large_image\" \/>\n<meta name=\"twitter:creator\" content=\"@PressenzaIPA\" \/>\n<meta name=\"twitter:site\" content=\"@PressenzaIPA\" \/>\n<meta name=\"twitter:label1\" content=\"\u00c9crit par\" \/>\n\t<meta name=\"twitter:data1\" content=\"Byju Chalad\" \/>\n\t<meta name=\"twitter:label2\" content=\"Dur\u00e9e de lecture estim\u00e9e\" \/>\n\t<meta name=\"twitter:data2\" content=\"3 minutes\" \/>\n<script type=\"application\/ld+json\" class=\"yoast-schema-graph\">{\"@context\":\"https:\/\/schema.org\",\"@graph\":[{\"@type\":\"Article\",\"@id\":\"https:\/\/www.pressenza.com\/fr\/2024\/11\/le-coordinateur-de-la-marche-mondiale-insiste-sur-le-fait-quil-doit-y-avoir-une-forte-demande-de-paix-mondiale-emanant-de-la-population\/#article\",\"isPartOf\":{\"@id\":\"https:\/\/www.pressenza.com\/fr\/2024\/11\/le-coordinateur-de-la-marche-mondiale-insiste-sur-le-fait-quil-doit-y-avoir-une-forte-demande-de-paix-mondiale-emanant-de-la-population\/\"},\"author\":{\"name\":\"Byju Chalad\",\"@id\":\"https:\/\/www.pressenza.com\/fr\/#\/schema\/person\/b66fc68b7b3a9699f3d88258b49d8d1b\"},\"headline\":\"Le coordinateur de la Marche mondiale insiste sur le fait qu&rsquo;il doit y avoir une forte demande de paix mondiale \u00e9manant de la population\",\"datePublished\":\"2024-11-12T08:00:47+00:00\",\"dateModified\":\"2025-02-08T16:58:43+00:00\",\"mainEntityOfPage\":{\"@id\":\"https:\/\/www.pressenza.com\/fr\/2024\/11\/le-coordinateur-de-la-marche-mondiale-insiste-sur-le-fait-quil-doit-y-avoir-une-forte-demande-de-paix-mondiale-emanant-de-la-population\/\"},\"wordCount\":488,\"publisher\":{\"@id\":\"https:\/\/www.pressenza.com\/fr\/#organization\"},\"image\":{\"@id\":\"https:\/\/www.pressenza.com\/fr\/2024\/11\/le-coordinateur-de-la-marche-mondiale-insiste-sur-le-fait-quil-doit-y-avoir-une-forte-demande-de-paix-mondiale-emanant-de-la-population\/#primaryimage\"},\"thumbnailUrl\":\"https:\/\/www.pressenza.com\/wp-content\/uploads\/2024\/11\/world-march-chamber-dias-e1730839977854.jpeg\",\"keywords\":[\"3MM\",\"Inde\",\"Kannur\",\"marche mondial pour la paix et la non-violence\",\"marche mondiale\",\"non-violence\",\"Paix\"],\"articleSection\":[\"Asie\",\"Contenu Original\",\"International\",\"News\",\"Paix et D\u00e9sarmement\"],\"inLanguage\":\"fr-FR\"},{\"@type\":\"WebPage\",\"@id\":\"https:\/\/www.pressenza.com\/fr\/2024\/11\/le-coordinateur-de-la-marche-mondiale-insiste-sur-le-fait-quil-doit-y-avoir-une-forte-demande-de-paix-mondiale-emanant-de-la-population\/\",\"url\":\"https:\/\/www.pressenza.com\/fr\/2024\/11\/le-coordinateur-de-la-marche-mondiale-insiste-sur-le-fait-quil-doit-y-avoir-une-forte-demande-de-paix-mondiale-emanant-de-la-population\/\",\"name\":\"Le coordinateur de la Marche mondiale insiste sur le fait qu'il doit y avoir une forte demande de paix mondiale \u00e9manant de la population\",\"isPartOf\":{\"@id\":\"https:\/\/www.pressenza.com\/fr\/#website\"},\"primaryImageOfPage\":{\"@id\":\"https:\/\/www.pressenza.com\/fr\/2024\/11\/le-coordinateur-de-la-marche-mondiale-insiste-sur-le-fait-quil-doit-y-avoir-une-forte-demande-de-paix-mondiale-emanant-de-la-population\/#primaryimage\"},\"image\":{\"@id\":\"https:\/\/www.pressenza.com\/fr\/2024\/11\/le-coordinateur-de-la-marche-mondiale-insiste-sur-le-fait-quil-doit-y-avoir-une-forte-demande-de-paix-mondiale-emanant-de-la-population\/#primaryimage\"},\"thumbnailUrl\":\"https:\/\/www.pressenza.com\/wp-content\/uploads\/2024\/11\/world-march-chamber-dias-e1730839977854.jpeg\",\"datePublished\":\"2024-11-12T08:00:47+00:00\",\"dateModified\":\"2025-02-08T16:58:43+00:00\",\"description\":\"Le coordinateur de la Marche mondiale, Rafael de la Rubia, a d\u00e9clar\u00e9 qu'une forte demande en faveur d'une culture de la non-violence et de la paix\",\"breadcrumb\":{\"@id\":\"https:\/\/www.pressenza.com\/fr\/2024\/11\/le-coordinateur-de-la-marche-mondiale-insiste-sur-le-fait-quil-doit-y-avoir-une-forte-demande-de-paix-mondiale-emanant-de-la-population\/#breadcrumb\"},\"inLanguage\":\"fr-FR\",\"potentialAction\":[{\"@type\":\"ReadAction\",\"target\":[\"https:\/\/www.pressenza.com\/fr\/2024\/11\/le-coordinateur-de-la-marche-mondiale-insiste-sur-le-fait-quil-doit-y-avoir-une-forte-demande-de-paix-mondiale-emanant-de-la-population\/\"]}]},{\"@type\":\"ImageObject\",\"inLanguage\":\"fr-FR\",\"@id\":\"https:\/\/www.pressenza.com\/fr\/2024\/11\/le-coordinateur-de-la-marche-mondiale-insiste-sur-le-fait-quil-doit-y-avoir-une-forte-demande-de-paix-mondiale-emanant-de-la-population\/#primaryimage\",\"url\":\"https:\/\/www.pressenza.com\/wp-content\/uploads\/2024\/11\/world-march-chamber-dias-e1730839977854.jpeg\",\"contentUrl\":\"https:\/\/www.pressenza.com\/wp-content\/uploads\/2024\/11\/world-march-chamber-dias-e1730839977854.jpeg\",\"width\":1600,\"height\":760},{\"@type\":\"BreadcrumbList\",\"@id\":\"https:\/\/www.pressenza.com\/fr\/2024\/11\/le-coordinateur-de-la-marche-mondiale-insiste-sur-le-fait-quil-doit-y-avoir-une-forte-demande-de-paix-mondiale-emanant-de-la-population\/#breadcrumb\",\"itemListElement\":[{\"@type\":\"ListItem\",\"position\":1,\"name\":\"Accueil\",\"item\":\"https:\/\/www.pressenza.com\/fr\/\"},{\"@type\":\"ListItem\",\"position\":2,\"name\":\"Le coordinateur de la Marche mondiale insiste sur le fait qu&rsquo;il doit y avoir une forte demande de paix mondiale \u00e9manant de la population\"}]},{\"@type\":\"WebSite\",\"@id\":\"https:\/\/www.pressenza.com\/fr\/#website\",\"url\":\"https:\/\/www.pressenza.com\/fr\/\",\"name\":\"Pressenza\",\"description\":\"International Press Agency\",\"publisher\":{\"@id\":\"https:\/\/www.pressenza.com\/fr\/#organization\"},\"potentialAction\":[{\"@type\":\"SearchAction\",\"target\":{\"@type\":\"EntryPoint\",\"urlTemplate\":\"https:\/\/www.pressenza.com\/fr\/?s={search_term_string}\"},\"query-input\":{\"@type\":\"PropertyValueSpecification\",\"valueRequired\":true,\"valueName\":\"search_term_string\"}}],\"inLanguage\":\"fr-FR\"},{\"@type\":\"Organization\",\"@id\":\"https:\/\/www.pressenza.com\/fr\/#organization\",\"name\":\"Pressenza\",\"url\":\"https:\/\/www.pressenza.com\/fr\/\",\"logo\":{\"@type\":\"ImageObject\",\"inLanguage\":\"fr-FR\",\"@id\":\"https:\/\/www.pressenza.com\/fr\/#\/schema\/logo\/image\/\",\"url\":\"https:\/\/www.pressenza.com\/wp-content\/uploads\/2022\/10\/pressenza_logo_200x200.jpg\",\"contentUrl\":\"https:\/\/www.pressenza.com\/wp-content\/uploads\/2022\/10\/pressenza_logo_200x200.jpg\",\"width\":200,\"height\":200,\"caption\":\"Pressenza\"},\"image\":{\"@id\":\"https:\/\/www.pressenza.com\/fr\/#\/schema\/logo\/image\/\"},\"sameAs\":[\"https:\/\/www.facebook.com\/PressenzaItalia\",\"https:\/\/x.com\/PressenzaIPA\"]},{\"@type\":\"Person\",\"@id\":\"https:\/\/www.pressenza.com\/fr\/#\/schema\/person\/b66fc68b7b3a9699f3d88258b49d8d1b\",\"name\":\"Byju Chalad\",\"description\":\"Journalist and member of the Humanist Movement in Kannur, Kerala, India.\",\"url\":\"https:\/\/www.pressenza.com\/fr\/author\/byju-chalad\/\"}]}<\/script>\n<!-- \/ Yoast SEO plugin. -->","yoast_head_json":{"title":"Le coordinateur de la Marche mondiale insiste sur le fait qu'il doit y avoir une forte demande de paix mondiale \u00e9manant de la population","description":"Le coordinateur de la Marche mondiale, Rafael de la Rubia, a d\u00e9clar\u00e9 qu'une forte demande en faveur d'une culture de la non-violence et de la paix","robots":{"index":"index","follow":"follow","max-snippet":"max-snippet:-1","max-image-preview":"max-image-preview:large","max-video-preview":"max-video-preview:-1"},"canonical":"https:\/\/www.pressenza.com\/fr\/2024\/11\/le-coordinateur-de-la-marche-mondiale-insiste-sur-le-fait-quil-doit-y-avoir-une-forte-demande-de-paix-mondiale-emanant-de-la-population\/","og_locale":"fr_FR","og_type":"article","og_title":"Le coordinateur de la Marche mondiale insiste sur le fait qu'il doit y avoir une forte demande de paix mondiale \u00e9manant de la population","og_description":"Le coordinateur de la Marche mondiale, Rafael de la Rubia, a d\u00e9clar\u00e9 qu'une forte demande en faveur d'une culture de la non-violence et de la paix","og_url":"https:\/\/www.pressenza.com\/fr\/2024\/11\/le-coordinateur-de-la-marche-mondiale-insiste-sur-le-fait-quil-doit-y-avoir-une-forte-demande-de-paix-mondiale-emanant-de-la-population\/","og_site_name":"Pressenza","article_publisher":"https:\/\/www.facebook.com\/PressenzaItalia","article_published_time":"2024-11-12T08:00:47+00:00","article_modified_time":"2025-02-08T16:58:43+00:00","og_image":[{"width":1600,"height":760,"url":"https:\/\/www.pressenza.com\/wp-content\/uploads\/2024\/11\/world-march-chamber-dias-e1730839977854.jpeg","type":"image\/jpeg"}],"author":"Byju Chalad","twitter_card":"summary_large_image","twitter_creator":"@PressenzaIPA","twitter_site":"@PressenzaIPA","twitter_misc":{"\u00c9crit par":"Byju Chalad","Dur\u00e9e de lecture estim\u00e9e":"3 minutes"},"schema":{"@context":"https:\/\/schema.org","@graph":[{"@type":"Article","@id":"https:\/\/www.pressenza.com\/fr\/2024\/11\/le-coordinateur-de-la-marche-mondiale-insiste-sur-le-fait-quil-doit-y-avoir-une-forte-demande-de-paix-mondiale-emanant-de-la-population\/#article","isPartOf":{"@id":"https:\/\/www.pressenza.com\/fr\/2024\/11\/le-coordinateur-de-la-marche-mondiale-insiste-sur-le-fait-quil-doit-y-avoir-une-forte-demande-de-paix-mondiale-emanant-de-la-population\/"},"author":{"name":"Byju Chalad","@id":"https:\/\/www.pressenza.com\/fr\/#\/schema\/person\/b66fc68b7b3a9699f3d88258b49d8d1b"},"headline":"Le coordinateur de la Marche mondiale insiste sur le fait qu&rsquo;il doit y avoir une forte demande de paix mondiale \u00e9manant de la population","datePublished":"2024-11-12T08:00:47+00:00","dateModified":"2025-02-08T16:58:43+00:00","mainEntityOfPage":{"@id":"https:\/\/www.pressenza.com\/fr\/2024\/11\/le-coordinateur-de-la-marche-mondiale-insiste-sur-le-fait-quil-doit-y-avoir-une-forte-demande-de-paix-mondiale-emanant-de-la-population\/"},"wordCount":488,"publisher":{"@id":"https:\/\/www.pressenza.com\/fr\/#organization"},"image":{"@id":"https:\/\/www.pressenza.com\/fr\/2024\/11\/le-coordinateur-de-la-marche-mondiale-insiste-sur-le-fait-quil-doit-y-avoir-une-forte-demande-de-paix-mondiale-emanant-de-la-population\/#primaryimage"},"thumbnailUrl":"https:\/\/www.pressenza.com\/wp-content\/uploads\/2024\/11\/world-march-chamber-dias-e1730839977854.jpeg","keywords":["3MM","Inde","Kannur","marche mondial pour la paix et la non-violence","marche mondiale","non-violence","Paix"],"articleSection":["Asie","Contenu Original","International","News","Paix et D\u00e9sarmement"],"inLanguage":"fr-FR"},{"@type":"WebPage","@id":"https:\/\/www.pressenza.com\/fr\/2024\/11\/le-coordinateur-de-la-marche-mondiale-insiste-sur-le-fait-quil-doit-y-avoir-une-forte-demande-de-paix-mondiale-emanant-de-la-population\/","url":"https:\/\/www.pressenza.com\/fr\/2024\/11\/le-coordinateur-de-la-marche-mondiale-insiste-sur-le-fait-quil-doit-y-avoir-une-forte-demande-de-paix-mondiale-emanant-de-la-population\/","name":"Le coordinateur de la Marche mondiale insiste sur le fait qu'il doit y avoir une forte demande de paix mondiale \u00e9manant de la population","isPartOf":{"@id":"https:\/\/www.pressenza.com\/fr\/#website"},"primaryImageOfPage":{"@id":"https:\/\/www.pressenza.com\/fr\/2024\/11\/le-coordinateur-de-la-marche-mondiale-insiste-sur-le-fait-quil-doit-y-avoir-une-forte-demande-de-paix-mondiale-emanant-de-la-population\/#primaryimage"},"image":{"@id":"https:\/\/www.pressenza.com\/fr\/2024\/11\/le-coordinateur-de-la-marche-mondiale-insiste-sur-le-fait-quil-doit-y-avoir-une-forte-demande-de-paix-mondiale-emanant-de-la-population\/#primaryimage"},"thumbnailUrl":"https:\/\/www.pressenza.com\/wp-content\/uploads\/2024\/11\/world-march-chamber-dias-e1730839977854.jpeg","datePublished":"2024-11-12T08:00:47+00:00","dateModified":"2025-02-08T16:58:43+00:00","description":"Le coordinateur de la Marche mondiale, Rafael de la Rubia, a d\u00e9clar\u00e9 qu'une forte demande en faveur d'une culture de la non-violence et de la paix","breadcrumb":{"@id":"https:\/\/www.pressenza.com\/fr\/2024\/11\/le-coordinateur-de-la-marche-mondiale-insiste-sur-le-fait-quil-doit-y-avoir-une-forte-demande-de-paix-mondiale-emanant-de-la-population\/#breadcrumb"},"inLanguage":"fr-FR","potentialAction":[{"@type":"ReadAction","target":["https:\/\/www.pressenza.com\/fr\/2024\/11\/le-coordinateur-de-la-marche-mondiale-insiste-sur-le-fait-quil-doit-y-avoir-une-forte-demande-de-paix-mondiale-emanant-de-la-population\/"]}]},{"@type":"ImageObject","inLanguage":"fr-FR","@id":"https:\/\/www.pressenza.com\/fr\/2024\/11\/le-coordinateur-de-la-marche-mondiale-insiste-sur-le-fait-quil-doit-y-avoir-une-forte-demande-de-paix-mondiale-emanant-de-la-population\/#primaryimage","url":"https:\/\/www.pressenza.com\/wp-content\/uploads\/2024\/11\/world-march-chamber-dias-e1730839977854.jpeg","contentUrl":"https:\/\/www.pressenza.com\/wp-content\/uploads\/2024\/11\/world-march-chamber-dias-e1730839977854.jpeg","width":1600,"height":760},{"@type":"BreadcrumbList","@id":"https:\/\/www.pressenza.com\/fr\/2024\/11\/le-coordinateur-de-la-marche-mondiale-insiste-sur-le-fait-quil-doit-y-avoir-une-forte-demande-de-paix-mondiale-emanant-de-la-population\/#breadcrumb","itemListElement":[{"@type":"ListItem","position":1,"name":"Accueil","item":"https:\/\/www.pressenza.com\/fr\/"},{"@type":"ListItem","position":2,"name":"Le coordinateur de la Marche mondiale insiste sur le fait qu&rsquo;il doit y avoir une forte demande de paix mondiale \u00e9manant de la population"}]},{"@type":"WebSite","@id":"https:\/\/www.pressenza.com\/fr\/#website","url":"https:\/\/www.pressenza.com\/fr\/","name":"Pressenza","description":"International Press Agency","publisher":{"@id":"https:\/\/www.pressenza.com\/fr\/#organization"},"potentialAction":[{"@type":"SearchAction","target":{"@type":"EntryPoint","urlTemplate":"https:\/\/www.pressenza.com\/fr\/?s={search_term_string}"},"query-input":{"@type":"PropertyValueSpecification","valueRequired":true,"valueName":"search_term_string"}}],"inLanguage":"fr-FR"},{"@type":"Organization","@id":"https:\/\/www.pressenza.com\/fr\/#organization","name":"Pressenza","url":"https:\/\/www.pressenza.com\/fr\/","logo":{"@type":"ImageObject","inLanguage":"fr-FR","@id":"https:\/\/www.pressenza.com\/fr\/#\/schema\/logo\/image\/","url":"https:\/\/www.pressenza.com\/wp-content\/uploads\/2022\/10\/pressenza_logo_200x200.jpg","contentUrl":"https:\/\/www.pressenza.com\/wp-content\/uploads\/2022\/10\/pressenza_logo_200x200.jpg","width":200,"height":200,"caption":"Pressenza"},"image":{"@id":"https:\/\/www.pressenza.com\/fr\/#\/schema\/logo\/image\/"},"sameAs":["https:\/\/www.facebook.com\/PressenzaItalia","https:\/\/x.com\/PressenzaIPA"]},{"@type":"Person","@id":"https:\/\/www.pressenza.com\/fr\/#\/schema\/person\/b66fc68b7b3a9699f3d88258b49d8d1b","name":"Byju Chalad","description":"Journalist and member of the Humanist Movement in Kannur, Kerala, India.","url":"https:\/\/www.pressenza.com\/fr\/author\/byju-chalad\/"}]}},"place":"Kannur, Inde","original_article_url":"","_links":{"self":[{"href":"https:\/\/www.pressenza.com\/fr\/wp-json\/wp\/v2\/posts\/2562019","targetHints":{"allow":["GET"]}}],"collection":[{"href":"https:\/\/www.pressenza.com\/fr\/wp-json\/wp\/v2\/posts"}],"about":[{"href":"https:\/\/www.pressenza.com\/fr\/wp-json\/wp\/v2\/types\/post"}],"author":[{"embeddable":true,"href":"https:\/\/www.pressenza.com\/fr\/wp-json\/wp\/v2\/users\/910"}],"replies":[{"embeddable":true,"href":"https:\/\/www.pressenza.com\/fr\/wp-json\/wp\/v2\/comments?post=2562019"}],"version-history":[{"count":0,"href":"https:\/\/www.pressenza.com\/fr\/wp-json\/wp\/v2\/posts\/2562019\/revisions"}],"wp:featuredmedia":[{"embeddable":true,"href":"https:\/\/www.pressenza.com\/fr\/wp-json\/wp\/v2\/media\/2562028"}],"wp:attachment":[{"href":"https:\/\/www.pressenza.com\/fr\/wp-json\/wp\/v2\/media?parent=2562019"}],"wp:term":[{"taxonomy":"category","embeddable":true,"href":"https:\/\/www.pressenza.com\/fr\/wp-json\/wp\/v2\/categories?post=2562019"},{"taxonomy":"post_tag","embeddable":true,"href":"https:\/\/www.pressenza.com\/fr\/wp-json\/wp\/v2\/tags?post=2562019"}],"curies":[{"name":"wp","href":"https:\/\/api.w.org\/{rel}","templated":true}]}}