{"id":2560682,"date":"2024-11-05T22:19:24","date_gmt":"2024-11-05T22:19:24","guid":{"rendered":"https:\/\/www.pressenza.com\/?p=2560682"},"modified":"2024-11-05T22:19:24","modified_gmt":"2024-11-05T22:19:24","slug":"namibie-rosa-pour-presidente","status":"publish","type":"post","link":"https:\/\/www.pressenza.com\/fr\/2024\/11\/namibie-rosa-pour-presidente\/","title":{"rendered":"Namibie &#8211; Rosa pour pr\u00e9sidente !"},"content":{"rendered":"<p><b>On l&rsquo;appelle aussi la \u00ab Rosa Luxemburg de Namibie \u00bb &#8211; aujourd&rsquo;hui, l&rsquo;ancienne r\u00e9sistante Rosa Visolela Namises veut devenir pr\u00e9sidente.<\/b> <b>Pourquoi il vaut la peine de la soutenir, y compris financi\u00e8rement.<\/b><\/p>\n<p>Par<a href=\"https:\/\/zeitpunkt.ch\/node\/28616\"> <b>Christa Leila Dregger<\/b><\/a><\/p>\n<p>Rosa Visolela Namises, n\u00e9e en 1958, est une combattante politique passionn\u00e9e et une militante des droits des femmes qui s&rsquo;engage sans rel\u00e2che pour r\u00e9pondre aux besoins des personnes d\u00e9favoris\u00e9es. Directe, participative, cr\u00e9dible et efficace &#8211; c&rsquo;est ainsi qu&rsquo;une pr\u00e9sidente devrait \u00eatre, selon elle.<\/p>\n<p>Ce qui frappe le plus chez elle, ce sont ses cheveux : des boucles rasta noires et grises qui s&rsquo;enroulent jusqu&rsquo;aux hanches. Une provocation en Namibie, o\u00f9 l&rsquo;on appara\u00eet tr\u00e8s soign\u00e9 dans la vie publique. Mais le fait que Visolela n\u2019a ni peign\u00e9 ni coup\u00e9 ses cheveux depuis de nombreuses ann\u00e9es n&rsquo;est pas un ph\u00e9nom\u00e8ne de mode, mais un acte de r\u00e9sistance politique. Tout comme l&rsquo;unique clip qu&rsquo;elle porte \u00e0 l&rsquo;oreille.<\/p>\n<p>Lorsqu&rsquo;en 2003, le pr\u00e9sident du gouvernement Sam Nujoma a annonc\u00e9 qu&rsquo;il allait arr\u00eater tous ceux qui portaient des boucles rasta et des boucles d&rsquo;oreilles individuelles &#8211; des signaux d&rsquo;homosexualit\u00e9 &#8211; Visolela, alors d\u00e9put\u00e9e du Congr\u00e8s d\u00e9mocrate, a imm\u00e9diatement r\u00e9agi : \u00ab Alors commencez tout de suite par moi \u00bb. Elle a jur\u00e9 de se laisser pousser les cheveux rasta jusqu&rsquo;\u00e0 ce que cette menace soit lev\u00e9e<\/p>\n<blockquote><p><i>SE TAIRE FACE \u00c0 LA VIOLENCE ET L\u2019INJUSTICE, C\u2019EST LA PIRE DES CHOSES<\/i><\/p><\/blockquote>\n<p>\u00ab Chaque fois que des minorit\u00e9s, des femmes ou des personnes qui pensent diff\u00e9remment sont menac\u00e9es, je me l\u00e8ve et je dois dire quelque chose. M\u00eame si je me sens impuissante, le simple fait d&rsquo;en parler aide d\u00e9j\u00e0. Se taire face \u00e0 la violence et \u00e0 l&rsquo;injustice, c&rsquo;est la pire des choses \u00bb.<\/p>\n<p>Cette n\u00e9cessit\u00e9 l&rsquo;accompagne tout au long de sa vie. Elle lui apporte des difficult\u00e9s, la conduit\u00a0 dans la lutte pour l&rsquo;ind\u00e9pendance, en prison, en exil, au Parlement &#8211; et peut-\u00eatre \u00e0 la pr\u00e9sidence en novembre 2024.<\/p>\n<p>En tant qu&rsquo;infirmi\u00e8re, qui ne peut pas se taire lorsque les m\u00e9decins blancs traitent leurs patients noirs avec m\u00e9pris, elle a des ennuis. Lorsqu&rsquo;elle tombe amoureuse d&rsquo;un m\u00e9decin blanc &#8211; et lui d&rsquo;elle &#8211; et qu&rsquo;ils se prom\u00e8nent exub\u00e9rants main dans la main dans les rues de Windhuek, la fronti\u00e8re est d\u00e9finitivement franchie. Il est mut\u00e9, elle est licenci\u00e9e &#8211; et devient une r\u00e9sistante. Pour elle, c&rsquo;est clair : un syst\u00e8me dans lequel l&rsquo;amour n&rsquo;est pas possible doit \u00eatre aboli. C&rsquo;est ainsi qu&rsquo;elle commence \u00e0 lutter contre l&rsquo;apartheid et l&rsquo;occupation, trouve des personnes partageant ses id\u00e9es et devient membre de la SWAPO (South West Africa People\u2019s Organisation), le mouvement ind\u00e9pendantiste namibien.<\/p>\n<p>\u00ab Nous \u00e9tudiions tous les soirs le communisme, le socialisme et l&rsquo;anarchisme. Puis, lorsque la Swapo a \u00e9t\u00e9 interdite, nous avons invit\u00e9 des gens \u00e0 des barbecues : Pendant que les invit\u00e9s faisaient la f\u00eate devant la porte, nous nous r\u00e9unissions \u00e0 l&rsquo;int\u00e9rieur pour des r\u00e9unions conspiratives \u00bb.<\/p>\n<p>Rosa Namises forge des concepts pour une Namibie ind\u00e9pendante, \u00e9gale et juste. Mais elle est trahie et attrap\u00e9e, puis emprisonn\u00e9e sans proc\u00e8s pendant 14 mois. Contrainte \u00e0 l&rsquo;exil, elle vit, \u00e9tudie et travaille en Europe et en Am\u00e9rique, ne revenant qu&rsquo;apr\u00e8s l&rsquo;ind\u00e9pendance en 1990, pleine d&rsquo;enthousiasme \u00e0 l&rsquo;id\u00e9e d&rsquo;aider \u00e0 construire une Namibie libre. Son r\u00e9veil est difficile.<\/p>\n<p>\u00ab Je me souviens du soir o\u00f9 un monde s&rsquo;est effondr\u00e9 en moi : ma s\u0153ur m&rsquo;a parl\u00e9 des crimes de la Swapo qui avaient \u00e9t\u00e9 mis en lumi\u00e8re pendant mon absence. Mes grands mod\u00e8les auraient fait tout cela ? Mais la politique autoritaire du gouvernement de la Swapo parlait d&rsquo;elle-m\u00eame. J&rsquo;ai d\u00fb me rendre \u00e0 l&rsquo;\u00e9vidence : Ce ne sont plus mes camarades. La Swapo est un club d&rsquo;hommes ignorants \u00bb !<\/p>\n<p>Les ann\u00e9es suivantes, elle se concentre sur le travail social, en particulier sur le soutien aux jeunes filles et aux femmes, fonde l&rsquo;organisation \u00ab Briser le mur du silence \u00bb et con\u00e7oit des rituels d&rsquo;initiation alternatifs pour les jeunes filles. Mais la vision d&rsquo;une Namibie libre et juste ne la quitte pas. Le traumatisme du g\u00e9nocide perp\u00e9tr\u00e9 par la puissance coloniale allemande plane sur le pays. La \u00ab caste \u00bb blanche poss\u00e8de toujours la majeure partie des terres agricoles fertiles et des ressources mini\u00e8res &#8211; les terres vol\u00e9es n&rsquo;ont jamais \u00e9t\u00e9 rendues \u00e0 leurs habitants d&rsquo;origine. Il n&rsquo;y a pas eu non plus de paiements de r\u00e9paration jusqu\u2019\u00e0 ce jour. Ce sont les habitants des campagnes, les membres des tribus, qui en p\u00e2tissent.<\/p>\n<p>Le dernier pr\u00e9sident namibien \u00e9lu, Hage Geingob, est d\u00e9c\u00e9d\u00e9 en f\u00e9vrier 2024. Actuellement, c&rsquo;est un pr\u00e9sident par int\u00e9rim qui gouverne. De nouvelles \u00e9lections sont pr\u00e9vues pour le 27 novembre. Depuis mars, Rosa Visolela Namises recueille des voix : Elle est candidate \u00e0 la pr\u00e9sidence.<\/p>\n<p>Rosa Namises : \u00ab J&rsquo;ai visit\u00e9 toutes les tribus, les San, les Okavango, les Herero, les Awaambo et les Damaran. Nous avons commenc\u00e9 \u00e0 la mi-juin et avons travaill\u00e9 jusqu&rsquo;\u00e0 la fin ao\u00fbt. En pr\u00e8s de sept semaines et demie, nous avons travaill\u00e9 dans sept r\u00e9gions et parcouru 3 104,2 kilom\u00e8tres \u00bb. Douze collecteurs de votes form\u00e9s les ont accompagn\u00e9s. Les communaut\u00e9s, selon Namises, sont les groupements les plus n\u00e9glig\u00e9s de Namibie, mais leur chaleur humaine et leur volont\u00e9 de survivre ont profond\u00e9ment impressionn\u00e9 [les visiteurs]. Pourtant, les conditions de vie \u00e9taient effrayantes.<\/p>\n<p>\u00ab Il n&rsquo;y avait pas de services de sant\u00e9 ou d&rsquo;\u00e9ducation. Les adultes et les enfants \u00e9taient mal v\u00eatus et affam\u00e9s. L&rsquo;environnement \u00e9tait pollu\u00e9, il n&rsquo;y a pratiquement pas d&rsquo;installations sanitaires. Le papier toilette et les journaux sont \u00e9parpill\u00e9s partout \u00bb, rapporte-t-elle. \u201cL&rsquo;infrastructure est dans un \u00e9tat de d\u00e9solation\u201d. Des r\u00e9servoirs d&rsquo;eau sont certes disponibles, mais sans tuyaux de raccordement, l&rsquo;acc\u00e8s \u00e0 l&rsquo;eau potable reste inaccessible pour les habitants.<\/p>\n<p>Les communaut\u00e9s San en particulier seraient syst\u00e9matiquement exclues. \u00ab Les terres non colonis\u00e9es sont aujourd&rsquo;hui cl\u00f4tur\u00e9es, ce qui prive les San de l&rsquo;acc\u00e8s \u00e0 la nourriture et au bois de chauffage. Ces ressources sont pourtant essentielles \u00e0 la survie de ces communaut\u00e9s, qui vivent souvent dans une extr\u00eame pauvret\u00e9 \u00bb.<\/p>\n<p>L&rsquo;aide contre la s\u00e9cheresse n&rsquo;est distribu\u00e9e qu&rsquo;\u00e0 des familles s\u00e9lectionn\u00e9es &#8211; souvent pas aux plus vuln\u00e9rables. Les tracasseries administratives auxquelles les gens sont confront\u00e9s compliquent encore leur situation. \u00ab Il n&rsquo;y a pas de documents nationaux, et pour la plupart, le premier document qu&rsquo;ils re\u00e7oivent est le certificat de d\u00e9c\u00e8s \u00bb.<\/p>\n<p>Face \u00e0 cette situation, Rosa Namises tente d&rsquo;inciter les gens \u00e0 participer aux \u00e9lections. \u00ab Ce n&rsquo;\u00e9tait pas facile, mais \u00e0 la fin, ils ont accept\u00e9 et sign\u00e9 \u00bb, dit-elle. Visolela est connue en Namibie par la radio et la t\u00e9l\u00e9vision, ce qui a aid\u00e9. Selon elle, les plus grands d\u00e9fis r\u00e9sident dans les promesses non tenues des politiciens pr\u00e9c\u00e9dents. \u00ab Les gens ont perdu confiance. Les diff\u00e9rentes appartenances tribales sont des barri\u00e8res politiques \u00bb.<\/p>\n<p>Outre la pauvret\u00e9 et le sans-abrisme qui existent depuis des d\u00e9cennies, les jeunes et les femmes sont particuli\u00e8rement touch\u00e9s par un cycle de violence, de drogue et d&rsquo;alcool. Sans une protection sociale qui transcende les tribus, l&rsquo;avenir s&rsquo;annonce sombre.<\/p>\n<p>Rosa Visolela Namises incarne l&rsquo;engagement infatigable pour l&rsquo;am\u00e9lioration des conditions de vie des tribus. Elle est la championne de ceux qui n&rsquo;ont pas de voix. Son engagement, sa proximit\u00e9 avec les gens et sa vision claire d&rsquo;un avenir meilleur font d&rsquo;elle une figure incontournable de la lutte pour la justice sociale et le d\u00e9veloppement en Namibie.<\/p>\n<p>Pour sa candidature, Rosa Namises a besoin d&rsquo;argent. Des collecteurs de fonds amis tentent de la soutenir dans cette d\u00e9marche. Si vous souhaitez lui donner de l&rsquo;argent pour son travail, veuillez utiliser le virement direct :<\/p>\n<p>Rosa Namises Haso<br \/>\n172 Seeis Street<br \/>\nCimbebasia<br \/>\nWindhoek<\/p>\n<p>First National Bank of Namibia<br \/>\nAccount number: 64282505345<\/p>\n<p>Plus d&rsquo;informations et contact :<\/p>\n<p><a href=\"https:\/\/www.rosanamises2024.com\/\" target=\"_blank\" rel=\"noopener\">www.rosanamises2024.com\/<\/a><\/p>\n<p><a href=\"mailto:info@rosanamises2024.com\" target=\"_blank\" rel=\"noopener\">info@rosanamises2024.com<\/a><\/p>\n<p>&nbsp;<\/p>\n<p><em>Traduction, Evelyn Tischer<\/em><\/p>\n","protected":false},"excerpt":{"rendered":"<p>On l&rsquo;appelle aussi la \u00ab Rosa Luxemburg de Namibie \u00bb &#8211; aujourd&rsquo;hui, l&rsquo;ancienne r\u00e9sistante Rosa Visolela Namises veut devenir pr\u00e9sidente. Pourquoi il vaut la peine de la soutenir, y compris financi\u00e8rement. Par Christa Leila Dregger Rosa Visolela Namises, n\u00e9e en&hellip;<\/p>\n","protected":false},"author":2248,"featured_media":2560687,"comment_status":"closed","ping_status":"closed","sticky":false,"template":"","format":"standard","meta":{"footnotes":""},"categories":[83,98,54509,99,93],"tags":[128831,54378,29101,128832],"class_list":["post-2560682","post","type-post","status-publish","format-standard","has-post-thumbnail","hentry","category-africa-fr","category-droits-de-lhomme","category-genre-et-feminismes","category-peuples-autochtones","category-politique","tag-colonialisme-allemand","tag-egalite-des-droits","tag-namibie","tag-rosa-visolela-namises-fr"],"yoast_head":"<!-- This site is optimized with the Yoast SEO plugin v27.1.1 - https:\/\/yoast.com\/product\/yoast-seo-wordpress\/ -->\n<title>Namibie - Rosa pour pr\u00e9sidente !<\/title>\n<meta name=\"description\" content=\"On l&#039;appelle aussi la \u00ab Rosa Luxemburg de Namibie \u00bb - aujourd&#039;hui, l&#039;ancienne r\u00e9sistante Rosa Visolela Namises veut devenir pr\u00e9sidente. Pourquoi il vaut\" \/>\n<meta name=\"robots\" content=\"index, follow, max-snippet:-1, max-image-preview:large, max-video-preview:-1\" \/>\n<link rel=\"canonical\" href=\"https:\/\/www.pressenza.com\/fr\/2024\/11\/namibie-rosa-pour-presidente\/\" \/>\n<meta property=\"og:locale\" content=\"fr_FR\" \/>\n<meta property=\"og:type\" content=\"article\" \/>\n<meta property=\"og:title\" content=\"Namibie - Rosa pour pr\u00e9sidente !\" \/>\n<meta property=\"og:description\" content=\"On l&#039;appelle aussi la \u00ab Rosa Luxemburg de Namibie \u00bb - aujourd&#039;hui, l&#039;ancienne r\u00e9sistante Rosa Visolela Namises veut devenir pr\u00e9sidente. Pourquoi il vaut\" \/>\n<meta property=\"og:url\" content=\"https:\/\/www.pressenza.com\/fr\/2024\/11\/namibie-rosa-pour-presidente\/\" \/>\n<meta property=\"og:site_name\" content=\"Pressenza\" \/>\n<meta property=\"article:publisher\" content=\"https:\/\/www.facebook.com\/PressenzaItalia\" \/>\n<meta property=\"article:published_time\" content=\"2024-11-05T22:19:24+00:00\" \/>\n<meta property=\"og:image\" content=\"https:\/\/www.pressenza.com\/wp-content\/uploads\/2024\/09\/Rosa-Namises-c-by-Pietro-Sutera-1.jpg\" \/>\n\t<meta property=\"og:image:width\" content=\"850\" \/>\n\t<meta property=\"og:image:height\" content=\"566\" \/>\n\t<meta property=\"og:image:type\" content=\"image\/jpeg\" \/>\n<meta name=\"author\" content=\"ZEITPUNKT\" \/>\n<meta name=\"twitter:card\" content=\"summary_large_image\" \/>\n<meta name=\"twitter:creator\" content=\"@PressenzaIPA\" \/>\n<meta name=\"twitter:site\" content=\"@PressenzaIPA\" \/>\n<meta name=\"twitter:label1\" content=\"\u00c9crit par\" \/>\n\t<meta name=\"twitter:data1\" content=\"ZEITPUNKT\" \/>\n\t<meta name=\"twitter:label2\" content=\"Dur\u00e9e de lecture estim\u00e9e\" \/>\n\t<meta name=\"twitter:data2\" content=\"7 minutes\" \/>\n<script type=\"application\/ld+json\" class=\"yoast-schema-graph\">{\"@context\":\"https:\/\/schema.org\",\"@graph\":[{\"@type\":\"Article\",\"@id\":\"https:\/\/www.pressenza.com\/fr\/2024\/11\/namibie-rosa-pour-presidente\/#article\",\"isPartOf\":{\"@id\":\"https:\/\/www.pressenza.com\/fr\/2024\/11\/namibie-rosa-pour-presidente\/\"},\"author\":{\"name\":\"ZEITPUNKT\",\"@id\":\"https:\/\/www.pressenza.com\/fr\/#\/schema\/person\/d0d3a98887409dbb1950d82e24b42010\"},\"headline\":\"Namibie &#8211; Rosa pour pr\u00e9sidente !\",\"datePublished\":\"2024-11-05T22:19:24+00:00\",\"mainEntityOfPage\":{\"@id\":\"https:\/\/www.pressenza.com\/fr\/2024\/11\/namibie-rosa-pour-presidente\/\"},\"wordCount\":1430,\"publisher\":{\"@id\":\"https:\/\/www.pressenza.com\/fr\/#organization\"},\"image\":{\"@id\":\"https:\/\/www.pressenza.com\/fr\/2024\/11\/namibie-rosa-pour-presidente\/#primaryimage\"},\"thumbnailUrl\":\"https:\/\/www.pressenza.com\/wp-content\/uploads\/2024\/09\/Rosa-Namises-c-by-Pietro-Sutera-1.jpg\",\"keywords\":[\"colonialisme allemand\",\"\u00e9galit\u00e9 des droits\",\"Namibie\",\"Rosa Visolela Namises\"],\"articleSection\":[\"Afrique\",\"Droits humains\",\"Genre et f\u00e9minismes\",\"Peuples originaires\",\"Politique\"],\"inLanguage\":\"fr-FR\"},{\"@type\":\"WebPage\",\"@id\":\"https:\/\/www.pressenza.com\/fr\/2024\/11\/namibie-rosa-pour-presidente\/\",\"url\":\"https:\/\/www.pressenza.com\/fr\/2024\/11\/namibie-rosa-pour-presidente\/\",\"name\":\"Namibie - Rosa pour pr\u00e9sidente !\",\"isPartOf\":{\"@id\":\"https:\/\/www.pressenza.com\/fr\/#website\"},\"primaryImageOfPage\":{\"@id\":\"https:\/\/www.pressenza.com\/fr\/2024\/11\/namibie-rosa-pour-presidente\/#primaryimage\"},\"image\":{\"@id\":\"https:\/\/www.pressenza.com\/fr\/2024\/11\/namibie-rosa-pour-presidente\/#primaryimage\"},\"thumbnailUrl\":\"https:\/\/www.pressenza.com\/wp-content\/uploads\/2024\/09\/Rosa-Namises-c-by-Pietro-Sutera-1.jpg\",\"datePublished\":\"2024-11-05T22:19:24+00:00\",\"description\":\"On l'appelle aussi la \u00ab Rosa Luxemburg de Namibie \u00bb - aujourd'hui, l'ancienne r\u00e9sistante Rosa Visolela Namises veut devenir pr\u00e9sidente. Pourquoi il vaut\",\"breadcrumb\":{\"@id\":\"https:\/\/www.pressenza.com\/fr\/2024\/11\/namibie-rosa-pour-presidente\/#breadcrumb\"},\"inLanguage\":\"fr-FR\",\"potentialAction\":[{\"@type\":\"ReadAction\",\"target\":[\"https:\/\/www.pressenza.com\/fr\/2024\/11\/namibie-rosa-pour-presidente\/\"]}]},{\"@type\":\"ImageObject\",\"inLanguage\":\"fr-FR\",\"@id\":\"https:\/\/www.pressenza.com\/fr\/2024\/11\/namibie-rosa-pour-presidente\/#primaryimage\",\"url\":\"https:\/\/www.pressenza.com\/wp-content\/uploads\/2024\/09\/Rosa-Namises-c-by-Pietro-Sutera-1.jpg\",\"contentUrl\":\"https:\/\/www.pressenza.com\/wp-content\/uploads\/2024\/09\/Rosa-Namises-c-by-Pietro-Sutera-1.jpg\",\"width\":850,\"height\":566,\"caption\":\"Rosa Visolela Namises (Foto: Pietro Sutera; Creative Commons 4.0)\"},{\"@type\":\"BreadcrumbList\",\"@id\":\"https:\/\/www.pressenza.com\/fr\/2024\/11\/namibie-rosa-pour-presidente\/#breadcrumb\",\"itemListElement\":[{\"@type\":\"ListItem\",\"position\":1,\"name\":\"Accueil\",\"item\":\"https:\/\/www.pressenza.com\/fr\/\"},{\"@type\":\"ListItem\",\"position\":2,\"name\":\"Namibie &#8211; Rosa pour pr\u00e9sidente !\"}]},{\"@type\":\"WebSite\",\"@id\":\"https:\/\/www.pressenza.com\/fr\/#website\",\"url\":\"https:\/\/www.pressenza.com\/fr\/\",\"name\":\"Pressenza\",\"description\":\"International Press Agency\",\"publisher\":{\"@id\":\"https:\/\/www.pressenza.com\/fr\/#organization\"},\"potentialAction\":[{\"@type\":\"SearchAction\",\"target\":{\"@type\":\"EntryPoint\",\"urlTemplate\":\"https:\/\/www.pressenza.com\/fr\/?s={search_term_string}\"},\"query-input\":{\"@type\":\"PropertyValueSpecification\",\"valueRequired\":true,\"valueName\":\"search_term_string\"}}],\"inLanguage\":\"fr-FR\"},{\"@type\":\"Organization\",\"@id\":\"https:\/\/www.pressenza.com\/fr\/#organization\",\"name\":\"Pressenza\",\"url\":\"https:\/\/www.pressenza.com\/fr\/\",\"logo\":{\"@type\":\"ImageObject\",\"inLanguage\":\"fr-FR\",\"@id\":\"https:\/\/www.pressenza.com\/fr\/#\/schema\/logo\/image\/\",\"url\":\"https:\/\/www.pressenza.com\/wp-content\/uploads\/2022\/10\/pressenza_logo_200x200.jpg\",\"contentUrl\":\"https:\/\/www.pressenza.com\/wp-content\/uploads\/2022\/10\/pressenza_logo_200x200.jpg\",\"width\":200,\"height\":200,\"caption\":\"Pressenza\"},\"image\":{\"@id\":\"https:\/\/www.pressenza.com\/fr\/#\/schema\/logo\/image\/\"},\"sameAs\":[\"https:\/\/www.facebook.com\/PressenzaItalia\",\"https:\/\/x.com\/PressenzaIPA\"]},{\"@type\":\"Person\",\"@id\":\"https:\/\/www.pressenza.com\/fr\/#\/schema\/person\/d0d3a98887409dbb1950d82e24b42010\",\"name\":\"ZEITPUNKT\",\"description\":\"Der ZEITPUNKT ist unabh\u00e4ngig von Organisationen, Parteien und Gruppierungen und wird von freien Beitr\u00e4gen der Leserinnen und Leser getragen. Das Copyright dieser Seite und ihrer Inhalte liegt beim Zeitpunkt bzw. den jeweiligen AutorInnen und ihren Verlagen. Weiterverwendung in jeder Form nur mit schriftlicher Genehmigung der Copyright-Inhaber.\",\"sameAs\":[\"https:\/\/zeitpunkt.ch\/\"],\"url\":\"https:\/\/www.pressenza.com\/fr\/author\/zeitpunkt\/\"}]}<\/script>\n<!-- \/ Yoast SEO plugin. -->","yoast_head_json":{"title":"Namibie - Rosa pour pr\u00e9sidente !","description":"On l'appelle aussi la \u00ab Rosa Luxemburg de Namibie \u00bb - aujourd'hui, l'ancienne r\u00e9sistante Rosa Visolela Namises veut devenir pr\u00e9sidente. Pourquoi il vaut","robots":{"index":"index","follow":"follow","max-snippet":"max-snippet:-1","max-image-preview":"max-image-preview:large","max-video-preview":"max-video-preview:-1"},"canonical":"https:\/\/www.pressenza.com\/fr\/2024\/11\/namibie-rosa-pour-presidente\/","og_locale":"fr_FR","og_type":"article","og_title":"Namibie - Rosa pour pr\u00e9sidente !","og_description":"On l'appelle aussi la \u00ab Rosa Luxemburg de Namibie \u00bb - aujourd'hui, l'ancienne r\u00e9sistante Rosa Visolela Namises veut devenir pr\u00e9sidente. Pourquoi il vaut","og_url":"https:\/\/www.pressenza.com\/fr\/2024\/11\/namibie-rosa-pour-presidente\/","og_site_name":"Pressenza","article_publisher":"https:\/\/www.facebook.com\/PressenzaItalia","article_published_time":"2024-11-05T22:19:24+00:00","og_image":[{"width":850,"height":566,"url":"https:\/\/www.pressenza.com\/wp-content\/uploads\/2024\/09\/Rosa-Namises-c-by-Pietro-Sutera-1.jpg","type":"image\/jpeg"}],"author":"ZEITPUNKT","twitter_card":"summary_large_image","twitter_creator":"@PressenzaIPA","twitter_site":"@PressenzaIPA","twitter_misc":{"\u00c9crit par":"ZEITPUNKT","Dur\u00e9e de lecture estim\u00e9e":"7 minutes"},"schema":{"@context":"https:\/\/schema.org","@graph":[{"@type":"Article","@id":"https:\/\/www.pressenza.com\/fr\/2024\/11\/namibie-rosa-pour-presidente\/#article","isPartOf":{"@id":"https:\/\/www.pressenza.com\/fr\/2024\/11\/namibie-rosa-pour-presidente\/"},"author":{"name":"ZEITPUNKT","@id":"https:\/\/www.pressenza.com\/fr\/#\/schema\/person\/d0d3a98887409dbb1950d82e24b42010"},"headline":"Namibie &#8211; Rosa pour pr\u00e9sidente !","datePublished":"2024-11-05T22:19:24+00:00","mainEntityOfPage":{"@id":"https:\/\/www.pressenza.com\/fr\/2024\/11\/namibie-rosa-pour-presidente\/"},"wordCount":1430,"publisher":{"@id":"https:\/\/www.pressenza.com\/fr\/#organization"},"image":{"@id":"https:\/\/www.pressenza.com\/fr\/2024\/11\/namibie-rosa-pour-presidente\/#primaryimage"},"thumbnailUrl":"https:\/\/www.pressenza.com\/wp-content\/uploads\/2024\/09\/Rosa-Namises-c-by-Pietro-Sutera-1.jpg","keywords":["colonialisme allemand","\u00e9galit\u00e9 des droits","Namibie","Rosa Visolela Namises"],"articleSection":["Afrique","Droits humains","Genre et f\u00e9minismes","Peuples originaires","Politique"],"inLanguage":"fr-FR"},{"@type":"WebPage","@id":"https:\/\/www.pressenza.com\/fr\/2024\/11\/namibie-rosa-pour-presidente\/","url":"https:\/\/www.pressenza.com\/fr\/2024\/11\/namibie-rosa-pour-presidente\/","name":"Namibie - Rosa pour pr\u00e9sidente !","isPartOf":{"@id":"https:\/\/www.pressenza.com\/fr\/#website"},"primaryImageOfPage":{"@id":"https:\/\/www.pressenza.com\/fr\/2024\/11\/namibie-rosa-pour-presidente\/#primaryimage"},"image":{"@id":"https:\/\/www.pressenza.com\/fr\/2024\/11\/namibie-rosa-pour-presidente\/#primaryimage"},"thumbnailUrl":"https:\/\/www.pressenza.com\/wp-content\/uploads\/2024\/09\/Rosa-Namises-c-by-Pietro-Sutera-1.jpg","datePublished":"2024-11-05T22:19:24+00:00","description":"On l'appelle aussi la \u00ab Rosa Luxemburg de Namibie \u00bb - aujourd'hui, l'ancienne r\u00e9sistante Rosa Visolela Namises veut devenir pr\u00e9sidente. Pourquoi il vaut","breadcrumb":{"@id":"https:\/\/www.pressenza.com\/fr\/2024\/11\/namibie-rosa-pour-presidente\/#breadcrumb"},"inLanguage":"fr-FR","potentialAction":[{"@type":"ReadAction","target":["https:\/\/www.pressenza.com\/fr\/2024\/11\/namibie-rosa-pour-presidente\/"]}]},{"@type":"ImageObject","inLanguage":"fr-FR","@id":"https:\/\/www.pressenza.com\/fr\/2024\/11\/namibie-rosa-pour-presidente\/#primaryimage","url":"https:\/\/www.pressenza.com\/wp-content\/uploads\/2024\/09\/Rosa-Namises-c-by-Pietro-Sutera-1.jpg","contentUrl":"https:\/\/www.pressenza.com\/wp-content\/uploads\/2024\/09\/Rosa-Namises-c-by-Pietro-Sutera-1.jpg","width":850,"height":566,"caption":"Rosa Visolela Namises (Foto: Pietro Sutera; Creative Commons 4.0)"},{"@type":"BreadcrumbList","@id":"https:\/\/www.pressenza.com\/fr\/2024\/11\/namibie-rosa-pour-presidente\/#breadcrumb","itemListElement":[{"@type":"ListItem","position":1,"name":"Accueil","item":"https:\/\/www.pressenza.com\/fr\/"},{"@type":"ListItem","position":2,"name":"Namibie &#8211; Rosa pour pr\u00e9sidente !"}]},{"@type":"WebSite","@id":"https:\/\/www.pressenza.com\/fr\/#website","url":"https:\/\/www.pressenza.com\/fr\/","name":"Pressenza","description":"International Press Agency","publisher":{"@id":"https:\/\/www.pressenza.com\/fr\/#organization"},"potentialAction":[{"@type":"SearchAction","target":{"@type":"EntryPoint","urlTemplate":"https:\/\/www.pressenza.com\/fr\/?s={search_term_string}"},"query-input":{"@type":"PropertyValueSpecification","valueRequired":true,"valueName":"search_term_string"}}],"inLanguage":"fr-FR"},{"@type":"Organization","@id":"https:\/\/www.pressenza.com\/fr\/#organization","name":"Pressenza","url":"https:\/\/www.pressenza.com\/fr\/","logo":{"@type":"ImageObject","inLanguage":"fr-FR","@id":"https:\/\/www.pressenza.com\/fr\/#\/schema\/logo\/image\/","url":"https:\/\/www.pressenza.com\/wp-content\/uploads\/2022\/10\/pressenza_logo_200x200.jpg","contentUrl":"https:\/\/www.pressenza.com\/wp-content\/uploads\/2022\/10\/pressenza_logo_200x200.jpg","width":200,"height":200,"caption":"Pressenza"},"image":{"@id":"https:\/\/www.pressenza.com\/fr\/#\/schema\/logo\/image\/"},"sameAs":["https:\/\/www.facebook.com\/PressenzaItalia","https:\/\/x.com\/PressenzaIPA"]},{"@type":"Person","@id":"https:\/\/www.pressenza.com\/fr\/#\/schema\/person\/d0d3a98887409dbb1950d82e24b42010","name":"ZEITPUNKT","description":"Der ZEITPUNKT ist unabh\u00e4ngig von Organisationen, Parteien und Gruppierungen und wird von freien Beitr\u00e4gen der Leserinnen und Leser getragen. Das Copyright dieser Seite und ihrer Inhalte liegt beim Zeitpunkt bzw. den jeweiligen AutorInnen und ihren Verlagen. Weiterverwendung in jeder Form nur mit schriftlicher Genehmigung der Copyright-Inhaber.","sameAs":["https:\/\/zeitpunkt.ch\/"],"url":"https:\/\/www.pressenza.com\/fr\/author\/zeitpunkt\/"}]}},"place":"","original_article_url":"","_links":{"self":[{"href":"https:\/\/www.pressenza.com\/fr\/wp-json\/wp\/v2\/posts\/2560682","targetHints":{"allow":["GET"]}}],"collection":[{"href":"https:\/\/www.pressenza.com\/fr\/wp-json\/wp\/v2\/posts"}],"about":[{"href":"https:\/\/www.pressenza.com\/fr\/wp-json\/wp\/v2\/types\/post"}],"author":[{"embeddable":true,"href":"https:\/\/www.pressenza.com\/fr\/wp-json\/wp\/v2\/users\/2248"}],"replies":[{"embeddable":true,"href":"https:\/\/www.pressenza.com\/fr\/wp-json\/wp\/v2\/comments?post=2560682"}],"version-history":[{"count":0,"href":"https:\/\/www.pressenza.com\/fr\/wp-json\/wp\/v2\/posts\/2560682\/revisions"}],"wp:featuredmedia":[{"embeddable":true,"href":"https:\/\/www.pressenza.com\/fr\/wp-json\/wp\/v2\/media\/2560687"}],"wp:attachment":[{"href":"https:\/\/www.pressenza.com\/fr\/wp-json\/wp\/v2\/media?parent=2560682"}],"wp:term":[{"taxonomy":"category","embeddable":true,"href":"https:\/\/www.pressenza.com\/fr\/wp-json\/wp\/v2\/categories?post=2560682"},{"taxonomy":"post_tag","embeddable":true,"href":"https:\/\/www.pressenza.com\/fr\/wp-json\/wp\/v2\/tags?post=2560682"}],"curies":[{"name":"wp","href":"https:\/\/api.w.org\/{rel}","templated":true}]}}