{"id":2559159,"date":"2024-10-31T14:39:00","date_gmt":"2024-10-31T14:39:00","guid":{"rendered":"https:\/\/www.pressenza.com\/?p=2559159"},"modified":"2024-10-31T14:41:04","modified_gmt":"2024-10-31T14:41:04","slug":"les-defenseurs-de-la-paix-mondiale-alfsen-volta-et-santillan-inspirent-la-troisieme-marche-mondiale-pour-la-paix-de-luniversite-centrale-de-baguio-3-de-3","status":"publish","type":"post","link":"https:\/\/www.pressenza.com\/fr\/2024\/10\/les-defenseurs-de-la-paix-mondiale-alfsen-volta-et-santillan-inspirent-la-troisieme-marche-mondiale-pour-la-paix-de-luniversite-centrale-de-baguio-3-de-3\/","title":{"rendered":"Les d\u00e9fenseurs de la paix mondiale Alfsen, Volta et Santillan inspirent la troisi\u00e8me Marche mondiale pour la paix de l&rsquo;Universit\u00e9 centrale de Baguio &#8211; 3 de 3"},"content":{"rendered":"<p><strong>La BCU accueille la 3e Marche mondiale pour la paix, \u00e9tape philippine : une symphonie d&rsquo;harmonie mondiale<\/strong><\/p>\n<p><em><span style=\"vertical-align: inherit;\">Par : Josefa P. Dampilag, Pacita E. Gawaen, Genevieve B. Kupang, Christine S. Luyosen, Alaska J. Turaray<\/span><\/em><\/p>\n<p>Cette s\u00e9rie est compos\u00e9e de 3 articles :<\/p>\n<p class=\"entry-title\"><a href=\"https:\/\/www.pressenza.com\/fr\/2024\/10\/letape-des-philippines-une-symphonie-dharmonie-globale-1-de-2\/\">L\u2019\u00e9tape des Philippines : une symphonie d\u2019harmonie globale \u2013 1 de 3<\/a><\/p>\n<p class=\"entry-title\"><a href=\"https:\/\/www.pressenza.com\/fr\/2024\/10\/luniversite-centrale-de-baguio-accueille-la-3e-marche-mondiale-pour-la-paix-etape-philippines-une-symphonie-dharmonie-mondiale-2-de-3\/\">L\u2019universit\u00e9 centrale de Baguio accueille la 3e Marche mondiale pour la paix, \u00e9tape Philippines : une symphonie d\u2019harmonie mondiale \u2013 2 de 3<\/a><\/p>\n<p><a href=\"https:\/\/www.pressenza.com\/fr\/2024\/10\/les-defenseurs-de-la-paix-mondiale-alfsen-volta-et-santillan-inspirent-la-troisieme-marche-mondiale-pour-la-paix-de-luniversite-centrale-de-baguio-3-de-3\/\">Les d\u00e9fenseurs de la paix mondiale Alfsen, Volta et Santillan inspirent la troisi\u00e8me Marche mondiale pour la paix de l&rsquo;Universit\u00e9 centrale de Baguio &#8211; 3 de 3<\/a><\/p>\n<p><strong>Wilfredo Alfsen, du Chili, membre de l&rsquo;\u00e9quipe de la base de la Marche Mondiale<\/strong><\/p>\n<p>En plus du maire Benjamin Magalong, du r\u00e9v\u00e9rend p\u00e8re Ramon Caluza et de M. Ryan Javier, qui ont honor\u00e9 l&rsquo;Universit\u00e9 centrale de Baguio de leur pr\u00e9sence en faveur de la paix, Wilfredo Alfsen, Karina Lagdameo Santillan, r\u00e9dactrice en chef de Pressenza, et Tiziana Volta, coordinatrice de la 3e Marche mondiale pour la paix et la non-violence pour l&rsquo;Italie, les Philippines et la Suisse, ont partag\u00e9 des messages de paix inspirants.<\/p>\n<p><em>\u00ab\u00a0Cela peut sembler paradoxal, mais nos micro-indicateurs montrent de r\u00e9els progr\u00e8s<\/em> <em>Aujourd&rsquo;hui, il y a moins de d\u00e9c\u00e8s dus \u00e0 la faim, m\u00eame si la faim subsiste tragiquement<\/em>. <em>Les maladies infectieuses sont moins r\u00e9pandues et les femmes et les enfants sont moins confront\u00e9s \u00e0 l&rsquo;adversit\u00e9.<\/em> <em>Chaque ann\u00e9e, de plus en plus de personnes acc\u00e8dent \u00e0 l&rsquo;\u00e9ducation, de plus en plus trouvent du travail et les progr\u00e8s technologiques mettent le savoir universel \u00e0 la port\u00e9e de tous pour un co\u00fbt minime<\/em>.<\/p>\n<p><em>Nous progressons ind\u00e9niablement en tant que soci\u00e9t\u00e9 mondiale.<\/em> <em>Pourtant, certaines forces cherchent \u00e0 perturber ce voyage &#8211; celles dont les \u00e9conomies et les int\u00e9r\u00eats sont li\u00e9s aux conflits, aux guerres et aux divisions.<\/em> <em>Ces forces tentent d&rsquo;obscurcir notre chemin vers la paix, mais il nous appartient de rejeter leur influence et de continuer \u00e0 construire un monde qui donne la priorit\u00e9 au progr\u00e8s, \u00e0 l&rsquo;harmonie et \u00e0 la prosp\u00e9rit\u00e9 partag\u00e9e.\u201d<\/em> &#8211;<em> Wilfredo<\/em> Alfsen, membre de l&rsquo;\u00e9quipe de la base Marche Mondiale.<\/p>\n<p><img loading=\"lazy\" decoding=\"async\" class=\"aligncenter size-large wp-image-2558194\" src=\"https:\/\/www.pressenza.com\/wp-content\/uploads\/2024\/10\/Picture2-8-820x636.jpg\" alt=\"\" width=\"820\" height=\"636\" srcset=\"https:\/\/www.pressenza.com\/wp-content\/uploads\/2024\/10\/Picture2-8-820x636.jpg 820w, https:\/\/www.pressenza.com\/wp-content\/uploads\/2024\/10\/Picture2-8-300x233.jpg 300w, https:\/\/www.pressenza.com\/wp-content\/uploads\/2024\/10\/Picture2-8.jpg 992w\" sizes=\"auto, (max-width: 820px) 100vw, 820px\" \/><\/p>\n<p><b>C\u00e9r\u00e9monie de bien-\u00eatre <\/b>anim\u00e9e par Wilfredo Alfsen et Karina Lagdameo-Santillan<\/p>\n<p><img loading=\"lazy\" decoding=\"async\" class=\"aligncenter size-large wp-image-2558196\" src=\"https:\/\/www.pressenza.com\/wp-content\/uploads\/2024\/10\/Picture3-7-820x532.jpg\" alt=\"\" width=\"820\" height=\"532\" srcset=\"https:\/\/www.pressenza.com\/wp-content\/uploads\/2024\/10\/Picture3-7-820x532.jpg 820w, https:\/\/www.pressenza.com\/wp-content\/uploads\/2024\/10\/Picture3-7-300x194.jpg 300w, https:\/\/www.pressenza.com\/wp-content\/uploads\/2024\/10\/Picture3-7.jpg 992w\" sizes=\"auto, (max-width: 820px) 100vw, 820px\" \/><\/p>\n<p><em><strong>Paix, Force et Joie !<\/strong><\/em> <em>Les doctorants-auteurs de la BCU se joignent aux repr\u00e9sentants de l&rsquo;\u00e9quipe de base de la Marche Mondiale (MM)et aux humanistes de longue date Wilfredo Alfsen, Karina Lagdameo Santillan et Enrique Gutierrez pour une photo m\u00e9morable, incarnant l&rsquo;esprit d&rsquo;unit\u00e9 et de solidarit\u00e9 mondiale.<\/em><\/p>\n<p><img loading=\"lazy\" decoding=\"async\" class=\"aligncenter size-large wp-image-2558197\" src=\"https:\/\/www.pressenza.com\/wp-content\/uploads\/2024\/10\/Picture4-3-820x548.png\" alt=\"\" width=\"820\" height=\"548\" srcset=\"https:\/\/www.pressenza.com\/wp-content\/uploads\/2024\/10\/Picture4-3-820x548.png 820w, https:\/\/www.pressenza.com\/wp-content\/uploads\/2024\/10\/Picture4-3-300x200.png 300w, https:\/\/www.pressenza.com\/wp-content\/uploads\/2024\/10\/Picture4-3.png 1001w\" sizes=\"auto, (max-width: 820px) 100vw, 820px\" \/><\/p>\n<p><em><strong>Edna P.<\/strong><\/em> <em><strong>Culbongan, l&rsquo;un de nos estim\u00e9s ma\u00eetres de c\u00e9r\u00e9monie et le guide d\u00e9vou\u00e9 de nos invit\u00e9s de Gaza<\/strong>, a gracieusement introduit cette partie du programme.<\/em> <em>Son leadership et sa perspicacit\u00e9 ont enrichi notre \u00e9v\u00e9nement et ont permis \u00e0 nos invit\u00e9s de se sentir chaleureusement accueillis.<\/em><\/p>\n<p><strong>Tiziana Volta d&rsquo;Italie :<\/strong> <strong>Coordinatrice de la MM pour l&rsquo;Italie, les Philippines et la Suisse<\/strong><\/p>\n<p><img loading=\"lazy\" decoding=\"async\" class=\"aligncenter size-full wp-image-2558198\" src=\"https:\/\/www.pressenza.com\/wp-content\/uploads\/2024\/10\/Picture5-4.png\" alt=\"\" width=\"657\" height=\"371\" srcset=\"https:\/\/www.pressenza.com\/wp-content\/uploads\/2024\/10\/Picture5-4.png 657w, https:\/\/www.pressenza.com\/wp-content\/uploads\/2024\/10\/Picture5-4-300x169.png 300w\" sizes=\"auto, (max-width: 657px) 100vw, 657px\" \/><\/p>\n<p><em><strong>Tiziana Volta, la coordinatrice de l&rsquo;\u00e9tape philippine de la MM \u00e0 la BCU. <\/strong><\/em><em>Cr\u00e9dit : Sheenah Pearl Pangda, responsable du bureau des affaires \u00e9tudiantes de la BCU, et l&rsquo;une des organisatrices de l&rsquo;\u00e9tape philippine de la MM pour la BCU.<\/em><\/p>\n<p><em>\u00ab\u00a0Je m&rsquo;appelle Tiziana Volta et je fais partie de l&rsquo;\u00e9quipe de coordination mondiale de l&rsquo;Association Humaniste Internationale, Monde Sans Guerres et Sans Violence, qui promeut la Troisi\u00e8me Marche Mondiale pour la Paix et la Non-violence.<\/em> <em>Pour cette troisi\u00e8me \u00e9dition, je coordonne les activit\u00e9s en Italie, en Suisse et aux Philippines.<\/em> <em>J&rsquo;aimerais partager avec vous mon exp\u00e9rience de la Marche mondiale et mon cheminement personnel vers la paix et la non-violence.<\/em><\/p>\n<p><em>En octobre 2008, j&rsquo;ai entendu pour la premi\u00e8re fois les mots \u00ab paix \u00bb et \u00ab non-violence \u00bb dans la promotion de la premi\u00e8re Marche mondiale, et je suis tomb\u00e9e amoureuse de ces id\u00e9aux.<\/em> <em>\u00c0 partir de ce moment, j&rsquo;ai eu envie de changer ma propre vie et je me suis embarqu\u00e9e dans un voyage qui a \u00e9t\u00e9 \u00e0 la fois difficile et profond\u00e9ment gratifiant.<\/em> <em>En chemin, j&rsquo;ai eu le privil\u00e8ge de rencontrer des personnes incroyables, comme Montserrat Prieto, l&rsquo;une des principales inspiratrices de ce projet, qui est malheureusement d\u00e9c\u00e9d\u00e9e l&rsquo;ann\u00e9e derni\u00e8re.<\/em> <em>Lors d&rsquo;une de nos conversations, elle m&rsquo;a rappel\u00e9 que l&rsquo;exp\u00e9rience que nous partageons est enrichie par chaque vie et chaque histoire que nous rencontrons.<\/em> <em>Ma vie a \u00e9t\u00e9 transform\u00e9e par les innombrables personnes qui \u0153uvrent pour la paix et la non-violence \u00e0 travers le monde, et qui s&rsquo;efforcent toutes de faire la diff\u00e9rence.<\/em><\/p>\n<p><em>Le voyage exige d&rsquo;immenses efforts, mais il en vaut la peine, car il ouvre une nouvelle vision de ce qui est possible.<\/em> <em>Gr\u00e2ce \u00e0 la Marche mondiale, nous nous r\u00e9unissons en tant qu&rsquo;\u00eatres humains pour nous rencontrer, converser, comparer et coop\u00e9rer, m\u00eame si nos diff\u00e9rences culturelles et historiques nous mettent au d\u00e9fi.<\/em> <em>Pourtant, rien n&rsquo;est impossible lorsque nous avan\u00e7ons ensemble vers la paix.<\/em> <em>Chaque participant \u00e0 la Marche mondiale voit sa voix renforc\u00e9e par les autres, amplifiant son message tout en exprimant sa contribution unique.<\/em><\/p>\n<p><em>Aujourd&rsquo;hui, nous sommes t\u00e9moins de nombreux conflits et guerres dans le monde et, d&rsquo;une certaine mani\u00e8re, nous sommes en guerre contre nous-m\u00eames, confront\u00e9s \u00e0 des luttes internes.<\/em> <em>Mais la Marche mondiale est porteuse d&rsquo;espoir : en se rencontrant, en se comprenant et en unissant nos forces, tout est possible.<\/em> <em>C&rsquo;est avec cet espoir partag\u00e9 que nous continuons \u00e0 avancer ensemble dans la Marche mondiale&#8230;\u00a0\u00bb<\/em><\/p>\n<p><strong>La BCU Junior High School participe \u00e0 la 3\u00e8me Marche Mondiale pour la Paix<\/strong><\/p>\n<p>Il est r\u00e9confortant de voir plusieurs d\u00e9partements, coll\u00e8ges et bureaux collaborer \u00e0 l&rsquo;organisation de la troisi\u00e8me Marche mondiale pour la paix \u00e0 l&rsquo;universit\u00e9 centrale de Baguio, y compris le d\u00e9partement Junior High School. Merci \u00e0 leur directeur, M. Osmund Lictawa, et \u00e0 l&rsquo;organisatrice du coll\u00e8ge, Mme Italine Joy A. Sanoy. Merci \u00e9galement pour la participation des autres membres du corps enseignant et du personnel.<\/p>\n<p><img loading=\"lazy\" decoding=\"async\" class=\"aligncenter wp-image-2558199\" src=\"https:\/\/www.pressenza.com\/wp-content\/uploads\/2024\/10\/Picture6-7.jpg\" alt=\"\" width=\"598\" height=\"415\" srcset=\"https:\/\/www.pressenza.com\/wp-content\/uploads\/2024\/10\/Picture6-7.jpg 527w, https:\/\/www.pressenza.com\/wp-content\/uploads\/2024\/10\/Picture6-7-300x208.jpg 300w\" sizes=\"auto, (max-width: 598px) 100vw, 598px\" \/><\/p>\n<p><em>Une \u0153uvre d&rsquo;art collective cr\u00e9\u00e9e par les \u00e9l\u00e8ves de la 7e \u00e0 la 10e ann\u00e9e en collaboration avec le corps enseignant du coll\u00e8ge, qui met en valeur le pouvoir du travail d&rsquo;\u00e9quipe et de la cr\u00e9ativit\u00e9.<\/em> <em>Chaque empreinte de main, r\u00e9alis\u00e9e par un \u00e9l\u00e8ve, porte l&rsquo;inscription de son interpr\u00e9tation personnelle de la question \u00ab Qu&rsquo;est-ce que la paix ? \u00bb.<\/em><\/p>\n<p><img loading=\"lazy\" decoding=\"async\" class=\"aligncenter wp-image-2558200\" src=\"https:\/\/www.pressenza.com\/wp-content\/uploads\/2024\/10\/Picture7-5.jpg\" alt=\"\" width=\"604\" height=\"447\" srcset=\"https:\/\/www.pressenza.com\/wp-content\/uploads\/2024\/10\/Picture7-5.jpg 402w, https:\/\/www.pressenza.com\/wp-content\/uploads\/2024\/10\/Picture7-5-300x222.jpg 300w\" sizes=\"auto, (max-width: 604px) 100vw, 604px\" \/><\/p>\n<p><em>Les \u00e9l\u00e8ves de la BCU Junior High School du campus Lower P. Burgos, \u00e0 Baguio City, se rassemblent pour former un puissant signe de paix humain, symbolisant leur engagement en faveur de l&rsquo;unit\u00e9 et d&rsquo;un changement positif au sein de leur communaut\u00e9.<\/em><\/p>\n<p><img loading=\"lazy\" decoding=\"async\" class=\"aligncenter wp-image-2558201\" src=\"https:\/\/www.pressenza.com\/wp-content\/uploads\/2024\/10\/Picture8-4.png\" alt=\"\" width=\"632\" height=\"356\" srcset=\"https:\/\/www.pressenza.com\/wp-content\/uploads\/2024\/10\/Picture8-4.png 541w, https:\/\/www.pressenza.com\/wp-content\/uploads\/2024\/10\/Picture8-4-300x169.png 300w\" sizes=\"auto, (max-width: 632px) 100vw, 632px\" \/><\/p>\n<p><em>Les \u00e9l\u00e8ves du Junior High School ont livr\u00e9 une interpr\u00e9tation \u00e9mouvante de &lsquo;Kapayapaan&rsquo; (Paix) de Tropical Depression, captur\u00e9e dans une vid\u00e9o pr\u00e9sent\u00e9e lors de la c\u00e9r\u00e9monie du3 <\/em><sup><em>e<\/em><\/sup><em> WM au Function Hall de la BCU le 21 octobre.<\/em><\/p>\n<p>Nous exprimons notre gratitude aux membres d\u00e9vou\u00e9s du corps enseignant du <em>Junior High School<\/em> &#8211; Mme Cyril Daluria, M. Danmar Camilot, Mme Racquel Piay, Mme Italine Joy Sanoy, M. Andrei Mari\u00f1as, Mme Micah Manuel, Mme Bernadeth Chawan, Mme Lhara Khayog, conseill\u00e8re d&rsquo;orientation &#8211; et \u00e0 leur directeur, M. Osmundo R. Lictawa, pour leurs efforts dans l&rsquo;organisation et le soutien de la participation active des \u00e9l\u00e8ves du <em>Junior High School<\/em> \u00e0 la 3e MMF.<\/p>\n<p><img loading=\"lazy\" decoding=\"async\" class=\"aligncenter size-large wp-image-2558202\" src=\"https:\/\/www.pressenza.com\/wp-content\/uploads\/2024\/10\/Picture9-2-820x548.png\" alt=\"\" width=\"820\" height=\"548\" srcset=\"https:\/\/www.pressenza.com\/wp-content\/uploads\/2024\/10\/Picture9-2-820x548.png 820w, https:\/\/www.pressenza.com\/wp-content\/uploads\/2024\/10\/Picture9-2-300x200.png 300w, https:\/\/www.pressenza.com\/wp-content\/uploads\/2024\/10\/Picture9-2.png 1295w\" sizes=\"auto, (max-width: 820px) 100vw, 820px\" \/><\/p>\n<p><em><strong>Bravo \u00e0 notre facult\u00e9 JHS pleine d&rsquo;entrain !<\/strong><\/em> <em>Avec Mme Italine Joy Sanoy, Mme Bernadeth Chawan, Mme Racquel Piay, le Dr Genevieve B. Kupang &#8211; chef de file de la Marche mondiale de l&rsquo;UC &#8211; le principal M. Osmundo Lictawa, et Wilfredo Alfsen de l&rsquo;\u00e9quipe de base de la 3e Marche mondiale, tous unis pour la paix !<\/em> <em>Cr\u00e9dit : The Flame.<\/em><\/p>\n<p>La c\u00e9r\u00e9monie de la paix \u00e0 l&rsquo;universit\u00e9 centrale de Baguio a \u00e9t\u00e9 une exp\u00e9rience vraiment impressionnante, qui t\u00e9moigne du pouvoir remarquable des individus unis par une vision commune. Gr\u00e2ce au mouvement de la Marche mondiale, les participants ont \u00e9t\u00e9 encourag\u00e9s \u00e0 adopter les valeurs de la Marche pour la paix et la non-violence, ce qui les a incit\u00e9s \u00e0 r\u00e9fl\u00e9chir \u00e0 leur propre r\u00f4le dans la construction d&rsquo;une soci\u00e9t\u00e9 plus \u00e9quitable et plus pacifique, un h\u00e9ritage d&rsquo;espoir qui perdurera. La troisi\u00e8me Marche mondiale pour la paix et la non-violence a \u00e9t\u00e9 bien plus qu&rsquo;un simple \u00e9v\u00e9nement ; elle a marqu\u00e9 une \u00e9tape importante dans notre voyage collectif vers la paix, d\u00e9montrant l&rsquo;impact profond de l&rsquo;unit\u00e9, de la compassion et de la r\u00e9silience.<\/p>\n<p>En quittant le rassemblement, les participants ont emport\u00e9 avec eux un engagement renouvel\u00e9 \u00e0 d\u00e9fendre la paix au sein de leurs propres communaut\u00e9s, avec la conviction qu&rsquo;un monde sans violence n&rsquo;est pas seulement un id\u00e9al lointain, mais une r\u00e9alit\u00e9 r\u00e9alisable. L&rsquo;h\u00e9ritage de cette marche vit dans chaque individu, soulignant la force de l&rsquo;action collective et l&rsquo;endurance de l&rsquo;esprit humain.<\/p>\n<p><img loading=\"lazy\" decoding=\"async\" class=\"aligncenter size-large wp-image-2558203\" src=\"https:\/\/www.pressenza.com\/wp-content\/uploads\/2024\/10\/Picture10-3-820x945.png\" alt=\"\" width=\"820\" height=\"945\" srcset=\"https:\/\/www.pressenza.com\/wp-content\/uploads\/2024\/10\/Picture10-3-820x945.png 820w, https:\/\/www.pressenza.com\/wp-content\/uploads\/2024\/10\/Picture10-3-260x300.png 260w, https:\/\/www.pressenza.com\/wp-content\/uploads\/2024\/10\/Picture10-3.png 949w\" sizes=\"auto, (max-width: 820px) 100vw, 820px\" \/><\/p>\n<p><em><strong>La cr\u00e9ation d&rsquo;un \u00e9v\u00e9nement mondial pour la paix est v\u00e9ritablement l&rsquo;\u0153uvre d&rsquo;un village<\/strong>, et nous exprimons notre sinc\u00e8re gratitude aux personnes remarquables qui l&rsquo;ont rendu possible.<\/em> <em>Nous remercions tout particuli\u00e8rement notre \u00e9quipe organisatrice d\u00e9vou\u00e9e, qui ne figure peut-\u00eatre pas sur cette photo mais qui constitue n\u00e9anmoins une force in\u00e9branlable en faveur de la paix.<\/em> <em>De gauche \u00e0 droite :<\/em> <em>Kathleen Geryls B. Chua, vice-pr\u00e9sidente de la CSE ; Jessver S. Castaneda, PIO CTELA SGO ; Sheenah Pearl Pangda, chef SAO ; Ivy Grace M. Bunnat, pr\u00e9sidente de la CSE ; et notre talentueux photographe, Sir Michael Rodriguez de MIS.<\/em> <em>Vos efforts inlassables et votre engagement ont \u00e9t\u00e9 inestimables !<\/em><\/p>\n","protected":false},"excerpt":{"rendered":"<p>La BCU accueille la 3e Marche mondiale pour la paix, \u00e9tape philippine : une symphonie d&rsquo;harmonie mondiale Par : Josefa P. Dampilag, Pacita E. Gawaen, Genevieve B. Kupang, Christine S. Luyosen, Alaska J. Turaray Cette s\u00e9rie est compos\u00e9e de 3&hellip;<\/p>\n","protected":false},"author":2187,"featured_media":2559163,"comment_status":"closed","ping_status":"closed","sticky":false,"template":"","format":"standard","meta":{"footnotes":""},"categories":[84,98,1248,1250,95],"tags":[117113,297,18466,1478,128604,128603],"class_list":["post-2559159","post","type-post","status-publish","format-standard","has-post-thumbnail","hentry","category-asia-fr","category-droits-de-lhomme","category-nonviolence-sujet","category-paix-desarmement","category-affaires-etrangeres","tag-3e-marche-mondiale-pour-la-paix-et-la-non-violence","tag-justice-sociale","tag-marche-mondiale","tag-philippines","tag-resolution-pacifique-des-conflits","tag-universite-centrale-de-baguio"],"yoast_head":"<!-- This site is optimized with the Yoast SEO plugin v27.1.1 - https:\/\/yoast.com\/product\/yoast-seo-wordpress\/ -->\n<title>Les d\u00e9fenseurs de la paix mondiale Alfsen, Volta et Santillan inspirent la troisi\u00e8me Marche mondiale pour la paix de l&#039;Universit\u00e9 centrale de Baguio - 3 de 3<\/title>\n<meta name=\"description\" content=\"La BCU accueille la 3e Marche mondiale pour la paix, \u00e9tape philippine : une symphonie d&#039;harmonie mondiale Par : Josefa P. Dampilag, Pacita E. Gawaen,\" \/>\n<meta name=\"robots\" content=\"index, follow, max-snippet:-1, max-image-preview:large, max-video-preview:-1\" \/>\n<link rel=\"canonical\" href=\"https:\/\/www.pressenza.com\/fr\/2024\/10\/les-defenseurs-de-la-paix-mondiale-alfsen-volta-et-santillan-inspirent-la-troisieme-marche-mondiale-pour-la-paix-de-luniversite-centrale-de-baguio-3-de-3\/\" \/>\n<meta property=\"og:locale\" content=\"fr_FR\" \/>\n<meta property=\"og:type\" content=\"article\" \/>\n<meta property=\"og:title\" content=\"Les d\u00e9fenseurs de la paix mondiale Alfsen, Volta et Santillan inspirent la troisi\u00e8me Marche mondiale pour la paix de l&#039;Universit\u00e9 centrale de Baguio - 3 de 3\" \/>\n<meta property=\"og:description\" content=\"La BCU accueille la 3e Marche mondiale pour la paix, \u00e9tape philippine : une symphonie d&#039;harmonie mondiale Par : Josefa P. Dampilag, Pacita E. Gawaen,\" \/>\n<meta property=\"og:url\" content=\"https:\/\/www.pressenza.com\/fr\/2024\/10\/les-defenseurs-de-la-paix-mondiale-alfsen-volta-et-santillan-inspirent-la-troisieme-marche-mondiale-pour-la-paix-de-luniversite-centrale-de-baguio-3-de-3\/\" \/>\n<meta property=\"og:site_name\" content=\"Pressenza\" \/>\n<meta property=\"article:publisher\" content=\"https:\/\/www.facebook.com\/PressenzaItalia\" \/>\n<meta property=\"article:published_time\" content=\"2024-10-31T14:39:00+00:00\" \/>\n<meta property=\"article:modified_time\" content=\"2024-10-31T14:41:04+00:00\" \/>\n<meta property=\"og:image\" content=\"https:\/\/www.pressenza.com\/wp-content\/uploads\/2024\/10\/Picture1-6.jpg\" \/>\n\t<meta property=\"og:image:width\" content=\"1207\" \/>\n\t<meta property=\"og:image:height\" content=\"681\" \/>\n\t<meta property=\"og:image:type\" content=\"image\/jpeg\" \/>\n<meta name=\"author\" content=\"Pressenza Philippines\" \/>\n<meta name=\"twitter:card\" content=\"summary_large_image\" \/>\n<meta name=\"twitter:creator\" content=\"@PressenzaIPA\" \/>\n<meta name=\"twitter:site\" content=\"@PressenzaIPA\" \/>\n<meta name=\"twitter:label1\" content=\"\u00c9crit par\" \/>\n\t<meta name=\"twitter:data1\" content=\"Pressenza Philippines\" \/>\n\t<meta name=\"twitter:label2\" content=\"Dur\u00e9e de lecture estim\u00e9e\" \/>\n\t<meta name=\"twitter:data2\" content=\"10 minutes\" \/>\n<script type=\"application\/ld+json\" class=\"yoast-schema-graph\">{\"@context\":\"https:\/\/schema.org\",\"@graph\":[{\"@type\":\"Article\",\"@id\":\"https:\/\/www.pressenza.com\/fr\/2024\/10\/les-defenseurs-de-la-paix-mondiale-alfsen-volta-et-santillan-inspirent-la-troisieme-marche-mondiale-pour-la-paix-de-luniversite-centrale-de-baguio-3-de-3\/#article\",\"isPartOf\":{\"@id\":\"https:\/\/www.pressenza.com\/fr\/2024\/10\/les-defenseurs-de-la-paix-mondiale-alfsen-volta-et-santillan-inspirent-la-troisieme-marche-mondiale-pour-la-paix-de-luniversite-centrale-de-baguio-3-de-3\/\"},\"author\":{\"name\":\"Pressenza Philippines\",\"@id\":\"https:\/\/www.pressenza.com\/fr\/#\/schema\/person\/2be7f8b43830f02d7d6b062d5f79c1ce\"},\"headline\":\"Les d\u00e9fenseurs de la paix mondiale Alfsen, Volta et Santillan inspirent la troisi\u00e8me Marche mondiale pour la paix de l&rsquo;Universit\u00e9 centrale de Baguio &#8211; 3 de 3\",\"datePublished\":\"2024-10-31T14:39:00+00:00\",\"dateModified\":\"2024-10-31T14:41:04+00:00\",\"mainEntityOfPage\":{\"@id\":\"https:\/\/www.pressenza.com\/fr\/2024\/10\/les-defenseurs-de-la-paix-mondiale-alfsen-volta-et-santillan-inspirent-la-troisieme-marche-mondiale-pour-la-paix-de-luniversite-centrale-de-baguio-3-de-3\/\"},\"wordCount\":1686,\"publisher\":{\"@id\":\"https:\/\/www.pressenza.com\/fr\/#organization\"},\"image\":{\"@id\":\"https:\/\/www.pressenza.com\/fr\/2024\/10\/les-defenseurs-de-la-paix-mondiale-alfsen-volta-et-santillan-inspirent-la-troisieme-marche-mondiale-pour-la-paix-de-luniversite-centrale-de-baguio-3-de-3\/#primaryimage\"},\"thumbnailUrl\":\"https:\/\/www.pressenza.com\/wp-content\/uploads\/2024\/10\/Picture1-6.jpg\",\"keywords\":[\"3e Marche mondiale pour la paix et la non-violence\",\"justice sociale\",\"marche mondiale\",\"Philippines\",\"R\u00e9solution pacifique des conflits\",\"Universit\u00e9 centrale de Baguio\"],\"articleSection\":[\"Asie\",\"Droits humains\",\"Non-violence\",\"Paix et D\u00e9sarmement\",\"Relations internationales\"],\"inLanguage\":\"fr-FR\"},{\"@type\":\"WebPage\",\"@id\":\"https:\/\/www.pressenza.com\/fr\/2024\/10\/les-defenseurs-de-la-paix-mondiale-alfsen-volta-et-santillan-inspirent-la-troisieme-marche-mondiale-pour-la-paix-de-luniversite-centrale-de-baguio-3-de-3\/\",\"url\":\"https:\/\/www.pressenza.com\/fr\/2024\/10\/les-defenseurs-de-la-paix-mondiale-alfsen-volta-et-santillan-inspirent-la-troisieme-marche-mondiale-pour-la-paix-de-luniversite-centrale-de-baguio-3-de-3\/\",\"name\":\"Les d\u00e9fenseurs de la paix mondiale Alfsen, Volta et Santillan inspirent la troisi\u00e8me Marche mondiale pour la paix de l'Universit\u00e9 centrale de Baguio - 3 de 3\",\"isPartOf\":{\"@id\":\"https:\/\/www.pressenza.com\/fr\/#website\"},\"primaryImageOfPage\":{\"@id\":\"https:\/\/www.pressenza.com\/fr\/2024\/10\/les-defenseurs-de-la-paix-mondiale-alfsen-volta-et-santillan-inspirent-la-troisieme-marche-mondiale-pour-la-paix-de-luniversite-centrale-de-baguio-3-de-3\/#primaryimage\"},\"image\":{\"@id\":\"https:\/\/www.pressenza.com\/fr\/2024\/10\/les-defenseurs-de-la-paix-mondiale-alfsen-volta-et-santillan-inspirent-la-troisieme-marche-mondiale-pour-la-paix-de-luniversite-centrale-de-baguio-3-de-3\/#primaryimage\"},\"thumbnailUrl\":\"https:\/\/www.pressenza.com\/wp-content\/uploads\/2024\/10\/Picture1-6.jpg\",\"datePublished\":\"2024-10-31T14:39:00+00:00\",\"dateModified\":\"2024-10-31T14:41:04+00:00\",\"description\":\"La BCU accueille la 3e Marche mondiale pour la paix, \u00e9tape philippine : une symphonie d'harmonie mondiale Par : Josefa P. Dampilag, Pacita E. Gawaen,\",\"breadcrumb\":{\"@id\":\"https:\/\/www.pressenza.com\/fr\/2024\/10\/les-defenseurs-de-la-paix-mondiale-alfsen-volta-et-santillan-inspirent-la-troisieme-marche-mondiale-pour-la-paix-de-luniversite-centrale-de-baguio-3-de-3\/#breadcrumb\"},\"inLanguage\":\"fr-FR\",\"potentialAction\":[{\"@type\":\"ReadAction\",\"target\":[\"https:\/\/www.pressenza.com\/fr\/2024\/10\/les-defenseurs-de-la-paix-mondiale-alfsen-volta-et-santillan-inspirent-la-troisieme-marche-mondiale-pour-la-paix-de-luniversite-centrale-de-baguio-3-de-3\/\"]}]},{\"@type\":\"ImageObject\",\"inLanguage\":\"fr-FR\",\"@id\":\"https:\/\/www.pressenza.com\/fr\/2024\/10\/les-defenseurs-de-la-paix-mondiale-alfsen-volta-et-santillan-inspirent-la-troisieme-marche-mondiale-pour-la-paix-de-luniversite-centrale-de-baguio-3-de-3\/#primaryimage\",\"url\":\"https:\/\/www.pressenza.com\/wp-content\/uploads\/2024\/10\/Picture1-6.jpg\",\"contentUrl\":\"https:\/\/www.pressenza.com\/wp-content\/uploads\/2024\/10\/Picture1-6.jpg\",\"width\":1207,\"height\":681,\"caption\":\"Wilfredo Alfsen from Chile, a member of the World March for Peace and Nonviolence , delivers his message of peace to participants at Baguio Central University during the Philippine Leg of the march.\"},{\"@type\":\"BreadcrumbList\",\"@id\":\"https:\/\/www.pressenza.com\/fr\/2024\/10\/les-defenseurs-de-la-paix-mondiale-alfsen-volta-et-santillan-inspirent-la-troisieme-marche-mondiale-pour-la-paix-de-luniversite-centrale-de-baguio-3-de-3\/#breadcrumb\",\"itemListElement\":[{\"@type\":\"ListItem\",\"position\":1,\"name\":\"Accueil\",\"item\":\"https:\/\/www.pressenza.com\/fr\/\"},{\"@type\":\"ListItem\",\"position\":2,\"name\":\"Les d\u00e9fenseurs de la paix mondiale Alfsen, Volta et Santillan inspirent la troisi\u00e8me Marche mondiale pour la paix de l&rsquo;Universit\u00e9 centrale de Baguio &#8211; 3 de 3\"}]},{\"@type\":\"WebSite\",\"@id\":\"https:\/\/www.pressenza.com\/fr\/#website\",\"url\":\"https:\/\/www.pressenza.com\/fr\/\",\"name\":\"Pressenza\",\"description\":\"International Press Agency\",\"publisher\":{\"@id\":\"https:\/\/www.pressenza.com\/fr\/#organization\"},\"potentialAction\":[{\"@type\":\"SearchAction\",\"target\":{\"@type\":\"EntryPoint\",\"urlTemplate\":\"https:\/\/www.pressenza.com\/fr\/?s={search_term_string}\"},\"query-input\":{\"@type\":\"PropertyValueSpecification\",\"valueRequired\":true,\"valueName\":\"search_term_string\"}}],\"inLanguage\":\"fr-FR\"},{\"@type\":\"Organization\",\"@id\":\"https:\/\/www.pressenza.com\/fr\/#organization\",\"name\":\"Pressenza\",\"url\":\"https:\/\/www.pressenza.com\/fr\/\",\"logo\":{\"@type\":\"ImageObject\",\"inLanguage\":\"fr-FR\",\"@id\":\"https:\/\/www.pressenza.com\/fr\/#\/schema\/logo\/image\/\",\"url\":\"https:\/\/www.pressenza.com\/wp-content\/uploads\/2022\/10\/pressenza_logo_200x200.jpg\",\"contentUrl\":\"https:\/\/www.pressenza.com\/wp-content\/uploads\/2022\/10\/pressenza_logo_200x200.jpg\",\"width\":200,\"height\":200,\"caption\":\"Pressenza\"},\"image\":{\"@id\":\"https:\/\/www.pressenza.com\/fr\/#\/schema\/logo\/image\/\"},\"sameAs\":[\"https:\/\/www.facebook.com\/PressenzaItalia\",\"https:\/\/x.com\/PressenzaIPA\"]},{\"@type\":\"Person\",\"@id\":\"https:\/\/www.pressenza.com\/fr\/#\/schema\/person\/2be7f8b43830f02d7d6b062d5f79c1ce\",\"name\":\"Pressenza Philippines\",\"description\":\"News from the Pressenza Bureau in the Philippines\",\"url\":\"https:\/\/www.pressenza.com\/fr\/author\/pressenza-philippines\/\"}]}<\/script>\n<!-- \/ Yoast SEO plugin. -->","yoast_head_json":{"title":"Les d\u00e9fenseurs de la paix mondiale Alfsen, Volta et Santillan inspirent la troisi\u00e8me Marche mondiale pour la paix de l'Universit\u00e9 centrale de Baguio - 3 de 3","description":"La BCU accueille la 3e Marche mondiale pour la paix, \u00e9tape philippine : une symphonie d'harmonie mondiale Par : Josefa P. Dampilag, Pacita E. Gawaen,","robots":{"index":"index","follow":"follow","max-snippet":"max-snippet:-1","max-image-preview":"max-image-preview:large","max-video-preview":"max-video-preview:-1"},"canonical":"https:\/\/www.pressenza.com\/fr\/2024\/10\/les-defenseurs-de-la-paix-mondiale-alfsen-volta-et-santillan-inspirent-la-troisieme-marche-mondiale-pour-la-paix-de-luniversite-centrale-de-baguio-3-de-3\/","og_locale":"fr_FR","og_type":"article","og_title":"Les d\u00e9fenseurs de la paix mondiale Alfsen, Volta et Santillan inspirent la troisi\u00e8me Marche mondiale pour la paix de l'Universit\u00e9 centrale de Baguio - 3 de 3","og_description":"La BCU accueille la 3e Marche mondiale pour la paix, \u00e9tape philippine : une symphonie d'harmonie mondiale Par : Josefa P. Dampilag, Pacita E. Gawaen,","og_url":"https:\/\/www.pressenza.com\/fr\/2024\/10\/les-defenseurs-de-la-paix-mondiale-alfsen-volta-et-santillan-inspirent-la-troisieme-marche-mondiale-pour-la-paix-de-luniversite-centrale-de-baguio-3-de-3\/","og_site_name":"Pressenza","article_publisher":"https:\/\/www.facebook.com\/PressenzaItalia","article_published_time":"2024-10-31T14:39:00+00:00","article_modified_time":"2024-10-31T14:41:04+00:00","og_image":[{"width":1207,"height":681,"url":"https:\/\/www.pressenza.com\/wp-content\/uploads\/2024\/10\/Picture1-6.jpg","type":"image\/jpeg"}],"author":"Pressenza Philippines","twitter_card":"summary_large_image","twitter_creator":"@PressenzaIPA","twitter_site":"@PressenzaIPA","twitter_misc":{"\u00c9crit par":"Pressenza Philippines","Dur\u00e9e de lecture estim\u00e9e":"10 minutes"},"schema":{"@context":"https:\/\/schema.org","@graph":[{"@type":"Article","@id":"https:\/\/www.pressenza.com\/fr\/2024\/10\/les-defenseurs-de-la-paix-mondiale-alfsen-volta-et-santillan-inspirent-la-troisieme-marche-mondiale-pour-la-paix-de-luniversite-centrale-de-baguio-3-de-3\/#article","isPartOf":{"@id":"https:\/\/www.pressenza.com\/fr\/2024\/10\/les-defenseurs-de-la-paix-mondiale-alfsen-volta-et-santillan-inspirent-la-troisieme-marche-mondiale-pour-la-paix-de-luniversite-centrale-de-baguio-3-de-3\/"},"author":{"name":"Pressenza Philippines","@id":"https:\/\/www.pressenza.com\/fr\/#\/schema\/person\/2be7f8b43830f02d7d6b062d5f79c1ce"},"headline":"Les d\u00e9fenseurs de la paix mondiale Alfsen, Volta et Santillan inspirent la troisi\u00e8me Marche mondiale pour la paix de l&rsquo;Universit\u00e9 centrale de Baguio &#8211; 3 de 3","datePublished":"2024-10-31T14:39:00+00:00","dateModified":"2024-10-31T14:41:04+00:00","mainEntityOfPage":{"@id":"https:\/\/www.pressenza.com\/fr\/2024\/10\/les-defenseurs-de-la-paix-mondiale-alfsen-volta-et-santillan-inspirent-la-troisieme-marche-mondiale-pour-la-paix-de-luniversite-centrale-de-baguio-3-de-3\/"},"wordCount":1686,"publisher":{"@id":"https:\/\/www.pressenza.com\/fr\/#organization"},"image":{"@id":"https:\/\/www.pressenza.com\/fr\/2024\/10\/les-defenseurs-de-la-paix-mondiale-alfsen-volta-et-santillan-inspirent-la-troisieme-marche-mondiale-pour-la-paix-de-luniversite-centrale-de-baguio-3-de-3\/#primaryimage"},"thumbnailUrl":"https:\/\/www.pressenza.com\/wp-content\/uploads\/2024\/10\/Picture1-6.jpg","keywords":["3e Marche mondiale pour la paix et la non-violence","justice sociale","marche mondiale","Philippines","R\u00e9solution pacifique des conflits","Universit\u00e9 centrale de Baguio"],"articleSection":["Asie","Droits humains","Non-violence","Paix et D\u00e9sarmement","Relations internationales"],"inLanguage":"fr-FR"},{"@type":"WebPage","@id":"https:\/\/www.pressenza.com\/fr\/2024\/10\/les-defenseurs-de-la-paix-mondiale-alfsen-volta-et-santillan-inspirent-la-troisieme-marche-mondiale-pour-la-paix-de-luniversite-centrale-de-baguio-3-de-3\/","url":"https:\/\/www.pressenza.com\/fr\/2024\/10\/les-defenseurs-de-la-paix-mondiale-alfsen-volta-et-santillan-inspirent-la-troisieme-marche-mondiale-pour-la-paix-de-luniversite-centrale-de-baguio-3-de-3\/","name":"Les d\u00e9fenseurs de la paix mondiale Alfsen, Volta et Santillan inspirent la troisi\u00e8me Marche mondiale pour la paix de l'Universit\u00e9 centrale de Baguio - 3 de 3","isPartOf":{"@id":"https:\/\/www.pressenza.com\/fr\/#website"},"primaryImageOfPage":{"@id":"https:\/\/www.pressenza.com\/fr\/2024\/10\/les-defenseurs-de-la-paix-mondiale-alfsen-volta-et-santillan-inspirent-la-troisieme-marche-mondiale-pour-la-paix-de-luniversite-centrale-de-baguio-3-de-3\/#primaryimage"},"image":{"@id":"https:\/\/www.pressenza.com\/fr\/2024\/10\/les-defenseurs-de-la-paix-mondiale-alfsen-volta-et-santillan-inspirent-la-troisieme-marche-mondiale-pour-la-paix-de-luniversite-centrale-de-baguio-3-de-3\/#primaryimage"},"thumbnailUrl":"https:\/\/www.pressenza.com\/wp-content\/uploads\/2024\/10\/Picture1-6.jpg","datePublished":"2024-10-31T14:39:00+00:00","dateModified":"2024-10-31T14:41:04+00:00","description":"La BCU accueille la 3e Marche mondiale pour la paix, \u00e9tape philippine : une symphonie d'harmonie mondiale Par : Josefa P. Dampilag, Pacita E. Gawaen,","breadcrumb":{"@id":"https:\/\/www.pressenza.com\/fr\/2024\/10\/les-defenseurs-de-la-paix-mondiale-alfsen-volta-et-santillan-inspirent-la-troisieme-marche-mondiale-pour-la-paix-de-luniversite-centrale-de-baguio-3-de-3\/#breadcrumb"},"inLanguage":"fr-FR","potentialAction":[{"@type":"ReadAction","target":["https:\/\/www.pressenza.com\/fr\/2024\/10\/les-defenseurs-de-la-paix-mondiale-alfsen-volta-et-santillan-inspirent-la-troisieme-marche-mondiale-pour-la-paix-de-luniversite-centrale-de-baguio-3-de-3\/"]}]},{"@type":"ImageObject","inLanguage":"fr-FR","@id":"https:\/\/www.pressenza.com\/fr\/2024\/10\/les-defenseurs-de-la-paix-mondiale-alfsen-volta-et-santillan-inspirent-la-troisieme-marche-mondiale-pour-la-paix-de-luniversite-centrale-de-baguio-3-de-3\/#primaryimage","url":"https:\/\/www.pressenza.com\/wp-content\/uploads\/2024\/10\/Picture1-6.jpg","contentUrl":"https:\/\/www.pressenza.com\/wp-content\/uploads\/2024\/10\/Picture1-6.jpg","width":1207,"height":681,"caption":"Wilfredo Alfsen from Chile, a member of the World March for Peace and Nonviolence , delivers his message of peace to participants at Baguio Central University during the Philippine Leg of the march."},{"@type":"BreadcrumbList","@id":"https:\/\/www.pressenza.com\/fr\/2024\/10\/les-defenseurs-de-la-paix-mondiale-alfsen-volta-et-santillan-inspirent-la-troisieme-marche-mondiale-pour-la-paix-de-luniversite-centrale-de-baguio-3-de-3\/#breadcrumb","itemListElement":[{"@type":"ListItem","position":1,"name":"Accueil","item":"https:\/\/www.pressenza.com\/fr\/"},{"@type":"ListItem","position":2,"name":"Les d\u00e9fenseurs de la paix mondiale Alfsen, Volta et Santillan inspirent la troisi\u00e8me Marche mondiale pour la paix de l&rsquo;Universit\u00e9 centrale de Baguio &#8211; 3 de 3"}]},{"@type":"WebSite","@id":"https:\/\/www.pressenza.com\/fr\/#website","url":"https:\/\/www.pressenza.com\/fr\/","name":"Pressenza","description":"International Press Agency","publisher":{"@id":"https:\/\/www.pressenza.com\/fr\/#organization"},"potentialAction":[{"@type":"SearchAction","target":{"@type":"EntryPoint","urlTemplate":"https:\/\/www.pressenza.com\/fr\/?s={search_term_string}"},"query-input":{"@type":"PropertyValueSpecification","valueRequired":true,"valueName":"search_term_string"}}],"inLanguage":"fr-FR"},{"@type":"Organization","@id":"https:\/\/www.pressenza.com\/fr\/#organization","name":"Pressenza","url":"https:\/\/www.pressenza.com\/fr\/","logo":{"@type":"ImageObject","inLanguage":"fr-FR","@id":"https:\/\/www.pressenza.com\/fr\/#\/schema\/logo\/image\/","url":"https:\/\/www.pressenza.com\/wp-content\/uploads\/2022\/10\/pressenza_logo_200x200.jpg","contentUrl":"https:\/\/www.pressenza.com\/wp-content\/uploads\/2022\/10\/pressenza_logo_200x200.jpg","width":200,"height":200,"caption":"Pressenza"},"image":{"@id":"https:\/\/www.pressenza.com\/fr\/#\/schema\/logo\/image\/"},"sameAs":["https:\/\/www.facebook.com\/PressenzaItalia","https:\/\/x.com\/PressenzaIPA"]},{"@type":"Person","@id":"https:\/\/www.pressenza.com\/fr\/#\/schema\/person\/2be7f8b43830f02d7d6b062d5f79c1ce","name":"Pressenza Philippines","description":"News from the Pressenza Bureau in the Philippines","url":"https:\/\/www.pressenza.com\/fr\/author\/pressenza-philippines\/"}]}},"place":"Baguio City, Philippines","original_article_url":"","_links":{"self":[{"href":"https:\/\/www.pressenza.com\/fr\/wp-json\/wp\/v2\/posts\/2559159","targetHints":{"allow":["GET"]}}],"collection":[{"href":"https:\/\/www.pressenza.com\/fr\/wp-json\/wp\/v2\/posts"}],"about":[{"href":"https:\/\/www.pressenza.com\/fr\/wp-json\/wp\/v2\/types\/post"}],"author":[{"embeddable":true,"href":"https:\/\/www.pressenza.com\/fr\/wp-json\/wp\/v2\/users\/2187"}],"replies":[{"embeddable":true,"href":"https:\/\/www.pressenza.com\/fr\/wp-json\/wp\/v2\/comments?post=2559159"}],"version-history":[{"count":0,"href":"https:\/\/www.pressenza.com\/fr\/wp-json\/wp\/v2\/posts\/2559159\/revisions"}],"wp:featuredmedia":[{"embeddable":true,"href":"https:\/\/www.pressenza.com\/fr\/wp-json\/wp\/v2\/media\/2559163"}],"wp:attachment":[{"href":"https:\/\/www.pressenza.com\/fr\/wp-json\/wp\/v2\/media?parent=2559159"}],"wp:term":[{"taxonomy":"category","embeddable":true,"href":"https:\/\/www.pressenza.com\/fr\/wp-json\/wp\/v2\/categories?post=2559159"},{"taxonomy":"post_tag","embeddable":true,"href":"https:\/\/www.pressenza.com\/fr\/wp-json\/wp\/v2\/tags?post=2559159"}],"curies":[{"name":"wp","href":"https:\/\/api.w.org\/{rel}","templated":true}]}}