{"id":2557547,"date":"2024-10-25T22:27:47","date_gmt":"2024-10-25T21:27:47","guid":{"rendered":"https:\/\/www.pressenza.com\/?p=2557547"},"modified":"2024-10-25T22:31:54","modified_gmt":"2024-10-25T21:31:54","slug":"le-perou-marche-pour-la-vie","status":"publish","type":"post","link":"https:\/\/www.pressenza.com\/fr\/2024\/10\/le-perou-marche-pour-la-vie\/","title":{"rendered":"Le P\u00e9rou marche pour la vie"},"content":{"rendered":"<p>Ce mercredi 23 octobre, des centaines de P\u00e9ruviens ont d\u00e9fil\u00e9 dans les principales rues du centre de Lima pour marcher \u00ab pour la vie \u00bb. Diverses organisations sociales, emmen\u00e9es par les syndicats des transports, ont organis\u00e9 une gr\u00e8ve nationale pour demander au gouvernement de la pr\u00e9sidente Dina Boluarte d&rsquo;agir face \u00e0 l&rsquo;ins\u00e9curit\u00e9 croissante que subit la population. La principale revendication \u00e9tait l&rsquo;abrogation de la loi 32108, critiqu\u00e9e pour favoriser le crime organis\u00e9.<\/p>\n<p>D\u00e8s les premi\u00e8res heures de la matin\u00e9e, les syndicats de travailleurs du transport, les commer\u00e7ants de l&#8217;emporium commercial de Gamarra, de Mesa Redonda, et les commer\u00e7ants ind\u00e9pendants ont paralys\u00e9 leurs activit\u00e9s et se sont mobilis\u00e9s pacifiquement le long des principales avenues du centre de Lima.<\/p>\n<p>L&rsquo;appel a \u00e9t\u00e9 lanc\u00e9 par les syndicats des transports, qui ont d\u00e9nonc\u00e9 le fait qu&rsquo;ils sont victimes de racket et d&rsquo;assassinats, qui ont entra\u00een\u00e9 la mort et l&rsquo;enl\u00e8vement de plusieurs de leurs membres ; leurs revendications ont \u00e9t\u00e9 soutenues par la population, avec l&rsquo;adh\u00e9sion du groupe d&rsquo;entreprises Gamarra ( habillement) qui a paralys\u00e9 le travail jusqu&rsquo;\u00e0 14 heures, de Mesa Redonda et des commer\u00e7ants ind\u00e9pendants, l&rsquo;un des principaux moteurs \u00e9conomiques du pays.<\/p>\n<p>Les manifestants avaient l&rsquo;intention de protester devant le Congr\u00e8s de la R\u00e9publique, mais celui-ci \u00e9tait ferm\u00e9 en raison de la \u00ab semaine de la repr\u00e9sentation \u00bb, de sorte qu&rsquo;aucun membre du Congr\u00e8s ne se trouvait dans les locaux de l&rsquo;institution.<\/p>\n<p>La marche, qui a dur\u00e9 toute la journ\u00e9e et qui a travers\u00e9 plusieurs quartiers de Lima et des communes adjacentes, a rassembl\u00e9 la clameur populaire autour de diverses revendications telles que \u00ab Abrogation de la loi 32108 \u201c, \u201d Plus de morts dues \u00e0 l&rsquo;extorsion \u201c, \u201d Fermeture du Congr\u00e8s \u201c, \u201d Libert\u00e9 pour notre P\u00e9rou \u201c, \u201d Libert\u00e9 pour le pr\u00e9sident Castillo \u201c, \u201d Abrogation de la loi sur le terrorisme urbain \u00bb, parmi d&rsquo;autres. \u00c0 la fin de la journ\u00e9e de manifestations, de nouvelles gr\u00e8ves ont \u00e9t\u00e9 annonc\u00e9es.<\/p>\n<div class=\"post-gallery\">\n\t\t\t<figure class=\"post-gallery-item\">\n\t\t\t\t<img decoding=\"async\" src=\"https:\/\/www.pressenza.com\/wp-content\/uploads\/2024\/10\/erika-1-820x462.jpg\" loading=\"lazy\">\n\t\t\t\t<figcaption>\n\t\t\t\t\t\n\t\t\t\t<\/figcaption>\n\t\t\t<\/figure>\n\t\t\t<figure class=\"post-gallery-item\">\n\t\t\t\t<img decoding=\"async\" src=\"https:\/\/www.pressenza.com\/wp-content\/uploads\/2024\/10\/erika-2-820x461.jpg\" loading=\"lazy\">\n\t\t\t\t<figcaption>\n\t\t\t\t\t\n\t\t\t\t<\/figcaption>\n\t\t\t<\/figure>\n\t\t\t<figure class=\"post-gallery-item\">\n\t\t\t\t<img decoding=\"async\" src=\"https:\/\/www.pressenza.com\/wp-content\/uploads\/2024\/10\/erika-3.jpg\" loading=\"lazy\">\n\t\t\t\t<figcaption>\n\t\t\t\t\t\n\t\t\t\t<\/figcaption>\n\t\t\t<\/figure>\n\t\t\t<figure class=\"post-gallery-item\">\n\t\t\t\t<img decoding=\"async\" src=\"https:\/\/www.pressenza.com\/wp-content\/uploads\/2024\/10\/erika-4-820x462.jpg\" loading=\"lazy\">\n\t\t\t\t<figcaption>\n\t\t\t\t\t\n\t\t\t\t<\/figcaption>\n\t\t\t<\/figure>\n\t\t\t<figure class=\"post-gallery-item\">\n\t\t\t\t<img decoding=\"async\" src=\"https:\/\/www.pressenza.com\/wp-content\/uploads\/2024\/10\/erika-5-820x461.jpg\" loading=\"lazy\">\n\t\t\t\t<figcaption>\n\t\t\t\t\t\n\t\t\t\t<\/figcaption>\n\t\t\t<\/figure>\n\t\t\t<figure class=\"post-gallery-item\">\n\t\t\t\t<img decoding=\"async\" src=\"https:\/\/www.pressenza.com\/wp-content\/uploads\/2024\/10\/erika-6-820x461.jpg\" loading=\"lazy\">\n\t\t\t\t<figcaption>\n\t\t\t\t\t\n\t\t\t\t<\/figcaption>\n\t\t\t<\/figure>\n\t\t\t<figure class=\"post-gallery-item\">\n\t\t\t\t<img decoding=\"async\" src=\"https:\/\/www.pressenza.com\/wp-content\/uploads\/2024\/10\/erika-7-820x461.jpg\" loading=\"lazy\">\n\t\t\t\t<figcaption>\n\t\t\t\t\t\n\t\t\t\t<\/figcaption>\n\t\t\t<\/figure>\n\t\t\t<figure class=\"post-gallery-item\">\n\t\t\t\t<img decoding=\"async\" src=\"https:\/\/www.pressenza.com\/wp-content\/uploads\/2024\/10\/erika-8-820x461.jpg\" loading=\"lazy\">\n\t\t\t\t<figcaption>\n\t\t\t\t\t\n\t\t\t\t<\/figcaption>\n\t\t\t<\/figure>\n\t\t\t<figure class=\"post-gallery-item\">\n\t\t\t\t<img decoding=\"async\" src=\"https:\/\/www.pressenza.com\/wp-content\/uploads\/2024\/10\/erika-9-820x461.jpg\" loading=\"lazy\">\n\t\t\t\t<figcaption>\n\t\t\t\t\t\n\t\t\t\t<\/figcaption>\n\t\t\t<\/figure>\n\t\t\t<figure class=\"post-gallery-item\">\n\t\t\t\t<img decoding=\"async\" src=\"https:\/\/www.pressenza.com\/wp-content\/uploads\/2024\/10\/erika-10-820x461.jpg\" loading=\"lazy\">\n\t\t\t\t<figcaption>\n\t\t\t\t\t\n\t\t\t\t<\/figcaption>\n\t\t\t<\/figure>\n\t\t\t<figure class=\"post-gallery-item\">\n\t\t\t\t<img decoding=\"async\" src=\"https:\/\/www.pressenza.com\/wp-content\/uploads\/2024\/10\/erika-11-820x462.jpg\" loading=\"lazy\">\n\t\t\t\t<figcaption>\n\t\t\t\t\t\n\t\t\t\t<\/figcaption>\n\t\t\t<\/figure>\n\t\t\t<figure class=\"post-gallery-item\">\n\t\t\t\t<img decoding=\"async\" src=\"https:\/\/www.pressenza.com\/wp-content\/uploads\/2024\/10\/erika-12-820x462.jpg\" loading=\"lazy\">\n\t\t\t\t<figcaption>\n\t\t\t\t\t\n\t\t\t\t<\/figcaption>\n\t\t\t<\/figure>\n\t\t\t<figure class=\"post-gallery-item\">\n\t\t\t\t<img decoding=\"async\" src=\"https:\/\/www.pressenza.com\/wp-content\/uploads\/2024\/10\/erika-13-820x461.jpg\" loading=\"lazy\">\n\t\t\t\t<figcaption>\n\t\t\t\t\t\n\t\t\t\t<\/figcaption>\n\t\t\t<\/figure>\n\t\t\t<figure class=\"post-gallery-item\">\n\t\t\t\t<img decoding=\"async\" src=\"https:\/\/www.pressenza.com\/wp-content\/uploads\/2024\/10\/erika-14-820x461.jpg\" loading=\"lazy\">\n\t\t\t\t<figcaption>\n\t\t\t\t\t\n\t\t\t\t<\/figcaption>\n\t\t\t<\/figure>\n\t\t\t<figure class=\"post-gallery-item\">\n\t\t\t\t<img decoding=\"async\" src=\"https:\/\/www.pressenza.com\/wp-content\/uploads\/2024\/10\/erika-15-820x461.jpg\" loading=\"lazy\">\n\t\t\t\t<figcaption>\n\t\t\t\t\t\n\t\t\t\t<\/figcaption>\n\t\t\t<\/figure>\n\t\t\t<figure class=\"post-gallery-item\">\n\t\t\t\t<img decoding=\"async\" src=\"https:\/\/www.pressenza.com\/wp-content\/uploads\/2024\/10\/erika-17-820x462.jpg\" loading=\"lazy\">\n\t\t\t\t<figcaption>\n\t\t\t\t\t\n\t\t\t\t<\/figcaption>\n\t\t\t<\/figure>\n\t\t\t<figure class=\"post-gallery-item\">\n\t\t\t\t<img decoding=\"async\" src=\"https:\/\/www.pressenza.com\/wp-content\/uploads\/2024\/10\/erika-18-820x820.jpg\" loading=\"lazy\">\n\t\t\t\t<figcaption>\n\t\t\t\t\t\n\t\t\t\t<\/figcaption>\n\t\t\t<\/figure>\n\t\t\t<figure class=\"post-gallery-item\">\n\t\t\t\t<img decoding=\"async\" src=\"https:\/\/www.pressenza.com\/wp-content\/uploads\/2024\/10\/erika-19-820x462.jpg\" loading=\"lazy\">\n\t\t\t\t<figcaption>\n\t\t\t\t\t\n\t\t\t\t<\/figcaption>\n\t\t\t<\/figure>\n\t\t\t<figure class=\"post-gallery-item\">\n\t\t\t\t<img decoding=\"async\" src=\"https:\/\/www.pressenza.com\/wp-content\/uploads\/2024\/10\/erika-20-820x461.jpg\" loading=\"lazy\">\n\t\t\t\t<figcaption>\n\t\t\t\t\t\n\t\t\t\t<\/figcaption>\n\t\t\t<\/figure>\n\t\t\t<figure class=\"post-gallery-item\">\n\t\t\t\t<img decoding=\"async\" src=\"https:\/\/www.pressenza.com\/wp-content\/uploads\/2024\/10\/erika-21-820x461.jpg\" loading=\"lazy\">\n\t\t\t\t<figcaption>\n\t\t\t\t\t\n\t\t\t\t<\/figcaption>\n\t\t\t<\/figure>\n\t\t\t<figure class=\"post-gallery-item\">\n\t\t\t\t<img decoding=\"async\" src=\"https:\/\/www.pressenza.com\/wp-content\/uploads\/2024\/10\/erika-22-820x461.jpg\" loading=\"lazy\">\n\t\t\t\t<figcaption>\n\t\t\t\t\t\n\t\t\t\t<\/figcaption>\n\t\t\t<\/figure>\n\t\t\t<figure class=\"post-gallery-item\">\n\t\t\t\t<img decoding=\"async\" src=\"https:\/\/www.pressenza.com\/wp-content\/uploads\/2024\/10\/erika-23-820x462.jpg\" loading=\"lazy\">\n\t\t\t\t<figcaption>\n\t\t\t\t\t\n\t\t\t\t<\/figcaption>\n\t\t\t<\/figure>\n\t\t\t<figure class=\"post-gallery-item\">\n\t\t\t\t<img decoding=\"async\" src=\"https:\/\/www.pressenza.com\/wp-content\/uploads\/2024\/10\/erika-24-820x462.jpg\" loading=\"lazy\">\n\t\t\t\t<figcaption>\n\t\t\t\t\t\n\t\t\t\t<\/figcaption>\n\t\t\t<\/figure>\n\t\t\t<figure class=\"post-gallery-item\">\n\t\t\t\t<img decoding=\"async\" src=\"https:\/\/www.pressenza.com\/wp-content\/uploads\/2024\/10\/erika-25.jpg\" loading=\"lazy\">\n\t\t\t\t<figcaption>\n\t\t\t\t\t\n\t\t\t\t<\/figcaption>\n\t\t\t<\/figure>\n\t\t\t<figure class=\"post-gallery-item\">\n\t\t\t\t<img decoding=\"async\" src=\"https:\/\/www.pressenza.com\/wp-content\/uploads\/2024\/10\/erika-26-820x462.jpg\" loading=\"lazy\">\n\t\t\t\t<figcaption>\n\t\t\t\t\t\n\t\t\t\t<\/figcaption>\n\t\t\t<\/figure>\n\t\t\t<figure class=\"post-gallery-item\">\n\t\t\t\t<img decoding=\"async\" src=\"https:\/\/www.pressenza.com\/wp-content\/uploads\/2024\/10\/erika-27-820x462.jpg\" loading=\"lazy\">\n\t\t\t\t<figcaption>\n\t\t\t\t\t\n\t\t\t\t<\/figcaption>\n\t\t\t<\/figure>\n\t\t\t<figure class=\"post-gallery-item\">\n\t\t\t\t<img decoding=\"async\" src=\"https:\/\/www.pressenza.com\/wp-content\/uploads\/2024\/10\/erika-28-820x462.jpg\" loading=\"lazy\">\n\t\t\t\t<figcaption>\n\t\t\t\t\t\n\t\t\t\t<\/figcaption>\n\t\t\t<\/figure><\/div>\n","protected":false},"excerpt":{"rendered":"<p>Ce mercredi 23 octobre, des centaines de P\u00e9ruviens ont d\u00e9fil\u00e9 dans les principales rues du centre de Lima pour marcher \u00ab pour la vie \u00bb. Diverses organisations sociales, emmen\u00e9es par les syndicats des transports, ont organis\u00e9 une gr\u00e8ve nationale pour&hellip;<\/p>\n","protected":false},"author":831,"featured_media":2557548,"comment_status":"closed","ping_status":"closed","sticky":false,"template":"","format":"standard","meta":{"footnotes":""},"categories":[86,11386,98,1248,1250,93,5700],"tags":[128406,128407,7268,128405],"class_list":["post-2557547","post","type-post","status-publish","format-standard","has-post-thumbnail","hentry","category-amerique-du-sud","category-contenu-original","category-droits-de-lhomme","category-nonviolence-sujet","category-paix-desarmement","category-politique","category-reportages-photo","tag-dina-boluarte-fr","tag-greves-fr","tag-lima-fr","tag-transporteurs"],"yoast_head":"<!-- This site is optimized with the Yoast SEO plugin v27.1.1 - https:\/\/yoast.com\/product\/yoast-seo-wordpress\/ -->\n<title>Le P\u00e9rou marche pour la vie<\/title>\n<meta name=\"description\" content=\"Ce mercredi 23 octobre, des centaines de P\u00e9ruviens ont d\u00e9fil\u00e9 dans les principales rues du centre de Lima pour marcher \u00ab pour la vie \u00bb. Diverses\" \/>\n<meta name=\"robots\" content=\"index, follow, max-snippet:-1, max-image-preview:large, max-video-preview:-1\" \/>\n<link rel=\"canonical\" href=\"https:\/\/www.pressenza.com\/fr\/2024\/10\/le-perou-marche-pour-la-vie\/\" \/>\n<meta property=\"og:locale\" content=\"fr_FR\" \/>\n<meta property=\"og:type\" content=\"article\" \/>\n<meta property=\"og:title\" content=\"Le P\u00e9rou marche pour la vie\" \/>\n<meta property=\"og:description\" content=\"Ce mercredi 23 octobre, des centaines de P\u00e9ruviens ont d\u00e9fil\u00e9 dans les principales rues du centre de Lima pour marcher \u00ab pour la vie \u00bb. Diverses\" \/>\n<meta property=\"og:url\" content=\"https:\/\/www.pressenza.com\/fr\/2024\/10\/le-perou-marche-pour-la-vie\/\" \/>\n<meta property=\"og:site_name\" content=\"Pressenza\" \/>\n<meta property=\"article:publisher\" content=\"https:\/\/www.facebook.com\/PressenzaItalia\" \/>\n<meta property=\"article:published_time\" content=\"2024-10-25T21:27:47+00:00\" \/>\n<meta property=\"article:modified_time\" content=\"2024-10-25T21:31:54+00:00\" \/>\n<meta property=\"og:image\" content=\"https:\/\/www.pressenza.com\/wp-content\/uploads\/2024\/10\/Portada-5.jpg\" \/>\n\t<meta property=\"og:image:width\" content=\"1621\" \/>\n\t<meta property=\"og:image:height\" content=\"913\" \/>\n\t<meta property=\"og:image:type\" content=\"image\/jpeg\" \/>\n<meta name=\"author\" content=\"Redacci\u00f3n Per\u00fa\" \/>\n<meta name=\"twitter:card\" content=\"summary_large_image\" \/>\n<meta name=\"twitter:creator\" content=\"@PressenzaIPA\" \/>\n<meta name=\"twitter:site\" content=\"@PressenzaIPA\" \/>\n<meta name=\"twitter:label1\" content=\"\u00c9crit par\" \/>\n\t<meta name=\"twitter:data1\" content=\"Redacci\u00f3n Per\u00fa\" \/>\n\t<meta name=\"twitter:label2\" content=\"Dur\u00e9e de lecture estim\u00e9e\" \/>\n\t<meta name=\"twitter:data2\" content=\"2 minutes\" \/>\n<script type=\"application\/ld+json\" class=\"yoast-schema-graph\">{\"@context\":\"https:\/\/schema.org\",\"@graph\":[{\"@type\":\"Article\",\"@id\":\"https:\/\/www.pressenza.com\/fr\/2024\/10\/le-perou-marche-pour-la-vie\/#article\",\"isPartOf\":{\"@id\":\"https:\/\/www.pressenza.com\/fr\/2024\/10\/le-perou-marche-pour-la-vie\/\"},\"author\":{\"name\":\"Redacci\u00f3n Per\u00fa\",\"@id\":\"https:\/\/www.pressenza.com\/fr\/#\/schema\/person\/e86c29a41185b85084a478822f5de81b\"},\"headline\":\"Le P\u00e9rou marche pour la vie\",\"datePublished\":\"2024-10-25T21:27:47+00:00\",\"dateModified\":\"2024-10-25T21:31:54+00:00\",\"mainEntityOfPage\":{\"@id\":\"https:\/\/www.pressenza.com\/fr\/2024\/10\/le-perou-marche-pour-la-vie\/\"},\"wordCount\":351,\"publisher\":{\"@id\":\"https:\/\/www.pressenza.com\/fr\/#organization\"},\"image\":{\"@id\":\"https:\/\/www.pressenza.com\/fr\/2024\/10\/le-perou-marche-pour-la-vie\/#primaryimage\"},\"thumbnailUrl\":\"https:\/\/www.pressenza.com\/wp-content\/uploads\/2024\/10\/Portada-5.jpg\",\"keywords\":[\"Dina Boluarte\",\"gr\u00e8ves\",\"Lima\",\"transporteurs\"],\"articleSection\":[\"Am\u00e9rique du Sud\",\"Contenu Original\",\"Droits humains\",\"Non-violence\",\"Paix et D\u00e9sarmement\",\"Politique\",\"Reportages photo\"],\"inLanguage\":\"fr-FR\"},{\"@type\":\"WebPage\",\"@id\":\"https:\/\/www.pressenza.com\/fr\/2024\/10\/le-perou-marche-pour-la-vie\/\",\"url\":\"https:\/\/www.pressenza.com\/fr\/2024\/10\/le-perou-marche-pour-la-vie\/\",\"name\":\"Le P\u00e9rou marche pour la vie\",\"isPartOf\":{\"@id\":\"https:\/\/www.pressenza.com\/fr\/#website\"},\"primaryImageOfPage\":{\"@id\":\"https:\/\/www.pressenza.com\/fr\/2024\/10\/le-perou-marche-pour-la-vie\/#primaryimage\"},\"image\":{\"@id\":\"https:\/\/www.pressenza.com\/fr\/2024\/10\/le-perou-marche-pour-la-vie\/#primaryimage\"},\"thumbnailUrl\":\"https:\/\/www.pressenza.com\/wp-content\/uploads\/2024\/10\/Portada-5.jpg\",\"datePublished\":\"2024-10-25T21:27:47+00:00\",\"dateModified\":\"2024-10-25T21:31:54+00:00\",\"description\":\"Ce mercredi 23 octobre, des centaines de P\u00e9ruviens ont d\u00e9fil\u00e9 dans les principales rues du centre de Lima pour marcher \u00ab pour la vie \u00bb. Diverses\",\"breadcrumb\":{\"@id\":\"https:\/\/www.pressenza.com\/fr\/2024\/10\/le-perou-marche-pour-la-vie\/#breadcrumb\"},\"inLanguage\":\"fr-FR\",\"potentialAction\":[{\"@type\":\"ReadAction\",\"target\":[\"https:\/\/www.pressenza.com\/fr\/2024\/10\/le-perou-marche-pour-la-vie\/\"]}]},{\"@type\":\"ImageObject\",\"inLanguage\":\"fr-FR\",\"@id\":\"https:\/\/www.pressenza.com\/fr\/2024\/10\/le-perou-marche-pour-la-vie\/#primaryimage\",\"url\":\"https:\/\/www.pressenza.com\/wp-content\/uploads\/2024\/10\/Portada-5.jpg\",\"contentUrl\":\"https:\/\/www.pressenza.com\/wp-content\/uploads\/2024\/10\/Portada-5.jpg\",\"width\":1621,\"height\":913},{\"@type\":\"BreadcrumbList\",\"@id\":\"https:\/\/www.pressenza.com\/fr\/2024\/10\/le-perou-marche-pour-la-vie\/#breadcrumb\",\"itemListElement\":[{\"@type\":\"ListItem\",\"position\":1,\"name\":\"Accueil\",\"item\":\"https:\/\/www.pressenza.com\/fr\/\"},{\"@type\":\"ListItem\",\"position\":2,\"name\":\"Le P\u00e9rou marche pour la vie\"}]},{\"@type\":\"WebSite\",\"@id\":\"https:\/\/www.pressenza.com\/fr\/#website\",\"url\":\"https:\/\/www.pressenza.com\/fr\/\",\"name\":\"Pressenza\",\"description\":\"International Press Agency\",\"publisher\":{\"@id\":\"https:\/\/www.pressenza.com\/fr\/#organization\"},\"potentialAction\":[{\"@type\":\"SearchAction\",\"target\":{\"@type\":\"EntryPoint\",\"urlTemplate\":\"https:\/\/www.pressenza.com\/fr\/?s={search_term_string}\"},\"query-input\":{\"@type\":\"PropertyValueSpecification\",\"valueRequired\":true,\"valueName\":\"search_term_string\"}}],\"inLanguage\":\"fr-FR\"},{\"@type\":\"Organization\",\"@id\":\"https:\/\/www.pressenza.com\/fr\/#organization\",\"name\":\"Pressenza\",\"url\":\"https:\/\/www.pressenza.com\/fr\/\",\"logo\":{\"@type\":\"ImageObject\",\"inLanguage\":\"fr-FR\",\"@id\":\"https:\/\/www.pressenza.com\/fr\/#\/schema\/logo\/image\/\",\"url\":\"https:\/\/www.pressenza.com\/wp-content\/uploads\/2022\/10\/pressenza_logo_200x200.jpg\",\"contentUrl\":\"https:\/\/www.pressenza.com\/wp-content\/uploads\/2022\/10\/pressenza_logo_200x200.jpg\",\"width\":200,\"height\":200,\"caption\":\"Pressenza\"},\"image\":{\"@id\":\"https:\/\/www.pressenza.com\/fr\/#\/schema\/logo\/image\/\"},\"sameAs\":[\"https:\/\/www.facebook.com\/PressenzaItalia\",\"https:\/\/x.com\/PressenzaIPA\"]},{\"@type\":\"Person\",\"@id\":\"https:\/\/www.pressenza.com\/fr\/#\/schema\/person\/e86c29a41185b85084a478822f5de81b\",\"name\":\"Redacci\u00f3n Per\u00fa\",\"description\":\"News published by the Pressenza bureau in Peru\",\"url\":\"https:\/\/www.pressenza.com\/fr\/author\/redaccion-peru\/\"}]}<\/script>\n<!-- \/ Yoast SEO plugin. -->","yoast_head_json":{"title":"Le P\u00e9rou marche pour la vie","description":"Ce mercredi 23 octobre, des centaines de P\u00e9ruviens ont d\u00e9fil\u00e9 dans les principales rues du centre de Lima pour marcher \u00ab pour la vie \u00bb. Diverses","robots":{"index":"index","follow":"follow","max-snippet":"max-snippet:-1","max-image-preview":"max-image-preview:large","max-video-preview":"max-video-preview:-1"},"canonical":"https:\/\/www.pressenza.com\/fr\/2024\/10\/le-perou-marche-pour-la-vie\/","og_locale":"fr_FR","og_type":"article","og_title":"Le P\u00e9rou marche pour la vie","og_description":"Ce mercredi 23 octobre, des centaines de P\u00e9ruviens ont d\u00e9fil\u00e9 dans les principales rues du centre de Lima pour marcher \u00ab pour la vie \u00bb. Diverses","og_url":"https:\/\/www.pressenza.com\/fr\/2024\/10\/le-perou-marche-pour-la-vie\/","og_site_name":"Pressenza","article_publisher":"https:\/\/www.facebook.com\/PressenzaItalia","article_published_time":"2024-10-25T21:27:47+00:00","article_modified_time":"2024-10-25T21:31:54+00:00","og_image":[{"width":1621,"height":913,"url":"https:\/\/www.pressenza.com\/wp-content\/uploads\/2024\/10\/Portada-5.jpg","type":"image\/jpeg"}],"author":"Redacci\u00f3n Per\u00fa","twitter_card":"summary_large_image","twitter_creator":"@PressenzaIPA","twitter_site":"@PressenzaIPA","twitter_misc":{"\u00c9crit par":"Redacci\u00f3n Per\u00fa","Dur\u00e9e de lecture estim\u00e9e":"2 minutes"},"schema":{"@context":"https:\/\/schema.org","@graph":[{"@type":"Article","@id":"https:\/\/www.pressenza.com\/fr\/2024\/10\/le-perou-marche-pour-la-vie\/#article","isPartOf":{"@id":"https:\/\/www.pressenza.com\/fr\/2024\/10\/le-perou-marche-pour-la-vie\/"},"author":{"name":"Redacci\u00f3n Per\u00fa","@id":"https:\/\/www.pressenza.com\/fr\/#\/schema\/person\/e86c29a41185b85084a478822f5de81b"},"headline":"Le P\u00e9rou marche pour la vie","datePublished":"2024-10-25T21:27:47+00:00","dateModified":"2024-10-25T21:31:54+00:00","mainEntityOfPage":{"@id":"https:\/\/www.pressenza.com\/fr\/2024\/10\/le-perou-marche-pour-la-vie\/"},"wordCount":351,"publisher":{"@id":"https:\/\/www.pressenza.com\/fr\/#organization"},"image":{"@id":"https:\/\/www.pressenza.com\/fr\/2024\/10\/le-perou-marche-pour-la-vie\/#primaryimage"},"thumbnailUrl":"https:\/\/www.pressenza.com\/wp-content\/uploads\/2024\/10\/Portada-5.jpg","keywords":["Dina Boluarte","gr\u00e8ves","Lima","transporteurs"],"articleSection":["Am\u00e9rique du Sud","Contenu Original","Droits humains","Non-violence","Paix et D\u00e9sarmement","Politique","Reportages photo"],"inLanguage":"fr-FR"},{"@type":"WebPage","@id":"https:\/\/www.pressenza.com\/fr\/2024\/10\/le-perou-marche-pour-la-vie\/","url":"https:\/\/www.pressenza.com\/fr\/2024\/10\/le-perou-marche-pour-la-vie\/","name":"Le P\u00e9rou marche pour la vie","isPartOf":{"@id":"https:\/\/www.pressenza.com\/fr\/#website"},"primaryImageOfPage":{"@id":"https:\/\/www.pressenza.com\/fr\/2024\/10\/le-perou-marche-pour-la-vie\/#primaryimage"},"image":{"@id":"https:\/\/www.pressenza.com\/fr\/2024\/10\/le-perou-marche-pour-la-vie\/#primaryimage"},"thumbnailUrl":"https:\/\/www.pressenza.com\/wp-content\/uploads\/2024\/10\/Portada-5.jpg","datePublished":"2024-10-25T21:27:47+00:00","dateModified":"2024-10-25T21:31:54+00:00","description":"Ce mercredi 23 octobre, des centaines de P\u00e9ruviens ont d\u00e9fil\u00e9 dans les principales rues du centre de Lima pour marcher \u00ab pour la vie \u00bb. Diverses","breadcrumb":{"@id":"https:\/\/www.pressenza.com\/fr\/2024\/10\/le-perou-marche-pour-la-vie\/#breadcrumb"},"inLanguage":"fr-FR","potentialAction":[{"@type":"ReadAction","target":["https:\/\/www.pressenza.com\/fr\/2024\/10\/le-perou-marche-pour-la-vie\/"]}]},{"@type":"ImageObject","inLanguage":"fr-FR","@id":"https:\/\/www.pressenza.com\/fr\/2024\/10\/le-perou-marche-pour-la-vie\/#primaryimage","url":"https:\/\/www.pressenza.com\/wp-content\/uploads\/2024\/10\/Portada-5.jpg","contentUrl":"https:\/\/www.pressenza.com\/wp-content\/uploads\/2024\/10\/Portada-5.jpg","width":1621,"height":913},{"@type":"BreadcrumbList","@id":"https:\/\/www.pressenza.com\/fr\/2024\/10\/le-perou-marche-pour-la-vie\/#breadcrumb","itemListElement":[{"@type":"ListItem","position":1,"name":"Accueil","item":"https:\/\/www.pressenza.com\/fr\/"},{"@type":"ListItem","position":2,"name":"Le P\u00e9rou marche pour la vie"}]},{"@type":"WebSite","@id":"https:\/\/www.pressenza.com\/fr\/#website","url":"https:\/\/www.pressenza.com\/fr\/","name":"Pressenza","description":"International Press Agency","publisher":{"@id":"https:\/\/www.pressenza.com\/fr\/#organization"},"potentialAction":[{"@type":"SearchAction","target":{"@type":"EntryPoint","urlTemplate":"https:\/\/www.pressenza.com\/fr\/?s={search_term_string}"},"query-input":{"@type":"PropertyValueSpecification","valueRequired":true,"valueName":"search_term_string"}}],"inLanguage":"fr-FR"},{"@type":"Organization","@id":"https:\/\/www.pressenza.com\/fr\/#organization","name":"Pressenza","url":"https:\/\/www.pressenza.com\/fr\/","logo":{"@type":"ImageObject","inLanguage":"fr-FR","@id":"https:\/\/www.pressenza.com\/fr\/#\/schema\/logo\/image\/","url":"https:\/\/www.pressenza.com\/wp-content\/uploads\/2022\/10\/pressenza_logo_200x200.jpg","contentUrl":"https:\/\/www.pressenza.com\/wp-content\/uploads\/2022\/10\/pressenza_logo_200x200.jpg","width":200,"height":200,"caption":"Pressenza"},"image":{"@id":"https:\/\/www.pressenza.com\/fr\/#\/schema\/logo\/image\/"},"sameAs":["https:\/\/www.facebook.com\/PressenzaItalia","https:\/\/x.com\/PressenzaIPA"]},{"@type":"Person","@id":"https:\/\/www.pressenza.com\/fr\/#\/schema\/person\/e86c29a41185b85084a478822f5de81b","name":"Redacci\u00f3n Per\u00fa","description":"News published by the Pressenza bureau in Peru","url":"https:\/\/www.pressenza.com\/fr\/author\/redaccion-peru\/"}]}},"place":"","original_article_url":"","_links":{"self":[{"href":"https:\/\/www.pressenza.com\/fr\/wp-json\/wp\/v2\/posts\/2557547","targetHints":{"allow":["GET"]}}],"collection":[{"href":"https:\/\/www.pressenza.com\/fr\/wp-json\/wp\/v2\/posts"}],"about":[{"href":"https:\/\/www.pressenza.com\/fr\/wp-json\/wp\/v2\/types\/post"}],"author":[{"embeddable":true,"href":"https:\/\/www.pressenza.com\/fr\/wp-json\/wp\/v2\/users\/831"}],"replies":[{"embeddable":true,"href":"https:\/\/www.pressenza.com\/fr\/wp-json\/wp\/v2\/comments?post=2557547"}],"version-history":[{"count":0,"href":"https:\/\/www.pressenza.com\/fr\/wp-json\/wp\/v2\/posts\/2557547\/revisions"}],"wp:featuredmedia":[{"embeddable":true,"href":"https:\/\/www.pressenza.com\/fr\/wp-json\/wp\/v2\/media\/2557548"}],"wp:attachment":[{"href":"https:\/\/www.pressenza.com\/fr\/wp-json\/wp\/v2\/media?parent=2557547"}],"wp:term":[{"taxonomy":"category","embeddable":true,"href":"https:\/\/www.pressenza.com\/fr\/wp-json\/wp\/v2\/categories?post=2557547"},{"taxonomy":"post_tag","embeddable":true,"href":"https:\/\/www.pressenza.com\/fr\/wp-json\/wp\/v2\/tags?post=2557547"}],"curies":[{"name":"wp","href":"https:\/\/api.w.org\/{rel}","templated":true}]}}