{"id":25563,"date":"2012-11-25T10:53:18","date_gmt":"2012-11-25T10:53:18","guid":{"rendered":"http:\/\/www.pressenza.com\/?p=25563"},"modified":"2012-11-25T10:59:01","modified_gmt":"2012-11-25T10:59:01","slug":"journee-internationale-pour-lelimination-de-la-violence-a-legard-des-femmes-25-novembre","status":"publish","type":"post","link":"https:\/\/www.pressenza.com\/fr\/2012\/11\/journee-internationale-pour-lelimination-de-la-violence-a-legard-des-femmes-25-novembre\/","title":{"rendered":"25 novembre, Journ\u00e9e internationale pour l&rsquo;\u00e9limination de la violence \u00e0 l&rsquo;\u00e9gard des femmes"},"content":{"rendered":"<h2>[media-credit id=71 align=\u00a0\u00bbaligncenter\u00a0\u00bb width=\u00a0\u00bb300&Prime;]<a href=\"http:\/\/www.pressenza.com\/2012\/11\/international-day-for-the-elimination-of-violence-against-women\/cheerful-wanchai-resident\/\" rel=\"attachment wp-att-25519\"><img loading=\"lazy\" decoding=\"async\" class=\"size-medium wp-image-25519\" title=\"Cheerful Wanchai resident.\" src=\"http:\/\/www.pressenza.com\/wp-content\/uploads\/2012\/11\/Cheerful-Wanchai-resident.-300x188.jpg\" alt=\"\" width=\"300\" height=\"188\" srcset=\"https:\/\/www.pressenza.com\/wp-content\/uploads\/2012\/11\/Cheerful-Wanchai-resident.-300x188.jpg 300w, https:\/\/www.pressenza.com\/wp-content\/uploads\/2012\/11\/Cheerful-Wanchai-resident.-600x377.jpg 600w, https:\/\/www.pressenza.com\/wp-content\/uploads\/2012\/11\/Cheerful-Wanchai-resident..jpg 2048w\" sizes=\"auto, (max-width: 300px) 100vw, 300px\" \/><\/a>[\/media-credit]<\/h2>\n<h2>Message du Secr\u00e9taire g\u00e9n\u00e9ral de l&rsquo;ONU,\u00a0Ban Ki-moon<\/h2>\n<p>Dans le monde entier, des millions de femmes et de filles sont agress\u00e9es, battues, viol\u00e9es, mutil\u00e9es ou m\u00eame assassin\u00e9es, victimes en cela de violations choquantes de leurs droits fondamentaux. Que ce soit sur le champ de bataille, dans leur propre foyer, dans la rue, \u00e0 l\u2019\u00e9cole, sur leur lieu de travail ou au sein de leur communaut\u00e9, la proportion de femmes qui subissent des s\u00e9vices physiques ou sexuels \u00e0 un moment de leur vie peut atteindre 70 %, et jusqu\u2019\u00e0 un quart de l\u2019ensemble des femmes enceintes.<\/p>\n<p>Bien trop souvent, les auteurs ne sont pas inqui\u00e9t\u00e9s. Les femmes et les filles n\u2019osent pas les d\u00e9noncer, en raison de l\u2019impunit\u00e9 qui pr\u00e9vaut. Il nous faut lutter contre la peur et la honte chez ces victimes qui, apr\u00e8s avoir connu le calvaire, doivent encore endurer les effets de la stigmatisation qui les frappe. Ce sont les bourreaux qui devraient avoir honte, pas leurs victimes.<\/p>\n<p>Ma campagne \u00ab Tous unis pour mettre fin \u00e0 la violence \u00e0 l\u2019\u00e9gard des femmes \u00bb a pour but de mobiliser les gouvernements, les organisations internationales, les groupes de la soci\u00e9t\u00e9 civile, les m\u00e9dias et les citoyens ordinaires. L\u2019an dernier, nous avons demand\u00e9 \u00e0 des jeunes du monde entier comment ils comptaient contribuer \u00e0 la promotion de cette cause essentielle; leurs r\u00e9ponses m\u2019ont sembl\u00e9 tr\u00e8s encourageantes. Beaucoup ont appel\u00e9 \u00e0 combattre l\u2019ignorance. Ils ont estim\u00e9 que nous ne devrions pas fermer les yeux sur les comportements r\u00e9pr\u00e9hensibles et r\u00e9clam\u00e9 que nous d\u00e9fendions plus ardemment les droits de l\u2019homme et pr\u00eations main forte aux victimes. Un jeune homme a dit en toute simplicit\u00e9 que les gar\u00e7ons pouvaient lutter contre la violence \u00e0 l\u2019\u00e9gard des femmes en s\u2019effor\u00e7ant de devenir des p\u00e8res et des maris responsables et respectueux.<\/p>\n<p>L\u2019ONU s\u2019investit sur tous ces fronts. Nous menons des programmes de sensibilisation du grand public. Pas plus tard que ce mois-ci, notre fonds d\u2019affectation sp\u00e9ciale \u00e0 l\u2019appui de la lutte contre la violence \u00e0 l\u2019\u00e9gard des femmes a annonc\u00e9 qu\u2019il entendait consacrer 8 millions de dollars \u00e0 des initiatives locales r\u00e9parties dans 18 pays. Les membres de mon r\u00e9seau d\u2019hommes influents, dont le nombre va croissant, combattent la violence en informant le public, en plaidant pour de meilleures lois et en exigeant des gouvernements qu\u2019ils rendent des comptes.<\/p>\n<p>En nous appuyant sur ces initiatives, nous devons remettre en cause les fondements m\u00eames de la culture de discrimination qui permet \u00e0 la violence de se perp\u00e9tuer. \u00c0 l\u2019occasion de cette Journ\u00e9e internationale, je demande \u00e0 tous les gouvernements de tenir l\u2019engagement qu\u2019ils ont pris de faire cesser toutes les formes de violence contre les femmes et les filles dans toutes les r\u00e9gions du monde, et j\u2019exhorte tout un chacun \u00e0 soutenir la r\u00e9alisation de cet objectif important.<\/p>\n","protected":false},"excerpt":{"rendered":"<p>[media-credit id=71 align=\u00a0\u00bbaligncenter\u00a0\u00bb width=\u00a0\u00bb300&Prime;][\/media-credit] Message du Secr\u00e9taire g\u00e9n\u00e9ral de l&rsquo;ONU,\u00a0Ban Ki-moon Dans le monde entier, des millions de femmes et de filles sont agress\u00e9es, battues, viol\u00e9es, mutil\u00e9es ou m\u00eame assassin\u00e9es, victimes en cela de violations choquantes de leurs droits fondamentaux.&hellip;<\/p>\n","protected":false},"author":19,"featured_media":25519,"comment_status":"closed","ping_status":"open","sticky":false,"template":"","format":"standard","meta":{"footnotes":""},"categories":[98,40],"tags":[1601,1600,908,265],"class_list":["post-25563","post","type-post","status-publish","format-standard","has-post-thumbnail","hentry","category-droits-de-lhomme","category-international-fr","tag-25-novembre","tag-femmes","tag-journee-mondiale","tag-nonviolence"],"yoast_head":"<!-- This site is optimized with the Yoast SEO plugin v27.1.1 - https:\/\/yoast.com\/product\/yoast-seo-wordpress\/ -->\n<title>25 novembre, Journ\u00e9e internationale pour l&#039;\u00e9limination de la violence \u00e0 l&#039;\u00e9gard des femmes<\/title>\n<meta name=\"description\" content=\"Message du Secr\u00e9taire g\u00e9n\u00e9ral de l&#039;ONU,\u00a0Ban Ki-moon Dans le monde entier, des millions de femmes et de filles sont agress\u00e9es, battues, viol\u00e9es, mutil\u00e9es\" \/>\n<meta name=\"robots\" content=\"index, follow, max-snippet:-1, max-image-preview:large, max-video-preview:-1\" \/>\n<link rel=\"canonical\" href=\"https:\/\/www.pressenza.com\/fr\/2012\/11\/journee-internationale-pour-lelimination-de-la-violence-a-legard-des-femmes-25-novembre\/\" \/>\n<meta property=\"og:locale\" content=\"fr_FR\" \/>\n<meta property=\"og:type\" content=\"article\" \/>\n<meta property=\"og:title\" content=\"25 novembre, Journ\u00e9e internationale pour l&#039;\u00e9limination de la violence \u00e0 l&#039;\u00e9gard des femmes\" \/>\n<meta property=\"og:description\" content=\"Message du Secr\u00e9taire g\u00e9n\u00e9ral de l&#039;ONU,\u00a0Ban Ki-moon Dans le monde entier, des millions de femmes et de filles sont agress\u00e9es, battues, viol\u00e9es, mutil\u00e9es\" \/>\n<meta property=\"og:url\" content=\"https:\/\/www.pressenza.com\/fr\/2012\/11\/journee-internationale-pour-lelimination-de-la-violence-a-legard-des-femmes-25-novembre\/\" \/>\n<meta property=\"og:site_name\" content=\"Pressenza\" \/>\n<meta property=\"article:publisher\" content=\"https:\/\/www.facebook.com\/PressenzaItalia\" \/>\n<meta property=\"article:author\" content=\"https:\/\/www.facebook.com\/pressenza\" \/>\n<meta property=\"article:published_time\" content=\"2012-11-25T10:53:18+00:00\" \/>\n<meta property=\"article:modified_time\" content=\"2012-11-25T10:59:01+00:00\" \/>\n<meta property=\"og:image\" content=\"https:\/\/www.pressenza.com\/wp-content\/uploads\/2012\/11\/Cheerful-Wanchai-resident..jpg\" \/>\n\t<meta property=\"og:image:width\" content=\"2048\" \/>\n\t<meta property=\"og:image:height\" content=\"1288\" \/>\n\t<meta property=\"og:image:type\" content=\"image\/jpeg\" \/>\n<meta name=\"author\" content=\"Pressenza IPA\" \/>\n<meta name=\"twitter:card\" content=\"summary_large_image\" \/>\n<meta name=\"twitter:creator\" content=\"@PressenzaIPA\" \/>\n<meta name=\"twitter:site\" content=\"@PressenzaIPA\" \/>\n<meta name=\"twitter:label1\" content=\"\u00c9crit par\" \/>\n\t<meta name=\"twitter:data1\" content=\"Pressenza IPA\" \/>\n\t<meta name=\"twitter:label2\" content=\"Dur\u00e9e de lecture estim\u00e9e\" \/>\n\t<meta name=\"twitter:data2\" content=\"3 minutes\" \/>\n<script type=\"application\/ld+json\" class=\"yoast-schema-graph\">{\"@context\":\"https:\/\/schema.org\",\"@graph\":[{\"@type\":\"Article\",\"@id\":\"https:\/\/www.pressenza.com\/fr\/2012\/11\/journee-internationale-pour-lelimination-de-la-violence-a-legard-des-femmes-25-novembre\/#article\",\"isPartOf\":{\"@id\":\"https:\/\/www.pressenza.com\/fr\/2012\/11\/journee-internationale-pour-lelimination-de-la-violence-a-legard-des-femmes-25-novembre\/\"},\"author\":{\"name\":\"Pressenza IPA\",\"@id\":\"https:\/\/www.pressenza.com\/fr\/#\/schema\/person\/010e5d02bcf40965427a1289a4cc8d75\"},\"headline\":\"25 novembre, Journ\u00e9e internationale pour l&rsquo;\u00e9limination de la violence \u00e0 l&rsquo;\u00e9gard des femmes\",\"datePublished\":\"2012-11-25T10:53:18+00:00\",\"dateModified\":\"2012-11-25T10:59:01+00:00\",\"mainEntityOfPage\":{\"@id\":\"https:\/\/www.pressenza.com\/fr\/2012\/11\/journee-internationale-pour-lelimination-de-la-violence-a-legard-des-femmes-25-novembre\/\"},\"wordCount\":519,\"publisher\":{\"@id\":\"https:\/\/www.pressenza.com\/fr\/#organization\"},\"image\":{\"@id\":\"https:\/\/www.pressenza.com\/fr\/2012\/11\/journee-internationale-pour-lelimination-de-la-violence-a-legard-des-femmes-25-novembre\/#primaryimage\"},\"thumbnailUrl\":\"https:\/\/www.pressenza.com\/wp-content\/uploads\/2012\/11\/Cheerful-Wanchai-resident..jpg\",\"keywords\":[\"25 novembre\",\"femmes\",\"journ\u00e9e mondiale\",\"nonviolence\"],\"articleSection\":[\"Droits humains\",\"International\"],\"inLanguage\":\"fr-FR\"},{\"@type\":\"WebPage\",\"@id\":\"https:\/\/www.pressenza.com\/fr\/2012\/11\/journee-internationale-pour-lelimination-de-la-violence-a-legard-des-femmes-25-novembre\/\",\"url\":\"https:\/\/www.pressenza.com\/fr\/2012\/11\/journee-internationale-pour-lelimination-de-la-violence-a-legard-des-femmes-25-novembre\/\",\"name\":\"25 novembre, Journ\u00e9e internationale pour l'\u00e9limination de la violence \u00e0 l'\u00e9gard des femmes\",\"isPartOf\":{\"@id\":\"https:\/\/www.pressenza.com\/fr\/#website\"},\"primaryImageOfPage\":{\"@id\":\"https:\/\/www.pressenza.com\/fr\/2012\/11\/journee-internationale-pour-lelimination-de-la-violence-a-legard-des-femmes-25-novembre\/#primaryimage\"},\"image\":{\"@id\":\"https:\/\/www.pressenza.com\/fr\/2012\/11\/journee-internationale-pour-lelimination-de-la-violence-a-legard-des-femmes-25-novembre\/#primaryimage\"},\"thumbnailUrl\":\"https:\/\/www.pressenza.com\/wp-content\/uploads\/2012\/11\/Cheerful-Wanchai-resident..jpg\",\"datePublished\":\"2012-11-25T10:53:18+00:00\",\"dateModified\":\"2012-11-25T10:59:01+00:00\",\"description\":\"Message du Secr\u00e9taire g\u00e9n\u00e9ral de l'ONU,\u00a0Ban Ki-moon Dans le monde entier, des millions de femmes et de filles sont agress\u00e9es, battues, viol\u00e9es, mutil\u00e9es\",\"breadcrumb\":{\"@id\":\"https:\/\/www.pressenza.com\/fr\/2012\/11\/journee-internationale-pour-lelimination-de-la-violence-a-legard-des-femmes-25-novembre\/#breadcrumb\"},\"inLanguage\":\"fr-FR\",\"potentialAction\":[{\"@type\":\"ReadAction\",\"target\":[\"https:\/\/www.pressenza.com\/fr\/2012\/11\/journee-internationale-pour-lelimination-de-la-violence-a-legard-des-femmes-25-novembre\/\"]}]},{\"@type\":\"ImageObject\",\"inLanguage\":\"fr-FR\",\"@id\":\"https:\/\/www.pressenza.com\/fr\/2012\/11\/journee-internationale-pour-lelimination-de-la-violence-a-legard-des-femmes-25-novembre\/#primaryimage\",\"url\":\"https:\/\/www.pressenza.com\/wp-content\/uploads\/2012\/11\/Cheerful-Wanchai-resident..jpg\",\"contentUrl\":\"https:\/\/www.pressenza.com\/wp-content\/uploads\/2012\/11\/Cheerful-Wanchai-resident..jpg\",\"width\":2048,\"height\":1288},{\"@type\":\"BreadcrumbList\",\"@id\":\"https:\/\/www.pressenza.com\/fr\/2012\/11\/journee-internationale-pour-lelimination-de-la-violence-a-legard-des-femmes-25-novembre\/#breadcrumb\",\"itemListElement\":[{\"@type\":\"ListItem\",\"position\":1,\"name\":\"Accueil\",\"item\":\"https:\/\/www.pressenza.com\/fr\/\"},{\"@type\":\"ListItem\",\"position\":2,\"name\":\"25 novembre, Journ\u00e9e internationale pour l&rsquo;\u00e9limination de la violence \u00e0 l&rsquo;\u00e9gard des femmes\"}]},{\"@type\":\"WebSite\",\"@id\":\"https:\/\/www.pressenza.com\/fr\/#website\",\"url\":\"https:\/\/www.pressenza.com\/fr\/\",\"name\":\"Pressenza\",\"description\":\"International Press Agency\",\"publisher\":{\"@id\":\"https:\/\/www.pressenza.com\/fr\/#organization\"},\"potentialAction\":[{\"@type\":\"SearchAction\",\"target\":{\"@type\":\"EntryPoint\",\"urlTemplate\":\"https:\/\/www.pressenza.com\/fr\/?s={search_term_string}\"},\"query-input\":{\"@type\":\"PropertyValueSpecification\",\"valueRequired\":true,\"valueName\":\"search_term_string\"}}],\"inLanguage\":\"fr-FR\"},{\"@type\":\"Organization\",\"@id\":\"https:\/\/www.pressenza.com\/fr\/#organization\",\"name\":\"Pressenza\",\"url\":\"https:\/\/www.pressenza.com\/fr\/\",\"logo\":{\"@type\":\"ImageObject\",\"inLanguage\":\"fr-FR\",\"@id\":\"https:\/\/www.pressenza.com\/fr\/#\/schema\/logo\/image\/\",\"url\":\"https:\/\/www.pressenza.com\/wp-content\/uploads\/2022\/10\/pressenza_logo_200x200.jpg\",\"contentUrl\":\"https:\/\/www.pressenza.com\/wp-content\/uploads\/2022\/10\/pressenza_logo_200x200.jpg\",\"width\":200,\"height\":200,\"caption\":\"Pressenza\"},\"image\":{\"@id\":\"https:\/\/www.pressenza.com\/fr\/#\/schema\/logo\/image\/\"},\"sameAs\":[\"https:\/\/www.facebook.com\/PressenzaItalia\",\"https:\/\/x.com\/PressenzaIPA\"]},{\"@type\":\"Person\",\"@id\":\"https:\/\/www.pressenza.com\/fr\/#\/schema\/person\/010e5d02bcf40965427a1289a4cc8d75\",\"name\":\"Pressenza IPA\",\"description\":\"News from Pressenza IPA correspondents\",\"sameAs\":[\"https:\/\/www.facebook.com\/pressenza\",\"https:\/\/x.com\/PressenzaIPA\"],\"url\":\"https:\/\/www.pressenza.com\/fr\/author\/pressenza-ipa\/\"}]}<\/script>\n<!-- \/ Yoast SEO plugin. -->","yoast_head_json":{"title":"25 novembre, Journ\u00e9e internationale pour l'\u00e9limination de la violence \u00e0 l'\u00e9gard des femmes","description":"Message du Secr\u00e9taire g\u00e9n\u00e9ral de l'ONU,\u00a0Ban Ki-moon Dans le monde entier, des millions de femmes et de filles sont agress\u00e9es, battues, viol\u00e9es, mutil\u00e9es","robots":{"index":"index","follow":"follow","max-snippet":"max-snippet:-1","max-image-preview":"max-image-preview:large","max-video-preview":"max-video-preview:-1"},"canonical":"https:\/\/www.pressenza.com\/fr\/2012\/11\/journee-internationale-pour-lelimination-de-la-violence-a-legard-des-femmes-25-novembre\/","og_locale":"fr_FR","og_type":"article","og_title":"25 novembre, Journ\u00e9e internationale pour l'\u00e9limination de la violence \u00e0 l'\u00e9gard des femmes","og_description":"Message du Secr\u00e9taire g\u00e9n\u00e9ral de l'ONU,\u00a0Ban Ki-moon Dans le monde entier, des millions de femmes et de filles sont agress\u00e9es, battues, viol\u00e9es, mutil\u00e9es","og_url":"https:\/\/www.pressenza.com\/fr\/2012\/11\/journee-internationale-pour-lelimination-de-la-violence-a-legard-des-femmes-25-novembre\/","og_site_name":"Pressenza","article_publisher":"https:\/\/www.facebook.com\/PressenzaItalia","article_author":"https:\/\/www.facebook.com\/pressenza","article_published_time":"2012-11-25T10:53:18+00:00","article_modified_time":"2012-11-25T10:59:01+00:00","og_image":[{"width":2048,"height":1288,"url":"https:\/\/www.pressenza.com\/wp-content\/uploads\/2012\/11\/Cheerful-Wanchai-resident..jpg","type":"image\/jpeg"}],"author":"Pressenza IPA","twitter_card":"summary_large_image","twitter_creator":"@PressenzaIPA","twitter_site":"@PressenzaIPA","twitter_misc":{"\u00c9crit par":"Pressenza IPA","Dur\u00e9e de lecture estim\u00e9e":"3 minutes"},"schema":{"@context":"https:\/\/schema.org","@graph":[{"@type":"Article","@id":"https:\/\/www.pressenza.com\/fr\/2012\/11\/journee-internationale-pour-lelimination-de-la-violence-a-legard-des-femmes-25-novembre\/#article","isPartOf":{"@id":"https:\/\/www.pressenza.com\/fr\/2012\/11\/journee-internationale-pour-lelimination-de-la-violence-a-legard-des-femmes-25-novembre\/"},"author":{"name":"Pressenza IPA","@id":"https:\/\/www.pressenza.com\/fr\/#\/schema\/person\/010e5d02bcf40965427a1289a4cc8d75"},"headline":"25 novembre, Journ\u00e9e internationale pour l&rsquo;\u00e9limination de la violence \u00e0 l&rsquo;\u00e9gard des femmes","datePublished":"2012-11-25T10:53:18+00:00","dateModified":"2012-11-25T10:59:01+00:00","mainEntityOfPage":{"@id":"https:\/\/www.pressenza.com\/fr\/2012\/11\/journee-internationale-pour-lelimination-de-la-violence-a-legard-des-femmes-25-novembre\/"},"wordCount":519,"publisher":{"@id":"https:\/\/www.pressenza.com\/fr\/#organization"},"image":{"@id":"https:\/\/www.pressenza.com\/fr\/2012\/11\/journee-internationale-pour-lelimination-de-la-violence-a-legard-des-femmes-25-novembre\/#primaryimage"},"thumbnailUrl":"https:\/\/www.pressenza.com\/wp-content\/uploads\/2012\/11\/Cheerful-Wanchai-resident..jpg","keywords":["25 novembre","femmes","journ\u00e9e mondiale","nonviolence"],"articleSection":["Droits humains","International"],"inLanguage":"fr-FR"},{"@type":"WebPage","@id":"https:\/\/www.pressenza.com\/fr\/2012\/11\/journee-internationale-pour-lelimination-de-la-violence-a-legard-des-femmes-25-novembre\/","url":"https:\/\/www.pressenza.com\/fr\/2012\/11\/journee-internationale-pour-lelimination-de-la-violence-a-legard-des-femmes-25-novembre\/","name":"25 novembre, Journ\u00e9e internationale pour l'\u00e9limination de la violence \u00e0 l'\u00e9gard des femmes","isPartOf":{"@id":"https:\/\/www.pressenza.com\/fr\/#website"},"primaryImageOfPage":{"@id":"https:\/\/www.pressenza.com\/fr\/2012\/11\/journee-internationale-pour-lelimination-de-la-violence-a-legard-des-femmes-25-novembre\/#primaryimage"},"image":{"@id":"https:\/\/www.pressenza.com\/fr\/2012\/11\/journee-internationale-pour-lelimination-de-la-violence-a-legard-des-femmes-25-novembre\/#primaryimage"},"thumbnailUrl":"https:\/\/www.pressenza.com\/wp-content\/uploads\/2012\/11\/Cheerful-Wanchai-resident..jpg","datePublished":"2012-11-25T10:53:18+00:00","dateModified":"2012-11-25T10:59:01+00:00","description":"Message du Secr\u00e9taire g\u00e9n\u00e9ral de l'ONU,\u00a0Ban Ki-moon Dans le monde entier, des millions de femmes et de filles sont agress\u00e9es, battues, viol\u00e9es, mutil\u00e9es","breadcrumb":{"@id":"https:\/\/www.pressenza.com\/fr\/2012\/11\/journee-internationale-pour-lelimination-de-la-violence-a-legard-des-femmes-25-novembre\/#breadcrumb"},"inLanguage":"fr-FR","potentialAction":[{"@type":"ReadAction","target":["https:\/\/www.pressenza.com\/fr\/2012\/11\/journee-internationale-pour-lelimination-de-la-violence-a-legard-des-femmes-25-novembre\/"]}]},{"@type":"ImageObject","inLanguage":"fr-FR","@id":"https:\/\/www.pressenza.com\/fr\/2012\/11\/journee-internationale-pour-lelimination-de-la-violence-a-legard-des-femmes-25-novembre\/#primaryimage","url":"https:\/\/www.pressenza.com\/wp-content\/uploads\/2012\/11\/Cheerful-Wanchai-resident..jpg","contentUrl":"https:\/\/www.pressenza.com\/wp-content\/uploads\/2012\/11\/Cheerful-Wanchai-resident..jpg","width":2048,"height":1288},{"@type":"BreadcrumbList","@id":"https:\/\/www.pressenza.com\/fr\/2012\/11\/journee-internationale-pour-lelimination-de-la-violence-a-legard-des-femmes-25-novembre\/#breadcrumb","itemListElement":[{"@type":"ListItem","position":1,"name":"Accueil","item":"https:\/\/www.pressenza.com\/fr\/"},{"@type":"ListItem","position":2,"name":"25 novembre, Journ\u00e9e internationale pour l&rsquo;\u00e9limination de la violence \u00e0 l&rsquo;\u00e9gard des femmes"}]},{"@type":"WebSite","@id":"https:\/\/www.pressenza.com\/fr\/#website","url":"https:\/\/www.pressenza.com\/fr\/","name":"Pressenza","description":"International Press Agency","publisher":{"@id":"https:\/\/www.pressenza.com\/fr\/#organization"},"potentialAction":[{"@type":"SearchAction","target":{"@type":"EntryPoint","urlTemplate":"https:\/\/www.pressenza.com\/fr\/?s={search_term_string}"},"query-input":{"@type":"PropertyValueSpecification","valueRequired":true,"valueName":"search_term_string"}}],"inLanguage":"fr-FR"},{"@type":"Organization","@id":"https:\/\/www.pressenza.com\/fr\/#organization","name":"Pressenza","url":"https:\/\/www.pressenza.com\/fr\/","logo":{"@type":"ImageObject","inLanguage":"fr-FR","@id":"https:\/\/www.pressenza.com\/fr\/#\/schema\/logo\/image\/","url":"https:\/\/www.pressenza.com\/wp-content\/uploads\/2022\/10\/pressenza_logo_200x200.jpg","contentUrl":"https:\/\/www.pressenza.com\/wp-content\/uploads\/2022\/10\/pressenza_logo_200x200.jpg","width":200,"height":200,"caption":"Pressenza"},"image":{"@id":"https:\/\/www.pressenza.com\/fr\/#\/schema\/logo\/image\/"},"sameAs":["https:\/\/www.facebook.com\/PressenzaItalia","https:\/\/x.com\/PressenzaIPA"]},{"@type":"Person","@id":"https:\/\/www.pressenza.com\/fr\/#\/schema\/person\/010e5d02bcf40965427a1289a4cc8d75","name":"Pressenza IPA","description":"News from Pressenza IPA correspondents","sameAs":["https:\/\/www.facebook.com\/pressenza","https:\/\/x.com\/PressenzaIPA"],"url":"https:\/\/www.pressenza.com\/fr\/author\/pressenza-ipa\/"}]}},"place":"","original_article_url":"","_links":{"self":[{"href":"https:\/\/www.pressenza.com\/fr\/wp-json\/wp\/v2\/posts\/25563","targetHints":{"allow":["GET"]}}],"collection":[{"href":"https:\/\/www.pressenza.com\/fr\/wp-json\/wp\/v2\/posts"}],"about":[{"href":"https:\/\/www.pressenza.com\/fr\/wp-json\/wp\/v2\/types\/post"}],"author":[{"embeddable":true,"href":"https:\/\/www.pressenza.com\/fr\/wp-json\/wp\/v2\/users\/19"}],"replies":[{"embeddable":true,"href":"https:\/\/www.pressenza.com\/fr\/wp-json\/wp\/v2\/comments?post=25563"}],"version-history":[{"count":0,"href":"https:\/\/www.pressenza.com\/fr\/wp-json\/wp\/v2\/posts\/25563\/revisions"}],"wp:featuredmedia":[{"embeddable":true,"href":"https:\/\/www.pressenza.com\/fr\/wp-json\/wp\/v2\/media\/25519"}],"wp:attachment":[{"href":"https:\/\/www.pressenza.com\/fr\/wp-json\/wp\/v2\/media?parent=25563"}],"wp:term":[{"taxonomy":"category","embeddable":true,"href":"https:\/\/www.pressenza.com\/fr\/wp-json\/wp\/v2\/categories?post=25563"},{"taxonomy":"post_tag","embeddable":true,"href":"https:\/\/www.pressenza.com\/fr\/wp-json\/wp\/v2\/tags?post=25563"}],"curies":[{"name":"wp","href":"https:\/\/api.w.org\/{rel}","templated":true}]}}