{"id":2555314,"date":"2024-10-16T23:52:04","date_gmt":"2024-10-16T22:52:04","guid":{"rendered":"https:\/\/www.pressenza.com\/?p=2555314"},"modified":"2024-10-24T10:06:03","modified_gmt":"2024-10-24T09:06:03","slug":"desastre-ecologique-guerres-genocides-finance-debridee-inegalites-en-fleche-desertion-des-pouvoirs-publics-attaques-aux-casques-bleus-les-dominants-ne-respectent-plus-aucune-limite","status":"publish","type":"post","link":"https:\/\/www.pressenza.com\/fr\/2024\/10\/desastre-ecologique-guerres-genocides-finance-debridee-inegalites-en-fleche-desertion-des-pouvoirs-publics-attaques-aux-casques-bleus-les-dominants-ne-respectent-plus-aucune-limite\/","title":{"rendered":"D\u00e9sastre \u00e9cologique, guerres, g\u00e9nocides, finance d\u00e9brid\u00e9e, in\u00e9galit\u00e9s en fl\u00e8che, d\u00e9sertion des pouvoirs publics, attaques aux Casques Bleus&#8230;  Les dominants ne respectent plus aucune limite"},"content":{"rendered":"<p>O\u00f9 es-tu humanit\u00e9\u00a0? Les attaques isra\u00e9liennes aux Casques Bleus d\u2019interposition entre les territoires occup\u00e9s par Isra\u00ebl et le Liban constituent le d\u00e9ni m\u00e9prisant, par la force militaire, de l\u2019autorit\u00e9 et de l\u2019existence m\u00eame de l\u2019ONU, l\u2019organisation politico-institutionnelle majeure de la communaut\u00e9 internationale.<\/p>\n<p>C\u2019est la premi\u00e8re fois dans l\u2019histoire de l\u2019ONU. Inadmissible. La condamnation claire, forte, non n\u00e9gociable \u00e0 prononcer de la part de l\u2019ONU ne doit plus tarder. Elle doit \u00eatre au nom de l\u2019Humanit\u00e9, et faire en sorte que l\u2019inadmissible ne puisse plus se produire \u00e0 l\u2019avenir. Car ce n\u2019est plus \u00ab\u00a0seulement\u00a0\u00bb un non-respect du droit international (ONU, Cour Internationale de Justice, Cour p\u00e9nale internationale&#8230;) et, donc, un d\u00e9ni violent de l\u2019existence de la communaut\u00e9 internationale. C\u2019est d\u00e9sormais le d\u00e9ni de l\u2019humanit\u00e9 elle-m\u00eame, bafou\u00e9e, pi\u00e9tin\u00e9e, sacrifi\u00e9e sur l\u2019autel des objectifs de domination et de spoliation de la vie des peuples et de la nature, sous l\u2019alibi insens\u00e9 et pervers d\u2019assurer sa propre s\u00e9curit\u00e9.<\/p>\n<p><strong>Les limites \u00e0 l\u2019inadmissible ont \u00e9t\u00e9 balay\u00e9es<\/strong><\/p>\n<p>Les agissements des fanatiques dogmatiques \u00e0 la t\u00eate de l\u2019\u00c9tat d\u2019Isra\u00ebl ne sont pas les seules formes de transgression des limites (certains utilisent le concept de \u00ab fronti\u00e8res \u00bb pour exprimer la m\u00eame id\u00e9e) qui marquent le monde en cette troisi\u00e8me d\u00e9cennie du XXIe si\u00e8cle. Depuis la fin des ann\u00e9es \u201980, d\u2019abord doucement puis avec une violence grandissante, les habitants de la Terre subissent une volont\u00e9 d\u00e9lib\u00e9r\u00e9e des groupes sociaux dominants de ne plus respecter les limites \u00e9tablies par la communaut\u00e9 internationale. Les limites concernent tous les domaines. La communaut\u00e9 y a fait recours pour prot\u00e9ger le vivre ensemble, la justice, la supr\u00e9matie des droits universels collectifs, les biens communs essentiels pour la vie, la sauvegarde et le soin de la nature, la libert\u00e9 et la dignit\u00e9 des peuples, l\u2019esprit de la fraternit\u00e9 plan\u00e9taire.<\/p>\n<p><strong>Le d\u00e9passement des fronti\u00e8res plan\u00e9taires<\/strong><\/p>\n<p>Six des neuf \u00ab\u00a0fronti\u00e8res plan\u00e9taires\u00a0\u00bb\u00a0d\u00e9finissant l\u2019espace de s\u00e9curit\u00e9 pour la vie des habitants de la Terre, selon les travaux du groupe international de recherche pilot\u00e9 par le<em> Stockholm Resilience Center<\/em>, ont \u00e9t\u00e9 d\u00e9pass\u00e9es. Les neuf fronti\u00e8res sont\u00a0: Le changement climatique. L\u2019\u00e9rosion de la biodiversit\u00e9. La modification des\u00a0usages des sols. La pollution chimique. La perturbation des cycles biochimiques. L\u2019acidification des oc\u00e9ans. Les a\u00e9rosols atmosph\u00e9riques. La dilution de la couche d\u2019ozone. L\u2019utilisation d\u2019eau douce. (Les trois fronti\u00e8res non d\u00e9pass\u00e9es \u00e0 ce jour sont soulign\u00e9es).<\/p>\n<p>Ses auteurs disent que ce n\u2019est pas possible \u00e0 ce stade d\u2019en mesurer les cons\u00e9quences sur le long terme, mais qu\u2019on peut analyser les processus en cours dont la puissance de d\u00e9stabilisation et de d\u00e9vastation est sous nos yeux. (1) Ceci, alors que de nombreux gouvernements sont en train de retarder, voire r\u00e9viser \u00e0 la baisse, les contraintes, plut\u00f4t modestes, approuv\u00e9es en 2015 avec l\u2019Accord de Paris dans le cadre de la lutte contre le changement climatique. En particulier, la \u00ab\u00a0fameuse\u00a0\u00bb limite \u00e0 l\u2019augmentation de 1,5 &#8211; 2,0 C\u00b0 de la temp\u00e9rature moyenne de l\u2019atmosph\u00e8re terrestre par rapport \u00e0 celle du d\u00e9but de l\u2019\u00e8re industrielle.<\/p>\n<p><strong>Les pr\u00e9tentions de l\u2019industrie chimique, des ma\u00eetres de l\u2019IA et des seigneurs de la guerre<\/strong><\/p>\n<p>Ainsi, l\u2019industrie chimique europ\u00e9enne, sous l\u2019impulsion de la multinationale allemande BASF, la premi\u00e8re entreprise chimique au monde, a affirm\u00e9 dans la D\u00e9claration d\u2019Anvers en mars 2024 (2), qu\u2019elle doit \u00eatre laiss\u00e9e libre du choix des voies et moyens de ses activit\u00e9s, s\u2019arrogeant la libert\u00e9 de continuer \u00e0 empoisonner la terre, l\u2019eau, l\u2019air et les \u00eatres humains.<\/p>\n<p>Quant \u00e0 eux, les ma\u00eetres de l\u2019intelligence artificielle pr\u00e9tendent que \u00ab\u00a0tout ce qui est technologiquement possible\u00a0\u00bb doit \u00eatre fait au nom de la libert\u00e9 de la recherche et du progr\u00e8s. Par exemple, on doit \u00eatre libre de concevoir et de produire des robots soldats (d\u2019ailleurs avec le soutien financier public). Les drones guerriers \u2013 dont peu de monde conteste l\u2019usage &#8211; constituent un avant-go\u00fbt amer de ce que les arm\u00e9es de robots pourront provoquer.<\/p>\n<p>Concernant les armes, les 10 \u00c9tats nucl\u00e9aires ont rejet\u00e9 avec arrogance le Trait\u00e9 d\u2019interdiction des armes nucl\u00e9aires approuv\u00e9 le 7 juillet 2017 par l\u2019ONU. Ils continuent, en outre, \u00e0 ignorer son entr\u00e9e en vigueur le 22 janvier 2021 comme partie int\u00e9grante du droit international apr\u00e8s la ratification de plus de 50 \u00c9tats au monde. En date du 16 janvier 2024, 94 \u00c9tats l\u2019ont sign\u00e9 et 73 l\u2018ont ratifi\u00e9 par les parlements nationaux. Il est inadmissible que 10 \u00c9tats, m\u00eame s\u2019ils sont parmi les plus puissants au monde, puissent emp\u00eacher que soient promues et respect\u00e9es la justice, la s\u00e9curit\u00e9 et la paix pour des milliards d\u2019\u00eatres vivants. Cela signifie que l\u2019humanit\u00e9, son existence, son devenir, sont prisonniers d\u2019un groupe d\u2019oligarchies \u00ab nationales \u00bb dont la puissance est bas\u00e9e sur les armes nucl\u00e9aires. Or, personne n\u2019a d\u00e9montr\u00e9 \u00e0 ce jour l\u2019utilit\u00e9 de ces armes pour le bien-\u00eatre commun mondial ni des entreprises qui les produisent et les font \u00ab prolif\u00e9rer \u00bb. Cela vaut aussi pour les armes chimiques et bact\u00e9riologiques, puis pour le commerce des armes.<\/p>\n<p><strong>Le cas des limites transgress\u00e9es par la finance globale<\/strong><\/p>\n<p>La libert\u00e9 de fixer ses propres r\u00e8gles a \u00e9t\u00e9 aussi revendiqu\u00e9e par la finance priv\u00e9e globale depuis la crise financi\u00e8re internationale de 1971-73 et les chocs p\u00e9troliers de 1977-78.<\/p>\n<p>La finance\u00a0s\u2019est empar\u00e9e de la libert\u00e9 par elle-m\u00eame. Elle lui a \u00e9t\u00e9 aussi octroy\u00e9e par les pouvoirs publics.<\/p>\n<p><em>L\u2019accaparement de la libert\u00e9 par la finance elle-m\u00eame<\/em>, sans demander aucune autorisation aux pouvoirs publics (qui ont laiss\u00e9 faire), a \u00e9t\u00e9 op\u00e9r\u00e9 d\u2019abord par le d\u00e9veloppement des march\u00e9s des d\u00e9riv\u00e9s, v\u00e9ritables pr\u00e9dateurs de l\u2019\u00e9conomie r\u00e9elle. Ces march\u00e9s ont consacr\u00e9, d\u2019une part, la \u00ab l\u00e9gitimit\u00e9 \u00bb de la souverainet\u00e9 acquise par les Bourses, devenues des puissantes entreprises priv\u00e9es et, d\u2019autre part, l\u2019explosion du pouvoir des fonds d\u2019investissements actionnaires priv\u00e9s. Les trois principaux fonds actuels poss\u00e8dent un pouvoir d\u2019influence financi\u00e8re sur l\u2019\u00e9conomie mondiale uniquement d\u00e9pass\u00e9 par deux \u00c9tats, les \u00c9tats-Unis et la Chine. Il y a de limites infranchissables \u00e0 des telles acquisitions de souverainet\u00e9 \u00e9conomique par des sujets priv\u00e9s. Dans un syst\u00e8me d\u00e9mocratique, la souverainet\u00e9 appartient au peuple. La d\u00e9sertion de l\u2019\u00c9tat est inadmissible. L\u2019\u00c9tat ne peut pas d\u00e9missionner de ses responsabilit\u00e9s et obligations li\u00e9es \u00e0 des fonctions relevant de l\u2019autorit\u00e9 publique, non susceptibles d\u2019\u00eatre transf\u00e9r\u00e9es\/ d\u00e9l\u00e9gu\u00e9es \u00e0 des sujets priv\u00e9s.<\/p>\n<p>La finance a fait, en outre, sauter une autre limite fondamentale concernant la conception de la nature en faisant approuver par la COP15-Biodiversit\u00e9 de l\u2019ONU (Montr\u00e9al, d\u00e9cembre 2022) le principe de consid\u00e9rer\/r\u00e9duire tout \u00e9l\u00e9ment du monde naturel \u00e0 un capital naturel \u2013 un avoir financier. (3)<\/p>\n<p>On ne peut pas jeter aux orties la conception de la nature en tant que cadre de r\u00e9f\u00e9rence fondamental de la vie, dont nous les humains faisons partie int\u00e9grante, nous sommes le r\u00e9sultat de ses \u00e9volutions et nous nous consid\u00e9rons comme l\u2019une des expressions les plus marquantes. La r\u00e9duire \u00e0 une cat\u00e9gorie de l\u2019\u00e9conomie capitaliste de march\u00e9 &#8211; un capital productif\/un avoir financier- constitue un outrage intol\u00e9rable \u00e0 la valeur de la nature. Sa valeur ne saurait \u00eatre r\u00e9duite \u00e0 la valeur donn\u00e9e par le prix de march\u00e9. Une telle r\u00e9ification de la nature par la finance se traduit par une mutation absurde de l\u2019essence de la nature et de son immense valeur pour la vie. A cet \u00e9gard, le peuple Maori en Nouvelle Z\u00e9lande a une civilisation bien avanc\u00e9e par rapport \u00e0 la conception \u00ab\u00a0occidentale\u00a0\u00bb de la vie et du monde, lorsqu\u2019il affirme avec conviction et solennit\u00e9 \u00ab Le fleuve c\u2019est nous\u00a0\u00bb, Il le fait pour d\u00e9fendre l\u2019int\u00e9grit\u00e9 vitale du fleuve, Wanganui, contre les d\u00e9vastations pr\u00e9datrices provoqu\u00e9es par une \u00e9conomie qui a r\u00e9duit la nature \u00e0 une ressource\/capital productif\/financier au service de la croissance des int\u00e9r\u00eats \u00e9conomiques des plus puissants. Les Maoris croient dans la sacralit\u00e9 de la vie et consid\u00e8rent l\u2019eau, notamment le fleuve, une forme de vie sacr\u00e9e. Les soci\u00e9t\u00e9s occidentales croient surtout dans l\u2019essentialit\u00e9 de l\u2019argent et estiment que le r\u00f4le essentiel de la nature, qu\u2019il s\u2019agisse d\u2019une mol\u00e9cule ou d\u2019une for\u00eat, est de permettre aux humains d\u2019extraire d\u2019elle la quantit\u00e9 maximale d\u2019argent. Une forme extr\u00eame de cette conception s\u2019est affirm\u00e9e au sein des groupes dominants am\u00e9ricains USA. Depuis des d\u00e9cennies, ils cherchent \u00e0 imposer l\u2019id\u00e9e \u00ab\u00a0<em>the world is ours<\/em>\u00a0\u00bb (le monde est \u00e0 nous), dans la ligne de la d\u00e9claration du d\u00e9but XXe si\u00e8cle (Doctrine Monroe) \u00ab <em>America is ours<\/em>\u00a0\u00bb. Les Maoris se sentent partie de la nature et habitants du monde. Les dominants am\u00e9ricains USA (heureusement, une partie du peuple am\u00e9ricain) se consid\u00e8rent les propri\u00e9taires de la nature et pr\u00e9tendent d\u2019\u00eatre les seigneurs du monde.<\/p>\n<p><strong>ll faut d\u00e9fendre et renforcer les limites \u00e0 cette double vision de la vie<\/strong><\/p>\n<p><em>En en ce qui concerne la libert\u00e9 octroy\u00e9e \u00e0 la finance par les pouvoirs publics<\/em>, on doit faire r\u00e9f\u00e9rence, entre autres, \u00e0 la d\u00e9cision prise par l\u2019Union Europ\u00e9enne en juin 1998 lors de la cr\u00e9ation de la Banque Centrale Europ\u00e9enne. Les gouvernements des \u00c9tats membres, avec le soutien de tous les Parlements nationaux, ont attribu\u00e9 \u00e0 la BCE le statut d\u2019une organisation juridique propre ind\u00e9pendante de toute autre institution politique europ\u00e9enne et nationale. Or, la BCE a toujours affirm\u00e9 qu\u2019elle ne fixait pas la valeur du capital, le taux d\u2019int\u00e9r\u00eat \u00e0 payer pour que les acteurs \u00e9conomiques aient acc\u00e8s \u00e0 l\u2019argent, cette capacit\u00e9 appartenant au march\u00e9. La BCE intervient uniquement pour \u00e9ventuellement \u00ab corriger \u00bb le taux d\u2019int\u00e9r\u00eat du march\u00e9 en vue de garantir une meilleure stabilit\u00e9 mon\u00e9taire et soutenir la croissance \u00e9conomique. Le cas de la BCE confirme que l\u2019une des fonctions r\u00e9galiennes de l\u2019\u00c9tat a \u00e9t\u00e9 confi\u00e9e au march\u00e9, l\u2019ind\u00e9pendance politique de la BCE \u00e9tant un instrument solide pour promouvoir l\u2019ind\u00e9pendance politique du march\u00e9 dans le domaine mon\u00e9taire et financier.<\/p>\n<p><strong>Pas de limites \u00e0 l\u2019appropriation de la connaissance et \u00e0 son utilisation<\/strong><\/p>\n<p>Pour terminer l\u2019\u00e9num\u00e9ration non exhaustive des limites\u00a0pour la vie bafou\u00e9es et pi\u00e9tin\u00e9es, un dernier exemple. Soutenu par une bonne partie du monde scientifique et technologique (sciences humaines, sociales et, surtout, \u00e9conomiques comprises), le monde du business et de la finance s\u2019est oppos\u00e9 \u00e0 toute r\u00e9vision de la r\u00e9glementation existante, depuis 1980, concernant le droit de propri\u00e9t\u00e9 intellectuelle (les brevets). La l\u00e9gislation sur les brevets autorise l\u2019octroi d\u2019un droit exclusif de propri\u00e9t\u00e9 priv\u00e9e \u00e0 but lucratif pour une p\u00e9riode de 18 \u00e0 20 ans (susceptible de prolongement) sur les nouvelles connaissances acquises dans le domaine des organismes vivants, y compris les \u00e9l\u00e9ments et les processus cognitifs (info-communication). Or, les brevets repr\u00e9sentent le transfert de la responsabilit\u00e9 publique de la r\u00e9gulation du pouvoir de traitement et d\u2019usage de la vie \u00e0 des sujets priv\u00e9s. Un transfert insens\u00e9.<\/p>\n<p>On a pris la mesure de l\u2019importance cruciale des brevets pour les droits universels \u00e0 la sant\u00e9 et pour une politique mondiale de la sant\u00e9 \u00e0 l\u2019occasion de la pand\u00e9mie COVID-19. Rappelons que 4 milliards de personnes au monde n \u2018ont encore aucune couverture de base en mati\u00e8re de sant\u00e9. Eh bien, les vaccins anti Covid \u00e9taient, \u00e9videmment \u2013 et restent \u2013 sous la propri\u00e9t\u00e9 des grands groupes de l\u2019industrie pharmaceutique occidentale. Certains pays du Sud (Afrique du Sud, Inde&#8230;) ont demand\u00e9 de suspendre provisoirement l\u2019application des r\u00e8gles sur la propri\u00e9t\u00e9 intellectuelle concernant les vaccins pour permettre aux populations du Sud d\u2019acc\u00e9der aux vaccins par eux- m\u00eames. Une suspension pr\u00e9vue, d\u2019ailleurs, par les articles 31-33 du trait\u00e9 constitutif de l\u2019OMC (Organisation Mondiale du Commerce). (4)<\/p>\n<p>Les grandes entreprises pharmaceutiques mondiales occidentales avec le soutien inconditionn\u00e9 des leurs \u00c9tats (\u00c9tats-Unis et Royaume-Uni en t\u00eate) ont rejet\u00e9 avec force et cynisme la suspension provisoire. Les populations pauvres du monde du Sud ont d\u00fb attendre deux ans, \u00e0 savoir le temps que les populations des pays riches aient \u00e9t\u00e9 vaccin\u00e9es, avant de pouvoir acc\u00e9der \u00e0 l\u2019achat des vaccins. (5)<\/p>\n<p><strong>La lib\u00e9ration<\/strong><\/p>\n<p>Le constat est douloureux, porteur de devenirs inqui\u00e9tants.<\/p>\n<p>Les citoyens doivent cesser de croire aux th\u00e8ses et aux conceptions des dominants et prendre conscience qu\u2019ils doivent d\u00e9fendre bec et ongle les r\u00e8gles et les limites qui visent \u00e0 d\u00e9limiter les champs du possible et leurs \u00e9volutions dans le but de sauvegarder et promouvoir les droits de et \u00e0 la vie de tous, pour tous. Les limites sauvent et prot\u00e8gent la vie, la libert\u00e9 et la dignit\u00e9 des \u00eatres vivants. (6)<\/p>\n<p>La libert\u00e9 sans limites ou selon les r\u00e8gles autod\u00e9termin\u00e9es par les dominants est une libert\u00e9 de l\u2018injustice, de la pr\u00e9dation, de la guerre. La libert\u00e9 des puissants opprime et tue.<\/p>\n<p>Ce qui pr\u00e9c\u00e8de montre un fait majeur. Aujourd\u2019hui l\u2019enjeu crucial concerne l\u2019existence et la libert\u00e9 de l\u2019humanit\u00e9 et son devenir. J\u2019ai l\u2019impression que nous sommes en train de passer de l\u2019\u00e8re de la lib\u00e9ration \u00ab nationale \u00bb des peuples colonis\u00e9s, mal ou bien r\u00e9alis\u00e9e, \u00e0 l\u2019\u00e8re de la lib\u00e9ration de l\u2019humanit\u00e9 contre la domination globale et plan\u00e9taire des nouvelles oligarchies mondiales, dont l\u2019objectif primordial est de maintenir leur puissance et leur domination avec la complicit\u00e9 de leurs \u00c9tats. IL est urgent que les citoyens expriment leur dissidence et leur r\u00e9sistance de mani\u00e8re \u00e0 lib\u00e9rer l\u2019humanit\u00e9 du syst\u00e8me actuel d\u2019oppression et d\u2019injustice. (6)<\/p>\n<p>&nbsp;<\/p>\n<p><strong>Notes<\/strong><\/p>\n<p>(1) <a href=\"https:\/\/www.stockholmresilience.org\/research\/research-news\/2023-09-13-all-planetary-boundaries-mapped-out-for-the-first-time-six-of-nine-crossed.html\">https:\/\/www.stockholmresilience.org\/research\/research-news\/2023-09-13-all-planetary-boundaries-mapped-out-for-the-first-time-six-of-nine-crossed.html<\/a><\/p>\n<p>(2) <a href=\"https:\/\/pour.press\/lattaque-de-l-industrie-chimique-europeenne-au-plan-vert-de-lue\/\">https:\/\/pour.press\/lattaque-de-l-industrie-chimique-europeenne-au-plan-vert-de-lue\/<\/a><\/p>\n<p>(3) <a href=\"https:\/\/www.pressenza.com\/fr\/2023\/02\/cop15-biodiversite-et-financiarisation-de-la-nature\/\">https:\/\/www.pressenza.com\/fr\/2023\/02\/cop15-biodiversite-et-financiarisation-de-la-nature\/<\/a><\/p>\n<p>(4) Il convient de noter que c\u2019est l\u2019OMC, organisation du commerce, institution ind\u00e9pendante externe au syst\u00e8me ONU, domin\u00e9e par les \u00c9tats-Unis et ses alli\u00e9s, qui \u00ab gouverne \u00bb les r\u00e8gles mondiales cl\u00e9s sur la sant\u00e9 et non pas l\u2019OMS (Organisation Mondiale de la Sant\u00e9), organisation sp\u00e9cialis\u00e9e de l\u2019ONU !<\/p>\n<p>(5) <a href=\"https:\/\/www.pressenza.com\/fr\/2021\/09\/la-trinite-de-linadmissible-lirresponsabilite-lincompetence-lincapacite-du-systeme-dominant\/\">https:\/\/www.pressenza.com\/fr\/2021\/09\/la-trinite-de-linadmissible-lirresponsabilite-lincompetence-lincapacite-du-systeme-dominant\/<\/a> et \u00a0<a href=\"https:\/\/pour.press\/que-faire-quand-les-societes-deviennent-impuissantes-face-a-labsurde\/\">https:\/\/pour.press\/que-faire-quand-les-societes-deviennent-impuissantes-face-a-labsurde\/<\/a><\/p>\n<p>(6) On trouvera des propositions dans cette direction dans <a href=\"https:\/\/www.pressenza.com\/fr\/2024\/05\/la-finance-et-leau-arretons-la-mainmise-sur-les-droits-universels-et-les-biens-communs-mondiaux-par-les-predateurs-de-la-vie\/\">https:\/\/www.pressenza.com\/fr\/2024\/05\/la-finance-et-leau-arretons-la-mainmise-sur-les-droits-universels-et-les-biens-communs-mondiaux-par-les-predateurs-de-la-vie\/<\/a> . Voir aussi <a href=\"https:\/\/www.pressenza.com\/fr\/2024\/09\/la-paix-veritable-exige-la-fin-de-la-guerre-demasquer-lillusion-du-pouvoir-et-du-profit\/\">https:\/\/www.pressenza.com\/fr\/2024\/09\/la-paix-veritable-exige-la-fin-de-la-guerre-demasquer-lillusion-du-pouvoir-et-du-profit\/<\/a>. Ces articles ont \u00e9t\u00e9 publi\u00e9s aussi dans POUR.presse (B)<\/p>\n","protected":false},"excerpt":{"rendered":"<p>O\u00f9 es-tu humanit\u00e9\u00a0? Les attaques isra\u00e9liennes aux Casques Bleus d\u2019interposition entre les territoires occup\u00e9s par Isra\u00ebl et le Liban constituent le d\u00e9ni m\u00e9prisant, par la force militaire, de l\u2019autorit\u00e9 et de l\u2019existence m\u00eame de l\u2019ONU, l\u2019organisation politico-institutionnelle majeure de la&hellip;<\/p>\n","protected":false},"author":1266,"featured_media":1489402,"comment_status":"closed","ping_status":"closed","sticky":false,"template":"","format":"standard","meta":{"footnotes":""},"categories":[11386,97,100,163,93],"tags":[128009,7800,118518,18460,15675,128010],"class_list":["post-2555314","post","type-post","status-publish","format-standard","has-post-thumbnail","hentry","category-contenu-original","category-environnement-et-ecologie","category-economie","category-opinion-fr","category-politique","tag-casques-bleus","tag-desastre-ecologique","tag-genocides-fr","tag-guerres","tag-liberation","tag-prendre-conscience"],"yoast_head":"<!-- This site is optimized with the Yoast SEO plugin v27.1.1 - https:\/\/yoast.com\/product\/yoast-seo-wordpress\/ -->\n<title>D\u00e9sastre \u00e9cologique, guerres, g\u00e9nocides, finance d\u00e9brid\u00e9e, in\u00e9galit\u00e9s en fl\u00e8che, d\u00e9sertion des pouvoirs publics, attaques aux Casques Bleus... Les dominants ne respectent plus aucune limite<\/title>\n<meta name=\"description\" content=\"O\u00f9 es-tu humanit\u00e9\u00a0? Les attaques isra\u00e9liennes aux Casques Bleus d\u2019interposition entre les territoires occup\u00e9s par Isra\u00ebl et le Liban constituent le d\u00e9ni\" \/>\n<meta name=\"robots\" content=\"index, follow, max-snippet:-1, max-image-preview:large, max-video-preview:-1\" \/>\n<link rel=\"canonical\" href=\"https:\/\/www.pressenza.com\/fr\/2024\/10\/desastre-ecologique-guerres-genocides-finance-debridee-inegalites-en-fleche-desertion-des-pouvoirs-publics-attaques-aux-casques-bleus-les-dominants-ne-respectent-plus-aucune-limite\/\" \/>\n<meta property=\"og:locale\" content=\"fr_FR\" \/>\n<meta property=\"og:type\" content=\"article\" \/>\n<meta property=\"og:title\" content=\"D\u00e9sastre \u00e9cologique, guerres, g\u00e9nocides, finance d\u00e9brid\u00e9e, in\u00e9galit\u00e9s en fl\u00e8che, d\u00e9sertion des pouvoirs publics, attaques aux Casques Bleus... Les dominants ne respectent plus aucune limite\" \/>\n<meta property=\"og:description\" content=\"O\u00f9 es-tu humanit\u00e9\u00a0? Les attaques isra\u00e9liennes aux Casques Bleus d\u2019interposition entre les territoires occup\u00e9s par Isra\u00ebl et le Liban constituent le d\u00e9ni\" \/>\n<meta property=\"og:url\" content=\"https:\/\/www.pressenza.com\/fr\/2024\/10\/desastre-ecologique-guerres-genocides-finance-debridee-inegalites-en-fleche-desertion-des-pouvoirs-publics-attaques-aux-casques-bleus-les-dominants-ne-respectent-plus-aucune-limite\/\" \/>\n<meta property=\"og:site_name\" content=\"Pressenza\" \/>\n<meta property=\"article:publisher\" content=\"https:\/\/www.facebook.com\/PressenzaItalia\" \/>\n<meta property=\"article:published_time\" content=\"2024-10-16T22:52:04+00:00\" \/>\n<meta property=\"article:modified_time\" content=\"2024-10-24T09:06:03+00:00\" \/>\n<meta property=\"og:image\" content=\"https:\/\/www.pressenza.com\/wp-content\/uploads\/2021\/12\/Nobel-per-il-disarmo.jpg\" \/>\n\t<meta property=\"og:image:width\" content=\"820\" \/>\n\t<meta property=\"og:image:height\" content=\"464\" \/>\n\t<meta property=\"og:image:type\" content=\"image\/jpeg\" \/>\n<meta name=\"author\" content=\"Riccardo Petrella\" \/>\n<meta name=\"twitter:card\" content=\"summary_large_image\" \/>\n<meta name=\"twitter:creator\" content=\"@PressenzaIPA\" \/>\n<meta name=\"twitter:site\" content=\"@PressenzaIPA\" \/>\n<meta name=\"twitter:label1\" content=\"\u00c9crit par\" \/>\n\t<meta name=\"twitter:data1\" content=\"Riccardo Petrella\" \/>\n\t<meta name=\"twitter:label2\" content=\"Dur\u00e9e de lecture estim\u00e9e\" \/>\n\t<meta name=\"twitter:data2\" content=\"12 minutes\" \/>\n<script type=\"application\/ld+json\" class=\"yoast-schema-graph\">{\"@context\":\"https:\/\/schema.org\",\"@graph\":[{\"@type\":\"Article\",\"@id\":\"https:\/\/www.pressenza.com\/fr\/2024\/10\/desastre-ecologique-guerres-genocides-finance-debridee-inegalites-en-fleche-desertion-des-pouvoirs-publics-attaques-aux-casques-bleus-les-dominants-ne-respectent-plus-aucune-limite\/#article\",\"isPartOf\":{\"@id\":\"https:\/\/www.pressenza.com\/fr\/2024\/10\/desastre-ecologique-guerres-genocides-finance-debridee-inegalites-en-fleche-desertion-des-pouvoirs-publics-attaques-aux-casques-bleus-les-dominants-ne-respectent-plus-aucune-limite\/\"},\"author\":{\"name\":\"Riccardo Petrella\",\"@id\":\"https:\/\/www.pressenza.com\/fr\/#\/schema\/person\/16ea2ff52e7bdf783c1b5242860fab9e\"},\"headline\":\"D\u00e9sastre \u00e9cologique, guerres, g\u00e9nocides, finance d\u00e9brid\u00e9e, in\u00e9galit\u00e9s en fl\u00e8che, d\u00e9sertion des pouvoirs publics, attaques aux Casques Bleus&#8230; Les dominants ne respectent plus aucune limite\",\"datePublished\":\"2024-10-16T22:52:04+00:00\",\"dateModified\":\"2024-10-24T09:06:03+00:00\",\"mainEntityOfPage\":{\"@id\":\"https:\/\/www.pressenza.com\/fr\/2024\/10\/desastre-ecologique-guerres-genocides-finance-debridee-inegalites-en-fleche-desertion-des-pouvoirs-publics-attaques-aux-casques-bleus-les-dominants-ne-respectent-plus-aucune-limite\/\"},\"wordCount\":2570,\"publisher\":{\"@id\":\"https:\/\/www.pressenza.com\/fr\/#organization\"},\"image\":{\"@id\":\"https:\/\/www.pressenza.com\/fr\/2024\/10\/desastre-ecologique-guerres-genocides-finance-debridee-inegalites-en-fleche-desertion-des-pouvoirs-publics-attaques-aux-casques-bleus-les-dominants-ne-respectent-plus-aucune-limite\/#primaryimage\"},\"thumbnailUrl\":\"https:\/\/www.pressenza.com\/wp-content\/uploads\/2021\/12\/Nobel-per-il-disarmo.jpg\",\"keywords\":[\"Casques Bleus\",\"d\u00e9sastre \u00e9cologique\",\"genocides\",\"Guerres\",\"lib\u00e9ration\",\"prendre conscience\"],\"articleSection\":[\"Contenu Original\",\"Ecologie et Environnement\",\"Economie\",\"Opinion\",\"Politique\"],\"inLanguage\":\"fr-FR\"},{\"@type\":\"WebPage\",\"@id\":\"https:\/\/www.pressenza.com\/fr\/2024\/10\/desastre-ecologique-guerres-genocides-finance-debridee-inegalites-en-fleche-desertion-des-pouvoirs-publics-attaques-aux-casques-bleus-les-dominants-ne-respectent-plus-aucune-limite\/\",\"url\":\"https:\/\/www.pressenza.com\/fr\/2024\/10\/desastre-ecologique-guerres-genocides-finance-debridee-inegalites-en-fleche-desertion-des-pouvoirs-publics-attaques-aux-casques-bleus-les-dominants-ne-respectent-plus-aucune-limite\/\",\"name\":\"D\u00e9sastre \u00e9cologique, guerres, g\u00e9nocides, finance d\u00e9brid\u00e9e, in\u00e9galit\u00e9s en fl\u00e8che, d\u00e9sertion des pouvoirs publics, attaques aux Casques Bleus... Les dominants ne respectent plus aucune limite\",\"isPartOf\":{\"@id\":\"https:\/\/www.pressenza.com\/fr\/#website\"},\"primaryImageOfPage\":{\"@id\":\"https:\/\/www.pressenza.com\/fr\/2024\/10\/desastre-ecologique-guerres-genocides-finance-debridee-inegalites-en-fleche-desertion-des-pouvoirs-publics-attaques-aux-casques-bleus-les-dominants-ne-respectent-plus-aucune-limite\/#primaryimage\"},\"image\":{\"@id\":\"https:\/\/www.pressenza.com\/fr\/2024\/10\/desastre-ecologique-guerres-genocides-finance-debridee-inegalites-en-fleche-desertion-des-pouvoirs-publics-attaques-aux-casques-bleus-les-dominants-ne-respectent-plus-aucune-limite\/#primaryimage\"},\"thumbnailUrl\":\"https:\/\/www.pressenza.com\/wp-content\/uploads\/2021\/12\/Nobel-per-il-disarmo.jpg\",\"datePublished\":\"2024-10-16T22:52:04+00:00\",\"dateModified\":\"2024-10-24T09:06:03+00:00\",\"description\":\"O\u00f9 es-tu humanit\u00e9\u00a0? Les attaques isra\u00e9liennes aux Casques Bleus d\u2019interposition entre les territoires occup\u00e9s par Isra\u00ebl et le Liban constituent le d\u00e9ni\",\"breadcrumb\":{\"@id\":\"https:\/\/www.pressenza.com\/fr\/2024\/10\/desastre-ecologique-guerres-genocides-finance-debridee-inegalites-en-fleche-desertion-des-pouvoirs-publics-attaques-aux-casques-bleus-les-dominants-ne-respectent-plus-aucune-limite\/#breadcrumb\"},\"inLanguage\":\"fr-FR\",\"potentialAction\":[{\"@type\":\"ReadAction\",\"target\":[\"https:\/\/www.pressenza.com\/fr\/2024\/10\/desastre-ecologique-guerres-genocides-finance-debridee-inegalites-en-fleche-desertion-des-pouvoirs-publics-attaques-aux-casques-bleus-les-dominants-ne-respectent-plus-aucune-limite\/\"]}]},{\"@type\":\"ImageObject\",\"inLanguage\":\"fr-FR\",\"@id\":\"https:\/\/www.pressenza.com\/fr\/2024\/10\/desastre-ecologique-guerres-genocides-finance-debridee-inegalites-en-fleche-desertion-des-pouvoirs-publics-attaques-aux-casques-bleus-les-dominants-ne-respectent-plus-aucune-limite\/#primaryimage\",\"url\":\"https:\/\/www.pressenza.com\/wp-content\/uploads\/2021\/12\/Nobel-per-il-disarmo.jpg\",\"contentUrl\":\"https:\/\/www.pressenza.com\/wp-content\/uploads\/2021\/12\/Nobel-per-il-disarmo.jpg\",\"width\":820,\"height\":464},{\"@type\":\"BreadcrumbList\",\"@id\":\"https:\/\/www.pressenza.com\/fr\/2024\/10\/desastre-ecologique-guerres-genocides-finance-debridee-inegalites-en-fleche-desertion-des-pouvoirs-publics-attaques-aux-casques-bleus-les-dominants-ne-respectent-plus-aucune-limite\/#breadcrumb\",\"itemListElement\":[{\"@type\":\"ListItem\",\"position\":1,\"name\":\"Accueil\",\"item\":\"https:\/\/www.pressenza.com\/fr\/\"},{\"@type\":\"ListItem\",\"position\":2,\"name\":\"D\u00e9sastre \u00e9cologique, guerres, g\u00e9nocides, finance d\u00e9brid\u00e9e, in\u00e9galit\u00e9s en fl\u00e8che, d\u00e9sertion des pouvoirs publics, attaques aux Casques Bleus&#8230; Les dominants ne respectent plus aucune limite\"}]},{\"@type\":\"WebSite\",\"@id\":\"https:\/\/www.pressenza.com\/fr\/#website\",\"url\":\"https:\/\/www.pressenza.com\/fr\/\",\"name\":\"Pressenza\",\"description\":\"International Press Agency\",\"publisher\":{\"@id\":\"https:\/\/www.pressenza.com\/fr\/#organization\"},\"potentialAction\":[{\"@type\":\"SearchAction\",\"target\":{\"@type\":\"EntryPoint\",\"urlTemplate\":\"https:\/\/www.pressenza.com\/fr\/?s={search_term_string}\"},\"query-input\":{\"@type\":\"PropertyValueSpecification\",\"valueRequired\":true,\"valueName\":\"search_term_string\"}}],\"inLanguage\":\"fr-FR\"},{\"@type\":\"Organization\",\"@id\":\"https:\/\/www.pressenza.com\/fr\/#organization\",\"name\":\"Pressenza\",\"url\":\"https:\/\/www.pressenza.com\/fr\/\",\"logo\":{\"@type\":\"ImageObject\",\"inLanguage\":\"fr-FR\",\"@id\":\"https:\/\/www.pressenza.com\/fr\/#\/schema\/logo\/image\/\",\"url\":\"https:\/\/www.pressenza.com\/wp-content\/uploads\/2022\/10\/pressenza_logo_200x200.jpg\",\"contentUrl\":\"https:\/\/www.pressenza.com\/wp-content\/uploads\/2022\/10\/pressenza_logo_200x200.jpg\",\"width\":200,\"height\":200,\"caption\":\"Pressenza\"},\"image\":{\"@id\":\"https:\/\/www.pressenza.com\/fr\/#\/schema\/logo\/image\/\"},\"sameAs\":[\"https:\/\/www.facebook.com\/PressenzaItalia\",\"https:\/\/x.com\/PressenzaIPA\"]},{\"@type\":\"Person\",\"@id\":\"https:\/\/www.pressenza.com\/fr\/#\/schema\/person\/16ea2ff52e7bdf783c1b5242860fab9e\",\"name\":\"Riccardo Petrella\",\"description\":\"Doctor of Political and Social Sciences, honorary degree from eight universities: in Sweden, Denmark, Belgium (x2), Canada, France (x2), Argentina. Professor emeritus of the Catholic University of Louvain (Belgium); President of the Institut Europeen de Recherche sur la Politique de l'Eau (IERPE) in Brussels (www.ierpe.eu); President of the \\\"University of the Common Good\\\" (UBC), a non-profit association active in Antwerp (Belgium) and Sezano (VR-Italy) From 1978 to 1994 he headed the department FAST, Forecasting and Assessment in Science and Technology at the Commission of the European Communities in Brussels and in 2005-2006 he was President of the Apulian Aqueduct. He is the author of numerous books on economics and common goods.\",\"url\":\"https:\/\/www.pressenza.com\/fr\/author\/riccardo-petrella\/\"}]}<\/script>\n<!-- \/ Yoast SEO plugin. -->","yoast_head_json":{"title":"D\u00e9sastre \u00e9cologique, guerres, g\u00e9nocides, finance d\u00e9brid\u00e9e, in\u00e9galit\u00e9s en fl\u00e8che, d\u00e9sertion des pouvoirs publics, attaques aux Casques Bleus... Les dominants ne respectent plus aucune limite","description":"O\u00f9 es-tu humanit\u00e9\u00a0? Les attaques isra\u00e9liennes aux Casques Bleus d\u2019interposition entre les territoires occup\u00e9s par Isra\u00ebl et le Liban constituent le d\u00e9ni","robots":{"index":"index","follow":"follow","max-snippet":"max-snippet:-1","max-image-preview":"max-image-preview:large","max-video-preview":"max-video-preview:-1"},"canonical":"https:\/\/www.pressenza.com\/fr\/2024\/10\/desastre-ecologique-guerres-genocides-finance-debridee-inegalites-en-fleche-desertion-des-pouvoirs-publics-attaques-aux-casques-bleus-les-dominants-ne-respectent-plus-aucune-limite\/","og_locale":"fr_FR","og_type":"article","og_title":"D\u00e9sastre \u00e9cologique, guerres, g\u00e9nocides, finance d\u00e9brid\u00e9e, in\u00e9galit\u00e9s en fl\u00e8che, d\u00e9sertion des pouvoirs publics, attaques aux Casques Bleus... Les dominants ne respectent plus aucune limite","og_description":"O\u00f9 es-tu humanit\u00e9\u00a0? Les attaques isra\u00e9liennes aux Casques Bleus d\u2019interposition entre les territoires occup\u00e9s par Isra\u00ebl et le Liban constituent le d\u00e9ni","og_url":"https:\/\/www.pressenza.com\/fr\/2024\/10\/desastre-ecologique-guerres-genocides-finance-debridee-inegalites-en-fleche-desertion-des-pouvoirs-publics-attaques-aux-casques-bleus-les-dominants-ne-respectent-plus-aucune-limite\/","og_site_name":"Pressenza","article_publisher":"https:\/\/www.facebook.com\/PressenzaItalia","article_published_time":"2024-10-16T22:52:04+00:00","article_modified_time":"2024-10-24T09:06:03+00:00","og_image":[{"width":820,"height":464,"url":"https:\/\/www.pressenza.com\/wp-content\/uploads\/2021\/12\/Nobel-per-il-disarmo.jpg","type":"image\/jpeg"}],"author":"Riccardo Petrella","twitter_card":"summary_large_image","twitter_creator":"@PressenzaIPA","twitter_site":"@PressenzaIPA","twitter_misc":{"\u00c9crit par":"Riccardo Petrella","Dur\u00e9e de lecture estim\u00e9e":"12 minutes"},"schema":{"@context":"https:\/\/schema.org","@graph":[{"@type":"Article","@id":"https:\/\/www.pressenza.com\/fr\/2024\/10\/desastre-ecologique-guerres-genocides-finance-debridee-inegalites-en-fleche-desertion-des-pouvoirs-publics-attaques-aux-casques-bleus-les-dominants-ne-respectent-plus-aucune-limite\/#article","isPartOf":{"@id":"https:\/\/www.pressenza.com\/fr\/2024\/10\/desastre-ecologique-guerres-genocides-finance-debridee-inegalites-en-fleche-desertion-des-pouvoirs-publics-attaques-aux-casques-bleus-les-dominants-ne-respectent-plus-aucune-limite\/"},"author":{"name":"Riccardo Petrella","@id":"https:\/\/www.pressenza.com\/fr\/#\/schema\/person\/16ea2ff52e7bdf783c1b5242860fab9e"},"headline":"D\u00e9sastre \u00e9cologique, guerres, g\u00e9nocides, finance d\u00e9brid\u00e9e, in\u00e9galit\u00e9s en fl\u00e8che, d\u00e9sertion des pouvoirs publics, attaques aux Casques Bleus&#8230; Les dominants ne respectent plus aucune limite","datePublished":"2024-10-16T22:52:04+00:00","dateModified":"2024-10-24T09:06:03+00:00","mainEntityOfPage":{"@id":"https:\/\/www.pressenza.com\/fr\/2024\/10\/desastre-ecologique-guerres-genocides-finance-debridee-inegalites-en-fleche-desertion-des-pouvoirs-publics-attaques-aux-casques-bleus-les-dominants-ne-respectent-plus-aucune-limite\/"},"wordCount":2570,"publisher":{"@id":"https:\/\/www.pressenza.com\/fr\/#organization"},"image":{"@id":"https:\/\/www.pressenza.com\/fr\/2024\/10\/desastre-ecologique-guerres-genocides-finance-debridee-inegalites-en-fleche-desertion-des-pouvoirs-publics-attaques-aux-casques-bleus-les-dominants-ne-respectent-plus-aucune-limite\/#primaryimage"},"thumbnailUrl":"https:\/\/www.pressenza.com\/wp-content\/uploads\/2021\/12\/Nobel-per-il-disarmo.jpg","keywords":["Casques Bleus","d\u00e9sastre \u00e9cologique","genocides","Guerres","lib\u00e9ration","prendre conscience"],"articleSection":["Contenu Original","Ecologie et Environnement","Economie","Opinion","Politique"],"inLanguage":"fr-FR"},{"@type":"WebPage","@id":"https:\/\/www.pressenza.com\/fr\/2024\/10\/desastre-ecologique-guerres-genocides-finance-debridee-inegalites-en-fleche-desertion-des-pouvoirs-publics-attaques-aux-casques-bleus-les-dominants-ne-respectent-plus-aucune-limite\/","url":"https:\/\/www.pressenza.com\/fr\/2024\/10\/desastre-ecologique-guerres-genocides-finance-debridee-inegalites-en-fleche-desertion-des-pouvoirs-publics-attaques-aux-casques-bleus-les-dominants-ne-respectent-plus-aucune-limite\/","name":"D\u00e9sastre \u00e9cologique, guerres, g\u00e9nocides, finance d\u00e9brid\u00e9e, in\u00e9galit\u00e9s en fl\u00e8che, d\u00e9sertion des pouvoirs publics, attaques aux Casques Bleus... Les dominants ne respectent plus aucune limite","isPartOf":{"@id":"https:\/\/www.pressenza.com\/fr\/#website"},"primaryImageOfPage":{"@id":"https:\/\/www.pressenza.com\/fr\/2024\/10\/desastre-ecologique-guerres-genocides-finance-debridee-inegalites-en-fleche-desertion-des-pouvoirs-publics-attaques-aux-casques-bleus-les-dominants-ne-respectent-plus-aucune-limite\/#primaryimage"},"image":{"@id":"https:\/\/www.pressenza.com\/fr\/2024\/10\/desastre-ecologique-guerres-genocides-finance-debridee-inegalites-en-fleche-desertion-des-pouvoirs-publics-attaques-aux-casques-bleus-les-dominants-ne-respectent-plus-aucune-limite\/#primaryimage"},"thumbnailUrl":"https:\/\/www.pressenza.com\/wp-content\/uploads\/2021\/12\/Nobel-per-il-disarmo.jpg","datePublished":"2024-10-16T22:52:04+00:00","dateModified":"2024-10-24T09:06:03+00:00","description":"O\u00f9 es-tu humanit\u00e9\u00a0? Les attaques isra\u00e9liennes aux Casques Bleus d\u2019interposition entre les territoires occup\u00e9s par Isra\u00ebl et le Liban constituent le d\u00e9ni","breadcrumb":{"@id":"https:\/\/www.pressenza.com\/fr\/2024\/10\/desastre-ecologique-guerres-genocides-finance-debridee-inegalites-en-fleche-desertion-des-pouvoirs-publics-attaques-aux-casques-bleus-les-dominants-ne-respectent-plus-aucune-limite\/#breadcrumb"},"inLanguage":"fr-FR","potentialAction":[{"@type":"ReadAction","target":["https:\/\/www.pressenza.com\/fr\/2024\/10\/desastre-ecologique-guerres-genocides-finance-debridee-inegalites-en-fleche-desertion-des-pouvoirs-publics-attaques-aux-casques-bleus-les-dominants-ne-respectent-plus-aucune-limite\/"]}]},{"@type":"ImageObject","inLanguage":"fr-FR","@id":"https:\/\/www.pressenza.com\/fr\/2024\/10\/desastre-ecologique-guerres-genocides-finance-debridee-inegalites-en-fleche-desertion-des-pouvoirs-publics-attaques-aux-casques-bleus-les-dominants-ne-respectent-plus-aucune-limite\/#primaryimage","url":"https:\/\/www.pressenza.com\/wp-content\/uploads\/2021\/12\/Nobel-per-il-disarmo.jpg","contentUrl":"https:\/\/www.pressenza.com\/wp-content\/uploads\/2021\/12\/Nobel-per-il-disarmo.jpg","width":820,"height":464},{"@type":"BreadcrumbList","@id":"https:\/\/www.pressenza.com\/fr\/2024\/10\/desastre-ecologique-guerres-genocides-finance-debridee-inegalites-en-fleche-desertion-des-pouvoirs-publics-attaques-aux-casques-bleus-les-dominants-ne-respectent-plus-aucune-limite\/#breadcrumb","itemListElement":[{"@type":"ListItem","position":1,"name":"Accueil","item":"https:\/\/www.pressenza.com\/fr\/"},{"@type":"ListItem","position":2,"name":"D\u00e9sastre \u00e9cologique, guerres, g\u00e9nocides, finance d\u00e9brid\u00e9e, in\u00e9galit\u00e9s en fl\u00e8che, d\u00e9sertion des pouvoirs publics, attaques aux Casques Bleus&#8230; Les dominants ne respectent plus aucune limite"}]},{"@type":"WebSite","@id":"https:\/\/www.pressenza.com\/fr\/#website","url":"https:\/\/www.pressenza.com\/fr\/","name":"Pressenza","description":"International Press Agency","publisher":{"@id":"https:\/\/www.pressenza.com\/fr\/#organization"},"potentialAction":[{"@type":"SearchAction","target":{"@type":"EntryPoint","urlTemplate":"https:\/\/www.pressenza.com\/fr\/?s={search_term_string}"},"query-input":{"@type":"PropertyValueSpecification","valueRequired":true,"valueName":"search_term_string"}}],"inLanguage":"fr-FR"},{"@type":"Organization","@id":"https:\/\/www.pressenza.com\/fr\/#organization","name":"Pressenza","url":"https:\/\/www.pressenza.com\/fr\/","logo":{"@type":"ImageObject","inLanguage":"fr-FR","@id":"https:\/\/www.pressenza.com\/fr\/#\/schema\/logo\/image\/","url":"https:\/\/www.pressenza.com\/wp-content\/uploads\/2022\/10\/pressenza_logo_200x200.jpg","contentUrl":"https:\/\/www.pressenza.com\/wp-content\/uploads\/2022\/10\/pressenza_logo_200x200.jpg","width":200,"height":200,"caption":"Pressenza"},"image":{"@id":"https:\/\/www.pressenza.com\/fr\/#\/schema\/logo\/image\/"},"sameAs":["https:\/\/www.facebook.com\/PressenzaItalia","https:\/\/x.com\/PressenzaIPA"]},{"@type":"Person","@id":"https:\/\/www.pressenza.com\/fr\/#\/schema\/person\/16ea2ff52e7bdf783c1b5242860fab9e","name":"Riccardo Petrella","description":"Doctor of Political and Social Sciences, honorary degree from eight universities: in Sweden, Denmark, Belgium (x2), Canada, France (x2), Argentina. Professor emeritus of the Catholic University of Louvain (Belgium); President of the Institut Europeen de Recherche sur la Politique de l'Eau (IERPE) in Brussels (www.ierpe.eu); President of the \"University of the Common Good\" (UBC), a non-profit association active in Antwerp (Belgium) and Sezano (VR-Italy) From 1978 to 1994 he headed the department FAST, Forecasting and Assessment in Science and Technology at the Commission of the European Communities in Brussels and in 2005-2006 he was President of the Apulian Aqueduct. He is the author of numerous books on economics and common goods.","url":"https:\/\/www.pressenza.com\/fr\/author\/riccardo-petrella\/"}]}},"place":"","original_article_url":"","_links":{"self":[{"href":"https:\/\/www.pressenza.com\/fr\/wp-json\/wp\/v2\/posts\/2555314","targetHints":{"allow":["GET"]}}],"collection":[{"href":"https:\/\/www.pressenza.com\/fr\/wp-json\/wp\/v2\/posts"}],"about":[{"href":"https:\/\/www.pressenza.com\/fr\/wp-json\/wp\/v2\/types\/post"}],"author":[{"embeddable":true,"href":"https:\/\/www.pressenza.com\/fr\/wp-json\/wp\/v2\/users\/1266"}],"replies":[{"embeddable":true,"href":"https:\/\/www.pressenza.com\/fr\/wp-json\/wp\/v2\/comments?post=2555314"}],"version-history":[{"count":0,"href":"https:\/\/www.pressenza.com\/fr\/wp-json\/wp\/v2\/posts\/2555314\/revisions"}],"wp:featuredmedia":[{"embeddable":true,"href":"https:\/\/www.pressenza.com\/fr\/wp-json\/wp\/v2\/media\/1489402"}],"wp:attachment":[{"href":"https:\/\/www.pressenza.com\/fr\/wp-json\/wp\/v2\/media?parent=2555314"}],"wp:term":[{"taxonomy":"category","embeddable":true,"href":"https:\/\/www.pressenza.com\/fr\/wp-json\/wp\/v2\/categories?post=2555314"},{"taxonomy":"post_tag","embeddable":true,"href":"https:\/\/www.pressenza.com\/fr\/wp-json\/wp\/v2\/tags?post=2555314"}],"curies":[{"name":"wp","href":"https:\/\/api.w.org\/{rel}","templated":true}]}}