{"id":2553476,"date":"2024-10-09T00:15:16","date_gmt":"2024-10-08T23:15:16","guid":{"rendered":"https:\/\/www.pressenza.com\/?p=2553476"},"modified":"2024-10-09T00:15:16","modified_gmt":"2024-10-08T23:15:16","slug":"universite-dete-du-parc-tolede-nous-nous-rencontrons-dialoguons-et-parions-sur-la-reconciliation-seul-moyen-de-sortir-de-la-culture-de-la-vengeance-dans-laquelle-nous-vivons","status":"publish","type":"post","link":"https:\/\/www.pressenza.com\/fr\/2024\/10\/universite-dete-du-parc-tolede-nous-nous-rencontrons-dialoguons-et-parions-sur-la-reconciliation-seul-moyen-de-sortir-de-la-culture-de-la-vengeance-dans-laquelle-nous-vivons\/","title":{"rendered":"Universit\u00e9 d&rsquo;\u00e9t\u00e9 du Parc Tol\u00e8de : nous nous rencontrons,  dialoguons et parions sur la r\u00e9conciliation, seul moyen de sortir de la culture de la vengeance dans laquelle nous vivons"},"content":{"rendered":"<p>Les 13, 14 et 15 septembre, la deuxi\u00e8me \u00e9dition de <u><a href=\"https:\/\/uvpt.org\/\">l&rsquo;Universit\u00e9 d&rsquo;\u00e9t\u00e9 de l&rsquo;Humanisme Universaliste s&rsquo;est d\u00e9roul\u00e9e dans le parc Tol\u00e8de 2024<\/a>,<\/u> o\u00f9 plus de 200 personnes ont tent\u00e9 de retrouver l&rsquo;esprit qui a pr\u00e9sid\u00e9 \u00e0 l&rsquo;\u00e9mergence des universit\u00e9s et certains des piliers sur lesquels elles se sont construites. Il s&rsquo;agit entre autres, de s&rsquo;interroger sur les racines de la culture du moment, de la connaissance au sens large et profond de la suppression des pr\u00e9jug\u00e9s et de la libert\u00e9 de pens\u00e9e et de croyances, et de l&rsquo;\u00e9tude des \u00eatres humains ainsi que des processus d&rsquo;un point de vue plus structurel.<\/p>\n<p>Ces trois jours ont \u00e9t\u00e9 l&rsquo;occasion de d\u00e9noncer la culture violente dans laquelle nous vivons, mais surtout de faire des propositions dans diff\u00e9rents domaines qui ont contribu\u00e9 \u00e0 donner des images de l&rsquo;avenir auquel nous aspirons.<\/p>\n<p>Il y a eu des espaces de rencontre, d&rsquo;exposition et d&rsquo;\u00e9change, o\u00f9 l&rsquo;on a cherch\u00e9 des raisons et des moyens de sortir de ce moment historique, o\u00f9 la polarisation s&rsquo;installe fermant toute possibilit\u00e9 de rapprochement. Un moment o\u00f9 la majorit\u00e9 de la population ne voit pas d&rsquo;avenir, o\u00f9 la peur, la frustration, le ressentiment et le d\u00e9sir de vengeance traversent les relations personnelles et sociales comme des couteaux&#8230; En m\u00eame temps, il est possible de sentir et de vivre l&rsquo;\u00e9mergence de quelque chose de nouveau.<\/p>\n<p><strong>Surmonter la vengeance<\/strong><\/p>\n<p>Le slogan de cette deuxi\u00e8me \u00e9dition de l&rsquo;Universit\u00e9 d&rsquo;\u00e9t\u00e9 du Parque Toledo &#8211; <strong>Rencontre, dialogue et r\u00e9conciliation. La r\u00e9bellion de la Non-violence<\/strong> &#8211; \u00e9voque le th\u00e8me central qui a \u00e9t\u00e9 transversalement en copr\u00e9sence ou directement au centre de chaque activit\u00e9 d\u00e9velopp\u00e9e.<\/p>\n<p>Le point de d\u00e9part est que la vengeance, en tant que mode de relation, est \u00e0 la base de la culture occidentale, \u00e9tendue et impos\u00e9e \u00e0 l&rsquo;ensemble de la plan\u00e8te. C&rsquo;est pourquoi il est important de la remettre en question si nous voulons sortir du cercle ferm\u00e9 de la douleur et de la souffrance, de la violence g\u00e9n\u00e9ralis\u00e9e, cercle dans lequel nous sommes immerg\u00e9s, et si nous nous engageons pour un avenir pacifique et non-violent.<\/p>\n<p>En ce sens, reconna\u00eetre la n\u00e9cessit\u00e9 de d\u00e9passer le ressentiment et la vengeance est un premier pas vers une r\u00e9conciliation profonde qui favorise le d\u00e9veloppement spirituel et sert de base \u00e0 un nouveau paysage int\u00e9rieur personnel et social, sachant qu&rsquo;il n&rsquo;y aura pas de changement socioculturel si ceux qui le mettent en marche ne se transforment pas eux-m\u00eames.<\/p>\n<p><strong>Diversit\u00e9 des activit\u00e9s<\/strong><\/p>\n<p>Les activit\u00e9s qui ont eu lieu ont \u00e9t\u00e9 tr\u00e8s diverses, tout comme les expressions de tout \u00eatre humain<strong>.<\/strong><\/p>\n<p>Dans certains ateliers, le travail direct et exp\u00e9rimental de r\u00e9conciliation personnelle, et les avantages de la r\u00e9conciliation personnelle pour ceux qui veulent se lib\u00e9rer des liens et de la souffrance que le ressentiment et le d\u00e9sir de vengeance produisent internement, ont \u00e9t\u00e9 pr\u00e9sent\u00e9s. De la m\u00eame mani\u00e8re, nous avons aussi constat\u00e9 qu&rsquo;il est tr\u00e8s fr\u00e9quent que ces personnes, une fois qu&rsquo;elles ont pu se r\u00e9concilier, travaillent avec d&rsquo;autres dans la m\u00eame direction : dans les prisons avec les d\u00e9linquants, dans les institutions au plus haut niveau, en apportant leur exp\u00e9rience \u00e0 l&rsquo;\u00e9ducation ou en la d\u00e9veloppant \u00e0 partir de la psychologie du d\u00e9veloppement, parmi d&rsquo;autres actions.<\/p>\n<p>L&rsquo;importance vitale de la r\u00e9conciliation a \u00e9galement \u00e9t\u00e9 abord\u00e9e par des sp\u00e9cialistes dans l&rsquo;atelier \u00ab Accompagnement en fin de vie \u00bb, de la m\u00eame fa\u00e7on que l&rsquo;importance de la recherche de ce qui nous unit a \u00e9t\u00e9 mise en relief.<\/p>\n<p>Au cours de ces journ\u00e9es, la d\u00e9nonciation des guerres et la n\u00e9cessit\u00e9 d&rsquo;\u00e9duquer et de sensibiliser \u00e0 une culture de la paix ont occup\u00e9 une place fondamentale.<\/p>\n<p>Des propositions pour une \u00e9conomie transformatrice \u00e9taient \u00e9galement pr\u00e9sentes\u00a0: de la d\u00e9fense du revenu de base ou d&rsquo;un revenu d&rsquo;autonomie g\u00e9n\u00e9r\u00e9 \u00e0 partir de la base sociale, \u00e0 l&rsquo;\u00e9conomie mixte de Jos\u00e9 Luis Montero de Burgos, ou \u00e0 la permaculture.<\/p>\n<p>Et comment ne pas parler de f\u00e9minisme, en d\u00e9non\u00e7ant et en avan\u00e7ant des propositions concr\u00e8tes, parmi lesquelles la n\u00e9cessit\u00e9 de d\u00e9velopper le principe f\u00e9minin en toute personne.<\/p>\n<p>Comme lors de la premi\u00e8re \u00e9dition, ont eu lieu des ateliers li\u00e9s \u00e0 la sant\u00e9, au contact avec le corps et \u00e0 la recherche de l&rsquo;\u00e9quilibre psychophysique, visant \u00e0 trouver et \u00e0 reconna\u00eetre les meilleures qualit\u00e9s de chaque participant afin de les mettre au service de leur d\u00e9veloppement personnel et social.<\/p>\n<p>Il y a eu \u00e9galement des activit\u00e9s li\u00e9es \u00e0 l&rsquo;art, dans lesquelles on a approfondi l&rsquo;exp\u00e9rience du passage \u00ab du je au nous \u00bb ou la progression du cin\u00e9ma non-violent ainsi que l&rsquo;exp\u00e9rience de cr\u00e9ation d&rsquo;une musique collective, ou de danser sur cette musique.<\/p>\n<p>Comme il est d&rsquo;usage dans l&rsquo;Humanisme Universaliste ou le Nouvel Humanisme, on a tent\u00e9 aussi ces derniers temps de sauver les moments o\u00f9 l&rsquo;\u00eatre humain s&rsquo;est rebell\u00e9 contre la nature, en se transformant lui-m\u00eame, et en transformant en m\u00eame temps le monde qui l&rsquo;entourait. Et quoi de mieux que le faire \u00e0 travers le contact avec l&rsquo;argile, en essayant de reproduire l&rsquo;exp\u00e9rience de cet \u00eatre humain qui a ma\u00eetris\u00e9 le feu, transform\u00e9 l&rsquo;argile en pots et qui, gr\u00e2ce \u00e0 cela, a pu compter sur un surplus d&rsquo;\u00e9nergie qui lui a permis d&rsquo;\u00e9lever son niveau de conscience.<\/p>\n<p>Cette ann\u00e9e encore, depuis ce lieu, des discussions ont \u00e9t\u00e9 organis\u00e9es pour analyser les grandes avanc\u00e9es scientifiques et la mani\u00e8re dont elles peuvent aider le processus humain si elles sont mises au service de la vie.<\/p>\n<p><strong>En r\u00e9sum\u00e9\u2026<\/strong><\/p>\n<p>Sans aucun doute, si quelque chose a caract\u00e9ris\u00e9 cette \u00e9dition de l&rsquo;Universit\u00e9 d&rsquo;\u00e9t\u00e9 de l\u2019Humanisme Universaliste, c&rsquo;est bien l&rsquo;esprit de r\u00e9bellion contre l&rsquo;ordre \u00e9tabli, <strong><em>la r\u00e9bellion de la Non-violence<\/em>,<\/strong> dont nous avons vu l&rsquo;incarnation du principe moral universel qui dit : \u00ab Quand tu traites les autres comme tu veux \u00eatre trait\u00e9, tu te lib\u00e8res toi-m\u00eame \u00bb.<\/p>\n<p><em>Et rien de mieux pour terminer que de partager le mot de la fin : \u00ab &#8230; une aspiration nous a r\u00e9unis ici, une aspiration que nous avons pu entendre et enregistrer, qui vit en chacun de nous&#8230; et c&rsquo;est l&rsquo;aspiration \u00e0 un autre monde, \u00e0 un avenir de paix et de non-violence, un avenir plein de d\u00e9constructions mais surtout d&rsquo;une construction que nous sommes d\u00e9j\u00e0 en train de b\u00e2tir, et qui passera in\u00e9vitablement par la r\u00e9conciliation profonde avec nous-m\u00eames, avec les autres personnes&#8230; et aussi par la r\u00e9conciliation entre les peuples \u00bb.<\/em><\/p>\n<p><em>Nous nous sommes r\u00e9unis entre personnes de diff\u00e9rents pays et continents, de diff\u00e9rents milieux, mais avec une aspiration commune : un avenir brillant et sans limites.<\/em><\/p>\n<p><em>Les amies, les amis, nous sommes d\u00e9j\u00e0 en train de construire, de cr\u00e9er ce futur. C&rsquo;est ce que nous avons fait durant ces jours derniers. F\u00e9licitons-nous-en et valorisons-le, continuons \u00e0 unir nos forces et nos mains, nos corps et nos \u00e2mes&#8230; et tissons un avenir diversifi\u00e9, inclusif et solidaire, un monde lumineux&#8230; celui que nous m\u00e9ritons \u00bb.<\/em><\/p>\n<p>&nbsp;<\/p>\n<p><strong>L\u2019 Universit\u00e9 en images<\/strong><\/p>\n<p><strong>Vendredi 13<\/strong><\/p>\n<p><a href=\"https:\/\/photos.app.goo.gl\/hDASfJ7XyamDZy6M8\">https:\/\/photos.app.goo.gl\/hDASfJ7XyamDZy6M8<\/a><\/p>\n<p><strong>Samedi 14<\/strong><\/p>\n<p><a href=\"https:\/\/photos.app.goo.gl\/jeq8G7WDBkABexBy9\">https:\/\/photos.app.goo.gl\/jeq8G7WDBkABexBy9<\/a><\/p>\n<p><strong>Dimanche 15<\/strong><\/p>\n<p><a href=\"https:\/\/photos.app.goo.gl\/TCBMKR6Az8eXJmht6\">https:\/\/photos.app.goo.gl\/TCBMKR6Az8eXJmht6<\/a><\/p>\n<p>&nbsp;<\/p>\n<p><em>Traduction de l&rsquo;espagnol par Ginette Baudelet<\/em><\/p>\n","protected":false},"excerpt":{"rendered":"<p>Les 13, 14 et 15 septembre, la deuxi\u00e8me \u00e9dition de l&rsquo;Universit\u00e9 d&rsquo;\u00e9t\u00e9 de l&rsquo;Humanisme Universaliste s&rsquo;est d\u00e9roul\u00e9e dans le parc Tol\u00e8de 2024, o\u00f9 plus de 200 personnes ont tent\u00e9 de retrouver l&rsquo;esprit qui a pr\u00e9sid\u00e9 \u00e0 l&rsquo;\u00e9mergence des universit\u00e9s et&hellip;<\/p>\n","protected":false},"author":1561,"featured_media":2553484,"comment_status":"closed","ping_status":"closed","sticky":false,"template":"","format":"standard","meta":{"footnotes":""},"categories":[11386,1246,1248,1250],"tags":[237,1205,2663,4886,127676,31026],"class_list":["post-2553476","post","type-post","status-publish","format-standard","has-post-thumbnail","hentry","category-contenu-original","category-humanisme-spiritualite","category-nonviolence-sujet","category-paix-desarmement","tag-humanisme-universaliste","tag-nouvel-humanisme","tag-reconciliation","tag-silo-fr","tag-universite-dete-toledo-park-2024","tag-vengeance"],"yoast_head":"<!-- This site is optimized with the Yoast SEO plugin v27.1.1 - https:\/\/yoast.com\/product\/yoast-seo-wordpress\/ -->\n<title>Universit\u00e9 d&#039;\u00e9t\u00e9 du Parc Tol\u00e8de : nous nous rencontrons, dialoguons et parions sur la r\u00e9conciliation, seul moyen de sortir de la culture de la vengeance dans laquelle nous vivons<\/title>\n<meta name=\"description\" content=\"Les 13, 14 et 15 septembre, la deuxi\u00e8me \u00e9dition de l&#039;Universit\u00e9 d&#039;\u00e9t\u00e9 de l&#039;Humanisme Universaliste s&#039;est d\u00e9roul\u00e9e dans le parc Tol\u00e8de 2024, o\u00f9 plus de 200\" \/>\n<meta name=\"robots\" content=\"index, follow, max-snippet:-1, max-image-preview:large, max-video-preview:-1\" \/>\n<link rel=\"canonical\" href=\"https:\/\/www.pressenza.com\/fr\/2024\/10\/universite-dete-du-parc-tolede-nous-nous-rencontrons-dialoguons-et-parions-sur-la-reconciliation-seul-moyen-de-sortir-de-la-culture-de-la-vengeance-dans-laquelle-nous-vivons\/\" \/>\n<meta property=\"og:locale\" content=\"fr_FR\" \/>\n<meta property=\"og:type\" content=\"article\" \/>\n<meta property=\"og:title\" content=\"Universit\u00e9 d&#039;\u00e9t\u00e9 du Parc Tol\u00e8de : nous nous rencontrons, dialoguons et parions sur la r\u00e9conciliation, seul moyen de sortir de la culture de la vengeance dans laquelle nous vivons\" \/>\n<meta property=\"og:description\" content=\"Les 13, 14 et 15 septembre, la deuxi\u00e8me \u00e9dition de l&#039;Universit\u00e9 d&#039;\u00e9t\u00e9 de l&#039;Humanisme Universaliste s&#039;est d\u00e9roul\u00e9e dans le parc Tol\u00e8de 2024, o\u00f9 plus de 200\" \/>\n<meta property=\"og:url\" content=\"https:\/\/www.pressenza.com\/fr\/2024\/10\/universite-dete-du-parc-tolede-nous-nous-rencontrons-dialoguons-et-parions-sur-la-reconciliation-seul-moyen-de-sortir-de-la-culture-de-la-vengeance-dans-laquelle-nous-vivons\/\" \/>\n<meta property=\"og:site_name\" content=\"Pressenza\" \/>\n<meta property=\"article:publisher\" content=\"https:\/\/www.facebook.com\/PressenzaItalia\" \/>\n<meta property=\"article:published_time\" content=\"2024-10-08T23:15:16+00:00\" \/>\n<meta property=\"og:image\" content=\"https:\/\/www.pressenza.com\/wp-content\/uploads\/2024\/09\/IMG_5779.jpg\" \/>\n\t<meta property=\"og:image:width\" content=\"2048\" \/>\n\t<meta property=\"og:image:height\" content=\"1365\" \/>\n\t<meta property=\"og:image:type\" content=\"image\/jpeg\" \/>\n<meta name=\"author\" content=\"Juana P\u00e9rez Montero\" \/>\n<meta name=\"twitter:card\" content=\"summary_large_image\" \/>\n<meta name=\"twitter:creator\" content=\"@PressenzaIPA\" \/>\n<meta name=\"twitter:site\" content=\"@PressenzaIPA\" \/>\n<meta name=\"twitter:label1\" content=\"\u00c9crit par\" \/>\n\t<meta name=\"twitter:data1\" content=\"Juana P\u00e9rez Montero\" \/>\n\t<meta name=\"twitter:label2\" content=\"Dur\u00e9e de lecture estim\u00e9e\" \/>\n\t<meta name=\"twitter:data2\" content=\"6 minutes\" \/>\n<script type=\"application\/ld+json\" class=\"yoast-schema-graph\">{\"@context\":\"https:\/\/schema.org\",\"@graph\":[{\"@type\":\"Article\",\"@id\":\"https:\/\/www.pressenza.com\/fr\/2024\/10\/universite-dete-du-parc-tolede-nous-nous-rencontrons-dialoguons-et-parions-sur-la-reconciliation-seul-moyen-de-sortir-de-la-culture-de-la-vengeance-dans-laquelle-nous-vivons\/#article\",\"isPartOf\":{\"@id\":\"https:\/\/www.pressenza.com\/fr\/2024\/10\/universite-dete-du-parc-tolede-nous-nous-rencontrons-dialoguons-et-parions-sur-la-reconciliation-seul-moyen-de-sortir-de-la-culture-de-la-vengeance-dans-laquelle-nous-vivons\/\"},\"author\":{\"name\":\"Juana P\u00e9rez Montero\",\"@id\":\"https:\/\/www.pressenza.com\/fr\/#\/schema\/person\/606cbea0307458f18c06dd6b1ec227ec\"},\"headline\":\"Universit\u00e9 d&rsquo;\u00e9t\u00e9 du Parc Tol\u00e8de : nous nous rencontrons, dialoguons et parions sur la r\u00e9conciliation, seul moyen de sortir de la culture de la vengeance dans laquelle nous vivons\",\"datePublished\":\"2024-10-08T23:15:16+00:00\",\"mainEntityOfPage\":{\"@id\":\"https:\/\/www.pressenza.com\/fr\/2024\/10\/universite-dete-du-parc-tolede-nous-nous-rencontrons-dialoguons-et-parions-sur-la-reconciliation-seul-moyen-de-sortir-de-la-culture-de-la-vengeance-dans-laquelle-nous-vivons\/\"},\"wordCount\":1330,\"publisher\":{\"@id\":\"https:\/\/www.pressenza.com\/fr\/#organization\"},\"image\":{\"@id\":\"https:\/\/www.pressenza.com\/fr\/2024\/10\/universite-dete-du-parc-tolede-nous-nous-rencontrons-dialoguons-et-parions-sur-la-reconciliation-seul-moyen-de-sortir-de-la-culture-de-la-vengeance-dans-laquelle-nous-vivons\/#primaryimage\"},\"thumbnailUrl\":\"https:\/\/www.pressenza.com\/wp-content\/uploads\/2024\/09\/IMG_5779.jpg\",\"keywords\":[\"Humanisme Universaliste\",\"nouvel humanisme\",\"r\u00e9conciliation\",\"Silo\",\"Universit\u00e9 d'\u00e9t\u00e9 Toledo Park 2024\",\"vengeance\"],\"articleSection\":[\"Contenu Original\",\"Humanisme et Spiritualit\u00e9\",\"Non-violence\",\"Paix et D\u00e9sarmement\"],\"inLanguage\":\"fr-FR\"},{\"@type\":\"WebPage\",\"@id\":\"https:\/\/www.pressenza.com\/fr\/2024\/10\/universite-dete-du-parc-tolede-nous-nous-rencontrons-dialoguons-et-parions-sur-la-reconciliation-seul-moyen-de-sortir-de-la-culture-de-la-vengeance-dans-laquelle-nous-vivons\/\",\"url\":\"https:\/\/www.pressenza.com\/fr\/2024\/10\/universite-dete-du-parc-tolede-nous-nous-rencontrons-dialoguons-et-parions-sur-la-reconciliation-seul-moyen-de-sortir-de-la-culture-de-la-vengeance-dans-laquelle-nous-vivons\/\",\"name\":\"Universit\u00e9 d'\u00e9t\u00e9 du Parc Tol\u00e8de : nous nous rencontrons, dialoguons et parions sur la r\u00e9conciliation, seul moyen de sortir de la culture de la vengeance dans laquelle nous vivons\",\"isPartOf\":{\"@id\":\"https:\/\/www.pressenza.com\/fr\/#website\"},\"primaryImageOfPage\":{\"@id\":\"https:\/\/www.pressenza.com\/fr\/2024\/10\/universite-dete-du-parc-tolede-nous-nous-rencontrons-dialoguons-et-parions-sur-la-reconciliation-seul-moyen-de-sortir-de-la-culture-de-la-vengeance-dans-laquelle-nous-vivons\/#primaryimage\"},\"image\":{\"@id\":\"https:\/\/www.pressenza.com\/fr\/2024\/10\/universite-dete-du-parc-tolede-nous-nous-rencontrons-dialoguons-et-parions-sur-la-reconciliation-seul-moyen-de-sortir-de-la-culture-de-la-vengeance-dans-laquelle-nous-vivons\/#primaryimage\"},\"thumbnailUrl\":\"https:\/\/www.pressenza.com\/wp-content\/uploads\/2024\/09\/IMG_5779.jpg\",\"datePublished\":\"2024-10-08T23:15:16+00:00\",\"description\":\"Les 13, 14 et 15 septembre, la deuxi\u00e8me \u00e9dition de l'Universit\u00e9 d'\u00e9t\u00e9 de l'Humanisme Universaliste s'est d\u00e9roul\u00e9e dans le parc Tol\u00e8de 2024, o\u00f9 plus de 200\",\"breadcrumb\":{\"@id\":\"https:\/\/www.pressenza.com\/fr\/2024\/10\/universite-dete-du-parc-tolede-nous-nous-rencontrons-dialoguons-et-parions-sur-la-reconciliation-seul-moyen-de-sortir-de-la-culture-de-la-vengeance-dans-laquelle-nous-vivons\/#breadcrumb\"},\"inLanguage\":\"fr-FR\",\"potentialAction\":[{\"@type\":\"ReadAction\",\"target\":[\"https:\/\/www.pressenza.com\/fr\/2024\/10\/universite-dete-du-parc-tolede-nous-nous-rencontrons-dialoguons-et-parions-sur-la-reconciliation-seul-moyen-de-sortir-de-la-culture-de-la-vengeance-dans-laquelle-nous-vivons\/\"]}]},{\"@type\":\"ImageObject\",\"inLanguage\":\"fr-FR\",\"@id\":\"https:\/\/www.pressenza.com\/fr\/2024\/10\/universite-dete-du-parc-tolede-nous-nous-rencontrons-dialoguons-et-parions-sur-la-reconciliation-seul-moyen-de-sortir-de-la-culture-de-la-vengeance-dans-laquelle-nous-vivons\/#primaryimage\",\"url\":\"https:\/\/www.pressenza.com\/wp-content\/uploads\/2024\/09\/IMG_5779.jpg\",\"contentUrl\":\"https:\/\/www.pressenza.com\/wp-content\/uploads\/2024\/09\/IMG_5779.jpg\",\"width\":2048,\"height\":1365},{\"@type\":\"BreadcrumbList\",\"@id\":\"https:\/\/www.pressenza.com\/fr\/2024\/10\/universite-dete-du-parc-tolede-nous-nous-rencontrons-dialoguons-et-parions-sur-la-reconciliation-seul-moyen-de-sortir-de-la-culture-de-la-vengeance-dans-laquelle-nous-vivons\/#breadcrumb\",\"itemListElement\":[{\"@type\":\"ListItem\",\"position\":1,\"name\":\"Accueil\",\"item\":\"https:\/\/www.pressenza.com\/fr\/\"},{\"@type\":\"ListItem\",\"position\":2,\"name\":\"Universit\u00e9 d&rsquo;\u00e9t\u00e9 du Parc Tol\u00e8de : nous nous rencontrons, dialoguons et parions sur la r\u00e9conciliation, seul moyen de sortir de la culture de la vengeance dans laquelle nous vivons\"}]},{\"@type\":\"WebSite\",\"@id\":\"https:\/\/www.pressenza.com\/fr\/#website\",\"url\":\"https:\/\/www.pressenza.com\/fr\/\",\"name\":\"Pressenza\",\"description\":\"International Press Agency\",\"publisher\":{\"@id\":\"https:\/\/www.pressenza.com\/fr\/#organization\"},\"potentialAction\":[{\"@type\":\"SearchAction\",\"target\":{\"@type\":\"EntryPoint\",\"urlTemplate\":\"https:\/\/www.pressenza.com\/fr\/?s={search_term_string}\"},\"query-input\":{\"@type\":\"PropertyValueSpecification\",\"valueRequired\":true,\"valueName\":\"search_term_string\"}}],\"inLanguage\":\"fr-FR\"},{\"@type\":\"Organization\",\"@id\":\"https:\/\/www.pressenza.com\/fr\/#organization\",\"name\":\"Pressenza\",\"url\":\"https:\/\/www.pressenza.com\/fr\/\",\"logo\":{\"@type\":\"ImageObject\",\"inLanguage\":\"fr-FR\",\"@id\":\"https:\/\/www.pressenza.com\/fr\/#\/schema\/logo\/image\/\",\"url\":\"https:\/\/www.pressenza.com\/wp-content\/uploads\/2022\/10\/pressenza_logo_200x200.jpg\",\"contentUrl\":\"https:\/\/www.pressenza.com\/wp-content\/uploads\/2022\/10\/pressenza_logo_200x200.jpg\",\"width\":200,\"height\":200,\"caption\":\"Pressenza\"},\"image\":{\"@id\":\"https:\/\/www.pressenza.com\/fr\/#\/schema\/logo\/image\/\"},\"sameAs\":[\"https:\/\/www.facebook.com\/PressenzaItalia\",\"https:\/\/x.com\/PressenzaIPA\"]},{\"@type\":\"Person\",\"@id\":\"https:\/\/www.pressenza.com\/fr\/#\/schema\/person\/606cbea0307458f18c06dd6b1ec227ec\",\"name\":\"Juana P\u00e9rez Montero\",\"description\":\"Juana P\u00e9rez Montero es periodista y activista humanista.\",\"url\":\"https:\/\/www.pressenza.com\/fr\/author\/juana-perez-montero\/\"}]}<\/script>\n<!-- \/ Yoast SEO plugin. -->","yoast_head_json":{"title":"Universit\u00e9 d'\u00e9t\u00e9 du Parc Tol\u00e8de : nous nous rencontrons, dialoguons et parions sur la r\u00e9conciliation, seul moyen de sortir de la culture de la vengeance dans laquelle nous vivons","description":"Les 13, 14 et 15 septembre, la deuxi\u00e8me \u00e9dition de l'Universit\u00e9 d'\u00e9t\u00e9 de l'Humanisme Universaliste s'est d\u00e9roul\u00e9e dans le parc Tol\u00e8de 2024, o\u00f9 plus de 200","robots":{"index":"index","follow":"follow","max-snippet":"max-snippet:-1","max-image-preview":"max-image-preview:large","max-video-preview":"max-video-preview:-1"},"canonical":"https:\/\/www.pressenza.com\/fr\/2024\/10\/universite-dete-du-parc-tolede-nous-nous-rencontrons-dialoguons-et-parions-sur-la-reconciliation-seul-moyen-de-sortir-de-la-culture-de-la-vengeance-dans-laquelle-nous-vivons\/","og_locale":"fr_FR","og_type":"article","og_title":"Universit\u00e9 d'\u00e9t\u00e9 du Parc Tol\u00e8de : nous nous rencontrons, dialoguons et parions sur la r\u00e9conciliation, seul moyen de sortir de la culture de la vengeance dans laquelle nous vivons","og_description":"Les 13, 14 et 15 septembre, la deuxi\u00e8me \u00e9dition de l'Universit\u00e9 d'\u00e9t\u00e9 de l'Humanisme Universaliste s'est d\u00e9roul\u00e9e dans le parc Tol\u00e8de 2024, o\u00f9 plus de 200","og_url":"https:\/\/www.pressenza.com\/fr\/2024\/10\/universite-dete-du-parc-tolede-nous-nous-rencontrons-dialoguons-et-parions-sur-la-reconciliation-seul-moyen-de-sortir-de-la-culture-de-la-vengeance-dans-laquelle-nous-vivons\/","og_site_name":"Pressenza","article_publisher":"https:\/\/www.facebook.com\/PressenzaItalia","article_published_time":"2024-10-08T23:15:16+00:00","og_image":[{"width":2048,"height":1365,"url":"https:\/\/www.pressenza.com\/wp-content\/uploads\/2024\/09\/IMG_5779.jpg","type":"image\/jpeg"}],"author":"Juana P\u00e9rez Montero","twitter_card":"summary_large_image","twitter_creator":"@PressenzaIPA","twitter_site":"@PressenzaIPA","twitter_misc":{"\u00c9crit par":"Juana P\u00e9rez Montero","Dur\u00e9e de lecture estim\u00e9e":"6 minutes"},"schema":{"@context":"https:\/\/schema.org","@graph":[{"@type":"Article","@id":"https:\/\/www.pressenza.com\/fr\/2024\/10\/universite-dete-du-parc-tolede-nous-nous-rencontrons-dialoguons-et-parions-sur-la-reconciliation-seul-moyen-de-sortir-de-la-culture-de-la-vengeance-dans-laquelle-nous-vivons\/#article","isPartOf":{"@id":"https:\/\/www.pressenza.com\/fr\/2024\/10\/universite-dete-du-parc-tolede-nous-nous-rencontrons-dialoguons-et-parions-sur-la-reconciliation-seul-moyen-de-sortir-de-la-culture-de-la-vengeance-dans-laquelle-nous-vivons\/"},"author":{"name":"Juana P\u00e9rez Montero","@id":"https:\/\/www.pressenza.com\/fr\/#\/schema\/person\/606cbea0307458f18c06dd6b1ec227ec"},"headline":"Universit\u00e9 d&rsquo;\u00e9t\u00e9 du Parc Tol\u00e8de : nous nous rencontrons, dialoguons et parions sur la r\u00e9conciliation, seul moyen de sortir de la culture de la vengeance dans laquelle nous vivons","datePublished":"2024-10-08T23:15:16+00:00","mainEntityOfPage":{"@id":"https:\/\/www.pressenza.com\/fr\/2024\/10\/universite-dete-du-parc-tolede-nous-nous-rencontrons-dialoguons-et-parions-sur-la-reconciliation-seul-moyen-de-sortir-de-la-culture-de-la-vengeance-dans-laquelle-nous-vivons\/"},"wordCount":1330,"publisher":{"@id":"https:\/\/www.pressenza.com\/fr\/#organization"},"image":{"@id":"https:\/\/www.pressenza.com\/fr\/2024\/10\/universite-dete-du-parc-tolede-nous-nous-rencontrons-dialoguons-et-parions-sur-la-reconciliation-seul-moyen-de-sortir-de-la-culture-de-la-vengeance-dans-laquelle-nous-vivons\/#primaryimage"},"thumbnailUrl":"https:\/\/www.pressenza.com\/wp-content\/uploads\/2024\/09\/IMG_5779.jpg","keywords":["Humanisme Universaliste","nouvel humanisme","r\u00e9conciliation","Silo","Universit\u00e9 d'\u00e9t\u00e9 Toledo Park 2024","vengeance"],"articleSection":["Contenu Original","Humanisme et Spiritualit\u00e9","Non-violence","Paix et D\u00e9sarmement"],"inLanguage":"fr-FR"},{"@type":"WebPage","@id":"https:\/\/www.pressenza.com\/fr\/2024\/10\/universite-dete-du-parc-tolede-nous-nous-rencontrons-dialoguons-et-parions-sur-la-reconciliation-seul-moyen-de-sortir-de-la-culture-de-la-vengeance-dans-laquelle-nous-vivons\/","url":"https:\/\/www.pressenza.com\/fr\/2024\/10\/universite-dete-du-parc-tolede-nous-nous-rencontrons-dialoguons-et-parions-sur-la-reconciliation-seul-moyen-de-sortir-de-la-culture-de-la-vengeance-dans-laquelle-nous-vivons\/","name":"Universit\u00e9 d'\u00e9t\u00e9 du Parc Tol\u00e8de : nous nous rencontrons, dialoguons et parions sur la r\u00e9conciliation, seul moyen de sortir de la culture de la vengeance dans laquelle nous vivons","isPartOf":{"@id":"https:\/\/www.pressenza.com\/fr\/#website"},"primaryImageOfPage":{"@id":"https:\/\/www.pressenza.com\/fr\/2024\/10\/universite-dete-du-parc-tolede-nous-nous-rencontrons-dialoguons-et-parions-sur-la-reconciliation-seul-moyen-de-sortir-de-la-culture-de-la-vengeance-dans-laquelle-nous-vivons\/#primaryimage"},"image":{"@id":"https:\/\/www.pressenza.com\/fr\/2024\/10\/universite-dete-du-parc-tolede-nous-nous-rencontrons-dialoguons-et-parions-sur-la-reconciliation-seul-moyen-de-sortir-de-la-culture-de-la-vengeance-dans-laquelle-nous-vivons\/#primaryimage"},"thumbnailUrl":"https:\/\/www.pressenza.com\/wp-content\/uploads\/2024\/09\/IMG_5779.jpg","datePublished":"2024-10-08T23:15:16+00:00","description":"Les 13, 14 et 15 septembre, la deuxi\u00e8me \u00e9dition de l'Universit\u00e9 d'\u00e9t\u00e9 de l'Humanisme Universaliste s'est d\u00e9roul\u00e9e dans le parc Tol\u00e8de 2024, o\u00f9 plus de 200","breadcrumb":{"@id":"https:\/\/www.pressenza.com\/fr\/2024\/10\/universite-dete-du-parc-tolede-nous-nous-rencontrons-dialoguons-et-parions-sur-la-reconciliation-seul-moyen-de-sortir-de-la-culture-de-la-vengeance-dans-laquelle-nous-vivons\/#breadcrumb"},"inLanguage":"fr-FR","potentialAction":[{"@type":"ReadAction","target":["https:\/\/www.pressenza.com\/fr\/2024\/10\/universite-dete-du-parc-tolede-nous-nous-rencontrons-dialoguons-et-parions-sur-la-reconciliation-seul-moyen-de-sortir-de-la-culture-de-la-vengeance-dans-laquelle-nous-vivons\/"]}]},{"@type":"ImageObject","inLanguage":"fr-FR","@id":"https:\/\/www.pressenza.com\/fr\/2024\/10\/universite-dete-du-parc-tolede-nous-nous-rencontrons-dialoguons-et-parions-sur-la-reconciliation-seul-moyen-de-sortir-de-la-culture-de-la-vengeance-dans-laquelle-nous-vivons\/#primaryimage","url":"https:\/\/www.pressenza.com\/wp-content\/uploads\/2024\/09\/IMG_5779.jpg","contentUrl":"https:\/\/www.pressenza.com\/wp-content\/uploads\/2024\/09\/IMG_5779.jpg","width":2048,"height":1365},{"@type":"BreadcrumbList","@id":"https:\/\/www.pressenza.com\/fr\/2024\/10\/universite-dete-du-parc-tolede-nous-nous-rencontrons-dialoguons-et-parions-sur-la-reconciliation-seul-moyen-de-sortir-de-la-culture-de-la-vengeance-dans-laquelle-nous-vivons\/#breadcrumb","itemListElement":[{"@type":"ListItem","position":1,"name":"Accueil","item":"https:\/\/www.pressenza.com\/fr\/"},{"@type":"ListItem","position":2,"name":"Universit\u00e9 d&rsquo;\u00e9t\u00e9 du Parc Tol\u00e8de : nous nous rencontrons, dialoguons et parions sur la r\u00e9conciliation, seul moyen de sortir de la culture de la vengeance dans laquelle nous vivons"}]},{"@type":"WebSite","@id":"https:\/\/www.pressenza.com\/fr\/#website","url":"https:\/\/www.pressenza.com\/fr\/","name":"Pressenza","description":"International Press Agency","publisher":{"@id":"https:\/\/www.pressenza.com\/fr\/#organization"},"potentialAction":[{"@type":"SearchAction","target":{"@type":"EntryPoint","urlTemplate":"https:\/\/www.pressenza.com\/fr\/?s={search_term_string}"},"query-input":{"@type":"PropertyValueSpecification","valueRequired":true,"valueName":"search_term_string"}}],"inLanguage":"fr-FR"},{"@type":"Organization","@id":"https:\/\/www.pressenza.com\/fr\/#organization","name":"Pressenza","url":"https:\/\/www.pressenza.com\/fr\/","logo":{"@type":"ImageObject","inLanguage":"fr-FR","@id":"https:\/\/www.pressenza.com\/fr\/#\/schema\/logo\/image\/","url":"https:\/\/www.pressenza.com\/wp-content\/uploads\/2022\/10\/pressenza_logo_200x200.jpg","contentUrl":"https:\/\/www.pressenza.com\/wp-content\/uploads\/2022\/10\/pressenza_logo_200x200.jpg","width":200,"height":200,"caption":"Pressenza"},"image":{"@id":"https:\/\/www.pressenza.com\/fr\/#\/schema\/logo\/image\/"},"sameAs":["https:\/\/www.facebook.com\/PressenzaItalia","https:\/\/x.com\/PressenzaIPA"]},{"@type":"Person","@id":"https:\/\/www.pressenza.com\/fr\/#\/schema\/person\/606cbea0307458f18c06dd6b1ec227ec","name":"Juana P\u00e9rez Montero","description":"Juana P\u00e9rez Montero es periodista y activista humanista.","url":"https:\/\/www.pressenza.com\/fr\/author\/juana-perez-montero\/"}]}},"place":"Parc Toledo, Espagne.","original_article_url":"","_links":{"self":[{"href":"https:\/\/www.pressenza.com\/fr\/wp-json\/wp\/v2\/posts\/2553476","targetHints":{"allow":["GET"]}}],"collection":[{"href":"https:\/\/www.pressenza.com\/fr\/wp-json\/wp\/v2\/posts"}],"about":[{"href":"https:\/\/www.pressenza.com\/fr\/wp-json\/wp\/v2\/types\/post"}],"author":[{"embeddable":true,"href":"https:\/\/www.pressenza.com\/fr\/wp-json\/wp\/v2\/users\/1561"}],"replies":[{"embeddable":true,"href":"https:\/\/www.pressenza.com\/fr\/wp-json\/wp\/v2\/comments?post=2553476"}],"version-history":[{"count":0,"href":"https:\/\/www.pressenza.com\/fr\/wp-json\/wp\/v2\/posts\/2553476\/revisions"}],"wp:featuredmedia":[{"embeddable":true,"href":"https:\/\/www.pressenza.com\/fr\/wp-json\/wp\/v2\/media\/2553484"}],"wp:attachment":[{"href":"https:\/\/www.pressenza.com\/fr\/wp-json\/wp\/v2\/media?parent=2553476"}],"wp:term":[{"taxonomy":"category","embeddable":true,"href":"https:\/\/www.pressenza.com\/fr\/wp-json\/wp\/v2\/categories?post=2553476"},{"taxonomy":"post_tag","embeddable":true,"href":"https:\/\/www.pressenza.com\/fr\/wp-json\/wp\/v2\/tags?post=2553476"}],"curies":[{"name":"wp","href":"https:\/\/api.w.org\/{rel}","templated":true}]}}