{"id":2552758,"date":"2024-10-06T15:28:05","date_gmt":"2024-10-06T14:28:05","guid":{"rendered":"https:\/\/www.pressenza.com\/?p=2552758"},"modified":"2024-10-06T15:28:05","modified_gmt":"2024-10-06T14:28:05","slug":"inititative-citoyenne-europeenne-pour-financer-la-transition-ecologique-et-sociale","status":"publish","type":"post","link":"https:\/\/www.pressenza.com\/fr\/2024\/10\/inititative-citoyenne-europeenne-pour-financer-la-transition-ecologique-et-sociale\/","title":{"rendered":"Inititative citoyenne europ\u00e9enne pour financer la transition \u00e9cologique et sociale"},"content":{"rendered":"<p>Cette initiative citoyenne vise \u00e0 collecter un\u00a0 million\u00a0 de signatures dans 7 pays europ\u00e9ens minimum\u00a0 afin d&rsquo;obliger la Commission Europ\u00e9enne \u00e0 faire une proposition de taxer les riches &#8211; concr\u00e8tement, il s&rsquo;agit d&rsquo;un imp\u00f4t sur les grandes fortunes.<\/p>\n<p>Par cette initiative, la Commission europ\u00e9enne est invit\u00e9e \u00e0 instaurer un imp\u00f4t europ\u00e9en sur la grande fortune. Cet imp\u00f4t contribuerait aux ressources propres de l\u2019Union et les recettes permettraient d\u2019amplifier et de p\u00e9renniser les politiques europ\u00e9ennes de transition environnementale, sociale et de coop\u00e9ration au d\u00e9veloppement, en cofinancement avec les \u00c9tats membres. Cette contribution serait destin\u00e9e \u00e0 la lutte contre le changement climatique et \u00e0 la lutte contre les in\u00e9galit\u00e9s et permettrait la participation plus \u00e9quitable des citoyens europ\u00e9ens \u00e0 ces objectifs.<\/p>\n<p>N&rsquo;attendez plus, signez !! Cette campagne de signature se termine le mercredi 9 octobre 2024.<\/p>\n<p><a href=\"https:\/\/europa.eu\/citizens-initiative\/initiatives\/details\/2023\/000006\">https:\/\/europa.eu\/citizens-initiative\/initiatives\/details\/2023\/000006<\/a><\/p>\n","protected":false},"excerpt":{"rendered":"<p>Cette initiative citoyenne vise \u00e0 collecter un\u00a0 million\u00a0 de signatures dans 7 pays europ\u00e9ens minimum\u00a0 afin d&rsquo;obliger la Commission Europ\u00e9enne \u00e0 faire une proposition de taxer les riches &#8211; concr\u00e8tement, il s&rsquo;agit d&rsquo;un imp\u00f4t sur les grandes fortunes. Par cette&hellip;<\/p>\n","protected":false},"author":156,"featured_media":2552760,"comment_status":"closed","ping_status":"closed","sticky":false,"template":"","format":"standard","meta":{"footnotes":""},"categories":[151,11386,97,40],"tags":[104992,10532,127533,127532],"class_list":["post-2552758","post","type-post","status-publish","format-standard","has-post-thumbnail","hentry","category-communique-de-presse","category-contenu-original","category-environnement-et-ecologie","category-international-fr","tag-grandes-fortunes","tag-initiative-citoyenne","tag-taxtherich","tag-transition-ecolologique"],"yoast_head":"<!-- This site is optimized with the Yoast SEO plugin v27.1.1 - https:\/\/yoast.com\/product\/yoast-seo-wordpress\/ -->\n<title>Inititative citoyenne europ\u00e9enne pour financer la transition \u00e9cologique et sociale<\/title>\n<meta name=\"description\" content=\"Cette initiative citoyenne vise \u00e0 collecter un\u00a0 million\u00a0 de signatures dans 7 pays europ\u00e9ens minimum\u00a0 afin d&#039;obliger la Commission Europ\u00e9enne \u00e0 faire une\" \/>\n<meta name=\"robots\" content=\"index, follow, max-snippet:-1, max-image-preview:large, max-video-preview:-1\" \/>\n<link rel=\"canonical\" href=\"https:\/\/www.pressenza.com\/fr\/2024\/10\/inititative-citoyenne-europeenne-pour-financer-la-transition-ecologique-et-sociale\/\" \/>\n<meta property=\"og:locale\" content=\"fr_FR\" \/>\n<meta property=\"og:type\" content=\"article\" \/>\n<meta property=\"og:title\" content=\"Inititative citoyenne europ\u00e9enne pour financer la transition \u00e9cologique et sociale\" \/>\n<meta property=\"og:description\" content=\"Cette initiative citoyenne vise \u00e0 collecter un\u00a0 million\u00a0 de signatures dans 7 pays europ\u00e9ens minimum\u00a0 afin d&#039;obliger la Commission Europ\u00e9enne \u00e0 faire une\" \/>\n<meta property=\"og:url\" content=\"https:\/\/www.pressenza.com\/fr\/2024\/10\/inititative-citoyenne-europeenne-pour-financer-la-transition-ecologique-et-sociale\/\" \/>\n<meta property=\"og:site_name\" content=\"Pressenza\" \/>\n<meta property=\"article:publisher\" content=\"https:\/\/www.facebook.com\/PressenzaItalia\" \/>\n<meta property=\"article:author\" content=\"tatianadebarelli\" \/>\n<meta property=\"article:published_time\" content=\"2024-10-06T14:28:05+00:00\" \/>\n<meta property=\"og:image\" content=\"https:\/\/www.pressenza.com\/wp-content\/uploads\/2024\/10\/TaxTheRich.jpg\" \/>\n\t<meta property=\"og:image:width\" content=\"1052\" \/>\n\t<meta property=\"og:image:height\" content=\"718\" \/>\n\t<meta property=\"og:image:type\" content=\"image\/jpeg\" \/>\n<meta name=\"author\" content=\"Tatiana De Barelli\" \/>\n<meta name=\"twitter:card\" content=\"summary_large_image\" \/>\n<meta name=\"twitter:creator\" content=\"@PressenzaIPA\" \/>\n<meta name=\"twitter:site\" content=\"@PressenzaIPA\" \/>\n<meta name=\"twitter:label1\" content=\"\u00c9crit par\" \/>\n\t<meta name=\"twitter:data1\" content=\"Tatiana De Barelli\" \/>\n\t<meta name=\"twitter:label2\" content=\"Dur\u00e9e de lecture estim\u00e9e\" \/>\n\t<meta name=\"twitter:data2\" content=\"1 minute\" \/>\n<script type=\"application\/ld+json\" class=\"yoast-schema-graph\">{\"@context\":\"https:\/\/schema.org\",\"@graph\":[{\"@type\":\"Article\",\"@id\":\"https:\/\/www.pressenza.com\/fr\/2024\/10\/inititative-citoyenne-europeenne-pour-financer-la-transition-ecologique-et-sociale\/#article\",\"isPartOf\":{\"@id\":\"https:\/\/www.pressenza.com\/fr\/2024\/10\/inititative-citoyenne-europeenne-pour-financer-la-transition-ecologique-et-sociale\/\"},\"author\":{\"name\":\"Tatiana De Barelli\",\"@id\":\"https:\/\/www.pressenza.com\/fr\/#\/schema\/person\/b8d1ec1cf15614fc9a887473b9572094\"},\"headline\":\"Inititative citoyenne europ\u00e9enne pour financer la transition \u00e9cologique et sociale\",\"datePublished\":\"2024-10-06T14:28:05+00:00\",\"mainEntityOfPage\":{\"@id\":\"https:\/\/www.pressenza.com\/fr\/2024\/10\/inititative-citoyenne-europeenne-pour-financer-la-transition-ecologique-et-sociale\/\"},\"wordCount\":164,\"publisher\":{\"@id\":\"https:\/\/www.pressenza.com\/fr\/#organization\"},\"image\":{\"@id\":\"https:\/\/www.pressenza.com\/fr\/2024\/10\/inititative-citoyenne-europeenne-pour-financer-la-transition-ecologique-et-sociale\/#primaryimage\"},\"thumbnailUrl\":\"https:\/\/www.pressenza.com\/wp-content\/uploads\/2024\/10\/TaxTheRich.jpg\",\"keywords\":[\"grandes fortunes\",\"Initiative citoyenne\",\"taxtherich\",\"Transition \u00e9colologique\"],\"articleSection\":[\"Communiqu\u00e9s de Presse\",\"Contenu Original\",\"Ecologie et Environnement\",\"International\"],\"inLanguage\":\"fr-FR\"},{\"@type\":\"WebPage\",\"@id\":\"https:\/\/www.pressenza.com\/fr\/2024\/10\/inititative-citoyenne-europeenne-pour-financer-la-transition-ecologique-et-sociale\/\",\"url\":\"https:\/\/www.pressenza.com\/fr\/2024\/10\/inititative-citoyenne-europeenne-pour-financer-la-transition-ecologique-et-sociale\/\",\"name\":\"Inititative citoyenne europ\u00e9enne pour financer la transition \u00e9cologique et sociale\",\"isPartOf\":{\"@id\":\"https:\/\/www.pressenza.com\/fr\/#website\"},\"primaryImageOfPage\":{\"@id\":\"https:\/\/www.pressenza.com\/fr\/2024\/10\/inititative-citoyenne-europeenne-pour-financer-la-transition-ecologique-et-sociale\/#primaryimage\"},\"image\":{\"@id\":\"https:\/\/www.pressenza.com\/fr\/2024\/10\/inititative-citoyenne-europeenne-pour-financer-la-transition-ecologique-et-sociale\/#primaryimage\"},\"thumbnailUrl\":\"https:\/\/www.pressenza.com\/wp-content\/uploads\/2024\/10\/TaxTheRich.jpg\",\"datePublished\":\"2024-10-06T14:28:05+00:00\",\"description\":\"Cette initiative citoyenne vise \u00e0 collecter un\u00a0 million\u00a0 de signatures dans 7 pays europ\u00e9ens minimum\u00a0 afin d'obliger la Commission Europ\u00e9enne \u00e0 faire une\",\"breadcrumb\":{\"@id\":\"https:\/\/www.pressenza.com\/fr\/2024\/10\/inititative-citoyenne-europeenne-pour-financer-la-transition-ecologique-et-sociale\/#breadcrumb\"},\"inLanguage\":\"fr-FR\",\"potentialAction\":[{\"@type\":\"ReadAction\",\"target\":[\"https:\/\/www.pressenza.com\/fr\/2024\/10\/inititative-citoyenne-europeenne-pour-financer-la-transition-ecologique-et-sociale\/\"]}]},{\"@type\":\"ImageObject\",\"inLanguage\":\"fr-FR\",\"@id\":\"https:\/\/www.pressenza.com\/fr\/2024\/10\/inititative-citoyenne-europeenne-pour-financer-la-transition-ecologique-et-sociale\/#primaryimage\",\"url\":\"https:\/\/www.pressenza.com\/wp-content\/uploads\/2024\/10\/TaxTheRich.jpg\",\"contentUrl\":\"https:\/\/www.pressenza.com\/wp-content\/uploads\/2024\/10\/TaxTheRich.jpg\",\"width\":1052,\"height\":718},{\"@type\":\"BreadcrumbList\",\"@id\":\"https:\/\/www.pressenza.com\/fr\/2024\/10\/inititative-citoyenne-europeenne-pour-financer-la-transition-ecologique-et-sociale\/#breadcrumb\",\"itemListElement\":[{\"@type\":\"ListItem\",\"position\":1,\"name\":\"Accueil\",\"item\":\"https:\/\/www.pressenza.com\/fr\/\"},{\"@type\":\"ListItem\",\"position\":2,\"name\":\"Inititative citoyenne europ\u00e9enne pour financer la transition \u00e9cologique et sociale\"}]},{\"@type\":\"WebSite\",\"@id\":\"https:\/\/www.pressenza.com\/fr\/#website\",\"url\":\"https:\/\/www.pressenza.com\/fr\/\",\"name\":\"Pressenza\",\"description\":\"International Press Agency\",\"publisher\":{\"@id\":\"https:\/\/www.pressenza.com\/fr\/#organization\"},\"potentialAction\":[{\"@type\":\"SearchAction\",\"target\":{\"@type\":\"EntryPoint\",\"urlTemplate\":\"https:\/\/www.pressenza.com\/fr\/?s={search_term_string}\"},\"query-input\":{\"@type\":\"PropertyValueSpecification\",\"valueRequired\":true,\"valueName\":\"search_term_string\"}}],\"inLanguage\":\"fr-FR\"},{\"@type\":\"Organization\",\"@id\":\"https:\/\/www.pressenza.com\/fr\/#organization\",\"name\":\"Pressenza\",\"url\":\"https:\/\/www.pressenza.com\/fr\/\",\"logo\":{\"@type\":\"ImageObject\",\"inLanguage\":\"fr-FR\",\"@id\":\"https:\/\/www.pressenza.com\/fr\/#\/schema\/logo\/image\/\",\"url\":\"https:\/\/www.pressenza.com\/wp-content\/uploads\/2022\/10\/pressenza_logo_200x200.jpg\",\"contentUrl\":\"https:\/\/www.pressenza.com\/wp-content\/uploads\/2022\/10\/pressenza_logo_200x200.jpg\",\"width\":200,\"height\":200,\"caption\":\"Pressenza\"},\"image\":{\"@id\":\"https:\/\/www.pressenza.com\/fr\/#\/schema\/logo\/image\/\"},\"sameAs\":[\"https:\/\/www.facebook.com\/PressenzaItalia\",\"https:\/\/x.com\/PressenzaIPA\"]},{\"@type\":\"Person\",\"@id\":\"https:\/\/www.pressenza.com\/fr\/#\/schema\/person\/b8d1ec1cf15614fc9a887473b9572094\",\"name\":\"Tatiana De Barelli\",\"description\":\"Born with the gene of idealism, I have always wanted to change the world. At the age of 25, I met three crazy \\\"humanists\\\" and, little by little, with the friends of the Humanist Movement, I was able to collaborate in many projects around active nonviolence. The international dimension has always attracted me a lot and for 10 years I travelled to West Africa to support many social projects with the people there. Graphologist and educational psychologist, in 2008 I created Educ'art \\\"When education is an art\\\". It seems to me that school can be \\\"the place\\\" that opens children to their creativity, to their potential to transform the world. Together with professionals in the field of learning, we offer numerous training courses and exchanges with this objective in mind. Writing is also a passion. In 2010, I wrote a book \\\"Les Enjeux de l'Ecrire\\\" (The Stakes of Writing) which places the gesture of writing in its human dimension. In 1982, I married Jorge, an Argentinean, we have two sons who have become magnificent men. The relationship between a couple and a mother continues to be for me the most important human construction in terms of life choices.\",\"sameAs\":[\"http:\/\/www.educart.eu\",\"tatianadebarelli\"],\"url\":\"https:\/\/www.pressenza.com\/fr\/author\/tatiana-de-barelli\/\"}]}<\/script>\n<!-- \/ Yoast SEO plugin. -->","yoast_head_json":{"title":"Inititative citoyenne europ\u00e9enne pour financer la transition \u00e9cologique et sociale","description":"Cette initiative citoyenne vise \u00e0 collecter un\u00a0 million\u00a0 de signatures dans 7 pays europ\u00e9ens minimum\u00a0 afin d'obliger la Commission Europ\u00e9enne \u00e0 faire une","robots":{"index":"index","follow":"follow","max-snippet":"max-snippet:-1","max-image-preview":"max-image-preview:large","max-video-preview":"max-video-preview:-1"},"canonical":"https:\/\/www.pressenza.com\/fr\/2024\/10\/inititative-citoyenne-europeenne-pour-financer-la-transition-ecologique-et-sociale\/","og_locale":"fr_FR","og_type":"article","og_title":"Inititative citoyenne europ\u00e9enne pour financer la transition \u00e9cologique et sociale","og_description":"Cette initiative citoyenne vise \u00e0 collecter un\u00a0 million\u00a0 de signatures dans 7 pays europ\u00e9ens minimum\u00a0 afin d'obliger la Commission Europ\u00e9enne \u00e0 faire une","og_url":"https:\/\/www.pressenza.com\/fr\/2024\/10\/inititative-citoyenne-europeenne-pour-financer-la-transition-ecologique-et-sociale\/","og_site_name":"Pressenza","article_publisher":"https:\/\/www.facebook.com\/PressenzaItalia","article_author":"tatianadebarelli","article_published_time":"2024-10-06T14:28:05+00:00","og_image":[{"width":1052,"height":718,"url":"https:\/\/www.pressenza.com\/wp-content\/uploads\/2024\/10\/TaxTheRich.jpg","type":"image\/jpeg"}],"author":"Tatiana De Barelli","twitter_card":"summary_large_image","twitter_creator":"@PressenzaIPA","twitter_site":"@PressenzaIPA","twitter_misc":{"\u00c9crit par":"Tatiana De Barelli","Dur\u00e9e de lecture estim\u00e9e":"1 minute"},"schema":{"@context":"https:\/\/schema.org","@graph":[{"@type":"Article","@id":"https:\/\/www.pressenza.com\/fr\/2024\/10\/inititative-citoyenne-europeenne-pour-financer-la-transition-ecologique-et-sociale\/#article","isPartOf":{"@id":"https:\/\/www.pressenza.com\/fr\/2024\/10\/inititative-citoyenne-europeenne-pour-financer-la-transition-ecologique-et-sociale\/"},"author":{"name":"Tatiana De Barelli","@id":"https:\/\/www.pressenza.com\/fr\/#\/schema\/person\/b8d1ec1cf15614fc9a887473b9572094"},"headline":"Inititative citoyenne europ\u00e9enne pour financer la transition \u00e9cologique et sociale","datePublished":"2024-10-06T14:28:05+00:00","mainEntityOfPage":{"@id":"https:\/\/www.pressenza.com\/fr\/2024\/10\/inititative-citoyenne-europeenne-pour-financer-la-transition-ecologique-et-sociale\/"},"wordCount":164,"publisher":{"@id":"https:\/\/www.pressenza.com\/fr\/#organization"},"image":{"@id":"https:\/\/www.pressenza.com\/fr\/2024\/10\/inititative-citoyenne-europeenne-pour-financer-la-transition-ecologique-et-sociale\/#primaryimage"},"thumbnailUrl":"https:\/\/www.pressenza.com\/wp-content\/uploads\/2024\/10\/TaxTheRich.jpg","keywords":["grandes fortunes","Initiative citoyenne","taxtherich","Transition \u00e9colologique"],"articleSection":["Communiqu\u00e9s de Presse","Contenu Original","Ecologie et Environnement","International"],"inLanguage":"fr-FR"},{"@type":"WebPage","@id":"https:\/\/www.pressenza.com\/fr\/2024\/10\/inititative-citoyenne-europeenne-pour-financer-la-transition-ecologique-et-sociale\/","url":"https:\/\/www.pressenza.com\/fr\/2024\/10\/inititative-citoyenne-europeenne-pour-financer-la-transition-ecologique-et-sociale\/","name":"Inititative citoyenne europ\u00e9enne pour financer la transition \u00e9cologique et sociale","isPartOf":{"@id":"https:\/\/www.pressenza.com\/fr\/#website"},"primaryImageOfPage":{"@id":"https:\/\/www.pressenza.com\/fr\/2024\/10\/inititative-citoyenne-europeenne-pour-financer-la-transition-ecologique-et-sociale\/#primaryimage"},"image":{"@id":"https:\/\/www.pressenza.com\/fr\/2024\/10\/inititative-citoyenne-europeenne-pour-financer-la-transition-ecologique-et-sociale\/#primaryimage"},"thumbnailUrl":"https:\/\/www.pressenza.com\/wp-content\/uploads\/2024\/10\/TaxTheRich.jpg","datePublished":"2024-10-06T14:28:05+00:00","description":"Cette initiative citoyenne vise \u00e0 collecter un\u00a0 million\u00a0 de signatures dans 7 pays europ\u00e9ens minimum\u00a0 afin d'obliger la Commission Europ\u00e9enne \u00e0 faire une","breadcrumb":{"@id":"https:\/\/www.pressenza.com\/fr\/2024\/10\/inititative-citoyenne-europeenne-pour-financer-la-transition-ecologique-et-sociale\/#breadcrumb"},"inLanguage":"fr-FR","potentialAction":[{"@type":"ReadAction","target":["https:\/\/www.pressenza.com\/fr\/2024\/10\/inititative-citoyenne-europeenne-pour-financer-la-transition-ecologique-et-sociale\/"]}]},{"@type":"ImageObject","inLanguage":"fr-FR","@id":"https:\/\/www.pressenza.com\/fr\/2024\/10\/inititative-citoyenne-europeenne-pour-financer-la-transition-ecologique-et-sociale\/#primaryimage","url":"https:\/\/www.pressenza.com\/wp-content\/uploads\/2024\/10\/TaxTheRich.jpg","contentUrl":"https:\/\/www.pressenza.com\/wp-content\/uploads\/2024\/10\/TaxTheRich.jpg","width":1052,"height":718},{"@type":"BreadcrumbList","@id":"https:\/\/www.pressenza.com\/fr\/2024\/10\/inititative-citoyenne-europeenne-pour-financer-la-transition-ecologique-et-sociale\/#breadcrumb","itemListElement":[{"@type":"ListItem","position":1,"name":"Accueil","item":"https:\/\/www.pressenza.com\/fr\/"},{"@type":"ListItem","position":2,"name":"Inititative citoyenne europ\u00e9enne pour financer la transition \u00e9cologique et sociale"}]},{"@type":"WebSite","@id":"https:\/\/www.pressenza.com\/fr\/#website","url":"https:\/\/www.pressenza.com\/fr\/","name":"Pressenza","description":"International Press Agency","publisher":{"@id":"https:\/\/www.pressenza.com\/fr\/#organization"},"potentialAction":[{"@type":"SearchAction","target":{"@type":"EntryPoint","urlTemplate":"https:\/\/www.pressenza.com\/fr\/?s={search_term_string}"},"query-input":{"@type":"PropertyValueSpecification","valueRequired":true,"valueName":"search_term_string"}}],"inLanguage":"fr-FR"},{"@type":"Organization","@id":"https:\/\/www.pressenza.com\/fr\/#organization","name":"Pressenza","url":"https:\/\/www.pressenza.com\/fr\/","logo":{"@type":"ImageObject","inLanguage":"fr-FR","@id":"https:\/\/www.pressenza.com\/fr\/#\/schema\/logo\/image\/","url":"https:\/\/www.pressenza.com\/wp-content\/uploads\/2022\/10\/pressenza_logo_200x200.jpg","contentUrl":"https:\/\/www.pressenza.com\/wp-content\/uploads\/2022\/10\/pressenza_logo_200x200.jpg","width":200,"height":200,"caption":"Pressenza"},"image":{"@id":"https:\/\/www.pressenza.com\/fr\/#\/schema\/logo\/image\/"},"sameAs":["https:\/\/www.facebook.com\/PressenzaItalia","https:\/\/x.com\/PressenzaIPA"]},{"@type":"Person","@id":"https:\/\/www.pressenza.com\/fr\/#\/schema\/person\/b8d1ec1cf15614fc9a887473b9572094","name":"Tatiana De Barelli","description":"Born with the gene of idealism, I have always wanted to change the world. At the age of 25, I met three crazy \"humanists\" and, little by little, with the friends of the Humanist Movement, I was able to collaborate in many projects around active nonviolence. The international dimension has always attracted me a lot and for 10 years I travelled to West Africa to support many social projects with the people there. Graphologist and educational psychologist, in 2008 I created Educ'art \"When education is an art\". It seems to me that school can be \"the place\" that opens children to their creativity, to their potential to transform the world. Together with professionals in the field of learning, we offer numerous training courses and exchanges with this objective in mind. Writing is also a passion. In 2010, I wrote a book \"Les Enjeux de l'Ecrire\" (The Stakes of Writing) which places the gesture of writing in its human dimension. In 1982, I married Jorge, an Argentinean, we have two sons who have become magnificent men. The relationship between a couple and a mother continues to be for me the most important human construction in terms of life choices.","sameAs":["http:\/\/www.educart.eu","tatianadebarelli"],"url":"https:\/\/www.pressenza.com\/fr\/author\/tatiana-de-barelli\/"}]}},"place":"","original_article_url":"","_links":{"self":[{"href":"https:\/\/www.pressenza.com\/fr\/wp-json\/wp\/v2\/posts\/2552758","targetHints":{"allow":["GET"]}}],"collection":[{"href":"https:\/\/www.pressenza.com\/fr\/wp-json\/wp\/v2\/posts"}],"about":[{"href":"https:\/\/www.pressenza.com\/fr\/wp-json\/wp\/v2\/types\/post"}],"author":[{"embeddable":true,"href":"https:\/\/www.pressenza.com\/fr\/wp-json\/wp\/v2\/users\/156"}],"replies":[{"embeddable":true,"href":"https:\/\/www.pressenza.com\/fr\/wp-json\/wp\/v2\/comments?post=2552758"}],"version-history":[{"count":0,"href":"https:\/\/www.pressenza.com\/fr\/wp-json\/wp\/v2\/posts\/2552758\/revisions"}],"wp:featuredmedia":[{"embeddable":true,"href":"https:\/\/www.pressenza.com\/fr\/wp-json\/wp\/v2\/media\/2552760"}],"wp:attachment":[{"href":"https:\/\/www.pressenza.com\/fr\/wp-json\/wp\/v2\/media?parent=2552758"}],"wp:term":[{"taxonomy":"category","embeddable":true,"href":"https:\/\/www.pressenza.com\/fr\/wp-json\/wp\/v2\/categories?post=2552758"},{"taxonomy":"post_tag","embeddable":true,"href":"https:\/\/www.pressenza.com\/fr\/wp-json\/wp\/v2\/tags?post=2552758"}],"curies":[{"name":"wp","href":"https:\/\/api.w.org\/{rel}","templated":true}]}}