{"id":2551545,"date":"2024-10-01T21:23:01","date_gmt":"2024-10-01T20:23:01","guid":{"rendered":"https:\/\/www.pressenza.com\/?p=2551545"},"modified":"2024-10-01T21:39:14","modified_gmt":"2024-10-01T20:39:14","slug":"moyen-orient-possibilite-serieuse-dune-escalade-de-la-guerre-apres-lassassinat-de-nasrallah","status":"publish","type":"post","link":"https:\/\/www.pressenza.com\/fr\/2024\/10\/moyen-orient-possibilite-serieuse-dune-escalade-de-la-guerre-apres-lassassinat-de-nasrallah\/","title":{"rendered":"Moyen-Orient : Possibilit\u00e9 s\u00e9rieuse d&rsquo;une escalade de la guerre apr\u00e8s l&rsquo;assassinat de Nasrallah"},"content":{"rendered":"<p>La situation au Moyen-Orient se dirige vers une escalade plut\u00f4t que vers une solution pacifique, suite \u00e0 l&rsquo;annonce de l&rsquo;assassinat du secr\u00e9taire g\u00e9n\u00e9ral du Hezbollah, Hassan Nasrallah, par des frappes a\u00e9riennes isra\u00e9liennes. L&rsquo;assassinat a \u00e9t\u00e9 confirm\u00e9 il y a quelques heures dans un communiqu\u00e9 du Hezbollah.<\/p>\n<p>Dans le m\u00eame temps, Filippo Grady, le Haut Commissaire des Nations Unies pour les r\u00e9fugi\u00e9s, a d\u00e9clar\u00e9 que plus de 50 000 personnes quittaient le Liban pour se rendre en Syrie afin d&rsquo;\u00e9chapper aux frappes a\u00e9riennes et que 200 000 personnes vivant au Liban empruntaient la voie de migration interne, de la fronti\u00e8re avec Isra\u00ebl vers l&rsquo;int\u00e9rieur du pays. Les frappes a\u00e9riennes de l&rsquo;arm\u00e9e isra\u00e9lienne, qui durent depuis un peu moins d&rsquo;une semaine &#8211; et n&rsquo;ont pas cess\u00e9 malgr\u00e9 l&rsquo;assassinat de Nasrallah &#8211; ont tu\u00e9 plus de 780 personnes et en ont bless\u00e9 5550 (chiffres communiqu\u00e9s par le minist\u00e8re libanais de la sant\u00e9 et publi\u00e9s il y a un jour).<\/p>\n<p>Le pr\u00e9sident \u00e9tatsunien a affirm\u00e9 que l&rsquo;assassinat du chef du Hezbollah relevait du droit d&rsquo;Isra\u00ebl \u00e0 l&rsquo;autod\u00e9fense [mesure de justice]. Le ministre chinois des affaires \u00e9trang\u00e8res a d\u00e9clar\u00e9 qu&rsquo;il s&rsquo;opposait \u00e0 la violation des droits souverains de l&rsquo;\u00c9tat libanais et que son pays \u00ab condamnait toute op\u00e9ration qui porte atteinte \u00e0 des civils innocents et aggrave les tensions au Moyen-Orient \u00bb. L&rsquo;Iran a confirm\u00e9 la mort de l&rsquo;officier sup\u00e9rieur Abbas Nilforushan, ainsi que celle de Nasrallah, dans les raids isra\u00e9liens au Liban et, dans les m\u00eames d\u00e9clarations, a fait r\u00e9f\u00e9rence au droit du pays \u00e0 demander justice pour sa mort. Le Liban a d\u00e9cr\u00e9t\u00e9 trois jours de deuil national pour l&rsquo;assassinat de Nasrallah.<\/p>\n<p>Dans ce nouveau contexte d&rsquo;escalade de la guerre, on assiste \u00e0 des protestations croissantes de la part de personnes dans de nombreuses r\u00e9gions du monde qui, par le biais de manifestations et d&rsquo;actions quotidiennes, appellent \u00e0 un cessez-le-feu imm\u00e9diat, \u00e0 la justice et \u00e0 des solutions de paix. Il reste \u00e0 voir s&rsquo;ils seront \u00e9cout\u00e9s ou si (et lesquels) les gouvernements d\u00e9tenteurs d&rsquo;armes nucl\u00e9aires proc\u00e9deront \u00e0 un conflit g\u00e9n\u00e9ralis\u00e9 au Moyen-Orient.<\/p>\n<p>&nbsp;<\/p>\n<p><em>Traduction, Evelyn Tischer<\/em><\/p>\n","protected":false},"excerpt":{"rendered":"<p>La situation au Moyen-Orient se dirige vers une escalade plut\u00f4t que vers une solution pacifique, suite \u00e0 l&rsquo;annonce de l&rsquo;assassinat du secr\u00e9taire g\u00e9n\u00e9ral du Hezbollah, Hassan Nasrallah, par des frappes a\u00e9riennes isra\u00e9liennes. L&rsquo;assassinat a \u00e9t\u00e9 confirm\u00e9 il y a quelques&hellip;<\/p>\n","protected":false},"author":1220,"featured_media":2551553,"comment_status":"closed","ping_status":"closed","sticky":false,"template":"","format":"standard","meta":{"footnotes":""},"categories":[11386,1250,93,90],"tags":[117586,127347,127348,127349,470,4990,8056],"class_list":["post-2551545","post","type-post","status-publish","format-standard","has-post-thumbnail","hentry","category-contenu-original","category-paix-desarmement","category-politique","category-moyen-orient","tag-conflit-israel-palestine","tag-frappes-aeriennes","tag-hassan-nasrallah-fr","tag-hezbollah-fr","tag-israel-fr","tag-liban","tag-refugies"],"yoast_head":"<!-- This site is optimized with the Yoast SEO plugin v27.1.1 - https:\/\/yoast.com\/product\/yoast-seo-wordpress\/ -->\n<title>Moyen-Orient : Possibilit\u00e9 s\u00e9rieuse d&#039;une escalade de la guerre apr\u00e8s l&#039;assassinat de Nasrallah<\/title>\n<meta name=\"description\" content=\"La situation au Moyen-Orient se dirige vers une escalade plut\u00f4t que vers une solution pacifique, suite \u00e0 l&#039;annonce de l&#039;assassinat du secr\u00e9taire g\u00e9n\u00e9ral\" \/>\n<meta name=\"robots\" content=\"index, follow, max-snippet:-1, max-image-preview:large, max-video-preview:-1\" \/>\n<link rel=\"canonical\" href=\"https:\/\/www.pressenza.com\/fr\/2024\/10\/moyen-orient-possibilite-serieuse-dune-escalade-de-la-guerre-apres-lassassinat-de-nasrallah\/\" \/>\n<meta property=\"og:locale\" content=\"fr_FR\" \/>\n<meta property=\"og:type\" content=\"article\" \/>\n<meta property=\"og:title\" content=\"Moyen-Orient : Possibilit\u00e9 s\u00e9rieuse d&#039;une escalade de la guerre apr\u00e8s l&#039;assassinat de Nasrallah\" \/>\n<meta property=\"og:description\" content=\"La situation au Moyen-Orient se dirige vers une escalade plut\u00f4t que vers une solution pacifique, suite \u00e0 l&#039;annonce de l&#039;assassinat du secr\u00e9taire g\u00e9n\u00e9ral\" \/>\n<meta property=\"og:url\" content=\"https:\/\/www.pressenza.com\/fr\/2024\/10\/moyen-orient-possibilite-serieuse-dune-escalade-de-la-guerre-apres-lassassinat-de-nasrallah\/\" \/>\n<meta property=\"og:site_name\" content=\"Pressenza\" \/>\n<meta property=\"article:publisher\" content=\"https:\/\/www.facebook.com\/PressenzaItalia\" \/>\n<meta property=\"article:author\" content=\"https:\/\/www.facebook.com\/pressenzagr\/\" \/>\n<meta property=\"article:published_time\" content=\"2024-10-01T20:23:01+00:00\" \/>\n<meta property=\"article:modified_time\" content=\"2024-10-01T20:39:14+00:00\" \/>\n<meta property=\"og:image\" content=\"https:\/\/www.pressenza.com\/wp-content\/uploads\/2024\/09\/photo-Twitter-IfNotNow.jpg\" \/>\n\t<meta property=\"og:image:width\" content=\"1600\" \/>\n\t<meta property=\"og:image:height\" content=\"1200\" \/>\n\t<meta property=\"og:image:type\" content=\"image\/jpeg\" \/>\n<meta name=\"author\" content=\"Pressenza Athens\" \/>\n<meta name=\"twitter:card\" content=\"summary_large_image\" \/>\n<meta name=\"twitter:creator\" content=\"@Pressenza_ath\" \/>\n<meta name=\"twitter:site\" content=\"@PressenzaIPA\" \/>\n<meta name=\"twitter:label1\" content=\"\u00c9crit par\" \/>\n\t<meta name=\"twitter:data1\" content=\"Pressenza Athens\" \/>\n\t<meta name=\"twitter:label2\" content=\"Dur\u00e9e de lecture estim\u00e9e\" \/>\n\t<meta name=\"twitter:data2\" content=\"2 minutes\" \/>\n<script type=\"application\/ld+json\" class=\"yoast-schema-graph\">{\"@context\":\"https:\/\/schema.org\",\"@graph\":[{\"@type\":\"Article\",\"@id\":\"https:\/\/www.pressenza.com\/fr\/2024\/10\/moyen-orient-possibilite-serieuse-dune-escalade-de-la-guerre-apres-lassassinat-de-nasrallah\/#article\",\"isPartOf\":{\"@id\":\"https:\/\/www.pressenza.com\/fr\/2024\/10\/moyen-orient-possibilite-serieuse-dune-escalade-de-la-guerre-apres-lassassinat-de-nasrallah\/\"},\"author\":{\"name\":\"Pressenza Athens\",\"@id\":\"https:\/\/www.pressenza.com\/fr\/#\/schema\/person\/9eae8d7f0aad5ec6a7f6f21ec94480fb\"},\"headline\":\"Moyen-Orient : Possibilit\u00e9 s\u00e9rieuse d&rsquo;une escalade de la guerre apr\u00e8s l&rsquo;assassinat de Nasrallah\",\"datePublished\":\"2024-10-01T20:23:01+00:00\",\"dateModified\":\"2024-10-01T20:39:14+00:00\",\"mainEntityOfPage\":{\"@id\":\"https:\/\/www.pressenza.com\/fr\/2024\/10\/moyen-orient-possibilite-serieuse-dune-escalade-de-la-guerre-apres-lassassinat-de-nasrallah\/\"},\"wordCount\":405,\"publisher\":{\"@id\":\"https:\/\/www.pressenza.com\/fr\/#organization\"},\"image\":{\"@id\":\"https:\/\/www.pressenza.com\/fr\/2024\/10\/moyen-orient-possibilite-serieuse-dune-escalade-de-la-guerre-apres-lassassinat-de-nasrallah\/#primaryimage\"},\"thumbnailUrl\":\"https:\/\/www.pressenza.com\/wp-content\/uploads\/2024\/09\/photo-Twitter-IfNotNow.jpg\",\"keywords\":[\"Conflit Isra\u00ebl Palestine\",\"frappes a\u00e9riennes\",\"Hassan Nasrallah\",\"Hezbollah\",\"Isra\u00ebl\",\"Liban\",\"r\u00e9fugi\u00e9s\"],\"articleSection\":[\"Contenu Original\",\"Paix et D\u00e9sarmement\",\"Politique\",\"Proche et Moyen-Orient\"],\"inLanguage\":\"fr-FR\"},{\"@type\":\"WebPage\",\"@id\":\"https:\/\/www.pressenza.com\/fr\/2024\/10\/moyen-orient-possibilite-serieuse-dune-escalade-de-la-guerre-apres-lassassinat-de-nasrallah\/\",\"url\":\"https:\/\/www.pressenza.com\/fr\/2024\/10\/moyen-orient-possibilite-serieuse-dune-escalade-de-la-guerre-apres-lassassinat-de-nasrallah\/\",\"name\":\"Moyen-Orient : Possibilit\u00e9 s\u00e9rieuse d'une escalade de la guerre apr\u00e8s l'assassinat de Nasrallah\",\"isPartOf\":{\"@id\":\"https:\/\/www.pressenza.com\/fr\/#website\"},\"primaryImageOfPage\":{\"@id\":\"https:\/\/www.pressenza.com\/fr\/2024\/10\/moyen-orient-possibilite-serieuse-dune-escalade-de-la-guerre-apres-lassassinat-de-nasrallah\/#primaryimage\"},\"image\":{\"@id\":\"https:\/\/www.pressenza.com\/fr\/2024\/10\/moyen-orient-possibilite-serieuse-dune-escalade-de-la-guerre-apres-lassassinat-de-nasrallah\/#primaryimage\"},\"thumbnailUrl\":\"https:\/\/www.pressenza.com\/wp-content\/uploads\/2024\/09\/photo-Twitter-IfNotNow.jpg\",\"datePublished\":\"2024-10-01T20:23:01+00:00\",\"dateModified\":\"2024-10-01T20:39:14+00:00\",\"description\":\"La situation au Moyen-Orient se dirige vers une escalade plut\u00f4t que vers une solution pacifique, suite \u00e0 l'annonce de l'assassinat du secr\u00e9taire g\u00e9n\u00e9ral\",\"breadcrumb\":{\"@id\":\"https:\/\/www.pressenza.com\/fr\/2024\/10\/moyen-orient-possibilite-serieuse-dune-escalade-de-la-guerre-apres-lassassinat-de-nasrallah\/#breadcrumb\"},\"inLanguage\":\"fr-FR\",\"potentialAction\":[{\"@type\":\"ReadAction\",\"target\":[\"https:\/\/www.pressenza.com\/fr\/2024\/10\/moyen-orient-possibilite-serieuse-dune-escalade-de-la-guerre-apres-lassassinat-de-nasrallah\/\"]}]},{\"@type\":\"ImageObject\",\"inLanguage\":\"fr-FR\",\"@id\":\"https:\/\/www.pressenza.com\/fr\/2024\/10\/moyen-orient-possibilite-serieuse-dune-escalade-de-la-guerre-apres-lassassinat-de-nasrallah\/#primaryimage\",\"url\":\"https:\/\/www.pressenza.com\/wp-content\/uploads\/2024\/09\/photo-Twitter-IfNotNow.jpg\",\"contentUrl\":\"https:\/\/www.pressenza.com\/wp-content\/uploads\/2024\/09\/photo-Twitter-IfNotNow.jpg\",\"width\":1600,\"height\":1200},{\"@type\":\"BreadcrumbList\",\"@id\":\"https:\/\/www.pressenza.com\/fr\/2024\/10\/moyen-orient-possibilite-serieuse-dune-escalade-de-la-guerre-apres-lassassinat-de-nasrallah\/#breadcrumb\",\"itemListElement\":[{\"@type\":\"ListItem\",\"position\":1,\"name\":\"Accueil\",\"item\":\"https:\/\/www.pressenza.com\/fr\/\"},{\"@type\":\"ListItem\",\"position\":2,\"name\":\"Moyen-Orient : Possibilit\u00e9 s\u00e9rieuse d&rsquo;une escalade de la guerre apr\u00e8s l&rsquo;assassinat de Nasrallah\"}]},{\"@type\":\"WebSite\",\"@id\":\"https:\/\/www.pressenza.com\/fr\/#website\",\"url\":\"https:\/\/www.pressenza.com\/fr\/\",\"name\":\"Pressenza\",\"description\":\"International Press Agency\",\"publisher\":{\"@id\":\"https:\/\/www.pressenza.com\/fr\/#organization\"},\"potentialAction\":[{\"@type\":\"SearchAction\",\"target\":{\"@type\":\"EntryPoint\",\"urlTemplate\":\"https:\/\/www.pressenza.com\/fr\/?s={search_term_string}\"},\"query-input\":{\"@type\":\"PropertyValueSpecification\",\"valueRequired\":true,\"valueName\":\"search_term_string\"}}],\"inLanguage\":\"fr-FR\"},{\"@type\":\"Organization\",\"@id\":\"https:\/\/www.pressenza.com\/fr\/#organization\",\"name\":\"Pressenza\",\"url\":\"https:\/\/www.pressenza.com\/fr\/\",\"logo\":{\"@type\":\"ImageObject\",\"inLanguage\":\"fr-FR\",\"@id\":\"https:\/\/www.pressenza.com\/fr\/#\/schema\/logo\/image\/\",\"url\":\"https:\/\/www.pressenza.com\/wp-content\/uploads\/2022\/10\/pressenza_logo_200x200.jpg\",\"contentUrl\":\"https:\/\/www.pressenza.com\/wp-content\/uploads\/2022\/10\/pressenza_logo_200x200.jpg\",\"width\":200,\"height\":200,\"caption\":\"Pressenza\"},\"image\":{\"@id\":\"https:\/\/www.pressenza.com\/fr\/#\/schema\/logo\/image\/\"},\"sameAs\":[\"https:\/\/www.facebook.com\/PressenzaItalia\",\"https:\/\/x.com\/PressenzaIPA\"]},{\"@type\":\"Person\",\"@id\":\"https:\/\/www.pressenza.com\/fr\/#\/schema\/person\/9eae8d7f0aad5ec6a7f6f21ec94480fb\",\"name\":\"Pressenza Athens\",\"description\":\"News from the Pressenza Bureau in Athens, Greece\",\"sameAs\":[\"https:\/\/www.facebook.com\/pressenzagr\/\",\"https:\/\/x.com\/Pressenza_ath\"],\"url\":\"https:\/\/www.pressenza.com\/fr\/author\/pressenza-athens\/\"}]}<\/script>\n<!-- \/ Yoast SEO plugin. -->","yoast_head_json":{"title":"Moyen-Orient : Possibilit\u00e9 s\u00e9rieuse d'une escalade de la guerre apr\u00e8s l'assassinat de Nasrallah","description":"La situation au Moyen-Orient se dirige vers une escalade plut\u00f4t que vers une solution pacifique, suite \u00e0 l'annonce de l'assassinat du secr\u00e9taire g\u00e9n\u00e9ral","robots":{"index":"index","follow":"follow","max-snippet":"max-snippet:-1","max-image-preview":"max-image-preview:large","max-video-preview":"max-video-preview:-1"},"canonical":"https:\/\/www.pressenza.com\/fr\/2024\/10\/moyen-orient-possibilite-serieuse-dune-escalade-de-la-guerre-apres-lassassinat-de-nasrallah\/","og_locale":"fr_FR","og_type":"article","og_title":"Moyen-Orient : Possibilit\u00e9 s\u00e9rieuse d'une escalade de la guerre apr\u00e8s l'assassinat de Nasrallah","og_description":"La situation au Moyen-Orient se dirige vers une escalade plut\u00f4t que vers une solution pacifique, suite \u00e0 l'annonce de l'assassinat du secr\u00e9taire g\u00e9n\u00e9ral","og_url":"https:\/\/www.pressenza.com\/fr\/2024\/10\/moyen-orient-possibilite-serieuse-dune-escalade-de-la-guerre-apres-lassassinat-de-nasrallah\/","og_site_name":"Pressenza","article_publisher":"https:\/\/www.facebook.com\/PressenzaItalia","article_author":"https:\/\/www.facebook.com\/pressenzagr\/","article_published_time":"2024-10-01T20:23:01+00:00","article_modified_time":"2024-10-01T20:39:14+00:00","og_image":[{"width":1600,"height":1200,"url":"https:\/\/www.pressenza.com\/wp-content\/uploads\/2024\/09\/photo-Twitter-IfNotNow.jpg","type":"image\/jpeg"}],"author":"Pressenza Athens","twitter_card":"summary_large_image","twitter_creator":"@Pressenza_ath","twitter_site":"@PressenzaIPA","twitter_misc":{"\u00c9crit par":"Pressenza Athens","Dur\u00e9e de lecture estim\u00e9e":"2 minutes"},"schema":{"@context":"https:\/\/schema.org","@graph":[{"@type":"Article","@id":"https:\/\/www.pressenza.com\/fr\/2024\/10\/moyen-orient-possibilite-serieuse-dune-escalade-de-la-guerre-apres-lassassinat-de-nasrallah\/#article","isPartOf":{"@id":"https:\/\/www.pressenza.com\/fr\/2024\/10\/moyen-orient-possibilite-serieuse-dune-escalade-de-la-guerre-apres-lassassinat-de-nasrallah\/"},"author":{"name":"Pressenza Athens","@id":"https:\/\/www.pressenza.com\/fr\/#\/schema\/person\/9eae8d7f0aad5ec6a7f6f21ec94480fb"},"headline":"Moyen-Orient : Possibilit\u00e9 s\u00e9rieuse d&rsquo;une escalade de la guerre apr\u00e8s l&rsquo;assassinat de Nasrallah","datePublished":"2024-10-01T20:23:01+00:00","dateModified":"2024-10-01T20:39:14+00:00","mainEntityOfPage":{"@id":"https:\/\/www.pressenza.com\/fr\/2024\/10\/moyen-orient-possibilite-serieuse-dune-escalade-de-la-guerre-apres-lassassinat-de-nasrallah\/"},"wordCount":405,"publisher":{"@id":"https:\/\/www.pressenza.com\/fr\/#organization"},"image":{"@id":"https:\/\/www.pressenza.com\/fr\/2024\/10\/moyen-orient-possibilite-serieuse-dune-escalade-de-la-guerre-apres-lassassinat-de-nasrallah\/#primaryimage"},"thumbnailUrl":"https:\/\/www.pressenza.com\/wp-content\/uploads\/2024\/09\/photo-Twitter-IfNotNow.jpg","keywords":["Conflit Isra\u00ebl Palestine","frappes a\u00e9riennes","Hassan Nasrallah","Hezbollah","Isra\u00ebl","Liban","r\u00e9fugi\u00e9s"],"articleSection":["Contenu Original","Paix et D\u00e9sarmement","Politique","Proche et Moyen-Orient"],"inLanguage":"fr-FR"},{"@type":"WebPage","@id":"https:\/\/www.pressenza.com\/fr\/2024\/10\/moyen-orient-possibilite-serieuse-dune-escalade-de-la-guerre-apres-lassassinat-de-nasrallah\/","url":"https:\/\/www.pressenza.com\/fr\/2024\/10\/moyen-orient-possibilite-serieuse-dune-escalade-de-la-guerre-apres-lassassinat-de-nasrallah\/","name":"Moyen-Orient : Possibilit\u00e9 s\u00e9rieuse d'une escalade de la guerre apr\u00e8s l'assassinat de Nasrallah","isPartOf":{"@id":"https:\/\/www.pressenza.com\/fr\/#website"},"primaryImageOfPage":{"@id":"https:\/\/www.pressenza.com\/fr\/2024\/10\/moyen-orient-possibilite-serieuse-dune-escalade-de-la-guerre-apres-lassassinat-de-nasrallah\/#primaryimage"},"image":{"@id":"https:\/\/www.pressenza.com\/fr\/2024\/10\/moyen-orient-possibilite-serieuse-dune-escalade-de-la-guerre-apres-lassassinat-de-nasrallah\/#primaryimage"},"thumbnailUrl":"https:\/\/www.pressenza.com\/wp-content\/uploads\/2024\/09\/photo-Twitter-IfNotNow.jpg","datePublished":"2024-10-01T20:23:01+00:00","dateModified":"2024-10-01T20:39:14+00:00","description":"La situation au Moyen-Orient se dirige vers une escalade plut\u00f4t que vers une solution pacifique, suite \u00e0 l'annonce de l'assassinat du secr\u00e9taire g\u00e9n\u00e9ral","breadcrumb":{"@id":"https:\/\/www.pressenza.com\/fr\/2024\/10\/moyen-orient-possibilite-serieuse-dune-escalade-de-la-guerre-apres-lassassinat-de-nasrallah\/#breadcrumb"},"inLanguage":"fr-FR","potentialAction":[{"@type":"ReadAction","target":["https:\/\/www.pressenza.com\/fr\/2024\/10\/moyen-orient-possibilite-serieuse-dune-escalade-de-la-guerre-apres-lassassinat-de-nasrallah\/"]}]},{"@type":"ImageObject","inLanguage":"fr-FR","@id":"https:\/\/www.pressenza.com\/fr\/2024\/10\/moyen-orient-possibilite-serieuse-dune-escalade-de-la-guerre-apres-lassassinat-de-nasrallah\/#primaryimage","url":"https:\/\/www.pressenza.com\/wp-content\/uploads\/2024\/09\/photo-Twitter-IfNotNow.jpg","contentUrl":"https:\/\/www.pressenza.com\/wp-content\/uploads\/2024\/09\/photo-Twitter-IfNotNow.jpg","width":1600,"height":1200},{"@type":"BreadcrumbList","@id":"https:\/\/www.pressenza.com\/fr\/2024\/10\/moyen-orient-possibilite-serieuse-dune-escalade-de-la-guerre-apres-lassassinat-de-nasrallah\/#breadcrumb","itemListElement":[{"@type":"ListItem","position":1,"name":"Accueil","item":"https:\/\/www.pressenza.com\/fr\/"},{"@type":"ListItem","position":2,"name":"Moyen-Orient : Possibilit\u00e9 s\u00e9rieuse d&rsquo;une escalade de la guerre apr\u00e8s l&rsquo;assassinat de Nasrallah"}]},{"@type":"WebSite","@id":"https:\/\/www.pressenza.com\/fr\/#website","url":"https:\/\/www.pressenza.com\/fr\/","name":"Pressenza","description":"International Press Agency","publisher":{"@id":"https:\/\/www.pressenza.com\/fr\/#organization"},"potentialAction":[{"@type":"SearchAction","target":{"@type":"EntryPoint","urlTemplate":"https:\/\/www.pressenza.com\/fr\/?s={search_term_string}"},"query-input":{"@type":"PropertyValueSpecification","valueRequired":true,"valueName":"search_term_string"}}],"inLanguage":"fr-FR"},{"@type":"Organization","@id":"https:\/\/www.pressenza.com\/fr\/#organization","name":"Pressenza","url":"https:\/\/www.pressenza.com\/fr\/","logo":{"@type":"ImageObject","inLanguage":"fr-FR","@id":"https:\/\/www.pressenza.com\/fr\/#\/schema\/logo\/image\/","url":"https:\/\/www.pressenza.com\/wp-content\/uploads\/2022\/10\/pressenza_logo_200x200.jpg","contentUrl":"https:\/\/www.pressenza.com\/wp-content\/uploads\/2022\/10\/pressenza_logo_200x200.jpg","width":200,"height":200,"caption":"Pressenza"},"image":{"@id":"https:\/\/www.pressenza.com\/fr\/#\/schema\/logo\/image\/"},"sameAs":["https:\/\/www.facebook.com\/PressenzaItalia","https:\/\/x.com\/PressenzaIPA"]},{"@type":"Person","@id":"https:\/\/www.pressenza.com\/fr\/#\/schema\/person\/9eae8d7f0aad5ec6a7f6f21ec94480fb","name":"Pressenza Athens","description":"News from the Pressenza Bureau in Athens, Greece","sameAs":["https:\/\/www.facebook.com\/pressenzagr\/","https:\/\/x.com\/Pressenza_ath"],"url":"https:\/\/www.pressenza.com\/fr\/author\/pressenza-athens\/"}]}},"place":"","original_article_url":"","_links":{"self":[{"href":"https:\/\/www.pressenza.com\/fr\/wp-json\/wp\/v2\/posts\/2551545","targetHints":{"allow":["GET"]}}],"collection":[{"href":"https:\/\/www.pressenza.com\/fr\/wp-json\/wp\/v2\/posts"}],"about":[{"href":"https:\/\/www.pressenza.com\/fr\/wp-json\/wp\/v2\/types\/post"}],"author":[{"embeddable":true,"href":"https:\/\/www.pressenza.com\/fr\/wp-json\/wp\/v2\/users\/1220"}],"replies":[{"embeddable":true,"href":"https:\/\/www.pressenza.com\/fr\/wp-json\/wp\/v2\/comments?post=2551545"}],"version-history":[{"count":0,"href":"https:\/\/www.pressenza.com\/fr\/wp-json\/wp\/v2\/posts\/2551545\/revisions"}],"wp:featuredmedia":[{"embeddable":true,"href":"https:\/\/www.pressenza.com\/fr\/wp-json\/wp\/v2\/media\/2551553"}],"wp:attachment":[{"href":"https:\/\/www.pressenza.com\/fr\/wp-json\/wp\/v2\/media?parent=2551545"}],"wp:term":[{"taxonomy":"category","embeddable":true,"href":"https:\/\/www.pressenza.com\/fr\/wp-json\/wp\/v2\/categories?post=2551545"},{"taxonomy":"post_tag","embeddable":true,"href":"https:\/\/www.pressenza.com\/fr\/wp-json\/wp\/v2\/tags?post=2551545"}],"curies":[{"name":"wp","href":"https:\/\/api.w.org\/{rel}","templated":true}]}}