{"id":2547722,"date":"2024-09-14T00:07:01","date_gmt":"2024-09-13T23:07:01","guid":{"rendered":"https:\/\/www.pressenza.com\/?p=2547722"},"modified":"2024-09-14T00:07:01","modified_gmt":"2024-09-13T23:07:01","slug":"laisser-derriere-soi-la-loi-du-talion","status":"publish","type":"post","link":"https:\/\/www.pressenza.com\/fr\/2024\/09\/laisser-derriere-soi-la-loi-du-talion\/","title":{"rendered":"Laisser derri\u00e8re soi la loi du Talion"},"content":{"rendered":"<p>Il est regrettable de constater que dans les relations internationales, l&rsquo;ancienne loi du Talion, \u00e9tablie \u00e0 l&rsquo;\u00e9poque babylonienne et reprise avec quelques modifications dans le droit romain, est toujours en vigueur. La pulsion de vengeance est encore bien vivante dans l&rsquo;id\u00e9e que face \u00e0 un grief, une offense ou un pr\u00e9judice caus\u00e9, il est juste de riposter.<\/p>\n<p>Un \u00e9v\u00e9nement r\u00e9cent grave en ce sens a \u00e9t\u00e9 le bombardement criminel par Isra\u00ebl de la bande de Gaza, tuant plus de quarante mille Palestiniens, dont un grand nombre d&rsquo;enfants, suite \u00e0 l&rsquo;agression perp\u00e9tr\u00e9e le 7 octobre 2023 par l&rsquo;organisation politique et paramilitaire d&rsquo;orientation djihadiste Hamas (acronyme du Mouvement de r\u00e9sistance islamique) contre des citoyens isra\u00e9liens. Ces \u00e9pisodes s&rsquo;inscrivent dans une longue saga de violence qui implique plusieurs autres acteurs coresponsables.<\/p>\n<p>La destruction quasi totale des infrastructures qui permettaient \u00e0 quelque deux millions d&rsquo;habitants de subsister dans de dures conditions d&rsquo;apartheid ne peut \u00eatre qualifi\u00e9e de \u00ab l\u00e9gitime d\u00e9fense \u00bb, mais plut\u00f4t de politique de la \u00ab terre br\u00fbl\u00e9e \u00bb, dont l&rsquo;objectif est sans aucun doute l&rsquo;expulsion d\u00e9finitive de la population arabe de ce territoire. En d&rsquo;autres termes, il s&rsquo;agit d&rsquo;une mesure de nettoyage ethnique, similaire \u00e0 la \u00ab Nakba \u00bb de 1948, lorsque des centaines de milliers de Palestiniens ont \u00e9t\u00e9 contraints d&rsquo;\u00e9migrer apr\u00e8s le d\u00e9clenchement de la premi\u00e8re guerre isra\u00e9lo-arabe.<\/p>\n<p>La cr\u00e9ation de l&rsquo;\u00c9tat d&rsquo;Isra\u00ebl, aujourd&rsquo;hui fortement militaris\u00e9, est intervenue presque en m\u00eame temps que l&rsquo;\u00e9mergence des diff\u00e9rents \u00c9tats arabes dans le cadre de la d\u00e9colonisation r\u00e9gionale, du moins dans son caract\u00e8re formel [1]. Les Palestiniens n&rsquo;ont pas eu la m\u00eame opportunit\u00e9, malgr\u00e9 le mandat de partition d\u00e9clar\u00e9 par les Nations unies.<\/p>\n<p>Depuis lors, le cercle d\u00e9sastreux du terrorisme paramilitaire et \u00e9tatique, qui ne diff\u00e8re en rien de ce qui s&rsquo;est pass\u00e9 dans d&rsquo;autres r\u00e9gions, n&rsquo;a pas \u00e9t\u00e9 surmont\u00e9 par les divers accords et initiatives de paix. Dans le m\u00eame esprit vindicatif, les incursions militaires et l&rsquo;assassinat s\u00e9lectif de dirigeants continuent d&rsquo;\u00eatre introduits, et des r\u00e9ponses de repr\u00e9sailles sont annonc\u00e9es \u00e0 maintes reprises.<\/p>\n<p>Pr\u00e9cis\u00e9ment, le mot \u00ab repr\u00e9sailles \u00bb a la m\u00eame racine s\u00e9mantique \u00ab tal \u00bb ou \u00ab tallo \u00bb que Talion (NdT: en espagnol, \u2018repr\u00e9sailles\u2019 est<em> retaliaci\u00f3n<\/em> qui a pour racine le mot <em>tal <\/em>ou tallo), assimilant la poursuite du cycle sans fin de la violence \u00e0 une sorte de \u00ab justice \u00bb imaginaire, qui, \u00e0 en juger par ses effets d\u00e9vastateurs, ne constitue qu&rsquo;une injustice brutale.<\/p>\n<p>Il convient de noter que l&rsquo;adoption de ce type de r\u00e9ponse dans la sph\u00e8re du droit international conduit \u00e0 l&rsquo;armement, \u00e0 une militarisation croissante et \u00e0 l&rsquo;affirmation d&rsquo;une strat\u00e9gie de pr\u00e9tendue \u00ab dissuasion \u00bb, qui menace l&rsquo;\u00ab ennemi \u00bb, un ennemi \u00e9galement suppos\u00e9 d&rsquo;une punition encore plus s\u00e9v\u00e8re pour des actions consid\u00e9r\u00e9es comme offensives. Cela comprend, bien s\u00fbr, l&rsquo;hypoth\u00e8se irrationnelle d&rsquo;une extinction mutuelle (et \u00e9galement l\u2019extinction d\u2019autres populations) par l&rsquo;utilisation de d\u00e9tonations nucl\u00e9aires, aujourd&rsquo;hui infiniment plus destructrices que les bombes largu\u00e9es par les \u00c9tats-Unis sur Hiroshima et Nagasaki.<\/p>\n<p><strong>Il y a trop de g\u00e9nocides<\/strong><\/p>\n<p>Certains g\u00e9nocides sont en effet plus connus que d&rsquo;autres. Cela a beaucoup \u00e0 voir avec la diffusion de l&rsquo;industrie cin\u00e9matographique et des plateformes num\u00e9riques, dont les int\u00e9r\u00eats et les connexions co\u00efncident avec les macrostrat\u00e9gies g\u00e9opolitiques.<\/p>\n<p>Il est \u00e9vident que rien de tout cela ne peut conduire \u00e0 relativiser ou \u00e0 minimiser l&rsquo;impact douloureux de chacune de ces monstrueuses iniquit\u00e9s. Ce n&rsquo;est pas le nombre de victimes, ni la syst\u00e9maticit\u00e9 ou l&rsquo;intentionnalit\u00e9 dans leur r\u00e9alisation qui d\u00e9finissent les g\u00e9nocides, mais leur cruaut\u00e9 et leur inhumanit\u00e9 radicale. Tous ces actes constituent des crimes et m\u00e9ritent la r\u00e9pudiation la plus absolue.<\/p>\n<p>Et de m\u00eame qu&rsquo;il existe diff\u00e9rentes formes de violence, il existe \u00e9galement diff\u00e9rents types de g\u00e9nocide. La condamnation de millions d&rsquo;\u00eatres humains \u00e0 la faim, \u00e0 la malnutrition ou \u00e0 la pauvret\u00e9 ne doit-elle pas \u00eatre consid\u00e9r\u00e9e comme un g\u00e9nocide ? Et peut-\u00eatre aussi la violence quotidienne contre les femmes? La discrimination, l&rsquo;exclusion sociale, le racisme, la stigmatisation et les discours de haine, aujourd&rsquo;hui largement propag\u00e9s par l&rsquo;absence totale de bon sens et d&#8217;empathie des groupes et des gouvernements fascistes, ne sont-ils pas des signes \u00e9vidents d&rsquo;un g\u00e9nocide imminent ? Ce qui est le plus grave, au-del\u00e0 de toute d\u00e9finition, c&rsquo;est la r\u00e9alit\u00e9 de ces comportements, qui laissent entrevoir une attitude propre aux g\u00e9nocides.<\/p>\n<p>Au cours de la Seconde Guerre mondiale (ou \u00ab Grande Guerre \u00bb, selon l&rsquo;historiologie sovi\u00e9tique), qui a fait entre 50 et 70 millions de morts, onze millions de non-bellig\u00e9rants ont \u00e9t\u00e9 assassin\u00e9s dans le cadre de ce que les hi\u00e9rarques nazis ont appel\u00e9 la \u00ab solution finale \u00bb. Dans un gigantesque holocauste, six millions de Juifs, mais aussi des Tziganes, des homosexuels, des handicap\u00e9s physiques et mentaux, des dissidents politiques et des prisonniers de guerre sovi\u00e9tiques ont \u00e9t\u00e9 ex\u00e9cut\u00e9s en un peu moins de quatre ans. On estime que les deux tiers des Juifs vivant en Europe avant la guerre ont \u00e9t\u00e9 victimes d&rsquo;assassinats de masse.<\/p>\n<p>G\u00e9nocidaire fut aussi la domination du Congo par le roi des Belges L\u00e9opold II qui, dans une r\u00eaverie imp\u00e9rialiste tardive, conduisit \u00e0 la mort des millions de Congolais r\u00e9duits en esclavage afin de tirer profit de l&rsquo;exploitation des ressources naturelles, en particulier du caoutchouc. Ce g\u00e9nocide s&rsquo;est poursuivi avec l&rsquo;officialisation de l&rsquo;\u00c9tat colonial belge, mais aujourd&rsquo;hui encore, apr\u00e8s l&rsquo;ind\u00e9pendance, la guerre civile, le s\u00e9cessionnisme et le r\u00e9gime criminel de Mobutu Sese Seko, le g\u00e9nocide continue \u00e0 faucher des vies humaines dans le m\u00eame but d&rsquo;appropriation transnationale de ce qui appartient \u00e0 autrui.<\/p>\n<p>Un objectif identique \u00e0 celui d\u00e9velopp\u00e9 en Inde par l&rsquo;Empire britannique qui, selon les estimations d&rsquo;un article de Jason Hickel et Dylan Sullivan, a tu\u00e9 165 millions d&rsquo;Indiens en 40 ans, entre 1880 et 1920 [2], toujours sous la justification \u00ab d&rsquo;apporter la civilisation et le progr\u00e8s \u00bb aux populations locales.<\/p>\n<p>La conqu\u00eate coloniale espagnole et portugaise des Am\u00e9riques sous la banni\u00e8re de l&rsquo;\u00e9vang\u00e9lisation chr\u00e9tienne, au cours de laquelle des dizaines de millions d&rsquo;Indiens et d&rsquo;Africains r\u00e9duits en esclavage ont p\u00e9ri, n&rsquo;a pas \u00e9t\u00e9 diff\u00e9rente; ou encore la domination coloniale n\u00e9erlandaise, qui, entre autres d\u00e9sastres, a cr\u00e9\u00e9 le monstrueux apartheid en Afrique du Sud; ou celle de l&#8217;empire fran\u00e7ais, qui a inflig\u00e9 des souffrances indicibles aux Africains, aux Asiatiques et aux Carib\u00e9ens, refusant jusqu&rsquo;\u00e0 aujourd&rsquo;hui l&rsquo;autod\u00e9termination des peuples dans les territoires qu&rsquo;il contr\u00f4lait en Oc\u00e9anie.<\/p>\n<p>Cela a \u00e9t\u00e9 des souffrances similaires \u00e0 celles inflig\u00e9es par les militaires Jeunes-Turcs au peuple arm\u00e9nien aux derniers moments de l&rsquo;Empire ottoman entre 1915 et 1923. Les pers\u00e9cutions et l&rsquo;expulsion de leurs terres ont fait plus de 2 millions de victimes et un immense exil.<\/p>\n<p>Les guerres imp\u00e9rialistes en Indochine, en Cor\u00e9e et au Vi\u00eat Nam, dans le souci de l&rsquo;Occident de perp\u00e9tuer sa domination coloniale, ainsi que l&rsquo;extermination programm\u00e9e des courants de gauche et des soul\u00e8vements paysans en Am\u00e9rique latine dans le cadre de l&rsquo;insurrection populaire des ann\u00e9es 1960 et 1970 sont d&rsquo;autres exemples terribles de g\u00e9nocide.<\/p>\n<p>Sans tenter une ex\u00e9g\u00e8se difficile et douloureuse, nous ne pouvons pas ne pas mentionner ce qui s&rsquo;est pass\u00e9 au Rwanda en 1994, o\u00f9 pr\u00e8s d&rsquo;un million de personnes ont \u00e9t\u00e9 tu\u00e9es pour la seule raison qu&rsquo;elles appartenaient \u00e0 l&rsquo;ethnie tutsi.<\/p>\n<p>Cependant, aucun de ces \u00e9v\u00e9nements horribles ne justifie que le groupe humain qui a \u00e9t\u00e9 touch\u00e9 hier tente de rejeter sa faute d\u2019aujourd\u2019hui sur autrui et de soigner ses blessures par la vengeance. En effet, loin d&rsquo;apporter une quelconque r\u00e9paration, cette d\u00e9marche ne fait qu&rsquo;accro\u00eetre le ressentiment et compliquer toute solution possible.<\/p>\n<p><strong>Las ra\u00edces econ\u00f3micas y religioso-culturales de los genocidios<\/strong><\/p>\n<p>Au-del\u00e0 de toute justification id\u00e9ologique, le principal moteur politique et g\u00e9opolitique de tous les g\u00e9nocides a toujours \u00e9t\u00e9 le m\u00eame : le d\u00e9sir malsain de s&rsquo;approprier ce qui n&rsquo;est pas \u00e0 soi. Au-del\u00e0 des affirmations romantiques, il convient de souligner que ce d\u00e9sir n&rsquo;\u00e9tait pas seulement le fait des grands empires, des puissances coloniales monarchiques et r\u00e9publicaines ou, plus tard, du n\u00e9ocolonialisme des multinationales et des banques pr\u00e9datrices, mais qu&rsquo;il impliquait malheureusement la participation populaire de nombreux peuples opprim\u00e9s qui voyaient \u00e0 tort venir leur vengeance.<\/p>\n<p>Il est toutefois moins \u00e9vident que derri\u00e8re les d\u00e9sirs qui motivent les g\u00e9nocides se cache un substrat de croyances. Ces croyances ont \u00e9t\u00e9 culturellement \u00e9tablies par les diff\u00e9rentes religions (ou par une certaine interpr\u00e9tation manipul\u00e9e de celles-ci), c&rsquo;est pourquoi leur compr\u00e9hension doit \u00eatre approfondie afin d&rsquo;essayer d&rsquo;\u00e9radiquer ou, au moins, de mettre \u00e0 nu la base de ces actions.<\/p>\n<p>Dans la foi et la culture juives, par exemple, il y a la notion de \u00ab peuple \u00e9lu de Dieu \u00bb. Cette vision, renforc\u00e9e rituellement et historiquement, a conduit le peuple juif \u00e0 se sentir sp\u00e9cial, ce qui a conduit \u00e0 une diff\u00e9renciation permanente. Cette pression culturelle a sans doute favoris\u00e9 l&rsquo;\u00e9mergence de personnalit\u00e9s de premier plan dans divers domaines, mais elle a \u00e9galement engendr\u00e9 une tendance \u00e0 l&rsquo;isolement et des difficult\u00e9s \u00e0 \u00e9tablir des relations d&rsquo;\u00e9gal \u00e0 \u00e9gal avec d&rsquo;autres groupes humains (voir une condamnation par la communaut\u00e9 si ces relations \u00e9taient \u00e9tablies). Pouss\u00e9e \u00e0 l&rsquo;extr\u00eame, la croyance en ce choix pr\u00e9tendument divin a engendr\u00e9 un sentiment supr\u00e9matiste qui a fortement influenc\u00e9 d&rsquo;autres religions comme le christianisme, et qui a m\u00eame d\u00e9bord\u00e9 de mani\u00e8re d\u00e9cisive sur la sph\u00e8re sociale et politique.<\/p>\n<p>Dans le cas de l&rsquo;islam, le pr\u00e9cepte partag\u00e9 avec les autres religions abrahamiques d&rsquo;un Dieu unique &#8211; principe historiquement coh\u00e9rent avec l&rsquo;unification d&rsquo;un mode de vie tribal polyth\u00e9iste &#8211; a c\u00e9d\u00e9 la place, dans des interpr\u00e9tations excluantes, \u00e0 l&rsquo;id\u00e9e du \u00ab dieu unique \u00bb, renfor\u00e7ant l&rsquo;identit\u00e9, une fois de plus, par le biais de la diff\u00e9rence.<\/p>\n<p>Les impulsions supr\u00e9macistes sont \u00e9galement pr\u00e9sentes dans les anciennes religions avestiques et v\u00e9diques, que les peuples indo-aryens ont largement influenc\u00e9es par leur expansion g\u00e9ographique. En effet, le terme \u00ab aryen \u00bb &#8211; un terme r\u00e9pudi\u00e9 pour son utilisation n\u00e9faste au cours du g\u00e9nocide nazi &#8211; a le sens de \u00ab noble \u00bb en sanskrit, et est encore utilis\u00e9 aujourd&rsquo;hui dans le zoroastrisme, le bouddhisme, le ja\u00efnisme et l&rsquo;hindouisme, comme une qualit\u00e9 spirituelle distinctive.<\/p>\n<p>Il est clair que dans toutes les croyances susmentionn\u00e9es et leurs multiples variantes, ainsi que dans d&rsquo;autres, il existe des principes qui, \u00e0 l&rsquo;\u00e9poque, connotaient des avanc\u00e9es morales vers la compr\u00e9hension et la compassion et qui, sans aucun doute, ont \u00e9galement conduit \u00e0 des progr\u00e8s en mati\u00e8re de compr\u00e9hension mutuelle et de tol\u00e9rance. Mais il est n\u00e9cessaire de mettre en \u00e9vidence les \u00e9l\u00e9ments qui, aujourd&rsquo;hui encore, divisent, s\u00e9parent et d\u00e9sint\u00e8grent, surtout \u00e0 une \u00e9poque o\u00f9 les diff\u00e9rences et l&rsquo;individualisme ou l&rsquo;identitarisme gr\u00e9gaire semblent l&#8217;emporter sur l&rsquo;id\u00e9e et le sentiment de communaut\u00e9.<\/p>\n<p><strong>L&rsquo;id\u00e9e de communaut\u00e9<\/strong><\/p>\n<p>C&rsquo;est pr\u00e9cis\u00e9ment l&rsquo;id\u00e9e et le sentiment de communaut\u00e9, une pratique aussi ancienne que l&rsquo;humanit\u00e9, qui permettent de sortir de l&rsquo;impasse. Il n&rsquo;est pas n\u00e9cessaire d&rsquo;avoir des lucubrations complexes pour comprendre que la vie en commun dans le cadre d&rsquo;une communaut\u00e9 a toujours n\u00e9cessit\u00e9 un ensemble de principes commun\u00e9ment accept\u00e9s pour survivre dans des conditions de vie tr\u00e8s d\u00e9favorables.<\/p>\n<p>Le maintien de ce \u00ab cadre harmonieux \u00bb, au fur et \u00e0 mesure que la population humaine augmentait, se diversifiait et se complexifiait, a pris des formules diff\u00e9rentes, en adaptant et en rempla\u00e7ant \u00e0 chaque cycle les \u00e9l\u00e9ments les moins appropri\u00e9s \u00e0 l&rsquo;\u00e9volution de l&rsquo;esp\u00e8ce. Et c&rsquo;est pr\u00e9cis\u00e9ment le d\u00e9clin de la validit\u00e9 du sch\u00e9ma pr\u00e9c\u00e9dent qui est \u00e0 l&rsquo;origine de la crise actuelle.<\/p>\n<p>En visualisant ce long processus historique, il est n\u00e9cessaire d&rsquo;identifier la violence sous ses diff\u00e9rentes formes &#8211; physique, \u00e9conomique, ethnique, de genre, psychologique ou morale &#8211; comme l&rsquo;attitude personnelle et sociale qui entrave aujourd&rsquo;hui le progr\u00e8s de la vie dans un cadre communautaire harmonieux.<\/p>\n<p>Ainsi, la n\u00e9cessit\u00e9 de reformuler l&rsquo;id\u00e9e, le sentiment et la pratique de la communaut\u00e9 \u00e0 partir de la convergence de la diversit\u00e9 et non de l&rsquo;ancienne imposition de mandats et de comportements, est ce qui ouvre de nouvelles possibilit\u00e9s.<\/p>\n<p>Bien entendu, ce nouveau cadre harmonieux n\u00e9cessite un \u00e9lan courageux pour r\u00e9parer les situations caus\u00e9es par une violence ancienne et encore profond\u00e9ment enracin\u00e9e; il n\u00e9cessite \u00e9galement un \u00e9lan pour] une r\u00e9conciliation interne, personnelle, collective et culturelle, laissant derri\u00e8re elle les points de vue supr\u00e9macistes.<\/p>\n<p>C&rsquo;est pourquoi la non-violence, en termes de non-appropriation de l&rsquo;intentionnalit\u00e9 et de l&rsquo;avenir d&rsquo;autrui, sera le principe humaniste directeur pour ramener les soci\u00e9t\u00e9s sur le chemin de l&rsquo;\u00e9volution.<\/p>\n<p>Si les individus et les peuples d\u00e9cident d&rsquo;entreprendre le d\u00e9fi simultan\u00e9 de d\u00e9sactiver la violence dans leur monde int\u00e9rieur et dans leurs relations, l&rsquo;ab\u00eeme de la destruction ne triomphera pas, mais, comme nous l&rsquo;avons d\u00e9j\u00e0 dit, la Non-violence sera la force puissante qui transformera le monde et nous transportera vers une nouvelle phase de la communaut\u00e9 : la Nation Humaine Universelle.<\/p>\n<p>[1] Le Liban a obtenu son ind\u00e9pendance en tant qu&rsquo;\u00c9tat en 1943, la Syrie en 1946, de m\u00eame que la Jordanie et l&rsquo;Irak, tandis que l&rsquo;\u00c9gypte ne l&rsquo;obtiendra effectivement qu&rsquo;en 1953, apr\u00e8s la r\u00e9volution nationaliste men\u00e9e par Gamal Abdel Nasser.<\/p>\n<p>[2] Hickel, J. et Sullivan, D. \u00ab<em> Capitalism and extreme poverty : a global analysis of real wages, human height, and mortality since the long sixteenth century \u00bb, World Development Review.<\/em><\/p>\n<p>[ \u00ab Capitalisme et extr\u00eame pauvret\u00e9 : une analyse globale des salaires r\u00e9els, de la stature humaine et de la mortalit\u00e9 depuis le long 16e si\u00e8cle \u00bb, World Development Magazine.]<\/p>\n<p>&nbsp;<\/p>\n<p><em>Traduction, Evelyn Tischer<\/em><\/p>\n","protected":false},"excerpt":{"rendered":"<p>Il est regrettable de constater que dans les relations internationales, l&rsquo;ancienne loi du Talion, \u00e9tablie \u00e0 l&rsquo;\u00e9poque babylonienne et reprise avec quelques modifications dans le droit romain, est toujours en vigueur. La pulsion de vengeance est encore bien vivante dans&hellip;<\/p>\n","protected":false},"author":970,"featured_media":2547727,"comment_status":"closed","ping_status":"closed","sticky":false,"template":"","format":"standard","meta":{"footnotes":""},"categories":[11386,1246,1248],"tags":[104598,126669,33349,5699,31124,31026],"class_list":["post-2547722","post","type-post","status-publish","format-standard","has-post-thumbnail","hentry","category-contenu-original","category-humanisme-spiritualite","category-nonviolence-sujet","tag-communaute","tag-loi-du-talion","tag-nacion-humana-universal-fr","tag-nation-humaine-universelle","tag-venganza-fr","tag-vengeance"],"yoast_head":"<!-- This site is optimized with the Yoast SEO plugin v27.1.1 - https:\/\/yoast.com\/product\/yoast-seo-wordpress\/ -->\n<title>Laisser derri\u00e8re soi la loi du Talion<\/title>\n<meta name=\"description\" content=\"Il est regrettable de constater que dans les relations internationales, l&#039;ancienne loi du Talion, \u00e9tablie \u00e0 l&#039;\u00e9poque babylonienne et reprise avec quelques\" \/>\n<meta name=\"robots\" content=\"index, follow, max-snippet:-1, max-image-preview:large, max-video-preview:-1\" \/>\n<link rel=\"canonical\" href=\"https:\/\/www.pressenza.com\/fr\/2024\/09\/laisser-derriere-soi-la-loi-du-talion\/\" \/>\n<meta property=\"og:locale\" content=\"fr_FR\" \/>\n<meta property=\"og:type\" content=\"article\" \/>\n<meta property=\"og:title\" content=\"Laisser derri\u00e8re soi la loi du Talion\" \/>\n<meta property=\"og:description\" content=\"Il est regrettable de constater que dans les relations internationales, l&#039;ancienne loi du Talion, \u00e9tablie \u00e0 l&#039;\u00e9poque babylonienne et reprise avec quelques\" \/>\n<meta property=\"og:url\" content=\"https:\/\/www.pressenza.com\/fr\/2024\/09\/laisser-derriere-soi-la-loi-du-talion\/\" \/>\n<meta property=\"og:site_name\" content=\"Pressenza\" \/>\n<meta property=\"article:publisher\" content=\"https:\/\/www.facebook.com\/PressenzaItalia\" \/>\n<meta property=\"article:author\" content=\"https:\/\/www.facebook.com\/javier.tolcachier?fref=ts\" \/>\n<meta property=\"article:published_time\" content=\"2024-09-13T23:07:01+00:00\" \/>\n<meta property=\"og:image\" content=\"https:\/\/www.pressenza.com\/wp-content\/uploads\/2024\/08\/1024px-Dont_Bomb_Syria_-_An_Eye_for_an_Eye_2.jpg\" \/>\n\t<meta property=\"og:image:width\" content=\"1024\" \/>\n\t<meta property=\"og:image:height\" content=\"683\" \/>\n\t<meta property=\"og:image:type\" content=\"image\/jpeg\" \/>\n<meta name=\"author\" content=\"Javier Tolcachier\" \/>\n<meta name=\"twitter:card\" content=\"summary_large_image\" \/>\n<meta name=\"twitter:creator\" content=\"@jtolcachier\" \/>\n<meta name=\"twitter:site\" content=\"@PressenzaIPA\" \/>\n<meta name=\"twitter:label1\" content=\"\u00c9crit par\" \/>\n\t<meta name=\"twitter:data1\" content=\"Javier Tolcachier\" \/>\n\t<meta name=\"twitter:label2\" content=\"Dur\u00e9e de lecture estim\u00e9e\" \/>\n\t<meta name=\"twitter:data2\" content=\"11 minutes\" \/>\n<script type=\"application\/ld+json\" class=\"yoast-schema-graph\">{\"@context\":\"https:\/\/schema.org\",\"@graph\":[{\"@type\":\"Article\",\"@id\":\"https:\/\/www.pressenza.com\/fr\/2024\/09\/laisser-derriere-soi-la-loi-du-talion\/#article\",\"isPartOf\":{\"@id\":\"https:\/\/www.pressenza.com\/fr\/2024\/09\/laisser-derriere-soi-la-loi-du-talion\/\"},\"author\":{\"name\":\"Javier Tolcachier\",\"@id\":\"https:\/\/www.pressenza.com\/fr\/#\/schema\/person\/f353f6d4eed144101dedba60e6227564\"},\"headline\":\"Laisser derri\u00e8re soi la loi du Talion\",\"datePublished\":\"2024-09-13T23:07:01+00:00\",\"mainEntityOfPage\":{\"@id\":\"https:\/\/www.pressenza.com\/fr\/2024\/09\/laisser-derriere-soi-la-loi-du-talion\/\"},\"wordCount\":2484,\"publisher\":{\"@id\":\"https:\/\/www.pressenza.com\/fr\/#organization\"},\"image\":{\"@id\":\"https:\/\/www.pressenza.com\/fr\/2024\/09\/laisser-derriere-soi-la-loi-du-talion\/#primaryimage\"},\"thumbnailUrl\":\"https:\/\/www.pressenza.com\/wp-content\/uploads\/2024\/08\/1024px-Dont_Bomb_Syria_-_An_Eye_for_an_Eye_2.jpg\",\"keywords\":[\"communaut\u00e9\",\"loi du talion\",\"Naci\u00f3n Humana Universal\",\"Nation humaine universelle\",\"Venganza\",\"vengeance\"],\"articleSection\":[\"Contenu Original\",\"Humanisme et Spiritualit\u00e9\",\"Non-violence\"],\"inLanguage\":\"fr-FR\"},{\"@type\":\"WebPage\",\"@id\":\"https:\/\/www.pressenza.com\/fr\/2024\/09\/laisser-derriere-soi-la-loi-du-talion\/\",\"url\":\"https:\/\/www.pressenza.com\/fr\/2024\/09\/laisser-derriere-soi-la-loi-du-talion\/\",\"name\":\"Laisser derri\u00e8re soi la loi du Talion\",\"isPartOf\":{\"@id\":\"https:\/\/www.pressenza.com\/fr\/#website\"},\"primaryImageOfPage\":{\"@id\":\"https:\/\/www.pressenza.com\/fr\/2024\/09\/laisser-derriere-soi-la-loi-du-talion\/#primaryimage\"},\"image\":{\"@id\":\"https:\/\/www.pressenza.com\/fr\/2024\/09\/laisser-derriere-soi-la-loi-du-talion\/#primaryimage\"},\"thumbnailUrl\":\"https:\/\/www.pressenza.com\/wp-content\/uploads\/2024\/08\/1024px-Dont_Bomb_Syria_-_An_Eye_for_an_Eye_2.jpg\",\"datePublished\":\"2024-09-13T23:07:01+00:00\",\"description\":\"Il est regrettable de constater que dans les relations internationales, l'ancienne loi du Talion, \u00e9tablie \u00e0 l'\u00e9poque babylonienne et reprise avec quelques\",\"breadcrumb\":{\"@id\":\"https:\/\/www.pressenza.com\/fr\/2024\/09\/laisser-derriere-soi-la-loi-du-talion\/#breadcrumb\"},\"inLanguage\":\"fr-FR\",\"potentialAction\":[{\"@type\":\"ReadAction\",\"target\":[\"https:\/\/www.pressenza.com\/fr\/2024\/09\/laisser-derriere-soi-la-loi-du-talion\/\"]}]},{\"@type\":\"ImageObject\",\"inLanguage\":\"fr-FR\",\"@id\":\"https:\/\/www.pressenza.com\/fr\/2024\/09\/laisser-derriere-soi-la-loi-du-talion\/#primaryimage\",\"url\":\"https:\/\/www.pressenza.com\/wp-content\/uploads\/2024\/08\/1024px-Dont_Bomb_Syria_-_An_Eye_for_an_Eye_2.jpg\",\"contentUrl\":\"https:\/\/www.pressenza.com\/wp-content\/uploads\/2024\/08\/1024px-Dont_Bomb_Syria_-_An_Eye_for_an_Eye_2.jpg\",\"width\":1024,\"height\":683},{\"@type\":\"BreadcrumbList\",\"@id\":\"https:\/\/www.pressenza.com\/fr\/2024\/09\/laisser-derriere-soi-la-loi-du-talion\/#breadcrumb\",\"itemListElement\":[{\"@type\":\"ListItem\",\"position\":1,\"name\":\"Accueil\",\"item\":\"https:\/\/www.pressenza.com\/fr\/\"},{\"@type\":\"ListItem\",\"position\":2,\"name\":\"Laisser derri\u00e8re soi la loi du Talion\"}]},{\"@type\":\"WebSite\",\"@id\":\"https:\/\/www.pressenza.com\/fr\/#website\",\"url\":\"https:\/\/www.pressenza.com\/fr\/\",\"name\":\"Pressenza\",\"description\":\"International Press Agency\",\"publisher\":{\"@id\":\"https:\/\/www.pressenza.com\/fr\/#organization\"},\"potentialAction\":[{\"@type\":\"SearchAction\",\"target\":{\"@type\":\"EntryPoint\",\"urlTemplate\":\"https:\/\/www.pressenza.com\/fr\/?s={search_term_string}\"},\"query-input\":{\"@type\":\"PropertyValueSpecification\",\"valueRequired\":true,\"valueName\":\"search_term_string\"}}],\"inLanguage\":\"fr-FR\"},{\"@type\":\"Organization\",\"@id\":\"https:\/\/www.pressenza.com\/fr\/#organization\",\"name\":\"Pressenza\",\"url\":\"https:\/\/www.pressenza.com\/fr\/\",\"logo\":{\"@type\":\"ImageObject\",\"inLanguage\":\"fr-FR\",\"@id\":\"https:\/\/www.pressenza.com\/fr\/#\/schema\/logo\/image\/\",\"url\":\"https:\/\/www.pressenza.com\/wp-content\/uploads\/2022\/10\/pressenza_logo_200x200.jpg\",\"contentUrl\":\"https:\/\/www.pressenza.com\/wp-content\/uploads\/2022\/10\/pressenza_logo_200x200.jpg\",\"width\":200,\"height\":200,\"caption\":\"Pressenza\"},\"image\":{\"@id\":\"https:\/\/www.pressenza.com\/fr\/#\/schema\/logo\/image\/\"},\"sameAs\":[\"https:\/\/www.facebook.com\/PressenzaItalia\",\"https:\/\/x.com\/PressenzaIPA\"]},{\"@type\":\"Person\",\"@id\":\"https:\/\/www.pressenza.com\/fr\/#\/schema\/person\/f353f6d4eed144101dedba60e6227564\",\"name\":\"Javier Tolcachier\",\"description\":\"Javier Tolcachier is a researcher from the World Centre of Humanist Studies, an organism of the Humanist Movement. Mail: javiertolcachier@disroot.org Twitter: @jtolcachier\",\"sameAs\":[\"https:\/\/www.facebook.com\/javier.tolcachier?fref=ts\",\"https:\/\/x.com\/jtolcachier\"],\"url\":\"https:\/\/www.pressenza.com\/fr\/author\/javier-tolcachier\/\"}]}<\/script>\n<!-- \/ Yoast SEO plugin. -->","yoast_head_json":{"title":"Laisser derri\u00e8re soi la loi du Talion","description":"Il est regrettable de constater que dans les relations internationales, l'ancienne loi du Talion, \u00e9tablie \u00e0 l'\u00e9poque babylonienne et reprise avec quelques","robots":{"index":"index","follow":"follow","max-snippet":"max-snippet:-1","max-image-preview":"max-image-preview:large","max-video-preview":"max-video-preview:-1"},"canonical":"https:\/\/www.pressenza.com\/fr\/2024\/09\/laisser-derriere-soi-la-loi-du-talion\/","og_locale":"fr_FR","og_type":"article","og_title":"Laisser derri\u00e8re soi la loi du Talion","og_description":"Il est regrettable de constater que dans les relations internationales, l'ancienne loi du Talion, \u00e9tablie \u00e0 l'\u00e9poque babylonienne et reprise avec quelques","og_url":"https:\/\/www.pressenza.com\/fr\/2024\/09\/laisser-derriere-soi-la-loi-du-talion\/","og_site_name":"Pressenza","article_publisher":"https:\/\/www.facebook.com\/PressenzaItalia","article_author":"https:\/\/www.facebook.com\/javier.tolcachier?fref=ts","article_published_time":"2024-09-13T23:07:01+00:00","og_image":[{"width":1024,"height":683,"url":"https:\/\/www.pressenza.com\/wp-content\/uploads\/2024\/08\/1024px-Dont_Bomb_Syria_-_An_Eye_for_an_Eye_2.jpg","type":"image\/jpeg"}],"author":"Javier Tolcachier","twitter_card":"summary_large_image","twitter_creator":"@jtolcachier","twitter_site":"@PressenzaIPA","twitter_misc":{"\u00c9crit par":"Javier Tolcachier","Dur\u00e9e de lecture estim\u00e9e":"11 minutes"},"schema":{"@context":"https:\/\/schema.org","@graph":[{"@type":"Article","@id":"https:\/\/www.pressenza.com\/fr\/2024\/09\/laisser-derriere-soi-la-loi-du-talion\/#article","isPartOf":{"@id":"https:\/\/www.pressenza.com\/fr\/2024\/09\/laisser-derriere-soi-la-loi-du-talion\/"},"author":{"name":"Javier Tolcachier","@id":"https:\/\/www.pressenza.com\/fr\/#\/schema\/person\/f353f6d4eed144101dedba60e6227564"},"headline":"Laisser derri\u00e8re soi la loi du Talion","datePublished":"2024-09-13T23:07:01+00:00","mainEntityOfPage":{"@id":"https:\/\/www.pressenza.com\/fr\/2024\/09\/laisser-derriere-soi-la-loi-du-talion\/"},"wordCount":2484,"publisher":{"@id":"https:\/\/www.pressenza.com\/fr\/#organization"},"image":{"@id":"https:\/\/www.pressenza.com\/fr\/2024\/09\/laisser-derriere-soi-la-loi-du-talion\/#primaryimage"},"thumbnailUrl":"https:\/\/www.pressenza.com\/wp-content\/uploads\/2024\/08\/1024px-Dont_Bomb_Syria_-_An_Eye_for_an_Eye_2.jpg","keywords":["communaut\u00e9","loi du talion","Naci\u00f3n Humana Universal","Nation humaine universelle","Venganza","vengeance"],"articleSection":["Contenu Original","Humanisme et Spiritualit\u00e9","Non-violence"],"inLanguage":"fr-FR"},{"@type":"WebPage","@id":"https:\/\/www.pressenza.com\/fr\/2024\/09\/laisser-derriere-soi-la-loi-du-talion\/","url":"https:\/\/www.pressenza.com\/fr\/2024\/09\/laisser-derriere-soi-la-loi-du-talion\/","name":"Laisser derri\u00e8re soi la loi du Talion","isPartOf":{"@id":"https:\/\/www.pressenza.com\/fr\/#website"},"primaryImageOfPage":{"@id":"https:\/\/www.pressenza.com\/fr\/2024\/09\/laisser-derriere-soi-la-loi-du-talion\/#primaryimage"},"image":{"@id":"https:\/\/www.pressenza.com\/fr\/2024\/09\/laisser-derriere-soi-la-loi-du-talion\/#primaryimage"},"thumbnailUrl":"https:\/\/www.pressenza.com\/wp-content\/uploads\/2024\/08\/1024px-Dont_Bomb_Syria_-_An_Eye_for_an_Eye_2.jpg","datePublished":"2024-09-13T23:07:01+00:00","description":"Il est regrettable de constater que dans les relations internationales, l'ancienne loi du Talion, \u00e9tablie \u00e0 l'\u00e9poque babylonienne et reprise avec quelques","breadcrumb":{"@id":"https:\/\/www.pressenza.com\/fr\/2024\/09\/laisser-derriere-soi-la-loi-du-talion\/#breadcrumb"},"inLanguage":"fr-FR","potentialAction":[{"@type":"ReadAction","target":["https:\/\/www.pressenza.com\/fr\/2024\/09\/laisser-derriere-soi-la-loi-du-talion\/"]}]},{"@type":"ImageObject","inLanguage":"fr-FR","@id":"https:\/\/www.pressenza.com\/fr\/2024\/09\/laisser-derriere-soi-la-loi-du-talion\/#primaryimage","url":"https:\/\/www.pressenza.com\/wp-content\/uploads\/2024\/08\/1024px-Dont_Bomb_Syria_-_An_Eye_for_an_Eye_2.jpg","contentUrl":"https:\/\/www.pressenza.com\/wp-content\/uploads\/2024\/08\/1024px-Dont_Bomb_Syria_-_An_Eye_for_an_Eye_2.jpg","width":1024,"height":683},{"@type":"BreadcrumbList","@id":"https:\/\/www.pressenza.com\/fr\/2024\/09\/laisser-derriere-soi-la-loi-du-talion\/#breadcrumb","itemListElement":[{"@type":"ListItem","position":1,"name":"Accueil","item":"https:\/\/www.pressenza.com\/fr\/"},{"@type":"ListItem","position":2,"name":"Laisser derri\u00e8re soi la loi du Talion"}]},{"@type":"WebSite","@id":"https:\/\/www.pressenza.com\/fr\/#website","url":"https:\/\/www.pressenza.com\/fr\/","name":"Pressenza","description":"International Press Agency","publisher":{"@id":"https:\/\/www.pressenza.com\/fr\/#organization"},"potentialAction":[{"@type":"SearchAction","target":{"@type":"EntryPoint","urlTemplate":"https:\/\/www.pressenza.com\/fr\/?s={search_term_string}"},"query-input":{"@type":"PropertyValueSpecification","valueRequired":true,"valueName":"search_term_string"}}],"inLanguage":"fr-FR"},{"@type":"Organization","@id":"https:\/\/www.pressenza.com\/fr\/#organization","name":"Pressenza","url":"https:\/\/www.pressenza.com\/fr\/","logo":{"@type":"ImageObject","inLanguage":"fr-FR","@id":"https:\/\/www.pressenza.com\/fr\/#\/schema\/logo\/image\/","url":"https:\/\/www.pressenza.com\/wp-content\/uploads\/2022\/10\/pressenza_logo_200x200.jpg","contentUrl":"https:\/\/www.pressenza.com\/wp-content\/uploads\/2022\/10\/pressenza_logo_200x200.jpg","width":200,"height":200,"caption":"Pressenza"},"image":{"@id":"https:\/\/www.pressenza.com\/fr\/#\/schema\/logo\/image\/"},"sameAs":["https:\/\/www.facebook.com\/PressenzaItalia","https:\/\/x.com\/PressenzaIPA"]},{"@type":"Person","@id":"https:\/\/www.pressenza.com\/fr\/#\/schema\/person\/f353f6d4eed144101dedba60e6227564","name":"Javier Tolcachier","description":"Javier Tolcachier is a researcher from the World Centre of Humanist Studies, an organism of the Humanist Movement. Mail: javiertolcachier@disroot.org Twitter: @jtolcachier","sameAs":["https:\/\/www.facebook.com\/javier.tolcachier?fref=ts","https:\/\/x.com\/jtolcachier"],"url":"https:\/\/www.pressenza.com\/fr\/author\/javier-tolcachier\/"}]}},"place":"","original_article_url":"","_links":{"self":[{"href":"https:\/\/www.pressenza.com\/fr\/wp-json\/wp\/v2\/posts\/2547722","targetHints":{"allow":["GET"]}}],"collection":[{"href":"https:\/\/www.pressenza.com\/fr\/wp-json\/wp\/v2\/posts"}],"about":[{"href":"https:\/\/www.pressenza.com\/fr\/wp-json\/wp\/v2\/types\/post"}],"author":[{"embeddable":true,"href":"https:\/\/www.pressenza.com\/fr\/wp-json\/wp\/v2\/users\/970"}],"replies":[{"embeddable":true,"href":"https:\/\/www.pressenza.com\/fr\/wp-json\/wp\/v2\/comments?post=2547722"}],"version-history":[{"count":0,"href":"https:\/\/www.pressenza.com\/fr\/wp-json\/wp\/v2\/posts\/2547722\/revisions"}],"wp:featuredmedia":[{"embeddable":true,"href":"https:\/\/www.pressenza.com\/fr\/wp-json\/wp\/v2\/media\/2547727"}],"wp:attachment":[{"href":"https:\/\/www.pressenza.com\/fr\/wp-json\/wp\/v2\/media?parent=2547722"}],"wp:term":[{"taxonomy":"category","embeddable":true,"href":"https:\/\/www.pressenza.com\/fr\/wp-json\/wp\/v2\/categories?post=2547722"},{"taxonomy":"post_tag","embeddable":true,"href":"https:\/\/www.pressenza.com\/fr\/wp-json\/wp\/v2\/tags?post=2547722"}],"curies":[{"name":"wp","href":"https:\/\/api.w.org\/{rel}","templated":true}]}}