{"id":2546877,"date":"2024-09-09T21:01:13","date_gmt":"2024-09-09T20:01:13","guid":{"rendered":"https:\/\/www.pressenza.com\/?p=2546877"},"modified":"2024-09-09T21:04:12","modified_gmt":"2024-09-09T20:04:12","slug":"cuba-lettre-ouverte-dignacio-ramonet-au-president-joe-biden","status":"publish","type":"post","link":"https:\/\/www.pressenza.com\/fr\/2024\/09\/cuba-lettre-ouverte-dignacio-ramonet-au-president-joe-biden\/","title":{"rendered":"Cuba : Lettre ouverte d&rsquo;Ignacio Ramonet au pr\u00e9sident Joe Biden"},"content":{"rendered":"<p>Bonjour, notre ami le grand \u00e9crivain Abel Prieto, ancien ministre de la Culture de Cuba, actuel directeur de la <em>Casa de las Am\u00e9ricas<\/em> \u00e0 La Havane, et toute son \u00e9quipe font circuler cette lettre : <i>\u00ab Lettre ouverte au pr\u00e9sident Joe Biden<\/i> \u00bb, que j\u2019ai \u00e9crite \u00ab pour exiger du pr\u00e9sident des \u00c9tats Unis qu\u2019il retire Cuba de la liste inf\u00e2me des pays soutenant le terrorisme \u00bb avant la fin de son mandat. Merci de la lire.<\/p>\n<p>Si tu es d&rsquo;accord, ajoute ta signature.<br \/>\nEt demande aux personnalit\u00e9s que tu connais de la signer \u00e9galement.<br \/>\nEnsemble, nous pouvons y arriver. Cuba et son peuple h\u00e9ro\u00efque ont besoin de notre soutien et le m\u00e9ritent.<br \/>\nEnvoie ton nom, pr\u00e9nom, profession ou activit\u00e9 \u00e0 l&rsquo;adresse \u00e9lectronique suivante :<br \/>\ncasadelasamericas2024@gmail.com<\/p>\n<p>MERCI !<br \/>\nIgnacio Ramonet<\/p>\n<p><b>LETTRE OUVERTE D&rsquo;IGNACIO RAMONET AU PR\u00c9SIDENT JOE BIDEN<\/b><\/p>\n<p><i>\u00ab Retirez Cuba de la liste des pays qui soutiennent le terrorisme ! \u00bb<\/i><\/p>\n<p>Ignacio Ramonet<br \/>\nProfesseur. \u00c9crivain. Journaliste<br \/>\nParis (France)<br \/>\n\u00e0<br \/>\nM. Joseph R. Biden<br \/>\nPr\u00e9sident des \u00c9tats-Unis d&rsquo;Am\u00e9rique<br \/>\nWashington DC (\u00c9tats-Unis)<\/p>\n<p>Monsieur le Pr\u00e9sident Joe Biden,<\/p>\n<p>Votre mandat pr\u00e9sidentiel s&rsquo;ach\u00e8ve dans quelques mois. Je me permets de vous \u00e9crire, avec tout mon respect, au nom d&rsquo;un grand nombre de personnes, de mouvements sociaux, de syndicats, d&rsquo;associations humanitaires et d&rsquo;organisations non gouvernementales \u00e0 travers le monde qui signent cette lettre avec moi et qui attendent un geste de votre part en vue de r\u00e9parer une profonde injustice commise le 12 janvier 2021 par votre pr\u00e9d\u00e9cesseur, Donald Trump, lorsque, quelques semaines avant de quitter la Maison Blanche, il a d\u00e9cid\u00e9 \u2013 sans v\u00e9ritables bases juridiques \u2013 de r\u00e9inscrire Cuba sur la liste inf\u00e2me des \u00c9tats soutenant le terrorisme (liste SSOT pour son sigle en anglais).<\/p>\n<p>Monsieur le Pr\u00e9sident, comme vous le savez, cette liste SSOT est un m\u00e9canisme de politique \u00e9trang\u00e8re, con\u00e7u par le Secr\u00e9tariat d&rsquo;\u00c9tat (minist\u00e8re des Affaires \u00e9trang\u00e8res) des \u00c9tats-Unis visant \u00e0 sanctionner les pays qui \u00ab soutiennent de mani\u00e8re r\u00e9p\u00e9t\u00e9e des actes de terrorisme international \u00bb.<\/p>\n<p>Monsieur le Pr\u00e9sident, dans un acte de justice et de lucidit\u00e9 politique, l&rsquo;administration du pr\u00e9sident Barack Obama, dont vous \u00e9tiez membre, avait retir\u00e9 Cuba de cette liste d\u00e9shonorante en 2015, ce qui a repr\u00e9sent\u00e9 un pas tr\u00e8s positif pour forger, enfin, une relation plus constructive avec La Havane. Durant le gouvernement de Barack Obama, alors que vous \u00e9tiez vice-pr\u00e9sident des \u00c9tats-Unis, il a en effet \u00e9t\u00e9 possible d&rsquo;avancer vers une normalisation des relations diplomatiques entre deux voisins aux syst\u00e8mes politiques diff\u00e9rents, mais d\u00e9sireux de se comprendre sur la base du respect mutuel.<\/p>\n<p>Monsieur le Pr\u00e9sident, vous n&rsquo;\u00eates pas sans savoir que Cuba a toujours d\u00e9nonc\u00e9 et combattu le terrorisme. Elle ne l&rsquo;a jamais encourag\u00e9 ou parrain\u00e9. Elle ne l&rsquo;a jamais pratiqu\u00e9. Depuis 65 ans, malgr\u00e9 les tensions qui ont pu exister entre les \u00c9tats-Unis et Cuba, on ne peut pas citer un seul cas d&rsquo;action violente survenue sur le territoire \u00e9tasunien qui aurait \u00e9t\u00e9 parrain\u00e9, directement ou indirectement, par La Havane. Pas un seul cas ! En revanche, Cuba a \u00e9t\u00e9 l&rsquo;un des pays les plus attaqu\u00e9s par des organisations terroristes. Plus de 3 500 citoyens cubains sont morts lors d\u2019attentats commis par des groupes terroristes financ\u00e9s, arm\u00e9s et entra\u00een\u00e9s par des organisations violentes bas\u00e9es, pour la plupart, aux \u00c9tats-Unis. En d&rsquo;autres termes, c&rsquo;est le monde \u00e0 l&rsquo;envers. Et vous le savez.<\/p>\n<p>Monsieur le Pr\u00e9sident, vous n\u2019ignorez pas non plus qu&rsquo;en ayant inclus Cuba \u2013 injustement \u2013 sur cette liste SSOT, de nombreuses et douloureuses mesures coercitives unilat\u00e9rales sont appliqu\u00e9es \u00e0 ce pays et \u00e0 sa population innocente. Les cons\u00e9quences les plus atroces proviennent du risque associ\u00e9 \u00e0 tout type d&rsquo;aide humanitaire, affaires, investissements et commerce qui impliquerait Cuba et, par extension, ses citoyens. Par exemple, les Cubains ayant une nationalit\u00e9 \u00e9trang\u00e8re qui remplissent les conditions requises pour b\u00e9n\u00e9ficier d&rsquo;une d\u00e9rogation au Syst\u00e8me \u00e9lectronique d&rsquo;autorisation de voyage (ESTA) pour se rendre aux \u00c9tats-Unis se sont vu refuser cette d\u00e9rogation. Les Cubains r\u00e9sidant dans l&rsquo;Union europ\u00e9enne ont vu leurs comptes bancaires ferm\u00e9s, car du fait que leur pays figure sur la liste SSOT, ils deviennent automatiquement des \u00ab clients \u00e0 haut risque \u00bb. Les fonds de nombreux groupes religieux ont \u00e9t\u00e9 gel\u00e9s et les envois d&rsquo;aide humanitaire vers l&rsquo;\u00eele bloqu\u00e9s. Les personnes qui tentent de transf\u00e9rer de l&rsquo;argent via PayPal ou Wise \u00e0 des membres de leur famille \u00e0 Cuba peuvent voir leurs fonds gel\u00e9s et leurs comptes bloqu\u00e9s. La plupart des banques refusent de traiter les paiements cubains et ont m\u00eame gel\u00e9 les sommes d&rsquo;argent destin\u00e9es \u00e0 des activit\u00e9s humanitaires. La pr\u00e9sence de Cuba sur cette liste SSOT limite, pour les particuliers, l&rsquo;ouverture de comptes bancaires \u00e0 l&rsquo;\u00e9tranger, l&rsquo;utilisation d&rsquo;instruments de recouvrement et de paiement internationaux, l&rsquo;acc\u00e8s \u00e0 la banque num\u00e9rique, la contractualisation de serveurs et de services en ligne et mille autres entraves.<\/p>\n<p>Monsieur le Pr\u00e9sident, l&rsquo;inclusion de Cuba sur cette liste SSOT implique, de plus, que les voyageurs \u00e9trangers des pays inclus dans l&rsquo;ESTA qui souhaitent se rendre \u00e0 Cuba sont tenus de demander un visa sp\u00e9cial aupr\u00e8s du consulat g\u00e9n\u00e9ral de l&rsquo;ambassade des \u00c9tats-Unis dans leur pays d&rsquo;origine. Cette politique, mise en \u0153uvre par votre administration, a un impact n\u00e9gatif sur l&rsquo;industrie touristique de Cuba, un secteur d&rsquo;une importance d\u00e9cisive pour l&rsquo;\u00e9conomie fragile de l&rsquo;\u00eele.<\/p>\n<p>Monsieur le Pr\u00e9sident, comme vous le savez, tout cela s&rsquo;ajoute aux terribles cons\u00e9quences du cruel et ill\u00e9gal blocus \u00e9conomique, commercial et financier contre Cuba que le gouvernement de votre pays maintient depuis plus de 60 ans \u2013 ignorant la position claire de la communaut\u00e9 internationale et les r\u00e9solutions successives de l&rsquo;Assembl\u00e9e g\u00e9n\u00e9rale des Nations unies \u2013, dans le but de provoquer une situation de p\u00e9nurie et de m\u00e9contentement au sein du peuple cubain qui conduirait \u00e0 des manifestations contre les autorit\u00e9s cubaines.<\/p>\n<p>Monsieur le Pr\u00e9sident, un tel dessein agressif, responsable de tant de douleur et tant d&rsquo;\u00e9preuves \u00e0 la population civile innocente de Cuba, a atteint, au cours de cette derni\u00e8re d\u00e9cennie, \u2013 comme votre propre \u00e9pouse Jill Biden a pu le constater lors de sa visite surl&rsquo;\u00eele en octobre 2016 \u2013 des dimensions punitives inhumaines. Le peuple cubain est priv\u00e9 d\u2019acc\u00e8s \u00e0 de nombreux biens et ressources de base : m\u00e9dicaments, nourriture, mat\u00e9riaux de construction, engrais, \u00e9nergie, machines industrielles, pi\u00e8ces de rechange qui ne peuvent pas \u00eatre import\u00e9s du fait que Cuba figure sur cette liste. La vague migratoire actuelle d\u2019expatri\u00e9s cubains vers les \u00c9tats-Unis, d&rsquo;une ampleur sans pr\u00e9c\u00e9dent, est peut-\u00eatre l&rsquo;exemple le plus illustratif de l&rsquo;impact d\u00e9vastateur et de la souffrance caus\u00e9e par les mesures extr\u00eames et brutales contre l&rsquo;\u00e9conomie cubaine r\u00e9sultant \u00e0 la fois du blocus criminel et de l&rsquo;inclusion injuste de Cuba sur l\u2019inf\u00e2me liste SSOT.<\/p>\n<p>Monsieur le Pr\u00e9sident, vous n\u2019ignorez pas non plus qu&rsquo;en mai 2024, le D\u00e9partement d&rsquo;\u00c9tat a pris la d\u00e9cision de retirer Cuba de la liste des \u00ab \u00c9tats qui ne coop\u00e8rent pas \u00e0 la lutte contre le terrorisme \u00bb. Une d\u00e9cision sage et juste. Malgr\u00e9 cela, et de mani\u00e8re contradictoire, incongrue, confuse et injustifiable, votre administration s&rsquo;obstine \u00e0 maintenir Cuba sur la liste SSOT, celle des \u00c9tats soutenant le terrorisme. Comment est-il possible d&rsquo;affirmer, en m\u00eame temps, qu\u2019en effet Cuba coop\u00e8re \u00e0 la lutte globale contre le terrorisme, et d&rsquo;accuser en m\u00eame temps La Havane de soutenir ouvertement le terrorisme ? La meilleure fa\u00e7on de clarifier cette contradiction est de retirer imm\u00e9diatement Cuba de la liste SSOT.<\/p>\n<p>Monsieur le Pr\u00e9sident, Cuba n&rsquo;est pas un commanditaire du terrorisme. Au contraire, Cuba est un commanditaire de la paix. Et vous le savez. Car vous vous souvenez sans doute qu\u2019alors que vous \u00e9tiez vice-pr\u00e9sident des \u00c9tats-Unis, en 2016, les accords de paix ont \u00e9t\u00e9 sign\u00e9s \u00e0 La Havane entre l&rsquo;\u00c9tat colombien et les Forces arm\u00e9es r\u00e9volutionnaires de Colombie (FARC), consid\u00e9r\u00e9es \u00e0 l&rsquo;\u00e9poque comme une \u00ab organisation terroriste \u00bb, lesquels ont mis fin \u00e0 plus d&rsquo;un demi-si\u00e8cle de guerre et de tueries, et ont m\u00eame valu au pr\u00e9sident colombien Juan Manuel Santos le prix Nobel de la paix. Cela n&rsquo;aurait pas \u00e9t\u00e9 possible sans la participation diplomatique active du gouvernement cubain.<\/p>\n<p>Monsieur le Pr\u00e9sident, cette pacification a eu un tel impact qu\u2019\u00e0 partir de 2018, le gouvernement colombien du pr\u00e9sident Juan Manuel Santos a demand\u00e9 \u00e0 Cuba d\u2019\u00eatre le si\u00e8ge d\u2019un processus de pourparlers avec des dirigeants d&rsquo;une autre organisation arm\u00e9e, l&rsquo;Arm\u00e9e de lib\u00e9ration nationale (ELN), \u00e0 la suite \u00e0 la d\u00e9cision de l&rsquo;\u00c9quateur de renoncer \u00e0 en \u00eatre le si\u00e8ge. Comme vous vous en souvenez, ces pourparlers avec l&rsquo;ELN furent interrompus \u00e0 la suite d&rsquo;un odieux attentat \u00e0 la voiture pi\u00e9g\u00e9e, perp\u00e9tr\u00e9 \u00e0 Bogota en 2019, lequel d\u00e9truisit une \u00e9cole de police et fit de nombreuses victimes. Un attentat dont la responsabilit\u00e9 fut revendiqu\u00e9e par l&rsquo;ELN.<\/p>\n<p>Monsieur le Pr\u00e9sident, \u00e0 la suite de cette trag\u00e9die, le gouvernement d&rsquo;Ivan Duque a demand\u00e9 l&rsquo;extradition vers la Colombie des dirigeants de l&rsquo;ELN qui, prot\u00e9g\u00e9s par un statut diplomatique sp\u00e9cial, se trouvaient \u00e0 Cuba pour les n\u00e9gociations de paix. La Havane n&rsquo;a pas pu acc\u00e9der \u00e0 cette sollicitude. En effet, les accords diplomatiques internationaux ne le permettent pas, car l&rsquo;extradition violerait les protocoles \u00e9tablis en tant que garant des pourparlers de paix entre l&rsquo;ELN et le gouvernement colombien. La Norv\u00e8ge, un autre pays garant cl\u00e9 des pourparlers de paix, a exprim\u00e9 son accord avec la position de La Havane, tout comme la grande majorit\u00e9 des gouvernements. Cependant, ce rejet l\u00e9gitime de La Havane a \u00e9t\u00e9 le pr\u00e9texte utilis\u00e9 par votre pr\u00e9d\u00e9cesseur Donald Trump, en janvier 2021, pour r\u00e9inscrire Cuba sur l&rsquo;abominable liste SSOT.<\/p>\n<p>Monsieur le Pr\u00e9sident, Cuba n&rsquo;a pas cess\u00e9 de promouvoir la paix. La preuve en est qu&rsquo;en 2022, Gustavo Petro, le nouveau pr\u00e9sident de la Colombie, a annonc\u00e9 que la sollicitude d&rsquo;extradition des dirigeants de l&rsquo;ELN serait retir\u00e9e dans le cadre de son initiative de \u00ab paix totale \u00bb. La Havane, pour sa part, a accept\u00e9 d\u2019\u00eatre de nouveau l\u2019h\u00f4te et le garant des pourparlers de paix entre Bogota et l&rsquo;ELN. Comme vous le savez, gr\u00e2ce \u00e0 la m\u00e9diation de Cuba, le 9 juin 2023, \u00e0 La Havane, le pr\u00e9sident Gustavo Petro et Antonio Garcia, commandant de la gu\u00e9rilla de l&rsquo;ELN, se sont serr\u00e9 la main lors d&rsquo;une r\u00e9union au cours de laquelle ils ont convenu, pour la premi\u00e8re fois, d\u2019un point sur la feuille de route pr\u00e9vue et d\u2019un cessez-le-feu bilat\u00e9ral qui constitue un pas historique vers le silence des armes et la paix d\u00e9finitive en Colombie. Ce cessez-le-feu a d&rsquo;ailleurs \u00e9t\u00e9 renouvel\u00e9 \u00e0 La Havane six mois plus tard, \u00e0 la suite de d\u00e9marches d\u00e9terminantes du gouvernement cubain. Quelques mois plus tard, Cuba a accept\u00e9 une nouvelle proposition du gouvernement colombien d&rsquo;\u00eatre le garant et le lieu alternatif d&rsquo;un autre processus de paix, cette fois avec le groupe rebelle arm\u00e9 Segunda Marquetalia.<\/p>\n<p>Monsieur le Pr\u00e9sident, Cuba n&rsquo;est pas seulement un promoteur de la paix, mais aussi, comme aucun autre pays au monde, elle promeut la sant\u00e9. Au cours des vingt derni\u00e8res ann\u00e9es, La Havane a envoy\u00e9 plus de 600 000 professionnels et techniciens de la sant\u00e9 dans quelque 165 pays, ce qui a permis de soulager les souffrances de nombreux malades et de sauver la vie de millions de personnes dans le monde.<\/p>\n<p>Monsieur le Pr\u00e9sident, Cuba n&rsquo;est pas seulement un promoteur de la paix et de la sant\u00e9, mais, comme aucun autre pays, elle promeut \u00e9galement l&rsquo;\u00e9ducation, comme l&rsquo;a largement reconnu l&rsquo;UNESCO elle-m\u00eame. Des milliers d&rsquo;enseignants et de professeurs cubains sont intervenus dans des dizaines de pays pour combattre l&rsquo;analphab\u00e9tisme et encourager la scolarisation de millions de filles et de gar\u00e7ons. C&rsquo;est tout le contraire de la \u00ab promotion du terrorisme \u00bb&#8230;<\/p>\n<p>Monsieur le Pr\u00e9sident, en 2021, peu apr\u00e8s votre arriv\u00e9e \u00e0 la Maison-Blanche, plusieurs hauts fonctionnaires de votre administration ont promis de r\u00e9examiner l&rsquo;inscription de Cuba sur la liste SSOT. En octobre 2022, votre propre Secr\u00e9taire d&rsquo;\u00c9tat, Anthony Blinken, a r\u00e9it\u00e9r\u00e9 cette promesse. En 2023, quarante-six membres du Congr\u00e8s, dont de nombreux d\u00e9mocrates, vous ont adress\u00e9 une lettre vous demandant de tenir cette promesse. En juin 2024, lors de la 56e p\u00e9riode de sessions du Conseil des droits de l&rsquo;Homme des Nations unies, dans une d\u00e9claration commune, pas moins de 123 pays ont exig\u00e9 la m\u00eame chose de votre gouvernement. Or, malgr\u00e9 les promesses et ces sollicitations aussi importantes, vous continuez \u00e0 ne rien faire pour mettre fin \u00e0 cette injustice scandaleuse.<\/p>\n<p>Monsieur le Pr\u00e9sident, cette situation doit cesser. Vous le savez bien. Il n&rsquo;y a pas un seul argument valable et raisonnable pour accuser Cuba et maintenir sa population sous un ch\u00e2timent collectif ill\u00e9gal et inhumain. Vous avez l\u2019autorit\u00e9 pour, avant de quitter la Maison Blanche, corriger cette cruelle absurdit\u00e9 et retirer Cuba de la liste SSOT. Faites-le imm\u00e9diatement !<\/p>\n<p>Dans l&rsquo;espoir que vous saurez, Monsieur le Pr\u00e9sident, vous montrer \u00e0 la hauteur de ce moment historique et tenir compte de cette demande, je prends cong\u00e9 de vous tr\u00e8s respectueusement,<\/p>\n<p>Ignacio Ramonet<\/p>\n<p>&nbsp;<\/p>\n<p>Source : Casa de las Am\u00e9ricas<\/p>\n","protected":false},"excerpt":{"rendered":"<p>Bonjour, notre ami le grand \u00e9crivain Abel Prieto, ancien ministre de la Culture de Cuba, actuel directeur de la Casa de las Am\u00e9ricas \u00e0 La Havane, et toute son \u00e9quipe font circuler cette lettre : \u00ab Lettre ouverte au pr\u00e9sident&hellip;<\/p>\n","protected":false},"author":926,"featured_media":294524,"comment_status":"closed","ping_status":"closed","sticky":false,"template":"","format":"standard","meta":{"footnotes":""},"categories":[88,87,98,93],"tags":[271,82262,126510,126509,126511],"class_list":["post-2546877","post","type-post","status-publish","format-standard","has-post-thumbnail","hentry","category-amerique-centrale","category-amerique-du-nord","category-droits-de-lhomme","category-politique","tag-cuba","tag-joe-biden-fr","tag-liste-ssot","tag-sortir-cuba-de-liste-des-pays-terroristes","tag-ssot"],"yoast_head":"<!-- This site is optimized with the Yoast SEO plugin v27.1.1 - https:\/\/yoast.com\/product\/yoast-seo-wordpress\/ -->\n<title>Cuba : Lettre ouverte d&#039;Ignacio Ramonet au pr\u00e9sident Joe Biden<\/title>\n<meta name=\"description\" content=\"Bonjour, notre ami le grand \u00e9crivain Abel Prieto, ancien ministre de la Culture de Cuba, actuel directeur de la Casa de las Am\u00e9ricas \u00e0 La Havane, et toute\" \/>\n<meta name=\"robots\" content=\"index, follow, max-snippet:-1, max-image-preview:large, max-video-preview:-1\" \/>\n<link rel=\"canonical\" href=\"https:\/\/www.pressenza.com\/fr\/2024\/09\/cuba-lettre-ouverte-dignacio-ramonet-au-president-joe-biden\/\" \/>\n<meta property=\"og:locale\" content=\"fr_FR\" \/>\n<meta property=\"og:type\" content=\"article\" \/>\n<meta property=\"og:title\" content=\"Cuba : Lettre ouverte d&#039;Ignacio Ramonet au pr\u00e9sident Joe Biden\" \/>\n<meta property=\"og:description\" content=\"Bonjour, notre ami le grand \u00e9crivain Abel Prieto, ancien ministre de la Culture de Cuba, actuel directeur de la Casa de las Am\u00e9ricas \u00e0 La Havane, et toute\" \/>\n<meta property=\"og:url\" content=\"https:\/\/www.pressenza.com\/fr\/2024\/09\/cuba-lettre-ouverte-dignacio-ramonet-au-president-joe-biden\/\" \/>\n<meta property=\"og:site_name\" content=\"Pressenza\" \/>\n<meta property=\"article:publisher\" content=\"https:\/\/www.facebook.com\/PressenzaItalia\" \/>\n<meta property=\"article:published_time\" content=\"2024-09-09T20:01:13+00:00\" \/>\n<meta property=\"article:modified_time\" content=\"2024-09-09T20:04:12+00:00\" \/>\n<meta property=\"og:image\" content=\"https:\/\/www.pressenza.com\/wp-content\/uploads\/2016\/03\/Cuba-Etats-Unis-Un-conflit-asym\u00e9trique-.jpg\" \/>\n\t<meta property=\"og:image:width\" content=\"750\" \/>\n\t<meta property=\"og:image:height\" content=\"586\" \/>\n\t<meta property=\"og:image:type\" content=\"image\/jpeg\" \/>\n<meta name=\"author\" content=\"R\u00e9daction France\" \/>\n<meta name=\"twitter:card\" content=\"summary_large_image\" \/>\n<meta name=\"twitter:creator\" content=\"@PressenzaIPA\" \/>\n<meta name=\"twitter:site\" content=\"@PressenzaIPA\" \/>\n<meta name=\"twitter:label1\" content=\"\u00c9crit par\" \/>\n\t<meta name=\"twitter:data1\" content=\"R\u00e9daction France\" \/>\n\t<meta name=\"twitter:label2\" content=\"Dur\u00e9e de lecture estim\u00e9e\" \/>\n\t<meta name=\"twitter:data2\" content=\"11 minutes\" \/>\n<script type=\"application\/ld+json\" class=\"yoast-schema-graph\">{\"@context\":\"https:\/\/schema.org\",\"@graph\":[{\"@type\":\"Article\",\"@id\":\"https:\/\/www.pressenza.com\/fr\/2024\/09\/cuba-lettre-ouverte-dignacio-ramonet-au-president-joe-biden\/#article\",\"isPartOf\":{\"@id\":\"https:\/\/www.pressenza.com\/fr\/2024\/09\/cuba-lettre-ouverte-dignacio-ramonet-au-president-joe-biden\/\"},\"author\":{\"name\":\"R\u00e9daction France\",\"@id\":\"https:\/\/www.pressenza.com\/fr\/#\/schema\/person\/3c9fe6670cc2cffbd37562f87b98e869\"},\"headline\":\"Cuba : Lettre ouverte d&rsquo;Ignacio Ramonet au pr\u00e9sident Joe Biden\",\"datePublished\":\"2024-09-09T20:01:13+00:00\",\"dateModified\":\"2024-09-09T20:04:12+00:00\",\"mainEntityOfPage\":{\"@id\":\"https:\/\/www.pressenza.com\/fr\/2024\/09\/cuba-lettre-ouverte-dignacio-ramonet-au-president-joe-biden\/\"},\"wordCount\":2342,\"publisher\":{\"@id\":\"https:\/\/www.pressenza.com\/fr\/#organization\"},\"image\":{\"@id\":\"https:\/\/www.pressenza.com\/fr\/2024\/09\/cuba-lettre-ouverte-dignacio-ramonet-au-president-joe-biden\/#primaryimage\"},\"thumbnailUrl\":\"https:\/\/www.pressenza.com\/wp-content\/uploads\/2016\/03\/Cuba-Etats-Unis-Un-conflit-asym\u00e9trique-.jpg\",\"keywords\":[\"Cuba\",\"Joe Biden\",\"liste SSOT\",\"sortir Cuba de liste des pays terroristes\",\"SSOT\"],\"articleSection\":[\"Am\u00e9rique centrale\",\"Am\u00e9rique du Nord\",\"Droits humains\",\"Politique\"],\"inLanguage\":\"fr-FR\"},{\"@type\":\"WebPage\",\"@id\":\"https:\/\/www.pressenza.com\/fr\/2024\/09\/cuba-lettre-ouverte-dignacio-ramonet-au-president-joe-biden\/\",\"url\":\"https:\/\/www.pressenza.com\/fr\/2024\/09\/cuba-lettre-ouverte-dignacio-ramonet-au-president-joe-biden\/\",\"name\":\"Cuba : Lettre ouverte d'Ignacio Ramonet au pr\u00e9sident Joe Biden\",\"isPartOf\":{\"@id\":\"https:\/\/www.pressenza.com\/fr\/#website\"},\"primaryImageOfPage\":{\"@id\":\"https:\/\/www.pressenza.com\/fr\/2024\/09\/cuba-lettre-ouverte-dignacio-ramonet-au-president-joe-biden\/#primaryimage\"},\"image\":{\"@id\":\"https:\/\/www.pressenza.com\/fr\/2024\/09\/cuba-lettre-ouverte-dignacio-ramonet-au-president-joe-biden\/#primaryimage\"},\"thumbnailUrl\":\"https:\/\/www.pressenza.com\/wp-content\/uploads\/2016\/03\/Cuba-Etats-Unis-Un-conflit-asym\u00e9trique-.jpg\",\"datePublished\":\"2024-09-09T20:01:13+00:00\",\"dateModified\":\"2024-09-09T20:04:12+00:00\",\"description\":\"Bonjour, notre ami le grand \u00e9crivain Abel Prieto, ancien ministre de la Culture de Cuba, actuel directeur de la Casa de las Am\u00e9ricas \u00e0 La Havane, et toute\",\"breadcrumb\":{\"@id\":\"https:\/\/www.pressenza.com\/fr\/2024\/09\/cuba-lettre-ouverte-dignacio-ramonet-au-president-joe-biden\/#breadcrumb\"},\"inLanguage\":\"fr-FR\",\"potentialAction\":[{\"@type\":\"ReadAction\",\"target\":[\"https:\/\/www.pressenza.com\/fr\/2024\/09\/cuba-lettre-ouverte-dignacio-ramonet-au-president-joe-biden\/\"]}]},{\"@type\":\"ImageObject\",\"inLanguage\":\"fr-FR\",\"@id\":\"https:\/\/www.pressenza.com\/fr\/2024\/09\/cuba-lettre-ouverte-dignacio-ramonet-au-president-joe-biden\/#primaryimage\",\"url\":\"https:\/\/www.pressenza.com\/wp-content\/uploads\/2016\/03\/Cuba-Etats-Unis-Un-conflit-asym\u00e9trique-.jpg\",\"contentUrl\":\"https:\/\/www.pressenza.com\/wp-content\/uploads\/2016\/03\/Cuba-Etats-Unis-Un-conflit-asym\u00e9trique-.jpg\",\"width\":750,\"height\":586},{\"@type\":\"BreadcrumbList\",\"@id\":\"https:\/\/www.pressenza.com\/fr\/2024\/09\/cuba-lettre-ouverte-dignacio-ramonet-au-president-joe-biden\/#breadcrumb\",\"itemListElement\":[{\"@type\":\"ListItem\",\"position\":1,\"name\":\"Accueil\",\"item\":\"https:\/\/www.pressenza.com\/fr\/\"},{\"@type\":\"ListItem\",\"position\":2,\"name\":\"Cuba : Lettre ouverte d&rsquo;Ignacio Ramonet au pr\u00e9sident Joe Biden\"}]},{\"@type\":\"WebSite\",\"@id\":\"https:\/\/www.pressenza.com\/fr\/#website\",\"url\":\"https:\/\/www.pressenza.com\/fr\/\",\"name\":\"Pressenza\",\"description\":\"International Press Agency\",\"publisher\":{\"@id\":\"https:\/\/www.pressenza.com\/fr\/#organization\"},\"potentialAction\":[{\"@type\":\"SearchAction\",\"target\":{\"@type\":\"EntryPoint\",\"urlTemplate\":\"https:\/\/www.pressenza.com\/fr\/?s={search_term_string}\"},\"query-input\":{\"@type\":\"PropertyValueSpecification\",\"valueRequired\":true,\"valueName\":\"search_term_string\"}}],\"inLanguage\":\"fr-FR\"},{\"@type\":\"Organization\",\"@id\":\"https:\/\/www.pressenza.com\/fr\/#organization\",\"name\":\"Pressenza\",\"url\":\"https:\/\/www.pressenza.com\/fr\/\",\"logo\":{\"@type\":\"ImageObject\",\"inLanguage\":\"fr-FR\",\"@id\":\"https:\/\/www.pressenza.com\/fr\/#\/schema\/logo\/image\/\",\"url\":\"https:\/\/www.pressenza.com\/wp-content\/uploads\/2022\/10\/pressenza_logo_200x200.jpg\",\"contentUrl\":\"https:\/\/www.pressenza.com\/wp-content\/uploads\/2022\/10\/pressenza_logo_200x200.jpg\",\"width\":200,\"height\":200,\"caption\":\"Pressenza\"},\"image\":{\"@id\":\"https:\/\/www.pressenza.com\/fr\/#\/schema\/logo\/image\/\"},\"sameAs\":[\"https:\/\/www.facebook.com\/PressenzaItalia\",\"https:\/\/x.com\/PressenzaIPA\"]},{\"@type\":\"Person\",\"@id\":\"https:\/\/www.pressenza.com\/fr\/#\/schema\/person\/3c9fe6670cc2cffbd37562f87b98e869\",\"name\":\"R\u00e9daction France\",\"description\":\"News published by the Pressenza bureau in France\",\"sameAs\":[\"http:\/\/www.pressenza.com\/fr\"],\"url\":\"https:\/\/www.pressenza.com\/fr\/author\/redactionfrance\/\"}]}<\/script>\n<!-- \/ Yoast SEO plugin. -->","yoast_head_json":{"title":"Cuba : Lettre ouverte d'Ignacio Ramonet au pr\u00e9sident Joe Biden","description":"Bonjour, notre ami le grand \u00e9crivain Abel Prieto, ancien ministre de la Culture de Cuba, actuel directeur de la Casa de las Am\u00e9ricas \u00e0 La Havane, et toute","robots":{"index":"index","follow":"follow","max-snippet":"max-snippet:-1","max-image-preview":"max-image-preview:large","max-video-preview":"max-video-preview:-1"},"canonical":"https:\/\/www.pressenza.com\/fr\/2024\/09\/cuba-lettre-ouverte-dignacio-ramonet-au-president-joe-biden\/","og_locale":"fr_FR","og_type":"article","og_title":"Cuba : Lettre ouverte d'Ignacio Ramonet au pr\u00e9sident Joe Biden","og_description":"Bonjour, notre ami le grand \u00e9crivain Abel Prieto, ancien ministre de la Culture de Cuba, actuel directeur de la Casa de las Am\u00e9ricas \u00e0 La Havane, et toute","og_url":"https:\/\/www.pressenza.com\/fr\/2024\/09\/cuba-lettre-ouverte-dignacio-ramonet-au-president-joe-biden\/","og_site_name":"Pressenza","article_publisher":"https:\/\/www.facebook.com\/PressenzaItalia","article_published_time":"2024-09-09T20:01:13+00:00","article_modified_time":"2024-09-09T20:04:12+00:00","og_image":[{"width":750,"height":586,"url":"https:\/\/www.pressenza.com\/wp-content\/uploads\/2016\/03\/Cuba-Etats-Unis-Un-conflit-asym\u00e9trique-.jpg","type":"image\/jpeg"}],"author":"R\u00e9daction France","twitter_card":"summary_large_image","twitter_creator":"@PressenzaIPA","twitter_site":"@PressenzaIPA","twitter_misc":{"\u00c9crit par":"R\u00e9daction France","Dur\u00e9e de lecture estim\u00e9e":"11 minutes"},"schema":{"@context":"https:\/\/schema.org","@graph":[{"@type":"Article","@id":"https:\/\/www.pressenza.com\/fr\/2024\/09\/cuba-lettre-ouverte-dignacio-ramonet-au-president-joe-biden\/#article","isPartOf":{"@id":"https:\/\/www.pressenza.com\/fr\/2024\/09\/cuba-lettre-ouverte-dignacio-ramonet-au-president-joe-biden\/"},"author":{"name":"R\u00e9daction France","@id":"https:\/\/www.pressenza.com\/fr\/#\/schema\/person\/3c9fe6670cc2cffbd37562f87b98e869"},"headline":"Cuba : Lettre ouverte d&rsquo;Ignacio Ramonet au pr\u00e9sident Joe Biden","datePublished":"2024-09-09T20:01:13+00:00","dateModified":"2024-09-09T20:04:12+00:00","mainEntityOfPage":{"@id":"https:\/\/www.pressenza.com\/fr\/2024\/09\/cuba-lettre-ouverte-dignacio-ramonet-au-president-joe-biden\/"},"wordCount":2342,"publisher":{"@id":"https:\/\/www.pressenza.com\/fr\/#organization"},"image":{"@id":"https:\/\/www.pressenza.com\/fr\/2024\/09\/cuba-lettre-ouverte-dignacio-ramonet-au-president-joe-biden\/#primaryimage"},"thumbnailUrl":"https:\/\/www.pressenza.com\/wp-content\/uploads\/2016\/03\/Cuba-Etats-Unis-Un-conflit-asym\u00e9trique-.jpg","keywords":["Cuba","Joe Biden","liste SSOT","sortir Cuba de liste des pays terroristes","SSOT"],"articleSection":["Am\u00e9rique centrale","Am\u00e9rique du Nord","Droits humains","Politique"],"inLanguage":"fr-FR"},{"@type":"WebPage","@id":"https:\/\/www.pressenza.com\/fr\/2024\/09\/cuba-lettre-ouverte-dignacio-ramonet-au-president-joe-biden\/","url":"https:\/\/www.pressenza.com\/fr\/2024\/09\/cuba-lettre-ouverte-dignacio-ramonet-au-president-joe-biden\/","name":"Cuba : Lettre ouverte d'Ignacio Ramonet au pr\u00e9sident Joe Biden","isPartOf":{"@id":"https:\/\/www.pressenza.com\/fr\/#website"},"primaryImageOfPage":{"@id":"https:\/\/www.pressenza.com\/fr\/2024\/09\/cuba-lettre-ouverte-dignacio-ramonet-au-president-joe-biden\/#primaryimage"},"image":{"@id":"https:\/\/www.pressenza.com\/fr\/2024\/09\/cuba-lettre-ouverte-dignacio-ramonet-au-president-joe-biden\/#primaryimage"},"thumbnailUrl":"https:\/\/www.pressenza.com\/wp-content\/uploads\/2016\/03\/Cuba-Etats-Unis-Un-conflit-asym\u00e9trique-.jpg","datePublished":"2024-09-09T20:01:13+00:00","dateModified":"2024-09-09T20:04:12+00:00","description":"Bonjour, notre ami le grand \u00e9crivain Abel Prieto, ancien ministre de la Culture de Cuba, actuel directeur de la Casa de las Am\u00e9ricas \u00e0 La Havane, et toute","breadcrumb":{"@id":"https:\/\/www.pressenza.com\/fr\/2024\/09\/cuba-lettre-ouverte-dignacio-ramonet-au-president-joe-biden\/#breadcrumb"},"inLanguage":"fr-FR","potentialAction":[{"@type":"ReadAction","target":["https:\/\/www.pressenza.com\/fr\/2024\/09\/cuba-lettre-ouverte-dignacio-ramonet-au-president-joe-biden\/"]}]},{"@type":"ImageObject","inLanguage":"fr-FR","@id":"https:\/\/www.pressenza.com\/fr\/2024\/09\/cuba-lettre-ouverte-dignacio-ramonet-au-president-joe-biden\/#primaryimage","url":"https:\/\/www.pressenza.com\/wp-content\/uploads\/2016\/03\/Cuba-Etats-Unis-Un-conflit-asym\u00e9trique-.jpg","contentUrl":"https:\/\/www.pressenza.com\/wp-content\/uploads\/2016\/03\/Cuba-Etats-Unis-Un-conflit-asym\u00e9trique-.jpg","width":750,"height":586},{"@type":"BreadcrumbList","@id":"https:\/\/www.pressenza.com\/fr\/2024\/09\/cuba-lettre-ouverte-dignacio-ramonet-au-president-joe-biden\/#breadcrumb","itemListElement":[{"@type":"ListItem","position":1,"name":"Accueil","item":"https:\/\/www.pressenza.com\/fr\/"},{"@type":"ListItem","position":2,"name":"Cuba : Lettre ouverte d&rsquo;Ignacio Ramonet au pr\u00e9sident Joe Biden"}]},{"@type":"WebSite","@id":"https:\/\/www.pressenza.com\/fr\/#website","url":"https:\/\/www.pressenza.com\/fr\/","name":"Pressenza","description":"International Press Agency","publisher":{"@id":"https:\/\/www.pressenza.com\/fr\/#organization"},"potentialAction":[{"@type":"SearchAction","target":{"@type":"EntryPoint","urlTemplate":"https:\/\/www.pressenza.com\/fr\/?s={search_term_string}"},"query-input":{"@type":"PropertyValueSpecification","valueRequired":true,"valueName":"search_term_string"}}],"inLanguage":"fr-FR"},{"@type":"Organization","@id":"https:\/\/www.pressenza.com\/fr\/#organization","name":"Pressenza","url":"https:\/\/www.pressenza.com\/fr\/","logo":{"@type":"ImageObject","inLanguage":"fr-FR","@id":"https:\/\/www.pressenza.com\/fr\/#\/schema\/logo\/image\/","url":"https:\/\/www.pressenza.com\/wp-content\/uploads\/2022\/10\/pressenza_logo_200x200.jpg","contentUrl":"https:\/\/www.pressenza.com\/wp-content\/uploads\/2022\/10\/pressenza_logo_200x200.jpg","width":200,"height":200,"caption":"Pressenza"},"image":{"@id":"https:\/\/www.pressenza.com\/fr\/#\/schema\/logo\/image\/"},"sameAs":["https:\/\/www.facebook.com\/PressenzaItalia","https:\/\/x.com\/PressenzaIPA"]},{"@type":"Person","@id":"https:\/\/www.pressenza.com\/fr\/#\/schema\/person\/3c9fe6670cc2cffbd37562f87b98e869","name":"R\u00e9daction France","description":"News published by the Pressenza bureau in France","sameAs":["http:\/\/www.pressenza.com\/fr"],"url":"https:\/\/www.pressenza.com\/fr\/author\/redactionfrance\/"}]}},"place":"http:\/\/bolivarinfos.over-blog.com\/2024\/09\/cuba-lettre-ouverte-d-ignacio-ramonet-au-president-joe-biden.html","original_article_url":"","_links":{"self":[{"href":"https:\/\/www.pressenza.com\/fr\/wp-json\/wp\/v2\/posts\/2546877","targetHints":{"allow":["GET"]}}],"collection":[{"href":"https:\/\/www.pressenza.com\/fr\/wp-json\/wp\/v2\/posts"}],"about":[{"href":"https:\/\/www.pressenza.com\/fr\/wp-json\/wp\/v2\/types\/post"}],"author":[{"embeddable":true,"href":"https:\/\/www.pressenza.com\/fr\/wp-json\/wp\/v2\/users\/926"}],"replies":[{"embeddable":true,"href":"https:\/\/www.pressenza.com\/fr\/wp-json\/wp\/v2\/comments?post=2546877"}],"version-history":[{"count":0,"href":"https:\/\/www.pressenza.com\/fr\/wp-json\/wp\/v2\/posts\/2546877\/revisions"}],"wp:featuredmedia":[{"embeddable":true,"href":"https:\/\/www.pressenza.com\/fr\/wp-json\/wp\/v2\/media\/294524"}],"wp:attachment":[{"href":"https:\/\/www.pressenza.com\/fr\/wp-json\/wp\/v2\/media?parent=2546877"}],"wp:term":[{"taxonomy":"category","embeddable":true,"href":"https:\/\/www.pressenza.com\/fr\/wp-json\/wp\/v2\/categories?post=2546877"},{"taxonomy":"post_tag","embeddable":true,"href":"https:\/\/www.pressenza.com\/fr\/wp-json\/wp\/v2\/tags?post=2546877"}],"curies":[{"name":"wp","href":"https:\/\/api.w.org\/{rel}","templated":true}]}}