{"id":2545861,"date":"2024-09-03T08:22:58","date_gmt":"2024-09-03T07:22:58","guid":{"rendered":"https:\/\/www.pressenza.com\/?p=2545861"},"modified":"2024-09-03T08:22:58","modified_gmt":"2024-09-03T07:22:58","slug":"la-troisieme-guerre-mondiale-a-deja-commence","status":"publish","type":"post","link":"https:\/\/www.pressenza.com\/fr\/2024\/09\/la-troisieme-guerre-mondiale-a-deja-commence\/","title":{"rendered":"La Troisi\u00e8me Guerre mondiale a d\u00e9j\u00e0 commenc\u00e9"},"content":{"rendered":"<p><strong>On peut le d\u00e9duire de mani\u00e8re analytique, certes, mais avec un minimum de flair, on peut aussi le voir clairement : la Troisi\u00e8me Guerre mondiale a d\u00e9j\u00e0 commenc\u00e9 \u2014 elle risque d\u2019\u00eatre pour un bon moment encore une compagne bien macabre.<\/strong><\/p>\n<p>Ce n\u2019est l\u00e0 qu\u2019une vue fragmentaire, qu\u2019un aper\u00e7u des friandises bellicistes qu\u2019on nous r\u00e9serve ; sans parler des cons\u00e9quences qui en d\u00e9coulent.<\/p>\n<p>Nous ne parlons pas d\u2019apocalypse. La perspective pour les humains, c\u2019est de vivre et mourir au milieu de catastrophes induites par le changement climatique, c\u2019est aussi de vivre et mourir dans une guerre mondiale permanente (seule serait apocalyptique une escalade nucl\u00e9aire, mais elle ne laisserait aucun espoir de salut).<\/p>\n<p>Et pourtant, aucun sc\u00e9nario, si noir soit-il, ne change quoi que ce soit \u00e0 ce pour quoi nous luttons. Petit \u00e0 petit, il va falloir se faire \u00e0 l\u2019id\u00e9e qu\u2019il n\u2019y a pas que les cons\u00e9quences du changement climatique et la destruction de la biosph\u00e8re qui vont nous dicter nos conditions de vie et de lutte, il y aura aussi les guerres, qui en sont au moins partiellement les avatars. Il va falloir que nous soyons tr\u00e8s attentifs \u00e0 cela si nous voulons nous sortir de l\u2019impuissance qui nous guette sur les plans politique et pratique.<\/p>\n<p>Ce que cela peut signifier concr\u00e8tement, nous essaierons aussi souvent qu\u2019il le faudra, dans les mois qui viennent, de l\u2019\u00e9crire. Pour l\u2019instant, nous n\u2019oserons que des suppositions.<\/p>\n<p><strong>Suppositions<\/strong><\/p>\n<p>La Troisi\u00e8me Guerre mondiale ne va pas commencer par une d\u00e9claration de guerre. Elle va s\u2019imposer comme un \u00e9tat de guerre permanent.<\/p>\n<p>La Troisi\u00e8me Guerre mondiale va commencer par des luttes pour l\u2019acc\u00e8s \u00e0 l\u2019eau et \u00e0 la nourriture, qui ne cesseront pas tout au long de notre vie. Elle va commencer par la guerre contre les migrants, auxquels le chaos climatique n\u2019offre plus aucune perspective d\u2019existence \u2014 ce n\u2019est pas pr\u00e8s de finir. La guerre sans fin va commencer par une guerre entre grandes firmes et \u00c9tats pour s\u2019approprier les m\u00e9taux rares \u2014 comme ces m\u00e9taux ne sont pas \u00e9ternels, cette lutte, dans les conditions de la civilisation industrielle, ne cessera jamais. La Troisi\u00e8me Guerre mondiale va commencer avec une comp\u00e9tition de plus en plus vaine pour des technologies cens\u00e9es maintenir en l\u2019\u00e9tat la situation actuelle, qui est elle- m\u00eame au bord de l\u2019effondrement. La guerre va commencer quand il ne restera plus qu\u2019une seule grande puissance ; alors, elle pourra se dire qu\u2019elle a les moyens, dans cette situation confuse, d\u2019imposer militairement ses int\u00e9r\u00eats dans le monde entier.<\/p>\n<p>Ne nous m\u00e9prenons pas, la Troisi\u00e8me Guerre mondiale a d\u00e9j\u00e0 commenc\u00e9. La normalit\u00e9 que repr\u00e9sente pour d\u2019autres depuis 500 ans l\u2019\u00e9tat de guerre globalis\u00e9e va devenir la r\u00e8gle pour nous aussi. La guerre en Ukraine nous en offre un avant-go\u00fbt, elle est un pr\u00e9lude \u00e0 l\u2019horreur.<\/p>\n<p><strong>Somnambulisme et pr\u00e9servation<\/strong><\/p>\n<p>\u00c9trangement, il n\u2019y a pas de continuit\u00e9 dans les r\u00e9cits sur les guerres. Ni sur leurs causes, ni sur l\u2019horreur qu\u2019elles induisent. Depuis plus de 1 200 ans, la paix, en Europe, est une p\u00e9riode exceptionnelle. Il y a plus de 500 ans que des soldats europ\u00e9ens font des ravages partout dans le monde. Nous qui vivons dans des \u00c9tats qui, ces derniers temps, se lancent dans des guerres \u00e0 l\u2019autre bout du monde, cela devrait nous mettre en col\u00e8re d\u2019apprendre que notre histoire est aussi une histoire de guerres. Pour beaucoup de gens, la guerre a toujours relev\u00e9, et rel\u00e8ve encore, d\u2019une r\u00e8gle cruelle. Et pourtant, il semble impensable, inconcevable que cette soci\u00e9t\u00e9 de somnambules se lance dans une guerre.<\/p>\n<p>Pendant les deux guerres mondiales, ils ont encore r\u00e9ussi \u00e0 contraindre nos grands-p\u00e8res \u00e0 se battre sous les drapeaux. Il n\u2019y a pas si longtemps. Aujourd\u2019hui, quel que soit le signal d\u2019alarme, ils font comme si une troisi\u00e8me guerre mondiale \u00e9tait impossible. Mais c\u2019est compl\u00e8tement idiot ! Quand on entend \u00ab troisi\u00e8me guerre mondiale \u00bb, l\u2019id\u00e9e qui nous vient tout de suite \u00e0 l\u2019esprit, ce n\u2019est pas l\u2019usage des armes atomiques russes, quand bien m\u00eame l\u2019\u00e9lite de la f\u00e9d\u00e9ration russe serait prise de panique ; bien que cette hypoth\u00e8se soit envisageable. Nous pensons \u00e0 un \u00e9tat de guerre globale permanent, jusqu\u2019\u00e0 la fin de la civilisation industrielle. En m\u00eame temps, on peut toujours consid\u00e9rer qu\u2019il s\u2019agit d\u2019une s\u00e9rie de conflits inter\u00e9tatiques ind\u00e9pendants les uns des autres. Mais r\u00e9trospectivement, on constatera qu\u2019il s\u2019agit bien d\u2019une phase historique unique d\u2019\u00e9tat de guerre, qui va bient\u00f4t commencer. Un \u00e9tat de troisi\u00e8me guerre mondiale.<\/p>\n<p>Comment allons-nous \u00ab nous \u00bb comporter dans un tel sc\u00e9nario ? Le probl\u00e8me, au fond, c\u2019est que la plupart des gens ici, y compris ceux de gauche, les antifascistes bourgeois, les \u00e9co-anxieux, et m\u00eame les indign\u00e9s \u2014 tous ces gens veulent pr\u00e9server les conditions qui ont conduit \u00e0 cette guerre. C\u2019est compr\u00e9hensible, mais c\u2019est aussi in\u00e9luctable, au vu de la catastrophe climatique et des guerres qui vont \u00e9videmment en d\u00e9couler pour les ressources et pour la domination technologique. Immanquablement, quiconque voudrait continuer \u00e0 mener sa petite vie tranquille (en maintenant ses relations en l\u2019\u00e9tat, en continuant \u00e0 s\u2019occuper toujours de son propre bien-\u00eatre et de son propre \u00e9tat d\u2019esprit) deviendra \u00e0 un moment ou \u00e0 un autre responsable de la guerre. Car les guerres qui commenceront seront pr\u00e9cis\u00e9ment d\u00e9clar\u00e9es pour maintenir la stabilit\u00e9 des pays riches. Pour maintenir les conditions de valorisation capitalistiques. Pour maintenir les flux de ressources. Pour maintenir la pertinence des normes technologiques, pour pr\u00e9server la s\u00e9curit\u00e9 alimentaire et les influences g\u00e9ostrat\u00e9giques etc. Les guerres du futur seront men\u00e9es pour maintenir la stabilit\u00e9. Tout ceci n\u2019entre absolument pas en contradiction avec le fait que la d\u00e9stabilisation des relations soit inh\u00e9rente \u00e0 la guerre. Sauf que : cette d\u00e9stabilisation, c\u2019est aux autres de la vivre, non ? Il n\u2019y a qu\u2019une guerre gagn\u00e9e pour maintenir les relations en l\u2019\u00e9tat. Ce sera l\u00e0 le seul v\u00e9ritable troph\u00e9e pour les vainqueurs.<\/p>\n<p>Quiconque voudrait ne serait-ce que stabiliser les relations deviendrait gouverneur.e de l\u2019\u00c9tat bellig\u00e9rant.<\/p>\n<p><strong>Ouvrons les yeux !<\/strong><\/p>\n<p>La ministre allemande des affaires \u00e9trang\u00e8res Baerbock a \u00e9t\u00e9 en Finlande en f\u00e9vrier 2023 ; sur place, elle a visit\u00e9 des bunkers, ce qui l\u2019a mise d\u2019excellente humeur. L\u00e0-bas, ils sont ravis de pouvoir les utiliser comme des installations, tr\u00e8s pris\u00e9es, de sport et de loisirs plut\u00f4t que comme abris contre les bombes. La ministre a trouv\u00e9 cela tellement chouette qu\u2019elle a d\u00e9cid\u00e9 de mettre en route un vaste programme de construction de bunkers. C\u2019est merveilleux de pouvoir aussi jouer au football dans des bunkers, vraiment. C\u2019est aussi risible qu\u2019effrayant. Mais avant tout, c\u2019est une guerre qui se pr\u00e9pare Le ministre allemand de la guerre Pistorius plaide pour l\u2019introduction d\u2019un service militaire obligatoire pour tout le monde. D\u2019une part, il veut incorporer plus de soldat.e.s, d\u2019autre part, le service militaire obligatoire est un instrument de discipline hors pair en p\u00e9riode de crise et de guerre. Dans un \u00c9tat qui est en guerre, l\u2019obligation de service, c\u2019est toujours un service militaire obligatoire, o\u00f9 que le service soit accompli. Depuis que Baerbock a dit cela, c\u2019est officiel : \u00ab Nous \u00bb faisons la guerre \u00e0 la Russie.<\/p>\n<p>Comme les besoins en munitions sont loin d\u2019\u00eatre satisfaits, l\u2019industrie allemande de l\u2019armement doit augmenter au plus vite ses capacit\u00e9s. Rheinmetall a re\u00e7u l\u2019ordre d\u2019augmenter dans les plus brefs d\u00e9lais ses capacit\u00e9 de production de projectiles d\u2019artillerie.<\/p>\n<p>Actuellement, les voies de chemin de fer et les routes s\u2019harmonisent et s\u2019organisent sur toute l\u2019Europe de fa\u00e7on \u00e0 acc\u00e9l\u00e9rer les transports militaires vers l\u2019Est. Dans ce but, on \u00e9largit des tunnels et on r\u00e9nove des ponts. L\u2019UE se pr\u00e9pare depuis quelques ann\u00e9es \u00e0 la guerre. Rien de cela ne se fait en secret.<\/p>\n<p>Les capacit\u00e9s d\u2019intervention nucl\u00e9aire de l\u2019arm\u00e9e f\u00e9d\u00e9rale allemande sont modernis\u00e9es : ce sont de nouveaux avions am\u00e9ricains qui sont charg\u00e9s d\u00e9sormais de transporter les bombes atomiques stock\u00e9es \u00e0 B\u00fcchel.<\/p>\n<p>Un budget suppl\u00e9mentaire de 100 milliards euros \u00e0 l\u2019arm\u00e9e ne suffira pas, dit le ministre de la guerre. Nous sommes au tournant d\u2019une \u00e9poque. Au tournant d\u2019une \u00e9poque vers la guerre.<\/p>\n<p>Les USA construisent aux Philippines trois nouvelles bases militaires. La France et le Japon font des manoeuvres militaires communes avec des sous-marins atomiques devant les c\u00f4tes de la Chine. La France inaugurera en 2025 ses nouveaux sous-marins atomiques. Le pr\u00e9sident am\u00e9ricain assure Taiwan qu\u2019il le d\u00e9fendra militairement dans le cas d\u2019une attaque. En m\u00eame temps, des analystes du Pentagone et du minist\u00e8re allemand de l\u2019\u00c9conomie s\u2019attendent \u00e0 une attaque chinoise contre Ta\u00efwan d\u2019ici \u00e0 2025.<\/p>\n<p>L\u2019UE et l\u2019OTAN menacent la Chine de sanctions si celle-ci livre des armes \u00e0 la Russie \u2014 explicitement et officiellement sous pr\u00e9texte de prendre en compte les cons\u00e9quences \u00e9conomiques n\u00e9gatives qui pourraient en r\u00e9sulter. Par ailleurs, le d\u00e9couplage des d\u00e9pendances \u00e9conomiques a d\u00e9j\u00e0 commenc\u00e9. L\u2019interdiction d\u2019importation de nombreuses p\u00e9pites technologiques aux USA et la fr\u00e9n\u00e9sie de construction d\u2019usines de puces \u00e9lectroniques aux USA et dans l\u2019UE en font partie. Mais ce d\u00e9couplage n\u2019a pas que des raisons \u00e9conomiques. Il am\u00e9liore aussi leurs capacit\u00e9s guerri\u00e8res dans la mesure o\u00f9 c\u2019est la seule voie pour que les USA se permettent une confrontation \u00e9conomique avec la Chine.<\/p>\n<p>Le pr\u00e9sident allemand va au Cambodge et en Malaisie et il affirme sans ambages que sa visite a pour but de contraindre la Chine \u00e0 limiter son influence en Asie. Ce qui signifie que l\u2019Allemagne pr\u00e9tend renforcer son influence en Asie.<\/p>\n<p>Nikki Haley, qui pr\u00e9sente sa candidature \u00e0 la pr\u00e9sidence du parti r\u00e9publicain des USA, ne prend pas de pincettes. En pleine campagne \u00e9lectorale, elle menace la Chine et la Russie de guerre.<\/p>\n<p>La Russie veut annexer la Bi\u00e9lorussie \u00e0 la F\u00e9d\u00e9ration. Au plus tard d\u2019ici 2030. On pouvait s\u2019y attendre, mais cela a \u00e9t\u00e9 confirm\u00e9 en f\u00e9vrier par un document provenant de l\u2019administration pr\u00e9sidentielle russe. Le stationnement de corps exp\u00e9ditionnaires russes en Bi\u00e9lorussie \u00e0 l\u2019\u00e9poque et le voyage de Poutine chez son voisin sont des pr\u00e9paratifs militaires et politiques. Il n\u2019y a aucun doute \u00e0 avoir l\u00e0-dessus.<\/p>\n<p>La prochaine zone de combat en Europe de l\u2019Est sera la Bi\u00e9lorussie \u2014 pour l\u2019instant c\u2019est une guerre hybride, puisqu\u2019elle inclut \u00e9galement une guerre civile. La Russie, l\u2019UE et l\u2019OTAN vont apporter \u00e0 parts \u00e9gales \u00e0 la population bi\u00e9lorusse la mort et la mis\u00e8re.<\/p>\n<p>L\u2019UE et l\u2019OTAN tiennent absolument \u00e0 ce que l\u2019arm\u00e9e ukrainienne riposte \u00e0 l\u2019attaque russe jusqu\u2019\u00e0 ce que la Russie soit vaincue. Et dans ce but, elles livrent des armes. Mais pas seulement. Ici aussi, c\u2019est une guerre par procuration.<\/p>\n<p>Les USA font sauter le gazoduc Nord Stream, comme l\u2019a annonc\u00e9 le pr\u00e9sident am\u00e9ricain Biden (\u00ab Il n\u2019entrera pas en service. \u00bb). Des alli\u00e9s sont attaqu\u00e9s militairement. Ce n\u2019est plus un tabou. Cela montre dans quelle situation d\u2019escalade militaire nous nous trouvons d\u2019ores et d\u00e9j\u00e0.<\/p>\n<p>Le gouvernement isra\u00e9lien pr\u00e9voit d\u2019ici 2025 de faire sauter les usines iraniennes de fabrication d\u2019uranium sous pr\u00e9texte qu\u2019ils seraient ensuite en mesure de produire de l\u2019uranium militaire.<\/p>\n<p>Ce ne sont l\u00e0 que des nouvelles fragmentaires, mais elles permettent de reconna\u00eetre le potentiel d\u2019escalade militaire. Les guerres en cours et les guerres qui ne finissent jamais, ici, on ne les mentionne m\u00eame pas. Ces guerres qui sont men\u00e9es en ce moment-m\u00eame, \u00e0 l\u2019insu de la population occidentale, pour l\u2019alimentation et pour l\u2019eau.<\/p>\n<p>On pourrait poursuivre un moment encore la liste. Elle n\u2019est scientifique ni dans sa m\u00e9thode, ni dans ses affirmations. Mais si tout le monde se met \u00e0 crier \u00ab Guerre ! \u00bb, ne pourra-t-on pas supposer alors que la guerre arrive ? C\u2019est ce que nous avions \u00e0 l\u2019esprit au d\u00e9but quand nous avons parl\u00e9 du sens de la r\u00e9alit\u00e9. Tout le monde est au courant des cons\u00e9quences du changement climatique sur la rapacit\u00e9 autour des mati\u00e8res rares, sans lesquelles il ne saurait y avoir ni moteurs \u00e9lectriques, ni ordinateurs, ni installations solaires, ni \u00e9oliennes. Tout le monde sait que les gouvernements capitalistes pensent en termes g\u00e9opolitiques. Ouvrez les yeux !<\/p>\n<p>Tout le monde conna\u00eet des histoires de guerre. De ce point de vue, \u00e7a vaut encore le coup de relire 1984. Ce n\u2019est pas l\u2019id\u00e9e d\u2019une Troisi\u00e8me Guerre mondiale qui est aberrante. Ce qui est aberrant, c\u2019est nier sa possibilit\u00e9. Chez ceux qui s\u2019expriment de cette fa\u00e7on-l\u00e0, c\u2019est soit de la b\u00eatise, soit, plus vraisemblablement le d\u00e9ni d\u2019une prise de position en faveur des guerrier.\u00e8re.s. Car c\u2019est bien ceux-l\u00e0 qui appellent la guerre la paix.<\/p>\n<h3><strong>Un autre monde\u2026<\/strong><\/h3>\n<p>Il ne faut pas craindre d\u2019\u00eatre trait\u00e9 de provocateur conspirationniste si on veut mettre en garde \u00e0 propos des guerres qui arrivent. Il n\u2019y a aucun doute, le simple fait de dire cela peut \u00eatre interpr\u00e9t\u00e9 comme un signal d\u2019alarme. La mobilisation des pr\u00e9paratifs de guerre, qui n\u2019est pas contradictoire avec leur n\u00e9gation, est \u00e0 ce point avanc\u00e9e que l\u2019antimilitarisme est profond\u00e9ment refoul\u00e9, jusque dans les cercles de l\u2019ancienne gauche radicale. Si le silence vaut accord, et l\u2019attitude du reste de la gauche, y compris de l\u2019ancienne gauche radicale, en a derni\u00e8rement fourni une preuve impressionnante avec la politique men\u00e9e autour du Covid, alors il n\u2019y aura plus rien pour faire obstacle \u00e0 des lendemains belliqueux.<\/p>\n<p>Je le r\u00e9p\u00e8te : les cons\u00e9quences de la catastrophe \u00e9cologique, les guerres pour la pr\u00e9\u00e9minence g\u00e9opolitique, pour l\u2019h\u00e9g\u00e9monie technologique, ou pour les ressources vont d\u00e9terminer la vie de la plupart des gens dans les d\u00e9cennies qui viennent. La vie, la survie, en seront marqu\u00e9es.<\/p>\n<p>Nous ne pourrons pas y \u00e9chapper. Mais nous pouvons lier la lutte pour la justice climatique et contre l\u2019approfondissement de la catastrophe \u00e9cologique \u00e0 un combat antimilitariste. Oui, nous avons besoin d\u2019en revenir \u00e0 un antimilitarisme r\u00e9volutionnaire. Une expression qui sonne encore trop comme un vain slogan, nous n\u2019avons aucune illusion l\u00e0-dessus. Mais nous n\u2019en sommes qu\u2019\u00e0 ouvrir les yeux, qu\u2019\u00e0 appr\u00e9hender la nouvelle r\u00e9alit\u00e9 de la guerre. La guerre signifie aussi un pouvoir de plus en plus autoritaire, une formation patriarcale et de la destruction \u00e9cologique.<\/p>\n<p>Nous avons peur de ce qui arrive, mais nous ne sommes pas impuissants. Nous continuerons \u00e0 nous battre pour une vie digne.<\/p>\n<p>Comme le fait l\u2019humanit\u00e9 depuis des mill\u00e9naires.<\/p>\n<p><em>Anonyme<\/em><\/p>\n<p>&nbsp;<\/p>\n<p><em>Traduit de l&rsquo;allemand par Didier Aviat<\/em><\/p>\n","protected":false},"excerpt":{"rendered":"<p>On peut le d\u00e9duire de mani\u00e8re analytique, certes, mais avec un minimum de flair, on peut aussi le voir clairement : la Troisi\u00e8me Guerre mondiale a d\u00e9j\u00e0 commenc\u00e9 \u2014 elle risque d\u2019\u00eatre pour un bon moment encore une compagne bien&hellip;<\/p>\n","protected":false},"author":1556,"featured_media":2545869,"comment_status":"closed","ping_status":"closed","sticky":false,"template":"","format":"standard","meta":{"footnotes":""},"categories":[40,163,1250,93],"tags":[126274,94696,123611,126275,252,126276,92748],"class_list":["post-2545861","post","type-post","status-publish","format-standard","has-post-thumbnail","hentry","category-international-fr","category-opinion-fr","category-paix-desarmement","category-politique","tag-3eme-guerre-mondiale","tag-antimilitarisme","tag-catastrophe-climatique","tag-destruction-ecologique","tag-guerre","tag-guerres-des-ressources","tag-politique-de-paix"],"yoast_head":"<!-- This site is optimized with the Yoast SEO plugin v27.1.1 - https:\/\/yoast.com\/product\/yoast-seo-wordpress\/ -->\n<title>La Troisi\u00e8me Guerre mondiale a d\u00e9j\u00e0 commenc\u00e9<\/title>\n<meta name=\"description\" content=\"On peut le d\u00e9duire de mani\u00e8re analytique, certes, mais avec un minimum de flair, on peut aussi le voir clairement : la Troisi\u00e8me Guerre mondiale a d\u00e9j\u00e0\" \/>\n<meta name=\"robots\" content=\"index, follow, max-snippet:-1, max-image-preview:large, max-video-preview:-1\" \/>\n<link rel=\"canonical\" href=\"https:\/\/www.pressenza.com\/fr\/2024\/09\/la-troisieme-guerre-mondiale-a-deja-commence\/\" \/>\n<meta property=\"og:locale\" content=\"fr_FR\" \/>\n<meta property=\"og:type\" content=\"article\" \/>\n<meta property=\"og:title\" content=\"La Troisi\u00e8me Guerre mondiale a d\u00e9j\u00e0 commenc\u00e9\" \/>\n<meta property=\"og:description\" content=\"On peut le d\u00e9duire de mani\u00e8re analytique, certes, mais avec un minimum de flair, on peut aussi le voir clairement : la Troisi\u00e8me Guerre mondiale a d\u00e9j\u00e0\" \/>\n<meta property=\"og:url\" content=\"https:\/\/www.pressenza.com\/fr\/2024\/09\/la-troisieme-guerre-mondiale-a-deja-commence\/\" \/>\n<meta property=\"og:site_name\" content=\"Pressenza\" \/>\n<meta property=\"article:publisher\" content=\"https:\/\/www.facebook.com\/PressenzaItalia\" \/>\n<meta property=\"article:published_time\" content=\"2024-09-03T07:22:58+00:00\" \/>\n<meta property=\"og:image\" content=\"https:\/\/www.pressenza.com\/wp-content\/uploads\/2024\/08\/1024px-220316-N-XI307-1067_-_Air_Defense_in_AE22.jpeg\" \/>\n\t<meta property=\"og:image:width\" content=\"1024\" \/>\n\t<meta property=\"og:image:height\" content=\"731\" \/>\n\t<meta property=\"og:image:type\" content=\"image\/jpeg\" \/>\n<meta name=\"author\" content=\"Untergrund-Bl\u00e4ttle\" \/>\n<meta name=\"twitter:card\" content=\"summary_large_image\" \/>\n<meta name=\"twitter:creator\" content=\"@PressenzaIPA\" \/>\n<meta name=\"twitter:site\" content=\"@PressenzaIPA\" \/>\n<meta name=\"twitter:label1\" content=\"\u00c9crit par\" \/>\n\t<meta name=\"twitter:data1\" content=\"Untergrund-Bl\u00e4ttle\" \/>\n\t<meta name=\"twitter:label2\" content=\"Dur\u00e9e de lecture estim\u00e9e\" \/>\n\t<meta name=\"twitter:data2\" content=\"12 minutes\" \/>\n<script type=\"application\/ld+json\" class=\"yoast-schema-graph\">{\"@context\":\"https:\/\/schema.org\",\"@graph\":[{\"@type\":\"Article\",\"@id\":\"https:\/\/www.pressenza.com\/fr\/2024\/09\/la-troisieme-guerre-mondiale-a-deja-commence\/#article\",\"isPartOf\":{\"@id\":\"https:\/\/www.pressenza.com\/fr\/2024\/09\/la-troisieme-guerre-mondiale-a-deja-commence\/\"},\"author\":{\"name\":\"Untergrund-Bl\u00e4ttle\",\"@id\":\"https:\/\/www.pressenza.com\/fr\/#\/schema\/person\/769b3fca5f2f2d48f505e01a952bd7db\"},\"headline\":\"La Troisi\u00e8me Guerre mondiale a d\u00e9j\u00e0 commenc\u00e9\",\"datePublished\":\"2024-09-03T07:22:58+00:00\",\"mainEntityOfPage\":{\"@id\":\"https:\/\/www.pressenza.com\/fr\/2024\/09\/la-troisieme-guerre-mondiale-a-deja-commence\/\"},\"wordCount\":2614,\"publisher\":{\"@id\":\"https:\/\/www.pressenza.com\/fr\/#organization\"},\"image\":{\"@id\":\"https:\/\/www.pressenza.com\/fr\/2024\/09\/la-troisieme-guerre-mondiale-a-deja-commence\/#primaryimage\"},\"thumbnailUrl\":\"https:\/\/www.pressenza.com\/wp-content\/uploads\/2024\/08\/1024px-220316-N-XI307-1067_-_Air_Defense_in_AE22.jpeg\",\"keywords\":[\"3\u00e8me guerre mondiale\",\"antimilitarisme\",\"catastrophe climatique\",\"destruction \u00e9cologique\",\"guerre\",\"guerres des ressources\",\"politique de paix\"],\"articleSection\":[\"International\",\"Opinion\",\"Paix et D\u00e9sarmement\",\"Politique\"],\"inLanguage\":\"fr-FR\"},{\"@type\":\"WebPage\",\"@id\":\"https:\/\/www.pressenza.com\/fr\/2024\/09\/la-troisieme-guerre-mondiale-a-deja-commence\/\",\"url\":\"https:\/\/www.pressenza.com\/fr\/2024\/09\/la-troisieme-guerre-mondiale-a-deja-commence\/\",\"name\":\"La Troisi\u00e8me Guerre mondiale a d\u00e9j\u00e0 commenc\u00e9\",\"isPartOf\":{\"@id\":\"https:\/\/www.pressenza.com\/fr\/#website\"},\"primaryImageOfPage\":{\"@id\":\"https:\/\/www.pressenza.com\/fr\/2024\/09\/la-troisieme-guerre-mondiale-a-deja-commence\/#primaryimage\"},\"image\":{\"@id\":\"https:\/\/www.pressenza.com\/fr\/2024\/09\/la-troisieme-guerre-mondiale-a-deja-commence\/#primaryimage\"},\"thumbnailUrl\":\"https:\/\/www.pressenza.com\/wp-content\/uploads\/2024\/08\/1024px-220316-N-XI307-1067_-_Air_Defense_in_AE22.jpeg\",\"datePublished\":\"2024-09-03T07:22:58+00:00\",\"description\":\"On peut le d\u00e9duire de mani\u00e8re analytique, certes, mais avec un minimum de flair, on peut aussi le voir clairement : la Troisi\u00e8me Guerre mondiale a d\u00e9j\u00e0\",\"breadcrumb\":{\"@id\":\"https:\/\/www.pressenza.com\/fr\/2024\/09\/la-troisieme-guerre-mondiale-a-deja-commence\/#breadcrumb\"},\"inLanguage\":\"fr-FR\",\"potentialAction\":[{\"@type\":\"ReadAction\",\"target\":[\"https:\/\/www.pressenza.com\/fr\/2024\/09\/la-troisieme-guerre-mondiale-a-deja-commence\/\"]}]},{\"@type\":\"ImageObject\",\"inLanguage\":\"fr-FR\",\"@id\":\"https:\/\/www.pressenza.com\/fr\/2024\/09\/la-troisieme-guerre-mondiale-a-deja-commence\/#primaryimage\",\"url\":\"https:\/\/www.pressenza.com\/wp-content\/uploads\/2024\/08\/1024px-220316-N-XI307-1067_-_Air_Defense_in_AE22.jpeg\",\"contentUrl\":\"https:\/\/www.pressenza.com\/wp-content\/uploads\/2024\/08\/1024px-220316-N-XI307-1067_-_Air_Defense_in_AE22.jpeg\",\"width\":1024,\"height\":731},{\"@type\":\"BreadcrumbList\",\"@id\":\"https:\/\/www.pressenza.com\/fr\/2024\/09\/la-troisieme-guerre-mondiale-a-deja-commence\/#breadcrumb\",\"itemListElement\":[{\"@type\":\"ListItem\",\"position\":1,\"name\":\"Accueil\",\"item\":\"https:\/\/www.pressenza.com\/fr\/\"},{\"@type\":\"ListItem\",\"position\":2,\"name\":\"La Troisi\u00e8me Guerre mondiale a d\u00e9j\u00e0 commenc\u00e9\"}]},{\"@type\":\"WebSite\",\"@id\":\"https:\/\/www.pressenza.com\/fr\/#website\",\"url\":\"https:\/\/www.pressenza.com\/fr\/\",\"name\":\"Pressenza\",\"description\":\"International Press Agency\",\"publisher\":{\"@id\":\"https:\/\/www.pressenza.com\/fr\/#organization\"},\"potentialAction\":[{\"@type\":\"SearchAction\",\"target\":{\"@type\":\"EntryPoint\",\"urlTemplate\":\"https:\/\/www.pressenza.com\/fr\/?s={search_term_string}\"},\"query-input\":{\"@type\":\"PropertyValueSpecification\",\"valueRequired\":true,\"valueName\":\"search_term_string\"}}],\"inLanguage\":\"fr-FR\"},{\"@type\":\"Organization\",\"@id\":\"https:\/\/www.pressenza.com\/fr\/#organization\",\"name\":\"Pressenza\",\"url\":\"https:\/\/www.pressenza.com\/fr\/\",\"logo\":{\"@type\":\"ImageObject\",\"inLanguage\":\"fr-FR\",\"@id\":\"https:\/\/www.pressenza.com\/fr\/#\/schema\/logo\/image\/\",\"url\":\"https:\/\/www.pressenza.com\/wp-content\/uploads\/2022\/10\/pressenza_logo_200x200.jpg\",\"contentUrl\":\"https:\/\/www.pressenza.com\/wp-content\/uploads\/2022\/10\/pressenza_logo_200x200.jpg\",\"width\":200,\"height\":200,\"caption\":\"Pressenza\"},\"image\":{\"@id\":\"https:\/\/www.pressenza.com\/fr\/#\/schema\/logo\/image\/\"},\"sameAs\":[\"https:\/\/www.facebook.com\/PressenzaItalia\",\"https:\/\/x.com\/PressenzaIPA\"]},{\"@type\":\"Person\",\"@id\":\"https:\/\/www.pressenza.com\/fr\/#\/schema\/person\/769b3fca5f2f2d48f505e01a952bd7db\",\"name\":\"Untergrund-Bl\u00e4ttle\",\"description\":\"Online-Magazin f\u00fcr kritischen Journalismus aus dem Grossraum Z\u00fcrich. Untergrund-Bl\u00e4ttle publizieren analytische und kontroverse Texte zu den Themenschwerpunkten Politik, Gesellschaft, \u00d6konomie und \u00d6kologie. Ein ganz besonderes Augenmerk gilt dabei auch dem kulturellen Teil. Der inhaltlich und redaktionelle Anspruch liegt unter anderem darin, Synergien innerhalb von linken Str\u00f6mungen herzustellen.\",\"sameAs\":[\"http:\/\/www.xn--untergrund-blttle-2qb.ch\/\"],\"url\":\"https:\/\/www.pressenza.com\/fr\/author\/untergrund-blaettle\/\"}]}<\/script>\n<!-- \/ Yoast SEO plugin. -->","yoast_head_json":{"title":"La Troisi\u00e8me Guerre mondiale a d\u00e9j\u00e0 commenc\u00e9","description":"On peut le d\u00e9duire de mani\u00e8re analytique, certes, mais avec un minimum de flair, on peut aussi le voir clairement : la Troisi\u00e8me Guerre mondiale a d\u00e9j\u00e0","robots":{"index":"index","follow":"follow","max-snippet":"max-snippet:-1","max-image-preview":"max-image-preview:large","max-video-preview":"max-video-preview:-1"},"canonical":"https:\/\/www.pressenza.com\/fr\/2024\/09\/la-troisieme-guerre-mondiale-a-deja-commence\/","og_locale":"fr_FR","og_type":"article","og_title":"La Troisi\u00e8me Guerre mondiale a d\u00e9j\u00e0 commenc\u00e9","og_description":"On peut le d\u00e9duire de mani\u00e8re analytique, certes, mais avec un minimum de flair, on peut aussi le voir clairement : la Troisi\u00e8me Guerre mondiale a d\u00e9j\u00e0","og_url":"https:\/\/www.pressenza.com\/fr\/2024\/09\/la-troisieme-guerre-mondiale-a-deja-commence\/","og_site_name":"Pressenza","article_publisher":"https:\/\/www.facebook.com\/PressenzaItalia","article_published_time":"2024-09-03T07:22:58+00:00","og_image":[{"width":1024,"height":731,"url":"https:\/\/www.pressenza.com\/wp-content\/uploads\/2024\/08\/1024px-220316-N-XI307-1067_-_Air_Defense_in_AE22.jpeg","type":"image\/jpeg"}],"author":"Untergrund-Bl\u00e4ttle","twitter_card":"summary_large_image","twitter_creator":"@PressenzaIPA","twitter_site":"@PressenzaIPA","twitter_misc":{"\u00c9crit par":"Untergrund-Bl\u00e4ttle","Dur\u00e9e de lecture estim\u00e9e":"12 minutes"},"schema":{"@context":"https:\/\/schema.org","@graph":[{"@type":"Article","@id":"https:\/\/www.pressenza.com\/fr\/2024\/09\/la-troisieme-guerre-mondiale-a-deja-commence\/#article","isPartOf":{"@id":"https:\/\/www.pressenza.com\/fr\/2024\/09\/la-troisieme-guerre-mondiale-a-deja-commence\/"},"author":{"name":"Untergrund-Bl\u00e4ttle","@id":"https:\/\/www.pressenza.com\/fr\/#\/schema\/person\/769b3fca5f2f2d48f505e01a952bd7db"},"headline":"La Troisi\u00e8me Guerre mondiale a d\u00e9j\u00e0 commenc\u00e9","datePublished":"2024-09-03T07:22:58+00:00","mainEntityOfPage":{"@id":"https:\/\/www.pressenza.com\/fr\/2024\/09\/la-troisieme-guerre-mondiale-a-deja-commence\/"},"wordCount":2614,"publisher":{"@id":"https:\/\/www.pressenza.com\/fr\/#organization"},"image":{"@id":"https:\/\/www.pressenza.com\/fr\/2024\/09\/la-troisieme-guerre-mondiale-a-deja-commence\/#primaryimage"},"thumbnailUrl":"https:\/\/www.pressenza.com\/wp-content\/uploads\/2024\/08\/1024px-220316-N-XI307-1067_-_Air_Defense_in_AE22.jpeg","keywords":["3\u00e8me guerre mondiale","antimilitarisme","catastrophe climatique","destruction \u00e9cologique","guerre","guerres des ressources","politique de paix"],"articleSection":["International","Opinion","Paix et D\u00e9sarmement","Politique"],"inLanguage":"fr-FR"},{"@type":"WebPage","@id":"https:\/\/www.pressenza.com\/fr\/2024\/09\/la-troisieme-guerre-mondiale-a-deja-commence\/","url":"https:\/\/www.pressenza.com\/fr\/2024\/09\/la-troisieme-guerre-mondiale-a-deja-commence\/","name":"La Troisi\u00e8me Guerre mondiale a d\u00e9j\u00e0 commenc\u00e9","isPartOf":{"@id":"https:\/\/www.pressenza.com\/fr\/#website"},"primaryImageOfPage":{"@id":"https:\/\/www.pressenza.com\/fr\/2024\/09\/la-troisieme-guerre-mondiale-a-deja-commence\/#primaryimage"},"image":{"@id":"https:\/\/www.pressenza.com\/fr\/2024\/09\/la-troisieme-guerre-mondiale-a-deja-commence\/#primaryimage"},"thumbnailUrl":"https:\/\/www.pressenza.com\/wp-content\/uploads\/2024\/08\/1024px-220316-N-XI307-1067_-_Air_Defense_in_AE22.jpeg","datePublished":"2024-09-03T07:22:58+00:00","description":"On peut le d\u00e9duire de mani\u00e8re analytique, certes, mais avec un minimum de flair, on peut aussi le voir clairement : la Troisi\u00e8me Guerre mondiale a d\u00e9j\u00e0","breadcrumb":{"@id":"https:\/\/www.pressenza.com\/fr\/2024\/09\/la-troisieme-guerre-mondiale-a-deja-commence\/#breadcrumb"},"inLanguage":"fr-FR","potentialAction":[{"@type":"ReadAction","target":["https:\/\/www.pressenza.com\/fr\/2024\/09\/la-troisieme-guerre-mondiale-a-deja-commence\/"]}]},{"@type":"ImageObject","inLanguage":"fr-FR","@id":"https:\/\/www.pressenza.com\/fr\/2024\/09\/la-troisieme-guerre-mondiale-a-deja-commence\/#primaryimage","url":"https:\/\/www.pressenza.com\/wp-content\/uploads\/2024\/08\/1024px-220316-N-XI307-1067_-_Air_Defense_in_AE22.jpeg","contentUrl":"https:\/\/www.pressenza.com\/wp-content\/uploads\/2024\/08\/1024px-220316-N-XI307-1067_-_Air_Defense_in_AE22.jpeg","width":1024,"height":731},{"@type":"BreadcrumbList","@id":"https:\/\/www.pressenza.com\/fr\/2024\/09\/la-troisieme-guerre-mondiale-a-deja-commence\/#breadcrumb","itemListElement":[{"@type":"ListItem","position":1,"name":"Accueil","item":"https:\/\/www.pressenza.com\/fr\/"},{"@type":"ListItem","position":2,"name":"La Troisi\u00e8me Guerre mondiale a d\u00e9j\u00e0 commenc\u00e9"}]},{"@type":"WebSite","@id":"https:\/\/www.pressenza.com\/fr\/#website","url":"https:\/\/www.pressenza.com\/fr\/","name":"Pressenza","description":"International Press Agency","publisher":{"@id":"https:\/\/www.pressenza.com\/fr\/#organization"},"potentialAction":[{"@type":"SearchAction","target":{"@type":"EntryPoint","urlTemplate":"https:\/\/www.pressenza.com\/fr\/?s={search_term_string}"},"query-input":{"@type":"PropertyValueSpecification","valueRequired":true,"valueName":"search_term_string"}}],"inLanguage":"fr-FR"},{"@type":"Organization","@id":"https:\/\/www.pressenza.com\/fr\/#organization","name":"Pressenza","url":"https:\/\/www.pressenza.com\/fr\/","logo":{"@type":"ImageObject","inLanguage":"fr-FR","@id":"https:\/\/www.pressenza.com\/fr\/#\/schema\/logo\/image\/","url":"https:\/\/www.pressenza.com\/wp-content\/uploads\/2022\/10\/pressenza_logo_200x200.jpg","contentUrl":"https:\/\/www.pressenza.com\/wp-content\/uploads\/2022\/10\/pressenza_logo_200x200.jpg","width":200,"height":200,"caption":"Pressenza"},"image":{"@id":"https:\/\/www.pressenza.com\/fr\/#\/schema\/logo\/image\/"},"sameAs":["https:\/\/www.facebook.com\/PressenzaItalia","https:\/\/x.com\/PressenzaIPA"]},{"@type":"Person","@id":"https:\/\/www.pressenza.com\/fr\/#\/schema\/person\/769b3fca5f2f2d48f505e01a952bd7db","name":"Untergrund-Bl\u00e4ttle","description":"Online-Magazin f\u00fcr kritischen Journalismus aus dem Grossraum Z\u00fcrich. Untergrund-Bl\u00e4ttle publizieren analytische und kontroverse Texte zu den Themenschwerpunkten Politik, Gesellschaft, \u00d6konomie und \u00d6kologie. Ein ganz besonderes Augenmerk gilt dabei auch dem kulturellen Teil. Der inhaltlich und redaktionelle Anspruch liegt unter anderem darin, Synergien innerhalb von linken Str\u00f6mungen herzustellen.","sameAs":["http:\/\/www.xn--untergrund-blttle-2qb.ch\/"],"url":"https:\/\/www.pressenza.com\/fr\/author\/untergrund-blaettle\/"}]}},"place":"","original_article_url":"https:\/\/www.xn--untergrund-blttle-2qb.ch\/politik\/europa\/der-3-weltkrieg-hat-bereits-begonnen-7956.html","_links":{"self":[{"href":"https:\/\/www.pressenza.com\/fr\/wp-json\/wp\/v2\/posts\/2545861","targetHints":{"allow":["GET"]}}],"collection":[{"href":"https:\/\/www.pressenza.com\/fr\/wp-json\/wp\/v2\/posts"}],"about":[{"href":"https:\/\/www.pressenza.com\/fr\/wp-json\/wp\/v2\/types\/post"}],"author":[{"embeddable":true,"href":"https:\/\/www.pressenza.com\/fr\/wp-json\/wp\/v2\/users\/1556"}],"replies":[{"embeddable":true,"href":"https:\/\/www.pressenza.com\/fr\/wp-json\/wp\/v2\/comments?post=2545861"}],"version-history":[{"count":0,"href":"https:\/\/www.pressenza.com\/fr\/wp-json\/wp\/v2\/posts\/2545861\/revisions"}],"wp:featuredmedia":[{"embeddable":true,"href":"https:\/\/www.pressenza.com\/fr\/wp-json\/wp\/v2\/media\/2545869"}],"wp:attachment":[{"href":"https:\/\/www.pressenza.com\/fr\/wp-json\/wp\/v2\/media?parent=2545861"}],"wp:term":[{"taxonomy":"category","embeddable":true,"href":"https:\/\/www.pressenza.com\/fr\/wp-json\/wp\/v2\/categories?post=2545861"},{"taxonomy":"post_tag","embeddable":true,"href":"https:\/\/www.pressenza.com\/fr\/wp-json\/wp\/v2\/tags?post=2545861"}],"curies":[{"name":"wp","href":"https:\/\/api.w.org\/{rel}","templated":true}]}}