{"id":2542810,"date":"2024-08-17T19:47:14","date_gmt":"2024-08-17T18:47:14","guid":{"rendered":"https:\/\/www.pressenza.com\/?p=2542810"},"modified":"2024-08-17T19:48:21","modified_gmt":"2024-08-17T18:48:21","slug":"lau-dela-des-elections-commune-socialiste-el-panal-quartier-23-janvier-caracas-venezuela","status":"publish","type":"post","link":"https:\/\/www.pressenza.com\/fr\/2024\/08\/lau-dela-des-elections-commune-socialiste-el-panal-quartier-23-janvier-caracas-venezuela\/","title":{"rendered":"L&rsquo;au-del\u00e0 des \u00e9lections : Commune socialiste El Panal. Quartier 23 janvier, Caracas, Venezuela"},"content":{"rendered":"<p>\u00ab Ici vit une mamie \u00bb.<\/p>\n<p>Apr\u00e8s avoir serpent\u00e9 dans les diff\u00e9rentes rues de Caracas, nous avons commenc\u00e9 \u00e0 voir de plus pr\u00e8s l&rsquo;amoncellement de petites maisons qui peuplent les collines du quartier 23 janvier. Cependant, l&rsquo;entr\u00e9e elle-m\u00eame, avec son arc embl\u00e9matique, nous annonce d\u00e9j\u00e0 que nous sommes devant un monde inconnu, plein de possibilit\u00e9s et de diff\u00e9rentes fa\u00e7ons de comprendre et de construire une communaut\u00e9. Nous sommes arriv\u00e9s \u00e0 la Commune Socialiste El Panal.<\/p>\n<div class=\"post-gallery\">\n\t\t\t<figure class=\"post-gallery-item\">\n\t\t\t\t<img decoding=\"async\" src=\"https:\/\/www.pressenza.com\/wp-content\/uploads\/2024\/08\/Comuna-Socialista-El-Panal-1.jpg\" loading=\"lazy\">\n\t\t\t\t<figcaption>\n\t\t\t\t\t\n\t\t\t\t<\/figcaption>\n\t\t\t<\/figure>\n\t\t\t<figure class=\"post-gallery-item\">\n\t\t\t\t<img decoding=\"async\" src=\"https:\/\/www.pressenza.com\/wp-content\/uploads\/2024\/08\/Comuna-Socialista-El-Panal-2.jpg\" loading=\"lazy\">\n\t\t\t\t<figcaption>\n\t\t\t\t\t\n\t\t\t\t<\/figcaption>\n\t\t\t<\/figure>\n\t\t\t<figure class=\"post-gallery-item\">\n\t\t\t\t<img decoding=\"async\" src=\"https:\/\/www.pressenza.com\/wp-content\/uploads\/2024\/08\/Comuna-Socialista-El-Panal-3.jpg\" loading=\"lazy\">\n\t\t\t\t<figcaption>\n\t\t\t\t\t\n\t\t\t\t<\/figcaption>\n\t\t\t<\/figure><\/div>\n<p>Plusieurs dirigeant.e.s de la commune, organis\u00e9s en un collectif de quartier appel\u00e9 <em>Force Patriotique Alexis Vit<\/em>, nous attendent, nous accompagnent dans une visite et nous expliquent, dans les moindres d\u00e9tails, les multiples questions li\u00e9es \u00e0 l&rsquo;organisation, les projets qu&rsquo;ils construisent, les avanc\u00e9es, ainsi que les difficult\u00e9s et les strat\u00e9gies pour y faire face, toujours sur la base de l&rsquo;engagement envers la R\u00e9volution Bolivarienne.<\/p>\n<div class=\"post-gallery\">\n\t\t\t<figure class=\"post-gallery-item\">\n\t\t\t\t<img decoding=\"async\" src=\"https:\/\/www.pressenza.com\/wp-content\/uploads\/2024\/08\/Comuna-Socialista-El-Panal-11.jpg\" loading=\"lazy\">\n\t\t\t\t<figcaption>\n\t\t\t\t\t\n\t\t\t\t<\/figcaption>\n\t\t\t<\/figure>\n\t\t\t<figure class=\"post-gallery-item\">\n\t\t\t\t<img decoding=\"async\" src=\"https:\/\/www.pressenza.com\/wp-content\/uploads\/2024\/08\/Comuna-Socialista-El-Panal-12.jpg\" loading=\"lazy\">\n\t\t\t\t<figcaption>\n\t\t\t\t\t\n\t\t\t\t<\/figcaption>\n\t\t\t<\/figure>\n\t\t\t<figure class=\"post-gallery-item\">\n\t\t\t\t<img decoding=\"async\" src=\"https:\/\/www.pressenza.com\/wp-content\/uploads\/2024\/08\/Comuna-Socialista-El-Panal-13.jpg\" loading=\"lazy\">\n\t\t\t\t<figcaption>\n\t\t\t\t\t\n\t\t\t\t<\/figcaption>\n\t\t\t<\/figure>\n\t\t\t<figure class=\"post-gallery-item\">\n\t\t\t\t<img decoding=\"async\" src=\"https:\/\/www.pressenza.com\/wp-content\/uploads\/2024\/08\/Comuna-Socialista-El-Panal-14.jpg\" loading=\"lazy\">\n\t\t\t\t<figcaption>\n\t\t\t\t\t\n\t\t\t\t<\/figcaption>\n\t\t\t<\/figure><\/div>\n<p>Nous d\u00e9couvrons tout d&rsquo;abord une peinture murale qui, inspir\u00e9e de La derni\u00e8re C\u00e8ne, repr\u00e9sente les figures les plus importantes de l&rsquo;histoire du Venezuela et du processus de lib\u00e9ration et d&rsquo;ind\u00e9pendance du pays. Sim\u00f3n Bol\u00edvar, en tant que lib\u00e9rateur, appara\u00eet au centre de l&rsquo;\u0153uvre et il est palpable qu&rsquo;il est encore tr\u00e8s pr\u00e9sent dans la construction des significations politiques populaires.<\/p>\n<p><img loading=\"lazy\" decoding=\"async\" class=\"aligncenter size-full wp-image-2542682\" src=\"https:\/\/www.pressenza.com\/wp-content\/uploads\/2024\/08\/Comuna-Socialista-El-Panal-4.jpg\" alt=\"\" width=\"750\" height=\"500\" srcset=\"https:\/\/www.pressenza.com\/wp-content\/uploads\/2024\/08\/Comuna-Socialista-El-Panal-4.jpg 750w, https:\/\/www.pressenza.com\/wp-content\/uploads\/2024\/08\/Comuna-Socialista-El-Panal-4-300x200.jpg 300w\" sizes=\"auto, (max-width: 750px) 100vw, 750px\" \/><\/p>\n<p>Au fur et \u00e0 mesure que nous nous enfon\u00e7ons dans la communaut\u00e9 et dans sa vie quotidienne, nous pouvons constater que de nombreuses personnes, travaillant comme de petites fourmis, apportent des am\u00e9liorations \u00e0 l&rsquo;espace r\u00e9cr\u00e9atif, ainsi qu&rsquo;aux maisons. Au point central, o\u00f9 se trouvent des terrains de football en salle, de basket-ball et m\u00eame de volley-ball, ils nous parlent du travail qu&rsquo;ils effectuent pour mettre en place une piscine.<\/p>\n<div class=\"post-gallery\">\n\t\t\t<figure class=\"post-gallery-item\">\n\t\t\t\t<img decoding=\"async\" src=\"https:\/\/www.pressenza.com\/wp-content\/uploads\/2024\/08\/Comuna-Socialista-El-Panal-8.jpg\" loading=\"lazy\">\n\t\t\t\t<figcaption>\n\t\t\t\t\t\n\t\t\t\t<\/figcaption>\n\t\t\t<\/figure>\n\t\t\t<figure class=\"post-gallery-item\">\n\t\t\t\t<img decoding=\"async\" src=\"https:\/\/www.pressenza.com\/wp-content\/uploads\/2024\/08\/Comuna-Socialista-El-Panal-7.jpg\" loading=\"lazy\">\n\t\t\t\t<figcaption>\n\t\t\t\t\t\n\t\t\t\t<\/figcaption>\n\t\t\t<\/figure><\/div>\n<p>L&rsquo;id\u00e9e est de convertir la piscine en un autre espace r\u00e9cr\u00e9atif, bien s\u00fbr, mais ce qui est int\u00e9ressant \u00e0 propos de cette piscine, c&rsquo;est que pendant la pand\u00e9mie (qui a exacerb\u00e9 les difficult\u00e9s d\u00e9j\u00e0 graves caus\u00e9es par les sanctions \u00e9conomiques), elle a servi \u00e0 \u00e9lever le poisson tilapia, avec lequel les besoins alimentaires de la communaut\u00e9 ont pu \u00eatre r\u00e9solus dans une large mesure. Je me souviens avoir \u00e9t\u00e9 \u00e9mue d&rsquo;entendre une responsable dire que lorsqu&rsquo;ils ont d\u00e9cid\u00e9, en tant que communaut\u00e9, de jeter les tilapias dans la piscine, ils ne savaient pas vraiment si cela allait marcher, c&rsquo;\u00e9tait un pari, encore une fois. Et c&rsquo;est avec fiert\u00e9 qu&rsquo;elle nous a dit : \u00ab nous inventons ou nous nous trompons \u00bb, paraphrasant Sim\u00f3n Rodr\u00edguez, le professeur du lib\u00e9rateur.<\/p>\n<p>Enfin, nous sommes arriv\u00e9s dans un espace r\u00e9cup\u00e9r\u00e9 et embelli par ceux et celles qui l&rsquo;habitent. C&rsquo;est un couloir, \u00e0 travers les nombreuses maisons, les escaliers, les fen\u00eatres, les chiens et les chats qui circulent librement, et le salut des curieux qui sortent des fen\u00eatres et des portes de leurs maisons pour nous regarder. Les petites maisons sont peintes de couleurs vives, et ce qui a attir\u00e9 notre attention, c&rsquo;est que la communaut\u00e9 elle-m\u00eame a pris l&rsquo;initiative de placer une plaque \u00e0 l&rsquo;entr\u00e9e de chaque maison, sur laquelle on peut lire \u00ab Ici vit un&#8230; \u00bb, suivi de la profession de la personne qui y habite, dans l&rsquo;id\u00e9e que tout le monde puisse savoir o\u00f9 aller au cas o\u00f9 il aurait besoin de l&rsquo;aide d&rsquo;un ma\u00e7on ou d&rsquo;une couturi\u00e8re. Ma plaque pr\u00e9f\u00e9r\u00e9e est celle qui dit \u00ab Aqu\u00ed vive una abuelita \u00bb (ici vit une mamie).<\/p>\n<div class=\"post-gallery\">\n\t\t\t<figure class=\"post-gallery-item\">\n\t\t\t\t<img decoding=\"async\" src=\"https:\/\/www.pressenza.com\/wp-content\/uploads\/2024\/08\/Comuna-Socialista-El-Panal-9.jpg\" loading=\"lazy\">\n\t\t\t\t<figcaption>\n\t\t\t\t\t\n\t\t\t\t<\/figcaption>\n\t\t\t<\/figure>\n\t\t\t<figure class=\"post-gallery-item\">\n\t\t\t\t<img decoding=\"async\" src=\"https:\/\/www.pressenza.com\/wp-content\/uploads\/2024\/08\/Comuna-Socialista-El-Panal-15.jpg\" loading=\"lazy\">\n\t\t\t\t<figcaption>\n\t\t\t\t\t\n\t\t\t\t<\/figcaption>\n\t\t\t<\/figure>\n\t\t\t<figure class=\"post-gallery-item\">\n\t\t\t\t<img decoding=\"async\" src=\"https:\/\/www.pressenza.com\/wp-content\/uploads\/2024\/08\/Comuna-Socialista-El-Panal-16.jpg\" loading=\"lazy\">\n\t\t\t\t<figcaption>\n\t\t\t\t\t\n\t\t\t\t<\/figcaption>\n\t\t\t<\/figure>\n\t\t\t<figure class=\"post-gallery-item\">\n\t\t\t\t<img decoding=\"async\" src=\"https:\/\/www.pressenza.com\/wp-content\/uploads\/2024\/08\/Comuna-Socialista-El-Panal-17.jpg\" loading=\"lazy\">\n\t\t\t\t<figcaption>\n\t\t\t\t\t\n\t\t\t\t<\/figcaption>\n\t\t\t<\/figure>\n\t\t\t<figure class=\"post-gallery-item\">\n\t\t\t\t<img decoding=\"async\" src=\"https:\/\/www.pressenza.com\/wp-content\/uploads\/2024\/08\/Comuna-Socialista-El-Panal-18.jpg\" loading=\"lazy\">\n\t\t\t\t<figcaption>\n\t\t\t\t\t\n\t\t\t\t<\/figcaption>\n\t\t\t<\/figure>\n\t\t\t<figure class=\"post-gallery-item\">\n\t\t\t\t<img decoding=\"async\" src=\"https:\/\/www.pressenza.com\/wp-content\/uploads\/2024\/08\/Comuna-Socialista-El-Panal-19.jpg\" loading=\"lazy\">\n\t\t\t\t<figcaption>\n\t\t\t\t\t\n\t\t\t\t<\/figcaption>\n\t\t\t<\/figure><\/div>\n<p>En descendant dans l&rsquo;un des v\u00e9hicules de la commune pour me rendre \u00e0 la station de m\u00e9tro, je pensais \u00e0 la facilit\u00e9 avec laquelle les m\u00e9dias h\u00e9g\u00e9moniques rendent invisibles ces coiffeurs, manucures, menuisiers, tapissiers, cuisiniers&#8230; qui soutiennent la r\u00e9volution bolivarienne par leurs votes. C&rsquo;est pourquoi je partage ces lignes, avec la certitude que rien n&rsquo;est connu dans mon pays.<\/p>\n<p>Depuis la Commune Socialiste El Panal. Quartier 23 janvier, Caracas, Venezuela.<\/p>\n<p>T\u00e9moignage de Gabriela Segura U.<br \/>\nSuperviseure internationale lors des \u00e9lections Venezuela 2024<br \/>\nCollectif de communication LaKanaya &#8211; Costa Rica<\/p>\n<p>Photographies : Allan Barboza-Leit\u00f3n<br \/>\nCollectif de communication LaKanaya &#8211; Costa Rica<\/p>\n<p>https:\/\/linktr.ee\/lakanayapodcast<\/p>\n","protected":false},"excerpt":{"rendered":"<p>\u00ab Ici vit une mamie \u00bb. Apr\u00e8s avoir serpent\u00e9 dans les diff\u00e9rentes rues de Caracas, nous avons commenc\u00e9 \u00e0 voir de plus pr\u00e8s l&rsquo;amoncellement de petites maisons qui peuplent les collines du quartier 23 janvier. Cependant, l&rsquo;entr\u00e9e elle-m\u00eame, avec son&hellip;<\/p>\n","protected":false},"author":1809,"featured_media":2542828,"comment_status":"closed","ping_status":"closed","sticky":false,"template":"","format":"standard","meta":{"footnotes":""},"categories":[86,11386,5700],"tags":[125710,61481,125711,34],"class_list":["post-2542810","post","type-post","status-publish","format-standard","has-post-thumbnail","hentry","category-amerique-du-sud","category-contenu-original","category-reportages-photo","tag-barrio-23-de-enero-fr","tag-caracas-fr","tag-comuna-fr","tag-venezuela"],"yoast_head":"<!-- This site is optimized with the Yoast SEO plugin v27.1.1 - https:\/\/yoast.com\/product\/yoast-seo-wordpress\/ -->\n<title>L&#039;au-del\u00e0 des \u00e9lections : Commune socialiste El Panal. Quartier 23 janvier, Caracas, Venezuela<\/title>\n<meta name=\"description\" content=\"\u00ab Ici vit une mamie \u00bb. Apr\u00e8s avoir serpent\u00e9 dans les diff\u00e9rentes rues de Caracas, nous avons commenc\u00e9 \u00e0 voir de plus pr\u00e8s l&#039;amoncellement de petites\" \/>\n<meta name=\"robots\" content=\"index, follow, max-snippet:-1, max-image-preview:large, max-video-preview:-1\" \/>\n<link rel=\"canonical\" href=\"https:\/\/www.pressenza.com\/fr\/2024\/08\/lau-dela-des-elections-commune-socialiste-el-panal-quartier-23-janvier-caracas-venezuela\/\" \/>\n<meta property=\"og:locale\" content=\"fr_FR\" \/>\n<meta property=\"og:type\" content=\"article\" \/>\n<meta property=\"og:title\" content=\"L&#039;au-del\u00e0 des \u00e9lections : Commune socialiste El Panal. Quartier 23 janvier, Caracas, Venezuela\" \/>\n<meta property=\"og:description\" content=\"\u00ab Ici vit une mamie \u00bb. Apr\u00e8s avoir serpent\u00e9 dans les diff\u00e9rentes rues de Caracas, nous avons commenc\u00e9 \u00e0 voir de plus pr\u00e8s l&#039;amoncellement de petites\" \/>\n<meta property=\"og:url\" content=\"https:\/\/www.pressenza.com\/fr\/2024\/08\/lau-dela-des-elections-commune-socialiste-el-panal-quartier-23-janvier-caracas-venezuela\/\" \/>\n<meta property=\"og:site_name\" content=\"Pressenza\" \/>\n<meta property=\"article:publisher\" content=\"https:\/\/www.facebook.com\/PressenzaItalia\" \/>\n<meta property=\"article:published_time\" content=\"2024-08-17T18:47:14+00:00\" \/>\n<meta property=\"article:modified_time\" content=\"2024-08-17T18:48:21+00:00\" \/>\n<meta property=\"og:image\" content=\"https:\/\/www.pressenza.com\/wp-content\/uploads\/2024\/08\/Comuna-Socialista-El-Panal-10-1.jpg\" \/>\n\t<meta property=\"og:image:width\" content=\"750\" \/>\n\t<meta property=\"og:image:height\" content=\"500\" \/>\n\t<meta property=\"og:image:type\" content=\"image\/jpeg\" \/>\n<meta name=\"author\" content=\"Redacci\u00f3n Venezuela\" \/>\n<meta name=\"twitter:card\" content=\"summary_large_image\" \/>\n<meta name=\"twitter:creator\" content=\"@PressenzaIPA\" \/>\n<meta name=\"twitter:site\" content=\"@PressenzaIPA\" \/>\n<meta name=\"twitter:label1\" content=\"\u00c9crit par\" \/>\n\t<meta name=\"twitter:data1\" content=\"Redacci\u00f3n Venezuela\" \/>\n\t<meta name=\"twitter:label2\" content=\"Dur\u00e9e de lecture estim\u00e9e\" \/>\n\t<meta name=\"twitter:data2\" content=\"4 minutes\" \/>\n<script type=\"application\/ld+json\" class=\"yoast-schema-graph\">{\"@context\":\"https:\/\/schema.org\",\"@graph\":[{\"@type\":\"Article\",\"@id\":\"https:\/\/www.pressenza.com\/fr\/2024\/08\/lau-dela-des-elections-commune-socialiste-el-panal-quartier-23-janvier-caracas-venezuela\/#article\",\"isPartOf\":{\"@id\":\"https:\/\/www.pressenza.com\/fr\/2024\/08\/lau-dela-des-elections-commune-socialiste-el-panal-quartier-23-janvier-caracas-venezuela\/\"},\"author\":{\"name\":\"Redacci\u00f3n Venezuela\",\"@id\":\"https:\/\/www.pressenza.com\/fr\/#\/schema\/person\/3cfc109eec6b2a7c8e0069d6e430ed11\"},\"headline\":\"L&rsquo;au-del\u00e0 des \u00e9lections : Commune socialiste El Panal. Quartier 23 janvier, Caracas, Venezuela\",\"datePublished\":\"2024-08-17T18:47:14+00:00\",\"dateModified\":\"2024-08-17T18:48:21+00:00\",\"mainEntityOfPage\":{\"@id\":\"https:\/\/www.pressenza.com\/fr\/2024\/08\/lau-dela-des-elections-commune-socialiste-el-panal-quartier-23-janvier-caracas-venezuela\/\"},\"wordCount\":745,\"publisher\":{\"@id\":\"https:\/\/www.pressenza.com\/fr\/#organization\"},\"image\":{\"@id\":\"https:\/\/www.pressenza.com\/fr\/2024\/08\/lau-dela-des-elections-commune-socialiste-el-panal-quartier-23-janvier-caracas-venezuela\/#primaryimage\"},\"thumbnailUrl\":\"https:\/\/www.pressenza.com\/wp-content\/uploads\/2024\/08\/Comuna-Socialista-El-Panal-10-1.jpg\",\"keywords\":[\"barrio 23 de enero\",\"Caracas\",\"comuna\",\"Venezuela\"],\"articleSection\":[\"Am\u00e9rique du Sud\",\"Contenu Original\",\"Reportages photo\"],\"inLanguage\":\"fr-FR\"},{\"@type\":\"WebPage\",\"@id\":\"https:\/\/www.pressenza.com\/fr\/2024\/08\/lau-dela-des-elections-commune-socialiste-el-panal-quartier-23-janvier-caracas-venezuela\/\",\"url\":\"https:\/\/www.pressenza.com\/fr\/2024\/08\/lau-dela-des-elections-commune-socialiste-el-panal-quartier-23-janvier-caracas-venezuela\/\",\"name\":\"L'au-del\u00e0 des \u00e9lections : Commune socialiste El Panal. Quartier 23 janvier, Caracas, Venezuela\",\"isPartOf\":{\"@id\":\"https:\/\/www.pressenza.com\/fr\/#website\"},\"primaryImageOfPage\":{\"@id\":\"https:\/\/www.pressenza.com\/fr\/2024\/08\/lau-dela-des-elections-commune-socialiste-el-panal-quartier-23-janvier-caracas-venezuela\/#primaryimage\"},\"image\":{\"@id\":\"https:\/\/www.pressenza.com\/fr\/2024\/08\/lau-dela-des-elections-commune-socialiste-el-panal-quartier-23-janvier-caracas-venezuela\/#primaryimage\"},\"thumbnailUrl\":\"https:\/\/www.pressenza.com\/wp-content\/uploads\/2024\/08\/Comuna-Socialista-El-Panal-10-1.jpg\",\"datePublished\":\"2024-08-17T18:47:14+00:00\",\"dateModified\":\"2024-08-17T18:48:21+00:00\",\"description\":\"\u00ab Ici vit une mamie \u00bb. Apr\u00e8s avoir serpent\u00e9 dans les diff\u00e9rentes rues de Caracas, nous avons commenc\u00e9 \u00e0 voir de plus pr\u00e8s l'amoncellement de petites\",\"breadcrumb\":{\"@id\":\"https:\/\/www.pressenza.com\/fr\/2024\/08\/lau-dela-des-elections-commune-socialiste-el-panal-quartier-23-janvier-caracas-venezuela\/#breadcrumb\"},\"inLanguage\":\"fr-FR\",\"potentialAction\":[{\"@type\":\"ReadAction\",\"target\":[\"https:\/\/www.pressenza.com\/fr\/2024\/08\/lau-dela-des-elections-commune-socialiste-el-panal-quartier-23-janvier-caracas-venezuela\/\"]}]},{\"@type\":\"ImageObject\",\"inLanguage\":\"fr-FR\",\"@id\":\"https:\/\/www.pressenza.com\/fr\/2024\/08\/lau-dela-des-elections-commune-socialiste-el-panal-quartier-23-janvier-caracas-venezuela\/#primaryimage\",\"url\":\"https:\/\/www.pressenza.com\/wp-content\/uploads\/2024\/08\/Comuna-Socialista-El-Panal-10-1.jpg\",\"contentUrl\":\"https:\/\/www.pressenza.com\/wp-content\/uploads\/2024\/08\/Comuna-Socialista-El-Panal-10-1.jpg\",\"width\":750,\"height\":500},{\"@type\":\"BreadcrumbList\",\"@id\":\"https:\/\/www.pressenza.com\/fr\/2024\/08\/lau-dela-des-elections-commune-socialiste-el-panal-quartier-23-janvier-caracas-venezuela\/#breadcrumb\",\"itemListElement\":[{\"@type\":\"ListItem\",\"position\":1,\"name\":\"Accueil\",\"item\":\"https:\/\/www.pressenza.com\/fr\/\"},{\"@type\":\"ListItem\",\"position\":2,\"name\":\"L&rsquo;au-del\u00e0 des \u00e9lections : Commune socialiste El Panal. Quartier 23 janvier, Caracas, Venezuela\"}]},{\"@type\":\"WebSite\",\"@id\":\"https:\/\/www.pressenza.com\/fr\/#website\",\"url\":\"https:\/\/www.pressenza.com\/fr\/\",\"name\":\"Pressenza\",\"description\":\"International Press Agency\",\"publisher\":{\"@id\":\"https:\/\/www.pressenza.com\/fr\/#organization\"},\"potentialAction\":[{\"@type\":\"SearchAction\",\"target\":{\"@type\":\"EntryPoint\",\"urlTemplate\":\"https:\/\/www.pressenza.com\/fr\/?s={search_term_string}\"},\"query-input\":{\"@type\":\"PropertyValueSpecification\",\"valueRequired\":true,\"valueName\":\"search_term_string\"}}],\"inLanguage\":\"fr-FR\"},{\"@type\":\"Organization\",\"@id\":\"https:\/\/www.pressenza.com\/fr\/#organization\",\"name\":\"Pressenza\",\"url\":\"https:\/\/www.pressenza.com\/fr\/\",\"logo\":{\"@type\":\"ImageObject\",\"inLanguage\":\"fr-FR\",\"@id\":\"https:\/\/www.pressenza.com\/fr\/#\/schema\/logo\/image\/\",\"url\":\"https:\/\/www.pressenza.com\/wp-content\/uploads\/2022\/10\/pressenza_logo_200x200.jpg\",\"contentUrl\":\"https:\/\/www.pressenza.com\/wp-content\/uploads\/2022\/10\/pressenza_logo_200x200.jpg\",\"width\":200,\"height\":200,\"caption\":\"Pressenza\"},\"image\":{\"@id\":\"https:\/\/www.pressenza.com\/fr\/#\/schema\/logo\/image\/\"},\"sameAs\":[\"https:\/\/www.facebook.com\/PressenzaItalia\",\"https:\/\/x.com\/PressenzaIPA\"]},{\"@type\":\"Person\",\"@id\":\"https:\/\/www.pressenza.com\/fr\/#\/schema\/person\/3cfc109eec6b2a7c8e0069d6e430ed11\",\"name\":\"Redacci\u00f3n Venezuela\",\"description\":\"News published by the Pressenza bureau in Venezuela\",\"url\":\"https:\/\/www.pressenza.com\/fr\/author\/redaccion-venezuela\/\"}]}<\/script>\n<!-- \/ Yoast SEO plugin. -->","yoast_head_json":{"title":"L'au-del\u00e0 des \u00e9lections : Commune socialiste El Panal. Quartier 23 janvier, Caracas, Venezuela","description":"\u00ab Ici vit une mamie \u00bb. Apr\u00e8s avoir serpent\u00e9 dans les diff\u00e9rentes rues de Caracas, nous avons commenc\u00e9 \u00e0 voir de plus pr\u00e8s l'amoncellement de petites","robots":{"index":"index","follow":"follow","max-snippet":"max-snippet:-1","max-image-preview":"max-image-preview:large","max-video-preview":"max-video-preview:-1"},"canonical":"https:\/\/www.pressenza.com\/fr\/2024\/08\/lau-dela-des-elections-commune-socialiste-el-panal-quartier-23-janvier-caracas-venezuela\/","og_locale":"fr_FR","og_type":"article","og_title":"L'au-del\u00e0 des \u00e9lections : Commune socialiste El Panal. Quartier 23 janvier, Caracas, Venezuela","og_description":"\u00ab Ici vit une mamie \u00bb. Apr\u00e8s avoir serpent\u00e9 dans les diff\u00e9rentes rues de Caracas, nous avons commenc\u00e9 \u00e0 voir de plus pr\u00e8s l'amoncellement de petites","og_url":"https:\/\/www.pressenza.com\/fr\/2024\/08\/lau-dela-des-elections-commune-socialiste-el-panal-quartier-23-janvier-caracas-venezuela\/","og_site_name":"Pressenza","article_publisher":"https:\/\/www.facebook.com\/PressenzaItalia","article_published_time":"2024-08-17T18:47:14+00:00","article_modified_time":"2024-08-17T18:48:21+00:00","og_image":[{"width":750,"height":500,"url":"https:\/\/www.pressenza.com\/wp-content\/uploads\/2024\/08\/Comuna-Socialista-El-Panal-10-1.jpg","type":"image\/jpeg"}],"author":"Redacci\u00f3n Venezuela","twitter_card":"summary_large_image","twitter_creator":"@PressenzaIPA","twitter_site":"@PressenzaIPA","twitter_misc":{"\u00c9crit par":"Redacci\u00f3n Venezuela","Dur\u00e9e de lecture estim\u00e9e":"4 minutes"},"schema":{"@context":"https:\/\/schema.org","@graph":[{"@type":"Article","@id":"https:\/\/www.pressenza.com\/fr\/2024\/08\/lau-dela-des-elections-commune-socialiste-el-panal-quartier-23-janvier-caracas-venezuela\/#article","isPartOf":{"@id":"https:\/\/www.pressenza.com\/fr\/2024\/08\/lau-dela-des-elections-commune-socialiste-el-panal-quartier-23-janvier-caracas-venezuela\/"},"author":{"name":"Redacci\u00f3n Venezuela","@id":"https:\/\/www.pressenza.com\/fr\/#\/schema\/person\/3cfc109eec6b2a7c8e0069d6e430ed11"},"headline":"L&rsquo;au-del\u00e0 des \u00e9lections : Commune socialiste El Panal. Quartier 23 janvier, Caracas, Venezuela","datePublished":"2024-08-17T18:47:14+00:00","dateModified":"2024-08-17T18:48:21+00:00","mainEntityOfPage":{"@id":"https:\/\/www.pressenza.com\/fr\/2024\/08\/lau-dela-des-elections-commune-socialiste-el-panal-quartier-23-janvier-caracas-venezuela\/"},"wordCount":745,"publisher":{"@id":"https:\/\/www.pressenza.com\/fr\/#organization"},"image":{"@id":"https:\/\/www.pressenza.com\/fr\/2024\/08\/lau-dela-des-elections-commune-socialiste-el-panal-quartier-23-janvier-caracas-venezuela\/#primaryimage"},"thumbnailUrl":"https:\/\/www.pressenza.com\/wp-content\/uploads\/2024\/08\/Comuna-Socialista-El-Panal-10-1.jpg","keywords":["barrio 23 de enero","Caracas","comuna","Venezuela"],"articleSection":["Am\u00e9rique du Sud","Contenu Original","Reportages photo"],"inLanguage":"fr-FR"},{"@type":"WebPage","@id":"https:\/\/www.pressenza.com\/fr\/2024\/08\/lau-dela-des-elections-commune-socialiste-el-panal-quartier-23-janvier-caracas-venezuela\/","url":"https:\/\/www.pressenza.com\/fr\/2024\/08\/lau-dela-des-elections-commune-socialiste-el-panal-quartier-23-janvier-caracas-venezuela\/","name":"L'au-del\u00e0 des \u00e9lections : Commune socialiste El Panal. Quartier 23 janvier, Caracas, Venezuela","isPartOf":{"@id":"https:\/\/www.pressenza.com\/fr\/#website"},"primaryImageOfPage":{"@id":"https:\/\/www.pressenza.com\/fr\/2024\/08\/lau-dela-des-elections-commune-socialiste-el-panal-quartier-23-janvier-caracas-venezuela\/#primaryimage"},"image":{"@id":"https:\/\/www.pressenza.com\/fr\/2024\/08\/lau-dela-des-elections-commune-socialiste-el-panal-quartier-23-janvier-caracas-venezuela\/#primaryimage"},"thumbnailUrl":"https:\/\/www.pressenza.com\/wp-content\/uploads\/2024\/08\/Comuna-Socialista-El-Panal-10-1.jpg","datePublished":"2024-08-17T18:47:14+00:00","dateModified":"2024-08-17T18:48:21+00:00","description":"\u00ab Ici vit une mamie \u00bb. Apr\u00e8s avoir serpent\u00e9 dans les diff\u00e9rentes rues de Caracas, nous avons commenc\u00e9 \u00e0 voir de plus pr\u00e8s l'amoncellement de petites","breadcrumb":{"@id":"https:\/\/www.pressenza.com\/fr\/2024\/08\/lau-dela-des-elections-commune-socialiste-el-panal-quartier-23-janvier-caracas-venezuela\/#breadcrumb"},"inLanguage":"fr-FR","potentialAction":[{"@type":"ReadAction","target":["https:\/\/www.pressenza.com\/fr\/2024\/08\/lau-dela-des-elections-commune-socialiste-el-panal-quartier-23-janvier-caracas-venezuela\/"]}]},{"@type":"ImageObject","inLanguage":"fr-FR","@id":"https:\/\/www.pressenza.com\/fr\/2024\/08\/lau-dela-des-elections-commune-socialiste-el-panal-quartier-23-janvier-caracas-venezuela\/#primaryimage","url":"https:\/\/www.pressenza.com\/wp-content\/uploads\/2024\/08\/Comuna-Socialista-El-Panal-10-1.jpg","contentUrl":"https:\/\/www.pressenza.com\/wp-content\/uploads\/2024\/08\/Comuna-Socialista-El-Panal-10-1.jpg","width":750,"height":500},{"@type":"BreadcrumbList","@id":"https:\/\/www.pressenza.com\/fr\/2024\/08\/lau-dela-des-elections-commune-socialiste-el-panal-quartier-23-janvier-caracas-venezuela\/#breadcrumb","itemListElement":[{"@type":"ListItem","position":1,"name":"Accueil","item":"https:\/\/www.pressenza.com\/fr\/"},{"@type":"ListItem","position":2,"name":"L&rsquo;au-del\u00e0 des \u00e9lections : Commune socialiste El Panal. Quartier 23 janvier, Caracas, Venezuela"}]},{"@type":"WebSite","@id":"https:\/\/www.pressenza.com\/fr\/#website","url":"https:\/\/www.pressenza.com\/fr\/","name":"Pressenza","description":"International Press Agency","publisher":{"@id":"https:\/\/www.pressenza.com\/fr\/#organization"},"potentialAction":[{"@type":"SearchAction","target":{"@type":"EntryPoint","urlTemplate":"https:\/\/www.pressenza.com\/fr\/?s={search_term_string}"},"query-input":{"@type":"PropertyValueSpecification","valueRequired":true,"valueName":"search_term_string"}}],"inLanguage":"fr-FR"},{"@type":"Organization","@id":"https:\/\/www.pressenza.com\/fr\/#organization","name":"Pressenza","url":"https:\/\/www.pressenza.com\/fr\/","logo":{"@type":"ImageObject","inLanguage":"fr-FR","@id":"https:\/\/www.pressenza.com\/fr\/#\/schema\/logo\/image\/","url":"https:\/\/www.pressenza.com\/wp-content\/uploads\/2022\/10\/pressenza_logo_200x200.jpg","contentUrl":"https:\/\/www.pressenza.com\/wp-content\/uploads\/2022\/10\/pressenza_logo_200x200.jpg","width":200,"height":200,"caption":"Pressenza"},"image":{"@id":"https:\/\/www.pressenza.com\/fr\/#\/schema\/logo\/image\/"},"sameAs":["https:\/\/www.facebook.com\/PressenzaItalia","https:\/\/x.com\/PressenzaIPA"]},{"@type":"Person","@id":"https:\/\/www.pressenza.com\/fr\/#\/schema\/person\/3cfc109eec6b2a7c8e0069d6e430ed11","name":"Redacci\u00f3n Venezuela","description":"News published by the Pressenza bureau in Venezuela","url":"https:\/\/www.pressenza.com\/fr\/author\/redaccion-venezuela\/"}]}},"place":"Caracas, Venezuela","original_article_url":"https:\/\/linktr.ee\/lakanayapodcast","_links":{"self":[{"href":"https:\/\/www.pressenza.com\/fr\/wp-json\/wp\/v2\/posts\/2542810","targetHints":{"allow":["GET"]}}],"collection":[{"href":"https:\/\/www.pressenza.com\/fr\/wp-json\/wp\/v2\/posts"}],"about":[{"href":"https:\/\/www.pressenza.com\/fr\/wp-json\/wp\/v2\/types\/post"}],"author":[{"embeddable":true,"href":"https:\/\/www.pressenza.com\/fr\/wp-json\/wp\/v2\/users\/1809"}],"replies":[{"embeddable":true,"href":"https:\/\/www.pressenza.com\/fr\/wp-json\/wp\/v2\/comments?post=2542810"}],"version-history":[{"count":0,"href":"https:\/\/www.pressenza.com\/fr\/wp-json\/wp\/v2\/posts\/2542810\/revisions"}],"wp:featuredmedia":[{"embeddable":true,"href":"https:\/\/www.pressenza.com\/fr\/wp-json\/wp\/v2\/media\/2542828"}],"wp:attachment":[{"href":"https:\/\/www.pressenza.com\/fr\/wp-json\/wp\/v2\/media?parent=2542810"}],"wp:term":[{"taxonomy":"category","embeddable":true,"href":"https:\/\/www.pressenza.com\/fr\/wp-json\/wp\/v2\/categories?post=2542810"},{"taxonomy":"post_tag","embeddable":true,"href":"https:\/\/www.pressenza.com\/fr\/wp-json\/wp\/v2\/tags?post=2542810"}],"curies":[{"name":"wp","href":"https:\/\/api.w.org\/{rel}","templated":true}]}}