{"id":2542238,"date":"2024-08-13T16:45:22","date_gmt":"2024-08-13T15:45:22","guid":{"rendered":"https:\/\/www.pressenza.com\/?p=2542238"},"modified":"2024-08-17T14:06:52","modified_gmt":"2024-08-17T13:06:52","slug":"sur-les-ruines-du-seisme-amal-biladi-batit-lespoir-au-maroc","status":"publish","type":"post","link":"https:\/\/www.pressenza.com\/fr\/2024\/08\/sur-les-ruines-du-seisme-amal-biladi-batit-lespoir-au-maroc\/","title":{"rendered":"Sur les ruines du s\u00e9isme, Amal Biladi b\u00e2tit l\u2019espoir au Maroc"},"content":{"rendered":"<p style=\"font-weight: 400;\">Le 8 septembre 2023, un violent s\u00e9isme frappe le Maroc, principalement dans le sud, affectant les r\u00e9gions d&rsquo;Al Haouz, Chichaoua et Taroudant. Le tremblement de terre a impact\u00e9 plus de 3 000 villages, d\u00e9truit pr\u00e8s de 60 000 maisons, et forc\u00e9 environ 400 000 personnes \u00e0 vivre sous des tentes. La catastrophe a caus\u00e9 la mort de pr\u00e8s de 4 000 personnes, dont au moins 30 % \u00e9taient des enfants, et fait pr\u00e8s de 10 000 bless\u00e9s.<\/p>\n<p style=\"font-weight: 400;\">Depuis 11 mois, l&rsquo;association marocaine Amal Biladi<a href=\"applewebdata:\/\/0B7F29B1-D5FB-4659-AD7F-6C45BFAC8A6E#_ftn1\" name=\"_ftnref1\">[1]<\/a>, fond\u00e9e par Elmahdi Benabdeljalil<a href=\"applewebdata:\/\/0B7F29B1-D5FB-4659-AD7F-6C45BFAC8A6E#_ftn2\" name=\"_ftnref2\">[2]<\/a> en septembre 2020 pour accompagner le d\u00e9veloppement de villages en zones rurales et montagneuses autour d\u2019un \u00e9cotourisme inclusif, s&rsquo;engage activement pour soutenir certains villages touch\u00e9s par cette catastrophe.<\/p>\n<p style=\"font-weight: 400;\">D\u00e8s le d\u00e9but, Elmahdi ressent une urgence profonde \u00e0 venir en aide \u00e0 ses fr\u00e8res et soeurs des villages.<\/p>\n<p style=\"font-weight: 400;\">C&rsquo;est dans ce contexte que je d\u00e9cide d&rsquo;interviewer Elmahdi pour discuter de son projet post-s\u00e9isme. Lors de notre entretien, il semble visiblement fatigu\u00e9. Je connais Elmahdi depuis pr\u00e8s de quatre ans, et je l&rsquo;ai rarement entendu exprimer une telle fatigue. En effet, il est connu pour son optimisme et sa d\u00e9termination.<\/p>\n<p style=\"font-weight: 400;\"><em>\u00ab Ces derniers 11 mois, ont \u00e9t\u00e9 du travail intensif \u00e0 tous les niveaux [\u2026] j\u2019ai travaill\u00e9 pour 8\/10 personnes [\u2026] j\u2019ai l\u2019impression d\u2019\u00eatre en zone de guerre au niveau moral \u00e0 cause de ce que je vois, et de l\u2019absence flagrante des responsables \u00e9lus sur le terrain.\u00bb<\/em><\/p>\n<p style=\"font-weight: 400;\">Cette conversation a confirm\u00e9 mes impressions : il a travaill\u00e9 sans rel\u00e2che pour transformer ses id\u00e9es en actions concr\u00e8tes. Sa confiance est ce qui le distingue. Il a foi en l&rsquo;humanit\u00e9, en Dieu, en lui-m\u00eame et en ses collaborateurs et collaboratrices. Je crois en ses paroles, et je suis convaincue qu\u2019il a investi tout son corps et toute son \u00e9nergie dans ce projet.<\/p>\n<p style=\"font-weight: 400;\">La volont\u00e9 et la force des habitants et des habitantes, des communaut\u00e9s, surplombent les difficult\u00e9s et sont l\u00e0, concr\u00e8tement. Elmahdi a beaucoup \u00e0 c\u0153ur son peuple, ses fr\u00e8res et s\u0153urs du monde rural, et le d\u00e9montre quotidiennement, c\u2019est pour cette raison que j\u2019ai d\u00e9cid\u00e9 d\u2019en \u00e9crire un article.<\/p>\n<p style=\"font-weight: 400;\"><em>\u00ab Je suis all\u00e9 l\u00e0 o\u00f9 les personnes ont eu le plus de mal et plus de douleur, on a distribu\u00e9 du mat\u00e9riel m\u00e9dical, des sacs de couchage, des tentes,\u2026 \u00e0 plus de 5 000 personnes. Sur le terrain j\u2019ai g\u00e9r\u00e9 les distributions, avec l\u2019appui des autorit\u00e9s de l\u2019administration territoriale et des villageois. [\u2026] Des centaines voire des milliers de pr\u00e9fabriqu\u00e9s ont \u00e9t\u00e9 pos\u00e9s par des ONG pour qu\u2019ils restent deux trois ans, apr\u00e8s ils partiront, avec l\u2019inconv\u00e9nient qu\u2019ils pr\u00e9sentent un niveau thermique pas adapt\u00e9, et un aspect visuel qui d\u00e9nature compl\u00e8tement le paysage&#8230; \u00bb<\/em><\/p>\n<p style=\"font-weight: 400;\">Ce que j\u2019entends, c\u2019est qu\u2019il veut trouver des solutions \u00e0 long-terme, des solutions tangibles et r\u00e9elles.<\/p>\n<p style=\"font-weight: 400;\">L\u2019objectif d\u2019Amal Biladi est de contribuer \u00e0 la reconstruction, tant sur le plan moral que physique, de trois villages : A\u00eft Bourd, situ\u00e9 dans la commune d\u2019Amizmiz, province d&rsquo;El Haouz ; Igherman, dans la commune d\u2019Adassil, province de Chichaoua ; et Tajgalt, dans la commune de Tafingoult, province de Taroudant. Ce projet porte le nom de <em><strong>\u00ab Agir pour reconstruire \u00bb.<\/strong><\/em><\/p>\n<p style=\"font-weight: 400;\">Les objectifs initiaux de ce projet sont les suivants : garantir l\u2019acc\u00e8s \u00e0 l\u2019eau potable pour les habitants, les habitantes et les \u00e9coles avoisinantes, cr\u00e9er autant de maisonnettes en bois et terre de 18 m\u00b2, construire un centre antisismique pour les activit\u00e9s parascolaires, et initier des projets g\u00e9n\u00e9rateurs de revenus, notamment pour les femmes et les jeunes. Ce centre, nomm\u00e9 <em>\u00ab Maison solidaire des \u00e9toiles de Tajgalt \u00bb,<\/em> offrira aux enfants et aux jeunes un espace de loisirs o\u00f9 ils et elles pourront pratiquer des activit\u00e9s artistiques et am\u00e9liorer leur niveau en langues. Ce nom rend hommage aux 22 enfants et aux adolescents et adolescentes d\u00e9c\u00e9d\u00e9s dans le village.<\/p>\n<p style=\"font-weight: 400;\">Jusqu\u2019\u00e0 pr\u00e9sent, les actions men\u00e9es sur le terrain ont \u00e9t\u00e9 multiples\u00a0:<\/p>\n<ul>\n<li><strong>R\u00e9ception de dons de la diaspora marocaine \u00e0 San Diego, Toulouse et Ottawa et distribution<\/strong> aux habitants et aux habitantes du douar Tajgalt, province de Taroudant.<\/li>\n<li><strong>Organisation de stages<\/strong> <strong>de respiration et de gestion des \u00e9motions<\/strong> avec l&rsquo;association Art of Living et l&rsquo;Association Internationale des Valeurs Humaines<a href=\"applewebdata:\/\/0B7F29B1-D5FB-4659-AD7F-6C45BFAC8A6E#_ftn3\" name=\"_ftnref3\">[3]<\/a>, b\u00e9n\u00e9ficiant \u00e0 plus de 600 personnes, dont 150 enfants.<\/li>\n<li><strong>Cr\u00e9ation d\u2019ateliers d&rsquo;art-th\u00e9rapie et accompagnements psychologiques<\/strong> pour les enfants.<\/li>\n<li><strong>Installation de logements temporaires<\/strong> pour 44 foyers dans les villages d&rsquo;A\u00eft Bourd et Igherman et l\u2019animation de formations \u00e0 la construction de noualas<a href=\"applewebdata:\/\/0B7F29B1-D5FB-4659-AD7F-6C45BFAC8A6E#_ftn4\" name=\"_ftnref4\">[4]<\/a>.<\/li>\n<li><strong>Distribution de 4 000 couvertures premium<\/strong> financ\u00e9es par les partenaires Art of Living et l&rsquo;Association Internationale des Valeurs Humaines, distribu\u00e9es dans les provinces de Taroudant et Chichaoua.<\/li>\n<li><strong>Distribution de <\/strong>mat\u00e9riel m\u00e9dical, fauteuils roulants, b\u00e9quilles, tentes, sacs de couchage,\u2026.<\/li>\n<li><strong>Mise en place de projets pour faciliter l\u2019acc\u00e8s \u00e0 l&rsquo;eau potable et autonomisation des femmes<\/strong> gr\u00e2ce \u00e0 un partenariat avec Agua de Sol<a href=\"applewebdata:\/\/0B7F29B1-D5FB-4659-AD7F-6C45BFAC8A6E#_ftn5\" name=\"_ftnref5\">[5]<\/a>, incluant l&rsquo;\u00e9quipement d&rsquo;\u00e9coles avec des panneaux photovolta\u00efques et la cr\u00e9ation de coop\u00e9ratives f\u00e9minines dans des appels \u00e0 projets internationaux.<\/li>\n<\/ul>\n<p style=\"font-weight: 400;\">Ce qui distingue ce projet est l&rsquo;engagement constant et l&rsquo;innovation qui caract\u00e9risent l&rsquo;\u00e9quipe d\u00e9vou\u00e9e d\u2019Amal Biladi. Parmi les r\u00e9alisations notables, on trouve les prototypes de maisons antisismiques.<\/p>\n<p style=\"font-weight: 400;\">Il y a quelques mois, Elmahdi d\u00e9couvre un mod\u00e8le de construction antisismique et isothermique, cr\u00e9\u00e9 par l&rsquo;architecte locale Aziza Chaouni. Ce mod\u00e8le, con\u00e7u pour \u00eatre facilement reproduit, est compos\u00e9 \u00e0 95 % de terre et \u00e0 5 % de ciment, respectant ainsi les normes antisismiques marocaines. Intrigu\u00e9 par cette approche, Elmahdi prend contact avec l\u2019\u00e9quipe.<\/p>\n<p style=\"font-weight: 400;\">Il rencontre alors Aziza Chaouni et ensemble, ils forment un partenariat pour cr\u00e9er un prototype sp\u00e9cialement adapt\u00e9 aux besoins d\u2019Amal Biladi. Ce nouveau prototype sera perfectionn\u00e9 pour utiliser des briques compos\u00e9es \u00e0 100 % de terre, avec des fondations en b\u00e9ton pour r\u00e9pondre aux normes antisismiques. Il est con\u00e7u sp\u00e9cifiquement pour s&rsquo;adapter \u00e0 un terrain tr\u00e8s meuble, n\u00e9cessitant des fondations robustes.<\/p>\n<p style=\"font-weight: 400;\">En juin, Aziza Chaouni a remport\u00e9 le prix du World Monuments Fund \u00e0 New York parmi 20 projets pour son premier prototype et a \u00e9galement pr\u00e9sent\u00e9 le projet de la <em>\u00ab Maison solidaire des \u00e9toiles de Tajgalt \u00bb,<\/em> connu sous le nom de prototype 2.<\/p>\n<p style=\"font-weight: 400;\">Ces mod\u00e8les seront \u00e9galement pr\u00e9sent\u00e9s par Elmahdi, accompagn\u00e9 d&rsquo;une collaboratrice d&rsquo;Aziza Chaouni, \u00e0 Paris le 4 septembre, lors du Prix du Design de l&rsquo;Institut du Monde Arabe, dans la cat\u00e9gorie \u00ab Talent Entrepreneurial \u00bb.\u00a0Cette pr\u00e9sentation sera l&rsquo;occasion de d\u00e9tailler leurs objectifs, notamment un syst\u00e8me de toilettes \u00e0 compost, des innovations pour optimiser la circulation de l\u2019air, l\u2019orientation des b\u00e2timents pour l\u2019efficacit\u00e9 \u00e9nerg\u00e9tique, et un syst\u00e8me de r\u00e9cup\u00e9ration des eaux de pluie.<\/p>\n<p style=\"font-weight: 400;\">Bien que l\u2019utilisation de mat\u00e9riaux traditionnels comme la terre et la pierre suscite une certaine r\u00e9ticence parmi les habitants et les habitantes, les besoins du village sont clairs : acc\u00e8s \u00e0 la lumi\u00e8re et \u00e0 internet pour travailler. C&rsquo;est en tenant compte de ces besoins qu\u2019Elmahdi a obtenu un terrain pour Amal Biladi, d&rsquo;o\u00f9 est n\u00e9e l&rsquo;id\u00e9e du centre communautaire. Il esp\u00e8re commencer la construction \u00e0 la fin du mois d\u2019ao\u00fbt ou au d\u00e9but du mois de septembre, et souhaite que ce prototype puisse aider \u00e0 lever des fonds pour construire quelques maisons similaires pour des familles qui n\u2019ont pas re\u00e7u d\u2019indemnisation, ou des veuves sans moyen.<\/p>\n<p style=\"font-weight: 400;\"><em>\u00a0\u00ab\u00a0\u2018Nchallah, fin de l\u2019ann\u00e9e 2024, c\u2019est fini.\u00a0\u00bb<\/em><\/p>\n<p style=\"font-weight: 400;\">A la fin de notre conversation je lui pose la question <em>\u00ab comment tu te d\u00e9crirais en quelques mots ? \u00bb<\/em> et la r\u00e9ponse est<\/p>\n<p style=\"font-weight: 400;\"><em>\u00ab\u00a0Je suis auteur, acteur associatif et entrepreneur solidaire.\u00a0\u00bb<\/em><\/p>\n<p style=\"font-weight: 400;\">Mais il est bien plus que \u00e7a.<\/p>\n<p style=\"font-weight: 400;\">Lorsque j&rsquo;ai fait la connaissance d&rsquo;Elmahdi, nous avons pass\u00e9 une heure au t\u00e9l\u00e9phone \u00e0 discuter de spiritualit\u00e9 et de la corr\u00e9lation entre notre production \u00e9nerg\u00e9tique quotidienne et les r\u00e9sultats observ\u00e9s. D\u00e8s le d\u00e9part, j&rsquo;ai ressenti que ses r\u00eaves \u00e9taient \u00e9troitement li\u00e9s aux autres, et que sa force et son endurance \u00e9taient les moteurs de ses r\u00e9alisations. Je reste encore impressionn\u00e9e par sa d\u00e9termination, qui ne faibli pas face aux difficult\u00e9s.<\/p>\n<p style=\"font-weight: 400;\">Je suis convaincue qu&rsquo;il est crucial de mettre en lumi\u00e8re les actions de cette association, car elles sont \u00e0 la fois innovantes et dignes de notre attention. Amal Biladi a su tisser un \u00e9cosyst\u00e8me d&rsquo;associations et d&rsquo;entreprises pour soutenir le d\u00e9veloppement de villages situ\u00e9s dans des zones rurales et montagneuses, en mettant l&rsquo;accent sur un \u00e9cotourisme inclusif et en valorisant l&rsquo;entrepreneuriat f\u00e9minin.<\/p>\n<p style=\"font-weight: 400;\">Les valeurs d&rsquo;entraide et de solidarit\u00e9 sont enracin\u00e9es en Elmahdi, et elles se refl\u00e8tent \u00e9galement dans l&rsquo;\u00e9quipe qu&rsquo;il a constitu\u00e9e. La le\u00e7on qu&rsquo;il nous enseigne est simple mais puissante : croire en quelque chose avec force, c&rsquo;est d\u00e9j\u00e0 commencer \u00e0 le r\u00e9aliser. Ce qui le motive, c&rsquo;est la volont\u00e9 de rendre visibles, entendues et \u00e9cout\u00e9es les voix des personnes oubli\u00e9es de son pays. C\u2019est \u00e0 travers leur sourire qu\u2019il mesure son succ\u00e8s.<\/p>\n<p style=\"font-weight: 400;\">Jour apr\u00e8s jour, Elmahdi construit un chemin pav\u00e9 de pierres venues d&rsquo;horizons divers, guidant vers le monde qu&rsquo;il aspire \u00e0 cr\u00e9er autour de lui. Le parcours d&rsquo;Elmahdi Benabdeljalil et d&rsquo;Amal Biladi incarne la force de la solidarit\u00e9 et de l&rsquo;engagement communautaire. Face \u00e0 une catastrophe d&rsquo;une telle ampleur, il n&rsquo;a pas seulement offert un soutien mat\u00e9riel aux villages d\u00e9vast\u00e9s, mais a aussi sem\u00e9 des graines d&rsquo;espoir et de r\u00e9silience.<\/p>\n<p style=\"font-weight: 400;\">Soutenir Amal Biladi et d&rsquo;autres initiatives semblables, c&rsquo;est contribuer \u00e0 b\u00e2tir un avenir o\u00f9 chaque village, chaque communaut\u00e9, devient une v\u00e9ritable source d&rsquo;espoir.<\/p>\n<div class=\"post-gallery\">\n\t\t\t<figure class=\"post-gallery-item\">\n\t\t\t\t<img decoding=\"async\" src=\"https:\/\/www.pressenza.com\/wp-content\/uploads\/2024\/08\/WhatsApp-Image-2024-08-13-at-16.27.14-1-1-768x1024.jpeg\" loading=\"lazy\">\n\t\t\t\t<figcaption>\n\t\t\t\t\tMai 2024 - Douar Ait Bourd, commune Amizmiz, province El Haouz\n\t\t\t\t<\/figcaption>\n\t\t\t<\/figure>\n\t\t\t<figure class=\"post-gallery-item\">\n\t\t\t\t<img decoding=\"async\" src=\"https:\/\/www.pressenza.com\/wp-content\/uploads\/2024\/08\/WhatsApp-Image-2024-08-13-at-16.27.14-2-576x1024.jpeg\" loading=\"lazy\">\n\t\t\t\t<figcaption>\n\t\t\t\t\tMai 2024 - Douar Ait Bourd, commune Amizmiz, province El Haouz\n\t\t\t\t<\/figcaption>\n\t\t\t<\/figure>\n\t\t\t<figure class=\"post-gallery-item\">\n\t\t\t\t<img decoding=\"async\" src=\"https:\/\/www.pressenza.com\/wp-content\/uploads\/2024\/08\/WhatsApp-Image-2024-08-13-at-16.27.15-1-1-576x1024.jpeg\" loading=\"lazy\">\n\t\t\t\t<figcaption>\n\t\t\t\t\tMai 2024 - Douar Ait Bourd, commune Amizmiz, province El Haouz\n\t\t\t\t<\/figcaption>\n\t\t\t<\/figure>\n\t\t\t<figure class=\"post-gallery-item\">\n\t\t\t\t<img decoding=\"async\" src=\"https:\/\/www.pressenza.com\/wp-content\/uploads\/2024\/08\/WhatsApp-Image-2024-08-13-at-16.27.15-2-768x1024.jpeg\" loading=\"lazy\">\n\t\t\t\t<figcaption>\n\t\t\t\t\tMai 2024 - Douar Ait Bourd, commune Amizmiz, province El Haouz\n\t\t\t\t<\/figcaption>\n\t\t\t<\/figure><\/div>\n<p><a href=\"applewebdata:\/\/0B7F29B1-D5FB-4659-AD7F-6C45BFAC8A6E#_ftnref1\" name=\"_ftn1\">[1]<\/a> : <a href=\"https:\/\/amalbiladi.com\/\">Amal Biladi &#8211; Chaque village est une source d&rsquo;espoir<\/a><\/p>\n<p><a href=\"applewebdata:\/\/0B7F29B1-D5FB-4659-AD7F-6C45BFAC8A6E#_ftnref2\" name=\"_ftn2\">[2]<\/a> Si int\u00e9ressez \u00e0 son livre\u00a0: <a href=\"http:\/\/www.elmahdibenabdeljalil.com\/\">www.elmahdibenabdeljalil.com<\/a><\/p>\n<p><a href=\"applewebdata:\/\/0B7F29B1-D5FB-4659-AD7F-6C45BFAC8A6E#_ftnref3\" name=\"_ftn3\">[3]<\/a> <a href=\"https:\/\/www.artofliving.es\/heal-morocco\">https:\/\/www.artofliving.es\/heal-morocco<\/a> projet avec Art of Living et l\u2019Association Internationale des Valeurs Humaines<\/p>\n<p><a href=\"applewebdata:\/\/0B7F29B1-D5FB-4659-AD7F-6C45BFAC8A6E#_ftnref4\" name=\"_ftn4\">[4]<\/a> La construction en nouala est une technique traditionnelle marocaine utilisant des mat\u00e9riaux locaux comme la terre et la pierre pour cr\u00e9er des structures adapt\u00e9es au climat montagnard, offrant une isolation thermique efficace.<\/p>\n<p><a href=\"applewebdata:\/\/0B7F29B1-D5FB-4659-AD7F-6C45BFAC8A6E#_ftnref5\" name=\"_ftn5\">[5]<\/a> <a href=\"https:\/\/www.agua-de-sol.com\/\">https:\/\/www.agua-de-sol.com<\/a>: entreprise solidaire<\/p>\n","protected":false},"excerpt":{"rendered":"<p>Le 8 septembre 2023, un violent s\u00e9isme frappe le Maroc, principalement dans le sud, affectant les r\u00e9gions d&rsquo;Al Haouz, Chichaoua et Taroudant. Le tremblement de terre a impact\u00e9 plus de 3 000 villages, d\u00e9truit pr\u00e8s de 60 000 maisons, et&hellip;<\/p>\n","protected":false},"author":2326,"featured_media":2542251,"comment_status":"closed","ping_status":"closed","sticky":false,"template":"","format":"gallery","meta":{"footnotes":""},"categories":[11386,97,100,1249,156],"tags":[61354,4136,125617,125618,3228],"class_list":["post-2542238","post","type-post","status-publish","format-gallery","has-post-thumbnail","hentry","category-contenu-original","category-environnement-et-ecologie","category-economie","category-education-sujet","category-interview-fr","tag-architecture","tag-maroc","tag-postseisme","tag-reconstruction","tag-solidarite","post_format-post-format-gallery"],"yoast_head":"<!-- This site is optimized with the Yoast SEO plugin v27.1.1 - https:\/\/yoast.com\/product\/yoast-seo-wordpress\/ -->\n<title>Sur les ruines du s\u00e9isme, Amal Biladi b\u00e2tit l\u2019espoir au Maroc<\/title>\n<meta name=\"description\" content=\"Le 8 septembre 2023, un violent s\u00e9isme frappe le Maroc, principalement dans le sud, affectant les r\u00e9gions d&#039;Al Haouz, Chichaoua et Taroudant. Le\" \/>\n<meta name=\"robots\" content=\"index, follow, max-snippet:-1, max-image-preview:large, max-video-preview:-1\" \/>\n<link rel=\"canonical\" href=\"https:\/\/www.pressenza.com\/fr\/2024\/08\/sur-les-ruines-du-seisme-amal-biladi-batit-lespoir-au-maroc\/\" \/>\n<meta property=\"og:locale\" content=\"fr_FR\" \/>\n<meta property=\"og:type\" content=\"article\" \/>\n<meta property=\"og:title\" content=\"Sur les ruines du s\u00e9isme, Amal Biladi b\u00e2tit l\u2019espoir au Maroc\" \/>\n<meta property=\"og:description\" content=\"Le 8 septembre 2023, un violent s\u00e9isme frappe le Maroc, principalement dans le sud, affectant les r\u00e9gions d&#039;Al Haouz, Chichaoua et Taroudant. Le\" \/>\n<meta property=\"og:url\" content=\"https:\/\/www.pressenza.com\/fr\/2024\/08\/sur-les-ruines-du-seisme-amal-biladi-batit-lespoir-au-maroc\/\" \/>\n<meta property=\"og:site_name\" content=\"Pressenza\" \/>\n<meta property=\"article:publisher\" content=\"https:\/\/www.facebook.com\/PressenzaItalia\" \/>\n<meta property=\"article:published_time\" content=\"2024-08-13T15:45:22+00:00\" \/>\n<meta property=\"article:modified_time\" content=\"2024-08-17T13:06:52+00:00\" \/>\n<meta property=\"og:image\" content=\"https:\/\/www.pressenza.com\/wp-content\/uploads\/2024\/08\/WhatsApp-Image-2024-08-13-at-15.59.47.jpeg\" \/>\n\t<meta property=\"og:image:width\" content=\"1600\" \/>\n\t<meta property=\"og:image:height\" content=\"1200\" \/>\n\t<meta property=\"og:image:type\" content=\"image\/jpeg\" \/>\n<meta name=\"author\" content=\"Angelica Mengozzi\" \/>\n<meta name=\"twitter:card\" content=\"summary_large_image\" \/>\n<meta name=\"twitter:creator\" content=\"@PressenzaIPA\" \/>\n<meta name=\"twitter:site\" content=\"@PressenzaIPA\" \/>\n<meta name=\"twitter:label1\" content=\"\u00c9crit par\" \/>\n\t<meta name=\"twitter:data1\" content=\"Angelica Mengozzi\" \/>\n\t<meta name=\"twitter:label2\" content=\"Dur\u00e9e de lecture estim\u00e9e\" \/>\n\t<meta name=\"twitter:data2\" content=\"9 minutes\" \/>\n<script type=\"application\/ld+json\" class=\"yoast-schema-graph\">{\"@context\":\"https:\/\/schema.org\",\"@graph\":[{\"@type\":\"Article\",\"@id\":\"https:\/\/www.pressenza.com\/fr\/2024\/08\/sur-les-ruines-du-seisme-amal-biladi-batit-lespoir-au-maroc\/#article\",\"isPartOf\":{\"@id\":\"https:\/\/www.pressenza.com\/fr\/2024\/08\/sur-les-ruines-du-seisme-amal-biladi-batit-lespoir-au-maroc\/\"},\"author\":{\"name\":\"Angelica Mengozzi\",\"@id\":\"https:\/\/www.pressenza.com\/fr\/#\/schema\/person\/b58d31371eaa712b3f98b70c770f384b\"},\"headline\":\"Sur les ruines du s\u00e9isme, Amal Biladi b\u00e2tit l\u2019espoir au Maroc\",\"datePublished\":\"2024-08-13T15:45:22+00:00\",\"dateModified\":\"2024-08-17T13:06:52+00:00\",\"mainEntityOfPage\":{\"@id\":\"https:\/\/www.pressenza.com\/fr\/2024\/08\/sur-les-ruines-du-seisme-amal-biladi-batit-lespoir-au-maroc\/\"},\"wordCount\":1759,\"publisher\":{\"@id\":\"https:\/\/www.pressenza.com\/fr\/#organization\"},\"image\":{\"@id\":\"https:\/\/www.pressenza.com\/fr\/2024\/08\/sur-les-ruines-du-seisme-amal-biladi-batit-lespoir-au-maroc\/#primaryimage\"},\"thumbnailUrl\":\"https:\/\/www.pressenza.com\/wp-content\/uploads\/2024\/08\/WhatsApp-Image-2024-08-13-at-15.59.47.jpeg\",\"keywords\":[\"Architecture\",\"Maroc\",\"posts\u00e9isme\",\"reconstruction\",\"solidarit\u00e9\"],\"articleSection\":[\"Contenu Original\",\"Ecologie et Environnement\",\"Economie\",\"Education\",\"Interviews\"],\"inLanguage\":\"fr-FR\"},{\"@type\":\"WebPage\",\"@id\":\"https:\/\/www.pressenza.com\/fr\/2024\/08\/sur-les-ruines-du-seisme-amal-biladi-batit-lespoir-au-maroc\/\",\"url\":\"https:\/\/www.pressenza.com\/fr\/2024\/08\/sur-les-ruines-du-seisme-amal-biladi-batit-lespoir-au-maroc\/\",\"name\":\"Sur les ruines du s\u00e9isme, Amal Biladi b\u00e2tit l\u2019espoir au Maroc\",\"isPartOf\":{\"@id\":\"https:\/\/www.pressenza.com\/fr\/#website\"},\"primaryImageOfPage\":{\"@id\":\"https:\/\/www.pressenza.com\/fr\/2024\/08\/sur-les-ruines-du-seisme-amal-biladi-batit-lespoir-au-maroc\/#primaryimage\"},\"image\":{\"@id\":\"https:\/\/www.pressenza.com\/fr\/2024\/08\/sur-les-ruines-du-seisme-amal-biladi-batit-lespoir-au-maroc\/#primaryimage\"},\"thumbnailUrl\":\"https:\/\/www.pressenza.com\/wp-content\/uploads\/2024\/08\/WhatsApp-Image-2024-08-13-at-15.59.47.jpeg\",\"datePublished\":\"2024-08-13T15:45:22+00:00\",\"dateModified\":\"2024-08-17T13:06:52+00:00\",\"description\":\"Le 8 septembre 2023, un violent s\u00e9isme frappe le Maroc, principalement dans le sud, affectant les r\u00e9gions d'Al Haouz, Chichaoua et Taroudant. Le\",\"breadcrumb\":{\"@id\":\"https:\/\/www.pressenza.com\/fr\/2024\/08\/sur-les-ruines-du-seisme-amal-biladi-batit-lespoir-au-maroc\/#breadcrumb\"},\"inLanguage\":\"fr-FR\",\"potentialAction\":[{\"@type\":\"ReadAction\",\"target\":[\"https:\/\/www.pressenza.com\/fr\/2024\/08\/sur-les-ruines-du-seisme-amal-biladi-batit-lespoir-au-maroc\/\"]}]},{\"@type\":\"ImageObject\",\"inLanguage\":\"fr-FR\",\"@id\":\"https:\/\/www.pressenza.com\/fr\/2024\/08\/sur-les-ruines-du-seisme-amal-biladi-batit-lespoir-au-maroc\/#primaryimage\",\"url\":\"https:\/\/www.pressenza.com\/wp-content\/uploads\/2024\/08\/WhatsApp-Image-2024-08-13-at-15.59.47.jpeg\",\"contentUrl\":\"https:\/\/www.pressenza.com\/wp-content\/uploads\/2024\/08\/WhatsApp-Image-2024-08-13-at-15.59.47.jpeg\",\"width\":1600,\"height\":1200,\"caption\":\"Construction de maisonnette en bois (nouala) - mai 2024\"},{\"@type\":\"BreadcrumbList\",\"@id\":\"https:\/\/www.pressenza.com\/fr\/2024\/08\/sur-les-ruines-du-seisme-amal-biladi-batit-lespoir-au-maroc\/#breadcrumb\",\"itemListElement\":[{\"@type\":\"ListItem\",\"position\":1,\"name\":\"Accueil\",\"item\":\"https:\/\/www.pressenza.com\/fr\/\"},{\"@type\":\"ListItem\",\"position\":2,\"name\":\"Sur les ruines du s\u00e9isme, Amal Biladi b\u00e2tit l\u2019espoir au Maroc\"}]},{\"@type\":\"WebSite\",\"@id\":\"https:\/\/www.pressenza.com\/fr\/#website\",\"url\":\"https:\/\/www.pressenza.com\/fr\/\",\"name\":\"Pressenza\",\"description\":\"International Press Agency\",\"publisher\":{\"@id\":\"https:\/\/www.pressenza.com\/fr\/#organization\"},\"potentialAction\":[{\"@type\":\"SearchAction\",\"target\":{\"@type\":\"EntryPoint\",\"urlTemplate\":\"https:\/\/www.pressenza.com\/fr\/?s={search_term_string}\"},\"query-input\":{\"@type\":\"PropertyValueSpecification\",\"valueRequired\":true,\"valueName\":\"search_term_string\"}}],\"inLanguage\":\"fr-FR\"},{\"@type\":\"Organization\",\"@id\":\"https:\/\/www.pressenza.com\/fr\/#organization\",\"name\":\"Pressenza\",\"url\":\"https:\/\/www.pressenza.com\/fr\/\",\"logo\":{\"@type\":\"ImageObject\",\"inLanguage\":\"fr-FR\",\"@id\":\"https:\/\/www.pressenza.com\/fr\/#\/schema\/logo\/image\/\",\"url\":\"https:\/\/www.pressenza.com\/wp-content\/uploads\/2022\/10\/pressenza_logo_200x200.jpg\",\"contentUrl\":\"https:\/\/www.pressenza.com\/wp-content\/uploads\/2022\/10\/pressenza_logo_200x200.jpg\",\"width\":200,\"height\":200,\"caption\":\"Pressenza\"},\"image\":{\"@id\":\"https:\/\/www.pressenza.com\/fr\/#\/schema\/logo\/image\/\"},\"sameAs\":[\"https:\/\/www.facebook.com\/PressenzaItalia\",\"https:\/\/x.com\/PressenzaIPA\"]},{\"@type\":\"Person\",\"@id\":\"https:\/\/www.pressenza.com\/fr\/#\/schema\/person\/b58d31371eaa712b3f98b70c770f384b\",\"name\":\"Angelica Mengozzi\",\"description\":\"Je vis \u00e0 Anvers (Belgique) et je m\u2019int\u00e9resse \u00e0 divers th\u00e8mes d\u2019actualit\u00e9, en particulier aux dysfonctionnements sociaux. Ma passion s\u2019\u00e9tend aux domaines des religions, des sciences et de la sociologie.\",\"url\":\"https:\/\/www.pressenza.com\/fr\/author\/angelica-mengozzi\/\"}]}<\/script>\n<!-- \/ Yoast SEO plugin. -->","yoast_head_json":{"title":"Sur les ruines du s\u00e9isme, Amal Biladi b\u00e2tit l\u2019espoir au Maroc","description":"Le 8 septembre 2023, un violent s\u00e9isme frappe le Maroc, principalement dans le sud, affectant les r\u00e9gions d'Al Haouz, Chichaoua et Taroudant. Le","robots":{"index":"index","follow":"follow","max-snippet":"max-snippet:-1","max-image-preview":"max-image-preview:large","max-video-preview":"max-video-preview:-1"},"canonical":"https:\/\/www.pressenza.com\/fr\/2024\/08\/sur-les-ruines-du-seisme-amal-biladi-batit-lespoir-au-maroc\/","og_locale":"fr_FR","og_type":"article","og_title":"Sur les ruines du s\u00e9isme, Amal Biladi b\u00e2tit l\u2019espoir au Maroc","og_description":"Le 8 septembre 2023, un violent s\u00e9isme frappe le Maroc, principalement dans le sud, affectant les r\u00e9gions d'Al Haouz, Chichaoua et Taroudant. Le","og_url":"https:\/\/www.pressenza.com\/fr\/2024\/08\/sur-les-ruines-du-seisme-amal-biladi-batit-lespoir-au-maroc\/","og_site_name":"Pressenza","article_publisher":"https:\/\/www.facebook.com\/PressenzaItalia","article_published_time":"2024-08-13T15:45:22+00:00","article_modified_time":"2024-08-17T13:06:52+00:00","og_image":[{"width":1600,"height":1200,"url":"https:\/\/www.pressenza.com\/wp-content\/uploads\/2024\/08\/WhatsApp-Image-2024-08-13-at-15.59.47.jpeg","type":"image\/jpeg"}],"author":"Angelica Mengozzi","twitter_card":"summary_large_image","twitter_creator":"@PressenzaIPA","twitter_site":"@PressenzaIPA","twitter_misc":{"\u00c9crit par":"Angelica Mengozzi","Dur\u00e9e de lecture estim\u00e9e":"9 minutes"},"schema":{"@context":"https:\/\/schema.org","@graph":[{"@type":"Article","@id":"https:\/\/www.pressenza.com\/fr\/2024\/08\/sur-les-ruines-du-seisme-amal-biladi-batit-lespoir-au-maroc\/#article","isPartOf":{"@id":"https:\/\/www.pressenza.com\/fr\/2024\/08\/sur-les-ruines-du-seisme-amal-biladi-batit-lespoir-au-maroc\/"},"author":{"name":"Angelica Mengozzi","@id":"https:\/\/www.pressenza.com\/fr\/#\/schema\/person\/b58d31371eaa712b3f98b70c770f384b"},"headline":"Sur les ruines du s\u00e9isme, Amal Biladi b\u00e2tit l\u2019espoir au Maroc","datePublished":"2024-08-13T15:45:22+00:00","dateModified":"2024-08-17T13:06:52+00:00","mainEntityOfPage":{"@id":"https:\/\/www.pressenza.com\/fr\/2024\/08\/sur-les-ruines-du-seisme-amal-biladi-batit-lespoir-au-maroc\/"},"wordCount":1759,"publisher":{"@id":"https:\/\/www.pressenza.com\/fr\/#organization"},"image":{"@id":"https:\/\/www.pressenza.com\/fr\/2024\/08\/sur-les-ruines-du-seisme-amal-biladi-batit-lespoir-au-maroc\/#primaryimage"},"thumbnailUrl":"https:\/\/www.pressenza.com\/wp-content\/uploads\/2024\/08\/WhatsApp-Image-2024-08-13-at-15.59.47.jpeg","keywords":["Architecture","Maroc","posts\u00e9isme","reconstruction","solidarit\u00e9"],"articleSection":["Contenu Original","Ecologie et Environnement","Economie","Education","Interviews"],"inLanguage":"fr-FR"},{"@type":"WebPage","@id":"https:\/\/www.pressenza.com\/fr\/2024\/08\/sur-les-ruines-du-seisme-amal-biladi-batit-lespoir-au-maroc\/","url":"https:\/\/www.pressenza.com\/fr\/2024\/08\/sur-les-ruines-du-seisme-amal-biladi-batit-lespoir-au-maroc\/","name":"Sur les ruines du s\u00e9isme, Amal Biladi b\u00e2tit l\u2019espoir au Maroc","isPartOf":{"@id":"https:\/\/www.pressenza.com\/fr\/#website"},"primaryImageOfPage":{"@id":"https:\/\/www.pressenza.com\/fr\/2024\/08\/sur-les-ruines-du-seisme-amal-biladi-batit-lespoir-au-maroc\/#primaryimage"},"image":{"@id":"https:\/\/www.pressenza.com\/fr\/2024\/08\/sur-les-ruines-du-seisme-amal-biladi-batit-lespoir-au-maroc\/#primaryimage"},"thumbnailUrl":"https:\/\/www.pressenza.com\/wp-content\/uploads\/2024\/08\/WhatsApp-Image-2024-08-13-at-15.59.47.jpeg","datePublished":"2024-08-13T15:45:22+00:00","dateModified":"2024-08-17T13:06:52+00:00","description":"Le 8 septembre 2023, un violent s\u00e9isme frappe le Maroc, principalement dans le sud, affectant les r\u00e9gions d'Al Haouz, Chichaoua et Taroudant. Le","breadcrumb":{"@id":"https:\/\/www.pressenza.com\/fr\/2024\/08\/sur-les-ruines-du-seisme-amal-biladi-batit-lespoir-au-maroc\/#breadcrumb"},"inLanguage":"fr-FR","potentialAction":[{"@type":"ReadAction","target":["https:\/\/www.pressenza.com\/fr\/2024\/08\/sur-les-ruines-du-seisme-amal-biladi-batit-lespoir-au-maroc\/"]}]},{"@type":"ImageObject","inLanguage":"fr-FR","@id":"https:\/\/www.pressenza.com\/fr\/2024\/08\/sur-les-ruines-du-seisme-amal-biladi-batit-lespoir-au-maroc\/#primaryimage","url":"https:\/\/www.pressenza.com\/wp-content\/uploads\/2024\/08\/WhatsApp-Image-2024-08-13-at-15.59.47.jpeg","contentUrl":"https:\/\/www.pressenza.com\/wp-content\/uploads\/2024\/08\/WhatsApp-Image-2024-08-13-at-15.59.47.jpeg","width":1600,"height":1200,"caption":"Construction de maisonnette en bois (nouala) - mai 2024"},{"@type":"BreadcrumbList","@id":"https:\/\/www.pressenza.com\/fr\/2024\/08\/sur-les-ruines-du-seisme-amal-biladi-batit-lespoir-au-maroc\/#breadcrumb","itemListElement":[{"@type":"ListItem","position":1,"name":"Accueil","item":"https:\/\/www.pressenza.com\/fr\/"},{"@type":"ListItem","position":2,"name":"Sur les ruines du s\u00e9isme, Amal Biladi b\u00e2tit l\u2019espoir au Maroc"}]},{"@type":"WebSite","@id":"https:\/\/www.pressenza.com\/fr\/#website","url":"https:\/\/www.pressenza.com\/fr\/","name":"Pressenza","description":"International Press Agency","publisher":{"@id":"https:\/\/www.pressenza.com\/fr\/#organization"},"potentialAction":[{"@type":"SearchAction","target":{"@type":"EntryPoint","urlTemplate":"https:\/\/www.pressenza.com\/fr\/?s={search_term_string}"},"query-input":{"@type":"PropertyValueSpecification","valueRequired":true,"valueName":"search_term_string"}}],"inLanguage":"fr-FR"},{"@type":"Organization","@id":"https:\/\/www.pressenza.com\/fr\/#organization","name":"Pressenza","url":"https:\/\/www.pressenza.com\/fr\/","logo":{"@type":"ImageObject","inLanguage":"fr-FR","@id":"https:\/\/www.pressenza.com\/fr\/#\/schema\/logo\/image\/","url":"https:\/\/www.pressenza.com\/wp-content\/uploads\/2022\/10\/pressenza_logo_200x200.jpg","contentUrl":"https:\/\/www.pressenza.com\/wp-content\/uploads\/2022\/10\/pressenza_logo_200x200.jpg","width":200,"height":200,"caption":"Pressenza"},"image":{"@id":"https:\/\/www.pressenza.com\/fr\/#\/schema\/logo\/image\/"},"sameAs":["https:\/\/www.facebook.com\/PressenzaItalia","https:\/\/x.com\/PressenzaIPA"]},{"@type":"Person","@id":"https:\/\/www.pressenza.com\/fr\/#\/schema\/person\/b58d31371eaa712b3f98b70c770f384b","name":"Angelica Mengozzi","description":"Je vis \u00e0 Anvers (Belgique) et je m\u2019int\u00e9resse \u00e0 divers th\u00e8mes d\u2019actualit\u00e9, en particulier aux dysfonctionnements sociaux. Ma passion s\u2019\u00e9tend aux domaines des religions, des sciences et de la sociologie.","url":"https:\/\/www.pressenza.com\/fr\/author\/angelica-mengozzi\/"}]}},"place":"Maroc, Douar Ai Bourd","original_article_url":"","_links":{"self":[{"href":"https:\/\/www.pressenza.com\/fr\/wp-json\/wp\/v2\/posts\/2542238","targetHints":{"allow":["GET"]}}],"collection":[{"href":"https:\/\/www.pressenza.com\/fr\/wp-json\/wp\/v2\/posts"}],"about":[{"href":"https:\/\/www.pressenza.com\/fr\/wp-json\/wp\/v2\/types\/post"}],"author":[{"embeddable":true,"href":"https:\/\/www.pressenza.com\/fr\/wp-json\/wp\/v2\/users\/2326"}],"replies":[{"embeddable":true,"href":"https:\/\/www.pressenza.com\/fr\/wp-json\/wp\/v2\/comments?post=2542238"}],"version-history":[{"count":0,"href":"https:\/\/www.pressenza.com\/fr\/wp-json\/wp\/v2\/posts\/2542238\/revisions"}],"wp:featuredmedia":[{"embeddable":true,"href":"https:\/\/www.pressenza.com\/fr\/wp-json\/wp\/v2\/media\/2542251"}],"wp:attachment":[{"href":"https:\/\/www.pressenza.com\/fr\/wp-json\/wp\/v2\/media?parent=2542238"}],"wp:term":[{"taxonomy":"category","embeddable":true,"href":"https:\/\/www.pressenza.com\/fr\/wp-json\/wp\/v2\/categories?post=2542238"},{"taxonomy":"post_tag","embeddable":true,"href":"https:\/\/www.pressenza.com\/fr\/wp-json\/wp\/v2\/tags?post=2542238"}],"curies":[{"name":"wp","href":"https:\/\/api.w.org\/{rel}","templated":true}]}}