{"id":2533871,"date":"2024-07-03T22:10:57","date_gmt":"2024-07-03T21:10:57","guid":{"rendered":"https:\/\/www.pressenza.com\/2024\/06\/proximo-presidente-de-iran-sera-elegido-en-segunda-vuelta-entre-pezeshkian-y-jalili\/"},"modified":"2024-07-04T07:58:37","modified_gmt":"2024-07-04T06:58:37","slug":"proximo-presidente-de-iran-sera-elegido-en-segunda-vuelta-entre-pezeshkian-y-jalili","status":"publish","type":"post","link":"https:\/\/www.pressenza.com\/fr\/2024\/07\/proximo-presidente-de-iran-sera-elegido-en-segunda-vuelta-entre-pezeshkian-y-jalili\/","title":{"rendered":"Le choix du prochain pr\u00e9sident d&rsquo;Iran se fera au second tour des \u00e9lections, entre  Pezeshkian et Jalili"},"content":{"rendered":"<p>Le r\u00e9sultat final de la 14\u00e8me \u00e9lection pr\u00e9sidentielle iranienne se d\u00e9cide lors d&rsquo;un second tour entre Masoud Pezeshkian et Saeed Jalili, ce 5 juillet 2024, a d\u00e9clar\u00e9 le porte-parole de la commission \u00e9lectorale du pays, Mohsen Eslami.<\/p>\n<p>Le porte-parole annoncait les r\u00e9sultats du premier tour lors d&rsquo;une conf\u00e9rence de presse \u00e0 T\u00e9h\u00e9ran, la capitale iranienne, samedi 29 juin 24, en pr\u00e9cisant que Pezeshkian et Jalili avaient obtenu respectivement 10 415 991 (42,6 %) et 9 473 298 (38,8 %) des voix.<\/p>\n<p>Les deux candidats s&rsquo;affrontent alors un second tour pour d\u00e9terminer qui occupera le poste ex\u00e9cutif le plus \u00e9lev\u00e9 du pays.<\/p>\n<p>Eslami a ajout\u00e9 que les deux autres candidats, Mohammad Baqer Qalibaf et Mostafa Pourmohammadi, ont re\u00e7u respectivement 3 383 340 (13,8 %) et 206 397 (0,8 %) voix au premier tour.<\/p>\n<p>Le porte-parole a \u00e9galement estim\u00e9 le nombre total de votes \u00e0 24 535 185 et a not\u00e9 que le taux de participation \u00e9tait de 40 %.<\/p>\n<p>Le vote pour l&rsquo;\u00e9lection pr\u00e9sidentielle a commenc\u00e9 \u00e0 08h00 heure locale vendredi (04h30 GMT) dans 58 640 bureaux de vote \u00e0 travers le pays et \u00e0 l&rsquo;\u00e9tranger et s&rsquo;est poursuivi jusqu&rsquo;\u00e0 minuit, apr\u00e8s avoir \u00e9t\u00e9 prolong\u00e9 \u00e0 trois reprises, chacune d&rsquo;une dur\u00e9e de deux heures.<\/p>\n<p>Le guide supr\u00eame de l&rsquo;Iran, Ali Khamenei, a vot\u00e9 le premier dans un bureau de vote et a prononc\u00e9 un bref discours appelant \u00e0 l&rsquo;unit\u00e9 du peuple iranien pendant l&rsquo;\u00e9lection.<\/p>\n<p><strong>Pour acc\u00e9der \u00e0 la pr\u00e9sidence, un candidat doit obtenir plus de 50 % du total des voix au premier tour, tandis qu&rsquo;au second tour, c&rsquo;est le candidat ayant obtenu le plus grand nombre de voix qui l&#8217;emporte.<\/strong><\/p>\n<p>M. Pezeshkian, qui est actuellement l\u00e9gislateur, a \u00e9t\u00e9 ministre de la sant\u00e9, tandis que M. Jalili est membre de l&rsquo;assembl\u00e9e de discernement du syst\u00e8me de convenance iranien et a travaill\u00e9 en tant que n\u00e9gociateur en chef dans le cadre des pourparlers nucl\u00e9aires de l&rsquo;Iran avec les puissances mondiales.<\/p>\n<p>La quatorzi\u00e8me \u00e9lection pr\u00e9sidentielle iranienne, initialement pr\u00e9vue pour 2025, a \u00e9t\u00e9 avanc\u00e9e \u00e0 la suite du d\u00e9c\u00e8s inattendu du pr\u00e9sident Ebrahim Raisi dans un accident d&rsquo;h\u00e9licopt\u00e8re le 19 mai.<\/p>\n<div id=\"attachment_2533732\" class=\"wp-caption alignnone\"><img loading=\"lazy\" decoding=\"async\" aria-describedby=\"caption-attachment-2533732\" class=\"wp-image-2533732 size-full\" src=\"https:\/\/www.pressenza.com\/wp-content\/uploads\/2024\/06\/va.png\" alt=\"\" width=\"1002\" height=\"668\" srcset=\"https:\/\/www.pressenza.com\/wp-content\/uploads\/2024\/06\/va.png 1002w, https:\/\/www.pressenza.com\/wp-content\/uploads\/2024\/06\/va-300x200.png 300w, https:\/\/www.pressenza.com\/wp-content\/uploads\/2024\/06\/va-820x547.png 820w\" sizes=\"auto, (max-width: 1002px) 100vw, 1002px\" \/><p id=\"caption-attachment-2533732\" class=\"wp-caption-text\">Foto de Xinhua\/Shadati<\/p><\/div>\n<div id=\"attachment_2533733\" class=\"wp-caption alignnone\"><img loading=\"lazy\" decoding=\"async\" aria-describedby=\"caption-attachment-2533733\" class=\"wp-image-2533733 size-full\" src=\"https:\/\/www.pressenza.com\/wp-content\/uploads\/2024\/06\/si.png\" alt=\"\" width=\"1002\" height=\"668\" srcset=\"https:\/\/www.pressenza.com\/wp-content\/uploads\/2024\/06\/si.png 1002w, https:\/\/www.pressenza.com\/wp-content\/uploads\/2024\/06\/si-300x200.png 300w, https:\/\/www.pressenza.com\/wp-content\/uploads\/2024\/06\/si-820x547.png 820w\" sizes=\"auto, (max-width: 1002px) 100vw, 1002px\" \/><p id=\"caption-attachment-2533733\" class=\"wp-caption-text\">Foto de Xinhua\/Shadati<\/p><\/div>\n","protected":false},"excerpt":{"rendered":"<p>Le r\u00e9sultat final de la 14\u00e8me \u00e9lection pr\u00e9sidentielle iranienne se d\u00e9cide lors d&rsquo;un second tour entre Masoud Pezeshkian et Saeed Jalili, ce 5 juillet 2024, a d\u00e9clar\u00e9 le porte-parole de la commission \u00e9lectorale du pays, Mohsen Eslami. Le porte-parole annoncait&hellip;<\/p>\n","protected":false},"author":2266,"featured_media":2533873,"comment_status":"closed","ping_status":"closed","sticky":false,"template":"","format":"standard","meta":{"footnotes":""},"categories":[124282,93,90],"tags":[766,471],"class_list":["post-2533871","post","type-post","status-publish","format-standard","has-post-thumbnail","hentry","category-news-fr","category-politique","category-moyen-orient","tag-elections","tag-iran-fr"],"yoast_head":"<!-- This site is optimized with the Yoast SEO plugin v27.1.1 - https:\/\/yoast.com\/product\/yoast-seo-wordpress\/ -->\n<title>Le choix du prochain pr\u00e9sident d&#039;Iran se fera au second tour des \u00e9lections, entre Pezeshkian et Jalili<\/title>\n<meta name=\"description\" content=\"Le r\u00e9sultat final de la 14\u00e8me \u00e9lection pr\u00e9sidentielle iranienne se d\u00e9cide lors d&#039;un second tour entre Masoud Pezeshkian et Saeed Jalili, ce 5 juillet\" \/>\n<meta name=\"robots\" content=\"index, follow, max-snippet:-1, max-image-preview:large, max-video-preview:-1\" \/>\n<link rel=\"canonical\" href=\"https:\/\/www.pressenza.com\/fr\/2024\/07\/proximo-presidente-de-iran-sera-elegido-en-segunda-vuelta-entre-pezeshkian-y-jalili\/\" \/>\n<meta property=\"og:locale\" content=\"fr_FR\" \/>\n<meta property=\"og:type\" content=\"article\" \/>\n<meta property=\"og:title\" content=\"Le choix du prochain pr\u00e9sident d&#039;Iran se fera au second tour des \u00e9lections, entre Pezeshkian et Jalili\" \/>\n<meta property=\"og:description\" content=\"Le r\u00e9sultat final de la 14\u00e8me \u00e9lection pr\u00e9sidentielle iranienne se d\u00e9cide lors d&#039;un second tour entre Masoud Pezeshkian et Saeed Jalili, ce 5 juillet\" \/>\n<meta property=\"og:url\" content=\"https:\/\/www.pressenza.com\/fr\/2024\/07\/proximo-presidente-de-iran-sera-elegido-en-segunda-vuelta-entre-pezeshkian-y-jalili\/\" \/>\n<meta property=\"og:site_name\" content=\"Pressenza\" \/>\n<meta property=\"article:publisher\" content=\"https:\/\/www.facebook.com\/PressenzaItalia\" \/>\n<meta property=\"article:published_time\" content=\"2024-07-03T21:10:57+00:00\" \/>\n<meta property=\"article:modified_time\" content=\"2024-07-04T06:58:37+00:00\" \/>\n<meta property=\"og:image\" content=\"https:\/\/www.pressenza.com\/wp-content\/uploads\/2024\/06\/90596862e6314912844351b0b62822b4.png\" \/>\n\t<meta property=\"og:image:width\" content=\"1009\" \/>\n\t<meta property=\"og:image:height\" content=\"673\" \/>\n\t<meta property=\"og:image:type\" content=\"image\/png\" \/>\n<meta name=\"author\" content=\"Xinhua\" \/>\n<meta name=\"twitter:card\" content=\"summary_large_image\" \/>\n<meta name=\"twitter:creator\" content=\"@PressenzaIPA\" \/>\n<meta name=\"twitter:site\" content=\"@PressenzaIPA\" \/>\n<meta name=\"twitter:label1\" content=\"\u00c9crit par\" \/>\n\t<meta name=\"twitter:data1\" content=\"Xinhua\" \/>\n\t<meta name=\"twitter:label2\" content=\"Dur\u00e9e de lecture estim\u00e9e\" \/>\n\t<meta name=\"twitter:data2\" content=\"3 minutes\" \/>\n<script type=\"application\/ld+json\" class=\"yoast-schema-graph\">{\"@context\":\"https:\/\/schema.org\",\"@graph\":[{\"@type\":\"Article\",\"@id\":\"https:\/\/www.pressenza.com\/fr\/2024\/07\/proximo-presidente-de-iran-sera-elegido-en-segunda-vuelta-entre-pezeshkian-y-jalili\/#article\",\"isPartOf\":{\"@id\":\"https:\/\/www.pressenza.com\/fr\/2024\/07\/proximo-presidente-de-iran-sera-elegido-en-segunda-vuelta-entre-pezeshkian-y-jalili\/\"},\"author\":{\"name\":\"Xinhua\",\"@id\":\"https:\/\/www.pressenza.com\/fr\/#\/schema\/person\/f7d16a80c42ebb5aefb3b4c8b32b6c2e\"},\"headline\":\"Le choix du prochain pr\u00e9sident d&rsquo;Iran se fera au second tour des \u00e9lections, entre Pezeshkian et Jalili\",\"datePublished\":\"2024-07-03T21:10:57+00:00\",\"dateModified\":\"2024-07-04T06:58:37+00:00\",\"mainEntityOfPage\":{\"@id\":\"https:\/\/www.pressenza.com\/fr\/2024\/07\/proximo-presidente-de-iran-sera-elegido-en-segunda-vuelta-entre-pezeshkian-y-jalili\/\"},\"wordCount\":393,\"publisher\":{\"@id\":\"https:\/\/www.pressenza.com\/fr\/#organization\"},\"image\":{\"@id\":\"https:\/\/www.pressenza.com\/fr\/2024\/07\/proximo-presidente-de-iran-sera-elegido-en-segunda-vuelta-entre-pezeshkian-y-jalili\/#primaryimage\"},\"thumbnailUrl\":\"https:\/\/www.pressenza.com\/wp-content\/uploads\/2024\/06\/90596862e6314912844351b0b62822b4.png\",\"keywords\":[\"\u00e9lections\",\"Iran\"],\"articleSection\":[\"News\",\"Politique\",\"Proche et Moyen-Orient\"],\"inLanguage\":\"fr-FR\"},{\"@type\":\"WebPage\",\"@id\":\"https:\/\/www.pressenza.com\/fr\/2024\/07\/proximo-presidente-de-iran-sera-elegido-en-segunda-vuelta-entre-pezeshkian-y-jalili\/\",\"url\":\"https:\/\/www.pressenza.com\/fr\/2024\/07\/proximo-presidente-de-iran-sera-elegido-en-segunda-vuelta-entre-pezeshkian-y-jalili\/\",\"name\":\"Le choix du prochain pr\u00e9sident d'Iran se fera au second tour des \u00e9lections, entre Pezeshkian et Jalili\",\"isPartOf\":{\"@id\":\"https:\/\/www.pressenza.com\/fr\/#website\"},\"primaryImageOfPage\":{\"@id\":\"https:\/\/www.pressenza.com\/fr\/2024\/07\/proximo-presidente-de-iran-sera-elegido-en-segunda-vuelta-entre-pezeshkian-y-jalili\/#primaryimage\"},\"image\":{\"@id\":\"https:\/\/www.pressenza.com\/fr\/2024\/07\/proximo-presidente-de-iran-sera-elegido-en-segunda-vuelta-entre-pezeshkian-y-jalili\/#primaryimage\"},\"thumbnailUrl\":\"https:\/\/www.pressenza.com\/wp-content\/uploads\/2024\/06\/90596862e6314912844351b0b62822b4.png\",\"datePublished\":\"2024-07-03T21:10:57+00:00\",\"dateModified\":\"2024-07-04T06:58:37+00:00\",\"description\":\"Le r\u00e9sultat final de la 14\u00e8me \u00e9lection pr\u00e9sidentielle iranienne se d\u00e9cide lors d'un second tour entre Masoud Pezeshkian et Saeed Jalili, ce 5 juillet\",\"breadcrumb\":{\"@id\":\"https:\/\/www.pressenza.com\/fr\/2024\/07\/proximo-presidente-de-iran-sera-elegido-en-segunda-vuelta-entre-pezeshkian-y-jalili\/#breadcrumb\"},\"inLanguage\":\"fr-FR\",\"potentialAction\":[{\"@type\":\"ReadAction\",\"target\":[\"https:\/\/www.pressenza.com\/fr\/2024\/07\/proximo-presidente-de-iran-sera-elegido-en-segunda-vuelta-entre-pezeshkian-y-jalili\/\"]}]},{\"@type\":\"ImageObject\",\"inLanguage\":\"fr-FR\",\"@id\":\"https:\/\/www.pressenza.com\/fr\/2024\/07\/proximo-presidente-de-iran-sera-elegido-en-segunda-vuelta-entre-pezeshkian-y-jalili\/#primaryimage\",\"url\":\"https:\/\/www.pressenza.com\/wp-content\/uploads\/2024\/06\/90596862e6314912844351b0b62822b4.png\",\"contentUrl\":\"https:\/\/www.pressenza.com\/wp-content\/uploads\/2024\/06\/90596862e6314912844351b0b62822b4.png\",\"width\":1009,\"height\":673},{\"@type\":\"BreadcrumbList\",\"@id\":\"https:\/\/www.pressenza.com\/fr\/2024\/07\/proximo-presidente-de-iran-sera-elegido-en-segunda-vuelta-entre-pezeshkian-y-jalili\/#breadcrumb\",\"itemListElement\":[{\"@type\":\"ListItem\",\"position\":1,\"name\":\"Accueil\",\"item\":\"https:\/\/www.pressenza.com\/fr\/\"},{\"@type\":\"ListItem\",\"position\":2,\"name\":\"Le choix du prochain pr\u00e9sident d&rsquo;Iran se fera au second tour des \u00e9lections, entre Pezeshkian et Jalili\"}]},{\"@type\":\"WebSite\",\"@id\":\"https:\/\/www.pressenza.com\/fr\/#website\",\"url\":\"https:\/\/www.pressenza.com\/fr\/\",\"name\":\"Pressenza\",\"description\":\"International Press Agency\",\"publisher\":{\"@id\":\"https:\/\/www.pressenza.com\/fr\/#organization\"},\"potentialAction\":[{\"@type\":\"SearchAction\",\"target\":{\"@type\":\"EntryPoint\",\"urlTemplate\":\"https:\/\/www.pressenza.com\/fr\/?s={search_term_string}\"},\"query-input\":{\"@type\":\"PropertyValueSpecification\",\"valueRequired\":true,\"valueName\":\"search_term_string\"}}],\"inLanguage\":\"fr-FR\"},{\"@type\":\"Organization\",\"@id\":\"https:\/\/www.pressenza.com\/fr\/#organization\",\"name\":\"Pressenza\",\"url\":\"https:\/\/www.pressenza.com\/fr\/\",\"logo\":{\"@type\":\"ImageObject\",\"inLanguage\":\"fr-FR\",\"@id\":\"https:\/\/www.pressenza.com\/fr\/#\/schema\/logo\/image\/\",\"url\":\"https:\/\/www.pressenza.com\/wp-content\/uploads\/2022\/10\/pressenza_logo_200x200.jpg\",\"contentUrl\":\"https:\/\/www.pressenza.com\/wp-content\/uploads\/2022\/10\/pressenza_logo_200x200.jpg\",\"width\":200,\"height\":200,\"caption\":\"Pressenza\"},\"image\":{\"@id\":\"https:\/\/www.pressenza.com\/fr\/#\/schema\/logo\/image\/\"},\"sameAs\":[\"https:\/\/www.facebook.com\/PressenzaItalia\",\"https:\/\/x.com\/PressenzaIPA\"]},{\"@type\":\"Person\",\"@id\":\"https:\/\/www.pressenza.com\/fr\/#\/schema\/person\/f7d16a80c42ebb5aefb3b4c8b32b6c2e\",\"name\":\"Xinhua\",\"description\":\"Official State news agency of the People's Republic of China. http:\/\/www.xinhuanet.com\/. \u00a0 \u00a0Xinhua articles and photos published on Pressenza are free to reproduce, provided that the source and author are clearly mentioned.\",\"url\":\"https:\/\/www.pressenza.com\/fr\/author\/xinhua\/\"}]}<\/script>\n<!-- \/ Yoast SEO plugin. -->","yoast_head_json":{"title":"Le choix du prochain pr\u00e9sident d'Iran se fera au second tour des \u00e9lections, entre Pezeshkian et Jalili","description":"Le r\u00e9sultat final de la 14\u00e8me \u00e9lection pr\u00e9sidentielle iranienne se d\u00e9cide lors d'un second tour entre Masoud Pezeshkian et Saeed Jalili, ce 5 juillet","robots":{"index":"index","follow":"follow","max-snippet":"max-snippet:-1","max-image-preview":"max-image-preview:large","max-video-preview":"max-video-preview:-1"},"canonical":"https:\/\/www.pressenza.com\/fr\/2024\/07\/proximo-presidente-de-iran-sera-elegido-en-segunda-vuelta-entre-pezeshkian-y-jalili\/","og_locale":"fr_FR","og_type":"article","og_title":"Le choix du prochain pr\u00e9sident d'Iran se fera au second tour des \u00e9lections, entre Pezeshkian et Jalili","og_description":"Le r\u00e9sultat final de la 14\u00e8me \u00e9lection pr\u00e9sidentielle iranienne se d\u00e9cide lors d'un second tour entre Masoud Pezeshkian et Saeed Jalili, ce 5 juillet","og_url":"https:\/\/www.pressenza.com\/fr\/2024\/07\/proximo-presidente-de-iran-sera-elegido-en-segunda-vuelta-entre-pezeshkian-y-jalili\/","og_site_name":"Pressenza","article_publisher":"https:\/\/www.facebook.com\/PressenzaItalia","article_published_time":"2024-07-03T21:10:57+00:00","article_modified_time":"2024-07-04T06:58:37+00:00","og_image":[{"width":1009,"height":673,"url":"https:\/\/www.pressenza.com\/wp-content\/uploads\/2024\/06\/90596862e6314912844351b0b62822b4.png","type":"image\/png"}],"author":"Xinhua","twitter_card":"summary_large_image","twitter_creator":"@PressenzaIPA","twitter_site":"@PressenzaIPA","twitter_misc":{"\u00c9crit par":"Xinhua","Dur\u00e9e de lecture estim\u00e9e":"3 minutes"},"schema":{"@context":"https:\/\/schema.org","@graph":[{"@type":"Article","@id":"https:\/\/www.pressenza.com\/fr\/2024\/07\/proximo-presidente-de-iran-sera-elegido-en-segunda-vuelta-entre-pezeshkian-y-jalili\/#article","isPartOf":{"@id":"https:\/\/www.pressenza.com\/fr\/2024\/07\/proximo-presidente-de-iran-sera-elegido-en-segunda-vuelta-entre-pezeshkian-y-jalili\/"},"author":{"name":"Xinhua","@id":"https:\/\/www.pressenza.com\/fr\/#\/schema\/person\/f7d16a80c42ebb5aefb3b4c8b32b6c2e"},"headline":"Le choix du prochain pr\u00e9sident d&rsquo;Iran se fera au second tour des \u00e9lections, entre Pezeshkian et Jalili","datePublished":"2024-07-03T21:10:57+00:00","dateModified":"2024-07-04T06:58:37+00:00","mainEntityOfPage":{"@id":"https:\/\/www.pressenza.com\/fr\/2024\/07\/proximo-presidente-de-iran-sera-elegido-en-segunda-vuelta-entre-pezeshkian-y-jalili\/"},"wordCount":393,"publisher":{"@id":"https:\/\/www.pressenza.com\/fr\/#organization"},"image":{"@id":"https:\/\/www.pressenza.com\/fr\/2024\/07\/proximo-presidente-de-iran-sera-elegido-en-segunda-vuelta-entre-pezeshkian-y-jalili\/#primaryimage"},"thumbnailUrl":"https:\/\/www.pressenza.com\/wp-content\/uploads\/2024\/06\/90596862e6314912844351b0b62822b4.png","keywords":["\u00e9lections","Iran"],"articleSection":["News","Politique","Proche et Moyen-Orient"],"inLanguage":"fr-FR"},{"@type":"WebPage","@id":"https:\/\/www.pressenza.com\/fr\/2024\/07\/proximo-presidente-de-iran-sera-elegido-en-segunda-vuelta-entre-pezeshkian-y-jalili\/","url":"https:\/\/www.pressenza.com\/fr\/2024\/07\/proximo-presidente-de-iran-sera-elegido-en-segunda-vuelta-entre-pezeshkian-y-jalili\/","name":"Le choix du prochain pr\u00e9sident d'Iran se fera au second tour des \u00e9lections, entre Pezeshkian et Jalili","isPartOf":{"@id":"https:\/\/www.pressenza.com\/fr\/#website"},"primaryImageOfPage":{"@id":"https:\/\/www.pressenza.com\/fr\/2024\/07\/proximo-presidente-de-iran-sera-elegido-en-segunda-vuelta-entre-pezeshkian-y-jalili\/#primaryimage"},"image":{"@id":"https:\/\/www.pressenza.com\/fr\/2024\/07\/proximo-presidente-de-iran-sera-elegido-en-segunda-vuelta-entre-pezeshkian-y-jalili\/#primaryimage"},"thumbnailUrl":"https:\/\/www.pressenza.com\/wp-content\/uploads\/2024\/06\/90596862e6314912844351b0b62822b4.png","datePublished":"2024-07-03T21:10:57+00:00","dateModified":"2024-07-04T06:58:37+00:00","description":"Le r\u00e9sultat final de la 14\u00e8me \u00e9lection pr\u00e9sidentielle iranienne se d\u00e9cide lors d'un second tour entre Masoud Pezeshkian et Saeed Jalili, ce 5 juillet","breadcrumb":{"@id":"https:\/\/www.pressenza.com\/fr\/2024\/07\/proximo-presidente-de-iran-sera-elegido-en-segunda-vuelta-entre-pezeshkian-y-jalili\/#breadcrumb"},"inLanguage":"fr-FR","potentialAction":[{"@type":"ReadAction","target":["https:\/\/www.pressenza.com\/fr\/2024\/07\/proximo-presidente-de-iran-sera-elegido-en-segunda-vuelta-entre-pezeshkian-y-jalili\/"]}]},{"@type":"ImageObject","inLanguage":"fr-FR","@id":"https:\/\/www.pressenza.com\/fr\/2024\/07\/proximo-presidente-de-iran-sera-elegido-en-segunda-vuelta-entre-pezeshkian-y-jalili\/#primaryimage","url":"https:\/\/www.pressenza.com\/wp-content\/uploads\/2024\/06\/90596862e6314912844351b0b62822b4.png","contentUrl":"https:\/\/www.pressenza.com\/wp-content\/uploads\/2024\/06\/90596862e6314912844351b0b62822b4.png","width":1009,"height":673},{"@type":"BreadcrumbList","@id":"https:\/\/www.pressenza.com\/fr\/2024\/07\/proximo-presidente-de-iran-sera-elegido-en-segunda-vuelta-entre-pezeshkian-y-jalili\/#breadcrumb","itemListElement":[{"@type":"ListItem","position":1,"name":"Accueil","item":"https:\/\/www.pressenza.com\/fr\/"},{"@type":"ListItem","position":2,"name":"Le choix du prochain pr\u00e9sident d&rsquo;Iran se fera au second tour des \u00e9lections, entre Pezeshkian et Jalili"}]},{"@type":"WebSite","@id":"https:\/\/www.pressenza.com\/fr\/#website","url":"https:\/\/www.pressenza.com\/fr\/","name":"Pressenza","description":"International Press Agency","publisher":{"@id":"https:\/\/www.pressenza.com\/fr\/#organization"},"potentialAction":[{"@type":"SearchAction","target":{"@type":"EntryPoint","urlTemplate":"https:\/\/www.pressenza.com\/fr\/?s={search_term_string}"},"query-input":{"@type":"PropertyValueSpecification","valueRequired":true,"valueName":"search_term_string"}}],"inLanguage":"fr-FR"},{"@type":"Organization","@id":"https:\/\/www.pressenza.com\/fr\/#organization","name":"Pressenza","url":"https:\/\/www.pressenza.com\/fr\/","logo":{"@type":"ImageObject","inLanguage":"fr-FR","@id":"https:\/\/www.pressenza.com\/fr\/#\/schema\/logo\/image\/","url":"https:\/\/www.pressenza.com\/wp-content\/uploads\/2022\/10\/pressenza_logo_200x200.jpg","contentUrl":"https:\/\/www.pressenza.com\/wp-content\/uploads\/2022\/10\/pressenza_logo_200x200.jpg","width":200,"height":200,"caption":"Pressenza"},"image":{"@id":"https:\/\/www.pressenza.com\/fr\/#\/schema\/logo\/image\/"},"sameAs":["https:\/\/www.facebook.com\/PressenzaItalia","https:\/\/x.com\/PressenzaIPA"]},{"@type":"Person","@id":"https:\/\/www.pressenza.com\/fr\/#\/schema\/person\/f7d16a80c42ebb5aefb3b4c8b32b6c2e","name":"Xinhua","description":"Official State news agency of the People's Republic of China. http:\/\/www.xinhuanet.com\/. \u00a0 \u00a0Xinhua articles and photos published on Pressenza are free to reproduce, provided that the source and author are clearly mentioned.","url":"https:\/\/www.pressenza.com\/fr\/author\/xinhua\/"}]}},"place":"Teher\u00e1n, Ir\u00e1n","original_article_url":"https:\/\/spanish.xinhuanet.com\/20240629\/55ed39ac93f14dd28ed02170faa56905\/c.html","_links":{"self":[{"href":"https:\/\/www.pressenza.com\/fr\/wp-json\/wp\/v2\/posts\/2533871","targetHints":{"allow":["GET"]}}],"collection":[{"href":"https:\/\/www.pressenza.com\/fr\/wp-json\/wp\/v2\/posts"}],"about":[{"href":"https:\/\/www.pressenza.com\/fr\/wp-json\/wp\/v2\/types\/post"}],"author":[{"embeddable":true,"href":"https:\/\/www.pressenza.com\/fr\/wp-json\/wp\/v2\/users\/2266"}],"replies":[{"embeddable":true,"href":"https:\/\/www.pressenza.com\/fr\/wp-json\/wp\/v2\/comments?post=2533871"}],"version-history":[{"count":0,"href":"https:\/\/www.pressenza.com\/fr\/wp-json\/wp\/v2\/posts\/2533871\/revisions"}],"wp:featuredmedia":[{"embeddable":true,"href":"https:\/\/www.pressenza.com\/fr\/wp-json\/wp\/v2\/media\/2533873"}],"wp:attachment":[{"href":"https:\/\/www.pressenza.com\/fr\/wp-json\/wp\/v2\/media?parent=2533871"}],"wp:term":[{"taxonomy":"category","embeddable":true,"href":"https:\/\/www.pressenza.com\/fr\/wp-json\/wp\/v2\/categories?post=2533871"},{"taxonomy":"post_tag","embeddable":true,"href":"https:\/\/www.pressenza.com\/fr\/wp-json\/wp\/v2\/tags?post=2533871"}],"curies":[{"name":"wp","href":"https:\/\/api.w.org\/{rel}","templated":true}]}}