{"id":2531920,"date":"2024-06-21T21:59:32","date_gmt":"2024-06-21T20:59:32","guid":{"rendered":"https:\/\/www.pressenza.com\/?p=2531920"},"modified":"2024-06-23T15:52:54","modified_gmt":"2024-06-23T14:52:54","slug":"preferer-lours-la-dure-realite-des-violences-basees-sur-le-genre","status":"publish","type":"post","link":"https:\/\/www.pressenza.com\/fr\/2024\/06\/preferer-lours-la-dure-realite-des-violences-basees-sur-le-genre\/","title":{"rendered":"Pr\u00e9f\u00e9rer l&rsquo;ours : la dure r\u00e9alit\u00e9 des violences bas\u00e9es sur le genre"},"content":{"rendered":"<p>Selon les chiffres des Nations Unies pour 2023, chaque jour dans le monde 133 filles ou femmes sont tu\u00e9es par un membre de leur famille ou un ex-partenaire. Apr\u00e8s ces statistiques, il me semble logique de choisir l&rsquo;ours comme compagnon dans la for\u00eat.<\/p>\n<p>C&rsquo;est un d\u00e9bat qui est devenu viral sur les r\u00e9seaux sociaux et qui consiste \u00e0 demander aux femmes si elles pr\u00e9f\u00e8rent \u00eatre coinc\u00e9es dans les bois avec un homme ou un ours. La peur et la col\u00e8re sont devenues quotidiennes, une photo de bite sur Messenger, une bousculade dans le m\u00e9tro, des blagues sexistes au travail, des ruelles sombres, des politiciens qui ignorent nos agresseurs, des lois contre nous.<\/p>\n<p>Mais le patriarcat perd lentement du terrain ; les filles et les femmes de cette \u00e9poque sont l\u00e0, plus fortes pour revendiquer encore plus. Le monde change, notre fa\u00e7on de voir aussi. Les partisans du patriarcat se d\u00e9multiplient pour prot\u00e8gent ce syst\u00e8me monstrueux qui, en fin de compte, a un impact n\u00e9gatif sur tous les genres. De toute fa\u00e7on, le patriarcat n&rsquo;aime m\u00eame pas les gar\u00e7ons qui \u00e9crivent des po\u00e8mes. Le patriarcat n&rsquo;aime pas les diff\u00e9rences. Le patriarcat supprime l&rsquo;\u00e9volution sociale.<\/p>\n<p>Mais ce ph\u00e9nom\u00e8ne effrayant pour nous toutes, pour nous tous, doit imm\u00e9diatement avoir le poids qu&rsquo;il m\u00e9rite dans la soci\u00e9t\u00e9 et dans la politique, afin que nous ne nous sentions plus en vie par hasard. Les organisations et initiatives f\u00e9ministes, le Manifeste du f\u00e9minisme pour les 99% le crient, Cinzia Arucha, Tithi Batacharia et Nancy Fraser le disent clairement, ce que nous vivons est une crise de la soci\u00e9t\u00e9 dans son ensemble et la cause premi\u00e8re en est le capitalisme. Elles ajoutent : \u00ab Les soci\u00e9t\u00e9s capitalistes sont des sources in\u00e9puisables d&rsquo;oppression des genres ; le sexisme quotidien qui nous entoure est loin d&rsquo;\u00eatre accidentel, au contraire, il est inscrit dans leur structure m\u00eame. \u00bb<\/p>\n<p>La plupart d&rsquo;entre nous choisissent l&rsquo;ours dont nous savons qu&rsquo;il va nous attaquer pour nous manger parce que cela nous fait moins peur. Nous savons que si nous survivons \u00e0 son attaque, nous ne le reverrons pas dans un bar ou \u00e0 la table d&rsquo;un repas de famille, il ne nous enverra pas de messages mena\u00e7ants, il ne diffusera pas de vid\u00e9os et de photos de nous nues, nous ne serons pas accus\u00e9es de l&rsquo;avoir provoqu\u00e9 ou de l&rsquo;avoir \u00e9lev\u00e9 de cette fa\u00e7on. L&rsquo;ours reconna\u00eet que nous sommes des \u00eatres humains.<\/p>\n<p>Le collage \u00ab <em>the bear sees me as a human being<\/em> \u00bb (l&rsquo;ours me voit comme un \u00eatre humain) r\u00e9alis\u00e9 par le groupe <a href=\"https:\/\/www.instagram.com\/feminist_collages_nyc\/\">Feminist Collages \u00e0 New York<\/a> a \u00e9t\u00e9 l&rsquo;occasion d&rsquo;\u00e9crire les mots ci-dessus. Il s&rsquo;agit de l&rsquo;un des commentaires laiss\u00e9s par les femmes pour expliquer pourquoi elles ont choisi l&rsquo;ours ainsi que tous les \u00e9l\u00e9ments mentionn\u00e9s ci-dessus.<\/p>\n<blockquote class=\"instagram-media\" style=\"background: #FFF; border: 0; border-radius: 3px; box-shadow: 0 0 1px 0 rgba(0,0,0,0.5),0 1px 10px 0 rgba(0,0,0,0.15); margin: 1px; max-width: 540px; min-width: 326px; padding: 0; width: calc(100% - 2px);\" data-instgrm-permalink=\"https:\/\/www.instagram.com\/p\/C6_xSeEO1Ec\/?utm_source=ig_embed&amp;utm_campaign=loading\" data-instgrm-version=\"14\">\n<div style=\"padding: 16px;\">\n<p>&nbsp;<\/p>\n<div style=\"display: flex; flex-direction: row; align-items: center;\">\n<div style=\"background-color: #f4f4f4; border-radius: 50%; flex-grow: 0; height: 40px; margin-right: 14px; width: 40px;\"><\/div>\n<div style=\"display: flex; flex-direction: column; flex-grow: 1; justify-content: center;\">\n<div style=\"background-color: #f4f4f4; border-radius: 4px; flex-grow: 0; height: 14px; margin-bottom: 6px; width: 100px;\"><\/div>\n<div style=\"background-color: #f4f4f4; border-radius: 4px; flex-grow: 0; height: 14px; width: 60px;\"><\/div>\n<\/div>\n<\/div>\n<div style=\"padding: 19% 0;\"><\/div>\n<div style=\"display: block; height: 50px; margin: 0 auto 12px; width: 50px;\"><\/div>\n<div style=\"padding-top: 8px;\">\n<div style=\"color: #3897f0; font-family: Arial,sans-serif; font-size: 14px; font-style: normal; font-weight: 550; line-height: 18px;\">\u0394\u03b5\u03af\u03c4\u03b5 \u03b1\u03c5\u03c4\u03ae \u03c4\u03b7 \u03b4\u03b7\u03bc\u03bf\u03c3\u03af\u03b5\u03c5\u03c3\u03b7 \u03c3\u03c4\u03bf Instagram.<\/div>\n<\/div>\n<div style=\"padding: 12.5% 0;\"><\/div>\n<div style=\"display: flex; flex-direction: row; margin-bottom: 14px; align-items: center;\">\n<div>\n<div style=\"background-color: #f4f4f4; border-radius: 50%; height: 12.5px; width: 12.5px; transform: translateX(0px) translateY(7px);\"><\/div>\n<div style=\"background-color: #f4f4f4; height: 12.5px; transform: rotate(-45deg) translateX(3px) translateY(1px); width: 12.5px; flex-grow: 0; margin-right: 14px; margin-left: 2px;\"><\/div>\n<div style=\"background-color: #f4f4f4; border-radius: 50%; height: 12.5px; width: 12.5px; transform: translateX(9px) translateY(-18px);\"><\/div>\n<\/div>\n<div style=\"margin-left: 8px;\">\n<div style=\"background-color: #f4f4f4; border-radius: 50%; flex-grow: 0; height: 20px; width: 20px;\"><\/div>\n<div style=\"width: 0; height: 0; border-top: 2px solid transparent; border-left: 6px solid #f4f4f4; border-bottom: 2px solid transparent; transform: translateX(16px) translateY(-4px) rotate(30deg);\"><\/div>\n<\/div>\n<div style=\"margin-left: auto;\">\n<div style=\"width: 0px; border-top: 8px solid #F4F4F4; border-right: 8px solid transparent; transform: translateY(16px);\"><\/div>\n<div style=\"background-color: #f4f4f4; flex-grow: 0; height: 12px; width: 16px; transform: translateY(-4px);\"><\/div>\n<div style=\"width: 0; height: 0; border-top: 8px solid #F4F4F4; border-left: 8px solid transparent; transform: translateY(-4px) translateX(8px);\"><\/div>\n<\/div>\n<\/div>\n<div style=\"display: flex; flex-direction: column; flex-grow: 1; justify-content: center; margin-bottom: 24px;\">\n<div style=\"background-color: #f4f4f4; border-radius: 4px; flex-grow: 0; height: 14px; margin-bottom: 6px; width: 224px;\"><\/div>\n<div style=\"background-color: #f4f4f4; border-radius: 4px; flex-grow: 0; height: 14px; width: 144px;\"><\/div>\n<\/div>\n<p>&nbsp;<\/p>\n<p style=\"color: #c9c8cd; font-family: Arial,sans-serif; font-size: 14px; line-height: 17px; margin-bottom: 0; margin-top: 8px; overflow: hidden; padding: 8px 0 7px; text-align: center; text-overflow: ellipsis; white-space: nowrap;\"><a style=\"color: #c9c8cd; font-family: Arial,sans-serif; font-size: 14px; font-style: normal; font-weight: normal; line-height: 17px; text-decoration: none;\" href=\"https:\/\/www.instagram.com\/p\/C6_xSeEO1Ec\/?utm_source=ig_embed&amp;utm_campaign=loading\" target=\"_blank\" rel=\"noopener\">\u0397 \u03b4\u03b7\u03bc\u03bf\u03c3\u03af\u03b5\u03c5\u03c3\u03b7 \u03ba\u03bf\u03b9\u03bd\u03bf\u03c0\u03bf\u03b9\u03ae\u03b8\u03b7\u03ba\u03b5 \u03b1\u03c0\u03cc @feminist_collages_nyc<\/a><\/p>\n<\/div>\n<\/blockquote>\n<p><script async src=\"\/\/www.instagram.com\/embed.js\"><\/script><\/p>\n<p>Les <em>Collages F\u00e9ministes<\/em> ont d\u00e9but\u00e9 aux \u00c9tats-Unis mais sont rapidement apparus dans des villes europ\u00e9ennes telles que Paris, Lyon, Bordeaux, Toulouse, Madrid, Londres, Belfast et d&rsquo;autres. Il s&rsquo;agit d&rsquo;un groupe qui, comme leurs membres l&rsquo;\u00e9crivent, envisage une soci\u00e9t\u00e9 o\u00f9 chaque individu est capable de vivre et de s&rsquo;exprimer librement, sans peur ni restriction. Leur objectif, avec les slogans sur les murs, est de forcer les m\u00e9dias et la soci\u00e9t\u00e9 dans son ensemble \u00e0 faire face \u00e0 ces \u00e9v\u00e9nements et, ce faisant, d&rsquo;inonder, d&rsquo;envahir et de reconqu\u00e9rir un espace dont la jouissance est devenue le privil\u00e8ge d&rsquo;un petit nombre. C&rsquo;est ce qu&rsquo;ils affirment dans les annonces de l&rsquo;atelier, o\u00f9 ils appellent les individus \u00e0 renforcer cette action.<\/p>\n<p>C&rsquo;est un collectif qui s&rsquo;est r\u00e9pandu pour \u00e9veiller les gens aux questions de genre, pour \u00ab secouer les quartiers \u00bb o\u00f9 derri\u00e8re les murs les femmes sont tu\u00e9es. Avec des pages blanches, de la peinture noire et de la colle, ils font appara\u00eetre cette r\u00e9alit\u00e9 sur les murs, nous incitant \u00e0 la changer.<\/p>\n<p>&nbsp;<\/p>\n<p><em>Traduction, Evelyn Tischer<\/em><\/p>\n","protected":false},"excerpt":{"rendered":"<p>Selon les chiffres des Nations Unies pour 2023, chaque jour dans le monde 133 filles ou femmes sont tu\u00e9es par un membre de leur famille ou un ex-partenaire. Apr\u00e8s ces statistiques, il me semble logique de choisir l&rsquo;ours comme compagnon&hellip;<\/p>\n","protected":false},"author":1548,"featured_media":2439719,"comment_status":"closed","ping_status":"closed","sticky":false,"template":"","format":"standard","meta":{"footnotes":""},"categories":[11386,54509,40],"tags":[124002,755,20810],"class_list":["post-2531920","post","type-post","status-publish","format-standard","has-post-thumbnail","hentry","category-contenu-original","category-genre-et-feminismes","category-international-fr","tag-collages-feministes","tag-sexisme","tag-violence-de-genre"],"yoast_head":"<!-- This site is optimized with the Yoast SEO plugin v27.1.1 - https:\/\/yoast.com\/product\/yoast-seo-wordpress\/ -->\n<title>Pr\u00e9f\u00e9rer l&#039;ours : la dure r\u00e9alit\u00e9 des violences bas\u00e9es sur le genre<\/title>\n<meta name=\"description\" content=\"Selon les chiffres des Nations Unies pour 2023, chaque jour dans le monde 133 filles ou femmes sont tu\u00e9es par un membre de leur famille ou un\" \/>\n<meta name=\"robots\" content=\"index, follow, max-snippet:-1, max-image-preview:large, max-video-preview:-1\" \/>\n<link rel=\"canonical\" href=\"https:\/\/www.pressenza.com\/fr\/2024\/06\/preferer-lours-la-dure-realite-des-violences-basees-sur-le-genre\/\" \/>\n<meta property=\"og:locale\" content=\"fr_FR\" \/>\n<meta property=\"og:type\" content=\"article\" \/>\n<meta property=\"og:title\" content=\"Pr\u00e9f\u00e9rer l&#039;ours : la dure r\u00e9alit\u00e9 des violences bas\u00e9es sur le genre\" \/>\n<meta property=\"og:description\" content=\"Selon les chiffres des Nations Unies pour 2023, chaque jour dans le monde 133 filles ou femmes sont tu\u00e9es par un membre de leur famille ou un\" \/>\n<meta property=\"og:url\" content=\"https:\/\/www.pressenza.com\/fr\/2024\/06\/preferer-lours-la-dure-realite-des-violences-basees-sur-le-genre\/\" \/>\n<meta property=\"og:site_name\" content=\"Pressenza\" \/>\n<meta property=\"article:publisher\" content=\"https:\/\/www.facebook.com\/PressenzaItalia\" \/>\n<meta property=\"article:author\" content=\"https:\/\/www.facebook.com\/evitap\" \/>\n<meta property=\"article:published_time\" content=\"2024-06-21T20:59:32+00:00\" \/>\n<meta property=\"article:modified_time\" content=\"2024-06-23T14:52:54+00:00\" \/>\n<meta property=\"og:image\" content=\"https:\/\/www.pressenza.com\/wp-content\/uploads\/2024\/05\/424581970_10232486336363574_2725635738310158740_n.jpg\" \/>\n\t<meta property=\"og:image:width\" content=\"1170\" \/>\n\t<meta property=\"og:image:height\" content=\"1145\" \/>\n\t<meta property=\"og:image:type\" content=\"image\/jpeg\" \/>\n<meta name=\"author\" content=\"Evita Paraskevopoulou\" \/>\n<meta name=\"twitter:card\" content=\"summary_large_image\" \/>\n<meta name=\"twitter:creator\" content=\"@evitapara\" \/>\n<meta name=\"twitter:site\" content=\"@PressenzaIPA\" \/>\n<meta name=\"twitter:label1\" content=\"\u00c9crit par\" \/>\n\t<meta name=\"twitter:data1\" content=\"Evita Paraskevopoulou\" \/>\n\t<meta name=\"twitter:label2\" content=\"Dur\u00e9e de lecture estim\u00e9e\" \/>\n\t<meta name=\"twitter:data2\" content=\"4 minutes\" \/>\n<script type=\"application\/ld+json\" class=\"yoast-schema-graph\">{\"@context\":\"https:\/\/schema.org\",\"@graph\":[{\"@type\":\"Article\",\"@id\":\"https:\/\/www.pressenza.com\/fr\/2024\/06\/preferer-lours-la-dure-realite-des-violences-basees-sur-le-genre\/#article\",\"isPartOf\":{\"@id\":\"https:\/\/www.pressenza.com\/fr\/2024\/06\/preferer-lours-la-dure-realite-des-violences-basees-sur-le-genre\/\"},\"author\":{\"name\":\"Evita Paraskevopoulou\",\"@id\":\"https:\/\/www.pressenza.com\/fr\/#\/schema\/person\/720b482d2d792e3f48d6f6f64b233422\"},\"headline\":\"Pr\u00e9f\u00e9rer l&rsquo;ours : la dure r\u00e9alit\u00e9 des violences bas\u00e9es sur le genre\",\"datePublished\":\"2024-06-21T20:59:32+00:00\",\"dateModified\":\"2024-06-23T14:52:54+00:00\",\"mainEntityOfPage\":{\"@id\":\"https:\/\/www.pressenza.com\/fr\/2024\/06\/preferer-lours-la-dure-realite-des-violences-basees-sur-le-genre\/\"},\"wordCount\":723,\"publisher\":{\"@id\":\"https:\/\/www.pressenza.com\/fr\/#organization\"},\"image\":{\"@id\":\"https:\/\/www.pressenza.com\/fr\/2024\/06\/preferer-lours-la-dure-realite-des-violences-basees-sur-le-genre\/#primaryimage\"},\"thumbnailUrl\":\"https:\/\/www.pressenza.com\/wp-content\/uploads\/2024\/05\/424581970_10232486336363574_2725635738310158740_n.jpg\",\"keywords\":[\"collages f\u00e9ministes\",\"sexisme\",\"Violence de genre\"],\"articleSection\":[\"Contenu Original\",\"Genre et f\u00e9minismes\",\"International\"],\"inLanguage\":\"fr-FR\"},{\"@type\":\"WebPage\",\"@id\":\"https:\/\/www.pressenza.com\/fr\/2024\/06\/preferer-lours-la-dure-realite-des-violences-basees-sur-le-genre\/\",\"url\":\"https:\/\/www.pressenza.com\/fr\/2024\/06\/preferer-lours-la-dure-realite-des-violences-basees-sur-le-genre\/\",\"name\":\"Pr\u00e9f\u00e9rer l'ours : la dure r\u00e9alit\u00e9 des violences bas\u00e9es sur le genre\",\"isPartOf\":{\"@id\":\"https:\/\/www.pressenza.com\/fr\/#website\"},\"primaryImageOfPage\":{\"@id\":\"https:\/\/www.pressenza.com\/fr\/2024\/06\/preferer-lours-la-dure-realite-des-violences-basees-sur-le-genre\/#primaryimage\"},\"image\":{\"@id\":\"https:\/\/www.pressenza.com\/fr\/2024\/06\/preferer-lours-la-dure-realite-des-violences-basees-sur-le-genre\/#primaryimage\"},\"thumbnailUrl\":\"https:\/\/www.pressenza.com\/wp-content\/uploads\/2024\/05\/424581970_10232486336363574_2725635738310158740_n.jpg\",\"datePublished\":\"2024-06-21T20:59:32+00:00\",\"dateModified\":\"2024-06-23T14:52:54+00:00\",\"description\":\"Selon les chiffres des Nations Unies pour 2023, chaque jour dans le monde 133 filles ou femmes sont tu\u00e9es par un membre de leur famille ou un\",\"breadcrumb\":{\"@id\":\"https:\/\/www.pressenza.com\/fr\/2024\/06\/preferer-lours-la-dure-realite-des-violences-basees-sur-le-genre\/#breadcrumb\"},\"inLanguage\":\"fr-FR\",\"potentialAction\":[{\"@type\":\"ReadAction\",\"target\":[\"https:\/\/www.pressenza.com\/fr\/2024\/06\/preferer-lours-la-dure-realite-des-violences-basees-sur-le-genre\/\"]}]},{\"@type\":\"ImageObject\",\"inLanguage\":\"fr-FR\",\"@id\":\"https:\/\/www.pressenza.com\/fr\/2024\/06\/preferer-lours-la-dure-realite-des-violences-basees-sur-le-genre\/#primaryimage\",\"url\":\"https:\/\/www.pressenza.com\/wp-content\/uploads\/2024\/05\/424581970_10232486336363574_2725635738310158740_n.jpg\",\"contentUrl\":\"https:\/\/www.pressenza.com\/wp-content\/uploads\/2024\/05\/424581970_10232486336363574_2725635738310158740_n.jpg\",\"width\":1170,\"height\":1145},{\"@type\":\"BreadcrumbList\",\"@id\":\"https:\/\/www.pressenza.com\/fr\/2024\/06\/preferer-lours-la-dure-realite-des-violences-basees-sur-le-genre\/#breadcrumb\",\"itemListElement\":[{\"@type\":\"ListItem\",\"position\":1,\"name\":\"Accueil\",\"item\":\"https:\/\/www.pressenza.com\/fr\/\"},{\"@type\":\"ListItem\",\"position\":2,\"name\":\"Pr\u00e9f\u00e9rer l&rsquo;ours : la dure r\u00e9alit\u00e9 des violences bas\u00e9es sur le genre\"}]},{\"@type\":\"WebSite\",\"@id\":\"https:\/\/www.pressenza.com\/fr\/#website\",\"url\":\"https:\/\/www.pressenza.com\/fr\/\",\"name\":\"Pressenza\",\"description\":\"International Press Agency\",\"publisher\":{\"@id\":\"https:\/\/www.pressenza.com\/fr\/#organization\"},\"potentialAction\":[{\"@type\":\"SearchAction\",\"target\":{\"@type\":\"EntryPoint\",\"urlTemplate\":\"https:\/\/www.pressenza.com\/fr\/?s={search_term_string}\"},\"query-input\":{\"@type\":\"PropertyValueSpecification\",\"valueRequired\":true,\"valueName\":\"search_term_string\"}}],\"inLanguage\":\"fr-FR\"},{\"@type\":\"Organization\",\"@id\":\"https:\/\/www.pressenza.com\/fr\/#organization\",\"name\":\"Pressenza\",\"url\":\"https:\/\/www.pressenza.com\/fr\/\",\"logo\":{\"@type\":\"ImageObject\",\"inLanguage\":\"fr-FR\",\"@id\":\"https:\/\/www.pressenza.com\/fr\/#\/schema\/logo\/image\/\",\"url\":\"https:\/\/www.pressenza.com\/wp-content\/uploads\/2022\/10\/pressenza_logo_200x200.jpg\",\"contentUrl\":\"https:\/\/www.pressenza.com\/wp-content\/uploads\/2022\/10\/pressenza_logo_200x200.jpg\",\"width\":200,\"height\":200,\"caption\":\"Pressenza\"},\"image\":{\"@id\":\"https:\/\/www.pressenza.com\/fr\/#\/schema\/logo\/image\/\"},\"sameAs\":[\"https:\/\/www.facebook.com\/PressenzaItalia\",\"https:\/\/x.com\/PressenzaIPA\"]},{\"@type\":\"Person\",\"@id\":\"https:\/\/www.pressenza.com\/fr\/#\/schema\/person\/720b482d2d792e3f48d6f6f64b233422\",\"name\":\"Evita Paraskevopoulou\",\"description\":\"\u0396\u03c9 \u03ba\u03b1\u03b9 \u03b5\u03c1\u03b3\u03ac\u03b6\u03bf\u03bc\u03b1\u03b9 \u03c3\u03c4\u03b7\u03bd \u0391\u03b8\u03ae\u03bd\u03b1. \u039c\u03ad\u03bb\u03bf\u03c2 \u03c3\u03c4\u03bf \u0391\u03bd\u03b8\u03c1\u03c9\u03c0\u03b9\u03c3\u03c4\u03b9\u03ba\u03cc \u03ba\u03af\u03bd\u03b7\u03bc\u03b1 \u03b1\u03c0\u03cc \u03c4\u03bf 2004. \u039c\u03b5 \u03b5\u03bd\u03b5\u03c1\u03b3\u03cc \u03c3\u03c5\u03bc\u03bc\u03b5\u03c4\u03bf\u03c7\u03ae \u03c3\u03c4\u03b7\u03bd \u039a\u03bf\u03b9\u03bd\u03c9\u03bd\u03af\u03b1 \u03c4\u03c9\u03bd \u03a0\u03bf\u03bb\u03b9\u03c4\u03ce\u03bd \u03bc\u03b5 \u03ba\u03cd\u03c1\u03b9\u03bf \u03cc\u03c7\u03b7\u03bc\u03b1 \u03c4\u03bf Graphic design \u03ba\u03b1\u03b9 \u03c4\u03b7\u03bd \u03c6\u03c9\u03c4\u03bf\u03b3\u03c1\u03b1\u03c6\u03af\u03b1.\",\"sameAs\":[\"https:\/\/www.facebook.com\/evitap\",\"https:\/\/www.instagram.com\/evitaparask\/\",\"https:\/\/x.com\/evitapara\"],\"url\":\"https:\/\/www.pressenza.com\/fr\/author\/evita-paraskevopoulou\/\"}]}<\/script>\n<!-- \/ Yoast SEO plugin. -->","yoast_head_json":{"title":"Pr\u00e9f\u00e9rer l'ours : la dure r\u00e9alit\u00e9 des violences bas\u00e9es sur le genre","description":"Selon les chiffres des Nations Unies pour 2023, chaque jour dans le monde 133 filles ou femmes sont tu\u00e9es par un membre de leur famille ou un","robots":{"index":"index","follow":"follow","max-snippet":"max-snippet:-1","max-image-preview":"max-image-preview:large","max-video-preview":"max-video-preview:-1"},"canonical":"https:\/\/www.pressenza.com\/fr\/2024\/06\/preferer-lours-la-dure-realite-des-violences-basees-sur-le-genre\/","og_locale":"fr_FR","og_type":"article","og_title":"Pr\u00e9f\u00e9rer l'ours : la dure r\u00e9alit\u00e9 des violences bas\u00e9es sur le genre","og_description":"Selon les chiffres des Nations Unies pour 2023, chaque jour dans le monde 133 filles ou femmes sont tu\u00e9es par un membre de leur famille ou un","og_url":"https:\/\/www.pressenza.com\/fr\/2024\/06\/preferer-lours-la-dure-realite-des-violences-basees-sur-le-genre\/","og_site_name":"Pressenza","article_publisher":"https:\/\/www.facebook.com\/PressenzaItalia","article_author":"https:\/\/www.facebook.com\/evitap","article_published_time":"2024-06-21T20:59:32+00:00","article_modified_time":"2024-06-23T14:52:54+00:00","og_image":[{"width":1170,"height":1145,"url":"https:\/\/www.pressenza.com\/wp-content\/uploads\/2024\/05\/424581970_10232486336363574_2725635738310158740_n.jpg","type":"image\/jpeg"}],"author":"Evita Paraskevopoulou","twitter_card":"summary_large_image","twitter_creator":"@evitapara","twitter_site":"@PressenzaIPA","twitter_misc":{"\u00c9crit par":"Evita Paraskevopoulou","Dur\u00e9e de lecture estim\u00e9e":"4 minutes"},"schema":{"@context":"https:\/\/schema.org","@graph":[{"@type":"Article","@id":"https:\/\/www.pressenza.com\/fr\/2024\/06\/preferer-lours-la-dure-realite-des-violences-basees-sur-le-genre\/#article","isPartOf":{"@id":"https:\/\/www.pressenza.com\/fr\/2024\/06\/preferer-lours-la-dure-realite-des-violences-basees-sur-le-genre\/"},"author":{"name":"Evita Paraskevopoulou","@id":"https:\/\/www.pressenza.com\/fr\/#\/schema\/person\/720b482d2d792e3f48d6f6f64b233422"},"headline":"Pr\u00e9f\u00e9rer l&rsquo;ours : la dure r\u00e9alit\u00e9 des violences bas\u00e9es sur le genre","datePublished":"2024-06-21T20:59:32+00:00","dateModified":"2024-06-23T14:52:54+00:00","mainEntityOfPage":{"@id":"https:\/\/www.pressenza.com\/fr\/2024\/06\/preferer-lours-la-dure-realite-des-violences-basees-sur-le-genre\/"},"wordCount":723,"publisher":{"@id":"https:\/\/www.pressenza.com\/fr\/#organization"},"image":{"@id":"https:\/\/www.pressenza.com\/fr\/2024\/06\/preferer-lours-la-dure-realite-des-violences-basees-sur-le-genre\/#primaryimage"},"thumbnailUrl":"https:\/\/www.pressenza.com\/wp-content\/uploads\/2024\/05\/424581970_10232486336363574_2725635738310158740_n.jpg","keywords":["collages f\u00e9ministes","sexisme","Violence de genre"],"articleSection":["Contenu Original","Genre et f\u00e9minismes","International"],"inLanguage":"fr-FR"},{"@type":"WebPage","@id":"https:\/\/www.pressenza.com\/fr\/2024\/06\/preferer-lours-la-dure-realite-des-violences-basees-sur-le-genre\/","url":"https:\/\/www.pressenza.com\/fr\/2024\/06\/preferer-lours-la-dure-realite-des-violences-basees-sur-le-genre\/","name":"Pr\u00e9f\u00e9rer l'ours : la dure r\u00e9alit\u00e9 des violences bas\u00e9es sur le genre","isPartOf":{"@id":"https:\/\/www.pressenza.com\/fr\/#website"},"primaryImageOfPage":{"@id":"https:\/\/www.pressenza.com\/fr\/2024\/06\/preferer-lours-la-dure-realite-des-violences-basees-sur-le-genre\/#primaryimage"},"image":{"@id":"https:\/\/www.pressenza.com\/fr\/2024\/06\/preferer-lours-la-dure-realite-des-violences-basees-sur-le-genre\/#primaryimage"},"thumbnailUrl":"https:\/\/www.pressenza.com\/wp-content\/uploads\/2024\/05\/424581970_10232486336363574_2725635738310158740_n.jpg","datePublished":"2024-06-21T20:59:32+00:00","dateModified":"2024-06-23T14:52:54+00:00","description":"Selon les chiffres des Nations Unies pour 2023, chaque jour dans le monde 133 filles ou femmes sont tu\u00e9es par un membre de leur famille ou un","breadcrumb":{"@id":"https:\/\/www.pressenza.com\/fr\/2024\/06\/preferer-lours-la-dure-realite-des-violences-basees-sur-le-genre\/#breadcrumb"},"inLanguage":"fr-FR","potentialAction":[{"@type":"ReadAction","target":["https:\/\/www.pressenza.com\/fr\/2024\/06\/preferer-lours-la-dure-realite-des-violences-basees-sur-le-genre\/"]}]},{"@type":"ImageObject","inLanguage":"fr-FR","@id":"https:\/\/www.pressenza.com\/fr\/2024\/06\/preferer-lours-la-dure-realite-des-violences-basees-sur-le-genre\/#primaryimage","url":"https:\/\/www.pressenza.com\/wp-content\/uploads\/2024\/05\/424581970_10232486336363574_2725635738310158740_n.jpg","contentUrl":"https:\/\/www.pressenza.com\/wp-content\/uploads\/2024\/05\/424581970_10232486336363574_2725635738310158740_n.jpg","width":1170,"height":1145},{"@type":"BreadcrumbList","@id":"https:\/\/www.pressenza.com\/fr\/2024\/06\/preferer-lours-la-dure-realite-des-violences-basees-sur-le-genre\/#breadcrumb","itemListElement":[{"@type":"ListItem","position":1,"name":"Accueil","item":"https:\/\/www.pressenza.com\/fr\/"},{"@type":"ListItem","position":2,"name":"Pr\u00e9f\u00e9rer l&rsquo;ours : la dure r\u00e9alit\u00e9 des violences bas\u00e9es sur le genre"}]},{"@type":"WebSite","@id":"https:\/\/www.pressenza.com\/fr\/#website","url":"https:\/\/www.pressenza.com\/fr\/","name":"Pressenza","description":"International Press Agency","publisher":{"@id":"https:\/\/www.pressenza.com\/fr\/#organization"},"potentialAction":[{"@type":"SearchAction","target":{"@type":"EntryPoint","urlTemplate":"https:\/\/www.pressenza.com\/fr\/?s={search_term_string}"},"query-input":{"@type":"PropertyValueSpecification","valueRequired":true,"valueName":"search_term_string"}}],"inLanguage":"fr-FR"},{"@type":"Organization","@id":"https:\/\/www.pressenza.com\/fr\/#organization","name":"Pressenza","url":"https:\/\/www.pressenza.com\/fr\/","logo":{"@type":"ImageObject","inLanguage":"fr-FR","@id":"https:\/\/www.pressenza.com\/fr\/#\/schema\/logo\/image\/","url":"https:\/\/www.pressenza.com\/wp-content\/uploads\/2022\/10\/pressenza_logo_200x200.jpg","contentUrl":"https:\/\/www.pressenza.com\/wp-content\/uploads\/2022\/10\/pressenza_logo_200x200.jpg","width":200,"height":200,"caption":"Pressenza"},"image":{"@id":"https:\/\/www.pressenza.com\/fr\/#\/schema\/logo\/image\/"},"sameAs":["https:\/\/www.facebook.com\/PressenzaItalia","https:\/\/x.com\/PressenzaIPA"]},{"@type":"Person","@id":"https:\/\/www.pressenza.com\/fr\/#\/schema\/person\/720b482d2d792e3f48d6f6f64b233422","name":"Evita Paraskevopoulou","description":"\u0396\u03c9 \u03ba\u03b1\u03b9 \u03b5\u03c1\u03b3\u03ac\u03b6\u03bf\u03bc\u03b1\u03b9 \u03c3\u03c4\u03b7\u03bd \u0391\u03b8\u03ae\u03bd\u03b1. \u039c\u03ad\u03bb\u03bf\u03c2 \u03c3\u03c4\u03bf \u0391\u03bd\u03b8\u03c1\u03c9\u03c0\u03b9\u03c3\u03c4\u03b9\u03ba\u03cc \u03ba\u03af\u03bd\u03b7\u03bc\u03b1 \u03b1\u03c0\u03cc \u03c4\u03bf 2004. \u039c\u03b5 \u03b5\u03bd\u03b5\u03c1\u03b3\u03cc \u03c3\u03c5\u03bc\u03bc\u03b5\u03c4\u03bf\u03c7\u03ae \u03c3\u03c4\u03b7\u03bd \u039a\u03bf\u03b9\u03bd\u03c9\u03bd\u03af\u03b1 \u03c4\u03c9\u03bd \u03a0\u03bf\u03bb\u03b9\u03c4\u03ce\u03bd \u03bc\u03b5 \u03ba\u03cd\u03c1\u03b9\u03bf \u03cc\u03c7\u03b7\u03bc\u03b1 \u03c4\u03bf Graphic design \u03ba\u03b1\u03b9 \u03c4\u03b7\u03bd \u03c6\u03c9\u03c4\u03bf\u03b3\u03c1\u03b1\u03c6\u03af\u03b1.","sameAs":["https:\/\/www.facebook.com\/evitap","https:\/\/www.instagram.com\/evitaparask\/","https:\/\/x.com\/evitapara"],"url":"https:\/\/www.pressenza.com\/fr\/author\/evita-paraskevopoulou\/"}]}},"place":"","original_article_url":"","_links":{"self":[{"href":"https:\/\/www.pressenza.com\/fr\/wp-json\/wp\/v2\/posts\/2531920","targetHints":{"allow":["GET"]}}],"collection":[{"href":"https:\/\/www.pressenza.com\/fr\/wp-json\/wp\/v2\/posts"}],"about":[{"href":"https:\/\/www.pressenza.com\/fr\/wp-json\/wp\/v2\/types\/post"}],"author":[{"embeddable":true,"href":"https:\/\/www.pressenza.com\/fr\/wp-json\/wp\/v2\/users\/1548"}],"replies":[{"embeddable":true,"href":"https:\/\/www.pressenza.com\/fr\/wp-json\/wp\/v2\/comments?post=2531920"}],"version-history":[{"count":0,"href":"https:\/\/www.pressenza.com\/fr\/wp-json\/wp\/v2\/posts\/2531920\/revisions"}],"wp:featuredmedia":[{"embeddable":true,"href":"https:\/\/www.pressenza.com\/fr\/wp-json\/wp\/v2\/media\/2439719"}],"wp:attachment":[{"href":"https:\/\/www.pressenza.com\/fr\/wp-json\/wp\/v2\/media?parent=2531920"}],"wp:term":[{"taxonomy":"category","embeddable":true,"href":"https:\/\/www.pressenza.com\/fr\/wp-json\/wp\/v2\/categories?post=2531920"},{"taxonomy":"post_tag","embeddable":true,"href":"https:\/\/www.pressenza.com\/fr\/wp-json\/wp\/v2\/tags?post=2531920"}],"curies":[{"name":"wp","href":"https:\/\/api.w.org\/{rel}","templated":true}]}}