{"id":2529916,"date":"2024-06-11T22:38:51","date_gmt":"2024-06-11T21:38:51","guid":{"rendered":"https:\/\/www.pressenza.com\/?p=2529916"},"modified":"2024-06-11T22:38:51","modified_gmt":"2024-06-11T21:38:51","slug":"gaza-israel-a-propos-de-la-declaration-de-la-palestine-reconnaissant-la-competence-de-la-cij-et-demandant-a-intervenir-en-laffaire-afrique-du-sud-contre-israel","status":"publish","type":"post","link":"https:\/\/www.pressenza.com\/fr\/2024\/06\/gaza-israel-a-propos-de-la-declaration-de-la-palestine-reconnaissant-la-competence-de-la-cij-et-demandant-a-intervenir-en-laffaire-afrique-du-sud-contre-israel\/","title":{"rendered":"Gaza \/ Isra\u00ebl : \u00e0 propos de la d\u00e9claration de la Palestine reconnaissant la comp\u00e9tence de la CIJ et demandant \u00e0 intervenir en l&rsquo;affaire Afrique du Sud contre Isra\u00ebl"},"content":{"rendered":"<p>Le 3 juin, la Cour Internationale de Justice (CIJ) a annonc\u00e9 dans un communiqu\u00e9 de presse qu&rsquo;elle a re\u00e7u une d\u00e9claration de la Palestine reconnaissant la comp\u00e9tence g\u00e9n\u00e9rale de la CIJ, afin d&rsquo;intervenir dans l&rsquo;affaire Afrique du Sud contre Isra\u00ebl : voir le communiqu\u00e9 de presse de la CIJ en <strong><a href=\"https:\/\/www.icj-cij.org\/sites\/default\/files\/case-related\/192\/192-20240603-pre-02-00-en.pdf\">anglais<\/a><\/strong> et en <strong><a href=\"https:\/\/www.icj-cij.org\/sites\/default\/files\/case-related\/192\/192-20240603-pre-02-00-fr.pdf\">fran\u00e7ais<\/a><\/strong>.<\/p>\n<p>Peu diffus\u00e9e (et encore moins comment\u00e9e dans les grands m\u00e9dias internationaux), cette d\u00e9claration faite par la Palestine m\u00e9rite que l\u00b4on s&rsquo;y attache afin d&rsquo;en comprendre la motivation et la port\u00e9e, que nous essaierons d&rsquo;expliquer dans les lignes qui suivent.<\/p>\n<p><strong>La Palestine et la justice internationale de La Haye: un long cheminement<\/strong><\/p>\n<p>Nous demanderons \u00e0 nos cher(e)s lecteurs et lectrices un peu d&rsquo;indulgence pour expliquer (en bref) ce que la Palestine peut et ne peut pas faire juridiquement en tant qu&rsquo;\u00c9tat aux Nations Unies, au regard des r\u00e8gles de l&rsquo;ordre juridique international en vigueur.<\/p>\n<p>Comme on le sait, malgr\u00e9 une demande formul\u00e9e en septembre 2011, la Palestine n&rsquo;est toujours pas un \u00c9tat membre des Nations Unies, mais un \u00ab <em>\u00c9tat non-membre observateur <\/em>\u00bb, selon le statut qui lui a \u00e9t\u00e9 accord\u00e9 le 29 novembre 2012, lors d\u00b4un vote m\u00e9morable au sein de l&rsquo;Assembl\u00e9e G\u00e9n\u00e9rale des Nations Unies (<strong>Note 1<\/strong>).<\/p>\n<p>Plus r\u00e9cemment, nous avons eu l&rsquo;occasion d&rsquo;analyser le veto am\u00e9ricain observ\u00e9 le 18 avril 2024 au sein du Conseil de S\u00e9curit\u00e9 lors du vote d&rsquo;une r\u00e9solution recommandant son admission (<strong>Note 2<\/strong>). Lors du tout premier\u00a0v\u00e9to nord-am\u00e9ricain d&rsquo;octobre 2023 concernant le drame qui se vit sur le territoire palestinien occup\u00e9 de Gaza, nous avions \u00e9crit que:<\/p>\n<p>\u00ab\u00a0<em>Ce d\u00e9tail, ainsi que les d\u00e9clarations faites par le repr\u00e9sentant de la Chine pr\u00e9cit\u00e9es indiquent que les repr\u00e9sentants des \u00c9tats-Unis ont laiss\u00e9 croire qu\u00b4ils n\u00b4avaient plus d\u00b4objections au projet de texte de r\u00e9solution, surprenant leurs homologues avec un vote contre<\/em>\u00a0\u00bb (<strong>Note 3<\/strong>).<\/p>\n<p>Cette fois-ci, aucune surprise n&rsquo;a vu le jour: on remarquera en outre que, l&rsquo;annonce r\u00e9p\u00e9t\u00e9e d&rsquo;un v\u00e9to probable dans les jours pr\u00e9c\u00e9dents le vote du 18 avril 2024 sur l&rsquo;admission de la Palestine aux Nations Unies &#8230; co\u00efncide avec les toutes premi\u00e8res mobilisations sur les campus universitaires aux Etats-Unis en faveur de la Palestine.<\/p>\n<p>Nous avons \u00e9galement eu l&rsquo;occasion d&rsquo;analyser en bref l&rsquo;adoption ult\u00e9rieure d&rsquo;une r\u00e9solution de l&rsquo;Assembl\u00e9e G\u00e9n\u00e9rale des Nations Unies visant \u00e0 accorder \u00e0 la Palestine de nouveaux droits au sein des Nations Unies, en attendant qu&rsquo;elle obtienne un jour son admission formelle en tant qu&rsquo;\u00c9tat membre (<strong>Note 4<\/strong>).<\/p>\n<p>Le d\u00e9tail du vote obtenu de cette r\u00e9solution de l&rsquo;Assembl\u00e9e G\u00e9n\u00e9rale, diffus\u00e9 sur la toile (voir <strong><a href=\"https:\/\/x.com\/DIcostarica\/status\/1790344539548402033\/photo\/1\">hyperlien<\/a><\/strong>) est reproduit ci-contre. Au cours de ce vote, Isra\u00ebl et les Etats Unis n&rsquo;ont pu recueillir que sept votes contre avec les leurs:<\/p>\n<p><img loading=\"lazy\" decoding=\"async\" class=\"alignnone size-medium\" src=\"https:\/\/www.pressenza.com\/fr\/?attachment_id=2529919\" width=\"1211\" height=\"1600\" \/><\/p>\n<p>La Palestine n&rsquo;\u00e9tant pas un \u00c9tat membre des Nations Unies, elle n&rsquo;a pour le moment pas le moyen de devenir juridiquement un \u00c9tat partie \u00e0 l&rsquo;instrument normatif qui a cr\u00e9\u00e9 les Nations Unies : la Charte fondatrice de cette organisation, plus connue sous le nom de Charte de San Francisco, adopt\u00e9e en 1945 (voir <strong><a href=\"https:\/\/www.un.org\/fr\/about-us\/un-charter\/chapter-14\">texte<\/a><\/strong>).<\/p>\n<p>Au regard de la relation d&rsquo;un Etat membre avec la CIJ, les articles 92 et 93 de ce trait\u00e9 international instituant les Nations Unies stipulent en particulier que :<\/p>\n<p>\u201c<strong><em>Article 92 : <\/em><\/strong><em>La Cour internationale de Justice constitue l&rsquo;organe judiciaire principal des Nations Unies. Elle fonctionne conform\u00e9ment \u00e0 un Statut \u00e9tabli sur la base du Statut de la Cour permanente de Justice internationale et annex\u00e9 \u00e0 la pr\u00e9sente Charte dont il fait partie int\u00e9grante.<\/em><\/p>\n<p><strong><em>\u00a0Article 93 : 1. <\/em><\/strong><em>Tous les Membres des Nations Unies sont \u00a0ipso facto\u00a0 parties au Statut de la Cour internationale de Justice.<strong> 2 <\/strong>Les conditions dans lesquelles les \u00c9tats qui ne sont pas Membres de l&rsquo;Organisation peuvent devenir parties au Statut de la Cour internationale de Justice sont d\u00e9termin\u00e9es, dans chaque cas, par l&rsquo;Assembl\u00e9e g\u00e9n\u00e9rale sur recommandation du Conseil de s\u00e9curit\u00e9<\/em>\u201d.<\/p>\n<p>Ceci dit, le fait que la Palestine ait acquis le statut d\u2019 \u00ab <em>\u00c9tat non-membre observateur <\/em>\u00bb, d\u00e9clar\u00e9 comme tel depuis novembre 2012, lui a permis de ratifier un grand nombre de trait\u00e9s internationaux, tels que :<\/p>\n<p>&#8211;\u00a0 le Statut de Rome cr\u00e9ant la Cour P\u00e9nale Internationale (CPI) en janvier 2015 (voir l\u00b4 <strong><a href=\"https:\/\/treaties.un.org\/pages\/viewdetails.aspx?src=ind&amp;mtdsg_no=xviii-10&amp;chapter=18\">\u00e9tat officiel<\/a><\/strong> des signatures et des ratifications) ou bien encore;<\/p>\n<p>&#8211;\u00a0 la Convention sur le g\u00e9nocide de 1948, qu&rsquo;elle a ratifi\u00e9e en avril 2014 (voir l\u2019 \u00a0<strong><a href=\"https:\/\/treaties.un.org\/pages\/ViewDetails.aspx?src=TREATY&amp;mtdsg_no=IV-1&amp;chapter=4\">\u00e9tat officiel<\/a><\/strong>),<\/p>\n<p>et ce parmi beaucoup d&rsquo;autres trait\u00e9s internationaux, ouverts \u00e0 tous les \u00c9tats (qu&rsquo;ils soient ou non Etats membres des Nations Unies).<\/p>\n<p>Certaines de ces conventions multilat\u00e9rales contiennent une disposition indiquant que la CIJ est parfaitement comp\u00e9tente pour conna\u00eetre\u00a0de diff\u00e9rends entre les Etats Parties\u00a0\u00e0\u00a0la dite convention.<\/p>\n<p>Le 28 septembre 2018, la Palestine a d\u00e9pos\u00e9 une\u00a0requ\u00eate\u00a0aupr\u00e8s de la CIJ contre les \u00c9tats-Unis (voir le <strong><a href=\"https:\/\/www.icj-cij.org\/sites\/default\/files\/case-related\/176\/176-20180928-APP-01-00-BI.pdf\">texte complet<\/a><\/strong> de sa requ\u00eate), au sujet du transfert de l&rsquo;ambassade am\u00e9ricaine de Tel-Aviv \u00e0 J\u00e9rusalem. Pour sa toute premi\u00e8re\u00a0requ\u00eate en tant qu&rsquo;\u00c9tat remise au juge international de La Haye, \u00e0 ce jour en attente de r\u00e9solution, la Palestine a utilis\u00e9 comme base de comp\u00e9tence de la CIJ un Protocole \u00e0 la Convention de Vienne de1961 sur les Relations Diplomatiques, \u00e0 laquelle les \u00c9tats-Unis et la Palestine \u00e9taient \u00c9tats parties en 2018\u00a0 (voir <strong><a href=\"https:\/\/treaties.un.org\/doc\/Treaties\/1964\/06\/19640624%2010-27%20PM\/Ch_III_5p.pdf\">texte complet<\/a><\/strong>) : un examen de <strong><a href=\"https:\/\/treaties.un.org\/Pages\/ViewDetails.aspx?src=IND&amp;mtdsg_no=III-5&amp;chapter=3&amp;clang=_en\">l&rsquo;\u00e9tat officiel<\/a><\/strong> des signatures et ratifications indique que les \u00c9tats-Unis ont proc\u00e9d\u00e9 \u00e0 la d\u00e9nonciation de cet instrument le 12 octobre 2018 lorsqu&rsquo;il est indiqu\u00e9 (derni\u00e8re partie de l\u2019hyperlien) que :<\/p>\n<p>\u00ab\u00a0<em>On 12 October 2018, the Secretary-General received from the Government of the United States of America a communication notifying its withdrawal from the Optional Protocol. The communication reads as follows:\u00a0\u201c&#8230; the Government of the United States of America [refers] to the Optional Protocol to the Vienna Convention on Diplomatic Relations Concerning the Compulsory Settlement of Disputes, done at Vienna on 18\/04\/1961.This letter constitutes notification by the United States of America that it hereby withdraws from the aforesaid Protocol. As a consequence of this withdrawal, the United States will no longer recognize the jurisdiction of the International Court of Justice reflected in that Protocol<\/em>\u00ab\u00a0.<\/p>\n<p>Sans effet juridique imm\u00e9diat (et encore moins r\u00e9troactif), la requ\u00eate de la Palestine ne devrait pas \u00eatre affect\u00e9e par cette man\u0153uvre nord-am\u00e9ricaine quelque peu d\u00e9sesp\u00e9r\u00e9e, fort peu connue (et encore moins m\u00e9diatis\u00e9e).<\/p>\n<p>Les Etats-Unis d\u00e9noncent un trait\u00e9 international utilis\u00e9 par la Palestine pour les poursuivre devant le juge international, tout juste 15 jours apr\u00e8s l&rsquo;introduction de la\u00a0requ\u00eate par la Palestine.\u00a0Voil\u00e0\u00a0une d\u00e9nonciation, modalit\u00e9 \u00ab\u00a0<em>express\u00a0\u00bb\u00a0<\/em>(ou encore \u00ab\u00a0<em>urgency: very high<\/em>\u00ab\u00a0), suite\u00a0\u00e0\u00a0une\u00a0requ\u00eate, et\u00a0qui ne semble pas avoir de pr\u00e9c\u00e9dent dans l&rsquo;histoire de la CIJ depuis 1946: sur cette r\u00e9ponse nord-am\u00e9ricaine in\u00e9dite observ\u00e9e en 2018, on aurait souhait\u00e9 la voir analys\u00e9e et comment\u00e9e par d&rsquo;\u00e9minents sp\u00e9cialistes du droit des trait\u00e9s et des proc\u00e9dures devant la CIJ dans les diverses revues juridiques sp\u00e9cialis\u00e9es en droit international public. Sauf erreur de notre part, c&rsquo;est un sujet qui ne semble pas avoir attir\u00e9 outre mesure l&rsquo;attention des commentateurs (<strong>Note 5<\/strong>). S&rsquo;agissant en plus d&rsquo;un Etat comme les Etats-Unis, qui ne reconnaissait pas le statut d&rsquo;Etat\u00a0\u00a0\u00e0 la Palestine en 2018 et persiste depuis dans cette position, la d\u00e9nonciation de ce trait\u00e9 multilat\u00e9ral pose des interrogations plus qu&rsquo;int\u00e9ressantes.<\/p>\n<p>Bien plus surprenant, c&rsquo;est le silence sur le site officiel de la CIJ sur les suites de cette affaire contentieuse : en effet, depuis l&rsquo;ordonnance de la CIJ fixant les d\u00e9lais en date du 16 novembre 2018, aucune information additionnelle n\u00b4est disponible (voir <strong><a href=\"https:\/\/www.icj-cij.org\/sites\/default\/files\/case-related\/176\/176-20181115-ORD-01-00-BI.pdf\">texte<\/a><\/strong> de l&rsquo;ordonnance). On lit dans l&rsquo;un des consid\u00e9rants de cette ordonnance que la fixation des d\u00e9lais s&rsquo;est faite sans la pr\u00e9sence des diplomates des \u00c9tats-Unis:<\/p>\n<p>\u00ab\u00a0<em>&#8230; par une lettre dat\u00e9e du m\u00eame jour, Mme Newstead a inform\u00e9 le Greffe que les \u00c9tats-Unis ne prendraient pas part \u00e0 la r\u00e9union que le pr\u00e9sident avait propos\u00e9 de tenir le 5 novembre 2018 avec les repr\u00e9sentants des Parties<\/em>\u00a0\u00bb<\/p>\n<p>Le d\u00e9lai fix\u00e9 par la CIJ pour d\u00e9poser le contrem\u00e9moire des Etats-Unis a \u00e9t\u00e9 fix\u00e9 par cette ordonnance au 19 novembre 2019, sans que le site de la CIJ n&rsquo;informe depuis sur la suite de la proc\u00e9dure depuis cette d\u00e9cision de la CIJ.<\/p>\n<p>Sauf erreur de notre part, jamais dans l\u00b4histoire de la CIJ tant d&rsquo;ann\u00e9es se sont \u00e9coul\u00e9es depuis l&rsquo;adoption d&rsquo;une ordonnance de la CIJ dans une affaire contentieuse, sans que l&rsquo;on ne sache rien depuis sur la suite de la proc\u00e9dure. Il va de soi que la pratique de certains tribunaux nationaux d&rsquo;affaires \u00ab\u00a0<em>class\u00e9es sans suite<\/em>\u00a0\u00bb sans motif apparent, n&rsquo;a jamais trouv\u00e9 de place au sein de la CIJ, dont certaines affaires ont \u00e9t\u00e9 ray\u00e9es du\u00a0r\u00f4le de la CIJ,\u00a0\u00e0\u00a0la demande expresse de l&rsquo;\u00c9tat demandeur (<strong>Note 6<\/strong>).<\/p>\n<p><strong><em>La d\u00e9claration palestinienne en bref<\/em><\/strong><\/p>\n<p>Avec cette d\u00e9claration publi\u00e9e par la CIJ le 3 juin 2024, la Palestine cherche \u00e0 contrer les objections que certains \u00c9tats pourraient soulever aupr\u00e8s des juges de la CIJ concernant une requ\u00eate\u00a0\u00e0\u00a0fin\u00a0d&rsquo;intervention dans l\u00b4affaire opposant deux \u00c9tats membres des Nations Unies, en l&rsquo;occurrence, l&rsquo;Afrique du Sud et Isra\u00ebl.<\/p>\n<p>Dans sa d\u00e9claration (voir le <strong><a href=\"https:\/\/www.icj-cij.org\/sites\/default\/files\/case-related\/192\/192-20240603-int-01-00-en.pdf\">texte int\u00e9gral<\/a><\/strong>), la Palestine exprime clairement son souhait d&rsquo;intervenir dans le diff\u00e9rend entre l&rsquo;Afrique du Sud et Isra\u00ebl depuis le 29 d\u00e9cembre 2023 (date \u00e0 laquelle l&rsquo;Afrique du Sud a d\u00e9pos\u00e9 une plainte officielle contre Isra\u00ebl).<\/p>\n<p>A cette fin, la Palestine invoque \u00e0 la fois l&rsquo;article 62 et l&rsquo;article 63 du Statut de la CIJ.<\/p>\n<p>R\u00e9cemment, nous avons eu l&rsquo;occasion d&rsquo;analyser\u00a0la\u00a0\u00a0requ\u00eate\u00a0\u00a0\u00e0\u00a0fin\u00a0d&rsquo;intervention en l&rsquo;affaire\u00a0Afrique du Sud contre Isra\u00ebl,\u00a0pr\u00e9sent\u00e9e par le Mexique le 28 mai 2024 aux juges de la CIJ (<strong>Note 7<\/strong>), dans laquelle le Mexique invoque l&rsquo;article 63 (tout comme avant lui, la Colombie et la Libye). On expliquera\u00a0 plus loin la particularit\u00e9 de la requ\u00eate du Nicaragua\u00a0dans sa demande d&rsquo;intervention, invoquant l&rsquo;article 62 du Statut de la CIJ et non pas l\u00b4article 63.<\/p>\n<p>Apr\u00e8s le Nicaragua, la Colombie (voir <strong><a href=\"https:\/\/www.icj-cij.org\/sites\/default\/files\/case-related\/192\/192-20240405-int-01-00-en.pdf\">requ\u00eate<\/a><\/strong> du 5 avril 2024), la Libye (voir <strong><a href=\"https:\/\/www.icj-cij.org\/sites\/default\/files\/case-related\/192\/192-20240510-int-01-00-en.pdf\">requ\u00eate<\/a><\/strong> soumise le 10 mai 2024) et le Mexique (voir <strong><a href=\"https:\/\/www.icj-cij.org\/sites\/default\/files\/case-related\/192\/192-20240524-int-01-00-en.pdf\">requ\u00eate<\/a><\/strong> du 24 mai), la Palestine rejoint ainsi les \u00c9tats qui ont formellement demand\u00e9 \u00e0 la CIJ d&rsquo;intervenir en tant qu&rsquo;\u00c9tat tiers entre l&rsquo;Afrique du Sud et Isra\u00ebl.<\/p>\n<p>En tant qu\u2019\u00c9tat partie \u00e0 la Convention sur le g\u00e9nocide de 1948, la Palestine ne pouvait pas voir d\u2019objections juridiques valables \u00e0 sa demande d&rsquo;intervention sur la base de l&rsquo;article 63.<\/p>\n<p>La d\u00e9claration palestinienne indique qu&rsquo;en ce qui concerne la requ\u00eate au titre de l&rsquo;article 62, la volont\u00e9 des autorit\u00e9s palestiniennes vise \u00e0 prot\u00e9ger leurs int\u00e9r\u00eats en tant qu&rsquo;\u00c9tat, \u00e9tant donn\u00e9 qu&rsquo;il est question de la destruction totale d\u00e9lib\u00e9r\u00e9e de Gaza par Isra\u00ebl et d&rsquo;une grande partie de la population civile qui y r\u00e9side, actions men\u00e9es par Isra\u00ebl depuis le soir du 7 octobre 2023 :<\/p>\n<p><strong>\u00ab\u00a0<em>33<\/em><\/strong><em>. The present Application for which permission to intervene is sought has two complementary purposes:\u00a0<\/em><\/p>\n<p><em>&#8211; First, to enable the State of Palestine to inform the Court regarding its legal interest which is at the core of the dispute presented to the Court;\u00a0<\/em><\/p>\n<p><em>&#8211; Second, to allow the State of Palestine to protect its interests of a legal nature that will be affected in those proceedings at each stage of the proceedings<\/em>\u00ab\u00a0.<\/p>\n<p>En ce qui concerne l\u00b4article 63, on lit que :<\/p>\n<p>\u00ab\u00a0<strong><em>41.<\/em><\/strong><em>\u00a0The State of Palestine understands that by availing itself of the right to intervene under Article 63 of the Statute of the Court, the construction of the Genocide Convention given by the judgment in this case will be equally binding upon it. The State of Palestine will submit its written observations, bearing in mind the pleadings of the Parties and the documents annexed<\/em>\u00ab\u00a0.<\/p>\n<p>La Palestine pr\u00e9cise \u00e9galement que ses diplomates et ses conseillers juridiques connaissent fort bien les r\u00e9flexions men\u00e9es avant l\u00b4adoption en 1948 de la Convention sur le g\u00e9nocide de 1948 :<\/p>\n<p>\u00ab\u00a0<strong><em>43.<\/em><\/strong><em>\u00a0The State of Palestine was, of course, not present when the Genocide Convention was being drafted. Nevertheless, it appears that the situation in Palestine was in the minds of the drafters of the Convention. In the Sixth Committee, the Egyptian representative spoke of events in Palestine at the time as an example of the destruction of religious groups. Syria tabled the following amendment: \u00ab\u00a0Imposing measures intended to oblige members of a group to abandon their homes in order to escape the threat of subsequent ill-treatment.\u00a0\u00bb Syria did not refer to Palestine explicitly but the context strongly suggests that its concern was with the Nakba<\/em>\u00ab\u00a0.<\/p>\n<p><strong><em>La diff\u00e9rence entre l&rsquo;article 62 et l&rsquo;article 63<\/em><\/strong><\/p>\n<p>Il convient de noter une sp\u00e9cificit\u00e9 du Nicaragua dans la\u00a0requ\u00eate\u00a0\u00e0\u00a0fin d&rsquo;intervention aupr\u00e8s des juges de la CIJ dans le diff\u00e9rend entre l&rsquo;Afrique du Sud et Isra\u00ebl (voir texte complet de la requ\u00eate\u00a0 d\u00e9pos\u00e9e le 23 janvier 2024 en <strong><a href=\"https:\/\/www.icj-cij.org\/sites\/default\/files\/case-related\/192\/192-20240123-int-01-00-fr.pdf\">fran\u00e7ais<\/a><\/strong> et en <strong><a href=\"https:\/\/www.icj-cij.org\/sites\/default\/files\/case-related\/192\/192-20240123-int-01-00-en.pdf\">anglais<\/a><\/strong>).<\/p>\n<p>Alors que les autres \u00c9tats ont invoqu\u00e9 l&rsquo;article 63 du Statut de la CIJ (voir <strong><a href=\"https:\/\/www.icj-cij.org\/fr\/statut\">texte<\/a><\/strong>), qui permet \u00e0 tout \u00c9tat partie \u00e0 une convention d&rsquo;intervenir lorsqu&rsquo;il s&rsquo;agit de l&rsquo;interpr\u00e9tation \u00e0 donner aux dispositions de cette convention faisant l&rsquo;objet d&rsquo;un diff\u00e9rend entre deux \u00c9tats devant la CIJ, le Nicaragua (et maintenant la Palestine) ont choisi d&rsquo;invoquer une autre disposition, qui comporte un enjeu beaucoup plus important pour l&rsquo;\u00c9tat qui l&rsquo;invoque : l&rsquo;article 62 du Statut de la CIJ, qui se lit comme suit :<\/p>\n<p><strong>\u201c<em>Article 62<\/em><\/strong><em>: 1. Lorsqu&rsquo;un \u00c9tat estime que, dans un diff\u00e9rend, un int\u00e9r\u00eat d&rsquo;ordre juridique est pour lui en cause, il peut adresser \u00e0 la Cour une requ\u00eate, \u00e0 fin d&rsquo;intervention. 2. La Cour d\u00e9cide<\/em>\u201d.<\/p>\n<p>La position du Nicaragua\u00a0(voir texte complet de la requ\u00eate d\u00e9pos\u00e9e le 23 janvier 2024 en\u00a0<strong><a href=\"https:\/\/www.icj-cij.org\/sites\/default\/files\/case-related\/192\/192-20240123-int-01-00-fr.pdf\">fran\u00e7ais<\/a><\/strong>\u00a0et en\u00a0<strong><a href=\"https:\/\/www.icj-cij.org\/sites\/default\/files\/case-related\/192\/192-20240123-int-01-00-en.pdf\">anglais<\/a><\/strong>)\u00a0cherche \u00e0 pousser jusqu&rsquo;\u00e0\u00a0ses derni\u00e8res cons\u00e9quences l&rsquo;id\u00e9e que l&rsquo;interdiction du g\u00e9nocide est une norme de <em>jus cogens<\/em> de nature imp\u00e9rative qui lie tous les Etats de la m\u00eame mani\u00e8re : tous les Etats devraient, logiquement, avoir un int\u00e9r\u00eat juridique au respect de cette norme fondamentale, et une d\u00e9claration en ce sens de la CIJ renforcerait les effets de ce que l&rsquo;on appelle les \u00ab <em>normes imp\u00e9ratives du droit international g\u00e9n\u00e9ral <\/em>\u00bb, telles que consacr\u00e9es par l&rsquo;article 53 de la Convention de Vienne sur le Droit des Trait\u00e9s de 1969.<\/p>\n<p>Une relecture de la requ\u00eate du Nicaragua sur la base de cet \u00e9l\u00e9ment permet de mieux comprendre les nombreuses r\u00e9f\u00e9rences faites par le Nicaragua dans le texte de sa requ\u00eate \u00e0 cette cat\u00e9gorie sp\u00e9cifique de r\u00e8gles fondamentales de l&rsquo;ordre juridique international, rarement invoqu\u00e9es devant le juge international de La Haye par les Etats qui plaident devant lui.<\/p>\n<p><strong><em>Le Nicaragua et la Palestine: un bref rappel historique<\/em><\/strong><\/p>\n<p>Pourquoi un tel engouement affich\u00e9 par le Nicaragua devant la CIJ pour essayer de contrer Isra\u00ebl et comment expliquer une telle solidarit\u00e9\u00a0 avec le peuple palestinien depuis la soir\u00e9e du 7 octobre 2023?<\/p>\n<p>Les autorit\u00e9s actuelles du Nicaragua ont encore en m\u00e9moire que de fort nombreux combattants et anciens compagnons d&rsquo;armes durant la lutte arm\u00e9e au Nicaragua dans les ann\u00e9es 60-70 sont tomb\u00e9s sous l&rsquo;effet d&rsquo;armes et de munitions isra\u00e9liennes utilis\u00e9es par les autorit\u00e9s de l&rsquo;\u00e9poque. D&rsquo;un point de vue historique, il convient en effet de rappeler que durant ces d\u00e9cennies, le Nicaragua et Isra\u00ebl ont entretenu des relations tr\u00e8s \u00e9troites en termes de coop\u00e9ration militaire, ce qui explique pourquoi, depuis juillet 1979, les autorit\u00e9s nicaraguayennes se sentent si proches de la cause palestinienne.<\/p>\n<p>Dans cet <strong><a href=\"https:\/\/pdxscholar.library.pdx.edu\/cgi\/viewcontent.cgi?article=1274&amp;context=honorstheses\">article <\/a><\/strong>intitul\u00e9 \u00ab <em>Israeli Agency in the Iran-Contra Affair<\/em> \u00bb publi\u00e9 en 2016, on peut lire (pages 8-9) que :<\/p>\n<p>\u201c<em>In February 1957, a Nicaraguan delegation to Israel negotiated a $1.2 million arms deal with Shimon Peres who was the director general of the Israeli Defence Ministry. According to the Stockholm International Peace Research Institute (SIPRI), by the 1970s Israel accounted for 98% of Nicaragua\u2019s arms imports. This included tanks, light aircraft, armoured cars, ammunition, and automatic rifles. In early 1978, Somoza changed his National Guard\u2019s standard arms from the American Garan M-1, to the modern Israeli Galil assault rifle.Some members of the National Guard were also armed with Israeli made lightweight UZI submachine guns. In January 1979, a group of American diplomats expressed concern over Somoza\u2019s military overconfidence, that \u201cone reason Somoza was so cocky in resisting pressures to resign was the knowledge that Israel, which had been a full-times arms salesman working the countries of the Caribbean Basin, could and would supply whatever the National Guard needed<\/em>\u201d.<\/p>\n<p>A Managua, pour comm\u00e9morer le 10e anniversaire de la mort du leader palestinien Yasser Arafat, une c\u00e9r\u00e9monie officielle a \u00e9t\u00e9 organis\u00e9e avec les plus hautes autorit\u00e9s du Nicaragua (voir <strong><a href=\"http:\/\/spanish.peopledaily.com.cn\/n\/2014\/1112\/c31617-8808081.html\">note de presse<\/a><\/strong> de novembre 2014). R\u00e9cemment &#8211; fin janvier 2024 -, le d\u00e9c\u00e8s d&rsquo;une po\u00e9tesse nicaraguayenne de renom, dont la famille \u00e9tait originaire de Palestine, et qui fut la compagne sentimentale de Yasser Arafat pendant quelques temps, a \u00e9t\u00e9 signal\u00e9 (voir la photo d&rsquo;archive contenue dans cet <strong><a href=\"https:\/\/www.laprensani.com\/magazine\/reportajes\/suad-marcos-frech-la-poeta-nica-amante-de-yasser-arafat\/\">article<\/a><\/strong> de La Prensa de Nicaragua, et cette <strong><a href=\"https:\/\/www.diariolibre.com\/revista\/cultura\/2024\/01\/28\/gobierno-de-nicaragua-lamenta-muerte-de-leyla-suad-marcos\/2590080\">note de presse<\/a><\/strong> du 28 janvier 2024).<\/p>\n<p>Il convient enfin de pr\u00e9ciser que le Nicaragua n&rsquo;entretient plus de relations diplomatiques avec Isra\u00ebl depuis juin 2010, en raison de l&rsquo;attaque d&rsquo;une flottille humanitaire turque par l&rsquo;arm\u00e9e isra\u00e9lienne (voir l&rsquo;<strong><a href=\"https:\/\/www.eltiempo.com\/archivo\/documento\/CMS-7735922\">article<\/a><\/strong> de <em>El Tiempo \/ Colombia<\/em> du 1er juin 2010). Il s&rsquo;agit d&rsquo;une situation que le Nicaragua partage avec d&rsquo;autres \u00c9tats d&rsquo;Am\u00e9rique Latine depuis quelque mois: la Bolivie (depuis le mois d&rsquo;octobre 2023), Belize (novembre 2023) et la Colombie (voir <strong><a href=\"https:\/\/www.cancilleria.gov.co\/newsroom\/news\/comunicado-prensa-colombia-anuncia-ruptura-relaciones-diplomaticas-israel\">communiqu\u00e9 officiel<\/a><\/strong> du 1er mai 2024), ces trois\u00a0 Etats \u00e9tant les derniers \u00e0 avoir rompu leurs relations diplomatiques avec Isra\u00ebl.<\/p>\n<p>On signalera que le Nicaragua a pr\u00e9sent\u00e9 le 1er mars 2024 une requ\u00eate contre l&rsquo;Allemagne accompagn\u00e9e d&rsquo;une demande en indication de mesures conservatoires pour violation de certaines dispositions de la Convention sur le g\u00e9nocide de 1948, en particulier celles concernant l&rsquo;obligation de pr\u00e9vention qui s\u2019impose aux Etats Parties (voir texte en <strong><a href=\"https:\/\/www.icj-cij.org\/sites\/default\/files\/case-related\/193\/193-20240301-app-01-00-fr.pdf\">fran\u00e7ais<\/a><\/strong> et en\u00a0<strong><a href=\"https:\/\/www.icj-cij.org\/sites\/default\/files\/case-related\/193\/193-20240301-app-01-00-en.pdf\">anglais<\/a><\/strong>). Cette demande a donn\u00e9 lieu\u00a0\u00a0\u00e0\u00a0 une ordonnance adopt\u00e9e le 30 avril 2024 (voir\u00a0<strong><a href=\"https:\/\/www.icj-cij.org\/sites\/default\/files\/case-related\/193\/193-20240430-ord-01-00-fr.pdf\">texte<\/a><\/strong>) dans laquelle on y lit un avertissement assez clair de la part de la CIJ aux Etats fournissant des armes et des munitions\u00a0\u00e0 Isra\u00ebl, Allemagne inclue :<\/p>\n<p>\u00ab\u00a0<em><strong>24.<\/strong>\u00a0De surcro\u00eet, la Cour estime particuli\u00e8rement important de rappeler \u00e0 tous les \u00c9tats les obligations internationales qui leur incombent en ce qui concerne le transfert d\u2019armes \u00e0 des parties \u00e0 un conflit arm\u00e9, afin d\u2019\u00e9viter le risque que ces armes soient utilis\u00e9es pour commettre des violations des conventions susmentionn\u00e9es. Toutes ces obligations incombent \u00e0 l\u2019Allemagne en tant qu\u2019\u00c9tat partie auxdites conventions lorsqu\u2019elle fournit des armes \u00e0 Isra\u00ebl<\/em>\u00ab\u00a0.<\/p>\n<p>Un autre avertissement du juge international, tout en filigrane cette fois, peut\u00a0\u00eatre sugg\u00e9r\u00e9 par l&rsquo;expression \u00ab\u00a0<em>\u00e0<\/em><em>\u00a0l\u00b4heure actuelle<\/em>\u00ab\u00a0, lorsque l\u00b4on y lit que:<\/p>\n<p>\u00ab\u00a0<em><strong>20.<\/strong>\u00a0Sur la base des informations factuelles et des arguments juridiques pr\u00e9sent\u00e9s par les Parties, la Cour conclut que, \u00e0 l\u2019heure actuelle, les circonstances ne sont pas de nature \u00e0 exiger l\u2019exercice de son pouvoir d\u2019indiquer des mesures conservatoires en vertu de l\u2019article 41 du Statut<\/em>\u00ab\u00a0.<\/p>\n<p><strong><em>La suite de la proc\u00e9dure <\/em><\/strong><\/p>\n<p>La CIJ devra maintenant informer, comme elle l&rsquo;a d\u00e9j\u00e0 fait \u00e0 plusieurs reprises, l&rsquo;Afrique du Sud et Isra\u00ebl, afin de conna\u00eetre leur points de vue respectifs sur les demandes d&rsquo;intervention de la Palestine et des autres \u00c9tats tiers dans le diff\u00e9rend qui les oppose : ces \u00c9tats tiers qui ont demand\u00e9 l&rsquo;intervention sont, comme pr\u00e9cis\u00e9 ant\u00e9rieurement :<\/p>\n<p>&#8211;\u00a0 le Nicaragua (janvier 2024);<\/p>\n<p>&#8211; la Colombie (avril 2024);<\/p>\n<p>&#8211; la Libye et le Mexique (mai 2024).<\/p>\n<p>On remarquera que l&rsquo;inaction collective des Etats europ\u00e9ens dans leur ensemble concernant ces demandes d&rsquo;intervention au juge international semble atteindre ses limites : en effet, l\u00b4Espagne vient d\u2019annoncer qu\u2019elle pr\u00e9sentera une demande similaire au juge de la CIJ, en soutien \u00e0 la requ\u00eate\u00a0de l&rsquo;Afrique du Sud (voir <strong><a href=\"https:\/\/www.dw.com\/es\/espa%C3%B1a-se-sumar%C3%A1-a-la-demanda-de-sud%C3%A1frica-contra-israel-en-la-haya\/a-69287143\">note de presse<\/a><\/strong> de la DW du 6 juin 2024). L&rsquo;Espagne est aussi l&rsquo;Etat qui r\u00e9cemment, avec l&rsquo;Irlande et la Norv\u00e8ge, a d\u00e9cid\u00e9 qu&rsquo;il \u00e9tait temps de proc\u00e9der\u00a0\u00e0\u00a0la reconnaissance de la Palestine comme Etat (voir <strong><a href=\"https:\/\/www.lamoncloa.gob.es\/consejodeministros\/resumenes\/paginas\/2024\/280524-rueda-de-prensa-ministros.aspx\">communiqu\u00e9 officiel<\/a><\/strong> du 28 mai dernier) rejoignant la Su\u00e8de, dernier Etat europ\u00e9en\u00a0\u00e0 avoir proc\u00e9d\u00e9\u00a0\u00e0 cette reconnaissance en 2013 (<strong>Note 8<\/strong>).<\/p>\n<p>On signalera au passage qu&rsquo;au d\u00e9but du mois de mars 2024, la Belgique avait annonc\u00e9 une intervention similaire aupr\u00e8s de la CIJ, non suivie d&rsquo;effet\u00a0\u00e0\u00a0ce jour, pour des raisons&#8230; qu&rsquo;il serait fort int\u00e9ressant de conna\u00eetre\u00a0(voir <strong><a href=\"https:\/\/www.rtbf.be\/article\/concept-de-genocide-la-belgique-fournira-a-la-cour-internationale-de-justice-son-interpretation-sur-le-sujet-11342326\">article de presse<\/a><\/strong> du 11 mars 2024).<\/p>\n<p>Au del\u00e0\u00a0des effets d&rsquo;annonces que l&rsquo;on observe ci et l\u00e0, l&rsquo;Etat europ\u00e9en qui sera le premier\u00a0\u00e0\u00a0effectivement d\u00e9poser une\u00a0requ\u00eate\u00a0\u00e0\u00a0fin d&rsquo;intervention en vue de soutenir l&rsquo;Afrique du Sud viendra conforter bien des observateurs et acteurs de la vie internationale, m\u00e9dus\u00e9s et indign\u00e9s par l&rsquo;inaction collective de l&rsquo;Europe depuis le soir du 7 octobre 2023: tant pour ce qui est des recours juridiques qu&rsquo;offre la Convention contre le g\u00e9nocide (153 Etats Parties) que ceux qu&rsquo;offre le Statut de Rome (124 Etats Parties). Concernant ce dernier trait\u00e9, nous renvoyons aux deux uniques r\u00e9f\u00e9rr\u00e9s urgents envoy\u00e9s\u00a0\u00e0 la CPI le 17 novembre 2023 dans le cas su premier (voir <strong><a href=\"https:\/\/www.icc-cpi.int\/sites\/default\/files\/2023-11\/ICC-Referral-Palestine-Final-17-November-2023.pdf\">texte<\/a><\/strong>), et du 18 janvier 2024 dans le cas du second (voir <strong><a href=\"https:\/\/www.icc-cpi.int\/sites\/default\/files\/2024-01\/2024-01-18-Referral_Chile__Mexico.pdf\">texte<\/a><\/strong>) dans lesquels aucun Etat europ\u00e9en n&rsquo;appara\u00eet\u00a0parmi les signataires.<\/p>\n<p>Ce n&rsquo;est qu&rsquo;une fois connues les positions de l\u00b4Afrique du Sud et d&rsquo;Isra\u00ebl que la CIJ d\u00e9cidera par une ordonnance, apr\u00e8s avoir organis\u00e9 des audiences \u00e0 La Haye, si elle accepte ou bien rejette ces demandes d&rsquo;intervention d&rsquo;\u00c9tats tiers dans le diff\u00e9rend opposant l&rsquo;Afrique du Sud \u00e0 Isra\u00ebl, dont les dates pour les documents de la proc\u00e9dure \u00e9crite ont \u00e9t\u00e9 r\u00e9cemment fix\u00e9es (<strong>Note 9<\/strong>).<\/p>\n<p>Dans le cas sp\u00e9cifique de la requ\u00eate palestinienne, il est fort probable qu&rsquo;Isra\u00ebl contestera en plus le fait que la Palestine puisse la pr\u00e9senter, \u00e9tant donn\u00e9 qu&rsquo;Isra\u00ebl ne reconna\u00eet pas la Palestine en tant qu&rsquo;\u00c9tat, tout comme les \u00c9tats Unis, le Canada, et bien d&rsquo;autres \u00c9tats europ\u00e9ens.<\/p>\n<p>Dans le cas particulier du Panama, le seul \u00c9tat d&rsquo;Am\u00e9rique Latine \u00e0 ne pas reconna\u00eetre la Palestine en tant qu&rsquo;\u00c9tat, depuis ao\u00fbt 2014, ses autorit\u00e9s \u00ab <em>\u00e9valuent<\/em> \u00bb la possibilit\u00e9 d&rsquo;une telle reconnaissance (voir <strong><a href=\"https:\/\/www.laestrella.com.pa\/panama\/politica\/panama-considera-reconocer-palestino-BOLE255062\">note de presse<\/a><\/strong> de La Estrella de Panam\u00e1 d&rsquo;ao\u00fbt 2014).<\/p>\n<p>&nbsp;<\/p>\n<p><strong><em>Quelques remarques<\/em><\/strong><\/p>\n<p>Cette nouvelle initiative de la diplomatie palestinienne vise \u00e0 rapprocher juridiquement la Palestine au diff\u00e9rend entre l&rsquo;Afrique du Sud et Isra\u00ebl et au d\u00e9bat, qui s\u2019annonce intense, entre l&rsquo;\u00e9quipe juridique sud-africaine et isra\u00e9lienne devant les juges de la CIJ.<\/p>\n<p>On notera plus largement que les m\u00e9canismes visant \u00e0 faire respecter le droit international commencent petit \u00e0 petit \u00e0 s\u2019appliquer au drame indicible que l\u2019 on observe \u00e0 Gaza,\u00a0 avec en particulier une semaine du mois de mai 2024 extr\u00eamement d\u00e9favorable\u00a0pour Isra\u00ebl :<\/p>\n<p>&#8211; qui a commenc\u00e9\u00a0le 20 mai par une demande \u00e0 la Cour P\u00e9nale Internationale (CPI) d&rsquo;un mandat d&rsquo;arr\u00eat provenant du procureur de la CPI (voir <strong><a href=\"https:\/\/www.icc-cpi.int\/fr\/news\/declaration-du-procureur-de-la-cpi-karim-aa-khan-kc-depot-de-requetes-aux-fins-de-delivrance\">d\u00e9claration officielle<\/a><\/strong>) \u00e0 l&rsquo;encontre de son premier ministre et de son ministre de la d\u00e9fense\u00a0 (<strong>Note 10<\/strong>);<\/p>\n<p>&#8211; et qui s&rsquo;est achev\u00e9e\u00a0le 24 mai, avec une troisi\u00e8me ordonnance rendue par la CIJ (voir<strong><a href=\"https:\/\/www.icj-cij.org\/sites\/default\/files\/case-related\/192\/192-20240524-ord-01-00-fr.pdf\"> texte<\/a><\/strong> complet) exigeant, entre autres, qu&rsquo;Isra\u00ebl suspende imm\u00e9diatement son offensive militaire \u00e0 Rafah (<strong>Note 11<\/strong>).<\/p>\n<p>Concernant les audiences publiques dans la capitale n\u00e9erlandaise durant les 16-17 mai, nous avions indiqu\u00e9 que:<\/p>\n<p>\u00ab\u00a0<em>L\u2019argument d\u2019Isra\u00ebl selon lequel le d\u00e9lai extr\u00eamement court fix\u00e9 par la CIJ l\u2019a emp\u00each\u00e9 de se pr\u00e9senter avec une \u00e9quipe juridique compl\u00e8te peut cacher une autre r\u00e9alit\u00e9, beaucoup moins avouable de la part des diplomates isra\u00e9liens pr\u00e9sents\u00a0\u00e0 La Haye\u00a0: l\u2019impossibilit\u00e9 pour Isra\u00ebl de trouver en Isra\u00ebl des avocats dispos\u00e9s \u00e0 le d\u00e9fendre publiquement durant des audiences au\u00a0Peace Palace\u00a0dans la capitale n\u00e9erlandaise.<\/em><\/p>\n<p><em>C\u2019est probablement la premi\u00e8re fois dans l\u2019histoire de la CIJ depuis 1946 qu\u2019un \u00c9tat se plaint aupr\u00e8s des juges de la CIJ d\u2019un d\u00e9lai tr\u00e8s court pour se d\u00e9fendre : un argument qui pourrait \u00eatre interpr\u00e9t\u00e9 de diverses mani\u00e8res par certains membres de la CIJ lors des d\u00e9lib\u00e9rations qui ont commenc\u00e9 peu apr\u00e8s la fin des audiences, le 17 mai<\/em>\u00a0\u00bb (<strong>Note 12<\/strong>).<\/p>\n<p>Concernant la d\u00e9cision du Procureur de la CPI qui a provoqu\u00e9 une r\u00e9action d&rsquo;indignation de la diplomatie nord-am\u00e9ricaine a peine prononc\u00e9e le 20 mai 2024 depuis La Haye (voir <strong><a href=\"https:\/\/www.state.gov\/warrant-applications-by-the-international-criminal-court\/\">communiqu\u00e9 officiel<\/a><\/strong>), ce 5 juin 2024 aux Etats-Unis, une proposition de loi afin de sanctionner le personnel de la CPI a \u00e9t\u00e9 adopt\u00e9e (voir <strong><a href=\"https:\/\/www.theguardian.com\/us-news\/article\/2024\/jun\/04\/us-house-icc-sanctions-netanyahu-\">note<\/a><\/strong> de <em>The Gardian<\/em>): ce texte d\u00e9note, une fois de plus, la facilit\u00e9 avec laquelle Isra\u00ebl obtient des faveurs au sein de la classe politique nord-am\u00e9ricaine.\u00a0Comme on le sait, Isra\u00ebl et son fid\u00e8le alli\u00e9 \u00e9tasunien ont toujours \u00e9t\u00e9 extr\u00eamement sensibles sur cette question. Le d\u00e9p\u00f4t par la Palestine le 21 janvier 2009 d\u00b4une d\u00e9claration d\u00b4acceptation de la juridiction de la CPI fut consid\u00e9r\u00e9 par le service juridique de l\u00b4arm\u00e9e isra\u00e9lienne comme une nouvelle forme de terrorisme, inconnue des sp\u00e9cialistes : le \u00ab\u00a0<em>terrorisme l\u00e9gal<\/em>\u00ab\u00a0<b>\u00a0(<\/b><strong>Note 13<\/strong><b>)<\/b>.\u00a0\u00a0R\u00e9cemment en Isra\u00ebl un article publi\u00e9 para <em>Magazine +972<\/em> a document\u00e9 les pressions exerc\u00e9es par les services de renseignement isra\u00e9liens sur le personnel de la CPI durant 9 ans (voir <strong><a href=\"https:\/\/www.972mag.com\/icc-israel-surveillance-investigation\/\">article<\/a><\/strong>).<\/p>\n<p>Concernant l\u00b4ordonnance de la CIJ en date du 24 mai, au moment de r\u00e9diger ces lignes, aucune r\u00e9action officielle des Etats-Unis n&rsquo;a \u00e9t\u00e9 enregistr\u00e9e, contrairement aux manifestations officielles de certains Etats tels que, entre bien d&rsquo;autres, celle de l&rsquo;<strong><a href=\"https:\/\/x.com\/KSAmofaEN\/status\/1794070817174647048\">Arabie Saoudite<\/a><\/strong>, du\u00a0<strong><a href=\"https:\/\/www.minrel.gob.cl\/noticias-anteriores\/comunicado-de-prensa-por-decision-de-la-corte-internacional-de-justicia\">Chili<\/a><\/strong>, de la <strong><a href=\"https:\/\/www.cancilleria.gov.co\/newsroom\/publiques\/colombia-saluda-decision-corte-internacional-justicia-ordenar-israel-detener-su\">Colombie<\/a><\/strong> ou encore de l<strong><a href=\"https:\/\/www.gov.ie\/en\/press-release\/5c6af-statement-by-the-tanaiste-on-icj-order-for-israel-to-halt-military-offensive-in-rafah\/\">\u00b4Irlande<\/a><\/strong>.<\/p>\n<p>Pour revenir aux Etats tiers souhaitant aussi intervenir en l&rsquo;affaire Afrique du Sud contre Isra\u00ebl, outre le Mexique, qui a officiellement pr\u00e9sent\u00e9 sa demande d&rsquo;intervention \u00e0 la CIJ, le Chili a r\u00e9cemment annonc\u00e9 son intention de se joindre au soutien de l&rsquo;action intent\u00e9e par l&rsquo;Afrique du Sud contre Isra\u00ebl (voir le <strong><a href=\"https:\/\/www.bbc.com\/mundo\/articles\/c7224mekl8no\">communiqu\u00e9 de presse<\/a><\/strong> de la BBC du 1er juin 2024).<\/p>\n<p>Il faut noter que malgr\u00e9 l&rsquo;ordonnance de la CIJ du 24 mai 2024, Isra\u00ebl a jug\u00e9 opportun et n\u00e9cessaire de commencer ses op\u00e9rations \u00e0 Rafah, provoquant les r\u00e9actions de nombreux \u00c9tats d\u00e9non\u00e7ant une s\u00e9rie de bombardements aveugles d&rsquo;un camp de r\u00e9fugi\u00e9s \u00e0 Rafah entre les 25 et le 26 mai : on peut citer, parmi beaucoup d&rsquo;autres, la d\u00e9claration officielle publi\u00e9e par le <strong><a href=\"https:\/\/mofa.gov.qa\/en\/statements\/qatar-strongly-condemns-israeli-occupation's-continued-targeting-of-displaced-persons'-tents-in-rafah\">Qatar<\/a><\/strong> et <strong><a href=\"https:\/\/dirco.gov.za\/south-african-government-condemns-the-unlawful-targeting-of-refugee-camps-in-rafah-by-the-israeli-occupation-forces\/\">l&rsquo;Afrique du Sud<\/a><\/strong>, ainsi que une forte d\u00e9claration publi\u00e9e par plusieurs experts des droits de l&rsquo;homme de l&rsquo;ONU (voir le <strong><a href=\"https:\/\/www.ohchr.org\/en\/press-releases\/2024\/05\/un-experts-outraged-israeli-strikes-civilians-sheltering-rafah-camps\">communiqu\u00e9 de presse<\/a><\/strong> officiel des Nations Unies).<\/p>\n<p>Cette <strong><a href=\"https:\/\/www.mezan.org\/en\/post\/46453\/Open-Letter-to-the-UN-Security-Council:-Ceasefire-Urgently-Needed-Amid-Israel%E2%80%99s-Genocidal-Massacre-in-Rafah,-Defying-ICJ-Provisional-Measures-Orders\">note<\/a><\/strong> de l&rsquo;ONG palestinienne Al Mezan, bas\u00e9e \u00e0 Gaza, dat\u00e9e du 28 mai, exhorte pour sa part la communaut\u00e9 internationale \u00e0 condamner et \u00e0 prendre des mesures pour mettre fin \u00e0 l&rsquo;action insens\u00e9e d&rsquo;Isra\u00ebl.<\/p>\n<p>A cet \u00e9gard, en ce qui concerne les r\u00e9actions officielles enregistr\u00e9es en Am\u00e9rique Latine, nous renvoyons nos cher(e)s lecteurs et lectrices aux communiqu\u00e9s officiels de la <strong><a href=\"https:\/\/x.com\/LuchoXBolivia\/status\/1795799831446724911\">Bolivie<\/a><\/strong>, du <strong><a href=\"https:\/\/www.gov.br\/mre\/pt-br\/canais_atendimento\/imprensa\/notas-a-imprensa\/ataque-israelense-a-campo-de-refugiados-nas-proximidades-de-rafah\">Br\u00e9sil<\/a><\/strong>, du <strong><a href=\"https:\/\/www.minrel.gob.cl\/noticias-anteriores\/comunicado-de-prensa-por-ataque-a-campamento-de-refugiados-en-rafah\">Chili<\/a><\/strong> et de la <strong><a href=\"https:\/\/www.cancilleria.gov.co\/newsroom\/publiques\/comunicado-prensa-colombia-condena-ataques-aereos-israelies-campamento\">Colombie<\/a><\/strong> : leur lecture (recommand\u00e9e) met en \u00e9vidence les lacunes du communiqu\u00e9 officiel du Costa Rica, dont le texte \u00e9vite de pr\u00e9ciser que le <em>\u00ab bombardement<\/em> \u00bb a \u00e9t\u00e9 caus\u00e9 par les forces militaires isra\u00e9liennes et omet tout simplement de mentionner Isra\u00ebl (<strong>Note 14<\/strong>). Une prudence s\u00e9mantique similaire se retrouve dans le communiqu\u00e9 officiel du P\u00e9rou (voir <strong><a href=\"https:\/\/www.gob.pe\/institucion\/rree\/noticias\/962457-el-peru-condena-ataque-aereo-a-campo-de-refugiados-en-rafah-franja-de-gaza\">texte<\/a><\/strong>), tandis que les minist\u00e8res des affaires \u00e9trang\u00e8res de l&rsquo;Argentine, de l&rsquo;Equateur, du Panama et de l&rsquo;Uruguay ont estim\u00e9 qu&rsquo;il n&rsquo;\u00e9tait pas n\u00e9cessaire d&rsquo;exprimer une quelconque opinion concernant le bombardement par Isra\u00ebl d&rsquo;un camp de r\u00e9fugi\u00e9s \u00e0 Rafah.<\/p>\n<p>Lorsqu&rsquo;un Etat ignore une d\u00e9cision obligatoire de la CIJ, la Charte des Nations Unies pr\u00e9voit un m\u00e9canisme dans lequel intervient le Conseil de S\u00e9curit\u00e9: un projet de r\u00e9solution du Conseil de S\u00e9curit\u00e9 propos\u00e9 par l&rsquo;Alg\u00e9rie (voir <strong><a href=\"https:\/\/x.com\/NabilAbiSaab\/status\/1796253304579907822\/photo\/1\">texte<\/a><\/strong>) circule depuis le 27 mai, et qui pourrait bien contraindre cette fois-ci les Etats Unis \u00e0 se dissocier des demandes pressantes\u00a0 \u00e9manant des autorit\u00e9s isra\u00e9liennes : \u00e0 moins que les Etats-Unis ne soient pr\u00eats (\u00e0 nouveau) \u00e0 exercer leur droit de veto pour prot\u00e9ger leur fid\u00e8le alli\u00e9 isra\u00e9lien de l&rsquo;application du droit international en vigueur. Une telle option signifierait probablement pour l\u00b4actuel pr\u00e9sident des Etats Unis une nouvelle mobilisation sur les campus universitaires nord-am\u00e9ricains tout comme dans les rues de ses villes principales, et sans aucun doute, la perte de toute chance de r\u00e9\u00e9lection lors des \u00e9lections am\u00e9ricaines, pr\u00e9vues en novembre 2024.<\/p>\n<p>Le texte de l&rsquo;Alg\u00e9rie est pass\u00e9 au second plan, en raison d&rsquo;une man\u0153uvre diplomatique des Etats Unis au Conseil de S\u00e9curit\u00e9, et de l&rsquo;adoption d&rsquo;un projet de r\u00e9solution pr\u00e9sent\u00e9 par les Etats Unis le 10 juin 2024 (voir <strong><a href=\"https:\/\/x.com\/majedbamya\/status\/1800252342098346473\">texte<\/a><\/strong>) saluant et ent\u00e9rinant l&rsquo;accord de cessez-le-feu rendu public le 31 mai (toujours par les Etats Unis): on remarquera qu&rsquo;en Isra\u00ebl, plusieurs d\u00e9clarations officielles critiquent ouvertement cet accord des Etats Unis. Malgr\u00e9 cette man\u0153uvre assez habile nordam\u00e9ricaine, le texte de l&rsquo;Alg\u00e9rie devrait refaire surface dans les jours prochains au sein du Conseil de S\u00e9curit\u00e9.<\/p>\n<p>Dans les milieux acad\u00e9miques, plusieurs analyses mettent en avant le fait que les ordonnances de la CIJ devraient int\u00e9resser tous les Etats, et non seulement l&rsquo;Afrique du Sud et les Etats qui ont demand\u00e9 \u00e0 intervenir dans son proc\u00e8s contre Isra\u00ebl (<strong>Note 15<\/strong>).<\/p>\n<p>En ce qui concerne un autre th\u00e9\u00e2tre d&rsquo;op\u00e9rations proche de Gaza o\u00f9 l&rsquo;on peut constater le m\u00eame manque de respect total de la part d&rsquo;Isra\u00ebl, l&rsquo;ONG\u00a0\u00a0<em>Human Rights Watch<\/em> a d\u00e9nonc\u00e9 le 4 juin dernier l&rsquo;utilisation par Isra\u00ebl de phosphore blanc contre les populations civiles au Sud-Liban (voir <strong><a href=\"https:\/\/www.hrw.org\/news\/2024\/06\/05\/lebanon-israels-white-phosphorous-use-risks-civilian-harm\">rapport<\/a><\/strong>).<\/p>\n<p><strong><em>En guise de conclusion\u00a0<\/em><\/strong><\/p>\n<p>Cette nouvelle initiative de la Palestine en ce d\u00e9but du mois de juin 2024 t\u00e9moigne de la grande solidit\u00e9 de son appareil diplomatique, usant de toutes les ressources dont elle peut b\u00e9n\u00e9ficier, au m\u00eame titre que tout \u00c9tat membre des Nations Unies lorsque ses droits ne sont pas respect\u00e9s.<\/p>\n<p>Cette attitude contraste avec les d\u00e9boires\u00a0\u00e0 r\u00e9p\u00e9tition\u00a0de la diplomatie isra\u00e9lienne, les d\u00e9clarations incendiaires de ses diplomates et de ses autorit\u00e9s, qui semblent, dans le cas de certaines d&rsquo;entre elles, d\u00e9couvrir l&rsquo;existence du droit international public et d&rsquo;un m\u00e9canisme juridique pour le faire respecter comme la CIJ: les exactions r\u00e9p\u00e9t\u00e9es de son arm\u00e9e depuis le soir du 7 octobre 2023 contre la population civile de Gaza et l&rsquo;intensit\u00e9 des frappes aveugles et indiscrimin\u00e9es sur Rafah depuis l&rsquo;ordonnance de la CIJ du 24 mai t\u00e9moignent d&rsquo;une volont\u00e9 isra\u00e9lienne de d\u00e9fier ouvertement la justice internationale.<\/p>\n<p>La sensation de fuite en avant dangereuse que ses autorit\u00e9s politiques manifestent au plan strat\u00e9gique et militaire, avec une op\u00e9ration militaire isra\u00e9lienne qui vient de passer le cap des 8 mois sans avoir atteint un seul des objectifs militaires officiels fix\u00e9s, renforce pour nombre d&rsquo;observateurs, la capacit\u00e9 de lecture anticip\u00e9e de l&rsquo;Afrique du Sud, dont la demande a \u00e9t\u00e9 d\u00e9pos\u00e9e, faut il le rappeler, d\u00e8s le 30 d\u00e9cembre 2023 \u00e0 La Haye. Dans le rapport sur l&rsquo;\u00e9tat de la situation \u00e9labor\u00e9 au 30 d\u00e9cembre 2023 par les Nations Unies (voir <strong><a href=\"https:\/\/www.ochaopt.org\/content\/hostilities-gaza-strip-and-israel-flash-update-81\">texte<\/a><\/strong>), on lisait que:<\/p>\n<p>\u00ab\u00a0<em>Between the afternoons of 29 and 30 December, 165 Palestinians were killed, and another 250 people were injured, according to the Ministry of Health (MoH) in Gaza. Overall, between 7 October and 7:00 on 30 December, at least 21,672 Palestinians were killed in Gaza, according to the MoH in Gaza. About 70 per cent of those killed are said to be women and children. As of then, 56,165 Palestinians have reportedly been injured. Many people are missing, presumably buried under the rubble, waiting for rescue or recovery.\u00a0\u00a0<\/em><\/p>\n<p><em>On 30 December, the Israeli military announced that one additional soldier had been killed in Gaza and one had succumbed to injuries sustained last week. Overall, since the start of the ground operation, 168 soldiers have been killed, and 955 soldiers injured in Gaza, according to the Israeli military<\/em>\u00ab\u00a0.<\/p>\n<p>Pour ce qui est de la CPI en tant que telle, il est bon de rappeler qu\u00b4en 2020, lorsque la Bureau du Procureur de la CPI avait \u00e9mis l&rsquo;id\u00e9e de poursuivre le haut commandement militaire isra\u00e9lien pour les offensives militaires de 2009 et 2014 sur Gaza, la presse isar\u00e9lienne avait eu \u00e9cho d\u00b4une liste de 200-300 noms (voir <strong><a href=\"https:\/\/www.timesofisrael.com\/israel-said-to-compile-roster-of-officials-who-could-face-arrest-over-icc-probe\/\">note<\/a><\/strong> du <em>Timesof Israel<\/em> du 16 juillet 2020): on attend en ce\u00a0 mois de juin 2024, que des \u00e9chos similaires commencent\u00a0\u00e0 laisser des traces sur ce point pr\u00e9cis.<\/p>\n<p>Ind\u00e9niablement, en ces mois de mai et juin 2024, malgr\u00e9 poses et attitudes d\u00e9fiantes de ses autorit\u00e9s, d\u00e9clarations officielles courrouc\u00e9es et autres qui n\u2018impressionnent plus grand monde, l\u2019\u00e9tau du droit international se reserre sur Isra\u00ebl.<\/p>\n<p>&nbsp;<\/p>\n<p><strong>&#8211; Notes &#8211;\u00a0\u00a0<\/strong><\/p>\n<p><strong>Note 1<\/strong>: Cf. <strong>BOEGLIN N.<\/strong>, \u00ab\u00a0<em>Le nouveau statut de membre de la Palestine aux Nations Unies : une perspective latinoam\u00e9ricaine<\/em>\u00ab\u00a0, Le Monde du Droit, Section Decryptages, \u00e9dition du 3 janvier 2013. Texte disponible <a href=\"https:\/\/www.lemondedudroit.fr\/decryptages\/5367-le-nouveau-statut-de-membre-de-la-palestine-au-nationes-unies-une-perspective-latinoamericaine.html\"><strong>ici<\/strong><\/a>. En anglais, cf. <strong>AKANDE D.<\/strong>, \u00ab\u00a0<em>Palestine as a UN Observer State: Does this Make Palestine a State?<\/em>\u00ab\u00a0, EJIL-Talk, \u00e9dition du 3 d\u00e9cembre 2012. Texte disponible<strong> <a href=\"https:\/\/www.ejiltalk.org\/palestine-as-a-un-observer-state-does-this-make-palestine-a-state\/\">ici<\/a><\/strong>. Plus g\u00e9n\u00e9ralement, sur la participation de la Palestine en tant qu&rsquo;Etat au sein des diverses organisations internationales, cf. <strong>MARTIN J.C.<\/strong>, \u00ab\u00a0<em>Le statut de la Palestine dans les organisations internationales\u00a0\u00bb<\/em>,<em>\u00a0<\/em><a href=\"https:\/\/www.persee.fr\/collection\/afdi\"><em>Annuaire Fran\u00e7ais de Droit International<\/em><\/a>\u00a0\u00a0Vol. 62 (Ann\u00e9e 2016),\u00a0pp. 213-233. Texte int\u00e9gral disponible <strong><a href=\"https:\/\/www.persee.fr\/doc\/afdi_0066-3085_2016_num_62_1_5019\">ici<\/a><\/strong>.<\/p>\n<p><strong>Note 2<\/strong>: Cf. (en espagnol)\u00a0<strong>BOEGLIN N.<\/strong>, \u00ab\u00a0<em>El veto de Estados Unidos a la admisi\u00f3n de Palestina como Estado Miembro de Naciones Unidas: algunas reflexiones<\/em>\u00ab\u00a0, Blog Derecho InternacionalCosta Rica, 18 avril 2024. Texte disponible\u00a0<strong><a href=\"https:\/\/derechointernacionalcr.blogspot.com\/2024\/04\/consejo-de-seguridad-estados-unidos.html\">ici<\/a><\/strong>.<\/p>\n<p><strong>Note 3<\/strong>: Cf. <strong>BOEGLIN N.<\/strong>, \u00ab\u00a0<em>Gaza \/ Isra\u00ebl : \u00e0 propos du v\u00e9to des \u00c9tats-Unis au projet de r\u00e9solution du Conseil de S\u00e9curit\u00e9 pr\u00e9sent\u00e9 par le Br\u00e9sil<\/em>\u00ab\u00a0,\u00a0Blog de la <em>Soci\u00e9t\u00e9 Qu\u00e9b\u00e9cois<\/em><em>e pour le Droit International <\/em>(SQDI), \u00e9dition du 27 octobre 2023. Texte disponible <strong><a href=\"https:\/\/blogue.sqdi.org\/2023\/10\/27\/gaza-israel-a-propos-du-veto-des-etats-unis-au-projet-de-resolution-du-conseil-de-securite-presente-par-le-bresil\/\">ici<\/a><\/strong>.<\/p>\n<p><strong>Note 4:\u00a0<\/strong>Cf. (en espagnol) \u00a0<strong>BOEGLIN N.<\/strong>, \u00ab\u00a0<em>Palestina: a prop\u00f3sito de la reciente resoluci\u00f3n sobre derechos de Palestina como\u00a0 futuro Estado Miembro de Naciones Unidas<\/em>\u00ab\u00a0,\u00a0Blog Derecho InternacionalCosta Rica,\u00a010 mai 2024. Texte disponible\u00a0<strong><a href=\"https:\/\/derechointernacionalcr.blogspot.com\/2024\/05\/palestina-asamblea-general-de-naciones.html\">ici.<\/a><\/strong><\/p>\n<p><strong>Note 5<\/strong>: Sur ce sujte pr\u00e9cis, cf\u00a0 <strong>DOPAGNE F.<\/strong>, \u00ab\u00a0<em>Observations sur la pratique r\u00e9cente de d\u00e9nonciation des trait\u00e9s<\/em>\u00ab\u00a0, Vol. 64,\u00a0<a href=\"https:\/\/www.persee.fr\/collection\/afdi\">Annuaire Fran\u00e7ais de Droit International<\/a>\u00a0(2018),\u00a0pp. 131-159, notamment pp.141-144.<\/p>\n<p><strong>Note 6<\/strong>: Parmi des d\u00e9sistements r\u00e9cents, celui de l\u00b4Equateur dans l&rsquo; affaire l&rsquo;opposant\u00a0\u00a0\u00e0\u00a0la Colombie concernant l&rsquo;\u00e9pandage \u00e1erien de pesticides dans leur zone frontaliere, en raison d&rsquo;un accord entre ces deux Etats, dans lequel la Colombie s&rsquo;accorde, entre autres,\u00a0\u00a0\u00e0\u00a0 verser 15 millions de US dollars en \u00e9change d&rsquo;un retrait de la demande pr\u00e9sent\u00e9e en 2008 (voir <strong><a href=\"https:\/\/www.cancilleria.gov.co\/sites\/default\/files\/Litigio%20Nicaragua-Col\/acuerdo_firmado.pdf\">texte<\/a><\/strong> de l&rsquo;accord, point 9): \u00e9galement voir sur ce sujet le desistement, le\u00a0<strong><a href=\"https:\/\/www.icj-cij.org\/sites\/default\/files\/case-related\/138\/17527.pdf\">communiqu\u00e9 officiel<\/a><\/strong> de la CIJ de septembre 2013. En 1991, le Nicaragua a demand\u00e9 au juge de La Haye de rayer l&rsquo;affaire contre les Etats-Unis, celle-ci \u00e9tant consacr\u00e9e\u00a0\u00e0\u00a0l&rsquo;\u00e9tape sur la compensation pour dommages caus\u00e9s au Nicaragua par les Etats Unis, suite au jugement rendu en 1986 par la CIJ sur le fond en faveur du Nicaragua: voir le communiqu\u00e9 de la CIJ (voir <strong><a href=\"https:\/\/www.icj-cij.org\/sites\/default\/files\/case-related\/70\/10230.pdf\">texte<\/a><\/strong>) de septembre 1991.<\/p>\n<p><strong>Note 7<\/strong>: Cf. (en espagnol) \u00a0<strong>BOEGLIN N.<\/strong>, \u00ab\u00a0<em>Gaza \/ Israel: a prop\u00f3sito de la solicitud de M\u00e9xico de intervenir en la demanda de Sud\u00e1frica contra Israel ante la Corte Internacional de Justicia (CIJ)<\/em>\u00ab\u00a0,\u00a0Blog Derecho InternacionalCosta Rica,\u00a0\u00a028 de mayo del 2024. Texte disponible\u00a0<strong><a href=\"https:\/\/derechointernacionalcr.blogspot.com\/2024\/05\/gaza-israel-mexico-solicita-intervenir.html\">ici.<\/a><\/strong><\/p>\n<p><strong>Note 8<\/strong>:\u00a0 Cf.\u00a0<strong>BOEGLIN N.<\/strong>, \u00ab\u00a0<a href=\"https:\/\/www.sentinelle-international.com\/node\/109\">La reconnaissance r\u00e9cente de la Palestine par la Su\u00e8de : perspectives<\/a>\u00ab\u00a0, Sentinelle (Bulletin de la SFDI, <em>Soci\u00e9t\u00e9 Francaise pour le Droit International<\/em>), \u00e9dition de novembre 2014. Texte disponible <strong><a href=\"https:\/\/www.sentinelle-international.com\/node\/109\">ici<\/a><\/strong>.<\/p>\n<p><strong>Note 9<\/strong>:\u00a0Une ordonnance fixant les d\u00e9lais de d\u00e9p\u00f4t des pi\u00e8ces de la proc\u00e9dure \u00e9crite du 5 mai 2024 \u00e9tablit les \u00e9ch\u00e9ances suivantes (voir\u00a0<strong><a href=\"https:\/\/www.icj-cij.org\/sites\/default\/files\/case-related\/192\/192-20240405-ord-01-00-fr.pdf\">texte<\/a><\/strong>):<\/p>\n<p>&#8211; pour le m\u00e9moire de l\u00b4Afrique du Sud: le 28 octobre 2024 ;<\/p>\n<p>&#8211; pour\u00a0le contre-m\u00e9moire de l\u2019\u00c9tat d\u2019Isra\u00ebl, le 28 juillet 2025.<\/p>\n<p>On lit aussi dans cette d\u00e9cision que la CIJ a fix\u00e9 un d\u00e9lai diff\u00e9rend de celui propos\u00e9 par les deux Etats:<\/p>\n<p>\u00ab\u00a0<em>\u00a0&#8230;<\/em><em>\u00a0lors de cette r\u00e9union, l\u2019agent de l\u2019Afrique du Sud a indiqu\u00e9 que son gouvernement souhaiterait disposer, pour la pr\u00e9paration de son m\u00e9moire, d\u2019un d\u00e9lai de 12 mois \u00e0 compter du prononc\u00e9 de l\u2019ordonnance en indication de mesures conservatoires en date du 26 janvier 2024, mais qu\u2019il \u00ab s\u2019en remettra[it] \u00e0 la d\u00e9cision de la Cour \u00bb sur cette question ; et consid\u00e9rant que l\u2019agent adjoint d\u2019Isra\u00ebl a affirm\u00e9 que, de l\u2019avis de son gouvernement, un d\u00e9lai de six mois serait suffisant pour la pr\u00e9paration, par chacune des Parties, de ses premi\u00e8res \u00e9critures<\/em>\u00ab\u00a0.<\/p>\n<p><strong>Note 10<\/strong>: Cf. (en espagnol)\u00a0<strong>BOEGLIN N.<\/strong>,\u00a0\u00ab\u00a0<em>Gaza \/ Israel: a prop\u00f3sito del anuncio del Fiscal de la Corte Penal Internacional (CPI) de solicitar \u00f3rdenes de arresto por cr\u00edmenes de guerra y de lesa humanidad<\/em>\u00ab\u00a0,\u00a0Blog Derecho InternacionalCosta Rica\u00a0edit\u00e9e le 20 mai 2024. Texte disponible\u00a0<strong><a href=\"https:\/\/derechointernacionalcr.blogspot.com\/2024\/05\/gaza-israel-fiscal-de-la-corte-penal.html\">ici<\/a><\/strong>.<\/p>\n<p><strong>Note 11<\/strong>: Cf. (en espagnol) \u00a0<strong>BOEGLIN N.<\/strong>, \u00ab\u00a0<em>Gaza \/ Israel: Corte Internacional de Justicia (CIJ) ordena a Israel suspender de inmediato su ofensiva en Rafah y abrir Gaza a investigaci\u00f3n por parte de agencias de Naciones Unidas<\/em>\u00ab\u00a0,\u00a0Blog Derecho InternacionalCosta Rica\u00a0\u00e9dit\u00e9e le 24 mai 2024. Texte disponible\u00a0<strong><a href=\"https:\/\/derechointernacionalcr.blogspot.com\/2024\/05\/gaza-israel-corte-internacional-de_24.html\">ici<\/a><\/strong>.<\/p>\n<p><strong>Note 12: <\/strong>Cf. <strong>BOEGLIN N.<\/strong>, \u00ab\u00a0<em>Gaza \/ Isra\u00ebl : \u00e0 propos de la conclusion des audiences entre l\u2019Afrique du Sud et Isra\u00ebl \u00e0 la Cour Internationale de Justice (CIJ)<\/em>\u00ab\u00a0, Blog de la <em>Soci\u00e9t\u00e9 Qu\u00e9becoise pour le Droit International<\/em> (SQDI), \u00e9dition du 24 mai 2024. Texte disponible <a href=\"https:\/\/blogue.sqdi.org\/2024\/05\/24\/gaza-israel-a-propos-de-la-conclusion-des-audiences-entre-lafrique-du-sud-et-israel-a-la-cour-internationale-de-justice-cij\/\"><strong>ici<\/strong><\/a>.<\/p>\n<p><strong>Note 13<\/strong>:\u00a0Cf. <strong>FERNANDEZ J.<\/strong>,<em> La politique juridique ext\u00e9rieure des Etats-Unis \u00e0 l\u00b4\u00e9gard de la Cour p\u00e9nale internationale<\/em>, Paris, Pedone, 2010, p. 325. Quelques d\u00e9clarations du chef de la d\u00e9l\u00e9gation \u00e9tasunienne apr\u00e8s la conf\u00e9rence de Rome de juillet 1998 sont \u00e9galement \u00e9clairantes: \u00ab\u00a0<em>En ce qui concerne Isra\u00ebl enfin, David Scheffer reconnut apr\u00e8s Rome que la d\u00e9l\u00e9gation am\u00e9ricaine avait endoss\u00e9 la crainte d\u00b4Isra\u00ebl d\u00b4\u00eatre victime d\u00b4accusations devant la future Cour en raison de sa politique dans les territoires occup\u00e9s<\/em>\u00a0\u00bb (p. 172). On lira avec int\u00e9r\u00eat la tentative des Etats-Unis d\u00b4exclure de la d\u00e9finition de crimes de guerre le \u00ab transfert par un Etat d\u00b4une partie de sa population dans un territoire qu\u00b4elle occupe \u00bb (pp. 171-172).<\/p>\n<p><strong>Note 14:\u00a0<\/strong>Le communiqu\u00e9 officiel du Costa Rica du 27 mai, post\u00e9 \u00e0 12h51, se lit comme suit (voir <strong><a href=\"https:\/\/rree.go.cr\/?sec=servicios&amp;cat=prensa&amp;cont=593&amp;id=7776\">hyperlien<\/a><\/strong>). Il est reproduit ci-dessous dans son int\u00e9gralit\u00e9 : ni le titre ni le texte de ce communiqu\u00e9 ne font express\u00e9ment r\u00e9f\u00e9rence \u00e0 Isra\u00ebl et le mot \u00ab incident \u00bb est utilis\u00e9 dans le titre. La deuxi\u00e8me phrase comporte \u00e9galement une faute d&rsquo;orthographe, ce qui invite \u00e0 penser que ce texte a \u00e9t\u00e9 \u00e9crit \u00e0 la h\u00e2te, sans r\u00e9vision de style :<\/p>\n<p><em>\u00ab\u00a0<strong>Ante ataque a campo de refugiados en Rafah, Costa Rica hace llamado a un alto al fuego inmediato, al cumplimiento de las medidas provisionales de la Corte Internacional de Justicia y a la investigaci\u00f3n del incidente<\/strong><\/em><\/p>\n<p><em>San Jos\u00e9, 27 de mayo de 2024.\u00a0Costa Rica ha recibido con consternaci\u00f3n la noticia del bombardeo sobre un campo de refugiados en Rafah, que ha causado la muerte de civiles inocentes, incluidos mujeres y ni\u00f1os, adem\u00e1s de m\u00faltiples heridos.<\/em><\/p>\n<p><em>Esto suma mayor sufrimiento a una poblaci\u00f3n varias veces desplazada, carente de las condiciones b\u00e1sicas de sobrevivencia por meses, que se encontraba en el \u00faltimo lugar donde se les hab\u00eda prometido refugio seguro.<\/em><\/p>\n<p><em>Este ataque a civiles se ha dado dos d\u00edas despu\u00e9s de que la Corte Internacional de Justicia, \u00f3rgano judicial supremo de las Naciones Unidas, emiti\u00f3 medidas cautelares de obligatorio cumplimiento en que ordenaba un alto inmediato a las operaciones terrestres y cualesquiera otras acciones en Rafah que pudieran llevar a la destrucci\u00f3n total o parcial de la poblaci\u00f3n palestina en Gaza.\u00a0<\/em><\/p>\n<p><em>Costa Rica espera una investigaci\u00f3n profunda y objetiva de este hecho con la correspondiente rendici\u00f3n de cuentas.<\/em><\/p>\n<p><em>Reiteramos una vez m\u00e1s el llamado a un alto al fuego inmediato, a la liberaci\u00f3n incondicional e inmediata de los rehenes, y al respeto y acatamiento de las normas y principios del Derecho Internacional, especialmente el Derecho Internacional Humanitario, as\u00ed como a las resoluciones relevantes del Consejo de Seguridad y a todas las medidas precautorias dictadas por la Corte Internacional de Justicia.<\/em><\/p>\n<p><em>Comunicaci\u00f3n Institucional -195-2024 CR hace llamado a un alto al fuego inmediato, al cumplimiento de las medidas provisionales de la Corte Internacional de Justicia y a la investigaci\u00f3n del incidente &#8211;\u00a0Lunes 27 de mayo de 2024<\/em>\u00ab\u00a0.<\/p>\n<p><strong>Note 15<\/strong>: Cf. par exemple,\u00a0<strong>PIETROPAOLI I.<\/strong>, \u00ab\u00a0<em>Obligations of Third States and Corporations to Prevent and Punish Genocide in Gaza<\/em>\u00ab\u00a0, <em>Bristish Institute of Interntional and Comparative Law<\/em>, 5 juin 2024.\u00a0 Texte disponible\u00a0<strong><a href=\"https:\/\/www.biicl.org\/documents\/182_obligations_of_third_states_and_corporations_to_prevent_and_punish_genocide_in_gaza.pdf\">ici<\/a><\/strong>.<\/p>\n<p>&nbsp;<\/p>\n","protected":false},"excerpt":{"rendered":"<p>Le 3 juin, la Cour Internationale de Justice (CIJ) a annonc\u00e9 dans un communiqu\u00e9 de presse qu&rsquo;elle a re\u00e7u une d\u00e9claration de la Palestine reconnaissant la comp\u00e9tence g\u00e9n\u00e9rale de la CIJ, afin d&rsquo;intervenir dans l&rsquo;affaire Afrique du Sud contre Isra\u00ebl&hellip;<\/p>\n","protected":false},"author":1329,"featured_media":2529920,"comment_status":"closed","ping_status":"closed","sticky":false,"template":"","format":"standard","meta":{"footnotes":""},"categories":[88,163,93],"tags":[107989,117586,1508,1113],"class_list":["post-2529916","post","type-post","status-publish","format-standard","has-post-thumbnail","hentry","category-amerique-centrale","category-opinion-fr","category-politique","tag-cij-fr","tag-conflit-israel-palestine","tag-gaza-fr","tag-palestine-fr"],"yoast_head":"<!-- This site is optimized with the Yoast SEO plugin v27.1.1 - https:\/\/yoast.com\/product\/yoast-seo-wordpress\/ -->\n<title>Gaza \/ Isra\u00ebl : \u00e0 propos de la d\u00e9claration de la Palestine reconnaissant la comp\u00e9tence de la CIJ et demandant \u00e0 intervenir en l&#039;affaire Afrique du Sud contre Isra\u00ebl<\/title>\n<meta name=\"description\" content=\"Le 3 juin, la Cour Internationale de Justice (CIJ) a annonc\u00e9 dans un communiqu\u00e9 de presse qu&#039;elle a re\u00e7u une d\u00e9claration de la Palestine reconnaissant la\" \/>\n<meta name=\"robots\" content=\"index, follow, max-snippet:-1, max-image-preview:large, max-video-preview:-1\" \/>\n<link rel=\"canonical\" href=\"https:\/\/www.pressenza.com\/fr\/2024\/06\/gaza-israel-a-propos-de-la-declaration-de-la-palestine-reconnaissant-la-competence-de-la-cij-et-demandant-a-intervenir-en-laffaire-afrique-du-sud-contre-israel\/\" \/>\n<meta property=\"og:locale\" content=\"fr_FR\" \/>\n<meta property=\"og:type\" content=\"article\" \/>\n<meta property=\"og:title\" content=\"Gaza \/ Isra\u00ebl : \u00e0 propos de la d\u00e9claration de la Palestine reconnaissant la comp\u00e9tence de la CIJ et demandant \u00e0 intervenir en l&#039;affaire Afrique du Sud contre Isra\u00ebl\" \/>\n<meta property=\"og:description\" content=\"Le 3 juin, la Cour Internationale de Justice (CIJ) a annonc\u00e9 dans un communiqu\u00e9 de presse qu&#039;elle a re\u00e7u une d\u00e9claration de la Palestine reconnaissant la\" \/>\n<meta property=\"og:url\" content=\"https:\/\/www.pressenza.com\/fr\/2024\/06\/gaza-israel-a-propos-de-la-declaration-de-la-palestine-reconnaissant-la-competence-de-la-cij-et-demandant-a-intervenir-en-laffaire-afrique-du-sud-contre-israel\/\" \/>\n<meta property=\"og:site_name\" content=\"Pressenza\" \/>\n<meta property=\"article:publisher\" content=\"https:\/\/www.facebook.com\/PressenzaItalia\" \/>\n<meta property=\"article:published_time\" content=\"2024-06-11T21:38:51+00:00\" \/>\n<meta property=\"og:image\" content=\"https:\/\/www.pressenza.com\/wp-content\/uploads\/2024\/06\/1080px-ICJ_South_Africa_v._Israel_Genocide_Convention.jpeg\" \/>\n\t<meta property=\"og:image:width\" content=\"820\" \/>\n\t<meta property=\"og:image:height\" content=\"547\" \/>\n\t<meta property=\"og:image:type\" content=\"image\/jpeg\" \/>\n<meta name=\"author\" content=\"Nicolas Boeglin\" \/>\n<meta name=\"twitter:card\" content=\"summary_large_image\" \/>\n<meta name=\"twitter:creator\" content=\"@PressenzaIPA\" \/>\n<meta name=\"twitter:site\" content=\"@PressenzaIPA\" \/>\n<meta name=\"twitter:label1\" content=\"\u00c9crit par\" \/>\n\t<meta name=\"twitter:data1\" content=\"Nicolas Boeglin\" \/>\n\t<meta name=\"twitter:label2\" content=\"Dur\u00e9e de lecture estim\u00e9e\" \/>\n\t<meta name=\"twitter:data2\" content=\"34 minutes\" \/>\n<script type=\"application\/ld+json\" class=\"yoast-schema-graph\">{\"@context\":\"https:\/\/schema.org\",\"@graph\":[{\"@type\":\"Article\",\"@id\":\"https:\/\/www.pressenza.com\/fr\/2024\/06\/gaza-israel-a-propos-de-la-declaration-de-la-palestine-reconnaissant-la-competence-de-la-cij-et-demandant-a-intervenir-en-laffaire-afrique-du-sud-contre-israel\/#article\",\"isPartOf\":{\"@id\":\"https:\/\/www.pressenza.com\/fr\/2024\/06\/gaza-israel-a-propos-de-la-declaration-de-la-palestine-reconnaissant-la-competence-de-la-cij-et-demandant-a-intervenir-en-laffaire-afrique-du-sud-contre-israel\/\"},\"author\":{\"name\":\"Nicolas Boeglin\",\"@id\":\"https:\/\/www.pressenza.com\/fr\/#\/schema\/person\/3166268d27b8b74a51a91eecd7b64f26\"},\"headline\":\"Gaza \/ Isra\u00ebl : \u00e0 propos de la d\u00e9claration de la Palestine reconnaissant la comp\u00e9tence de la CIJ et demandant \u00e0 intervenir en l&rsquo;affaire Afrique du Sud contre Isra\u00ebl\",\"datePublished\":\"2024-06-11T21:38:51+00:00\",\"mainEntityOfPage\":{\"@id\":\"https:\/\/www.pressenza.com\/fr\/2024\/06\/gaza-israel-a-propos-de-la-declaration-de-la-palestine-reconnaissant-la-competence-de-la-cij-et-demandant-a-intervenir-en-laffaire-afrique-du-sud-contre-israel\/\"},\"wordCount\":7137,\"publisher\":{\"@id\":\"https:\/\/www.pressenza.com\/fr\/#organization\"},\"image\":{\"@id\":\"https:\/\/www.pressenza.com\/fr\/2024\/06\/gaza-israel-a-propos-de-la-declaration-de-la-palestine-reconnaissant-la-competence-de-la-cij-et-demandant-a-intervenir-en-laffaire-afrique-du-sud-contre-israel\/#primaryimage\"},\"thumbnailUrl\":\"https:\/\/www.pressenza.com\/wp-content\/uploads\/2024\/06\/1080px-ICJ_South_Africa_v._Israel_Genocide_Convention.jpeg\",\"keywords\":[\"CIJ\",\"Conflit Isra\u00ebl Palestine\",\"Gaza\",\"Palestine\"],\"articleSection\":[\"Am\u00e9rique centrale\",\"Opinion\",\"Politique\"],\"inLanguage\":\"fr-FR\"},{\"@type\":\"WebPage\",\"@id\":\"https:\/\/www.pressenza.com\/fr\/2024\/06\/gaza-israel-a-propos-de-la-declaration-de-la-palestine-reconnaissant-la-competence-de-la-cij-et-demandant-a-intervenir-en-laffaire-afrique-du-sud-contre-israel\/\",\"url\":\"https:\/\/www.pressenza.com\/fr\/2024\/06\/gaza-israel-a-propos-de-la-declaration-de-la-palestine-reconnaissant-la-competence-de-la-cij-et-demandant-a-intervenir-en-laffaire-afrique-du-sud-contre-israel\/\",\"name\":\"Gaza \/ Isra\u00ebl : \u00e0 propos de la d\u00e9claration de la Palestine reconnaissant la comp\u00e9tence de la CIJ et demandant \u00e0 intervenir en l'affaire Afrique du Sud contre Isra\u00ebl\",\"isPartOf\":{\"@id\":\"https:\/\/www.pressenza.com\/fr\/#website\"},\"primaryImageOfPage\":{\"@id\":\"https:\/\/www.pressenza.com\/fr\/2024\/06\/gaza-israel-a-propos-de-la-declaration-de-la-palestine-reconnaissant-la-competence-de-la-cij-et-demandant-a-intervenir-en-laffaire-afrique-du-sud-contre-israel\/#primaryimage\"},\"image\":{\"@id\":\"https:\/\/www.pressenza.com\/fr\/2024\/06\/gaza-israel-a-propos-de-la-declaration-de-la-palestine-reconnaissant-la-competence-de-la-cij-et-demandant-a-intervenir-en-laffaire-afrique-du-sud-contre-israel\/#primaryimage\"},\"thumbnailUrl\":\"https:\/\/www.pressenza.com\/wp-content\/uploads\/2024\/06\/1080px-ICJ_South_Africa_v._Israel_Genocide_Convention.jpeg\",\"datePublished\":\"2024-06-11T21:38:51+00:00\",\"description\":\"Le 3 juin, la Cour Internationale de Justice (CIJ) a annonc\u00e9 dans un communiqu\u00e9 de presse qu'elle a re\u00e7u une d\u00e9claration de la Palestine reconnaissant la\",\"breadcrumb\":{\"@id\":\"https:\/\/www.pressenza.com\/fr\/2024\/06\/gaza-israel-a-propos-de-la-declaration-de-la-palestine-reconnaissant-la-competence-de-la-cij-et-demandant-a-intervenir-en-laffaire-afrique-du-sud-contre-israel\/#breadcrumb\"},\"inLanguage\":\"fr-FR\",\"potentialAction\":[{\"@type\":\"ReadAction\",\"target\":[\"https:\/\/www.pressenza.com\/fr\/2024\/06\/gaza-israel-a-propos-de-la-declaration-de-la-palestine-reconnaissant-la-competence-de-la-cij-et-demandant-a-intervenir-en-laffaire-afrique-du-sud-contre-israel\/\"]}]},{\"@type\":\"ImageObject\",\"inLanguage\":\"fr-FR\",\"@id\":\"https:\/\/www.pressenza.com\/fr\/2024\/06\/gaza-israel-a-propos-de-la-declaration-de-la-palestine-reconnaissant-la-competence-de-la-cij-et-demandant-a-intervenir-en-laffaire-afrique-du-sud-contre-israel\/#primaryimage\",\"url\":\"https:\/\/www.pressenza.com\/wp-content\/uploads\/2024\/06\/1080px-ICJ_South_Africa_v._Israel_Genocide_Convention.jpeg\",\"contentUrl\":\"https:\/\/www.pressenza.com\/wp-content\/uploads\/2024\/06\/1080px-ICJ_South_Africa_v._Israel_Genocide_Convention.jpeg\",\"width\":820,\"height\":547},{\"@type\":\"BreadcrumbList\",\"@id\":\"https:\/\/www.pressenza.com\/fr\/2024\/06\/gaza-israel-a-propos-de-la-declaration-de-la-palestine-reconnaissant-la-competence-de-la-cij-et-demandant-a-intervenir-en-laffaire-afrique-du-sud-contre-israel\/#breadcrumb\",\"itemListElement\":[{\"@type\":\"ListItem\",\"position\":1,\"name\":\"Accueil\",\"item\":\"https:\/\/www.pressenza.com\/fr\/\"},{\"@type\":\"ListItem\",\"position\":2,\"name\":\"Gaza \/ Isra\u00ebl : \u00e0 propos de la d\u00e9claration de la Palestine reconnaissant la comp\u00e9tence de la CIJ et demandant \u00e0 intervenir en l&rsquo;affaire Afrique du Sud contre Isra\u00ebl\"}]},{\"@type\":\"WebSite\",\"@id\":\"https:\/\/www.pressenza.com\/fr\/#website\",\"url\":\"https:\/\/www.pressenza.com\/fr\/\",\"name\":\"Pressenza\",\"description\":\"International Press Agency\",\"publisher\":{\"@id\":\"https:\/\/www.pressenza.com\/fr\/#organization\"},\"potentialAction\":[{\"@type\":\"SearchAction\",\"target\":{\"@type\":\"EntryPoint\",\"urlTemplate\":\"https:\/\/www.pressenza.com\/fr\/?s={search_term_string}\"},\"query-input\":{\"@type\":\"PropertyValueSpecification\",\"valueRequired\":true,\"valueName\":\"search_term_string\"}}],\"inLanguage\":\"fr-FR\"},{\"@type\":\"Organization\",\"@id\":\"https:\/\/www.pressenza.com\/fr\/#organization\",\"name\":\"Pressenza\",\"url\":\"https:\/\/www.pressenza.com\/fr\/\",\"logo\":{\"@type\":\"ImageObject\",\"inLanguage\":\"fr-FR\",\"@id\":\"https:\/\/www.pressenza.com\/fr\/#\/schema\/logo\/image\/\",\"url\":\"https:\/\/www.pressenza.com\/wp-content\/uploads\/2022\/10\/pressenza_logo_200x200.jpg\",\"contentUrl\":\"https:\/\/www.pressenza.com\/wp-content\/uploads\/2022\/10\/pressenza_logo_200x200.jpg\",\"width\":200,\"height\":200,\"caption\":\"Pressenza\"},\"image\":{\"@id\":\"https:\/\/www.pressenza.com\/fr\/#\/schema\/logo\/image\/\"},\"sameAs\":[\"https:\/\/www.facebook.com\/PressenzaItalia\",\"https:\/\/x.com\/PressenzaIPA\"]},{\"@type\":\"Person\",\"@id\":\"https:\/\/www.pressenza.com\/fr\/#\/schema\/person\/3166268d27b8b74a51a91eecd7b64f26\",\"name\":\"Nicolas Boeglin\",\"description\":\"Nicolas Boeglin, Professor of International Law, Law Faculty, University of Costa Rica (UCR). Contact : nboeglin@gmail.com\",\"url\":\"https:\/\/www.pressenza.com\/fr\/author\/nicolas-boeglin\/\"}]}<\/script>\n<!-- \/ Yoast SEO plugin. -->","yoast_head_json":{"title":"Gaza \/ Isra\u00ebl : \u00e0 propos de la d\u00e9claration de la Palestine reconnaissant la comp\u00e9tence de la CIJ et demandant \u00e0 intervenir en l'affaire Afrique du Sud contre Isra\u00ebl","description":"Le 3 juin, la Cour Internationale de Justice (CIJ) a annonc\u00e9 dans un communiqu\u00e9 de presse qu'elle a re\u00e7u une d\u00e9claration de la Palestine reconnaissant la","robots":{"index":"index","follow":"follow","max-snippet":"max-snippet:-1","max-image-preview":"max-image-preview:large","max-video-preview":"max-video-preview:-1"},"canonical":"https:\/\/www.pressenza.com\/fr\/2024\/06\/gaza-israel-a-propos-de-la-declaration-de-la-palestine-reconnaissant-la-competence-de-la-cij-et-demandant-a-intervenir-en-laffaire-afrique-du-sud-contre-israel\/","og_locale":"fr_FR","og_type":"article","og_title":"Gaza \/ Isra\u00ebl : \u00e0 propos de la d\u00e9claration de la Palestine reconnaissant la comp\u00e9tence de la CIJ et demandant \u00e0 intervenir en l'affaire Afrique du Sud contre Isra\u00ebl","og_description":"Le 3 juin, la Cour Internationale de Justice (CIJ) a annonc\u00e9 dans un communiqu\u00e9 de presse qu'elle a re\u00e7u une d\u00e9claration de la Palestine reconnaissant la","og_url":"https:\/\/www.pressenza.com\/fr\/2024\/06\/gaza-israel-a-propos-de-la-declaration-de-la-palestine-reconnaissant-la-competence-de-la-cij-et-demandant-a-intervenir-en-laffaire-afrique-du-sud-contre-israel\/","og_site_name":"Pressenza","article_publisher":"https:\/\/www.facebook.com\/PressenzaItalia","article_published_time":"2024-06-11T21:38:51+00:00","og_image":[{"width":820,"height":547,"url":"https:\/\/www.pressenza.com\/wp-content\/uploads\/2024\/06\/1080px-ICJ_South_Africa_v._Israel_Genocide_Convention.jpeg","type":"image\/jpeg"}],"author":"Nicolas Boeglin","twitter_card":"summary_large_image","twitter_creator":"@PressenzaIPA","twitter_site":"@PressenzaIPA","twitter_misc":{"\u00c9crit par":"Nicolas Boeglin","Dur\u00e9e de lecture estim\u00e9e":"34 minutes"},"schema":{"@context":"https:\/\/schema.org","@graph":[{"@type":"Article","@id":"https:\/\/www.pressenza.com\/fr\/2024\/06\/gaza-israel-a-propos-de-la-declaration-de-la-palestine-reconnaissant-la-competence-de-la-cij-et-demandant-a-intervenir-en-laffaire-afrique-du-sud-contre-israel\/#article","isPartOf":{"@id":"https:\/\/www.pressenza.com\/fr\/2024\/06\/gaza-israel-a-propos-de-la-declaration-de-la-palestine-reconnaissant-la-competence-de-la-cij-et-demandant-a-intervenir-en-laffaire-afrique-du-sud-contre-israel\/"},"author":{"name":"Nicolas Boeglin","@id":"https:\/\/www.pressenza.com\/fr\/#\/schema\/person\/3166268d27b8b74a51a91eecd7b64f26"},"headline":"Gaza \/ Isra\u00ebl : \u00e0 propos de la d\u00e9claration de la Palestine reconnaissant la comp\u00e9tence de la CIJ et demandant \u00e0 intervenir en l&rsquo;affaire Afrique du Sud contre Isra\u00ebl","datePublished":"2024-06-11T21:38:51+00:00","mainEntityOfPage":{"@id":"https:\/\/www.pressenza.com\/fr\/2024\/06\/gaza-israel-a-propos-de-la-declaration-de-la-palestine-reconnaissant-la-competence-de-la-cij-et-demandant-a-intervenir-en-laffaire-afrique-du-sud-contre-israel\/"},"wordCount":7137,"publisher":{"@id":"https:\/\/www.pressenza.com\/fr\/#organization"},"image":{"@id":"https:\/\/www.pressenza.com\/fr\/2024\/06\/gaza-israel-a-propos-de-la-declaration-de-la-palestine-reconnaissant-la-competence-de-la-cij-et-demandant-a-intervenir-en-laffaire-afrique-du-sud-contre-israel\/#primaryimage"},"thumbnailUrl":"https:\/\/www.pressenza.com\/wp-content\/uploads\/2024\/06\/1080px-ICJ_South_Africa_v._Israel_Genocide_Convention.jpeg","keywords":["CIJ","Conflit Isra\u00ebl Palestine","Gaza","Palestine"],"articleSection":["Am\u00e9rique centrale","Opinion","Politique"],"inLanguage":"fr-FR"},{"@type":"WebPage","@id":"https:\/\/www.pressenza.com\/fr\/2024\/06\/gaza-israel-a-propos-de-la-declaration-de-la-palestine-reconnaissant-la-competence-de-la-cij-et-demandant-a-intervenir-en-laffaire-afrique-du-sud-contre-israel\/","url":"https:\/\/www.pressenza.com\/fr\/2024\/06\/gaza-israel-a-propos-de-la-declaration-de-la-palestine-reconnaissant-la-competence-de-la-cij-et-demandant-a-intervenir-en-laffaire-afrique-du-sud-contre-israel\/","name":"Gaza \/ Isra\u00ebl : \u00e0 propos de la d\u00e9claration de la Palestine reconnaissant la comp\u00e9tence de la CIJ et demandant \u00e0 intervenir en l'affaire Afrique du Sud contre Isra\u00ebl","isPartOf":{"@id":"https:\/\/www.pressenza.com\/fr\/#website"},"primaryImageOfPage":{"@id":"https:\/\/www.pressenza.com\/fr\/2024\/06\/gaza-israel-a-propos-de-la-declaration-de-la-palestine-reconnaissant-la-competence-de-la-cij-et-demandant-a-intervenir-en-laffaire-afrique-du-sud-contre-israel\/#primaryimage"},"image":{"@id":"https:\/\/www.pressenza.com\/fr\/2024\/06\/gaza-israel-a-propos-de-la-declaration-de-la-palestine-reconnaissant-la-competence-de-la-cij-et-demandant-a-intervenir-en-laffaire-afrique-du-sud-contre-israel\/#primaryimage"},"thumbnailUrl":"https:\/\/www.pressenza.com\/wp-content\/uploads\/2024\/06\/1080px-ICJ_South_Africa_v._Israel_Genocide_Convention.jpeg","datePublished":"2024-06-11T21:38:51+00:00","description":"Le 3 juin, la Cour Internationale de Justice (CIJ) a annonc\u00e9 dans un communiqu\u00e9 de presse qu'elle a re\u00e7u une d\u00e9claration de la Palestine reconnaissant la","breadcrumb":{"@id":"https:\/\/www.pressenza.com\/fr\/2024\/06\/gaza-israel-a-propos-de-la-declaration-de-la-palestine-reconnaissant-la-competence-de-la-cij-et-demandant-a-intervenir-en-laffaire-afrique-du-sud-contre-israel\/#breadcrumb"},"inLanguage":"fr-FR","potentialAction":[{"@type":"ReadAction","target":["https:\/\/www.pressenza.com\/fr\/2024\/06\/gaza-israel-a-propos-de-la-declaration-de-la-palestine-reconnaissant-la-competence-de-la-cij-et-demandant-a-intervenir-en-laffaire-afrique-du-sud-contre-israel\/"]}]},{"@type":"ImageObject","inLanguage":"fr-FR","@id":"https:\/\/www.pressenza.com\/fr\/2024\/06\/gaza-israel-a-propos-de-la-declaration-de-la-palestine-reconnaissant-la-competence-de-la-cij-et-demandant-a-intervenir-en-laffaire-afrique-du-sud-contre-israel\/#primaryimage","url":"https:\/\/www.pressenza.com\/wp-content\/uploads\/2024\/06\/1080px-ICJ_South_Africa_v._Israel_Genocide_Convention.jpeg","contentUrl":"https:\/\/www.pressenza.com\/wp-content\/uploads\/2024\/06\/1080px-ICJ_South_Africa_v._Israel_Genocide_Convention.jpeg","width":820,"height":547},{"@type":"BreadcrumbList","@id":"https:\/\/www.pressenza.com\/fr\/2024\/06\/gaza-israel-a-propos-de-la-declaration-de-la-palestine-reconnaissant-la-competence-de-la-cij-et-demandant-a-intervenir-en-laffaire-afrique-du-sud-contre-israel\/#breadcrumb","itemListElement":[{"@type":"ListItem","position":1,"name":"Accueil","item":"https:\/\/www.pressenza.com\/fr\/"},{"@type":"ListItem","position":2,"name":"Gaza \/ Isra\u00ebl : \u00e0 propos de la d\u00e9claration de la Palestine reconnaissant la comp\u00e9tence de la CIJ et demandant \u00e0 intervenir en l&rsquo;affaire Afrique du Sud contre Isra\u00ebl"}]},{"@type":"WebSite","@id":"https:\/\/www.pressenza.com\/fr\/#website","url":"https:\/\/www.pressenza.com\/fr\/","name":"Pressenza","description":"International Press Agency","publisher":{"@id":"https:\/\/www.pressenza.com\/fr\/#organization"},"potentialAction":[{"@type":"SearchAction","target":{"@type":"EntryPoint","urlTemplate":"https:\/\/www.pressenza.com\/fr\/?s={search_term_string}"},"query-input":{"@type":"PropertyValueSpecification","valueRequired":true,"valueName":"search_term_string"}}],"inLanguage":"fr-FR"},{"@type":"Organization","@id":"https:\/\/www.pressenza.com\/fr\/#organization","name":"Pressenza","url":"https:\/\/www.pressenza.com\/fr\/","logo":{"@type":"ImageObject","inLanguage":"fr-FR","@id":"https:\/\/www.pressenza.com\/fr\/#\/schema\/logo\/image\/","url":"https:\/\/www.pressenza.com\/wp-content\/uploads\/2022\/10\/pressenza_logo_200x200.jpg","contentUrl":"https:\/\/www.pressenza.com\/wp-content\/uploads\/2022\/10\/pressenza_logo_200x200.jpg","width":200,"height":200,"caption":"Pressenza"},"image":{"@id":"https:\/\/www.pressenza.com\/fr\/#\/schema\/logo\/image\/"},"sameAs":["https:\/\/www.facebook.com\/PressenzaItalia","https:\/\/x.com\/PressenzaIPA"]},{"@type":"Person","@id":"https:\/\/www.pressenza.com\/fr\/#\/schema\/person\/3166268d27b8b74a51a91eecd7b64f26","name":"Nicolas Boeglin","description":"Nicolas Boeglin, Professor of International Law, Law Faculty, University of Costa Rica (UCR). Contact : nboeglin@gmail.com","url":"https:\/\/www.pressenza.com\/fr\/author\/nicolas-boeglin\/"}]}},"place":"Costa Rica","original_article_url":"","_links":{"self":[{"href":"https:\/\/www.pressenza.com\/fr\/wp-json\/wp\/v2\/posts\/2529916","targetHints":{"allow":["GET"]}}],"collection":[{"href":"https:\/\/www.pressenza.com\/fr\/wp-json\/wp\/v2\/posts"}],"about":[{"href":"https:\/\/www.pressenza.com\/fr\/wp-json\/wp\/v2\/types\/post"}],"author":[{"embeddable":true,"href":"https:\/\/www.pressenza.com\/fr\/wp-json\/wp\/v2\/users\/1329"}],"replies":[{"embeddable":true,"href":"https:\/\/www.pressenza.com\/fr\/wp-json\/wp\/v2\/comments?post=2529916"}],"version-history":[{"count":0,"href":"https:\/\/www.pressenza.com\/fr\/wp-json\/wp\/v2\/posts\/2529916\/revisions"}],"wp:featuredmedia":[{"embeddable":true,"href":"https:\/\/www.pressenza.com\/fr\/wp-json\/wp\/v2\/media\/2529920"}],"wp:attachment":[{"href":"https:\/\/www.pressenza.com\/fr\/wp-json\/wp\/v2\/media?parent=2529916"}],"wp:term":[{"taxonomy":"category","embeddable":true,"href":"https:\/\/www.pressenza.com\/fr\/wp-json\/wp\/v2\/categories?post=2529916"},{"taxonomy":"post_tag","embeddable":true,"href":"https:\/\/www.pressenza.com\/fr\/wp-json\/wp\/v2\/tags?post=2529916"}],"curies":[{"name":"wp","href":"https:\/\/api.w.org\/{rel}","templated":true}]}}