{"id":2528188,"date":"2024-06-02T18:41:41","date_gmt":"2024-06-02T17:41:41","guid":{"rendered":"https:\/\/www.pressenza.com\/?p=2528188"},"modified":"2024-06-02T18:41:41","modified_gmt":"2024-06-02T17:41:41","slug":"crise-finale-et-opportunite-dans-le-moment-actuel-de-notre-civilisation","status":"publish","type":"post","link":"https:\/\/www.pressenza.com\/fr\/2024\/06\/crise-finale-et-opportunite-dans-le-moment-actuel-de-notre-civilisation\/","title":{"rendered":"Crise finale et opportunit\u00e9  dans le moment actuel de notre civilisation"},"content":{"rendered":"<blockquote><p><em>L&rsquo;objectif de ce document est de fournir une vision de la situation mondiale actuelle et d&rsquo;inviter \u00e0 la r\u00e9flexion et \u00e0 l&rsquo;action. L&rsquo;urgence et les int\u00e9r\u00eats particuliers des diff\u00e9rents groupes, organisations et pays emp\u00eachent g\u00e9n\u00e9ralement que l\u2019analyse et les perspectives soient r\u00e9alis\u00e9es avec clart\u00e9.<\/em><\/p><\/blockquote>\n<p>Par Pablo Fernandez Martino, Jano Arrechea, Victor Piccininni. <a href=\"https:\/\/www.parquelareja.org\/\">Parcs d\u2019\u00c9tude et de R\u00e9flexion La Reja<\/a>, Groupe d\u2019\u00c9tude &#8211; D\u00e9cembre 2015<\/p>\n<p><em><strong>Note introductive<\/strong><\/em><\/p>\n<p><em>La r\u00e9daction de ce document a d\u00e9but\u00e9 \u00e0 la mi-2015 et s&rsquo;est achev\u00e9e en d\u00e9cembre de la m\u00eame ann\u00e9e. Le document a servi de base \u00e0 la pr\u00e9paration d&rsquo;un \u00ab\u00a0M\u00e9morandum\u00a0\u00bb qui a \u00e9t\u00e9 remis en main propre (versions espagnole et anglaise) \u00e0 plus d&rsquo;une centaine d&rsquo;ambassades et de repr\u00e9sentations d&rsquo;organisations internationales en Argentine, entre ao\u00fbt et novembre 2016. Suite \u00e0 cette diffusion, nous rendons ce texte public et disponible.<\/em><\/p>\n<p>&nbsp;<\/p>\n<p>Tous les gouvernements, les organisations internationales et les citoyens s&rsquo;accordent \u00e0 dire qu&rsquo;une crise humanitaire mondiale, marqu\u00e9e par une augmentation de la violence et de la souffrance dans toutes ses manifestations, frappe durement la plan\u00e8te. Les r\u00e9ponses, les solutions et les cons\u00e9quences possibles de cette crise diff\u00e8rent selon les secteurs, les int\u00e9r\u00eats et les parties en pr\u00e9sence.<\/p>\n<p>Les analyses de ces questions inondent les m\u00e9dias et les rapports mondiaux de nombreuses organisations. Mais pour diverses raisons, il semble que l&rsquo;on ne remarque pas ce qui reste cach\u00e9 derri\u00e8re les \u00e9v\u00e9nements mentionn\u00e9s.<\/p>\n<p>Il est tr\u00e8s difficile de d\u00e9crire la crise actuelle en pr\u00e9tendant couvrir tous les points de vue possibles. De nouvelles relations \u00e9mergent constamment entre toutes les composantes du moment pr\u00e9sent. Beaucoup de ces d\u00e9veloppements peuvent \u00eatre consid\u00e9r\u00e9s comme non pertinents, mais comment savoir s&rsquo;ils le sont ou s&rsquo;ils auront une influence s\u00e9rieuse sur l&rsquo;avenir imm\u00e9diat ou \u00e0 moyen terme ?<\/p>\n<p>Existe-t-il des mod\u00e8les permettant de pr\u00e9voir les \u00e9v\u00e9nements et leur direction ? Allons-nous vers l&rsquo;impensable ou l&rsquo;avenir est-il impensable ?<\/p>\n<p>Nous partons simplement du principe que nous sommes plong\u00e9s dans un monde en proie \u00e0 de fortes mutations, non seulement tr\u00e8s rapides, mais aussi impr\u00e9visibles dans de nombreux cas. En essayant de nous d\u00e9pouiller de toute autre consid\u00e9ration, nous pouvons affirmer que toute cette acc\u00e9l\u00e9ration et cette impr\u00e9visibilit\u00e9 laissent le monde et la soci\u00e9t\u00e9 globale d&rsquo;aujourd&rsquo;hui dans un <strong>\u00e9tat de grande \u00ab\u00a0instabilit\u00e9\u00a0\u00bb<\/strong>.<\/p>\n<p>Si nous supposons que tout le monde se trouve dans un certain degr\u00e9 d&rsquo;instabilit\u00e9, <strong>quelle direction les \u00e9v\u00e9nements prendront-ils, quel type de r\u00e9ponse est et sera le plus appropri\u00e9 ?<\/strong><\/p>\n<p>Il s&rsquo;agit ici d&rsquo;un regard et d&rsquo;une r\u00e9flexion d\u00e9nu\u00e9s d&rsquo;int\u00e9r\u00eats politiques particuliers et men\u00e9s \u00e0 partir d&rsquo;un Centre d&rsquo;\u00c9tudes engag\u00e9 dans la tentative d\u2019\u00e9volution de l\u2019humanit\u00e9.<\/p>\n<p>&nbsp;<\/p>\n<p><strong>1. Le processus social actuel et la possibilit\u00e9 d&rsquo;une explosion psychosociale.<\/strong><\/p>\n<p>Un ordre mondial marqu\u00e9 par la d\u00e9pendance du tout social \u00e0 l&rsquo;\u00e9gard de la voracit\u00e9 du capital financier s&rsquo;est r\u00e9pandu dans le monde entier, ind\u00e9pendamment du signe id\u00e9ologique de chaque pays. C&rsquo;est l&#8217;empire de l&rsquo;argent sur toutes les autres valeurs humaines.<\/p>\n<p style=\"padding-left: 40px;\">\u2022 L&rsquo;avanc\u00e9e de ce syst\u00e8me \u00e9conomique fait des ravages, cr\u00e9ant des situations inhumaines en termes d&rsquo;alimentation, d&rsquo;\u00e9ducation et de sant\u00e9 pour une grande partie de la population mondiale.<\/p>\n<p style=\"padding-left: 40px;\">\u2022 De grandes vagues r\u00e9gionales de migration, motiv\u00e9es par des conditions de vie inhumaines et\/ou des conflits arm\u00e9s, se multiplient dans diff\u00e9rentes r\u00e9gions du monde (de l&rsquo;Afrique vers l&rsquo;Europe, du Moyen-Orient vers l&rsquo;Europe ou d&rsquo;autres pays voisins, de l&rsquo;Am\u00e9rique centrale vers l&rsquo;Am\u00e9rique du Nord, pour ne citer que quelques exemples).<\/p>\n<p style=\"padding-left: 40px;\">\u2022 L&rsquo;\u00e9mergence et le renforcement de groupes fondamentalistes de diff\u00e9rentes ob\u00e9diences id\u00e9ologiques et religieuses multiplient les situations de conflits arm\u00e9s r\u00e9gionaux et internes.<\/p>\n<p style=\"padding-left: 40px;\">\u2022 Le danger d&rsquo;une catastrophe nucl\u00e9aire reste latent alors que les conflits conventionnels se multiplient en Afrique, en Asie et en Europe.<\/p>\n<p style=\"padding-left: 40px;\">\u2022 L&rsquo;utilisation d&rsquo;armes personnelles augmente au sein des soci\u00e9t\u00e9s et les attaques arm\u00e9es par des individus isol\u00e9s contre des populations civiles se multiplient.<\/p>\n<p style=\"padding-left: 40px;\">\u2022 La recherche sur le d\u00e9veloppement d&rsquo;armes \u00e0 \u00ab\u00a0intelligence virtuelle\u00a0\u00bb se d\u00e9veloppe.<\/p>\n<p style=\"padding-left: 40px;\">\u2022 L&rsquo;alcoolisme, la toxicomanie, les maladies mentales, les d\u00e9r\u00e8glements mentaux violents et le suicide sont en augmentation.<\/p>\n<p style=\"padding-left: 40px;\">\u2022 L&rsquo;extr\u00e9misme personnel et collectif se traduit par des massacres et des exterminations (attaques arm\u00e9es contre des \u00e9coles, des \u00e9difices religieux et des lieux publics dans divers pays sur tous les continents).<\/p>\n<p style=\"padding-left: 40px;\">\u2022 Le m\u00e9contentement personnel et social s&rsquo;accro\u00eet dans tous les pays et le rejet des organisations sociales et politiques nationales et internationales se multiplie.<\/p>\n<p style=\"padding-left: 40px;\">\u2022 Des explosions psychosociales comme r\u00e9ponse collective \u00e0 une situation de d\u00e9sillusion globale commencent \u00e0 se d\u00e9velopper et \u00e0 se manifester au sein des soci\u00e9t\u00e9s, ind\u00e9pendamment du signe id\u00e9ologique ou de la situation \u00e9conomique<br \/>\nqui les affecte (le \u00ab\u00a0Printemps arabe\u00a0\u00bb en Afrique et en Asie, les mobilisations des \u00ab\u00a0Indign\u00e9s\u00a0\u00bb en Espagne, en Italie, en France, en Angleterre, en Gr\u00e8ce, au Br\u00e9sil, au Mexique et dans d&rsquo;autres pays).<\/p>\n<p>Ces situations observ\u00e9es dans la soci\u00e9t\u00e9 actuelle s&rsquo;acc\u00e9l\u00e8rent de jour en jour et ne refl\u00e8tent pas seulement un processus de d\u00e9structuration et de crise sociale globale, mais sont \u00e9galement le corr\u00e9lat d&rsquo;un processus de crise, de d\u00e9bordement et de transformation interne qui op\u00e8re dans la conscience des \u00eatres humains qui habitent cette plan\u00e8te.<br \/>\nLes d\u00e9bordements psychiques individuels et les d\u00e9s\u00e9quilibres et crises sociales ont une racine commune. Ce sont des aspects diff\u00e9rents d&rsquo;un m\u00eame ph\u00e9nom\u00e8ne : <strong>la crise finale d&rsquo;un type de civilisation.<\/strong><\/p>\n<p><strong>En synth\u00e8se<\/strong><\/p>\n<p><em>Les d\u00e9sillusions se multiplient. Les explosions et les d\u00e9bordements psychiques personnels et sociaux ont tendance \u00e0 cro\u00eetre de mani\u00e8re exponentielle.<\/em><br \/>\n<em>La violence arm\u00e9e et la souffrance humaine augmentent sous toutes les latitudes. Ces expressions nous montrent la crise de la civilisation actuelle qui, pour la premi\u00e8re fois dans l&rsquo;histoire de l&rsquo;humanit\u00e9, interagit et s&rsquo;interconnecte \u00e0 l&rsquo;\u00e9chelle mondiale. Tout est mondialis\u00e9 et, en m\u00eame temps, tout ce qui a \u00e9t\u00e9 \u00e9tabli est en train d&rsquo;\u00eatre d\u00e9mantel\u00e9. Une dangereuse \u00ab\u00a0instabilit\u00e9\u00a0\u00bb balaie la plan\u00e8te.<\/em><\/p>\n<p>En m\u00eame temps, pour la premi\u00e8re fois dans l&rsquo;histoire de l&rsquo;humanit\u00e9, les possibilit\u00e9s scientifiques, mat\u00e9rielles et technologiques pour satisfaire les besoins humains en mati\u00e8re d&rsquo;alimentation, de sant\u00e9 et de bien-\u00eatre pour toutes les r\u00e9gions et tous les habitants de la plan\u00e8te sont disponibles. Tel est le paradoxe absurde de la situation mondiale actuelle.<\/p>\n<p>&nbsp;<\/p>\n<p><strong>2. Les orientations possibles du processus.<\/strong><\/p>\n<p>Comme dans d&rsquo;autres p\u00e9riodes de crise, le processus humain peut prendre des voies diff\u00e9rentes en fonction des forces et des intentions \u00e0 l&rsquo;\u0153uvre. Mais cette fois-ci, contrairement aux crises des civilisations isol\u00e9es pr\u00e9c\u00e9dentes, compte tenu de la mondialisation et de l&rsquo;interconnexion croissantes, la direction que prendra le processus affectera l&rsquo;ensemble de l&rsquo;humanit\u00e9.<\/p>\n<p>En termes simples, le dilemme est le suivant : <em>\u00ab Soit l&rsquo;humanit\u00e9 est entra\u00een\u00e9e dans une m\u00e9canique absurde et destructrice dont l&rsquo;issue est difficilement pr\u00e9visible, soit elle entend donner une autre direction et un autre sens aux \u00e9v\u00e9nements \u00bb.<\/em><\/p>\n<p><u><strong>La premi\u00e8re option<\/strong>,<\/u> dont l&rsquo;orientation est clairement destructrice et d\u00e9shumanisante, conduira \u00e0 la situation suivante :<\/p>\n<p style=\"padding-left: 40px;\">\u2022 La concentration du grand capital mondial continuera de cro\u00eetre jusqu&rsquo;\u00e0 son effondrement final.<\/p>\n<p style=\"padding-left: 40px;\">\u2022 Un syst\u00e8me ferm\u00e9 sans direction de changement conduira \u00e0 la croissance convulsive des migrations, de la famine, des guerres et des luttes sans fin, de l&rsquo;ins\u00e9curit\u00e9 quotidienne, du chaos, de l&rsquo;injustice, de la restriction de la libert\u00e9 et du triomphe de nouveaux obscurantismes.<\/p>\n<p style=\"padding-left: 40px;\">\u2022 Dans ce syst\u00e8me ferm\u00e9, on ne peut s&rsquo;attendre qu&rsquo;\u00e0 une m\u00e9canique de d\u00e9sordre g\u00e9n\u00e9ral, et cette orientation regrettable fera reculer l&rsquo;horloge de l&rsquo;Histoire.<\/p>\n<p>Une erreur courante consiste \u00e0 essayer d&rsquo;expliquer ces situations comme de simples \u00e9v\u00e9nements politiques, \u00e9conomiques ou sociaux, en suivant les vieilles th\u00e9ories de \u00ab\u00a0causes \u00e0 effets\u00a0\u00bb. On ne comprend pas qu&rsquo;il s&rsquo;agit de la manifestation ext\u00e9rieure d&rsquo;un processus profond et global de crise de la civilisation actuelle.<\/p>\n<p><strong><u>La seconde option<\/u><\/strong> consiste \u00e0 transformer et \u00e0 r\u00e9volutionner le syst\u00e8me et ses institutions, en l&rsquo;ouvrant \u00e0 la diversit\u00e9 des besoins et des aspirations humaines.<\/p>\n<p>Qu&rsquo;est-ce que cela signifie ? Fondamentalement, cela signifie subordonner les paradigmes actuels du pouvoir et de la richesse \u00e0 ceux de l&rsquo;\u00e9tablissement d&rsquo;une soci\u00e9t\u00e9 humaine qui met toutes ses ressources au service de la sant\u00e9 et de l&rsquo;\u00e9ducation pour tous les habitants de la plan\u00e8te.<\/p>\n<p><em>\u00ab Si l\u2019on consid\u00e8re tout en fonction de la sant\u00e9 et l&rsquo;\u00e9ducation, les probl\u00e8mes \u00e9conomiques et <\/em><em>technologiques tr\u00e8s complexes de la soci\u00e9t\u00e9 actuelle pourront \u00eatre trait\u00e9s dans un cadre correct. \u00bb<\/em>[1]<\/p>\n<p>Cette orientation \u00ab\u00a0humaniste\u00a0\u00bb des \u00e9v\u00e9nements place \u00ab\u00a0l&rsquo;\u00eatre humain comme valeur centrale\u00a0\u00bb au-dessus de toutes autres valeurs (argent, religion, race ou \u00c9tat).<\/p>\n<p>De mani\u00e8re plus urgente et afin d\u2019\u00e9viter une catastrophe nucl\u00e9aire, il s&rsquo;agit de poursuivre le d\u00e9mant\u00e8lement des arsenaux nucl\u00e9aires existants.<\/p>\n<p><strong>Cette voie na\u00eet de la r\u00e9flexion et de la reconnaissance du non-sens du processus actuel, et un changement de direction est recherch\u00e9 en utilisant les aspects les plus positifs du moment pr\u00e9sent (l\u2019exp\u00e9rience historique, les progr\u00e8s technologiques, l\u2019intercommunication mondiale, l\u2019interculturalit\u00e9 et mondialisation croissante).<\/strong><\/p>\n<p>&nbsp;<\/p>\n<p><strong>3. Une direction \u00e9volutive : la nation humaine universelle.<\/strong><\/p>\n<p><strong>La crise actuelle est aussi une possibilit\u00e9.<\/strong> La possibilit\u00e9 que les diff\u00e9rents pays, organisations et leaders mondiaux poussent \u00e0 un changement de cap et convergent, avec des avanc\u00e9es et des reculs, vers une soci\u00e9t\u00e9 mondialis\u00e9e qui tend \u00e0 pr\u00e9server et \u00e0 d\u00e9velopper la paix, la non-violence et le bien-\u00eatre pour tous les \u00eatres humains de la plan\u00e8te.<\/p>\n<p>Des indicateurs existent d\u00e9j\u00e0 et les signes possibles de cette \u00ab\u00a0nouvelle soci\u00e9t\u00e9\u00a0\u00bb se profilent \u00e0 l&rsquo;horizon :<\/p>\n<p style=\"padding-left: 40px;\">\u2022 Les avanc\u00e9es scientifiques et technologiques dans tous les domaines permettent de pr\u00e9dire la victoire sur les maladies et l&rsquo;am\u00e9lioration de la qualit\u00e9 de vie des populations du monde entier.<\/p>\n<p style=\"padding-left: 40px;\">\u2022 Les ressources mondiales en mati\u00e8re d&rsquo;alimentation et d&rsquo;infrastructures permettraient d&rsquo;assurer une alimentation, une sant\u00e9 et une \u00e9ducation ad\u00e9quates \u00e0 tous les habitants de la plan\u00e8te.<\/p>\n<p style=\"padding-left: 40px;\">\u2022 Les voyages spatiaux et l&rsquo;exploration de l&rsquo;espace nous mettent sur la voie de la d\u00e9couverte de la vie et de l&rsquo;intelligence ailleurs dans le cosmos.<\/p>\n<p style=\"padding-left: 40px;\">\u2022 La non-violence en tant que m\u00e9thodologie d&rsquo;action face aux conflits est exprim\u00e9e comme une r\u00e9ponse commune dans de nombreuses luttes sociales permanentes des nouvelles g\u00e9n\u00e9rations, manifestant ainsi leur rejet des pratiques violentes et la distance qu\u2019elles prennent avec elles.<\/p>\n<p style=\"padding-left: 40px;\">\u2022 L&rsquo;intercommunication mondiale et le d\u00e9passement des vieux pr\u00e9jug\u00e9s permettent la croissance d&rsquo;une interculturalit\u00e9 qui s&rsquo;\u00e9tend \u00e0 tous les champs de la culture humaine.<\/p>\n<p style=\"padding-left: 40px;\">\u2022 La cr\u00e9ation d&rsquo;une \u00ab\u00a0vie artificielle\u00a0\u00bb ouvre l\u2019horizon humain \u00e0 des r\u00e9gions impossibles \u00e0 imaginer aujourd&rsquo;hui.<\/p>\n<p style=\"padding-left: 40px;\">\u2022 Dans toutes les r\u00e9gions, des \u00eatres humains d\u00e9sabus\u00e9s dans leur profonde int\u00e9riorit\u00e9 recherchent et d\u00e9veloppent de nouvelles formes de spiritualit\u00e9 qui apportent des r\u00e9ponses \u00e0 leurs questionnements les plus profonds. Une nouvelle forme de spiritualit\u00e9 est en train de na\u00eetre.<\/p>\n<p><strong>Le corr\u00e9lat de tout ce processus pourrait conduire \u00e0 l&rsquo;\u00e9tablissement de la premi\u00e8re civilisation plan\u00e9taire de l&rsquo;histoire de l&rsquo;humanit\u00e9, qui prendra les caract\u00e9ristiques d&rsquo;une Nation Humaine Universelle. Une nouvelle civilisation, avec un nouveau type d&rsquo;\u00eatre humain, verra le jour.<\/strong><\/p>\n<p><strong>La discussion d&rsquo;aujourd&rsquo;hui consiste donc \u00e0 poser la question :<\/strong><\/p>\n<p style=\"padding-left: 40px;\"><strong>\u2022 Comment surmonter cette crise, qui pourrait faire reculer l&rsquo;Histoire de plusieurs si\u00e8cles ou mill\u00e9naires ?<\/strong><\/p>\n<p style=\"padding-left: 40px;\"><strong>\u2022 Comment donner une impulsion aux \u00ab\u00a0signaux \u00e9volutifs\u00a0\u00bb qui cherchent \u00e0 s&rsquo;exprimer et \u00e0 se d\u00e9velopper ?<\/strong><\/p>\n<p>&nbsp;<\/p>\n<p><strong>4. Action responsable de la part des individus, des organisations, des gouvernements et des dirigeants mondiaux.<\/strong><\/p>\n<p>Du point de vue expos\u00e9 dans les paragraphes pr\u00e9c\u00e9dents, les actions et les d\u00e9cisions de chaque personne ou groupe, de chaque gouvernement, de chaque organisation et de chaque leader mondial dans les diff\u00e9rentes sph\u00e8res o\u00f9 ils agissent ne sont pas indiff\u00e9rentes \u00e0 l&rsquo;avenir. Chacun d&rsquo;entre eux, par ses actions et ses d\u00e9cisions, pourra faire avancer l&rsquo;Histoire dans une direction ou dans une autre : \u00ab soit pour maintenir la direction des structures actuelles, soit pour promouvoir une transformation profonde de chacune d&rsquo;entre elles \u00bb.<\/p>\n<p>La corr\u00e9lation des forces en pr\u00e9sence d\u00e9cidera en fin de compte de l&rsquo;acc\u00e9l\u00e9ration du chaos destructeur, ou du recul de la situation actuelle et, en cons\u00e9quence, du changement qui en r\u00e9sultera dans le sens de l&rsquo;humanisation.<\/p>\n<p>C&rsquo;est la raison d&rsquo;\u00eatre de ce m\u00e9morandum qui, comme nous l&rsquo;avons dit, s&rsquo;adresse simultan\u00e9ment \u00e0 plus d&rsquo;une centaine de gouvernements, d&rsquo;organisations internationales et de dirigeants du monde entier.<\/p>\n<p>Cette \u00ab\u00a0contribution\u00a0\u00bb souffre probablement d&rsquo;un certain nombre d&rsquo;erreurs et d&rsquo;oublis. Elle ne contient probablement pas d&rsquo;id\u00e9es nouvelles ou de choses qui ne sont pas d\u00e9j\u00e0 bien connues des personnes et des organisations auxquelles elle s&rsquo;adresse.<br \/>\nElle risque de devenir une nouvelle voix \u00ab criant dans le d\u00e9sert \u00bb\u2026<\/p>\n<p>Nous voulons simplement r\u00e9pondre \u00e0 la n\u00e9cessit\u00e9 d&rsquo;envoyer un \u00ab\u00a0signal\u00a0\u00bb pour encourager la r\u00e9flexion et l&rsquo;action sur ces questions urgentes.<\/p>\n<p>Il reste pour nous de premi\u00e8re importance d\u2019encourager l&rsquo;\u00e9tude, la r\u00e9flexion, l&rsquo;\u00e9change et l&rsquo;action urgente et intelligente qui collabore, \u00e0 ce moment pr\u00e9cis de l&rsquo;histoire humaine, \u00e0 l&rsquo;\u00e9volution de la soci\u00e9t\u00e9 et de la conscience humaine.<\/p>\n<p>Nous vous remercions de votre disponibilit\u00e9 et restons attentifs aux futurs \u00e9changes qui pourront \u00eatre g\u00e9n\u00e9r\u00e9s pour donner une continuit\u00e9 \u00e0 ces r\u00e9flexions et \u00e0 d&rsquo;autres propositions d&rsquo;\u00e9changes et d&rsquo;actions li\u00e9es aux th\u00e8mes expos\u00e9s ici.<\/p>\n<p>&nbsp;<\/p>\n<p><strong>Notes<\/strong><\/p>\n<p>[1] Silo, Lettres \u00e0 mes amis, Lettre 7, \u00c9ditions R\u00e9f\u00e9rences, Paris, 2004 pour la version fran\u00e7aise, p. 118. (Versions <a href=\"https:\/\/www.editions-references.com\/lettres.html\">Papier<\/a> ou <a href=\"http:\/\/silo.net\/en\/collected_works\/letters_to_my_friends\">Fichier<\/a>)<\/p>\n<p>&nbsp;<\/p>\n<p><em>Traduction de l&rsquo;espagnol, Claudie Baudoin &#8211; <a href=\"https:\/\/www.parclabelleidee.fr\/\">Parcs d\u2019\u00c9tude et de R\u00e9flexion La Belle Id\u00e9e<\/a><\/em><\/p>\n","protected":false},"excerpt":{"rendered":"<p>L&rsquo;objectif de ce document est de fournir une vision de la situation mondiale actuelle et d&rsquo;inviter \u00e0 la r\u00e9flexion et \u00e0 l&rsquo;action. L&rsquo;urgence et les int\u00e9r\u00eats particuliers des diff\u00e9rents groupes, organisations et pays emp\u00eachent g\u00e9n\u00e9ralement que l\u2019analyse et les perspectives&hellip;<\/p>\n","protected":false},"author":19,"featured_media":1842637,"comment_status":"closed","ping_status":"closed","sticky":false,"template":"","format":"standard","meta":{"footnotes":""},"categories":[11386,1246,40,1248,163,93],"tags":[73255,258,123451,112950,75267],"class_list":["post-2528188","post","type-post","status-publish","format-standard","has-post-thumbnail","hentry","category-contenu-original","category-humanisme-spiritualite","category-international-fr","category-nonviolence-sujet","category-opinion-fr","category-politique","tag-civilisation-humaine","tag-crise","tag-futur-de-lhumanite","tag-moment-actuel","tag-situation-mondiale"],"yoast_head":"<!-- This site is optimized with the Yoast SEO plugin v27.1.1 - https:\/\/yoast.com\/product\/yoast-seo-wordpress\/ -->\n<title>Crise finale et opportunit\u00e9 dans le moment actuel de notre civilisation<\/title>\n<meta name=\"description\" content=\"L&#039;objectif de ce document est de fournir une vision de la situation mondiale actuelle et d&#039;inviter \u00e0 la r\u00e9flexion et \u00e0 l&#039;action. L&#039;urgence et les int\u00e9r\u00eats\" \/>\n<meta name=\"robots\" content=\"index, follow, max-snippet:-1, max-image-preview:large, max-video-preview:-1\" \/>\n<link rel=\"canonical\" href=\"https:\/\/www.pressenza.com\/fr\/2024\/06\/crise-finale-et-opportunite-dans-le-moment-actuel-de-notre-civilisation\/\" \/>\n<meta property=\"og:locale\" content=\"fr_FR\" \/>\n<meta property=\"og:type\" content=\"article\" \/>\n<meta property=\"og:title\" content=\"Crise finale et opportunit\u00e9 dans le moment actuel de notre civilisation\" \/>\n<meta property=\"og:description\" content=\"L&#039;objectif de ce document est de fournir une vision de la situation mondiale actuelle et d&#039;inviter \u00e0 la r\u00e9flexion et \u00e0 l&#039;action. L&#039;urgence et les int\u00e9r\u00eats\" \/>\n<meta property=\"og:url\" content=\"https:\/\/www.pressenza.com\/fr\/2024\/06\/crise-finale-et-opportunite-dans-le-moment-actuel-de-notre-civilisation\/\" \/>\n<meta property=\"og:site_name\" content=\"Pressenza\" \/>\n<meta property=\"article:publisher\" content=\"https:\/\/www.facebook.com\/PressenzaItalia\" \/>\n<meta property=\"article:author\" content=\"https:\/\/www.facebook.com\/pressenza\" \/>\n<meta property=\"article:published_time\" content=\"2024-06-02T17:41:41+00:00\" \/>\n<meta property=\"og:image\" content=\"https:\/\/www.pressenza.com\/wp-content\/uploads\/2024\/04\/943a64f8-07de-4916-b144-979cf2012e4d.jpeg\" \/>\n\t<meta property=\"og:image:width\" content=\"1024\" \/>\n\t<meta property=\"og:image:height\" content=\"1024\" \/>\n\t<meta property=\"og:image:type\" content=\"image\/jpeg\" \/>\n<meta name=\"author\" content=\"Pressenza IPA\" \/>\n<meta name=\"twitter:card\" content=\"summary_large_image\" \/>\n<meta name=\"twitter:creator\" content=\"@PressenzaIPA\" \/>\n<meta name=\"twitter:site\" content=\"@PressenzaIPA\" \/>\n<meta name=\"twitter:label1\" content=\"\u00c9crit par\" \/>\n\t<meta name=\"twitter:data1\" content=\"Pressenza IPA\" \/>\n\t<meta name=\"twitter:label2\" content=\"Dur\u00e9e de lecture estim\u00e9e\" \/>\n\t<meta name=\"twitter:data2\" content=\"11 minutes\" \/>\n<script type=\"application\/ld+json\" class=\"yoast-schema-graph\">{\"@context\":\"https:\/\/schema.org\",\"@graph\":[{\"@type\":\"Article\",\"@id\":\"https:\/\/www.pressenza.com\/fr\/2024\/06\/crise-finale-et-opportunite-dans-le-moment-actuel-de-notre-civilisation\/#article\",\"isPartOf\":{\"@id\":\"https:\/\/www.pressenza.com\/fr\/2024\/06\/crise-finale-et-opportunite-dans-le-moment-actuel-de-notre-civilisation\/\"},\"author\":{\"name\":\"Pressenza IPA\",\"@id\":\"https:\/\/www.pressenza.com\/fr\/#\/schema\/person\/010e5d02bcf40965427a1289a4cc8d75\"},\"headline\":\"Crise finale et opportunit\u00e9 dans le moment actuel de notre civilisation\",\"datePublished\":\"2024-06-02T17:41:41+00:00\",\"mainEntityOfPage\":{\"@id\":\"https:\/\/www.pressenza.com\/fr\/2024\/06\/crise-finale-et-opportunite-dans-le-moment-actuel-de-notre-civilisation\/\"},\"wordCount\":2459,\"publisher\":{\"@id\":\"https:\/\/www.pressenza.com\/fr\/#organization\"},\"image\":{\"@id\":\"https:\/\/www.pressenza.com\/fr\/2024\/06\/crise-finale-et-opportunite-dans-le-moment-actuel-de-notre-civilisation\/#primaryimage\"},\"thumbnailUrl\":\"https:\/\/www.pressenza.com\/wp-content\/uploads\/2024\/04\/943a64f8-07de-4916-b144-979cf2012e4d.jpeg\",\"keywords\":[\"civilisation humaine\",\"crise\",\"futur de l'humanit\u00e9\",\"moment actuel\",\"situation mondiale\"],\"articleSection\":[\"Contenu Original\",\"Humanisme et Spiritualit\u00e9\",\"International\",\"Non-violence\",\"Opinion\",\"Politique\"],\"inLanguage\":\"fr-FR\"},{\"@type\":\"WebPage\",\"@id\":\"https:\/\/www.pressenza.com\/fr\/2024\/06\/crise-finale-et-opportunite-dans-le-moment-actuel-de-notre-civilisation\/\",\"url\":\"https:\/\/www.pressenza.com\/fr\/2024\/06\/crise-finale-et-opportunite-dans-le-moment-actuel-de-notre-civilisation\/\",\"name\":\"Crise finale et opportunit\u00e9 dans le moment actuel de notre civilisation\",\"isPartOf\":{\"@id\":\"https:\/\/www.pressenza.com\/fr\/#website\"},\"primaryImageOfPage\":{\"@id\":\"https:\/\/www.pressenza.com\/fr\/2024\/06\/crise-finale-et-opportunite-dans-le-moment-actuel-de-notre-civilisation\/#primaryimage\"},\"image\":{\"@id\":\"https:\/\/www.pressenza.com\/fr\/2024\/06\/crise-finale-et-opportunite-dans-le-moment-actuel-de-notre-civilisation\/#primaryimage\"},\"thumbnailUrl\":\"https:\/\/www.pressenza.com\/wp-content\/uploads\/2024\/04\/943a64f8-07de-4916-b144-979cf2012e4d.jpeg\",\"datePublished\":\"2024-06-02T17:41:41+00:00\",\"description\":\"L'objectif de ce document est de fournir une vision de la situation mondiale actuelle et d'inviter \u00e0 la r\u00e9flexion et \u00e0 l'action. L'urgence et les int\u00e9r\u00eats\",\"breadcrumb\":{\"@id\":\"https:\/\/www.pressenza.com\/fr\/2024\/06\/crise-finale-et-opportunite-dans-le-moment-actuel-de-notre-civilisation\/#breadcrumb\"},\"inLanguage\":\"fr-FR\",\"potentialAction\":[{\"@type\":\"ReadAction\",\"target\":[\"https:\/\/www.pressenza.com\/fr\/2024\/06\/crise-finale-et-opportunite-dans-le-moment-actuel-de-notre-civilisation\/\"]}]},{\"@type\":\"ImageObject\",\"inLanguage\":\"fr-FR\",\"@id\":\"https:\/\/www.pressenza.com\/fr\/2024\/06\/crise-finale-et-opportunite-dans-le-moment-actuel-de-notre-civilisation\/#primaryimage\",\"url\":\"https:\/\/www.pressenza.com\/wp-content\/uploads\/2024\/04\/943a64f8-07de-4916-b144-979cf2012e4d.jpeg\",\"contentUrl\":\"https:\/\/www.pressenza.com\/wp-content\/uploads\/2024\/04\/943a64f8-07de-4916-b144-979cf2012e4d.jpeg\",\"width\":1024,\"height\":1024},{\"@type\":\"BreadcrumbList\",\"@id\":\"https:\/\/www.pressenza.com\/fr\/2024\/06\/crise-finale-et-opportunite-dans-le-moment-actuel-de-notre-civilisation\/#breadcrumb\",\"itemListElement\":[{\"@type\":\"ListItem\",\"position\":1,\"name\":\"Accueil\",\"item\":\"https:\/\/www.pressenza.com\/fr\/\"},{\"@type\":\"ListItem\",\"position\":2,\"name\":\"Crise finale et opportunit\u00e9 dans le moment actuel de notre civilisation\"}]},{\"@type\":\"WebSite\",\"@id\":\"https:\/\/www.pressenza.com\/fr\/#website\",\"url\":\"https:\/\/www.pressenza.com\/fr\/\",\"name\":\"Pressenza\",\"description\":\"International Press Agency\",\"publisher\":{\"@id\":\"https:\/\/www.pressenza.com\/fr\/#organization\"},\"potentialAction\":[{\"@type\":\"SearchAction\",\"target\":{\"@type\":\"EntryPoint\",\"urlTemplate\":\"https:\/\/www.pressenza.com\/fr\/?s={search_term_string}\"},\"query-input\":{\"@type\":\"PropertyValueSpecification\",\"valueRequired\":true,\"valueName\":\"search_term_string\"}}],\"inLanguage\":\"fr-FR\"},{\"@type\":\"Organization\",\"@id\":\"https:\/\/www.pressenza.com\/fr\/#organization\",\"name\":\"Pressenza\",\"url\":\"https:\/\/www.pressenza.com\/fr\/\",\"logo\":{\"@type\":\"ImageObject\",\"inLanguage\":\"fr-FR\",\"@id\":\"https:\/\/www.pressenza.com\/fr\/#\/schema\/logo\/image\/\",\"url\":\"https:\/\/www.pressenza.com\/wp-content\/uploads\/2022\/10\/pressenza_logo_200x200.jpg\",\"contentUrl\":\"https:\/\/www.pressenza.com\/wp-content\/uploads\/2022\/10\/pressenza_logo_200x200.jpg\",\"width\":200,\"height\":200,\"caption\":\"Pressenza\"},\"image\":{\"@id\":\"https:\/\/www.pressenza.com\/fr\/#\/schema\/logo\/image\/\"},\"sameAs\":[\"https:\/\/www.facebook.com\/PressenzaItalia\",\"https:\/\/x.com\/PressenzaIPA\"]},{\"@type\":\"Person\",\"@id\":\"https:\/\/www.pressenza.com\/fr\/#\/schema\/person\/010e5d02bcf40965427a1289a4cc8d75\",\"name\":\"Pressenza IPA\",\"description\":\"News from Pressenza IPA correspondents\",\"sameAs\":[\"https:\/\/www.facebook.com\/pressenza\",\"https:\/\/x.com\/PressenzaIPA\"],\"url\":\"https:\/\/www.pressenza.com\/fr\/author\/pressenza-ipa\/\"}]}<\/script>\n<!-- \/ Yoast SEO plugin. -->","yoast_head_json":{"title":"Crise finale et opportunit\u00e9 dans le moment actuel de notre civilisation","description":"L'objectif de ce document est de fournir une vision de la situation mondiale actuelle et d'inviter \u00e0 la r\u00e9flexion et \u00e0 l'action. L'urgence et les int\u00e9r\u00eats","robots":{"index":"index","follow":"follow","max-snippet":"max-snippet:-1","max-image-preview":"max-image-preview:large","max-video-preview":"max-video-preview:-1"},"canonical":"https:\/\/www.pressenza.com\/fr\/2024\/06\/crise-finale-et-opportunite-dans-le-moment-actuel-de-notre-civilisation\/","og_locale":"fr_FR","og_type":"article","og_title":"Crise finale et opportunit\u00e9 dans le moment actuel de notre civilisation","og_description":"L'objectif de ce document est de fournir une vision de la situation mondiale actuelle et d'inviter \u00e0 la r\u00e9flexion et \u00e0 l'action. L'urgence et les int\u00e9r\u00eats","og_url":"https:\/\/www.pressenza.com\/fr\/2024\/06\/crise-finale-et-opportunite-dans-le-moment-actuel-de-notre-civilisation\/","og_site_name":"Pressenza","article_publisher":"https:\/\/www.facebook.com\/PressenzaItalia","article_author":"https:\/\/www.facebook.com\/pressenza","article_published_time":"2024-06-02T17:41:41+00:00","og_image":[{"width":1024,"height":1024,"url":"https:\/\/www.pressenza.com\/wp-content\/uploads\/2024\/04\/943a64f8-07de-4916-b144-979cf2012e4d.jpeg","type":"image\/jpeg"}],"author":"Pressenza IPA","twitter_card":"summary_large_image","twitter_creator":"@PressenzaIPA","twitter_site":"@PressenzaIPA","twitter_misc":{"\u00c9crit par":"Pressenza IPA","Dur\u00e9e de lecture estim\u00e9e":"11 minutes"},"schema":{"@context":"https:\/\/schema.org","@graph":[{"@type":"Article","@id":"https:\/\/www.pressenza.com\/fr\/2024\/06\/crise-finale-et-opportunite-dans-le-moment-actuel-de-notre-civilisation\/#article","isPartOf":{"@id":"https:\/\/www.pressenza.com\/fr\/2024\/06\/crise-finale-et-opportunite-dans-le-moment-actuel-de-notre-civilisation\/"},"author":{"name":"Pressenza IPA","@id":"https:\/\/www.pressenza.com\/fr\/#\/schema\/person\/010e5d02bcf40965427a1289a4cc8d75"},"headline":"Crise finale et opportunit\u00e9 dans le moment actuel de notre civilisation","datePublished":"2024-06-02T17:41:41+00:00","mainEntityOfPage":{"@id":"https:\/\/www.pressenza.com\/fr\/2024\/06\/crise-finale-et-opportunite-dans-le-moment-actuel-de-notre-civilisation\/"},"wordCount":2459,"publisher":{"@id":"https:\/\/www.pressenza.com\/fr\/#organization"},"image":{"@id":"https:\/\/www.pressenza.com\/fr\/2024\/06\/crise-finale-et-opportunite-dans-le-moment-actuel-de-notre-civilisation\/#primaryimage"},"thumbnailUrl":"https:\/\/www.pressenza.com\/wp-content\/uploads\/2024\/04\/943a64f8-07de-4916-b144-979cf2012e4d.jpeg","keywords":["civilisation humaine","crise","futur de l'humanit\u00e9","moment actuel","situation mondiale"],"articleSection":["Contenu Original","Humanisme et Spiritualit\u00e9","International","Non-violence","Opinion","Politique"],"inLanguage":"fr-FR"},{"@type":"WebPage","@id":"https:\/\/www.pressenza.com\/fr\/2024\/06\/crise-finale-et-opportunite-dans-le-moment-actuel-de-notre-civilisation\/","url":"https:\/\/www.pressenza.com\/fr\/2024\/06\/crise-finale-et-opportunite-dans-le-moment-actuel-de-notre-civilisation\/","name":"Crise finale et opportunit\u00e9 dans le moment actuel de notre civilisation","isPartOf":{"@id":"https:\/\/www.pressenza.com\/fr\/#website"},"primaryImageOfPage":{"@id":"https:\/\/www.pressenza.com\/fr\/2024\/06\/crise-finale-et-opportunite-dans-le-moment-actuel-de-notre-civilisation\/#primaryimage"},"image":{"@id":"https:\/\/www.pressenza.com\/fr\/2024\/06\/crise-finale-et-opportunite-dans-le-moment-actuel-de-notre-civilisation\/#primaryimage"},"thumbnailUrl":"https:\/\/www.pressenza.com\/wp-content\/uploads\/2024\/04\/943a64f8-07de-4916-b144-979cf2012e4d.jpeg","datePublished":"2024-06-02T17:41:41+00:00","description":"L'objectif de ce document est de fournir une vision de la situation mondiale actuelle et d'inviter \u00e0 la r\u00e9flexion et \u00e0 l'action. L'urgence et les int\u00e9r\u00eats","breadcrumb":{"@id":"https:\/\/www.pressenza.com\/fr\/2024\/06\/crise-finale-et-opportunite-dans-le-moment-actuel-de-notre-civilisation\/#breadcrumb"},"inLanguage":"fr-FR","potentialAction":[{"@type":"ReadAction","target":["https:\/\/www.pressenza.com\/fr\/2024\/06\/crise-finale-et-opportunite-dans-le-moment-actuel-de-notre-civilisation\/"]}]},{"@type":"ImageObject","inLanguage":"fr-FR","@id":"https:\/\/www.pressenza.com\/fr\/2024\/06\/crise-finale-et-opportunite-dans-le-moment-actuel-de-notre-civilisation\/#primaryimage","url":"https:\/\/www.pressenza.com\/wp-content\/uploads\/2024\/04\/943a64f8-07de-4916-b144-979cf2012e4d.jpeg","contentUrl":"https:\/\/www.pressenza.com\/wp-content\/uploads\/2024\/04\/943a64f8-07de-4916-b144-979cf2012e4d.jpeg","width":1024,"height":1024},{"@type":"BreadcrumbList","@id":"https:\/\/www.pressenza.com\/fr\/2024\/06\/crise-finale-et-opportunite-dans-le-moment-actuel-de-notre-civilisation\/#breadcrumb","itemListElement":[{"@type":"ListItem","position":1,"name":"Accueil","item":"https:\/\/www.pressenza.com\/fr\/"},{"@type":"ListItem","position":2,"name":"Crise finale et opportunit\u00e9 dans le moment actuel de notre civilisation"}]},{"@type":"WebSite","@id":"https:\/\/www.pressenza.com\/fr\/#website","url":"https:\/\/www.pressenza.com\/fr\/","name":"Pressenza","description":"International Press Agency","publisher":{"@id":"https:\/\/www.pressenza.com\/fr\/#organization"},"potentialAction":[{"@type":"SearchAction","target":{"@type":"EntryPoint","urlTemplate":"https:\/\/www.pressenza.com\/fr\/?s={search_term_string}"},"query-input":{"@type":"PropertyValueSpecification","valueRequired":true,"valueName":"search_term_string"}}],"inLanguage":"fr-FR"},{"@type":"Organization","@id":"https:\/\/www.pressenza.com\/fr\/#organization","name":"Pressenza","url":"https:\/\/www.pressenza.com\/fr\/","logo":{"@type":"ImageObject","inLanguage":"fr-FR","@id":"https:\/\/www.pressenza.com\/fr\/#\/schema\/logo\/image\/","url":"https:\/\/www.pressenza.com\/wp-content\/uploads\/2022\/10\/pressenza_logo_200x200.jpg","contentUrl":"https:\/\/www.pressenza.com\/wp-content\/uploads\/2022\/10\/pressenza_logo_200x200.jpg","width":200,"height":200,"caption":"Pressenza"},"image":{"@id":"https:\/\/www.pressenza.com\/fr\/#\/schema\/logo\/image\/"},"sameAs":["https:\/\/www.facebook.com\/PressenzaItalia","https:\/\/x.com\/PressenzaIPA"]},{"@type":"Person","@id":"https:\/\/www.pressenza.com\/fr\/#\/schema\/person\/010e5d02bcf40965427a1289a4cc8d75","name":"Pressenza IPA","description":"News from Pressenza IPA correspondents","sameAs":["https:\/\/www.facebook.com\/pressenza","https:\/\/x.com\/PressenzaIPA"],"url":"https:\/\/www.pressenza.com\/fr\/author\/pressenza-ipa\/"}]}},"place":"","original_article_url":"https:\/\/www.parquelareja.org\/storage\/app\/media\/producciones\/jano-arrechea_victor-piccinini_pablo-fernandez_crisis-terminal-y-oportunidad-en-el-momento-actual-de-nuestra-civilizacion.pdf","_links":{"self":[{"href":"https:\/\/www.pressenza.com\/fr\/wp-json\/wp\/v2\/posts\/2528188","targetHints":{"allow":["GET"]}}],"collection":[{"href":"https:\/\/www.pressenza.com\/fr\/wp-json\/wp\/v2\/posts"}],"about":[{"href":"https:\/\/www.pressenza.com\/fr\/wp-json\/wp\/v2\/types\/post"}],"author":[{"embeddable":true,"href":"https:\/\/www.pressenza.com\/fr\/wp-json\/wp\/v2\/users\/19"}],"replies":[{"embeddable":true,"href":"https:\/\/www.pressenza.com\/fr\/wp-json\/wp\/v2\/comments?post=2528188"}],"version-history":[{"count":0,"href":"https:\/\/www.pressenza.com\/fr\/wp-json\/wp\/v2\/posts\/2528188\/revisions"}],"wp:featuredmedia":[{"embeddable":true,"href":"https:\/\/www.pressenza.com\/fr\/wp-json\/wp\/v2\/media\/1842637"}],"wp:attachment":[{"href":"https:\/\/www.pressenza.com\/fr\/wp-json\/wp\/v2\/media?parent=2528188"}],"wp:term":[{"taxonomy":"category","embeddable":true,"href":"https:\/\/www.pressenza.com\/fr\/wp-json\/wp\/v2\/categories?post=2528188"},{"taxonomy":"post_tag","embeddable":true,"href":"https:\/\/www.pressenza.com\/fr\/wp-json\/wp\/v2\/tags?post=2528188"}],"curies":[{"name":"wp","href":"https:\/\/api.w.org\/{rel}","templated":true}]}}