{"id":2527328,"date":"2024-06-02T09:54:44","date_gmt":"2024-06-02T08:54:44","guid":{"rendered":"https:\/\/www.pressenza.com\/?p=2527328"},"modified":"2024-05-28T13:59:10","modified_gmt":"2024-05-28T12:59:10","slug":"2527328","status":"publish","type":"post","link":"https:\/\/www.pressenza.com\/fr\/2024\/06\/2527328\/","title":{"rendered":"Isabelle Filliozat, podcast : Pour une parentalit\u00e9 sans Violence"},"content":{"rendered":"<div>\u00ab\u00a0On n&rsquo;apprend pas \u00e0 se d\u00e9fendre \u00e0 3 ans. \u00c7a ne marche pas. Tout ce qu&rsquo;on apprend, c&rsquo;est \u00e0 se soumettre.\u00a0\u00bb Isabelle Filliozat. Pour son podcast \u00ab\u00a0la Force de la Non-violence\u00a0\u00bb, C\u00e9lia Grincourt re\u00e7oit la psychoth\u00e9rapeute, conf\u00e9renci\u00e8re et \u00e9crivaine Isabelle Filliozat. Sp\u00e9cialiste des \u00e9motions, elle a \u00e9crit de nombreux ouvrages dont plusieurs best-sellers comme \u00ab\u00a0L&rsquo;intelligence du coeur\u00a0\u00bb, \u00ab\u00a0Au coeur des \u00e9motions de l&rsquo;enfant\u00a0\u00bb ou \u00ab\u00a0J&rsquo;ai tout essay\u00e9\u00a0\u00bb afin de transmettre son approche empathique de l&rsquo;\u00e9ducation. Elle contribue depuis des ann\u00e9es \u00e0 faire prendre conscience de la n\u00e9cessit\u00e9 de pratiquer une parentalit\u00e9 sans violence et travaille aussi avec les professionnel.les de l&rsquo;enfance dans le but de voir \u00e9merger une soci\u00e9t\u00e9 plus heureuse. Elle a \u00e9t\u00e9 nomm\u00e9e vice-pr\u00e9sidente de la \u00ab\u00a0Commission des 1000 premiers jours de l&rsquo;enfant\u00a0\u00bb au sein de laquelle elle a poursuivi son \u0153uvre de toujours : faire changer le regard sur les enfants.<\/div>\n<div><\/div>\n<div>Voici le lien vers le podcast :<\/div>\n<div><a href=\"https:\/\/podcloud.fr\/podcast\/force-nonviolence\/episode\/isabelle-filliozat\/player\">https:\/\/podcloud.fr\/podcast\/force-nonviolence\/episode\/isabelle-filliozat\/player<\/a><\/div>\n<div>\n<div><\/div>\n<div><strong>Cr\u00e9dits<\/strong> :\u00a0 Mixage et musique originale : Nikita Gouzovsky<\/div>\n<div><\/div>\n<\/div>\n<div class=\"\">\n<div>Cha\u00eene YT : <a href=\"https:\/\/www.youtube.com\/c\/laforcedelanonviolence\" target=\"_blank\" rel=\"noopener noreferrer\" shape=\"rect\">https:\/\/www.youtube.com\/c\/laforcedelanonviolence<\/a><\/div>\n<div>Site : <a href=\"https:\/\/force-nonviolence.fr\/\" target=\"_blank\" rel=\"noopener noreferrer\" shape=\"rect\">https:\/\/force-nonviolence.fr\/<\/a><\/div>\n<\/div>\n<div class=\"\">Faire un don pour que ce podcast vive : <a href=\"https:\/\/www.helloasso.com\/associations\/non-violence-xxi\/formulaires\/3\/widget\" target=\"_blank\" rel=\"noopener noreferrer\" shape=\"rect\">https:\/\/www.helloasso.com\/associations\/non-violence-xxi\/formulaires\/3\/widget<\/a><\/div>\n","protected":false},"excerpt":{"rendered":"<p>\u00ab\u00a0On n&rsquo;apprend pas \u00e0 se d\u00e9fendre \u00e0 3 ans. \u00c7a ne marche pas. Tout ce qu&rsquo;on apprend, c&rsquo;est \u00e0 se soumettre.\u00a0\u00bb Isabelle Filliozat. Pour son podcast \u00ab\u00a0la Force de la Non-violence\u00a0\u00bb, C\u00e9lia Grincourt re\u00e7oit la psychoth\u00e9rapeute, conf\u00e9renci\u00e8re et \u00e9crivaine Isabelle&hellip;<\/p>\n","protected":false},"author":2339,"featured_media":2527338,"comment_status":"closed","ping_status":"closed","sticky":false,"template":"","format":"standard","meta":{"footnotes":""},"categories":[11386,1249,85,1248],"tags":[857,123352,123353],"class_list":["post-2527328","post","type-post","status-publish","format-standard","has-post-thumbnail","hentry","category-contenu-original","category-education-sujet","category-europe-fr","category-nonviolence-sujet","tag-education-fr","tag-isabelle-filliozat","tag-parentalite-sans-violence"],"yoast_head":"<!-- This site is optimized with the Yoast SEO plugin v27.1.1 - https:\/\/yoast.com\/product\/yoast-seo-wordpress\/ -->\n<title>Isabelle Filliozat, podcast : Pour une parentalit\u00e9 sans Violence<\/title>\n<meta name=\"description\" content=\"&quot;On n&#039;apprend pas \u00e0 se d\u00e9fendre \u00e0 3 ans. \u00c7a ne marche pas. Tout ce qu&#039;on apprend, c&#039;est \u00e0 se soumettre.&quot; Isabelle Filliozat. Pour son podcast &quot;la Force de\" \/>\n<meta name=\"robots\" content=\"index, follow, max-snippet:-1, max-image-preview:large, max-video-preview:-1\" \/>\n<link rel=\"canonical\" href=\"https:\/\/www.pressenza.com\/fr\/2024\/06\/2527328\/\" \/>\n<meta property=\"og:locale\" content=\"fr_FR\" \/>\n<meta property=\"og:type\" content=\"article\" \/>\n<meta property=\"og:title\" content=\"Isabelle Filliozat, podcast : Pour une parentalit\u00e9 sans Violence\" \/>\n<meta property=\"og:description\" content=\"&quot;On n&#039;apprend pas \u00e0 se d\u00e9fendre \u00e0 3 ans. \u00c7a ne marche pas. Tout ce qu&#039;on apprend, c&#039;est \u00e0 se soumettre.&quot; Isabelle Filliozat. Pour son podcast &quot;la Force de\" \/>\n<meta property=\"og:url\" content=\"https:\/\/www.pressenza.com\/fr\/2024\/06\/2527328\/\" \/>\n<meta property=\"og:site_name\" content=\"Pressenza\" \/>\n<meta property=\"article:publisher\" content=\"https:\/\/www.facebook.com\/PressenzaItalia\" \/>\n<meta property=\"article:published_time\" content=\"2024-06-02T08:54:44+00:00\" \/>\n<meta property=\"og:image\" content=\"https:\/\/www.pressenza.com\/wp-content\/uploads\/2024\/05\/La-Force-de-la-Non-violence-podcast-Isabelle-Filliozat.jpg\" \/>\n\t<meta property=\"og:image:width\" content=\"1920\" \/>\n\t<meta property=\"og:image:height\" content=\"1920\" \/>\n\t<meta property=\"og:image:type\" content=\"image\/jpeg\" \/>\n<meta name=\"author\" content=\"C\u00e9lia Grincourt\" \/>\n<meta name=\"twitter:card\" content=\"summary_large_image\" \/>\n<meta name=\"twitter:creator\" content=\"@PressenzaIPA\" \/>\n<meta name=\"twitter:site\" content=\"@PressenzaIPA\" \/>\n<meta name=\"twitter:label1\" content=\"\u00c9crit par\" \/>\n\t<meta name=\"twitter:data1\" content=\"C\u00e9lia Grincourt\" \/>\n\t<meta name=\"twitter:label2\" content=\"Dur\u00e9e de lecture estim\u00e9e\" \/>\n\t<meta name=\"twitter:data2\" content=\"1 minute\" \/>\n<script type=\"application\/ld+json\" class=\"yoast-schema-graph\">{\"@context\":\"https:\/\/schema.org\",\"@graph\":[{\"@type\":\"Article\",\"@id\":\"https:\/\/www.pressenza.com\/fr\/2024\/06\/2527328\/#article\",\"isPartOf\":{\"@id\":\"https:\/\/www.pressenza.com\/fr\/2024\/06\/2527328\/\"},\"author\":{\"name\":\"C\u00e9lia Grincourt\",\"@id\":\"https:\/\/www.pressenza.com\/fr\/#\/schema\/person\/715a31a03c153d20aaeabb924bccc753\"},\"headline\":\"Isabelle Filliozat, podcast : Pour une parentalit\u00e9 sans Violence\",\"datePublished\":\"2024-06-02T08:54:44+00:00\",\"mainEntityOfPage\":{\"@id\":\"https:\/\/www.pressenza.com\/fr\/2024\/06\/2527328\/\"},\"wordCount\":218,\"publisher\":{\"@id\":\"https:\/\/www.pressenza.com\/fr\/#organization\"},\"image\":{\"@id\":\"https:\/\/www.pressenza.com\/fr\/2024\/06\/2527328\/#primaryimage\"},\"thumbnailUrl\":\"https:\/\/www.pressenza.com\/wp-content\/uploads\/2024\/05\/La-Force-de-la-Non-violence-podcast-Isabelle-Filliozat.jpg\",\"keywords\":[\"Education\",\"Isabelle Filliozat\",\"parentalit\u00e9 sans violence\"],\"articleSection\":[\"Contenu Original\",\"Education\",\"Europe\",\"Non-violence\"],\"inLanguage\":\"fr-FR\"},{\"@type\":\"WebPage\",\"@id\":\"https:\/\/www.pressenza.com\/fr\/2024\/06\/2527328\/\",\"url\":\"https:\/\/www.pressenza.com\/fr\/2024\/06\/2527328\/\",\"name\":\"Isabelle Filliozat, podcast : Pour une parentalit\u00e9 sans Violence\",\"isPartOf\":{\"@id\":\"https:\/\/www.pressenza.com\/fr\/#website\"},\"primaryImageOfPage\":{\"@id\":\"https:\/\/www.pressenza.com\/fr\/2024\/06\/2527328\/#primaryimage\"},\"image\":{\"@id\":\"https:\/\/www.pressenza.com\/fr\/2024\/06\/2527328\/#primaryimage\"},\"thumbnailUrl\":\"https:\/\/www.pressenza.com\/wp-content\/uploads\/2024\/05\/La-Force-de-la-Non-violence-podcast-Isabelle-Filliozat.jpg\",\"datePublished\":\"2024-06-02T08:54:44+00:00\",\"description\":\"\\\"On n'apprend pas \u00e0 se d\u00e9fendre \u00e0 3 ans. \u00c7a ne marche pas. Tout ce qu'on apprend, c'est \u00e0 se soumettre.\\\" Isabelle Filliozat. Pour son podcast \\\"la Force de\",\"breadcrumb\":{\"@id\":\"https:\/\/www.pressenza.com\/fr\/2024\/06\/2527328\/#breadcrumb\"},\"inLanguage\":\"fr-FR\",\"potentialAction\":[{\"@type\":\"ReadAction\",\"target\":[\"https:\/\/www.pressenza.com\/fr\/2024\/06\/2527328\/\"]}]},{\"@type\":\"ImageObject\",\"inLanguage\":\"fr-FR\",\"@id\":\"https:\/\/www.pressenza.com\/fr\/2024\/06\/2527328\/#primaryimage\",\"url\":\"https:\/\/www.pressenza.com\/wp-content\/uploads\/2024\/05\/La-Force-de-la-Non-violence-podcast-Isabelle-Filliozat.jpg\",\"contentUrl\":\"https:\/\/www.pressenza.com\/wp-content\/uploads\/2024\/05\/La-Force-de-la-Non-violence-podcast-Isabelle-Filliozat.jpg\",\"width\":1920,\"height\":1920},{\"@type\":\"BreadcrumbList\",\"@id\":\"https:\/\/www.pressenza.com\/fr\/2024\/06\/2527328\/#breadcrumb\",\"itemListElement\":[{\"@type\":\"ListItem\",\"position\":1,\"name\":\"Accueil\",\"item\":\"https:\/\/www.pressenza.com\/fr\/\"},{\"@type\":\"ListItem\",\"position\":2,\"name\":\"Isabelle Filliozat, podcast : Pour une parentalit\u00e9 sans Violence\"}]},{\"@type\":\"WebSite\",\"@id\":\"https:\/\/www.pressenza.com\/fr\/#website\",\"url\":\"https:\/\/www.pressenza.com\/fr\/\",\"name\":\"Pressenza\",\"description\":\"International Press Agency\",\"publisher\":{\"@id\":\"https:\/\/www.pressenza.com\/fr\/#organization\"},\"potentialAction\":[{\"@type\":\"SearchAction\",\"target\":{\"@type\":\"EntryPoint\",\"urlTemplate\":\"https:\/\/www.pressenza.com\/fr\/?s={search_term_string}\"},\"query-input\":{\"@type\":\"PropertyValueSpecification\",\"valueRequired\":true,\"valueName\":\"search_term_string\"}}],\"inLanguage\":\"fr-FR\"},{\"@type\":\"Organization\",\"@id\":\"https:\/\/www.pressenza.com\/fr\/#organization\",\"name\":\"Pressenza\",\"url\":\"https:\/\/www.pressenza.com\/fr\/\",\"logo\":{\"@type\":\"ImageObject\",\"inLanguage\":\"fr-FR\",\"@id\":\"https:\/\/www.pressenza.com\/fr\/#\/schema\/logo\/image\/\",\"url\":\"https:\/\/www.pressenza.com\/wp-content\/uploads\/2022\/10\/pressenza_logo_200x200.jpg\",\"contentUrl\":\"https:\/\/www.pressenza.com\/wp-content\/uploads\/2022\/10\/pressenza_logo_200x200.jpg\",\"width\":200,\"height\":200,\"caption\":\"Pressenza\"},\"image\":{\"@id\":\"https:\/\/www.pressenza.com\/fr\/#\/schema\/logo\/image\/\"},\"sameAs\":[\"https:\/\/www.facebook.com\/PressenzaItalia\",\"https:\/\/x.com\/PressenzaIPA\"]},{\"@type\":\"Person\",\"@id\":\"https:\/\/www.pressenza.com\/fr\/#\/schema\/person\/715a31a03c153d20aaeabb924bccc753\",\"name\":\"C\u00e9lia Grincourt\",\"url\":\"https:\/\/www.pressenza.com\/fr\/author\/celia-grincourt\/\"}]}<\/script>\n<!-- \/ Yoast SEO plugin. -->","yoast_head_json":{"title":"Isabelle Filliozat, podcast : Pour une parentalit\u00e9 sans Violence","description":"\"On n'apprend pas \u00e0 se d\u00e9fendre \u00e0 3 ans. \u00c7a ne marche pas. Tout ce qu'on apprend, c'est \u00e0 se soumettre.\" Isabelle Filliozat. Pour son podcast \"la Force de","robots":{"index":"index","follow":"follow","max-snippet":"max-snippet:-1","max-image-preview":"max-image-preview:large","max-video-preview":"max-video-preview:-1"},"canonical":"https:\/\/www.pressenza.com\/fr\/2024\/06\/2527328\/","og_locale":"fr_FR","og_type":"article","og_title":"Isabelle Filliozat, podcast : Pour une parentalit\u00e9 sans Violence","og_description":"\"On n'apprend pas \u00e0 se d\u00e9fendre \u00e0 3 ans. \u00c7a ne marche pas. Tout ce qu'on apprend, c'est \u00e0 se soumettre.\" Isabelle Filliozat. Pour son podcast \"la Force de","og_url":"https:\/\/www.pressenza.com\/fr\/2024\/06\/2527328\/","og_site_name":"Pressenza","article_publisher":"https:\/\/www.facebook.com\/PressenzaItalia","article_published_time":"2024-06-02T08:54:44+00:00","og_image":[{"width":1920,"height":1920,"url":"https:\/\/www.pressenza.com\/wp-content\/uploads\/2024\/05\/La-Force-de-la-Non-violence-podcast-Isabelle-Filliozat.jpg","type":"image\/jpeg"}],"author":"C\u00e9lia Grincourt","twitter_card":"summary_large_image","twitter_creator":"@PressenzaIPA","twitter_site":"@PressenzaIPA","twitter_misc":{"\u00c9crit par":"C\u00e9lia Grincourt","Dur\u00e9e de lecture estim\u00e9e":"1 minute"},"schema":{"@context":"https:\/\/schema.org","@graph":[{"@type":"Article","@id":"https:\/\/www.pressenza.com\/fr\/2024\/06\/2527328\/#article","isPartOf":{"@id":"https:\/\/www.pressenza.com\/fr\/2024\/06\/2527328\/"},"author":{"name":"C\u00e9lia Grincourt","@id":"https:\/\/www.pressenza.com\/fr\/#\/schema\/person\/715a31a03c153d20aaeabb924bccc753"},"headline":"Isabelle Filliozat, podcast : Pour une parentalit\u00e9 sans Violence","datePublished":"2024-06-02T08:54:44+00:00","mainEntityOfPage":{"@id":"https:\/\/www.pressenza.com\/fr\/2024\/06\/2527328\/"},"wordCount":218,"publisher":{"@id":"https:\/\/www.pressenza.com\/fr\/#organization"},"image":{"@id":"https:\/\/www.pressenza.com\/fr\/2024\/06\/2527328\/#primaryimage"},"thumbnailUrl":"https:\/\/www.pressenza.com\/wp-content\/uploads\/2024\/05\/La-Force-de-la-Non-violence-podcast-Isabelle-Filliozat.jpg","keywords":["Education","Isabelle Filliozat","parentalit\u00e9 sans violence"],"articleSection":["Contenu Original","Education","Europe","Non-violence"],"inLanguage":"fr-FR"},{"@type":"WebPage","@id":"https:\/\/www.pressenza.com\/fr\/2024\/06\/2527328\/","url":"https:\/\/www.pressenza.com\/fr\/2024\/06\/2527328\/","name":"Isabelle Filliozat, podcast : Pour une parentalit\u00e9 sans Violence","isPartOf":{"@id":"https:\/\/www.pressenza.com\/fr\/#website"},"primaryImageOfPage":{"@id":"https:\/\/www.pressenza.com\/fr\/2024\/06\/2527328\/#primaryimage"},"image":{"@id":"https:\/\/www.pressenza.com\/fr\/2024\/06\/2527328\/#primaryimage"},"thumbnailUrl":"https:\/\/www.pressenza.com\/wp-content\/uploads\/2024\/05\/La-Force-de-la-Non-violence-podcast-Isabelle-Filliozat.jpg","datePublished":"2024-06-02T08:54:44+00:00","description":"\"On n'apprend pas \u00e0 se d\u00e9fendre \u00e0 3 ans. \u00c7a ne marche pas. Tout ce qu'on apprend, c'est \u00e0 se soumettre.\" Isabelle Filliozat. Pour son podcast \"la Force de","breadcrumb":{"@id":"https:\/\/www.pressenza.com\/fr\/2024\/06\/2527328\/#breadcrumb"},"inLanguage":"fr-FR","potentialAction":[{"@type":"ReadAction","target":["https:\/\/www.pressenza.com\/fr\/2024\/06\/2527328\/"]}]},{"@type":"ImageObject","inLanguage":"fr-FR","@id":"https:\/\/www.pressenza.com\/fr\/2024\/06\/2527328\/#primaryimage","url":"https:\/\/www.pressenza.com\/wp-content\/uploads\/2024\/05\/La-Force-de-la-Non-violence-podcast-Isabelle-Filliozat.jpg","contentUrl":"https:\/\/www.pressenza.com\/wp-content\/uploads\/2024\/05\/La-Force-de-la-Non-violence-podcast-Isabelle-Filliozat.jpg","width":1920,"height":1920},{"@type":"BreadcrumbList","@id":"https:\/\/www.pressenza.com\/fr\/2024\/06\/2527328\/#breadcrumb","itemListElement":[{"@type":"ListItem","position":1,"name":"Accueil","item":"https:\/\/www.pressenza.com\/fr\/"},{"@type":"ListItem","position":2,"name":"Isabelle Filliozat, podcast : Pour une parentalit\u00e9 sans Violence"}]},{"@type":"WebSite","@id":"https:\/\/www.pressenza.com\/fr\/#website","url":"https:\/\/www.pressenza.com\/fr\/","name":"Pressenza","description":"International Press Agency","publisher":{"@id":"https:\/\/www.pressenza.com\/fr\/#organization"},"potentialAction":[{"@type":"SearchAction","target":{"@type":"EntryPoint","urlTemplate":"https:\/\/www.pressenza.com\/fr\/?s={search_term_string}"},"query-input":{"@type":"PropertyValueSpecification","valueRequired":true,"valueName":"search_term_string"}}],"inLanguage":"fr-FR"},{"@type":"Organization","@id":"https:\/\/www.pressenza.com\/fr\/#organization","name":"Pressenza","url":"https:\/\/www.pressenza.com\/fr\/","logo":{"@type":"ImageObject","inLanguage":"fr-FR","@id":"https:\/\/www.pressenza.com\/fr\/#\/schema\/logo\/image\/","url":"https:\/\/www.pressenza.com\/wp-content\/uploads\/2022\/10\/pressenza_logo_200x200.jpg","contentUrl":"https:\/\/www.pressenza.com\/wp-content\/uploads\/2022\/10\/pressenza_logo_200x200.jpg","width":200,"height":200,"caption":"Pressenza"},"image":{"@id":"https:\/\/www.pressenza.com\/fr\/#\/schema\/logo\/image\/"},"sameAs":["https:\/\/www.facebook.com\/PressenzaItalia","https:\/\/x.com\/PressenzaIPA"]},{"@type":"Person","@id":"https:\/\/www.pressenza.com\/fr\/#\/schema\/person\/715a31a03c153d20aaeabb924bccc753","name":"C\u00e9lia Grincourt","url":"https:\/\/www.pressenza.com\/fr\/author\/celia-grincourt\/"}]}},"place":"France","original_article_url":"","_links":{"self":[{"href":"https:\/\/www.pressenza.com\/fr\/wp-json\/wp\/v2\/posts\/2527328","targetHints":{"allow":["GET"]}}],"collection":[{"href":"https:\/\/www.pressenza.com\/fr\/wp-json\/wp\/v2\/posts"}],"about":[{"href":"https:\/\/www.pressenza.com\/fr\/wp-json\/wp\/v2\/types\/post"}],"author":[{"embeddable":true,"href":"https:\/\/www.pressenza.com\/fr\/wp-json\/wp\/v2\/users\/2339"}],"replies":[{"embeddable":true,"href":"https:\/\/www.pressenza.com\/fr\/wp-json\/wp\/v2\/comments?post=2527328"}],"version-history":[{"count":0,"href":"https:\/\/www.pressenza.com\/fr\/wp-json\/wp\/v2\/posts\/2527328\/revisions"}],"wp:featuredmedia":[{"embeddable":true,"href":"https:\/\/www.pressenza.com\/fr\/wp-json\/wp\/v2\/media\/2527338"}],"wp:attachment":[{"href":"https:\/\/www.pressenza.com\/fr\/wp-json\/wp\/v2\/media?parent=2527328"}],"wp:term":[{"taxonomy":"category","embeddable":true,"href":"https:\/\/www.pressenza.com\/fr\/wp-json\/wp\/v2\/categories?post=2527328"},{"taxonomy":"post_tag","embeddable":true,"href":"https:\/\/www.pressenza.com\/fr\/wp-json\/wp\/v2\/tags?post=2527328"}],"curies":[{"name":"wp","href":"https:\/\/api.w.org\/{rel}","templated":true}]}}