{"id":2526840,"date":"2024-05-25T22:34:14","date_gmt":"2024-05-25T21:34:14","guid":{"rendered":"https:\/\/www.pressenza.com\/?p=2526840"},"modified":"2024-05-25T22:34:14","modified_gmt":"2024-05-25T21:34:14","slug":"que-peuvent-faire-les-peuples-pour-eviter-une-guerre-mondiale","status":"publish","type":"post","link":"https:\/\/www.pressenza.com\/fr\/2024\/05\/que-peuvent-faire-les-peuples-pour-eviter-une-guerre-mondiale\/","title":{"rendered":"Que peuvent faire les peuples pour \u00e9viter une guerre mondiale ?"},"content":{"rendered":"<p>La premi\u00e8re s\u00e9ance d&rsquo;une s\u00e9rie organis\u00e9e par le Forum Humaniste Mondial a eu lieu le dimanche 19 mai avec la participation de Rafael de la Rubia &#8211; l&rsquo;un des coordinateurs de Monde sans Guerres et sans Violence &#8211; et Gerardo Femina &#8211; activiste d&rsquo;<a href=\"https:\/\/www.europeforpeace.eu\/en\/\">Europe pour la Paix<\/a> &#8211; qui ont tent\u00e9 de redonner le protagonisme aux peuples, surtout maintenant que les \u00e9lites semblent ignorer le danger et la cruaut\u00e9 d\u00e9clench\u00e9s par les conflits arm\u00e9s.<\/p>\n<p>Nous publions ici la vid\u00e9o compl\u00e8te de cette premi\u00e8re session :<\/p>\n<p><i>Pour voir la vid\u00e9o ( 1h 08\u2032 ) avec les sous-titres en fran\u00e7ais sur un ordinateur : <b>1.<\/b>\u00a0Cliquez sur l\u2019ic\u00f4ne\u00a0<b>Sous-titres\u00a0<\/b>(rectangle blanc en bas \u00e0 droite de la fen\u00eatre du lecteur vid\u00e9o).\u00a0 \u00a0<b>2.<\/b>\u00a0Cliquez sur l\u2019ic\u00f4ne\u00a0<b>Param\u00e8tres\u00a0<\/b>(roue dent\u00e9e\u00a0en bas \u00e0 droite), puis cliquez\u00a0successivement sur\u00a0<b>Sous-titres<\/b>, puis sur\u00a0<b>Traduire automatiquement<\/b>.\u00a0\u00a0\u00a0\u00a0<b>3.<\/b>\u00a0Dans la fen\u00eatre qui s\u2019ouvre, faites d\u00e9filer la liste des langues et cliquez sur\u00a0<b>Fran\u00e7ais<\/b>.<\/i><\/p>\n<p><iframe loading=\"lazy\" title=\"World Humanist Forum Discussion #1 04\/19\/2024\" width=\"500\" height=\"281\" src=\"https:\/\/www.youtube.com\/embed\/uMBbpfX2pkM?feature=oembed\" frameborder=\"0\" allow=\"accelerometer; autoplay; clipboard-write; encrypted-media; gyroscope; picture-in-picture; web-share\" referrerpolicy=\"strict-origin-when-cross-origin\" allowfullscreen><\/iframe><\/p>\n<p>Pour contacter le Forum Humaniste Mondial directement : <a href=\"https:\/\/worldhumanistforum.org\/\">https:\/\/worldhumanistforum.org\/<\/a><\/p>\n","protected":false},"excerpt":{"rendered":"<p>La premi\u00e8re s\u00e9ance d&rsquo;une s\u00e9rie organis\u00e9e par le Forum Humaniste Mondial a eu lieu le dimanche 19 mai avec la participation de Rafael de la Rubia &#8211; l&rsquo;un des coordinateurs de Monde sans Guerres et sans Violence &#8211; et Gerardo&hellip;<\/p>\n","protected":false},"author":19,"featured_media":2489533,"comment_status":"closed","ping_status":"closed","sticky":false,"template":"","format":"standard","meta":{"footnotes":""},"categories":[11386,40,1250,27989],"tags":[123291,121214],"class_list":["post-2526840","post","type-post","status-publish","format-standard","has-post-thumbnail","hentry","category-contenu-original","category-international-fr","category-paix-desarmement","category-video-fr","tag-eviter-une-guerre-mondiale","tag-forum-humaniste-mondial"],"yoast_head":"<!-- This site is optimized with the Yoast SEO plugin v27.1.1 - https:\/\/yoast.com\/product\/yoast-seo-wordpress\/ -->\n<title>Que peuvent faire les peuples pour \u00e9viter une guerre mondiale ?<\/title>\n<meta name=\"description\" content=\"La premi\u00e8re s\u00e9ance d&#039;une s\u00e9rie organis\u00e9e par le Forum Humaniste Mondial a eu lieu le dimanche 19 mai avec la participation de Rafael de la Rubia - l&#039;un\" \/>\n<meta name=\"robots\" content=\"index, follow, max-snippet:-1, max-image-preview:large, max-video-preview:-1\" \/>\n<link rel=\"canonical\" href=\"https:\/\/www.pressenza.com\/fr\/2024\/05\/que-peuvent-faire-les-peuples-pour-eviter-une-guerre-mondiale\/\" \/>\n<meta property=\"og:locale\" content=\"fr_FR\" \/>\n<meta property=\"og:type\" content=\"article\" \/>\n<meta property=\"og:title\" content=\"Que peuvent faire les peuples pour \u00e9viter une guerre mondiale ?\" \/>\n<meta property=\"og:description\" content=\"La premi\u00e8re s\u00e9ance d&#039;une s\u00e9rie organis\u00e9e par le Forum Humaniste Mondial a eu lieu le dimanche 19 mai avec la participation de Rafael de la Rubia - l&#039;un\" \/>\n<meta property=\"og:url\" content=\"https:\/\/www.pressenza.com\/fr\/2024\/05\/que-peuvent-faire-les-peuples-pour-eviter-une-guerre-mondiale\/\" \/>\n<meta property=\"og:site_name\" content=\"Pressenza\" \/>\n<meta property=\"article:publisher\" content=\"https:\/\/www.facebook.com\/PressenzaItalia\" \/>\n<meta property=\"article:author\" content=\"https:\/\/www.facebook.com\/pressenza\" \/>\n<meta property=\"article:published_time\" content=\"2024-05-25T21:34:14+00:00\" \/>\n<meta property=\"og:image\" content=\"https:\/\/www.pressenza.com\/wp-content\/uploads\/2024\/05\/WHF.jpeg\" \/>\n\t<meta property=\"og:image:width\" content=\"1600\" \/>\n\t<meta property=\"og:image:height\" content=\"899\" \/>\n\t<meta property=\"og:image:type\" content=\"image\/jpeg\" \/>\n<meta name=\"author\" content=\"Pressenza IPA\" \/>\n<meta name=\"twitter:card\" content=\"summary_large_image\" \/>\n<meta name=\"twitter:creator\" content=\"@PressenzaIPA\" \/>\n<meta name=\"twitter:site\" content=\"@PressenzaIPA\" \/>\n<meta name=\"twitter:label1\" content=\"\u00c9crit par\" \/>\n\t<meta name=\"twitter:data1\" content=\"Pressenza IPA\" \/>\n\t<meta name=\"twitter:label2\" content=\"Dur\u00e9e de lecture estim\u00e9e\" \/>\n\t<meta name=\"twitter:data2\" content=\"1 minute\" \/>\n<script type=\"application\/ld+json\" class=\"yoast-schema-graph\">{\"@context\":\"https:\/\/schema.org\",\"@graph\":[{\"@type\":\"Article\",\"@id\":\"https:\/\/www.pressenza.com\/fr\/2024\/05\/que-peuvent-faire-les-peuples-pour-eviter-une-guerre-mondiale\/#article\",\"isPartOf\":{\"@id\":\"https:\/\/www.pressenza.com\/fr\/2024\/05\/que-peuvent-faire-les-peuples-pour-eviter-une-guerre-mondiale\/\"},\"author\":{\"name\":\"Pressenza IPA\",\"@id\":\"https:\/\/www.pressenza.com\/fr\/#\/schema\/person\/010e5d02bcf40965427a1289a4cc8d75\"},\"headline\":\"Que peuvent faire les peuples pour \u00e9viter une guerre mondiale ?\",\"datePublished\":\"2024-05-25T21:34:14+00:00\",\"mainEntityOfPage\":{\"@id\":\"https:\/\/www.pressenza.com\/fr\/2024\/05\/que-peuvent-faire-les-peuples-pour-eviter-une-guerre-mondiale\/\"},\"wordCount\":199,\"publisher\":{\"@id\":\"https:\/\/www.pressenza.com\/fr\/#organization\"},\"image\":{\"@id\":\"https:\/\/www.pressenza.com\/fr\/2024\/05\/que-peuvent-faire-les-peuples-pour-eviter-une-guerre-mondiale\/#primaryimage\"},\"thumbnailUrl\":\"https:\/\/www.pressenza.com\/wp-content\/uploads\/2024\/05\/WHF.jpeg\",\"keywords\":[\"\u00e9viter une guerre mondiale\",\"Forum Humaniste Mondial\"],\"articleSection\":[\"Contenu Original\",\"International\",\"Paix et D\u00e9sarmement\",\"Video\"],\"inLanguage\":\"fr-FR\"},{\"@type\":\"WebPage\",\"@id\":\"https:\/\/www.pressenza.com\/fr\/2024\/05\/que-peuvent-faire-les-peuples-pour-eviter-une-guerre-mondiale\/\",\"url\":\"https:\/\/www.pressenza.com\/fr\/2024\/05\/que-peuvent-faire-les-peuples-pour-eviter-une-guerre-mondiale\/\",\"name\":\"Que peuvent faire les peuples pour \u00e9viter une guerre mondiale ?\",\"isPartOf\":{\"@id\":\"https:\/\/www.pressenza.com\/fr\/#website\"},\"primaryImageOfPage\":{\"@id\":\"https:\/\/www.pressenza.com\/fr\/2024\/05\/que-peuvent-faire-les-peuples-pour-eviter-une-guerre-mondiale\/#primaryimage\"},\"image\":{\"@id\":\"https:\/\/www.pressenza.com\/fr\/2024\/05\/que-peuvent-faire-les-peuples-pour-eviter-une-guerre-mondiale\/#primaryimage\"},\"thumbnailUrl\":\"https:\/\/www.pressenza.com\/wp-content\/uploads\/2024\/05\/WHF.jpeg\",\"datePublished\":\"2024-05-25T21:34:14+00:00\",\"description\":\"La premi\u00e8re s\u00e9ance d'une s\u00e9rie organis\u00e9e par le Forum Humaniste Mondial a eu lieu le dimanche 19 mai avec la participation de Rafael de la Rubia - l'un\",\"breadcrumb\":{\"@id\":\"https:\/\/www.pressenza.com\/fr\/2024\/05\/que-peuvent-faire-les-peuples-pour-eviter-une-guerre-mondiale\/#breadcrumb\"},\"inLanguage\":\"fr-FR\",\"potentialAction\":[{\"@type\":\"ReadAction\",\"target\":[\"https:\/\/www.pressenza.com\/fr\/2024\/05\/que-peuvent-faire-les-peuples-pour-eviter-une-guerre-mondiale\/\"]}]},{\"@type\":\"ImageObject\",\"inLanguage\":\"fr-FR\",\"@id\":\"https:\/\/www.pressenza.com\/fr\/2024\/05\/que-peuvent-faire-les-peuples-pour-eviter-une-guerre-mondiale\/#primaryimage\",\"url\":\"https:\/\/www.pressenza.com\/wp-content\/uploads\/2024\/05\/WHF.jpeg\",\"contentUrl\":\"https:\/\/www.pressenza.com\/wp-content\/uploads\/2024\/05\/WHF.jpeg\",\"width\":1600,\"height\":899},{\"@type\":\"BreadcrumbList\",\"@id\":\"https:\/\/www.pressenza.com\/fr\/2024\/05\/que-peuvent-faire-les-peuples-pour-eviter-une-guerre-mondiale\/#breadcrumb\",\"itemListElement\":[{\"@type\":\"ListItem\",\"position\":1,\"name\":\"Accueil\",\"item\":\"https:\/\/www.pressenza.com\/fr\/\"},{\"@type\":\"ListItem\",\"position\":2,\"name\":\"Que peuvent faire les peuples pour \u00e9viter une guerre mondiale ?\"}]},{\"@type\":\"WebSite\",\"@id\":\"https:\/\/www.pressenza.com\/fr\/#website\",\"url\":\"https:\/\/www.pressenza.com\/fr\/\",\"name\":\"Pressenza\",\"description\":\"International Press Agency\",\"publisher\":{\"@id\":\"https:\/\/www.pressenza.com\/fr\/#organization\"},\"potentialAction\":[{\"@type\":\"SearchAction\",\"target\":{\"@type\":\"EntryPoint\",\"urlTemplate\":\"https:\/\/www.pressenza.com\/fr\/?s={search_term_string}\"},\"query-input\":{\"@type\":\"PropertyValueSpecification\",\"valueRequired\":true,\"valueName\":\"search_term_string\"}}],\"inLanguage\":\"fr-FR\"},{\"@type\":\"Organization\",\"@id\":\"https:\/\/www.pressenza.com\/fr\/#organization\",\"name\":\"Pressenza\",\"url\":\"https:\/\/www.pressenza.com\/fr\/\",\"logo\":{\"@type\":\"ImageObject\",\"inLanguage\":\"fr-FR\",\"@id\":\"https:\/\/www.pressenza.com\/fr\/#\/schema\/logo\/image\/\",\"url\":\"https:\/\/www.pressenza.com\/wp-content\/uploads\/2022\/10\/pressenza_logo_200x200.jpg\",\"contentUrl\":\"https:\/\/www.pressenza.com\/wp-content\/uploads\/2022\/10\/pressenza_logo_200x200.jpg\",\"width\":200,\"height\":200,\"caption\":\"Pressenza\"},\"image\":{\"@id\":\"https:\/\/www.pressenza.com\/fr\/#\/schema\/logo\/image\/\"},\"sameAs\":[\"https:\/\/www.facebook.com\/PressenzaItalia\",\"https:\/\/x.com\/PressenzaIPA\"]},{\"@type\":\"Person\",\"@id\":\"https:\/\/www.pressenza.com\/fr\/#\/schema\/person\/010e5d02bcf40965427a1289a4cc8d75\",\"name\":\"Pressenza IPA\",\"description\":\"News from Pressenza IPA correspondents\",\"sameAs\":[\"https:\/\/www.facebook.com\/pressenza\",\"https:\/\/x.com\/PressenzaIPA\"],\"url\":\"https:\/\/www.pressenza.com\/fr\/author\/pressenza-ipa\/\"}]}<\/script>\n<!-- \/ Yoast SEO plugin. -->","yoast_head_json":{"title":"Que peuvent faire les peuples pour \u00e9viter une guerre mondiale ?","description":"La premi\u00e8re s\u00e9ance d'une s\u00e9rie organis\u00e9e par le Forum Humaniste Mondial a eu lieu le dimanche 19 mai avec la participation de Rafael de la Rubia - l'un","robots":{"index":"index","follow":"follow","max-snippet":"max-snippet:-1","max-image-preview":"max-image-preview:large","max-video-preview":"max-video-preview:-1"},"canonical":"https:\/\/www.pressenza.com\/fr\/2024\/05\/que-peuvent-faire-les-peuples-pour-eviter-une-guerre-mondiale\/","og_locale":"fr_FR","og_type":"article","og_title":"Que peuvent faire les peuples pour \u00e9viter une guerre mondiale ?","og_description":"La premi\u00e8re s\u00e9ance d'une s\u00e9rie organis\u00e9e par le Forum Humaniste Mondial a eu lieu le dimanche 19 mai avec la participation de Rafael de la Rubia - l'un","og_url":"https:\/\/www.pressenza.com\/fr\/2024\/05\/que-peuvent-faire-les-peuples-pour-eviter-une-guerre-mondiale\/","og_site_name":"Pressenza","article_publisher":"https:\/\/www.facebook.com\/PressenzaItalia","article_author":"https:\/\/www.facebook.com\/pressenza","article_published_time":"2024-05-25T21:34:14+00:00","og_image":[{"width":1600,"height":899,"url":"https:\/\/www.pressenza.com\/wp-content\/uploads\/2024\/05\/WHF.jpeg","type":"image\/jpeg"}],"author":"Pressenza IPA","twitter_card":"summary_large_image","twitter_creator":"@PressenzaIPA","twitter_site":"@PressenzaIPA","twitter_misc":{"\u00c9crit par":"Pressenza IPA","Dur\u00e9e de lecture estim\u00e9e":"1 minute"},"schema":{"@context":"https:\/\/schema.org","@graph":[{"@type":"Article","@id":"https:\/\/www.pressenza.com\/fr\/2024\/05\/que-peuvent-faire-les-peuples-pour-eviter-une-guerre-mondiale\/#article","isPartOf":{"@id":"https:\/\/www.pressenza.com\/fr\/2024\/05\/que-peuvent-faire-les-peuples-pour-eviter-une-guerre-mondiale\/"},"author":{"name":"Pressenza IPA","@id":"https:\/\/www.pressenza.com\/fr\/#\/schema\/person\/010e5d02bcf40965427a1289a4cc8d75"},"headline":"Que peuvent faire les peuples pour \u00e9viter une guerre mondiale ?","datePublished":"2024-05-25T21:34:14+00:00","mainEntityOfPage":{"@id":"https:\/\/www.pressenza.com\/fr\/2024\/05\/que-peuvent-faire-les-peuples-pour-eviter-une-guerre-mondiale\/"},"wordCount":199,"publisher":{"@id":"https:\/\/www.pressenza.com\/fr\/#organization"},"image":{"@id":"https:\/\/www.pressenza.com\/fr\/2024\/05\/que-peuvent-faire-les-peuples-pour-eviter-une-guerre-mondiale\/#primaryimage"},"thumbnailUrl":"https:\/\/www.pressenza.com\/wp-content\/uploads\/2024\/05\/WHF.jpeg","keywords":["\u00e9viter une guerre mondiale","Forum Humaniste Mondial"],"articleSection":["Contenu Original","International","Paix et D\u00e9sarmement","Video"],"inLanguage":"fr-FR"},{"@type":"WebPage","@id":"https:\/\/www.pressenza.com\/fr\/2024\/05\/que-peuvent-faire-les-peuples-pour-eviter-une-guerre-mondiale\/","url":"https:\/\/www.pressenza.com\/fr\/2024\/05\/que-peuvent-faire-les-peuples-pour-eviter-une-guerre-mondiale\/","name":"Que peuvent faire les peuples pour \u00e9viter une guerre mondiale ?","isPartOf":{"@id":"https:\/\/www.pressenza.com\/fr\/#website"},"primaryImageOfPage":{"@id":"https:\/\/www.pressenza.com\/fr\/2024\/05\/que-peuvent-faire-les-peuples-pour-eviter-une-guerre-mondiale\/#primaryimage"},"image":{"@id":"https:\/\/www.pressenza.com\/fr\/2024\/05\/que-peuvent-faire-les-peuples-pour-eviter-une-guerre-mondiale\/#primaryimage"},"thumbnailUrl":"https:\/\/www.pressenza.com\/wp-content\/uploads\/2024\/05\/WHF.jpeg","datePublished":"2024-05-25T21:34:14+00:00","description":"La premi\u00e8re s\u00e9ance d'une s\u00e9rie organis\u00e9e par le Forum Humaniste Mondial a eu lieu le dimanche 19 mai avec la participation de Rafael de la Rubia - l'un","breadcrumb":{"@id":"https:\/\/www.pressenza.com\/fr\/2024\/05\/que-peuvent-faire-les-peuples-pour-eviter-une-guerre-mondiale\/#breadcrumb"},"inLanguage":"fr-FR","potentialAction":[{"@type":"ReadAction","target":["https:\/\/www.pressenza.com\/fr\/2024\/05\/que-peuvent-faire-les-peuples-pour-eviter-une-guerre-mondiale\/"]}]},{"@type":"ImageObject","inLanguage":"fr-FR","@id":"https:\/\/www.pressenza.com\/fr\/2024\/05\/que-peuvent-faire-les-peuples-pour-eviter-une-guerre-mondiale\/#primaryimage","url":"https:\/\/www.pressenza.com\/wp-content\/uploads\/2024\/05\/WHF.jpeg","contentUrl":"https:\/\/www.pressenza.com\/wp-content\/uploads\/2024\/05\/WHF.jpeg","width":1600,"height":899},{"@type":"BreadcrumbList","@id":"https:\/\/www.pressenza.com\/fr\/2024\/05\/que-peuvent-faire-les-peuples-pour-eviter-une-guerre-mondiale\/#breadcrumb","itemListElement":[{"@type":"ListItem","position":1,"name":"Accueil","item":"https:\/\/www.pressenza.com\/fr\/"},{"@type":"ListItem","position":2,"name":"Que peuvent faire les peuples pour \u00e9viter une guerre mondiale ?"}]},{"@type":"WebSite","@id":"https:\/\/www.pressenza.com\/fr\/#website","url":"https:\/\/www.pressenza.com\/fr\/","name":"Pressenza","description":"International Press Agency","publisher":{"@id":"https:\/\/www.pressenza.com\/fr\/#organization"},"potentialAction":[{"@type":"SearchAction","target":{"@type":"EntryPoint","urlTemplate":"https:\/\/www.pressenza.com\/fr\/?s={search_term_string}"},"query-input":{"@type":"PropertyValueSpecification","valueRequired":true,"valueName":"search_term_string"}}],"inLanguage":"fr-FR"},{"@type":"Organization","@id":"https:\/\/www.pressenza.com\/fr\/#organization","name":"Pressenza","url":"https:\/\/www.pressenza.com\/fr\/","logo":{"@type":"ImageObject","inLanguage":"fr-FR","@id":"https:\/\/www.pressenza.com\/fr\/#\/schema\/logo\/image\/","url":"https:\/\/www.pressenza.com\/wp-content\/uploads\/2022\/10\/pressenza_logo_200x200.jpg","contentUrl":"https:\/\/www.pressenza.com\/wp-content\/uploads\/2022\/10\/pressenza_logo_200x200.jpg","width":200,"height":200,"caption":"Pressenza"},"image":{"@id":"https:\/\/www.pressenza.com\/fr\/#\/schema\/logo\/image\/"},"sameAs":["https:\/\/www.facebook.com\/PressenzaItalia","https:\/\/x.com\/PressenzaIPA"]},{"@type":"Person","@id":"https:\/\/www.pressenza.com\/fr\/#\/schema\/person\/010e5d02bcf40965427a1289a4cc8d75","name":"Pressenza IPA","description":"News from Pressenza IPA correspondents","sameAs":["https:\/\/www.facebook.com\/pressenza","https:\/\/x.com\/PressenzaIPA"],"url":"https:\/\/www.pressenza.com\/fr\/author\/pressenza-ipa\/"}]}},"place":"","original_article_url":"","_links":{"self":[{"href":"https:\/\/www.pressenza.com\/fr\/wp-json\/wp\/v2\/posts\/2526840","targetHints":{"allow":["GET"]}}],"collection":[{"href":"https:\/\/www.pressenza.com\/fr\/wp-json\/wp\/v2\/posts"}],"about":[{"href":"https:\/\/www.pressenza.com\/fr\/wp-json\/wp\/v2\/types\/post"}],"author":[{"embeddable":true,"href":"https:\/\/www.pressenza.com\/fr\/wp-json\/wp\/v2\/users\/19"}],"replies":[{"embeddable":true,"href":"https:\/\/www.pressenza.com\/fr\/wp-json\/wp\/v2\/comments?post=2526840"}],"version-history":[{"count":0,"href":"https:\/\/www.pressenza.com\/fr\/wp-json\/wp\/v2\/posts\/2526840\/revisions"}],"wp:featuredmedia":[{"embeddable":true,"href":"https:\/\/www.pressenza.com\/fr\/wp-json\/wp\/v2\/media\/2489533"}],"wp:attachment":[{"href":"https:\/\/www.pressenza.com\/fr\/wp-json\/wp\/v2\/media?parent=2526840"}],"wp:term":[{"taxonomy":"category","embeddable":true,"href":"https:\/\/www.pressenza.com\/fr\/wp-json\/wp\/v2\/categories?post=2526840"},{"taxonomy":"post_tag","embeddable":true,"href":"https:\/\/www.pressenza.com\/fr\/wp-json\/wp\/v2\/tags?post=2526840"}],"curies":[{"name":"wp","href":"https:\/\/api.w.org\/{rel}","templated":true}]}}