{"id":251208,"date":"2015-11-29T18:25:12","date_gmt":"2015-11-29T18:25:12","guid":{"rendered":"http:\/\/www.pressenza.com\/fr\/?p=251208"},"modified":"2015-11-29T18:29:16","modified_gmt":"2015-11-29T18:29:16","slug":"la-rebellion-des-semeurs","status":"publish","type":"post","link":"https:\/\/www.pressenza.com\/fr\/2015\/11\/la-rebellion-des-semeurs\/","title":{"rendered":"La r\u00e9bellion des semeurs"},"content":{"rendered":"<blockquote><p>\u00ab\u00a0Il faudrait faire des trous avec la houe pour enterrer la semence et m\u00eame ainsi on est s\u00fbr que rien ne na\u00eetra\u00a0; ni ma\u00efs ni rien d\u2019autre ne poussera\u00a0\u00bb.<\/p>\n<p>Juan Rulfo, \u00ab\u00a0Pedro Paramo\u00a0\u00bb<\/p><\/blockquote>\n<p>Toute l\u2019histoire a commenc\u00e9 \u00e0 la fin de la deuxi\u00e8me Guerre Mondiale et on l\u2019a appel\u00e9e la R\u00e9volution verte. Un nord-am\u00e9ricain financ\u00e9 par les Rockefeller\u00a0 se mit \u00e0 \u00ab\u00a0am\u00e9liorer\u00a0\u00bb (\u00e0 trafiquer) des vari\u00e9t\u00e9s de semences dans un laboratoire, \u00e0 quoi il ajouta l\u2019utilisation de nouvelles technologies (agro toxiques) et le semis d\u2019une seule vari\u00e9t\u00e9 durant un temps ind\u00e9termin\u00e9 (monoculture). Comme cet essai donna de bons r\u00e9sultats, une grande r\u00e9colte en peu de temps, ils ont commenc\u00e9 \u00e0 exporter ce mod\u00e8le dans le monde entier. Le Venezuela n\u2019y \u00e9chappa pas.<\/p>\n<p>Ce r\u00e9sum\u00e9, simpliste par sa bri\u00e8vet\u00e9, ne rend pas compte d\u2019une bonne affaire, celle des monopoles les plus influents du monde dans le secteur de la distribution des semences \u00ab\u00a0certifi\u00e9es\u00a0\u00bb, c\u2019est-\u00e0-dire, des semences modifi\u00e9es g\u00e9n\u00e9tiquement qui garantissent des r\u00e9coltes \u00ab\u00a0s\u00fbres\u00a0\u00bb\u00a0: celles qui se traduisent par la perte des semences nationales dans toute leur vari\u00e9t\u00e9, par la d\u00e9t\u00e9rioration et la st\u00e9rilit\u00e9 \u00e0 long terme des sols contraints \u00e0 force de produits chimiques \u00e0 produire un seul type d\u2019aliment, par l\u2019ins\u00e9curit\u00e9 en mati\u00e8re de sant\u00e9, l\u2019\u00e9crasement des petits et moyens producteurs paysans, la perte des savoirs ancestraux en ce qui concerne le travail de la terre.<\/p>\n<p>Ce qui est n\u00e9cessaire se perd au profit de ce qui urgent; dans notre pays ces multinationales se maintiennent \u00e0 flot au milieu de la guerre \u00e9conomique en fournissant des semences aux institutions d\u2019\u00e9tat qui les font parvenir aux familles de producteurs. Que se passe-t-il avec nos semences nationales\u00a0? Existe-t-il des efforts de collectifs paysans pour renverser cette r\u00e9alit\u00e9\u00a0? Y a-t-il des bras pour y parvenir\u00a0?<img loading=\"lazy\" decoding=\"async\" class=\"aligncenter size-full wp-image-7971\" src=\"https:\/\/venezuelainfos.files.wordpress.com\/2015\/11\/sabana-alta-3.jpg?w=523&amp;h=418\" alt=\"Sabana-Alta-3\" width=\"523\" height=\"418\" \/><\/p>\n<p><img loading=\"lazy\" decoding=\"async\" class=\"aligncenter size-full wp-image-7972\" src=\"https:\/\/venezuelainfos.files.wordpress.com\/2015\/11\/sabana-alta-1.jpg?w=523&amp;h=350\" alt=\"Sabana-Alta-1\" width=\"523\" height=\"350\" \/><\/p>\n<p><img loading=\"lazy\" decoding=\"async\" class=\"aligncenter size-full wp-image-7973\" src=\"https:\/\/venezuelainfos.files.wordpress.com\/2015\/11\/sabana-alta-2.jpg?w=523&amp;h=350\" alt=\"Sabana-Alta-2\" width=\"523\" height=\"350\" \/><\/p>\n<p><strong>\u00ab\u00a0\u2026avec l\u2019\u00e9p\u00e9e du g\u00e9n\u00e9ral Gabaldon\u2026\u00a0\u00bb<\/strong><\/p>\n<p>\u2026voil\u00e0 ce qu\u2019a \u00e9crit la po\u00e8te baleinier Caopolican Ovalles, et c\u2019est avec la m\u00eame force que l\u2019on dit \u00a0Argimiro ou Lara, un groupe de familles de producteurs a cr\u00e9\u00e9 le Conseil Paysan Argimiro Gabaldon dans la commune de Simon Planas, paroisse Gustavo Vega Leon,\u00a0 dans la zone d\u2019exploitation paysanne \u00ab\u00a0Sabana Alta.\u00a0\u00bb<\/p>\n<p>Argimiro fut un po\u00e8te et un guerrier, et ces deux points caract\u00e9risent le Conseil Paysan qui s\u2019est activ\u00e9 par besoin d\u2019organisation, pour cr\u00e9er des r\u00e9ponses alternatives aux besoins, raconte Jos\u00e9 Anzola, l\u2019un des porte-parole\u00a0: \u00ab\u00a0Nous avons commenc\u00e9 en 2013, avec une initiative de cr\u00e9dits accord\u00e9s par l\u2019\u00c9tat par le biais du Fonds pour le D\u00e9veloppement Agraire et Socialiste (Fondas). Le producteur devait marcher main dans la main avec le Conseil Communal\u00a0; celui-ci \u00e9tait charg\u00e9 d\u2019administrer les ressources accord\u00e9es pour les semailles. Mais cette m\u00e9thode n\u2019\u00e9tait pas en accord avec le v\u00e9ritable besoin du producteur car le Conseil Communal \u00e9tait vou\u00e9 aux questions d\u2019habitat, le A-B-C (A: sable, B, parpaing et C\u00a0: ciment) et les assembl\u00e9es des Conseils Communaux ne co\u00efncidaient pas avec les besoins urgents tels que les maladies des plantes ou les p\u00e9riodes de semailles. C\u2019est ainsi que nous avons commenc\u00e9 \u00e0 nous r\u00e9unir en grandes assembl\u00e9es de producteurs dans lesquelles nous avons pris en compte toutes les aspects particuliers \u00e0 cette zone\u00a0: secteur de culture du caf\u00e9, de la canne \u00e0 sucre, des c\u00e9r\u00e9ales, d\u2019\u00e9levage de bovins et autres types courants d\u2019\u00e9levages\u00a0\u00bb.<\/p>\n<p>Jos\u00e9 a tout juste vingt-neuf ans et il est d\u00e9j\u00e0 pass\u00e9 par l\u2019\u00e9tape de porte-parole du Conseil Pr\u00e9sidentiel des mouvements paysans. Des trois fr\u00e8res, il est le seul \u00e0 vouloir continuer \u00e0 travailler la terre et \u00e0 persuader toute la communaut\u00e9 paysanne de poursuivre sur son chemin. Malgr\u00e9 l\u2019indiff\u00e9rence et le ras-le-bol d\u2019avoir \u00e9t\u00e9 exploit\u00e9s par des entreprises priv\u00e9es dans l\u2019illusion de voir des am\u00e9liorations pour eux et leur famille\u00a0: chat \u00e9chaud\u00e9 craint l\u2019eau froide.<\/p>\n<p>Lorsqu\u2019ils ont commenc\u00e9, ils \u00e9taient vingt-trois producteurs. Une fois organis\u00e9s ils se sont pr\u00e9sent\u00e9s \u00e0 la Banque Agricole de l\u2019Etat de Lara et ils ont tous obtenu un financement. Ils ont commenc\u00e9 le travail de production sur les cent cinquante hectares des familles participantes. Les producteurs qui ne les avaient pas encore rejoints ont commenc\u00e9 \u00e0 se rapprocher en voyant que la proposition avan\u00e7ait et que les d\u00e9cisions \u00e9taient prises collectivement.<\/p>\n<p>\u00ab\u00a0Lorsque les paysans n\u2019\u00e9taient pas organis\u00e9s ils n\u2019avaient pas de possibilit\u00e9 de travailler les terres, c\u2019est pour cette raison qu\u2019ils les louaient aux entreprises priv\u00e9es qui semaient du ma\u00efs; ils payaient les paysans une mis\u00e8re pour chaque hectare cultiv\u00e9, le ma\u00efs sem\u00e9 \u00e9tait mis dans des silos priv\u00e9s qui \u00e9taient ensuite amen\u00e9s aux entreprises Polar et vers d\u2019autres silos afin de produire de l\u2019alcool au lieu d\u2019aliments\u00a0\u00bb, raconte Jos\u00e9.<\/p>\n<p>Mais il y avait aussi les paysans qui ne pouvaient pas payer leurs dettes envers l\u2019Etat parce que celui-ci leur avait accord\u00e9 les cr\u00e9dits au mois de d\u00e9cembre, moment o\u00f9 le cycle des semailles de haricots \u00e9tait d\u00e9pass\u00e9. Aussi le Conseil Paysan Argimiro Gabaldon est-il intervenu pour faire le lien entre ces producteurs et Fondas\u00a0; ils n\u00e9goci\u00e8rent la signature d\u2019un contrat de restructuration qui leur permettrait de solder ces dettes \u00e0 condition d\u2019\u00eatre refinanc\u00e9s. Gr\u00e2ce \u00e0 ce travail d\u2019organisation les producteurs ont fait de bonnes r\u00e9coltes et sont redevenus solvables vis-\u00e0-vis de l\u2019Etat.<\/p>\n<p>Aujourd\u2019hui, il y a d\u00e9j\u00e0 soixante-dix familles de producteurs qui font partie du Conseil Paysan, ils ont r\u00e9cup\u00e9r\u00e9 580 hectares de terres\u00a0: 520 sem\u00e9es de ma\u00efs, et 60 de haricots.<img loading=\"lazy\" decoding=\"async\" class=\"aligncenter size-full wp-image-7974\" src=\"https:\/\/venezuelainfos.files.wordpress.com\/2015\/11\/sabana-alta-6.jpg?w=523&amp;h=418\" alt=\"Sabana-Alta-6\" width=\"523\" height=\"418\" \/><\/p>\n<p><img loading=\"lazy\" decoding=\"async\" class=\"aligncenter size-full wp-image-7975\" src=\"https:\/\/venezuelainfos.files.wordpress.com\/2015\/11\/sabana-alta-4.jpg?w=523&amp;h=350\" alt=\"Sabana-Alta-4\" width=\"523\" height=\"350\" \/><\/p>\n<p><strong>Le probl\u00e8me des semences et des facteurs de production bio<\/strong><\/p>\n<p>C\u2019est ici que nous revenons \u00e0 notre introduction. Quel type de ma\u00efs est sem\u00e9 sur ces 520 hectares\u00a0? Pour y r\u00e9pondre il faut d\u2019abord voir\u00a0 comment marche la relation entre ces organisations paysannes de production familiale et l\u2019\u00c9tat. Les paysans ont r\u00e9cup\u00e9r\u00e9 des terres laiss\u00e9es en friche qui \u00e9taient l\u00e0 pour \u00ab\u00a0grossir\u00a0\u00bb les grands propri\u00e9taires, mais ils avaient besoin des outils n\u00e9cessaires pour les travailler et les rendre productives.<\/p>\n<p>Premier point: l\u2019Entreprise Socialiste Pedro Camejo, une entit\u00e9 de l\u2019\u00c9tat charg\u00e9e de la m\u00e9canisation agricole et qui fournit ses services pour pr\u00e9parer les terres, les semailles, les aspergements, la coupe et le transport de r\u00e9colte. Ses prix se situent bien en-dessous des tarifs pratiqu\u00e9s par les entit\u00e9s priv\u00e9es\u00a0: par exemple, ces derni\u00e8res font payer trois mille bolivars par hectare quand Pedro Camejo en demande cent soixante, sacr\u00e9e diff\u00e9rence.<\/p>\n<p>Deuxi\u00e8me point\u00a0: c\u2019est ici qu\u2019intervient l\u2019entreprise d\u2019\u00e9tat Agropatria, expropri\u00e9e lorsqu\u2019elle \u00e9tait connue sous le nom de Agroisle\u00f1a S.A. Cette entreprise est celle qui fournit les intrants \u00a0et les semences \u00e0 tous les producteurs. Bien que la semence qui se trouvait naturellement dans cette zone \u00e9tait celle du ma\u00efs cariaco, cette ann\u00e9e Agropatria a donn\u00e9 au Conseil Paysan Argimiro Gabaldon des semences Dekalb\u00ae (inscrit de cette fa\u00e7on avec la lettre \u00ab\u00a0r\u00a0\u00bb dans un petit cercle), import\u00e9es par Monsanto. Ce sont celles qui se trouvent sur les 520 hectares de terre.<\/p>\n<p>Dekalb\u00ae est une marque de ma\u00efs, caract\u00e9ris\u00e9e par ses \u00ab\u00a0hybrides hautement consistants qui peuvent faire augmenter les gains de l\u2019agriculteur\u00a0\u00bb, comme on le souligne dans les pages officielles. Pourquoi ceci se passe-t-il au Venezuela aujourd\u2019hui\u00a0? Ce qui est \u00e9vident pour Jos\u00e9 c\u2019est que les int\u00e9r\u00eats des mafias continuent d\u2019exister et celles-ci infiltrent les institutions de l\u2019\u00c9tat, gr\u00e2ce \u00e0 la collaboration interne dans le but d\u2019acc\u00e9der au dollar pr\u00e9f\u00e9rentiel destin\u00e9 aux importations.<\/p>\n<p>De plus\u00a0: \u00ab\u00a0Depuis que l\u2019on a introduit l\u2019agriculture verte dans le pays, peu \u00e0 peu les valeurs ancestrales se sont perdues, et gr\u00e2ce auxquelles les grands-p\u00e8res et grands-m\u00e8res et leurs a\u00efeux agriculteurs pr\u00e9servaient et administraient leurs semences. Ils n\u2019\u00e9taient pas en train d\u2019attendre devant une entreprise pour qu\u2019on leur vende des semences. Ils en gardaient lors des r\u00e9coltes pour le cycle suivant. Nous pouvons r\u00e9cup\u00e9rer nos semences. Nous sommes en train de faire un effort pour produire celles que nous s\u00e8merons l\u2019an prochain.\u00a0\u00bb<\/p>\n<p>Actuellement ce Conseil Paysan n\u2019utilise pas 100% d\u2019herbicides. Ils assurent qu\u2019ils utilisent des intrants biologiques moins toxiques et dommageables. \u00ab\u00a0Nous ne sommes pas dispos\u00e9s \u00e0 utiliser des semences transg\u00e9niques.\u00a0\u00bb Ils vont r\u00e9colter deux millions de kilos de ma\u00efs en 20 jours, destin\u00e9s aux silos d\u2019Agropatria. Avec le ma\u00efs on produira de l\u2019huile, des aliments concentr\u00e9s, et les 2\u00a0400\u00a0000 kilos de ma\u00efs conditionn\u00e9s seront envoy\u00e9s au moulin pour produire de la farine pr\u00e9cuite.<img loading=\"lazy\" decoding=\"async\" class=\"aligncenter size-full wp-image-7976\" src=\"https:\/\/venezuelainfos.files.wordpress.com\/2015\/11\/sabana-alta-13.jpg?w=523&amp;h=350\" alt=\"Sabana-Alta-13\" width=\"523\" height=\"350\" \/><\/p>\n<p><img loading=\"lazy\" decoding=\"async\" class=\"aligncenter size-full wp-image-7977\" src=\"https:\/\/venezuelainfos.files.wordpress.com\/2015\/11\/sabana-alta-8-1.jpg?w=523&amp;h=350\" alt=\"Sabana-Alta-8 (1)\" width=\"523\" height=\"350\" \/><\/p>\n<p><img loading=\"lazy\" decoding=\"async\" class=\"aligncenter size-full wp-image-7978\" src=\"https:\/\/venezuelainfos.files.wordpress.com\/2015\/11\/sabana-alta-10.jpg?w=523&amp;h=350\" alt=\"Sabana-Alta-10\" width=\"523\" height=\"350\" \/><\/p>\n<p><strong>Quelle est l\u2019\u00e9tape suivante\u00a0?<\/strong><\/p>\n<p>Il faut compter sur la m\u00e9thodologie ad\u00e9quate pour cr\u00e9er des ateliers o\u00f9 former les paysans sur la fa\u00e7on de faire les croisements de la semence nationale afin d\u2019am\u00e9liorer le rendement et les plants. \u00ab\u00a0Nous avons la connaissance, mais nous avons besoin d\u2019articuler cela avec l\u2019Institut National de Recherches Agricoles, lesquelles disposent de l\u2019appareil technologique pour prendre en charge le soutien technique et l\u2019accompagnement dans la s\u00e9lection et l\u2019am\u00e9lioration des semences.\u00a0\u00bb Pour Jos\u00e9, ceci est possible et d\u2019autres choses encore.<\/p>\n<p>\u00ab\u00a0Depuis que nous nous sommes constitu\u00e9s en Conseil Paysan, nous avons lutt\u00e9 pour ne pas d\u00e9pendre de l\u2019\u00c9tat par rapport au prestataire de services comme Pedro Camejo, et pour acqu\u00e9rir nos propres machines, les outils pour traiter, empaqueter et distribuer au niveau des Assembl\u00e9es Paysannes ce que nous semons et r\u00e9coltons, en particulier, pour nos communaut\u00e9s. Distribuer en \u00ab\u00a0demi-cercle\u00a0\u00bb comme disait Chavez, car nous avons rapproch\u00e9 le ma\u00efs de l\u2019\u00c9tat mais nous continuons \u00e0 acheter un kilo de farine revendue et de lait en poudre \u00e0 40 bolivars alors que son co\u00fbt est de 19 bolivars.<\/p>\n<p>Les d\u00e9fis sont nombreux et parfois compliqu\u00e9s, ils sont li\u00e9s \u00e0 des logiques bureaucratiques qui ne sont pas une caract\u00e9ristique de ces espaces. Mais la connaissance des technologies traditionnelles, la volont\u00e9 et l\u2019envie de d\u00e9passer les contradictions sont plus grandes\u00a0: \u00ab\u00a0Nous allons travailler pour ne pas d\u00e9pendre des semences distribu\u00e9es par l\u2019\u00c9tat, nous allons sauver et produire nos semences nationales. Nous allons travailler pour ne pas d\u00e9pendre d\u2019un produit agrochimique pour travailler la terre, pour produire nos propres intrants et ne pas d\u00e9pendre des importations. Aujourd\u2019hui, avec cette guerre \u00e9conomique, si on nous fait un blocus total et que nous ne produisons pas des semences, nous mourrons de faim\u00a0\u00bb.<\/p>\n<p>Jos\u00e9 dit que ce qu\u2019ils ont obtenu de plus pr\u00e9cieux jusqu\u2019\u00e0 pr\u00e9sent, au-del\u00e0 de ce qu\u2019ils pourraient g\u00e9n\u00e9rer dans leur propre secteur de production, c\u2019est la conscience\u00a0: \u00ab\u00a0Nous ne voulons pas perdre le travail de la terre, nous voulons poursuivre sur le chemin de nos grands-p\u00e8res et grands-m\u00e8res, de nos m\u00e8res et p\u00e8res\u00a0; ils ont sem\u00e9 \u00e0 la force du poignet, \u00e0 la main, sans machine, on produisait \u00e0 petite \u00e9chelle mais on produisait.\u00bb.<\/p>\n<p>Texte : Katherine Castrillo, <a class=\"ProfileHeaderCard-screennameLink u-linkComplex js-nav\" href=\"https:\/\/twitter.com\/ktikok\">@<span class=\"u-linkComplex-target\">ktikok<\/span><\/a><\/p>\n<p>Photos : Irene Echenique,\u00a0<a class=\"ProfileHeaderCard-screennameLink u-linkComplex js-nav\" href=\"https:\/\/twitter.com\/Irevendre\">@<span class=\"u-linkComplex-target\">Irevendre<\/span><\/a><\/p>\n<p>Source\u00a0: <a href=\"http:\/\/laculturanuestra.com\/producir-semillas-o-morir-de-hambre\/\">http:\/\/laculturanuestra.com\/producir-semillas-o-morir-de-hambre\/<\/a><\/p>\n<p>Traduction\u00a0: Sylvie Carrasco<\/p>\n<p>URL de cet article\u00a0:\u00a0<a href=\"http:\/\/wp.me\/p2ahp2-24v\">http:\/\/wp.me\/p2ahp2-24v<\/a><\/p>\n","protected":false},"excerpt":{"rendered":"<p>\u00ab\u00a0Il faudrait faire des trous avec la houe pour enterrer la semence et m\u00eame ainsi on est s\u00fbr que rien ne na\u00eetra\u00a0; ni ma\u00efs ni rien d\u2019autre ne poussera\u00a0\u00bb. Juan Rulfo, \u00ab\u00a0Pedro Paramo\u00a0\u00bb Toute l\u2019histoire a commenc\u00e9 \u00e0 la fin&hellip;<\/p>\n","protected":false},"author":882,"featured_media":251221,"comment_status":"closed","ping_status":"open","sticky":false,"template":"","format":"standard","meta":{"footnotes":""},"categories":[86,100],"tags":[6632,22125,34],"class_list":["post-251208","post","type-post","status-publish","format-standard","has-post-thumbnail","hentry","category-amerique-du-sud","category-economie","tag-semences","tag-semences-modifiees-genetiquement","tag-venezuela"],"yoast_head":"<!-- This site is optimized with the Yoast SEO plugin v27.1.1 - https:\/\/yoast.com\/product\/yoast-seo-wordpress\/ -->\n<title>La r\u00e9bellion des semeurs<\/title>\n<meta name=\"description\" content=\"\u00ab\u00a0Il faudrait faire des trous avec la houe pour enterrer la semence et m\u00eame ainsi on est s\u00fbr que rien ne na\u00eetra\u00a0; ni ma\u00efs ni rien d\u2019autre ne poussera\u00a0\u00bb.\" \/>\n<meta name=\"robots\" content=\"index, follow, max-snippet:-1, max-image-preview:large, max-video-preview:-1\" \/>\n<link rel=\"canonical\" href=\"https:\/\/www.pressenza.com\/fr\/2015\/11\/la-rebellion-des-semeurs\/\" \/>\n<meta property=\"og:locale\" content=\"fr_FR\" \/>\n<meta property=\"og:type\" content=\"article\" \/>\n<meta property=\"og:title\" content=\"La r\u00e9bellion des semeurs\" \/>\n<meta property=\"og:description\" content=\"\u00ab\u00a0Il faudrait faire des trous avec la houe pour enterrer la semence et m\u00eame ainsi on est s\u00fbr que rien ne na\u00eetra\u00a0; ni ma\u00efs ni rien d\u2019autre ne poussera\u00a0\u00bb.\" \/>\n<meta property=\"og:url\" content=\"https:\/\/www.pressenza.com\/fr\/2015\/11\/la-rebellion-des-semeurs\/\" \/>\n<meta property=\"og:site_name\" content=\"Pressenza\" \/>\n<meta property=\"article:publisher\" content=\"https:\/\/www.facebook.com\/PressenzaItalia\" \/>\n<meta property=\"article:published_time\" content=\"2015-11-29T18:25:12+00:00\" \/>\n<meta property=\"article:modified_time\" content=\"2015-11-29T18:29:16+00:00\" \/>\n<meta property=\"og:image\" content=\"https:\/\/www.pressenza.com\/wp-content\/uploads\/2015\/11\/La-r--bellion-des-semeurs.jpg\" \/>\n\t<meta property=\"og:image:width\" content=\"750\" \/>\n\t<meta property=\"og:image:height\" content=\"502\" \/>\n\t<meta property=\"og:image:type\" content=\"image\/jpeg\" \/>\n<meta name=\"author\" content=\"Venezuela Infos\" \/>\n<meta name=\"twitter:card\" content=\"summary_large_image\" \/>\n<meta name=\"twitter:creator\" content=\"@PressenzaIPA\" \/>\n<meta name=\"twitter:site\" content=\"@PressenzaIPA\" \/>\n<meta name=\"twitter:label1\" content=\"\u00c9crit par\" \/>\n\t<meta name=\"twitter:data1\" content=\"Venezuela Infos\" \/>\n\t<meta name=\"twitter:label2\" content=\"Dur\u00e9e de lecture estim\u00e9e\" \/>\n\t<meta name=\"twitter:data2\" content=\"10 minutes\" \/>\n<script type=\"application\/ld+json\" class=\"yoast-schema-graph\">{\"@context\":\"https:\/\/schema.org\",\"@graph\":[{\"@type\":\"Article\",\"@id\":\"https:\/\/www.pressenza.com\/fr\/2015\/11\/la-rebellion-des-semeurs\/#article\",\"isPartOf\":{\"@id\":\"https:\/\/www.pressenza.com\/fr\/2015\/11\/la-rebellion-des-semeurs\/\"},\"author\":{\"name\":\"Venezuela Infos\",\"@id\":\"https:\/\/www.pressenza.com\/fr\/#\/schema\/person\/154d7e582930cff90f302a120ca0aab6\"},\"headline\":\"La r\u00e9bellion des semeurs\",\"datePublished\":\"2015-11-29T18:25:12+00:00\",\"dateModified\":\"2015-11-29T18:29:16+00:00\",\"mainEntityOfPage\":{\"@id\":\"https:\/\/www.pressenza.com\/fr\/2015\/11\/la-rebellion-des-semeurs\/\"},\"wordCount\":1951,\"publisher\":{\"@id\":\"https:\/\/www.pressenza.com\/fr\/#organization\"},\"image\":{\"@id\":\"https:\/\/www.pressenza.com\/fr\/2015\/11\/la-rebellion-des-semeurs\/#primaryimage\"},\"thumbnailUrl\":\"https:\/\/www.pressenza.com\/wp-content\/uploads\/2015\/11\/La-r--bellion-des-semeurs.jpg\",\"keywords\":[\"semences\",\"semences modifi\u00e9es g\u00e9n\u00e9tiquement\",\"Venezuela\"],\"articleSection\":[\"Am\u00e9rique du Sud\",\"Economie\"],\"inLanguage\":\"fr-FR\"},{\"@type\":\"WebPage\",\"@id\":\"https:\/\/www.pressenza.com\/fr\/2015\/11\/la-rebellion-des-semeurs\/\",\"url\":\"https:\/\/www.pressenza.com\/fr\/2015\/11\/la-rebellion-des-semeurs\/\",\"name\":\"La r\u00e9bellion des semeurs\",\"isPartOf\":{\"@id\":\"https:\/\/www.pressenza.com\/fr\/#website\"},\"primaryImageOfPage\":{\"@id\":\"https:\/\/www.pressenza.com\/fr\/2015\/11\/la-rebellion-des-semeurs\/#primaryimage\"},\"image\":{\"@id\":\"https:\/\/www.pressenza.com\/fr\/2015\/11\/la-rebellion-des-semeurs\/#primaryimage\"},\"thumbnailUrl\":\"https:\/\/www.pressenza.com\/wp-content\/uploads\/2015\/11\/La-r--bellion-des-semeurs.jpg\",\"datePublished\":\"2015-11-29T18:25:12+00:00\",\"dateModified\":\"2015-11-29T18:29:16+00:00\",\"description\":\"\u00ab\u00a0Il faudrait faire des trous avec la houe pour enterrer la semence et m\u00eame ainsi on est s\u00fbr que rien ne na\u00eetra\u00a0; ni ma\u00efs ni rien d\u2019autre ne poussera\u00a0\u00bb.\",\"breadcrumb\":{\"@id\":\"https:\/\/www.pressenza.com\/fr\/2015\/11\/la-rebellion-des-semeurs\/#breadcrumb\"},\"inLanguage\":\"fr-FR\",\"potentialAction\":[{\"@type\":\"ReadAction\",\"target\":[\"https:\/\/www.pressenza.com\/fr\/2015\/11\/la-rebellion-des-semeurs\/\"]}]},{\"@type\":\"ImageObject\",\"inLanguage\":\"fr-FR\",\"@id\":\"https:\/\/www.pressenza.com\/fr\/2015\/11\/la-rebellion-des-semeurs\/#primaryimage\",\"url\":\"https:\/\/www.pressenza.com\/wp-content\/uploads\/2015\/11\/La-r--bellion-des-semeurs.jpg\",\"contentUrl\":\"https:\/\/www.pressenza.com\/wp-content\/uploads\/2015\/11\/La-r--bellion-des-semeurs.jpg\",\"width\":750,\"height\":502},{\"@type\":\"BreadcrumbList\",\"@id\":\"https:\/\/www.pressenza.com\/fr\/2015\/11\/la-rebellion-des-semeurs\/#breadcrumb\",\"itemListElement\":[{\"@type\":\"ListItem\",\"position\":1,\"name\":\"Accueil\",\"item\":\"https:\/\/www.pressenza.com\/fr\/\"},{\"@type\":\"ListItem\",\"position\":2,\"name\":\"La r\u00e9bellion des semeurs\"}]},{\"@type\":\"WebSite\",\"@id\":\"https:\/\/www.pressenza.com\/fr\/#website\",\"url\":\"https:\/\/www.pressenza.com\/fr\/\",\"name\":\"Pressenza\",\"description\":\"International Press Agency\",\"publisher\":{\"@id\":\"https:\/\/www.pressenza.com\/fr\/#organization\"},\"potentialAction\":[{\"@type\":\"SearchAction\",\"target\":{\"@type\":\"EntryPoint\",\"urlTemplate\":\"https:\/\/www.pressenza.com\/fr\/?s={search_term_string}\"},\"query-input\":{\"@type\":\"PropertyValueSpecification\",\"valueRequired\":true,\"valueName\":\"search_term_string\"}}],\"inLanguage\":\"fr-FR\"},{\"@type\":\"Organization\",\"@id\":\"https:\/\/www.pressenza.com\/fr\/#organization\",\"name\":\"Pressenza\",\"url\":\"https:\/\/www.pressenza.com\/fr\/\",\"logo\":{\"@type\":\"ImageObject\",\"inLanguage\":\"fr-FR\",\"@id\":\"https:\/\/www.pressenza.com\/fr\/#\/schema\/logo\/image\/\",\"url\":\"https:\/\/www.pressenza.com\/wp-content\/uploads\/2022\/10\/pressenza_logo_200x200.jpg\",\"contentUrl\":\"https:\/\/www.pressenza.com\/wp-content\/uploads\/2022\/10\/pressenza_logo_200x200.jpg\",\"width\":200,\"height\":200,\"caption\":\"Pressenza\"},\"image\":{\"@id\":\"https:\/\/www.pressenza.com\/fr\/#\/schema\/logo\/image\/\"},\"sameAs\":[\"https:\/\/www.facebook.com\/PressenzaItalia\",\"https:\/\/x.com\/PressenzaIPA\"]},{\"@type\":\"Person\",\"@id\":\"https:\/\/www.pressenza.com\/fr\/#\/schema\/person\/154d7e582930cff90f302a120ca0aab6\",\"name\":\"Venezuela Infos\",\"description\":\"Venezuelainfos, Le blog de Thierry Deronne Cin\u00e9aste, universitaire, licenci\u00e9 en communications sociales (ihecs.be), je vis depuis 1994 au Venezuela pour travailler \u00e0 l'appropriation populaire des m\u00e9dias. Dans un monde o\u00f9 la politique est largement pass\u00e9e sous commande des m\u00e9dias, faire la r\u00e9volution signifie non seulement d\u00e9mocratiser leur propri\u00e9t\u00e9 mais aussi changer leur mode de production. Par exemple, abandonner la forme \\\"studio\\\" pour cr\u00e9er l'information \u00e0 partir des organisations populaires. Ou refonder des \u00e9coles de communication populaire aux antipodes d'un journalisme format\u00e9 par le libre march\u00e9. Courriel: blogvenezuelainfos@gmail.com\",\"url\":\"https:\/\/www.pressenza.com\/fr\/author\/venezuela-infos\/\"}]}<\/script>\n<!-- \/ Yoast SEO plugin. -->","yoast_head_json":{"title":"La r\u00e9bellion des semeurs","description":"\u00ab\u00a0Il faudrait faire des trous avec la houe pour enterrer la semence et m\u00eame ainsi on est s\u00fbr que rien ne na\u00eetra\u00a0; ni ma\u00efs ni rien d\u2019autre ne poussera\u00a0\u00bb.","robots":{"index":"index","follow":"follow","max-snippet":"max-snippet:-1","max-image-preview":"max-image-preview:large","max-video-preview":"max-video-preview:-1"},"canonical":"https:\/\/www.pressenza.com\/fr\/2015\/11\/la-rebellion-des-semeurs\/","og_locale":"fr_FR","og_type":"article","og_title":"La r\u00e9bellion des semeurs","og_description":"\u00ab\u00a0Il faudrait faire des trous avec la houe pour enterrer la semence et m\u00eame ainsi on est s\u00fbr que rien ne na\u00eetra\u00a0; ni ma\u00efs ni rien d\u2019autre ne poussera\u00a0\u00bb.","og_url":"https:\/\/www.pressenza.com\/fr\/2015\/11\/la-rebellion-des-semeurs\/","og_site_name":"Pressenza","article_publisher":"https:\/\/www.facebook.com\/PressenzaItalia","article_published_time":"2015-11-29T18:25:12+00:00","article_modified_time":"2015-11-29T18:29:16+00:00","og_image":[{"width":750,"height":502,"url":"https:\/\/www.pressenza.com\/wp-content\/uploads\/2015\/11\/La-r--bellion-des-semeurs.jpg","type":"image\/jpeg"}],"author":"Venezuela Infos","twitter_card":"summary_large_image","twitter_creator":"@PressenzaIPA","twitter_site":"@PressenzaIPA","twitter_misc":{"\u00c9crit par":"Venezuela Infos","Dur\u00e9e de lecture estim\u00e9e":"10 minutes"},"schema":{"@context":"https:\/\/schema.org","@graph":[{"@type":"Article","@id":"https:\/\/www.pressenza.com\/fr\/2015\/11\/la-rebellion-des-semeurs\/#article","isPartOf":{"@id":"https:\/\/www.pressenza.com\/fr\/2015\/11\/la-rebellion-des-semeurs\/"},"author":{"name":"Venezuela Infos","@id":"https:\/\/www.pressenza.com\/fr\/#\/schema\/person\/154d7e582930cff90f302a120ca0aab6"},"headline":"La r\u00e9bellion des semeurs","datePublished":"2015-11-29T18:25:12+00:00","dateModified":"2015-11-29T18:29:16+00:00","mainEntityOfPage":{"@id":"https:\/\/www.pressenza.com\/fr\/2015\/11\/la-rebellion-des-semeurs\/"},"wordCount":1951,"publisher":{"@id":"https:\/\/www.pressenza.com\/fr\/#organization"},"image":{"@id":"https:\/\/www.pressenza.com\/fr\/2015\/11\/la-rebellion-des-semeurs\/#primaryimage"},"thumbnailUrl":"https:\/\/www.pressenza.com\/wp-content\/uploads\/2015\/11\/La-r--bellion-des-semeurs.jpg","keywords":["semences","semences modifi\u00e9es g\u00e9n\u00e9tiquement","Venezuela"],"articleSection":["Am\u00e9rique du Sud","Economie"],"inLanguage":"fr-FR"},{"@type":"WebPage","@id":"https:\/\/www.pressenza.com\/fr\/2015\/11\/la-rebellion-des-semeurs\/","url":"https:\/\/www.pressenza.com\/fr\/2015\/11\/la-rebellion-des-semeurs\/","name":"La r\u00e9bellion des semeurs","isPartOf":{"@id":"https:\/\/www.pressenza.com\/fr\/#website"},"primaryImageOfPage":{"@id":"https:\/\/www.pressenza.com\/fr\/2015\/11\/la-rebellion-des-semeurs\/#primaryimage"},"image":{"@id":"https:\/\/www.pressenza.com\/fr\/2015\/11\/la-rebellion-des-semeurs\/#primaryimage"},"thumbnailUrl":"https:\/\/www.pressenza.com\/wp-content\/uploads\/2015\/11\/La-r--bellion-des-semeurs.jpg","datePublished":"2015-11-29T18:25:12+00:00","dateModified":"2015-11-29T18:29:16+00:00","description":"\u00ab\u00a0Il faudrait faire des trous avec la houe pour enterrer la semence et m\u00eame ainsi on est s\u00fbr que rien ne na\u00eetra\u00a0; ni ma\u00efs ni rien d\u2019autre ne poussera\u00a0\u00bb.","breadcrumb":{"@id":"https:\/\/www.pressenza.com\/fr\/2015\/11\/la-rebellion-des-semeurs\/#breadcrumb"},"inLanguage":"fr-FR","potentialAction":[{"@type":"ReadAction","target":["https:\/\/www.pressenza.com\/fr\/2015\/11\/la-rebellion-des-semeurs\/"]}]},{"@type":"ImageObject","inLanguage":"fr-FR","@id":"https:\/\/www.pressenza.com\/fr\/2015\/11\/la-rebellion-des-semeurs\/#primaryimage","url":"https:\/\/www.pressenza.com\/wp-content\/uploads\/2015\/11\/La-r--bellion-des-semeurs.jpg","contentUrl":"https:\/\/www.pressenza.com\/wp-content\/uploads\/2015\/11\/La-r--bellion-des-semeurs.jpg","width":750,"height":502},{"@type":"BreadcrumbList","@id":"https:\/\/www.pressenza.com\/fr\/2015\/11\/la-rebellion-des-semeurs\/#breadcrumb","itemListElement":[{"@type":"ListItem","position":1,"name":"Accueil","item":"https:\/\/www.pressenza.com\/fr\/"},{"@type":"ListItem","position":2,"name":"La r\u00e9bellion des semeurs"}]},{"@type":"WebSite","@id":"https:\/\/www.pressenza.com\/fr\/#website","url":"https:\/\/www.pressenza.com\/fr\/","name":"Pressenza","description":"International Press Agency","publisher":{"@id":"https:\/\/www.pressenza.com\/fr\/#organization"},"potentialAction":[{"@type":"SearchAction","target":{"@type":"EntryPoint","urlTemplate":"https:\/\/www.pressenza.com\/fr\/?s={search_term_string}"},"query-input":{"@type":"PropertyValueSpecification","valueRequired":true,"valueName":"search_term_string"}}],"inLanguage":"fr-FR"},{"@type":"Organization","@id":"https:\/\/www.pressenza.com\/fr\/#organization","name":"Pressenza","url":"https:\/\/www.pressenza.com\/fr\/","logo":{"@type":"ImageObject","inLanguage":"fr-FR","@id":"https:\/\/www.pressenza.com\/fr\/#\/schema\/logo\/image\/","url":"https:\/\/www.pressenza.com\/wp-content\/uploads\/2022\/10\/pressenza_logo_200x200.jpg","contentUrl":"https:\/\/www.pressenza.com\/wp-content\/uploads\/2022\/10\/pressenza_logo_200x200.jpg","width":200,"height":200,"caption":"Pressenza"},"image":{"@id":"https:\/\/www.pressenza.com\/fr\/#\/schema\/logo\/image\/"},"sameAs":["https:\/\/www.facebook.com\/PressenzaItalia","https:\/\/x.com\/PressenzaIPA"]},{"@type":"Person","@id":"https:\/\/www.pressenza.com\/fr\/#\/schema\/person\/154d7e582930cff90f302a120ca0aab6","name":"Venezuela Infos","description":"Venezuelainfos, Le blog de Thierry Deronne Cin\u00e9aste, universitaire, licenci\u00e9 en communications sociales (ihecs.be), je vis depuis 1994 au Venezuela pour travailler \u00e0 l'appropriation populaire des m\u00e9dias. Dans un monde o\u00f9 la politique est largement pass\u00e9e sous commande des m\u00e9dias, faire la r\u00e9volution signifie non seulement d\u00e9mocratiser leur propri\u00e9t\u00e9 mais aussi changer leur mode de production. Par exemple, abandonner la forme \"studio\" pour cr\u00e9er l'information \u00e0 partir des organisations populaires. Ou refonder des \u00e9coles de communication populaire aux antipodes d'un journalisme format\u00e9 par le libre march\u00e9. Courriel: blogvenezuelainfos@gmail.com","url":"https:\/\/www.pressenza.com\/fr\/author\/venezuela-infos\/"}]}},"place":"Venezuela","original_article_url":"https:\/\/venezuelainfos.wordpress.com\/2015\/11\/24\/la-rebellion-des-semeurs\/","_links":{"self":[{"href":"https:\/\/www.pressenza.com\/fr\/wp-json\/wp\/v2\/posts\/251208","targetHints":{"allow":["GET"]}}],"collection":[{"href":"https:\/\/www.pressenza.com\/fr\/wp-json\/wp\/v2\/posts"}],"about":[{"href":"https:\/\/www.pressenza.com\/fr\/wp-json\/wp\/v2\/types\/post"}],"author":[{"embeddable":true,"href":"https:\/\/www.pressenza.com\/fr\/wp-json\/wp\/v2\/users\/882"}],"replies":[{"embeddable":true,"href":"https:\/\/www.pressenza.com\/fr\/wp-json\/wp\/v2\/comments?post=251208"}],"version-history":[{"count":0,"href":"https:\/\/www.pressenza.com\/fr\/wp-json\/wp\/v2\/posts\/251208\/revisions"}],"wp:featuredmedia":[{"embeddable":true,"href":"https:\/\/www.pressenza.com\/fr\/wp-json\/wp\/v2\/media\/251221"}],"wp:attachment":[{"href":"https:\/\/www.pressenza.com\/fr\/wp-json\/wp\/v2\/media?parent=251208"}],"wp:term":[{"taxonomy":"category","embeddable":true,"href":"https:\/\/www.pressenza.com\/fr\/wp-json\/wp\/v2\/categories?post=251208"},{"taxonomy":"post_tag","embeddable":true,"href":"https:\/\/www.pressenza.com\/fr\/wp-json\/wp\/v2\/tags?post=251208"}],"curies":[{"name":"wp","href":"https:\/\/api.w.org\/{rel}","templated":true}]}}