{"id":246369,"date":"2015-11-16T22:35:31","date_gmt":"2015-11-16T22:35:31","guid":{"rendered":"http:\/\/www.pressenza.com\/fr\/?p=246369"},"modified":"2016-03-30T18:59:08","modified_gmt":"2016-03-30T17:59:08","slug":"les-attentats-de-paris-la-guerre-et-le-sens-de-la-non-violence","status":"publish","type":"post","link":"https:\/\/www.pressenza.com\/fr\/2015\/11\/les-attentats-de-paris-la-guerre-et-le-sens-de-la-non-violence\/","title":{"rendered":"Les attentats de Paris, la guerre et le sens de la non-violence"},"content":{"rendered":"<p>Le ciel au-dessus de Paris \u00e9tait livide samedi matin. La nuit pr\u00e9c\u00e9dente a \u00e9t\u00e9 terrible, probablement une de celles que l\u2019Histoire retiendra.<\/p>\n<p>Je suis en train d\u2019\u00e9crire \u2013 et ce n\u2019est pas facile, j\u2019avoue \u2013 depuis une ville en guerre, depuis un pays en guerre. Le probl\u00e8me c\u2019est qu\u2019on se rend compte de cette guerre, en France comme en Europe, seulement maintenant. Pour comprendre tout cela on a attendu d&rsquo;avoir devant nos yeux plus de 120 victimes innocentes\u00a0 (selon le dernier bilan des sources d\u2019information) et une ville \u00e0 feu et \u00e0 sang. On a attendu d&rsquo;avoir\u00a0 \u201cnos\u201d morts, sans aucune consid\u00e9ration pour les personnes que nous contribuons \u00e0 tuer chaque jour dans le reste du monde par le biais des interventions militaires, du commerce des armes, de l\u2019exploitation humaine et environnementale et plus g\u00e9n\u00e9ralement \u00e0 travers le soutien moral et \u00e9conomique d&rsquo;un syst\u00e8me intrins\u00e8quement violent.<\/p>\n<p>Le choc et la douleur me gagnent, j\u2019ai encore du mal \u00e0 r\u00e9aliser. Hier soir \u00e0 l\u2019arriv\u00e9e des premi\u00e8res news et en parlant au t\u00e9l\u00e9phone avec les amis, ma premi\u00e8re pens\u00e9e a \u00e9t\u00e9, peut-\u00eatre banale et \u00e9go\u00efste : \u201cquelle chance, heureusement que je suis rest\u00e9 chez moi\u201d. Ce n\u2019est pas agr\u00e9able de s\u2019apercevoir que pr\u00e8s de l&rsquo;endroit o\u00f9 tu habites, dans une salle de spectacles devant laquelle tu passes\u00a0 tous les jours, dans un bar o\u00f9 tu aurais pu boire un coup, dans une rue o\u00f9 tu as march\u00e9 des millions de fois, quelqu\u2019un a perdu la vie, par hasard. Ensuite ma pens\u00e9e a essay\u00e9 de s\u2019\u00e9tendre, allant vers les amis qui \u00e9taient dans la rue et qui sont vite rentr\u00e9s chez eux terroris\u00e9s, vers ceux qui travaillaient dans les restaurants blind\u00e9s d&rsquo;un vendredi soir et qui sont rest\u00e9s des heures enferm\u00e9s avec leurs clients, vers ceux qui \u00e9taient encore plus pr\u00e8s que moi de ce chaos parisien d\u2019un vendredi 13 plus malheureux que d\u2019habitude. Puis, j\u2019ai pens\u00e9 fortement aux victimes et \u00e0 leurs proches, leur d\u00e9diant une pri\u00e8re la\u00efque, et j\u2019ai r\u00e9fl\u00e9chi \u00e0 l\u2019humanit\u00e9 qui a une fois de plus r\u00e9sist\u00e9, \u00e0 l&rsquo;image de tous ceux qui ont port\u00e9 secours au milieu du d\u00e9sordre et qui ont ouvert leurs portes pour accueillir ceux qui fuyaient\u00a0 la trag\u00e9die.<\/p>\n<p>Continuant son voyage, mon esprit s\u2019est connect\u00e9 \u00e0 ceux qui,\u00a0beaucoup plus que moi, vivent\u00a0chaque jour dans une telle angoisse et qui n\u00e9anmoins pr\u00e9servent leur dignit\u00e9 et font en sorte de continuer leur vie malgr\u00e9 tout. J\u2019ai pens\u00e9 \u00e0 la r\u00e9alit\u00e9 tendue que j\u2019ai vue en Palestine il y a quelques mois, aux histoires douloureuses des Kurdes et des Syriens, \u00e0 ceux qui se trouvent au milieu des guerres d&rsquo;Afrique subsaharienne, \u00e0 l\u2019attentat de jeudi dans le quartier chiite de Beyrouth\u2026 et \u00e0 ceux qui essayent d\u2019\u00e9chapper \u00e0 cette \u00ab\u00a0troisi\u00e8me guerre mondiale diffus\u00e9e\u201d et qui ont du mal \u00e0 \u00eatre accueillis.<\/p>\n<p>C\u2019\u00e9tait en r\u00e9fl\u00e9chissant \u00e0 ces conditions inhumaines dans lesquelles trop d\u2019\u00eatres humains vivent encore, que je me suis rapproch\u00e9 du sens de mon engagement pour la non-violence. A ceux qui me demandent pourquoi je tiens beaucoup aux luttes pour la paix et \u00e0 la renaissance d\u2019un\u00a0 mouvement pacifiste\u00a0fort. A ceux qui me demandent la raison de mon obstination \u00e0 parler de non-violence\u00a0 face\u00a0 a des regards de m\u00e9pris et de suffisance de mes interlocuteurs &#8211; qui me consid\u00e8rent dans le meilleur des cas comme un utopiste et dans le pire comme un na\u00eff &#8211;\u00a0 ma r\u00e9ponse est simple. Je ne veux plus jamais revivre les sensations choquantes que j\u2019ai v\u00e9cues vendredi soir,\u00a0 m\u00eame si je n\u2019\u00e9tais pas directement concern\u00e9\u00a0 et que je me trouvais dans une position de \u201cprivil\u00e9gi\u00e9\u201d. Et je veux que plus aucune personne dans le monde ne le revive.<\/p>\n<p>Je ne veux absolument plus voir le monde en proie \u00e0 la violence. Je parle de la violence brutale, arm\u00e9e, \u00e9vidente\u2026 Mais aussi de la violence du capitalisme et des \u00e9tats. Je parle de la violence de tous les jours, que nous reproduisons dans les rapports humains et qui nous emp\u00eache de coop\u00e9rer, de consid\u00e9rer les autres comme des \u00eatres humains, qui nous divise, et nous am\u00e8ne \u00e0 d\u00e9truire la seule maison commune que nous avons, la Terre. Regardez autour de vous un peu plus attentivement et vous allez trouver ces exemples de violence que je viens de d\u00e9crire. Probablement qu&rsquo;au cours des prochains jours nous allons voir un autre niveau de violence : les chacals ont d\u00e9j\u00e0 commenc\u00e9 \u00e0 faire leur m\u00e9tier en semant la peur et la haine, en montrant du doigt le bouc \u00e9missaire le plus proche \u2013 les musulmans \u2013, en durcissant encore plus le contr\u00f4le des fronti\u00e8res \u00e0 l\u2019\u00e9gard des migrants et des r\u00e9fugi\u00e9s, en militarisant et en limitant les manifestations, tout en instaurant un climat de terreur.<\/p>\n<p>Face \u00e0 la crise que nous vivons et \u00e0 l\u2019inhumanit\u00e9 qui r\u00e8gne, la riposte violente est d\u00e9j\u00e0 arriv\u00e9e, avec la spirale classique du \u201c \u0153il pour \u0153il et le monde sera aveugle \u201d d\u00e9j\u00e0 cit\u00e9e par Gandhi. Maintenant, ce dont le monde entier a besoin &#8211; et pas seulement Paris -, c&rsquo;est d&rsquo;une vraie culture de la paix et de la non-violence. Sans hypocrisie, concr\u00e8te, active, quotidienne. Je crois que c\u2019est la meilleure fa\u00e7on de soutenir ceux qui souffrent aujourd&rsquo;hui et d&rsquo;\u00e9viter le pire. Chercher \u00e0 \u201crester humains\u201d, comme l\u2019\u00e9crivait le militant pacifiste Vittorio Arrigoni.<\/p>\n<p>Ne nous renfermons pas dans la peur et la haine. Engageons-nous, chacun dans notre milieu, contre la militarisation des territoires, contre la guerre et les alliances destructives et meurtri\u00e8res comme l\u2019Otan. Luttons pour la r\u00e9duction drastique des d\u00e9penses militaires et pour des formes alternatives de d\u00e9fense, choisissons de boycotter les banques qui font leurs profits avec les armes et les entreprises qui ne respectent ni les travailleurs ni l\u2019environnement. Prenons soins de nos vies et de ceux qui nous entourent, occupons-nous un peu plus des autres et pas seulement de nous-m\u00eames. Construisons de cette mani\u00e8re, \u00e0 travers la non-violence active et organis\u00e9e, un monde digne d\u2019\u00eatre v\u00e9cu.<\/p>\n<p><a href=\"http:\/\/www.pressenza.com\/it\/2015\/10\/nonviolenza-o-barbarie\/\">\u00ab\u00a0Non-violence ou barbarie<\/a>\u00a0\u00bb, nous ont rappel\u00e9 les amis du Mouvement Non-violent italien \u00e0 l\u2019occasion du 2 octobre dernier. Maintenant plus que jamais, face \u00e0 la barbarie \u00e9vidente, il faut essayer de renverser la tendance.<\/p>\n<p>&nbsp;<\/p>\n<p>&nbsp;<\/p>\n<p><em>(Merci \u00e0 <\/em><a href=\"https:\/\/www.facebook.com\/Sgro-En-Contraste-arts-visuels-863381430397787\/\" target=\"_blank\">Sara Sgro&rsquo;<\/a><em> pour l&rsquo;aimable autorisation \u00e0 utiliser son oeuvre \u00ab\u00a0Abbraccio di vita\u00a0\u00bb [\u00c9<\/em><em>treinte de vie], d\u00e9di\u00e9e aux \u00e9v\u00e9nements de Paris, pour l&rsquo;illustration de cet article)<\/em><\/p>\n","protected":false},"excerpt":{"rendered":"<p>Le ciel au-dessus de Paris \u00e9tait livide samedi matin. La nuit pr\u00e9c\u00e9dente a \u00e9t\u00e9 terrible, probablement une de celles que l\u2019Histoire retiendra. Je suis en train d\u2019\u00e9crire \u2013 et ce n\u2019est pas facile, j\u2019avoue \u2013 depuis une ville en guerre,&hellip;<\/p>\n","protected":false},"author":1154,"featured_media":245619,"comment_status":"closed","ping_status":"open","sticky":false,"template":"","format":"standard","meta":{"footnotes":""},"categories":[11386,85,1248,163,95],"tags":[25375,15323,1034,458,2322,15301,605],"class_list":["post-246369","post","type-post","status-publish","format-standard","has-post-thumbnail","hentry","category-contenu-original","category-europe-fr","category-nonviolence-sujet","category-opinion-fr","category-affaires-etrangeres","tag-action-nonviolence","tag-attentats","tag-france-fr","tag-nonviolence-en","tag-nonviolence-active","tag-paris-en","tag-terrorisme"],"yoast_head":"<!-- This site is optimized with the Yoast SEO plugin v27.1.1 - https:\/\/yoast.com\/product\/yoast-seo-wordpress\/ -->\n<title>Les attentats de Paris, la guerre et le sens de la non-violence<\/title>\n<meta name=\"description\" content=\"Les attentats de Paris, la guerre et le sens de la non-violence. Le ciel au-dessus de Paris \u00e9tait livide samedi matin. La nuit qui l\u2019a pr\u00e9c\u00e9d\u00e9 a \u00e9t\u00e9 terrible\" \/>\n<meta name=\"robots\" content=\"index, follow, max-snippet:-1, max-image-preview:large, max-video-preview:-1\" \/>\n<link rel=\"canonical\" href=\"https:\/\/www.pressenza.com\/fr\/2015\/11\/les-attentats-de-paris-la-guerre-et-le-sens-de-la-non-violence\/\" \/>\n<meta property=\"og:locale\" content=\"fr_FR\" \/>\n<meta property=\"og:type\" content=\"article\" \/>\n<meta property=\"og:title\" content=\"Les attentats de Paris, la guerre et le sens de la non-violence\" \/>\n<meta property=\"og:description\" content=\"Les attentats de Paris, la guerre et le sens de la non-violence. Le ciel au-dessus de Paris \u00e9tait livide samedi matin. La nuit qui l\u2019a pr\u00e9c\u00e9d\u00e9 a \u00e9t\u00e9 terrible\" \/>\n<meta property=\"og:url\" content=\"https:\/\/www.pressenza.com\/fr\/2015\/11\/les-attentats-de-paris-la-guerre-et-le-sens-de-la-non-violence\/\" \/>\n<meta property=\"og:site_name\" content=\"Pressenza\" \/>\n<meta property=\"article:publisher\" content=\"https:\/\/www.facebook.com\/PressenzaItalia\" \/>\n<meta property=\"article:published_time\" content=\"2015-11-16T22:35:31+00:00\" \/>\n<meta property=\"article:modified_time\" content=\"2016-03-30T17:59:08+00:00\" \/>\n<meta property=\"og:image\" content=\"https:\/\/www.pressenza.com\/wp-content\/uploads\/2015\/11\/abbraccio-di-vita-sara-sgro.jpg\" \/>\n\t<meta property=\"og:image:width\" content=\"750\" \/>\n\t<meta property=\"og:image:height\" content=\"415\" \/>\n\t<meta property=\"og:image:type\" content=\"image\/jpeg\" \/>\n<meta name=\"author\" content=\"Domenico Musella\" \/>\n<meta name=\"twitter:card\" content=\"summary_large_image\" \/>\n<meta name=\"twitter:creator\" content=\"@PressenzaIPA\" \/>\n<meta name=\"twitter:site\" content=\"@PressenzaIPA\" \/>\n<meta name=\"twitter:label1\" content=\"\u00c9crit par\" \/>\n\t<meta name=\"twitter:data1\" content=\"Domenico Musella\" \/>\n\t<meta name=\"twitter:label2\" content=\"Dur\u00e9e de lecture estim\u00e9e\" \/>\n\t<meta name=\"twitter:data2\" content=\"6 minutes\" \/>\n<script type=\"application\/ld+json\" class=\"yoast-schema-graph\">{\"@context\":\"https:\/\/schema.org\",\"@graph\":[{\"@type\":\"Article\",\"@id\":\"https:\/\/www.pressenza.com\/fr\/2015\/11\/les-attentats-de-paris-la-guerre-et-le-sens-de-la-non-violence\/#article\",\"isPartOf\":{\"@id\":\"https:\/\/www.pressenza.com\/fr\/2015\/11\/les-attentats-de-paris-la-guerre-et-le-sens-de-la-non-violence\/\"},\"author\":{\"name\":\"Domenico Musella\",\"@id\":\"https:\/\/www.pressenza.com\/fr\/#\/schema\/person\/0d795409c329ee4cec717d70a2653c14\"},\"headline\":\"Les attentats de Paris, la guerre et le sens de la non-violence\",\"datePublished\":\"2015-11-16T22:35:31+00:00\",\"dateModified\":\"2016-03-30T17:59:08+00:00\",\"mainEntityOfPage\":{\"@id\":\"https:\/\/www.pressenza.com\/fr\/2015\/11\/les-attentats-de-paris-la-guerre-et-le-sens-de-la-non-violence\/\"},\"wordCount\":1147,\"publisher\":{\"@id\":\"https:\/\/www.pressenza.com\/fr\/#organization\"},\"image\":{\"@id\":\"https:\/\/www.pressenza.com\/fr\/2015\/11\/les-attentats-de-paris-la-guerre-et-le-sens-de-la-non-violence\/#primaryimage\"},\"thumbnailUrl\":\"https:\/\/www.pressenza.com\/wp-content\/uploads\/2015\/11\/abbraccio-di-vita-sara-sgro.jpg\",\"keywords\":[\"action nonviolence\",\"attentats\",\"France\",\"Nonviolence\",\"nonviolence active\",\"Paris\",\"terrorisme\"],\"articleSection\":[\"Contenu Original\",\"Europe\",\"Non-violence\",\"Opinion\",\"Relations internationales\"],\"inLanguage\":\"fr-FR\"},{\"@type\":\"WebPage\",\"@id\":\"https:\/\/www.pressenza.com\/fr\/2015\/11\/les-attentats-de-paris-la-guerre-et-le-sens-de-la-non-violence\/\",\"url\":\"https:\/\/www.pressenza.com\/fr\/2015\/11\/les-attentats-de-paris-la-guerre-et-le-sens-de-la-non-violence\/\",\"name\":\"Les attentats de Paris, la guerre et le sens de la non-violence\",\"isPartOf\":{\"@id\":\"https:\/\/www.pressenza.com\/fr\/#website\"},\"primaryImageOfPage\":{\"@id\":\"https:\/\/www.pressenza.com\/fr\/2015\/11\/les-attentats-de-paris-la-guerre-et-le-sens-de-la-non-violence\/#primaryimage\"},\"image\":{\"@id\":\"https:\/\/www.pressenza.com\/fr\/2015\/11\/les-attentats-de-paris-la-guerre-et-le-sens-de-la-non-violence\/#primaryimage\"},\"thumbnailUrl\":\"https:\/\/www.pressenza.com\/wp-content\/uploads\/2015\/11\/abbraccio-di-vita-sara-sgro.jpg\",\"datePublished\":\"2015-11-16T22:35:31+00:00\",\"dateModified\":\"2016-03-30T17:59:08+00:00\",\"description\":\"Les attentats de Paris, la guerre et le sens de la non-violence. Le ciel au-dessus de Paris \u00e9tait livide samedi matin. La nuit qui l\u2019a pr\u00e9c\u00e9d\u00e9 a \u00e9t\u00e9 terrible\",\"breadcrumb\":{\"@id\":\"https:\/\/www.pressenza.com\/fr\/2015\/11\/les-attentats-de-paris-la-guerre-et-le-sens-de-la-non-violence\/#breadcrumb\"},\"inLanguage\":\"fr-FR\",\"potentialAction\":[{\"@type\":\"ReadAction\",\"target\":[\"https:\/\/www.pressenza.com\/fr\/2015\/11\/les-attentats-de-paris-la-guerre-et-le-sens-de-la-non-violence\/\"]}]},{\"@type\":\"ImageObject\",\"inLanguage\":\"fr-FR\",\"@id\":\"https:\/\/www.pressenza.com\/fr\/2015\/11\/les-attentats-de-paris-la-guerre-et-le-sens-de-la-non-violence\/#primaryimage\",\"url\":\"https:\/\/www.pressenza.com\/wp-content\/uploads\/2015\/11\/abbraccio-di-vita-sara-sgro.jpg\",\"contentUrl\":\"https:\/\/www.pressenza.com\/wp-content\/uploads\/2015\/11\/abbraccio-di-vita-sara-sgro.jpg\",\"width\":750,\"height\":415,\"caption\":\"paris attentats \u00ab Abbraccio di vita \u00bb [\u00c9treinte de vie]\"},{\"@type\":\"BreadcrumbList\",\"@id\":\"https:\/\/www.pressenza.com\/fr\/2015\/11\/les-attentats-de-paris-la-guerre-et-le-sens-de-la-non-violence\/#breadcrumb\",\"itemListElement\":[{\"@type\":\"ListItem\",\"position\":1,\"name\":\"Accueil\",\"item\":\"https:\/\/www.pressenza.com\/fr\/\"},{\"@type\":\"ListItem\",\"position\":2,\"name\":\"Les attentats de Paris, la guerre et le sens de la non-violence\"}]},{\"@type\":\"WebSite\",\"@id\":\"https:\/\/www.pressenza.com\/fr\/#website\",\"url\":\"https:\/\/www.pressenza.com\/fr\/\",\"name\":\"Pressenza\",\"description\":\"International Press Agency\",\"publisher\":{\"@id\":\"https:\/\/www.pressenza.com\/fr\/#organization\"},\"potentialAction\":[{\"@type\":\"SearchAction\",\"target\":{\"@type\":\"EntryPoint\",\"urlTemplate\":\"https:\/\/www.pressenza.com\/fr\/?s={search_term_string}\"},\"query-input\":{\"@type\":\"PropertyValueSpecification\",\"valueRequired\":true,\"valueName\":\"search_term_string\"}}],\"inLanguage\":\"fr-FR\"},{\"@type\":\"Organization\",\"@id\":\"https:\/\/www.pressenza.com\/fr\/#organization\",\"name\":\"Pressenza\",\"url\":\"https:\/\/www.pressenza.com\/fr\/\",\"logo\":{\"@type\":\"ImageObject\",\"inLanguage\":\"fr-FR\",\"@id\":\"https:\/\/www.pressenza.com\/fr\/#\/schema\/logo\/image\/\",\"url\":\"https:\/\/www.pressenza.com\/wp-content\/uploads\/2022\/10\/pressenza_logo_200x200.jpg\",\"contentUrl\":\"https:\/\/www.pressenza.com\/wp-content\/uploads\/2022\/10\/pressenza_logo_200x200.jpg\",\"width\":200,\"height\":200,\"caption\":\"Pressenza\"},\"image\":{\"@id\":\"https:\/\/www.pressenza.com\/fr\/#\/schema\/logo\/image\/\"},\"sameAs\":[\"https:\/\/www.facebook.com\/PressenzaItalia\",\"https:\/\/x.com\/PressenzaIPA\"]},{\"@type\":\"Person\",\"@id\":\"https:\/\/www.pressenza.com\/fr\/#\/schema\/person\/0d795409c329ee4cec717d70a2653c14\",\"name\":\"Domenico Musella\",\"description\":\"Amante delle differenze e dell'uguaglianza. Per diversi anni \u00e8 stato attivista dell\u2019Associazione Umanista Reciprocit\u00e0, del Centro delle Culture e di Convergenza delle Culture. Nel 2010 ha vinto il Premio internazionale di giornalismo \\\"Maria Grazia Cutuli\\\" raccontando in una tesi le storie di migranti a Napoli e nel 2011 ha collaborato alla redazione Esteri del Corriere della Sera. Ha scritto per Controluce, T.t.NA, Citt\u00e0future, il blog Nuovi Italiani di Corriere.it. Nel 2012 \u00e8 stato tra i fondatori del giornale online First Line Press, di cui \u00e8 stato redattore fino al 2014. Partecipa alla redazione di Pressenza\",\"url\":\"https:\/\/www.pressenza.com\/fr\/author\/domenico-musella\/\"}]}<\/script>\n<!-- \/ Yoast SEO plugin. -->","yoast_head_json":{"title":"Les attentats de Paris, la guerre et le sens de la non-violence","description":"Les attentats de Paris, la guerre et le sens de la non-violence. Le ciel au-dessus de Paris \u00e9tait livide samedi matin. La nuit qui l\u2019a pr\u00e9c\u00e9d\u00e9 a \u00e9t\u00e9 terrible","robots":{"index":"index","follow":"follow","max-snippet":"max-snippet:-1","max-image-preview":"max-image-preview:large","max-video-preview":"max-video-preview:-1"},"canonical":"https:\/\/www.pressenza.com\/fr\/2015\/11\/les-attentats-de-paris-la-guerre-et-le-sens-de-la-non-violence\/","og_locale":"fr_FR","og_type":"article","og_title":"Les attentats de Paris, la guerre et le sens de la non-violence","og_description":"Les attentats de Paris, la guerre et le sens de la non-violence. Le ciel au-dessus de Paris \u00e9tait livide samedi matin. La nuit qui l\u2019a pr\u00e9c\u00e9d\u00e9 a \u00e9t\u00e9 terrible","og_url":"https:\/\/www.pressenza.com\/fr\/2015\/11\/les-attentats-de-paris-la-guerre-et-le-sens-de-la-non-violence\/","og_site_name":"Pressenza","article_publisher":"https:\/\/www.facebook.com\/PressenzaItalia","article_published_time":"2015-11-16T22:35:31+00:00","article_modified_time":"2016-03-30T17:59:08+00:00","og_image":[{"width":750,"height":415,"url":"https:\/\/www.pressenza.com\/wp-content\/uploads\/2015\/11\/abbraccio-di-vita-sara-sgro.jpg","type":"image\/jpeg"}],"author":"Domenico Musella","twitter_card":"summary_large_image","twitter_creator":"@PressenzaIPA","twitter_site":"@PressenzaIPA","twitter_misc":{"\u00c9crit par":"Domenico Musella","Dur\u00e9e de lecture estim\u00e9e":"6 minutes"},"schema":{"@context":"https:\/\/schema.org","@graph":[{"@type":"Article","@id":"https:\/\/www.pressenza.com\/fr\/2015\/11\/les-attentats-de-paris-la-guerre-et-le-sens-de-la-non-violence\/#article","isPartOf":{"@id":"https:\/\/www.pressenza.com\/fr\/2015\/11\/les-attentats-de-paris-la-guerre-et-le-sens-de-la-non-violence\/"},"author":{"name":"Domenico Musella","@id":"https:\/\/www.pressenza.com\/fr\/#\/schema\/person\/0d795409c329ee4cec717d70a2653c14"},"headline":"Les attentats de Paris, la guerre et le sens de la non-violence","datePublished":"2015-11-16T22:35:31+00:00","dateModified":"2016-03-30T17:59:08+00:00","mainEntityOfPage":{"@id":"https:\/\/www.pressenza.com\/fr\/2015\/11\/les-attentats-de-paris-la-guerre-et-le-sens-de-la-non-violence\/"},"wordCount":1147,"publisher":{"@id":"https:\/\/www.pressenza.com\/fr\/#organization"},"image":{"@id":"https:\/\/www.pressenza.com\/fr\/2015\/11\/les-attentats-de-paris-la-guerre-et-le-sens-de-la-non-violence\/#primaryimage"},"thumbnailUrl":"https:\/\/www.pressenza.com\/wp-content\/uploads\/2015\/11\/abbraccio-di-vita-sara-sgro.jpg","keywords":["action nonviolence","attentats","France","Nonviolence","nonviolence active","Paris","terrorisme"],"articleSection":["Contenu Original","Europe","Non-violence","Opinion","Relations internationales"],"inLanguage":"fr-FR"},{"@type":"WebPage","@id":"https:\/\/www.pressenza.com\/fr\/2015\/11\/les-attentats-de-paris-la-guerre-et-le-sens-de-la-non-violence\/","url":"https:\/\/www.pressenza.com\/fr\/2015\/11\/les-attentats-de-paris-la-guerre-et-le-sens-de-la-non-violence\/","name":"Les attentats de Paris, la guerre et le sens de la non-violence","isPartOf":{"@id":"https:\/\/www.pressenza.com\/fr\/#website"},"primaryImageOfPage":{"@id":"https:\/\/www.pressenza.com\/fr\/2015\/11\/les-attentats-de-paris-la-guerre-et-le-sens-de-la-non-violence\/#primaryimage"},"image":{"@id":"https:\/\/www.pressenza.com\/fr\/2015\/11\/les-attentats-de-paris-la-guerre-et-le-sens-de-la-non-violence\/#primaryimage"},"thumbnailUrl":"https:\/\/www.pressenza.com\/wp-content\/uploads\/2015\/11\/abbraccio-di-vita-sara-sgro.jpg","datePublished":"2015-11-16T22:35:31+00:00","dateModified":"2016-03-30T17:59:08+00:00","description":"Les attentats de Paris, la guerre et le sens de la non-violence. Le ciel au-dessus de Paris \u00e9tait livide samedi matin. La nuit qui l\u2019a pr\u00e9c\u00e9d\u00e9 a \u00e9t\u00e9 terrible","breadcrumb":{"@id":"https:\/\/www.pressenza.com\/fr\/2015\/11\/les-attentats-de-paris-la-guerre-et-le-sens-de-la-non-violence\/#breadcrumb"},"inLanguage":"fr-FR","potentialAction":[{"@type":"ReadAction","target":["https:\/\/www.pressenza.com\/fr\/2015\/11\/les-attentats-de-paris-la-guerre-et-le-sens-de-la-non-violence\/"]}]},{"@type":"ImageObject","inLanguage":"fr-FR","@id":"https:\/\/www.pressenza.com\/fr\/2015\/11\/les-attentats-de-paris-la-guerre-et-le-sens-de-la-non-violence\/#primaryimage","url":"https:\/\/www.pressenza.com\/wp-content\/uploads\/2015\/11\/abbraccio-di-vita-sara-sgro.jpg","contentUrl":"https:\/\/www.pressenza.com\/wp-content\/uploads\/2015\/11\/abbraccio-di-vita-sara-sgro.jpg","width":750,"height":415,"caption":"paris attentats \u00ab Abbraccio di vita \u00bb [\u00c9treinte de vie]"},{"@type":"BreadcrumbList","@id":"https:\/\/www.pressenza.com\/fr\/2015\/11\/les-attentats-de-paris-la-guerre-et-le-sens-de-la-non-violence\/#breadcrumb","itemListElement":[{"@type":"ListItem","position":1,"name":"Accueil","item":"https:\/\/www.pressenza.com\/fr\/"},{"@type":"ListItem","position":2,"name":"Les attentats de Paris, la guerre et le sens de la non-violence"}]},{"@type":"WebSite","@id":"https:\/\/www.pressenza.com\/fr\/#website","url":"https:\/\/www.pressenza.com\/fr\/","name":"Pressenza","description":"International Press Agency","publisher":{"@id":"https:\/\/www.pressenza.com\/fr\/#organization"},"potentialAction":[{"@type":"SearchAction","target":{"@type":"EntryPoint","urlTemplate":"https:\/\/www.pressenza.com\/fr\/?s={search_term_string}"},"query-input":{"@type":"PropertyValueSpecification","valueRequired":true,"valueName":"search_term_string"}}],"inLanguage":"fr-FR"},{"@type":"Organization","@id":"https:\/\/www.pressenza.com\/fr\/#organization","name":"Pressenza","url":"https:\/\/www.pressenza.com\/fr\/","logo":{"@type":"ImageObject","inLanguage":"fr-FR","@id":"https:\/\/www.pressenza.com\/fr\/#\/schema\/logo\/image\/","url":"https:\/\/www.pressenza.com\/wp-content\/uploads\/2022\/10\/pressenza_logo_200x200.jpg","contentUrl":"https:\/\/www.pressenza.com\/wp-content\/uploads\/2022\/10\/pressenza_logo_200x200.jpg","width":200,"height":200,"caption":"Pressenza"},"image":{"@id":"https:\/\/www.pressenza.com\/fr\/#\/schema\/logo\/image\/"},"sameAs":["https:\/\/www.facebook.com\/PressenzaItalia","https:\/\/x.com\/PressenzaIPA"]},{"@type":"Person","@id":"https:\/\/www.pressenza.com\/fr\/#\/schema\/person\/0d795409c329ee4cec717d70a2653c14","name":"Domenico Musella","description":"Amante delle differenze e dell'uguaglianza. Per diversi anni \u00e8 stato attivista dell\u2019Associazione Umanista Reciprocit\u00e0, del Centro delle Culture e di Convergenza delle Culture. Nel 2010 ha vinto il Premio internazionale di giornalismo \"Maria Grazia Cutuli\" raccontando in una tesi le storie di migranti a Napoli e nel 2011 ha collaborato alla redazione Esteri del Corriere della Sera. Ha scritto per Controluce, T.t.NA, Citt\u00e0future, il blog Nuovi Italiani di Corriere.it. Nel 2012 \u00e8 stato tra i fondatori del giornale online First Line Press, di cui \u00e8 stato redattore fino al 2014. Partecipa alla redazione di Pressenza","url":"https:\/\/www.pressenza.com\/fr\/author\/domenico-musella\/"}]}},"place":"","original_article_url":"","_links":{"self":[{"href":"https:\/\/www.pressenza.com\/fr\/wp-json\/wp\/v2\/posts\/246369","targetHints":{"allow":["GET"]}}],"collection":[{"href":"https:\/\/www.pressenza.com\/fr\/wp-json\/wp\/v2\/posts"}],"about":[{"href":"https:\/\/www.pressenza.com\/fr\/wp-json\/wp\/v2\/types\/post"}],"author":[{"embeddable":true,"href":"https:\/\/www.pressenza.com\/fr\/wp-json\/wp\/v2\/users\/1154"}],"replies":[{"embeddable":true,"href":"https:\/\/www.pressenza.com\/fr\/wp-json\/wp\/v2\/comments?post=246369"}],"version-history":[{"count":0,"href":"https:\/\/www.pressenza.com\/fr\/wp-json\/wp\/v2\/posts\/246369\/revisions"}],"wp:featuredmedia":[{"embeddable":true,"href":"https:\/\/www.pressenza.com\/fr\/wp-json\/wp\/v2\/media\/245619"}],"wp:attachment":[{"href":"https:\/\/www.pressenza.com\/fr\/wp-json\/wp\/v2\/media?parent=246369"}],"wp:term":[{"taxonomy":"category","embeddable":true,"href":"https:\/\/www.pressenza.com\/fr\/wp-json\/wp\/v2\/categories?post=246369"},{"taxonomy":"post_tag","embeddable":true,"href":"https:\/\/www.pressenza.com\/fr\/wp-json\/wp\/v2\/tags?post=246369"}],"curies":[{"name":"wp","href":"https:\/\/api.w.org\/{rel}","templated":true}]}}