{"id":235961,"date":"2015-10-19T18:05:34","date_gmt":"2015-10-19T17:05:34","guid":{"rendered":"http:\/\/www.pressenza.com\/fr\/?p=235961"},"modified":"2015-10-19T21:15:07","modified_gmt":"2015-10-19T20:15:07","slug":"en-ariege-un-projet-minier-suscite-lopposition-de-la-population","status":"publish","type":"post","link":"https:\/\/www.pressenza.com\/fr\/2015\/10\/en-ariege-un-projet-minier-suscite-lopposition-de-la-population\/","title":{"rendered":"En Ari\u00e8ge, un projet minier suscite l\u2019opposition de la population"},"content":{"rendered":"<p><strong>Une soci\u00e9t\u00e9 australienne de prospection mini\u00e8re s\u2019int\u00e9resse de pr\u00e8s \u00e0 l\u2019ancien gisement de tungst\u00e8ne &#8211; contenant de l\u2019amiante &#8211; du hameau ari\u00e9geois de Salau, dans les Pyr\u00e9n\u00e9es. Si l\u2019opposition des habitants au projet est manifeste, certains h\u00e9sitent devant les arguments \u00e9conomiques avanc\u00e9s par les prospecteurs.<\/strong><\/p>\n<div>\n<p><i>&#8211; Couflens (Ari\u00e8ge), reportage<\/i><\/p>\n<p>Monsieur le maire se souvient tr\u00e8s bien de la sc\u00e8ne. Il \u00e9tait assis \u00e0 son bureau quand la porte s\u2019est ouverte. Un homme est entr\u00e9. Michel Bonnemaison a dit qu\u2019il venait rouvrir la mine. Il a expos\u00e9 son projet de recherche et d\u2019exploitation mini\u00e8res au c\u0153ur du village de Salau, d\u00e9pendant de la commune de Couflens, en Ari\u00e8ge, dont Henri Richl est le maire. En quittant les lieux, le visiteur a d\u00e9pos\u00e9 une bouteille de champagne sur le bureau. Personne ne l\u2019a ouverte et, quelques semaines plus tard, Henri Richl l\u2019a rendue \u00e0 Michel Bonnemaison, le directeur de Variscan Mines, en pr\u00e9sence du sous-pr\u00e9fet \u00e0 l\u2019occasion d\u2019une visite sur sa commune. Le message est clair\u00a0: ici, rien n\u2019est \u00e0 f\u00eater et rien ne se f\u00eatera.<\/p>\n<p>Couflens, petite commune de l\u2019Ari\u00e8ge, est un paradis environnemental. Des montagnes, plusieurs esp\u00e8ces d\u2019animaux prot\u00e9g\u00e9s, un h\u00eatre de 475 ans concourent \u00e0 en faire un site touristique proche de la nature. Mais, en s\u2019\u00e9levant vers Salau, on d\u00e9couvre les stigmates de la mine de tungst\u00e8ne en activit\u00e9 jusqu\u2019en 1986. L\u00e0 o\u00f9 les st\u00e9riles, les d\u00e9chets miniers jug\u00e9s non valorisables, ont \u00e9t\u00e9 stock\u00e9s, rien ne repousse. La terre gorg\u00e9e de fer est orang\u00e9e, charg\u00e9e de toxiques tels que l\u2019arsenic.<\/p>\n<p><span class=\"spip_document_10263 spip_documents spip_documents_center\"><img loading=\"lazy\" decoding=\"async\" src=\"http:\/\/reporterre.net\/local\/cache-vignettes\/L488xH650\/paysage_-_v1-c1cac.jpg\" alt=\"\" width=\"488\" height=\"650\" \/><\/span><\/p>\n<p>Henri Richl peut raconter des heures durant la vie de sa commune et celle de la mine. Lui-m\u00eame fut mineur, d\u00e8s son arriv\u00e9e d\u2019Alg\u00e9rie. Pendant 17 ans, il \u00e9tait responsable de l\u2019entretien. M.\u00a0le maire a gard\u00e9 d\u2019excellents souvenirs de cette \u00e9poque\u00a0: <i>\u00ab<small class=\"fine\">\u00a0<\/small>Nous n\u2019avons ferm\u00e9 que deux fois la mine \u00e0 cause de la neige. J\u2019aurais tout donn\u00e9 pour cette mine, avant que je ne comprenne.<small class=\"fine\">\u00a0<\/small>\u00bb<\/i>Cent cinquante mineurs travaillaient ici, faisant vivre le village. Des grands logements leur avaient \u00e9t\u00e9 affect\u00e9s. La mine donnait 700 tonnes par jour, dont 350 de minerai. Le tungst\u00e8ne partait majoritairement en Russie pour alimenter l\u2019industrie de l\u2019armement (le tungst\u00e8ne est utilis\u00e9 pour le blindage des chars, l\u2019armement et certains outils).<\/p>\n<p>Puis, certains mineurs sont tomb\u00e9s malades. Et sont morts. Deux sp\u00e9cialistes sont parvenus tant bien que mal \u00e0 faire des analyses, malgr\u00e9 l\u2019interdiction formelle du directeur de la mine, qui \u00e9tait aussi pr\u00e9sident de la commission de recours \u00e0 l\u2019amiable de la S\u00e9curit\u00e9 sociale mini\u00e8re de Saint-Gaudens. Le couperet est tomb\u00e9\u00a0: le minerai est charg\u00e9 d\u2019amiante. De 150 \u00e0 200 fibres par litre d\u2019air. La chute du cours du tungst\u00e8ne est invoqu\u00e9e pour fermer la mine en 1986. Quatorze cas cancers du poumon sont d\u00e9nombr\u00e9s, dont tr\u00e8s peu ont \u00e9t\u00e9 reconnus en maladie professionnelle. \u00c0 cette \u00e9poque, Henri Richl fait partie des manifestants qui refusent la fermeture de la mine. <i>\u00ab<small class=\"fine\">\u00a0<\/small>On ne comprenait pas, on ne voyait pas le danger et surtout on avait peur pour notre village.<small class=\"fine\">\u00a0<\/small>\u00bb<\/i><\/p>\n<h3 class=\"spip\">Coffre-fort de la mairie<\/h3>\n<p>Les mineurs ont alors eu six mois pour quitter leur logement. Certains sont partis dans d\u2019autres mines. De deux cents habitants, Salau est pass\u00e9 \u00e0 sept. On a ferm\u00e9 l\u2019\u00e9cole et les commerces.<i>\u00ab<small class=\"fine\">\u00a0<\/small>\u00c7a a \u00e9t\u00e9 dur \u00e0 vivre, un vrai cauchemar.<small class=\"fine\">\u00a0<\/small>\u00bb<\/i> Apr\u00e8s 20 ans d\u2019efforts pour rendre la commune attrayante, Salau compte aujourd\u2019hui 40 habitants permanents, dont des actifs &#8211; artisans, commer\u00e7ants, \u00e9leveurs).<\/p>\n<p>Quand, en janvier, Variscan Mines a point\u00e9 le bout de son nez dans la petite mairie, le sang de l\u2019ancien mineur n\u2019a fait qu\u2019un tour. <i>\u00ab<small class=\"fine\">\u00a0<\/small>Il m\u2019a dit qu\u2019il allait faire une galerie de 2.500 m\u00e8tres en plein dans le village pour pouvoir creuser la roche davantage et toucher le peu de tungst\u00e8ne qu\u2019il reste dans nos sols<small class=\"fine\">\u00a0<\/small>\u00bb,<\/i> raconte le maire. Au printemps, un jeune \u00e9tudiant en g\u00e9ologie d\u00e9barque de l\u2019universit\u00e9 d\u2019Orl\u00e9ans, son cursus pay\u00e9 par e-mines, une boite de conseils dont le directeur n\u2019est autre que Michel Bonnemaison, le dirigeant de Variscan Mines. Ce jeune ramasse des cailloux sans autorisation ni de la mairie ni des propri\u00e9taires priv\u00e9s.<\/p>\n<p>Henri Richl ne veut pas voir sa commune devenir un grand chantier qui d\u00e9truirait une belle partie de son \u00e9cosyst\u00e8me et toute son \u00e9conomie actuelle. Il a \u00e9tudi\u00e9 le dossier. <i>\u00ab<small class=\"fine\">\u00a0<\/small>En Autriche, il existe une mine de tungst\u00e8ne qui exploite 3.500 tonnes par jour, ce qui est \u00e9norme, et qui n\u2019emploie que soixante salari\u00e9s. \u00c0 Salau, on parle de l\u2019exploitation de 350 tonnes par jour, soit d\u2019une mine dix fois moins importante. Combien de salari\u00e9s travailleront<small class=\"fine\">\u00a0<\/small>? Tr\u00e8s peu<small class=\"fine\">\u00a0<\/small>! Et combien mourront de l\u2019amiante<small class=\"fine\">\u00a0<\/small>? Non, ce projet n\u2019a aucun int\u00e9r\u00eat \u00e9conomique pour notre territoire<small class=\"fine\">\u00a0<\/small>!<small class=\"fine\">\u00a0<\/small>\u00bb<\/i><\/p>\n<p>Henri Richl fouille dans le coffre-fort de la mairie et en sort un bout de roche. De l\u2019amiante s\u2019envole et se d\u00e9pose sur le bureau. <i>\u00ab<small class=\"fine\">\u00a0<\/small>\u00c7a, dans tes poumons, \u00e7a reste \u00e0 vie.<small class=\"fine\">\u00a0<\/small>\u00bb<\/i> Malgr\u00e9 les pressions, le maire ne d\u00e9col\u00e8re pas. Il a re\u00e7u un courrier de l\u2019universit\u00e9 d\u2019Orl\u00e9ans se plaignant du mauvais accueil fait \u00e0 l\u2019\u00e9tudiant<small class=\"fine\">\u00a0<\/small>; une p\u00e9tition pour la mine a \u00e9t\u00e9 lanc\u00e9e. <i>\u00ab<small class=\"fine\">\u00a0<\/small>Les signataires ne comprennent rien. La r\u00e9ouverture de la mine ne permettra pas l\u2019ouverture des commerces. Au contraire. Il faudra sortir les st\u00e9riles. Par la route<small class=\"fine\">\u00a0<\/small>? Alors des camions qui traverseront le village. Et puis, les eaux seront pollu\u00e9es par les produits de l\u2019usine de traitement. Il faudra abattre la for\u00eat. Quel touriste viendra passer ses vacances dans un lieu o\u00f9 l\u2019on respire l\u2019amiante<small class=\"fine\">\u00a0<\/small>? Enfin, en France, plus personne ne conna\u00eet le m\u00e9tier de mineur, et on n\u2019en forme m\u00eame plus. On pourra toujours faire travailler les \u00e9trangers, mais pourquoi eux devraient le payer de leur vie<small class=\"fine\">\u00a0<\/small>?<small class=\"fine\">\u00a0<\/small>\u00bb<\/i><\/p>\n<dl class=\"spip_document_10262 spip_documents spip_documents_center\">\n<dt><img loading=\"lazy\" decoding=\"async\" src=\"http:\/\/reporterre.net\/local\/cache-vignettes\/L488xH650\/maire_me_montrant_l_amiante_-_v1-0a5f3.jpg\" alt=\"JPEG - 121.5\u00a0ko\" width=\"488\" height=\"650\" \/><\/dt>\n<dt class=\"spip_doc_titre\"><strong>Henri Richl, le maire de Couflens, et son morceau de minerai.<\/strong><\/dt>\n<\/dl>\n<p>Henri Richl, \u00e9paul\u00e9 de son conseil municipal et des membres de l\u2019association Couflens-Salau demain sont d\u00e9termin\u00e9s \u00e0 ne rien laisser se faire. Ils se doutaient depuis quelques ann\u00e9es d\u00e9j\u00e0 de cette possible r\u00e9ouverture\u00a0: en 2006, la directrice mondiale de Variscan Mines, une Australienne, est pass\u00e9e au village. Il neigeait. Cela a pris du temps pour arriver \u00e0 la porte de la mine, qui est dans les montagnes. <i>\u00ab<small class=\"fine\">\u00a0<\/small>C\u2019\u00e9tait un 18\u00a0janvier,<\/i> raconte le maire, <i>je rigolais en la conduisant. Elle se tenait fermement, et elle me disait\u00a0:<\/i> \u201cMais enfin, cette mine, vous ne pouviez pas l\u2019exploiter en hiver<small class=\"fine\">\u00a0<\/small>!\u201d <i>C\u2019est jour-l\u00e0 que lui est venue l\u2019id\u00e9e de faire une galerie en plein village.<small class=\"fine\">\u00a0<\/small>\u00bb<\/i><\/p>\n<h3 class=\"spip\">\u00ab<small class=\"fine\">\u00a0<\/small>Tout est bon \u00e0 prendre<small class=\"fine\">\u00a0<\/small>\u00bb<\/h3>\n<p>Pourtant, \u00e0 Couflens et \u00e0 Seix, le petit village voisin, tout le monde s\u2019interroge. <i>\u00ab<small class=\"fine\">\u00a0<\/small>Et si la mine rouvrait<small class=\"fine\">\u00a0<\/small>?<small class=\"fine\">\u00a0<\/small>\u00bb<\/i> Le g\u00e9rant d\u2019une des auberges du village de Seix \u00e9tait la veille \u00e0 une r\u00e9union publique organis\u00e9e par M.\u00a0Bonnemaison. <i>\u00ab<small class=\"fine\">\u00a0<\/small>C\u2019est s\u00fbr, il te vend du r\u00eave. Il n\u2019a pas parl\u00e9 d\u2019amiante, mais d\u2019emplois et dans un endroit recul\u00e9 comme le n\u00f4tre, tout est bon \u00e0 prendre. Trois couverts de plus par jour, pour notre auberge, c\u2019est important. Maintenant, c\u2019est \u00e9vident, si c\u2019est pour polluer, tuer les gens, d\u00e9truire notre environnement, on ne se laissera pas faire. Mais chez Variscan Mines, ils savent parler. On va attendre de voir. Peut-\u00eatre les laissera-t-on faire leurs recherche.<small class=\"fine\">\u00a0<\/small>\u00bb<\/i><\/p>\n<p>La question des ressources m\u00e9rite d\u2019\u00eatre pos\u00e9e. Que reste-t-il dans les sous-sols de Salau<small class=\"fine\">\u00a0<\/small>? Selon les sondages de l\u2019\u00e9poque, plus grand-chose. Henri Richl est du genre m\u00e9fiant\u00a0: <i>\u00ab<small class=\"fine\">\u00a0<\/small>Moi, je pense qu\u2019ils cherchent d\u2019autres minerais, tels que le cuivre, ou peut-\u00eatre m\u00eame du gaz de schiste.<small class=\"fine\">\u00a0<\/small>\u00bb<\/i><\/p>\n<dl class=\"spip_document_10261 spip_documents spip_documents_center\">\n<dt><img loading=\"lazy\" decoding=\"async\" src=\"http:\/\/reporterre.net\/local\/cache-vignettes\/L700xH525\/carte_montrant_le_tungste_ne_restant_-_v1-26486.jpg\" alt=\"JPEG - 134.7\u00a0ko\" width=\"700\" height=\"525\" \/><\/dt>\n<dt class=\"spip_doc_titre\"><strong>Carte des r\u00e9serves en tungst\u00e8ne de la mine de Salau.<\/strong><\/dt>\n<\/dl>\n<p>Selon William Sacher, auteur de <i><a class=\"spip_in\" href=\"http:\/\/reporterre.net\/Paradis-sous-terre\">Paradis sous terre, comment le Canada est devenu la plaque tournante de l\u2019industrie mini\u00e8re mondiale<\/a><\/i>, Variscan Mines, comme le canadien Cominor, joue avec les permis miniers comme d\u2019autres jouent avec les soci\u00e9t\u00e9s. <i>\u00ab<small class=\"fine\">\u00a0<\/small>Un permis minier leur permet de vendre leur travail \u00e0 de grosses soci\u00e9t\u00e9s exploitantes, qui, du coup, vont investir dans leur entreprise, afin qu\u2019ils r\u00e9alisent l\u2019exploration. Variscan Mines ou Cominor savent souvent \u00e0 l\u2019avance que les recherches n\u2019aboutiront pas, mais ils auront, comme au poker, fait un coup de bluff, et se seront enrichis, et en passant, auront d\u00e9truit une belle partie de notre territoire.<small class=\"fine\">\u00a0<\/small>\u00bb<\/i><\/p>\n<p>Sauf qu\u2019en Ari\u00e8ge, et \u00e0 Salau en particulier, Variscan Mines, ne fera sans doute pas sauter facilement le bouchon de champagne.<\/p>\n<\/div>\n<hr size=\"1\" \/>\n<p><b>Lire aussi : <\/b><a class=\"lientheme\" href=\"http:\/\/reporterre.net\/Le-projet-minier-d-une-ex-filiale-d-Areva-menace-l-environnement-en-Creuse\">Le projet minier d\u2019une ex-filiale d\u2019Areva menace l\u2019environnement en Creuse<\/a><\/p>\n<hr size=\"1\" \/>\n<p><strong>Source\u00a0:<\/strong> Elo\u00efse Lebourg pour <i>Reporterre<\/i><\/p>\n<p><strong>Photos\u00a0:<\/strong> \u00a9 Elo\u00efse Lebourg\/<i>Reporterre<\/i><\/p>\n","protected":false},"excerpt":{"rendered":"<p>Une soci\u00e9t\u00e9 australienne de prospection mini\u00e8re s\u2019int\u00e9resse de pr\u00e8s \u00e0 l\u2019ancien gisement de tungst\u00e8ne &#8211; contenant de l\u2019amiante &#8211; du hameau ari\u00e9geois de Salau, dans les Pyr\u00e9n\u00e9es. Si l\u2019opposition des habitants au projet est manifeste, certains h\u00e9sitent devant les arguments&hellip;<\/p>\n","protected":false},"author":1138,"featured_media":235967,"comment_status":"closed","ping_status":"open","sticky":false,"template":"","format":"standard","meta":{"footnotes":""},"categories":[97,85],"tags":[17333,20965],"class_list":["post-235961","post","type-post","status-publish","format-standard","has-post-thumbnail","hentry","category-environnement-et-ecologie","category-europe-fr","tag-arsenic","tag-variscan-mines"],"yoast_head":"<!-- This site is optimized with the Yoast SEO plugin v27.1.1 - https:\/\/yoast.com\/product\/yoast-seo-wordpress\/ -->\n<title>En Ari\u00e8ge, un projet minier suscite l\u2019opposition de la population<\/title>\n<meta name=\"description\" content=\"Une soci\u00e9t\u00e9 australienne de prospection mini\u00e8re s\u2019int\u00e9resse de pr\u00e8s \u00e0 l\u2019ancien gisement de tungst\u00e8ne - contenant de l\u2019amiante - du hameau ari\u00e9geois de\" \/>\n<meta name=\"robots\" content=\"index, follow, max-snippet:-1, max-image-preview:large, max-video-preview:-1\" \/>\n<link rel=\"canonical\" href=\"https:\/\/www.pressenza.com\/fr\/2015\/10\/en-ariege-un-projet-minier-suscite-lopposition-de-la-population\/\" \/>\n<meta property=\"og:locale\" content=\"fr_FR\" \/>\n<meta property=\"og:type\" content=\"article\" \/>\n<meta property=\"og:title\" content=\"En Ari\u00e8ge, un projet minier suscite l\u2019opposition de la population\" \/>\n<meta property=\"og:description\" content=\"Une soci\u00e9t\u00e9 australienne de prospection mini\u00e8re s\u2019int\u00e9resse de pr\u00e8s \u00e0 l\u2019ancien gisement de tungst\u00e8ne - contenant de l\u2019amiante - du hameau ari\u00e9geois de\" \/>\n<meta property=\"og:url\" content=\"https:\/\/www.pressenza.com\/fr\/2015\/10\/en-ariege-un-projet-minier-suscite-lopposition-de-la-population\/\" \/>\n<meta property=\"og:site_name\" content=\"Pressenza\" \/>\n<meta property=\"article:publisher\" content=\"https:\/\/www.facebook.com\/PressenzaItalia\" \/>\n<meta property=\"article:published_time\" content=\"2015-10-19T17:05:34+00:00\" \/>\n<meta property=\"article:modified_time\" content=\"2015-10-19T20:15:07+00:00\" \/>\n<meta property=\"og:image\" content=\"https:\/\/www.pressenza.com\/wp-content\/uploads\/2015\/10\/arton8274-773cc.jpg\" \/>\n\t<meta property=\"og:image:width\" content=\"720\" \/>\n\t<meta property=\"og:image:height\" content=\"405\" \/>\n\t<meta property=\"og:image:type\" content=\"image\/jpeg\" \/>\n<meta name=\"author\" content=\"Reporterre, le quotidien de l\u2019\u00e9cologie\" \/>\n<meta name=\"twitter:card\" content=\"summary_large_image\" \/>\n<meta name=\"twitter:creator\" content=\"@reporterre\" \/>\n<meta name=\"twitter:site\" content=\"@PressenzaIPA\" \/>\n<meta name=\"twitter:label1\" content=\"\u00c9crit par\" \/>\n\t<meta name=\"twitter:data1\" content=\"Reporterre, le quotidien de l\u2019\u00e9cologie\" \/>\n\t<meta name=\"twitter:label2\" content=\"Dur\u00e9e de lecture estim\u00e9e\" \/>\n\t<meta name=\"twitter:data2\" content=\"8 minutes\" \/>\n<script type=\"application\/ld+json\" class=\"yoast-schema-graph\">{\"@context\":\"https:\/\/schema.org\",\"@graph\":[{\"@type\":\"Article\",\"@id\":\"https:\/\/www.pressenza.com\/fr\/2015\/10\/en-ariege-un-projet-minier-suscite-lopposition-de-la-population\/#article\",\"isPartOf\":{\"@id\":\"https:\/\/www.pressenza.com\/fr\/2015\/10\/en-ariege-un-projet-minier-suscite-lopposition-de-la-population\/\"},\"author\":{\"name\":\"Reporterre, le quotidien de l\u2019\u00e9cologie\",\"@id\":\"https:\/\/www.pressenza.com\/fr\/#\/schema\/person\/de7a73acc724ec52aecb29649b65b9bc\"},\"headline\":\"En Ari\u00e8ge, un projet minier suscite l\u2019opposition de la population\",\"datePublished\":\"2015-10-19T17:05:34+00:00\",\"dateModified\":\"2015-10-19T20:15:07+00:00\",\"mainEntityOfPage\":{\"@id\":\"https:\/\/www.pressenza.com\/fr\/2015\/10\/en-ariege-un-projet-minier-suscite-lopposition-de-la-population\/\"},\"wordCount\":1542,\"publisher\":{\"@id\":\"https:\/\/www.pressenza.com\/fr\/#organization\"},\"image\":{\"@id\":\"https:\/\/www.pressenza.com\/fr\/2015\/10\/en-ariege-un-projet-minier-suscite-lopposition-de-la-population\/#primaryimage\"},\"thumbnailUrl\":\"https:\/\/www.pressenza.com\/wp-content\/uploads\/2015\/10\/arton8274-773cc.jpg\",\"keywords\":[\"arsenic\",\"Variscan Mines\"],\"articleSection\":[\"Ecologie et Environnement\",\"Europe\"],\"inLanguage\":\"fr-FR\"},{\"@type\":\"WebPage\",\"@id\":\"https:\/\/www.pressenza.com\/fr\/2015\/10\/en-ariege-un-projet-minier-suscite-lopposition-de-la-population\/\",\"url\":\"https:\/\/www.pressenza.com\/fr\/2015\/10\/en-ariege-un-projet-minier-suscite-lopposition-de-la-population\/\",\"name\":\"En Ari\u00e8ge, un projet minier suscite l\u2019opposition de la population\",\"isPartOf\":{\"@id\":\"https:\/\/www.pressenza.com\/fr\/#website\"},\"primaryImageOfPage\":{\"@id\":\"https:\/\/www.pressenza.com\/fr\/2015\/10\/en-ariege-un-projet-minier-suscite-lopposition-de-la-population\/#primaryimage\"},\"image\":{\"@id\":\"https:\/\/www.pressenza.com\/fr\/2015\/10\/en-ariege-un-projet-minier-suscite-lopposition-de-la-population\/#primaryimage\"},\"thumbnailUrl\":\"https:\/\/www.pressenza.com\/wp-content\/uploads\/2015\/10\/arton8274-773cc.jpg\",\"datePublished\":\"2015-10-19T17:05:34+00:00\",\"dateModified\":\"2015-10-19T20:15:07+00:00\",\"description\":\"Une soci\u00e9t\u00e9 australienne de prospection mini\u00e8re s\u2019int\u00e9resse de pr\u00e8s \u00e0 l\u2019ancien gisement de tungst\u00e8ne - contenant de l\u2019amiante - du hameau ari\u00e9geois de\",\"breadcrumb\":{\"@id\":\"https:\/\/www.pressenza.com\/fr\/2015\/10\/en-ariege-un-projet-minier-suscite-lopposition-de-la-population\/#breadcrumb\"},\"inLanguage\":\"fr-FR\",\"potentialAction\":[{\"@type\":\"ReadAction\",\"target\":[\"https:\/\/www.pressenza.com\/fr\/2015\/10\/en-ariege-un-projet-minier-suscite-lopposition-de-la-population\/\"]}]},{\"@type\":\"ImageObject\",\"inLanguage\":\"fr-FR\",\"@id\":\"https:\/\/www.pressenza.com\/fr\/2015\/10\/en-ariege-un-projet-minier-suscite-lopposition-de-la-population\/#primaryimage\",\"url\":\"https:\/\/www.pressenza.com\/wp-content\/uploads\/2015\/10\/arton8274-773cc.jpg\",\"contentUrl\":\"https:\/\/www.pressenza.com\/wp-content\/uploads\/2015\/10\/arton8274-773cc.jpg\",\"width\":720,\"height\":405},{\"@type\":\"BreadcrumbList\",\"@id\":\"https:\/\/www.pressenza.com\/fr\/2015\/10\/en-ariege-un-projet-minier-suscite-lopposition-de-la-population\/#breadcrumb\",\"itemListElement\":[{\"@type\":\"ListItem\",\"position\":1,\"name\":\"Accueil\",\"item\":\"https:\/\/www.pressenza.com\/fr\/\"},{\"@type\":\"ListItem\",\"position\":2,\"name\":\"En Ari\u00e8ge, un projet minier suscite l\u2019opposition de la population\"}]},{\"@type\":\"WebSite\",\"@id\":\"https:\/\/www.pressenza.com\/fr\/#website\",\"url\":\"https:\/\/www.pressenza.com\/fr\/\",\"name\":\"Pressenza\",\"description\":\"International Press Agency\",\"publisher\":{\"@id\":\"https:\/\/www.pressenza.com\/fr\/#organization\"},\"potentialAction\":[{\"@type\":\"SearchAction\",\"target\":{\"@type\":\"EntryPoint\",\"urlTemplate\":\"https:\/\/www.pressenza.com\/fr\/?s={search_term_string}\"},\"query-input\":{\"@type\":\"PropertyValueSpecification\",\"valueRequired\":true,\"valueName\":\"search_term_string\"}}],\"inLanguage\":\"fr-FR\"},{\"@type\":\"Organization\",\"@id\":\"https:\/\/www.pressenza.com\/fr\/#organization\",\"name\":\"Pressenza\",\"url\":\"https:\/\/www.pressenza.com\/fr\/\",\"logo\":{\"@type\":\"ImageObject\",\"inLanguage\":\"fr-FR\",\"@id\":\"https:\/\/www.pressenza.com\/fr\/#\/schema\/logo\/image\/\",\"url\":\"https:\/\/www.pressenza.com\/wp-content\/uploads\/2022\/10\/pressenza_logo_200x200.jpg\",\"contentUrl\":\"https:\/\/www.pressenza.com\/wp-content\/uploads\/2022\/10\/pressenza_logo_200x200.jpg\",\"width\":200,\"height\":200,\"caption\":\"Pressenza\"},\"image\":{\"@id\":\"https:\/\/www.pressenza.com\/fr\/#\/schema\/logo\/image\/\"},\"sameAs\":[\"https:\/\/www.facebook.com\/PressenzaItalia\",\"https:\/\/x.com\/PressenzaIPA\"]},{\"@type\":\"Person\",\"@id\":\"https:\/\/www.pressenza.com\/fr\/#\/schema\/person\/de7a73acc724ec52aecb29649b65b9bc\",\"name\":\"Reporterre, le quotidien de l\u2019\u00e9cologie\",\"description\":\"Reporterre propose des informations claires et pertinentes sur l\u2019\u00e9cologie dans ses dimensions politique et sociale, ainsi qu\u2019un espace de tribunes pour r\u00e9fl\u00e9chir et d\u00e9battre. Pour nous, l\u2019\u00e9cologie ne peut se r\u00e9duire \u00e0 des questions de nature et de pollution - m\u00eame si nous suivons attentivement ces questions vitales. L\u2019\u00e9cologie engage le destin commun, engage l\u2019avenir, sa situation d\u00e9coule largement des rapports sociaux. Reporterre entend aussi relayer toutes les initiatives qui montrent que les alternatives au syst\u00e8me dominant sont possibles et r\u00e9alistes. www.reporterre.net\",\"sameAs\":[\"http:\/\/www.reporterre.net\/\",\"https:\/\/x.com\/@reporterre\"],\"url\":\"https:\/\/www.pressenza.com\/fr\/author\/reporterre\/\"}]}<\/script>\n<!-- \/ Yoast SEO plugin. -->","yoast_head_json":{"title":"En Ari\u00e8ge, un projet minier suscite l\u2019opposition de la population","description":"Une soci\u00e9t\u00e9 australienne de prospection mini\u00e8re s\u2019int\u00e9resse de pr\u00e8s \u00e0 l\u2019ancien gisement de tungst\u00e8ne - contenant de l\u2019amiante - du hameau ari\u00e9geois de","robots":{"index":"index","follow":"follow","max-snippet":"max-snippet:-1","max-image-preview":"max-image-preview:large","max-video-preview":"max-video-preview:-1"},"canonical":"https:\/\/www.pressenza.com\/fr\/2015\/10\/en-ariege-un-projet-minier-suscite-lopposition-de-la-population\/","og_locale":"fr_FR","og_type":"article","og_title":"En Ari\u00e8ge, un projet minier suscite l\u2019opposition de la population","og_description":"Une soci\u00e9t\u00e9 australienne de prospection mini\u00e8re s\u2019int\u00e9resse de pr\u00e8s \u00e0 l\u2019ancien gisement de tungst\u00e8ne - contenant de l\u2019amiante - du hameau ari\u00e9geois de","og_url":"https:\/\/www.pressenza.com\/fr\/2015\/10\/en-ariege-un-projet-minier-suscite-lopposition-de-la-population\/","og_site_name":"Pressenza","article_publisher":"https:\/\/www.facebook.com\/PressenzaItalia","article_published_time":"2015-10-19T17:05:34+00:00","article_modified_time":"2015-10-19T20:15:07+00:00","og_image":[{"width":720,"height":405,"url":"https:\/\/www.pressenza.com\/wp-content\/uploads\/2015\/10\/arton8274-773cc.jpg","type":"image\/jpeg"}],"author":"Reporterre, le quotidien de l\u2019\u00e9cologie","twitter_card":"summary_large_image","twitter_creator":"@reporterre","twitter_site":"@PressenzaIPA","twitter_misc":{"\u00c9crit par":"Reporterre, le quotidien de l\u2019\u00e9cologie","Dur\u00e9e de lecture estim\u00e9e":"8 minutes"},"schema":{"@context":"https:\/\/schema.org","@graph":[{"@type":"Article","@id":"https:\/\/www.pressenza.com\/fr\/2015\/10\/en-ariege-un-projet-minier-suscite-lopposition-de-la-population\/#article","isPartOf":{"@id":"https:\/\/www.pressenza.com\/fr\/2015\/10\/en-ariege-un-projet-minier-suscite-lopposition-de-la-population\/"},"author":{"name":"Reporterre, le quotidien de l\u2019\u00e9cologie","@id":"https:\/\/www.pressenza.com\/fr\/#\/schema\/person\/de7a73acc724ec52aecb29649b65b9bc"},"headline":"En Ari\u00e8ge, un projet minier suscite l\u2019opposition de la population","datePublished":"2015-10-19T17:05:34+00:00","dateModified":"2015-10-19T20:15:07+00:00","mainEntityOfPage":{"@id":"https:\/\/www.pressenza.com\/fr\/2015\/10\/en-ariege-un-projet-minier-suscite-lopposition-de-la-population\/"},"wordCount":1542,"publisher":{"@id":"https:\/\/www.pressenza.com\/fr\/#organization"},"image":{"@id":"https:\/\/www.pressenza.com\/fr\/2015\/10\/en-ariege-un-projet-minier-suscite-lopposition-de-la-population\/#primaryimage"},"thumbnailUrl":"https:\/\/www.pressenza.com\/wp-content\/uploads\/2015\/10\/arton8274-773cc.jpg","keywords":["arsenic","Variscan Mines"],"articleSection":["Ecologie et Environnement","Europe"],"inLanguage":"fr-FR"},{"@type":"WebPage","@id":"https:\/\/www.pressenza.com\/fr\/2015\/10\/en-ariege-un-projet-minier-suscite-lopposition-de-la-population\/","url":"https:\/\/www.pressenza.com\/fr\/2015\/10\/en-ariege-un-projet-minier-suscite-lopposition-de-la-population\/","name":"En Ari\u00e8ge, un projet minier suscite l\u2019opposition de la population","isPartOf":{"@id":"https:\/\/www.pressenza.com\/fr\/#website"},"primaryImageOfPage":{"@id":"https:\/\/www.pressenza.com\/fr\/2015\/10\/en-ariege-un-projet-minier-suscite-lopposition-de-la-population\/#primaryimage"},"image":{"@id":"https:\/\/www.pressenza.com\/fr\/2015\/10\/en-ariege-un-projet-minier-suscite-lopposition-de-la-population\/#primaryimage"},"thumbnailUrl":"https:\/\/www.pressenza.com\/wp-content\/uploads\/2015\/10\/arton8274-773cc.jpg","datePublished":"2015-10-19T17:05:34+00:00","dateModified":"2015-10-19T20:15:07+00:00","description":"Une soci\u00e9t\u00e9 australienne de prospection mini\u00e8re s\u2019int\u00e9resse de pr\u00e8s \u00e0 l\u2019ancien gisement de tungst\u00e8ne - contenant de l\u2019amiante - du hameau ari\u00e9geois de","breadcrumb":{"@id":"https:\/\/www.pressenza.com\/fr\/2015\/10\/en-ariege-un-projet-minier-suscite-lopposition-de-la-population\/#breadcrumb"},"inLanguage":"fr-FR","potentialAction":[{"@type":"ReadAction","target":["https:\/\/www.pressenza.com\/fr\/2015\/10\/en-ariege-un-projet-minier-suscite-lopposition-de-la-population\/"]}]},{"@type":"ImageObject","inLanguage":"fr-FR","@id":"https:\/\/www.pressenza.com\/fr\/2015\/10\/en-ariege-un-projet-minier-suscite-lopposition-de-la-population\/#primaryimage","url":"https:\/\/www.pressenza.com\/wp-content\/uploads\/2015\/10\/arton8274-773cc.jpg","contentUrl":"https:\/\/www.pressenza.com\/wp-content\/uploads\/2015\/10\/arton8274-773cc.jpg","width":720,"height":405},{"@type":"BreadcrumbList","@id":"https:\/\/www.pressenza.com\/fr\/2015\/10\/en-ariege-un-projet-minier-suscite-lopposition-de-la-population\/#breadcrumb","itemListElement":[{"@type":"ListItem","position":1,"name":"Accueil","item":"https:\/\/www.pressenza.com\/fr\/"},{"@type":"ListItem","position":2,"name":"En Ari\u00e8ge, un projet minier suscite l\u2019opposition de la population"}]},{"@type":"WebSite","@id":"https:\/\/www.pressenza.com\/fr\/#website","url":"https:\/\/www.pressenza.com\/fr\/","name":"Pressenza","description":"International Press Agency","publisher":{"@id":"https:\/\/www.pressenza.com\/fr\/#organization"},"potentialAction":[{"@type":"SearchAction","target":{"@type":"EntryPoint","urlTemplate":"https:\/\/www.pressenza.com\/fr\/?s={search_term_string}"},"query-input":{"@type":"PropertyValueSpecification","valueRequired":true,"valueName":"search_term_string"}}],"inLanguage":"fr-FR"},{"@type":"Organization","@id":"https:\/\/www.pressenza.com\/fr\/#organization","name":"Pressenza","url":"https:\/\/www.pressenza.com\/fr\/","logo":{"@type":"ImageObject","inLanguage":"fr-FR","@id":"https:\/\/www.pressenza.com\/fr\/#\/schema\/logo\/image\/","url":"https:\/\/www.pressenza.com\/wp-content\/uploads\/2022\/10\/pressenza_logo_200x200.jpg","contentUrl":"https:\/\/www.pressenza.com\/wp-content\/uploads\/2022\/10\/pressenza_logo_200x200.jpg","width":200,"height":200,"caption":"Pressenza"},"image":{"@id":"https:\/\/www.pressenza.com\/fr\/#\/schema\/logo\/image\/"},"sameAs":["https:\/\/www.facebook.com\/PressenzaItalia","https:\/\/x.com\/PressenzaIPA"]},{"@type":"Person","@id":"https:\/\/www.pressenza.com\/fr\/#\/schema\/person\/de7a73acc724ec52aecb29649b65b9bc","name":"Reporterre, le quotidien de l\u2019\u00e9cologie","description":"Reporterre propose des informations claires et pertinentes sur l\u2019\u00e9cologie dans ses dimensions politique et sociale, ainsi qu\u2019un espace de tribunes pour r\u00e9fl\u00e9chir et d\u00e9battre. Pour nous, l\u2019\u00e9cologie ne peut se r\u00e9duire \u00e0 des questions de nature et de pollution - m\u00eame si nous suivons attentivement ces questions vitales. L\u2019\u00e9cologie engage le destin commun, engage l\u2019avenir, sa situation d\u00e9coule largement des rapports sociaux. Reporterre entend aussi relayer toutes les initiatives qui montrent que les alternatives au syst\u00e8me dominant sont possibles et r\u00e9alistes. www.reporterre.net","sameAs":["http:\/\/www.reporterre.net\/","https:\/\/x.com\/@reporterre"],"url":"https:\/\/www.pressenza.com\/fr\/author\/reporterre\/"}]}},"place":"","original_article_url":"http:\/\/reporterre.net\/En-Ariege-un-projet-minier-suscite-l-opposition-de-la-population","_links":{"self":[{"href":"https:\/\/www.pressenza.com\/fr\/wp-json\/wp\/v2\/posts\/235961","targetHints":{"allow":["GET"]}}],"collection":[{"href":"https:\/\/www.pressenza.com\/fr\/wp-json\/wp\/v2\/posts"}],"about":[{"href":"https:\/\/www.pressenza.com\/fr\/wp-json\/wp\/v2\/types\/post"}],"author":[{"embeddable":true,"href":"https:\/\/www.pressenza.com\/fr\/wp-json\/wp\/v2\/users\/1138"}],"replies":[{"embeddable":true,"href":"https:\/\/www.pressenza.com\/fr\/wp-json\/wp\/v2\/comments?post=235961"}],"version-history":[{"count":0,"href":"https:\/\/www.pressenza.com\/fr\/wp-json\/wp\/v2\/posts\/235961\/revisions"}],"wp:featuredmedia":[{"embeddable":true,"href":"https:\/\/www.pressenza.com\/fr\/wp-json\/wp\/v2\/media\/235967"}],"wp:attachment":[{"href":"https:\/\/www.pressenza.com\/fr\/wp-json\/wp\/v2\/media?parent=235961"}],"wp:term":[{"taxonomy":"category","embeddable":true,"href":"https:\/\/www.pressenza.com\/fr\/wp-json\/wp\/v2\/categories?post=235961"},{"taxonomy":"post_tag","embeddable":true,"href":"https:\/\/www.pressenza.com\/fr\/wp-json\/wp\/v2\/tags?post=235961"}],"curies":[{"name":"wp","href":"https:\/\/api.w.org\/{rel}","templated":true}]}}