{"id":2357137,"date":"2024-05-15T19:26:36","date_gmt":"2024-05-15T18:26:36","guid":{"rendered":"https:\/\/www.pressenza.com\/?p=2357137"},"modified":"2024-05-15T19:26:36","modified_gmt":"2024-05-15T18:26:36","slug":"ela-gandhi-petite-fille-du-mahatma-renforcer-la-solidarite-mondiale-avec-le-peuple-palestinien-pour-ouvrir-la-voie-a-la-paix","status":"publish","type":"post","link":"https:\/\/www.pressenza.com\/fr\/2024\/05\/ela-gandhi-petite-fille-du-mahatma-renforcer-la-solidarite-mondiale-avec-le-peuple-palestinien-pour-ouvrir-la-voie-a-la-paix\/","title":{"rendered":"Ela Gandhi, petite-fille du Mahatma : \u00ab\u00a0Renforcer la solidarit\u00e9 mondiale avec le peuple palestinien pour ouvrir la voie \u00e0 la paix\u00a0\u00bb"},"content":{"rendered":"<p>Ela Gandhi, activiste sud-africaine et petite-fille du Mahatma Gandhi, a particip\u00e9 samedi 11 mai 2024 \u00e0 Johannesburg \u00e0 la Conf\u00e9rence mondiale contre l&rsquo;apartheid en Palestine.<\/p>\n<p><i>Pour voir la vid\u00e9o ( 1\u2032 25\u2032\u2032 ) avec les sous-titres en fran\u00e7ais sur un ordinateur : <b>1.<\/b>\u00a0Cliquez sur l\u2019ic\u00f4ne\u00a0<b>Sous-titres\u00a0<\/b>(rectangle blanc en bas \u00e0 droite de la fen\u00eatre du lecteur vid\u00e9o).\u00a0 \u00a0<b>2.<\/b>\u00a0Cliquez sur l\u2019ic\u00f4ne\u00a0<b>Param\u00e8tres\u00a0<\/b>(roue dent\u00e9e\u00a0en bas \u00e0 droite), puis cliquez\u00a0successivement sur\u00a0<b>Sous-titres<\/b>, puis sur\u00a0<b>Traduire automatiquement<\/b>.\u00a0\u00a0\u00a0\u00a0<b>3.<\/b>\u00a0Dans la fen\u00eatre qui s\u2019ouvre, faites d\u00e9filer la liste des langues et cliquez sur\u00a0<b>Fran\u00e7ais<\/b>.<\/i><\/p>\n<p><iframe loading=\"lazy\" title=\"YouTube video player\" src=\"https:\/\/www.youtube.com\/embed\/FJLVo8rA4L0?si=rVCWtTEFak6_MZ1y\" width=\"560\" height=\"315\" frameborder=\"0\" allowfullscreen=\"allowfullscreen\" data-mce-fragment=\"1\"><\/iframe><\/p>\n<p>L&rsquo;activiste met en garde ceux qui pensent que la Palestine est un endroit lointain : \u00ab\u00a0Cela peut sembler le cas, mais la menace de l&rsquo;utilisation d&rsquo;armes nucl\u00e9aires par Isra\u00ebl a de graves cons\u00e9quences pour l&rsquo;ensemble de la plan\u00e8te\u00a0\u00bb.<\/p>\n<p>Selon elle, le mouvement mondial de solidarit\u00e9 avec le peuple palestinien doit \u00eatre renforc\u00e9 afin d&rsquo;ouvrir la voie \u00e0 une solution qui apportera la paix dans la r\u00e9gion.<\/p>\n<p><em>Couverture sp\u00e9ciale depuis l&rsquo;Afrique du Sud par Felipe Bianchi, Bar\u00e3o de Itarar\u00e9 \/ ComunicaSul, FCINA<\/em><\/p>\n<p>&nbsp;<\/p>\n","protected":false},"excerpt":{"rendered":"<p>Ela Gandhi, activiste sud-africaine et petite-fille du Mahatma Gandhi, a particip\u00e9 samedi 11 mai 2024 \u00e0 Johannesburg \u00e0 la Conf\u00e9rence mondiale contre l&rsquo;apartheid en Palestine. Pour voir la vid\u00e9o ( 1\u2032 25\u2032\u2032 ) avec les sous-titres en fran\u00e7ais sur un&hellip;<\/p>\n","protected":false},"author":1338,"featured_media":2236949,"comment_status":"closed","ping_status":"closed","sticky":false,"template":"","format":"standard","meta":{"footnotes":""},"categories":[98,1250],"tags":[117586,122932,298,1113],"class_list":["post-2357137","post","type-post","status-publish","format-standard","has-post-thumbnail","hentry","category-droits-de-lhomme","category-paix-desarmement","tag-conflit-israel-palestine","tag-ela-gandhi-fr","tag-paix","tag-palestine-fr"],"yoast_head":"<!-- This site is optimized with the Yoast SEO plugin v27.1.1 - https:\/\/yoast.com\/product\/yoast-seo-wordpress\/ -->\n<title>Ela Gandhi, petite-fille du Mahatma : &quot;Renforcer la solidarit\u00e9 mondiale avec le peuple palestinien pour ouvrir la voie \u00e0 la paix&quot;<\/title>\n<meta name=\"description\" content=\"Ela Gandhi, activiste sud-africaine et petite-fille du Mahatma Gandhi, a particip\u00e9 samedi 11 mai 2024 \u00e0 Johannesburg \u00e0 la Conf\u00e9rence mondiale contre\" \/>\n<meta name=\"robots\" content=\"index, follow, max-snippet:-1, max-image-preview:large, max-video-preview:-1\" \/>\n<link rel=\"canonical\" href=\"https:\/\/www.pressenza.com\/fr\/2024\/05\/ela-gandhi-petite-fille-du-mahatma-renforcer-la-solidarite-mondiale-avec-le-peuple-palestinien-pour-ouvrir-la-voie-a-la-paix\/\" \/>\n<meta property=\"og:locale\" content=\"fr_FR\" \/>\n<meta property=\"og:type\" content=\"article\" \/>\n<meta property=\"og:title\" content=\"Ela Gandhi, petite-fille du Mahatma : &quot;Renforcer la solidarit\u00e9 mondiale avec le peuple palestinien pour ouvrir la voie \u00e0 la paix&quot;\" \/>\n<meta property=\"og:description\" content=\"Ela Gandhi, activiste sud-africaine et petite-fille du Mahatma Gandhi, a particip\u00e9 samedi 11 mai 2024 \u00e0 Johannesburg \u00e0 la Conf\u00e9rence mondiale contre\" \/>\n<meta property=\"og:url\" content=\"https:\/\/www.pressenza.com\/fr\/2024\/05\/ela-gandhi-petite-fille-du-mahatma-renforcer-la-solidarite-mondiale-avec-le-peuple-palestinien-pour-ouvrir-la-voie-a-la-paix\/\" \/>\n<meta property=\"og:site_name\" content=\"Pressenza\" \/>\n<meta property=\"article:publisher\" content=\"https:\/\/www.facebook.com\/PressenzaItalia\" \/>\n<meta property=\"article:published_time\" content=\"2024-05-15T18:26:36+00:00\" \/>\n<meta property=\"og:image\" content=\"https:\/\/www.pressenza.com\/wp-content\/uploads\/2024\/05\/muro-apartheid-y-ela.jpg\" \/>\n\t<meta property=\"og:image:width\" content=\"794\" \/>\n\t<meta property=\"og:image:height\" content=\"362\" \/>\n\t<meta property=\"og:image:type\" content=\"image\/jpeg\" \/>\n<meta name=\"author\" content=\"Foro de Comunicaci\u00f3n para la Integracion de NuestrAm\u00e9rica (FCINA)\" \/>\n<meta name=\"twitter:card\" content=\"summary_large_image\" \/>\n<meta name=\"twitter:creator\" content=\"@PressenzaIPA\" \/>\n<meta name=\"twitter:site\" content=\"@PressenzaIPA\" \/>\n<meta name=\"twitter:label1\" content=\"\u00c9crit par\" \/>\n\t<meta name=\"twitter:data1\" content=\"Foro de Comunicaci\u00f3n para la Integracion de NuestrAm\u00e9rica (FCINA)\" \/>\n\t<meta name=\"twitter:label2\" content=\"Dur\u00e9e de lecture estim\u00e9e\" \/>\n\t<meta name=\"twitter:data2\" content=\"1 minute\" \/>\n<script type=\"application\/ld+json\" class=\"yoast-schema-graph\">{\"@context\":\"https:\/\/schema.org\",\"@graph\":[{\"@type\":\"Article\",\"@id\":\"https:\/\/www.pressenza.com\/fr\/2024\/05\/ela-gandhi-petite-fille-du-mahatma-renforcer-la-solidarite-mondiale-avec-le-peuple-palestinien-pour-ouvrir-la-voie-a-la-paix\/#article\",\"isPartOf\":{\"@id\":\"https:\/\/www.pressenza.com\/fr\/2024\/05\/ela-gandhi-petite-fille-du-mahatma-renforcer-la-solidarite-mondiale-avec-le-peuple-palestinien-pour-ouvrir-la-voie-a-la-paix\/\"},\"author\":{\"name\":\"Foro de Comunicaci\u00f3n para la Integracion de NuestrAm\u00e9rica (FCINA)\",\"@id\":\"https:\/\/www.pressenza.com\/fr\/#\/schema\/person\/bee2dba4625fd34d557d703cfd75f339\"},\"headline\":\"Ela Gandhi, petite-fille du Mahatma : \u00ab\u00a0Renforcer la solidarit\u00e9 mondiale avec le peuple palestinien pour ouvrir la voie \u00e0 la paix\u00a0\u00bb\",\"datePublished\":\"2024-05-15T18:26:36+00:00\",\"mainEntityOfPage\":{\"@id\":\"https:\/\/www.pressenza.com\/fr\/2024\/05\/ela-gandhi-petite-fille-du-mahatma-renforcer-la-solidarite-mondiale-avec-le-peuple-palestinien-pour-ouvrir-la-voie-a-la-paix\/\"},\"wordCount\":208,\"publisher\":{\"@id\":\"https:\/\/www.pressenza.com\/fr\/#organization\"},\"image\":{\"@id\":\"https:\/\/www.pressenza.com\/fr\/2024\/05\/ela-gandhi-petite-fille-du-mahatma-renforcer-la-solidarite-mondiale-avec-le-peuple-palestinien-pour-ouvrir-la-voie-a-la-paix\/#primaryimage\"},\"thumbnailUrl\":\"https:\/\/www.pressenza.com\/wp-content\/uploads\/2024\/05\/muro-apartheid-y-ela.jpg\",\"keywords\":[\"Conflit Isra\u00ebl Palestine\",\"Ela Gandhi\",\"Paix\",\"Palestine\"],\"articleSection\":[\"Droits humains\",\"Paix et D\u00e9sarmement\"],\"inLanguage\":\"fr-FR\"},{\"@type\":\"WebPage\",\"@id\":\"https:\/\/www.pressenza.com\/fr\/2024\/05\/ela-gandhi-petite-fille-du-mahatma-renforcer-la-solidarite-mondiale-avec-le-peuple-palestinien-pour-ouvrir-la-voie-a-la-paix\/\",\"url\":\"https:\/\/www.pressenza.com\/fr\/2024\/05\/ela-gandhi-petite-fille-du-mahatma-renforcer-la-solidarite-mondiale-avec-le-peuple-palestinien-pour-ouvrir-la-voie-a-la-paix\/\",\"name\":\"Ela Gandhi, petite-fille du Mahatma : \\\"Renforcer la solidarit\u00e9 mondiale avec le peuple palestinien pour ouvrir la voie \u00e0 la paix\\\"\",\"isPartOf\":{\"@id\":\"https:\/\/www.pressenza.com\/fr\/#website\"},\"primaryImageOfPage\":{\"@id\":\"https:\/\/www.pressenza.com\/fr\/2024\/05\/ela-gandhi-petite-fille-du-mahatma-renforcer-la-solidarite-mondiale-avec-le-peuple-palestinien-pour-ouvrir-la-voie-a-la-paix\/#primaryimage\"},\"image\":{\"@id\":\"https:\/\/www.pressenza.com\/fr\/2024\/05\/ela-gandhi-petite-fille-du-mahatma-renforcer-la-solidarite-mondiale-avec-le-peuple-palestinien-pour-ouvrir-la-voie-a-la-paix\/#primaryimage\"},\"thumbnailUrl\":\"https:\/\/www.pressenza.com\/wp-content\/uploads\/2024\/05\/muro-apartheid-y-ela.jpg\",\"datePublished\":\"2024-05-15T18:26:36+00:00\",\"description\":\"Ela Gandhi, activiste sud-africaine et petite-fille du Mahatma Gandhi, a particip\u00e9 samedi 11 mai 2024 \u00e0 Johannesburg \u00e0 la Conf\u00e9rence mondiale contre\",\"breadcrumb\":{\"@id\":\"https:\/\/www.pressenza.com\/fr\/2024\/05\/ela-gandhi-petite-fille-du-mahatma-renforcer-la-solidarite-mondiale-avec-le-peuple-palestinien-pour-ouvrir-la-voie-a-la-paix\/#breadcrumb\"},\"inLanguage\":\"fr-FR\",\"potentialAction\":[{\"@type\":\"ReadAction\",\"target\":[\"https:\/\/www.pressenza.com\/fr\/2024\/05\/ela-gandhi-petite-fille-du-mahatma-renforcer-la-solidarite-mondiale-avec-le-peuple-palestinien-pour-ouvrir-la-voie-a-la-paix\/\"]}]},{\"@type\":\"ImageObject\",\"inLanguage\":\"fr-FR\",\"@id\":\"https:\/\/www.pressenza.com\/fr\/2024\/05\/ela-gandhi-petite-fille-du-mahatma-renforcer-la-solidarite-mondiale-avec-le-peuple-palestinien-pour-ouvrir-la-voie-a-la-paix\/#primaryimage\",\"url\":\"https:\/\/www.pressenza.com\/wp-content\/uploads\/2024\/05\/muro-apartheid-y-ela.jpg\",\"contentUrl\":\"https:\/\/www.pressenza.com\/wp-content\/uploads\/2024\/05\/muro-apartheid-y-ela.jpg\",\"width\":794,\"height\":362},{\"@type\":\"BreadcrumbList\",\"@id\":\"https:\/\/www.pressenza.com\/fr\/2024\/05\/ela-gandhi-petite-fille-du-mahatma-renforcer-la-solidarite-mondiale-avec-le-peuple-palestinien-pour-ouvrir-la-voie-a-la-paix\/#breadcrumb\",\"itemListElement\":[{\"@type\":\"ListItem\",\"position\":1,\"name\":\"Accueil\",\"item\":\"https:\/\/www.pressenza.com\/fr\/\"},{\"@type\":\"ListItem\",\"position\":2,\"name\":\"Ela Gandhi, petite-fille du Mahatma : \u00ab\u00a0Renforcer la solidarit\u00e9 mondiale avec le peuple palestinien pour ouvrir la voie \u00e0 la paix\u00a0\u00bb\"}]},{\"@type\":\"WebSite\",\"@id\":\"https:\/\/www.pressenza.com\/fr\/#website\",\"url\":\"https:\/\/www.pressenza.com\/fr\/\",\"name\":\"Pressenza\",\"description\":\"International Press Agency\",\"publisher\":{\"@id\":\"https:\/\/www.pressenza.com\/fr\/#organization\"},\"potentialAction\":[{\"@type\":\"SearchAction\",\"target\":{\"@type\":\"EntryPoint\",\"urlTemplate\":\"https:\/\/www.pressenza.com\/fr\/?s={search_term_string}\"},\"query-input\":{\"@type\":\"PropertyValueSpecification\",\"valueRequired\":true,\"valueName\":\"search_term_string\"}}],\"inLanguage\":\"fr-FR\"},{\"@type\":\"Organization\",\"@id\":\"https:\/\/www.pressenza.com\/fr\/#organization\",\"name\":\"Pressenza\",\"url\":\"https:\/\/www.pressenza.com\/fr\/\",\"logo\":{\"@type\":\"ImageObject\",\"inLanguage\":\"fr-FR\",\"@id\":\"https:\/\/www.pressenza.com\/fr\/#\/schema\/logo\/image\/\",\"url\":\"https:\/\/www.pressenza.com\/wp-content\/uploads\/2022\/10\/pressenza_logo_200x200.jpg\",\"contentUrl\":\"https:\/\/www.pressenza.com\/wp-content\/uploads\/2022\/10\/pressenza_logo_200x200.jpg\",\"width\":200,\"height\":200,\"caption\":\"Pressenza\"},\"image\":{\"@id\":\"https:\/\/www.pressenza.com\/fr\/#\/schema\/logo\/image\/\"},\"sameAs\":[\"https:\/\/www.facebook.com\/PressenzaItalia\",\"https:\/\/x.com\/PressenzaIPA\"]},{\"@type\":\"Person\",\"@id\":\"https:\/\/www.pressenza.com\/fr\/#\/schema\/person\/bee2dba4625fd34d557d703cfd75f339\",\"name\":\"Foro de Comunicaci\u00f3n para la Integracion de NuestrAm\u00e9rica (FCINA)\",\"url\":\"https:\/\/www.pressenza.com\/fr\/author\/fcina\/\"}]}<\/script>\n<!-- \/ Yoast SEO plugin. -->","yoast_head_json":{"title":"Ela Gandhi, petite-fille du Mahatma : \"Renforcer la solidarit\u00e9 mondiale avec le peuple palestinien pour ouvrir la voie \u00e0 la paix\"","description":"Ela Gandhi, activiste sud-africaine et petite-fille du Mahatma Gandhi, a particip\u00e9 samedi 11 mai 2024 \u00e0 Johannesburg \u00e0 la Conf\u00e9rence mondiale contre","robots":{"index":"index","follow":"follow","max-snippet":"max-snippet:-1","max-image-preview":"max-image-preview:large","max-video-preview":"max-video-preview:-1"},"canonical":"https:\/\/www.pressenza.com\/fr\/2024\/05\/ela-gandhi-petite-fille-du-mahatma-renforcer-la-solidarite-mondiale-avec-le-peuple-palestinien-pour-ouvrir-la-voie-a-la-paix\/","og_locale":"fr_FR","og_type":"article","og_title":"Ela Gandhi, petite-fille du Mahatma : \"Renforcer la solidarit\u00e9 mondiale avec le peuple palestinien pour ouvrir la voie \u00e0 la paix\"","og_description":"Ela Gandhi, activiste sud-africaine et petite-fille du Mahatma Gandhi, a particip\u00e9 samedi 11 mai 2024 \u00e0 Johannesburg \u00e0 la Conf\u00e9rence mondiale contre","og_url":"https:\/\/www.pressenza.com\/fr\/2024\/05\/ela-gandhi-petite-fille-du-mahatma-renforcer-la-solidarite-mondiale-avec-le-peuple-palestinien-pour-ouvrir-la-voie-a-la-paix\/","og_site_name":"Pressenza","article_publisher":"https:\/\/www.facebook.com\/PressenzaItalia","article_published_time":"2024-05-15T18:26:36+00:00","og_image":[{"width":794,"height":362,"url":"https:\/\/www.pressenza.com\/wp-content\/uploads\/2024\/05\/muro-apartheid-y-ela.jpg","type":"image\/jpeg"}],"author":"Foro de Comunicaci\u00f3n para la Integracion de NuestrAm\u00e9rica (FCINA)","twitter_card":"summary_large_image","twitter_creator":"@PressenzaIPA","twitter_site":"@PressenzaIPA","twitter_misc":{"\u00c9crit par":"Foro de Comunicaci\u00f3n para la Integracion de NuestrAm\u00e9rica (FCINA)","Dur\u00e9e de lecture estim\u00e9e":"1 minute"},"schema":{"@context":"https:\/\/schema.org","@graph":[{"@type":"Article","@id":"https:\/\/www.pressenza.com\/fr\/2024\/05\/ela-gandhi-petite-fille-du-mahatma-renforcer-la-solidarite-mondiale-avec-le-peuple-palestinien-pour-ouvrir-la-voie-a-la-paix\/#article","isPartOf":{"@id":"https:\/\/www.pressenza.com\/fr\/2024\/05\/ela-gandhi-petite-fille-du-mahatma-renforcer-la-solidarite-mondiale-avec-le-peuple-palestinien-pour-ouvrir-la-voie-a-la-paix\/"},"author":{"name":"Foro de Comunicaci\u00f3n para la Integracion de NuestrAm\u00e9rica (FCINA)","@id":"https:\/\/www.pressenza.com\/fr\/#\/schema\/person\/bee2dba4625fd34d557d703cfd75f339"},"headline":"Ela Gandhi, petite-fille du Mahatma : \u00ab\u00a0Renforcer la solidarit\u00e9 mondiale avec le peuple palestinien pour ouvrir la voie \u00e0 la paix\u00a0\u00bb","datePublished":"2024-05-15T18:26:36+00:00","mainEntityOfPage":{"@id":"https:\/\/www.pressenza.com\/fr\/2024\/05\/ela-gandhi-petite-fille-du-mahatma-renforcer-la-solidarite-mondiale-avec-le-peuple-palestinien-pour-ouvrir-la-voie-a-la-paix\/"},"wordCount":208,"publisher":{"@id":"https:\/\/www.pressenza.com\/fr\/#organization"},"image":{"@id":"https:\/\/www.pressenza.com\/fr\/2024\/05\/ela-gandhi-petite-fille-du-mahatma-renforcer-la-solidarite-mondiale-avec-le-peuple-palestinien-pour-ouvrir-la-voie-a-la-paix\/#primaryimage"},"thumbnailUrl":"https:\/\/www.pressenza.com\/wp-content\/uploads\/2024\/05\/muro-apartheid-y-ela.jpg","keywords":["Conflit Isra\u00ebl Palestine","Ela Gandhi","Paix","Palestine"],"articleSection":["Droits humains","Paix et D\u00e9sarmement"],"inLanguage":"fr-FR"},{"@type":"WebPage","@id":"https:\/\/www.pressenza.com\/fr\/2024\/05\/ela-gandhi-petite-fille-du-mahatma-renforcer-la-solidarite-mondiale-avec-le-peuple-palestinien-pour-ouvrir-la-voie-a-la-paix\/","url":"https:\/\/www.pressenza.com\/fr\/2024\/05\/ela-gandhi-petite-fille-du-mahatma-renforcer-la-solidarite-mondiale-avec-le-peuple-palestinien-pour-ouvrir-la-voie-a-la-paix\/","name":"Ela Gandhi, petite-fille du Mahatma : \"Renforcer la solidarit\u00e9 mondiale avec le peuple palestinien pour ouvrir la voie \u00e0 la paix\"","isPartOf":{"@id":"https:\/\/www.pressenza.com\/fr\/#website"},"primaryImageOfPage":{"@id":"https:\/\/www.pressenza.com\/fr\/2024\/05\/ela-gandhi-petite-fille-du-mahatma-renforcer-la-solidarite-mondiale-avec-le-peuple-palestinien-pour-ouvrir-la-voie-a-la-paix\/#primaryimage"},"image":{"@id":"https:\/\/www.pressenza.com\/fr\/2024\/05\/ela-gandhi-petite-fille-du-mahatma-renforcer-la-solidarite-mondiale-avec-le-peuple-palestinien-pour-ouvrir-la-voie-a-la-paix\/#primaryimage"},"thumbnailUrl":"https:\/\/www.pressenza.com\/wp-content\/uploads\/2024\/05\/muro-apartheid-y-ela.jpg","datePublished":"2024-05-15T18:26:36+00:00","description":"Ela Gandhi, activiste sud-africaine et petite-fille du Mahatma Gandhi, a particip\u00e9 samedi 11 mai 2024 \u00e0 Johannesburg \u00e0 la Conf\u00e9rence mondiale contre","breadcrumb":{"@id":"https:\/\/www.pressenza.com\/fr\/2024\/05\/ela-gandhi-petite-fille-du-mahatma-renforcer-la-solidarite-mondiale-avec-le-peuple-palestinien-pour-ouvrir-la-voie-a-la-paix\/#breadcrumb"},"inLanguage":"fr-FR","potentialAction":[{"@type":"ReadAction","target":["https:\/\/www.pressenza.com\/fr\/2024\/05\/ela-gandhi-petite-fille-du-mahatma-renforcer-la-solidarite-mondiale-avec-le-peuple-palestinien-pour-ouvrir-la-voie-a-la-paix\/"]}]},{"@type":"ImageObject","inLanguage":"fr-FR","@id":"https:\/\/www.pressenza.com\/fr\/2024\/05\/ela-gandhi-petite-fille-du-mahatma-renforcer-la-solidarite-mondiale-avec-le-peuple-palestinien-pour-ouvrir-la-voie-a-la-paix\/#primaryimage","url":"https:\/\/www.pressenza.com\/wp-content\/uploads\/2024\/05\/muro-apartheid-y-ela.jpg","contentUrl":"https:\/\/www.pressenza.com\/wp-content\/uploads\/2024\/05\/muro-apartheid-y-ela.jpg","width":794,"height":362},{"@type":"BreadcrumbList","@id":"https:\/\/www.pressenza.com\/fr\/2024\/05\/ela-gandhi-petite-fille-du-mahatma-renforcer-la-solidarite-mondiale-avec-le-peuple-palestinien-pour-ouvrir-la-voie-a-la-paix\/#breadcrumb","itemListElement":[{"@type":"ListItem","position":1,"name":"Accueil","item":"https:\/\/www.pressenza.com\/fr\/"},{"@type":"ListItem","position":2,"name":"Ela Gandhi, petite-fille du Mahatma : \u00ab\u00a0Renforcer la solidarit\u00e9 mondiale avec le peuple palestinien pour ouvrir la voie \u00e0 la paix\u00a0\u00bb"}]},{"@type":"WebSite","@id":"https:\/\/www.pressenza.com\/fr\/#website","url":"https:\/\/www.pressenza.com\/fr\/","name":"Pressenza","description":"International Press Agency","publisher":{"@id":"https:\/\/www.pressenza.com\/fr\/#organization"},"potentialAction":[{"@type":"SearchAction","target":{"@type":"EntryPoint","urlTemplate":"https:\/\/www.pressenza.com\/fr\/?s={search_term_string}"},"query-input":{"@type":"PropertyValueSpecification","valueRequired":true,"valueName":"search_term_string"}}],"inLanguage":"fr-FR"},{"@type":"Organization","@id":"https:\/\/www.pressenza.com\/fr\/#organization","name":"Pressenza","url":"https:\/\/www.pressenza.com\/fr\/","logo":{"@type":"ImageObject","inLanguage":"fr-FR","@id":"https:\/\/www.pressenza.com\/fr\/#\/schema\/logo\/image\/","url":"https:\/\/www.pressenza.com\/wp-content\/uploads\/2022\/10\/pressenza_logo_200x200.jpg","contentUrl":"https:\/\/www.pressenza.com\/wp-content\/uploads\/2022\/10\/pressenza_logo_200x200.jpg","width":200,"height":200,"caption":"Pressenza"},"image":{"@id":"https:\/\/www.pressenza.com\/fr\/#\/schema\/logo\/image\/"},"sameAs":["https:\/\/www.facebook.com\/PressenzaItalia","https:\/\/x.com\/PressenzaIPA"]},{"@type":"Person","@id":"https:\/\/www.pressenza.com\/fr\/#\/schema\/person\/bee2dba4625fd34d557d703cfd75f339","name":"Foro de Comunicaci\u00f3n para la Integracion de NuestrAm\u00e9rica (FCINA)","url":"https:\/\/www.pressenza.com\/fr\/author\/fcina\/"}]}},"place":"Johannesbourg, Afrique du Sud","original_article_url":"","_links":{"self":[{"href":"https:\/\/www.pressenza.com\/fr\/wp-json\/wp\/v2\/posts\/2357137","targetHints":{"allow":["GET"]}}],"collection":[{"href":"https:\/\/www.pressenza.com\/fr\/wp-json\/wp\/v2\/posts"}],"about":[{"href":"https:\/\/www.pressenza.com\/fr\/wp-json\/wp\/v2\/types\/post"}],"author":[{"embeddable":true,"href":"https:\/\/www.pressenza.com\/fr\/wp-json\/wp\/v2\/users\/1338"}],"replies":[{"embeddable":true,"href":"https:\/\/www.pressenza.com\/fr\/wp-json\/wp\/v2\/comments?post=2357137"}],"version-history":[{"count":0,"href":"https:\/\/www.pressenza.com\/fr\/wp-json\/wp\/v2\/posts\/2357137\/revisions"}],"wp:featuredmedia":[{"embeddable":true,"href":"https:\/\/www.pressenza.com\/fr\/wp-json\/wp\/v2\/media\/2236949"}],"wp:attachment":[{"href":"https:\/\/www.pressenza.com\/fr\/wp-json\/wp\/v2\/media?parent=2357137"}],"wp:term":[{"taxonomy":"category","embeddable":true,"href":"https:\/\/www.pressenza.com\/fr\/wp-json\/wp\/v2\/categories?post=2357137"},{"taxonomy":"post_tag","embeddable":true,"href":"https:\/\/www.pressenza.com\/fr\/wp-json\/wp\/v2\/tags?post=2357137"}],"curies":[{"name":"wp","href":"https:\/\/api.w.org\/{rel}","templated":true}]}}