{"id":232964,"date":"2015-10-11T22:50:11","date_gmt":"2015-10-11T21:50:11","guid":{"rendered":"http:\/\/www.pressenza.com\/fr\/?p=232964"},"modified":"2015-10-12T02:43:54","modified_gmt":"2015-10-12T01:43:54","slug":"paris-solidaire-avec-les-pacifistes-dankara","status":"publish","type":"post","link":"https:\/\/www.pressenza.com\/fr\/2015\/10\/paris-solidaire-avec-les-pacifistes-dankara\/","title":{"rendered":"Paris solidaire avec les pacifistes d&rsquo;Ankara"},"content":{"rendered":"<p>Dimanche 11 octobre des milliers de manifestants se sont retrouv\u00e9s \u00e0 Paris pour montrer leur soutien \u00e0 l&rsquo;opposition de gauche turque, apr\u00e8s l&rsquo;attentat de samedi qui a co\u00fbt\u00e9 la vie \u00e0 plus de 100 personnes, rassembl\u00e9es \u00e0 Ankara lors d&rsquo;une marche pacifiste contre la reprise des violences de la part de l&rsquo;arm\u00e9e turque contre les Kurdes dans le sud-est du pays.<\/p>\n<p>Le cort\u00e8ge parisien parti de la place de la R\u00e9publique pour se terminer \u00e0 Ch<span class=\"st\">\u00e2<\/span>telet, a vu la participation de la communaut\u00e9 kurde, des militants de la section fran\u00e7aise du parti HDP (Parti d\u00e9mocratique des peuples, parmi les organisateurs de la manifestation dans la capitale turque avec plusieurs syndicats et ONG), de nombreuses associations et groupe politiques et de citoyens solidaires.<\/p>\n<p>Les slogans chant\u00e9s pendant la manifestation ont fait surtout r\u00e9f\u00e9rence aux responsabilit\u00e9s de l&rsquo;Etat turc, et notamment du Pr\u00e9sident de la R\u00e9publique Recep Tayyip Erdo\u011fan, dans les \u00e9v\u00e9nements de samedi et dans le climat de tension du pays. Le 1er novembre le peuple de Turquie sera rappel\u00e9 aux urnes pour de nouvelles \u00e9lections l\u00e9gislatives, suite \u00e0 l&rsquo;\u00e9chec des n\u00e9gociations pour former un gouvernement apr\u00e8s le vote du 7 juin dernier.<\/p>\n<p>Voici quelques photos de la manifestation dans la capitale fran\u00e7aise.<\/p>\n<div class=\"post-gallery\">\n\t\t\t<figure class=\"post-gallery-item\">\n\t\t\t\t<img decoding=\"async\" src=\"https:\/\/www.pressenza.com\/wp-content\/uploads\/2015\/10\/20151011_143356-720x432.jpg\" loading=\"lazy\">\n\t\t\t\t<figcaption>\n\t\t\t\t\t\n\t\t\t\t<\/figcaption>\n\t\t\t<\/figure>\n\t\t\t<figure class=\"post-gallery-item\">\n\t\t\t\t<img decoding=\"async\" src=\"https:\/\/www.pressenza.com\/wp-content\/uploads\/2015\/10\/20151011_143630-720x432.jpg\" loading=\"lazy\">\n\t\t\t\t<figcaption>\n\t\t\t\t\t\n\t\t\t\t<\/figcaption>\n\t\t\t<\/figure>\n\t\t\t<figure class=\"post-gallery-item\">\n\t\t\t\t<img decoding=\"async\" src=\"https:\/\/www.pressenza.com\/wp-content\/uploads\/2015\/10\/20151011_144152-720x432.jpg\" loading=\"lazy\">\n\t\t\t\t<figcaption>\n\t\t\t\t\t\n\t\t\t\t<\/figcaption>\n\t\t\t<\/figure>\n\t\t\t<figure class=\"post-gallery-item\">\n\t\t\t\t<img decoding=\"async\" src=\"https:\/\/www.pressenza.com\/wp-content\/uploads\/2015\/10\/20151011_144159-720x432.jpg\" loading=\"lazy\">\n\t\t\t\t<figcaption>\n\t\t\t\t\t\n\t\t\t\t<\/figcaption>\n\t\t\t<\/figure>\n\t\t\t<figure class=\"post-gallery-item\">\n\t\t\t\t<img decoding=\"async\" src=\"https:\/\/www.pressenza.com\/wp-content\/uploads\/2015\/10\/20151011_145423-720x432.jpg\" loading=\"lazy\">\n\t\t\t\t<figcaption>\n\t\t\t\t\t\n\t\t\t\t<\/figcaption>\n\t\t\t<\/figure>\n\t\t\t<figure class=\"post-gallery-item\">\n\t\t\t\t<img decoding=\"async\" src=\"https:\/\/www.pressenza.com\/wp-content\/uploads\/2015\/10\/20151011_145708-720x432.jpg\" loading=\"lazy\">\n\t\t\t\t<figcaption>\n\t\t\t\t\t\n\t\t\t\t<\/figcaption>\n\t\t\t<\/figure>\n\t\t\t<figure class=\"post-gallery-item\">\n\t\t\t\t<img decoding=\"async\" src=\"https:\/\/www.pressenza.com\/wp-content\/uploads\/2015\/10\/20151011_145725-720x432.jpg\" loading=\"lazy\">\n\t\t\t\t<figcaption>\n\t\t\t\t\t\n\t\t\t\t<\/figcaption>\n\t\t\t<\/figure>\n\t\t\t<figure class=\"post-gallery-item\">\n\t\t\t\t<img decoding=\"async\" src=\"https:\/\/www.pressenza.com\/wp-content\/uploads\/2015\/10\/20151011_145757-720x432.jpg\" loading=\"lazy\">\n\t\t\t\t<figcaption>\n\t\t\t\t\t\n\t\t\t\t<\/figcaption>\n\t\t\t<\/figure>\n\t\t\t<figure class=\"post-gallery-item\">\n\t\t\t\t<img decoding=\"async\" src=\"https:\/\/www.pressenza.com\/wp-content\/uploads\/2015\/10\/20151011_145816-720x432.jpg\" loading=\"lazy\">\n\t\t\t\t<figcaption>\n\t\t\t\t\t\n\t\t\t\t<\/figcaption>\n\t\t\t<\/figure>\n\t\t\t<figure class=\"post-gallery-item\">\n\t\t\t\t<img decoding=\"async\" src=\"https:\/\/www.pressenza.com\/wp-content\/uploads\/2015\/10\/20151011_145841-720x432.jpg\" loading=\"lazy\">\n\t\t\t\t<figcaption>\n\t\t\t\t\t\n\t\t\t\t<\/figcaption>\n\t\t\t<\/figure>\n\t\t\t<figure class=\"post-gallery-item\">\n\t\t\t\t<img decoding=\"async\" src=\"https:\/\/www.pressenza.com\/wp-content\/uploads\/2015\/10\/20151011_150153-720x432.jpg\" loading=\"lazy\">\n\t\t\t\t<figcaption>\n\t\t\t\t\t\n\t\t\t\t<\/figcaption>\n\t\t\t<\/figure>\n\t\t\t<figure class=\"post-gallery-item\">\n\t\t\t\t<img decoding=\"async\" src=\"https:\/\/www.pressenza.com\/wp-content\/uploads\/2015\/10\/20151011_150248-720x432.jpg\" loading=\"lazy\">\n\t\t\t\t<figcaption>\n\t\t\t\t\t\n\t\t\t\t<\/figcaption>\n\t\t\t<\/figure>\n\t\t\t<figure class=\"post-gallery-item\">\n\t\t\t\t<img decoding=\"async\" src=\"https:\/\/www.pressenza.com\/wp-content\/uploads\/2015\/10\/20151011_150718-720x432.jpg\" loading=\"lazy\">\n\t\t\t\t<figcaption>\n\t\t\t\t\t\n\t\t\t\t<\/figcaption>\n\t\t\t<\/figure>\n\t\t\t<figure class=\"post-gallery-item\">\n\t\t\t\t<img decoding=\"async\" src=\"https:\/\/www.pressenza.com\/wp-content\/uploads\/2015\/10\/20151011_153429-720x432.jpg\" loading=\"lazy\">\n\t\t\t\t<figcaption>\n\t\t\t\t\t\n\t\t\t\t<\/figcaption>\n\t\t\t<\/figure>\n\t\t\t<figure class=\"post-gallery-item\">\n\t\t\t\t<img decoding=\"async\" src=\"https:\/\/www.pressenza.com\/wp-content\/uploads\/2015\/10\/20151011_160049-720x432.jpg\" loading=\"lazy\">\n\t\t\t\t<figcaption>\n\t\t\t\t\t\n\t\t\t\t<\/figcaption>\n\t\t\t<\/figure>\n\t\t\t<figure class=\"post-gallery-item\">\n\t\t\t\t<img decoding=\"async\" src=\"https:\/\/www.pressenza.com\/wp-content\/uploads\/2015\/10\/20151011_160117-720x432.jpg\" loading=\"lazy\">\n\t\t\t\t<figcaption>\n\t\t\t\t\t\n\t\t\t\t<\/figcaption>\n\t\t\t<\/figure>\n\t\t\t<figure class=\"post-gallery-item\">\n\t\t\t\t<img decoding=\"async\" src=\"https:\/\/www.pressenza.com\/wp-content\/uploads\/2015\/10\/20151011_160453-720x432.jpg\" loading=\"lazy\">\n\t\t\t\t<figcaption>\n\t\t\t\t\t\n\t\t\t\t<\/figcaption>\n\t\t\t<\/figure>\n\t\t\t<figure class=\"post-gallery-item\">\n\t\t\t\t<img decoding=\"async\" src=\"https:\/\/www.pressenza.com\/wp-content\/uploads\/2015\/10\/20151011_160530-720x432.jpg\" loading=\"lazy\">\n\t\t\t\t<figcaption>\n\t\t\t\t\t\n\t\t\t\t<\/figcaption>\n\t\t\t<\/figure><\/div>\n","protected":false},"excerpt":{"rendered":"<p>Dimanche 11 octobre des milliers de manifestants se sont retrouv\u00e9s \u00e0 Paris pour montrer leur soutien \u00e0 l&rsquo;opposition de gauche turque, apr\u00e8s l&rsquo;attentat de samedi qui a co\u00fbt\u00e9 la vie \u00e0 plus de 100 personnes, rassembl\u00e9es \u00e0 Ankara lors d&rsquo;une&hellip;<\/p>\n","protected":false},"author":1154,"featured_media":233109,"comment_status":"closed","ping_status":"open","sticky":false,"template":"","format":"standard","meta":{"footnotes":""},"categories":[11386,85,90,95,5700],"tags":[5345,15270,1723,307,20787,1082,10142,20786],"class_list":["post-232964","post","type-post","status-publish","format-standard","has-post-thumbnail","hentry","category-contenu-original","category-europe-fr","category-moyen-orient","category-affaires-etrangeres","category-reportages-photo","tag-ankara","tag-attentat","tag-kurdes","tag-manifestation","tag-pacifistes","tag-paris","tag-solidarite-internationale","tag-turques"],"yoast_head":"<!-- This site is optimized with the Yoast SEO plugin v27.1.1 - https:\/\/yoast.com\/product\/yoast-seo-wordpress\/ -->\n<title>Paris solidaire avec les pacifistes d&#039;Ankara<\/title>\n<meta name=\"description\" content=\"Dimanche 11 octobre des milliers de manifestants se sont retrouv\u00e9s \u00e0 Paris pour montrer leur soutien apr\u00e8s l&#039;attentat de samedi qui a co\u00fbt\u00e9 la vie \u00e0 plus de 100 personnes, rassembl\u00e9es \u00e0 Ankara lors d&#039;une marche pacifiste contre la reprise des violences\" \/>\n<meta name=\"robots\" content=\"index, follow, max-snippet:-1, max-image-preview:large, max-video-preview:-1\" \/>\n<link rel=\"canonical\" href=\"https:\/\/www.pressenza.com\/fr\/2015\/10\/paris-solidaire-avec-les-pacifistes-dankara\/\" \/>\n<meta property=\"og:locale\" content=\"fr_FR\" \/>\n<meta property=\"og:type\" content=\"article\" \/>\n<meta property=\"og:title\" content=\"Paris solidaire avec les pacifistes d&#039;Ankara\" \/>\n<meta property=\"og:description\" content=\"Dimanche 11 octobre des milliers de manifestants se sont retrouv\u00e9s \u00e0 Paris pour montrer leur soutien apr\u00e8s l&#039;attentat de samedi qui a co\u00fbt\u00e9 la vie \u00e0 plus de 100 personnes, rassembl\u00e9es \u00e0 Ankara lors d&#039;une marche pacifiste contre la reprise des violences\" \/>\n<meta property=\"og:url\" content=\"https:\/\/www.pressenza.com\/fr\/2015\/10\/paris-solidaire-avec-les-pacifistes-dankara\/\" \/>\n<meta property=\"og:site_name\" content=\"Pressenza\" \/>\n<meta property=\"article:publisher\" content=\"https:\/\/www.facebook.com\/PressenzaItalia\" \/>\n<meta property=\"article:published_time\" content=\"2015-10-11T21:50:11+00:00\" \/>\n<meta property=\"article:modified_time\" content=\"2015-10-12T01:43:54+00:00\" \/>\n<meta property=\"og:image\" content=\"https:\/\/www.pressenza.com\/wp-content\/uploads\/2015\/10\/20151011_143419.jpg\" \/>\n\t<meta property=\"og:image:width\" content=\"2560\" \/>\n\t<meta property=\"og:image:height\" content=\"1536\" \/>\n\t<meta property=\"og:image:type\" content=\"image\/jpeg\" \/>\n<meta name=\"author\" content=\"Domenico Musella\" \/>\n<meta name=\"twitter:card\" content=\"summary_large_image\" \/>\n<meta name=\"twitter:creator\" content=\"@PressenzaIPA\" \/>\n<meta name=\"twitter:site\" content=\"@PressenzaIPA\" \/>\n<meta name=\"twitter:label1\" content=\"\u00c9crit par\" \/>\n\t<meta name=\"twitter:data1\" content=\"Domenico Musella\" \/>\n\t<meta name=\"twitter:label2\" content=\"Dur\u00e9e de lecture estim\u00e9e\" \/>\n\t<meta name=\"twitter:data2\" content=\"1 minute\" \/>\n<script type=\"application\/ld+json\" class=\"yoast-schema-graph\">{\"@context\":\"https:\/\/schema.org\",\"@graph\":[{\"@type\":\"Article\",\"@id\":\"https:\/\/www.pressenza.com\/fr\/2015\/10\/paris-solidaire-avec-les-pacifistes-dankara\/#article\",\"isPartOf\":{\"@id\":\"https:\/\/www.pressenza.com\/fr\/2015\/10\/paris-solidaire-avec-les-pacifistes-dankara\/\"},\"author\":{\"name\":\"Domenico Musella\",\"@id\":\"https:\/\/www.pressenza.com\/fr\/#\/schema\/person\/0d795409c329ee4cec717d70a2653c14\"},\"headline\":\"Paris solidaire avec les pacifistes d&rsquo;Ankara\",\"datePublished\":\"2015-10-11T21:50:11+00:00\",\"dateModified\":\"2015-10-12T01:43:54+00:00\",\"mainEntityOfPage\":{\"@id\":\"https:\/\/www.pressenza.com\/fr\/2015\/10\/paris-solidaire-avec-les-pacifistes-dankara\/\"},\"wordCount\":235,\"publisher\":{\"@id\":\"https:\/\/www.pressenza.com\/fr\/#organization\"},\"image\":{\"@id\":\"https:\/\/www.pressenza.com\/fr\/2015\/10\/paris-solidaire-avec-les-pacifistes-dankara\/#primaryimage\"},\"thumbnailUrl\":\"https:\/\/www.pressenza.com\/wp-content\/uploads\/2015\/10\/20151011_143419.jpg\",\"keywords\":[\"Ankara\",\"attentat\",\"kurdes\",\"manifestation\",\"pacifistes\",\"Paris\",\"Solidarit\u00e9 Internationale\",\"turques\"],\"articleSection\":[\"Contenu Original\",\"Europe\",\"Proche et Moyen-Orient\",\"Relations internationales\",\"Reportages photo\"],\"inLanguage\":\"fr-FR\"},{\"@type\":\"WebPage\",\"@id\":\"https:\/\/www.pressenza.com\/fr\/2015\/10\/paris-solidaire-avec-les-pacifistes-dankara\/\",\"url\":\"https:\/\/www.pressenza.com\/fr\/2015\/10\/paris-solidaire-avec-les-pacifistes-dankara\/\",\"name\":\"Paris solidaire avec les pacifistes d'Ankara\",\"isPartOf\":{\"@id\":\"https:\/\/www.pressenza.com\/fr\/#website\"},\"primaryImageOfPage\":{\"@id\":\"https:\/\/www.pressenza.com\/fr\/2015\/10\/paris-solidaire-avec-les-pacifistes-dankara\/#primaryimage\"},\"image\":{\"@id\":\"https:\/\/www.pressenza.com\/fr\/2015\/10\/paris-solidaire-avec-les-pacifistes-dankara\/#primaryimage\"},\"thumbnailUrl\":\"https:\/\/www.pressenza.com\/wp-content\/uploads\/2015\/10\/20151011_143419.jpg\",\"datePublished\":\"2015-10-11T21:50:11+00:00\",\"dateModified\":\"2015-10-12T01:43:54+00:00\",\"description\":\"Dimanche 11 octobre des milliers de manifestants se sont retrouv\u00e9s \u00e0 Paris pour montrer leur soutien apr\u00e8s l'attentat de samedi qui a co\u00fbt\u00e9 la vie \u00e0 plus de 100 personnes, rassembl\u00e9es \u00e0 Ankara lors d'une marche pacifiste contre la reprise des violences\",\"breadcrumb\":{\"@id\":\"https:\/\/www.pressenza.com\/fr\/2015\/10\/paris-solidaire-avec-les-pacifistes-dankara\/#breadcrumb\"},\"inLanguage\":\"fr-FR\",\"potentialAction\":[{\"@type\":\"ReadAction\",\"target\":[\"https:\/\/www.pressenza.com\/fr\/2015\/10\/paris-solidaire-avec-les-pacifistes-dankara\/\"]}]},{\"@type\":\"ImageObject\",\"inLanguage\":\"fr-FR\",\"@id\":\"https:\/\/www.pressenza.com\/fr\/2015\/10\/paris-solidaire-avec-les-pacifistes-dankara\/#primaryimage\",\"url\":\"https:\/\/www.pressenza.com\/wp-content\/uploads\/2015\/10\/20151011_143419.jpg\",\"contentUrl\":\"https:\/\/www.pressenza.com\/wp-content\/uploads\/2015\/10\/20151011_143419.jpg\",\"width\":2560,\"height\":1536},{\"@type\":\"BreadcrumbList\",\"@id\":\"https:\/\/www.pressenza.com\/fr\/2015\/10\/paris-solidaire-avec-les-pacifistes-dankara\/#breadcrumb\",\"itemListElement\":[{\"@type\":\"ListItem\",\"position\":1,\"name\":\"Accueil\",\"item\":\"https:\/\/www.pressenza.com\/fr\/\"},{\"@type\":\"ListItem\",\"position\":2,\"name\":\"Paris solidaire avec les pacifistes d&rsquo;Ankara\"}]},{\"@type\":\"WebSite\",\"@id\":\"https:\/\/www.pressenza.com\/fr\/#website\",\"url\":\"https:\/\/www.pressenza.com\/fr\/\",\"name\":\"Pressenza\",\"description\":\"International Press Agency\",\"publisher\":{\"@id\":\"https:\/\/www.pressenza.com\/fr\/#organization\"},\"potentialAction\":[{\"@type\":\"SearchAction\",\"target\":{\"@type\":\"EntryPoint\",\"urlTemplate\":\"https:\/\/www.pressenza.com\/fr\/?s={search_term_string}\"},\"query-input\":{\"@type\":\"PropertyValueSpecification\",\"valueRequired\":true,\"valueName\":\"search_term_string\"}}],\"inLanguage\":\"fr-FR\"},{\"@type\":\"Organization\",\"@id\":\"https:\/\/www.pressenza.com\/fr\/#organization\",\"name\":\"Pressenza\",\"url\":\"https:\/\/www.pressenza.com\/fr\/\",\"logo\":{\"@type\":\"ImageObject\",\"inLanguage\":\"fr-FR\",\"@id\":\"https:\/\/www.pressenza.com\/fr\/#\/schema\/logo\/image\/\",\"url\":\"https:\/\/www.pressenza.com\/wp-content\/uploads\/2022\/10\/pressenza_logo_200x200.jpg\",\"contentUrl\":\"https:\/\/www.pressenza.com\/wp-content\/uploads\/2022\/10\/pressenza_logo_200x200.jpg\",\"width\":200,\"height\":200,\"caption\":\"Pressenza\"},\"image\":{\"@id\":\"https:\/\/www.pressenza.com\/fr\/#\/schema\/logo\/image\/\"},\"sameAs\":[\"https:\/\/www.facebook.com\/PressenzaItalia\",\"https:\/\/x.com\/PressenzaIPA\"]},{\"@type\":\"Person\",\"@id\":\"https:\/\/www.pressenza.com\/fr\/#\/schema\/person\/0d795409c329ee4cec717d70a2653c14\",\"name\":\"Domenico Musella\",\"description\":\"Amante delle differenze e dell'uguaglianza. Per diversi anni \u00e8 stato attivista dell\u2019Associazione Umanista Reciprocit\u00e0, del Centro delle Culture e di Convergenza delle Culture. Nel 2010 ha vinto il Premio internazionale di giornalismo \\\"Maria Grazia Cutuli\\\" raccontando in una tesi le storie di migranti a Napoli e nel 2011 ha collaborato alla redazione Esteri del Corriere della Sera. Ha scritto per Controluce, T.t.NA, Citt\u00e0future, il blog Nuovi Italiani di Corriere.it. Nel 2012 \u00e8 stato tra i fondatori del giornale online First Line Press, di cui \u00e8 stato redattore fino al 2014. Partecipa alla redazione di Pressenza\",\"url\":\"https:\/\/www.pressenza.com\/fr\/author\/domenico-musella\/\"}]}<\/script>\n<!-- \/ Yoast SEO plugin. -->","yoast_head_json":{"title":"Paris solidaire avec les pacifistes d'Ankara","description":"Dimanche 11 octobre des milliers de manifestants se sont retrouv\u00e9s \u00e0 Paris pour montrer leur soutien apr\u00e8s l'attentat de samedi qui a co\u00fbt\u00e9 la vie \u00e0 plus de 100 personnes, rassembl\u00e9es \u00e0 Ankara lors d'une marche pacifiste contre la reprise des violences","robots":{"index":"index","follow":"follow","max-snippet":"max-snippet:-1","max-image-preview":"max-image-preview:large","max-video-preview":"max-video-preview:-1"},"canonical":"https:\/\/www.pressenza.com\/fr\/2015\/10\/paris-solidaire-avec-les-pacifistes-dankara\/","og_locale":"fr_FR","og_type":"article","og_title":"Paris solidaire avec les pacifistes d'Ankara","og_description":"Dimanche 11 octobre des milliers de manifestants se sont retrouv\u00e9s \u00e0 Paris pour montrer leur soutien apr\u00e8s l'attentat de samedi qui a co\u00fbt\u00e9 la vie \u00e0 plus de 100 personnes, rassembl\u00e9es \u00e0 Ankara lors d'une marche pacifiste contre la reprise des violences","og_url":"https:\/\/www.pressenza.com\/fr\/2015\/10\/paris-solidaire-avec-les-pacifistes-dankara\/","og_site_name":"Pressenza","article_publisher":"https:\/\/www.facebook.com\/PressenzaItalia","article_published_time":"2015-10-11T21:50:11+00:00","article_modified_time":"2015-10-12T01:43:54+00:00","og_image":[{"width":2560,"height":1536,"url":"https:\/\/www.pressenza.com\/wp-content\/uploads\/2015\/10\/20151011_143419.jpg","type":"image\/jpeg"}],"author":"Domenico Musella","twitter_card":"summary_large_image","twitter_creator":"@PressenzaIPA","twitter_site":"@PressenzaIPA","twitter_misc":{"\u00c9crit par":"Domenico Musella","Dur\u00e9e de lecture estim\u00e9e":"1 minute"},"schema":{"@context":"https:\/\/schema.org","@graph":[{"@type":"Article","@id":"https:\/\/www.pressenza.com\/fr\/2015\/10\/paris-solidaire-avec-les-pacifistes-dankara\/#article","isPartOf":{"@id":"https:\/\/www.pressenza.com\/fr\/2015\/10\/paris-solidaire-avec-les-pacifistes-dankara\/"},"author":{"name":"Domenico Musella","@id":"https:\/\/www.pressenza.com\/fr\/#\/schema\/person\/0d795409c329ee4cec717d70a2653c14"},"headline":"Paris solidaire avec les pacifistes d&rsquo;Ankara","datePublished":"2015-10-11T21:50:11+00:00","dateModified":"2015-10-12T01:43:54+00:00","mainEntityOfPage":{"@id":"https:\/\/www.pressenza.com\/fr\/2015\/10\/paris-solidaire-avec-les-pacifistes-dankara\/"},"wordCount":235,"publisher":{"@id":"https:\/\/www.pressenza.com\/fr\/#organization"},"image":{"@id":"https:\/\/www.pressenza.com\/fr\/2015\/10\/paris-solidaire-avec-les-pacifistes-dankara\/#primaryimage"},"thumbnailUrl":"https:\/\/www.pressenza.com\/wp-content\/uploads\/2015\/10\/20151011_143419.jpg","keywords":["Ankara","attentat","kurdes","manifestation","pacifistes","Paris","Solidarit\u00e9 Internationale","turques"],"articleSection":["Contenu Original","Europe","Proche et Moyen-Orient","Relations internationales","Reportages photo"],"inLanguage":"fr-FR"},{"@type":"WebPage","@id":"https:\/\/www.pressenza.com\/fr\/2015\/10\/paris-solidaire-avec-les-pacifistes-dankara\/","url":"https:\/\/www.pressenza.com\/fr\/2015\/10\/paris-solidaire-avec-les-pacifistes-dankara\/","name":"Paris solidaire avec les pacifistes d'Ankara","isPartOf":{"@id":"https:\/\/www.pressenza.com\/fr\/#website"},"primaryImageOfPage":{"@id":"https:\/\/www.pressenza.com\/fr\/2015\/10\/paris-solidaire-avec-les-pacifistes-dankara\/#primaryimage"},"image":{"@id":"https:\/\/www.pressenza.com\/fr\/2015\/10\/paris-solidaire-avec-les-pacifistes-dankara\/#primaryimage"},"thumbnailUrl":"https:\/\/www.pressenza.com\/wp-content\/uploads\/2015\/10\/20151011_143419.jpg","datePublished":"2015-10-11T21:50:11+00:00","dateModified":"2015-10-12T01:43:54+00:00","description":"Dimanche 11 octobre des milliers de manifestants se sont retrouv\u00e9s \u00e0 Paris pour montrer leur soutien apr\u00e8s l'attentat de samedi qui a co\u00fbt\u00e9 la vie \u00e0 plus de 100 personnes, rassembl\u00e9es \u00e0 Ankara lors d'une marche pacifiste contre la reprise des violences","breadcrumb":{"@id":"https:\/\/www.pressenza.com\/fr\/2015\/10\/paris-solidaire-avec-les-pacifistes-dankara\/#breadcrumb"},"inLanguage":"fr-FR","potentialAction":[{"@type":"ReadAction","target":["https:\/\/www.pressenza.com\/fr\/2015\/10\/paris-solidaire-avec-les-pacifistes-dankara\/"]}]},{"@type":"ImageObject","inLanguage":"fr-FR","@id":"https:\/\/www.pressenza.com\/fr\/2015\/10\/paris-solidaire-avec-les-pacifistes-dankara\/#primaryimage","url":"https:\/\/www.pressenza.com\/wp-content\/uploads\/2015\/10\/20151011_143419.jpg","contentUrl":"https:\/\/www.pressenza.com\/wp-content\/uploads\/2015\/10\/20151011_143419.jpg","width":2560,"height":1536},{"@type":"BreadcrumbList","@id":"https:\/\/www.pressenza.com\/fr\/2015\/10\/paris-solidaire-avec-les-pacifistes-dankara\/#breadcrumb","itemListElement":[{"@type":"ListItem","position":1,"name":"Accueil","item":"https:\/\/www.pressenza.com\/fr\/"},{"@type":"ListItem","position":2,"name":"Paris solidaire avec les pacifistes d&rsquo;Ankara"}]},{"@type":"WebSite","@id":"https:\/\/www.pressenza.com\/fr\/#website","url":"https:\/\/www.pressenza.com\/fr\/","name":"Pressenza","description":"International Press Agency","publisher":{"@id":"https:\/\/www.pressenza.com\/fr\/#organization"},"potentialAction":[{"@type":"SearchAction","target":{"@type":"EntryPoint","urlTemplate":"https:\/\/www.pressenza.com\/fr\/?s={search_term_string}"},"query-input":{"@type":"PropertyValueSpecification","valueRequired":true,"valueName":"search_term_string"}}],"inLanguage":"fr-FR"},{"@type":"Organization","@id":"https:\/\/www.pressenza.com\/fr\/#organization","name":"Pressenza","url":"https:\/\/www.pressenza.com\/fr\/","logo":{"@type":"ImageObject","inLanguage":"fr-FR","@id":"https:\/\/www.pressenza.com\/fr\/#\/schema\/logo\/image\/","url":"https:\/\/www.pressenza.com\/wp-content\/uploads\/2022\/10\/pressenza_logo_200x200.jpg","contentUrl":"https:\/\/www.pressenza.com\/wp-content\/uploads\/2022\/10\/pressenza_logo_200x200.jpg","width":200,"height":200,"caption":"Pressenza"},"image":{"@id":"https:\/\/www.pressenza.com\/fr\/#\/schema\/logo\/image\/"},"sameAs":["https:\/\/www.facebook.com\/PressenzaItalia","https:\/\/x.com\/PressenzaIPA"]},{"@type":"Person","@id":"https:\/\/www.pressenza.com\/fr\/#\/schema\/person\/0d795409c329ee4cec717d70a2653c14","name":"Domenico Musella","description":"Amante delle differenze e dell'uguaglianza. Per diversi anni \u00e8 stato attivista dell\u2019Associazione Umanista Reciprocit\u00e0, del Centro delle Culture e di Convergenza delle Culture. Nel 2010 ha vinto il Premio internazionale di giornalismo \"Maria Grazia Cutuli\" raccontando in una tesi le storie di migranti a Napoli e nel 2011 ha collaborato alla redazione Esteri del Corriere della Sera. Ha scritto per Controluce, T.t.NA, Citt\u00e0future, il blog Nuovi Italiani di Corriere.it. Nel 2012 \u00e8 stato tra i fondatori del giornale online First Line Press, di cui \u00e8 stato redattore fino al 2014. Partecipa alla redazione di Pressenza","url":"https:\/\/www.pressenza.com\/fr\/author\/domenico-musella\/"}]}},"place":"","original_article_url":"","_links":{"self":[{"href":"https:\/\/www.pressenza.com\/fr\/wp-json\/wp\/v2\/posts\/232964","targetHints":{"allow":["GET"]}}],"collection":[{"href":"https:\/\/www.pressenza.com\/fr\/wp-json\/wp\/v2\/posts"}],"about":[{"href":"https:\/\/www.pressenza.com\/fr\/wp-json\/wp\/v2\/types\/post"}],"author":[{"embeddable":true,"href":"https:\/\/www.pressenza.com\/fr\/wp-json\/wp\/v2\/users\/1154"}],"replies":[{"embeddable":true,"href":"https:\/\/www.pressenza.com\/fr\/wp-json\/wp\/v2\/comments?post=232964"}],"version-history":[{"count":0,"href":"https:\/\/www.pressenza.com\/fr\/wp-json\/wp\/v2\/posts\/232964\/revisions"}],"wp:featuredmedia":[{"embeddable":true,"href":"https:\/\/www.pressenza.com\/fr\/wp-json\/wp\/v2\/media\/233109"}],"wp:attachment":[{"href":"https:\/\/www.pressenza.com\/fr\/wp-json\/wp\/v2\/media?parent=232964"}],"wp:term":[{"taxonomy":"category","embeddable":true,"href":"https:\/\/www.pressenza.com\/fr\/wp-json\/wp\/v2\/categories?post=232964"},{"taxonomy":"post_tag","embeddable":true,"href":"https:\/\/www.pressenza.com\/fr\/wp-json\/wp\/v2\/tags?post=232964"}],"curies":[{"name":"wp","href":"https:\/\/api.w.org\/{rel}","templated":true}]}}