{"id":231867,"date":"2015-10-08T10:21:53","date_gmt":"2015-10-08T09:21:53","guid":{"rendered":"http:\/\/www.pressenza.com\/fr\/?p=231867"},"modified":"2015-10-08T18:17:42","modified_gmt":"2015-10-08T17:17:42","slug":"les-semences-sont-le-socle-de-la-lutte-pour-la-souverainete-alimentaire","status":"publish","type":"post","link":"https:\/\/www.pressenza.com\/fr\/2015\/10\/les-semences-sont-le-socle-de-la-lutte-pour-la-souverainete-alimentaire\/","title":{"rendered":"\u00ab Les semences sont le socle de la lutte pour la souverainet\u00e9 alimentaire \u00bb"},"content":{"rendered":"<div class=\"chapo\">\n<div>\n<p><strong>Au village Emma\u00fcs Lescar-Pau, dans les Pyr\u00e9n\u00e9es-Atlantiques, des cultivateurs du monde entier se sont retrouv\u00e9s fin septembre avec une id\u00e9e en t\u00eate\u00a0: \u00ab<small class=\"fine\">\u00a0<\/small>Semer la r\u00e9sistance<small class=\"fine\">\u00a0<\/small>\u00bb.<\/strong><\/p>\n<\/div>\n<\/div>\n<div class=\"texte\">\n<div>\n<p><i>Lescar-Pau (Pyr\u00e9n\u00e9es-Atlantiques), reportage.<\/i><\/p>\n<p>Sur une table, Nader Mahmoudi expose fi\u00e8rement des bouquets d\u2019\u00e9pis dor\u00e9s. Barbus, blonds, roux. Chez lui, en Iran, il cultive plusieurs centaines de vari\u00e9t\u00e9s de bl\u00e9. Un paysan fran\u00e7ais s\u2019approche et lui tend un sac de graines d\u2019\u00e9peautre\u00a0: <i>\u00ab<small class=\"fine\">\u00a0<\/small>C\u2019est une c\u00e9r\u00e9ale d\u2019ici, mais elle se plaira peut-\u00eatre chez vous<small class=\"fine\">\u00a0<\/small>!<small class=\"fine\">\u00a0<\/small>\u00bb<\/i> Nader ouvre de grands yeux\u00a0: il n\u2019a jamais vu cette esp\u00e8ce. \u00c0 grand renfort de mimiques et avec l\u2019aide d\u2019une traductrice, les deux paysans discutent pendant plus d\u2019une demi-heure de m\u00e9thodes de culture et de conservation.<\/p>\n<p>Bl\u00e9 contre \u00e9peautre, sorgho contre haricot, carotte contre patate. Ces \u00e9changes informels de semences et de savoir-faire fleurissent dans les all\u00e9es du <a class=\"spip_out\" href=\"http:\/\/www.emmaus-lescar-pau.com\/\" target=\"_blank\" rel=\"external\">village Emma\u00fcs Lescar-Pau<\/a>, dans les Pyr\u00e9n\u00e9es-Atlantiques. Entre le 24 et le 26\u00a0septembre, plus de 250 personnes du monde entier se sont retrouv\u00e9es dans ce <a class=\"spip_out\" href=\"http:\/\/www.reporterre.net\/Retour-dans-le-village-alternatif\" target=\"_blank\" rel=\"external\">haut-lieu de la solidarit\u00e9 et de la convergence des luttes<\/a>.<\/p>\n<dl class=\"spip_document_10173 spip_documents spip_documents_center\">\n<dt><img loading=\"lazy\" decoding=\"async\" src=\"http:\/\/reporterre.net\/local\/cache-vignettes\/L700xH525\/bourse_d_e_change_v1-31294.jpg\" alt=\"JPEG - 177.4\u00a0ko\" width=\"700\" height=\"525\" \/><\/dt>\n<dt class=\"spip_doc_titre\"><strong>La bourse d\u2019\u00e9change des semences.<\/strong><\/dt>\n<\/dl>\n<p>Paysans, compagnons ou citoyens, ils ont r\u00e9pondu \u00e0 l\u2019appel \u00ab<small class=\"fine\">\u00a0<\/small>S\u00e8me ta r\u00e9sistance<small class=\"fine\">\u00a0<\/small>!<small class=\"fine\">\u00a0<\/small>\u00bb\u00a0: <i>\u00ab<small class=\"fine\">\u00a0<\/small>Les semences, base de toute production agricole, sont le socle de la lutte pour la souverainet\u00e9 alimentaire<small class=\"fine\">\u00a0<\/small>\u00bb,<\/i> \u00e9crit <a class=\"spip_out\" href=\"http:\/\/www.semencespaysannes.org\/rencontres_internationales_seme_ta_resistance_524.php\" target=\"_blank\" rel=\"external\">dans un communiqu\u00e9<\/a> le R\u00e9seau semences paysannes, co-organisateur de l\u2019\u00e9v\u00e9nement. <i>\u00ab<small class=\"fine\">\u00a0<\/small>Nous ne sommes pas l\u00e0 en tant qu\u2019Africain, Latino ou Europ\u00e9en,<\/i> confirme Jacques Nametougli, venu du Togo. <i>Nous sommes ici en tant que membres de la communaut\u00e9 humaine, pour d\u00e9fendre ce qui est la base de notre alimentation.<small class=\"fine\">\u00a0<\/small>\u00bb<\/i><\/p>\n<p>Neuf paysans sur dix s\u00e9lectionnent, \u00e9changent et s\u00e8ment chaque ann\u00e9e une partie de leur r\u00e9colte. Ils utilisent des semences diversifi\u00e9es et adapt\u00e9es \u00e0 leur terroir. Ainsi, pr\u00e8s de 70<small class=\"fine\">\u00a0<\/small>% de notre nourriture d\u00e9pend aujourd\u2019hui de ces graines transmises \u00e0 travers les si\u00e8cles par des g\u00e9n\u00e9rations de paysans.<\/p>\n<h3 class=\"spip\">Les multinationales utilisent les brevets pour privatiser les semences<\/h3>\n<p><i>\u00ab<small class=\"fine\">\u00a0<\/small>Un agriculteur qui n\u2019a pas de semences n\u2019est pas un agriculteur,<\/i> dit Omer Agoligan, cultivateur b\u00e9ninois. <i>Malheureusement, \u00e7a dispara\u00eet vite, nous avons perdu la moiti\u00e9 de nos vari\u00e9t\u00e9s de sorgho en moins de dix ans.<small class=\"fine\">\u00a0<\/small>\u00bb<\/i> Un constat amer partag\u00e9 par l\u2019ensemble des participants\u00a0: la biodiversit\u00e9 cultiv\u00e9e s\u2019\u00e9rode dramatiquement, et les paysans sont peu \u00e0 peu d\u00e9poss\u00e9d\u00e9s de leurs semences et de leurs connaissances.<\/p>\n<p>Au Mali, en Syrie comme en Colombie, les conflits d\u00e9placent les populations paysannes loin de leurs terres, d\u00e9litent les communaut\u00e9s rurales et d\u00e9truisent les stocks de semences. <i>\u00ab<small class=\"fine\">\u00a0<\/small>En Irak, apr\u00e8s des ann\u00e9es d\u2019exil loin de leur village, quand les paysans ont enfin pu revenir, les semences traditionnelles s\u2019\u00e9taient perdues et ils n\u2019avaient plus les connaissances<small class=\"fine\">\u00a0<\/small>\u00bb,<\/i> rapporte\u00a0<a class=\"spip_out\" href=\"http:\/\/www.reporterre.net\/Des-semences-paysannes-pour-les-paysans-syriens-un-bel-exemple-de-solidarite\" target=\"_blank\" rel=\"external\">Zo\u00e9 Beau, de l\u2019association Graines et Cin\u00e9ma<\/a>.<\/p>\n<p>Petites lunettes et casquette plate, Alvaro Salgado repr\u00e9sente la <a class=\"spip_out\" href=\"http:\/\/redendefensadelmaiz.net\/\" target=\"_blank\" rel=\"external\">Red en defensa del maiz<\/a> (le R\u00e9seau pour la d\u00e9fense du ma\u00efs), une organisation paysanne mexicaine. Avec d\u2019autres, il lutte depuis plusieurs ann\u00e9es contre la contamination des ma\u00efs traditionnels par des plants transg\u00e9niques. <i>\u00ab<small class=\"fine\">\u00a0<\/small>Les firmes, appuy\u00e9es par des scientifiques et les gouvernements, veulent contr\u00f4ler le centre d\u2019origine du ma\u00efs, en Am\u00e9rique centrale, \u00e0 travers la diffusion des <span class=\"caps\">OGM<\/span><\/i>(organismes g\u00e9n\u00e9tiquement modifi\u00e9s), constate-t-il. <i>Il s\u2019agit d\u2019une strat\u00e9gie de contamination biologique afin de retirer aux peuples indig\u00e8nes leurs terres, leurs moyens de subsistance et leurs savoir-faire.<small class=\"fine\">\u00a0<\/small>\u00bb<\/i><\/p>\n<dl class=\"spip_document_10172 spip_documents spip_documents_center\">\n<dt><img loading=\"lazy\" decoding=\"async\" src=\"http:\/\/reporterre.net\/local\/cache-vignettes\/L375xH500\/atelier_pains_v1-61ad7.jpg\" alt=\"JPEG - 93.3\u00a0ko\" width=\"375\" height=\"500\" \/><\/dt>\n<dt class=\"spip_doc_titre\"><strong>L\u2019atelier pain.<\/strong><\/dt>\n<\/dl>\n<p>Outre les <span class=\"caps\">OGM<\/span>, les firmes multinationales recourent aujourd\u2019hui aux brevets pour privatiser les semences. <i>\u00ab<small class=\"fine\">\u00a0<\/small>Toute la diversit\u00e9 du vivant peut d\u00e9sormais \u00eatre confisqu\u00e9e par des brevets octroyant la propri\u00e9t\u00e9 industrielle sur des plantes ou des animaux,<\/i> constatent les participants dans leur d\u00e9claration finale. <i>Les plantes de nos champs pourront \u00eatre, sans qu\u2019on le sache, couvertes par un brevet industriel.<small class=\"fine\">\u00a0<\/small>\u00bb<\/i> Brevet qui interdit de fait l\u2019\u00e9change et la r\u00e9utilisation des semences par les paysans.<\/p>\n<p>Pour autant, <i>\u00ab<small class=\"fine\">\u00a0<\/small>les firmes multinationales dominent parce qu\u2019elles sont soutenues par des politiques publiques<small class=\"fine\">\u00a0<\/small>\u00bb,<\/i> estime Antonio Onoratti, \u00e9leveur italien. Catalogue officiel, accord international ou norme sanitaire favorisent ainsi les vari\u00e9t\u00e9s commerciales au d\u00e9triment des vari\u00e9t\u00e9s paysannes.<\/p>\n<h3 class=\"spip\">\u00ab<small class=\"fine\">\u00a0<\/small>La fiert\u00e9 et la dignit\u00e9 d\u2019\u00eatre paysan<small class=\"fine\">\u00a0<\/small>\u00bb<\/h3>\n<p>Pourtant, la r\u00e9sistance paysanne et citoyenne s\u2019organise. Au village Emma\u00fcs, les compagnons \u00e9l\u00e8vent des poules dont la race est en voie d\u2019extinction, et accueillent la Maison des semences paysannes du B\u00e9arn, une petite cabane inaugur\u00e9e lors des Rencontres, pour conserver la diversit\u00e9 des vari\u00e9t\u00e9s d\u2019ici\u2026 et d\u2019ailleurs. Boliviens, S\u00e9n\u00e9galais et Roumains sont venus d\u00e9poser des paniers remplis de graines sur des \u00e9tag\u00e8res fra\u00eechement mont\u00e9es.<\/p>\n<p>Comme \u00e0 Pau, nombre d\u2019initiatives de gestion collective des semences se d\u00e9veloppent dans le monde. \u00ab<small class=\"fine\">\u00a0<\/small>Casa de sementes criollas<small class=\"fine\">\u00a0<\/small>\u00bb au Br\u00e9sil, \u00ab<small class=\"fine\">\u00a0<\/small>banco de semillas communitario<small class=\"fine\">\u00a0<\/small>\u00bb en Colombie ou \u00ab<small class=\"fine\">\u00a0<\/small>grenier \u00e0 semences<small class=\"fine\">\u00a0<\/small>\u00bb au Togo. Leur objectif\u00a0: conserver les graines produites par les paysans, les prot\u00e9ger de la biopiraterie, les multiplier pour ensuite les redistribuer dans les fermes. \u00ab<small class=\"fine\">\u00a0<\/small>Les semences appartiennent \u00e0 la communaut\u00e9 paysanne, c\u2019est \u00e0 nous d\u2019en prendre soin et de les g\u00e9rer<small class=\"fine\">\u00a0<\/small>\u00bb, estime Yenly Angelica Mendez, membre d\u2019une organisation colombienne, la <a class=\"spip_out\" href=\"http:\/\/www.prensarural.org\/acvc\/\" target=\"_blank\" rel=\"external\">Asociacion campesina del valle de Cimitarra<\/a> (l\u2019Association paysanne de la vall\u00e9e de Cimitarra).<\/p>\n<dl class=\"spip_document_10174 spip_documents spip_documents_center\">\n<dt><img loading=\"lazy\" decoding=\"async\" src=\"http:\/\/reporterre.net\/local\/cache-vignettes\/L700xH525\/stand_afrique_v1-d9e3b.jpg\" alt=\"JPEG - 185.7\u00a0ko\" width=\"700\" height=\"525\" \/><\/dt>\n<dt class=\"spip_doc_titre\"><strong>Le stand de l\u2019Afrique.<\/strong><\/dt>\n<\/dl>\n<p>Ces structures permettent de pr\u00e9server les vari\u00e9t\u00e9s locales, qui peuvent dispara\u00eetre \u00e0 tout moment. Au Nord-Mali, la guerre ayant d\u00e9truit la plupart des cultures, les paysans ont pu se tourner vers le <a class=\"spip_out\" href=\"https:\/\/uavescaproset.wordpress.com\/les-centres-de-formation\/le-caproset\/\" target=\"_blank\" rel=\"external\">Centre agro-\u00e9cologique de production de semences tropicales<\/a>, \u00e0 Gao, qui produit des graines adapt\u00e9es aux conditions sah\u00e9liennes depuis 2006.<\/p>\n<p>Outre les plantes, ce sont bien souvent les savoir-faire qui disparaissent. Le centre de Gao enseigne ainsi comment produire des semences. Au nord du Togo, \u00e0 Cinkass\u00e9, Jacques Nametougli accueille dans <a class=\"spip_out\" href=\"https:\/\/arejtogo.wordpress.com\/\" target=\"_blank\" rel=\"external\">son \u00e9cole<\/a> des jeunes ruraux dans la d\u00e9tresse. <i>\u00ab<small class=\"fine\">\u00a0<\/small>Il nous faut des paysans pour avoir des semences,<\/i> observe-t-il. <i>Or ce m\u00e9tier est partout d\u00e9nigr\u00e9, m\u00e9pris\u00e9. Les jeunes pr\u00e9f\u00e8rent partir en Europe plut\u00f4t que de travailler la terre. Dans notre centre, nous leur redonnons la fiert\u00e9 et la dignit\u00e9 d\u2019\u00eatre paysan.<small class=\"fine\">\u00a0<\/small>\u00bb<\/i><\/p>\n<h3 class=\"spip\">Mener la lutte contre les transg\u00e9niques<\/h3>\n<p>Bien que la recherche agronomique se fasse souvent dans des laboratoires \u00e9loign\u00e9s des r\u00e9alit\u00e9s du terrain, quelques chercheurs retroussent leurs manches pour accompagner les agriculteurs. C\u2019est le cas de Salvatore Cecarelli, sp\u00e9cialiste de la s\u00e9lection de l\u2019orge. L\u2019ing\u00e9nieur d\u00e9veloppe depuis plusieurs ann\u00e9es des programmes de recherche participative, o\u00f9 il travaille avec les paysans, directement dans les champs. Il y a neuf ans, il s\u2019est ainsi rendu dans les r\u00e9gions montagneuses et arides de l\u2019Iran, avec plus de 1.600 vari\u00e9t\u00e9s d\u2019orge et 400 de bl\u00e9. <i>\u00ab<small class=\"fine\">\u00a0<\/small>Il nous a dit d\u2019augmenter la biodiversit\u00e9,<\/i> raconte Khadija Razavi, de l\u2019<span class=\"caps\">ONG<\/span> <a class=\"spip_out\" href=\"http:\/\/www.cenesta.org\/\" target=\"_blank\" rel=\"external\">Cenesta<\/a>. <i>Gr\u00e2ce \u00e0 lui, nous avons s\u00e9lectionn\u00e9 des vari\u00e9t\u00e9s qui r\u00e9sistent bien \u00e0 la s\u00e9cheresse, et nous avons consid\u00e9rablement am\u00e9lior\u00e9 nos conditions de vie.<small class=\"fine\">\u00a0<\/small>\u00bb<\/i><\/p>\n<dl class=\"spip_document_10175 spip_documents spip_documents_center\">\n<dt><img loading=\"lazy\" decoding=\"async\" src=\"http:\/\/reporterre.net\/local\/cache-vignettes\/L700xH525\/stand_iran_v1-e8b53.jpg\" alt=\"JPEG - 198.6\u00a0ko\" width=\"700\" height=\"525\" \/><\/dt>\n<dt class=\"spip_doc_titre\"><strong>Le stand de l\u2019Iran.<\/strong><\/dt>\n<\/dl>\n<p><i>\u00ab<small class=\"fine\">\u00a0<\/small>Nous avons besoin d\u2019entraide, de partages de connaissances et d\u2019exp\u00e9rience<small class=\"fine\">\u00a0<\/small>\u00bb<\/i>, poursuit-elle. \u00c0 ses c\u00f4t\u00e9s, Christophe Noisette, d\u2019<a class=\"spip_out\" href=\"http:\/\/www.infogm.org\/\" target=\"_blank\" rel=\"external\">Inf\u2019<span class=\"caps\">OGM<\/span><\/a>, lui donne conseils et arguments pour mener la lutte contre les transg\u00e9niques. Car avec la lev\u00e9e de l\u2019embargo, l\u2019Iran pourrait bient\u00f4t devenir un nouvel eldorado pour les semences transg\u00e9niques. <i>\u00ab<small class=\"fine\">\u00a0<\/small>Seuls, nous ne pouvons rien faire, mais ensemble, nous pouvons les emp\u00eacher<small class=\"fine\">\u00a0<\/small>\u00bb,<\/i> assure l\u2019Iranienne.<\/p>\n<p>Pour Christian Damasio, paysan boulanger en Rh\u00f4ne-Alpes, l\u00e0 est le sens de ces Rencontres internationales\u00a0: <i>\u00ab<small class=\"fine\">\u00a0<\/small>Nous avons besoin de ces moments d\u2019\u00e9change, sinon on reste, chacun, isol\u00e9 et d\u00e9bord\u00e9 dans notre ferme.<small class=\"fine\">\u00a0<\/small>\u00bb<\/i> Un agriculteur africain confirme, \u00e9mu\u00a0: <i>\u00ab<small class=\"fine\">\u00a0<\/small>Jusqu\u2019ici, je pensais \u00eatre seul, mais maintenant, je sais que nous sommes nombreux.<small class=\"fine\">\u00a0<\/small>\u00bb<\/i><\/p>\n<\/div>\n<hr size=\"1\" \/>\n<p><b>Lire aussi : <\/b><a class=\"lientheme\" href=\"http:\/\/www.reporterre.net\/Des-semences-paysannes-pour-les-paysans-syriens-un-bel-exemple-de-solidarite\">Des semences paysannes pour les paysans syriens\u00a0: un bel exemple de solidarit\u00e9 contre la guerre<\/a><\/p>\n<hr size=\"1\" \/>\n<p><strong>Source\u00a0:<\/strong> Lor\u00e8ne Lavocat pour <i>Reporterre<\/i><\/p>\n<p><strong>Photos\u00a0:<\/strong> \u00a9 Ana\u00efs Cramm\/<i>Reporterre<\/i><br class=\"autobr\" \/>. Chap\u00f4\u00a0: vari\u00e9t\u00e9s de pommes de terre boliviennes.<\/p>\n<\/div>\n","protected":false},"excerpt":{"rendered":"<p>Au village Emma\u00fcs Lescar-Pau, dans les Pyr\u00e9n\u00e9es-Atlantiques, des cultivateurs du monde entier se sont retrouv\u00e9s fin septembre avec une id\u00e9e en t\u00eate\u00a0: \u00ab\u00a0Semer la r\u00e9sistance\u00a0\u00bb. Lescar-Pau (Pyr\u00e9n\u00e9es-Atlantiques), reportage. Sur une table, Nader Mahmoudi expose fi\u00e8rement des bouquets d\u2019\u00e9pis dor\u00e9s. Barbus,&hellip;<\/p>\n","protected":false},"author":1138,"featured_media":231868,"comment_status":"closed","ping_status":"open","sticky":false,"template":"","format":"standard","meta":{"footnotes":""},"categories":[97,85],"tags":[20703,20702,6632,20704],"class_list":["post-231867","post","type-post","status-publish","format-standard","has-post-thumbnail","hentry","category-environnement-et-ecologie","category-europe-fr","tag-lescar-pau-france","tag-reseau-semences-paysannes","tag-semences","tag-village-emmaues"],"yoast_head":"<!-- This site is optimized with the Yoast SEO plugin v27.1.1 - https:\/\/yoast.com\/product\/yoast-seo-wordpress\/ -->\n<title>\u00ab Les semences sont le socle de la lutte pour la souverainet\u00e9 alimentaire \u00bb<\/title>\n<meta name=\"description\" content=\"Au village Emma\u00fcs Lescar-Pau, dans les Pyr\u00e9n\u00e9es-Atlantiques, des cultivateurs du monde entier se sont retrouv\u00e9s fin septembre avec une id\u00e9e en t\u00eate\u00a0:\" \/>\n<meta name=\"robots\" content=\"index, follow, max-snippet:-1, max-image-preview:large, max-video-preview:-1\" \/>\n<link rel=\"canonical\" href=\"https:\/\/www.pressenza.com\/fr\/2015\/10\/les-semences-sont-le-socle-de-la-lutte-pour-la-souverainete-alimentaire\/\" \/>\n<meta property=\"og:locale\" content=\"fr_FR\" \/>\n<meta property=\"og:type\" content=\"article\" \/>\n<meta property=\"og:title\" content=\"\u00ab Les semences sont le socle de la lutte pour la souverainet\u00e9 alimentaire \u00bb\" \/>\n<meta property=\"og:description\" content=\"Au village Emma\u00fcs Lescar-Pau, dans les Pyr\u00e9n\u00e9es-Atlantiques, des cultivateurs du monde entier se sont retrouv\u00e9s fin septembre avec une id\u00e9e en t\u00eate\u00a0:\" \/>\n<meta property=\"og:url\" content=\"https:\/\/www.pressenza.com\/fr\/2015\/10\/les-semences-sont-le-socle-de-la-lutte-pour-la-souverainete-alimentaire\/\" \/>\n<meta property=\"og:site_name\" content=\"Pressenza\" \/>\n<meta property=\"article:publisher\" content=\"https:\/\/www.facebook.com\/PressenzaItalia\" \/>\n<meta property=\"article:published_time\" content=\"2015-10-08T09:21:53+00:00\" \/>\n<meta property=\"article:modified_time\" content=\"2015-10-08T17:17:42+00:00\" \/>\n<meta property=\"og:image\" content=\"https:\/\/www.pressenza.com\/wp-content\/uploads\/2015\/10\/arton8209-14c1a.jpg\" \/>\n\t<meta property=\"og:image:width\" content=\"667\" \/>\n\t<meta property=\"og:image:height\" content=\"500\" \/>\n\t<meta property=\"og:image:type\" content=\"image\/jpeg\" \/>\n<meta name=\"author\" content=\"Reporterre, le quotidien de l\u2019\u00e9cologie\" \/>\n<meta name=\"twitter:card\" content=\"summary_large_image\" \/>\n<meta name=\"twitter:creator\" content=\"@reporterre\" \/>\n<meta name=\"twitter:site\" content=\"@PressenzaIPA\" \/>\n<meta name=\"twitter:label1\" content=\"\u00c9crit par\" \/>\n\t<meta name=\"twitter:data1\" content=\"Reporterre, le quotidien de l\u2019\u00e9cologie\" \/>\n\t<meta name=\"twitter:label2\" content=\"Dur\u00e9e de lecture estim\u00e9e\" \/>\n\t<meta name=\"twitter:data2\" content=\"7 minutes\" \/>\n<script type=\"application\/ld+json\" class=\"yoast-schema-graph\">{\"@context\":\"https:\/\/schema.org\",\"@graph\":[{\"@type\":\"Article\",\"@id\":\"https:\/\/www.pressenza.com\/fr\/2015\/10\/les-semences-sont-le-socle-de-la-lutte-pour-la-souverainete-alimentaire\/#article\",\"isPartOf\":{\"@id\":\"https:\/\/www.pressenza.com\/fr\/2015\/10\/les-semences-sont-le-socle-de-la-lutte-pour-la-souverainete-alimentaire\/\"},\"author\":{\"name\":\"Reporterre, le quotidien de l\u2019\u00e9cologie\",\"@id\":\"https:\/\/www.pressenza.com\/fr\/#\/schema\/person\/de7a73acc724ec52aecb29649b65b9bc\"},\"headline\":\"\u00ab Les semences sont le socle de la lutte pour la souverainet\u00e9 alimentaire \u00bb\",\"datePublished\":\"2015-10-08T09:21:53+00:00\",\"dateModified\":\"2015-10-08T17:17:42+00:00\",\"mainEntityOfPage\":{\"@id\":\"https:\/\/www.pressenza.com\/fr\/2015\/10\/les-semences-sont-le-socle-de-la-lutte-pour-la-souverainete-alimentaire\/\"},\"wordCount\":1414,\"publisher\":{\"@id\":\"https:\/\/www.pressenza.com\/fr\/#organization\"},\"image\":{\"@id\":\"https:\/\/www.pressenza.com\/fr\/2015\/10\/les-semences-sont-le-socle-de-la-lutte-pour-la-souverainete-alimentaire\/#primaryimage\"},\"thumbnailUrl\":\"https:\/\/www.pressenza.com\/wp-content\/uploads\/2015\/10\/arton8209-14c1a.jpg\",\"keywords\":[\"Lescar-Pau-France\",\"R\u00e9seau semences paysannes\",\"semences\",\"village Emma\u00fcs\"],\"articleSection\":[\"Ecologie et Environnement\",\"Europe\"],\"inLanguage\":\"fr-FR\"},{\"@type\":\"WebPage\",\"@id\":\"https:\/\/www.pressenza.com\/fr\/2015\/10\/les-semences-sont-le-socle-de-la-lutte-pour-la-souverainete-alimentaire\/\",\"url\":\"https:\/\/www.pressenza.com\/fr\/2015\/10\/les-semences-sont-le-socle-de-la-lutte-pour-la-souverainete-alimentaire\/\",\"name\":\"\u00ab Les semences sont le socle de la lutte pour la souverainet\u00e9 alimentaire \u00bb\",\"isPartOf\":{\"@id\":\"https:\/\/www.pressenza.com\/fr\/#website\"},\"primaryImageOfPage\":{\"@id\":\"https:\/\/www.pressenza.com\/fr\/2015\/10\/les-semences-sont-le-socle-de-la-lutte-pour-la-souverainete-alimentaire\/#primaryimage\"},\"image\":{\"@id\":\"https:\/\/www.pressenza.com\/fr\/2015\/10\/les-semences-sont-le-socle-de-la-lutte-pour-la-souverainete-alimentaire\/#primaryimage\"},\"thumbnailUrl\":\"https:\/\/www.pressenza.com\/wp-content\/uploads\/2015\/10\/arton8209-14c1a.jpg\",\"datePublished\":\"2015-10-08T09:21:53+00:00\",\"dateModified\":\"2015-10-08T17:17:42+00:00\",\"description\":\"Au village Emma\u00fcs Lescar-Pau, dans les Pyr\u00e9n\u00e9es-Atlantiques, des cultivateurs du monde entier se sont retrouv\u00e9s fin septembre avec une id\u00e9e en t\u00eate\u00a0:\",\"breadcrumb\":{\"@id\":\"https:\/\/www.pressenza.com\/fr\/2015\/10\/les-semences-sont-le-socle-de-la-lutte-pour-la-souverainete-alimentaire\/#breadcrumb\"},\"inLanguage\":\"fr-FR\",\"potentialAction\":[{\"@type\":\"ReadAction\",\"target\":[\"https:\/\/www.pressenza.com\/fr\/2015\/10\/les-semences-sont-le-socle-de-la-lutte-pour-la-souverainete-alimentaire\/\"]}]},{\"@type\":\"ImageObject\",\"inLanguage\":\"fr-FR\",\"@id\":\"https:\/\/www.pressenza.com\/fr\/2015\/10\/les-semences-sont-le-socle-de-la-lutte-pour-la-souverainete-alimentaire\/#primaryimage\",\"url\":\"https:\/\/www.pressenza.com\/wp-content\/uploads\/2015\/10\/arton8209-14c1a.jpg\",\"contentUrl\":\"https:\/\/www.pressenza.com\/wp-content\/uploads\/2015\/10\/arton8209-14c1a.jpg\",\"width\":667,\"height\":500},{\"@type\":\"BreadcrumbList\",\"@id\":\"https:\/\/www.pressenza.com\/fr\/2015\/10\/les-semences-sont-le-socle-de-la-lutte-pour-la-souverainete-alimentaire\/#breadcrumb\",\"itemListElement\":[{\"@type\":\"ListItem\",\"position\":1,\"name\":\"Accueil\",\"item\":\"https:\/\/www.pressenza.com\/fr\/\"},{\"@type\":\"ListItem\",\"position\":2,\"name\":\"\u00ab Les semences sont le socle de la lutte pour la souverainet\u00e9 alimentaire \u00bb\"}]},{\"@type\":\"WebSite\",\"@id\":\"https:\/\/www.pressenza.com\/fr\/#website\",\"url\":\"https:\/\/www.pressenza.com\/fr\/\",\"name\":\"Pressenza\",\"description\":\"International Press Agency\",\"publisher\":{\"@id\":\"https:\/\/www.pressenza.com\/fr\/#organization\"},\"potentialAction\":[{\"@type\":\"SearchAction\",\"target\":{\"@type\":\"EntryPoint\",\"urlTemplate\":\"https:\/\/www.pressenza.com\/fr\/?s={search_term_string}\"},\"query-input\":{\"@type\":\"PropertyValueSpecification\",\"valueRequired\":true,\"valueName\":\"search_term_string\"}}],\"inLanguage\":\"fr-FR\"},{\"@type\":\"Organization\",\"@id\":\"https:\/\/www.pressenza.com\/fr\/#organization\",\"name\":\"Pressenza\",\"url\":\"https:\/\/www.pressenza.com\/fr\/\",\"logo\":{\"@type\":\"ImageObject\",\"inLanguage\":\"fr-FR\",\"@id\":\"https:\/\/www.pressenza.com\/fr\/#\/schema\/logo\/image\/\",\"url\":\"https:\/\/www.pressenza.com\/wp-content\/uploads\/2022\/10\/pressenza_logo_200x200.jpg\",\"contentUrl\":\"https:\/\/www.pressenza.com\/wp-content\/uploads\/2022\/10\/pressenza_logo_200x200.jpg\",\"width\":200,\"height\":200,\"caption\":\"Pressenza\"},\"image\":{\"@id\":\"https:\/\/www.pressenza.com\/fr\/#\/schema\/logo\/image\/\"},\"sameAs\":[\"https:\/\/www.facebook.com\/PressenzaItalia\",\"https:\/\/x.com\/PressenzaIPA\"]},{\"@type\":\"Person\",\"@id\":\"https:\/\/www.pressenza.com\/fr\/#\/schema\/person\/de7a73acc724ec52aecb29649b65b9bc\",\"name\":\"Reporterre, le quotidien de l\u2019\u00e9cologie\",\"description\":\"Reporterre propose des informations claires et pertinentes sur l\u2019\u00e9cologie dans ses dimensions politique et sociale, ainsi qu\u2019un espace de tribunes pour r\u00e9fl\u00e9chir et d\u00e9battre. Pour nous, l\u2019\u00e9cologie ne peut se r\u00e9duire \u00e0 des questions de nature et de pollution - m\u00eame si nous suivons attentivement ces questions vitales. L\u2019\u00e9cologie engage le destin commun, engage l\u2019avenir, sa situation d\u00e9coule largement des rapports sociaux. Reporterre entend aussi relayer toutes les initiatives qui montrent que les alternatives au syst\u00e8me dominant sont possibles et r\u00e9alistes. www.reporterre.net\",\"sameAs\":[\"http:\/\/www.reporterre.net\/\",\"https:\/\/x.com\/@reporterre\"],\"url\":\"https:\/\/www.pressenza.com\/fr\/author\/reporterre\/\"}]}<\/script>\n<!-- \/ Yoast SEO plugin. -->","yoast_head_json":{"title":"\u00ab Les semences sont le socle de la lutte pour la souverainet\u00e9 alimentaire \u00bb","description":"Au village Emma\u00fcs Lescar-Pau, dans les Pyr\u00e9n\u00e9es-Atlantiques, des cultivateurs du monde entier se sont retrouv\u00e9s fin septembre avec une id\u00e9e en t\u00eate\u00a0:","robots":{"index":"index","follow":"follow","max-snippet":"max-snippet:-1","max-image-preview":"max-image-preview:large","max-video-preview":"max-video-preview:-1"},"canonical":"https:\/\/www.pressenza.com\/fr\/2015\/10\/les-semences-sont-le-socle-de-la-lutte-pour-la-souverainete-alimentaire\/","og_locale":"fr_FR","og_type":"article","og_title":"\u00ab Les semences sont le socle de la lutte pour la souverainet\u00e9 alimentaire \u00bb","og_description":"Au village Emma\u00fcs Lescar-Pau, dans les Pyr\u00e9n\u00e9es-Atlantiques, des cultivateurs du monde entier se sont retrouv\u00e9s fin septembre avec une id\u00e9e en t\u00eate\u00a0:","og_url":"https:\/\/www.pressenza.com\/fr\/2015\/10\/les-semences-sont-le-socle-de-la-lutte-pour-la-souverainete-alimentaire\/","og_site_name":"Pressenza","article_publisher":"https:\/\/www.facebook.com\/PressenzaItalia","article_published_time":"2015-10-08T09:21:53+00:00","article_modified_time":"2015-10-08T17:17:42+00:00","og_image":[{"width":667,"height":500,"url":"https:\/\/www.pressenza.com\/wp-content\/uploads\/2015\/10\/arton8209-14c1a.jpg","type":"image\/jpeg"}],"author":"Reporterre, le quotidien de l\u2019\u00e9cologie","twitter_card":"summary_large_image","twitter_creator":"@reporterre","twitter_site":"@PressenzaIPA","twitter_misc":{"\u00c9crit par":"Reporterre, le quotidien de l\u2019\u00e9cologie","Dur\u00e9e de lecture estim\u00e9e":"7 minutes"},"schema":{"@context":"https:\/\/schema.org","@graph":[{"@type":"Article","@id":"https:\/\/www.pressenza.com\/fr\/2015\/10\/les-semences-sont-le-socle-de-la-lutte-pour-la-souverainete-alimentaire\/#article","isPartOf":{"@id":"https:\/\/www.pressenza.com\/fr\/2015\/10\/les-semences-sont-le-socle-de-la-lutte-pour-la-souverainete-alimentaire\/"},"author":{"name":"Reporterre, le quotidien de l\u2019\u00e9cologie","@id":"https:\/\/www.pressenza.com\/fr\/#\/schema\/person\/de7a73acc724ec52aecb29649b65b9bc"},"headline":"\u00ab Les semences sont le socle de la lutte pour la souverainet\u00e9 alimentaire \u00bb","datePublished":"2015-10-08T09:21:53+00:00","dateModified":"2015-10-08T17:17:42+00:00","mainEntityOfPage":{"@id":"https:\/\/www.pressenza.com\/fr\/2015\/10\/les-semences-sont-le-socle-de-la-lutte-pour-la-souverainete-alimentaire\/"},"wordCount":1414,"publisher":{"@id":"https:\/\/www.pressenza.com\/fr\/#organization"},"image":{"@id":"https:\/\/www.pressenza.com\/fr\/2015\/10\/les-semences-sont-le-socle-de-la-lutte-pour-la-souverainete-alimentaire\/#primaryimage"},"thumbnailUrl":"https:\/\/www.pressenza.com\/wp-content\/uploads\/2015\/10\/arton8209-14c1a.jpg","keywords":["Lescar-Pau-France","R\u00e9seau semences paysannes","semences","village Emma\u00fcs"],"articleSection":["Ecologie et Environnement","Europe"],"inLanguage":"fr-FR"},{"@type":"WebPage","@id":"https:\/\/www.pressenza.com\/fr\/2015\/10\/les-semences-sont-le-socle-de-la-lutte-pour-la-souverainete-alimentaire\/","url":"https:\/\/www.pressenza.com\/fr\/2015\/10\/les-semences-sont-le-socle-de-la-lutte-pour-la-souverainete-alimentaire\/","name":"\u00ab Les semences sont le socle de la lutte pour la souverainet\u00e9 alimentaire \u00bb","isPartOf":{"@id":"https:\/\/www.pressenza.com\/fr\/#website"},"primaryImageOfPage":{"@id":"https:\/\/www.pressenza.com\/fr\/2015\/10\/les-semences-sont-le-socle-de-la-lutte-pour-la-souverainete-alimentaire\/#primaryimage"},"image":{"@id":"https:\/\/www.pressenza.com\/fr\/2015\/10\/les-semences-sont-le-socle-de-la-lutte-pour-la-souverainete-alimentaire\/#primaryimage"},"thumbnailUrl":"https:\/\/www.pressenza.com\/wp-content\/uploads\/2015\/10\/arton8209-14c1a.jpg","datePublished":"2015-10-08T09:21:53+00:00","dateModified":"2015-10-08T17:17:42+00:00","description":"Au village Emma\u00fcs Lescar-Pau, dans les Pyr\u00e9n\u00e9es-Atlantiques, des cultivateurs du monde entier se sont retrouv\u00e9s fin septembre avec une id\u00e9e en t\u00eate\u00a0:","breadcrumb":{"@id":"https:\/\/www.pressenza.com\/fr\/2015\/10\/les-semences-sont-le-socle-de-la-lutte-pour-la-souverainete-alimentaire\/#breadcrumb"},"inLanguage":"fr-FR","potentialAction":[{"@type":"ReadAction","target":["https:\/\/www.pressenza.com\/fr\/2015\/10\/les-semences-sont-le-socle-de-la-lutte-pour-la-souverainete-alimentaire\/"]}]},{"@type":"ImageObject","inLanguage":"fr-FR","@id":"https:\/\/www.pressenza.com\/fr\/2015\/10\/les-semences-sont-le-socle-de-la-lutte-pour-la-souverainete-alimentaire\/#primaryimage","url":"https:\/\/www.pressenza.com\/wp-content\/uploads\/2015\/10\/arton8209-14c1a.jpg","contentUrl":"https:\/\/www.pressenza.com\/wp-content\/uploads\/2015\/10\/arton8209-14c1a.jpg","width":667,"height":500},{"@type":"BreadcrumbList","@id":"https:\/\/www.pressenza.com\/fr\/2015\/10\/les-semences-sont-le-socle-de-la-lutte-pour-la-souverainete-alimentaire\/#breadcrumb","itemListElement":[{"@type":"ListItem","position":1,"name":"Accueil","item":"https:\/\/www.pressenza.com\/fr\/"},{"@type":"ListItem","position":2,"name":"\u00ab Les semences sont le socle de la lutte pour la souverainet\u00e9 alimentaire \u00bb"}]},{"@type":"WebSite","@id":"https:\/\/www.pressenza.com\/fr\/#website","url":"https:\/\/www.pressenza.com\/fr\/","name":"Pressenza","description":"International Press Agency","publisher":{"@id":"https:\/\/www.pressenza.com\/fr\/#organization"},"potentialAction":[{"@type":"SearchAction","target":{"@type":"EntryPoint","urlTemplate":"https:\/\/www.pressenza.com\/fr\/?s={search_term_string}"},"query-input":{"@type":"PropertyValueSpecification","valueRequired":true,"valueName":"search_term_string"}}],"inLanguage":"fr-FR"},{"@type":"Organization","@id":"https:\/\/www.pressenza.com\/fr\/#organization","name":"Pressenza","url":"https:\/\/www.pressenza.com\/fr\/","logo":{"@type":"ImageObject","inLanguage":"fr-FR","@id":"https:\/\/www.pressenza.com\/fr\/#\/schema\/logo\/image\/","url":"https:\/\/www.pressenza.com\/wp-content\/uploads\/2022\/10\/pressenza_logo_200x200.jpg","contentUrl":"https:\/\/www.pressenza.com\/wp-content\/uploads\/2022\/10\/pressenza_logo_200x200.jpg","width":200,"height":200,"caption":"Pressenza"},"image":{"@id":"https:\/\/www.pressenza.com\/fr\/#\/schema\/logo\/image\/"},"sameAs":["https:\/\/www.facebook.com\/PressenzaItalia","https:\/\/x.com\/PressenzaIPA"]},{"@type":"Person","@id":"https:\/\/www.pressenza.com\/fr\/#\/schema\/person\/de7a73acc724ec52aecb29649b65b9bc","name":"Reporterre, le quotidien de l\u2019\u00e9cologie","description":"Reporterre propose des informations claires et pertinentes sur l\u2019\u00e9cologie dans ses dimensions politique et sociale, ainsi qu\u2019un espace de tribunes pour r\u00e9fl\u00e9chir et d\u00e9battre. Pour nous, l\u2019\u00e9cologie ne peut se r\u00e9duire \u00e0 des questions de nature et de pollution - m\u00eame si nous suivons attentivement ces questions vitales. L\u2019\u00e9cologie engage le destin commun, engage l\u2019avenir, sa situation d\u00e9coule largement des rapports sociaux. Reporterre entend aussi relayer toutes les initiatives qui montrent que les alternatives au syst\u00e8me dominant sont possibles et r\u00e9alistes. www.reporterre.net","sameAs":["http:\/\/www.reporterre.net\/","https:\/\/x.com\/@reporterre"],"url":"https:\/\/www.pressenza.com\/fr\/author\/reporterre\/"}]}},"place":"","original_article_url":"http:\/\/reporterre.net\/Les-semences-sont-le-socle-de-la-lutte-pour-la-souverainete-alimentaire","_links":{"self":[{"href":"https:\/\/www.pressenza.com\/fr\/wp-json\/wp\/v2\/posts\/231867","targetHints":{"allow":["GET"]}}],"collection":[{"href":"https:\/\/www.pressenza.com\/fr\/wp-json\/wp\/v2\/posts"}],"about":[{"href":"https:\/\/www.pressenza.com\/fr\/wp-json\/wp\/v2\/types\/post"}],"author":[{"embeddable":true,"href":"https:\/\/www.pressenza.com\/fr\/wp-json\/wp\/v2\/users\/1138"}],"replies":[{"embeddable":true,"href":"https:\/\/www.pressenza.com\/fr\/wp-json\/wp\/v2\/comments?post=231867"}],"version-history":[{"count":0,"href":"https:\/\/www.pressenza.com\/fr\/wp-json\/wp\/v2\/posts\/231867\/revisions"}],"wp:featuredmedia":[{"embeddable":true,"href":"https:\/\/www.pressenza.com\/fr\/wp-json\/wp\/v2\/media\/231868"}],"wp:attachment":[{"href":"https:\/\/www.pressenza.com\/fr\/wp-json\/wp\/v2\/media?parent=231867"}],"wp:term":[{"taxonomy":"category","embeddable":true,"href":"https:\/\/www.pressenza.com\/fr\/wp-json\/wp\/v2\/categories?post=231867"},{"taxonomy":"post_tag","embeddable":true,"href":"https:\/\/www.pressenza.com\/fr\/wp-json\/wp\/v2\/tags?post=231867"}],"curies":[{"name":"wp","href":"https:\/\/api.w.org\/{rel}","templated":true}]}}