{"id":231661,"date":"2015-10-07T22:19:46","date_gmt":"2015-10-07T21:19:46","guid":{"rendered":"http:\/\/www.pressenza.com\/fr\/?p=231661"},"modified":"2017-03-22T19:04:57","modified_gmt":"2017-03-22T19:04:57","slug":"nous-devons-aussi-nous-interroger-sur-lhistoire-qui-sous-tend-notre-facon-daborder-laccueil-des-refugies-en-france-car-nous-avons-tendance-a-aborder-la-question-par-le-biais","status":"publish","type":"post","link":"https:\/\/www.pressenza.com\/fr\/2015\/10\/nous-devons-aussi-nous-interroger-sur-lhistoire-qui-sous-tend-notre-facon-daborder-laccueil-des-refugies-en-france-car-nous-avons-tendance-a-aborder-la-question-par-le-biais\/","title":{"rendered":"Nous devons nous interroger sur l\u2019histoire qui sous-tend notre fa\u00e7on d\u2019aborder l\u2019accueil des r\u00e9fugi\u00e9s en France car nous abordons la question par le biais de notre histoire n\u00e9ocoloniale."},"content":{"rendered":"<p><strong><em>Nous sommes all\u00e9s \u00e0 la rencontre de Randa Massot, habitante du 19 \u00e8me arrondissement de Paris et membre du r\u00e9seau RESF. <\/em><\/strong><\/p>\n<p><strong><em>Nous lui avons pos\u00e9 des questions simples. Pour revenir aux fondamentaux. <\/em><\/strong><\/p>\n<p><strong><em>Pour remettre \u00e0 leur juste place les peurs et les fausses croyances.<\/em><\/strong><\/p>\n<p><strong><em>Et pour rendre \u00e0 l\u2019\u00eatre humain la place qui lui revient, la place centrale, celle de toutes les attentions.<\/em><\/strong><\/p>\n<p>&nbsp;<\/p>\n<p><strong>Pressenza &#8211; Pouvez-vous vous pr\u00e9senter ?<\/strong><\/p>\n<p><strong>Randa Massot &#8211; <\/strong>Je suis Randa Massot, franco-am\u00e9ricaine. J\u2019habite le 19 \u00e8me arrondissement de Paris depuis 8 ans. Depuis un an, je milite dans ce quartier pour les mineurs \u00e9trangers isol\u00e9s qui sont en voie d\u2019int\u00e9gration dans le syst\u00e8me scolaire fran\u00e7ais. Par le biais du R\u00e9seau Education Sans Fronti\u00e8res, je les accompagne dans ce parcours pour qu\u2019ils puissent int\u00e9grer l\u2019\u00e9cole et plus largement se construire une vie correcte. Depuis le 2 juin dernier, je suis impliqu\u00e9e dans le nord-est parisien pour aider les 451 r\u00e9fugi\u00e9s qui ont \u00e9t\u00e9 \u00e9vacu\u00e9s d\u2019un campement sous le pont du m\u00e9tro \u00e0 la Chapelle<a href=\"#_ftn1\" name=\"_ftnref\">[1]<\/a> \u00e0 Paris.<\/p>\n<p><strong>Quelles sont les grandes causes d\u2019immigration actuelle ?<\/strong><\/p>\n<p>On a eu en France diff\u00e9rentes vagues d\u2018immigration, venant d\u2019Afrique, d\u2019Afghanistan et d\u2019Europe de l\u2019Est. La situation des morts en m\u00e9diterran\u00e9e, qui a tellement choqu\u00e9 l\u2019opinion publique, est plus r\u00e9cente.<\/p>\n<p>Les raisons qui poussent les populations \u00e0 \u00e9migrer sont nombreuses et concernent beaucoup de pays. Il y a les guerres civiles, les r\u00e9gimes r\u00e9pressifs, les changements climatiques comme l\u2019ass\u00e8chement des terres qui provoquent des famines, les guerres de religion, les guerres \u00e9conomiques qui concernent tous les pays dont l\u2019\u00e9conomie a \u00e9t\u00e9 capt\u00e9e par le colonialisme.<\/p>\n<p>Je voudrais insister sur un point : en aucun cas les gens ne quittent leur pays et leur maison de ga\u00eet\u00e9 de coeur. Si elles le pouvaient, ces personnes resteraient chez elles. Si elles partent, c\u2019est parce qu\u2019elles n\u2019ont pas le choix.<\/p>\n<p>Elles sont les boucs \u00e9missaires de la guerre \u00e9conomique dans laquelle nous sommes. Nous sommes en train de faire tomber tous les principes de l\u2019Union europ\u00e9enne. Cette indivision qu\u2019on laisse r\u00e9gner vient creuser les foss\u00e9s entre les pays et encourage les nationalismes. Le r\u00e8glement et les fondements de l\u2019Europe \u00e9taient des principes de libre circulation qui sont aujourd\u2019hui bafou\u00e9s tout comme l\u2019est la convention de Gen\u00e8ve de 1951<a href=\"#_ftn2\" name=\"_ftnref\">[2]<\/a>. Cela touche tous les principes de progr\u00e8s social et donc aussi celui de l\u2019accueil des r\u00e9fugi\u00e9s.<\/p>\n<p><strong>Qui sont les r\u00e9fugi\u00e9s ?<\/strong><\/p>\n<p><strong>\u00a0<\/strong>Ils appartiennent \u00e0 toutes les couches sociales de la population. Il faut comprendre que c\u2019est toute la soci\u00e9t\u00e9 qui se d\u00e9place. La question qu\u2019il faut donc se poser est : \u201cpourquoi toute la soci\u00e9t\u00e9 se d\u00e9place-t-elle ?\u201d.<\/p>\n<p>On parle souvent des hommes et on a souvent vu des images d\u2019hommes. Mais il faut bien se rendre compte qu\u2019il y a aussi des femmes, des enfants et des personnes \u00e2g\u00e9es, ce sont des familles compl\u00e8tes et parmi lesquelles il y a des personnes fragiles.<\/p>\n<p>Cet \u00e9t\u00e9, \u00e0 La Chapelle et \u00e0 la Halle Pajol<a href=\"#_ftn3\" name=\"_ftnref\">[3]<\/a> la population \u00e9tait majoritairement soudanaise et \u00e9rythr\u00e9enne. Ce sont des personnes qui ont fui des conflits politiques et qui risqueraient leur vie si elles devaient retourner dans leur pays parce que les r\u00e9gimes politiques ou les guerres qui y s\u00e9vissent font qu\u2019ils y seraient en danger. C\u2019est important de comprendre cela, car le discours comme <em>\u201con va faire le tri, on va renvoyer des gens, ou cr\u00e9er des camps \u00e0 cot\u00e9 des pays qui sont en guerre\u201d<\/em> est inadapt\u00e9.<\/p>\n<p><strong>La France a pr\u00e9vu d\u2019accueillir 24000 r\u00e9fugi\u00e9s en deux ans. C\u2019est tr\u00e8s peu si, par exemple, on compare avec l\u2019Allemagne. Pourquoi tant de diff\u00e9rence ?<\/strong><\/p>\n<p>Cette ann\u00e9e en France le nombre de demandes d\u2019asile est en baisse. Avant cette d\u00e9cision d\u2019accueillir 24000 r\u00e9fugi\u00e9s, la France \u00e9tait le 17\u00e8me\u00a0pays &#8211; par rapport au nombre d\u2019habitants &#8211; \u00e0 valider des demandes d\u2019asile.<\/p>\n<p>Les pays qui ont une \u00e9conomie plus forte et un vieillissement de la population important vont augmenter leur accueil car ils ont besoin de main-d\u2019oeuvre. En g\u00e9n\u00e9ral, en Europe le moment est tr\u00e8s conservateur. L\u2019Union europ\u00e9enne ne fonctionne pas de fa\u00e7on coh\u00e9rente, nous rencontrons les m\u00eames individualismes au niveau des pays que ceux que nous rencontrons \u00e0 un niveau individuel. Nous sommes dans des \u00e9go\u00efsmes nationaux et une d\u00e9solidarisation qui va \u00e0 l\u2019encontre du principe d\u2019une Europe f\u00e9d\u00e9r\u00e9e. Nous sommes loin des principes \u00e9tablis \u00e0 la fin de la Seconde Guerre mondiale.<\/p>\n<p><strong>\u00c0 partir du moment o\u00f9 il arrive en France quel est le parcours d\u2019un r\u00e9fugi\u00e9 pour pouvoir \u00eatre r\u00e9gularis\u00e9 ?<\/strong><\/p>\n<p>Les personnes d\u00e9posent une demande d\u2019asile, laquelle est \u00e9ventuellement attribu\u00e9e apr\u00e8s \u00e9tude du dossier. Dans ce cas, les personnes re\u00e7oivent une carte de r\u00e9fugi\u00e9s politiques pour une p\u00e9riode qui varie entre 1 \u00e0 10 ans.<\/p>\n<p>Avoir une carte de demandeur d\u2019asile permet de s\u2019int\u00e9grer, notamment de travailler et de pouvoir reconstruire sa vie.<\/p>\n<p>Une nouvelle loi datant de cet \u00e9t\u00e9 a pour objectif de fluidifier &#8211; pour rendre plus simple et plus rapide &#8211; l\u2019analyse des dossiers des demandeurs d\u2019asile en ramenant le d\u00e9lai actuel de 18 mois \u00e0 3 ans \u00e0 3 mois. Est-ce que les droits ne seront pas bafou\u00e9s dans cette compression de temps ? Cela reste une interrogation. De plus, avec la nouvelle loi, la carte de s\u00e9jour peut \u00eatre remise en cause \u00e0 tout moment.<\/p>\n<p>Il y aussi des projets de renvois de demandeurs d&rsquo;asile vers leur pays ou vers des camps situ\u00e9s dans les pays limitrophes qui risquent de devenir des zones de non droit. Les associations de la soci\u00e9t\u00e9 civile militent pour le retrait du trait\u00e9 de Dublin qui a mis en place la prise d&#8217;empreintes dans le premier pays d&rsquo;arriv\u00e9e. L&rsquo;Allemagne vient d&rsquo;\u00e9mettre un avis contre ce trait\u00e9 et il faut esp\u00e9rer que la France et toute l&rsquo;Europe suivra. Pour en savoir plus, il ne faut pas h\u00e9siter \u00e0 se rapprocher des associations telles que le Gisti ou la Cimade.<\/p>\n<p><strong>Beaucoup d\u2019associations d\u00e9noncent les conditions d\u2019accueil d\u00e9plorables ? Quels sont votre exp\u00e9rience et votre constat ?<\/strong><\/p>\n<p>Les r\u00e9fugi\u00e9s sont souvent dans des campements insalubres : pas d\u2019eau potable, pas de toilettes, pas de douches, et \u00e9videmment rien pour se faire \u00e0 manger. Ils n\u2019ont pas non plus de bonnes conditions d\u2019informations m\u00eame si les associations et des b\u00e9n\u00e9voles jouent un r\u00f4le essentiel \u00e0 ce sujet.<\/p>\n<p>Concernant le cas de Pajol, des maisons de quartiers s\u2019occupent de la sant\u00e9.<\/p>\n<p>Pour le moment il n\u2019y a pas de lieu d\u2019accueil des r\u00e9fugi\u00e9s et de fait, les personnes s\u2019attroupent dans des camps. Il y a seulement quelques lieux d\u2019h\u00e9bergements temporaires. La r\u00e9alit\u00e9 c\u2019est aussi que les organismes qui accueillent n\u2019ont pas les moyens humains ni les dotations financi\u00e8res pour faire un suivi correct.<\/p>\n<p><strong>Quelles sont les propositions pour les accueillir dignement ?<\/strong><\/p>\n<p><strong>\u00a0<\/strong>Nous devons nous interroger sur notre pr\u00e9disposition \u00e0 accueillir et sur la fa\u00e7on dont nous d\u00e9finissons l\u2019accueil. Nous devons aussi nous interroger sur l\u2019histoire et les craintes qui sous-tendent notre fa\u00e7on d\u2019aborder l\u2019accueil en France. Pour moi, il est n\u00e9cessaire de r\u00e9fl\u00e9chir \u00e0 tout cela car nous avons tendance \u00e0 aborder la question par le biais de notre histoire n\u00e9ocoloniale. Aujourd\u2019hui, nous cr\u00e9ons les conditions de l\u2019esclavage moderne.<\/p>\n<p>Ce qui compte, c\u2019est le respect de la personne. Par exemple, il pourrait y avoir un lieu d\u2019accueil o\u00f9 les gens peuvent venir s\u2019informer dans toutes les langues et o\u00f9 ils trouveraient une permanence juridique, un centre de sant\u00e9, un lieu d\u2019instruction civique, des cours de fran\u00e7ais, des informations sur les lieux d\u2019h\u00e9bergement.<\/p>\n<p>Il pourrait y avoir une plateforme en ligne o\u00f9 les informations seraient disponibles et mises \u00e0 jour pour que ceux qui accompagnent les migrants puissent avoir acc\u00e8s \u00e0 l\u2019information. Tout cela suppose que nous ayons vraiment envie d\u2019int\u00e9grer ces personnes et cela questionne sur notre envie d\u2019\u00e9galit\u00e9.<\/p>\n<p>Plus largement, je crois que nous devons avoir une politique de bientraitance de tous les d\u00e9munis.<\/p>\n<p><strong>Que r\u00e9pondez-vous \u00e0 ceux qui disent que l\u2019on ne peut pas accueillir toute la mis\u00e8re du monde ou que l\u2019on doit s\u2019occuper d\u2019abord de ceux qui sont dans le besoin ici ?<\/strong><\/p>\n<p><strong>\u00a0<\/strong>La France est la 6 \u00e8me puissance \u00e9conomique mondiale avec 64 millions d\u2019habitants. L\u2019Europe est la premi\u00e8re puissance \u00e9conomique du monde.<\/p>\n<p>Le pr\u00e9ambule de la constitution de 1946 pr\u00e9voyait que tout le monde puisse avoir un toit, l\u2019acc\u00e8s \u00e0 l\u2019\u00e9cole et un travail. Le non-accueil va \u00e0 l\u2019encontre du pr\u00e9ambule de notre constitution apr\u00e8s la guerre.<\/p>\n<p>Quant \u00e0 la question des fonds et des raisons de la crise \u00e9conomique que nous traversons, on devrait se pr\u00e9occuper de ceux qui partent avec leurs imp\u00f4ts dans les paradis fiscaux. Quand les imp\u00f4ts sont dans les paradis fiscaux cela veut dire que l\u2019on finance moins les services publics ici. Quand le pr\u00e9sident annonce qu\u2019il y a deux milliards en moins de recettes d\u2019imp\u00f4ts cela a un impact plus important sur le financement de notre service public que les 24000 r\u00e9fugi\u00e9s.<\/p>\n<p>Les immigr\u00e9s, quant \u00e0 eux, plus qu\u2019ils ne co\u00fbtent, contribuent \u00e0 l\u2019essor de la soci\u00e9t\u00e9 en payant leurs imp\u00f4ts.<\/p>\n<p>Au-del\u00e0 de l\u2019\u00e9conomie, ils contribuent aussi \u00e0 la richesse culturelle de notre soci\u00e9t\u00e9 et cela ouvre des perspectives multiples. Il n\u2019est, de toute fa\u00e7on, pas int\u00e9ressant de limiter un \u00eatre humain \u00e0 ce qu\u2019il co\u00fbte parce que toute vie est \u00e9gale.<\/p>\n<p><strong>Pourquoi est-ce un devoir de les accueillir ?<\/strong><\/p>\n<p>Nous sommes signataires, tout comme d\u2019autres pays, de la convention de Gen\u00e8ve de 1951. Lorsqu\u2019on refuse ces droits, ce sont 65 ans d\u2019histoire que l\u2019on raye. Ces signatures ont un sens et dans ce cas on assiste les personnes qui sont en danger.<\/p>\n<p>C\u2019est aussi un devoir moral d\u2019\u00eatre l\u00e0 pour son prochain.<\/p>\n<p><strong>Que pensez-vous de l\u2019\u00e9lan de solidarit\u00e9 qui \u00e9merge ?<\/strong><\/p>\n<p><strong>\u00a0<\/strong>Enfin ! Il est temps ! Mais il faut une prise en charge construite et nous ne devons pas perdre de vue que notre gouvernement doit prendre ses responsabilit\u00e9s en allant jusqu\u2019au bout de ses engagements et en finan\u00e7ant les organismes qui aident ces personnes r\u00e9fugi\u00e9es.<\/p>\n<p><strong>Comment l\u2019int\u00e9gration de ces immigr\u00e9s peut-elle modifier le paysage social europ\u00e9en ?<\/strong><\/p>\n<p><strong>\u00a0<\/strong>Nous sommes d\u00e9j\u00e0 dans un paysage multiculturel. L\u2019Europe est constitu\u00e9 de 28 pays. Dans mon quartier, par exemple, il y a 100 nationalit\u00e9s. Un quart de la population fran\u00e7aise est issu de l\u2019immigration. C\u2019est une richesse d\u2019avoir toutes ces cultures et cela fait partie de nos racines.<\/p>\n<p><em>\u00a0<\/em><a href=\"#_ftnref\" name=\"_ftn1\">[1]<\/a> <strong>Le pont du m\u00e9tro \u00e0 la Chapelle se situe \u00e0 la fronti\u00e8re des 18\u00e8me, 19\u00e8me et 10\u00e8me arrondissements de Paris.<\/strong><\/p>\n<p><a href=\"#_ftnref\" name=\"_ftn2\">[2]<\/a> <strong>La Convention de 1951 relative au statut des r\u00e9fugi\u00e9s constitue le document-cl\u00e9 dans la d\u00e9finition du r\u00e9fugi\u00e9, ses droits et les obligations l\u00e9gales des \u00e9tats.<\/strong><\/p>\n<p><a href=\"#_ftnref\" name=\"_ftn3\">[3]<\/a> <strong>La halle Pajol est un ancien entrep\u00f4t d\u00e9saffect\u00e9 de la SNCF qui abrite aujourd\u2019hui des commerces et de<\/strong> <strong>nombreux \u00e9quipements publics ainsi qu\u2019un jardin. Elle est<\/strong> <strong>situ\u00e9e dans le quartier de la Chapelle dans le 18\u00e8me arrondissement de Paris.<\/strong><\/p>\n","protected":false},"excerpt":{"rendered":"<p>Nous sommes all\u00e9s \u00e0 la rencontre de Randa Massot, habitante du 19 \u00e8me arrondissement de Paris et membre du r\u00e9seau RESF. Nous lui avons pos\u00e9 des questions simples. Pour revenir aux fondamentaux. Pour remettre \u00e0 leur juste place les peurs&hellip;<\/p>\n","protected":false},"author":1058,"featured_media":231774,"comment_status":"closed","ping_status":"open","sticky":false,"template":"","format":"standard","meta":{"footnotes":""},"categories":[11386,1247,98,85,156],"tags":[20690,20687,20688,3232,8056,20689],"class_list":["post-231661","post","type-post","status-publish","format-standard","has-post-thumbnail","hentry","category-contenu-original","category-diversite","category-droits-de-lhomme","category-europe-fr","category-interview-fr","tag-action-militante","tag-asile-politique","tag-droit-dasile","tag-immigration-fr","tag-refugies","tag-resf"],"yoast_head":"<!-- This site is optimized with the Yoast SEO plugin v27.1.1 - https:\/\/yoast.com\/product\/yoast-seo-wordpress\/ -->\n<title>Nous devons nous interroger sur l\u2019histoire qui sous-tend notre fa\u00e7on d\u2019aborder l\u2019accueil des r\u00e9fugi\u00e9s en France car nous abordons la question par le biais de notre histoire n\u00e9ocoloniale.<\/title>\n<meta name=\"description\" content=\"Nous sommes all\u00e9s \u00e0 la rencontre de Randa Massot, habitante du 19 \u00e8me arrondissement de Paris et membre du r\u00e9seau RESF. Nous lui avons pos\u00e9 des questions\" \/>\n<meta name=\"robots\" content=\"index, follow, max-snippet:-1, max-image-preview:large, max-video-preview:-1\" \/>\n<link rel=\"canonical\" href=\"https:\/\/www.pressenza.com\/fr\/2015\/10\/nous-devons-aussi-nous-interroger-sur-lhistoire-qui-sous-tend-notre-facon-daborder-laccueil-des-refugies-en-france-car-nous-avons-tendance-a-aborder-la-question-par-le-biais\/\" \/>\n<meta property=\"og:locale\" content=\"fr_FR\" \/>\n<meta property=\"og:type\" content=\"article\" \/>\n<meta property=\"og:title\" content=\"Nous devons nous interroger sur l\u2019histoire qui sous-tend notre fa\u00e7on d\u2019aborder l\u2019accueil des r\u00e9fugi\u00e9s en France car nous abordons la question par le biais de notre histoire n\u00e9ocoloniale.\" \/>\n<meta property=\"og:description\" content=\"Nous sommes all\u00e9s \u00e0 la rencontre de Randa Massot, habitante du 19 \u00e8me arrondissement de Paris et membre du r\u00e9seau RESF. Nous lui avons pos\u00e9 des questions\" \/>\n<meta property=\"og:url\" content=\"https:\/\/www.pressenza.com\/fr\/2015\/10\/nous-devons-aussi-nous-interroger-sur-lhistoire-qui-sous-tend-notre-facon-daborder-laccueil-des-refugies-en-france-car-nous-avons-tendance-a-aborder-la-question-par-le-biais\/\" \/>\n<meta property=\"og:site_name\" content=\"Pressenza\" \/>\n<meta property=\"article:publisher\" content=\"https:\/\/www.facebook.com\/PressenzaItalia\" \/>\n<meta property=\"article:published_time\" content=\"2015-10-07T21:19:46+00:00\" \/>\n<meta property=\"article:modified_time\" content=\"2017-03-22T19:04:57+00:00\" \/>\n<meta property=\"og:image\" content=\"https:\/\/www.pressenza.com\/wp-content\/uploads\/2015\/10\/accueil-des-r--fugi--s.jpg\" \/>\n\t<meta property=\"og:image:width\" content=\"750\" \/>\n\t<meta property=\"og:image:height\" content=\"525\" \/>\n\t<meta property=\"og:image:type\" content=\"image\/jpeg\" \/>\n<meta name=\"author\" content=\"Marie-Laurence Chanut Sapin\" \/>\n<meta name=\"twitter:card\" content=\"summary_large_image\" \/>\n<meta name=\"twitter:creator\" content=\"@PressenzaIPA\" \/>\n<meta name=\"twitter:site\" content=\"@PressenzaIPA\" \/>\n<meta name=\"twitter:label1\" content=\"\u00c9crit par\" \/>\n\t<meta name=\"twitter:data1\" content=\"Marie-Laurence Chanut Sapin\" \/>\n\t<meta name=\"twitter:label2\" content=\"Dur\u00e9e de lecture estim\u00e9e\" \/>\n\t<meta name=\"twitter:data2\" content=\"10 minutes\" \/>\n<script type=\"application\/ld+json\" class=\"yoast-schema-graph\">{\"@context\":\"https:\/\/schema.org\",\"@graph\":[{\"@type\":\"Article\",\"@id\":\"https:\/\/www.pressenza.com\/fr\/2015\/10\/nous-devons-aussi-nous-interroger-sur-lhistoire-qui-sous-tend-notre-facon-daborder-laccueil-des-refugies-en-france-car-nous-avons-tendance-a-aborder-la-question-par-le-biais\/#article\",\"isPartOf\":{\"@id\":\"https:\/\/www.pressenza.com\/fr\/2015\/10\/nous-devons-aussi-nous-interroger-sur-lhistoire-qui-sous-tend-notre-facon-daborder-laccueil-des-refugies-en-france-car-nous-avons-tendance-a-aborder-la-question-par-le-biais\/\"},\"author\":{\"name\":\"Marie-Laurence Chanut Sapin\",\"@id\":\"https:\/\/www.pressenza.com\/fr\/#\/schema\/person\/64f784d43bc67ab952783d2fa5aeb2ce\"},\"headline\":\"Nous devons nous interroger sur l\u2019histoire qui sous-tend notre fa\u00e7on d\u2019aborder l\u2019accueil des r\u00e9fugi\u00e9s en France car nous abordons la question par le biais de notre histoire n\u00e9ocoloniale.\",\"datePublished\":\"2015-10-07T21:19:46+00:00\",\"dateModified\":\"2017-03-22T19:04:57+00:00\",\"mainEntityOfPage\":{\"@id\":\"https:\/\/www.pressenza.com\/fr\/2015\/10\/nous-devons-aussi-nous-interroger-sur-lhistoire-qui-sous-tend-notre-facon-daborder-laccueil-des-refugies-en-france-car-nous-avons-tendance-a-aborder-la-question-par-le-biais\/\"},\"wordCount\":2004,\"publisher\":{\"@id\":\"https:\/\/www.pressenza.com\/fr\/#organization\"},\"image\":{\"@id\":\"https:\/\/www.pressenza.com\/fr\/2015\/10\/nous-devons-aussi-nous-interroger-sur-lhistoire-qui-sous-tend-notre-facon-daborder-laccueil-des-refugies-en-france-car-nous-avons-tendance-a-aborder-la-question-par-le-biais\/#primaryimage\"},\"thumbnailUrl\":\"https:\/\/www.pressenza.com\/wp-content\/uploads\/2015\/10\/accueil-des-r--fugi--s.jpg\",\"keywords\":[\"action militante\",\"asile politique\",\"droit d'asile\",\"Immigration\",\"r\u00e9fugi\u00e9s\",\"RESF\"],\"articleSection\":[\"Contenu Original\",\"Diversit\u00e9\",\"Droits humains\",\"Europe\",\"Interviews\"],\"inLanguage\":\"fr-FR\"},{\"@type\":\"WebPage\",\"@id\":\"https:\/\/www.pressenza.com\/fr\/2015\/10\/nous-devons-aussi-nous-interroger-sur-lhistoire-qui-sous-tend-notre-facon-daborder-laccueil-des-refugies-en-france-car-nous-avons-tendance-a-aborder-la-question-par-le-biais\/\",\"url\":\"https:\/\/www.pressenza.com\/fr\/2015\/10\/nous-devons-aussi-nous-interroger-sur-lhistoire-qui-sous-tend-notre-facon-daborder-laccueil-des-refugies-en-france-car-nous-avons-tendance-a-aborder-la-question-par-le-biais\/\",\"name\":\"Nous devons nous interroger sur l\u2019histoire qui sous-tend notre fa\u00e7on d\u2019aborder l\u2019accueil des r\u00e9fugi\u00e9s en France car nous abordons la question par le biais de notre histoire n\u00e9ocoloniale.\",\"isPartOf\":{\"@id\":\"https:\/\/www.pressenza.com\/fr\/#website\"},\"primaryImageOfPage\":{\"@id\":\"https:\/\/www.pressenza.com\/fr\/2015\/10\/nous-devons-aussi-nous-interroger-sur-lhistoire-qui-sous-tend-notre-facon-daborder-laccueil-des-refugies-en-france-car-nous-avons-tendance-a-aborder-la-question-par-le-biais\/#primaryimage\"},\"image\":{\"@id\":\"https:\/\/www.pressenza.com\/fr\/2015\/10\/nous-devons-aussi-nous-interroger-sur-lhistoire-qui-sous-tend-notre-facon-daborder-laccueil-des-refugies-en-france-car-nous-avons-tendance-a-aborder-la-question-par-le-biais\/#primaryimage\"},\"thumbnailUrl\":\"https:\/\/www.pressenza.com\/wp-content\/uploads\/2015\/10\/accueil-des-r--fugi--s.jpg\",\"datePublished\":\"2015-10-07T21:19:46+00:00\",\"dateModified\":\"2017-03-22T19:04:57+00:00\",\"description\":\"Nous sommes all\u00e9s \u00e0 la rencontre de Randa Massot, habitante du 19 \u00e8me arrondissement de Paris et membre du r\u00e9seau RESF. Nous lui avons pos\u00e9 des questions\",\"breadcrumb\":{\"@id\":\"https:\/\/www.pressenza.com\/fr\/2015\/10\/nous-devons-aussi-nous-interroger-sur-lhistoire-qui-sous-tend-notre-facon-daborder-laccueil-des-refugies-en-france-car-nous-avons-tendance-a-aborder-la-question-par-le-biais\/#breadcrumb\"},\"inLanguage\":\"fr-FR\",\"potentialAction\":[{\"@type\":\"ReadAction\",\"target\":[\"https:\/\/www.pressenza.com\/fr\/2015\/10\/nous-devons-aussi-nous-interroger-sur-lhistoire-qui-sous-tend-notre-facon-daborder-laccueil-des-refugies-en-france-car-nous-avons-tendance-a-aborder-la-question-par-le-biais\/\"]}]},{\"@type\":\"ImageObject\",\"inLanguage\":\"fr-FR\",\"@id\":\"https:\/\/www.pressenza.com\/fr\/2015\/10\/nous-devons-aussi-nous-interroger-sur-lhistoire-qui-sous-tend-notre-facon-daborder-laccueil-des-refugies-en-france-car-nous-avons-tendance-a-aborder-la-question-par-le-biais\/#primaryimage\",\"url\":\"https:\/\/www.pressenza.com\/wp-content\/uploads\/2015\/10\/accueil-des-r--fugi--s.jpg\",\"contentUrl\":\"https:\/\/www.pressenza.com\/wp-content\/uploads\/2015\/10\/accueil-des-r--fugi--s.jpg\",\"width\":750,\"height\":525},{\"@type\":\"BreadcrumbList\",\"@id\":\"https:\/\/www.pressenza.com\/fr\/2015\/10\/nous-devons-aussi-nous-interroger-sur-lhistoire-qui-sous-tend-notre-facon-daborder-laccueil-des-refugies-en-france-car-nous-avons-tendance-a-aborder-la-question-par-le-biais\/#breadcrumb\",\"itemListElement\":[{\"@type\":\"ListItem\",\"position\":1,\"name\":\"Accueil\",\"item\":\"https:\/\/www.pressenza.com\/fr\/\"},{\"@type\":\"ListItem\",\"position\":2,\"name\":\"Nous devons nous interroger sur l\u2019histoire qui sous-tend notre fa\u00e7on d\u2019aborder l\u2019accueil des r\u00e9fugi\u00e9s en France car nous abordons la question par le biais de notre histoire n\u00e9ocoloniale.\"}]},{\"@type\":\"WebSite\",\"@id\":\"https:\/\/www.pressenza.com\/fr\/#website\",\"url\":\"https:\/\/www.pressenza.com\/fr\/\",\"name\":\"Pressenza\",\"description\":\"International Press Agency\",\"publisher\":{\"@id\":\"https:\/\/www.pressenza.com\/fr\/#organization\"},\"potentialAction\":[{\"@type\":\"SearchAction\",\"target\":{\"@type\":\"EntryPoint\",\"urlTemplate\":\"https:\/\/www.pressenza.com\/fr\/?s={search_term_string}\"},\"query-input\":{\"@type\":\"PropertyValueSpecification\",\"valueRequired\":true,\"valueName\":\"search_term_string\"}}],\"inLanguage\":\"fr-FR\"},{\"@type\":\"Organization\",\"@id\":\"https:\/\/www.pressenza.com\/fr\/#organization\",\"name\":\"Pressenza\",\"url\":\"https:\/\/www.pressenza.com\/fr\/\",\"logo\":{\"@type\":\"ImageObject\",\"inLanguage\":\"fr-FR\",\"@id\":\"https:\/\/www.pressenza.com\/fr\/#\/schema\/logo\/image\/\",\"url\":\"https:\/\/www.pressenza.com\/wp-content\/uploads\/2022\/10\/pressenza_logo_200x200.jpg\",\"contentUrl\":\"https:\/\/www.pressenza.com\/wp-content\/uploads\/2022\/10\/pressenza_logo_200x200.jpg\",\"width\":200,\"height\":200,\"caption\":\"Pressenza\"},\"image\":{\"@id\":\"https:\/\/www.pressenza.com\/fr\/#\/schema\/logo\/image\/\"},\"sameAs\":[\"https:\/\/www.facebook.com\/PressenzaItalia\",\"https:\/\/x.com\/PressenzaIPA\"]},{\"@type\":\"Person\",\"@id\":\"https:\/\/www.pressenza.com\/fr\/#\/schema\/person\/64f784d43bc67ab952783d2fa5aeb2ce\",\"name\":\"Marie-Laurence Chanut Sapin\",\"description\":\"Marie-Laurence Chanut Sapin est engag\u00e9e depuis plus de 30 ans sur les th\u00e9matiques de non-violence, de d\u00e9mocratie participative et des droits humains au travers d\u2019actions locales (coordination d\u2019un mensuel de quartier) politiques et de solidarit\u00e9 internationale (d\u00e9veloppement de r\u00e9seaux de formateurs \u00e0 la non-violence). Par ailleurs en tant que professionnelle de la mode, elle milite pour la mise en place solutions alternatives respectueuses des hommes et femmes et de l\u2019environnement.\",\"url\":\"https:\/\/www.pressenza.com\/fr\/author\/marie-laurence-chanut\/\"}]}<\/script>\n<!-- \/ Yoast SEO plugin. -->","yoast_head_json":{"title":"Nous devons nous interroger sur l\u2019histoire qui sous-tend notre fa\u00e7on d\u2019aborder l\u2019accueil des r\u00e9fugi\u00e9s en France car nous abordons la question par le biais de notre histoire n\u00e9ocoloniale.","description":"Nous sommes all\u00e9s \u00e0 la rencontre de Randa Massot, habitante du 19 \u00e8me arrondissement de Paris et membre du r\u00e9seau RESF. Nous lui avons pos\u00e9 des questions","robots":{"index":"index","follow":"follow","max-snippet":"max-snippet:-1","max-image-preview":"max-image-preview:large","max-video-preview":"max-video-preview:-1"},"canonical":"https:\/\/www.pressenza.com\/fr\/2015\/10\/nous-devons-aussi-nous-interroger-sur-lhistoire-qui-sous-tend-notre-facon-daborder-laccueil-des-refugies-en-france-car-nous-avons-tendance-a-aborder-la-question-par-le-biais\/","og_locale":"fr_FR","og_type":"article","og_title":"Nous devons nous interroger sur l\u2019histoire qui sous-tend notre fa\u00e7on d\u2019aborder l\u2019accueil des r\u00e9fugi\u00e9s en France car nous abordons la question par le biais de notre histoire n\u00e9ocoloniale.","og_description":"Nous sommes all\u00e9s \u00e0 la rencontre de Randa Massot, habitante du 19 \u00e8me arrondissement de Paris et membre du r\u00e9seau RESF. Nous lui avons pos\u00e9 des questions","og_url":"https:\/\/www.pressenza.com\/fr\/2015\/10\/nous-devons-aussi-nous-interroger-sur-lhistoire-qui-sous-tend-notre-facon-daborder-laccueil-des-refugies-en-france-car-nous-avons-tendance-a-aborder-la-question-par-le-biais\/","og_site_name":"Pressenza","article_publisher":"https:\/\/www.facebook.com\/PressenzaItalia","article_published_time":"2015-10-07T21:19:46+00:00","article_modified_time":"2017-03-22T19:04:57+00:00","og_image":[{"width":750,"height":525,"url":"https:\/\/www.pressenza.com\/wp-content\/uploads\/2015\/10\/accueil-des-r--fugi--s.jpg","type":"image\/jpeg"}],"author":"Marie-Laurence Chanut Sapin","twitter_card":"summary_large_image","twitter_creator":"@PressenzaIPA","twitter_site":"@PressenzaIPA","twitter_misc":{"\u00c9crit par":"Marie-Laurence Chanut Sapin","Dur\u00e9e de lecture estim\u00e9e":"10 minutes"},"schema":{"@context":"https:\/\/schema.org","@graph":[{"@type":"Article","@id":"https:\/\/www.pressenza.com\/fr\/2015\/10\/nous-devons-aussi-nous-interroger-sur-lhistoire-qui-sous-tend-notre-facon-daborder-laccueil-des-refugies-en-france-car-nous-avons-tendance-a-aborder-la-question-par-le-biais\/#article","isPartOf":{"@id":"https:\/\/www.pressenza.com\/fr\/2015\/10\/nous-devons-aussi-nous-interroger-sur-lhistoire-qui-sous-tend-notre-facon-daborder-laccueil-des-refugies-en-france-car-nous-avons-tendance-a-aborder-la-question-par-le-biais\/"},"author":{"name":"Marie-Laurence Chanut Sapin","@id":"https:\/\/www.pressenza.com\/fr\/#\/schema\/person\/64f784d43bc67ab952783d2fa5aeb2ce"},"headline":"Nous devons nous interroger sur l\u2019histoire qui sous-tend notre fa\u00e7on d\u2019aborder l\u2019accueil des r\u00e9fugi\u00e9s en France car nous abordons la question par le biais de notre histoire n\u00e9ocoloniale.","datePublished":"2015-10-07T21:19:46+00:00","dateModified":"2017-03-22T19:04:57+00:00","mainEntityOfPage":{"@id":"https:\/\/www.pressenza.com\/fr\/2015\/10\/nous-devons-aussi-nous-interroger-sur-lhistoire-qui-sous-tend-notre-facon-daborder-laccueil-des-refugies-en-france-car-nous-avons-tendance-a-aborder-la-question-par-le-biais\/"},"wordCount":2004,"publisher":{"@id":"https:\/\/www.pressenza.com\/fr\/#organization"},"image":{"@id":"https:\/\/www.pressenza.com\/fr\/2015\/10\/nous-devons-aussi-nous-interroger-sur-lhistoire-qui-sous-tend-notre-facon-daborder-laccueil-des-refugies-en-france-car-nous-avons-tendance-a-aborder-la-question-par-le-biais\/#primaryimage"},"thumbnailUrl":"https:\/\/www.pressenza.com\/wp-content\/uploads\/2015\/10\/accueil-des-r--fugi--s.jpg","keywords":["action militante","asile politique","droit d'asile","Immigration","r\u00e9fugi\u00e9s","RESF"],"articleSection":["Contenu Original","Diversit\u00e9","Droits humains","Europe","Interviews"],"inLanguage":"fr-FR"},{"@type":"WebPage","@id":"https:\/\/www.pressenza.com\/fr\/2015\/10\/nous-devons-aussi-nous-interroger-sur-lhistoire-qui-sous-tend-notre-facon-daborder-laccueil-des-refugies-en-france-car-nous-avons-tendance-a-aborder-la-question-par-le-biais\/","url":"https:\/\/www.pressenza.com\/fr\/2015\/10\/nous-devons-aussi-nous-interroger-sur-lhistoire-qui-sous-tend-notre-facon-daborder-laccueil-des-refugies-en-france-car-nous-avons-tendance-a-aborder-la-question-par-le-biais\/","name":"Nous devons nous interroger sur l\u2019histoire qui sous-tend notre fa\u00e7on d\u2019aborder l\u2019accueil des r\u00e9fugi\u00e9s en France car nous abordons la question par le biais de notre histoire n\u00e9ocoloniale.","isPartOf":{"@id":"https:\/\/www.pressenza.com\/fr\/#website"},"primaryImageOfPage":{"@id":"https:\/\/www.pressenza.com\/fr\/2015\/10\/nous-devons-aussi-nous-interroger-sur-lhistoire-qui-sous-tend-notre-facon-daborder-laccueil-des-refugies-en-france-car-nous-avons-tendance-a-aborder-la-question-par-le-biais\/#primaryimage"},"image":{"@id":"https:\/\/www.pressenza.com\/fr\/2015\/10\/nous-devons-aussi-nous-interroger-sur-lhistoire-qui-sous-tend-notre-facon-daborder-laccueil-des-refugies-en-france-car-nous-avons-tendance-a-aborder-la-question-par-le-biais\/#primaryimage"},"thumbnailUrl":"https:\/\/www.pressenza.com\/wp-content\/uploads\/2015\/10\/accueil-des-r--fugi--s.jpg","datePublished":"2015-10-07T21:19:46+00:00","dateModified":"2017-03-22T19:04:57+00:00","description":"Nous sommes all\u00e9s \u00e0 la rencontre de Randa Massot, habitante du 19 \u00e8me arrondissement de Paris et membre du r\u00e9seau RESF. Nous lui avons pos\u00e9 des questions","breadcrumb":{"@id":"https:\/\/www.pressenza.com\/fr\/2015\/10\/nous-devons-aussi-nous-interroger-sur-lhistoire-qui-sous-tend-notre-facon-daborder-laccueil-des-refugies-en-france-car-nous-avons-tendance-a-aborder-la-question-par-le-biais\/#breadcrumb"},"inLanguage":"fr-FR","potentialAction":[{"@type":"ReadAction","target":["https:\/\/www.pressenza.com\/fr\/2015\/10\/nous-devons-aussi-nous-interroger-sur-lhistoire-qui-sous-tend-notre-facon-daborder-laccueil-des-refugies-en-france-car-nous-avons-tendance-a-aborder-la-question-par-le-biais\/"]}]},{"@type":"ImageObject","inLanguage":"fr-FR","@id":"https:\/\/www.pressenza.com\/fr\/2015\/10\/nous-devons-aussi-nous-interroger-sur-lhistoire-qui-sous-tend-notre-facon-daborder-laccueil-des-refugies-en-france-car-nous-avons-tendance-a-aborder-la-question-par-le-biais\/#primaryimage","url":"https:\/\/www.pressenza.com\/wp-content\/uploads\/2015\/10\/accueil-des-r--fugi--s.jpg","contentUrl":"https:\/\/www.pressenza.com\/wp-content\/uploads\/2015\/10\/accueil-des-r--fugi--s.jpg","width":750,"height":525},{"@type":"BreadcrumbList","@id":"https:\/\/www.pressenza.com\/fr\/2015\/10\/nous-devons-aussi-nous-interroger-sur-lhistoire-qui-sous-tend-notre-facon-daborder-laccueil-des-refugies-en-france-car-nous-avons-tendance-a-aborder-la-question-par-le-biais\/#breadcrumb","itemListElement":[{"@type":"ListItem","position":1,"name":"Accueil","item":"https:\/\/www.pressenza.com\/fr\/"},{"@type":"ListItem","position":2,"name":"Nous devons nous interroger sur l\u2019histoire qui sous-tend notre fa\u00e7on d\u2019aborder l\u2019accueil des r\u00e9fugi\u00e9s en France car nous abordons la question par le biais de notre histoire n\u00e9ocoloniale."}]},{"@type":"WebSite","@id":"https:\/\/www.pressenza.com\/fr\/#website","url":"https:\/\/www.pressenza.com\/fr\/","name":"Pressenza","description":"International Press Agency","publisher":{"@id":"https:\/\/www.pressenza.com\/fr\/#organization"},"potentialAction":[{"@type":"SearchAction","target":{"@type":"EntryPoint","urlTemplate":"https:\/\/www.pressenza.com\/fr\/?s={search_term_string}"},"query-input":{"@type":"PropertyValueSpecification","valueRequired":true,"valueName":"search_term_string"}}],"inLanguage":"fr-FR"},{"@type":"Organization","@id":"https:\/\/www.pressenza.com\/fr\/#organization","name":"Pressenza","url":"https:\/\/www.pressenza.com\/fr\/","logo":{"@type":"ImageObject","inLanguage":"fr-FR","@id":"https:\/\/www.pressenza.com\/fr\/#\/schema\/logo\/image\/","url":"https:\/\/www.pressenza.com\/wp-content\/uploads\/2022\/10\/pressenza_logo_200x200.jpg","contentUrl":"https:\/\/www.pressenza.com\/wp-content\/uploads\/2022\/10\/pressenza_logo_200x200.jpg","width":200,"height":200,"caption":"Pressenza"},"image":{"@id":"https:\/\/www.pressenza.com\/fr\/#\/schema\/logo\/image\/"},"sameAs":["https:\/\/www.facebook.com\/PressenzaItalia","https:\/\/x.com\/PressenzaIPA"]},{"@type":"Person","@id":"https:\/\/www.pressenza.com\/fr\/#\/schema\/person\/64f784d43bc67ab952783d2fa5aeb2ce","name":"Marie-Laurence Chanut Sapin","description":"Marie-Laurence Chanut Sapin est engag\u00e9e depuis plus de 30 ans sur les th\u00e9matiques de non-violence, de d\u00e9mocratie participative et des droits humains au travers d\u2019actions locales (coordination d\u2019un mensuel de quartier) politiques et de solidarit\u00e9 internationale (d\u00e9veloppement de r\u00e9seaux de formateurs \u00e0 la non-violence). Par ailleurs en tant que professionnelle de la mode, elle milite pour la mise en place solutions alternatives respectueuses des hommes et femmes et de l\u2019environnement.","url":"https:\/\/www.pressenza.com\/fr\/author\/marie-laurence-chanut\/"}]}},"place":"","original_article_url":"","_links":{"self":[{"href":"https:\/\/www.pressenza.com\/fr\/wp-json\/wp\/v2\/posts\/231661","targetHints":{"allow":["GET"]}}],"collection":[{"href":"https:\/\/www.pressenza.com\/fr\/wp-json\/wp\/v2\/posts"}],"about":[{"href":"https:\/\/www.pressenza.com\/fr\/wp-json\/wp\/v2\/types\/post"}],"author":[{"embeddable":true,"href":"https:\/\/www.pressenza.com\/fr\/wp-json\/wp\/v2\/users\/1058"}],"replies":[{"embeddable":true,"href":"https:\/\/www.pressenza.com\/fr\/wp-json\/wp\/v2\/comments?post=231661"}],"version-history":[{"count":0,"href":"https:\/\/www.pressenza.com\/fr\/wp-json\/wp\/v2\/posts\/231661\/revisions"}],"wp:featuredmedia":[{"embeddable":true,"href":"https:\/\/www.pressenza.com\/fr\/wp-json\/wp\/v2\/media\/231774"}],"wp:attachment":[{"href":"https:\/\/www.pressenza.com\/fr\/wp-json\/wp\/v2\/media?parent=231661"}],"wp:term":[{"taxonomy":"category","embeddable":true,"href":"https:\/\/www.pressenza.com\/fr\/wp-json\/wp\/v2\/categories?post=231661"},{"taxonomy":"post_tag","embeddable":true,"href":"https:\/\/www.pressenza.com\/fr\/wp-json\/wp\/v2\/tags?post=231661"}],"curies":[{"name":"wp","href":"https:\/\/api.w.org\/{rel}","templated":true}]}}