{"id":230867,"date":"2015-10-06T15:06:19","date_gmt":"2015-10-06T14:06:19","guid":{"rendered":"http:\/\/www.pressenza.com\/fr\/?p=230867"},"modified":"2015-11-15T10:35:12","modified_gmt":"2015-11-15T10:35:12","slug":"contruir-la-non-violence","status":"publish","type":"post","link":"https:\/\/www.pressenza.com\/fr\/2015\/10\/contruir-la-non-violence\/","title":{"rendered":"Construire la NonViolence"},"content":{"rendered":"<p id=\"yiv6863336896yui_3_16_0_1_1443797315698_2307\" class=\"yiv6863336896\">Ceux qui travaillent pour la paix et la non-violence, ceux qui croient que changer notre fa\u00e7on de cohabiter est possible, ceux qui depuis diff\u00e9rents points de l&rsquo;Equateur agissent pour le\u00a0respect, la justice, l\u2019\u00e9galit\u00e9 et la solidarit\u00e9 en Equateur, ceux qui luttent pour l\u2019\u00e9galit\u00e9, pour une vie pleine et digne, apportent leur soutien aux activit\u00e9s d&rsquo;<em>Octubre por la Paz\u00a0y la No Violencia Activa.<\/em> (Octobre pour la paix et la non-violence active \u00bb).<\/p>\n<p class=\"yiv6863336896\">A partir du 2 octobre, journ\u00e9e internationale de la non-violence, et pendant tout le mois, nous\u00a0proposons un calendrier d&rsquo;activit\u00e9s diverses, r\u00e9sultat d\u2019un travail d\u2019\u00e9quipe solidaire pour approfondir la notion de non violence.<\/p>\n<p class=\"yiv6863336896\">Cet \u00e9v\u00e9nement inclut une nuit blanche pour la non violence, une journ\u00e9e ludique pour les jeunes, mais aussi atelier de yoga, d\u00e9dicace d&rsquo;\u00e9crivains internationaux, th\u00e9\u00e2tre, m\u00e9ditation, s\u00e9ance de\u00a0cin\u00e9ma sur la non violence et beaucoup plus encore dans la ville de Quito et d\u2019autres villes d\u2019Equateur.<\/p>\n<p class=\"yiv6863336896\">\u00a0Nous cl\u00f4turerons ce mois d\u2019octobre avec le 4\u00e8me festival des initiatives non violentes, <strong>les 30 et 31 octobre au Parc Urbain Cumand\u00e0<\/strong>. Pendant deux jours, les habitants de Quito pourront participer aux activit\u00e9s propos\u00e9es pour la non violence, l&rsquo;acc\u00e8s y sera gratuit.<\/p>\n<p class=\"yiv6863336896\">\u00a0Cette convocation est ouverte aux collectifs, aux m\u00e9dias et aux citoyens. Agir et\u00a0r\u00e9fl\u00e9chir pour la non-violence, c\u2019est un moyen de partager nos exp\u00e9riences et nos points de vue sur la non violence.<\/p>\n<p class=\"yiv6863336896\">\u00a0Nous invitons tous les m\u00e9dias \u00e0 soutenir cette initiative et \u00e0 participer \u00e0 la conf\u00e9rence de\u00a0presse qui aura lieu le 1er octobre \u00e0 10h \u00e0 l\u2019Universit\u00e9 Andina \u00a0Sim\u00f3n Bol\u00edvar, salle Manuela Saenz, B\u00e2timent Manuela Sanz.<\/p>\n<p class=\"yiv6863336896\">\u00a0Pour tout renseignement ou demande d\u2019informations, vous pouvez nous contacter \u00e0 :<\/p>\n<div id=\"yiv6863336896yui_3_16_0_1_1443797315698_2307\" class=\"yiv6863336896\" dir=\"ltr\"><strong>octubrenoviolento@gmail.com<\/strong><\/div>\n<div class=\"yiv6863336896\" dir=\"ltr\"><\/div>\n<div class=\"yiv6863336896\" dir=\"ltr\"><\/div>\n<div class=\"yiv6863336896\" dir=\"ltr\">Suivez-nous avec le hashtag #OctubreNoViolento en Facebook, twitter, instagram et notre blog: http:\/\/noviolento.wordpress.com\/<\/div>\n<div class=\"yiv6863336896\" dir=\"ltr\"><\/div>\n<div class=\"yiv6863336896\" dir=\"ltr\"><strong>Ont sign\u00e9 pour l&rsquo;Octobre pour la Paix et la non violence:<\/strong><\/div>\n<div id=\"yiv6863336896yqtfd71552\" class=\"yiv6863336896yqt4954119267\">\n<div id=\"yiv6863336896yui_3_16_0_1_1443797315698_2307\" class=\"yiv6863336896\" dir=\"ltr\">\n<p>Pressenza-Agencia Internacional de Noticias de Paz y No-violencia \/ PADH -Universidad Andina Sim\u00f3n Bol\u00edvar, Area de Educaci\u00f3n \u2013 Universidad Andina Sim\u00f3n Bol\u00edvar \/ La Comunidad para el Desarrollo Humano \/ Centro de Estudios Humanistas Quitu Quinde \/ \/ Centro Zen Karuna \/ Ruedas para la Paz\/ Judith Salgado \/ Corriente Pedag\u00f3gica Humanista-COPEHU\/ PAV\/ Fundaci\u00f3n Esquel\/ Foro de Quito\/ FLACSO-Cine\/ Lib\u00e9lula\/ Red por la Justicia de G\u00e9nero\/ Taller Teatro del Oprimido\/ Aldeas SOS \/ Colectivo Tejido Diverso\/ Victoria Gait\u00e1n Pinilla\/ OPEcuador\/ Mares Sandoval\/Proyecto No m\u00e1s en Ecuador\/Red Ambiental\/Grupo Gestante\/ Grupo de Meditaci\u00f3n ZEN Quito\/ Grupo de Formadoras en TCI Ecuador.<\/p>\n<\/div>\n<p>&nbsp;<\/p>\n<\/div>\n","protected":false},"excerpt":{"rendered":"<p>Ceux qui travaillent pour la paix et la non-violence, ceux qui croient que changer notre fa\u00e7on de cohabiter est possible, ceux qui depuis diff\u00e9rents points de l&rsquo;Equateur agissent pour le\u00a0respect, la justice, l\u2019\u00e9galit\u00e9 et la solidarit\u00e9 en Equateur, ceux qui&hellip;<\/p>\n","protected":false},"author":454,"featured_media":227887,"comment_status":"closed","ping_status":"open","sticky":false,"template":"","format":"standard","meta":{"footnotes":""},"categories":[86,151,11386,1248],"tags":[1637,20603],"class_list":["post-230867","post","type-post","status-publish","format-standard","has-post-thumbnail","hentry","category-amerique-du-sud","category-communique-de-presse","category-contenu-original","category-nonviolence-sujet","tag-equateur","tag-festival-des-initiatives-nonviolentes"],"yoast_head":"<!-- This site is optimized with the Yoast SEO plugin v27.1.1 - https:\/\/yoast.com\/product\/yoast-seo-wordpress\/ -->\n<title>Construire la NonViolence<\/title>\n<meta name=\"description\" content=\"Ceux qui travaillent pour la paix et la non-violence, ceux qui croient que changer notre fa\u00e7on de cohabiter est possible, ceux qui depuis diff\u00e9rents\" \/>\n<meta name=\"robots\" content=\"index, follow, max-snippet:-1, max-image-preview:large, max-video-preview:-1\" \/>\n<link rel=\"canonical\" href=\"https:\/\/www.pressenza.com\/fr\/2015\/10\/contruir-la-non-violence\/\" \/>\n<meta property=\"og:locale\" content=\"fr_FR\" \/>\n<meta property=\"og:type\" content=\"article\" \/>\n<meta property=\"og:title\" content=\"Construire la NonViolence\" \/>\n<meta property=\"og:description\" content=\"Ceux qui travaillent pour la paix et la non-violence, ceux qui croient que changer notre fa\u00e7on de cohabiter est possible, ceux qui depuis diff\u00e9rents\" \/>\n<meta property=\"og:url\" content=\"https:\/\/www.pressenza.com\/fr\/2015\/10\/contruir-la-non-violence\/\" \/>\n<meta property=\"og:site_name\" content=\"Pressenza\" \/>\n<meta property=\"article:publisher\" content=\"https:\/\/www.facebook.com\/PressenzaItalia\" \/>\n<meta property=\"article:published_time\" content=\"2015-10-06T14:06:19+00:00\" \/>\n<meta property=\"article:modified_time\" content=\"2015-11-15T10:35:12+00:00\" \/>\n<meta property=\"og:image\" content=\"https:\/\/www.pressenza.com\/wp-content\/uploads\/2015\/10\/LOGOOCTUBRE2015.png\" \/>\n\t<meta property=\"og:image:width\" content=\"647\" \/>\n\t<meta property=\"og:image:height\" content=\"681\" \/>\n\t<meta property=\"og:image:type\" content=\"image\/png\" \/>\n<meta name=\"author\" content=\"Nelsy Lizarazo\" \/>\n<meta name=\"twitter:card\" content=\"summary_large_image\" \/>\n<meta name=\"twitter:creator\" content=\"@PressenzaIPA\" \/>\n<meta name=\"twitter:site\" content=\"@PressenzaIPA\" \/>\n<meta name=\"twitter:label1\" content=\"\u00c9crit par\" \/>\n\t<meta name=\"twitter:data1\" content=\"Nelsy Lizarazo\" \/>\n\t<meta name=\"twitter:label2\" content=\"Dur\u00e9e de lecture estim\u00e9e\" \/>\n\t<meta name=\"twitter:data2\" content=\"2 minutes\" \/>\n<script type=\"application\/ld+json\" class=\"yoast-schema-graph\">{\"@context\":\"https:\/\/schema.org\",\"@graph\":[{\"@type\":\"Article\",\"@id\":\"https:\/\/www.pressenza.com\/fr\/2015\/10\/contruir-la-non-violence\/#article\",\"isPartOf\":{\"@id\":\"https:\/\/www.pressenza.com\/fr\/2015\/10\/contruir-la-non-violence\/\"},\"author\":{\"name\":\"Nelsy Lizarazo\",\"@id\":\"https:\/\/www.pressenza.com\/fr\/#\/schema\/person\/25aa5b5c387ba3badce63b165da09f9c\"},\"headline\":\"Construire la NonViolence\",\"datePublished\":\"2015-10-06T14:06:19+00:00\",\"dateModified\":\"2015-11-15T10:35:12+00:00\",\"mainEntityOfPage\":{\"@id\":\"https:\/\/www.pressenza.com\/fr\/2015\/10\/contruir-la-non-violence\/\"},\"wordCount\":445,\"publisher\":{\"@id\":\"https:\/\/www.pressenza.com\/fr\/#organization\"},\"image\":{\"@id\":\"https:\/\/www.pressenza.com\/fr\/2015\/10\/contruir-la-non-violence\/#primaryimage\"},\"thumbnailUrl\":\"https:\/\/www.pressenza.com\/wp-content\/uploads\/2015\/10\/LOGOOCTUBRE2015.png\",\"keywords\":[\"Equateur\",\"festival des initiatives nonviolentes\"],\"articleSection\":[\"Am\u00e9rique du Sud\",\"Communiqu\u00e9s de Presse\",\"Contenu Original\",\"Non-violence\"],\"inLanguage\":\"fr-FR\"},{\"@type\":\"WebPage\",\"@id\":\"https:\/\/www.pressenza.com\/fr\/2015\/10\/contruir-la-non-violence\/\",\"url\":\"https:\/\/www.pressenza.com\/fr\/2015\/10\/contruir-la-non-violence\/\",\"name\":\"Construire la NonViolence\",\"isPartOf\":{\"@id\":\"https:\/\/www.pressenza.com\/fr\/#website\"},\"primaryImageOfPage\":{\"@id\":\"https:\/\/www.pressenza.com\/fr\/2015\/10\/contruir-la-non-violence\/#primaryimage\"},\"image\":{\"@id\":\"https:\/\/www.pressenza.com\/fr\/2015\/10\/contruir-la-non-violence\/#primaryimage\"},\"thumbnailUrl\":\"https:\/\/www.pressenza.com\/wp-content\/uploads\/2015\/10\/LOGOOCTUBRE2015.png\",\"datePublished\":\"2015-10-06T14:06:19+00:00\",\"dateModified\":\"2015-11-15T10:35:12+00:00\",\"description\":\"Ceux qui travaillent pour la paix et la non-violence, ceux qui croient que changer notre fa\u00e7on de cohabiter est possible, ceux qui depuis diff\u00e9rents\",\"breadcrumb\":{\"@id\":\"https:\/\/www.pressenza.com\/fr\/2015\/10\/contruir-la-non-violence\/#breadcrumb\"},\"inLanguage\":\"fr-FR\",\"potentialAction\":[{\"@type\":\"ReadAction\",\"target\":[\"https:\/\/www.pressenza.com\/fr\/2015\/10\/contruir-la-non-violence\/\"]}]},{\"@type\":\"ImageObject\",\"inLanguage\":\"fr-FR\",\"@id\":\"https:\/\/www.pressenza.com\/fr\/2015\/10\/contruir-la-non-violence\/#primaryimage\",\"url\":\"https:\/\/www.pressenza.com\/wp-content\/uploads\/2015\/10\/LOGOOCTUBRE2015.png\",\"contentUrl\":\"https:\/\/www.pressenza.com\/wp-content\/uploads\/2015\/10\/LOGOOCTUBRE2015.png\",\"width\":647,\"height\":681},{\"@type\":\"BreadcrumbList\",\"@id\":\"https:\/\/www.pressenza.com\/fr\/2015\/10\/contruir-la-non-violence\/#breadcrumb\",\"itemListElement\":[{\"@type\":\"ListItem\",\"position\":1,\"name\":\"Accueil\",\"item\":\"https:\/\/www.pressenza.com\/fr\/\"},{\"@type\":\"ListItem\",\"position\":2,\"name\":\"Construire la NonViolence\"}]},{\"@type\":\"WebSite\",\"@id\":\"https:\/\/www.pressenza.com\/fr\/#website\",\"url\":\"https:\/\/www.pressenza.com\/fr\/\",\"name\":\"Pressenza\",\"description\":\"International Press Agency\",\"publisher\":{\"@id\":\"https:\/\/www.pressenza.com\/fr\/#organization\"},\"potentialAction\":[{\"@type\":\"SearchAction\",\"target\":{\"@type\":\"EntryPoint\",\"urlTemplate\":\"https:\/\/www.pressenza.com\/fr\/?s={search_term_string}\"},\"query-input\":{\"@type\":\"PropertyValueSpecification\",\"valueRequired\":true,\"valueName\":\"search_term_string\"}}],\"inLanguage\":\"fr-FR\"},{\"@type\":\"Organization\",\"@id\":\"https:\/\/www.pressenza.com\/fr\/#organization\",\"name\":\"Pressenza\",\"url\":\"https:\/\/www.pressenza.com\/fr\/\",\"logo\":{\"@type\":\"ImageObject\",\"inLanguage\":\"fr-FR\",\"@id\":\"https:\/\/www.pressenza.com\/fr\/#\/schema\/logo\/image\/\",\"url\":\"https:\/\/www.pressenza.com\/wp-content\/uploads\/2022\/10\/pressenza_logo_200x200.jpg\",\"contentUrl\":\"https:\/\/www.pressenza.com\/wp-content\/uploads\/2022\/10\/pressenza_logo_200x200.jpg\",\"width\":200,\"height\":200,\"caption\":\"Pressenza\"},\"image\":{\"@id\":\"https:\/\/www.pressenza.com\/fr\/#\/schema\/logo\/image\/\"},\"sameAs\":[\"https:\/\/www.facebook.com\/PressenzaItalia\",\"https:\/\/x.com\/PressenzaIPA\"]},{\"@type\":\"Person\",\"@id\":\"https:\/\/www.pressenza.com\/fr\/#\/schema\/person\/25aa5b5c387ba3badce63b165da09f9c\",\"name\":\"Nelsy Lizarazo\",\"description\":\"Nelsy Lizarazo, Colombian, living in Quito, Ecuador. Professional background in philosophy, literature, political sciences and international relations.\",\"url\":\"https:\/\/www.pressenza.com\/fr\/author\/nelsy-lizarazo\/\"}]}<\/script>\n<!-- \/ Yoast SEO plugin. -->","yoast_head_json":{"title":"Construire la NonViolence","description":"Ceux qui travaillent pour la paix et la non-violence, ceux qui croient que changer notre fa\u00e7on de cohabiter est possible, ceux qui depuis diff\u00e9rents","robots":{"index":"index","follow":"follow","max-snippet":"max-snippet:-1","max-image-preview":"max-image-preview:large","max-video-preview":"max-video-preview:-1"},"canonical":"https:\/\/www.pressenza.com\/fr\/2015\/10\/contruir-la-non-violence\/","og_locale":"fr_FR","og_type":"article","og_title":"Construire la NonViolence","og_description":"Ceux qui travaillent pour la paix et la non-violence, ceux qui croient que changer notre fa\u00e7on de cohabiter est possible, ceux qui depuis diff\u00e9rents","og_url":"https:\/\/www.pressenza.com\/fr\/2015\/10\/contruir-la-non-violence\/","og_site_name":"Pressenza","article_publisher":"https:\/\/www.facebook.com\/PressenzaItalia","article_published_time":"2015-10-06T14:06:19+00:00","article_modified_time":"2015-11-15T10:35:12+00:00","og_image":[{"width":647,"height":681,"url":"https:\/\/www.pressenza.com\/wp-content\/uploads\/2015\/10\/LOGOOCTUBRE2015.png","type":"image\/png"}],"author":"Nelsy Lizarazo","twitter_card":"summary_large_image","twitter_creator":"@PressenzaIPA","twitter_site":"@PressenzaIPA","twitter_misc":{"\u00c9crit par":"Nelsy Lizarazo","Dur\u00e9e de lecture estim\u00e9e":"2 minutes"},"schema":{"@context":"https:\/\/schema.org","@graph":[{"@type":"Article","@id":"https:\/\/www.pressenza.com\/fr\/2015\/10\/contruir-la-non-violence\/#article","isPartOf":{"@id":"https:\/\/www.pressenza.com\/fr\/2015\/10\/contruir-la-non-violence\/"},"author":{"name":"Nelsy Lizarazo","@id":"https:\/\/www.pressenza.com\/fr\/#\/schema\/person\/25aa5b5c387ba3badce63b165da09f9c"},"headline":"Construire la NonViolence","datePublished":"2015-10-06T14:06:19+00:00","dateModified":"2015-11-15T10:35:12+00:00","mainEntityOfPage":{"@id":"https:\/\/www.pressenza.com\/fr\/2015\/10\/contruir-la-non-violence\/"},"wordCount":445,"publisher":{"@id":"https:\/\/www.pressenza.com\/fr\/#organization"},"image":{"@id":"https:\/\/www.pressenza.com\/fr\/2015\/10\/contruir-la-non-violence\/#primaryimage"},"thumbnailUrl":"https:\/\/www.pressenza.com\/wp-content\/uploads\/2015\/10\/LOGOOCTUBRE2015.png","keywords":["Equateur","festival des initiatives nonviolentes"],"articleSection":["Am\u00e9rique du Sud","Communiqu\u00e9s de Presse","Contenu Original","Non-violence"],"inLanguage":"fr-FR"},{"@type":"WebPage","@id":"https:\/\/www.pressenza.com\/fr\/2015\/10\/contruir-la-non-violence\/","url":"https:\/\/www.pressenza.com\/fr\/2015\/10\/contruir-la-non-violence\/","name":"Construire la NonViolence","isPartOf":{"@id":"https:\/\/www.pressenza.com\/fr\/#website"},"primaryImageOfPage":{"@id":"https:\/\/www.pressenza.com\/fr\/2015\/10\/contruir-la-non-violence\/#primaryimage"},"image":{"@id":"https:\/\/www.pressenza.com\/fr\/2015\/10\/contruir-la-non-violence\/#primaryimage"},"thumbnailUrl":"https:\/\/www.pressenza.com\/wp-content\/uploads\/2015\/10\/LOGOOCTUBRE2015.png","datePublished":"2015-10-06T14:06:19+00:00","dateModified":"2015-11-15T10:35:12+00:00","description":"Ceux qui travaillent pour la paix et la non-violence, ceux qui croient que changer notre fa\u00e7on de cohabiter est possible, ceux qui depuis diff\u00e9rents","breadcrumb":{"@id":"https:\/\/www.pressenza.com\/fr\/2015\/10\/contruir-la-non-violence\/#breadcrumb"},"inLanguage":"fr-FR","potentialAction":[{"@type":"ReadAction","target":["https:\/\/www.pressenza.com\/fr\/2015\/10\/contruir-la-non-violence\/"]}]},{"@type":"ImageObject","inLanguage":"fr-FR","@id":"https:\/\/www.pressenza.com\/fr\/2015\/10\/contruir-la-non-violence\/#primaryimage","url":"https:\/\/www.pressenza.com\/wp-content\/uploads\/2015\/10\/LOGOOCTUBRE2015.png","contentUrl":"https:\/\/www.pressenza.com\/wp-content\/uploads\/2015\/10\/LOGOOCTUBRE2015.png","width":647,"height":681},{"@type":"BreadcrumbList","@id":"https:\/\/www.pressenza.com\/fr\/2015\/10\/contruir-la-non-violence\/#breadcrumb","itemListElement":[{"@type":"ListItem","position":1,"name":"Accueil","item":"https:\/\/www.pressenza.com\/fr\/"},{"@type":"ListItem","position":2,"name":"Construire la NonViolence"}]},{"@type":"WebSite","@id":"https:\/\/www.pressenza.com\/fr\/#website","url":"https:\/\/www.pressenza.com\/fr\/","name":"Pressenza","description":"International Press Agency","publisher":{"@id":"https:\/\/www.pressenza.com\/fr\/#organization"},"potentialAction":[{"@type":"SearchAction","target":{"@type":"EntryPoint","urlTemplate":"https:\/\/www.pressenza.com\/fr\/?s={search_term_string}"},"query-input":{"@type":"PropertyValueSpecification","valueRequired":true,"valueName":"search_term_string"}}],"inLanguage":"fr-FR"},{"@type":"Organization","@id":"https:\/\/www.pressenza.com\/fr\/#organization","name":"Pressenza","url":"https:\/\/www.pressenza.com\/fr\/","logo":{"@type":"ImageObject","inLanguage":"fr-FR","@id":"https:\/\/www.pressenza.com\/fr\/#\/schema\/logo\/image\/","url":"https:\/\/www.pressenza.com\/wp-content\/uploads\/2022\/10\/pressenza_logo_200x200.jpg","contentUrl":"https:\/\/www.pressenza.com\/wp-content\/uploads\/2022\/10\/pressenza_logo_200x200.jpg","width":200,"height":200,"caption":"Pressenza"},"image":{"@id":"https:\/\/www.pressenza.com\/fr\/#\/schema\/logo\/image\/"},"sameAs":["https:\/\/www.facebook.com\/PressenzaItalia","https:\/\/x.com\/PressenzaIPA"]},{"@type":"Person","@id":"https:\/\/www.pressenza.com\/fr\/#\/schema\/person\/25aa5b5c387ba3badce63b165da09f9c","name":"Nelsy Lizarazo","description":"Nelsy Lizarazo, Colombian, living in Quito, Ecuador. Professional background in philosophy, literature, political sciences and international relations.","url":"https:\/\/www.pressenza.com\/fr\/author\/nelsy-lizarazo\/"}]}},"place":"Equateur","original_article_url":"","_links":{"self":[{"href":"https:\/\/www.pressenza.com\/fr\/wp-json\/wp\/v2\/posts\/230867","targetHints":{"allow":["GET"]}}],"collection":[{"href":"https:\/\/www.pressenza.com\/fr\/wp-json\/wp\/v2\/posts"}],"about":[{"href":"https:\/\/www.pressenza.com\/fr\/wp-json\/wp\/v2\/types\/post"}],"author":[{"embeddable":true,"href":"https:\/\/www.pressenza.com\/fr\/wp-json\/wp\/v2\/users\/454"}],"replies":[{"embeddable":true,"href":"https:\/\/www.pressenza.com\/fr\/wp-json\/wp\/v2\/comments?post=230867"}],"version-history":[{"count":0,"href":"https:\/\/www.pressenza.com\/fr\/wp-json\/wp\/v2\/posts\/230867\/revisions"}],"wp:featuredmedia":[{"embeddable":true,"href":"https:\/\/www.pressenza.com\/fr\/wp-json\/wp\/v2\/media\/227887"}],"wp:attachment":[{"href":"https:\/\/www.pressenza.com\/fr\/wp-json\/wp\/v2\/media?parent=230867"}],"wp:term":[{"taxonomy":"category","embeddable":true,"href":"https:\/\/www.pressenza.com\/fr\/wp-json\/wp\/v2\/categories?post=230867"},{"taxonomy":"post_tag","embeddable":true,"href":"https:\/\/www.pressenza.com\/fr\/wp-json\/wp\/v2\/tags?post=230867"}],"curies":[{"name":"wp","href":"https:\/\/api.w.org\/{rel}","templated":true}]}}