{"id":230325,"date":"2015-10-05T13:24:17","date_gmt":"2015-10-05T12:24:17","guid":{"rendered":"http:\/\/www.pressenza.com\/fr\/?p=230325"},"modified":"2015-10-07T05:02:11","modified_gmt":"2015-10-07T04:02:11","slug":"les-euromarches-rejettent-les-manoeuvres-de-lotan","status":"publish","type":"post","link":"https:\/\/www.pressenza.com\/fr\/2015\/10\/les-euromarches-rejettent-les-manoeuvres-de-lotan\/","title":{"rendered":"Les EuroMarches rejettent les man\u0153uvres de l&rsquo;OTAN"},"content":{"rendered":"<p>L\u2019accueil des EuroMarches place de Cibeles et la performance spectaculaire de Solf\u00f3nica (avec un orchestre de 50 jeunes musiciens et 130 acteurs populaires) ont \u00e9t\u00e9 accompagn\u00e9s\u00a0du cri: \u00ab\u00a0une autre Europe est possible\u00a0\u00bb et d\u2019une banni\u00e8re embl\u00e9matique sur la fa\u00e7ade de l\u2019h\u00f4tel de ville avec le slogan \u00ab\u00a0Welcome Refugees\u00a0\u00bb.<\/p>\n<p>Le quatri\u00e8me jour a commenc\u00e9 par une assembl\u00e9e citoyenne sur la place du Mus\u00e9e Reina Sofia. Il y a eu 6 pr\u00e9sentations sur les 6 points revendiqu\u00e9s par les EuroMarches. Lors des discussions, le rejet des man\u0153uvres en cours de l\u2019Otan a \u00e9t\u00e9 soulev\u00e9.<\/p>\n<p>Du centre de Madrid, les EuroMarches sont parties pour Saragosse. A la gare de cette ville, les marcheurs seront rejoints par des militants des mouvements sociaux et ensemble ils marcheront jusqu\u2019au centre de la ville, place du Pilar. Le maire, Pedro Santisteve les accueillera avant la tenue d\u2019une assembl\u00e9e citoyenne.<\/p>\n<p><a href=\"http:\/\/www.pressenza.com\/wp-content\/uploads\/2015\/10\/IMG_31841.jpg\"><img loading=\"lazy\" decoding=\"async\" class=\"alignleft size-large wp-image-230207\" src=\"http:\/\/www.pressenza.com\/wp-content\/uploads\/2015\/10\/IMG_31841-720x480.jpg\" alt=\"IMG_3184\" width=\"720\" height=\"480\" srcset=\"https:\/\/www.pressenza.com\/wp-content\/uploads\/2015\/10\/IMG_31841-720x480.jpg 720w, https:\/\/www.pressenza.com\/wp-content\/uploads\/2015\/10\/IMG_31841-300x200.jpg 300w\" sizes=\"auto, (max-width: 720px) 100vw, 720px\" \/><\/a><br \/>\n<a href=\"http:\/\/www.pressenza.com\/wp-content\/uploads\/2015\/10\/IMG_3196.jpg\"><img loading=\"lazy\" decoding=\"async\" class=\"alignleft size-large wp-image-230215\" src=\"http:\/\/www.pressenza.com\/wp-content\/uploads\/2015\/10\/IMG_3196-720x480.jpg\" alt=\"IMG_3196\" width=\"720\" height=\"480\" srcset=\"https:\/\/www.pressenza.com\/wp-content\/uploads\/2015\/10\/IMG_3196-720x480.jpg 720w, https:\/\/www.pressenza.com\/wp-content\/uploads\/2015\/10\/IMG_3196-300x200.jpg 300w\" sizes=\"auto, (max-width: 720px) 100vw, 720px\" \/><\/a><br \/>\n<a href=\"http:\/\/www.pressenza.com\/wp-content\/uploads\/2015\/10\/IMG_3197.jpg\"><img loading=\"lazy\" decoding=\"async\" class=\"alignleft size-large wp-image-230222\" src=\"http:\/\/www.pressenza.com\/wp-content\/uploads\/2015\/10\/IMG_3197-683x1024.jpg\" alt=\"IMG_3197\" width=\"683\" height=\"1024\" srcset=\"https:\/\/www.pressenza.com\/wp-content\/uploads\/2015\/10\/IMG_3197-683x1024.jpg 683w, https:\/\/www.pressenza.com\/wp-content\/uploads\/2015\/10\/IMG_3197-200x300.jpg 200w\" sizes=\"auto, (max-width: 683px) 100vw, 683px\" \/><\/a><br \/>\n<a href=\"http:\/\/www.pressenza.com\/wp-content\/uploads\/2015\/10\/IMG_3201.jpg\"><img loading=\"lazy\" decoding=\"async\" class=\"alignleft size-large wp-image-230229\" src=\"http:\/\/www.pressenza.com\/wp-content\/uploads\/2015\/10\/IMG_3201-683x1024.jpg\" alt=\"IMG_3201\" width=\"683\" height=\"1024\" srcset=\"https:\/\/www.pressenza.com\/wp-content\/uploads\/2015\/10\/IMG_3201-683x1024.jpg 683w, https:\/\/www.pressenza.com\/wp-content\/uploads\/2015\/10\/IMG_3201-200x300.jpg 200w\" sizes=\"auto, (max-width: 683px) 100vw, 683px\" \/><\/a><\/p>\n<p>&nbsp;<\/p>\n","protected":false},"excerpt":{"rendered":"<p>L\u2019accueil des EuroMarches place de Cibeles et la performance spectaculaire de Solf\u00f3nica (avec un orchestre de 50 jeunes musiciens et 130 acteurs populaires) ont \u00e9t\u00e9 accompagn\u00e9s\u00a0du cri: \u00ab\u00a0une autre Europe est possible\u00a0\u00bb et d\u2019une banni\u00e8re embl\u00e9matique sur la fa\u00e7ade de&hellip;<\/p>\n","protected":false},"author":94,"featured_media":230150,"comment_status":"closed","ping_status":"open","sticky":false,"template":"","format":"standard","meta":{"footnotes":""},"categories":[151,11386,85,40,1250],"tags":[20423,20409,995],"class_list":["post-230325","post","type-post","status-publish","format-standard","has-post-thumbnail","hentry","category-communique-de-presse","category-contenu-original","category-europe-fr","category-international-fr","category-paix-desarmement","tag-euromarchas2015-fr","tag-euromarches2015","tag-otan-fr"],"yoast_head":"<!-- This site is optimized with the Yoast SEO plugin v27.1.1 - https:\/\/yoast.com\/product\/yoast-seo-wordpress\/ -->\n<title>Les EuroMarches rejettent les man\u0153uvres de l&#039;OTAN<\/title>\n<meta name=\"description\" content=\"L\u2019accueil des EuroMarches place de Cibeles et la performance spectaculaire de Solf\u00f3nica (avec un orchestre de 50 jeunes musiciens et 130 acteurs\" \/>\n<meta name=\"robots\" content=\"index, follow, max-snippet:-1, max-image-preview:large, max-video-preview:-1\" \/>\n<link rel=\"canonical\" href=\"https:\/\/www.pressenza.com\/fr\/2015\/10\/les-euromarches-rejettent-les-manoeuvres-de-lotan\/\" \/>\n<meta property=\"og:locale\" content=\"fr_FR\" \/>\n<meta property=\"og:type\" content=\"article\" \/>\n<meta property=\"og:title\" content=\"Les EuroMarches rejettent les man\u0153uvres de l&#039;OTAN\" \/>\n<meta property=\"og:description\" content=\"L\u2019accueil des EuroMarches place de Cibeles et la performance spectaculaire de Solf\u00f3nica (avec un orchestre de 50 jeunes musiciens et 130 acteurs\" \/>\n<meta property=\"og:url\" content=\"https:\/\/www.pressenza.com\/fr\/2015\/10\/les-euromarches-rejettent-les-manoeuvres-de-lotan\/\" \/>\n<meta property=\"og:site_name\" content=\"Pressenza\" \/>\n<meta property=\"article:publisher\" content=\"https:\/\/www.facebook.com\/PressenzaItalia\" \/>\n<meta property=\"article:author\" content=\"https:\/\/www.facebook.com\/pressenza\" \/>\n<meta property=\"article:published_time\" content=\"2015-10-05T12:24:17+00:00\" \/>\n<meta property=\"article:modified_time\" content=\"2015-10-07T04:02:11+00:00\" \/>\n<meta property=\"og:image\" content=\"https:\/\/www.pressenza.com\/wp-content\/uploads\/2015\/10\/IMG_3185.jpg\" \/>\n\t<meta property=\"og:image:width\" content=\"5184\" \/>\n\t<meta property=\"og:image:height\" content=\"3456\" \/>\n\t<meta property=\"og:image:type\" content=\"image\/jpeg\" \/>\n<meta name=\"author\" content=\"Redacci\u00f3n Madrid\" \/>\n<meta name=\"twitter:card\" content=\"summary_large_image\" \/>\n<meta name=\"twitter:creator\" content=\"@pressenza\" \/>\n<meta name=\"twitter:site\" content=\"@PressenzaIPA\" \/>\n<meta name=\"twitter:label1\" content=\"\u00c9crit par\" \/>\n\t<meta name=\"twitter:data1\" content=\"Redacci\u00f3n Madrid\" \/>\n\t<meta name=\"twitter:label2\" content=\"Dur\u00e9e de lecture estim\u00e9e\" \/>\n\t<meta name=\"twitter:data2\" content=\"1 minute\" \/>\n<script type=\"application\/ld+json\" class=\"yoast-schema-graph\">{\"@context\":\"https:\/\/schema.org\",\"@graph\":[{\"@type\":\"Article\",\"@id\":\"https:\/\/www.pressenza.com\/fr\/2015\/10\/les-euromarches-rejettent-les-manoeuvres-de-lotan\/#article\",\"isPartOf\":{\"@id\":\"https:\/\/www.pressenza.com\/fr\/2015\/10\/les-euromarches-rejettent-les-manoeuvres-de-lotan\/\"},\"author\":{\"name\":\"Redacci\u00f3n Madrid\",\"@id\":\"https:\/\/www.pressenza.com\/fr\/#\/schema\/person\/828fc40eeca2ad7be3630e5a46adba94\"},\"headline\":\"Les EuroMarches rejettent les man\u0153uvres de l&rsquo;OTAN\",\"datePublished\":\"2015-10-05T12:24:17+00:00\",\"dateModified\":\"2015-10-07T04:02:11+00:00\",\"mainEntityOfPage\":{\"@id\":\"https:\/\/www.pressenza.com\/fr\/2015\/10\/les-euromarches-rejettent-les-manoeuvres-de-lotan\/\"},\"wordCount\":168,\"publisher\":{\"@id\":\"https:\/\/www.pressenza.com\/fr\/#organization\"},\"image\":{\"@id\":\"https:\/\/www.pressenza.com\/fr\/2015\/10\/les-euromarches-rejettent-les-manoeuvres-de-lotan\/#primaryimage\"},\"thumbnailUrl\":\"https:\/\/www.pressenza.com\/wp-content\/uploads\/2015\/10\/IMG_3185.jpg\",\"keywords\":[\"EuroMarchas2015\",\"EuroMarches2015\",\"OTAN\"],\"articleSection\":[\"Communiqu\u00e9s de Presse\",\"Contenu Original\",\"Europe\",\"International\",\"Paix et D\u00e9sarmement\"],\"inLanguage\":\"fr-FR\"},{\"@type\":\"WebPage\",\"@id\":\"https:\/\/www.pressenza.com\/fr\/2015\/10\/les-euromarches-rejettent-les-manoeuvres-de-lotan\/\",\"url\":\"https:\/\/www.pressenza.com\/fr\/2015\/10\/les-euromarches-rejettent-les-manoeuvres-de-lotan\/\",\"name\":\"Les EuroMarches rejettent les man\u0153uvres de l'OTAN\",\"isPartOf\":{\"@id\":\"https:\/\/www.pressenza.com\/fr\/#website\"},\"primaryImageOfPage\":{\"@id\":\"https:\/\/www.pressenza.com\/fr\/2015\/10\/les-euromarches-rejettent-les-manoeuvres-de-lotan\/#primaryimage\"},\"image\":{\"@id\":\"https:\/\/www.pressenza.com\/fr\/2015\/10\/les-euromarches-rejettent-les-manoeuvres-de-lotan\/#primaryimage\"},\"thumbnailUrl\":\"https:\/\/www.pressenza.com\/wp-content\/uploads\/2015\/10\/IMG_3185.jpg\",\"datePublished\":\"2015-10-05T12:24:17+00:00\",\"dateModified\":\"2015-10-07T04:02:11+00:00\",\"description\":\"L\u2019accueil des EuroMarches place de Cibeles et la performance spectaculaire de Solf\u00f3nica (avec un orchestre de 50 jeunes musiciens et 130 acteurs\",\"breadcrumb\":{\"@id\":\"https:\/\/www.pressenza.com\/fr\/2015\/10\/les-euromarches-rejettent-les-manoeuvres-de-lotan\/#breadcrumb\"},\"inLanguage\":\"fr-FR\",\"potentialAction\":[{\"@type\":\"ReadAction\",\"target\":[\"https:\/\/www.pressenza.com\/fr\/2015\/10\/les-euromarches-rejettent-les-manoeuvres-de-lotan\/\"]}]},{\"@type\":\"ImageObject\",\"inLanguage\":\"fr-FR\",\"@id\":\"https:\/\/www.pressenza.com\/fr\/2015\/10\/les-euromarches-rejettent-les-manoeuvres-de-lotan\/#primaryimage\",\"url\":\"https:\/\/www.pressenza.com\/wp-content\/uploads\/2015\/10\/IMG_3185.jpg\",\"contentUrl\":\"https:\/\/www.pressenza.com\/wp-content\/uploads\/2015\/10\/IMG_3185.jpg\",\"width\":5184,\"height\":3456},{\"@type\":\"BreadcrumbList\",\"@id\":\"https:\/\/www.pressenza.com\/fr\/2015\/10\/les-euromarches-rejettent-les-manoeuvres-de-lotan\/#breadcrumb\",\"itemListElement\":[{\"@type\":\"ListItem\",\"position\":1,\"name\":\"Accueil\",\"item\":\"https:\/\/www.pressenza.com\/fr\/\"},{\"@type\":\"ListItem\",\"position\":2,\"name\":\"Les EuroMarches rejettent les man\u0153uvres de l&rsquo;OTAN\"}]},{\"@type\":\"WebSite\",\"@id\":\"https:\/\/www.pressenza.com\/fr\/#website\",\"url\":\"https:\/\/www.pressenza.com\/fr\/\",\"name\":\"Pressenza\",\"description\":\"International Press Agency\",\"publisher\":{\"@id\":\"https:\/\/www.pressenza.com\/fr\/#organization\"},\"potentialAction\":[{\"@type\":\"SearchAction\",\"target\":{\"@type\":\"EntryPoint\",\"urlTemplate\":\"https:\/\/www.pressenza.com\/fr\/?s={search_term_string}\"},\"query-input\":{\"@type\":\"PropertyValueSpecification\",\"valueRequired\":true,\"valueName\":\"search_term_string\"}}],\"inLanguage\":\"fr-FR\"},{\"@type\":\"Organization\",\"@id\":\"https:\/\/www.pressenza.com\/fr\/#organization\",\"name\":\"Pressenza\",\"url\":\"https:\/\/www.pressenza.com\/fr\/\",\"logo\":{\"@type\":\"ImageObject\",\"inLanguage\":\"fr-FR\",\"@id\":\"https:\/\/www.pressenza.com\/fr\/#\/schema\/logo\/image\/\",\"url\":\"https:\/\/www.pressenza.com\/wp-content\/uploads\/2022\/10\/pressenza_logo_200x200.jpg\",\"contentUrl\":\"https:\/\/www.pressenza.com\/wp-content\/uploads\/2022\/10\/pressenza_logo_200x200.jpg\",\"width\":200,\"height\":200,\"caption\":\"Pressenza\"},\"image\":{\"@id\":\"https:\/\/www.pressenza.com\/fr\/#\/schema\/logo\/image\/\"},\"sameAs\":[\"https:\/\/www.facebook.com\/PressenzaItalia\",\"https:\/\/x.com\/PressenzaIPA\"]},{\"@type\":\"Person\",\"@id\":\"https:\/\/www.pressenza.com\/fr\/#\/schema\/person\/828fc40eeca2ad7be3630e5a46adba94\",\"name\":\"Redacci\u00f3n Madrid\",\"description\":\"News from the Pressenza Bureau in Madrid, Spain\",\"sameAs\":[\"https:\/\/www.facebook.com\/pressenza\",\"https:\/\/x.com\/pressenza\"],\"url\":\"https:\/\/www.pressenza.com\/fr\/author\/redaccion-madrid\/\"}]}<\/script>\n<!-- \/ Yoast SEO plugin. -->","yoast_head_json":{"title":"Les EuroMarches rejettent les man\u0153uvres de l'OTAN","description":"L\u2019accueil des EuroMarches place de Cibeles et la performance spectaculaire de Solf\u00f3nica (avec un orchestre de 50 jeunes musiciens et 130 acteurs","robots":{"index":"index","follow":"follow","max-snippet":"max-snippet:-1","max-image-preview":"max-image-preview:large","max-video-preview":"max-video-preview:-1"},"canonical":"https:\/\/www.pressenza.com\/fr\/2015\/10\/les-euromarches-rejettent-les-manoeuvres-de-lotan\/","og_locale":"fr_FR","og_type":"article","og_title":"Les EuroMarches rejettent les man\u0153uvres de l'OTAN","og_description":"L\u2019accueil des EuroMarches place de Cibeles et la performance spectaculaire de Solf\u00f3nica (avec un orchestre de 50 jeunes musiciens et 130 acteurs","og_url":"https:\/\/www.pressenza.com\/fr\/2015\/10\/les-euromarches-rejettent-les-manoeuvres-de-lotan\/","og_site_name":"Pressenza","article_publisher":"https:\/\/www.facebook.com\/PressenzaItalia","article_author":"https:\/\/www.facebook.com\/pressenza","article_published_time":"2015-10-05T12:24:17+00:00","article_modified_time":"2015-10-07T04:02:11+00:00","og_image":[{"width":5184,"height":3456,"url":"https:\/\/www.pressenza.com\/wp-content\/uploads\/2015\/10\/IMG_3185.jpg","type":"image\/jpeg"}],"author":"Redacci\u00f3n Madrid","twitter_card":"summary_large_image","twitter_creator":"@pressenza","twitter_site":"@PressenzaIPA","twitter_misc":{"\u00c9crit par":"Redacci\u00f3n Madrid","Dur\u00e9e de lecture estim\u00e9e":"1 minute"},"schema":{"@context":"https:\/\/schema.org","@graph":[{"@type":"Article","@id":"https:\/\/www.pressenza.com\/fr\/2015\/10\/les-euromarches-rejettent-les-manoeuvres-de-lotan\/#article","isPartOf":{"@id":"https:\/\/www.pressenza.com\/fr\/2015\/10\/les-euromarches-rejettent-les-manoeuvres-de-lotan\/"},"author":{"name":"Redacci\u00f3n Madrid","@id":"https:\/\/www.pressenza.com\/fr\/#\/schema\/person\/828fc40eeca2ad7be3630e5a46adba94"},"headline":"Les EuroMarches rejettent les man\u0153uvres de l&rsquo;OTAN","datePublished":"2015-10-05T12:24:17+00:00","dateModified":"2015-10-07T04:02:11+00:00","mainEntityOfPage":{"@id":"https:\/\/www.pressenza.com\/fr\/2015\/10\/les-euromarches-rejettent-les-manoeuvres-de-lotan\/"},"wordCount":168,"publisher":{"@id":"https:\/\/www.pressenza.com\/fr\/#organization"},"image":{"@id":"https:\/\/www.pressenza.com\/fr\/2015\/10\/les-euromarches-rejettent-les-manoeuvres-de-lotan\/#primaryimage"},"thumbnailUrl":"https:\/\/www.pressenza.com\/wp-content\/uploads\/2015\/10\/IMG_3185.jpg","keywords":["EuroMarchas2015","EuroMarches2015","OTAN"],"articleSection":["Communiqu\u00e9s de Presse","Contenu Original","Europe","International","Paix et D\u00e9sarmement"],"inLanguage":"fr-FR"},{"@type":"WebPage","@id":"https:\/\/www.pressenza.com\/fr\/2015\/10\/les-euromarches-rejettent-les-manoeuvres-de-lotan\/","url":"https:\/\/www.pressenza.com\/fr\/2015\/10\/les-euromarches-rejettent-les-manoeuvres-de-lotan\/","name":"Les EuroMarches rejettent les man\u0153uvres de l'OTAN","isPartOf":{"@id":"https:\/\/www.pressenza.com\/fr\/#website"},"primaryImageOfPage":{"@id":"https:\/\/www.pressenza.com\/fr\/2015\/10\/les-euromarches-rejettent-les-manoeuvres-de-lotan\/#primaryimage"},"image":{"@id":"https:\/\/www.pressenza.com\/fr\/2015\/10\/les-euromarches-rejettent-les-manoeuvres-de-lotan\/#primaryimage"},"thumbnailUrl":"https:\/\/www.pressenza.com\/wp-content\/uploads\/2015\/10\/IMG_3185.jpg","datePublished":"2015-10-05T12:24:17+00:00","dateModified":"2015-10-07T04:02:11+00:00","description":"L\u2019accueil des EuroMarches place de Cibeles et la performance spectaculaire de Solf\u00f3nica (avec un orchestre de 50 jeunes musiciens et 130 acteurs","breadcrumb":{"@id":"https:\/\/www.pressenza.com\/fr\/2015\/10\/les-euromarches-rejettent-les-manoeuvres-de-lotan\/#breadcrumb"},"inLanguage":"fr-FR","potentialAction":[{"@type":"ReadAction","target":["https:\/\/www.pressenza.com\/fr\/2015\/10\/les-euromarches-rejettent-les-manoeuvres-de-lotan\/"]}]},{"@type":"ImageObject","inLanguage":"fr-FR","@id":"https:\/\/www.pressenza.com\/fr\/2015\/10\/les-euromarches-rejettent-les-manoeuvres-de-lotan\/#primaryimage","url":"https:\/\/www.pressenza.com\/wp-content\/uploads\/2015\/10\/IMG_3185.jpg","contentUrl":"https:\/\/www.pressenza.com\/wp-content\/uploads\/2015\/10\/IMG_3185.jpg","width":5184,"height":3456},{"@type":"BreadcrumbList","@id":"https:\/\/www.pressenza.com\/fr\/2015\/10\/les-euromarches-rejettent-les-manoeuvres-de-lotan\/#breadcrumb","itemListElement":[{"@type":"ListItem","position":1,"name":"Accueil","item":"https:\/\/www.pressenza.com\/fr\/"},{"@type":"ListItem","position":2,"name":"Les EuroMarches rejettent les man\u0153uvres de l&rsquo;OTAN"}]},{"@type":"WebSite","@id":"https:\/\/www.pressenza.com\/fr\/#website","url":"https:\/\/www.pressenza.com\/fr\/","name":"Pressenza","description":"International Press Agency","publisher":{"@id":"https:\/\/www.pressenza.com\/fr\/#organization"},"potentialAction":[{"@type":"SearchAction","target":{"@type":"EntryPoint","urlTemplate":"https:\/\/www.pressenza.com\/fr\/?s={search_term_string}"},"query-input":{"@type":"PropertyValueSpecification","valueRequired":true,"valueName":"search_term_string"}}],"inLanguage":"fr-FR"},{"@type":"Organization","@id":"https:\/\/www.pressenza.com\/fr\/#organization","name":"Pressenza","url":"https:\/\/www.pressenza.com\/fr\/","logo":{"@type":"ImageObject","inLanguage":"fr-FR","@id":"https:\/\/www.pressenza.com\/fr\/#\/schema\/logo\/image\/","url":"https:\/\/www.pressenza.com\/wp-content\/uploads\/2022\/10\/pressenza_logo_200x200.jpg","contentUrl":"https:\/\/www.pressenza.com\/wp-content\/uploads\/2022\/10\/pressenza_logo_200x200.jpg","width":200,"height":200,"caption":"Pressenza"},"image":{"@id":"https:\/\/www.pressenza.com\/fr\/#\/schema\/logo\/image\/"},"sameAs":["https:\/\/www.facebook.com\/PressenzaItalia","https:\/\/x.com\/PressenzaIPA"]},{"@type":"Person","@id":"https:\/\/www.pressenza.com\/fr\/#\/schema\/person\/828fc40eeca2ad7be3630e5a46adba94","name":"Redacci\u00f3n Madrid","description":"News from the Pressenza Bureau in Madrid, Spain","sameAs":["https:\/\/www.facebook.com\/pressenza","https:\/\/x.com\/pressenza"],"url":"https:\/\/www.pressenza.com\/fr\/author\/redaccion-madrid\/"}]}},"place":"Espagne","original_article_url":"","_links":{"self":[{"href":"https:\/\/www.pressenza.com\/fr\/wp-json\/wp\/v2\/posts\/230325","targetHints":{"allow":["GET"]}}],"collection":[{"href":"https:\/\/www.pressenza.com\/fr\/wp-json\/wp\/v2\/posts"}],"about":[{"href":"https:\/\/www.pressenza.com\/fr\/wp-json\/wp\/v2\/types\/post"}],"author":[{"embeddable":true,"href":"https:\/\/www.pressenza.com\/fr\/wp-json\/wp\/v2\/users\/94"}],"replies":[{"embeddable":true,"href":"https:\/\/www.pressenza.com\/fr\/wp-json\/wp\/v2\/comments?post=230325"}],"version-history":[{"count":0,"href":"https:\/\/www.pressenza.com\/fr\/wp-json\/wp\/v2\/posts\/230325\/revisions"}],"wp:featuredmedia":[{"embeddable":true,"href":"https:\/\/www.pressenza.com\/fr\/wp-json\/wp\/v2\/media\/230150"}],"wp:attachment":[{"href":"https:\/\/www.pressenza.com\/fr\/wp-json\/wp\/v2\/media?parent=230325"}],"wp:term":[{"taxonomy":"category","embeddable":true,"href":"https:\/\/www.pressenza.com\/fr\/wp-json\/wp\/v2\/categories?post=230325"},{"taxonomy":"post_tag","embeddable":true,"href":"https:\/\/www.pressenza.com\/fr\/wp-json\/wp\/v2\/tags?post=230325"}],"curies":[{"name":"wp","href":"https:\/\/api.w.org\/{rel}","templated":true}]}}