{"id":230086,"date":"2015-10-04T19:10:52","date_gmt":"2015-10-04T18:10:52","guid":{"rendered":"http:\/\/www.pressenza.com\/fr\/?p=230086"},"modified":"2015-10-04T21:37:04","modified_gmt":"2015-10-04T20:37:04","slug":"madrid-recoit-les-euromarches","status":"publish","type":"post","link":"https:\/\/www.pressenza.com\/fr\/2015\/10\/madrid-recoit-les-euromarches\/","title":{"rendered":"Madrid re\u00e7oit les Euromarches"},"content":{"rendered":"<p><em>Photographies: Bel\u00e9n Mendicote<\/em><\/p>\n<p>Madrid a re\u00e7u les <em>Euromarches<\/em> d&rsquo;une mani\u00e8re spectaculaire: six colonnes ont \u00e9t\u00e9 organis\u00e9es partant de diff\u00e9rents quartiers pour converger vers la Plaza de Cibeles. La Marche est entr\u00e9e \u00e0 19h \u00e0 Cibeles o\u00f9 10.000 personnes attendaient.<\/p>\n<p>Les militants sont mont\u00e9s sur la sc\u00e8ne avec la banni\u00e8re des <em>Euromarches <\/em>et ils ont salu\u00e9 les milliers de personnes qui les applaudissaient. Une des marcheuses, Feli Benitez, et une repr\u00e9sentante des mouvements de Madrid&#8230; ont prononc\u00e9 des brefs discours remplis d\u2019\u00e9motion. Elles ont pr\u00e9sent\u00e9 les objectifs des <em>Euromarches<\/em> qui visent \u00e0 reconstruire une autre Europe ce qui \u00ab\u00a0est possible, car\u00a0 n\u00e9cessaire\u00a0\u00bb ; \u00ab\u00a0Une Europe solidaire et d\u00e9mocratique\u00bb; \u00ab\u00a0Une Europe des citoyens et non pas des banques et des transnationales\u00a0\u00bb &#8230;<\/p>\n<p>Apr\u00e8s avoir lu le Manifeste des <em>Euromarches<\/em>, LA SOLF\u00d3NICA, un groupe choral et musical, n\u00e9 \u00e0 la Puerta del Sol lors du 15 M, a repr\u00e9sent\u00e9 un op\u00e9ra-bouffe \u00ab\u00a0Le Cr\u00e9puscule de la Brique \u00ab\u00a0.<\/p>\n<p>Le gouvernement de la ville de Madrid a officiellement accueilli les EUROMARCHES et leur a assur\u00e9 de tout son soutien<\/p>\n<p><a href=\"http:\/\/www.pressenza.com\/wp-content\/uploads\/2015\/10\/Madrid1_organizacion.jpg\"><img loading=\"lazy\" decoding=\"async\" class=\"alignleft size-full wp-image-229653\" src=\"http:\/\/www.pressenza.com\/wp-content\/uploads\/2015\/10\/Madrid1_organizacion.jpg\" alt=\"EuroMarchas_Madrid\" width=\"492\" height=\"656\" srcset=\"https:\/\/www.pressenza.com\/wp-content\/uploads\/2015\/10\/Madrid1_organizacion.jpg 492w, https:\/\/www.pressenza.com\/wp-content\/uploads\/2015\/10\/Madrid1_organizacion-225x300.jpg 225w\" sizes=\"auto, (max-width: 492px) 100vw, 492px\" \/><\/a><\/p>\n<p><a href=\"http:\/\/www.pressenza.com\/wp-content\/uploads\/2015\/10\/madrid_belen4.jpg\"><img loading=\"lazy\" decoding=\"async\" class=\"alignleft size-large wp-image-229660\" src=\"http:\/\/www.pressenza.com\/wp-content\/uploads\/2015\/10\/madrid_belen4-720x480.jpg\" alt=\"EuroMarchas_Madrid\" width=\"720\" height=\"480\" srcset=\"https:\/\/www.pressenza.com\/wp-content\/uploads\/2015\/10\/madrid_belen4-720x480.jpg 720w, https:\/\/www.pressenza.com\/wp-content\/uploads\/2015\/10\/madrid_belen4-300x200.jpg 300w\" sizes=\"auto, (max-width: 720px) 100vw, 720px\" \/><\/a><\/p>\n<p><a href=\"http:\/\/www.pressenza.com\/wp-content\/uploads\/2015\/10\/Madrid_belen1.jpg\"><img loading=\"lazy\" decoding=\"async\" class=\"alignleft size-large wp-image-229667\" src=\"http:\/\/www.pressenza.com\/wp-content\/uploads\/2015\/10\/Madrid_belen1-720x480.jpg\" alt=\"EuroMarchas_Madrid\" width=\"720\" height=\"480\" srcset=\"https:\/\/www.pressenza.com\/wp-content\/uploads\/2015\/10\/Madrid_belen1-720x480.jpg 720w, https:\/\/www.pressenza.com\/wp-content\/uploads\/2015\/10\/Madrid_belen1-300x200.jpg 300w\" sizes=\"auto, (max-width: 720px) 100vw, 720px\" \/><\/a><br \/>\n<a href=\"http:\/\/www.pressenza.com\/wp-content\/uploads\/2015\/10\/Madrid2_organizacion.jpg\"><img loading=\"lazy\" decoding=\"async\" class=\"alignleft size-large wp-image-229681\" src=\"http:\/\/www.pressenza.com\/wp-content\/uploads\/2015\/10\/Madrid2_organizacion-720x540.jpg\" alt=\"Euromarchas_Madrid\" width=\"720\" height=\"540\" srcset=\"https:\/\/www.pressenza.com\/wp-content\/uploads\/2015\/10\/Madrid2_organizacion-720x540.jpg 720w, https:\/\/www.pressenza.com\/wp-content\/uploads\/2015\/10\/Madrid2_organizacion-300x225.jpg 300w, https:\/\/www.pressenza.com\/wp-content\/uploads\/2015\/10\/Madrid2_organizacion.jpg 875w\" sizes=\"auto, (max-width: 720px) 100vw, 720px\" \/><\/a><br \/>\n<a href=\"http:\/\/www.pressenza.com\/wp-content\/uploads\/2015\/10\/madrid_belen2.jpg\"><img loading=\"lazy\" decoding=\"async\" class=\"alignleft size-large wp-image-229695\" src=\"http:\/\/www.pressenza.com\/wp-content\/uploads\/2015\/10\/madrid_belen2-683x1024.jpg\" alt=\"EuroMarchas_Madrid\" width=\"683\" height=\"1024\" srcset=\"https:\/\/www.pressenza.com\/wp-content\/uploads\/2015\/10\/madrid_belen2-683x1024.jpg 683w, https:\/\/www.pressenza.com\/wp-content\/uploads\/2015\/10\/madrid_belen2-200x300.jpg 200w\" sizes=\"auto, (max-width: 683px) 100vw, 683px\" \/><\/a><\/p>\n","protected":false},"excerpt":{"rendered":"<p>Photographies: Bel\u00e9n Mendicote Madrid a re\u00e7u les Euromarches d&rsquo;une mani\u00e8re spectaculaire: six colonnes ont \u00e9t\u00e9 organis\u00e9es partant de diff\u00e9rents quartiers pour converger vers la Plaza de Cibeles. La Marche est entr\u00e9e \u00e0 19h \u00e0 Cibeles o\u00f9 10.000 personnes attendaient. Les&hellip;<\/p>\n","protected":false},"author":94,"featured_media":229676,"comment_status":"closed","ping_status":"open","sticky":false,"template":"","format":"standard","meta":{"footnotes":""},"categories":[151,11386,98,85,40,5700],"tags":[20423,20409],"class_list":["post-230086","post","type-post","status-publish","format-standard","has-post-thumbnail","hentry","category-communique-de-presse","category-contenu-original","category-droits-de-lhomme","category-europe-fr","category-international-fr","category-reportages-photo","tag-euromarchas2015-fr","tag-euromarches2015"],"yoast_head":"<!-- This site is optimized with the Yoast SEO plugin v27.1.1 - https:\/\/yoast.com\/product\/yoast-seo-wordpress\/ -->\n<title>Madrid re\u00e7oit les Euromarches<\/title>\n<meta name=\"description\" content=\"Photographies: Bel\u00e9n Mendicote Madrid a re\u00e7u les Euromarches d&#039;une mani\u00e8re spectaculaire: six colonnes ont \u00e9t\u00e9 organis\u00e9es partant de diff\u00e9rents quartiers\" \/>\n<meta name=\"robots\" content=\"index, follow, max-snippet:-1, max-image-preview:large, max-video-preview:-1\" \/>\n<link rel=\"canonical\" href=\"https:\/\/www.pressenza.com\/fr\/2015\/10\/madrid-recoit-les-euromarches\/\" \/>\n<meta property=\"og:locale\" content=\"fr_FR\" \/>\n<meta property=\"og:type\" content=\"article\" \/>\n<meta property=\"og:title\" content=\"Madrid re\u00e7oit les Euromarches\" \/>\n<meta property=\"og:description\" content=\"Photographies: Bel\u00e9n Mendicote Madrid a re\u00e7u les Euromarches d&#039;une mani\u00e8re spectaculaire: six colonnes ont \u00e9t\u00e9 organis\u00e9es partant de diff\u00e9rents quartiers\" \/>\n<meta property=\"og:url\" content=\"https:\/\/www.pressenza.com\/fr\/2015\/10\/madrid-recoit-les-euromarches\/\" \/>\n<meta property=\"og:site_name\" content=\"Pressenza\" \/>\n<meta property=\"article:publisher\" content=\"https:\/\/www.facebook.com\/PressenzaItalia\" \/>\n<meta property=\"article:author\" content=\"https:\/\/www.facebook.com\/pressenza\" \/>\n<meta property=\"article:published_time\" content=\"2015-10-04T18:10:52+00:00\" \/>\n<meta property=\"article:modified_time\" content=\"2015-10-04T20:37:04+00:00\" \/>\n<meta property=\"og:image\" content=\"https:\/\/www.pressenza.com\/wp-content\/uploads\/2015\/10\/madrid_belen5.jpg\" \/>\n\t<meta property=\"og:image:width\" content=\"3456\" \/>\n\t<meta property=\"og:image:height\" content=\"2304\" \/>\n\t<meta property=\"og:image:type\" content=\"image\/jpeg\" \/>\n<meta name=\"author\" content=\"Redacci\u00f3n Madrid\" \/>\n<meta name=\"twitter:card\" content=\"summary_large_image\" \/>\n<meta name=\"twitter:creator\" content=\"@pressenza\" \/>\n<meta name=\"twitter:site\" content=\"@PressenzaIPA\" \/>\n<meta name=\"twitter:label1\" content=\"\u00c9crit par\" \/>\n\t<meta name=\"twitter:data1\" content=\"Redacci\u00f3n Madrid\" \/>\n\t<meta name=\"twitter:label2\" content=\"Dur\u00e9e de lecture estim\u00e9e\" \/>\n\t<meta name=\"twitter:data2\" content=\"1 minute\" \/>\n<script type=\"application\/ld+json\" class=\"yoast-schema-graph\">{\"@context\":\"https:\/\/schema.org\",\"@graph\":[{\"@type\":\"Article\",\"@id\":\"https:\/\/www.pressenza.com\/fr\/2015\/10\/madrid-recoit-les-euromarches\/#article\",\"isPartOf\":{\"@id\":\"https:\/\/www.pressenza.com\/fr\/2015\/10\/madrid-recoit-les-euromarches\/\"},\"author\":{\"name\":\"Redacci\u00f3n Madrid\",\"@id\":\"https:\/\/www.pressenza.com\/fr\/#\/schema\/person\/828fc40eeca2ad7be3630e5a46adba94\"},\"headline\":\"Madrid re\u00e7oit les Euromarches\",\"datePublished\":\"2015-10-04T18:10:52+00:00\",\"dateModified\":\"2015-10-04T20:37:04+00:00\",\"mainEntityOfPage\":{\"@id\":\"https:\/\/www.pressenza.com\/fr\/2015\/10\/madrid-recoit-les-euromarches\/\"},\"wordCount\":190,\"publisher\":{\"@id\":\"https:\/\/www.pressenza.com\/fr\/#organization\"},\"image\":{\"@id\":\"https:\/\/www.pressenza.com\/fr\/2015\/10\/madrid-recoit-les-euromarches\/#primaryimage\"},\"thumbnailUrl\":\"https:\/\/www.pressenza.com\/wp-content\/uploads\/2015\/10\/madrid_belen5.jpg\",\"keywords\":[\"EuroMarchas2015\",\"EuroMarches2015\"],\"articleSection\":[\"Communiqu\u00e9s de Presse\",\"Contenu Original\",\"Droits humains\",\"Europe\",\"International\",\"Reportages photo\"],\"inLanguage\":\"fr-FR\"},{\"@type\":\"WebPage\",\"@id\":\"https:\/\/www.pressenza.com\/fr\/2015\/10\/madrid-recoit-les-euromarches\/\",\"url\":\"https:\/\/www.pressenza.com\/fr\/2015\/10\/madrid-recoit-les-euromarches\/\",\"name\":\"Madrid re\u00e7oit les Euromarches\",\"isPartOf\":{\"@id\":\"https:\/\/www.pressenza.com\/fr\/#website\"},\"primaryImageOfPage\":{\"@id\":\"https:\/\/www.pressenza.com\/fr\/2015\/10\/madrid-recoit-les-euromarches\/#primaryimage\"},\"image\":{\"@id\":\"https:\/\/www.pressenza.com\/fr\/2015\/10\/madrid-recoit-les-euromarches\/#primaryimage\"},\"thumbnailUrl\":\"https:\/\/www.pressenza.com\/wp-content\/uploads\/2015\/10\/madrid_belen5.jpg\",\"datePublished\":\"2015-10-04T18:10:52+00:00\",\"dateModified\":\"2015-10-04T20:37:04+00:00\",\"description\":\"Photographies: Bel\u00e9n Mendicote Madrid a re\u00e7u les Euromarches d'une mani\u00e8re spectaculaire: six colonnes ont \u00e9t\u00e9 organis\u00e9es partant de diff\u00e9rents quartiers\",\"breadcrumb\":{\"@id\":\"https:\/\/www.pressenza.com\/fr\/2015\/10\/madrid-recoit-les-euromarches\/#breadcrumb\"},\"inLanguage\":\"fr-FR\",\"potentialAction\":[{\"@type\":\"ReadAction\",\"target\":[\"https:\/\/www.pressenza.com\/fr\/2015\/10\/madrid-recoit-les-euromarches\/\"]}]},{\"@type\":\"ImageObject\",\"inLanguage\":\"fr-FR\",\"@id\":\"https:\/\/www.pressenza.com\/fr\/2015\/10\/madrid-recoit-les-euromarches\/#primaryimage\",\"url\":\"https:\/\/www.pressenza.com\/wp-content\/uploads\/2015\/10\/madrid_belen5.jpg\",\"contentUrl\":\"https:\/\/www.pressenza.com\/wp-content\/uploads\/2015\/10\/madrid_belen5.jpg\",\"width\":3456,\"height\":2304},{\"@type\":\"BreadcrumbList\",\"@id\":\"https:\/\/www.pressenza.com\/fr\/2015\/10\/madrid-recoit-les-euromarches\/#breadcrumb\",\"itemListElement\":[{\"@type\":\"ListItem\",\"position\":1,\"name\":\"Accueil\",\"item\":\"https:\/\/www.pressenza.com\/fr\/\"},{\"@type\":\"ListItem\",\"position\":2,\"name\":\"Madrid re\u00e7oit les Euromarches\"}]},{\"@type\":\"WebSite\",\"@id\":\"https:\/\/www.pressenza.com\/fr\/#website\",\"url\":\"https:\/\/www.pressenza.com\/fr\/\",\"name\":\"Pressenza\",\"description\":\"International Press Agency\",\"publisher\":{\"@id\":\"https:\/\/www.pressenza.com\/fr\/#organization\"},\"potentialAction\":[{\"@type\":\"SearchAction\",\"target\":{\"@type\":\"EntryPoint\",\"urlTemplate\":\"https:\/\/www.pressenza.com\/fr\/?s={search_term_string}\"},\"query-input\":{\"@type\":\"PropertyValueSpecification\",\"valueRequired\":true,\"valueName\":\"search_term_string\"}}],\"inLanguage\":\"fr-FR\"},{\"@type\":\"Organization\",\"@id\":\"https:\/\/www.pressenza.com\/fr\/#organization\",\"name\":\"Pressenza\",\"url\":\"https:\/\/www.pressenza.com\/fr\/\",\"logo\":{\"@type\":\"ImageObject\",\"inLanguage\":\"fr-FR\",\"@id\":\"https:\/\/www.pressenza.com\/fr\/#\/schema\/logo\/image\/\",\"url\":\"https:\/\/www.pressenza.com\/wp-content\/uploads\/2022\/10\/pressenza_logo_200x200.jpg\",\"contentUrl\":\"https:\/\/www.pressenza.com\/wp-content\/uploads\/2022\/10\/pressenza_logo_200x200.jpg\",\"width\":200,\"height\":200,\"caption\":\"Pressenza\"},\"image\":{\"@id\":\"https:\/\/www.pressenza.com\/fr\/#\/schema\/logo\/image\/\"},\"sameAs\":[\"https:\/\/www.facebook.com\/PressenzaItalia\",\"https:\/\/x.com\/PressenzaIPA\"]},{\"@type\":\"Person\",\"@id\":\"https:\/\/www.pressenza.com\/fr\/#\/schema\/person\/828fc40eeca2ad7be3630e5a46adba94\",\"name\":\"Redacci\u00f3n Madrid\",\"description\":\"News from the Pressenza Bureau in Madrid, Spain\",\"sameAs\":[\"https:\/\/www.facebook.com\/pressenza\",\"https:\/\/x.com\/pressenza\"],\"url\":\"https:\/\/www.pressenza.com\/fr\/author\/redaccion-madrid\/\"}]}<\/script>\n<!-- \/ Yoast SEO plugin. -->","yoast_head_json":{"title":"Madrid re\u00e7oit les Euromarches","description":"Photographies: Bel\u00e9n Mendicote Madrid a re\u00e7u les Euromarches d'une mani\u00e8re spectaculaire: six colonnes ont \u00e9t\u00e9 organis\u00e9es partant de diff\u00e9rents quartiers","robots":{"index":"index","follow":"follow","max-snippet":"max-snippet:-1","max-image-preview":"max-image-preview:large","max-video-preview":"max-video-preview:-1"},"canonical":"https:\/\/www.pressenza.com\/fr\/2015\/10\/madrid-recoit-les-euromarches\/","og_locale":"fr_FR","og_type":"article","og_title":"Madrid re\u00e7oit les Euromarches","og_description":"Photographies: Bel\u00e9n Mendicote Madrid a re\u00e7u les Euromarches d'une mani\u00e8re spectaculaire: six colonnes ont \u00e9t\u00e9 organis\u00e9es partant de diff\u00e9rents quartiers","og_url":"https:\/\/www.pressenza.com\/fr\/2015\/10\/madrid-recoit-les-euromarches\/","og_site_name":"Pressenza","article_publisher":"https:\/\/www.facebook.com\/PressenzaItalia","article_author":"https:\/\/www.facebook.com\/pressenza","article_published_time":"2015-10-04T18:10:52+00:00","article_modified_time":"2015-10-04T20:37:04+00:00","og_image":[{"width":3456,"height":2304,"url":"https:\/\/www.pressenza.com\/wp-content\/uploads\/2015\/10\/madrid_belen5.jpg","type":"image\/jpeg"}],"author":"Redacci\u00f3n Madrid","twitter_card":"summary_large_image","twitter_creator":"@pressenza","twitter_site":"@PressenzaIPA","twitter_misc":{"\u00c9crit par":"Redacci\u00f3n Madrid","Dur\u00e9e de lecture estim\u00e9e":"1 minute"},"schema":{"@context":"https:\/\/schema.org","@graph":[{"@type":"Article","@id":"https:\/\/www.pressenza.com\/fr\/2015\/10\/madrid-recoit-les-euromarches\/#article","isPartOf":{"@id":"https:\/\/www.pressenza.com\/fr\/2015\/10\/madrid-recoit-les-euromarches\/"},"author":{"name":"Redacci\u00f3n Madrid","@id":"https:\/\/www.pressenza.com\/fr\/#\/schema\/person\/828fc40eeca2ad7be3630e5a46adba94"},"headline":"Madrid re\u00e7oit les Euromarches","datePublished":"2015-10-04T18:10:52+00:00","dateModified":"2015-10-04T20:37:04+00:00","mainEntityOfPage":{"@id":"https:\/\/www.pressenza.com\/fr\/2015\/10\/madrid-recoit-les-euromarches\/"},"wordCount":190,"publisher":{"@id":"https:\/\/www.pressenza.com\/fr\/#organization"},"image":{"@id":"https:\/\/www.pressenza.com\/fr\/2015\/10\/madrid-recoit-les-euromarches\/#primaryimage"},"thumbnailUrl":"https:\/\/www.pressenza.com\/wp-content\/uploads\/2015\/10\/madrid_belen5.jpg","keywords":["EuroMarchas2015","EuroMarches2015"],"articleSection":["Communiqu\u00e9s de Presse","Contenu Original","Droits humains","Europe","International","Reportages photo"],"inLanguage":"fr-FR"},{"@type":"WebPage","@id":"https:\/\/www.pressenza.com\/fr\/2015\/10\/madrid-recoit-les-euromarches\/","url":"https:\/\/www.pressenza.com\/fr\/2015\/10\/madrid-recoit-les-euromarches\/","name":"Madrid re\u00e7oit les Euromarches","isPartOf":{"@id":"https:\/\/www.pressenza.com\/fr\/#website"},"primaryImageOfPage":{"@id":"https:\/\/www.pressenza.com\/fr\/2015\/10\/madrid-recoit-les-euromarches\/#primaryimage"},"image":{"@id":"https:\/\/www.pressenza.com\/fr\/2015\/10\/madrid-recoit-les-euromarches\/#primaryimage"},"thumbnailUrl":"https:\/\/www.pressenza.com\/wp-content\/uploads\/2015\/10\/madrid_belen5.jpg","datePublished":"2015-10-04T18:10:52+00:00","dateModified":"2015-10-04T20:37:04+00:00","description":"Photographies: Bel\u00e9n Mendicote Madrid a re\u00e7u les Euromarches d'une mani\u00e8re spectaculaire: six colonnes ont \u00e9t\u00e9 organis\u00e9es partant de diff\u00e9rents quartiers","breadcrumb":{"@id":"https:\/\/www.pressenza.com\/fr\/2015\/10\/madrid-recoit-les-euromarches\/#breadcrumb"},"inLanguage":"fr-FR","potentialAction":[{"@type":"ReadAction","target":["https:\/\/www.pressenza.com\/fr\/2015\/10\/madrid-recoit-les-euromarches\/"]}]},{"@type":"ImageObject","inLanguage":"fr-FR","@id":"https:\/\/www.pressenza.com\/fr\/2015\/10\/madrid-recoit-les-euromarches\/#primaryimage","url":"https:\/\/www.pressenza.com\/wp-content\/uploads\/2015\/10\/madrid_belen5.jpg","contentUrl":"https:\/\/www.pressenza.com\/wp-content\/uploads\/2015\/10\/madrid_belen5.jpg","width":3456,"height":2304},{"@type":"BreadcrumbList","@id":"https:\/\/www.pressenza.com\/fr\/2015\/10\/madrid-recoit-les-euromarches\/#breadcrumb","itemListElement":[{"@type":"ListItem","position":1,"name":"Accueil","item":"https:\/\/www.pressenza.com\/fr\/"},{"@type":"ListItem","position":2,"name":"Madrid re\u00e7oit les Euromarches"}]},{"@type":"WebSite","@id":"https:\/\/www.pressenza.com\/fr\/#website","url":"https:\/\/www.pressenza.com\/fr\/","name":"Pressenza","description":"International Press Agency","publisher":{"@id":"https:\/\/www.pressenza.com\/fr\/#organization"},"potentialAction":[{"@type":"SearchAction","target":{"@type":"EntryPoint","urlTemplate":"https:\/\/www.pressenza.com\/fr\/?s={search_term_string}"},"query-input":{"@type":"PropertyValueSpecification","valueRequired":true,"valueName":"search_term_string"}}],"inLanguage":"fr-FR"},{"@type":"Organization","@id":"https:\/\/www.pressenza.com\/fr\/#organization","name":"Pressenza","url":"https:\/\/www.pressenza.com\/fr\/","logo":{"@type":"ImageObject","inLanguage":"fr-FR","@id":"https:\/\/www.pressenza.com\/fr\/#\/schema\/logo\/image\/","url":"https:\/\/www.pressenza.com\/wp-content\/uploads\/2022\/10\/pressenza_logo_200x200.jpg","contentUrl":"https:\/\/www.pressenza.com\/wp-content\/uploads\/2022\/10\/pressenza_logo_200x200.jpg","width":200,"height":200,"caption":"Pressenza"},"image":{"@id":"https:\/\/www.pressenza.com\/fr\/#\/schema\/logo\/image\/"},"sameAs":["https:\/\/www.facebook.com\/PressenzaItalia","https:\/\/x.com\/PressenzaIPA"]},{"@type":"Person","@id":"https:\/\/www.pressenza.com\/fr\/#\/schema\/person\/828fc40eeca2ad7be3630e5a46adba94","name":"Redacci\u00f3n Madrid","description":"News from the Pressenza Bureau in Madrid, Spain","sameAs":["https:\/\/www.facebook.com\/pressenza","https:\/\/x.com\/pressenza"],"url":"https:\/\/www.pressenza.com\/fr\/author\/redaccion-madrid\/"}]}},"place":"","original_article_url":"","_links":{"self":[{"href":"https:\/\/www.pressenza.com\/fr\/wp-json\/wp\/v2\/posts\/230086","targetHints":{"allow":["GET"]}}],"collection":[{"href":"https:\/\/www.pressenza.com\/fr\/wp-json\/wp\/v2\/posts"}],"about":[{"href":"https:\/\/www.pressenza.com\/fr\/wp-json\/wp\/v2\/types\/post"}],"author":[{"embeddable":true,"href":"https:\/\/www.pressenza.com\/fr\/wp-json\/wp\/v2\/users\/94"}],"replies":[{"embeddable":true,"href":"https:\/\/www.pressenza.com\/fr\/wp-json\/wp\/v2\/comments?post=230086"}],"version-history":[{"count":0,"href":"https:\/\/www.pressenza.com\/fr\/wp-json\/wp\/v2\/posts\/230086\/revisions"}],"wp:featuredmedia":[{"embeddable":true,"href":"https:\/\/www.pressenza.com\/fr\/wp-json\/wp\/v2\/media\/229676"}],"wp:attachment":[{"href":"https:\/\/www.pressenza.com\/fr\/wp-json\/wp\/v2\/media?parent=230086"}],"wp:term":[{"taxonomy":"category","embeddable":true,"href":"https:\/\/www.pressenza.com\/fr\/wp-json\/wp\/v2\/categories?post=230086"},{"taxonomy":"post_tag","embeddable":true,"href":"https:\/\/www.pressenza.com\/fr\/wp-json\/wp\/v2\/tags?post=230086"}],"curies":[{"name":"wp","href":"https:\/\/api.w.org\/{rel}","templated":true}]}}