{"id":224351,"date":"2015-09-21T10:46:46","date_gmt":"2015-09-21T09:46:46","guid":{"rendered":"http:\/\/www.pressenza.com\/fr\/?p=224351"},"modified":"2015-09-21T10:46:46","modified_gmt":"2015-09-21T09:46:46","slug":"lusine-grecque-qui-resiste-sans-patron-et-avec-des-savons-ecolos","status":"publish","type":"post","link":"https:\/\/www.pressenza.com\/fr\/2015\/09\/lusine-grecque-qui-resiste-sans-patron-et-avec-des-savons-ecolos\/","title":{"rendered":"L\u2019usine grecque qui r\u00e9siste sans patron et avec des savons \u00e9colos"},"content":{"rendered":"<p><strong>L\u2019histoire de Vio Me est un rayon de soleil dans l\u2019hiver sans fin que traverse la Gr\u00e8ce, alors qu\u2019elle \u00e9lit dimanche 20\u00a0septembre sa nouvelle Assembl\u00e9e l\u00e9gislative. Le patron a ferm\u00e9 cette usine de mat\u00e9riaux pour le <span class=\"caps\">BTP<\/span>, mais les ouvriers ont d\u00e9cid\u00e9 de l\u2019occuper et de relancer une production \u00e9colo de mani\u00e8re autog\u00e9r\u00e9e gr\u00e2ce \u00e0 un formidable soutien populaire.<\/strong><\/p>\n<div id=\"zone\">\n<div class=\"texte\">Au nord de Thessalonique, une zone commerciale immense gagne progressivement du terrain sur ce qui \u00e9tait il y a peu une zone industrielle. Au milieu de cet oc\u00e9an consum\u00e9riste, cach\u00e9e derri\u00e8re une all\u00e9e de grands arbres, une usine poussi\u00e9reuse vient rappeler qu\u2019il y a peu, on croisait ici des ouvriers en bleu de travail en lieu et place des clients poussant leur caddie. L\u2019endroit semble d\u00e9saffect\u00e9. Toutes les entr\u00e9es paraissent condamn\u00e9es et une seule voiture est gar\u00e9e sur le vaste parking.Pourtant, dans un des b\u00e2timents, derri\u00e8re un mur de vieille t\u00f4le, des bruits sourds viennent parfois briser le silence. \u2028\u2028Pour p\u00e9n\u00e9trer dans l\u2019usine, il faut s\u2019annoncer. Le lieu est gard\u00e9 24 heures sur 24 par des ouvriers et des soutiens locaux. Et pour cause, les travailleurs de Vio Me, occupent ill\u00e9galement les lieux depuis 2011, ann\u00e9e o\u00f9 les propri\u00e9taires ont d\u00e9cid\u00e9 de cesser brutalement l\u2019activit\u00e9.<\/p>\n<dl class=\"spip_document_9951 spip_documents spip_documents_center\">\n<dt><img loading=\"lazy\" decoding=\"async\" src=\"http:\/\/reporterre.net\/local\/cache-vignettes\/L700xH467\/usi-2-c1af8.jpg\" alt=\"JPEG - 93.9\u00a0ko\" width=\"700\" height=\"467\" \/><\/dt>\n<dt class=\"spip_doc_titre\">Vue depuis le toit de l\u2019usine. D\u00e8rri\u00e8re les grands arbres commence l\u2019immense zone commerciale.<\/dt>\n<\/dl>\n<p><strong>D\u00e9sob\u00e9issance \u00e0 la loi du march\u00e9<\/strong><\/p>\n<\/div>\n<p class=\"texte\">L\u2019histoire aurait pu se terminer comme beaucoup d\u2019autres en Gr\u00e8ce ces derni\u00e8res ann\u00e9es. Une entreprise b\u00e9n\u00e9ficiaire (ici Filgeram-Johnson, maison m\u00e8re de Vio Me) d\u00e9cide de fermer ses portes et de ne pas payer les arri\u00e9r\u00e9s de salaire qu\u2019elle doit \u00e0 la cinquantaine d\u2019ouvriers d\u2019alors.Sauf qu\u2019eux ont d\u00e9cid\u00e9 de d\u00e9sob\u00e9ir \u00e0 la loi du march\u00e9. Pendant un an, une trentaine d\u2019ouvriers syndiqu\u00e9s de l\u2019usine l\u2019occupent pour emp\u00eacher les propri\u00e9taires de r\u00e9cup\u00e9rer les machines. La premi\u00e8re ann\u00e9e, ils peuvent compter sur leur maigre indemnit\u00e9 ch\u00f4mage pour survivre. Puis, au fur et \u00e0 mesure de la m\u00e9diatisation de leur combat, les soutiens, locaux d\u2019abord, puis internationaux, abondent, permettant de prendre en charge les besoins en argent et nourriture de ces travailleurs en lutte. Au terme de nombreuses assembl\u00e9es g\u00e9n\u00e9rales, les ouvriers et leurs soutiens d\u00e9cident de relancer la production. Mais plut\u00f4t que de fabriquer de la colle pour carrelage, l\u2019ancienne sp\u00e9cialit\u00e9 de l\u2019usine, ils d\u00e9cident de produire du savon et diff\u00e9rents produits m\u00e9nagers naturels. Ce virage \u00e9cologique n\u2019avait rien d\u2019\u00e9vident, surtout en Gr\u00e8ce o\u00f9 cette sensibilit\u00e9 n\u2019est pas des plus d\u00e9velopp\u00e9es.C\u2019est par n\u00e9cessit\u00e9 et pragmatisme que les ouvriers de Vio Me sont devenus \u00e9colos. <i>\u00ab<small class=\"fine\">\u00a0<\/small>On savait qu\u2019on ne pouvait pas faire la m\u00eame chose qu\u2019avant car on avait peu d\u2019argent alors que les machines sont ch\u00e8res et la mati\u00e8re premi\u00e8re import\u00e9e. On a alors cherch\u00e9 une mati\u00e8re premi\u00e8re peu ch\u00e8re et locale, or on a beaucoup d\u2019huile ici<small class=\"fine\">\u00a0<\/small>! <\/i><small class=\"fine\">\u00a0<\/small>\u00bb, m\u2019explique Tinna, arriv\u00e9e au moment de la reprise de la production. Ce sont \u00e9galement les soutiens locaux qui les ont convaincus de se lancer dans des produits \u00e9cologiques, plus susceptibles d\u2019\u00eatres vendus dans les r\u00e9seaux militants.<\/p>\n<h3 class=\"spip\">Nul besoin de patron<\/h3>\n<p class=\"texte\">Un autre changement d\u2019ampleur est intervenu depuis la r\u00e9ouverture. Leur usine, ils ont d\u00e9cid\u00e9 de la g\u00e9rer sans chef. Quand je demande \u00e0 Dimitris, un des piliers de la lutte qui gigote sur sa chaise en attendant qu\u2019on lui traduise les questions, pourquoi ils ont d\u00e9cid\u00e9 de s\u2019organiser ainsi, il me r\u00e9pond sur le ton de l\u2019\u00e9vidence\u00a0: <i>\u00ab<small class=\"fine\">\u00a0<\/small>Le patron est parti, pourquoi chercher \u00e0 en avoir un autre<small class=\"fine\">\u00a0<\/small>? Je l\u2019ai vu deux fois en deux ans. On n\u2019avait pas besoin de lui pour se servir des machines qu\u2019on utilise tous les jours.<small class=\"fine\">\u00a0<\/small>\u00bb<\/i> Mais il reconna\u00eet que passer d\u2019une organisation hi\u00e9rarchis\u00e9e o\u00f9 les t\u00e2ches sont divis\u00e9es \u00e0 l\u2019extr\u00eame \u00e0 l\u2019autogestion <i>\u00ab<small class=\"fine\">\u00a0<\/small>ne fut pas facile. D\u2019ailleurs, \u00e7a ne l\u2019est toujours pas aujourd\u2019hui. Mais on a appris \u00e0 mieux se conna\u00eetre. Le<\/i> \u2018je\u2019 <i>est devenu<\/i> \u2018nous\u2019. <i>Il n\u2019y a pas l\u2019administration d\u2019un c\u00f4t\u00e9 et nous<\/i> [les ouvriers] <i>de l\u2019autre comme avant, seulement nous avec le m\u00eame niveau de pouvoir.<small class=\"fine\">\u00a0<\/small>\u00bb<\/i><\/p>\n<dl class=\"spip_document_9952 spip_documents spip_documents_center\">\n<dt><img loading=\"lazy\" decoding=\"async\" src=\"http:\/\/reporterre.net\/local\/cache-vignettes\/L700xH467\/dimi-2-fea44.jpg\" alt=\"JPEG - 103.9\u00a0ko\" width=\"700\" height=\"467\" \/><\/dt>\n<dt class=\"spip_doc_titre\"><strong>Dimitris nous montre les produits de l\u2019usine<\/strong><\/dt>\n<\/dl>\n<p class=\"texte\">Tinna est assise \u00e0 ses c\u00f4t\u00e9s sur une des chaises en plastique qu\u2019ils ont install\u00e9es en rond pour recevoir les visiteurs du jour\u00a0: des journalistes japonais, des documentaristes espagnols et grecs, des voyageurs fran\u00e7ais et moi. Elle d\u00e9taille l\u2019organisation de Vio Me\u00a0: <i>\u00ab<small class=\"fine\">\u00a0<\/small>On se rencontre deux fois par semaine en assembl\u00e9e en plus des discussions informelles pendant le travail.<small class=\"fine\">\u00a0<\/small>\u00bb<\/i> Tout le monde peut \u00eatre amen\u00e9 \u00e0 tout faire m\u00eame si certaines t\u00e2ches qui demandent des comp\u00e9tences sp\u00e9cialis\u00e9es sont assur\u00e9es par une personne. <i>\u00ab<small class=\"fine\">\u00a0<\/small>Vu que je parle anglais, c\u2019est moi qui m\u2019occupe des relations avec les journalistes et les soutiens internationaux<small class=\"fine\">\u00a0<\/small>\u00bb,<\/i> explique-t-elle.Ce jour-ci, il y a autant de visiteurs que de travailleurs et l\u2019usine, aussi vide qu\u2019un bureau de vote un jour d\u2019\u00e9lections europ\u00e9ennes, donne l\u2019impression de tourner au ralenti. Les membres de la coop\u00e9rative aimeraient voir leur lieu de travail aussi foisonnant que par le pass\u00e9. <i>\u00ab<small class=\"fine\">\u00a0<\/small>On pourrait \u00eatre cinquante \u00e0 travailler ici. On devrait \u00eatre cinquante d\u2019ailleurs. Tout le monde aimerait qu\u2019on grandisse et qu\u2019on utilise toutes les possibilit\u00e9s de l\u2019usine<small class=\"fine\">\u00a0<\/small>\u00bb<\/i>, avance Dimitris.Mais plusieurs \u00e9l\u00e9ments rendent difficile cette mont\u00e9e en puissance. D\u2019abord, la situation \u00e9conomique en Gr\u00e8ce ainsi que leur faible tr\u00e9sorerie qui les pousse \u00e0 r\u00e9investir leurs maigres recettes dans l\u2019achat de mati\u00e8res premi\u00e8res plut\u00f4t que pour l\u2019acquisition de nouvelles machines. Mais cette limitation est aussi due \u00e0 leur mode de distribution. Les produits \u00e9colos de Vio Me sont principalement \u00e9coul\u00e9s dans leur r\u00e9seau de solidarit\u00e9 dans des squats, des centres sociaux et via divers collectifs qui commandent des cartons de produits et se chargent ensuite de les \u00e9couler. Le reste est vendu lors de festivals et du march\u00e9 de producteurs organis\u00e9 tous le mois sur le site. <i>\u00ab<small class=\"fine\">\u00a0<\/small>On ne pourra grandir que si on trouve plus de contacts \u00e0 l\u2019\u00e9tranger. La prochaine \u00e9tape est donc d\u2019impliquer plus de gens<small class=\"fine\">\u00a0<\/small>\u00bb<\/i>, dit Tinna.<\/p>\n<dl class=\"spip_document_9956 spip_documents spip_documents_center\">\n<dt><img loading=\"lazy\" decoding=\"async\" src=\"http:\/\/reporterre.net\/local\/cache-vignettes\/L700xH467\/inte-4-f0502.jpg\" alt=\"JPEG - 97.6\u00a0ko\" width=\"700\" height=\"467\" \/><\/dt>\n<dt class=\"spip_doc_titre\">Savons fra\u00eechement coul\u00e9s dans leur moule en train de s\u00e9cher<\/dt>\n<\/dl>\n<h3 class=\"spip\">La fragile flamme de l\u2019utopie autogestionnaire grecque<\/h3>\n<p class=\"texte\">Vio Me, cette lutte de travailleurs s\u2019appuyant sur un soutien populaire cons\u00e9quent, est souvent port\u00e9e en \u00e9tendard du mouvement des structures autog\u00e9r\u00e9es en Gr\u00e8ce qui s\u2019est d\u00e9velopp\u00e9, si l\u2019on peut dire, \u00e0 la faveur de la guerre \u00e9conomique qui a plong\u00e9 le pays dans la tourmente. Pourtant, sur le plan \u00e9conomique, cette exp\u00e9rience est fragile. <i>\u00ab<small class=\"fine\">\u00a0<\/small>Les salaires permettent \u00e0 peine de survivre<small class=\"fine\">\u00a0<\/small>\u00bb<\/i>, fait savoir Tinna. D\u2019autant plus qu\u2019ils ont travaill\u00e9 d\u2019arrache-pied pour r\u00e9organiser la production, et s\u2019approprier les nouveaux savoir-faire, tout en menant un travail politique intense.<i>\u00ab<small class=\"fine\">\u00a0<\/small>On travaille bien plus de huit heures par jour. Vio Me implique une large partie de notre vie. On aimerait bosser moins mais on doit penser \u00e0 notre survie<small class=\"fine\">\u00a0<\/small>\u00bb<\/i>, raconte-t-elle, visiblement \u00e9prouv\u00e9e. A plusieurs reprises pendant l\u2019entretien, elle fait montre d\u2019un certain agacement et r\u00e9pond aux questions avec des phrases courtes entrecoup\u00e9es de soupirs.<\/p>\n<dl class=\"spip_document_9955 spip_documents spip_documents_center\">\n<dt><img loading=\"lazy\" decoding=\"async\" src=\"http:\/\/reporterre.net\/local\/cache-vignettes\/L700xH467\/intok-6-01981.jpg\" alt=\"JPEG - 67\u00a0ko\" width=\"700\" height=\"467\" \/><\/dt>\n<dt class=\"spip_doc_titre\"><strong>Cour int\u00e9rieure de l\u2019usine<\/strong><\/dt>\n<\/dl>\n<p class=\"texte\">La jeune femme explique que nous ne sommes pas tomb\u00e9s au meilleur des moments.<i>\u00ab<small class=\"fine\">\u00a0<\/small>Excusez-moi si je suis un peu stress\u00e9e, la situation est tendue ces jours-ci.<small class=\"fine\">\u00a0<\/small>\u00bb<\/i> Ils font face aux pressions de plus en plus insistantes des propri\u00e9taires de l\u2019usine qui multiplient les proc\u00e9dures judiciaires. <i>\u00ab<small class=\"fine\">\u00a0<\/small>On en a une par mois en ce moment<small class=\"fine\">\u00a0<\/small>\u00bb<\/i>, assure Tinna. Selon elle, ces derniers r\u00eavent de r\u00e9cup\u00e9rer leur bien, non pas pour relancer la production mais pour tout d\u00e9truire et vendre le terrain \u00e0 des promoteurs immobiliers afin d\u2019agrandir encore la zone commerciale.Un risque rendu plausible par deux d\u00e9cisions de justice d\u00e9favorables \u00e0 Vio Me. Concr\u00e8tement, ils sont expulsables \u00e0 tout moment. Certains soutiens du mouvement font pression sur le gouvernement pour permettre \u00e0 cette exp\u00e9rience autogestionnaire de se d\u00e9velopper dans de bonnes conditions. Tinna elle d\u00e9clare ne pas s\u2019int\u00e9resser \u00e0 ce qui se passe dans la t\u00eate des puissants. <i>\u00ab<small class=\"fine\">\u00a0<\/small>On ne sait pas ce qu\u2019ils veulent faire. Ce qu\u2019on sait, c\u2019est que la police devra venir nous d\u00e9loger. On va r\u00e9sister et r\u00e9agir<small class=\"fine\">\u00a0<\/small>\u00bb<\/i>, lance la jeune femme, faisant \u00e9cho au slogan de Vio Me\u00a0: <i>\u00ab<small class=\"fine\">\u00a0<\/small>Occuper, R\u00e9sister, Produire.<small class=\"fine\">\u00a0<\/small>\u00bb<\/i>Le collectif de soutien \u00e0 Vio Me milite aussi pour une <a class=\"spip_out\" href=\"http:\/\/roarmag.org\/2015\/04\/greece-workers-solidarity-caravan\/\" target=\"_blank\" rel=\"external\">r\u00e9gularisation de leur statut d\u2019entreprise autog\u00e9r\u00e9e<\/a>, chose promise par Tsipras lors d\u2019une visite de l\u2019usine <a class=\"spip_out\" href=\"http:\/\/www.demotix.com\/news\/1832179\/president-syriza-alexis-tsipras-visits-viome-factory#media-1832085\" target=\"_blank\" rel=\"external\">pendant sa campagne \u00e9lectorale<\/a>.Je demande \u00e0 mes interlocuteurs aux visages aussi fatigu\u00e9s que les murs de l\u2019usine si malgr\u00e9 les difficult\u00e9s, le jeu en vaut la chandelle. <i>\u00ab<small class=\"fine\">\u00a0<\/small>M\u00eame si je ne le croyais pas, on n\u2019a pas d\u2019autres choix<small class=\"fine\">\u00a0<\/small>\u00bb<\/i>, r\u00e9pond Tinna apr\u00e8s une h\u00e9sitation en rappelant que la plupart des ouvriers \u00e9taient en premier lieu d\u00e9sireux de maintenir leur emploi dans un contexte de ch\u00f4mage de masse. Dimitris lui est plus tranch\u00e9\u00a0: <i>\u00ab<small class=\"fine\">\u00a0<\/small>En un mot\u00a0: Oui<small class=\"fine\">\u00a0<\/small>! Bien s\u00fbr que \u00e7a vaut la peine. Certes on est partis du besoin de survivre mais \u00e7a a surtout \u00e0 voir avec la libert\u00e9 et la lutte des classes.<small class=\"fine\">\u00a0<\/small>\u00bb<\/i> Ragaillardie par la r\u00e9ponse de son camarade de lutte, Tinna rebondit\u00a0: <i>\u00ab<small class=\"fine\">\u00a0<\/small>Ce que je gagne vient de ce que je produis. Il n\u2019y a pas de patron qui profite de notre travail. D\u2019abord on se d\u00e9barrasse des patrons, ensuite on se d\u00e9barrassera de l\u2019Etat.<small class=\"fine\">\u00a0<\/small>\u00bb<\/i>Les travailleurs de Vio Me aimeraient que d\u2019autres leur embo\u00eetent le pas sur les chemins de la r\u00e9volte et de l\u2019autogestion. Ils multiplient donc les \u00e9v\u00e9nements militants et accueillent r\u00e9guli\u00e8rement des visiteurs, accompagnent et soutiennent d\u2019autres travailleurs dans leurs luttes, en Gr\u00e8ce et ailleurs. Ainsi, dans un des hangars, on peut voir une grande affiche en espagnol en soutien \u00e0 des camarades argentins. <i>\u00ab<small class=\"fine\">\u00a0<\/small>On ne se bat pas seulement pour nous<\/i>, assure Dimitris,<i>mais aussi pour montrer \u00e0 d\u2019autres que c\u2019est possible.<small class=\"fine\">\u00a0<\/small>\u00bb<\/i><\/p>\n<dl class=\"spip_document_9954 spip_documents spip_documents_center\">\n<dt><img loading=\"lazy\" decoding=\"async\" src=\"http:\/\/reporterre.net\/local\/cache-vignettes\/L700xH467\/bande-e00c0.jpg\" alt=\"JPEG - 89.5\u00a0ko\" width=\"700\" height=\"467\" \/><\/dt>\n<dt class=\"spip_doc_titre\"><strong>Message de soutien \u00e0 des camarades argentins\u00a0<\/strong>: \u00ab<small class=\"fine\">\u00a0<\/small>La moiti\u00e9 de notre coeur est \u00e0 Buenos Aires. Vio Me soutient Bauen<small class=\"fine\">\u00a0<\/small>\u00bb<\/dt>\n<\/dl>\n<p class=\"texte\">Sur ces mots, il nous propose une visite de l\u2019usine pendant que Tinna retourne g\u00e9rer quelques affaires pressantes. Cet homme robuste nous montre les diff\u00e9rents produits fabriqu\u00e9s sur place, les machines qu\u2019ils ont parfois bricol\u00e9es eux-m\u00eames, mais aussi la partie de l\u2019usine rest\u00e9e inutilis\u00e9e. Le long d\u2019un mur, des sacs de colle p\u00e9rim\u00e9s, vestige de l\u2019activit\u00e9 pass\u00e9e, sont soigneusement empil\u00e9s. Au milieu de ce hangar d\u00e9sert tr\u00f4ne un amphith\u00e9\u00e2tre de fortune, fait de palettes empil\u00e9es et \u00e9clair\u00e9 par un p\u00e2le halo de lumi\u00e8re qui filtre \u00e0 travers les t\u00f4les translucides.<\/p>\n<dl class=\"spip_document_9953 spip_documents spip_documents_center\">\n<dt><img loading=\"lazy\" decoding=\"async\" src=\"http:\/\/reporterre.net\/local\/cache-vignettes\/L700xH467\/ass-3-be951.jpg\" alt=\"JPEG - 75.1\u00a0ko\" width=\"700\" height=\"467\" \/><\/dt>\n<dt class=\"spip_doc_titre\"><strong>Lieu d\u2019assembl\u00e9e de Vio Me<\/strong><\/dt>\n<\/dl>\n<p class=\"texte\">Dimitris nous explique que c\u2019est ici qu\u2019ils tiennent leurs assembl\u00e9es. Il nous raconte avec fiert\u00e9, dans son anglais de coll\u00e9gien, qu\u2019un groupe de rap local a tourn\u00e9 un clip sur leur lutte \u00e0 cet endroit m\u00eame. Puis, d\u2019un geste, il nous invite \u00e0 le suivre dans un long escalier en fer qui m\u00e8ne sur le toit.La plate-forme offre une vue imprenable sur la vall\u00e9e. D\u2019un c\u00f4t\u00e9, la ville, puis une for\u00eat qui laisse deviner la mer. De l\u2019autre, les derni\u00e8res usines, progressivement cern\u00e9es par la zone commerciale que l\u2019on aper\u00e7oit derri\u00e8re de grands arbres. En d\u00e9but d\u2019entretien, Dimitris comparait leur lutte contre le capitalisme \u00e0 la r\u00e9sistance du village d\u2019Asterix contre les Romains. Vu d\u2019en haut, l\u2019image prend tout son sens. En nous raccompagnant \u00e0 la porte qu\u2019elle prendra soin de refermer derri\u00e8re nous, Tinna, avec son sourire retrouv\u00e9, nous glisse un message\u00a0: <i>\u00ab<small class=\"fine\">\u00a0<\/small>Parlez de notre lutte, on en a besoin.<small class=\"fine\">\u00a0<\/small>\u00bb<\/i><\/p>\n<hr size=\"1\" \/>\n<p><b>Lire aussi : <\/b><a class=\"lientheme\" href=\"http:\/\/reporterre.net\/En-Grece-la-clinique-solidaire-soigne-les-blesses-de-la-guerre-economique\">En Gr\u00e8ce, la clinique solidaire soigne les bless\u00e9s de la guerre \u00e9conomique<\/a><\/p>\n<hr size=\"1\" \/>\n<p><strong>Source\u00a0:<\/strong> Emmanuel Daniel pour <i>Reporterre<\/i><\/p>\n<p><strong>Photos\u00a0:<\/strong> \u00a9 Emmanuel Daniel\/<i>Reporterre<\/i><\/p>\n<\/div>\n<div id=\"container_colonne\" class=\"noprint\">\n<div>DOSSIER\u00a0\u00a0\u00a0 <a class=\"liendossier\" href=\"http:\/\/reporterre.net\/+-Grece-+\">Gr\u00e8ce<\/a><\/div>\n<div class=\"pintroduction\"><\/div>\n<\/div>\n<div class=\"nettoyeur\"><\/div>\n<div class=\"noprint\"><\/div>\n","protected":false},"excerpt":{"rendered":"<p>L\u2019histoire de Vio Me est un rayon de soleil dans l\u2019hiver sans fin que traverse la Gr\u00e8ce, alors qu\u2019elle \u00e9lit dimanche 20\u00a0septembre sa nouvelle Assembl\u00e9e l\u00e9gislative. Le patron a ferm\u00e9 cette usine de mat\u00e9riaux pour le BTP, mais les ouvriers&hellip;<\/p>\n","protected":false},"author":1138,"featured_media":224357,"comment_status":"closed","ping_status":"open","sticky":false,"template":"","format":"standard","meta":{"footnotes":""},"categories":[98,97,100,85,163],"tags":[1032,2639,259,2961,434],"class_list":["post-224351","post","type-post","status-publish","format-standard","has-post-thumbnail","hentry","category-droits-de-lhomme","category-environnement-et-ecologie","category-economie","category-europe-fr","category-opinion-fr","tag-autogestion-fr","tag-diversite","tag-economie-2","tag-emploi","tag-grece"],"yoast_head":"<!-- This site is optimized with the Yoast SEO plugin v27.1.1 - https:\/\/yoast.com\/product\/yoast-seo-wordpress\/ -->\n<title>L\u2019usine grecque qui r\u00e9siste sans patron et avec des savons \u00e9colos<\/title>\n<meta name=\"description\" content=\"L\u2019histoire de Vio Me est un rayon de soleil dans l\u2019hiver sans fin que traverse la Gr\u00e8ce, alors qu\u2019elle \u00e9lit dimanche 20\u00a0septembre sa nouvelle Assembl\u00e9e\" \/>\n<meta name=\"robots\" content=\"index, follow, max-snippet:-1, max-image-preview:large, max-video-preview:-1\" \/>\n<link rel=\"canonical\" href=\"https:\/\/www.pressenza.com\/fr\/2015\/09\/lusine-grecque-qui-resiste-sans-patron-et-avec-des-savons-ecolos\/\" \/>\n<meta property=\"og:locale\" content=\"fr_FR\" \/>\n<meta property=\"og:type\" content=\"article\" \/>\n<meta property=\"og:title\" content=\"L\u2019usine grecque qui r\u00e9siste sans patron et avec des savons \u00e9colos\" \/>\n<meta property=\"og:description\" content=\"L\u2019histoire de Vio Me est un rayon de soleil dans l\u2019hiver sans fin que traverse la Gr\u00e8ce, alors qu\u2019elle \u00e9lit dimanche 20\u00a0septembre sa nouvelle Assembl\u00e9e\" \/>\n<meta property=\"og:url\" content=\"https:\/\/www.pressenza.com\/fr\/2015\/09\/lusine-grecque-qui-resiste-sans-patron-et-avec-des-savons-ecolos\/\" \/>\n<meta property=\"og:site_name\" content=\"Pressenza\" \/>\n<meta property=\"article:publisher\" content=\"https:\/\/www.facebook.com\/PressenzaItalia\" \/>\n<meta property=\"article:published_time\" content=\"2015-09-21T09:46:46+00:00\" \/>\n<meta property=\"og:image\" content=\"https:\/\/www.pressenza.com\/wp-content\/uploads\/2015\/09\/arton8081-982d1.jpg\" \/>\n\t<meta property=\"og:image:width\" content=\"720\" \/>\n\t<meta property=\"og:image:height\" content=\"481\" \/>\n\t<meta property=\"og:image:type\" content=\"image\/jpeg\" \/>\n<meta name=\"author\" content=\"Reporterre, le quotidien de l\u2019\u00e9cologie\" \/>\n<meta name=\"twitter:card\" content=\"summary_large_image\" \/>\n<meta name=\"twitter:creator\" content=\"@reporterre\" \/>\n<meta name=\"twitter:site\" content=\"@PressenzaIPA\" \/>\n<meta name=\"twitter:label1\" content=\"\u00c9crit par\" \/>\n\t<meta name=\"twitter:data1\" content=\"Reporterre, le quotidien de l\u2019\u00e9cologie\" \/>\n\t<meta name=\"twitter:label2\" content=\"Dur\u00e9e de lecture estim\u00e9e\" \/>\n\t<meta name=\"twitter:data2\" content=\"11 minutes\" \/>\n<script type=\"application\/ld+json\" class=\"yoast-schema-graph\">{\"@context\":\"https:\/\/schema.org\",\"@graph\":[{\"@type\":\"Article\",\"@id\":\"https:\/\/www.pressenza.com\/fr\/2015\/09\/lusine-grecque-qui-resiste-sans-patron-et-avec-des-savons-ecolos\/#article\",\"isPartOf\":{\"@id\":\"https:\/\/www.pressenza.com\/fr\/2015\/09\/lusine-grecque-qui-resiste-sans-patron-et-avec-des-savons-ecolos\/\"},\"author\":{\"name\":\"Reporterre, le quotidien de l\u2019\u00e9cologie\",\"@id\":\"https:\/\/www.pressenza.com\/fr\/#\/schema\/person\/de7a73acc724ec52aecb29649b65b9bc\"},\"headline\":\"L\u2019usine grecque qui r\u00e9siste sans patron et avec des savons \u00e9colos\",\"datePublished\":\"2015-09-21T09:46:46+00:00\",\"mainEntityOfPage\":{\"@id\":\"https:\/\/www.pressenza.com\/fr\/2015\/09\/lusine-grecque-qui-resiste-sans-patron-et-avec-des-savons-ecolos\/\"},\"wordCount\":2167,\"publisher\":{\"@id\":\"https:\/\/www.pressenza.com\/fr\/#organization\"},\"image\":{\"@id\":\"https:\/\/www.pressenza.com\/fr\/2015\/09\/lusine-grecque-qui-resiste-sans-patron-et-avec-des-savons-ecolos\/#primaryimage\"},\"thumbnailUrl\":\"https:\/\/www.pressenza.com\/wp-content\/uploads\/2015\/09\/arton8081-982d1.jpg\",\"keywords\":[\"Autogestion\",\"diversit\u00e9\",\"\u00e9conomie\",\"emploi\",\"Gr\u00e8ce\"],\"articleSection\":[\"Droits humains\",\"Ecologie et Environnement\",\"Economie\",\"Europe\",\"Opinion\"],\"inLanguage\":\"fr-FR\"},{\"@type\":\"WebPage\",\"@id\":\"https:\/\/www.pressenza.com\/fr\/2015\/09\/lusine-grecque-qui-resiste-sans-patron-et-avec-des-savons-ecolos\/\",\"url\":\"https:\/\/www.pressenza.com\/fr\/2015\/09\/lusine-grecque-qui-resiste-sans-patron-et-avec-des-savons-ecolos\/\",\"name\":\"L\u2019usine grecque qui r\u00e9siste sans patron et avec des savons \u00e9colos\",\"isPartOf\":{\"@id\":\"https:\/\/www.pressenza.com\/fr\/#website\"},\"primaryImageOfPage\":{\"@id\":\"https:\/\/www.pressenza.com\/fr\/2015\/09\/lusine-grecque-qui-resiste-sans-patron-et-avec-des-savons-ecolos\/#primaryimage\"},\"image\":{\"@id\":\"https:\/\/www.pressenza.com\/fr\/2015\/09\/lusine-grecque-qui-resiste-sans-patron-et-avec-des-savons-ecolos\/#primaryimage\"},\"thumbnailUrl\":\"https:\/\/www.pressenza.com\/wp-content\/uploads\/2015\/09\/arton8081-982d1.jpg\",\"datePublished\":\"2015-09-21T09:46:46+00:00\",\"description\":\"L\u2019histoire de Vio Me est un rayon de soleil dans l\u2019hiver sans fin que traverse la Gr\u00e8ce, alors qu\u2019elle \u00e9lit dimanche 20\u00a0septembre sa nouvelle Assembl\u00e9e\",\"breadcrumb\":{\"@id\":\"https:\/\/www.pressenza.com\/fr\/2015\/09\/lusine-grecque-qui-resiste-sans-patron-et-avec-des-savons-ecolos\/#breadcrumb\"},\"inLanguage\":\"fr-FR\",\"potentialAction\":[{\"@type\":\"ReadAction\",\"target\":[\"https:\/\/www.pressenza.com\/fr\/2015\/09\/lusine-grecque-qui-resiste-sans-patron-et-avec-des-savons-ecolos\/\"]}]},{\"@type\":\"ImageObject\",\"inLanguage\":\"fr-FR\",\"@id\":\"https:\/\/www.pressenza.com\/fr\/2015\/09\/lusine-grecque-qui-resiste-sans-patron-et-avec-des-savons-ecolos\/#primaryimage\",\"url\":\"https:\/\/www.pressenza.com\/wp-content\/uploads\/2015\/09\/arton8081-982d1.jpg\",\"contentUrl\":\"https:\/\/www.pressenza.com\/wp-content\/uploads\/2015\/09\/arton8081-982d1.jpg\",\"width\":720,\"height\":481},{\"@type\":\"BreadcrumbList\",\"@id\":\"https:\/\/www.pressenza.com\/fr\/2015\/09\/lusine-grecque-qui-resiste-sans-patron-et-avec-des-savons-ecolos\/#breadcrumb\",\"itemListElement\":[{\"@type\":\"ListItem\",\"position\":1,\"name\":\"Accueil\",\"item\":\"https:\/\/www.pressenza.com\/fr\/\"},{\"@type\":\"ListItem\",\"position\":2,\"name\":\"L\u2019usine grecque qui r\u00e9siste sans patron et avec des savons \u00e9colos\"}]},{\"@type\":\"WebSite\",\"@id\":\"https:\/\/www.pressenza.com\/fr\/#website\",\"url\":\"https:\/\/www.pressenza.com\/fr\/\",\"name\":\"Pressenza\",\"description\":\"International Press Agency\",\"publisher\":{\"@id\":\"https:\/\/www.pressenza.com\/fr\/#organization\"},\"potentialAction\":[{\"@type\":\"SearchAction\",\"target\":{\"@type\":\"EntryPoint\",\"urlTemplate\":\"https:\/\/www.pressenza.com\/fr\/?s={search_term_string}\"},\"query-input\":{\"@type\":\"PropertyValueSpecification\",\"valueRequired\":true,\"valueName\":\"search_term_string\"}}],\"inLanguage\":\"fr-FR\"},{\"@type\":\"Organization\",\"@id\":\"https:\/\/www.pressenza.com\/fr\/#organization\",\"name\":\"Pressenza\",\"url\":\"https:\/\/www.pressenza.com\/fr\/\",\"logo\":{\"@type\":\"ImageObject\",\"inLanguage\":\"fr-FR\",\"@id\":\"https:\/\/www.pressenza.com\/fr\/#\/schema\/logo\/image\/\",\"url\":\"https:\/\/www.pressenza.com\/wp-content\/uploads\/2022\/10\/pressenza_logo_200x200.jpg\",\"contentUrl\":\"https:\/\/www.pressenza.com\/wp-content\/uploads\/2022\/10\/pressenza_logo_200x200.jpg\",\"width\":200,\"height\":200,\"caption\":\"Pressenza\"},\"image\":{\"@id\":\"https:\/\/www.pressenza.com\/fr\/#\/schema\/logo\/image\/\"},\"sameAs\":[\"https:\/\/www.facebook.com\/PressenzaItalia\",\"https:\/\/x.com\/PressenzaIPA\"]},{\"@type\":\"Person\",\"@id\":\"https:\/\/www.pressenza.com\/fr\/#\/schema\/person\/de7a73acc724ec52aecb29649b65b9bc\",\"name\":\"Reporterre, le quotidien de l\u2019\u00e9cologie\",\"description\":\"Reporterre propose des informations claires et pertinentes sur l\u2019\u00e9cologie dans ses dimensions politique et sociale, ainsi qu\u2019un espace de tribunes pour r\u00e9fl\u00e9chir et d\u00e9battre. Pour nous, l\u2019\u00e9cologie ne peut se r\u00e9duire \u00e0 des questions de nature et de pollution - m\u00eame si nous suivons attentivement ces questions vitales. L\u2019\u00e9cologie engage le destin commun, engage l\u2019avenir, sa situation d\u00e9coule largement des rapports sociaux. Reporterre entend aussi relayer toutes les initiatives qui montrent que les alternatives au syst\u00e8me dominant sont possibles et r\u00e9alistes. www.reporterre.net\",\"sameAs\":[\"http:\/\/www.reporterre.net\/\",\"https:\/\/x.com\/@reporterre\"],\"url\":\"https:\/\/www.pressenza.com\/fr\/author\/reporterre\/\"}]}<\/script>\n<!-- \/ Yoast SEO plugin. -->","yoast_head_json":{"title":"L\u2019usine grecque qui r\u00e9siste sans patron et avec des savons \u00e9colos","description":"L\u2019histoire de Vio Me est un rayon de soleil dans l\u2019hiver sans fin que traverse la Gr\u00e8ce, alors qu\u2019elle \u00e9lit dimanche 20\u00a0septembre sa nouvelle Assembl\u00e9e","robots":{"index":"index","follow":"follow","max-snippet":"max-snippet:-1","max-image-preview":"max-image-preview:large","max-video-preview":"max-video-preview:-1"},"canonical":"https:\/\/www.pressenza.com\/fr\/2015\/09\/lusine-grecque-qui-resiste-sans-patron-et-avec-des-savons-ecolos\/","og_locale":"fr_FR","og_type":"article","og_title":"L\u2019usine grecque qui r\u00e9siste sans patron et avec des savons \u00e9colos","og_description":"L\u2019histoire de Vio Me est un rayon de soleil dans l\u2019hiver sans fin que traverse la Gr\u00e8ce, alors qu\u2019elle \u00e9lit dimanche 20\u00a0septembre sa nouvelle Assembl\u00e9e","og_url":"https:\/\/www.pressenza.com\/fr\/2015\/09\/lusine-grecque-qui-resiste-sans-patron-et-avec-des-savons-ecolos\/","og_site_name":"Pressenza","article_publisher":"https:\/\/www.facebook.com\/PressenzaItalia","article_published_time":"2015-09-21T09:46:46+00:00","og_image":[{"width":720,"height":481,"url":"https:\/\/www.pressenza.com\/wp-content\/uploads\/2015\/09\/arton8081-982d1.jpg","type":"image\/jpeg"}],"author":"Reporterre, le quotidien de l\u2019\u00e9cologie","twitter_card":"summary_large_image","twitter_creator":"@reporterre","twitter_site":"@PressenzaIPA","twitter_misc":{"\u00c9crit par":"Reporterre, le quotidien de l\u2019\u00e9cologie","Dur\u00e9e de lecture estim\u00e9e":"11 minutes"},"schema":{"@context":"https:\/\/schema.org","@graph":[{"@type":"Article","@id":"https:\/\/www.pressenza.com\/fr\/2015\/09\/lusine-grecque-qui-resiste-sans-patron-et-avec-des-savons-ecolos\/#article","isPartOf":{"@id":"https:\/\/www.pressenza.com\/fr\/2015\/09\/lusine-grecque-qui-resiste-sans-patron-et-avec-des-savons-ecolos\/"},"author":{"name":"Reporterre, le quotidien de l\u2019\u00e9cologie","@id":"https:\/\/www.pressenza.com\/fr\/#\/schema\/person\/de7a73acc724ec52aecb29649b65b9bc"},"headline":"L\u2019usine grecque qui r\u00e9siste sans patron et avec des savons \u00e9colos","datePublished":"2015-09-21T09:46:46+00:00","mainEntityOfPage":{"@id":"https:\/\/www.pressenza.com\/fr\/2015\/09\/lusine-grecque-qui-resiste-sans-patron-et-avec-des-savons-ecolos\/"},"wordCount":2167,"publisher":{"@id":"https:\/\/www.pressenza.com\/fr\/#organization"},"image":{"@id":"https:\/\/www.pressenza.com\/fr\/2015\/09\/lusine-grecque-qui-resiste-sans-patron-et-avec-des-savons-ecolos\/#primaryimage"},"thumbnailUrl":"https:\/\/www.pressenza.com\/wp-content\/uploads\/2015\/09\/arton8081-982d1.jpg","keywords":["Autogestion","diversit\u00e9","\u00e9conomie","emploi","Gr\u00e8ce"],"articleSection":["Droits humains","Ecologie et Environnement","Economie","Europe","Opinion"],"inLanguage":"fr-FR"},{"@type":"WebPage","@id":"https:\/\/www.pressenza.com\/fr\/2015\/09\/lusine-grecque-qui-resiste-sans-patron-et-avec-des-savons-ecolos\/","url":"https:\/\/www.pressenza.com\/fr\/2015\/09\/lusine-grecque-qui-resiste-sans-patron-et-avec-des-savons-ecolos\/","name":"L\u2019usine grecque qui r\u00e9siste sans patron et avec des savons \u00e9colos","isPartOf":{"@id":"https:\/\/www.pressenza.com\/fr\/#website"},"primaryImageOfPage":{"@id":"https:\/\/www.pressenza.com\/fr\/2015\/09\/lusine-grecque-qui-resiste-sans-patron-et-avec-des-savons-ecolos\/#primaryimage"},"image":{"@id":"https:\/\/www.pressenza.com\/fr\/2015\/09\/lusine-grecque-qui-resiste-sans-patron-et-avec-des-savons-ecolos\/#primaryimage"},"thumbnailUrl":"https:\/\/www.pressenza.com\/wp-content\/uploads\/2015\/09\/arton8081-982d1.jpg","datePublished":"2015-09-21T09:46:46+00:00","description":"L\u2019histoire de Vio Me est un rayon de soleil dans l\u2019hiver sans fin que traverse la Gr\u00e8ce, alors qu\u2019elle \u00e9lit dimanche 20\u00a0septembre sa nouvelle Assembl\u00e9e","breadcrumb":{"@id":"https:\/\/www.pressenza.com\/fr\/2015\/09\/lusine-grecque-qui-resiste-sans-patron-et-avec-des-savons-ecolos\/#breadcrumb"},"inLanguage":"fr-FR","potentialAction":[{"@type":"ReadAction","target":["https:\/\/www.pressenza.com\/fr\/2015\/09\/lusine-grecque-qui-resiste-sans-patron-et-avec-des-savons-ecolos\/"]}]},{"@type":"ImageObject","inLanguage":"fr-FR","@id":"https:\/\/www.pressenza.com\/fr\/2015\/09\/lusine-grecque-qui-resiste-sans-patron-et-avec-des-savons-ecolos\/#primaryimage","url":"https:\/\/www.pressenza.com\/wp-content\/uploads\/2015\/09\/arton8081-982d1.jpg","contentUrl":"https:\/\/www.pressenza.com\/wp-content\/uploads\/2015\/09\/arton8081-982d1.jpg","width":720,"height":481},{"@type":"BreadcrumbList","@id":"https:\/\/www.pressenza.com\/fr\/2015\/09\/lusine-grecque-qui-resiste-sans-patron-et-avec-des-savons-ecolos\/#breadcrumb","itemListElement":[{"@type":"ListItem","position":1,"name":"Accueil","item":"https:\/\/www.pressenza.com\/fr\/"},{"@type":"ListItem","position":2,"name":"L\u2019usine grecque qui r\u00e9siste sans patron et avec des savons \u00e9colos"}]},{"@type":"WebSite","@id":"https:\/\/www.pressenza.com\/fr\/#website","url":"https:\/\/www.pressenza.com\/fr\/","name":"Pressenza","description":"International Press Agency","publisher":{"@id":"https:\/\/www.pressenza.com\/fr\/#organization"},"potentialAction":[{"@type":"SearchAction","target":{"@type":"EntryPoint","urlTemplate":"https:\/\/www.pressenza.com\/fr\/?s={search_term_string}"},"query-input":{"@type":"PropertyValueSpecification","valueRequired":true,"valueName":"search_term_string"}}],"inLanguage":"fr-FR"},{"@type":"Organization","@id":"https:\/\/www.pressenza.com\/fr\/#organization","name":"Pressenza","url":"https:\/\/www.pressenza.com\/fr\/","logo":{"@type":"ImageObject","inLanguage":"fr-FR","@id":"https:\/\/www.pressenza.com\/fr\/#\/schema\/logo\/image\/","url":"https:\/\/www.pressenza.com\/wp-content\/uploads\/2022\/10\/pressenza_logo_200x200.jpg","contentUrl":"https:\/\/www.pressenza.com\/wp-content\/uploads\/2022\/10\/pressenza_logo_200x200.jpg","width":200,"height":200,"caption":"Pressenza"},"image":{"@id":"https:\/\/www.pressenza.com\/fr\/#\/schema\/logo\/image\/"},"sameAs":["https:\/\/www.facebook.com\/PressenzaItalia","https:\/\/x.com\/PressenzaIPA"]},{"@type":"Person","@id":"https:\/\/www.pressenza.com\/fr\/#\/schema\/person\/de7a73acc724ec52aecb29649b65b9bc","name":"Reporterre, le quotidien de l\u2019\u00e9cologie","description":"Reporterre propose des informations claires et pertinentes sur l\u2019\u00e9cologie dans ses dimensions politique et sociale, ainsi qu\u2019un espace de tribunes pour r\u00e9fl\u00e9chir et d\u00e9battre. Pour nous, l\u2019\u00e9cologie ne peut se r\u00e9duire \u00e0 des questions de nature et de pollution - m\u00eame si nous suivons attentivement ces questions vitales. L\u2019\u00e9cologie engage le destin commun, engage l\u2019avenir, sa situation d\u00e9coule largement des rapports sociaux. Reporterre entend aussi relayer toutes les initiatives qui montrent que les alternatives au syst\u00e8me dominant sont possibles et r\u00e9alistes. www.reporterre.net","sameAs":["http:\/\/www.reporterre.net\/","https:\/\/x.com\/@reporterre"],"url":"https:\/\/www.pressenza.com\/fr\/author\/reporterre\/"}]}},"place":"","original_article_url":"http:\/\/reporterre.net\/L-usine-grecque-qui-resiste-sans-patron-et-avec-des-savons-ecolos","_links":{"self":[{"href":"https:\/\/www.pressenza.com\/fr\/wp-json\/wp\/v2\/posts\/224351","targetHints":{"allow":["GET"]}}],"collection":[{"href":"https:\/\/www.pressenza.com\/fr\/wp-json\/wp\/v2\/posts"}],"about":[{"href":"https:\/\/www.pressenza.com\/fr\/wp-json\/wp\/v2\/types\/post"}],"author":[{"embeddable":true,"href":"https:\/\/www.pressenza.com\/fr\/wp-json\/wp\/v2\/users\/1138"}],"replies":[{"embeddable":true,"href":"https:\/\/www.pressenza.com\/fr\/wp-json\/wp\/v2\/comments?post=224351"}],"version-history":[{"count":0,"href":"https:\/\/www.pressenza.com\/fr\/wp-json\/wp\/v2\/posts\/224351\/revisions"}],"wp:featuredmedia":[{"embeddable":true,"href":"https:\/\/www.pressenza.com\/fr\/wp-json\/wp\/v2\/media\/224357"}],"wp:attachment":[{"href":"https:\/\/www.pressenza.com\/fr\/wp-json\/wp\/v2\/media?parent=224351"}],"wp:term":[{"taxonomy":"category","embeddable":true,"href":"https:\/\/www.pressenza.com\/fr\/wp-json\/wp\/v2\/categories?post=224351"},{"taxonomy":"post_tag","embeddable":true,"href":"https:\/\/www.pressenza.com\/fr\/wp-json\/wp\/v2\/tags?post=224351"}],"curies":[{"name":"wp","href":"https:\/\/api.w.org\/{rel}","templated":true}]}}