{"id":223664,"date":"2015-09-19T10:22:58","date_gmt":"2015-09-19T09:22:58","guid":{"rendered":"http:\/\/www.pressenza.com\/fr\/?p=223664"},"modified":"2015-09-19T19:30:59","modified_gmt":"2015-09-19T18:30:59","slug":"burkina-faso-il-faut-que-larmee-libere-les-dirigeants-detenus-et-sabstienne-de-reprimer-violemment-les-manifestations","status":"publish","type":"post","link":"https:\/\/www.pressenza.com\/fr\/2015\/09\/burkina-faso-il-faut-que-larmee-libere-les-dirigeants-detenus-et-sabstienne-de-reprimer-violemment-les-manifestations\/","title":{"rendered":"Burkina Faso. Il faut que l\u2019arm\u00e9e lib\u00e8re les dirigeants d\u00e9tenus et s\u2019abstienne de r\u00e9primer violemment les manifestations"},"content":{"rendered":"<p class=\"date\">Il faut que la garde pr\u00e9sidentielle du Burkina Faso cesse d\u2019avoir recours \u00e0 la force meurtri\u00e8re, aux coups et \u00e0 toute autre forme de violence pour r\u00e9primer les manifestations et qu\u2019elle lib\u00e8re les membres du gouvernement de transition qui sont d\u00e9tenus arbitrairement, a d\u00e9clar\u00e9 Amnesty International en apprenant que des manifestants avaient \u00e9t\u00e9 frapp\u00e9s et avaient essuy\u00e9 des tirs \u00e0 la suite du coup d\u2019\u00c9tat du 17\u00a0septembre.<\/p>\n<div class=\"content\">\n<p>Des manifestations de grande ampleur s\u2019annoncent en r\u00e9action \u00e0 la dissolution du gouvernement de transition et les membres du r\u00e9giment de s\u00e9curit\u00e9 pr\u00e9sidentielle (RSP) doivent s\u2019abstenir d\u2019avoir recours une nouvelle fois \u00e0 une force excessive contre des manifestants pacifiques. En octobre 2014, plus de 10\u00a0personnes avaient \u00e9t\u00e9 tu\u00e9es et des centaines avaient \u00e9t\u00e9 bless\u00e9es lorsque les forces de s\u00e9curit\u00e9, dont le RSP, avaient ouvert le feu sur la foule sans arme.<\/p>\n<p>Plusieurs h\u00f4pitaux de Ouagadougou ont d\u00e9j\u00e0 admis des civils pr\u00e9sentant des blessures par balle. Des d\u00e9c\u00e8s ont \u00e9t\u00e9 signal\u00e9s.\u00a0Des d\u00e9l\u00e9gu\u00e9s d\u2019Amnesty International se sont entretenus avec un t\u00e9moin ayant vu le corps d\u2019une personne tu\u00e9e par balle.<\/p>\n<p>\u00ab\u00a0La situation au Burkina Faso est extr\u00eamement pr\u00e9occupante. Le pr\u00e9sident par int\u00e9rim et toutes les autres personnes d\u00e9tenues doivent \u00eatre lib\u00e9r\u00e9s sans d\u00e9lai et leur int\u00e9grit\u00e9 physique doit \u00eatre prot\u00e9g\u00e9e, a d\u00e9clar\u00e9 Gaetan Mootoo, sp\u00e9cialiste de l\u2019Afrique de l\u2019Ouest \u00e0 Amnesty International.<\/p>\n<p>\u00ab\u00a0Les forces de s\u00e9curit\u00e9 doivent respecter le droit de manifester pacifiquement et prendre les mesures n\u00e9cessaires pour \u00e9viter qu\u2019il y ait davantage de morts et de bless\u00e9s.\u00a0\u00bb<\/p>\n<p>Amnesty International appelle l\u2019arm\u00e9e \u00e0 lib\u00e9rer imm\u00e9diatement et sans condition les membres du gouvernement de transition qui ont \u00e9t\u00e9 arr\u00eat\u00e9s et plac\u00e9s en d\u00e9tention arbitrairement, y compris le pr\u00e9sident par int\u00e9rim Michel Kafando et le Premier ministre Isaac Zida, ainsi qu\u2019\u00e0 permettre la r\u00e9ouverture des stations de radio ferm\u00e9es.<\/p>\n<p>La d\u00e9tention de membres de l\u2019appareil ex\u00e9cutif et l\u2019annonce par le RSP que le gouvernement de transition \u00e9tait dissous ont d\u00e9clench\u00e9 des manifestations \u00e0 Ouagadougou, la capitale, et dans d\u2019autres villes du pays, notamment \u00e0 Bobo Dioulasso.<\/p>\n<p>Des stations de radio, aussi bien nationales que priv\u00e9es comme Om\u00e9ga, ne sont plus autoris\u00e9es \u00e0 \u00e9mettre. <strong>Des journalistes ont vu leur mat\u00e9riel confisqu\u00e9<\/strong>\u00a0; certains ont m\u00eame \u00e9t\u00e9 menac\u00e9s et frapp\u00e9s par des membres du RSP. Par ailleurs, la garde pr\u00e9sidentielle effectue des tirs de sommation pour disperser la foule dans les art\u00e8res principales et patrouille dans la capitale. Un couvre-feu a \u00e9t\u00e9 instaur\u00e9 et les fronti\u00e8res ont \u00e9t\u00e9 ferm\u00e9es.<\/p>\n<p>\u00ab\u00a0Il n\u2019y a aucune raison d\u2019emp\u00eacher des stations de radio d\u2019\u00e9mettre ou d\u2019intimider des journalistes, a d\u00e9clar\u00e9 Gaetan Mootoo.<\/p>\n<p>\u00ab\u00a0La libert\u00e9 d\u2019expression doit \u00eatre prot\u00e9g\u00e9e. Des mesures doivent \u00eatre prises de toute urgence afin que les m\u00e9dias puissent faire leur travail librement et sans restriction, et que le droit \u00e0 l\u2019information soit respect\u00e9.\u00a0\u00bb<\/p>\n<p><b>Compl\u00e9ment d\u2019information<\/b><\/p>\n<p>Le r\u00e9cent coup d\u2019\u00c9tat a eu lieu deux jours seulement apr\u00e8s que la Commission de r\u00e9conciliation nationale et des r\u00e9formes (CRNR) a recommand\u00e9 de d\u00e9manteler le RSP \u00e0 la suite des all\u00e9gations selon lesquelles il aurait ouvert le feu sur des manifestants sans arme lors des manifestations antigouvernementales de l\u2019an dernier.<\/p>\n<p>En janvier, Amnesty International avait publi\u00e9 un <a href=\"https:\/\/www.amnesty.org\/fr\/documents\/AFR60\/001\/2015\/fr\/)\" target=\"_blank\">rapport<\/a> indiquant que des membres des forces de s\u00e9curit\u00e9 fid\u00e8les au pr\u00e9sident d\u00e9chu Blaise Compaor\u00e9 avaient utilis\u00e9 des munitions r\u00e9elles face \u00e0 des manifestants pacifiques pour la plupart, faisant au moins 10\u00a0morts et des centaines de bless\u00e9s en octobre 2014. Dans ce document, l\u2019organisation appelait les autorit\u00e9s \u00e0 remplir leurs obligations en respectant le droit de manifester pacifiquement et en interdisant le recours \u00e0 une force excessive, arbitraire, injustifi\u00e9e et abusive contre des manifestants, ainsi qu\u2019\u00e0 respecter et \u00e0 prot\u00e9ger le droit des journalistes d\u2019exercer leur profession sans crainte d\u2019\u00eatre intimid\u00e9s ni menac\u00e9s.<\/p>\n<\/div>\n<div class=\"motcle\"><a href=\"http:\/\/www.amnesty.fr\/Tags\/Burkina-Faso\">Burkina Faso<\/a><\/div>\n","protected":false},"excerpt":{"rendered":"<p>Il faut que la garde pr\u00e9sidentielle du Burkina Faso cesse d\u2019avoir recours \u00e0 la force meurtri\u00e8re, aux coups et \u00e0 toute autre forme de violence pour r\u00e9primer les manifestations et qu\u2019elle lib\u00e8re les membres du gouvernement de transition qui sont&hellip;<\/p>\n","protected":false},"author":432,"featured_media":0,"comment_status":"closed","ping_status":"open","sticky":false,"template":"","format":"standard","meta":{"footnotes":""},"categories":[83,151,93],"tags":[14234,246],"class_list":["post-223664","post","type-post","status-publish","format-standard","hentry","category-africa-fr","category-communique-de-presse","category-politique","tag-burkina-faso-fr","tag-coup-detat"],"yoast_head":"<!-- This site is optimized with the Yoast SEO plugin v27.1.1 - https:\/\/yoast.com\/product\/yoast-seo-wordpress\/ -->\n<title>Burkina Faso. Il faut que l\u2019arm\u00e9e lib\u00e8re les dirigeants d\u00e9tenus et s\u2019abstienne de r\u00e9primer violemment les manifestations<\/title>\n<meta name=\"description\" content=\"Il faut que la garde pr\u00e9sidentielle du Burkina Faso cesse d\u2019avoir recours \u00e0 la force meurtri\u00e8re, aux coups et \u00e0 toute autre forme de violence pour\" \/>\n<meta name=\"robots\" content=\"index, follow, max-snippet:-1, max-image-preview:large, max-video-preview:-1\" \/>\n<link rel=\"canonical\" href=\"https:\/\/www.pressenza.com\/fr\/2015\/09\/burkina-faso-il-faut-que-larmee-libere-les-dirigeants-detenus-et-sabstienne-de-reprimer-violemment-les-manifestations\/\" \/>\n<meta property=\"og:locale\" content=\"fr_FR\" \/>\n<meta property=\"og:type\" content=\"article\" \/>\n<meta property=\"og:title\" content=\"Burkina Faso. Il faut que l\u2019arm\u00e9e lib\u00e8re les dirigeants d\u00e9tenus et s\u2019abstienne de r\u00e9primer violemment les manifestations\" \/>\n<meta property=\"og:description\" content=\"Il faut que la garde pr\u00e9sidentielle du Burkina Faso cesse d\u2019avoir recours \u00e0 la force meurtri\u00e8re, aux coups et \u00e0 toute autre forme de violence pour\" \/>\n<meta property=\"og:url\" content=\"https:\/\/www.pressenza.com\/fr\/2015\/09\/burkina-faso-il-faut-que-larmee-libere-les-dirigeants-detenus-et-sabstienne-de-reprimer-violemment-les-manifestations\/\" \/>\n<meta property=\"og:site_name\" content=\"Pressenza\" \/>\n<meta property=\"article:publisher\" content=\"https:\/\/www.facebook.com\/PressenzaItalia\" \/>\n<meta property=\"article:author\" content=\"https:\/\/www.facebook.com\/amnestyglobal\" \/>\n<meta property=\"article:published_time\" content=\"2015-09-19T09:22:58+00:00\" \/>\n<meta property=\"article:modified_time\" content=\"2015-09-19T18:30:59+00:00\" \/>\n<meta name=\"author\" content=\"Amnesty International\" \/>\n<meta name=\"twitter:card\" content=\"summary_large_image\" \/>\n<meta name=\"twitter:creator\" content=\"@amnesty\" \/>\n<meta name=\"twitter:site\" content=\"@PressenzaIPA\" \/>\n<meta name=\"twitter:label1\" content=\"\u00c9crit par\" \/>\n\t<meta name=\"twitter:data1\" content=\"Amnesty International\" \/>\n\t<meta name=\"twitter:label2\" content=\"Dur\u00e9e de lecture estim\u00e9e\" \/>\n\t<meta name=\"twitter:data2\" content=\"4 minutes\" \/>\n<script type=\"application\/ld+json\" class=\"yoast-schema-graph\">{\"@context\":\"https:\/\/schema.org\",\"@graph\":[{\"@type\":\"Article\",\"@id\":\"https:\/\/www.pressenza.com\/fr\/2015\/09\/burkina-faso-il-faut-que-larmee-libere-les-dirigeants-detenus-et-sabstienne-de-reprimer-violemment-les-manifestations\/#article\",\"isPartOf\":{\"@id\":\"https:\/\/www.pressenza.com\/fr\/2015\/09\/burkina-faso-il-faut-que-larmee-libere-les-dirigeants-detenus-et-sabstienne-de-reprimer-violemment-les-manifestations\/\"},\"author\":{\"name\":\"Amnesty International\",\"@id\":\"https:\/\/www.pressenza.com\/fr\/#\/schema\/person\/9b981b05c7ecf09292e6acb3223b2d9d\"},\"headline\":\"Burkina Faso. Il faut que l\u2019arm\u00e9e lib\u00e8re les dirigeants d\u00e9tenus et s\u2019abstienne de r\u00e9primer violemment les manifestations\",\"datePublished\":\"2015-09-19T09:22:58+00:00\",\"dateModified\":\"2015-09-19T18:30:59+00:00\",\"mainEntityOfPage\":{\"@id\":\"https:\/\/www.pressenza.com\/fr\/2015\/09\/burkina-faso-il-faut-que-larmee-libere-les-dirigeants-detenus-et-sabstienne-de-reprimer-violemment-les-manifestations\/\"},\"wordCount\":730,\"publisher\":{\"@id\":\"https:\/\/www.pressenza.com\/fr\/#organization\"},\"keywords\":[\"Burkina Faso\",\"coup d'\u00e9tat\"],\"articleSection\":[\"Afrique\",\"Communiqu\u00e9s de Presse\",\"Politique\"],\"inLanguage\":\"fr-FR\"},{\"@type\":\"WebPage\",\"@id\":\"https:\/\/www.pressenza.com\/fr\/2015\/09\/burkina-faso-il-faut-que-larmee-libere-les-dirigeants-detenus-et-sabstienne-de-reprimer-violemment-les-manifestations\/\",\"url\":\"https:\/\/www.pressenza.com\/fr\/2015\/09\/burkina-faso-il-faut-que-larmee-libere-les-dirigeants-detenus-et-sabstienne-de-reprimer-violemment-les-manifestations\/\",\"name\":\"Burkina Faso. Il faut que l\u2019arm\u00e9e lib\u00e8re les dirigeants d\u00e9tenus et s\u2019abstienne de r\u00e9primer violemment les manifestations\",\"isPartOf\":{\"@id\":\"https:\/\/www.pressenza.com\/fr\/#website\"},\"datePublished\":\"2015-09-19T09:22:58+00:00\",\"dateModified\":\"2015-09-19T18:30:59+00:00\",\"description\":\"Il faut que la garde pr\u00e9sidentielle du Burkina Faso cesse d\u2019avoir recours \u00e0 la force meurtri\u00e8re, aux coups et \u00e0 toute autre forme de violence pour\",\"breadcrumb\":{\"@id\":\"https:\/\/www.pressenza.com\/fr\/2015\/09\/burkina-faso-il-faut-que-larmee-libere-les-dirigeants-detenus-et-sabstienne-de-reprimer-violemment-les-manifestations\/#breadcrumb\"},\"inLanguage\":\"fr-FR\",\"potentialAction\":[{\"@type\":\"ReadAction\",\"target\":[\"https:\/\/www.pressenza.com\/fr\/2015\/09\/burkina-faso-il-faut-que-larmee-libere-les-dirigeants-detenus-et-sabstienne-de-reprimer-violemment-les-manifestations\/\"]}]},{\"@type\":\"BreadcrumbList\",\"@id\":\"https:\/\/www.pressenza.com\/fr\/2015\/09\/burkina-faso-il-faut-que-larmee-libere-les-dirigeants-detenus-et-sabstienne-de-reprimer-violemment-les-manifestations\/#breadcrumb\",\"itemListElement\":[{\"@type\":\"ListItem\",\"position\":1,\"name\":\"Accueil\",\"item\":\"https:\/\/www.pressenza.com\/fr\/\"},{\"@type\":\"ListItem\",\"position\":2,\"name\":\"Burkina Faso. Il faut que l\u2019arm\u00e9e lib\u00e8re les dirigeants d\u00e9tenus et s\u2019abstienne de r\u00e9primer violemment les manifestations\"}]},{\"@type\":\"WebSite\",\"@id\":\"https:\/\/www.pressenza.com\/fr\/#website\",\"url\":\"https:\/\/www.pressenza.com\/fr\/\",\"name\":\"Pressenza\",\"description\":\"International Press Agency\",\"publisher\":{\"@id\":\"https:\/\/www.pressenza.com\/fr\/#organization\"},\"potentialAction\":[{\"@type\":\"SearchAction\",\"target\":{\"@type\":\"EntryPoint\",\"urlTemplate\":\"https:\/\/www.pressenza.com\/fr\/?s={search_term_string}\"},\"query-input\":{\"@type\":\"PropertyValueSpecification\",\"valueRequired\":true,\"valueName\":\"search_term_string\"}}],\"inLanguage\":\"fr-FR\"},{\"@type\":\"Organization\",\"@id\":\"https:\/\/www.pressenza.com\/fr\/#organization\",\"name\":\"Pressenza\",\"url\":\"https:\/\/www.pressenza.com\/fr\/\",\"logo\":{\"@type\":\"ImageObject\",\"inLanguage\":\"fr-FR\",\"@id\":\"https:\/\/www.pressenza.com\/fr\/#\/schema\/logo\/image\/\",\"url\":\"https:\/\/www.pressenza.com\/wp-content\/uploads\/2022\/10\/pressenza_logo_200x200.jpg\",\"contentUrl\":\"https:\/\/www.pressenza.com\/wp-content\/uploads\/2022\/10\/pressenza_logo_200x200.jpg\",\"width\":200,\"height\":200,\"caption\":\"Pressenza\"},\"image\":{\"@id\":\"https:\/\/www.pressenza.com\/fr\/#\/schema\/logo\/image\/\"},\"sameAs\":[\"https:\/\/www.facebook.com\/PressenzaItalia\",\"https:\/\/x.com\/PressenzaIPA\"]},{\"@type\":\"Person\",\"@id\":\"https:\/\/www.pressenza.com\/fr\/#\/schema\/person\/9b981b05c7ecf09292e6acb3223b2d9d\",\"name\":\"Amnesty International\",\"description\":\"Amnesty International is a global movement of more than 3 million supporters, members and activists in over 150 countries and territories who campaign to end grave abuses of human rights. Our vision is for every person to enjoy all the rights enshrined in the Universal Declaration of Human Rights and other international human rights standards. www.amnesty.org\",\"sameAs\":[\"http:\/\/www.amnesty.it\",\"https:\/\/www.facebook.com\/amnestyglobal\",\"https:\/\/x.com\/amnesty\"],\"url\":\"https:\/\/www.pressenza.com\/fr\/author\/amnesty-international\/\"}]}<\/script>\n<!-- \/ Yoast SEO plugin. -->","yoast_head_json":{"title":"Burkina Faso. Il faut que l\u2019arm\u00e9e lib\u00e8re les dirigeants d\u00e9tenus et s\u2019abstienne de r\u00e9primer violemment les manifestations","description":"Il faut que la garde pr\u00e9sidentielle du Burkina Faso cesse d\u2019avoir recours \u00e0 la force meurtri\u00e8re, aux coups et \u00e0 toute autre forme de violence pour","robots":{"index":"index","follow":"follow","max-snippet":"max-snippet:-1","max-image-preview":"max-image-preview:large","max-video-preview":"max-video-preview:-1"},"canonical":"https:\/\/www.pressenza.com\/fr\/2015\/09\/burkina-faso-il-faut-que-larmee-libere-les-dirigeants-detenus-et-sabstienne-de-reprimer-violemment-les-manifestations\/","og_locale":"fr_FR","og_type":"article","og_title":"Burkina Faso. Il faut que l\u2019arm\u00e9e lib\u00e8re les dirigeants d\u00e9tenus et s\u2019abstienne de r\u00e9primer violemment les manifestations","og_description":"Il faut que la garde pr\u00e9sidentielle du Burkina Faso cesse d\u2019avoir recours \u00e0 la force meurtri\u00e8re, aux coups et \u00e0 toute autre forme de violence pour","og_url":"https:\/\/www.pressenza.com\/fr\/2015\/09\/burkina-faso-il-faut-que-larmee-libere-les-dirigeants-detenus-et-sabstienne-de-reprimer-violemment-les-manifestations\/","og_site_name":"Pressenza","article_publisher":"https:\/\/www.facebook.com\/PressenzaItalia","article_author":"https:\/\/www.facebook.com\/amnestyglobal","article_published_time":"2015-09-19T09:22:58+00:00","article_modified_time":"2015-09-19T18:30:59+00:00","author":"Amnesty International","twitter_card":"summary_large_image","twitter_creator":"@amnesty","twitter_site":"@PressenzaIPA","twitter_misc":{"\u00c9crit par":"Amnesty International","Dur\u00e9e de lecture estim\u00e9e":"4 minutes"},"schema":{"@context":"https:\/\/schema.org","@graph":[{"@type":"Article","@id":"https:\/\/www.pressenza.com\/fr\/2015\/09\/burkina-faso-il-faut-que-larmee-libere-les-dirigeants-detenus-et-sabstienne-de-reprimer-violemment-les-manifestations\/#article","isPartOf":{"@id":"https:\/\/www.pressenza.com\/fr\/2015\/09\/burkina-faso-il-faut-que-larmee-libere-les-dirigeants-detenus-et-sabstienne-de-reprimer-violemment-les-manifestations\/"},"author":{"name":"Amnesty International","@id":"https:\/\/www.pressenza.com\/fr\/#\/schema\/person\/9b981b05c7ecf09292e6acb3223b2d9d"},"headline":"Burkina Faso. Il faut que l\u2019arm\u00e9e lib\u00e8re les dirigeants d\u00e9tenus et s\u2019abstienne de r\u00e9primer violemment les manifestations","datePublished":"2015-09-19T09:22:58+00:00","dateModified":"2015-09-19T18:30:59+00:00","mainEntityOfPage":{"@id":"https:\/\/www.pressenza.com\/fr\/2015\/09\/burkina-faso-il-faut-que-larmee-libere-les-dirigeants-detenus-et-sabstienne-de-reprimer-violemment-les-manifestations\/"},"wordCount":730,"publisher":{"@id":"https:\/\/www.pressenza.com\/fr\/#organization"},"keywords":["Burkina Faso","coup d'\u00e9tat"],"articleSection":["Afrique","Communiqu\u00e9s de Presse","Politique"],"inLanguage":"fr-FR"},{"@type":"WebPage","@id":"https:\/\/www.pressenza.com\/fr\/2015\/09\/burkina-faso-il-faut-que-larmee-libere-les-dirigeants-detenus-et-sabstienne-de-reprimer-violemment-les-manifestations\/","url":"https:\/\/www.pressenza.com\/fr\/2015\/09\/burkina-faso-il-faut-que-larmee-libere-les-dirigeants-detenus-et-sabstienne-de-reprimer-violemment-les-manifestations\/","name":"Burkina Faso. Il faut que l\u2019arm\u00e9e lib\u00e8re les dirigeants d\u00e9tenus et s\u2019abstienne de r\u00e9primer violemment les manifestations","isPartOf":{"@id":"https:\/\/www.pressenza.com\/fr\/#website"},"datePublished":"2015-09-19T09:22:58+00:00","dateModified":"2015-09-19T18:30:59+00:00","description":"Il faut que la garde pr\u00e9sidentielle du Burkina Faso cesse d\u2019avoir recours \u00e0 la force meurtri\u00e8re, aux coups et \u00e0 toute autre forme de violence pour","breadcrumb":{"@id":"https:\/\/www.pressenza.com\/fr\/2015\/09\/burkina-faso-il-faut-que-larmee-libere-les-dirigeants-detenus-et-sabstienne-de-reprimer-violemment-les-manifestations\/#breadcrumb"},"inLanguage":"fr-FR","potentialAction":[{"@type":"ReadAction","target":["https:\/\/www.pressenza.com\/fr\/2015\/09\/burkina-faso-il-faut-que-larmee-libere-les-dirigeants-detenus-et-sabstienne-de-reprimer-violemment-les-manifestations\/"]}]},{"@type":"BreadcrumbList","@id":"https:\/\/www.pressenza.com\/fr\/2015\/09\/burkina-faso-il-faut-que-larmee-libere-les-dirigeants-detenus-et-sabstienne-de-reprimer-violemment-les-manifestations\/#breadcrumb","itemListElement":[{"@type":"ListItem","position":1,"name":"Accueil","item":"https:\/\/www.pressenza.com\/fr\/"},{"@type":"ListItem","position":2,"name":"Burkina Faso. Il faut que l\u2019arm\u00e9e lib\u00e8re les dirigeants d\u00e9tenus et s\u2019abstienne de r\u00e9primer violemment les manifestations"}]},{"@type":"WebSite","@id":"https:\/\/www.pressenza.com\/fr\/#website","url":"https:\/\/www.pressenza.com\/fr\/","name":"Pressenza","description":"International Press Agency","publisher":{"@id":"https:\/\/www.pressenza.com\/fr\/#organization"},"potentialAction":[{"@type":"SearchAction","target":{"@type":"EntryPoint","urlTemplate":"https:\/\/www.pressenza.com\/fr\/?s={search_term_string}"},"query-input":{"@type":"PropertyValueSpecification","valueRequired":true,"valueName":"search_term_string"}}],"inLanguage":"fr-FR"},{"@type":"Organization","@id":"https:\/\/www.pressenza.com\/fr\/#organization","name":"Pressenza","url":"https:\/\/www.pressenza.com\/fr\/","logo":{"@type":"ImageObject","inLanguage":"fr-FR","@id":"https:\/\/www.pressenza.com\/fr\/#\/schema\/logo\/image\/","url":"https:\/\/www.pressenza.com\/wp-content\/uploads\/2022\/10\/pressenza_logo_200x200.jpg","contentUrl":"https:\/\/www.pressenza.com\/wp-content\/uploads\/2022\/10\/pressenza_logo_200x200.jpg","width":200,"height":200,"caption":"Pressenza"},"image":{"@id":"https:\/\/www.pressenza.com\/fr\/#\/schema\/logo\/image\/"},"sameAs":["https:\/\/www.facebook.com\/PressenzaItalia","https:\/\/x.com\/PressenzaIPA"]},{"@type":"Person","@id":"https:\/\/www.pressenza.com\/fr\/#\/schema\/person\/9b981b05c7ecf09292e6acb3223b2d9d","name":"Amnesty International","description":"Amnesty International is a global movement of more than 3 million supporters, members and activists in over 150 countries and territories who campaign to end grave abuses of human rights. Our vision is for every person to enjoy all the rights enshrined in the Universal Declaration of Human Rights and other international human rights standards. www.amnesty.org","sameAs":["http:\/\/www.amnesty.it","https:\/\/www.facebook.com\/amnestyglobal","https:\/\/x.com\/amnesty"],"url":"https:\/\/www.pressenza.com\/fr\/author\/amnesty-international\/"}]}},"place":"","original_article_url":"http:\/\/www.amnesty.fr\/Presse\/Communiques-de-presse\/Burkina-Faso-Il-faut-que-armee-libere-les-dirigeants-detenus-et-s-abstienne-de-reprimer-violemment-l-16105","_links":{"self":[{"href":"https:\/\/www.pressenza.com\/fr\/wp-json\/wp\/v2\/posts\/223664","targetHints":{"allow":["GET"]}}],"collection":[{"href":"https:\/\/www.pressenza.com\/fr\/wp-json\/wp\/v2\/posts"}],"about":[{"href":"https:\/\/www.pressenza.com\/fr\/wp-json\/wp\/v2\/types\/post"}],"author":[{"embeddable":true,"href":"https:\/\/www.pressenza.com\/fr\/wp-json\/wp\/v2\/users\/432"}],"replies":[{"embeddable":true,"href":"https:\/\/www.pressenza.com\/fr\/wp-json\/wp\/v2\/comments?post=223664"}],"version-history":[{"count":0,"href":"https:\/\/www.pressenza.com\/fr\/wp-json\/wp\/v2\/posts\/223664\/revisions"}],"wp:attachment":[{"href":"https:\/\/www.pressenza.com\/fr\/wp-json\/wp\/v2\/media?parent=223664"}],"wp:term":[{"taxonomy":"category","embeddable":true,"href":"https:\/\/www.pressenza.com\/fr\/wp-json\/wp\/v2\/categories?post=223664"},{"taxonomy":"post_tag","embeddable":true,"href":"https:\/\/www.pressenza.com\/fr\/wp-json\/wp\/v2\/tags?post=223664"}],"curies":[{"name":"wp","href":"https:\/\/api.w.org\/{rel}","templated":true}]}}