{"id":22022,"date":"2012-10-29T21:47:23","date_gmt":"2012-10-29T21:47:23","guid":{"rendered":"http:\/\/www.pressenza.com\/?p=22022"},"modified":"2013-01-14T02:12:12","modified_gmt":"2013-01-14T02:12:12","slug":"les-nouvelles-formes-de-discrimination-contre-les-afro-colombiens","status":"publish","type":"post","link":"https:\/\/www.pressenza.com\/fr\/2012\/10\/les-nouvelles-formes-de-discrimination-contre-les-afro-colombiens\/","title":{"rendered":"Les nouvelles formes de discrimination contre les Afro-Colombiens"},"content":{"rendered":"<p>Par : Jos\u00e9 Eulicer Mosquera Renter\u00eda<\/p>\n<p>Plusieurs personnes ont \u00e9t\u00e9 \u00e9tonn\u00e9es par la d\u00e9claration du Pr\u00e9sident Juan Manuel Santos affirmant que si aucun afro ne faisait partie de son cabinet, c&rsquo;est parce qu&rsquo;on ne pouvait arriver \u00e0 ce poste qu&rsquo;en le m\u00e9ritant. Mais en r\u00e9alit\u00e9, ce genre de d\u00e9clarations et de comportements ne devraient \u00e9tonner personne puisque les faits historiques ont prouv\u00e9 que les classes dominantes colombiennes et latino-am\u00e9ricaines ont h\u00e9rit\u00e9 de la mentalit\u00e9 colonialiste, raciste et discriminatoire de leurs anc\u00eatres colonialistes europ\u00e9ens, mentalit\u00e9 qu&rsquo;ils perp\u00e9tuent de g\u00e9n\u00e9ration en g\u00e9n\u00e9ration. C&rsquo;est un des effets du n\u00e9ocolonialisme des eurocentristes qui s&rsquo;est instaur\u00e9 depuis les \u00ab\u00a0ind\u00e9pendances\u00a0\u00bb et l&rsquo;apparition des r\u00e9publiques, et plus particuli\u00e8rement \u00e0 cause du syst\u00e8me \u00e9ducatif dominant qui lui aussi est eurocentriste, individualiste et \u00e0 caract\u00e8re capitaliste.<\/p>\n<p>Pendant les guerres pour l&rsquo;ind\u00e9pendance, de nombreuses voix du commandement des arm\u00e9es patriotiques se firent entendre (compos\u00e9 de dirigeants repr\u00e9sentants les int\u00e9r\u00eats des classes dominantes cr\u00e9oles naissantes) qui consid\u00e9raient comme n\u00e9cessaire de placer en premi\u00e8re ligne de combats et comme bouclier pour les autres patriotes et combattants, les Afros venus rejoindre les rangs de ces arm\u00e9es afin de \u00ab\u00a0r\u00e9duire leur nombre inqui\u00e9tant gr\u00e2ce \u00e0 la guerre\u00a0\u00bb.<\/p>\n<p>Au d\u00e9but de l\u2019\u00e9poque r\u00e9publicaine, simultan\u00e9ment, tous les mandataires, dirigeants des nouvelles r\u00e9publiques et repr\u00e9sentants des nouvelles classes dominantes cr\u00e9oles ont jug\u00e9 n\u00e9cessaire de se d\u00e9barrasser des Africains et de leurs descendants, les ramenant sur les c\u00f4tes africaines et les zones am\u00e9ricaines inhabit\u00e9es pour les y abandonner, probablement pour \u00e9viter de reproduire ce qui s&rsquo;\u00e9tait pass\u00e9 \u00e0 Ha\u00efti, o\u00f9 les \u00ab\u00a0Noirs\u00a0\u00bb avaient pris le pouvoir. Autrement dit, apr\u00e8s avoir contribu\u00e9 \u00e0 la construction de ces nouveaux pays par leur travail et leurs apports culturels et patriotiques, ils ne m\u00e9ritaient pas un endroit pour y vivre mais plut\u00f4t de faire l&rsquo;objet d&rsquo;un g\u00e9nocide.<\/p>\n<p>Ces classes dominantes, en plus d&rsquo;avoir conserv\u00e9 une mentalit\u00e9 fasciste vis-\u00e0-vis des Afros et des autochtones, renouv\u00e8lent et modernisent leurs formes de racisme et de discrimination envers ces m\u00eames personnes et ce, selon le moment ou la conjoncture historique, en les enveloppant de certaines subtilit\u00e9s afin qu&rsquo;elles soient accept\u00e9es passivement par ces peuples et qu&rsquo;elles paraissent justes, ouvertes et d\u00e9mocratiques devant l&rsquo;opinion mondiale. Dans le cas de la Colombie, il faut se rappeler qu&rsquo;au moment de l&rsquo;application de la loi pour l&rsquo;abolition de l&rsquo;esclavage, les gouvernements r\u00e9publicains oblig\u00e8rent les Africains et leurs descendants \u00e0 s&rsquo;en aller vers les territoires les plus inhospitaliers, les mains vides, tandis que les esclavagistes qui les avaient pill\u00e9s pendant pr\u00e8s de quatre si\u00e8cles \u00e9taient r\u00e9mun\u00e9r\u00e9s pour chaque esclave qui restait en \u00ab\u00a0libert\u00e9\u00a0\u00bb. Et pendant ce temps\u2011l\u00e0, ils pouvaient continuer \u00e0 profiter des territoires administr\u00e9s par les esclaves, ainsi que des propri\u00e9t\u00e9s, des exploitations agricoles, des mines, des infrastructures et de tout le patrimoine b\u00e2ti par ces m\u00eames esclaves ou par leurs ain\u00e9s morts sous l&rsquo;esclavagisme colonial.<\/p>\n<p>Les nouveaux territoires occup\u00e9s par les Afros et les villes, construites \u00e0 l&rsquo;int\u00e9rieur de ceux-ci, n&rsquo;ont jamais \u00e9t\u00e9 inclus de mani\u00e8re juste et \u00e9quitable dans les plans de d\u00e9veloppement nationaux et r\u00e9gionaux. Et si certaines ressources leur \u00e9taient allou\u00e9es, elles \u00e9taient marginales, et dans de nombreux cas, elles ont m\u00eame fait l&rsquo;objet de la corruption et du pillage des membres des classes dirigeantes nationales et r\u00e9gionales en lien avec les politiciens locaux.<\/p>\n<p>Luis Lopez de Mesa, qui a \u00e9t\u00e9 plusieurs fois ministre de l\u2019Education en Colombie entre les ann\u00e9es 1930 et 1970, a affirm\u00e9 que la seule fa\u00e7on de parvenir \u00e0 une certaine \u00e9volution dans les r\u00e9gions, comme par exemple \u00ab\u00a0El Choco\u00a0\u00bb ou \u00ab\u00a0El Pacifico\u00a0\u00bb,\u00a0 \u00e9tait de provoquer le m\u00e9tissage de ses r\u00e9sidents avec des blancs cr\u00e9oles ou des \u00e9trangers. Selon ce m\u00eame raisonnement, entre les ann\u00e9es 1930 et 1940, et gr\u00e2ce aux moyens de transport de l&rsquo;Arm\u00e9e et de l&rsquo;Armada nationale, de nombreuses familles paysannes modestes ont \u00e9t\u00e9 emmen\u00e9es \u00e0 l&rsquo;int\u00e9rieur du pays pour \u00eatre install\u00e9es dans le bassin du fleuve Baudo, Bahia Solano, Nuqui et Jurado, le Choco, ainsi que sur les c\u00f4tes pacifiques des r\u00e9gions de Nari\u00f1o, Cauca et Valle. N\u00e9anmoins, pour la majorit\u00e9 d&rsquo;entre eux, la rigueur du climat et de l&rsquo;environnement les a forc\u00e9s \u00e0 retourner rapidement \u00e0 leur lieu d&rsquo;origine.<\/p>\n<p>Cependant, cette mesure avait un objectif qui allait bien au-del\u00e0\u00a0: contribuer \u00e0 la baisse de la pression des luttes paysannes pour la terre<strong>,<\/strong> tr\u00e8s vive \u00e0 l&rsquo;int\u00e9rieur du pays \u00e0 cette \u00e9poque\u2011l\u00e0. En se basant sur de tels raisonnements fascistes, comme celui de Lopez de Mesa par exemple, l&rsquo;octroi de nombreuses concessions et de licences pour des entreprises \u00e9trang\u00e8res a \u00e9t\u00e9 justifi\u00e9, et ce, dans le but de mener \u00e0 bien l&rsquo;extraction des ressources naturelles et la surexploitation de la main d\u2019\u0153uvre nationale dans les territoires ancestraux afro-colombiens.<\/p>\n<p>Actuellement, sur le plan national et dans les d\u00e9partements comme Antioquia, les administrateurs publics n&rsquo;agissent plus sauf pour inventer des arguments pour discr\u00e9diter et ne pas reconna\u00eetre les organisations sociales afro-colombiennes soutenues par la Loi 70 de 1993 au moment o\u00f9 elles pr\u00e9sentent des propositions s\u00e9rieuses pour attirer l&rsquo;attention sur les probl\u00e9matiques de leurs communaut\u00e9s et ce, en leur faisant des propositions qui peuvent seulement \u00eatre ex\u00e9cut\u00e9es par de grandes entreprises capitalistes et des corporations cr\u00e9\u00e9es par d&rsquo;autres personnes, s&rsquo;exposant ainsi \u00e0 des positions corrompues et en violant la constitution et la loi.<\/p>\n<p>La r\u00e9ponse de la majorit\u00e9 des gouvernements face aux r\u00e9clamations des communaut\u00e9s afro-colombiennes a \u00e9t\u00e9 raciste, r\u00e9pressive, d\u00e9magogique et offensive en affirmant que \u00ab\u00a0les Noirs repr\u00e9sentent un stigmate et un obstacle pour le d\u00e9veloppement de la soci\u00e9t\u00e9\u00a0\u00bb et qu&rsquo;ils \u00ab\u00a0vivent dans la pauvret\u00e9 et comme des arri\u00e9r\u00e9s \u00e0 cause de leur nature paresseuse, d\u00e9bauch\u00e9e et immorale \u00bb de plus, au lieu de continuer \u00e0 d\u00e9ranger avec des gr\u00e8ves et des manifestations pour r\u00e9clamer plus de services publics etc&#8230; ce qu&rsquo;ils doivent faire, c&rsquo;est continuer \u00e0 r\u00e9cup\u00e9rer leur eau avec leur seau ou d&rsquo;autres r\u00e9cipients des pluies, des fleuves et des ruisseaux ou satisfaire leurs besoins physiologiques, et autres obsc\u00e9nit\u00e9s, dans n&rsquo;importe quel lieu de leurs vastes territoires. Dans certains cas, les protestations, les manifestations et autres gr\u00e8ves, toujours lanc\u00e9es de mani\u00e8re pacifiste<span style=\"text-decoration: line-through;\">s<\/span> par ces communaut\u00e9s, ont \u00e9t\u00e9 r\u00e9prim\u00e9es brutalement par les forces de police, et l&rsquo;issue a \u00e9t\u00e9 souvent tragique.<\/p>\n<p>Tous les Afro-Colombien(ne)s qui ont occup\u00e9 une fonction haut plac\u00e9e au sein de l\u2019\u00c9tat en Colombie, ont\u00a0 \u00e9t\u00e9 nomm\u00e9s, non pas par m\u00e9rite, mais par un besoin urgent du gouvernement, dans une certaine conjoncture historique, o\u00f9 le ou la fonctionnaire est appel\u00e9(e) \u00e0 faire face \u00e0 une situation difficile et d\u00e9licate et garantir une issue favorable \u00e0 court terme pour ces m\u00eames classes dominantes. Sans aller chercher bien loin, si Manuel Mosquera Garc\u00e9s et Adam Arriga ont \u00e9t\u00e9 nomm\u00e9s au Minist\u00e8re de l\u2019\u00c9ducation et du Travail entre les ann\u00e9es 1940 et 1950, c&rsquo;est parce que les oligarchies conservatrices et lib\u00e9rales ne savaient pas comment contr\u00f4ler certains mouvements ouvriers et \u00e9tudiants en \u00e9bullition et fortement motiv\u00e9s par l&rsquo;influence des r\u00e9volutions socialistes de l&rsquo;\u00e9poque. Ces t\u00e2ches difficiles ont ainsi \u00e9t\u00e9 d\u00e9l\u00e9gu\u00e9es \u00e0 ces deux illustres Afro-Colombiens. Mais \u00e0 la\u00a0 m\u00eame \u00e9poque, ils ont d\u00fb se convertir en inconditionnels et m\u00eame en membres de la Loge Ma\u00e7onnique de ces oligarchies, cette m\u00eame loge qui d\u00e9cide qui peut occuper une fonction haut plac\u00e9e de l\u2019\u00c9tat et qui peut continuer \u00e0 exister dans le pays. Si Nazly Lozano Aljure, de la municipalit\u00e9 de Condoto, a \u00e9t\u00e9 nomm\u00e9e ministre de la Justice, c&rsquo;est parce qu&rsquo;elle travaillait d\u00e9j\u00e0 comme fonctionnaire au sein de ce m\u00eame minist\u00e8re et que les trafiquants de drogue venaient d&rsquo;assassiner l&rsquo;ancien ministre Lara Bonilla, qui avait os\u00e9 proposer une loi d&rsquo;extradition des trafiquants vers les \u00c9tats-Unis. Sans oublier que tout le monde craignait d&rsquo;occuper ce minist\u00e8re. La nouvelle ministre a d\u00fb alors signer les premi\u00e8res extraditions et s&rsquo;est vite retrouv\u00e9e en exil elle aussi pendant un long moment. De plus, tout le monde sait que Paula Moreno, ministre de la Culture, a \u00e9t\u00e9 la derni\u00e8re personne afro-colombienne nomm\u00e9e au sein d&rsquo;un minist\u00e8re car le gouvernement d&rsquo;Alvaro Uribe avait besoin de gagner le soutien des parlementaires afro-am\u00e9ricains pour l&rsquo;approbation du TLC de la Colombie contre les \u00c9tats-Unis. Cependant, certains Afro-Colombiens et Afro-Colombiennes arrivistes et na\u00effs ont consid\u00e9r\u00e9 cette situation comme acquise et que, d\u00e8s lors, les gouvernements suivants garantiraient la pr\u00e9sence d&rsquo;Afro-Colombiens au sein de leurs cabinets. Il suffisait d&rsquo;obtenir une recommandation d&rsquo;un des chefs politiques de l&rsquo;entourage pr\u00e9sidentiel pour atteindre ce but. C&rsquo;est que le capitalisme par \u00a0nature est colonialiste, raciste et discriminatoire et Juan Manuel Santos est un repr\u00e9sentant du capitalisme international et en particulier des \u00c9tats-Unis. Par cons\u00e9quent, il ne faut pas s&rsquo;\u00e9tonner de son attitude envers les Afros, ni d&rsquo;essayer de faire passer la pilule par ses \u00abm\u00e9rites\u00bb.\u00a0 A ce stade de l&rsquo;histoire de notre pays, qui va croire le pr\u00e9sident Juan Manuel Santos affirmant qu\u2019aucun Afro n\u2019a les qualit\u00e9s n\u00e9cessaires pour occuper un minist\u00e8re en Colombie ou pour faire partie d&rsquo;un cabinet national \u00e0 n&rsquo;importe quel niveau\u00a0? Je suis s\u00fbr que personne n&rsquo;y croit.<\/p>\n<p>Le pr\u00e9sident Santos, tout comme Uribe Velez, a commenc\u00e9 \u00e0 faire des visites ponctuelles dans les d\u00e9partements de Choco (Buenaventura) et de Cauca pour d\u00e9clarer \u00e0 leurs habitants qu&rsquo;il aimait beaucoup les \u00ab\u00a0Noirs\u00a0\u00bb et qu&rsquo;il leur porterait une grande attention ainsi que des investissements. Uribe Velez lui, n&rsquo;a m\u00eame pas r\u00e9alis\u00e9 l&rsquo;am\u00e9nagement de la route Medellin-Quibdo, qui \u00e9tait d&rsquo;une grande importance non seulement pour le d\u00e9partement de Choco mais aussi pour son propre d\u00e9partement d&rsquo;Antioquia. En effet, gr\u00e2ce \u00e0 cette route, Uribe a contr\u00f4l\u00e9 d&rsquo;une mani\u00e8re colonialiste le march\u00e9 du d\u00e9partement de Choco, tel un march\u00e9 captif pour ses propres industries, et il a extrait de ce m\u00eame d\u00e9partement d&rsquo;immenses richesses. Et malgr\u00e9 le fait que les Chocoanos avaient r\u00e9cup\u00e9r\u00e9 cet argent pour la route gr\u00e2ce \u00e0 d&rsquo;importantes gr\u00e8ves bien avant qu&rsquo;Uribe ne devienne pr\u00e9sident, lui et son ministre des Transports, Andr\u00e9s Uriel Gallego, ont consacr\u00e9 leur temps \u00e0 diviser ces ressources pour cr\u00e9er des contrats pour les Nules et autres escrocs de leur entourage pour qu&rsquo;ils fassent un semblant de travaux sur cette route avant de finalement tout leur voler. Au jour d&rsquo;aujourd&rsquo;hui, Santos n&rsquo;a rien fait d&rsquo;important non plus pour les communaut\u00e9s afro-colombiennes et leurs territoires. Aucune tentative pour faire sortir ces communaut\u00e9s de leur extr\u00eame pauvret\u00e9 et de leur marginalit\u00e9 historique. Il ne les a m\u00eame pas consid\u00e9r\u00e9es comme dignes d&rsquo;\u00eatre repr\u00e9sent\u00e9es par un de ses ministres ou vice-ministres.<\/p>\n<p>Ce dont les communaut\u00e9s afro-colombiennes ont express\u00e9ment besoin, c&rsquo;est de l\u2019ex\u00e9cution du Plan de D\u00e9veloppement int\u00e9gral et diff\u00e9rentiel, ordonn\u00e9 par la Constitution Nationale depuis 1991, la Loi 70 de 1993, soutenue par la convention n\u00b016 de 1989 des Nations Unies, la Loi 21 de 1991, gr\u00e2ce \u00e0 laquelle la Colombie assume cette convention, et les autres lois. Ce Plan de D\u00e9veloppement est beaucoup plus important pour la population afro que l&rsquo;occupation d&rsquo;un poste au sein d&rsquo;un minist\u00e8re par une personne afro-colombienne puisque de nombreux \u00ab\u00a0Obamas\u00a0\u00bb peuvent arriver aux\u00a0 postes et aux pouvoirs les plus importants, et m\u00eame\u00a0encha\u00eener\u00a0les mandats. Cependant, tant que la mentalit\u00e9 de ces \u00ab\u00a0Obamas\u00a0\u00bb reste pro-imp\u00e9rialiste et n\u00e9olib\u00e9rale, et tant qu&rsquo;ils arrivent\u00a0 \u00e0 de telles positions seulement pour r\u00e9aliser les plans, les programmes et les projets des classes dominantes, nos peuples continueront \u00e0 aller de mal en pis, comme c&rsquo;est d\u00e9j\u00e0 le cas pour les Afro-Am\u00e9ricains. D\u00e8s lors, assumer avec s\u00e9rieux ce d\u00e9fi d\u2019ex\u00e9cuter le Plan de D\u00e9veloppement Int\u00e9gral pour les communaut\u00e9s afro-colombiennes serait le meilleur exemple d&rsquo;un repr\u00e9sentant du gouvernement qui a r\u00e9ussi \u00e0 surmonter la mentalit\u00e9 raciste et discriminatoire h\u00e9rit\u00e9e de ses anc\u00eatres ib\u00e9riques colonialistes.<\/p>\n<p>Mais malheureusement, les repr\u00e9sentants du gouvernement et administrateurs publics de Colombie inventent seulement des strat\u00e9gies pour contourner les dispositions constitutionnelles et l\u00e9gales qui favorisent les populations afro-colombiennes et aborig\u00e8nes, les transformant ainsi en une fin de non recevoir. De nos jours, tout un processus s&rsquo;est cr\u00e9\u00e9 pour supprimer et\/ou contourner la Loi 70 de 1993, appel\u00e9e aussi Loi des Communaut\u00e9s Afro-colombiennes, et ses d\u00e9crets r\u00e9glementaires face auquel le peuple afro-colombien n&rsquo;a pas d&rsquo;autres choix que de r\u00e9pondre par des actions de masse et d&rsquo;exigibilit\u00e9 de leurs droits. En r\u00e9it\u00e9rant qu&rsquo;il est impossible de faire des progr\u00e8s vers une paix r\u00e9elle et durable dans notre pays sans tout d&rsquo;abord faire de la justice sociale une justice efficace.<\/p>\n<p><a href=\"mailto:licher001@yahoo.es\">licher001@yahoo.es<\/a><\/p>\n<p>Source\u00a0: <a href=\"http:\/\/barometrointernacional.bligoo.com.ve\/jose-e-mosquera-renteria-colombia-las-nuevas-formas-de-discriminacion-contra-los-afrocolombianos\" target=\"_blank\">Publication du \u201cBolet\u00edn Bar\u00f3metro Internacional\u201d<\/a><\/p>\n<p>barometrointernacional@gmail.com<\/p>\n<p>&nbsp;<\/p>\n<p><em>Traduction de l\u2019espagnol\u00a0: Marie Le Berrigo<\/em><\/p>\n","protected":false},"excerpt":{"rendered":"<p>Par : Jos\u00e9 Eulicer Mosquera Renter\u00eda Plusieurs personnes ont \u00e9t\u00e9 \u00e9tonn\u00e9es par la d\u00e9claration du Pr\u00e9sident Juan Manuel Santos affirmant que si aucun afro ne faisait partie de son cabinet, c&rsquo;est parce qu&rsquo;on ne pouvait arriver \u00e0 ce poste qu&rsquo;en&hellip;<\/p>\n","protected":false},"author":22,"featured_media":22029,"comment_status":"closed","ping_status":"open","sticky":false,"template":"","format":"standard","meta":{"footnotes":""},"categories":[86,98,163],"tags":[296,269],"class_list":["post-22022","post","type-post","status-publish","format-standard","has-post-thumbnail","hentry","category-amerique-du-sud","category-droits-de-lhomme","category-opinion-fr","tag-discrimination","tag-violence"],"yoast_head":"<!-- This site is optimized with the Yoast SEO plugin v27.1.1 - https:\/\/yoast.com\/product\/yoast-seo-wordpress\/ -->\n<title>Les nouvelles formes de discrimination contre les Afro-Colombiens<\/title>\n<meta name=\"description\" content=\"Par : Jos\u00e9 Eulicer Mosquera Renter\u00eda Plusieurs personnes ont \u00e9t\u00e9 \u00e9tonn\u00e9es par la d\u00e9claration du Pr\u00e9sident Juan Manuel Santos affirmant que si aucun afro\" \/>\n<meta name=\"robots\" content=\"index, follow, max-snippet:-1, max-image-preview:large, max-video-preview:-1\" \/>\n<link rel=\"canonical\" href=\"https:\/\/www.pressenza.com\/fr\/2012\/10\/les-nouvelles-formes-de-discrimination-contre-les-afro-colombiens\/\" \/>\n<meta property=\"og:locale\" content=\"fr_FR\" \/>\n<meta property=\"og:type\" content=\"article\" \/>\n<meta property=\"og:title\" content=\"Les nouvelles formes de discrimination contre les Afro-Colombiens\" \/>\n<meta property=\"og:description\" content=\"Par : Jos\u00e9 Eulicer Mosquera Renter\u00eda Plusieurs personnes ont \u00e9t\u00e9 \u00e9tonn\u00e9es par la d\u00e9claration du Pr\u00e9sident Juan Manuel Santos affirmant que si aucun afro\" \/>\n<meta property=\"og:url\" content=\"https:\/\/www.pressenza.com\/fr\/2012\/10\/les-nouvelles-formes-de-discrimination-contre-les-afro-colombiens\/\" \/>\n<meta property=\"og:site_name\" content=\"Pressenza\" \/>\n<meta property=\"article:publisher\" content=\"https:\/\/www.facebook.com\/PressenzaItalia\" \/>\n<meta property=\"article:author\" content=\"https:\/\/www.facebook.com\/pia.figueroa?ref=tn_tnmn\" \/>\n<meta property=\"article:published_time\" content=\"2012-10-29T21:47:23+00:00\" \/>\n<meta property=\"article:modified_time\" content=\"2013-01-14T02:12:12+00:00\" \/>\n<meta property=\"og:image\" content=\"https:\/\/www.pressenza.com\/wp-content\/uploads\/2012\/10\/Afro_Colombianos_by_Alejandra_Quintero_Sinisterra.png\" \/>\n\t<meta property=\"og:image:width\" content=\"800\" \/>\n\t<meta property=\"og:image:height\" content=\"534\" \/>\n\t<meta property=\"og:image:type\" content=\"image\/png\" \/>\n<meta name=\"author\" content=\"P\u00eda Figueroa\" \/>\n<meta name=\"twitter:card\" content=\"summary_large_image\" \/>\n<meta name=\"twitter:creator\" content=\"@piafigueroa\" \/>\n<meta name=\"twitter:site\" content=\"@PressenzaIPA\" \/>\n<meta name=\"twitter:label1\" content=\"\u00c9crit par\" \/>\n\t<meta name=\"twitter:data1\" content=\"P\u00eda Figueroa\" \/>\n\t<meta name=\"twitter:label2\" content=\"Dur\u00e9e de lecture estim\u00e9e\" \/>\n\t<meta name=\"twitter:data2\" content=\"11 minutes\" \/>\n<script type=\"application\/ld+json\" class=\"yoast-schema-graph\">{\"@context\":\"https:\/\/schema.org\",\"@graph\":[{\"@type\":\"Article\",\"@id\":\"https:\/\/www.pressenza.com\/fr\/2012\/10\/les-nouvelles-formes-de-discrimination-contre-les-afro-colombiens\/#article\",\"isPartOf\":{\"@id\":\"https:\/\/www.pressenza.com\/fr\/2012\/10\/les-nouvelles-formes-de-discrimination-contre-les-afro-colombiens\/\"},\"author\":{\"name\":\"P\u00eda Figueroa\",\"@id\":\"https:\/\/www.pressenza.com\/fr\/#\/schema\/person\/8bb53ec73ef39ceec36ca0128a0ccd41\"},\"headline\":\"Les nouvelles formes de discrimination contre les Afro-Colombiens\",\"datePublished\":\"2012-10-29T21:47:23+00:00\",\"dateModified\":\"2013-01-14T02:12:12+00:00\",\"mainEntityOfPage\":{\"@id\":\"https:\/\/www.pressenza.com\/fr\/2012\/10\/les-nouvelles-formes-de-discrimination-contre-les-afro-colombiens\/\"},\"wordCount\":2349,\"publisher\":{\"@id\":\"https:\/\/www.pressenza.com\/fr\/#organization\"},\"image\":{\"@id\":\"https:\/\/www.pressenza.com\/fr\/2012\/10\/les-nouvelles-formes-de-discrimination-contre-les-afro-colombiens\/#primaryimage\"},\"thumbnailUrl\":\"https:\/\/www.pressenza.com\/wp-content\/uploads\/2012\/10\/Afro_Colombianos_by_Alejandra_Quintero_Sinisterra.png\",\"keywords\":[\"discrimination\",\"violence\"],\"articleSection\":[\"Am\u00e9rique du Sud\",\"Droits humains\",\"Opinion\"],\"inLanguage\":\"fr-FR\"},{\"@type\":\"WebPage\",\"@id\":\"https:\/\/www.pressenza.com\/fr\/2012\/10\/les-nouvelles-formes-de-discrimination-contre-les-afro-colombiens\/\",\"url\":\"https:\/\/www.pressenza.com\/fr\/2012\/10\/les-nouvelles-formes-de-discrimination-contre-les-afro-colombiens\/\",\"name\":\"Les nouvelles formes de discrimination contre les Afro-Colombiens\",\"isPartOf\":{\"@id\":\"https:\/\/www.pressenza.com\/fr\/#website\"},\"primaryImageOfPage\":{\"@id\":\"https:\/\/www.pressenza.com\/fr\/2012\/10\/les-nouvelles-formes-de-discrimination-contre-les-afro-colombiens\/#primaryimage\"},\"image\":{\"@id\":\"https:\/\/www.pressenza.com\/fr\/2012\/10\/les-nouvelles-formes-de-discrimination-contre-les-afro-colombiens\/#primaryimage\"},\"thumbnailUrl\":\"https:\/\/www.pressenza.com\/wp-content\/uploads\/2012\/10\/Afro_Colombianos_by_Alejandra_Quintero_Sinisterra.png\",\"datePublished\":\"2012-10-29T21:47:23+00:00\",\"dateModified\":\"2013-01-14T02:12:12+00:00\",\"description\":\"Par : Jos\u00e9 Eulicer Mosquera Renter\u00eda Plusieurs personnes ont \u00e9t\u00e9 \u00e9tonn\u00e9es par la d\u00e9claration du Pr\u00e9sident Juan Manuel Santos affirmant que si aucun afro\",\"breadcrumb\":{\"@id\":\"https:\/\/www.pressenza.com\/fr\/2012\/10\/les-nouvelles-formes-de-discrimination-contre-les-afro-colombiens\/#breadcrumb\"},\"inLanguage\":\"fr-FR\",\"potentialAction\":[{\"@type\":\"ReadAction\",\"target\":[\"https:\/\/www.pressenza.com\/fr\/2012\/10\/les-nouvelles-formes-de-discrimination-contre-les-afro-colombiens\/\"]}]},{\"@type\":\"ImageObject\",\"inLanguage\":\"fr-FR\",\"@id\":\"https:\/\/www.pressenza.com\/fr\/2012\/10\/les-nouvelles-formes-de-discrimination-contre-les-afro-colombiens\/#primaryimage\",\"url\":\"https:\/\/www.pressenza.com\/wp-content\/uploads\/2012\/10\/Afro_Colombianos_by_Alejandra_Quintero_Sinisterra.png\",\"contentUrl\":\"https:\/\/www.pressenza.com\/wp-content\/uploads\/2012\/10\/Afro_Colombianos_by_Alejandra_Quintero_Sinisterra.png\",\"width\":\"800\",\"height\":\"534\"},{\"@type\":\"BreadcrumbList\",\"@id\":\"https:\/\/www.pressenza.com\/fr\/2012\/10\/les-nouvelles-formes-de-discrimination-contre-les-afro-colombiens\/#breadcrumb\",\"itemListElement\":[{\"@type\":\"ListItem\",\"position\":1,\"name\":\"Accueil\",\"item\":\"https:\/\/www.pressenza.com\/fr\/\"},{\"@type\":\"ListItem\",\"position\":2,\"name\":\"Les nouvelles formes de discrimination contre les Afro-Colombiens\"}]},{\"@type\":\"WebSite\",\"@id\":\"https:\/\/www.pressenza.com\/fr\/#website\",\"url\":\"https:\/\/www.pressenza.com\/fr\/\",\"name\":\"Pressenza\",\"description\":\"International Press Agency\",\"publisher\":{\"@id\":\"https:\/\/www.pressenza.com\/fr\/#organization\"},\"potentialAction\":[{\"@type\":\"SearchAction\",\"target\":{\"@type\":\"EntryPoint\",\"urlTemplate\":\"https:\/\/www.pressenza.com\/fr\/?s={search_term_string}\"},\"query-input\":{\"@type\":\"PropertyValueSpecification\",\"valueRequired\":true,\"valueName\":\"search_term_string\"}}],\"inLanguage\":\"fr-FR\"},{\"@type\":\"Organization\",\"@id\":\"https:\/\/www.pressenza.com\/fr\/#organization\",\"name\":\"Pressenza\",\"url\":\"https:\/\/www.pressenza.com\/fr\/\",\"logo\":{\"@type\":\"ImageObject\",\"inLanguage\":\"fr-FR\",\"@id\":\"https:\/\/www.pressenza.com\/fr\/#\/schema\/logo\/image\/\",\"url\":\"https:\/\/www.pressenza.com\/wp-content\/uploads\/2022\/10\/pressenza_logo_200x200.jpg\",\"contentUrl\":\"https:\/\/www.pressenza.com\/wp-content\/uploads\/2022\/10\/pressenza_logo_200x200.jpg\",\"width\":200,\"height\":200,\"caption\":\"Pressenza\"},\"image\":{\"@id\":\"https:\/\/www.pressenza.com\/fr\/#\/schema\/logo\/image\/\"},\"sameAs\":[\"https:\/\/www.facebook.com\/PressenzaItalia\",\"https:\/\/x.com\/PressenzaIPA\"]},{\"@type\":\"Person\",\"@id\":\"https:\/\/www.pressenza.com\/fr\/#\/schema\/person\/8bb53ec73ef39ceec36ca0128a0ccd41\",\"name\":\"P\u00eda Figueroa\",\"description\":\"Founder of Pressenza, life-long humanist, author of several monographs and books.\",\"sameAs\":[\"https:\/\/www.facebook.com\/pia.figueroa?ref=tn_tnmn\",\"https:\/\/x.com\/piafigueroa\"],\"url\":\"https:\/\/www.pressenza.com\/fr\/author\/pia-figueroa\/\"}]}<\/script>\n<!-- \/ Yoast SEO plugin. -->","yoast_head_json":{"title":"Les nouvelles formes de discrimination contre les Afro-Colombiens","description":"Par : Jos\u00e9 Eulicer Mosquera Renter\u00eda Plusieurs personnes ont \u00e9t\u00e9 \u00e9tonn\u00e9es par la d\u00e9claration du Pr\u00e9sident Juan Manuel Santos affirmant que si aucun afro","robots":{"index":"index","follow":"follow","max-snippet":"max-snippet:-1","max-image-preview":"max-image-preview:large","max-video-preview":"max-video-preview:-1"},"canonical":"https:\/\/www.pressenza.com\/fr\/2012\/10\/les-nouvelles-formes-de-discrimination-contre-les-afro-colombiens\/","og_locale":"fr_FR","og_type":"article","og_title":"Les nouvelles formes de discrimination contre les Afro-Colombiens","og_description":"Par : Jos\u00e9 Eulicer Mosquera Renter\u00eda Plusieurs personnes ont \u00e9t\u00e9 \u00e9tonn\u00e9es par la d\u00e9claration du Pr\u00e9sident Juan Manuel Santos affirmant que si aucun afro","og_url":"https:\/\/www.pressenza.com\/fr\/2012\/10\/les-nouvelles-formes-de-discrimination-contre-les-afro-colombiens\/","og_site_name":"Pressenza","article_publisher":"https:\/\/www.facebook.com\/PressenzaItalia","article_author":"https:\/\/www.facebook.com\/pia.figueroa?ref=tn_tnmn","article_published_time":"2012-10-29T21:47:23+00:00","article_modified_time":"2013-01-14T02:12:12+00:00","og_image":[{"width":800,"height":534,"url":"https:\/\/www.pressenza.com\/wp-content\/uploads\/2012\/10\/Afro_Colombianos_by_Alejandra_Quintero_Sinisterra.png","type":"image\/png"}],"author":"P\u00eda Figueroa","twitter_card":"summary_large_image","twitter_creator":"@piafigueroa","twitter_site":"@PressenzaIPA","twitter_misc":{"\u00c9crit par":"P\u00eda Figueroa","Dur\u00e9e de lecture estim\u00e9e":"11 minutes"},"schema":{"@context":"https:\/\/schema.org","@graph":[{"@type":"Article","@id":"https:\/\/www.pressenza.com\/fr\/2012\/10\/les-nouvelles-formes-de-discrimination-contre-les-afro-colombiens\/#article","isPartOf":{"@id":"https:\/\/www.pressenza.com\/fr\/2012\/10\/les-nouvelles-formes-de-discrimination-contre-les-afro-colombiens\/"},"author":{"name":"P\u00eda Figueroa","@id":"https:\/\/www.pressenza.com\/fr\/#\/schema\/person\/8bb53ec73ef39ceec36ca0128a0ccd41"},"headline":"Les nouvelles formes de discrimination contre les Afro-Colombiens","datePublished":"2012-10-29T21:47:23+00:00","dateModified":"2013-01-14T02:12:12+00:00","mainEntityOfPage":{"@id":"https:\/\/www.pressenza.com\/fr\/2012\/10\/les-nouvelles-formes-de-discrimination-contre-les-afro-colombiens\/"},"wordCount":2349,"publisher":{"@id":"https:\/\/www.pressenza.com\/fr\/#organization"},"image":{"@id":"https:\/\/www.pressenza.com\/fr\/2012\/10\/les-nouvelles-formes-de-discrimination-contre-les-afro-colombiens\/#primaryimage"},"thumbnailUrl":"https:\/\/www.pressenza.com\/wp-content\/uploads\/2012\/10\/Afro_Colombianos_by_Alejandra_Quintero_Sinisterra.png","keywords":["discrimination","violence"],"articleSection":["Am\u00e9rique du Sud","Droits humains","Opinion"],"inLanguage":"fr-FR"},{"@type":"WebPage","@id":"https:\/\/www.pressenza.com\/fr\/2012\/10\/les-nouvelles-formes-de-discrimination-contre-les-afro-colombiens\/","url":"https:\/\/www.pressenza.com\/fr\/2012\/10\/les-nouvelles-formes-de-discrimination-contre-les-afro-colombiens\/","name":"Les nouvelles formes de discrimination contre les Afro-Colombiens","isPartOf":{"@id":"https:\/\/www.pressenza.com\/fr\/#website"},"primaryImageOfPage":{"@id":"https:\/\/www.pressenza.com\/fr\/2012\/10\/les-nouvelles-formes-de-discrimination-contre-les-afro-colombiens\/#primaryimage"},"image":{"@id":"https:\/\/www.pressenza.com\/fr\/2012\/10\/les-nouvelles-formes-de-discrimination-contre-les-afro-colombiens\/#primaryimage"},"thumbnailUrl":"https:\/\/www.pressenza.com\/wp-content\/uploads\/2012\/10\/Afro_Colombianos_by_Alejandra_Quintero_Sinisterra.png","datePublished":"2012-10-29T21:47:23+00:00","dateModified":"2013-01-14T02:12:12+00:00","description":"Par : Jos\u00e9 Eulicer Mosquera Renter\u00eda Plusieurs personnes ont \u00e9t\u00e9 \u00e9tonn\u00e9es par la d\u00e9claration du Pr\u00e9sident Juan Manuel Santos affirmant que si aucun afro","breadcrumb":{"@id":"https:\/\/www.pressenza.com\/fr\/2012\/10\/les-nouvelles-formes-de-discrimination-contre-les-afro-colombiens\/#breadcrumb"},"inLanguage":"fr-FR","potentialAction":[{"@type":"ReadAction","target":["https:\/\/www.pressenza.com\/fr\/2012\/10\/les-nouvelles-formes-de-discrimination-contre-les-afro-colombiens\/"]}]},{"@type":"ImageObject","inLanguage":"fr-FR","@id":"https:\/\/www.pressenza.com\/fr\/2012\/10\/les-nouvelles-formes-de-discrimination-contre-les-afro-colombiens\/#primaryimage","url":"https:\/\/www.pressenza.com\/wp-content\/uploads\/2012\/10\/Afro_Colombianos_by_Alejandra_Quintero_Sinisterra.png","contentUrl":"https:\/\/www.pressenza.com\/wp-content\/uploads\/2012\/10\/Afro_Colombianos_by_Alejandra_Quintero_Sinisterra.png","width":"800","height":"534"},{"@type":"BreadcrumbList","@id":"https:\/\/www.pressenza.com\/fr\/2012\/10\/les-nouvelles-formes-de-discrimination-contre-les-afro-colombiens\/#breadcrumb","itemListElement":[{"@type":"ListItem","position":1,"name":"Accueil","item":"https:\/\/www.pressenza.com\/fr\/"},{"@type":"ListItem","position":2,"name":"Les nouvelles formes de discrimination contre les Afro-Colombiens"}]},{"@type":"WebSite","@id":"https:\/\/www.pressenza.com\/fr\/#website","url":"https:\/\/www.pressenza.com\/fr\/","name":"Pressenza","description":"International Press Agency","publisher":{"@id":"https:\/\/www.pressenza.com\/fr\/#organization"},"potentialAction":[{"@type":"SearchAction","target":{"@type":"EntryPoint","urlTemplate":"https:\/\/www.pressenza.com\/fr\/?s={search_term_string}"},"query-input":{"@type":"PropertyValueSpecification","valueRequired":true,"valueName":"search_term_string"}}],"inLanguage":"fr-FR"},{"@type":"Organization","@id":"https:\/\/www.pressenza.com\/fr\/#organization","name":"Pressenza","url":"https:\/\/www.pressenza.com\/fr\/","logo":{"@type":"ImageObject","inLanguage":"fr-FR","@id":"https:\/\/www.pressenza.com\/fr\/#\/schema\/logo\/image\/","url":"https:\/\/www.pressenza.com\/wp-content\/uploads\/2022\/10\/pressenza_logo_200x200.jpg","contentUrl":"https:\/\/www.pressenza.com\/wp-content\/uploads\/2022\/10\/pressenza_logo_200x200.jpg","width":200,"height":200,"caption":"Pressenza"},"image":{"@id":"https:\/\/www.pressenza.com\/fr\/#\/schema\/logo\/image\/"},"sameAs":["https:\/\/www.facebook.com\/PressenzaItalia","https:\/\/x.com\/PressenzaIPA"]},{"@type":"Person","@id":"https:\/\/www.pressenza.com\/fr\/#\/schema\/person\/8bb53ec73ef39ceec36ca0128a0ccd41","name":"P\u00eda Figueroa","description":"Founder of Pressenza, life-long humanist, author of several monographs and books.","sameAs":["https:\/\/www.facebook.com\/pia.figueroa?ref=tn_tnmn","https:\/\/x.com\/piafigueroa"],"url":"https:\/\/www.pressenza.com\/fr\/author\/pia-figueroa\/"}]}},"place":"","original_article_url":"","_links":{"self":[{"href":"https:\/\/www.pressenza.com\/fr\/wp-json\/wp\/v2\/posts\/22022","targetHints":{"allow":["GET"]}}],"collection":[{"href":"https:\/\/www.pressenza.com\/fr\/wp-json\/wp\/v2\/posts"}],"about":[{"href":"https:\/\/www.pressenza.com\/fr\/wp-json\/wp\/v2\/types\/post"}],"author":[{"embeddable":true,"href":"https:\/\/www.pressenza.com\/fr\/wp-json\/wp\/v2\/users\/22"}],"replies":[{"embeddable":true,"href":"https:\/\/www.pressenza.com\/fr\/wp-json\/wp\/v2\/comments?post=22022"}],"version-history":[{"count":0,"href":"https:\/\/www.pressenza.com\/fr\/wp-json\/wp\/v2\/posts\/22022\/revisions"}],"wp:featuredmedia":[{"embeddable":true,"href":"https:\/\/www.pressenza.com\/fr\/wp-json\/wp\/v2\/media\/22029"}],"wp:attachment":[{"href":"https:\/\/www.pressenza.com\/fr\/wp-json\/wp\/v2\/media?parent=22022"}],"wp:term":[{"taxonomy":"category","embeddable":true,"href":"https:\/\/www.pressenza.com\/fr\/wp-json\/wp\/v2\/categories?post=22022"},{"taxonomy":"post_tag","embeddable":true,"href":"https:\/\/www.pressenza.com\/fr\/wp-json\/wp\/v2\/tags?post=22022"}],"curies":[{"name":"wp","href":"https:\/\/api.w.org\/{rel}","templated":true}]}}