{"id":214367,"date":"2015-08-26T16:07:24","date_gmt":"2015-08-26T15:07:24","guid":{"rendered":"http:\/\/www.pressenza.com\/fr\/?p=214367"},"modified":"2015-08-27T02:30:02","modified_gmt":"2015-08-27T01:30:02","slug":"economie-pour-la-france-et-la-zone-euro-cette-crise-peut-etre-plus-grave-que-celle-de-2008","status":"publish","type":"post","link":"https:\/\/www.pressenza.com\/fr\/2015\/08\/economie-pour-la-france-et-la-zone-euro-cette-crise-peut-etre-plus-grave-que-celle-de-2008\/","title":{"rendered":"Economie, pour la France et la zone euro, cette crise peut \u00eatre plus grave que celle de 2008"},"content":{"rendered":"<p><strong>Ce lundi 24 ao\u00fbt a souffl\u00e9 un vent de panique sur l&rsquo;\u00e9conomie mondiale. Shanghai a ouvert le bal en d\u00e9vissant de 8,5%, entra\u00eenant les autres bourses avec elle. Pour l&rsquo;\u00e9conomiste Marc Touati, la zone euro pourrait payer au prix fort ce \u00abblack monday\u00bb<\/strong>.<\/p>\n<p><strong>RT France : Comment expliquer ce krach boursier ?<\/strong><\/p>\n<p><strong>Marc Touati (M.T.) :<\/strong>\u00a0Cette crise ne rel\u00e8ve pas tant de l&rsquo;\u00e9conomie ou de la finance que de la science physique. Les arbres ne montent pas jusqu&rsquo;au ciel, c&rsquo;est aussi simple que cela. J&rsquo;ai \u00e9t\u00e9 l&rsquo;un des premiers \u00e0 la pr\u00e9voir en observant simplement que l&rsquo;augmentation des march\u00e9s boursiers depuis 6 mois \u00e9tait trop importante par rapport \u00e0 la r\u00e9alit\u00e9 \u00e9conomique mondiale. Or, la bourse doit refl\u00e9ter cette r\u00e9alit\u00e9 \u00e9conomique. Si la bourse augmente trop par rapport \u00e0 celle-ci et par rapport \u00e0 la croissance mondiale, il se cr\u00e9e alors une bulle. Toute bulle appelle \u00e0 un d\u00e9gonflement. C&rsquo;est ce qui est en train de se produire aujourd&rsquo;hui. C&rsquo;est un d\u00e9gonflement logique apr\u00e8s un exc\u00e8s qu&rsquo;on a pu voir en fin d&rsquo;ann\u00e9e 2014 et dans la premi\u00e8re partie de l&rsquo;ann\u00e9e 2015. Cette crise est donc une correction logique des march\u00e9s et une remise \u00e0 plat.<\/p>\n<p><a href=\"http:\/\/francais.rt.com\/international\/5952-bourse-chine-forte-baisse\">En savoir plus:\u00a0La sant\u00e9 des march\u00e9s asiatiques, au lendemain du lundi noir (EN DIRECT)<\/a><\/p>\n<p><strong>RT France :\u00a0Pourquoi ce ralentissement de l&rsquo;\u00e9conomie chinoise ?<\/strong><\/p>\n<p><strong>M.T. :\u00a0<\/strong>Il est \u00e9galement logique. Cette \u00e9conomie chinoise cro\u00eet \u00e0 un rythme soutenu depuis plus de 20 ans. Ce ralentissement correspond \u00e0 une sorte de maturit\u00e9 de la croissance chinoise. Le probl\u00e8me est que le pays, pour \u00e9viter que ce ralentissement soit trop fort, est entr\u00e9 dans ce qu&rsquo;on appelle une guerre des monnaies. Il a ainsi d\u00e9valu\u00e9 sa devise. D\u00e8s lors, les Am\u00e9ricains ont fait de m\u00eame. Mais les dindons de la farce sont les Europ\u00e9ens qui ne l&rsquo;ont pas fait, ce qui explique la remont\u00e9e r\u00e9cente de l&rsquo;euro. Cela est tr\u00e8s dangereux parce que notre croissance est d\u00e9j\u00e0 tr\u00e8s fragile. Si l&rsquo;euro repart \u00e0 la hausse, cela va casser \u00e9videmment le peu de croissance de la zone euro. Cette zone sera donc l&rsquo;une des grandes perdantes de cette crise. De m\u00eame, les Chinois ont de quoi r\u00e9agir et amortir les cons\u00e9quences de cette crise : ils peuvent d\u00e9valuer, baisser les taux d&rsquo;int\u00e9r\u00eat, faire de la relance budg\u00e9taire. Ils ont en outre plus de 4 000 milliards de r\u00e9serves de change, ce qui est tout simplement \u00e9norme. Or, dans la zone euro, nous ne disposons pas de toutes ces armes. En cas de nouvelle crise, l&rsquo;Europe conna\u00eetra alors un vrai drame, pas seulement financier, mais \u00e9conomique et social. C&rsquo;est l\u00e0 qu&rsquo;est tout le probl\u00e8me.<\/p>\n<blockquote><p>En cas de nouvelle crise, l&rsquo;Europe conna\u00eetra alors un vrai drame, pas seulement financier, mais \u00e9conomique et social.<\/p><\/blockquote>\n<p><strong>RT France :\u00a0Pourquoi l&rsquo;Europe ne dispose-t-elle pas de ces m\u00eames armes ?<\/strong><\/p>\n<p><strong>M.T. :\u00a0<\/strong>Disons que si elle en dispose, elle ne sait pas les utiliser ou elle les utilise mal. Par exemple, on a d\u00e9j\u00e0 baiss\u00e9 les taux d&rsquo;int\u00e9r\u00eat qui sont \u00e0 0% mais cela n&rsquo;a pas eu beaucoup d&rsquo;effet sur l&rsquo;\u00e9conomie. On a fait une relance budg\u00e9taire tr\u00e8s forte qui n&rsquo;a pas eu d&rsquo;effet non plus, \u00e0 part en Allemagne. Tout le probl\u00e8me, c&rsquo;est que malheureusement les structures de la zone euro, et particuli\u00e8rement de la France, ne sont pas suffisamment solides pour pouvoir affronter les crises. Ce n&rsquo;est donc pas seulement un probl\u00e8me conjoncturel mais c&rsquo;est surtout un probl\u00e8me structurel. C&rsquo;est l\u00e0 le drame. J&rsquo;avais annonc\u00e9 cette crise car j&rsquo;avais identifi\u00e9 un cycle de sept ans. Depuis 1973, tous les sept ans, il y a une crise \u00e9conomique. Logiquement, dans ce laps de temps, on a le temps de retrouver le chemin de la croissance et de retrouver du champ dans ses manoeuvres budg\u00e9taires. Mais l\u00e0, on n&rsquo;a pas eu le temps de le faire. Cela signifie qu&rsquo;on est plus en danger qu&rsquo;en 2008, car on avait alors des marges de manoeuvre, on a pu faire des relances budg\u00e9taires. Tout cela, on ne l&rsquo;a pas aujourd&rsquo;hui et on est donc un peu bloqu\u00e9. De plus, on n&rsquo;arrive pas \u00e0 manoeuvrer l&rsquo;euro, ce qui fait peser un danger sur l&rsquo;activit\u00e9 dans la zone de la monnaie. La France, qui est une des lanternes rouges de la zone euro, est encore plus sensible \u00e0 cela.<\/p>\n<p><strong>RT France :\u00a0Que doivent faire la zone euro, et la France en particulier, pour \u00e9viter d&rsquo;\u00eatre aussi sensibles \u00e0 ces crises mondiales ?<\/strong><\/p>\n<p><strong>M.T. :\u00a0<\/strong>Ce n&rsquo;est pas compliqu\u00e9, elles doivent faire des r\u00e9formes. La France en particulier doit moderniser son \u00e9conomie. On peut critiquer l&rsquo;Allemagne mais aujourd&rsquo;hui la seule \u00e9conomie qui a les moyens de r\u00e9sister \u00e0 cette crise est pr\u00e9cis\u00e9ment l&rsquo;\u00e9conomie allemande. Pourquoi ? Tout simplement parce que l&rsquo;Allemagne a su constituer un exc\u00e9dent public. Elle peut donc proc\u00e9der \u00e0 une relance budg\u00e9taire. Alors que la France est en d\u00e9ficit budg\u00e9taire \u00e0 hauteur de 4,5% de son PIB, donc sans marge de manoeuvre budg\u00e9taire. C&rsquo;est l\u00e0 le drame ; d&rsquo;autres pays de la zone euro souffrent mais ils tentent de r\u00e9agir. Mais comme la France a une \u00e9conomie trop rigide, trop archa\u00efque, qui ne s&rsquo;est pas modernis\u00e9e, nous sommes \u00e9videmment plus fragiles par rapport \u00e0 ces temp\u00eates mondiales.<\/p>\n<p><strong>RT France :\u00a0Est-ce que cette crise ne marque pas une simple normalisation de l&rsquo;\u00e9conomie chinoise, une fin du miracle chinois ?<\/strong><\/p>\n<p><strong>M.T. :\u00a0<\/strong>Tout \u00e0 fait. Depuis 1980, le PIB chinois a augment\u00e9 de plus de 2500%, hors inflation. C&rsquo;est \u00e9norme. Aucun pays dans le monde n&rsquo;a connu cela. Une telle croissance, de fa\u00e7on logique, appelle un apaisement. On revient \u00e0 la normale, m\u00eame si la Chine aura toujours 6% de croissance. Pour eux, ce n&rsquo;est pas dramatique. Mais \u00e7a l&rsquo;est pour les autres \u00e9conomies qui s&rsquo;\u00e9taient habitu\u00e9es \u00e0 une croissance chinoise tr\u00e8s forte.<\/p>\n<p><strong>RT France :\u00a0Donc, pour r\u00e9sumer cette crise, l&rsquo;\u00e9conomie chinoise, \u00a0locomotive de la croissance mondiale ralentit, ce qui a des cons\u00e9quences pour tout le monde ?<\/strong><\/p>\n<p><strong>M.T. :\u00a0<\/strong>Exactement. Depuis dix ans environ, chaque ann\u00e9e, la croissance chinoise g\u00e9n\u00e8re entre\u00a0un tiers et\u00a0la moiti\u00e9 de la croissance mondiale. L&rsquo;an pass\u00e9, sur une croissance mondiale de 3,3%, il y avait 1,1 point qui venait de la Chine seule. L&rsquo;Empire du Milieu\u00a0est la premi\u00e8re locomotive de la croissance mondiale et elle est tout simplement en train de ralentir. Si cette locomotive ralentit, le monde entier ralentit.\u00a0Cela signifie moins de profits pour les entreprises c\u00f4t\u00e9es en bourse, d&rsquo;o\u00f9 la baisse de ces march\u00e9s.<\/p>\n<blockquote><p>La Chine est la locomotive premi\u00e8re de la croissance mondiale et elle est tout simplement en train de ralentir. Si cette locomotive ralentit, le monde entier ralentit.<\/p><\/blockquote>\n<p><strong>RT France :\u00a0Mais la baisse du prix du p\u00e9trole et des mati\u00e8res premi\u00e8res ne peut pas aider \u00e0 r\u00e9sorber ou \u00e0 att\u00e9nuer les effets de cette crise ?<\/strong><\/p>\n<p><strong>M.T. :\u00a0<\/strong>Effectivement, cela a d\u00e9j\u00e0 beaucoup aid\u00e9. S&rsquo;il n&rsquo;y avait pas eu cela, on aurait eu une croissance beaucoup plus faible . Le seul probl\u00e8me, c&rsquo;est que c&rsquo;est une condition n\u00e9cessaire mais pas suffisante. Cet effet de la baisse du prix des mati\u00e8res premi\u00e8res peut \u00eatre att\u00e9nu\u00e9 par une augmentation trop forte de l&rsquo;euro, surtout avec une croissance mondiale qui ralentit. D\u00e9j\u00e0, quand on avait au plan mondial une croissance de plus de 3,5% depuis une dizaine d&rsquo;ann\u00e9es, la France avait seulement 0,5% de croissance. Evidemment si la croissance mondiale ralentit, la croissance fran\u00e7aise va aussi ralentir. Nous ne sommes donc pas arm\u00e9s pour affronter cette crise. Quant \u00e0 la baisse du prix du baril, cela ne sera pas suffisant.<\/p>\n<p class=\"text__opinions-note\">Les opinions, assertions et points de vue exprim\u00e9s dans cette section sont le fait de leur auteur et ne peuvent en aucun cas \u00eatre imput\u00e9s \u00e0 RT.<\/p>\n","protected":false},"excerpt":{"rendered":"<p>Ce lundi 24 ao\u00fbt a souffl\u00e9 un vent de panique sur l&rsquo;\u00e9conomie mondiale. Shanghai a ouvert le bal en d\u00e9vissant de 8,5%, entra\u00eenant les autres bourses avec elle. Pour l&rsquo;\u00e9conomiste Marc Touati, la zone euro pourrait payer au prix fort&hellip;<\/p>\n","protected":false},"author":1181,"featured_media":214368,"comment_status":"closed","ping_status":"open","sticky":false,"template":"","format":"standard","meta":{"footnotes":""},"categories":[100,85],"tags":[4305,258,259,3929,19370],"class_list":["post-214367","post","type-post","status-publish","format-standard","has-post-thumbnail","hentry","category-economie","category-europe-fr","tag-chine","tag-crise","tag-economie-2","tag-euro-fr","tag-financier"],"yoast_head":"<!-- This site is optimized with the Yoast SEO plugin v27.1.1 - https:\/\/yoast.com\/product\/yoast-seo-wordpress\/ -->\n<title>Economie, pour la France et la zone euro, cette crise peut \u00eatre plus grave que celle de 2008<\/title>\n<meta name=\"description\" content=\"Ce lundi 24 ao\u00fbt a souffl\u00e9 un vent de panique sur l&#039;\u00e9conomie mondiale. Shanghai a ouvert le bal en d\u00e9vissant de 8,5%, entra\u00eenant les autres bourses avec\" \/>\n<meta name=\"robots\" content=\"index, follow, max-snippet:-1, max-image-preview:large, max-video-preview:-1\" \/>\n<link rel=\"canonical\" href=\"https:\/\/www.pressenza.com\/fr\/2015\/08\/economie-pour-la-france-et-la-zone-euro-cette-crise-peut-etre-plus-grave-que-celle-de-2008\/\" \/>\n<meta property=\"og:locale\" content=\"fr_FR\" \/>\n<meta property=\"og:type\" content=\"article\" \/>\n<meta property=\"og:title\" content=\"Economie, pour la France et la zone euro, cette crise peut \u00eatre plus grave que celle de 2008\" \/>\n<meta property=\"og:description\" content=\"Ce lundi 24 ao\u00fbt a souffl\u00e9 un vent de panique sur l&#039;\u00e9conomie mondiale. Shanghai a ouvert le bal en d\u00e9vissant de 8,5%, entra\u00eenant les autres bourses avec\" \/>\n<meta property=\"og:url\" content=\"https:\/\/www.pressenza.com\/fr\/2015\/08\/economie-pour-la-france-et-la-zone-euro-cette-crise-peut-etre-plus-grave-que-celle-de-2008\/\" \/>\n<meta property=\"og:site_name\" content=\"Pressenza\" \/>\n<meta property=\"article:publisher\" content=\"https:\/\/www.facebook.com\/PressenzaItalia\" \/>\n<meta property=\"article:author\" content=\"https:\/\/www.facebook.com\/RTnews\" \/>\n<meta property=\"article:published_time\" content=\"2015-08-26T15:07:24+00:00\" \/>\n<meta property=\"article:modified_time\" content=\"2015-08-27T01:30:02+00:00\" \/>\n<meta property=\"og:image\" content=\"https:\/\/www.pressenza.com\/wp-content\/uploads\/2015\/08\/55dc4b78c4618888128b459e.png\" \/>\n\t<meta property=\"og:image:width\" content=\"790\" \/>\n\t<meta property=\"og:image:height\" content=\"444\" \/>\n\t<meta property=\"og:image:type\" content=\"image\/png\" \/>\n<meta name=\"author\" content=\"RT\" \/>\n<meta name=\"twitter:card\" content=\"summary_large_image\" \/>\n<meta name=\"twitter:creator\" content=\"@RT_com\" \/>\n<meta name=\"twitter:site\" content=\"@PressenzaIPA\" \/>\n<meta name=\"twitter:label1\" content=\"\u00c9crit par\" \/>\n\t<meta name=\"twitter:data1\" content=\"RT\" \/>\n\t<meta name=\"twitter:label2\" content=\"Dur\u00e9e de lecture estim\u00e9e\" \/>\n\t<meta name=\"twitter:data2\" content=\"7 minutes\" \/>\n<script type=\"application\/ld+json\" class=\"yoast-schema-graph\">{\"@context\":\"https:\/\/schema.org\",\"@graph\":[{\"@type\":\"Article\",\"@id\":\"https:\/\/www.pressenza.com\/fr\/2015\/08\/economie-pour-la-france-et-la-zone-euro-cette-crise-peut-etre-plus-grave-que-celle-de-2008\/#article\",\"isPartOf\":{\"@id\":\"https:\/\/www.pressenza.com\/fr\/2015\/08\/economie-pour-la-france-et-la-zone-euro-cette-crise-peut-etre-plus-grave-que-celle-de-2008\/\"},\"author\":{\"name\":\"RT\",\"@id\":\"https:\/\/www.pressenza.com\/fr\/#\/schema\/person\/a9bc3bac2cc72cc81fc57959c714a38e\"},\"headline\":\"Economie, pour la France et la zone euro, cette crise peut \u00eatre plus grave que celle de 2008\",\"datePublished\":\"2015-08-26T15:07:24+00:00\",\"dateModified\":\"2015-08-27T01:30:02+00:00\",\"mainEntityOfPage\":{\"@id\":\"https:\/\/www.pressenza.com\/fr\/2015\/08\/economie-pour-la-france-et-la-zone-euro-cette-crise-peut-etre-plus-grave-que-celle-de-2008\/\"},\"wordCount\":1401,\"publisher\":{\"@id\":\"https:\/\/www.pressenza.com\/fr\/#organization\"},\"image\":{\"@id\":\"https:\/\/www.pressenza.com\/fr\/2015\/08\/economie-pour-la-france-et-la-zone-euro-cette-crise-peut-etre-plus-grave-que-celle-de-2008\/#primaryimage\"},\"thumbnailUrl\":\"https:\/\/www.pressenza.com\/wp-content\/uploads\/2015\/08\/55dc4b78c4618888128b459e.png\",\"keywords\":[\"Chine\",\"crise\",\"\u00e9conomie\",\"Euro\",\"financier\"],\"articleSection\":[\"Economie\",\"Europe\"],\"inLanguage\":\"fr-FR\"},{\"@type\":\"WebPage\",\"@id\":\"https:\/\/www.pressenza.com\/fr\/2015\/08\/economie-pour-la-france-et-la-zone-euro-cette-crise-peut-etre-plus-grave-que-celle-de-2008\/\",\"url\":\"https:\/\/www.pressenza.com\/fr\/2015\/08\/economie-pour-la-france-et-la-zone-euro-cette-crise-peut-etre-plus-grave-que-celle-de-2008\/\",\"name\":\"Economie, pour la France et la zone euro, cette crise peut \u00eatre plus grave que celle de 2008\",\"isPartOf\":{\"@id\":\"https:\/\/www.pressenza.com\/fr\/#website\"},\"primaryImageOfPage\":{\"@id\":\"https:\/\/www.pressenza.com\/fr\/2015\/08\/economie-pour-la-france-et-la-zone-euro-cette-crise-peut-etre-plus-grave-que-celle-de-2008\/#primaryimage\"},\"image\":{\"@id\":\"https:\/\/www.pressenza.com\/fr\/2015\/08\/economie-pour-la-france-et-la-zone-euro-cette-crise-peut-etre-plus-grave-que-celle-de-2008\/#primaryimage\"},\"thumbnailUrl\":\"https:\/\/www.pressenza.com\/wp-content\/uploads\/2015\/08\/55dc4b78c4618888128b459e.png\",\"datePublished\":\"2015-08-26T15:07:24+00:00\",\"dateModified\":\"2015-08-27T01:30:02+00:00\",\"description\":\"Ce lundi 24 ao\u00fbt a souffl\u00e9 un vent de panique sur l'\u00e9conomie mondiale. Shanghai a ouvert le bal en d\u00e9vissant de 8,5%, entra\u00eenant les autres bourses avec\",\"breadcrumb\":{\"@id\":\"https:\/\/www.pressenza.com\/fr\/2015\/08\/economie-pour-la-france-et-la-zone-euro-cette-crise-peut-etre-plus-grave-que-celle-de-2008\/#breadcrumb\"},\"inLanguage\":\"fr-FR\",\"potentialAction\":[{\"@type\":\"ReadAction\",\"target\":[\"https:\/\/www.pressenza.com\/fr\/2015\/08\/economie-pour-la-france-et-la-zone-euro-cette-crise-peut-etre-plus-grave-que-celle-de-2008\/\"]}]},{\"@type\":\"ImageObject\",\"inLanguage\":\"fr-FR\",\"@id\":\"https:\/\/www.pressenza.com\/fr\/2015\/08\/economie-pour-la-france-et-la-zone-euro-cette-crise-peut-etre-plus-grave-que-celle-de-2008\/#primaryimage\",\"url\":\"https:\/\/www.pressenza.com\/wp-content\/uploads\/2015\/08\/55dc4b78c4618888128b459e.png\",\"contentUrl\":\"https:\/\/www.pressenza.com\/wp-content\/uploads\/2015\/08\/55dc4b78c4618888128b459e.png\",\"width\":790,\"height\":444},{\"@type\":\"BreadcrumbList\",\"@id\":\"https:\/\/www.pressenza.com\/fr\/2015\/08\/economie-pour-la-france-et-la-zone-euro-cette-crise-peut-etre-plus-grave-que-celle-de-2008\/#breadcrumb\",\"itemListElement\":[{\"@type\":\"ListItem\",\"position\":1,\"name\":\"Accueil\",\"item\":\"https:\/\/www.pressenza.com\/fr\/\"},{\"@type\":\"ListItem\",\"position\":2,\"name\":\"Economie, pour la France et la zone euro, cette crise peut \u00eatre plus grave que celle de 2008\"}]},{\"@type\":\"WebSite\",\"@id\":\"https:\/\/www.pressenza.com\/fr\/#website\",\"url\":\"https:\/\/www.pressenza.com\/fr\/\",\"name\":\"Pressenza\",\"description\":\"International Press Agency\",\"publisher\":{\"@id\":\"https:\/\/www.pressenza.com\/fr\/#organization\"},\"potentialAction\":[{\"@type\":\"SearchAction\",\"target\":{\"@type\":\"EntryPoint\",\"urlTemplate\":\"https:\/\/www.pressenza.com\/fr\/?s={search_term_string}\"},\"query-input\":{\"@type\":\"PropertyValueSpecification\",\"valueRequired\":true,\"valueName\":\"search_term_string\"}}],\"inLanguage\":\"fr-FR\"},{\"@type\":\"Organization\",\"@id\":\"https:\/\/www.pressenza.com\/fr\/#organization\",\"name\":\"Pressenza\",\"url\":\"https:\/\/www.pressenza.com\/fr\/\",\"logo\":{\"@type\":\"ImageObject\",\"inLanguage\":\"fr-FR\",\"@id\":\"https:\/\/www.pressenza.com\/fr\/#\/schema\/logo\/image\/\",\"url\":\"https:\/\/www.pressenza.com\/wp-content\/uploads\/2022\/10\/pressenza_logo_200x200.jpg\",\"contentUrl\":\"https:\/\/www.pressenza.com\/wp-content\/uploads\/2022\/10\/pressenza_logo_200x200.jpg\",\"width\":200,\"height\":200,\"caption\":\"Pressenza\"},\"image\":{\"@id\":\"https:\/\/www.pressenza.com\/fr\/#\/schema\/logo\/image\/\"},\"sameAs\":[\"https:\/\/www.facebook.com\/PressenzaItalia\",\"https:\/\/x.com\/PressenzaIPA\"]},{\"@type\":\"Person\",\"@id\":\"https:\/\/www.pressenza.com\/fr\/#\/schema\/person\/a9bc3bac2cc72cc81fc57959c714a38e\",\"name\":\"RT\",\"description\":\"With its first channel launched in December 2005, the RT network now consists of three global news channels broadcasting in English, Spanish and Arabic, RT America broadcasting from a Washington, DC studio, RT UK airing from London, and a documentary channel RTDoc \u2013 in English and Russian. Today RT has a global reach of over 700 million people in 100+ countries. Articles and photographs by RT on Pressenza do not fall under the Creative Commons license are are not reproducible in any way. RT news covers the major issues of our time for viewers wishing to question more and delivers stories often missed by the mainstream media to create news with an edge. RT provides an alternative perspective on major global events, and acquaints an international audience with the Russian viewpoint. rt.com\",\"sameAs\":[\"http:\/\/www.rt.com\",\"https:\/\/www.facebook.com\/RTnews\",\"https:\/\/x.com\/RT_com\"],\"url\":\"https:\/\/www.pressenza.com\/fr\/author\/russia-today\/\"}]}<\/script>\n<!-- \/ Yoast SEO plugin. -->","yoast_head_json":{"title":"Economie, pour la France et la zone euro, cette crise peut \u00eatre plus grave que celle de 2008","description":"Ce lundi 24 ao\u00fbt a souffl\u00e9 un vent de panique sur l'\u00e9conomie mondiale. Shanghai a ouvert le bal en d\u00e9vissant de 8,5%, entra\u00eenant les autres bourses avec","robots":{"index":"index","follow":"follow","max-snippet":"max-snippet:-1","max-image-preview":"max-image-preview:large","max-video-preview":"max-video-preview:-1"},"canonical":"https:\/\/www.pressenza.com\/fr\/2015\/08\/economie-pour-la-france-et-la-zone-euro-cette-crise-peut-etre-plus-grave-que-celle-de-2008\/","og_locale":"fr_FR","og_type":"article","og_title":"Economie, pour la France et la zone euro, cette crise peut \u00eatre plus grave que celle de 2008","og_description":"Ce lundi 24 ao\u00fbt a souffl\u00e9 un vent de panique sur l'\u00e9conomie mondiale. Shanghai a ouvert le bal en d\u00e9vissant de 8,5%, entra\u00eenant les autres bourses avec","og_url":"https:\/\/www.pressenza.com\/fr\/2015\/08\/economie-pour-la-france-et-la-zone-euro-cette-crise-peut-etre-plus-grave-que-celle-de-2008\/","og_site_name":"Pressenza","article_publisher":"https:\/\/www.facebook.com\/PressenzaItalia","article_author":"https:\/\/www.facebook.com\/RTnews","article_published_time":"2015-08-26T15:07:24+00:00","article_modified_time":"2015-08-27T01:30:02+00:00","og_image":[{"width":790,"height":444,"url":"https:\/\/www.pressenza.com\/wp-content\/uploads\/2015\/08\/55dc4b78c4618888128b459e.png","type":"image\/png"}],"author":"RT","twitter_card":"summary_large_image","twitter_creator":"@RT_com","twitter_site":"@PressenzaIPA","twitter_misc":{"\u00c9crit par":"RT","Dur\u00e9e de lecture estim\u00e9e":"7 minutes"},"schema":{"@context":"https:\/\/schema.org","@graph":[{"@type":"Article","@id":"https:\/\/www.pressenza.com\/fr\/2015\/08\/economie-pour-la-france-et-la-zone-euro-cette-crise-peut-etre-plus-grave-que-celle-de-2008\/#article","isPartOf":{"@id":"https:\/\/www.pressenza.com\/fr\/2015\/08\/economie-pour-la-france-et-la-zone-euro-cette-crise-peut-etre-plus-grave-que-celle-de-2008\/"},"author":{"name":"RT","@id":"https:\/\/www.pressenza.com\/fr\/#\/schema\/person\/a9bc3bac2cc72cc81fc57959c714a38e"},"headline":"Economie, pour la France et la zone euro, cette crise peut \u00eatre plus grave que celle de 2008","datePublished":"2015-08-26T15:07:24+00:00","dateModified":"2015-08-27T01:30:02+00:00","mainEntityOfPage":{"@id":"https:\/\/www.pressenza.com\/fr\/2015\/08\/economie-pour-la-france-et-la-zone-euro-cette-crise-peut-etre-plus-grave-que-celle-de-2008\/"},"wordCount":1401,"publisher":{"@id":"https:\/\/www.pressenza.com\/fr\/#organization"},"image":{"@id":"https:\/\/www.pressenza.com\/fr\/2015\/08\/economie-pour-la-france-et-la-zone-euro-cette-crise-peut-etre-plus-grave-que-celle-de-2008\/#primaryimage"},"thumbnailUrl":"https:\/\/www.pressenza.com\/wp-content\/uploads\/2015\/08\/55dc4b78c4618888128b459e.png","keywords":["Chine","crise","\u00e9conomie","Euro","financier"],"articleSection":["Economie","Europe"],"inLanguage":"fr-FR"},{"@type":"WebPage","@id":"https:\/\/www.pressenza.com\/fr\/2015\/08\/economie-pour-la-france-et-la-zone-euro-cette-crise-peut-etre-plus-grave-que-celle-de-2008\/","url":"https:\/\/www.pressenza.com\/fr\/2015\/08\/economie-pour-la-france-et-la-zone-euro-cette-crise-peut-etre-plus-grave-que-celle-de-2008\/","name":"Economie, pour la France et la zone euro, cette crise peut \u00eatre plus grave que celle de 2008","isPartOf":{"@id":"https:\/\/www.pressenza.com\/fr\/#website"},"primaryImageOfPage":{"@id":"https:\/\/www.pressenza.com\/fr\/2015\/08\/economie-pour-la-france-et-la-zone-euro-cette-crise-peut-etre-plus-grave-que-celle-de-2008\/#primaryimage"},"image":{"@id":"https:\/\/www.pressenza.com\/fr\/2015\/08\/economie-pour-la-france-et-la-zone-euro-cette-crise-peut-etre-plus-grave-que-celle-de-2008\/#primaryimage"},"thumbnailUrl":"https:\/\/www.pressenza.com\/wp-content\/uploads\/2015\/08\/55dc4b78c4618888128b459e.png","datePublished":"2015-08-26T15:07:24+00:00","dateModified":"2015-08-27T01:30:02+00:00","description":"Ce lundi 24 ao\u00fbt a souffl\u00e9 un vent de panique sur l'\u00e9conomie mondiale. Shanghai a ouvert le bal en d\u00e9vissant de 8,5%, entra\u00eenant les autres bourses avec","breadcrumb":{"@id":"https:\/\/www.pressenza.com\/fr\/2015\/08\/economie-pour-la-france-et-la-zone-euro-cette-crise-peut-etre-plus-grave-que-celle-de-2008\/#breadcrumb"},"inLanguage":"fr-FR","potentialAction":[{"@type":"ReadAction","target":["https:\/\/www.pressenza.com\/fr\/2015\/08\/economie-pour-la-france-et-la-zone-euro-cette-crise-peut-etre-plus-grave-que-celle-de-2008\/"]}]},{"@type":"ImageObject","inLanguage":"fr-FR","@id":"https:\/\/www.pressenza.com\/fr\/2015\/08\/economie-pour-la-france-et-la-zone-euro-cette-crise-peut-etre-plus-grave-que-celle-de-2008\/#primaryimage","url":"https:\/\/www.pressenza.com\/wp-content\/uploads\/2015\/08\/55dc4b78c4618888128b459e.png","contentUrl":"https:\/\/www.pressenza.com\/wp-content\/uploads\/2015\/08\/55dc4b78c4618888128b459e.png","width":790,"height":444},{"@type":"BreadcrumbList","@id":"https:\/\/www.pressenza.com\/fr\/2015\/08\/economie-pour-la-france-et-la-zone-euro-cette-crise-peut-etre-plus-grave-que-celle-de-2008\/#breadcrumb","itemListElement":[{"@type":"ListItem","position":1,"name":"Accueil","item":"https:\/\/www.pressenza.com\/fr\/"},{"@type":"ListItem","position":2,"name":"Economie, pour la France et la zone euro, cette crise peut \u00eatre plus grave que celle de 2008"}]},{"@type":"WebSite","@id":"https:\/\/www.pressenza.com\/fr\/#website","url":"https:\/\/www.pressenza.com\/fr\/","name":"Pressenza","description":"International Press Agency","publisher":{"@id":"https:\/\/www.pressenza.com\/fr\/#organization"},"potentialAction":[{"@type":"SearchAction","target":{"@type":"EntryPoint","urlTemplate":"https:\/\/www.pressenza.com\/fr\/?s={search_term_string}"},"query-input":{"@type":"PropertyValueSpecification","valueRequired":true,"valueName":"search_term_string"}}],"inLanguage":"fr-FR"},{"@type":"Organization","@id":"https:\/\/www.pressenza.com\/fr\/#organization","name":"Pressenza","url":"https:\/\/www.pressenza.com\/fr\/","logo":{"@type":"ImageObject","inLanguage":"fr-FR","@id":"https:\/\/www.pressenza.com\/fr\/#\/schema\/logo\/image\/","url":"https:\/\/www.pressenza.com\/wp-content\/uploads\/2022\/10\/pressenza_logo_200x200.jpg","contentUrl":"https:\/\/www.pressenza.com\/wp-content\/uploads\/2022\/10\/pressenza_logo_200x200.jpg","width":200,"height":200,"caption":"Pressenza"},"image":{"@id":"https:\/\/www.pressenza.com\/fr\/#\/schema\/logo\/image\/"},"sameAs":["https:\/\/www.facebook.com\/PressenzaItalia","https:\/\/x.com\/PressenzaIPA"]},{"@type":"Person","@id":"https:\/\/www.pressenza.com\/fr\/#\/schema\/person\/a9bc3bac2cc72cc81fc57959c714a38e","name":"RT","description":"With its first channel launched in December 2005, the RT network now consists of three global news channels broadcasting in English, Spanish and Arabic, RT America broadcasting from a Washington, DC studio, RT UK airing from London, and a documentary channel RTDoc \u2013 in English and Russian. Today RT has a global reach of over 700 million people in 100+ countries. Articles and photographs by RT on Pressenza do not fall under the Creative Commons license are are not reproducible in any way. RT news covers the major issues of our time for viewers wishing to question more and delivers stories often missed by the mainstream media to create news with an edge. RT provides an alternative perspective on major global events, and acquaints an international audience with the Russian viewpoint. rt.com","sameAs":["http:\/\/www.rt.com","https:\/\/www.facebook.com\/RTnews","https:\/\/x.com\/RT_com"],"url":"https:\/\/www.pressenza.com\/fr\/author\/russia-today\/"}]}},"place":"","original_article_url":"http:\/\/francais.rt.com\/opinions\/6011-economie-crise-touati-chine","_links":{"self":[{"href":"https:\/\/www.pressenza.com\/fr\/wp-json\/wp\/v2\/posts\/214367","targetHints":{"allow":["GET"]}}],"collection":[{"href":"https:\/\/www.pressenza.com\/fr\/wp-json\/wp\/v2\/posts"}],"about":[{"href":"https:\/\/www.pressenza.com\/fr\/wp-json\/wp\/v2\/types\/post"}],"author":[{"embeddable":true,"href":"https:\/\/www.pressenza.com\/fr\/wp-json\/wp\/v2\/users\/1181"}],"replies":[{"embeddable":true,"href":"https:\/\/www.pressenza.com\/fr\/wp-json\/wp\/v2\/comments?post=214367"}],"version-history":[{"count":0,"href":"https:\/\/www.pressenza.com\/fr\/wp-json\/wp\/v2\/posts\/214367\/revisions"}],"wp:featuredmedia":[{"embeddable":true,"href":"https:\/\/www.pressenza.com\/fr\/wp-json\/wp\/v2\/media\/214368"}],"wp:attachment":[{"href":"https:\/\/www.pressenza.com\/fr\/wp-json\/wp\/v2\/media?parent=214367"}],"wp:term":[{"taxonomy":"category","embeddable":true,"href":"https:\/\/www.pressenza.com\/fr\/wp-json\/wp\/v2\/categories?post=214367"},{"taxonomy":"post_tag","embeddable":true,"href":"https:\/\/www.pressenza.com\/fr\/wp-json\/wp\/v2\/tags?post=214367"}],"curies":[{"name":"wp","href":"https:\/\/api.w.org\/{rel}","templated":true}]}}